{"id":26753,"date":"2019-02-20T08:36:07","date_gmt":"2019-02-20T07:36:07","guid":{"rendered":"https:\/\/www.itakaescolapios.org\/?p=26753"},"modified":"2023-11-28T12:36:58","modified_gmt":"2023-11-28T11:36:58","slug":"proyecto-epeletan-acoger-a-quien-vive-en-la-calle","status":"publish","type":"post","link":"https:\/\/www.itakaescolapios.org\/fr\/2019\/02\/proyecto-epeletan-acoger-a-quien-vive-en-la-calle\/","title":{"rendered":"PROYECTO EPELETAN: ACOGER A QUIEN VIVE EN LA CALLE"},"content":{"rendered":"<p>En enero de 2016 se abr\u00eda en Bilbao una residencia para acoger a quienes estaban viviendo en la calle. El objetivo era ofrecer un espacio c\u00e1lido, un hogar donde pasar la noche y cenar y estar con otros y, si es posible iniciar un proceso de inserci\u00f3n en la sociedad.<\/p>\n<p>Hoy Itaka &#8211; Escolapios cuenta en Bilbao con dos residencias por donde han pasado en este tiempo 31 personas, 15 de las cuales siguen viviendo con nosotros.<\/p>\n<p>Presentamos un v\u00eddeo de agradecimiento cuando se cumple un a\u00f1o de la apertura del segundo hogar de estas caracter\u00edsticas:\u00a0<a href=\"https:\/\/www.youtube.com\/watch?v=zbY5h2kcE5M\">https:\/\/www.youtube.com\/watch?v=zbY5h2kcE5M<\/a><\/p>\n","protected":false},"excerpt":{"rendered":"<p>En enero de 2016 se abr\u00eda en Bilbao una residencia para acoger a quienes estaban viviendo en la calle. El objetivo era ofrecer un espacio c\u00e1lido, un hogar donde pasar [&hellip;]<\/p>\n","protected":false},"author":4,"featured_media":26754,"comment_status":"closed","ping_status":"closed","sticky":false,"template":"","format":"standard","meta":{"_et_pb_use_builder":"","_et_pb_old_content":"","_et_gb_content_width":"","footnotes":""},"categories":[9],"tags":[],"class_list":["post-26753","post","type-post","status-publish","format-standard","has-post-thumbnail","hentry","category-bilbao"],"yoast_head":"<!-- This site is optimized with the Yoast SEO plugin v27.4 - https:\/\/yoast.com\/product\/yoast-seo-wordpress\/ -->\n<title>PROYECTO EPELETAN: ACOGER A QUIEN VIVE EN LA CALLE<\/title>\n<meta name=\"description\" content=\"En enero de 2016 se abr\u00eda en Bilbao una residencia para acoger a quienes estaban viviendo en la calle. El objetivo era ofrecer un espacio c\u00e1lido, un hogar donde pasar la noche y cenar y estar con otros y, si es posible iniciar un proceso de inserci\u00f3n en la sociedad. Hoy Itaka - Escolapios cuenta\u2026\" \/>\n<meta name=\"robots\" content=\"index, follow, max-snippet:-1, max-image-preview:large, max-video-preview:-1\" \/>\n<link rel=\"canonical\" href=\"http:\/\/En%20enero%20de%202016%20se%20abr\u00eda%20en%20Bilbao%20una%20residencia%20para%20acoger%20a%20quienes%20estaban%20viviendo%20en%20la%20calle.%20El%20objetivo%20era%20ofrecer%20un%20espacio%20c\u00e1lido,%20un%20hogar%20donde%20pasar%20la%20noche%20y%20cenar%20y%20estar%20con%20otros%20y,%20si%20es%20posible%20iniciar%20un%20proceso%20de%20inserci\u00f3n%20en%20la%20sociedad.%20Hoy%20Itaka%20-%20Escolapios%20cuenta\u2026\" \/>\n<meta property=\"og:locale\" content=\"fr_FR\" \/>\n<meta property=\"og:type\" content=\"article\" \/>\n<meta property=\"og:title\" content=\"PROYECTO EPELETAN: ACOGER A QUIEN VIVE EN LA CALLE\" \/>\n<meta property=\"og:description\" content=\"En enero de 2016 se abr\u00eda en Bilbao una residencia para acoger a quienes estaban viviendo en la calle. El objetivo era ofrecer un espacio c\u00e1lido, un hogar donde pasar la noche y cenar y estar con otros y, si es posible iniciar un proceso de inserci\u00f3n en la sociedad. Hoy Itaka - Escolapios cuenta\u2026\" \/>\n<meta property=\"og:url\" content=\"https:\/\/www.itakaescolapios.org\/fr\/2019\/02\/proyecto-epeletan-acoger-a-quien-vive-en-la-calle\/\" \/>\n<meta property=\"og:site_name\" content=\"Itaka-Escolapios\" \/>\n<meta property=\"article:published_time\" content=\"2019-02-20T07:36:07+00:00\" \/>\n<meta property=\"article:modified_time\" content=\"2023-11-28T11:36:58+00:00\" \/>\n<meta property=\"og:image\" content=\"https:\/\/www.itakaescolapios.org\/wp-content\/uploads\/2019\/02\/1sintecho.jpg\" \/>\n\t<meta property=\"og:image:width\" content=\"931\" \/>\n\t<meta property=\"og:image:height\" content=\"519\" \/>\n\t<meta property=\"og:image:type\" content=\"image\/jpeg\" \/>\n<meta name=\"author\" content=\"itaka\" \/>\n<meta name=\"twitter:card\" content=\"summary_large_image\" \/>\n<meta name=\"twitter:label1\" content=\"\u00c9crit par\" \/>\n\t<meta name=\"twitter:data1\" content=\"itaka\" \/>\n\t<meta name=\"twitter:label2\" content=\"Dur\u00e9e de lecture estim\u00e9e\" \/>\n\t<meta name=\"twitter:data2\" content=\"1 minute\" \/>\n<script type=\"application\/ld+json\" class=\"yoast-schema-graph\">{\"@context\":\"https:\\\/\\\/schema.org\",\"@graph\":[{\"@type\":\"Article\",\"@id\":\"https:\\\/\\\/www.itakaescolapios.org\\\/fr\\\/2019\\\/02\\\/proyecto-epeletan-acoger-a-quien-vive-en-la-calle\\\/#article\",\"isPartOf\":{\"@id\":\"https:\\\/\\\/www.itakaescolapios.org\\\/fr\\\/2019\\\/02\\\/proyecto-epeletan-acoger-a-quien-vive-en-la-calle\\\/\"},\"author\":{\"name\":\"itaka\",\"@id\":\"https:\\\/\\\/www.itakaescolapios.org\\\/es\\\/#\\\/schema\\\/person\\\/670123daeb1cc31cae1b106740036ccb\"},\"headline\":\"PROYECTO EPELETAN: ACOGER A QUIEN VIVE EN LA CALLE\",\"datePublished\":\"2019-02-20T07:36:07+00:00\",\"dateModified\":\"2023-11-28T11:36:58+00:00\",\"mainEntityOfPage\":{\"@id\":\"https:\\\/\\\/www.itakaescolapios.org\\\/fr\\\/2019\\\/02\\\/proyecto-epeletan-acoger-a-quien-vive-en-la-calle\\\/\"},\"wordCount\":118,\"publisher\":{\"@id\":\"https:\\\/\\\/www.itakaescolapios.org\\\/es\\\/#organization\"},\"image\":{\"@id\":\"https:\\\/\\\/www.itakaescolapios.org\\\/fr\\\/2019\\\/02\\\/proyecto-epeletan-acoger-a-quien-vive-en-la-calle\\\/#primaryimage\"},\"thumbnailUrl\":\"https:\\\/\\\/www.itakaescolapios.org\\\/wp-content\\\/uploads\\\/2019\\\/02\\\/1sintecho.jpg\",\"articleSection\":[\"Bilbao\"],\"inLanguage\":\"fr-FR\"},{\"@type\":\"WebPage\",\"@id\":\"https:\\\/\\\/www.itakaescolapios.org\\\/fr\\\/2019\\\/02\\\/proyecto-epeletan-acoger-a-quien-vive-en-la-calle\\\/\",\"url\":\"https:\\\/\\\/www.itakaescolapios.org\\\/fr\\\/2019\\\/02\\\/proyecto-epeletan-acoger-a-quien-vive-en-la-calle\\\/\",\"name\":\"PROYECTO EPELETAN: ACOGER A QUIEN VIVE EN LA CALLE - Itaka-Escolapios\",\"isPartOf\":{\"@id\":\"https:\\\/\\\/www.itakaescolapios.org\\\/es\\\/#website\"},\"primaryImageOfPage\":{\"@id\":\"https:\\\/\\\/www.itakaescolapios.org\\\/fr\\\/2019\\\/02\\\/proyecto-epeletan-acoger-a-quien-vive-en-la-calle\\\/#primaryimage\"},\"image\":{\"@id\":\"https:\\\/\\\/www.itakaescolapios.org\\\/fr\\\/2019\\\/02\\\/proyecto-epeletan-acoger-a-quien-vive-en-la-calle\\\/#primaryimage\"},\"thumbnailUrl\":\"https:\\\/\\\/www.itakaescolapios.org\\\/wp-content\\\/uploads\\\/2019\\\/02\\\/1sintecho.jpg\",\"datePublished\":\"2019-02-20T07:36:07+00:00\",\"dateModified\":\"2023-11-28T11:36:58+00:00\",\"breadcrumb\":{\"@id\":\"https:\\\/\\\/www.itakaescolapios.org\\\/fr\\\/2019\\\/02\\\/proyecto-epeletan-acoger-a-quien-vive-en-la-calle\\\/#breadcrumb\"},\"inLanguage\":\"fr-FR\",\"potentialAction\":[{\"@type\":\"ReadAction\",\"target\":[\"https:\\\/\\\/www.itakaescolapios.org\\\/fr\\\/2019\\\/02\\\/proyecto-epeletan-acoger-a-quien-vive-en-la-calle\\\/\"]}]},{\"@type\":\"ImageObject\",\"inLanguage\":\"fr-FR\",\"@id\":\"https:\\\/\\\/www.itakaescolapios.org\\\/fr\\\/2019\\\/02\\\/proyecto-epeletan-acoger-a-quien-vive-en-la-calle\\\/#primaryimage\",\"url\":\"https:\\\/\\\/www.itakaescolapios.org\\\/wp-content\\\/uploads\\\/2019\\\/02\\\/1sintecho.jpg\",\"contentUrl\":\"https:\\\/\\\/www.itakaescolapios.org\\\/wp-content\\\/uploads\\\/2019\\\/02\\\/1sintecho.jpg\",\"width\":931,\"height\":519},{\"@type\":\"BreadcrumbList\",\"@id\":\"https:\\\/\\\/www.itakaescolapios.org\\\/fr\\\/2019\\\/02\\\/proyecto-epeletan-acoger-a-quien-vive-en-la-calle\\\/#breadcrumb\",\"itemListElement\":[{\"@type\":\"ListItem\",\"position\":1,\"name\":\"Itaka-Escolapios\",\"item\":\"https:\\\/\\\/www.itakaescolapios.org\\\/es\\\/\"},{\"@type\":\"ListItem\",\"position\":2,\"name\":\"PROYECTO EPELETAN: ACOGER A QUIEN VIVE EN LA CALLE\"}]},{\"@type\":\"WebSite\",\"@id\":\"https:\\\/\\\/www.itakaescolapios.org\\\/fr\\\/es\\\/#website\",\"url\":\"https:\\\/\\\/www.itakaescolapios.org\\\/fr\\\/es\\\/\",\"name\":\"Itaka-Escolapios\",\"description\":\"Red de Itaka-Escolapios\",\"publisher\":{\"@id\":\"https:\\\/\\\/www.itakaescolapios.org\\\/fr\\\/es\\\/#organization\"},\"potentialAction\":[{\"@type\":\"SearchAction\",\"target\":{\"@type\":\"EntryPoint\",\"urlTemplate\":\"https:\\\/\\\/www.itakaescolapios.org\\\/fr\\\/es\\\/?s={search_term_string}\"},\"query-input\":{\"@type\":\"PropertyValueSpecification\",\"valueRequired\":true,\"valueName\":\"search_term_string\"}}],\"inLanguage\":\"fr-FR\"},{\"@type\":\"Organization\",\"@id\":\"https:\\\/\\\/www.itakaescolapios.org\\\/fr\\\/es\\\/#organization\",\"name\":\"Fundaci\u00f3 Itaka-Escolapios\",\"url\":\"https:\\\/\\\/www.itakaescolapios.org\\\/fr\\\/es\\\/\",\"logo\":{\"@type\":\"ImageObject\",\"inLanguage\":\"fr-FR\",\"@id\":\"https:\\\/\\\/www.itakaescolapios.org\\\/fr\\\/es\\\/#\\\/schema\\\/logo\\\/image\\\/\",\"url\":\"https:\\\/\\\/www.itakaescolapios.org\\\/wp-content\\\/uploads\\\/2024\\\/04\\\/Logo-itakaescolapios-peque.png\",\"contentUrl\":\"https:\\\/\\\/www.itakaescolapios.org\\\/wp-content\\\/uploads\\\/2024\\\/04\\\/Logo-itakaescolapios-peque.png\",\"width\":500,\"height\":199,\"caption\":\"Fundaci\u00f3 Itaka-Escolapios\"},\"image\":{\"@id\":\"https:\\\/\\\/www.itakaescolapios.org\\\/fr\\\/es\\\/#\\\/schema\\\/logo\\\/image\\\/\"}},{\"@type\":\"Person\",\"@id\":\"https:\\\/\\\/www.itakaescolapios.org\\\/es\\\/#\\\/schema\\\/person\\\/670123daeb1cc31cae1b106740036ccb\",\"name\":\"itaka\",\"url\":\"https:\\\/\\\/www.itakaescolapios.org\\\/fr\\\/author\\\/itaka\\\/\"}]}<\/script>\n<!-- \/ Yoast SEO plugin. -->","yoast_head_json":{"title":"PROYECTO EPELETAN: ACOGER A QUIEN VIVE EN LA CALLE","description":"En enero de 2016 se abr\u00eda en Bilbao una residencia para acoger a quienes estaban viviendo en la calle. El objetivo era ofrecer un espacio c\u00e1lido, un hogar donde pasar la noche y cenar y estar con otros y, si es posible iniciar un proceso de inserci\u00f3n en la sociedad. Hoy Itaka - Escolapios cuenta\u2026","robots":{"index":"index","follow":"follow","max-snippet":"max-snippet:-1","max-image-preview":"max-image-preview:large","max-video-preview":"max-video-preview:-1"},"canonical":"En enero de 2016 se abr\u00eda en Bilbao una residencia para acoger a quienes estaban viviendo en la calle. El objetivo era ofrecer un espacio c\u00e1lido, un hogar donde pasar la noche y cenar y estar con otros y, si es posible iniciar un proceso de inserci\u00f3n en la sociedad. Hoy Itaka - Escolapios cuenta\u2026","og_locale":"fr_FR","og_type":"article","og_title":"PROYECTO EPELETAN: ACOGER A QUIEN VIVE EN LA CALLE","og_description":"En enero de 2016 se abr\u00eda en Bilbao una residencia para acoger a quienes estaban viviendo en la calle. El objetivo era ofrecer un espacio c\u00e1lido, un hogar donde pasar la noche y cenar y estar con otros y, si es posible iniciar un proceso de inserci\u00f3n en la sociedad. Hoy Itaka - Escolapios cuenta\u2026","og_url":"https:\/\/www.itakaescolapios.org\/fr\/2019\/02\/proyecto-epeletan-acoger-a-quien-vive-en-la-calle\/","og_site_name":"Itaka-Escolapios","article_published_time":"2019-02-20T07:36:07+00:00","article_modified_time":"2023-11-28T11:36:58+00:00","og_image":[{"width":931,"height":519,"url":"https:\/\/www.itakaescolapios.org\/wp-content\/uploads\/2019\/02\/1sintecho.jpg","type":"image\/jpeg"}],"author":"itaka","twitter_card":"summary_large_image","twitter_misc":{"\u00c9crit par":"itaka","Dur\u00e9e de lecture estim\u00e9e":"1 minute"},"schema":{"@context":"https:\/\/schema.org","@graph":[{"@type":"Article","@id":"https:\/\/www.itakaescolapios.org\/fr\/2019\/02\/proyecto-epeletan-acoger-a-quien-vive-en-la-calle\/#article","isPartOf":{"@id":"https:\/\/www.itakaescolapios.org\/fr\/2019\/02\/proyecto-epeletan-acoger-a-quien-vive-en-la-calle\/"},"author":{"name":"itaka","@id":"https:\/\/www.itakaescolapios.org\/es\/#\/schema\/person\/670123daeb1cc31cae1b106740036ccb"},"headline":"PROYECTO EPELETAN: ACOGER A QUIEN VIVE EN LA CALLE","datePublished":"2019-02-20T07:36:07+00:00","dateModified":"2023-11-28T11:36:58+00:00","mainEntityOfPage":{"@id":"https:\/\/www.itakaescolapios.org\/fr\/2019\/02\/proyecto-epeletan-acoger-a-quien-vive-en-la-calle\/"},"wordCount":118,"publisher":{"@id":"https:\/\/www.itakaescolapios.org\/es\/#organization"},"image":{"@id":"https:\/\/www.itakaescolapios.org\/fr\/2019\/02\/proyecto-epeletan-acoger-a-quien-vive-en-la-calle\/#primaryimage"},"thumbnailUrl":"https:\/\/www.itakaescolapios.org\/wp-content\/uploads\/2019\/02\/1sintecho.jpg","articleSection":["Bilbao"],"inLanguage":"fr-FR"},{"@type":"WebPage","@id":"https:\/\/www.itakaescolapios.org\/fr\/2019\/02\/proyecto-epeletan-acoger-a-quien-vive-en-la-calle\/","url":"https:\/\/www.itakaescolapios.org\/fr\/2019\/02\/proyecto-epeletan-acoger-a-quien-vive-en-la-calle\/","name":"PROYECTO EPELETAN: ACOGER A QUIEN VIVE EN LA CALLE - Itaka-Escolapios","isPartOf":{"@id":"https:\/\/www.itakaescolapios.org\/es\/#website"},"primaryImageOfPage":{"@id":"https:\/\/www.itakaescolapios.org\/fr\/2019\/02\/proyecto-epeletan-acoger-a-quien-vive-en-la-calle\/#primaryimage"},"image":{"@id":"https:\/\/www.itakaescolapios.org\/fr\/2019\/02\/proyecto-epeletan-acoger-a-quien-vive-en-la-calle\/#primaryimage"},"thumbnailUrl":"https:\/\/www.itakaescolapios.org\/wp-content\/uploads\/2019\/02\/1sintecho.jpg","datePublished":"2019-02-20T07:36:07+00:00","dateModified":"2023-11-28T11:36:58+00:00","breadcrumb":{"@id":"https:\/\/www.itakaescolapios.org\/fr\/2019\/02\/proyecto-epeletan-acoger-a-quien-vive-en-la-calle\/#breadcrumb"},"inLanguage":"fr-FR","potentialAction":[{"@type":"ReadAction","target":["https:\/\/www.itakaescolapios.org\/fr\/2019\/02\/proyecto-epeletan-acoger-a-quien-vive-en-la-calle\/"]}]},{"@type":"ImageObject","inLanguage":"fr-FR","@id":"https:\/\/www.itakaescolapios.org\/fr\/2019\/02\/proyecto-epeletan-acoger-a-quien-vive-en-la-calle\/#primaryimage","url":"https:\/\/www.itakaescolapios.org\/wp-content\/uploads\/2019\/02\/1sintecho.jpg","contentUrl":"https:\/\/www.itakaescolapios.org\/wp-content\/uploads\/2019\/02\/1sintecho.jpg","width":931,"height":519},{"@type":"BreadcrumbList","@id":"https:\/\/www.itakaescolapios.org\/fr\/2019\/02\/proyecto-epeletan-acoger-a-quien-vive-en-la-calle\/#breadcrumb","itemListElement":[{"@type":"ListItem","position":1,"name":"Itaka-Escolapios","item":"https:\/\/www.itakaescolapios.org\/es\/"},{"@type":"ListItem","position":2,"name":"PROYECTO EPELETAN: ACOGER A QUIEN VIVE EN LA CALLE"}]},{"@type":"WebSite","@id":"https:\/\/www.itakaescolapios.org\/fr\/es\/#website","url":"https:\/\/www.itakaescolapios.org\/fr\/es\/","name":"Itaka-Escolapios","description":"Red de Itaka-Escolapios","publisher":{"@id":"https:\/\/www.itakaescolapios.org\/fr\/es\/#organization"},"potentialAction":[{"@type":"SearchAction","target":{"@type":"EntryPoint","urlTemplate":"https:\/\/www.itakaescolapios.org\/fr\/es\/?s={search_term_string}"},"query-input":{"@type":"PropertyValueSpecification","valueRequired":true,"valueName":"search_term_string"}}],"inLanguage":"fr-FR"},{"@type":"Organization","@id":"https:\/\/www.itakaescolapios.org\/fr\/es\/#organization","name":"Fundaci\u00f3 Itaka-Escolapios","url":"https:\/\/www.itakaescolapios.org\/fr\/es\/","logo":{"@type":"ImageObject","inLanguage":"fr-FR","@id":"https:\/\/www.itakaescolapios.org\/fr\/es\/#\/schema\/logo\/image\/","url":"https:\/\/www.itakaescolapios.org\/wp-content\/uploads\/2024\/04\/Logo-itakaescolapios-peque.png","contentUrl":"https:\/\/www.itakaescolapios.org\/wp-content\/uploads\/2024\/04\/Logo-itakaescolapios-peque.png","width":500,"height":199,"caption":"Fundaci\u00f3 Itaka-Escolapios"},"image":{"@id":"https:\/\/www.itakaescolapios.org\/fr\/es\/#\/schema\/logo\/image\/"}},{"@type":"Person","@id":"https:\/\/www.itakaescolapios.org\/es\/#\/schema\/person\/670123daeb1cc31cae1b106740036ccb","name":"itaka","url":"https:\/\/www.itakaescolapios.org\/fr\/author\/itaka\/"}]}},"_links":{"self":[{"href":"https:\/\/www.itakaescolapios.org\/fr\/wp-json\/wp\/v2\/posts\/26753","targetHints":{"allow":["GET"]}}],"collection":[{"href":"https:\/\/www.itakaescolapios.org\/fr\/wp-json\/wp\/v2\/posts"}],"about":[{"href":"https:\/\/www.itakaescolapios.org\/fr\/wp-json\/wp\/v2\/types\/post"}],"author":[{"embeddable":true,"href":"https:\/\/www.itakaescolapios.org\/fr\/wp-json\/wp\/v2\/users\/4"}],"replies":[{"embeddable":true,"href":"https:\/\/www.itakaescolapios.org\/fr\/wp-json\/wp\/v2\/comments?post=26753"}],"version-history":[{"count":3,"href":"https:\/\/www.itakaescolapios.org\/fr\/wp-json\/wp\/v2\/posts\/26753\/revisions"}],"predecessor-version":[{"id":45877,"href":"https:\/\/www.itakaescolapios.org\/fr\/wp-json\/wp\/v2\/posts\/26753\/revisions\/45877"}],"wp:featuredmedia":[{"embeddable":true,"href":"https:\/\/www.itakaescolapios.org\/fr\/wp-json\/wp\/v2\/media\/26754"}],"wp:attachment":[{"href":"https:\/\/www.itakaescolapios.org\/fr\/wp-json\/wp\/v2\/media?parent=26753"}],"wp:term":[{"taxonomy":"category","embeddable":true,"href":"https:\/\/www.itakaescolapios.org\/fr\/wp-json\/wp\/v2\/categories?post=26753"},{"taxonomy":"post_tag","embeddable":true,"href":"https:\/\/www.itakaescolapios.org\/fr\/wp-json\/wp\/v2\/tags?post=26753"}],"curies":[{"name":"wp","href":"https:\/\/api.w.org\/{rel}","templated":true}]}}