{"id":27865,"date":"2019-06-28T11:38:15","date_gmt":"2019-06-28T10:38:15","guid":{"rendered":"https:\/\/www.itakaescolapios.org\/?p=27865"},"modified":"2023-11-28T12:36:47","modified_gmt":"2023-11-28T11:36:47","slug":"patronato-de-la-red-itaka-escolapios","status":"publish","type":"post","link":"https:\/\/www.itakaescolapios.org\/fr\/2019\/06\/patronato-de-la-red-itaka-escolapios\/","title":{"rendered":"PATRONATO DE LA RED ITAKA - ESCOLAPIOS"},"content":{"rendered":"<p>Ayer, 27 de junio, se reuni\u00f3 virtualmente el Patronato de la Red Itaka &#8211; Escolapios para, despu\u00e9s de la oraci\u00f3n inicial donde recordamos al P. Juan Mari Puig recientemente fallecido (que fue tambi\u00e9n patrono y promotor de Itaka &#8211; Escolapios), aprobar el acta de la reuni\u00f3n anterior, estudiar y aprobar los presupuestos del pr\u00f3ximo curso 2019 &#8211; 2020, compartir el momento actual de la Red con especial atenci\u00f3n a la presencia escolapia en Mozambique aprovechando la presencia del P. Jean Bernard Dialomao, aprobar algunos temas (nuevos apoderamientos, cambio de estatuto para posibilitar las reuniones \u00ab\u00a0on line\u00a0\u00bb, pr\u00f3xima campa\u00f1a de solidaridad&#8230;) y para pensar nuevos pasos en la organizaci\u00f3n en la Red, entre los que destaca la ampliaci\u00f3n de la Comisi\u00f3n Ejecutiva con tres nuevos miembros (P. Emmanuel Su\u00e1rez, P. Joseph Binoy Kunnel y Alberto Cantero).<\/p>\n","protected":false},"excerpt":{"rendered":"<p>Ayer, 27 de junio, se reuni\u00f3 virtualmente el Patronato de la Red Itaka &#8211; Escolapios para, despu\u00e9s de la oraci\u00f3n inicial donde recordamos al P. Juan Mari Puig recientemente fallecido [&hellip;]<\/p>\n","protected":false},"author":4,"featured_media":27866,"comment_status":"closed","ping_status":"closed","sticky":false,"template":"","format":"standard","meta":{"_et_pb_use_builder":"","_et_pb_old_content":"","_et_gb_content_width":"","footnotes":""},"categories":[30],"tags":[],"class_list":["post-27865","post","type-post","status-publish","format-standard","has-post-thumbnail","hentry","category-itaka-escolapios"],"yoast_head":"<!-- This site is optimized with the Yoast SEO plugin v27.4 - https:\/\/yoast.com\/product\/yoast-seo-wordpress\/ -->\n<title>PATRONATO DE LA RED ITAKA - ESCOLAPIOS<\/title>\n<meta name=\"description\" content=\"Ayer, 27 de junio, se reuni\u00f3 virtualmente el Patronato de la Red Itaka - Escolapios para, despu\u00e9s de la oraci\u00f3n inicial donde recordamos al P. Juan Mari Puig recientemente fallecido (que fue tambi\u00e9n patrono y promotor de Itaka - Escolapios), aprobar el acta de la reuni\u00f3n anterior, estudiar y aprobar los presupuestos del pr\u00f3ximo curso\u2026\" \/>\n<meta name=\"robots\" content=\"index, follow, max-snippet:-1, max-image-preview:large, max-video-preview:-1\" \/>\n<link rel=\"canonical\" href=\"http:\/\/Ayer,%2027%20de%20junio,%20se%20reuni\u00f3%20virtualmente%20el%20Patronato%20de%20la%20Red%20Itaka%20-%20Escolapios%20para,%20despu\u00e9s%20de%20la%20oraci\u00f3n%20inicial%20donde%20recordamos%20al%20P.%20Juan%20Mari%20Puig%20recientemente%20fallecido%20(que%20fue%20tambi\u00e9n%20patrono%20y%20promotor%20de%20Itaka%20-%20Escolapios),%20aprobar%20el%20acta%20de%20la%20reuni\u00f3n%20anterior,%20estudiar%20y%20aprobar%20los%20presupuestos%20del%20pr\u00f3ximo%20curso\u2026\" \/>\n<meta property=\"og:locale\" content=\"fr_FR\" \/>\n<meta property=\"og:type\" content=\"article\" \/>\n<meta property=\"og:title\" content=\"PATRONATO DE LA RED ITAKA - ESCOLAPIOS\" \/>\n<meta property=\"og:description\" content=\"Ayer, 27 de junio, se reuni\u00f3 virtualmente el Patronato de la Red Itaka - Escolapios para, despu\u00e9s de la oraci\u00f3n inicial donde recordamos al P. Juan Mari Puig recientemente fallecido (que fue tambi\u00e9n patrono y promotor de Itaka - Escolapios), aprobar el acta de la reuni\u00f3n anterior, estudiar y aprobar los presupuestos del pr\u00f3ximo curso\u2026\" \/>\n<meta property=\"og:url\" content=\"https:\/\/www.itakaescolapios.org\/fr\/2019\/06\/patronato-de-la-red-itaka-escolapios\/\" \/>\n<meta property=\"og:site_name\" content=\"Itaka-Escolapios\" \/>\n<meta property=\"article:published_time\" content=\"2019-06-28T10:38:15+00:00\" \/>\n<meta property=\"article:modified_time\" content=\"2023-11-28T11:36:47+00:00\" \/>\n<meta property=\"og:image\" content=\"https:\/\/www.itakaescolapios.org\/wp-content\/uploads\/2019\/06\/Skype-20190627-190023.jpeg\" \/>\n\t<meta property=\"og:image:width\" content=\"667\" \/>\n\t<meta property=\"og:image:height\" content=\"1500\" \/>\n\t<meta property=\"og:image:type\" content=\"image\/jpeg\" \/>\n<meta name=\"author\" content=\"itaka\" \/>\n<meta name=\"twitter:card\" content=\"summary_large_image\" \/>\n<meta name=\"twitter:label1\" content=\"\u00c9crit par\" \/>\n\t<meta name=\"twitter:data1\" content=\"itaka\" \/>\n\t<meta name=\"twitter:label2\" content=\"Dur\u00e9e de lecture estim\u00e9e\" \/>\n\t<meta name=\"twitter:data2\" content=\"1 minute\" \/>\n<script type=\"application\/ld+json\" class=\"yoast-schema-graph\">{\"@context\":\"https:\\\/\\\/schema.org\",\"@graph\":[{\"@type\":\"Article\",\"@id\":\"https:\\\/\\\/www.itakaescolapios.org\\\/fr\\\/2019\\\/06\\\/patronato-de-la-red-itaka-escolapios\\\/#article\",\"isPartOf\":{\"@id\":\"https:\\\/\\\/www.itakaescolapios.org\\\/fr\\\/2019\\\/06\\\/patronato-de-la-red-itaka-escolapios\\\/\"},\"author\":{\"name\":\"itaka\",\"@id\":\"https:\\\/\\\/www.itakaescolapios.org\\\/es\\\/#\\\/schema\\\/person\\\/670123daeb1cc31cae1b106740036ccb\"},\"headline\":\"PATRONATO DE LA RED ITAKA - ESCOLAPIOS\",\"datePublished\":\"2019-06-28T10:38:15+00:00\",\"dateModified\":\"2023-11-28T11:36:47+00:00\",\"mainEntityOfPage\":{\"@id\":\"https:\\\/\\\/www.itakaescolapios.org\\\/fr\\\/2019\\\/06\\\/patronato-de-la-red-itaka-escolapios\\\/\"},\"wordCount\":151,\"publisher\":{\"@id\":\"https:\\\/\\\/www.itakaescolapios.org\\\/es\\\/#organization\"},\"image\":{\"@id\":\"https:\\\/\\\/www.itakaescolapios.org\\\/fr\\\/2019\\\/06\\\/patronato-de-la-red-itaka-escolapios\\\/#primaryimage\"},\"thumbnailUrl\":\"https:\\\/\\\/www.itakaescolapios.org\\\/wp-content\\\/uploads\\\/2019\\\/06\\\/Skype-20190627-190023.jpeg\",\"articleSection\":[\"Itaka Escolapios\"],\"inLanguage\":\"fr-FR\"},{\"@type\":\"WebPage\",\"@id\":\"https:\\\/\\\/www.itakaescolapios.org\\\/fr\\\/2019\\\/06\\\/patronato-de-la-red-itaka-escolapios\\\/\",\"url\":\"https:\\\/\\\/www.itakaescolapios.org\\\/fr\\\/2019\\\/06\\\/patronato-de-la-red-itaka-escolapios\\\/\",\"name\":\"PATRONATO DE LA RED ITAKA - ESCOLAPIOS - Itaka-Escolapios\",\"isPartOf\":{\"@id\":\"https:\\\/\\\/www.itakaescolapios.org\\\/es\\\/#website\"},\"primaryImageOfPage\":{\"@id\":\"https:\\\/\\\/www.itakaescolapios.org\\\/fr\\\/2019\\\/06\\\/patronato-de-la-red-itaka-escolapios\\\/#primaryimage\"},\"image\":{\"@id\":\"https:\\\/\\\/www.itakaescolapios.org\\\/fr\\\/2019\\\/06\\\/patronato-de-la-red-itaka-escolapios\\\/#primaryimage\"},\"thumbnailUrl\":\"https:\\\/\\\/www.itakaescolapios.org\\\/wp-content\\\/uploads\\\/2019\\\/06\\\/Skype-20190627-190023.jpeg\",\"datePublished\":\"2019-06-28T10:38:15+00:00\",\"dateModified\":\"2023-11-28T11:36:47+00:00\",\"breadcrumb\":{\"@id\":\"https:\\\/\\\/www.itakaescolapios.org\\\/fr\\\/2019\\\/06\\\/patronato-de-la-red-itaka-escolapios\\\/#breadcrumb\"},\"inLanguage\":\"fr-FR\",\"potentialAction\":[{\"@type\":\"ReadAction\",\"target\":[\"https:\\\/\\\/www.itakaescolapios.org\\\/fr\\\/2019\\\/06\\\/patronato-de-la-red-itaka-escolapios\\\/\"]}]},{\"@type\":\"ImageObject\",\"inLanguage\":\"fr-FR\",\"@id\":\"https:\\\/\\\/www.itakaescolapios.org\\\/fr\\\/2019\\\/06\\\/patronato-de-la-red-itaka-escolapios\\\/#primaryimage\",\"url\":\"https:\\\/\\\/www.itakaescolapios.org\\\/wp-content\\\/uploads\\\/2019\\\/06\\\/Skype-20190627-190023.jpeg\",\"contentUrl\":\"https:\\\/\\\/www.itakaescolapios.org\\\/wp-content\\\/uploads\\\/2019\\\/06\\\/Skype-20190627-190023.jpeg\",\"width\":667,\"height\":1500},{\"@type\":\"BreadcrumbList\",\"@id\":\"https:\\\/\\\/www.itakaescolapios.org\\\/fr\\\/2019\\\/06\\\/patronato-de-la-red-itaka-escolapios\\\/#breadcrumb\",\"itemListElement\":[{\"@type\":\"ListItem\",\"position\":1,\"name\":\"Itaka-Escolapios\",\"item\":\"https:\\\/\\\/www.itakaescolapios.org\\\/es\\\/\"},{\"@type\":\"ListItem\",\"position\":2,\"name\":\"PATRONATO DE LA RED ITAKA - ESCOLAPIOS\"}]},{\"@type\":\"WebSite\",\"@id\":\"https:\\\/\\\/www.itakaescolapios.org\\\/fr\\\/es\\\/#website\",\"url\":\"https:\\\/\\\/www.itakaescolapios.org\\\/fr\\\/es\\\/\",\"name\":\"Itaka-Escolapios\",\"description\":\"Red de Itaka-Escolapios\",\"publisher\":{\"@id\":\"https:\\\/\\\/www.itakaescolapios.org\\\/fr\\\/es\\\/#organization\"},\"potentialAction\":[{\"@type\":\"SearchAction\",\"target\":{\"@type\":\"EntryPoint\",\"urlTemplate\":\"https:\\\/\\\/www.itakaescolapios.org\\\/fr\\\/es\\\/?s={search_term_string}\"},\"query-input\":{\"@type\":\"PropertyValueSpecification\",\"valueRequired\":true,\"valueName\":\"search_term_string\"}}],\"inLanguage\":\"fr-FR\"},{\"@type\":\"Organization\",\"@id\":\"https:\\\/\\\/www.itakaescolapios.org\\\/fr\\\/es\\\/#organization\",\"name\":\"Fundaci\u00f3 Itaka-Escolapios\",\"url\":\"https:\\\/\\\/www.itakaescolapios.org\\\/fr\\\/es\\\/\",\"logo\":{\"@type\":\"ImageObject\",\"inLanguage\":\"fr-FR\",\"@id\":\"https:\\\/\\\/www.itakaescolapios.org\\\/fr\\\/es\\\/#\\\/schema\\\/logo\\\/image\\\/\",\"url\":\"https:\\\/\\\/www.itakaescolapios.org\\\/wp-content\\\/uploads\\\/2024\\\/04\\\/Logo-itakaescolapios-peque.png\",\"contentUrl\":\"https:\\\/\\\/www.itakaescolapios.org\\\/wp-content\\\/uploads\\\/2024\\\/04\\\/Logo-itakaescolapios-peque.png\",\"width\":500,\"height\":199,\"caption\":\"Fundaci\u00f3 Itaka-Escolapios\"},\"image\":{\"@id\":\"https:\\\/\\\/www.itakaescolapios.org\\\/fr\\\/es\\\/#\\\/schema\\\/logo\\\/image\\\/\"}},{\"@type\":\"Person\",\"@id\":\"https:\\\/\\\/www.itakaescolapios.org\\\/es\\\/#\\\/schema\\\/person\\\/670123daeb1cc31cae1b106740036ccb\",\"name\":\"itaka\",\"url\":\"https:\\\/\\\/www.itakaescolapios.org\\\/fr\\\/author\\\/itaka\\\/\"}]}<\/script>\n<!-- \/ Yoast SEO plugin. -->","yoast_head_json":{"title":"PATRONATO DE LA RED ITAKA - ESCOLAPIOS","description":"Ayer, 27 de junio, se reuni\u00f3 virtualmente el Patronato de la Red Itaka - Escolapios para, despu\u00e9s de la oraci\u00f3n inicial donde recordamos al P. Juan Mari Puig recientemente fallecido (que fue tambi\u00e9n patrono y promotor de Itaka - Escolapios), aprobar el acta de la reuni\u00f3n anterior, estudiar y aprobar los presupuestos del pr\u00f3ximo curso\u2026","robots":{"index":"index","follow":"follow","max-snippet":"max-snippet:-1","max-image-preview":"max-image-preview:large","max-video-preview":"max-video-preview:-1"},"canonical":"Ayer, 27 de junio, se reuni\u00f3 virtualmente el Patronato de la Red Itaka - Escolapios para, despu\u00e9s de la oraci\u00f3n inicial donde recordamos al P. Juan Mari Puig recientemente fallecido (que fue tambi\u00e9n patrono y promotor de Itaka - Escolapios), aprobar el acta de la reuni\u00f3n anterior, estudiar y aprobar los presupuestos del pr\u00f3ximo curso\u2026","og_locale":"fr_FR","og_type":"article","og_title":"PATRONATO DE LA RED ITAKA - ESCOLAPIOS","og_description":"Ayer, 27 de junio, se reuni\u00f3 virtualmente el Patronato de la Red Itaka - Escolapios para, despu\u00e9s de la oraci\u00f3n inicial donde recordamos al P. Juan Mari Puig recientemente fallecido (que fue tambi\u00e9n patrono y promotor de Itaka - Escolapios), aprobar el acta de la reuni\u00f3n anterior, estudiar y aprobar los presupuestos del pr\u00f3ximo curso\u2026","og_url":"https:\/\/www.itakaescolapios.org\/fr\/2019\/06\/patronato-de-la-red-itaka-escolapios\/","og_site_name":"Itaka-Escolapios","article_published_time":"2019-06-28T10:38:15+00:00","article_modified_time":"2023-11-28T11:36:47+00:00","og_image":[{"width":667,"height":1500,"url":"https:\/\/www.itakaescolapios.org\/wp-content\/uploads\/2019\/06\/Skype-20190627-190023.jpeg","type":"image\/jpeg"}],"author":"itaka","twitter_card":"summary_large_image","twitter_misc":{"\u00c9crit par":"itaka","Dur\u00e9e de lecture estim\u00e9e":"1 minute"},"schema":{"@context":"https:\/\/schema.org","@graph":[{"@type":"Article","@id":"https:\/\/www.itakaescolapios.org\/fr\/2019\/06\/patronato-de-la-red-itaka-escolapios\/#article","isPartOf":{"@id":"https:\/\/www.itakaescolapios.org\/fr\/2019\/06\/patronato-de-la-red-itaka-escolapios\/"},"author":{"name":"itaka","@id":"https:\/\/www.itakaescolapios.org\/es\/#\/schema\/person\/670123daeb1cc31cae1b106740036ccb"},"headline":"PATRONATO DE LA RED ITAKA - ESCOLAPIOS","datePublished":"2019-06-28T10:38:15+00:00","dateModified":"2023-11-28T11:36:47+00:00","mainEntityOfPage":{"@id":"https:\/\/www.itakaescolapios.org\/fr\/2019\/06\/patronato-de-la-red-itaka-escolapios\/"},"wordCount":151,"publisher":{"@id":"https:\/\/www.itakaescolapios.org\/es\/#organization"},"image":{"@id":"https:\/\/www.itakaescolapios.org\/fr\/2019\/06\/patronato-de-la-red-itaka-escolapios\/#primaryimage"},"thumbnailUrl":"https:\/\/www.itakaescolapios.org\/wp-content\/uploads\/2019\/06\/Skype-20190627-190023.jpeg","articleSection":["Itaka Escolapios"],"inLanguage":"fr-FR"},{"@type":"WebPage","@id":"https:\/\/www.itakaescolapios.org\/fr\/2019\/06\/patronato-de-la-red-itaka-escolapios\/","url":"https:\/\/www.itakaescolapios.org\/fr\/2019\/06\/patronato-de-la-red-itaka-escolapios\/","name":"PATRONATO DE LA RED ITAKA - ESCOLAPIOS - Itaka-Escolapios","isPartOf":{"@id":"https:\/\/www.itakaescolapios.org\/es\/#website"},"primaryImageOfPage":{"@id":"https:\/\/www.itakaescolapios.org\/fr\/2019\/06\/patronato-de-la-red-itaka-escolapios\/#primaryimage"},"image":{"@id":"https:\/\/www.itakaescolapios.org\/fr\/2019\/06\/patronato-de-la-red-itaka-escolapios\/#primaryimage"},"thumbnailUrl":"https:\/\/www.itakaescolapios.org\/wp-content\/uploads\/2019\/06\/Skype-20190627-190023.jpeg","datePublished":"2019-06-28T10:38:15+00:00","dateModified":"2023-11-28T11:36:47+00:00","breadcrumb":{"@id":"https:\/\/www.itakaescolapios.org\/fr\/2019\/06\/patronato-de-la-red-itaka-escolapios\/#breadcrumb"},"inLanguage":"fr-FR","potentialAction":[{"@type":"ReadAction","target":["https:\/\/www.itakaescolapios.org\/fr\/2019\/06\/patronato-de-la-red-itaka-escolapios\/"]}]},{"@type":"ImageObject","inLanguage":"fr-FR","@id":"https:\/\/www.itakaescolapios.org\/fr\/2019\/06\/patronato-de-la-red-itaka-escolapios\/#primaryimage","url":"https:\/\/www.itakaescolapios.org\/wp-content\/uploads\/2019\/06\/Skype-20190627-190023.jpeg","contentUrl":"https:\/\/www.itakaescolapios.org\/wp-content\/uploads\/2019\/06\/Skype-20190627-190023.jpeg","width":667,"height":1500},{"@type":"BreadcrumbList","@id":"https:\/\/www.itakaescolapios.org\/fr\/2019\/06\/patronato-de-la-red-itaka-escolapios\/#breadcrumb","itemListElement":[{"@type":"ListItem","position":1,"name":"Itaka-Escolapios","item":"https:\/\/www.itakaescolapios.org\/es\/"},{"@type":"ListItem","position":2,"name":"PATRONATO DE LA RED ITAKA - ESCOLAPIOS"}]},{"@type":"WebSite","@id":"https:\/\/www.itakaescolapios.org\/fr\/es\/#website","url":"https:\/\/www.itakaescolapios.org\/fr\/es\/","name":"Itaka-Escolapios","description":"Red de Itaka-Escolapios","publisher":{"@id":"https:\/\/www.itakaescolapios.org\/fr\/es\/#organization"},"potentialAction":[{"@type":"SearchAction","target":{"@type":"EntryPoint","urlTemplate":"https:\/\/www.itakaescolapios.org\/fr\/es\/?s={search_term_string}"},"query-input":{"@type":"PropertyValueSpecification","valueRequired":true,"valueName":"search_term_string"}}],"inLanguage":"fr-FR"},{"@type":"Organization","@id":"https:\/\/www.itakaescolapios.org\/fr\/es\/#organization","name":"Fundaci\u00f3 Itaka-Escolapios","url":"https:\/\/www.itakaescolapios.org\/fr\/es\/","logo":{"@type":"ImageObject","inLanguage":"fr-FR","@id":"https:\/\/www.itakaescolapios.org\/fr\/es\/#\/schema\/logo\/image\/","url":"https:\/\/www.itakaescolapios.org\/wp-content\/uploads\/2024\/04\/Logo-itakaescolapios-peque.png","contentUrl":"https:\/\/www.itakaescolapios.org\/wp-content\/uploads\/2024\/04\/Logo-itakaescolapios-peque.png","width":500,"height":199,"caption":"Fundaci\u00f3 Itaka-Escolapios"},"image":{"@id":"https:\/\/www.itakaescolapios.org\/fr\/es\/#\/schema\/logo\/image\/"}},{"@type":"Person","@id":"https:\/\/www.itakaescolapios.org\/es\/#\/schema\/person\/670123daeb1cc31cae1b106740036ccb","name":"itaka","url":"https:\/\/www.itakaescolapios.org\/fr\/author\/itaka\/"}]}},"_links":{"self":[{"href":"https:\/\/www.itakaescolapios.org\/fr\/wp-json\/wp\/v2\/posts\/27865","targetHints":{"allow":["GET"]}}],"collection":[{"href":"https:\/\/www.itakaescolapios.org\/fr\/wp-json\/wp\/v2\/posts"}],"about":[{"href":"https:\/\/www.itakaescolapios.org\/fr\/wp-json\/wp\/v2\/types\/post"}],"author":[{"embeddable":true,"href":"https:\/\/www.itakaescolapios.org\/fr\/wp-json\/wp\/v2\/users\/4"}],"replies":[{"embeddable":true,"href":"https:\/\/www.itakaescolapios.org\/fr\/wp-json\/wp\/v2\/comments?post=27865"}],"version-history":[{"count":3,"href":"https:\/\/www.itakaescolapios.org\/fr\/wp-json\/wp\/v2\/posts\/27865\/revisions"}],"predecessor-version":[{"id":45601,"href":"https:\/\/www.itakaescolapios.org\/fr\/wp-json\/wp\/v2\/posts\/27865\/revisions\/45601"}],"wp:featuredmedia":[{"embeddable":true,"href":"https:\/\/www.itakaescolapios.org\/fr\/wp-json\/wp\/v2\/media\/27866"}],"wp:attachment":[{"href":"https:\/\/www.itakaescolapios.org\/fr\/wp-json\/wp\/v2\/media?parent=27865"}],"wp:term":[{"taxonomy":"category","embeddable":true,"href":"https:\/\/www.itakaescolapios.org\/fr\/wp-json\/wp\/v2\/categories?post=27865"},{"taxonomy":"post_tag","embeddable":true,"href":"https:\/\/www.itakaescolapios.org\/fr\/wp-json\/wp\/v2\/tags?post=27865"}],"curies":[{"name":"wp","href":"https:\/\/api.w.org\/{rel}","templated":true}]}}