{"id":28140,"date":"2019-08-22T20:26:36","date_gmt":"2019-08-22T19:26:36","guid":{"rendered":"https:\/\/www.itakaescolapios.org\/?p=28140"},"modified":"2023-11-28T12:36:44","modified_gmt":"2023-11-28T11:36:44","slug":"portugues-termo-de-colaboracao-2019-3","status":"publish","type":"post","link":"https:\/\/www.itakaescolapios.org\/fr\/2019\/08\/portugues-termo-de-colaboracao-2019-3\/","title":{"rendered":"CONVENIO DE COLABORACI\u00d3N EN VALADARES"},"content":{"rendered":"<p>El Ayuntamiento de Governador Valadares (Brasil) e Itaka &#8211; Escolapios Brasil tienen un convenio de colaboraci\u00f3n para el Centro Social de Itaka en esta ciudad para la promoci\u00f3n de actividades socio-asistenciales que ayuden al desarrollo de ni\u00f1os, ni\u00f1as y adolescentes.<\/p>\n","protected":false},"excerpt":{"rendered":"<p>El Ayuntamiento de Governador Valadares (Brasil) e Itaka &#8211; Escolapios Brasil tienen un convenio de colaboraci\u00f3n para el Centro Social de Itaka en esta ciudad para la promoci\u00f3n de actividades [&hellip;]<\/p>\n","protected":false},"author":11,"featured_media":28134,"comment_status":"closed","ping_status":"closed","sticky":false,"template":"","format":"standard","meta":{"_et_pb_use_builder":"","_et_pb_old_content":"","_et_gb_content_width":"","footnotes":""},"categories":[16],"tags":[],"class_list":["post-28140","post","type-post","status-publish","format-standard","has-post-thumbnail","hentry","category-governador-valadares"],"yoast_head":"<!-- This site is optimized with the Yoast SEO plugin v27.4 - https:\/\/yoast.com\/product\/yoast-seo-wordpress\/ -->\n<title>CONVENIO DE COLABORACI\u00d3N EN VALADARES<\/title>\n<meta name=\"description\" content=\"El Ayuntamiento de Governador Valadares (Brasil) e Itaka - Escolapios Brasil tienen un convenio de colaboraci\u00f3n para el Centro Social de Itaka en esta ciudad para la promoci\u00f3n de actividades socio-asistenciales que ayuden al desarrollo de ni\u00f1os, ni\u00f1as y adolescentes.\" \/>\n<meta name=\"robots\" content=\"index, follow, max-snippet:-1, max-image-preview:large, max-video-preview:-1\" \/>\n<link rel=\"canonical\" href=\"http:\/\/El%20Ayuntamiento%20de%20Governador%20Valadares%20(Brasil)%20e%20Itaka%20-%20Escolapios%20Brasil%20tienen%20un%20convenio%20de%20colaboraci\u00f3n%20para%20el%20Centro%20Social%20de%20Itaka%20en%20esta%20ciudad%20para%20la%20promoci\u00f3n%20de%20actividades%20socio-asistenciales%20que%20ayuden%20al%20desarrollo%20de%20ni\u00f1os,%20ni\u00f1as%20y%20adolescentes.\" \/>\n<meta property=\"og:locale\" content=\"fr_FR\" \/>\n<meta property=\"og:type\" content=\"article\" \/>\n<meta property=\"og:title\" content=\"CONVENIO DE COLABORACI\u00d3N EN VALADARES\" \/>\n<meta property=\"og:description\" content=\"El Ayuntamiento de Governador Valadares (Brasil) e Itaka - Escolapios Brasil tienen un convenio de colaboraci\u00f3n para el Centro Social de Itaka en esta ciudad para la promoci\u00f3n de actividades socio-asistenciales que ayuden al desarrollo de ni\u00f1os, ni\u00f1as y adolescentes.\" \/>\n<meta property=\"og:url\" content=\"https:\/\/www.itakaescolapios.org\/fr\/2019\/08\/portugues-termo-de-colaboracao-2019-3\/\" \/>\n<meta property=\"og:site_name\" content=\"Itaka-Escolapios\" \/>\n<meta property=\"article:published_time\" content=\"2019-08-22T19:26:36+00:00\" \/>\n<meta property=\"article:modified_time\" content=\"2023-11-28T11:36:44+00:00\" \/>\n<meta property=\"og:image\" content=\"https:\/\/www.itakaescolapios.org\/wp-content\/uploads\/2019\/08\/Termo.jpg\" \/>\n\t<meta property=\"og:image:width\" content=\"1061\" \/>\n\t<meta property=\"og:image:height\" content=\"1500\" \/>\n\t<meta property=\"og:image:type\" content=\"image\/jpeg\" \/>\n<meta name=\"author\" content=\"brasil03\" \/>\n<meta name=\"twitter:card\" content=\"summary_large_image\" \/>\n<meta name=\"twitter:label1\" content=\"\u00c9crit par\" \/>\n\t<meta name=\"twitter:data1\" content=\"brasil03\" \/>\n<script type=\"application\/ld+json\" class=\"yoast-schema-graph\">{\"@context\":\"https:\\\/\\\/schema.org\",\"@graph\":[{\"@type\":\"Article\",\"@id\":\"https:\\\/\\\/www.itakaescolapios.org\\\/fr\\\/2019\\\/08\\\/portugues-termo-de-colaboracao-2019-3\\\/#article\",\"isPartOf\":{\"@id\":\"https:\\\/\\\/www.itakaescolapios.org\\\/fr\\\/2019\\\/08\\\/portugues-termo-de-colaboracao-2019-3\\\/\"},\"author\":{\"name\":\"brasil03\",\"@id\":\"https:\\\/\\\/www.itakaescolapios.org\\\/es\\\/#\\\/schema\\\/person\\\/9c761c62049293fc36e6c91e429de3d5\"},\"headline\":\"CONVENIO DE COLABORACI\u00d3N EN VALADARES\",\"datePublished\":\"2019-08-22T19:26:36+00:00\",\"dateModified\":\"2023-11-28T11:36:44+00:00\",\"mainEntityOfPage\":{\"@id\":\"https:\\\/\\\/www.itakaescolapios.org\\\/fr\\\/2019\\\/08\\\/portugues-termo-de-colaboracao-2019-3\\\/\"},\"wordCount\":50,\"publisher\":{\"@id\":\"https:\\\/\\\/www.itakaescolapios.org\\\/es\\\/#organization\"},\"image\":{\"@id\":\"https:\\\/\\\/www.itakaescolapios.org\\\/fr\\\/2019\\\/08\\\/portugues-termo-de-colaboracao-2019-3\\\/#primaryimage\"},\"thumbnailUrl\":\"https:\\\/\\\/www.itakaescolapios.org\\\/wp-content\\\/uploads\\\/2019\\\/08\\\/Termo.jpg\",\"articleSection\":[\"Governador Valadares\"],\"inLanguage\":\"fr-FR\"},{\"@type\":\"WebPage\",\"@id\":\"https:\\\/\\\/www.itakaescolapios.org\\\/fr\\\/2019\\\/08\\\/portugues-termo-de-colaboracao-2019-3\\\/\",\"url\":\"https:\\\/\\\/www.itakaescolapios.org\\\/fr\\\/2019\\\/08\\\/portugues-termo-de-colaboracao-2019-3\\\/\",\"name\":\"CONVENIO DE COLABORACI\u00d3N EN VALADARES - Itaka-Escolapios\",\"isPartOf\":{\"@id\":\"https:\\\/\\\/www.itakaescolapios.org\\\/es\\\/#website\"},\"primaryImageOfPage\":{\"@id\":\"https:\\\/\\\/www.itakaescolapios.org\\\/fr\\\/2019\\\/08\\\/portugues-termo-de-colaboracao-2019-3\\\/#primaryimage\"},\"image\":{\"@id\":\"https:\\\/\\\/www.itakaescolapios.org\\\/fr\\\/2019\\\/08\\\/portugues-termo-de-colaboracao-2019-3\\\/#primaryimage\"},\"thumbnailUrl\":\"https:\\\/\\\/www.itakaescolapios.org\\\/wp-content\\\/uploads\\\/2019\\\/08\\\/Termo.jpg\",\"datePublished\":\"2019-08-22T19:26:36+00:00\",\"dateModified\":\"2023-11-28T11:36:44+00:00\",\"breadcrumb\":{\"@id\":\"https:\\\/\\\/www.itakaescolapios.org\\\/fr\\\/2019\\\/08\\\/portugues-termo-de-colaboracao-2019-3\\\/#breadcrumb\"},\"inLanguage\":\"fr-FR\",\"potentialAction\":[{\"@type\":\"ReadAction\",\"target\":[\"https:\\\/\\\/www.itakaescolapios.org\\\/fr\\\/2019\\\/08\\\/portugues-termo-de-colaboracao-2019-3\\\/\"]}]},{\"@type\":\"ImageObject\",\"inLanguage\":\"fr-FR\",\"@id\":\"https:\\\/\\\/www.itakaescolapios.org\\\/fr\\\/2019\\\/08\\\/portugues-termo-de-colaboracao-2019-3\\\/#primaryimage\",\"url\":\"https:\\\/\\\/www.itakaescolapios.org\\\/wp-content\\\/uploads\\\/2019\\\/08\\\/Termo.jpg\",\"contentUrl\":\"https:\\\/\\\/www.itakaescolapios.org\\\/wp-content\\\/uploads\\\/2019\\\/08\\\/Termo.jpg\",\"width\":1061,\"height\":1500,\"caption\":\"Termo Completo\"},{\"@type\":\"BreadcrumbList\",\"@id\":\"https:\\\/\\\/www.itakaescolapios.org\\\/fr\\\/2019\\\/08\\\/portugues-termo-de-colaboracao-2019-3\\\/#breadcrumb\",\"itemListElement\":[{\"@type\":\"ListItem\",\"position\":1,\"name\":\"Itaka-Escolapios\",\"item\":\"https:\\\/\\\/www.itakaescolapios.org\\\/es\\\/\"},{\"@type\":\"ListItem\",\"position\":2,\"name\":\"CONVENIO DE COLABORACI\u00d3N EN VALADARES\"}]},{\"@type\":\"WebSite\",\"@id\":\"https:\\\/\\\/www.itakaescolapios.org\\\/fr\\\/es\\\/#website\",\"url\":\"https:\\\/\\\/www.itakaescolapios.org\\\/fr\\\/es\\\/\",\"name\":\"Itaka-Escolapios\",\"description\":\"Red de Itaka-Escolapios\",\"publisher\":{\"@id\":\"https:\\\/\\\/www.itakaescolapios.org\\\/fr\\\/es\\\/#organization\"},\"potentialAction\":[{\"@type\":\"SearchAction\",\"target\":{\"@type\":\"EntryPoint\",\"urlTemplate\":\"https:\\\/\\\/www.itakaescolapios.org\\\/fr\\\/es\\\/?s={search_term_string}\"},\"query-input\":{\"@type\":\"PropertyValueSpecification\",\"valueRequired\":true,\"valueName\":\"search_term_string\"}}],\"inLanguage\":\"fr-FR\"},{\"@type\":\"Organization\",\"@id\":\"https:\\\/\\\/www.itakaescolapios.org\\\/fr\\\/es\\\/#organization\",\"name\":\"Fundaci\u00f3 Itaka-Escolapios\",\"url\":\"https:\\\/\\\/www.itakaescolapios.org\\\/fr\\\/es\\\/\",\"logo\":{\"@type\":\"ImageObject\",\"inLanguage\":\"fr-FR\",\"@id\":\"https:\\\/\\\/www.itakaescolapios.org\\\/fr\\\/es\\\/#\\\/schema\\\/logo\\\/image\\\/\",\"url\":\"https:\\\/\\\/www.itakaescolapios.org\\\/wp-content\\\/uploads\\\/2024\\\/04\\\/Logo-itakaescolapios-peque.png\",\"contentUrl\":\"https:\\\/\\\/www.itakaescolapios.org\\\/wp-content\\\/uploads\\\/2024\\\/04\\\/Logo-itakaescolapios-peque.png\",\"width\":500,\"height\":199,\"caption\":\"Fundaci\u00f3 Itaka-Escolapios\"},\"image\":{\"@id\":\"https:\\\/\\\/www.itakaescolapios.org\\\/fr\\\/es\\\/#\\\/schema\\\/logo\\\/image\\\/\"}},{\"@type\":\"Person\",\"@id\":\"https:\\\/\\\/www.itakaescolapios.org\\\/es\\\/#\\\/schema\\\/person\\\/9c761c62049293fc36e6c91e429de3d5\",\"name\":\"brasil03\",\"url\":\"https:\\\/\\\/www.itakaescolapios.org\\\/fr\\\/author\\\/brasil03\\\/\"}]}<\/script>\n<!-- \/ Yoast SEO plugin. -->","yoast_head_json":{"title":"CONVENIO DE COLABORACI\u00d3N EN VALADARES","description":"El Ayuntamiento de Governador Valadares (Brasil) e Itaka - Escolapios Brasil tienen un convenio de colaboraci\u00f3n para el Centro Social de Itaka en esta ciudad para la promoci\u00f3n de actividades socio-asistenciales que ayuden al desarrollo de ni\u00f1os, ni\u00f1as y adolescentes.","robots":{"index":"index","follow":"follow","max-snippet":"max-snippet:-1","max-image-preview":"max-image-preview:large","max-video-preview":"max-video-preview:-1"},"canonical":"El Ayuntamiento de Governador Valadares (Brasil) e Itaka - Escolapios Brasil tienen un convenio de colaboraci\u00f3n para el Centro Social de Itaka en esta ciudad para la promoci\u00f3n de actividades socio-asistenciales que ayuden al desarrollo de ni\u00f1os, ni\u00f1as y adolescentes.","og_locale":"fr_FR","og_type":"article","og_title":"CONVENIO DE COLABORACI\u00d3N EN VALADARES","og_description":"El Ayuntamiento de Governador Valadares (Brasil) e Itaka - Escolapios Brasil tienen un convenio de colaboraci\u00f3n para el Centro Social de Itaka en esta ciudad para la promoci\u00f3n de actividades socio-asistenciales que ayuden al desarrollo de ni\u00f1os, ni\u00f1as y adolescentes.","og_url":"https:\/\/www.itakaescolapios.org\/fr\/2019\/08\/portugues-termo-de-colaboracao-2019-3\/","og_site_name":"Itaka-Escolapios","article_published_time":"2019-08-22T19:26:36+00:00","article_modified_time":"2023-11-28T11:36:44+00:00","og_image":[{"width":1061,"height":1500,"url":"https:\/\/www.itakaescolapios.org\/wp-content\/uploads\/2019\/08\/Termo.jpg","type":"image\/jpeg"}],"author":"brasil03","twitter_card":"summary_large_image","twitter_misc":{"\u00c9crit par":"brasil03"},"schema":{"@context":"https:\/\/schema.org","@graph":[{"@type":"Article","@id":"https:\/\/www.itakaescolapios.org\/fr\/2019\/08\/portugues-termo-de-colaboracao-2019-3\/#article","isPartOf":{"@id":"https:\/\/www.itakaescolapios.org\/fr\/2019\/08\/portugues-termo-de-colaboracao-2019-3\/"},"author":{"name":"brasil03","@id":"https:\/\/www.itakaescolapios.org\/es\/#\/schema\/person\/9c761c62049293fc36e6c91e429de3d5"},"headline":"CONVENIO DE COLABORACI\u00d3N EN VALADARES","datePublished":"2019-08-22T19:26:36+00:00","dateModified":"2023-11-28T11:36:44+00:00","mainEntityOfPage":{"@id":"https:\/\/www.itakaescolapios.org\/fr\/2019\/08\/portugues-termo-de-colaboracao-2019-3\/"},"wordCount":50,"publisher":{"@id":"https:\/\/www.itakaescolapios.org\/es\/#organization"},"image":{"@id":"https:\/\/www.itakaescolapios.org\/fr\/2019\/08\/portugues-termo-de-colaboracao-2019-3\/#primaryimage"},"thumbnailUrl":"https:\/\/www.itakaescolapios.org\/wp-content\/uploads\/2019\/08\/Termo.jpg","articleSection":["Governador Valadares"],"inLanguage":"fr-FR"},{"@type":"WebPage","@id":"https:\/\/www.itakaescolapios.org\/fr\/2019\/08\/portugues-termo-de-colaboracao-2019-3\/","url":"https:\/\/www.itakaescolapios.org\/fr\/2019\/08\/portugues-termo-de-colaboracao-2019-3\/","name":"CONVENIO DE COLABORACI\u00d3N EN VALADARES - Itaka-Escolapios","isPartOf":{"@id":"https:\/\/www.itakaescolapios.org\/es\/#website"},"primaryImageOfPage":{"@id":"https:\/\/www.itakaescolapios.org\/fr\/2019\/08\/portugues-termo-de-colaboracao-2019-3\/#primaryimage"},"image":{"@id":"https:\/\/www.itakaescolapios.org\/fr\/2019\/08\/portugues-termo-de-colaboracao-2019-3\/#primaryimage"},"thumbnailUrl":"https:\/\/www.itakaescolapios.org\/wp-content\/uploads\/2019\/08\/Termo.jpg","datePublished":"2019-08-22T19:26:36+00:00","dateModified":"2023-11-28T11:36:44+00:00","breadcrumb":{"@id":"https:\/\/www.itakaescolapios.org\/fr\/2019\/08\/portugues-termo-de-colaboracao-2019-3\/#breadcrumb"},"inLanguage":"fr-FR","potentialAction":[{"@type":"ReadAction","target":["https:\/\/www.itakaescolapios.org\/fr\/2019\/08\/portugues-termo-de-colaboracao-2019-3\/"]}]},{"@type":"ImageObject","inLanguage":"fr-FR","@id":"https:\/\/www.itakaescolapios.org\/fr\/2019\/08\/portugues-termo-de-colaboracao-2019-3\/#primaryimage","url":"https:\/\/www.itakaescolapios.org\/wp-content\/uploads\/2019\/08\/Termo.jpg","contentUrl":"https:\/\/www.itakaescolapios.org\/wp-content\/uploads\/2019\/08\/Termo.jpg","width":1061,"height":1500,"caption":"Termo Completo"},{"@type":"BreadcrumbList","@id":"https:\/\/www.itakaescolapios.org\/fr\/2019\/08\/portugues-termo-de-colaboracao-2019-3\/#breadcrumb","itemListElement":[{"@type":"ListItem","position":1,"name":"Itaka-Escolapios","item":"https:\/\/www.itakaescolapios.org\/es\/"},{"@type":"ListItem","position":2,"name":"CONVENIO DE COLABORACI\u00d3N EN VALADARES"}]},{"@type":"WebSite","@id":"https:\/\/www.itakaescolapios.org\/fr\/es\/#website","url":"https:\/\/www.itakaescolapios.org\/fr\/es\/","name":"Itaka-Escolapios","description":"Red de Itaka-Escolapios","publisher":{"@id":"https:\/\/www.itakaescolapios.org\/fr\/es\/#organization"},"potentialAction":[{"@type":"SearchAction","target":{"@type":"EntryPoint","urlTemplate":"https:\/\/www.itakaescolapios.org\/fr\/es\/?s={search_term_string}"},"query-input":{"@type":"PropertyValueSpecification","valueRequired":true,"valueName":"search_term_string"}}],"inLanguage":"fr-FR"},{"@type":"Organization","@id":"https:\/\/www.itakaescolapios.org\/fr\/es\/#organization","name":"Fundaci\u00f3 Itaka-Escolapios","url":"https:\/\/www.itakaescolapios.org\/fr\/es\/","logo":{"@type":"ImageObject","inLanguage":"fr-FR","@id":"https:\/\/www.itakaescolapios.org\/fr\/es\/#\/schema\/logo\/image\/","url":"https:\/\/www.itakaescolapios.org\/wp-content\/uploads\/2024\/04\/Logo-itakaescolapios-peque.png","contentUrl":"https:\/\/www.itakaescolapios.org\/wp-content\/uploads\/2024\/04\/Logo-itakaescolapios-peque.png","width":500,"height":199,"caption":"Fundaci\u00f3 Itaka-Escolapios"},"image":{"@id":"https:\/\/www.itakaescolapios.org\/fr\/es\/#\/schema\/logo\/image\/"}},{"@type":"Person","@id":"https:\/\/www.itakaescolapios.org\/es\/#\/schema\/person\/9c761c62049293fc36e6c91e429de3d5","name":"brasil03","url":"https:\/\/www.itakaescolapios.org\/fr\/author\/brasil03\/"}]}},"_links":{"self":[{"href":"https:\/\/www.itakaescolapios.org\/fr\/wp-json\/wp\/v2\/posts\/28140","targetHints":{"allow":["GET"]}}],"collection":[{"href":"https:\/\/www.itakaescolapios.org\/fr\/wp-json\/wp\/v2\/posts"}],"about":[{"href":"https:\/\/www.itakaescolapios.org\/fr\/wp-json\/wp\/v2\/types\/post"}],"author":[{"embeddable":true,"href":"https:\/\/www.itakaescolapios.org\/fr\/wp-json\/wp\/v2\/users\/11"}],"replies":[{"embeddable":true,"href":"https:\/\/www.itakaescolapios.org\/fr\/wp-json\/wp\/v2\/comments?post=28140"}],"version-history":[{"count":6,"href":"https:\/\/www.itakaescolapios.org\/fr\/wp-json\/wp\/v2\/posts\/28140\/revisions"}],"predecessor-version":[{"id":45521,"href":"https:\/\/www.itakaescolapios.org\/fr\/wp-json\/wp\/v2\/posts\/28140\/revisions\/45521"}],"wp:featuredmedia":[{"embeddable":true,"href":"https:\/\/www.itakaescolapios.org\/fr\/wp-json\/wp\/v2\/media\/28134"}],"wp:attachment":[{"href":"https:\/\/www.itakaescolapios.org\/fr\/wp-json\/wp\/v2\/media?parent=28140"}],"wp:term":[{"taxonomy":"category","embeddable":true,"href":"https:\/\/www.itakaescolapios.org\/fr\/wp-json\/wp\/v2\/categories?post=28140"},{"taxonomy":"post_tag","embeddable":true,"href":"https:\/\/www.itakaescolapios.org\/fr\/wp-json\/wp\/v2\/tags?post=28140"}],"curies":[{"name":"wp","href":"https:\/\/api.w.org\/{rel}","templated":true}]}}