{"id":28384,"date":"2019-10-01T08:08:08","date_gmt":"2019-10-01T07:08:08","guid":{"rendered":"https:\/\/www.itakaescolapios.org\/?p=28384"},"modified":"2023-11-28T12:36:42","modified_gmt":"2023-11-28T11:36:42","slug":"encuentro-del-equipo-de-captacion-de-recursos-y-tecnicos-pais","status":"publish","type":"post","link":"https:\/\/www.itakaescolapios.org\/fr\/2019\/10\/encuentro-del-equipo-de-captacion-de-recursos-y-tecnicos-pais\/","title":{"rendered":"RENCONTRE DE L\u2019\u00c9QUIPE DE MOBILISATION DES RESSOURCES ET DES R\u00c9F\u00c9RENTS-PAYS"},"content":{"rendered":"<p>Du 30 septembre au 2 octobre, les membres des deux \u00e9quipes se r\u00e9unissent \u00e0 Saragosse pour travailler diff\u00e9rents th\u00e9matiques relatives \u00e0 leurs t\u00e2ches quotidiennes.<br \/>\n&#8211;\tRevue de l\u2019exercice 2018-19 et d\u00e9fis du r\u00e9seau pour 2019-20<br \/>\n&#8211;\tAm\u00e9liorations dans la gestion de l&rsquo;accompagnement des donateurs et dans la gestion administrative.<br \/>\n&#8211;\tParticipation \u00e0 la campagne de solidarit\u00e9.<br \/>\n&#8211;\tAvancer dans la formulation de projets piaristes en nous basant sur une approche ax\u00e9e sur les droits de l&rsquo;homme.<br \/>\nParticipent \u00e0 cette rencontre des Charg\u00e9s de projets et R\u00e9f\u00e9rents-Pays des \u00e9quipes d\u00e9marcationnelles de l&rsquo;Afrique Centrale, B\u00e9thanie et Emma\u00fcs.<\/p>\n","protected":false},"excerpt":{"rendered":"<p>Du 30 septembre au 2 octobre, les membres des deux \u00e9quipes se r\u00e9unissent \u00e0 Saragosse pour travailler diff\u00e9rents th\u00e9matiques relatives \u00e0 leurs t\u00e2ches quotidiennes. &#8211; Revue de l\u2019exercice 2018-19 et [&hellip;]<\/p>\n","protected":false},"author":46,"featured_media":28385,"comment_status":"closed","ping_status":"closed","sticky":false,"template":"","format":"standard","meta":{"_et_pb_use_builder":"","_et_pb_old_content":"","_et_gb_content_width":"","footnotes":""},"categories":[53,30],"tags":[],"class_list":["post-28384","post","type-post","status-publish","format-standard","has-post-thumbnail","hentry","category-africa-central","category-itaka-escolapios"],"yoast_head":"<!-- This site is optimized with the Yoast SEO plugin v27.4 - https:\/\/yoast.com\/product\/yoast-seo-wordpress\/ -->\n<title>RENCONTRE DE L\u2019\u00c9QUIPE DE MOBILISATION DES RESSOURCES ET DES R\u00c9F\u00c9RENTS-PAYS<\/title>\n<meta name=\"description\" content=\"Du 30 septembre au 2 octobre, les membres des deux \u00e9quipes se r\u00e9unissent \u00e0 Saragosse pour travailler diff\u00e9rents th\u00e9matiques relatives \u00e0 leurs t\u00e2ches quotidiennes. - Revue de l\u2019exercice 2018-19 et d\u00e9fis du r\u00e9seau pour 2019-20 - Am\u00e9liorations dans la gestion de l&#039;accompagnement des donateurs et dans la gestion administrative. - Participation \u00e0 la campagne de\u2026\" \/>\n<meta name=\"robots\" content=\"index, follow, max-snippet:-1, max-image-preview:large, max-video-preview:-1\" \/>\n<link rel=\"canonical\" href=\"http:\/\/Du%2030%20septembre%20au%202%20octobre,%20les%20membres%20des%20deux%20\u00e9quipes%20se%20r\u00e9unissent%20\u00e0%20Saragosse%20pour%20travailler%20diff\u00e9rents%20th\u00e9matiques%20relatives%20\u00e0%20leurs%20t\u00e2ches%20quotidiennes.%20-%20Revue%20de%20l\u2019exercice%202018-19%20et%20d\u00e9fis%20du%20r\u00e9seau%20pour%202019-20%20-%20Am\u00e9liorations%20dans%20la%20gestion%20de%20l'accompagnement%20des%20donateurs%20et%20dans%20la%20gestion%20administrative.%20-%20Participation%20\u00e0%20la%20campagne%20de\u2026\" \/>\n<meta property=\"og:locale\" content=\"fr_FR\" \/>\n<meta property=\"og:type\" content=\"article\" \/>\n<meta property=\"og:title\" content=\"RENCONTRE DE L\u2019\u00c9QUIPE DE MOBILISATION DES RESSOURCES ET DES R\u00c9F\u00c9RENTS-PAYS\" \/>\n<meta property=\"og:description\" content=\"Du 30 septembre au 2 octobre, les membres des deux \u00e9quipes se r\u00e9unissent \u00e0 Saragosse pour travailler diff\u00e9rents th\u00e9matiques relatives \u00e0 leurs t\u00e2ches quotidiennes. - Revue de l\u2019exercice 2018-19 et d\u00e9fis du r\u00e9seau pour 2019-20 - Am\u00e9liorations dans la gestion de l&#039;accompagnement des donateurs et dans la gestion administrative. - Participation \u00e0 la campagne de\u2026\" \/>\n<meta property=\"og:url\" content=\"https:\/\/www.itakaescolapios.org\/fr\/2019\/10\/encuentro-del-equipo-de-captacion-de-recursos-y-tecnicos-pais\/\" \/>\n<meta property=\"og:site_name\" content=\"Itaka-Escolapios\" \/>\n<meta property=\"article:published_time\" content=\"2019-10-01T07:08:08+00:00\" \/>\n<meta property=\"article:modified_time\" content=\"2023-11-28T11:36:42+00:00\" \/>\n<meta property=\"og:image\" content=\"https:\/\/www.itakaescolapios.org\/wp-content\/uploads\/2019\/10\/Reuni\u00f3n-Zaragoza.jpg\" \/>\n\t<meta property=\"og:image:width\" content=\"1178\" \/>\n\t<meta property=\"og:image:height\" content=\"730\" \/>\n\t<meta property=\"og:image:type\" content=\"image\/jpeg\" \/>\n<meta name=\"author\" content=\"itakaescolapios\" \/>\n<meta name=\"twitter:card\" content=\"summary_large_image\" \/>\n<meta name=\"twitter:label1\" content=\"\u00c9crit par\" \/>\n\t<meta name=\"twitter:data1\" content=\"itakaescolapios\" \/>\n\t<meta name=\"twitter:label2\" content=\"Dur\u00e9e de lecture estim\u00e9e\" \/>\n\t<meta name=\"twitter:data2\" content=\"1 minute\" \/>\n<script type=\"application\/ld+json\" class=\"yoast-schema-graph\">{\"@context\":\"https:\\\/\\\/schema.org\",\"@graph\":[{\"@type\":\"Article\",\"@id\":\"https:\\\/\\\/www.itakaescolapios.org\\\/fr\\\/2019\\\/10\\\/encuentro-del-equipo-de-captacion-de-recursos-y-tecnicos-pais\\\/#article\",\"isPartOf\":{\"@id\":\"https:\\\/\\\/www.itakaescolapios.org\\\/fr\\\/2019\\\/10\\\/encuentro-del-equipo-de-captacion-de-recursos-y-tecnicos-pais\\\/\"},\"author\":{\"name\":\"itakaescolapios\",\"@id\":\"https:\\\/\\\/www.itakaescolapios.org\\\/es\\\/#\\\/schema\\\/person\\\/768ce0f19db5c2c2b6361e77e15db2db\"},\"headline\":\"RENCONTRE DE L\u2019\u00c9QUIPE DE MOBILISATION DES RESSOURCES ET DES R\u00c9F\u00c9RENTS-PAYS\",\"datePublished\":\"2019-10-01T07:08:08+00:00\",\"dateModified\":\"2023-11-28T11:36:42+00:00\",\"mainEntityOfPage\":{\"@id\":\"https:\\\/\\\/www.itakaescolapios.org\\\/fr\\\/2019\\\/10\\\/encuentro-del-equipo-de-captacion-de-recursos-y-tecnicos-pais\\\/\"},\"wordCount\":115,\"publisher\":{\"@id\":\"https:\\\/\\\/www.itakaescolapios.org\\\/es\\\/#organization\"},\"image\":{\"@id\":\"https:\\\/\\\/www.itakaescolapios.org\\\/fr\\\/2019\\\/10\\\/encuentro-del-equipo-de-captacion-de-recursos-y-tecnicos-pais\\\/#primaryimage\"},\"thumbnailUrl\":\"https:\\\/\\\/www.itakaescolapios.org\\\/wp-content\\\/uploads\\\/2019\\\/10\\\/Reuni\u00f3n-Zaragoza.jpg\",\"articleSection\":[\"Afrique centrale\",\"Itaka Escolapios\"],\"inLanguage\":\"fr-FR\"},{\"@type\":\"WebPage\",\"@id\":\"https:\\\/\\\/www.itakaescolapios.org\\\/fr\\\/2019\\\/10\\\/encuentro-del-equipo-de-captacion-de-recursos-y-tecnicos-pais\\\/\",\"url\":\"https:\\\/\\\/www.itakaescolapios.org\\\/fr\\\/2019\\\/10\\\/encuentro-del-equipo-de-captacion-de-recursos-y-tecnicos-pais\\\/\",\"name\":\"ENCUENTRO DEL EQUIPO DE CAPTACI\u00d3N DE RECURSOS Y T\u00c9CNICOS PA\u00cdS. - Itaka-Escolapios\",\"isPartOf\":{\"@id\":\"https:\\\/\\\/www.itakaescolapios.org\\\/es\\\/#website\"},\"primaryImageOfPage\":{\"@id\":\"https:\\\/\\\/www.itakaescolapios.org\\\/fr\\\/2019\\\/10\\\/encuentro-del-equipo-de-captacion-de-recursos-y-tecnicos-pais\\\/#primaryimage\"},\"image\":{\"@id\":\"https:\\\/\\\/www.itakaescolapios.org\\\/fr\\\/2019\\\/10\\\/encuentro-del-equipo-de-captacion-de-recursos-y-tecnicos-pais\\\/#primaryimage\"},\"thumbnailUrl\":\"https:\\\/\\\/www.itakaescolapios.org\\\/wp-content\\\/uploads\\\/2019\\\/10\\\/Reuni\u00f3n-Zaragoza.jpg\",\"datePublished\":\"2019-10-01T07:08:08+00:00\",\"dateModified\":\"2023-11-28T11:36:42+00:00\",\"breadcrumb\":{\"@id\":\"https:\\\/\\\/www.itakaescolapios.org\\\/fr\\\/2019\\\/10\\\/encuentro-del-equipo-de-captacion-de-recursos-y-tecnicos-pais\\\/#breadcrumb\"},\"inLanguage\":\"fr-FR\",\"potentialAction\":[{\"@type\":\"ReadAction\",\"target\":[\"https:\\\/\\\/www.itakaescolapios.org\\\/fr\\\/2019\\\/10\\\/encuentro-del-equipo-de-captacion-de-recursos-y-tecnicos-pais\\\/\"]}]},{\"@type\":\"ImageObject\",\"inLanguage\":\"fr-FR\",\"@id\":\"https:\\\/\\\/www.itakaescolapios.org\\\/fr\\\/2019\\\/10\\\/encuentro-del-equipo-de-captacion-de-recursos-y-tecnicos-pais\\\/#primaryimage\",\"url\":\"https:\\\/\\\/www.itakaescolapios.org\\\/wp-content\\\/uploads\\\/2019\\\/10\\\/Reuni\u00f3n-Zaragoza.jpg\",\"contentUrl\":\"https:\\\/\\\/www.itakaescolapios.org\\\/wp-content\\\/uploads\\\/2019\\\/10\\\/Reuni\u00f3n-Zaragoza.jpg\",\"width\":1178,\"height\":730},{\"@type\":\"BreadcrumbList\",\"@id\":\"https:\\\/\\\/www.itakaescolapios.org\\\/fr\\\/2019\\\/10\\\/encuentro-del-equipo-de-captacion-de-recursos-y-tecnicos-pais\\\/#breadcrumb\",\"itemListElement\":[{\"@type\":\"ListItem\",\"position\":1,\"name\":\"Itaka-Escolapios\",\"item\":\"https:\\\/\\\/www.itakaescolapios.org\\\/es\\\/\"},{\"@type\":\"ListItem\",\"position\":2,\"name\":\"RENCONTRE DE L\u2019\u00c9QUIPE DE MOBILISATION DES RESSOURCES ET DES R\u00c9F\u00c9RENTS-PAYS\"}]},{\"@type\":\"WebSite\",\"@id\":\"https:\\\/\\\/www.itakaescolapios.org\\\/fr\\\/es\\\/#website\",\"url\":\"https:\\\/\\\/www.itakaescolapios.org\\\/fr\\\/es\\\/\",\"name\":\"Itaka-Escolapios\",\"description\":\"Red de Itaka-Escolapios\",\"publisher\":{\"@id\":\"https:\\\/\\\/www.itakaescolapios.org\\\/fr\\\/es\\\/#organization\"},\"potentialAction\":[{\"@type\":\"SearchAction\",\"target\":{\"@type\":\"EntryPoint\",\"urlTemplate\":\"https:\\\/\\\/www.itakaescolapios.org\\\/fr\\\/es\\\/?s={search_term_string}\"},\"query-input\":{\"@type\":\"PropertyValueSpecification\",\"valueRequired\":true,\"valueName\":\"search_term_string\"}}],\"inLanguage\":\"fr-FR\"},{\"@type\":\"Organization\",\"@id\":\"https:\\\/\\\/www.itakaescolapios.org\\\/fr\\\/es\\\/#organization\",\"name\":\"Fundaci\u00f3 Itaka-Escolapios\",\"url\":\"https:\\\/\\\/www.itakaescolapios.org\\\/fr\\\/es\\\/\",\"logo\":{\"@type\":\"ImageObject\",\"inLanguage\":\"fr-FR\",\"@id\":\"https:\\\/\\\/www.itakaescolapios.org\\\/fr\\\/es\\\/#\\\/schema\\\/logo\\\/image\\\/\",\"url\":\"https:\\\/\\\/www.itakaescolapios.org\\\/wp-content\\\/uploads\\\/2024\\\/04\\\/Logo-itakaescolapios-peque.png\",\"contentUrl\":\"https:\\\/\\\/www.itakaescolapios.org\\\/wp-content\\\/uploads\\\/2024\\\/04\\\/Logo-itakaescolapios-peque.png\",\"width\":500,\"height\":199,\"caption\":\"Fundaci\u00f3 Itaka-Escolapios\"},\"image\":{\"@id\":\"https:\\\/\\\/www.itakaescolapios.org\\\/fr\\\/es\\\/#\\\/schema\\\/logo\\\/image\\\/\"}},{\"@type\":\"Person\",\"@id\":\"https:\\\/\\\/www.itakaescolapios.org\\\/es\\\/#\\\/schema\\\/person\\\/768ce0f19db5c2c2b6361e77e15db2db\",\"name\":\"itakaescolapios\",\"url\":\"https:\\\/\\\/www.itakaescolapios.org\\\/fr\\\/author\\\/itakaescolapios\\\/\"}]}<\/script>\n<!-- \/ Yoast SEO plugin. -->","yoast_head_json":{"title":"RENCONTRE DE L\u2019\u00c9QUIPE DE MOBILISATION DES RESSOURCES ET DES R\u00c9F\u00c9RENTS-PAYS","description":"Du 30 septembre au 2 octobre, les membres des deux \u00e9quipes se r\u00e9unissent \u00e0 Saragosse pour travailler diff\u00e9rents th\u00e9matiques relatives \u00e0 leurs t\u00e2ches quotidiennes. - Revue de l\u2019exercice 2018-19 et d\u00e9fis du r\u00e9seau pour 2019-20 - Am\u00e9liorations dans la gestion de l'accompagnement des donateurs et dans la gestion administrative. - Participation \u00e0 la campagne de\u2026","robots":{"index":"index","follow":"follow","max-snippet":"max-snippet:-1","max-image-preview":"max-image-preview:large","max-video-preview":"max-video-preview:-1"},"canonical":"Du 30 septembre au 2 octobre, les membres des deux \u00e9quipes se r\u00e9unissent \u00e0 Saragosse pour travailler diff\u00e9rents th\u00e9matiques relatives \u00e0 leurs t\u00e2ches quotidiennes. - Revue de l\u2019exercice 2018-19 et d\u00e9fis du r\u00e9seau pour 2019-20 - Am\u00e9liorations dans la gestion de l'accompagnement des donateurs et dans la gestion administrative. - Participation \u00e0 la campagne de\u2026","og_locale":"fr_FR","og_type":"article","og_title":"RENCONTRE DE L\u2019\u00c9QUIPE DE MOBILISATION DES RESSOURCES ET DES R\u00c9F\u00c9RENTS-PAYS","og_description":"Du 30 septembre au 2 octobre, les membres des deux \u00e9quipes se r\u00e9unissent \u00e0 Saragosse pour travailler diff\u00e9rents th\u00e9matiques relatives \u00e0 leurs t\u00e2ches quotidiennes. - Revue de l\u2019exercice 2018-19 et d\u00e9fis du r\u00e9seau pour 2019-20 - Am\u00e9liorations dans la gestion de l'accompagnement des donateurs et dans la gestion administrative. - Participation \u00e0 la campagne de\u2026","og_url":"https:\/\/www.itakaescolapios.org\/fr\/2019\/10\/encuentro-del-equipo-de-captacion-de-recursos-y-tecnicos-pais\/","og_site_name":"Itaka-Escolapios","article_published_time":"2019-10-01T07:08:08+00:00","article_modified_time":"2023-11-28T11:36:42+00:00","og_image":[{"width":1178,"height":730,"url":"https:\/\/www.itakaescolapios.org\/wp-content\/uploads\/2019\/10\/Reuni\u00f3n-Zaragoza.jpg","type":"image\/jpeg"}],"author":"itakaescolapios","twitter_card":"summary_large_image","twitter_misc":{"\u00c9crit par":"itakaescolapios","Dur\u00e9e de lecture estim\u00e9e":"1 minute"},"schema":{"@context":"https:\/\/schema.org","@graph":[{"@type":"Article","@id":"https:\/\/www.itakaescolapios.org\/fr\/2019\/10\/encuentro-del-equipo-de-captacion-de-recursos-y-tecnicos-pais\/#article","isPartOf":{"@id":"https:\/\/www.itakaescolapios.org\/fr\/2019\/10\/encuentro-del-equipo-de-captacion-de-recursos-y-tecnicos-pais\/"},"author":{"name":"itakaescolapios","@id":"https:\/\/www.itakaescolapios.org\/es\/#\/schema\/person\/768ce0f19db5c2c2b6361e77e15db2db"},"headline":"RENCONTRE DE L\u2019\u00c9QUIPE DE MOBILISATION DES RESSOURCES ET DES R\u00c9F\u00c9RENTS-PAYS","datePublished":"2019-10-01T07:08:08+00:00","dateModified":"2023-11-28T11:36:42+00:00","mainEntityOfPage":{"@id":"https:\/\/www.itakaescolapios.org\/fr\/2019\/10\/encuentro-del-equipo-de-captacion-de-recursos-y-tecnicos-pais\/"},"wordCount":115,"publisher":{"@id":"https:\/\/www.itakaescolapios.org\/es\/#organization"},"image":{"@id":"https:\/\/www.itakaescolapios.org\/fr\/2019\/10\/encuentro-del-equipo-de-captacion-de-recursos-y-tecnicos-pais\/#primaryimage"},"thumbnailUrl":"https:\/\/www.itakaescolapios.org\/wp-content\/uploads\/2019\/10\/Reuni\u00f3n-Zaragoza.jpg","articleSection":["Afrique centrale","Itaka Escolapios"],"inLanguage":"fr-FR"},{"@type":"WebPage","@id":"https:\/\/www.itakaescolapios.org\/fr\/2019\/10\/encuentro-del-equipo-de-captacion-de-recursos-y-tecnicos-pais\/","url":"https:\/\/www.itakaescolapios.org\/fr\/2019\/10\/encuentro-del-equipo-de-captacion-de-recursos-y-tecnicos-pais\/","name":"ENCUENTRO DEL EQUIPO DE CAPTACI\u00d3N DE RECURSOS Y T\u00c9CNICOS PA\u00cdS. - Itaka-Escolapios","isPartOf":{"@id":"https:\/\/www.itakaescolapios.org\/es\/#website"},"primaryImageOfPage":{"@id":"https:\/\/www.itakaescolapios.org\/fr\/2019\/10\/encuentro-del-equipo-de-captacion-de-recursos-y-tecnicos-pais\/#primaryimage"},"image":{"@id":"https:\/\/www.itakaescolapios.org\/fr\/2019\/10\/encuentro-del-equipo-de-captacion-de-recursos-y-tecnicos-pais\/#primaryimage"},"thumbnailUrl":"https:\/\/www.itakaescolapios.org\/wp-content\/uploads\/2019\/10\/Reuni\u00f3n-Zaragoza.jpg","datePublished":"2019-10-01T07:08:08+00:00","dateModified":"2023-11-28T11:36:42+00:00","breadcrumb":{"@id":"https:\/\/www.itakaescolapios.org\/fr\/2019\/10\/encuentro-del-equipo-de-captacion-de-recursos-y-tecnicos-pais\/#breadcrumb"},"inLanguage":"fr-FR","potentialAction":[{"@type":"ReadAction","target":["https:\/\/www.itakaescolapios.org\/fr\/2019\/10\/encuentro-del-equipo-de-captacion-de-recursos-y-tecnicos-pais\/"]}]},{"@type":"ImageObject","inLanguage":"fr-FR","@id":"https:\/\/www.itakaescolapios.org\/fr\/2019\/10\/encuentro-del-equipo-de-captacion-de-recursos-y-tecnicos-pais\/#primaryimage","url":"https:\/\/www.itakaescolapios.org\/wp-content\/uploads\/2019\/10\/Reuni\u00f3n-Zaragoza.jpg","contentUrl":"https:\/\/www.itakaescolapios.org\/wp-content\/uploads\/2019\/10\/Reuni\u00f3n-Zaragoza.jpg","width":1178,"height":730},{"@type":"BreadcrumbList","@id":"https:\/\/www.itakaescolapios.org\/fr\/2019\/10\/encuentro-del-equipo-de-captacion-de-recursos-y-tecnicos-pais\/#breadcrumb","itemListElement":[{"@type":"ListItem","position":1,"name":"Itaka-Escolapios","item":"https:\/\/www.itakaescolapios.org\/es\/"},{"@type":"ListItem","position":2,"name":"RENCONTRE DE L\u2019\u00c9QUIPE DE MOBILISATION DES RESSOURCES ET DES R\u00c9F\u00c9RENTS-PAYS"}]},{"@type":"WebSite","@id":"https:\/\/www.itakaescolapios.org\/fr\/es\/#website","url":"https:\/\/www.itakaescolapios.org\/fr\/es\/","name":"Itaka-Escolapios","description":"Red de Itaka-Escolapios","publisher":{"@id":"https:\/\/www.itakaescolapios.org\/fr\/es\/#organization"},"potentialAction":[{"@type":"SearchAction","target":{"@type":"EntryPoint","urlTemplate":"https:\/\/www.itakaescolapios.org\/fr\/es\/?s={search_term_string}"},"query-input":{"@type":"PropertyValueSpecification","valueRequired":true,"valueName":"search_term_string"}}],"inLanguage":"fr-FR"},{"@type":"Organization","@id":"https:\/\/www.itakaescolapios.org\/fr\/es\/#organization","name":"Fundaci\u00f3 Itaka-Escolapios","url":"https:\/\/www.itakaescolapios.org\/fr\/es\/","logo":{"@type":"ImageObject","inLanguage":"fr-FR","@id":"https:\/\/www.itakaescolapios.org\/fr\/es\/#\/schema\/logo\/image\/","url":"https:\/\/www.itakaescolapios.org\/wp-content\/uploads\/2024\/04\/Logo-itakaescolapios-peque.png","contentUrl":"https:\/\/www.itakaescolapios.org\/wp-content\/uploads\/2024\/04\/Logo-itakaescolapios-peque.png","width":500,"height":199,"caption":"Fundaci\u00f3 Itaka-Escolapios"},"image":{"@id":"https:\/\/www.itakaescolapios.org\/fr\/es\/#\/schema\/logo\/image\/"}},{"@type":"Person","@id":"https:\/\/www.itakaescolapios.org\/es\/#\/schema\/person\/768ce0f19db5c2c2b6361e77e15db2db","name":"itakaescolapios","url":"https:\/\/www.itakaescolapios.org\/fr\/author\/itakaescolapios\/"}]}},"_links":{"self":[{"href":"https:\/\/www.itakaescolapios.org\/fr\/wp-json\/wp\/v2\/posts\/28384","targetHints":{"allow":["GET"]}}],"collection":[{"href":"https:\/\/www.itakaescolapios.org\/fr\/wp-json\/wp\/v2\/posts"}],"about":[{"href":"https:\/\/www.itakaescolapios.org\/fr\/wp-json\/wp\/v2\/types\/post"}],"author":[{"embeddable":true,"href":"https:\/\/www.itakaescolapios.org\/fr\/wp-json\/wp\/v2\/users\/46"}],"replies":[{"embeddable":true,"href":"https:\/\/www.itakaescolapios.org\/fr\/wp-json\/wp\/v2\/comments?post=28384"}],"version-history":[{"count":11,"href":"https:\/\/www.itakaescolapios.org\/fr\/wp-json\/wp\/v2\/posts\/28384\/revisions"}],"predecessor-version":[{"id":45451,"href":"https:\/\/www.itakaescolapios.org\/fr\/wp-json\/wp\/v2\/posts\/28384\/revisions\/45451"}],"wp:featuredmedia":[{"embeddable":true,"href":"https:\/\/www.itakaescolapios.org\/fr\/wp-json\/wp\/v2\/media\/28385"}],"wp:attachment":[{"href":"https:\/\/www.itakaescolapios.org\/fr\/wp-json\/wp\/v2\/media?parent=28384"}],"wp:term":[{"taxonomy":"category","embeddable":true,"href":"https:\/\/www.itakaescolapios.org\/fr\/wp-json\/wp\/v2\/categories?post=28384"},{"taxonomy":"post_tag","embeddable":true,"href":"https:\/\/www.itakaescolapios.org\/fr\/wp-json\/wp\/v2\/tags?post=28384"}],"curies":[{"name":"wp","href":"https:\/\/api.w.org\/{rel}","templated":true}]}}