{"id":28517,"date":"2019-10-15T13:52:12","date_gmt":"2019-10-15T12:52:12","guid":{"rendered":"https:\/\/www.itakaescolapios.org\/?p=28517"},"modified":"2023-11-28T12:36:41","modified_gmt":"2023-11-28T11:36:41","slug":"itaka-cumple-34-anos","status":"publish","type":"post","link":"https:\/\/www.itakaescolapios.org\/fr\/2019\/10\/itaka-cumple-34-anos\/","title":{"rendered":"ITAKA CUMPLE 34 A\u00d1OS"},"content":{"rendered":"<p>La \u00ab\u00a0prehistoria\u00a0\u00bb de nuestra Red internacional Itaka &#8211; Escolapios comienza el 15 de octubre de 1985 con el reconocimiento de la Asociaci\u00f3n Itaka que nace para llevar adelante proyectos sociales m\u00e1s all\u00e1 de colegio de Bilbao, para conseguir subvenciones para ello y para comenzar el Gesto por la Paz (una iniciativa para movilizar a las gentes pidiendo el cese de la violencia terrorista en el Pa\u00eds Vasco).<\/p>\n<p>Diecis\u00e9is a\u00f1os m\u00e1s tarde, aquella asociaci\u00f3n Itaka, junto con otras semejantes en la misma ciudad y en otras, se unen para crear el 9 de marzo de 2001, la Fundaci\u00f3n Itaka &#8211; Escolapios, como entidad creada por la Orden y la Fraternidad para caminar juntos en el impulso de la misi\u00f3n escolapia donde fuera necesario.<\/p>\n<p>Hoy tenemos que alegrarnos en este cumplea\u00f1os.<\/p>\n","protected":false},"excerpt":{"rendered":"<p>La \u00ab\u00a0prehistoria\u00a0\u00bb de nuestra Red internacional Itaka &#8211; Escolapios comienza el 15 de octubre de 1985 con el reconocimiento de la Asociaci\u00f3n Itaka que nace para llevar adelante proyectos sociales [&hellip;]<\/p>\n","protected":false},"author":4,"featured_media":28518,"comment_status":"closed","ping_status":"closed","sticky":false,"template":"","format":"standard","meta":{"_et_pb_use_builder":"","_et_pb_old_content":"","_et_gb_content_width":"","footnotes":""},"categories":[30],"tags":[],"class_list":["post-28517","post","type-post","status-publish","format-standard","has-post-thumbnail","hentry","category-itaka-escolapios"],"yoast_head":"<!-- This site is optimized with the Yoast SEO plugin v27.4 - https:\/\/yoast.com\/product\/yoast-seo-wordpress\/ -->\n<title>ITAKA CUMPLE 34 A\u00d1OS<\/title>\n<meta name=\"description\" content=\"La &quot;prehistoria&quot; de nuestra Red internacional Itaka - Escolapios comienza el 15 de octubre de 1985 con el reconocimiento de la Asociaci\u00f3n Itaka que nace para llevar adelante proyectos sociales m\u00e1s all\u00e1 de colegio de Bilbao, para conseguir subvenciones para ello y para comenzar el Gesto por la Paz (una iniciativa para movilizar a las\u2026\" \/>\n<meta name=\"robots\" content=\"index, follow, max-snippet:-1, max-image-preview:large, max-video-preview:-1\" \/>\n<link rel=\"canonical\" href=\"http:\/\/La%20prehistoria%20de%20nuestra%20Red%20internacional%20Itaka%20-%20Escolapios%20comienza%20el%2015%20de%20octubre%20de%201985%20con%20el%20reconocimiento%20de%20la%20Asociaci\u00f3n%20Itaka%20que%20nace%20para%20llevar%20adelante%20proyectos%20sociales%20m\u00e1s%20all\u00e1%20de%20colegio%20de%20Bilbao,%20para%20conseguir%20subvenciones%20para%20ello%20y%20para%20comenzar%20el%20Gesto%20por%20la%20Paz%20(una%20iniciativa%20para%20movilizar%20a%20las\u2026\" \/>\n<meta property=\"og:locale\" content=\"fr_FR\" \/>\n<meta property=\"og:type\" content=\"article\" \/>\n<meta property=\"og:title\" content=\"ITAKA CUMPLE 34 A\u00d1OS\" \/>\n<meta property=\"og:description\" content=\"La &quot;prehistoria&quot; de nuestra Red internacional Itaka - Escolapios comienza el 15 de octubre de 1985 con el reconocimiento de la Asociaci\u00f3n Itaka que nace para llevar adelante proyectos sociales m\u00e1s all\u00e1 de colegio de Bilbao, para conseguir subvenciones para ello y para comenzar el Gesto por la Paz (una iniciativa para movilizar a las\u2026\" \/>\n<meta property=\"og:url\" content=\"https:\/\/www.itakaescolapios.org\/fr\/2019\/10\/itaka-cumple-34-anos\/\" \/>\n<meta property=\"og:site_name\" content=\"Itaka-Escolapios\" \/>\n<meta property=\"article:published_time\" content=\"2019-10-15T12:52:12+00:00\" \/>\n<meta property=\"article:modified_time\" content=\"2023-11-28T11:36:41+00:00\" \/>\n<meta property=\"og:image\" content=\"https:\/\/www.itakaescolapios.org\/wp-content\/uploads\/2019\/10\/1felici.jpg\" \/>\n\t<meta property=\"og:image:width\" content=\"225\" \/>\n\t<meta property=\"og:image:height\" content=\"225\" \/>\n\t<meta property=\"og:image:type\" content=\"image\/jpeg\" \/>\n<meta name=\"author\" content=\"itaka\" \/>\n<meta name=\"twitter:card\" content=\"summary_large_image\" \/>\n<meta name=\"twitter:label1\" content=\"\u00c9crit par\" \/>\n\t<meta name=\"twitter:data1\" content=\"itaka\" \/>\n\t<meta name=\"twitter:label2\" content=\"Dur\u00e9e de lecture estim\u00e9e\" \/>\n\t<meta name=\"twitter:data2\" content=\"1 minute\" \/>\n<script type=\"application\/ld+json\" class=\"yoast-schema-graph\">{\"@context\":\"https:\\\/\\\/schema.org\",\"@graph\":[{\"@type\":\"Article\",\"@id\":\"https:\\\/\\\/www.itakaescolapios.org\\\/fr\\\/2019\\\/10\\\/itaka-cumple-34-anos\\\/#article\",\"isPartOf\":{\"@id\":\"https:\\\/\\\/www.itakaescolapios.org\\\/fr\\\/2019\\\/10\\\/itaka-cumple-34-anos\\\/\"},\"author\":{\"name\":\"itaka\",\"@id\":\"https:\\\/\\\/www.itakaescolapios.org\\\/es\\\/#\\\/schema\\\/person\\\/670123daeb1cc31cae1b106740036ccb\"},\"headline\":\"ITAKA CUMPLE 34 A\u00d1OS\",\"datePublished\":\"2019-10-15T12:52:12+00:00\",\"dateModified\":\"2023-11-28T11:36:41+00:00\",\"mainEntityOfPage\":{\"@id\":\"https:\\\/\\\/www.itakaescolapios.org\\\/fr\\\/2019\\\/10\\\/itaka-cumple-34-anos\\\/\"},\"wordCount\":139,\"publisher\":{\"@id\":\"https:\\\/\\\/www.itakaescolapios.org\\\/es\\\/#organization\"},\"image\":{\"@id\":\"https:\\\/\\\/www.itakaescolapios.org\\\/fr\\\/2019\\\/10\\\/itaka-cumple-34-anos\\\/#primaryimage\"},\"thumbnailUrl\":\"https:\\\/\\\/www.itakaescolapios.org\\\/wp-content\\\/uploads\\\/2019\\\/10\\\/1felici.jpg\",\"articleSection\":[\"Itaka Escolapios\"],\"inLanguage\":\"fr-FR\"},{\"@type\":\"WebPage\",\"@id\":\"https:\\\/\\\/www.itakaescolapios.org\\\/fr\\\/2019\\\/10\\\/itaka-cumple-34-anos\\\/\",\"url\":\"https:\\\/\\\/www.itakaescolapios.org\\\/fr\\\/2019\\\/10\\\/itaka-cumple-34-anos\\\/\",\"name\":\"ITAKA CUMPLE 34 A\u00d1OS - Itaka-Escolapios\",\"isPartOf\":{\"@id\":\"https:\\\/\\\/www.itakaescolapios.org\\\/es\\\/#website\"},\"primaryImageOfPage\":{\"@id\":\"https:\\\/\\\/www.itakaescolapios.org\\\/fr\\\/2019\\\/10\\\/itaka-cumple-34-anos\\\/#primaryimage\"},\"image\":{\"@id\":\"https:\\\/\\\/www.itakaescolapios.org\\\/fr\\\/2019\\\/10\\\/itaka-cumple-34-anos\\\/#primaryimage\"},\"thumbnailUrl\":\"https:\\\/\\\/www.itakaescolapios.org\\\/wp-content\\\/uploads\\\/2019\\\/10\\\/1felici.jpg\",\"datePublished\":\"2019-10-15T12:52:12+00:00\",\"dateModified\":\"2023-11-28T11:36:41+00:00\",\"breadcrumb\":{\"@id\":\"https:\\\/\\\/www.itakaescolapios.org\\\/fr\\\/2019\\\/10\\\/itaka-cumple-34-anos\\\/#breadcrumb\"},\"inLanguage\":\"fr-FR\",\"potentialAction\":[{\"@type\":\"ReadAction\",\"target\":[\"https:\\\/\\\/www.itakaescolapios.org\\\/fr\\\/2019\\\/10\\\/itaka-cumple-34-anos\\\/\"]}]},{\"@type\":\"ImageObject\",\"inLanguage\":\"fr-FR\",\"@id\":\"https:\\\/\\\/www.itakaescolapios.org\\\/fr\\\/2019\\\/10\\\/itaka-cumple-34-anos\\\/#primaryimage\",\"url\":\"https:\\\/\\\/www.itakaescolapios.org\\\/wp-content\\\/uploads\\\/2019\\\/10\\\/1felici.jpg\",\"contentUrl\":\"https:\\\/\\\/www.itakaescolapios.org\\\/wp-content\\\/uploads\\\/2019\\\/10\\\/1felici.jpg\",\"width\":225,\"height\":225},{\"@type\":\"BreadcrumbList\",\"@id\":\"https:\\\/\\\/www.itakaescolapios.org\\\/fr\\\/2019\\\/10\\\/itaka-cumple-34-anos\\\/#breadcrumb\",\"itemListElement\":[{\"@type\":\"ListItem\",\"position\":1,\"name\":\"Itaka-Escolapios\",\"item\":\"https:\\\/\\\/www.itakaescolapios.org\\\/es\\\/\"},{\"@type\":\"ListItem\",\"position\":2,\"name\":\"ITAKA CUMPLE 34 A\u00d1OS\"}]},{\"@type\":\"WebSite\",\"@id\":\"https:\\\/\\\/www.itakaescolapios.org\\\/fr\\\/es\\\/#website\",\"url\":\"https:\\\/\\\/www.itakaescolapios.org\\\/fr\\\/es\\\/\",\"name\":\"Itaka-Escolapios\",\"description\":\"Red de Itaka-Escolapios\",\"publisher\":{\"@id\":\"https:\\\/\\\/www.itakaescolapios.org\\\/fr\\\/es\\\/#organization\"},\"potentialAction\":[{\"@type\":\"SearchAction\",\"target\":{\"@type\":\"EntryPoint\",\"urlTemplate\":\"https:\\\/\\\/www.itakaescolapios.org\\\/fr\\\/es\\\/?s={search_term_string}\"},\"query-input\":{\"@type\":\"PropertyValueSpecification\",\"valueRequired\":true,\"valueName\":\"search_term_string\"}}],\"inLanguage\":\"fr-FR\"},{\"@type\":\"Organization\",\"@id\":\"https:\\\/\\\/www.itakaescolapios.org\\\/fr\\\/es\\\/#organization\",\"name\":\"Fundaci\u00f3 Itaka-Escolapios\",\"url\":\"https:\\\/\\\/www.itakaescolapios.org\\\/fr\\\/es\\\/\",\"logo\":{\"@type\":\"ImageObject\",\"inLanguage\":\"fr-FR\",\"@id\":\"https:\\\/\\\/www.itakaescolapios.org\\\/fr\\\/es\\\/#\\\/schema\\\/logo\\\/image\\\/\",\"url\":\"https:\\\/\\\/www.itakaescolapios.org\\\/wp-content\\\/uploads\\\/2024\\\/04\\\/Logo-itakaescolapios-peque.png\",\"contentUrl\":\"https:\\\/\\\/www.itakaescolapios.org\\\/wp-content\\\/uploads\\\/2024\\\/04\\\/Logo-itakaescolapios-peque.png\",\"width\":500,\"height\":199,\"caption\":\"Fundaci\u00f3 Itaka-Escolapios\"},\"image\":{\"@id\":\"https:\\\/\\\/www.itakaescolapios.org\\\/fr\\\/es\\\/#\\\/schema\\\/logo\\\/image\\\/\"}},{\"@type\":\"Person\",\"@id\":\"https:\\\/\\\/www.itakaescolapios.org\\\/es\\\/#\\\/schema\\\/person\\\/670123daeb1cc31cae1b106740036ccb\",\"name\":\"itaka\",\"url\":\"https:\\\/\\\/www.itakaescolapios.org\\\/fr\\\/author\\\/itaka\\\/\"}]}<\/script>\n<!-- \/ Yoast SEO plugin. -->","yoast_head_json":{"title":"ITAKA CUMPLE 34 A\u00d1OS","description":"La \"prehistoria\" de nuestra Red internacional Itaka - Escolapios comienza el 15 de octubre de 1985 con el reconocimiento de la Asociaci\u00f3n Itaka que nace para llevar adelante proyectos sociales m\u00e1s all\u00e1 de colegio de Bilbao, para conseguir subvenciones para ello y para comenzar el Gesto por la Paz (una iniciativa para movilizar a las\u2026","robots":{"index":"index","follow":"follow","max-snippet":"max-snippet:-1","max-image-preview":"max-image-preview:large","max-video-preview":"max-video-preview:-1"},"canonical":"La \"prehistoria\" de nuestra Red internacional Itaka - Escolapios comienza el 15 de octubre de 1985 con el reconocimiento de la Asociaci\u00f3n Itaka que nace para llevar adelante proyectos sociales m\u00e1s all\u00e1 de colegio de Bilbao, para conseguir subvenciones para ello y para comenzar el Gesto por la Paz (una iniciativa para movilizar a las\u2026","og_locale":"fr_FR","og_type":"article","og_title":"ITAKA CUMPLE 34 A\u00d1OS","og_description":"La \"prehistoria\" de nuestra Red internacional Itaka - Escolapios comienza el 15 de octubre de 1985 con el reconocimiento de la Asociaci\u00f3n Itaka que nace para llevar adelante proyectos sociales m\u00e1s all\u00e1 de colegio de Bilbao, para conseguir subvenciones para ello y para comenzar el Gesto por la Paz (una iniciativa para movilizar a las\u2026","og_url":"https:\/\/www.itakaescolapios.org\/fr\/2019\/10\/itaka-cumple-34-anos\/","og_site_name":"Itaka-Escolapios","article_published_time":"2019-10-15T12:52:12+00:00","article_modified_time":"2023-11-28T11:36:41+00:00","og_image":[{"width":225,"height":225,"url":"https:\/\/www.itakaescolapios.org\/wp-content\/uploads\/2019\/10\/1felici.jpg","type":"image\/jpeg"}],"author":"itaka","twitter_card":"summary_large_image","twitter_misc":{"\u00c9crit par":"itaka","Dur\u00e9e de lecture estim\u00e9e":"1 minute"},"schema":{"@context":"https:\/\/schema.org","@graph":[{"@type":"Article","@id":"https:\/\/www.itakaescolapios.org\/fr\/2019\/10\/itaka-cumple-34-anos\/#article","isPartOf":{"@id":"https:\/\/www.itakaescolapios.org\/fr\/2019\/10\/itaka-cumple-34-anos\/"},"author":{"name":"itaka","@id":"https:\/\/www.itakaescolapios.org\/es\/#\/schema\/person\/670123daeb1cc31cae1b106740036ccb"},"headline":"ITAKA CUMPLE 34 A\u00d1OS","datePublished":"2019-10-15T12:52:12+00:00","dateModified":"2023-11-28T11:36:41+00:00","mainEntityOfPage":{"@id":"https:\/\/www.itakaescolapios.org\/fr\/2019\/10\/itaka-cumple-34-anos\/"},"wordCount":139,"publisher":{"@id":"https:\/\/www.itakaescolapios.org\/es\/#organization"},"image":{"@id":"https:\/\/www.itakaescolapios.org\/fr\/2019\/10\/itaka-cumple-34-anos\/#primaryimage"},"thumbnailUrl":"https:\/\/www.itakaescolapios.org\/wp-content\/uploads\/2019\/10\/1felici.jpg","articleSection":["Itaka Escolapios"],"inLanguage":"fr-FR"},{"@type":"WebPage","@id":"https:\/\/www.itakaescolapios.org\/fr\/2019\/10\/itaka-cumple-34-anos\/","url":"https:\/\/www.itakaescolapios.org\/fr\/2019\/10\/itaka-cumple-34-anos\/","name":"ITAKA CUMPLE 34 A\u00d1OS - Itaka-Escolapios","isPartOf":{"@id":"https:\/\/www.itakaescolapios.org\/es\/#website"},"primaryImageOfPage":{"@id":"https:\/\/www.itakaescolapios.org\/fr\/2019\/10\/itaka-cumple-34-anos\/#primaryimage"},"image":{"@id":"https:\/\/www.itakaescolapios.org\/fr\/2019\/10\/itaka-cumple-34-anos\/#primaryimage"},"thumbnailUrl":"https:\/\/www.itakaescolapios.org\/wp-content\/uploads\/2019\/10\/1felici.jpg","datePublished":"2019-10-15T12:52:12+00:00","dateModified":"2023-11-28T11:36:41+00:00","breadcrumb":{"@id":"https:\/\/www.itakaescolapios.org\/fr\/2019\/10\/itaka-cumple-34-anos\/#breadcrumb"},"inLanguage":"fr-FR","potentialAction":[{"@type":"ReadAction","target":["https:\/\/www.itakaescolapios.org\/fr\/2019\/10\/itaka-cumple-34-anos\/"]}]},{"@type":"ImageObject","inLanguage":"fr-FR","@id":"https:\/\/www.itakaescolapios.org\/fr\/2019\/10\/itaka-cumple-34-anos\/#primaryimage","url":"https:\/\/www.itakaescolapios.org\/wp-content\/uploads\/2019\/10\/1felici.jpg","contentUrl":"https:\/\/www.itakaescolapios.org\/wp-content\/uploads\/2019\/10\/1felici.jpg","width":225,"height":225},{"@type":"BreadcrumbList","@id":"https:\/\/www.itakaescolapios.org\/fr\/2019\/10\/itaka-cumple-34-anos\/#breadcrumb","itemListElement":[{"@type":"ListItem","position":1,"name":"Itaka-Escolapios","item":"https:\/\/www.itakaescolapios.org\/es\/"},{"@type":"ListItem","position":2,"name":"ITAKA CUMPLE 34 A\u00d1OS"}]},{"@type":"WebSite","@id":"https:\/\/www.itakaescolapios.org\/fr\/es\/#website","url":"https:\/\/www.itakaescolapios.org\/fr\/es\/","name":"Itaka-Escolapios","description":"Red de Itaka-Escolapios","publisher":{"@id":"https:\/\/www.itakaescolapios.org\/fr\/es\/#organization"},"potentialAction":[{"@type":"SearchAction","target":{"@type":"EntryPoint","urlTemplate":"https:\/\/www.itakaescolapios.org\/fr\/es\/?s={search_term_string}"},"query-input":{"@type":"PropertyValueSpecification","valueRequired":true,"valueName":"search_term_string"}}],"inLanguage":"fr-FR"},{"@type":"Organization","@id":"https:\/\/www.itakaescolapios.org\/fr\/es\/#organization","name":"Fundaci\u00f3 Itaka-Escolapios","url":"https:\/\/www.itakaescolapios.org\/fr\/es\/","logo":{"@type":"ImageObject","inLanguage":"fr-FR","@id":"https:\/\/www.itakaescolapios.org\/fr\/es\/#\/schema\/logo\/image\/","url":"https:\/\/www.itakaescolapios.org\/wp-content\/uploads\/2024\/04\/Logo-itakaescolapios-peque.png","contentUrl":"https:\/\/www.itakaescolapios.org\/wp-content\/uploads\/2024\/04\/Logo-itakaescolapios-peque.png","width":500,"height":199,"caption":"Fundaci\u00f3 Itaka-Escolapios"},"image":{"@id":"https:\/\/www.itakaescolapios.org\/fr\/es\/#\/schema\/logo\/image\/"}},{"@type":"Person","@id":"https:\/\/www.itakaescolapios.org\/es\/#\/schema\/person\/670123daeb1cc31cae1b106740036ccb","name":"itaka","url":"https:\/\/www.itakaescolapios.org\/fr\/author\/itaka\/"}]}},"_links":{"self":[{"href":"https:\/\/www.itakaescolapios.org\/fr\/wp-json\/wp\/v2\/posts\/28517","targetHints":{"allow":["GET"]}}],"collection":[{"href":"https:\/\/www.itakaescolapios.org\/fr\/wp-json\/wp\/v2\/posts"}],"about":[{"href":"https:\/\/www.itakaescolapios.org\/fr\/wp-json\/wp\/v2\/types\/post"}],"author":[{"embeddable":true,"href":"https:\/\/www.itakaescolapios.org\/fr\/wp-json\/wp\/v2\/users\/4"}],"replies":[{"embeddable":true,"href":"https:\/\/www.itakaescolapios.org\/fr\/wp-json\/wp\/v2\/comments?post=28517"}],"version-history":[{"count":3,"href":"https:\/\/www.itakaescolapios.org\/fr\/wp-json\/wp\/v2\/posts\/28517\/revisions"}],"predecessor-version":[{"id":45429,"href":"https:\/\/www.itakaescolapios.org\/fr\/wp-json\/wp\/v2\/posts\/28517\/revisions\/45429"}],"wp:featuredmedia":[{"embeddable":true,"href":"https:\/\/www.itakaescolapios.org\/fr\/wp-json\/wp\/v2\/media\/28518"}],"wp:attachment":[{"href":"https:\/\/www.itakaescolapios.org\/fr\/wp-json\/wp\/v2\/media?parent=28517"}],"wp:term":[{"taxonomy":"category","embeddable":true,"href":"https:\/\/www.itakaescolapios.org\/fr\/wp-json\/wp\/v2\/categories?post=28517"},{"taxonomy":"post_tag","embeddable":true,"href":"https:\/\/www.itakaescolapios.org\/fr\/wp-json\/wp\/v2\/tags?post=28517"}],"curies":[{"name":"wp","href":"https:\/\/api.w.org\/{rel}","templated":true}]}}