{"id":28546,"date":"2019-10-17T13:00:33","date_gmt":"2019-10-17T12:00:33","guid":{"rendered":"https:\/\/www.itakaescolapios.org\/?p=28546"},"modified":"2023-11-28T12:36:41","modified_gmt":"2023-11-28T11:36:41","slug":"itaka-escolapios-por-la-erradicacion-de-la-pobreza","status":"publish","type":"post","link":"https:\/\/www.itakaescolapios.org\/fr\/2019\/10\/itaka-escolapios-por-la-erradicacion-de-la-pobreza\/","title":{"rendered":"Journ\u00e9e Internationale de l'\u00e9limination de la pauvret\u00e9 2019"},"content":{"rendered":"<p>Le 17 octobre, est c\u00e9l\u00e9br\u00e9e la Journ\u00e9e Internationale de l&rsquo;\u00e9limination de la pauvret\u00e9, en rappelant le regroupement de plus de 100.000 personnes \u00e0 Paris il y a 32 ans en hommage aux victimes de l&rsquo;extr\u00eame pauvret\u00e9, de la faim et de la violence qu&rsquo;elles g\u00e9n\u00e8rent.<br \/>\nAujourd&rsquo;hui, selon l&rsquo;ONU, il y a plus de 800 millions de personnes dans le monde, dont de nombreux enfants, filles et gar\u00e7ons, vivant sous le seuil de pauvret\u00e9, c&rsquo;est-\u00e0-dire avec moins de 1,25 dollar par jour.<br \/>\nItaka-Escolapios, depuis sa cr\u00e9ation, et en ad\u00e9quation avec son identit\u00e9 chr\u00e9tienne et piariste, se sent fortement engag\u00e9 dans la lutte contre la pauvret\u00e9 et en faveur des Droits de l&rsquo;Homme.<br \/>\nDu travail quotidien de prise en charge et d\u2019encadrement des victimes d\u2019injustice, qui les oblige souvent \u00e0 quitter leur pays d\u2019origine, nous cherchons \u00e0 r\u00e9tablir partiellement les droits viol\u00e9s, nous d\u00e9non\u00e7ons publiquement ces injustices et sensibilisons la soci\u00e9t\u00e9 sur cette inacceptable situation. De la m\u00eame mani\u00e8re, dans les \u00e9coles que nous soutenons dans de nombreuses localit\u00e9s du monde, tout comme dans le cadre de nos projets socio-\u00e9ducatifs et d&rsquo;alphab\u00e9tisation, nous soutenons ceux qui, dans la majorit\u00e9 des cas, n&rsquo;ont jamais eu l&rsquo;occasion de se former.<br \/>\nD\u00e9sirant apporter notre petite contribution \u00e0 cette comm\u00e9moration, nous appelons toutes les personnes de notre entourage \u00e0 participer aux \u00e9v\u00e9nements organis\u00e9s dans chaque ville qui, de mani\u00e8re pacifique et non-violente, exigent le respect des droits humains pour toutes les personnes en situation de pauvret\u00e9 dans toutes ses formes.<\/p>\n","protected":false},"excerpt":{"rendered":"<p>Le 17 octobre, est c\u00e9l\u00e9br\u00e9e la Journ\u00e9e Internationale de l&rsquo;\u00e9limination de la pauvret\u00e9, en rappelant le regroupement de plus de 100.000 personnes \u00e0 Paris il y a 32 ans en [&hellip;]<\/p>\n","protected":false},"author":4,"featured_media":28547,"comment_status":"closed","ping_status":"closed","sticky":false,"template":"","format":"standard","meta":{"_et_pb_use_builder":"","_et_pb_old_content":"","_et_gb_content_width":"","footnotes":""},"categories":[30],"tags":[],"class_list":["post-28546","post","type-post","status-publish","format-standard","has-post-thumbnail","hentry","category-itaka-escolapios"],"yoast_head":"<!-- This site is optimized with the Yoast SEO plugin v27.4 - https:\/\/yoast.com\/product\/yoast-seo-wordpress\/ -->\n<title>Journ\u00e9e Internationale de l&#039;\u00e9limination de la pauvret\u00e9 2019<\/title>\n<meta name=\"description\" content=\"Le 17 octobre, est c\u00e9l\u00e9br\u00e9e la Journ\u00e9e Internationale de l&#039;\u00e9limination de la pauvret\u00e9, en rappelant le regroupement de plus de 100.000 personnes \u00e0 Paris il y a 32 ans en hommage aux victimes de l&#039;extr\u00eame pauvret\u00e9, de la faim et de la violence qu&#039;elles g\u00e9n\u00e8rent. Aujourd&#039;hui, selon l&#039;ONU, il y a plus de 800 millions\u2026\" \/>\n<meta name=\"robots\" content=\"index, follow, max-snippet:-1, max-image-preview:large, max-video-preview:-1\" \/>\n<link rel=\"canonical\" href=\"http:\/\/Le%2017%20octobre,%20est%20c\u00e9l\u00e9br\u00e9e%20la%20Journ\u00e9e%20Internationale%20de%20l'\u00e9limination%20de%20la%20pauvret\u00e9,%20en%20rappelant%20le%20regroupement%20de%20plus%20de%20100.000%20personnes%20\u00e0%20Paris%20il%20y%20a%2032%20ans%20en%20hommage%20aux%20victimes%20de%20l'extr\u00eame%20pauvret\u00e9,%20de%20la%20faim%20et%20de%20la%20violence%20qu'elles%20g\u00e9n\u00e8rent.%20Aujourd'hui,%20selon%20l'ONU,%20il%20y%20a%20plus%20de%20800%20millions\u2026\" \/>\n<meta property=\"og:locale\" content=\"fr_FR\" \/>\n<meta property=\"og:type\" content=\"article\" \/>\n<meta property=\"og:title\" content=\"Journ\u00e9e Internationale de l&#039;\u00e9limination de la pauvret\u00e9 2019\" \/>\n<meta property=\"og:description\" content=\"Le 17 octobre, est c\u00e9l\u00e9br\u00e9e la Journ\u00e9e Internationale de l&#039;\u00e9limination de la pauvret\u00e9, en rappelant le regroupement de plus de 100.000 personnes \u00e0 Paris il y a 32 ans en hommage aux victimes de l&#039;extr\u00eame pauvret\u00e9, de la faim et de la violence qu&#039;elles g\u00e9n\u00e8rent. Aujourd&#039;hui, selon l&#039;ONU, il y a plus de 800 millions\u2026\" \/>\n<meta property=\"og:url\" content=\"https:\/\/www.itakaescolapios.org\/fr\/2019\/10\/itaka-escolapios-por-la-erradicacion-de-la-pobreza\/\" \/>\n<meta property=\"og:site_name\" content=\"Itaka-Escolapios\" \/>\n<meta property=\"article:published_time\" content=\"2019-10-17T12:00:33+00:00\" \/>\n<meta property=\"article:modified_time\" content=\"2023-11-28T11:36:41+00:00\" \/>\n<meta property=\"og:image\" content=\"https:\/\/www.itakaescolapios.org\/wp-content\/uploads\/2019\/10\/1ERRADICAR.jpg\" \/>\n\t<meta property=\"og:image:width\" content=\"373\" \/>\n\t<meta property=\"og:image:height\" content=\"135\" \/>\n\t<meta property=\"og:image:type\" content=\"image\/jpeg\" \/>\n<meta name=\"author\" content=\"itaka\" \/>\n<meta name=\"twitter:card\" content=\"summary_large_image\" \/>\n<meta name=\"twitter:label1\" content=\"\u00c9crit par\" \/>\n\t<meta name=\"twitter:data1\" content=\"itaka\" \/>\n\t<meta name=\"twitter:label2\" content=\"Dur\u00e9e de lecture estim\u00e9e\" \/>\n\t<meta name=\"twitter:data2\" content=\"1 minute\" \/>\n<script type=\"application\/ld+json\" class=\"yoast-schema-graph\">{\"@context\":\"https:\\\/\\\/schema.org\",\"@graph\":[{\"@type\":\"Article\",\"@id\":\"https:\\\/\\\/www.itakaescolapios.org\\\/fr\\\/2019\\\/10\\\/itaka-escolapios-por-la-erradicacion-de-la-pobreza\\\/#article\",\"isPartOf\":{\"@id\":\"https:\\\/\\\/www.itakaescolapios.org\\\/fr\\\/2019\\\/10\\\/itaka-escolapios-por-la-erradicacion-de-la-pobreza\\\/\"},\"author\":{\"name\":\"itaka\",\"@id\":\"https:\\\/\\\/www.itakaescolapios.org\\\/es\\\/#\\\/schema\\\/person\\\/670123daeb1cc31cae1b106740036ccb\"},\"headline\":\"Journ\u00e9e Internationale de l'\u00e9limination de la pauvret\u00e9 2019\",\"datePublished\":\"2019-10-17T12:00:33+00:00\",\"dateModified\":\"2023-11-28T11:36:41+00:00\",\"mainEntityOfPage\":{\"@id\":\"https:\\\/\\\/www.itakaescolapios.org\\\/fr\\\/2019\\\/10\\\/itaka-escolapios-por-la-erradicacion-de-la-pobreza\\\/\"},\"wordCount\":276,\"publisher\":{\"@id\":\"https:\\\/\\\/www.itakaescolapios.org\\\/es\\\/#organization\"},\"image\":{\"@id\":\"https:\\\/\\\/www.itakaescolapios.org\\\/fr\\\/2019\\\/10\\\/itaka-escolapios-por-la-erradicacion-de-la-pobreza\\\/#primaryimage\"},\"thumbnailUrl\":\"https:\\\/\\\/www.itakaescolapios.org\\\/wp-content\\\/uploads\\\/2019\\\/10\\\/1ERRADICAR.jpg\",\"articleSection\":[\"Itaka Escolapios\"],\"inLanguage\":\"fr-FR\"},{\"@type\":\"WebPage\",\"@id\":\"https:\\\/\\\/www.itakaescolapios.org\\\/fr\\\/2019\\\/10\\\/itaka-escolapios-por-la-erradicacion-de-la-pobreza\\\/\",\"url\":\"https:\\\/\\\/www.itakaescolapios.org\\\/fr\\\/2019\\\/10\\\/itaka-escolapios-por-la-erradicacion-de-la-pobreza\\\/\",\"name\":\"ITAKA - ESCOLAPIOS... POR LA ERRADICACI\u00d3N DE LA POBREZA - Itaka-Escolapios\",\"isPartOf\":{\"@id\":\"https:\\\/\\\/www.itakaescolapios.org\\\/es\\\/#website\"},\"primaryImageOfPage\":{\"@id\":\"https:\\\/\\\/www.itakaescolapios.org\\\/fr\\\/2019\\\/10\\\/itaka-escolapios-por-la-erradicacion-de-la-pobreza\\\/#primaryimage\"},\"image\":{\"@id\":\"https:\\\/\\\/www.itakaescolapios.org\\\/fr\\\/2019\\\/10\\\/itaka-escolapios-por-la-erradicacion-de-la-pobreza\\\/#primaryimage\"},\"thumbnailUrl\":\"https:\\\/\\\/www.itakaescolapios.org\\\/wp-content\\\/uploads\\\/2019\\\/10\\\/1ERRADICAR.jpg\",\"datePublished\":\"2019-10-17T12:00:33+00:00\",\"dateModified\":\"2023-11-28T11:36:41+00:00\",\"breadcrumb\":{\"@id\":\"https:\\\/\\\/www.itakaescolapios.org\\\/fr\\\/2019\\\/10\\\/itaka-escolapios-por-la-erradicacion-de-la-pobreza\\\/#breadcrumb\"},\"inLanguage\":\"fr-FR\",\"potentialAction\":[{\"@type\":\"ReadAction\",\"target\":[\"https:\\\/\\\/www.itakaescolapios.org\\\/fr\\\/2019\\\/10\\\/itaka-escolapios-por-la-erradicacion-de-la-pobreza\\\/\"]}]},{\"@type\":\"ImageObject\",\"inLanguage\":\"fr-FR\",\"@id\":\"https:\\\/\\\/www.itakaescolapios.org\\\/fr\\\/2019\\\/10\\\/itaka-escolapios-por-la-erradicacion-de-la-pobreza\\\/#primaryimage\",\"url\":\"https:\\\/\\\/www.itakaescolapios.org\\\/wp-content\\\/uploads\\\/2019\\\/10\\\/1ERRADICAR.jpg\",\"contentUrl\":\"https:\\\/\\\/www.itakaescolapios.org\\\/wp-content\\\/uploads\\\/2019\\\/10\\\/1ERRADICAR.jpg\",\"width\":373,\"height\":135},{\"@type\":\"BreadcrumbList\",\"@id\":\"https:\\\/\\\/www.itakaescolapios.org\\\/fr\\\/2019\\\/10\\\/itaka-escolapios-por-la-erradicacion-de-la-pobreza\\\/#breadcrumb\",\"itemListElement\":[{\"@type\":\"ListItem\",\"position\":1,\"name\":\"Itaka-Escolapios\",\"item\":\"https:\\\/\\\/www.itakaescolapios.org\\\/es\\\/\"},{\"@type\":\"ListItem\",\"position\":2,\"name\":\"Journ\u00e9e Internationale de l'\u00e9limination de la pauvret\u00e9 2019\"}]},{\"@type\":\"WebSite\",\"@id\":\"https:\\\/\\\/www.itakaescolapios.org\\\/fr\\\/es\\\/#website\",\"url\":\"https:\\\/\\\/www.itakaescolapios.org\\\/fr\\\/es\\\/\",\"name\":\"Itaka-Escolapios\",\"description\":\"Red de Itaka-Escolapios\",\"publisher\":{\"@id\":\"https:\\\/\\\/www.itakaescolapios.org\\\/fr\\\/es\\\/#organization\"},\"potentialAction\":[{\"@type\":\"SearchAction\",\"target\":{\"@type\":\"EntryPoint\",\"urlTemplate\":\"https:\\\/\\\/www.itakaescolapios.org\\\/fr\\\/es\\\/?s={search_term_string}\"},\"query-input\":{\"@type\":\"PropertyValueSpecification\",\"valueRequired\":true,\"valueName\":\"search_term_string\"}}],\"inLanguage\":\"fr-FR\"},{\"@type\":\"Organization\",\"@id\":\"https:\\\/\\\/www.itakaescolapios.org\\\/fr\\\/es\\\/#organization\",\"name\":\"Fundaci\u00f3 Itaka-Escolapios\",\"url\":\"https:\\\/\\\/www.itakaescolapios.org\\\/fr\\\/es\\\/\",\"logo\":{\"@type\":\"ImageObject\",\"inLanguage\":\"fr-FR\",\"@id\":\"https:\\\/\\\/www.itakaescolapios.org\\\/fr\\\/es\\\/#\\\/schema\\\/logo\\\/image\\\/\",\"url\":\"https:\\\/\\\/www.itakaescolapios.org\\\/wp-content\\\/uploads\\\/2024\\\/04\\\/Logo-itakaescolapios-peque.png\",\"contentUrl\":\"https:\\\/\\\/www.itakaescolapios.org\\\/wp-content\\\/uploads\\\/2024\\\/04\\\/Logo-itakaescolapios-peque.png\",\"width\":500,\"height\":199,\"caption\":\"Fundaci\u00f3 Itaka-Escolapios\"},\"image\":{\"@id\":\"https:\\\/\\\/www.itakaescolapios.org\\\/fr\\\/es\\\/#\\\/schema\\\/logo\\\/image\\\/\"}},{\"@type\":\"Person\",\"@id\":\"https:\\\/\\\/www.itakaescolapios.org\\\/es\\\/#\\\/schema\\\/person\\\/670123daeb1cc31cae1b106740036ccb\",\"name\":\"itaka\",\"url\":\"https:\\\/\\\/www.itakaescolapios.org\\\/fr\\\/author\\\/itaka\\\/\"}]}<\/script>\n<!-- \/ Yoast SEO plugin. -->","yoast_head_json":{"title":"Journ\u00e9e Internationale de l'\u00e9limination de la pauvret\u00e9 2019","description":"Le 17 octobre, est c\u00e9l\u00e9br\u00e9e la Journ\u00e9e Internationale de l'\u00e9limination de la pauvret\u00e9, en rappelant le regroupement de plus de 100.000 personnes \u00e0 Paris il y a 32 ans en hommage aux victimes de l'extr\u00eame pauvret\u00e9, de la faim et de la violence qu'elles g\u00e9n\u00e8rent. Aujourd'hui, selon l'ONU, il y a plus de 800 millions\u2026","robots":{"index":"index","follow":"follow","max-snippet":"max-snippet:-1","max-image-preview":"max-image-preview:large","max-video-preview":"max-video-preview:-1"},"canonical":"Le 17 octobre, est c\u00e9l\u00e9br\u00e9e la Journ\u00e9e Internationale de l'\u00e9limination de la pauvret\u00e9, en rappelant le regroupement de plus de 100.000 personnes \u00e0 Paris il y a 32 ans en hommage aux victimes de l'extr\u00eame pauvret\u00e9, de la faim et de la violence qu'elles g\u00e9n\u00e8rent. Aujourd'hui, selon l'ONU, il y a plus de 800 millions\u2026","og_locale":"fr_FR","og_type":"article","og_title":"Journ\u00e9e Internationale de l'\u00e9limination de la pauvret\u00e9 2019","og_description":"Le 17 octobre, est c\u00e9l\u00e9br\u00e9e la Journ\u00e9e Internationale de l'\u00e9limination de la pauvret\u00e9, en rappelant le regroupement de plus de 100.000 personnes \u00e0 Paris il y a 32 ans en hommage aux victimes de l'extr\u00eame pauvret\u00e9, de la faim et de la violence qu'elles g\u00e9n\u00e8rent. Aujourd'hui, selon l'ONU, il y a plus de 800 millions\u2026","og_url":"https:\/\/www.itakaescolapios.org\/fr\/2019\/10\/itaka-escolapios-por-la-erradicacion-de-la-pobreza\/","og_site_name":"Itaka-Escolapios","article_published_time":"2019-10-17T12:00:33+00:00","article_modified_time":"2023-11-28T11:36:41+00:00","og_image":[{"width":373,"height":135,"url":"https:\/\/www.itakaescolapios.org\/wp-content\/uploads\/2019\/10\/1ERRADICAR.jpg","type":"image\/jpeg"}],"author":"itaka","twitter_card":"summary_large_image","twitter_misc":{"\u00c9crit par":"itaka","Dur\u00e9e de lecture estim\u00e9e":"1 minute"},"schema":{"@context":"https:\/\/schema.org","@graph":[{"@type":"Article","@id":"https:\/\/www.itakaescolapios.org\/fr\/2019\/10\/itaka-escolapios-por-la-erradicacion-de-la-pobreza\/#article","isPartOf":{"@id":"https:\/\/www.itakaescolapios.org\/fr\/2019\/10\/itaka-escolapios-por-la-erradicacion-de-la-pobreza\/"},"author":{"name":"itaka","@id":"https:\/\/www.itakaescolapios.org\/es\/#\/schema\/person\/670123daeb1cc31cae1b106740036ccb"},"headline":"Journ\u00e9e Internationale de l'\u00e9limination de la pauvret\u00e9 2019","datePublished":"2019-10-17T12:00:33+00:00","dateModified":"2023-11-28T11:36:41+00:00","mainEntityOfPage":{"@id":"https:\/\/www.itakaescolapios.org\/fr\/2019\/10\/itaka-escolapios-por-la-erradicacion-de-la-pobreza\/"},"wordCount":276,"publisher":{"@id":"https:\/\/www.itakaescolapios.org\/es\/#organization"},"image":{"@id":"https:\/\/www.itakaescolapios.org\/fr\/2019\/10\/itaka-escolapios-por-la-erradicacion-de-la-pobreza\/#primaryimage"},"thumbnailUrl":"https:\/\/www.itakaescolapios.org\/wp-content\/uploads\/2019\/10\/1ERRADICAR.jpg","articleSection":["Itaka Escolapios"],"inLanguage":"fr-FR"},{"@type":"WebPage","@id":"https:\/\/www.itakaescolapios.org\/fr\/2019\/10\/itaka-escolapios-por-la-erradicacion-de-la-pobreza\/","url":"https:\/\/www.itakaescolapios.org\/fr\/2019\/10\/itaka-escolapios-por-la-erradicacion-de-la-pobreza\/","name":"ITAKA - ESCOLAPIOS... POR LA ERRADICACI\u00d3N DE LA POBREZA - Itaka-Escolapios","isPartOf":{"@id":"https:\/\/www.itakaescolapios.org\/es\/#website"},"primaryImageOfPage":{"@id":"https:\/\/www.itakaescolapios.org\/fr\/2019\/10\/itaka-escolapios-por-la-erradicacion-de-la-pobreza\/#primaryimage"},"image":{"@id":"https:\/\/www.itakaescolapios.org\/fr\/2019\/10\/itaka-escolapios-por-la-erradicacion-de-la-pobreza\/#primaryimage"},"thumbnailUrl":"https:\/\/www.itakaescolapios.org\/wp-content\/uploads\/2019\/10\/1ERRADICAR.jpg","datePublished":"2019-10-17T12:00:33+00:00","dateModified":"2023-11-28T11:36:41+00:00","breadcrumb":{"@id":"https:\/\/www.itakaescolapios.org\/fr\/2019\/10\/itaka-escolapios-por-la-erradicacion-de-la-pobreza\/#breadcrumb"},"inLanguage":"fr-FR","potentialAction":[{"@type":"ReadAction","target":["https:\/\/www.itakaescolapios.org\/fr\/2019\/10\/itaka-escolapios-por-la-erradicacion-de-la-pobreza\/"]}]},{"@type":"ImageObject","inLanguage":"fr-FR","@id":"https:\/\/www.itakaescolapios.org\/fr\/2019\/10\/itaka-escolapios-por-la-erradicacion-de-la-pobreza\/#primaryimage","url":"https:\/\/www.itakaescolapios.org\/wp-content\/uploads\/2019\/10\/1ERRADICAR.jpg","contentUrl":"https:\/\/www.itakaescolapios.org\/wp-content\/uploads\/2019\/10\/1ERRADICAR.jpg","width":373,"height":135},{"@type":"BreadcrumbList","@id":"https:\/\/www.itakaescolapios.org\/fr\/2019\/10\/itaka-escolapios-por-la-erradicacion-de-la-pobreza\/#breadcrumb","itemListElement":[{"@type":"ListItem","position":1,"name":"Itaka-Escolapios","item":"https:\/\/www.itakaescolapios.org\/es\/"},{"@type":"ListItem","position":2,"name":"Journ\u00e9e Internationale de l'\u00e9limination de la pauvret\u00e9 2019"}]},{"@type":"WebSite","@id":"https:\/\/www.itakaescolapios.org\/fr\/es\/#website","url":"https:\/\/www.itakaescolapios.org\/fr\/es\/","name":"Itaka-Escolapios","description":"Red de Itaka-Escolapios","publisher":{"@id":"https:\/\/www.itakaescolapios.org\/fr\/es\/#organization"},"potentialAction":[{"@type":"SearchAction","target":{"@type":"EntryPoint","urlTemplate":"https:\/\/www.itakaescolapios.org\/fr\/es\/?s={search_term_string}"},"query-input":{"@type":"PropertyValueSpecification","valueRequired":true,"valueName":"search_term_string"}}],"inLanguage":"fr-FR"},{"@type":"Organization","@id":"https:\/\/www.itakaescolapios.org\/fr\/es\/#organization","name":"Fundaci\u00f3 Itaka-Escolapios","url":"https:\/\/www.itakaescolapios.org\/fr\/es\/","logo":{"@type":"ImageObject","inLanguage":"fr-FR","@id":"https:\/\/www.itakaescolapios.org\/fr\/es\/#\/schema\/logo\/image\/","url":"https:\/\/www.itakaescolapios.org\/wp-content\/uploads\/2024\/04\/Logo-itakaescolapios-peque.png","contentUrl":"https:\/\/www.itakaescolapios.org\/wp-content\/uploads\/2024\/04\/Logo-itakaescolapios-peque.png","width":500,"height":199,"caption":"Fundaci\u00f3 Itaka-Escolapios"},"image":{"@id":"https:\/\/www.itakaescolapios.org\/fr\/es\/#\/schema\/logo\/image\/"}},{"@type":"Person","@id":"https:\/\/www.itakaescolapios.org\/es\/#\/schema\/person\/670123daeb1cc31cae1b106740036ccb","name":"itaka","url":"https:\/\/www.itakaescolapios.org\/fr\/author\/itaka\/"}]}},"_links":{"self":[{"href":"https:\/\/www.itakaescolapios.org\/fr\/wp-json\/wp\/v2\/posts\/28546","targetHints":{"allow":["GET"]}}],"collection":[{"href":"https:\/\/www.itakaescolapios.org\/fr\/wp-json\/wp\/v2\/posts"}],"about":[{"href":"https:\/\/www.itakaescolapios.org\/fr\/wp-json\/wp\/v2\/types\/post"}],"author":[{"embeddable":true,"href":"https:\/\/www.itakaescolapios.org\/fr\/wp-json\/wp\/v2\/users\/4"}],"replies":[{"embeddable":true,"href":"https:\/\/www.itakaescolapios.org\/fr\/wp-json\/wp\/v2\/comments?post=28546"}],"version-history":[{"count":7,"href":"https:\/\/www.itakaescolapios.org\/fr\/wp-json\/wp\/v2\/posts\/28546\/revisions"}],"predecessor-version":[{"id":45423,"href":"https:\/\/www.itakaescolapios.org\/fr\/wp-json\/wp\/v2\/posts\/28546\/revisions\/45423"}],"wp:featuredmedia":[{"embeddable":true,"href":"https:\/\/www.itakaescolapios.org\/fr\/wp-json\/wp\/v2\/media\/28547"}],"wp:attachment":[{"href":"https:\/\/www.itakaescolapios.org\/fr\/wp-json\/wp\/v2\/media?parent=28546"}],"wp:term":[{"taxonomy":"category","embeddable":true,"href":"https:\/\/www.itakaescolapios.org\/fr\/wp-json\/wp\/v2\/categories?post=28546"},{"taxonomy":"post_tag","embeddable":true,"href":"https:\/\/www.itakaescolapios.org\/fr\/wp-json\/wp\/v2\/tags?post=28546"}],"curies":[{"name":"wp","href":"https:\/\/api.w.org\/{rel}","templated":true}]}}