{"id":2883,"date":"2012-07-16T12:15:30","date_gmt":"2012-07-16T11:15:30","guid":{"rendered":"https:\/\/www.itakaescolapios.org\/?p=2883"},"modified":"2023-11-28T12:39:40","modified_gmt":"2023-11-28T11:39:40","slug":"caminantes-2-regresan-de-la-travesia-por-las-alpujarras","status":"publish","type":"post","link":"https:\/\/www.itakaescolapios.org\/fr\/2012\/07\/caminantes-2-regresan-de-la-travesia-por-las-alpujarras\/","title":{"rendered":"Caminantes 2 regresan de la Traves\u00eda por Las Alpujarras"},"content":{"rendered":"<p>Del 8 al 15 de Julio ha tenido lugar esta traves\u00eda en la que han participado nuestros caminantes de segundo a\u00f1o de C\u00f3rdoba, Granada y Sevilla.<\/p>\n<p>Desde Lanjar\u00f3n hasta Juviles, pasando por muchos pueblos alpujarre\u00f1os: Trev\u00e9lez, Busqu\u00edstar, Pampaneira, Bubi\u00f3n, Ca\u00f1ar, Soport\u00fajar, Pitres&#8230; , una experiencia inolvidable en la que nos encontramos partes del camino m\u00e1s duras, otras m\u00e1s f\u00e1ciles, subidas, bajadas, p\u00e9rdidas de camino, descansos, diferentes ritmos de marcha\u2026, como en nuestra propia vida. Todos los que all\u00ed estuvimos pudimos experimentar nuestras limitaciones y superaci\u00f3n personal, apreciamos la grandeza de la naturaleza, descubrimos la importancia de caminar juntos y, todo ello, con el mejor compa\u00f1ero de viaje que podemos tener en nuestra vida, JES\u00daS. Nuestros caminantes elaboraron el \u201cPLAN DE VIAJE\u201d de su vida, que compartieron con los dem\u00e1s en una eucarist\u00eda al aire libre y en un entorno maravilloso en la \u00faltima noche.<\/p>\n","protected":false},"excerpt":{"rendered":"<p>Del 8 al 15 de Julio ha tenido lugar esta traves\u00eda en la que han participado nuestros caminantes de segundo a\u00f1o de C\u00f3rdoba, Granada y Sevilla. Desde Lanjar\u00f3n hasta Juviles, [&hellip;]<\/p>\n","protected":false},"author":3,"featured_media":2890,"comment_status":"closed","ping_status":"closed","sticky":false,"template":"","format":"standard","meta":{"_et_pb_use_builder":"","_et_pb_old_content":"","_et_gb_content_width":"","footnotes":""},"categories":[18],"tags":[],"class_list":["post-2883","post","type-post","status-publish","format-standard","has-post-thumbnail","hentry","category-cordoba"],"yoast_head":"<!-- This site is optimized with the Yoast SEO plugin v27.4 - https:\/\/yoast.com\/product\/yoast-seo-wordpress\/ -->\n<title>Caminantes 2 regresan de la Traves\u00eda por Las Alpujarras<\/title>\n<meta name=\"description\" content=\"Del 8 al 15 de Julio ha tenido lugar esta traves\u00eda en la que han participado nuestros caminantes de segundo a\u00f1o de C\u00f3rdoba, Granada y Sevilla. Desde Lanjar\u00f3n hasta Juviles, pasando por muchos pueblos alpujarre\u00f1os: Trev\u00e9lez, Busqu\u00edstar, Pampaneira, Bubi\u00f3n, Ca\u00f1ar, Soport\u00fajar, Pitres... , una experiencia inolvidable en la que nos encontramos partes del camino m\u00e1s\u2026\" \/>\n<meta name=\"robots\" content=\"index, follow, max-snippet:-1, max-image-preview:large, max-video-preview:-1\" \/>\n<link rel=\"canonical\" href=\"\" \/>\n<meta property=\"og:locale\" content=\"fr_FR\" \/>\n<meta property=\"og:type\" content=\"article\" \/>\n<meta property=\"og:title\" content=\"Caminantes 2 regresan de la Traves\u00eda por Las Alpujarras\" \/>\n<meta property=\"og:description\" content=\"Del 8 al 15 de Julio ha tenido lugar esta traves\u00eda en la que han participado nuestros caminantes de segundo a\u00f1o de C\u00f3rdoba, Granada y Sevilla. Desde Lanjar\u00f3n hasta Juviles, pasando por muchos pueblos alpujarre\u00f1os: Trev\u00e9lez, Busqu\u00edstar, Pampaneira, Bubi\u00f3n, Ca\u00f1ar, Soport\u00fajar, Pitres... , una experiencia inolvidable en la que nos encontramos partes del camino m\u00e1s\u2026\" \/>\n<meta property=\"og:url\" content=\"https:\/\/www.itakaescolapios.org\/fr\/2012\/07\/caminantes-2-regresan-de-la-travesia-por-las-alpujarras\/\" \/>\n<meta property=\"og:site_name\" content=\"Itaka-Escolapios\" \/>\n<meta property=\"article:published_time\" content=\"2012-07-16T11:15:30+00:00\" \/>\n<meta property=\"article:modified_time\" content=\"2023-11-28T11:39:40+00:00\" \/>\n<meta property=\"og:image\" content=\"https:\/\/www.itakaescolapios.org\/wp-content\/uploads\/2012\/09\/CAMINANTES.jpg\" \/>\n\t<meta property=\"og:image:width\" content=\"1095\" \/>\n\t<meta property=\"og:image:height\" content=\"824\" \/>\n\t<meta property=\"og:image:type\" content=\"image\/jpeg\" \/>\n<meta name=\"author\" content=\"Bilbao\" \/>\n<meta name=\"twitter:card\" content=\"summary_large_image\" \/>\n<meta name=\"twitter:label1\" content=\"\u00c9crit par\" \/>\n\t<meta name=\"twitter:data1\" content=\"Bilbao\" \/>\n\t<meta name=\"twitter:label2\" content=\"Dur\u00e9e de lecture estim\u00e9e\" \/>\n\t<meta name=\"twitter:data2\" content=\"1 minute\" \/>\n<script type=\"application\/ld+json\" class=\"yoast-schema-graph\">{\"@context\":\"https:\\\/\\\/schema.org\",\"@graph\":[{\"@type\":\"Article\",\"@id\":\"https:\\\/\\\/www.itakaescolapios.org\\\/fr\\\/2012\\\/07\\\/caminantes-2-regresan-de-la-travesia-por-las-alpujarras\\\/#article\",\"isPartOf\":{\"@id\":\"https:\\\/\\\/www.itakaescolapios.org\\\/fr\\\/2012\\\/07\\\/caminantes-2-regresan-de-la-travesia-por-las-alpujarras\\\/\"},\"author\":{\"name\":\"Bilbao\",\"@id\":\"https:\\\/\\\/www.itakaescolapios.org\\\/es\\\/#\\\/schema\\\/person\\\/d5b530ea20cbfbbd734611b2591f590c\"},\"headline\":\"Caminantes 2 regresan de la Traves\u00eda por Las Alpujarras\",\"datePublished\":\"2012-07-16T11:15:30+00:00\",\"dateModified\":\"2023-11-28T11:39:40+00:00\",\"mainEntityOfPage\":{\"@id\":\"https:\\\/\\\/www.itakaescolapios.org\\\/fr\\\/2012\\\/07\\\/caminantes-2-regresan-de-la-travesia-por-las-alpujarras\\\/\"},\"wordCount\":169,\"publisher\":{\"@id\":\"https:\\\/\\\/www.itakaescolapios.org\\\/es\\\/#organization\"},\"image\":{\"@id\":\"https:\\\/\\\/www.itakaescolapios.org\\\/fr\\\/2012\\\/07\\\/caminantes-2-regresan-de-la-travesia-por-las-alpujarras\\\/#primaryimage\"},\"thumbnailUrl\":\"https:\\\/\\\/www.itakaescolapios.org\\\/wp-content\\\/uploads\\\/2012\\\/09\\\/CAMINANTES.jpg\",\"articleSection\":[\"C\u00f3rdoba\"],\"inLanguage\":\"fr-FR\"},{\"@type\":\"WebPage\",\"@id\":\"https:\\\/\\\/www.itakaescolapios.org\\\/fr\\\/2012\\\/07\\\/caminantes-2-regresan-de-la-travesia-por-las-alpujarras\\\/\",\"url\":\"https:\\\/\\\/www.itakaescolapios.org\\\/fr\\\/2012\\\/07\\\/caminantes-2-regresan-de-la-travesia-por-las-alpujarras\\\/\",\"name\":\"Caminantes 2 regresan de la Traves\u00eda por Las Alpujarras - Itaka-Escolapios\",\"isPartOf\":{\"@id\":\"https:\\\/\\\/www.itakaescolapios.org\\\/es\\\/#website\"},\"primaryImageOfPage\":{\"@id\":\"https:\\\/\\\/www.itakaescolapios.org\\\/fr\\\/2012\\\/07\\\/caminantes-2-regresan-de-la-travesia-por-las-alpujarras\\\/#primaryimage\"},\"image\":{\"@id\":\"https:\\\/\\\/www.itakaescolapios.org\\\/fr\\\/2012\\\/07\\\/caminantes-2-regresan-de-la-travesia-por-las-alpujarras\\\/#primaryimage\"},\"thumbnailUrl\":\"https:\\\/\\\/www.itakaescolapios.org\\\/wp-content\\\/uploads\\\/2012\\\/09\\\/CAMINANTES.jpg\",\"datePublished\":\"2012-07-16T11:15:30+00:00\",\"dateModified\":\"2023-11-28T11:39:40+00:00\",\"breadcrumb\":{\"@id\":\"https:\\\/\\\/www.itakaescolapios.org\\\/fr\\\/2012\\\/07\\\/caminantes-2-regresan-de-la-travesia-por-las-alpujarras\\\/#breadcrumb\"},\"inLanguage\":\"fr-FR\",\"potentialAction\":[{\"@type\":\"ReadAction\",\"target\":[\"https:\\\/\\\/www.itakaescolapios.org\\\/fr\\\/2012\\\/07\\\/caminantes-2-regresan-de-la-travesia-por-las-alpujarras\\\/\"]}]},{\"@type\":\"ImageObject\",\"inLanguage\":\"fr-FR\",\"@id\":\"https:\\\/\\\/www.itakaescolapios.org\\\/fr\\\/2012\\\/07\\\/caminantes-2-regresan-de-la-travesia-por-las-alpujarras\\\/#primaryimage\",\"url\":\"https:\\\/\\\/www.itakaescolapios.org\\\/wp-content\\\/uploads\\\/2012\\\/09\\\/CAMINANTES.jpg\",\"contentUrl\":\"https:\\\/\\\/www.itakaescolapios.org\\\/wp-content\\\/uploads\\\/2012\\\/09\\\/CAMINANTES.jpg\",\"width\":\"1095\",\"height\":\"824\"},{\"@type\":\"BreadcrumbList\",\"@id\":\"https:\\\/\\\/www.itakaescolapios.org\\\/fr\\\/2012\\\/07\\\/caminantes-2-regresan-de-la-travesia-por-las-alpujarras\\\/#breadcrumb\",\"itemListElement\":[{\"@type\":\"ListItem\",\"position\":1,\"name\":\"Itaka-Escolapios\",\"item\":\"https:\\\/\\\/www.itakaescolapios.org\\\/es\\\/\"},{\"@type\":\"ListItem\",\"position\":2,\"name\":\"Caminantes 2 regresan de la Traves\u00eda por Las Alpujarras\"}]},{\"@type\":\"WebSite\",\"@id\":\"https:\\\/\\\/www.itakaescolapios.org\\\/fr\\\/es\\\/#website\",\"url\":\"https:\\\/\\\/www.itakaescolapios.org\\\/fr\\\/es\\\/\",\"name\":\"Itaka-Escolapios\",\"description\":\"Red de Itaka-Escolapios\",\"publisher\":{\"@id\":\"https:\\\/\\\/www.itakaescolapios.org\\\/fr\\\/es\\\/#organization\"},\"potentialAction\":[{\"@type\":\"SearchAction\",\"target\":{\"@type\":\"EntryPoint\",\"urlTemplate\":\"https:\\\/\\\/www.itakaescolapios.org\\\/fr\\\/es\\\/?s={search_term_string}\"},\"query-input\":{\"@type\":\"PropertyValueSpecification\",\"valueRequired\":true,\"valueName\":\"search_term_string\"}}],\"inLanguage\":\"fr-FR\"},{\"@type\":\"Organization\",\"@id\":\"https:\\\/\\\/www.itakaescolapios.org\\\/fr\\\/es\\\/#organization\",\"name\":\"Fundaci\u00f3 Itaka-Escolapios\",\"url\":\"https:\\\/\\\/www.itakaescolapios.org\\\/fr\\\/es\\\/\",\"logo\":{\"@type\":\"ImageObject\",\"inLanguage\":\"fr-FR\",\"@id\":\"https:\\\/\\\/www.itakaescolapios.org\\\/fr\\\/es\\\/#\\\/schema\\\/logo\\\/image\\\/\",\"url\":\"https:\\\/\\\/www.itakaescolapios.org\\\/wp-content\\\/uploads\\\/2024\\\/04\\\/Logo-itakaescolapios-peque.png\",\"contentUrl\":\"https:\\\/\\\/www.itakaescolapios.org\\\/wp-content\\\/uploads\\\/2024\\\/04\\\/Logo-itakaescolapios-peque.png\",\"width\":500,\"height\":199,\"caption\":\"Fundaci\u00f3 Itaka-Escolapios\"},\"image\":{\"@id\":\"https:\\\/\\\/www.itakaescolapios.org\\\/fr\\\/es\\\/#\\\/schema\\\/logo\\\/image\\\/\"}},{\"@type\":\"Person\",\"@id\":\"https:\\\/\\\/www.itakaescolapios.org\\\/es\\\/#\\\/schema\\\/person\\\/d5b530ea20cbfbbd734611b2591f590c\",\"name\":\"Bilbao\",\"url\":\"https:\\\/\\\/www.itakaescolapios.org\\\/fr\\\/author\\\/bilbao\\\/\"}]}<\/script>\n<!-- \/ Yoast SEO plugin. -->","yoast_head_json":{"title":"Caminantes 2 regresan de la Traves\u00eda por Las Alpujarras","description":"Del 8 al 15 de Julio ha tenido lugar esta traves\u00eda en la que han participado nuestros caminantes de segundo a\u00f1o de C\u00f3rdoba, Granada y Sevilla. Desde Lanjar\u00f3n hasta Juviles, pasando por muchos pueblos alpujarre\u00f1os: Trev\u00e9lez, Busqu\u00edstar, Pampaneira, Bubi\u00f3n, Ca\u00f1ar, Soport\u00fajar, Pitres... , una experiencia inolvidable en la que nos encontramos partes del camino m\u00e1s\u2026","robots":{"index":"index","follow":"follow","max-snippet":"max-snippet:-1","max-image-preview":"max-image-preview:large","max-video-preview":"max-video-preview:-1"},"canonical":"Del 8 al 15 de Julio ha tenido lugar esta traves\u00eda en la que han participado nuestros caminantes de segundo a\u00f1o de C\u00f3rdoba, Granada y Sevilla. Desde Lanjar\u00f3n hasta Juviles, pasando por muchos pueblos alpujarre\u00f1os: Trev\u00e9lez, Busqu\u00edstar, Pampaneira, Bubi\u00f3n, Ca\u00f1ar, Soport\u00fajar, Pitres... , una experiencia inolvidable en la que nos encontramos partes del camino m\u00e1s\u2026","og_locale":"fr_FR","og_type":"article","og_title":"Caminantes 2 regresan de la Traves\u00eda por Las Alpujarras","og_description":"Del 8 al 15 de Julio ha tenido lugar esta traves\u00eda en la que han participado nuestros caminantes de segundo a\u00f1o de C\u00f3rdoba, Granada y Sevilla. Desde Lanjar\u00f3n hasta Juviles, pasando por muchos pueblos alpujarre\u00f1os: Trev\u00e9lez, Busqu\u00edstar, Pampaneira, Bubi\u00f3n, Ca\u00f1ar, Soport\u00fajar, Pitres... , una experiencia inolvidable en la que nos encontramos partes del camino m\u00e1s\u2026","og_url":"https:\/\/www.itakaescolapios.org\/fr\/2012\/07\/caminantes-2-regresan-de-la-travesia-por-las-alpujarras\/","og_site_name":"Itaka-Escolapios","article_published_time":"2012-07-16T11:15:30+00:00","article_modified_time":"2023-11-28T11:39:40+00:00","og_image":[{"width":1095,"height":824,"url":"https:\/\/www.itakaescolapios.org\/wp-content\/uploads\/2012\/09\/CAMINANTES.jpg","type":"image\/jpeg"}],"author":"Bilbao","twitter_card":"summary_large_image","twitter_misc":{"\u00c9crit par":"Bilbao","Dur\u00e9e de lecture estim\u00e9e":"1 minute"},"schema":{"@context":"https:\/\/schema.org","@graph":[{"@type":"Article","@id":"https:\/\/www.itakaescolapios.org\/fr\/2012\/07\/caminantes-2-regresan-de-la-travesia-por-las-alpujarras\/#article","isPartOf":{"@id":"https:\/\/www.itakaescolapios.org\/fr\/2012\/07\/caminantes-2-regresan-de-la-travesia-por-las-alpujarras\/"},"author":{"name":"Bilbao","@id":"https:\/\/www.itakaescolapios.org\/es\/#\/schema\/person\/d5b530ea20cbfbbd734611b2591f590c"},"headline":"Caminantes 2 regresan de la Traves\u00eda por Las Alpujarras","datePublished":"2012-07-16T11:15:30+00:00","dateModified":"2023-11-28T11:39:40+00:00","mainEntityOfPage":{"@id":"https:\/\/www.itakaescolapios.org\/fr\/2012\/07\/caminantes-2-regresan-de-la-travesia-por-las-alpujarras\/"},"wordCount":169,"publisher":{"@id":"https:\/\/www.itakaescolapios.org\/es\/#organization"},"image":{"@id":"https:\/\/www.itakaescolapios.org\/fr\/2012\/07\/caminantes-2-regresan-de-la-travesia-por-las-alpujarras\/#primaryimage"},"thumbnailUrl":"https:\/\/www.itakaescolapios.org\/wp-content\/uploads\/2012\/09\/CAMINANTES.jpg","articleSection":["C\u00f3rdoba"],"inLanguage":"fr-FR"},{"@type":"WebPage","@id":"https:\/\/www.itakaescolapios.org\/fr\/2012\/07\/caminantes-2-regresan-de-la-travesia-por-las-alpujarras\/","url":"https:\/\/www.itakaescolapios.org\/fr\/2012\/07\/caminantes-2-regresan-de-la-travesia-por-las-alpujarras\/","name":"Caminantes 2 regresan de la Traves\u00eda por Las Alpujarras - Itaka-Escolapios","isPartOf":{"@id":"https:\/\/www.itakaescolapios.org\/es\/#website"},"primaryImageOfPage":{"@id":"https:\/\/www.itakaescolapios.org\/fr\/2012\/07\/caminantes-2-regresan-de-la-travesia-por-las-alpujarras\/#primaryimage"},"image":{"@id":"https:\/\/www.itakaescolapios.org\/fr\/2012\/07\/caminantes-2-regresan-de-la-travesia-por-las-alpujarras\/#primaryimage"},"thumbnailUrl":"https:\/\/www.itakaescolapios.org\/wp-content\/uploads\/2012\/09\/CAMINANTES.jpg","datePublished":"2012-07-16T11:15:30+00:00","dateModified":"2023-11-28T11:39:40+00:00","breadcrumb":{"@id":"https:\/\/www.itakaescolapios.org\/fr\/2012\/07\/caminantes-2-regresan-de-la-travesia-por-las-alpujarras\/#breadcrumb"},"inLanguage":"fr-FR","potentialAction":[{"@type":"ReadAction","target":["https:\/\/www.itakaescolapios.org\/fr\/2012\/07\/caminantes-2-regresan-de-la-travesia-por-las-alpujarras\/"]}]},{"@type":"ImageObject","inLanguage":"fr-FR","@id":"https:\/\/www.itakaescolapios.org\/fr\/2012\/07\/caminantes-2-regresan-de-la-travesia-por-las-alpujarras\/#primaryimage","url":"https:\/\/www.itakaescolapios.org\/wp-content\/uploads\/2012\/09\/CAMINANTES.jpg","contentUrl":"https:\/\/www.itakaescolapios.org\/wp-content\/uploads\/2012\/09\/CAMINANTES.jpg","width":"1095","height":"824"},{"@type":"BreadcrumbList","@id":"https:\/\/www.itakaescolapios.org\/fr\/2012\/07\/caminantes-2-regresan-de-la-travesia-por-las-alpujarras\/#breadcrumb","itemListElement":[{"@type":"ListItem","position":1,"name":"Itaka-Escolapios","item":"https:\/\/www.itakaescolapios.org\/es\/"},{"@type":"ListItem","position":2,"name":"Caminantes 2 regresan de la Traves\u00eda por Las Alpujarras"}]},{"@type":"WebSite","@id":"https:\/\/www.itakaescolapios.org\/fr\/es\/#website","url":"https:\/\/www.itakaescolapios.org\/fr\/es\/","name":"Itaka-Escolapios","description":"Red de Itaka-Escolapios","publisher":{"@id":"https:\/\/www.itakaescolapios.org\/fr\/es\/#organization"},"potentialAction":[{"@type":"SearchAction","target":{"@type":"EntryPoint","urlTemplate":"https:\/\/www.itakaescolapios.org\/fr\/es\/?s={search_term_string}"},"query-input":{"@type":"PropertyValueSpecification","valueRequired":true,"valueName":"search_term_string"}}],"inLanguage":"fr-FR"},{"@type":"Organization","@id":"https:\/\/www.itakaescolapios.org\/fr\/es\/#organization","name":"Fundaci\u00f3 Itaka-Escolapios","url":"https:\/\/www.itakaescolapios.org\/fr\/es\/","logo":{"@type":"ImageObject","inLanguage":"fr-FR","@id":"https:\/\/www.itakaescolapios.org\/fr\/es\/#\/schema\/logo\/image\/","url":"https:\/\/www.itakaescolapios.org\/wp-content\/uploads\/2024\/04\/Logo-itakaescolapios-peque.png","contentUrl":"https:\/\/www.itakaescolapios.org\/wp-content\/uploads\/2024\/04\/Logo-itakaescolapios-peque.png","width":500,"height":199,"caption":"Fundaci\u00f3 Itaka-Escolapios"},"image":{"@id":"https:\/\/www.itakaescolapios.org\/fr\/es\/#\/schema\/logo\/image\/"}},{"@type":"Person","@id":"https:\/\/www.itakaescolapios.org\/es\/#\/schema\/person\/d5b530ea20cbfbbd734611b2591f590c","name":"Bilbao","url":"https:\/\/www.itakaescolapios.org\/fr\/author\/bilbao\/"}]}},"_links":{"self":[{"href":"https:\/\/www.itakaescolapios.org\/fr\/wp-json\/wp\/v2\/posts\/2883","targetHints":{"allow":["GET"]}}],"collection":[{"href":"https:\/\/www.itakaescolapios.org\/fr\/wp-json\/wp\/v2\/posts"}],"about":[{"href":"https:\/\/www.itakaescolapios.org\/fr\/wp-json\/wp\/v2\/types\/post"}],"author":[{"embeddable":true,"href":"https:\/\/www.itakaescolapios.org\/fr\/wp-json\/wp\/v2\/users\/3"}],"replies":[{"embeddable":true,"href":"https:\/\/www.itakaescolapios.org\/fr\/wp-json\/wp\/v2\/comments?post=2883"}],"version-history":[{"count":4,"href":"https:\/\/www.itakaescolapios.org\/fr\/wp-json\/wp\/v2\/posts\/2883\/revisions"}],"predecessor-version":[{"id":50087,"href":"https:\/\/www.itakaescolapios.org\/fr\/wp-json\/wp\/v2\/posts\/2883\/revisions\/50087"}],"wp:featuredmedia":[{"embeddable":true,"href":"https:\/\/www.itakaescolapios.org\/fr\/wp-json\/wp\/v2\/media\/2890"}],"wp:attachment":[{"href":"https:\/\/www.itakaescolapios.org\/fr\/wp-json\/wp\/v2\/media?parent=2883"}],"wp:term":[{"taxonomy":"category","embeddable":true,"href":"https:\/\/www.itakaescolapios.org\/fr\/wp-json\/wp\/v2\/categories?post=2883"},{"taxonomy":"post_tag","embeddable":true,"href":"https:\/\/www.itakaescolapios.org\/fr\/wp-json\/wp\/v2\/tags?post=2883"}],"curies":[{"name":"wp","href":"https:\/\/api.w.org\/{rel}","templated":true}]}}