{"id":29080,"date":"2019-11-18T13:07:47","date_gmt":"2019-11-18T12:07:47","guid":{"rendered":"https:\/\/www.itakaescolapios.org\/?p=29080"},"modified":"2023-11-28T12:36:37","modified_gmt":"2023-11-28T11:36:37","slug":"alfabetizacion-y-respuesta-a-personas-sin-hogar","status":"publish","type":"post","link":"https:\/\/www.itakaescolapios.org\/fr\/2019\/11\/alfabetizacion-y-respuesta-a-personas-sin-hogar\/","title":{"rendered":"ALFABETIZACI\u00d3N Y RESPUESTA A PERSONAS SIN HOGAR"},"content":{"rendered":"<p><strong><em>Ojal\u00e1 <\/em><\/strong>es el nombre del programa de alfabetizaci\u00f3n de inmigrantes que se lleva a cabo en Bilbao (tambi\u00e9n en otras ciudades) y <strong><em>Ojal\u00e1-Txiki <\/em><\/strong>es el proyecto de atenci\u00f3n a los ni\u00f1os y ni\u00f1as mientras su padres est\u00e1n en las clases.<\/p>\n<p>Actualmente est\u00e1n participando 72 mujeres y 168 hombres en las clases de castellano, con otras 172 personas en lista de espera, y 10 ni\u00f1as y 11 ni\u00f1os en Ojal\u00e1-Txiki. Contamos con alrededor de 170 personas voluntarias.<\/p>\n<p>Adem\u00e1s, los viernes ofrecemos a los alumnos y alumnas otras actividades: Ojal\u00e1 que llueva caf\u00e9 (clases de conversaci\u00f3n en un ambiente m\u00e1s distendido, compartiendo caf\u00e9 y t\u00e9), alfabetizaci\u00f3n inform\u00e1tica e iniciaci\u00f3n al euskera.<\/p>\n<p>Nos gustar\u00eda seguir creciendo para poder reducir la lista de espera, por ello os animamos a participar como voluntarias en cualquiera de las actividades que ofertamos.<\/p>\n<p><strong><em>Servicio de orientaci\u00f3n y entrega de ropa<\/em><\/strong>.\u00a0M\u00e1s all\u00e1 de las clases, con el tiempo se han ido detectando otras necesidades de nuestros alumnos y alumnas. Actualmente alrededor de 50 participantes de Ojal\u00e1 se encuentran en situaci\u00f3n de calle. Nos hemos puesto en contacto con los servicios municipales y aunque est\u00e1 previsto que los albergues invernales abran en pr\u00f3ximas fechas, no van a poder atender a todos. Por esta raz\u00f3n, necesitamos: ropa de abrigo, botas, sacos de dormir, paraguas\u2026 y dem\u00e1s art\u00edculos de invierno.<\/p>\n<p>Adem\u00e1s, hemos habilitado un vestuario para que aquellos alumnos que lo necesiten se puedan duchar y dejar sus cosas.\u00a0Por otro lado, como novedad este curso, el bar Bistrot est\u00e1 donando los pintxos que le sobran cada d\u00eda para que se puedan aprovechar como desayuno para aquellas personas de Ojal\u00e1 que lo necesiten.<\/p>\n<p><strong><em>Epeletan<\/em><\/strong><em> (casas de acogida de Itaka &#8211; Escolapios) <\/em><strong><em>y<\/em><em> otros alojamientos de vida independiente\u00a0<\/em><\/strong>con los que estamos dando respuesta a 10 j\u00f3venes en nuestro albergue y a otros 6 desde el piso de semiautonom\u00eda. Estamos buscando m\u00e1s pisos para las personas con las que estamos trabajando y que se encuentran con especiales dificultades para poder acceder a una vivienda adecuada y asequible.<\/p>\n<p>Como veis,\u00a0 son muchas las necesidades y tambi\u00e9n muchas las peticiones. Pero tambi\u00e9n son muchas las fuerzas que tenemos y las necesidades a las que vamos dando respuesta entre todas y todos. Os agradecemos de antemano la disponibilidad y la implicaci\u00f3n en este proyecto, que solo puede salir adelante (e incluso seguir creciendo y llegando a m\u00e1s gente) gracias al impulso de las personas responsables, voluntarias, miembros de la fraternidad y destinatarias de los distintos proyectos de Itaka.<\/p>\n","protected":false},"excerpt":{"rendered":"<p>Ojal\u00e1 es el nombre del programa de alfabetizaci\u00f3n de inmigrantes que se lleva a cabo en Bilbao (tambi\u00e9n en otras ciudades) y Ojal\u00e1-Txiki es el proyecto de atenci\u00f3n a los [&hellip;]<\/p>\n","protected":false},"author":4,"featured_media":29081,"comment_status":"closed","ping_status":"closed","sticky":false,"template":"","format":"standard","meta":{"_et_pb_use_builder":"","_et_pb_old_content":"","_et_gb_content_width":"","footnotes":""},"categories":[9],"tags":[],"class_list":["post-29080","post","type-post","status-publish","format-standard","has-post-thumbnail","hentry","category-bilbao"],"yoast_head":"<!-- This site is optimized with the Yoast SEO plugin v27.4 - https:\/\/yoast.com\/product\/yoast-seo-wordpress\/ -->\n<title>ALFABETIZACI\u00d3N Y RESPUESTA A PERSONAS SIN HOGAR<\/title>\n<meta name=\"description\" content=\"Ojal\u00e1 es el nombre del programa de alfabetizaci\u00f3n de inmigrantes que se lleva a cabo en Bilbao (tambi\u00e9n en otras ciudades) y Ojal\u00e1-Txiki es el proyecto de atenci\u00f3n a los ni\u00f1os y ni\u00f1as mientras su padres est\u00e1n en las clases. Actualmente est\u00e1n participando 72 mujeres y 168 hombres en las clases de castellano, con otras\u2026\" \/>\n<meta name=\"robots\" content=\"index, follow, max-snippet:-1, max-image-preview:large, max-video-preview:-1\" \/>\n<link rel=\"canonical\" href=\"http:\/\/Ojal\u00e1%20es%20el%20nombre%20del%20programa%20de%20alfabetizaci\u00f3n%20de%20inmigrantes%20que%20se%20lleva%20a%20cabo%20en%20Bilbao%20(tambi\u00e9n%20en%20otras%20ciudades)%20y%20Ojal\u00e1-Txiki%20es%20el%20proyecto%20de%20atenci\u00f3n%20a%20los%20ni\u00f1os%20y%20ni\u00f1as%20mientras%20su%20padres%20est\u00e1n%20en%20las%20clases.%20Actualmente%20est\u00e1n%20participando%2072%20mujeres%20y%20168%20hombres%20en%20las%20clases%20de%20castellano,%20con%20otras\u2026\" \/>\n<meta property=\"og:locale\" content=\"fr_FR\" \/>\n<meta property=\"og:type\" content=\"article\" \/>\n<meta property=\"og:title\" content=\"ALFABETIZACI\u00d3N Y RESPUESTA A PERSONAS SIN HOGAR\" \/>\n<meta property=\"og:description\" content=\"Ojal\u00e1 es el nombre del programa de alfabetizaci\u00f3n de inmigrantes que se lleva a cabo en Bilbao (tambi\u00e9n en otras ciudades) y Ojal\u00e1-Txiki es el proyecto de atenci\u00f3n a los ni\u00f1os y ni\u00f1as mientras su padres est\u00e1n en las clases. Actualmente est\u00e1n participando 72 mujeres y 168 hombres en las clases de castellano, con otras\u2026\" \/>\n<meta property=\"og:url\" content=\"https:\/\/www.itakaescolapios.org\/fr\/2019\/11\/alfabetizacion-y-respuesta-a-personas-sin-hogar\/\" \/>\n<meta property=\"og:site_name\" content=\"Itaka-Escolapios\" \/>\n<meta property=\"article:published_time\" content=\"2019-11-18T12:07:47+00:00\" \/>\n<meta property=\"article:modified_time\" content=\"2023-11-28T11:36:37+00:00\" \/>\n<meta property=\"og:image\" content=\"https:\/\/www.itakaescolapios.org\/wp-content\/uploads\/2019\/11\/1alfab.jpg\" \/>\n\t<meta property=\"og:image:width\" content=\"814\" \/>\n\t<meta property=\"og:image:height\" content=\"286\" \/>\n\t<meta property=\"og:image:type\" content=\"image\/jpeg\" \/>\n<meta name=\"author\" content=\"itaka\" \/>\n<meta name=\"twitter:card\" content=\"summary_large_image\" \/>\n<meta name=\"twitter:label1\" content=\"\u00c9crit par\" \/>\n\t<meta name=\"twitter:data1\" content=\"itaka\" \/>\n\t<meta name=\"twitter:label2\" content=\"Dur\u00e9e de lecture estim\u00e9e\" \/>\n\t<meta name=\"twitter:data2\" content=\"2 minutes\" \/>\n<script type=\"application\/ld+json\" class=\"yoast-schema-graph\">{\"@context\":\"https:\\\/\\\/schema.org\",\"@graph\":[{\"@type\":\"Article\",\"@id\":\"https:\\\/\\\/www.itakaescolapios.org\\\/fr\\\/2019\\\/11\\\/alfabetizacion-y-respuesta-a-personas-sin-hogar\\\/#article\",\"isPartOf\":{\"@id\":\"https:\\\/\\\/www.itakaescolapios.org\\\/fr\\\/2019\\\/11\\\/alfabetizacion-y-respuesta-a-personas-sin-hogar\\\/\"},\"author\":{\"name\":\"itaka\",\"@id\":\"https:\\\/\\\/www.itakaescolapios.org\\\/es\\\/#\\\/schema\\\/person\\\/670123daeb1cc31cae1b106740036ccb\"},\"headline\":\"ALFABETIZACI\u00d3N Y RESPUESTA A PERSONAS SIN HOGAR\",\"datePublished\":\"2019-11-18T12:07:47+00:00\",\"dateModified\":\"2023-11-28T11:36:37+00:00\",\"mainEntityOfPage\":{\"@id\":\"https:\\\/\\\/www.itakaescolapios.org\\\/fr\\\/2019\\\/11\\\/alfabetizacion-y-respuesta-a-personas-sin-hogar\\\/\"},\"wordCount\":446,\"publisher\":{\"@id\":\"https:\\\/\\\/www.itakaescolapios.org\\\/es\\\/#organization\"},\"image\":{\"@id\":\"https:\\\/\\\/www.itakaescolapios.org\\\/fr\\\/2019\\\/11\\\/alfabetizacion-y-respuesta-a-personas-sin-hogar\\\/#primaryimage\"},\"thumbnailUrl\":\"https:\\\/\\\/www.itakaescolapios.org\\\/wp-content\\\/uploads\\\/2019\\\/11\\\/1alfab.jpg\",\"articleSection\":[\"Bilbao\"],\"inLanguage\":\"fr-FR\"},{\"@type\":\"WebPage\",\"@id\":\"https:\\\/\\\/www.itakaescolapios.org\\\/fr\\\/2019\\\/11\\\/alfabetizacion-y-respuesta-a-personas-sin-hogar\\\/\",\"url\":\"https:\\\/\\\/www.itakaescolapios.org\\\/fr\\\/2019\\\/11\\\/alfabetizacion-y-respuesta-a-personas-sin-hogar\\\/\",\"name\":\"ALFABETIZACI\u00d3N Y RESPUESTA A PERSONAS SIN HOGAR - Itaka-Escolapios\",\"isPartOf\":{\"@id\":\"https:\\\/\\\/www.itakaescolapios.org\\\/es\\\/#website\"},\"primaryImageOfPage\":{\"@id\":\"https:\\\/\\\/www.itakaescolapios.org\\\/fr\\\/2019\\\/11\\\/alfabetizacion-y-respuesta-a-personas-sin-hogar\\\/#primaryimage\"},\"image\":{\"@id\":\"https:\\\/\\\/www.itakaescolapios.org\\\/fr\\\/2019\\\/11\\\/alfabetizacion-y-respuesta-a-personas-sin-hogar\\\/#primaryimage\"},\"thumbnailUrl\":\"https:\\\/\\\/www.itakaescolapios.org\\\/wp-content\\\/uploads\\\/2019\\\/11\\\/1alfab.jpg\",\"datePublished\":\"2019-11-18T12:07:47+00:00\",\"dateModified\":\"2023-11-28T11:36:37+00:00\",\"breadcrumb\":{\"@id\":\"https:\\\/\\\/www.itakaescolapios.org\\\/fr\\\/2019\\\/11\\\/alfabetizacion-y-respuesta-a-personas-sin-hogar\\\/#breadcrumb\"},\"inLanguage\":\"fr-FR\",\"potentialAction\":[{\"@type\":\"ReadAction\",\"target\":[\"https:\\\/\\\/www.itakaescolapios.org\\\/fr\\\/2019\\\/11\\\/alfabetizacion-y-respuesta-a-personas-sin-hogar\\\/\"]}]},{\"@type\":\"ImageObject\",\"inLanguage\":\"fr-FR\",\"@id\":\"https:\\\/\\\/www.itakaescolapios.org\\\/fr\\\/2019\\\/11\\\/alfabetizacion-y-respuesta-a-personas-sin-hogar\\\/#primaryimage\",\"url\":\"https:\\\/\\\/www.itakaescolapios.org\\\/wp-content\\\/uploads\\\/2019\\\/11\\\/1alfab.jpg\",\"contentUrl\":\"https:\\\/\\\/www.itakaescolapios.org\\\/wp-content\\\/uploads\\\/2019\\\/11\\\/1alfab.jpg\",\"width\":814,\"height\":286},{\"@type\":\"BreadcrumbList\",\"@id\":\"https:\\\/\\\/www.itakaescolapios.org\\\/fr\\\/2019\\\/11\\\/alfabetizacion-y-respuesta-a-personas-sin-hogar\\\/#breadcrumb\",\"itemListElement\":[{\"@type\":\"ListItem\",\"position\":1,\"name\":\"Itaka-Escolapios\",\"item\":\"https:\\\/\\\/www.itakaescolapios.org\\\/es\\\/\"},{\"@type\":\"ListItem\",\"position\":2,\"name\":\"ALFABETIZACI\u00d3N Y RESPUESTA A PERSONAS SIN HOGAR\"}]},{\"@type\":\"WebSite\",\"@id\":\"https:\\\/\\\/www.itakaescolapios.org\\\/fr\\\/es\\\/#website\",\"url\":\"https:\\\/\\\/www.itakaescolapios.org\\\/fr\\\/es\\\/\",\"name\":\"Itaka-Escolapios\",\"description\":\"Red de Itaka-Escolapios\",\"publisher\":{\"@id\":\"https:\\\/\\\/www.itakaescolapios.org\\\/fr\\\/es\\\/#organization\"},\"potentialAction\":[{\"@type\":\"SearchAction\",\"target\":{\"@type\":\"EntryPoint\",\"urlTemplate\":\"https:\\\/\\\/www.itakaescolapios.org\\\/fr\\\/es\\\/?s={search_term_string}\"},\"query-input\":{\"@type\":\"PropertyValueSpecification\",\"valueRequired\":true,\"valueName\":\"search_term_string\"}}],\"inLanguage\":\"fr-FR\"},{\"@type\":\"Organization\",\"@id\":\"https:\\\/\\\/www.itakaescolapios.org\\\/fr\\\/es\\\/#organization\",\"name\":\"Fundaci\u00f3 Itaka-Escolapios\",\"url\":\"https:\\\/\\\/www.itakaescolapios.org\\\/fr\\\/es\\\/\",\"logo\":{\"@type\":\"ImageObject\",\"inLanguage\":\"fr-FR\",\"@id\":\"https:\\\/\\\/www.itakaescolapios.org\\\/fr\\\/es\\\/#\\\/schema\\\/logo\\\/image\\\/\",\"url\":\"https:\\\/\\\/www.itakaescolapios.org\\\/wp-content\\\/uploads\\\/2024\\\/04\\\/Logo-itakaescolapios-peque.png\",\"contentUrl\":\"https:\\\/\\\/www.itakaescolapios.org\\\/wp-content\\\/uploads\\\/2024\\\/04\\\/Logo-itakaescolapios-peque.png\",\"width\":500,\"height\":199,\"caption\":\"Fundaci\u00f3 Itaka-Escolapios\"},\"image\":{\"@id\":\"https:\\\/\\\/www.itakaescolapios.org\\\/fr\\\/es\\\/#\\\/schema\\\/logo\\\/image\\\/\"}},{\"@type\":\"Person\",\"@id\":\"https:\\\/\\\/www.itakaescolapios.org\\\/es\\\/#\\\/schema\\\/person\\\/670123daeb1cc31cae1b106740036ccb\",\"name\":\"itaka\",\"url\":\"https:\\\/\\\/www.itakaescolapios.org\\\/fr\\\/author\\\/itaka\\\/\"}]}<\/script>\n<!-- \/ Yoast SEO plugin. -->","yoast_head_json":{"title":"ALFABETIZACI\u00d3N Y RESPUESTA A PERSONAS SIN HOGAR","description":"Ojal\u00e1 es el nombre del programa de alfabetizaci\u00f3n de inmigrantes que se lleva a cabo en Bilbao (tambi\u00e9n en otras ciudades) y Ojal\u00e1-Txiki es el proyecto de atenci\u00f3n a los ni\u00f1os y ni\u00f1as mientras su padres est\u00e1n en las clases. Actualmente est\u00e1n participando 72 mujeres y 168 hombres en las clases de castellano, con otras\u2026","robots":{"index":"index","follow":"follow","max-snippet":"max-snippet:-1","max-image-preview":"max-image-preview:large","max-video-preview":"max-video-preview:-1"},"canonical":"Ojal\u00e1 es el nombre del programa de alfabetizaci\u00f3n de inmigrantes que se lleva a cabo en Bilbao (tambi\u00e9n en otras ciudades) y Ojal\u00e1-Txiki es el proyecto de atenci\u00f3n a los ni\u00f1os y ni\u00f1as mientras su padres est\u00e1n en las clases. Actualmente est\u00e1n participando 72 mujeres y 168 hombres en las clases de castellano, con otras\u2026","og_locale":"fr_FR","og_type":"article","og_title":"ALFABETIZACI\u00d3N Y RESPUESTA A PERSONAS SIN HOGAR","og_description":"Ojal\u00e1 es el nombre del programa de alfabetizaci\u00f3n de inmigrantes que se lleva a cabo en Bilbao (tambi\u00e9n en otras ciudades) y Ojal\u00e1-Txiki es el proyecto de atenci\u00f3n a los ni\u00f1os y ni\u00f1as mientras su padres est\u00e1n en las clases. Actualmente est\u00e1n participando 72 mujeres y 168 hombres en las clases de castellano, con otras\u2026","og_url":"https:\/\/www.itakaescolapios.org\/fr\/2019\/11\/alfabetizacion-y-respuesta-a-personas-sin-hogar\/","og_site_name":"Itaka-Escolapios","article_published_time":"2019-11-18T12:07:47+00:00","article_modified_time":"2023-11-28T11:36:37+00:00","og_image":[{"width":814,"height":286,"url":"https:\/\/www.itakaescolapios.org\/wp-content\/uploads\/2019\/11\/1alfab.jpg","type":"image\/jpeg"}],"author":"itaka","twitter_card":"summary_large_image","twitter_misc":{"\u00c9crit par":"itaka","Dur\u00e9e de lecture estim\u00e9e":"2 minutes"},"schema":{"@context":"https:\/\/schema.org","@graph":[{"@type":"Article","@id":"https:\/\/www.itakaescolapios.org\/fr\/2019\/11\/alfabetizacion-y-respuesta-a-personas-sin-hogar\/#article","isPartOf":{"@id":"https:\/\/www.itakaescolapios.org\/fr\/2019\/11\/alfabetizacion-y-respuesta-a-personas-sin-hogar\/"},"author":{"name":"itaka","@id":"https:\/\/www.itakaescolapios.org\/es\/#\/schema\/person\/670123daeb1cc31cae1b106740036ccb"},"headline":"ALFABETIZACI\u00d3N Y RESPUESTA A PERSONAS SIN HOGAR","datePublished":"2019-11-18T12:07:47+00:00","dateModified":"2023-11-28T11:36:37+00:00","mainEntityOfPage":{"@id":"https:\/\/www.itakaescolapios.org\/fr\/2019\/11\/alfabetizacion-y-respuesta-a-personas-sin-hogar\/"},"wordCount":446,"publisher":{"@id":"https:\/\/www.itakaescolapios.org\/es\/#organization"},"image":{"@id":"https:\/\/www.itakaescolapios.org\/fr\/2019\/11\/alfabetizacion-y-respuesta-a-personas-sin-hogar\/#primaryimage"},"thumbnailUrl":"https:\/\/www.itakaescolapios.org\/wp-content\/uploads\/2019\/11\/1alfab.jpg","articleSection":["Bilbao"],"inLanguage":"fr-FR"},{"@type":"WebPage","@id":"https:\/\/www.itakaescolapios.org\/fr\/2019\/11\/alfabetizacion-y-respuesta-a-personas-sin-hogar\/","url":"https:\/\/www.itakaescolapios.org\/fr\/2019\/11\/alfabetizacion-y-respuesta-a-personas-sin-hogar\/","name":"ALFABETIZACI\u00d3N Y RESPUESTA A PERSONAS SIN HOGAR - Itaka-Escolapios","isPartOf":{"@id":"https:\/\/www.itakaescolapios.org\/es\/#website"},"primaryImageOfPage":{"@id":"https:\/\/www.itakaescolapios.org\/fr\/2019\/11\/alfabetizacion-y-respuesta-a-personas-sin-hogar\/#primaryimage"},"image":{"@id":"https:\/\/www.itakaescolapios.org\/fr\/2019\/11\/alfabetizacion-y-respuesta-a-personas-sin-hogar\/#primaryimage"},"thumbnailUrl":"https:\/\/www.itakaescolapios.org\/wp-content\/uploads\/2019\/11\/1alfab.jpg","datePublished":"2019-11-18T12:07:47+00:00","dateModified":"2023-11-28T11:36:37+00:00","breadcrumb":{"@id":"https:\/\/www.itakaescolapios.org\/fr\/2019\/11\/alfabetizacion-y-respuesta-a-personas-sin-hogar\/#breadcrumb"},"inLanguage":"fr-FR","potentialAction":[{"@type":"ReadAction","target":["https:\/\/www.itakaescolapios.org\/fr\/2019\/11\/alfabetizacion-y-respuesta-a-personas-sin-hogar\/"]}]},{"@type":"ImageObject","inLanguage":"fr-FR","@id":"https:\/\/www.itakaescolapios.org\/fr\/2019\/11\/alfabetizacion-y-respuesta-a-personas-sin-hogar\/#primaryimage","url":"https:\/\/www.itakaescolapios.org\/wp-content\/uploads\/2019\/11\/1alfab.jpg","contentUrl":"https:\/\/www.itakaescolapios.org\/wp-content\/uploads\/2019\/11\/1alfab.jpg","width":814,"height":286},{"@type":"BreadcrumbList","@id":"https:\/\/www.itakaescolapios.org\/fr\/2019\/11\/alfabetizacion-y-respuesta-a-personas-sin-hogar\/#breadcrumb","itemListElement":[{"@type":"ListItem","position":1,"name":"Itaka-Escolapios","item":"https:\/\/www.itakaescolapios.org\/es\/"},{"@type":"ListItem","position":2,"name":"ALFABETIZACI\u00d3N Y RESPUESTA A PERSONAS SIN HOGAR"}]},{"@type":"WebSite","@id":"https:\/\/www.itakaescolapios.org\/fr\/es\/#website","url":"https:\/\/www.itakaescolapios.org\/fr\/es\/","name":"Itaka-Escolapios","description":"Red de Itaka-Escolapios","publisher":{"@id":"https:\/\/www.itakaescolapios.org\/fr\/es\/#organization"},"potentialAction":[{"@type":"SearchAction","target":{"@type":"EntryPoint","urlTemplate":"https:\/\/www.itakaescolapios.org\/fr\/es\/?s={search_term_string}"},"query-input":{"@type":"PropertyValueSpecification","valueRequired":true,"valueName":"search_term_string"}}],"inLanguage":"fr-FR"},{"@type":"Organization","@id":"https:\/\/www.itakaescolapios.org\/fr\/es\/#organization","name":"Fundaci\u00f3 Itaka-Escolapios","url":"https:\/\/www.itakaescolapios.org\/fr\/es\/","logo":{"@type":"ImageObject","inLanguage":"fr-FR","@id":"https:\/\/www.itakaescolapios.org\/fr\/es\/#\/schema\/logo\/image\/","url":"https:\/\/www.itakaescolapios.org\/wp-content\/uploads\/2024\/04\/Logo-itakaescolapios-peque.png","contentUrl":"https:\/\/www.itakaescolapios.org\/wp-content\/uploads\/2024\/04\/Logo-itakaescolapios-peque.png","width":500,"height":199,"caption":"Fundaci\u00f3 Itaka-Escolapios"},"image":{"@id":"https:\/\/www.itakaescolapios.org\/fr\/es\/#\/schema\/logo\/image\/"}},{"@type":"Person","@id":"https:\/\/www.itakaescolapios.org\/es\/#\/schema\/person\/670123daeb1cc31cae1b106740036ccb","name":"itaka","url":"https:\/\/www.itakaescolapios.org\/fr\/author\/itaka\/"}]}},"_links":{"self":[{"href":"https:\/\/www.itakaescolapios.org\/fr\/wp-json\/wp\/v2\/posts\/29080","targetHints":{"allow":["GET"]}}],"collection":[{"href":"https:\/\/www.itakaescolapios.org\/fr\/wp-json\/wp\/v2\/posts"}],"about":[{"href":"https:\/\/www.itakaescolapios.org\/fr\/wp-json\/wp\/v2\/types\/post"}],"author":[{"embeddable":true,"href":"https:\/\/www.itakaescolapios.org\/fr\/wp-json\/wp\/v2\/users\/4"}],"replies":[{"embeddable":true,"href":"https:\/\/www.itakaescolapios.org\/fr\/wp-json\/wp\/v2\/comments?post=29080"}],"version-history":[{"count":4,"href":"https:\/\/www.itakaescolapios.org\/fr\/wp-json\/wp\/v2\/posts\/29080\/revisions"}],"predecessor-version":[{"id":45316,"href":"https:\/\/www.itakaescolapios.org\/fr\/wp-json\/wp\/v2\/posts\/29080\/revisions\/45316"}],"wp:featuredmedia":[{"embeddable":true,"href":"https:\/\/www.itakaescolapios.org\/fr\/wp-json\/wp\/v2\/media\/29081"}],"wp:attachment":[{"href":"https:\/\/www.itakaescolapios.org\/fr\/wp-json\/wp\/v2\/media?parent=29080"}],"wp:term":[{"taxonomy":"category","embeddable":true,"href":"https:\/\/www.itakaescolapios.org\/fr\/wp-json\/wp\/v2\/categories?post=29080"},{"taxonomy":"post_tag","embeddable":true,"href":"https:\/\/www.itakaescolapios.org\/fr\/wp-json\/wp\/v2\/tags?post=29080"}],"curies":[{"name":"wp","href":"https:\/\/api.w.org\/{rel}","templated":true}]}}