{"id":29211,"date":"2019-11-21T18:10:30","date_gmt":"2019-11-21T17:10:30","guid":{"rendered":"https:\/\/www.itakaescolapios.org\/?p=29211"},"modified":"2023-11-28T12:36:37","modified_gmt":"2023-11-28T11:36:37","slug":"portugues-memorias-projeto-jornada-ampliada","status":"publish","type":"post","link":"https:\/\/www.itakaescolapios.org\/fr\/2019\/11\/portugues-memorias-projeto-jornada-ampliada\/","title":{"rendered":"PROYECTO \"JORNADA AMPLIADA\""},"content":{"rendered":"<p>En las primeras semanas de noviembre se han desarrollado diversas actividades para impulsar la formaci\u00f3n integral que incluye valores humanos, cristianos y solidarios: visita al museo, iniciativas inform\u00e1ticas, educaci\u00f3n en valores&#8230; como podemos ver en algunas fotos: <a href=\"https:\/\/www.facebook.com\/2016878628599301\/photos\/pcb.2615788935374931\/2615779412042550\/?type=3&amp;av=2016878628599301&amp;eav=Afag-DMVW6YVyaxFu8PS7mQpGN4Y9ae0gdYpy6FzTRcN3f1Tf-xWWISSUW2v3E36tpb2o9lt0p0TrWD31mi_F5ns&amp;theater\">https:\/\/www.facebook.com\/2016878628599301\/photos\/pcb.2615788935374931\/2615779412042550\/?type=3&amp;av=2016878628599301&amp;eav=Afag-DMVW6YVyaxFu8PS7mQpGN4Y9ae0gdYpy6FzTRcN3f1Tf-xWWISSUW2v3E36tpb2o9lt0p0TrWD31mi_F5ns&amp;theater<\/a><\/p>\n","protected":false},"excerpt":{"rendered":"<p>En las primeras semanas de noviembre se han desarrollado diversas actividades para impulsar la formaci\u00f3n integral que incluye valores humanos, cristianos y solidarios: visita al museo, iniciativas inform\u00e1ticas, educaci\u00f3n en [&hellip;]<\/p>\n","protected":false},"author":11,"featured_media":29212,"comment_status":"closed","ping_status":"closed","sticky":false,"template":"","format":"standard","meta":{"_et_pb_use_builder":"","_et_pb_old_content":"","_et_gb_content_width":"","footnotes":""},"categories":[16],"tags":[],"class_list":["post-29211","post","type-post","status-publish","format-standard","has-post-thumbnail","hentry","category-governador-valadares"],"yoast_head":"<!-- This site is optimized with the Yoast SEO plugin v27.4 - https:\/\/yoast.com\/product\/yoast-seo-wordpress\/ -->\n<title>PROYECTO &quot;JORNADA AMPLIADA&quot;<\/title>\n<meta name=\"description\" content=\"En las primeras semanas de noviembre se han desarrollado diversas actividades para impulsar la formaci\u00f3n integral que incluye valores humanos, cristianos y solidarios: visita al museo, iniciativas inform\u00e1ticas, educaci\u00f3n en valores... como podemos ver en algunas fotos: https:\/\/www.facebook.com\/2016878628599301\/photos\/pcb.2615788935374931\/2615779412042550\/?type=3&amp;av=2016878628599301&amp;eav=Afag-DMVW6YVyaxFu8PS7mQpGN4Y9ae0gdYpy6FzTRcN3f1Tf-xWWISSUW2v3E36tpb2o9lt0p0TrWD31mi_F5ns&amp;theater\" \/>\n<meta name=\"robots\" content=\"index, follow, max-snippet:-1, max-image-preview:large, max-video-preview:-1\" \/>\n<link rel=\"canonical\" href=\"\" \/>\n<meta property=\"og:locale\" content=\"fr_FR\" \/>\n<meta property=\"og:type\" content=\"article\" \/>\n<meta property=\"og:title\" content=\"PROYECTO &quot;JORNADA AMPLIADA&quot;\" \/>\n<meta property=\"og:description\" content=\"En las primeras semanas de noviembre se han desarrollado diversas actividades para impulsar la formaci\u00f3n integral que incluye valores humanos, cristianos y solidarios: visita al museo, iniciativas inform\u00e1ticas, educaci\u00f3n en valores... como podemos ver en algunas fotos: https:\/\/www.facebook.com\/2016878628599301\/photos\/pcb.2615788935374931\/2615779412042550\/?type=3&amp;av=2016878628599301&amp;eav=Afag-DMVW6YVyaxFu8PS7mQpGN4Y9ae0gdYpy6FzTRcN3f1Tf-xWWISSUW2v3E36tpb2o9lt0p0TrWD31mi_F5ns&amp;theater\" \/>\n<meta property=\"og:url\" content=\"https:\/\/www.itakaescolapios.org\/fr\/2019\/11\/portugues-memorias-projeto-jornada-ampliada\/\" \/>\n<meta property=\"og:site_name\" content=\"Itaka-Escolapios\" \/>\n<meta property=\"article:published_time\" content=\"2019-11-21T17:10:30+00:00\" \/>\n<meta property=\"article:modified_time\" content=\"2023-11-28T11:36:37+00:00\" \/>\n<meta property=\"og:image\" content=\"https:\/\/www.itakaescolapios.org\/wp-content\/uploads\/2019\/11\/Educandos-repassando-conhecimento-de-pintura-para-as-crian\u00e7as-3.jpeg\" \/>\n\t<meta property=\"og:image:width\" content=\"1280\" \/>\n\t<meta property=\"og:image:height\" content=\"720\" \/>\n\t<meta property=\"og:image:type\" content=\"image\/jpeg\" \/>\n<meta name=\"author\" content=\"brasil03\" \/>\n<meta name=\"twitter:card\" content=\"summary_large_image\" \/>\n<meta name=\"twitter:label1\" content=\"\u00c9crit par\" \/>\n\t<meta name=\"twitter:data1\" content=\"brasil03\" \/>\n<script type=\"application\/ld+json\" class=\"yoast-schema-graph\">{\"@context\":\"https:\\\/\\\/schema.org\",\"@graph\":[{\"@type\":\"Article\",\"@id\":\"https:\\\/\\\/www.itakaescolapios.org\\\/fr\\\/2019\\\/11\\\/portugues-memorias-projeto-jornada-ampliada\\\/#article\",\"isPartOf\":{\"@id\":\"https:\\\/\\\/www.itakaescolapios.org\\\/fr\\\/2019\\\/11\\\/portugues-memorias-projeto-jornada-ampliada\\\/\"},\"author\":{\"name\":\"brasil03\",\"@id\":\"https:\\\/\\\/www.itakaescolapios.org\\\/es\\\/#\\\/schema\\\/person\\\/9c761c62049293fc36e6c91e429de3d5\"},\"headline\":\"PROYECTO \\\"JORNADA AMPLIADA\\\"\",\"datePublished\":\"2019-11-21T17:10:30+00:00\",\"dateModified\":\"2023-11-28T11:36:37+00:00\",\"mainEntityOfPage\":{\"@id\":\"https:\\\/\\\/www.itakaescolapios.org\\\/fr\\\/2019\\\/11\\\/portugues-memorias-projeto-jornada-ampliada\\\/\"},\"wordCount\":76,\"publisher\":{\"@id\":\"https:\\\/\\\/www.itakaescolapios.org\\\/es\\\/#organization\"},\"image\":{\"@id\":\"https:\\\/\\\/www.itakaescolapios.org\\\/fr\\\/2019\\\/11\\\/portugues-memorias-projeto-jornada-ampliada\\\/#primaryimage\"},\"thumbnailUrl\":\"https:\\\/\\\/www.itakaescolapios.org\\\/wp-content\\\/uploads\\\/2019\\\/11\\\/Educandos-repassando-conhecimento-de-pintura-para-as-crian\u00e7as-3.jpeg\",\"articleSection\":[\"Governador Valadares\"],\"inLanguage\":\"fr-FR\"},{\"@type\":\"WebPage\",\"@id\":\"https:\\\/\\\/www.itakaescolapios.org\\\/fr\\\/2019\\\/11\\\/portugues-memorias-projeto-jornada-ampliada\\\/\",\"url\":\"https:\\\/\\\/www.itakaescolapios.org\\\/fr\\\/2019\\\/11\\\/portugues-memorias-projeto-jornada-ampliada\\\/\",\"name\":\"PROYECTO \\\"JORNADA AMPLIADA\\\" - Itaka-Escolapios\",\"isPartOf\":{\"@id\":\"https:\\\/\\\/www.itakaescolapios.org\\\/es\\\/#website\"},\"primaryImageOfPage\":{\"@id\":\"https:\\\/\\\/www.itakaescolapios.org\\\/fr\\\/2019\\\/11\\\/portugues-memorias-projeto-jornada-ampliada\\\/#primaryimage\"},\"image\":{\"@id\":\"https:\\\/\\\/www.itakaescolapios.org\\\/fr\\\/2019\\\/11\\\/portugues-memorias-projeto-jornada-ampliada\\\/#primaryimage\"},\"thumbnailUrl\":\"https:\\\/\\\/www.itakaescolapios.org\\\/wp-content\\\/uploads\\\/2019\\\/11\\\/Educandos-repassando-conhecimento-de-pintura-para-as-crian\u00e7as-3.jpeg\",\"datePublished\":\"2019-11-21T17:10:30+00:00\",\"dateModified\":\"2023-11-28T11:36:37+00:00\",\"breadcrumb\":{\"@id\":\"https:\\\/\\\/www.itakaescolapios.org\\\/fr\\\/2019\\\/11\\\/portugues-memorias-projeto-jornada-ampliada\\\/#breadcrumb\"},\"inLanguage\":\"fr-FR\",\"potentialAction\":[{\"@type\":\"ReadAction\",\"target\":[\"https:\\\/\\\/www.itakaescolapios.org\\\/fr\\\/2019\\\/11\\\/portugues-memorias-projeto-jornada-ampliada\\\/\"]}]},{\"@type\":\"ImageObject\",\"inLanguage\":\"fr-FR\",\"@id\":\"https:\\\/\\\/www.itakaescolapios.org\\\/fr\\\/2019\\\/11\\\/portugues-memorias-projeto-jornada-ampliada\\\/#primaryimage\",\"url\":\"https:\\\/\\\/www.itakaescolapios.org\\\/wp-content\\\/uploads\\\/2019\\\/11\\\/Educandos-repassando-conhecimento-de-pintura-para-as-crian\u00e7as-3.jpeg\",\"contentUrl\":\"https:\\\/\\\/www.itakaescolapios.org\\\/wp-content\\\/uploads\\\/2019\\\/11\\\/Educandos-repassando-conhecimento-de-pintura-para-as-crian\u00e7as-3.jpeg\",\"width\":1280,\"height\":720},{\"@type\":\"BreadcrumbList\",\"@id\":\"https:\\\/\\\/www.itakaescolapios.org\\\/fr\\\/2019\\\/11\\\/portugues-memorias-projeto-jornada-ampliada\\\/#breadcrumb\",\"itemListElement\":[{\"@type\":\"ListItem\",\"position\":1,\"name\":\"Itaka-Escolapios\",\"item\":\"https:\\\/\\\/www.itakaescolapios.org\\\/es\\\/\"},{\"@type\":\"ListItem\",\"position\":2,\"name\":\"PROYECTO \\\"JORNADA AMPLIADA\\\"\"}]},{\"@type\":\"WebSite\",\"@id\":\"https:\\\/\\\/www.itakaescolapios.org\\\/fr\\\/es\\\/#website\",\"url\":\"https:\\\/\\\/www.itakaescolapios.org\\\/fr\\\/es\\\/\",\"name\":\"Itaka-Escolapios\",\"description\":\"Red de Itaka-Escolapios\",\"publisher\":{\"@id\":\"https:\\\/\\\/www.itakaescolapios.org\\\/fr\\\/es\\\/#organization\"},\"potentialAction\":[{\"@type\":\"SearchAction\",\"target\":{\"@type\":\"EntryPoint\",\"urlTemplate\":\"https:\\\/\\\/www.itakaescolapios.org\\\/fr\\\/es\\\/?s={search_term_string}\"},\"query-input\":{\"@type\":\"PropertyValueSpecification\",\"valueRequired\":true,\"valueName\":\"search_term_string\"}}],\"inLanguage\":\"fr-FR\"},{\"@type\":\"Organization\",\"@id\":\"https:\\\/\\\/www.itakaescolapios.org\\\/fr\\\/es\\\/#organization\",\"name\":\"Fundaci\u00f3 Itaka-Escolapios\",\"url\":\"https:\\\/\\\/www.itakaescolapios.org\\\/fr\\\/es\\\/\",\"logo\":{\"@type\":\"ImageObject\",\"inLanguage\":\"fr-FR\",\"@id\":\"https:\\\/\\\/www.itakaescolapios.org\\\/fr\\\/es\\\/#\\\/schema\\\/logo\\\/image\\\/\",\"url\":\"https:\\\/\\\/www.itakaescolapios.org\\\/wp-content\\\/uploads\\\/2024\\\/04\\\/Logo-itakaescolapios-peque.png\",\"contentUrl\":\"https:\\\/\\\/www.itakaescolapios.org\\\/wp-content\\\/uploads\\\/2024\\\/04\\\/Logo-itakaescolapios-peque.png\",\"width\":500,\"height\":199,\"caption\":\"Fundaci\u00f3 Itaka-Escolapios\"},\"image\":{\"@id\":\"https:\\\/\\\/www.itakaescolapios.org\\\/fr\\\/es\\\/#\\\/schema\\\/logo\\\/image\\\/\"}},{\"@type\":\"Person\",\"@id\":\"https:\\\/\\\/www.itakaescolapios.org\\\/es\\\/#\\\/schema\\\/person\\\/9c761c62049293fc36e6c91e429de3d5\",\"name\":\"brasil03\",\"url\":\"https:\\\/\\\/www.itakaescolapios.org\\\/fr\\\/author\\\/brasil03\\\/\"}]}<\/script>\n<!-- \/ Yoast SEO plugin. -->","yoast_head_json":{"title":"PROYECTO \"JORNADA AMPLIADA\"","description":"En las primeras semanas de noviembre se han desarrollado diversas actividades para impulsar la formaci\u00f3n integral que incluye valores humanos, cristianos y solidarios: visita al museo, iniciativas inform\u00e1ticas, educaci\u00f3n en valores... como podemos ver en algunas fotos: https:\/\/www.facebook.com\/2016878628599301\/photos\/pcb.2615788935374931\/2615779412042550\/?type=3&amp;av=2016878628599301&amp;eav=Afag-DMVW6YVyaxFu8PS7mQpGN4Y9ae0gdYpy6FzTRcN3f1Tf-xWWISSUW2v3E36tpb2o9lt0p0TrWD31mi_F5ns&amp;theater","robots":{"index":"index","follow":"follow","max-snippet":"max-snippet:-1","max-image-preview":"max-image-preview:large","max-video-preview":"max-video-preview:-1"},"canonical":"En las primeras semanas de noviembre se han desarrollado diversas actividades para impulsar la formaci\u00f3n integral que incluye valores humanos, cristianos y solidarios: visita al museo, iniciativas inform\u00e1ticas, educaci\u00f3n en valores... como podemos ver en algunas fotos: https:\/\/www.facebook.com\/2016878628599301\/photos\/pcb.2615788935374931\/2615779412042550\/?type=3&amp;av=2016878628599301&amp;eav=Afag-DMVW6YVyaxFu8PS7mQpGN4Y9ae0gdYpy6FzTRcN3f1Tf-xWWISSUW2v3E36tpb2o9lt0p0TrWD31mi_F5ns&amp;theater","og_locale":"fr_FR","og_type":"article","og_title":"PROYECTO \"JORNADA AMPLIADA\"","og_description":"En las primeras semanas de noviembre se han desarrollado diversas actividades para impulsar la formaci\u00f3n integral que incluye valores humanos, cristianos y solidarios: visita al museo, iniciativas inform\u00e1ticas, educaci\u00f3n en valores... como podemos ver en algunas fotos: https:\/\/www.facebook.com\/2016878628599301\/photos\/pcb.2615788935374931\/2615779412042550\/?type=3&amp;av=2016878628599301&amp;eav=Afag-DMVW6YVyaxFu8PS7mQpGN4Y9ae0gdYpy6FzTRcN3f1Tf-xWWISSUW2v3E36tpb2o9lt0p0TrWD31mi_F5ns&amp;theater","og_url":"https:\/\/www.itakaescolapios.org\/fr\/2019\/11\/portugues-memorias-projeto-jornada-ampliada\/","og_site_name":"Itaka-Escolapios","article_published_time":"2019-11-21T17:10:30+00:00","article_modified_time":"2023-11-28T11:36:37+00:00","og_image":[{"width":1280,"height":720,"url":"https:\/\/www.itakaescolapios.org\/wp-content\/uploads\/2019\/11\/Educandos-repassando-conhecimento-de-pintura-para-as-crian\u00e7as-3.jpeg","type":"image\/jpeg"}],"author":"brasil03","twitter_card":"summary_large_image","twitter_misc":{"\u00c9crit par":"brasil03"},"schema":{"@context":"https:\/\/schema.org","@graph":[{"@type":"Article","@id":"https:\/\/www.itakaescolapios.org\/fr\/2019\/11\/portugues-memorias-projeto-jornada-ampliada\/#article","isPartOf":{"@id":"https:\/\/www.itakaescolapios.org\/fr\/2019\/11\/portugues-memorias-projeto-jornada-ampliada\/"},"author":{"name":"brasil03","@id":"https:\/\/www.itakaescolapios.org\/es\/#\/schema\/person\/9c761c62049293fc36e6c91e429de3d5"},"headline":"PROYECTO \"JORNADA AMPLIADA\"","datePublished":"2019-11-21T17:10:30+00:00","dateModified":"2023-11-28T11:36:37+00:00","mainEntityOfPage":{"@id":"https:\/\/www.itakaescolapios.org\/fr\/2019\/11\/portugues-memorias-projeto-jornada-ampliada\/"},"wordCount":76,"publisher":{"@id":"https:\/\/www.itakaescolapios.org\/es\/#organization"},"image":{"@id":"https:\/\/www.itakaescolapios.org\/fr\/2019\/11\/portugues-memorias-projeto-jornada-ampliada\/#primaryimage"},"thumbnailUrl":"https:\/\/www.itakaescolapios.org\/wp-content\/uploads\/2019\/11\/Educandos-repassando-conhecimento-de-pintura-para-as-crian\u00e7as-3.jpeg","articleSection":["Governador Valadares"],"inLanguage":"fr-FR"},{"@type":"WebPage","@id":"https:\/\/www.itakaescolapios.org\/fr\/2019\/11\/portugues-memorias-projeto-jornada-ampliada\/","url":"https:\/\/www.itakaescolapios.org\/fr\/2019\/11\/portugues-memorias-projeto-jornada-ampliada\/","name":"PROYECTO \"JORNADA AMPLIADA\" - Itaka-Escolapios","isPartOf":{"@id":"https:\/\/www.itakaescolapios.org\/es\/#website"},"primaryImageOfPage":{"@id":"https:\/\/www.itakaescolapios.org\/fr\/2019\/11\/portugues-memorias-projeto-jornada-ampliada\/#primaryimage"},"image":{"@id":"https:\/\/www.itakaescolapios.org\/fr\/2019\/11\/portugues-memorias-projeto-jornada-ampliada\/#primaryimage"},"thumbnailUrl":"https:\/\/www.itakaescolapios.org\/wp-content\/uploads\/2019\/11\/Educandos-repassando-conhecimento-de-pintura-para-as-crian\u00e7as-3.jpeg","datePublished":"2019-11-21T17:10:30+00:00","dateModified":"2023-11-28T11:36:37+00:00","breadcrumb":{"@id":"https:\/\/www.itakaescolapios.org\/fr\/2019\/11\/portugues-memorias-projeto-jornada-ampliada\/#breadcrumb"},"inLanguage":"fr-FR","potentialAction":[{"@type":"ReadAction","target":["https:\/\/www.itakaescolapios.org\/fr\/2019\/11\/portugues-memorias-projeto-jornada-ampliada\/"]}]},{"@type":"ImageObject","inLanguage":"fr-FR","@id":"https:\/\/www.itakaescolapios.org\/fr\/2019\/11\/portugues-memorias-projeto-jornada-ampliada\/#primaryimage","url":"https:\/\/www.itakaescolapios.org\/wp-content\/uploads\/2019\/11\/Educandos-repassando-conhecimento-de-pintura-para-as-crian\u00e7as-3.jpeg","contentUrl":"https:\/\/www.itakaescolapios.org\/wp-content\/uploads\/2019\/11\/Educandos-repassando-conhecimento-de-pintura-para-as-crian\u00e7as-3.jpeg","width":1280,"height":720},{"@type":"BreadcrumbList","@id":"https:\/\/www.itakaescolapios.org\/fr\/2019\/11\/portugues-memorias-projeto-jornada-ampliada\/#breadcrumb","itemListElement":[{"@type":"ListItem","position":1,"name":"Itaka-Escolapios","item":"https:\/\/www.itakaescolapios.org\/es\/"},{"@type":"ListItem","position":2,"name":"PROYECTO \"JORNADA AMPLIADA\""}]},{"@type":"WebSite","@id":"https:\/\/www.itakaescolapios.org\/fr\/es\/#website","url":"https:\/\/www.itakaescolapios.org\/fr\/es\/","name":"Itaka-Escolapios","description":"Red de Itaka-Escolapios","publisher":{"@id":"https:\/\/www.itakaescolapios.org\/fr\/es\/#organization"},"potentialAction":[{"@type":"SearchAction","target":{"@type":"EntryPoint","urlTemplate":"https:\/\/www.itakaescolapios.org\/fr\/es\/?s={search_term_string}"},"query-input":{"@type":"PropertyValueSpecification","valueRequired":true,"valueName":"search_term_string"}}],"inLanguage":"fr-FR"},{"@type":"Organization","@id":"https:\/\/www.itakaescolapios.org\/fr\/es\/#organization","name":"Fundaci\u00f3 Itaka-Escolapios","url":"https:\/\/www.itakaescolapios.org\/fr\/es\/","logo":{"@type":"ImageObject","inLanguage":"fr-FR","@id":"https:\/\/www.itakaescolapios.org\/fr\/es\/#\/schema\/logo\/image\/","url":"https:\/\/www.itakaescolapios.org\/wp-content\/uploads\/2024\/04\/Logo-itakaescolapios-peque.png","contentUrl":"https:\/\/www.itakaescolapios.org\/wp-content\/uploads\/2024\/04\/Logo-itakaescolapios-peque.png","width":500,"height":199,"caption":"Fundaci\u00f3 Itaka-Escolapios"},"image":{"@id":"https:\/\/www.itakaescolapios.org\/fr\/es\/#\/schema\/logo\/image\/"}},{"@type":"Person","@id":"https:\/\/www.itakaescolapios.org\/es\/#\/schema\/person\/9c761c62049293fc36e6c91e429de3d5","name":"brasil03","url":"https:\/\/www.itakaescolapios.org\/fr\/author\/brasil03\/"}]}},"_links":{"self":[{"href":"https:\/\/www.itakaescolapios.org\/fr\/wp-json\/wp\/v2\/posts\/29211","targetHints":{"allow":["GET"]}}],"collection":[{"href":"https:\/\/www.itakaescolapios.org\/fr\/wp-json\/wp\/v2\/posts"}],"about":[{"href":"https:\/\/www.itakaescolapios.org\/fr\/wp-json\/wp\/v2\/types\/post"}],"author":[{"embeddable":true,"href":"https:\/\/www.itakaescolapios.org\/fr\/wp-json\/wp\/v2\/users\/11"}],"replies":[{"embeddable":true,"href":"https:\/\/www.itakaescolapios.org\/fr\/wp-json\/wp\/v2\/comments?post=29211"}],"version-history":[{"count":5,"href":"https:\/\/www.itakaescolapios.org\/fr\/wp-json\/wp\/v2\/posts\/29211\/revisions"}],"predecessor-version":[{"id":45306,"href":"https:\/\/www.itakaescolapios.org\/fr\/wp-json\/wp\/v2\/posts\/29211\/revisions\/45306"}],"wp:featuredmedia":[{"embeddable":true,"href":"https:\/\/www.itakaescolapios.org\/fr\/wp-json\/wp\/v2\/media\/29212"}],"wp:attachment":[{"href":"https:\/\/www.itakaescolapios.org\/fr\/wp-json\/wp\/v2\/media?parent=29211"}],"wp:term":[{"taxonomy":"category","embeddable":true,"href":"https:\/\/www.itakaescolapios.org\/fr\/wp-json\/wp\/v2\/categories?post=29211"},{"taxonomy":"post_tag","embeddable":true,"href":"https:\/\/www.itakaescolapios.org\/fr\/wp-json\/wp\/v2\/tags?post=29211"}],"curies":[{"name":"wp","href":"https:\/\/api.w.org\/{rel}","templated":true}]}}