{"id":29280,"date":"2019-11-26T19:38:17","date_gmt":"2019-11-26T18:38:17","guid":{"rendered":"https:\/\/www.itakaescolapios.org\/?p=29280"},"modified":"2023-11-28T12:36:36","modified_gmt":"2023-11-28T11:36:36","slug":"aula-de-capoeira-sobre-a-consciencia-negra-e-puxada-de-rede","status":"publish","type":"post","link":"https:\/\/www.itakaescolapios.org\/fr\/2019\/11\/aula-de-capoeira-sobre-a-consciencia-negra-e-puxada-de-rede\/","title":{"rendered":"CLASE DE \"CAPOEIRA\" SOBRE LA CONCIENCIA NEGRA"},"content":{"rendered":"<p>El viernes, 25 de noviembre, el grupo de capoeira tribal del Centro Social Itaka &#8211; Escol\u00e1pios en Governador Valadares realiz\u00f3 una presentaci\u00f3n con la presencia del instructor Edson Miranda Marquesde la Asociaci\u00f3n Capoeira Regional Beriba Minas.<br \/>\nEl instructor tuvo una conversaci\u00f3n con los alumnos con el tema \u00ab\u00a0D\u00eda de la conciencia negra y la \u201cPuxada de Rede\u201d. Este \u00faltimo tema, era una actividad de pesca donde los negros reci\u00e9n lberados encontraban una forma de sobrevivir, hecho que muchos grupos de capoeira recuerdan con sus ejercicios.<br \/>\nAgradecemos al instructor Miranda por haber respondido a la invitaci\u00f3n del profesor Wedson (D\u2019Noite) del grupo Tribal.<\/p>\n<p>Fotos:<a href=\"https:\/\/www.facebook.com\/2016878628599301\/photos\/ms.c.eJw9yskNwCAQA8COIu9t999YRAJ8R~_PtoLGajgrY4xvmB1zgApcOjJJjyjpAtwo27hC~_EXkh1ijxBY1lF~;4~-.bps.a.2620818518205306\/2620818568205301\/?type=3&amp;theater\">https:\/\/www.facebook.com\/2016878628599301\/photos\/ms.c.eJw9yskNwCAQA8COIu9t999YRAJ8R~_PtoLGajgrY4xvmB1zgApcOjJJjyjpAtwo27hC~_EXkh1ijxBY1lF~;4~-.bps.a.2620818518205306\/2620818568205301\/?type=3&amp;theater<\/a><\/p>\n","protected":false},"excerpt":{"rendered":"<p>El viernes, 25 de noviembre, el grupo de capoeira tribal del Centro Social Itaka &#8211; Escol\u00e1pios en Governador Valadares realiz\u00f3 una presentaci\u00f3n con la presencia del instructor Edson Miranda Marquesde [&hellip;]<\/p>\n","protected":false},"author":11,"featured_media":29282,"comment_status":"closed","ping_status":"closed","sticky":false,"template":"","format":"standard","meta":{"_et_pb_use_builder":"","_et_pb_old_content":"","_et_gb_content_width":"","footnotes":""},"categories":[16],"tags":[],"class_list":["post-29280","post","type-post","status-publish","format-standard","has-post-thumbnail","hentry","category-governador-valadares"],"yoast_head":"<!-- This site is optimized with the Yoast SEO plugin v27.4 - https:\/\/yoast.com\/product\/yoast-seo-wordpress\/ -->\n<title>CLASE DE &quot;CAPOEIRA&quot; SOBRE LA CONCIENCIA NEGRA<\/title>\n<meta name=\"description\" content=\"El viernes, 25 de noviembre, el grupo de capoeira tribal del Centro Social Itaka - Escol\u00e1pios en Governador Valadares realiz\u00f3 una presentaci\u00f3n con la presencia del instructor Edson Miranda Marquesde la Asociaci\u00f3n Capoeira Regional Beriba Minas. El instructor tuvo una conversaci\u00f3n con los alumnos con el tema &quot;D\u00eda de la conciencia negra y la \u201cPuxada\u2026\" \/>\n<meta name=\"robots\" content=\"index, follow, max-snippet:-1, max-image-preview:large, max-video-preview:-1\" \/>\n<link rel=\"canonical\" href=\"http:\/\/El%20viernes,%2025%20de%20noviembre,%20el%20grupo%20de%20capoeira%20tribal%20del%20Centro%20Social%20Itaka%20-%20Escol\u00e1pios%20en%20Governador%20Valadares%20realiz\u00f3%20una%20presentaci\u00f3n%20con%20la%20presencia%20del%20instructor%20Edson%20Miranda%20Marquesde%20la%20Asociaci\u00f3n%20Capoeira%20Regional%20Beriba%20Minas.%20El%20instructor%20tuvo%20una%20conversaci\u00f3n%20con%20los%20alumnos%20con%20el%20tema%20D\u00eda%20de%20la%20conciencia%20negra%20y%20la%20\u201cPuxada\u2026\" \/>\n<meta property=\"og:locale\" content=\"fr_FR\" \/>\n<meta property=\"og:type\" content=\"article\" \/>\n<meta property=\"og:title\" content=\"CLASE DE &quot;CAPOEIRA&quot; SOBRE LA CONCIENCIA NEGRA\" \/>\n<meta property=\"og:description\" content=\"El viernes, 25 de noviembre, el grupo de capoeira tribal del Centro Social Itaka - Escol\u00e1pios en Governador Valadares realiz\u00f3 una presentaci\u00f3n con la presencia del instructor Edson Miranda Marquesde la Asociaci\u00f3n Capoeira Regional Beriba Minas. El instructor tuvo una conversaci\u00f3n con los alumnos con el tema &quot;D\u00eda de la conciencia negra y la \u201cPuxada\u2026\" \/>\n<meta property=\"og:url\" content=\"https:\/\/www.itakaescolapios.org\/fr\/2019\/11\/aula-de-capoeira-sobre-a-consciencia-negra-e-puxada-de-rede\/\" \/>\n<meta property=\"og:site_name\" content=\"Itaka-Escolapios\" \/>\n<meta property=\"article:published_time\" content=\"2019-11-26T18:38:17+00:00\" \/>\n<meta property=\"article:modified_time\" content=\"2023-11-28T11:36:36+00:00\" \/>\n<meta property=\"og:image\" content=\"https:\/\/www.itakaescolapios.org\/wp-content\/uploads\/2019\/11\/Aula-especial-sobre-consciencia-negra-e-puxada-de-rede-8.jpeg\" \/>\n\t<meta property=\"og:image:width\" content=\"1000\" \/>\n\t<meta property=\"og:image:height\" content=\"750\" \/>\n\t<meta property=\"og:image:type\" content=\"image\/jpeg\" \/>\n<meta name=\"author\" content=\"brasil03\" \/>\n<meta name=\"twitter:card\" content=\"summary_large_image\" \/>\n<meta name=\"twitter:label1\" content=\"\u00c9crit par\" \/>\n\t<meta name=\"twitter:data1\" content=\"brasil03\" \/>\n\t<meta name=\"twitter:label2\" content=\"Dur\u00e9e de lecture estim\u00e9e\" \/>\n\t<meta name=\"twitter:data2\" content=\"1 minute\" \/>\n<script type=\"application\/ld+json\" class=\"yoast-schema-graph\">{\"@context\":\"https:\\\/\\\/schema.org\",\"@graph\":[{\"@type\":\"Article\",\"@id\":\"https:\\\/\\\/www.itakaescolapios.org\\\/fr\\\/2019\\\/11\\\/aula-de-capoeira-sobre-a-consciencia-negra-e-puxada-de-rede\\\/#article\",\"isPartOf\":{\"@id\":\"https:\\\/\\\/www.itakaescolapios.org\\\/fr\\\/2019\\\/11\\\/aula-de-capoeira-sobre-a-consciencia-negra-e-puxada-de-rede\\\/\"},\"author\":{\"name\":\"brasil03\",\"@id\":\"https:\\\/\\\/www.itakaescolapios.org\\\/es\\\/#\\\/schema\\\/person\\\/9c761c62049293fc36e6c91e429de3d5\"},\"headline\":\"CLASE DE \\\"CAPOEIRA\\\" SOBRE LA CONCIENCIA NEGRA\",\"datePublished\":\"2019-11-26T18:38:17+00:00\",\"dateModified\":\"2023-11-28T11:36:36+00:00\",\"mainEntityOfPage\":{\"@id\":\"https:\\\/\\\/www.itakaescolapios.org\\\/fr\\\/2019\\\/11\\\/aula-de-capoeira-sobre-a-consciencia-negra-e-puxada-de-rede\\\/\"},\"wordCount\":143,\"publisher\":{\"@id\":\"https:\\\/\\\/www.itakaescolapios.org\\\/es\\\/#organization\"},\"image\":{\"@id\":\"https:\\\/\\\/www.itakaescolapios.org\\\/fr\\\/2019\\\/11\\\/aula-de-capoeira-sobre-a-consciencia-negra-e-puxada-de-rede\\\/#primaryimage\"},\"thumbnailUrl\":\"https:\\\/\\\/www.itakaescolapios.org\\\/wp-content\\\/uploads\\\/2019\\\/11\\\/Aula-especial-sobre-consciencia-negra-e-puxada-de-rede-8.jpeg\",\"articleSection\":[\"Governador Valadares\"],\"inLanguage\":\"fr-FR\"},{\"@type\":\"WebPage\",\"@id\":\"https:\\\/\\\/www.itakaescolapios.org\\\/fr\\\/2019\\\/11\\\/aula-de-capoeira-sobre-a-consciencia-negra-e-puxada-de-rede\\\/\",\"url\":\"https:\\\/\\\/www.itakaescolapios.org\\\/fr\\\/2019\\\/11\\\/aula-de-capoeira-sobre-a-consciencia-negra-e-puxada-de-rede\\\/\",\"name\":\"CLASE DE \\\"CAPOEIRA\\\" SOBRE LA CONCIENCIA NEGRA - Itaka-Escolapios\",\"isPartOf\":{\"@id\":\"https:\\\/\\\/www.itakaescolapios.org\\\/es\\\/#website\"},\"primaryImageOfPage\":{\"@id\":\"https:\\\/\\\/www.itakaescolapios.org\\\/fr\\\/2019\\\/11\\\/aula-de-capoeira-sobre-a-consciencia-negra-e-puxada-de-rede\\\/#primaryimage\"},\"image\":{\"@id\":\"https:\\\/\\\/www.itakaescolapios.org\\\/fr\\\/2019\\\/11\\\/aula-de-capoeira-sobre-a-consciencia-negra-e-puxada-de-rede\\\/#primaryimage\"},\"thumbnailUrl\":\"https:\\\/\\\/www.itakaescolapios.org\\\/wp-content\\\/uploads\\\/2019\\\/11\\\/Aula-especial-sobre-consciencia-negra-e-puxada-de-rede-8.jpeg\",\"datePublished\":\"2019-11-26T18:38:17+00:00\",\"dateModified\":\"2023-11-28T11:36:36+00:00\",\"breadcrumb\":{\"@id\":\"https:\\\/\\\/www.itakaescolapios.org\\\/fr\\\/2019\\\/11\\\/aula-de-capoeira-sobre-a-consciencia-negra-e-puxada-de-rede\\\/#breadcrumb\"},\"inLanguage\":\"fr-FR\",\"potentialAction\":[{\"@type\":\"ReadAction\",\"target\":[\"https:\\\/\\\/www.itakaescolapios.org\\\/fr\\\/2019\\\/11\\\/aula-de-capoeira-sobre-a-consciencia-negra-e-puxada-de-rede\\\/\"]}]},{\"@type\":\"ImageObject\",\"inLanguage\":\"fr-FR\",\"@id\":\"https:\\\/\\\/www.itakaescolapios.org\\\/fr\\\/2019\\\/11\\\/aula-de-capoeira-sobre-a-consciencia-negra-e-puxada-de-rede\\\/#primaryimage\",\"url\":\"https:\\\/\\\/www.itakaescolapios.org\\\/wp-content\\\/uploads\\\/2019\\\/11\\\/Aula-especial-sobre-consciencia-negra-e-puxada-de-rede-8.jpeg\",\"contentUrl\":\"https:\\\/\\\/www.itakaescolapios.org\\\/wp-content\\\/uploads\\\/2019\\\/11\\\/Aula-especial-sobre-consciencia-negra-e-puxada-de-rede-8.jpeg\",\"width\":1000,\"height\":750},{\"@type\":\"BreadcrumbList\",\"@id\":\"https:\\\/\\\/www.itakaescolapios.org\\\/fr\\\/2019\\\/11\\\/aula-de-capoeira-sobre-a-consciencia-negra-e-puxada-de-rede\\\/#breadcrumb\",\"itemListElement\":[{\"@type\":\"ListItem\",\"position\":1,\"name\":\"Itaka-Escolapios\",\"item\":\"https:\\\/\\\/www.itakaescolapios.org\\\/es\\\/\"},{\"@type\":\"ListItem\",\"position\":2,\"name\":\"CLASE DE \\\"CAPOEIRA\\\" SOBRE LA CONCIENCIA NEGRA\"}]},{\"@type\":\"WebSite\",\"@id\":\"https:\\\/\\\/www.itakaescolapios.org\\\/fr\\\/es\\\/#website\",\"url\":\"https:\\\/\\\/www.itakaescolapios.org\\\/fr\\\/es\\\/\",\"name\":\"Itaka-Escolapios\",\"description\":\"Red de Itaka-Escolapios\",\"publisher\":{\"@id\":\"https:\\\/\\\/www.itakaescolapios.org\\\/fr\\\/es\\\/#organization\"},\"potentialAction\":[{\"@type\":\"SearchAction\",\"target\":{\"@type\":\"EntryPoint\",\"urlTemplate\":\"https:\\\/\\\/www.itakaescolapios.org\\\/fr\\\/es\\\/?s={search_term_string}\"},\"query-input\":{\"@type\":\"PropertyValueSpecification\",\"valueRequired\":true,\"valueName\":\"search_term_string\"}}],\"inLanguage\":\"fr-FR\"},{\"@type\":\"Organization\",\"@id\":\"https:\\\/\\\/www.itakaescolapios.org\\\/fr\\\/es\\\/#organization\",\"name\":\"Fundaci\u00f3 Itaka-Escolapios\",\"url\":\"https:\\\/\\\/www.itakaescolapios.org\\\/fr\\\/es\\\/\",\"logo\":{\"@type\":\"ImageObject\",\"inLanguage\":\"fr-FR\",\"@id\":\"https:\\\/\\\/www.itakaescolapios.org\\\/fr\\\/es\\\/#\\\/schema\\\/logo\\\/image\\\/\",\"url\":\"https:\\\/\\\/www.itakaescolapios.org\\\/wp-content\\\/uploads\\\/2024\\\/04\\\/Logo-itakaescolapios-peque.png\",\"contentUrl\":\"https:\\\/\\\/www.itakaescolapios.org\\\/wp-content\\\/uploads\\\/2024\\\/04\\\/Logo-itakaescolapios-peque.png\",\"width\":500,\"height\":199,\"caption\":\"Fundaci\u00f3 Itaka-Escolapios\"},\"image\":{\"@id\":\"https:\\\/\\\/www.itakaescolapios.org\\\/fr\\\/es\\\/#\\\/schema\\\/logo\\\/image\\\/\"}},{\"@type\":\"Person\",\"@id\":\"https:\\\/\\\/www.itakaescolapios.org\\\/es\\\/#\\\/schema\\\/person\\\/9c761c62049293fc36e6c91e429de3d5\",\"name\":\"brasil03\",\"url\":\"https:\\\/\\\/www.itakaescolapios.org\\\/fr\\\/author\\\/brasil03\\\/\"}]}<\/script>\n<!-- \/ Yoast SEO plugin. -->","yoast_head_json":{"title":"CLASE DE \"CAPOEIRA\" SOBRE LA CONCIENCIA NEGRA","description":"El viernes, 25 de noviembre, el grupo de capoeira tribal del Centro Social Itaka - Escol\u00e1pios en Governador Valadares realiz\u00f3 una presentaci\u00f3n con la presencia del instructor Edson Miranda Marquesde la Asociaci\u00f3n Capoeira Regional Beriba Minas. El instructor tuvo una conversaci\u00f3n con los alumnos con el tema \"D\u00eda de la conciencia negra y la \u201cPuxada\u2026","robots":{"index":"index","follow":"follow","max-snippet":"max-snippet:-1","max-image-preview":"max-image-preview:large","max-video-preview":"max-video-preview:-1"},"canonical":"El viernes, 25 de noviembre, el grupo de capoeira tribal del Centro Social Itaka - Escol\u00e1pios en Governador Valadares realiz\u00f3 una presentaci\u00f3n con la presencia del instructor Edson Miranda Marquesde la Asociaci\u00f3n Capoeira Regional Beriba Minas. El instructor tuvo una conversaci\u00f3n con los alumnos con el tema \"D\u00eda de la conciencia negra y la \u201cPuxada\u2026","og_locale":"fr_FR","og_type":"article","og_title":"CLASE DE \"CAPOEIRA\" SOBRE LA CONCIENCIA NEGRA","og_description":"El viernes, 25 de noviembre, el grupo de capoeira tribal del Centro Social Itaka - Escol\u00e1pios en Governador Valadares realiz\u00f3 una presentaci\u00f3n con la presencia del instructor Edson Miranda Marquesde la Asociaci\u00f3n Capoeira Regional Beriba Minas. El instructor tuvo una conversaci\u00f3n con los alumnos con el tema \"D\u00eda de la conciencia negra y la \u201cPuxada\u2026","og_url":"https:\/\/www.itakaescolapios.org\/fr\/2019\/11\/aula-de-capoeira-sobre-a-consciencia-negra-e-puxada-de-rede\/","og_site_name":"Itaka-Escolapios","article_published_time":"2019-11-26T18:38:17+00:00","article_modified_time":"2023-11-28T11:36:36+00:00","og_image":[{"width":1000,"height":750,"url":"https:\/\/www.itakaescolapios.org\/wp-content\/uploads\/2019\/11\/Aula-especial-sobre-consciencia-negra-e-puxada-de-rede-8.jpeg","type":"image\/jpeg"}],"author":"brasil03","twitter_card":"summary_large_image","twitter_misc":{"\u00c9crit par":"brasil03","Dur\u00e9e de lecture estim\u00e9e":"1 minute"},"schema":{"@context":"https:\/\/schema.org","@graph":[{"@type":"Article","@id":"https:\/\/www.itakaescolapios.org\/fr\/2019\/11\/aula-de-capoeira-sobre-a-consciencia-negra-e-puxada-de-rede\/#article","isPartOf":{"@id":"https:\/\/www.itakaescolapios.org\/fr\/2019\/11\/aula-de-capoeira-sobre-a-consciencia-negra-e-puxada-de-rede\/"},"author":{"name":"brasil03","@id":"https:\/\/www.itakaescolapios.org\/es\/#\/schema\/person\/9c761c62049293fc36e6c91e429de3d5"},"headline":"CLASE DE \"CAPOEIRA\" SOBRE LA CONCIENCIA NEGRA","datePublished":"2019-11-26T18:38:17+00:00","dateModified":"2023-11-28T11:36:36+00:00","mainEntityOfPage":{"@id":"https:\/\/www.itakaescolapios.org\/fr\/2019\/11\/aula-de-capoeira-sobre-a-consciencia-negra-e-puxada-de-rede\/"},"wordCount":143,"publisher":{"@id":"https:\/\/www.itakaescolapios.org\/es\/#organization"},"image":{"@id":"https:\/\/www.itakaescolapios.org\/fr\/2019\/11\/aula-de-capoeira-sobre-a-consciencia-negra-e-puxada-de-rede\/#primaryimage"},"thumbnailUrl":"https:\/\/www.itakaescolapios.org\/wp-content\/uploads\/2019\/11\/Aula-especial-sobre-consciencia-negra-e-puxada-de-rede-8.jpeg","articleSection":["Governador Valadares"],"inLanguage":"fr-FR"},{"@type":"WebPage","@id":"https:\/\/www.itakaescolapios.org\/fr\/2019\/11\/aula-de-capoeira-sobre-a-consciencia-negra-e-puxada-de-rede\/","url":"https:\/\/www.itakaescolapios.org\/fr\/2019\/11\/aula-de-capoeira-sobre-a-consciencia-negra-e-puxada-de-rede\/","name":"CLASE DE \"CAPOEIRA\" SOBRE LA CONCIENCIA NEGRA - Itaka-Escolapios","isPartOf":{"@id":"https:\/\/www.itakaescolapios.org\/es\/#website"},"primaryImageOfPage":{"@id":"https:\/\/www.itakaescolapios.org\/fr\/2019\/11\/aula-de-capoeira-sobre-a-consciencia-negra-e-puxada-de-rede\/#primaryimage"},"image":{"@id":"https:\/\/www.itakaescolapios.org\/fr\/2019\/11\/aula-de-capoeira-sobre-a-consciencia-negra-e-puxada-de-rede\/#primaryimage"},"thumbnailUrl":"https:\/\/www.itakaescolapios.org\/wp-content\/uploads\/2019\/11\/Aula-especial-sobre-consciencia-negra-e-puxada-de-rede-8.jpeg","datePublished":"2019-11-26T18:38:17+00:00","dateModified":"2023-11-28T11:36:36+00:00","breadcrumb":{"@id":"https:\/\/www.itakaescolapios.org\/fr\/2019\/11\/aula-de-capoeira-sobre-a-consciencia-negra-e-puxada-de-rede\/#breadcrumb"},"inLanguage":"fr-FR","potentialAction":[{"@type":"ReadAction","target":["https:\/\/www.itakaescolapios.org\/fr\/2019\/11\/aula-de-capoeira-sobre-a-consciencia-negra-e-puxada-de-rede\/"]}]},{"@type":"ImageObject","inLanguage":"fr-FR","@id":"https:\/\/www.itakaescolapios.org\/fr\/2019\/11\/aula-de-capoeira-sobre-a-consciencia-negra-e-puxada-de-rede\/#primaryimage","url":"https:\/\/www.itakaescolapios.org\/wp-content\/uploads\/2019\/11\/Aula-especial-sobre-consciencia-negra-e-puxada-de-rede-8.jpeg","contentUrl":"https:\/\/www.itakaescolapios.org\/wp-content\/uploads\/2019\/11\/Aula-especial-sobre-consciencia-negra-e-puxada-de-rede-8.jpeg","width":1000,"height":750},{"@type":"BreadcrumbList","@id":"https:\/\/www.itakaescolapios.org\/fr\/2019\/11\/aula-de-capoeira-sobre-a-consciencia-negra-e-puxada-de-rede\/#breadcrumb","itemListElement":[{"@type":"ListItem","position":1,"name":"Itaka-Escolapios","item":"https:\/\/www.itakaescolapios.org\/es\/"},{"@type":"ListItem","position":2,"name":"CLASE DE \"CAPOEIRA\" SOBRE LA CONCIENCIA NEGRA"}]},{"@type":"WebSite","@id":"https:\/\/www.itakaescolapios.org\/fr\/es\/#website","url":"https:\/\/www.itakaescolapios.org\/fr\/es\/","name":"Itaka-Escolapios","description":"Red de Itaka-Escolapios","publisher":{"@id":"https:\/\/www.itakaescolapios.org\/fr\/es\/#organization"},"potentialAction":[{"@type":"SearchAction","target":{"@type":"EntryPoint","urlTemplate":"https:\/\/www.itakaescolapios.org\/fr\/es\/?s={search_term_string}"},"query-input":{"@type":"PropertyValueSpecification","valueRequired":true,"valueName":"search_term_string"}}],"inLanguage":"fr-FR"},{"@type":"Organization","@id":"https:\/\/www.itakaescolapios.org\/fr\/es\/#organization","name":"Fundaci\u00f3 Itaka-Escolapios","url":"https:\/\/www.itakaescolapios.org\/fr\/es\/","logo":{"@type":"ImageObject","inLanguage":"fr-FR","@id":"https:\/\/www.itakaescolapios.org\/fr\/es\/#\/schema\/logo\/image\/","url":"https:\/\/www.itakaescolapios.org\/wp-content\/uploads\/2024\/04\/Logo-itakaescolapios-peque.png","contentUrl":"https:\/\/www.itakaescolapios.org\/wp-content\/uploads\/2024\/04\/Logo-itakaescolapios-peque.png","width":500,"height":199,"caption":"Fundaci\u00f3 Itaka-Escolapios"},"image":{"@id":"https:\/\/www.itakaescolapios.org\/fr\/es\/#\/schema\/logo\/image\/"}},{"@type":"Person","@id":"https:\/\/www.itakaescolapios.org\/es\/#\/schema\/person\/9c761c62049293fc36e6c91e429de3d5","name":"brasil03","url":"https:\/\/www.itakaescolapios.org\/fr\/author\/brasil03\/"}]}},"_links":{"self":[{"href":"https:\/\/www.itakaescolapios.org\/fr\/wp-json\/wp\/v2\/posts\/29280","targetHints":{"allow":["GET"]}}],"collection":[{"href":"https:\/\/www.itakaescolapios.org\/fr\/wp-json\/wp\/v2\/posts"}],"about":[{"href":"https:\/\/www.itakaescolapios.org\/fr\/wp-json\/wp\/v2\/types\/post"}],"author":[{"embeddable":true,"href":"https:\/\/www.itakaescolapios.org\/fr\/wp-json\/wp\/v2\/users\/11"}],"replies":[{"embeddable":true,"href":"https:\/\/www.itakaescolapios.org\/fr\/wp-json\/wp\/v2\/comments?post=29280"}],"version-history":[{"count":5,"href":"https:\/\/www.itakaescolapios.org\/fr\/wp-json\/wp\/v2\/posts\/29280\/revisions"}],"predecessor-version":[{"id":45290,"href":"https:\/\/www.itakaescolapios.org\/fr\/wp-json\/wp\/v2\/posts\/29280\/revisions\/45290"}],"wp:featuredmedia":[{"embeddable":true,"href":"https:\/\/www.itakaescolapios.org\/fr\/wp-json\/wp\/v2\/media\/29282"}],"wp:attachment":[{"href":"https:\/\/www.itakaescolapios.org\/fr\/wp-json\/wp\/v2\/media?parent=29280"}],"wp:term":[{"taxonomy":"category","embeddable":true,"href":"https:\/\/www.itakaescolapios.org\/fr\/wp-json\/wp\/v2\/categories?post=29280"},{"taxonomy":"post_tag","embeddable":true,"href":"https:\/\/www.itakaescolapios.org\/fr\/wp-json\/wp\/v2\/tags?post=29280"}],"curies":[{"name":"wp","href":"https:\/\/api.w.org\/{rel}","templated":true}]}}