{"id":29491,"date":"2019-12-18T11:32:04","date_gmt":"2019-12-18T10:32:04","guid":{"rendered":"https:\/\/www.itakaescolapios.org\/?p=29491"},"modified":"2023-11-28T12:36:34","modified_gmt":"2023-11-28T11:36:34","slug":"exito-de-magia-en-familia-en-una-tarde-de-diversion-y-solidaridad","status":"publish","type":"post","link":"https:\/\/www.itakaescolapios.org\/fr\/2019\/12\/exito-de-magia-en-familia-en-una-tarde-de-diversion-y-solidaridad\/","title":{"rendered":"\u00c9XITO DE MAGIA EN FAMILIA EN UNA TARDE DE DIVERSI\u00d3N Y SOLIDARIDAD"},"content":{"rendered":"<p>Magia en Familia volvi\u00f3 al colegio San Jos\u00e9 de Calasanz de Valencia un a\u00f1o m\u00e1s, y ya van ocho ediciones, con un gran espect\u00e1culo m\u00e1gico del que disfrutaron casi 700 personas en dos sesiones, adem\u00e1s contribuir con la campa\u00f1a de solidaridad de este curso \u201cCompartiendo mucha vida #JuventudItakaEscolapios\u201d.<\/p>\n<p>La emoci\u00f3n de los ni\u00f1os y ni\u00f1as que se acercaron a Magia en Familia (y tambi\u00e9n la de algunas \u00a0personas mayores) se pod\u00eda ver en sus caras cuando entraban al sal\u00f3n de actos. Y no era para menos, ya que el lema del evento, \u201cEscuela de Magia\u201d hab\u00eda comenzado cuando muchos de ellos y ellas recibieron incluso una carta de Hogwarts en sus clases para invitarles al evento.<\/p>\n<p>Por supuesto, el espect\u00e1culo no defraud\u00f3: Los magos Kiki, Vaza, Sergio y MagFer, acompa\u00f1ados por David Guerrero, fueron mezclando trucos de magia imposibles, algunos con la ayuda de colaboradores grandes y peque\u00f1os, con mucho humor y diversi\u00f3n para todos, de manera que los asistentes se vieron inmersos en el mism\u00edsimo castillo de Hogwarts, rodeados por los escudos de las casas y con enga\u00f1ifas que les dejaron en muchas ocasiones con la boca abierta.<\/p>\n<p>Adem\u00e1s de una tarde fant\u00e1stica de diversi\u00f3n, gracias a la colaboraci\u00f3n de todos y todas conseguimos recaudar m\u00e1s de 3500 euros que ser\u00e1n destinados \u00edntegramente a los centros socioeducativos de Brasil, Bolivia, Venezuela, M\u00e9xico y Rep\u00fablica Dominicana, a los que se dirige este a\u00f1o la campa\u00f1a solidaria.<\/p>\n<p>Solo nos queda dar las GRACIAS a todas las personas que han hecho posible que un a\u00f1o m\u00e1s podamos celebrar Magia En Familia: Al colegio San Jos\u00e9 de Calasanz por cedernos el sal\u00f3n de actos para las actuaciones; a este mismo colegio y al Real Colegio de las Escuelas P\u00edas, as\u00ed como a la papeler\u00eda Ditext, por la promoci\u00f3n y venta de entradas; al AMPA del San Jos\u00e9 de Calasanz por las buen\u00edsimas cocas de la merienda; al voluntariado que ha estado organiz\u00e1ndolo las semanas anteriores, y que vino a ayudar el mismo d\u00eda para que todo fuese perfecto; a todas las personas que disfrutasteis de Magia en Familia en las dos sesiones; y, por supuesto, a los artistas, los magos Kiki, Vaza, MagFer y Sergio, y a David, por su colaboraci\u00f3n desinteresada.<\/p>\n<p>Y ahora, \u00a1empezamos a preparar ya la novena edici\u00f3n de Magia en Familia para que sea un \u00e9xito como las anteriores! \u00a1Preparaos! \u00a1Colgamos todas las fotos del evento en el <a href=\"https:\/\/www.facebook.com\/pg\/ItakaBetania\/photos\/?tab=album&amp;album_id=2726701010753236\">Facebook de Itaka- Escolapios Betania<\/a>!<\/p>\n<p>&nbsp;<\/p>\n<p>&nbsp;<\/p>\n<p>&nbsp;<\/p>\n","protected":false},"excerpt":{"rendered":"<p>Magia en Familia volvi\u00f3 al colegio San Jos\u00e9 de Calasanz de Valencia un a\u00f1o m\u00e1s, y ya van ocho ediciones, con un gran espect\u00e1culo m\u00e1gico del que disfrutaron casi 700 [&hellip;]<\/p>\n","protected":false},"author":39,"featured_media":29492,"comment_status":"closed","ping_status":"closed","sticky":false,"template":"","format":"standard","meta":{"_et_pb_use_builder":"","_et_pb_old_content":"","_et_gb_content_width":"","footnotes":""},"categories":[12],"tags":[256,448,449,286,152,239],"class_list":["post-29491","post","type-post","status-publish","format-standard","has-post-thumbnail","hentry","category-valencia","tag-campana-de-solidaridad","tag-compartiendo-mucha-vida","tag-juventud-itaka-escolapios","tag-magia","tag-magia-en-familia","tag-magia-familiar"],"yoast_head":"<!-- This site is optimized with the Yoast SEO plugin v27.4 - https:\/\/yoast.com\/product\/yoast-seo-wordpress\/ -->\n<title>\u00c9XITO DE MAGIA EN FAMILIA EN UNA TARDE DE DIVERSI\u00d3N Y SOLIDARIDAD<\/title>\n<meta name=\"description\" content=\"Magia en Familia volvi\u00f3 al colegio San Jos\u00e9 de Calasanz de Valencia un a\u00f1o m\u00e1s, y ya van ocho ediciones, con un gran espect\u00e1culo m\u00e1gico del que disfrutaron casi 700 personas en dos sesiones, adem\u00e1s contribuir con la campa\u00f1a de solidaridad de este curso \u201cCompartiendo mucha vida #JuventudItakaEscolapios\u201d. La emoci\u00f3n de los ni\u00f1os y ni\u00f1as\u2026\" \/>\n<meta name=\"robots\" content=\"index, follow, max-snippet:-1, max-image-preview:large, max-video-preview:-1\" \/>\n<link rel=\"canonical\" href=\"http:\/\/Magia%20en%20Familia%20volvi\u00f3%20al%20colegio%20San%20Jos\u00e9%20de%20Calasanz%20de%20Valencia%20un%20a\u00f1o%20m\u00e1s,%20y%20ya%20van%20ocho%20ediciones,%20con%20un%20gran%20espect\u00e1culo%20m\u00e1gico%20del%20que%20disfrutaron%20casi%20700%20personas%20en%20dos%20sesiones,%20adem\u00e1s%20contribuir%20con%20la%20campa\u00f1a%20de%20solidaridad%20de%20este%20curso%20\u201cCompartiendo%20mucha%20vida%20#JuventudItakaEscolapios\u201d.%20La%20emoci\u00f3n%20de%20los%20ni\u00f1os%20y%20ni\u00f1as\u2026\" \/>\n<meta property=\"og:locale\" content=\"fr_FR\" \/>\n<meta property=\"og:type\" content=\"article\" \/>\n<meta property=\"og:title\" content=\"\u00c9XITO DE MAGIA EN FAMILIA EN UNA TARDE DE DIVERSI\u00d3N Y SOLIDARIDAD\" \/>\n<meta property=\"og:description\" content=\"Magia en Familia volvi\u00f3 al colegio San Jos\u00e9 de Calasanz de Valencia un a\u00f1o m\u00e1s, y ya van ocho ediciones, con un gran espect\u00e1culo m\u00e1gico del que disfrutaron casi 700 personas en dos sesiones, adem\u00e1s contribuir con la campa\u00f1a de solidaridad de este curso \u201cCompartiendo mucha vida #JuventudItakaEscolapios\u201d. La emoci\u00f3n de los ni\u00f1os y ni\u00f1as\u2026\" \/>\n<meta property=\"og:url\" content=\"https:\/\/www.itakaescolapios.org\/fr\/2019\/12\/exito-de-magia-en-familia-en-una-tarde-de-diversion-y-solidaridad\/\" \/>\n<meta property=\"og:site_name\" content=\"Itaka-Escolapios\" \/>\n<meta property=\"article:published_time\" content=\"2019-12-18T10:32:04+00:00\" \/>\n<meta property=\"article:modified_time\" content=\"2023-11-28T11:36:34+00:00\" \/>\n<meta property=\"og:image\" content=\"https:\/\/www.itakaescolapios.org\/wp-content\/uploads\/2019\/12\/IMG_20191214_181147.jpg\" \/>\n\t<meta property=\"og:image:width\" content=\"2000\" \/>\n\t<meta property=\"og:image:height\" content=\"1500\" \/>\n\t<meta property=\"og:image:type\" content=\"image\/jpeg\" \/>\n<meta name=\"author\" content=\"valencia01\" \/>\n<meta name=\"twitter:card\" content=\"summary_large_image\" \/>\n<meta name=\"twitter:label1\" content=\"\u00c9crit par\" \/>\n\t<meta name=\"twitter:data1\" content=\"valencia01\" \/>\n\t<meta name=\"twitter:label2\" content=\"Dur\u00e9e de lecture estim\u00e9e\" \/>\n\t<meta name=\"twitter:data2\" content=\"2 minutes\" \/>\n<script type=\"application\/ld+json\" class=\"yoast-schema-graph\">{\"@context\":\"https:\\\/\\\/schema.org\",\"@graph\":[{\"@type\":\"Article\",\"@id\":\"https:\\\/\\\/www.itakaescolapios.org\\\/fr\\\/2019\\\/12\\\/exito-de-magia-en-familia-en-una-tarde-de-diversion-y-solidaridad\\\/#article\",\"isPartOf\":{\"@id\":\"https:\\\/\\\/www.itakaescolapios.org\\\/fr\\\/2019\\\/12\\\/exito-de-magia-en-familia-en-una-tarde-de-diversion-y-solidaridad\\\/\"},\"author\":{\"name\":\"valencia01\",\"@id\":\"https:\\\/\\\/www.itakaescolapios.org\\\/es\\\/#\\\/schema\\\/person\\\/c232ccaa2b3f2e98db93c1f8dfca96ff\"},\"headline\":\"\u00c9XITO DE MAGIA EN FAMILIA EN UNA TARDE DE DIVERSI\u00d3N Y SOLIDARIDAD\",\"datePublished\":\"2019-12-18T10:32:04+00:00\",\"dateModified\":\"2023-11-28T11:36:34+00:00\",\"mainEntityOfPage\":{\"@id\":\"https:\\\/\\\/www.itakaescolapios.org\\\/fr\\\/2019\\\/12\\\/exito-de-magia-en-familia-en-una-tarde-de-diversion-y-solidaridad\\\/\"},\"wordCount\":458,\"publisher\":{\"@id\":\"https:\\\/\\\/www.itakaescolapios.org\\\/es\\\/#organization\"},\"image\":{\"@id\":\"https:\\\/\\\/www.itakaescolapios.org\\\/fr\\\/2019\\\/12\\\/exito-de-magia-en-familia-en-una-tarde-de-diversion-y-solidaridad\\\/#primaryimage\"},\"thumbnailUrl\":\"https:\\\/\\\/www.itakaescolapios.org\\\/wp-content\\\/uploads\\\/2019\\\/12\\\/IMG_20191214_181147.jpg\",\"keywords\":[\"campa\u00f1a de solidaridad\",\"Compartiendo mucha vida\",\"Juventud Itaka Escolapios\",\"Magia\",\"Magia en Familia\",\"magia familiar\"],\"articleSection\":[\"Valencia\"],\"inLanguage\":\"fr-FR\"},{\"@type\":\"WebPage\",\"@id\":\"https:\\\/\\\/www.itakaescolapios.org\\\/fr\\\/2019\\\/12\\\/exito-de-magia-en-familia-en-una-tarde-de-diversion-y-solidaridad\\\/\",\"url\":\"https:\\\/\\\/www.itakaescolapios.org\\\/fr\\\/2019\\\/12\\\/exito-de-magia-en-familia-en-una-tarde-de-diversion-y-solidaridad\\\/\",\"name\":\"\u00c9XITO DE MAGIA EN FAMILIA EN UNA TARDE DE DIVERSI\u00d3N Y SOLIDARIDAD - Itaka-Escolapios\",\"isPartOf\":{\"@id\":\"https:\\\/\\\/www.itakaescolapios.org\\\/es\\\/#website\"},\"primaryImageOfPage\":{\"@id\":\"https:\\\/\\\/www.itakaescolapios.org\\\/fr\\\/2019\\\/12\\\/exito-de-magia-en-familia-en-una-tarde-de-diversion-y-solidaridad\\\/#primaryimage\"},\"image\":{\"@id\":\"https:\\\/\\\/www.itakaescolapios.org\\\/fr\\\/2019\\\/12\\\/exito-de-magia-en-familia-en-una-tarde-de-diversion-y-solidaridad\\\/#primaryimage\"},\"thumbnailUrl\":\"https:\\\/\\\/www.itakaescolapios.org\\\/wp-content\\\/uploads\\\/2019\\\/12\\\/IMG_20191214_181147.jpg\",\"datePublished\":\"2019-12-18T10:32:04+00:00\",\"dateModified\":\"2023-11-28T11:36:34+00:00\",\"breadcrumb\":{\"@id\":\"https:\\\/\\\/www.itakaescolapios.org\\\/fr\\\/2019\\\/12\\\/exito-de-magia-en-familia-en-una-tarde-de-diversion-y-solidaridad\\\/#breadcrumb\"},\"inLanguage\":\"fr-FR\",\"potentialAction\":[{\"@type\":\"ReadAction\",\"target\":[\"https:\\\/\\\/www.itakaescolapios.org\\\/fr\\\/2019\\\/12\\\/exito-de-magia-en-familia-en-una-tarde-de-diversion-y-solidaridad\\\/\"]}]},{\"@type\":\"ImageObject\",\"inLanguage\":\"fr-FR\",\"@id\":\"https:\\\/\\\/www.itakaescolapios.org\\\/fr\\\/2019\\\/12\\\/exito-de-magia-en-familia-en-una-tarde-de-diversion-y-solidaridad\\\/#primaryimage\",\"url\":\"https:\\\/\\\/www.itakaescolapios.org\\\/wp-content\\\/uploads\\\/2019\\\/12\\\/IMG_20191214_181147.jpg\",\"contentUrl\":\"https:\\\/\\\/www.itakaescolapios.org\\\/wp-content\\\/uploads\\\/2019\\\/12\\\/IMG_20191214_181147.jpg\",\"width\":2000,\"height\":1500},{\"@type\":\"BreadcrumbList\",\"@id\":\"https:\\\/\\\/www.itakaescolapios.org\\\/fr\\\/2019\\\/12\\\/exito-de-magia-en-familia-en-una-tarde-de-diversion-y-solidaridad\\\/#breadcrumb\",\"itemListElement\":[{\"@type\":\"ListItem\",\"position\":1,\"name\":\"Itaka-Escolapios\",\"item\":\"https:\\\/\\\/www.itakaescolapios.org\\\/es\\\/\"},{\"@type\":\"ListItem\",\"position\":2,\"name\":\"\u00c9XITO DE MAGIA EN FAMILIA EN UNA TARDE DE DIVERSI\u00d3N Y SOLIDARIDAD\"}]},{\"@type\":\"WebSite\",\"@id\":\"https:\\\/\\\/www.itakaescolapios.org\\\/fr\\\/es\\\/#website\",\"url\":\"https:\\\/\\\/www.itakaescolapios.org\\\/fr\\\/es\\\/\",\"name\":\"Itaka-Escolapios\",\"description\":\"Red de Itaka-Escolapios\",\"publisher\":{\"@id\":\"https:\\\/\\\/www.itakaescolapios.org\\\/fr\\\/es\\\/#organization\"},\"potentialAction\":[{\"@type\":\"SearchAction\",\"target\":{\"@type\":\"EntryPoint\",\"urlTemplate\":\"https:\\\/\\\/www.itakaescolapios.org\\\/fr\\\/es\\\/?s={search_term_string}\"},\"query-input\":{\"@type\":\"PropertyValueSpecification\",\"valueRequired\":true,\"valueName\":\"search_term_string\"}}],\"inLanguage\":\"fr-FR\"},{\"@type\":\"Organization\",\"@id\":\"https:\\\/\\\/www.itakaescolapios.org\\\/fr\\\/es\\\/#organization\",\"name\":\"Fundaci\u00f3 Itaka-Escolapios\",\"url\":\"https:\\\/\\\/www.itakaescolapios.org\\\/fr\\\/es\\\/\",\"logo\":{\"@type\":\"ImageObject\",\"inLanguage\":\"fr-FR\",\"@id\":\"https:\\\/\\\/www.itakaescolapios.org\\\/fr\\\/es\\\/#\\\/schema\\\/logo\\\/image\\\/\",\"url\":\"https:\\\/\\\/www.itakaescolapios.org\\\/wp-content\\\/uploads\\\/2024\\\/04\\\/Logo-itakaescolapios-peque.png\",\"contentUrl\":\"https:\\\/\\\/www.itakaescolapios.org\\\/wp-content\\\/uploads\\\/2024\\\/04\\\/Logo-itakaescolapios-peque.png\",\"width\":500,\"height\":199,\"caption\":\"Fundaci\u00f3 Itaka-Escolapios\"},\"image\":{\"@id\":\"https:\\\/\\\/www.itakaescolapios.org\\\/fr\\\/es\\\/#\\\/schema\\\/logo\\\/image\\\/\"}},{\"@type\":\"Person\",\"@id\":\"https:\\\/\\\/www.itakaescolapios.org\\\/es\\\/#\\\/schema\\\/person\\\/c232ccaa2b3f2e98db93c1f8dfca96ff\",\"name\":\"valencia01\",\"url\":\"https:\\\/\\\/www.itakaescolapios.org\\\/fr\\\/author\\\/valencia01\\\/\"}]}<\/script>\n<!-- \/ Yoast SEO plugin. -->","yoast_head_json":{"title":"\u00c9XITO DE MAGIA EN FAMILIA EN UNA TARDE DE DIVERSI\u00d3N Y SOLIDARIDAD","description":"Magia en Familia volvi\u00f3 al colegio San Jos\u00e9 de Calasanz de Valencia un a\u00f1o m\u00e1s, y ya van ocho ediciones, con un gran espect\u00e1culo m\u00e1gico del que disfrutaron casi 700 personas en dos sesiones, adem\u00e1s contribuir con la campa\u00f1a de solidaridad de este curso \u201cCompartiendo mucha vida #JuventudItakaEscolapios\u201d. La emoci\u00f3n de los ni\u00f1os y ni\u00f1as\u2026","robots":{"index":"index","follow":"follow","max-snippet":"max-snippet:-1","max-image-preview":"max-image-preview:large","max-video-preview":"max-video-preview:-1"},"canonical":"Magia en Familia volvi\u00f3 al colegio San Jos\u00e9 de Calasanz de Valencia un a\u00f1o m\u00e1s, y ya van ocho ediciones, con un gran espect\u00e1culo m\u00e1gico del que disfrutaron casi 700 personas en dos sesiones, adem\u00e1s contribuir con la campa\u00f1a de solidaridad de este curso \u201cCompartiendo mucha vida #JuventudItakaEscolapios\u201d. La emoci\u00f3n de los ni\u00f1os y ni\u00f1as\u2026","og_locale":"fr_FR","og_type":"article","og_title":"\u00c9XITO DE MAGIA EN FAMILIA EN UNA TARDE DE DIVERSI\u00d3N Y SOLIDARIDAD","og_description":"Magia en Familia volvi\u00f3 al colegio San Jos\u00e9 de Calasanz de Valencia un a\u00f1o m\u00e1s, y ya van ocho ediciones, con un gran espect\u00e1culo m\u00e1gico del que disfrutaron casi 700 personas en dos sesiones, adem\u00e1s contribuir con la campa\u00f1a de solidaridad de este curso \u201cCompartiendo mucha vida #JuventudItakaEscolapios\u201d. La emoci\u00f3n de los ni\u00f1os y ni\u00f1as\u2026","og_url":"https:\/\/www.itakaescolapios.org\/fr\/2019\/12\/exito-de-magia-en-familia-en-una-tarde-de-diversion-y-solidaridad\/","og_site_name":"Itaka-Escolapios","article_published_time":"2019-12-18T10:32:04+00:00","article_modified_time":"2023-11-28T11:36:34+00:00","og_image":[{"width":2000,"height":1500,"url":"https:\/\/www.itakaescolapios.org\/wp-content\/uploads\/2019\/12\/IMG_20191214_181147.jpg","type":"image\/jpeg"}],"author":"valencia01","twitter_card":"summary_large_image","twitter_misc":{"\u00c9crit par":"valencia01","Dur\u00e9e de lecture estim\u00e9e":"2 minutes"},"schema":{"@context":"https:\/\/schema.org","@graph":[{"@type":"Article","@id":"https:\/\/www.itakaescolapios.org\/fr\/2019\/12\/exito-de-magia-en-familia-en-una-tarde-de-diversion-y-solidaridad\/#article","isPartOf":{"@id":"https:\/\/www.itakaescolapios.org\/fr\/2019\/12\/exito-de-magia-en-familia-en-una-tarde-de-diversion-y-solidaridad\/"},"author":{"name":"valencia01","@id":"https:\/\/www.itakaescolapios.org\/es\/#\/schema\/person\/c232ccaa2b3f2e98db93c1f8dfca96ff"},"headline":"\u00c9XITO DE MAGIA EN FAMILIA EN UNA TARDE DE DIVERSI\u00d3N Y SOLIDARIDAD","datePublished":"2019-12-18T10:32:04+00:00","dateModified":"2023-11-28T11:36:34+00:00","mainEntityOfPage":{"@id":"https:\/\/www.itakaescolapios.org\/fr\/2019\/12\/exito-de-magia-en-familia-en-una-tarde-de-diversion-y-solidaridad\/"},"wordCount":458,"publisher":{"@id":"https:\/\/www.itakaescolapios.org\/es\/#organization"},"image":{"@id":"https:\/\/www.itakaescolapios.org\/fr\/2019\/12\/exito-de-magia-en-familia-en-una-tarde-de-diversion-y-solidaridad\/#primaryimage"},"thumbnailUrl":"https:\/\/www.itakaescolapios.org\/wp-content\/uploads\/2019\/12\/IMG_20191214_181147.jpg","keywords":["campa\u00f1a de solidaridad","Compartiendo mucha vida","Juventud Itaka Escolapios","Magia","Magia en Familia","magia familiar"],"articleSection":["Valencia"],"inLanguage":"fr-FR"},{"@type":"WebPage","@id":"https:\/\/www.itakaescolapios.org\/fr\/2019\/12\/exito-de-magia-en-familia-en-una-tarde-de-diversion-y-solidaridad\/","url":"https:\/\/www.itakaescolapios.org\/fr\/2019\/12\/exito-de-magia-en-familia-en-una-tarde-de-diversion-y-solidaridad\/","name":"\u00c9XITO DE MAGIA EN FAMILIA EN UNA TARDE DE DIVERSI\u00d3N Y SOLIDARIDAD - Itaka-Escolapios","isPartOf":{"@id":"https:\/\/www.itakaescolapios.org\/es\/#website"},"primaryImageOfPage":{"@id":"https:\/\/www.itakaescolapios.org\/fr\/2019\/12\/exito-de-magia-en-familia-en-una-tarde-de-diversion-y-solidaridad\/#primaryimage"},"image":{"@id":"https:\/\/www.itakaescolapios.org\/fr\/2019\/12\/exito-de-magia-en-familia-en-una-tarde-de-diversion-y-solidaridad\/#primaryimage"},"thumbnailUrl":"https:\/\/www.itakaescolapios.org\/wp-content\/uploads\/2019\/12\/IMG_20191214_181147.jpg","datePublished":"2019-12-18T10:32:04+00:00","dateModified":"2023-11-28T11:36:34+00:00","breadcrumb":{"@id":"https:\/\/www.itakaescolapios.org\/fr\/2019\/12\/exito-de-magia-en-familia-en-una-tarde-de-diversion-y-solidaridad\/#breadcrumb"},"inLanguage":"fr-FR","potentialAction":[{"@type":"ReadAction","target":["https:\/\/www.itakaescolapios.org\/fr\/2019\/12\/exito-de-magia-en-familia-en-una-tarde-de-diversion-y-solidaridad\/"]}]},{"@type":"ImageObject","inLanguage":"fr-FR","@id":"https:\/\/www.itakaescolapios.org\/fr\/2019\/12\/exito-de-magia-en-familia-en-una-tarde-de-diversion-y-solidaridad\/#primaryimage","url":"https:\/\/www.itakaescolapios.org\/wp-content\/uploads\/2019\/12\/IMG_20191214_181147.jpg","contentUrl":"https:\/\/www.itakaescolapios.org\/wp-content\/uploads\/2019\/12\/IMG_20191214_181147.jpg","width":2000,"height":1500},{"@type":"BreadcrumbList","@id":"https:\/\/www.itakaescolapios.org\/fr\/2019\/12\/exito-de-magia-en-familia-en-una-tarde-de-diversion-y-solidaridad\/#breadcrumb","itemListElement":[{"@type":"ListItem","position":1,"name":"Itaka-Escolapios","item":"https:\/\/www.itakaescolapios.org\/es\/"},{"@type":"ListItem","position":2,"name":"\u00c9XITO DE MAGIA EN FAMILIA EN UNA TARDE DE DIVERSI\u00d3N Y SOLIDARIDAD"}]},{"@type":"WebSite","@id":"https:\/\/www.itakaescolapios.org\/fr\/es\/#website","url":"https:\/\/www.itakaescolapios.org\/fr\/es\/","name":"Itaka-Escolapios","description":"Red de Itaka-Escolapios","publisher":{"@id":"https:\/\/www.itakaescolapios.org\/fr\/es\/#organization"},"potentialAction":[{"@type":"SearchAction","target":{"@type":"EntryPoint","urlTemplate":"https:\/\/www.itakaescolapios.org\/fr\/es\/?s={search_term_string}"},"query-input":{"@type":"PropertyValueSpecification","valueRequired":true,"valueName":"search_term_string"}}],"inLanguage":"fr-FR"},{"@type":"Organization","@id":"https:\/\/www.itakaescolapios.org\/fr\/es\/#organization","name":"Fundaci\u00f3 Itaka-Escolapios","url":"https:\/\/www.itakaescolapios.org\/fr\/es\/","logo":{"@type":"ImageObject","inLanguage":"fr-FR","@id":"https:\/\/www.itakaescolapios.org\/fr\/es\/#\/schema\/logo\/image\/","url":"https:\/\/www.itakaescolapios.org\/wp-content\/uploads\/2024\/04\/Logo-itakaescolapios-peque.png","contentUrl":"https:\/\/www.itakaescolapios.org\/wp-content\/uploads\/2024\/04\/Logo-itakaescolapios-peque.png","width":500,"height":199,"caption":"Fundaci\u00f3 Itaka-Escolapios"},"image":{"@id":"https:\/\/www.itakaescolapios.org\/fr\/es\/#\/schema\/logo\/image\/"}},{"@type":"Person","@id":"https:\/\/www.itakaescolapios.org\/es\/#\/schema\/person\/c232ccaa2b3f2e98db93c1f8dfca96ff","name":"valencia01","url":"https:\/\/www.itakaescolapios.org\/fr\/author\/valencia01\/"}]}},"_links":{"self":[{"href":"https:\/\/www.itakaescolapios.org\/fr\/wp-json\/wp\/v2\/posts\/29491","targetHints":{"allow":["GET"]}}],"collection":[{"href":"https:\/\/www.itakaescolapios.org\/fr\/wp-json\/wp\/v2\/posts"}],"about":[{"href":"https:\/\/www.itakaescolapios.org\/fr\/wp-json\/wp\/v2\/types\/post"}],"author":[{"embeddable":true,"href":"https:\/\/www.itakaescolapios.org\/fr\/wp-json\/wp\/v2\/users\/39"}],"replies":[{"embeddable":true,"href":"https:\/\/www.itakaescolapios.org\/fr\/wp-json\/wp\/v2\/comments?post=29491"}],"version-history":[{"count":4,"href":"https:\/\/www.itakaescolapios.org\/fr\/wp-json\/wp\/v2\/posts\/29491\/revisions"}],"predecessor-version":[{"id":45238,"href":"https:\/\/www.itakaescolapios.org\/fr\/wp-json\/wp\/v2\/posts\/29491\/revisions\/45238"}],"wp:featuredmedia":[{"embeddable":true,"href":"https:\/\/www.itakaescolapios.org\/fr\/wp-json\/wp\/v2\/media\/29492"}],"wp:attachment":[{"href":"https:\/\/www.itakaescolapios.org\/fr\/wp-json\/wp\/v2\/media?parent=29491"}],"wp:term":[{"taxonomy":"category","embeddable":true,"href":"https:\/\/www.itakaescolapios.org\/fr\/wp-json\/wp\/v2\/categories?post=29491"},{"taxonomy":"post_tag","embeddable":true,"href":"https:\/\/www.itakaescolapios.org\/fr\/wp-json\/wp\/v2\/tags?post=29491"}],"curies":[{"name":"wp","href":"https:\/\/api.w.org\/{rel}","templated":true}]}}