{"id":30089,"date":"2020-02-25T11:21:40","date_gmt":"2020-02-25T10:21:40","guid":{"rendered":"https:\/\/www.itakaescolapios.org\/?p=30089"},"modified":"2023-11-28T12:36:28","modified_gmt":"2023-11-28T11:36:28","slug":"cafe-encuentro-en-madrid-2","status":"publish","type":"post","link":"https:\/\/www.itakaescolapios.org\/fr\/2020\/02\/cafe-encuentro-en-madrid-2\/","title":{"rendered":"CAF\u00c9 ENCUENTRO EN MADRID"},"content":{"rendered":"<p>El domingo en la oficina de Itaka-Escolapios en Aluche tuvo lugar el Caf\u00e9 Encuentro. Una vez m\u00e1s nos reunimos para que dos j\u00f3venes nos contasen su experiencia de voluntariado internacional dentro del Proyecto Sal. A trav\u00e9s del arte y la m\u00fasica Elena, en vivo y en directo, y Luc\u00eda, online desde Campeche (M\u00e9xico), nos hablaron de su testimonio desde lo sencillo y lo cotidiano abriendo la mirada a otras realidades. Entre las personas que acudieron estaban Jes\u00fas, Selena, Elena, Paula y M\u00f3nica, que este a\u00f1o, junto con otras cinco personas de Valencia, han comenzado el itinerario y tendr\u00e1n su experiencia este verano. Terminamos con una eucarist\u00eda presidida por el padre Alejandro.<\/p>\n\n\t\t<style type=\"text\/css\">\n\t\t\t#gallery-1 {\n\t\t\t\tmargin: auto;\n\t\t\t}\n\t\t\t#gallery-1 .gallery-item {\n\t\t\t\tfloat: left;\n\t\t\t\tmargin-top: 10px;\n\t\t\t\ttext-align: center;\n\t\t\t\twidth: 33%;\n\t\t\t}\n\t\t\t#gallery-1 img {\n\t\t\t\tborder: 2px solid #cfcfcf;\n\t\t\t}\n\t\t\t#gallery-1 .gallery-caption {\n\t\t\t\tmargin-left: 0;\n\t\t\t}\n\t\t\t\/* see gallery_shortcode() in wp-includes\/media.php *\/\n\t\t<\/style>\n\t\t<div id='gallery-1' class='gallery galleryid-30089 gallery-columns-3 gallery-size-thumbnail'><dl class='gallery-item'>\n\t\t\t<dt class='gallery-icon landscape'>\n\t\t\t\t<a href='https:\/\/www.itakaescolapios.org\/fr\/2020\/02\/cafe-encuentro-en-madrid-2\/whatsapp-image-2020-02-24-at-09-53-52\/'><img decoding=\"async\" width=\"90\" height=\"90\" src=\"https:\/\/www.itakaescolapios.org\/wp-content\/uploads\/2020\/02\/WhatsApp-Image-2020-02-24-at-09.53.52-90x90.jpeg\" class=\"attachment-thumbnail size-thumbnail\" alt=\"\" \/><\/a>\n\t\t\t<\/dt><\/dl><dl class='gallery-item'>\n\t\t\t<dt class='gallery-icon landscape'>\n\t\t\t\t<a href='https:\/\/www.itakaescolapios.org\/fr\/2020\/02\/cafe-encuentro-en-madrid-2\/whatsapp-image-2020-02-24-at-09-53-51\/'><img decoding=\"async\" width=\"90\" height=\"90\" src=\"https:\/\/www.itakaescolapios.org\/wp-content\/uploads\/2020\/02\/WhatsApp-Image-2020-02-24-at-09.53.51-90x90.jpeg\" class=\"attachment-thumbnail size-thumbnail\" alt=\"\" \/><\/a>\n\t\t\t<\/dt><\/dl><dl class='gallery-item'>\n\t\t\t<dt class='gallery-icon portrait'>\n\t\t\t\t<a href='https:\/\/www.itakaescolapios.org\/fr\/2020\/02\/cafe-encuentro-en-madrid-2\/whatsapp-image-2020-02-24-at-09-50-54\/'><img decoding=\"async\" width=\"90\" height=\"90\" src=\"https:\/\/www.itakaescolapios.org\/wp-content\/uploads\/2020\/02\/WhatsApp-Image-2020-02-24-at-09.50.54-90x90.jpeg\" class=\"attachment-thumbnail size-thumbnail\" alt=\"\" \/><\/a>\n\t\t\t<\/dt><\/dl><br style=\"clear: both\" \/><dl class='gallery-item'>\n\t\t\t<dt class='gallery-icon landscape'>\n\t\t\t\t<a href='https:\/\/www.itakaescolapios.org\/fr\/2020\/02\/cafe-encuentro-en-madrid-2\/whatsapp-image-2020-02-24-at-09-50-53-3\/'><img decoding=\"async\" width=\"90\" height=\"90\" src=\"https:\/\/www.itakaescolapios.org\/wp-content\/uploads\/2020\/02\/WhatsApp-Image-2020-02-24-at-09.50.53-3-90x90.jpeg\" class=\"attachment-thumbnail size-thumbnail\" alt=\"\" \/><\/a>\n\t\t\t<\/dt><\/dl><dl class='gallery-item'>\n\t\t\t<dt class='gallery-icon landscape'>\n\t\t\t\t<a href='https:\/\/www.itakaescolapios.org\/fr\/2020\/02\/cafe-encuentro-en-madrid-2\/whatsapp-image-2020-02-24-at-09-50-53-2\/'><img decoding=\"async\" width=\"90\" height=\"90\" src=\"https:\/\/www.itakaescolapios.org\/wp-content\/uploads\/2020\/02\/WhatsApp-Image-2020-02-24-at-09.50.53-2-90x90.jpeg\" class=\"attachment-thumbnail size-thumbnail\" alt=\"\" \/><\/a>\n\t\t\t<\/dt><\/dl><dl class='gallery-item'>\n\t\t\t<dt class='gallery-icon landscape'>\n\t\t\t\t<a href='https:\/\/www.itakaescolapios.org\/fr\/2020\/02\/cafe-encuentro-en-madrid-2\/whatsapp-image-2020-02-24-at-09-50-53-1\/'><img decoding=\"async\" width=\"90\" height=\"90\" src=\"https:\/\/www.itakaescolapios.org\/wp-content\/uploads\/2020\/02\/WhatsApp-Image-2020-02-24-at-09.50.53-1-90x90.jpeg\" class=\"attachment-thumbnail size-thumbnail\" alt=\"\" \/><\/a>\n\t\t\t<\/dt><\/dl><br style=\"clear: both\" \/>\n\t\t<\/div>\n\n<p>&nbsp;<\/p>\n","protected":false},"excerpt":{"rendered":"<p>El domingo en la oficina de Itaka-Escolapios en Aluche tuvo lugar el Caf\u00e9 Encuentro. Una vez m\u00e1s nos reunimos para que dos j\u00f3venes nos contasen su experiencia de voluntariado internacional [&hellip;]<\/p>\n","protected":false},"author":48,"featured_media":30094,"comment_status":"closed","ping_status":"closed","sticky":false,"template":"","format":"standard","meta":{"_et_pb_use_builder":"","_et_pb_old_content":"","_et_gb_content_width":"","footnotes":""},"categories":[146],"tags":[],"class_list":["post-30089","post","type-post","status-publish","format-standard","has-post-thumbnail","hentry","category-madrid"],"yoast_head":"<!-- This site is optimized with the Yoast SEO plugin v27.4 - https:\/\/yoast.com\/product\/yoast-seo-wordpress\/ -->\n<title>CAF\u00c9 ENCUENTRO EN MADRID<\/title>\n<meta name=\"description\" content=\"El domingo en la oficina de Itaka-Escolapios en Aluche tuvo lugar el Caf\u00e9 Encuentro. Una vez m\u00e1s nos reunimos para que dos j\u00f3venes nos contasen su experiencia de voluntariado internacional dentro del Proyecto Sal. A trav\u00e9s del arte y la m\u00fasica Elena, en vivo y en directo, y Luc\u00eda, online desde Campeche (M\u00e9xico), nos hablaron\u2026\" \/>\n<meta name=\"robots\" content=\"index, follow, max-snippet:-1, max-image-preview:large, max-video-preview:-1\" \/>\n<link rel=\"canonical\" href=\"http:\/\/El%20domingo%20en%20la%20oficina%20de%20Itaka-Escolapios%20en%20Aluche%20tuvo%20lugar%20el%20Caf\u00e9%20Encuentro.%20Una%20vez%20m\u00e1s%20nos%20reunimos%20para%20que%20dos%20j\u00f3venes%20nos%20contasen%20su%20experiencia%20de%20voluntariado%20internacional%20dentro%20del%20Proyecto%20Sal.%20A%20trav\u00e9s%20del%20arte%20y%20la%20m\u00fasica%20Elena,%20en%20vivo%20y%20en%20directo,%20y%20Luc\u00eda,%20online%20desde%20Campeche%20(M\u00e9xico),%20nos%20hablaron\u2026\" \/>\n<meta property=\"og:locale\" content=\"fr_FR\" \/>\n<meta property=\"og:type\" content=\"article\" \/>\n<meta property=\"og:title\" content=\"CAF\u00c9 ENCUENTRO EN MADRID\" \/>\n<meta property=\"og:description\" content=\"El domingo en la oficina de Itaka-Escolapios en Aluche tuvo lugar el Caf\u00e9 Encuentro. Una vez m\u00e1s nos reunimos para que dos j\u00f3venes nos contasen su experiencia de voluntariado internacional dentro del Proyecto Sal. A trav\u00e9s del arte y la m\u00fasica Elena, en vivo y en directo, y Luc\u00eda, online desde Campeche (M\u00e9xico), nos hablaron\u2026\" \/>\n<meta property=\"og:url\" content=\"https:\/\/www.itakaescolapios.org\/fr\/2020\/02\/cafe-encuentro-en-madrid-2\/\" \/>\n<meta property=\"og:site_name\" content=\"Itaka-Escolapios\" \/>\n<meta property=\"article:published_time\" content=\"2020-02-25T10:21:40+00:00\" \/>\n<meta property=\"article:modified_time\" content=\"2023-11-28T11:36:28+00:00\" \/>\n<meta property=\"og:image\" content=\"https:\/\/www.itakaescolapios.org\/wp-content\/uploads\/2020\/02\/WhatsApp-Image-2020-02-24-at-09.53.51.jpeg\" \/>\n\t<meta property=\"og:image:width\" content=\"1600\" \/>\n\t<meta property=\"og:image:height\" content=\"1200\" \/>\n\t<meta property=\"og:image:type\" content=\"image\/jpeg\" \/>\n<meta name=\"author\" content=\"madrid01\" \/>\n<meta name=\"twitter:card\" content=\"summary_large_image\" \/>\n<meta name=\"twitter:label1\" content=\"\u00c9crit par\" \/>\n\t<meta name=\"twitter:data1\" content=\"madrid01\" \/>\n\t<meta name=\"twitter:label2\" content=\"Dur\u00e9e de lecture estim\u00e9e\" \/>\n\t<meta name=\"twitter:data2\" content=\"1 minute\" \/>\n<script type=\"application\/ld+json\" class=\"yoast-schema-graph\">{\"@context\":\"https:\\\/\\\/schema.org\",\"@graph\":[{\"@type\":\"Article\",\"@id\":\"https:\\\/\\\/www.itakaescolapios.org\\\/fr\\\/2020\\\/02\\\/cafe-encuentro-en-madrid-2\\\/#article\",\"isPartOf\":{\"@id\":\"https:\\\/\\\/www.itakaescolapios.org\\\/fr\\\/2020\\\/02\\\/cafe-encuentro-en-madrid-2\\\/\"},\"author\":{\"name\":\"madrid01\",\"@id\":\"https:\\\/\\\/www.itakaescolapios.org\\\/es\\\/#\\\/schema\\\/person\\\/bcd60d18d9795d0e978153a567a2edcb\"},\"headline\":\"CAF\u00c9 ENCUENTRO EN MADRID\",\"datePublished\":\"2020-02-25T10:21:40+00:00\",\"dateModified\":\"2023-11-28T11:36:28+00:00\",\"mainEntityOfPage\":{\"@id\":\"https:\\\/\\\/www.itakaescolapios.org\\\/fr\\\/2020\\\/02\\\/cafe-encuentro-en-madrid-2\\\/\"},\"wordCount\":129,\"publisher\":{\"@id\":\"https:\\\/\\\/www.itakaescolapios.org\\\/es\\\/#organization\"},\"image\":{\"@id\":\"https:\\\/\\\/www.itakaescolapios.org\\\/fr\\\/2020\\\/02\\\/cafe-encuentro-en-madrid-2\\\/#primaryimage\"},\"thumbnailUrl\":\"https:\\\/\\\/www.itakaescolapios.org\\\/wp-content\\\/uploads\\\/2020\\\/02\\\/WhatsApp-Image-2020-02-24-at-09.53.51.jpeg\",\"articleSection\":[\"Madrid\"],\"inLanguage\":\"fr-FR\"},{\"@type\":\"WebPage\",\"@id\":\"https:\\\/\\\/www.itakaescolapios.org\\\/fr\\\/2020\\\/02\\\/cafe-encuentro-en-madrid-2\\\/\",\"url\":\"https:\\\/\\\/www.itakaescolapios.org\\\/fr\\\/2020\\\/02\\\/cafe-encuentro-en-madrid-2\\\/\",\"name\":\"CAF\u00c9 ENCUENTRO EN MADRID - Itaka-Escolapios\",\"isPartOf\":{\"@id\":\"https:\\\/\\\/www.itakaescolapios.org\\\/es\\\/#website\"},\"primaryImageOfPage\":{\"@id\":\"https:\\\/\\\/www.itakaescolapios.org\\\/fr\\\/2020\\\/02\\\/cafe-encuentro-en-madrid-2\\\/#primaryimage\"},\"image\":{\"@id\":\"https:\\\/\\\/www.itakaescolapios.org\\\/fr\\\/2020\\\/02\\\/cafe-encuentro-en-madrid-2\\\/#primaryimage\"},\"thumbnailUrl\":\"https:\\\/\\\/www.itakaescolapios.org\\\/wp-content\\\/uploads\\\/2020\\\/02\\\/WhatsApp-Image-2020-02-24-at-09.53.51.jpeg\",\"datePublished\":\"2020-02-25T10:21:40+00:00\",\"dateModified\":\"2023-11-28T11:36:28+00:00\",\"breadcrumb\":{\"@id\":\"https:\\\/\\\/www.itakaescolapios.org\\\/fr\\\/2020\\\/02\\\/cafe-encuentro-en-madrid-2\\\/#breadcrumb\"},\"inLanguage\":\"fr-FR\",\"potentialAction\":[{\"@type\":\"ReadAction\",\"target\":[\"https:\\\/\\\/www.itakaescolapios.org\\\/fr\\\/2020\\\/02\\\/cafe-encuentro-en-madrid-2\\\/\"]}]},{\"@type\":\"ImageObject\",\"inLanguage\":\"fr-FR\",\"@id\":\"https:\\\/\\\/www.itakaescolapios.org\\\/fr\\\/2020\\\/02\\\/cafe-encuentro-en-madrid-2\\\/#primaryimage\",\"url\":\"https:\\\/\\\/www.itakaescolapios.org\\\/wp-content\\\/uploads\\\/2020\\\/02\\\/WhatsApp-Image-2020-02-24-at-09.53.51.jpeg\",\"contentUrl\":\"https:\\\/\\\/www.itakaescolapios.org\\\/wp-content\\\/uploads\\\/2020\\\/02\\\/WhatsApp-Image-2020-02-24-at-09.53.51.jpeg\",\"width\":1600,\"height\":1200},{\"@type\":\"BreadcrumbList\",\"@id\":\"https:\\\/\\\/www.itakaescolapios.org\\\/fr\\\/2020\\\/02\\\/cafe-encuentro-en-madrid-2\\\/#breadcrumb\",\"itemListElement\":[{\"@type\":\"ListItem\",\"position\":1,\"name\":\"Itaka-Escolapios\",\"item\":\"https:\\\/\\\/www.itakaescolapios.org\\\/es\\\/\"},{\"@type\":\"ListItem\",\"position\":2,\"name\":\"CAF\u00c9 ENCUENTRO EN MADRID\"}]},{\"@type\":\"WebSite\",\"@id\":\"https:\\\/\\\/www.itakaescolapios.org\\\/fr\\\/es\\\/#website\",\"url\":\"https:\\\/\\\/www.itakaescolapios.org\\\/fr\\\/es\\\/\",\"name\":\"Itaka-Escolapios\",\"description\":\"Red de Itaka-Escolapios\",\"publisher\":{\"@id\":\"https:\\\/\\\/www.itakaescolapios.org\\\/fr\\\/es\\\/#organization\"},\"potentialAction\":[{\"@type\":\"SearchAction\",\"target\":{\"@type\":\"EntryPoint\",\"urlTemplate\":\"https:\\\/\\\/www.itakaescolapios.org\\\/fr\\\/es\\\/?s={search_term_string}\"},\"query-input\":{\"@type\":\"PropertyValueSpecification\",\"valueRequired\":true,\"valueName\":\"search_term_string\"}}],\"inLanguage\":\"fr-FR\"},{\"@type\":\"Organization\",\"@id\":\"https:\\\/\\\/www.itakaescolapios.org\\\/fr\\\/es\\\/#organization\",\"name\":\"Fundaci\u00f3 Itaka-Escolapios\",\"url\":\"https:\\\/\\\/www.itakaescolapios.org\\\/fr\\\/es\\\/\",\"logo\":{\"@type\":\"ImageObject\",\"inLanguage\":\"fr-FR\",\"@id\":\"https:\\\/\\\/www.itakaescolapios.org\\\/fr\\\/es\\\/#\\\/schema\\\/logo\\\/image\\\/\",\"url\":\"https:\\\/\\\/www.itakaescolapios.org\\\/wp-content\\\/uploads\\\/2024\\\/04\\\/Logo-itakaescolapios-peque.png\",\"contentUrl\":\"https:\\\/\\\/www.itakaescolapios.org\\\/wp-content\\\/uploads\\\/2024\\\/04\\\/Logo-itakaescolapios-peque.png\",\"width\":500,\"height\":199,\"caption\":\"Fundaci\u00f3 Itaka-Escolapios\"},\"image\":{\"@id\":\"https:\\\/\\\/www.itakaescolapios.org\\\/fr\\\/es\\\/#\\\/schema\\\/logo\\\/image\\\/\"}},{\"@type\":\"Person\",\"@id\":\"https:\\\/\\\/www.itakaescolapios.org\\\/es\\\/#\\\/schema\\\/person\\\/bcd60d18d9795d0e978153a567a2edcb\",\"name\":\"madrid01\",\"url\":\"https:\\\/\\\/www.itakaescolapios.org\\\/fr\\\/author\\\/madrid01\\\/\"}]}<\/script>\n<!-- \/ Yoast SEO plugin. -->","yoast_head_json":{"title":"CAF\u00c9 ENCUENTRO EN MADRID","description":"El domingo en la oficina de Itaka-Escolapios en Aluche tuvo lugar el Caf\u00e9 Encuentro. Una vez m\u00e1s nos reunimos para que dos j\u00f3venes nos contasen su experiencia de voluntariado internacional dentro del Proyecto Sal. A trav\u00e9s del arte y la m\u00fasica Elena, en vivo y en directo, y Luc\u00eda, online desde Campeche (M\u00e9xico), nos hablaron\u2026","robots":{"index":"index","follow":"follow","max-snippet":"max-snippet:-1","max-image-preview":"max-image-preview:large","max-video-preview":"max-video-preview:-1"},"canonical":"El domingo en la oficina de Itaka-Escolapios en Aluche tuvo lugar el Caf\u00e9 Encuentro. Una vez m\u00e1s nos reunimos para que dos j\u00f3venes nos contasen su experiencia de voluntariado internacional dentro del Proyecto Sal. A trav\u00e9s del arte y la m\u00fasica Elena, en vivo y en directo, y Luc\u00eda, online desde Campeche (M\u00e9xico), nos hablaron\u2026","og_locale":"fr_FR","og_type":"article","og_title":"CAF\u00c9 ENCUENTRO EN MADRID","og_description":"El domingo en la oficina de Itaka-Escolapios en Aluche tuvo lugar el Caf\u00e9 Encuentro. Una vez m\u00e1s nos reunimos para que dos j\u00f3venes nos contasen su experiencia de voluntariado internacional dentro del Proyecto Sal. A trav\u00e9s del arte y la m\u00fasica Elena, en vivo y en directo, y Luc\u00eda, online desde Campeche (M\u00e9xico), nos hablaron\u2026","og_url":"https:\/\/www.itakaescolapios.org\/fr\/2020\/02\/cafe-encuentro-en-madrid-2\/","og_site_name":"Itaka-Escolapios","article_published_time":"2020-02-25T10:21:40+00:00","article_modified_time":"2023-11-28T11:36:28+00:00","og_image":[{"width":1600,"height":1200,"url":"https:\/\/www.itakaescolapios.org\/wp-content\/uploads\/2020\/02\/WhatsApp-Image-2020-02-24-at-09.53.51.jpeg","type":"image\/jpeg"}],"author":"madrid01","twitter_card":"summary_large_image","twitter_misc":{"\u00c9crit par":"madrid01","Dur\u00e9e de lecture estim\u00e9e":"1 minute"},"schema":{"@context":"https:\/\/schema.org","@graph":[{"@type":"Article","@id":"https:\/\/www.itakaescolapios.org\/fr\/2020\/02\/cafe-encuentro-en-madrid-2\/#article","isPartOf":{"@id":"https:\/\/www.itakaescolapios.org\/fr\/2020\/02\/cafe-encuentro-en-madrid-2\/"},"author":{"name":"madrid01","@id":"https:\/\/www.itakaescolapios.org\/es\/#\/schema\/person\/bcd60d18d9795d0e978153a567a2edcb"},"headline":"CAF\u00c9 ENCUENTRO EN MADRID","datePublished":"2020-02-25T10:21:40+00:00","dateModified":"2023-11-28T11:36:28+00:00","mainEntityOfPage":{"@id":"https:\/\/www.itakaescolapios.org\/fr\/2020\/02\/cafe-encuentro-en-madrid-2\/"},"wordCount":129,"publisher":{"@id":"https:\/\/www.itakaescolapios.org\/es\/#organization"},"image":{"@id":"https:\/\/www.itakaescolapios.org\/fr\/2020\/02\/cafe-encuentro-en-madrid-2\/#primaryimage"},"thumbnailUrl":"https:\/\/www.itakaescolapios.org\/wp-content\/uploads\/2020\/02\/WhatsApp-Image-2020-02-24-at-09.53.51.jpeg","articleSection":["Madrid"],"inLanguage":"fr-FR"},{"@type":"WebPage","@id":"https:\/\/www.itakaescolapios.org\/fr\/2020\/02\/cafe-encuentro-en-madrid-2\/","url":"https:\/\/www.itakaescolapios.org\/fr\/2020\/02\/cafe-encuentro-en-madrid-2\/","name":"CAF\u00c9 ENCUENTRO EN MADRID - Itaka-Escolapios","isPartOf":{"@id":"https:\/\/www.itakaescolapios.org\/es\/#website"},"primaryImageOfPage":{"@id":"https:\/\/www.itakaescolapios.org\/fr\/2020\/02\/cafe-encuentro-en-madrid-2\/#primaryimage"},"image":{"@id":"https:\/\/www.itakaescolapios.org\/fr\/2020\/02\/cafe-encuentro-en-madrid-2\/#primaryimage"},"thumbnailUrl":"https:\/\/www.itakaescolapios.org\/wp-content\/uploads\/2020\/02\/WhatsApp-Image-2020-02-24-at-09.53.51.jpeg","datePublished":"2020-02-25T10:21:40+00:00","dateModified":"2023-11-28T11:36:28+00:00","breadcrumb":{"@id":"https:\/\/www.itakaescolapios.org\/fr\/2020\/02\/cafe-encuentro-en-madrid-2\/#breadcrumb"},"inLanguage":"fr-FR","potentialAction":[{"@type":"ReadAction","target":["https:\/\/www.itakaescolapios.org\/fr\/2020\/02\/cafe-encuentro-en-madrid-2\/"]}]},{"@type":"ImageObject","inLanguage":"fr-FR","@id":"https:\/\/www.itakaescolapios.org\/fr\/2020\/02\/cafe-encuentro-en-madrid-2\/#primaryimage","url":"https:\/\/www.itakaescolapios.org\/wp-content\/uploads\/2020\/02\/WhatsApp-Image-2020-02-24-at-09.53.51.jpeg","contentUrl":"https:\/\/www.itakaescolapios.org\/wp-content\/uploads\/2020\/02\/WhatsApp-Image-2020-02-24-at-09.53.51.jpeg","width":1600,"height":1200},{"@type":"BreadcrumbList","@id":"https:\/\/www.itakaescolapios.org\/fr\/2020\/02\/cafe-encuentro-en-madrid-2\/#breadcrumb","itemListElement":[{"@type":"ListItem","position":1,"name":"Itaka-Escolapios","item":"https:\/\/www.itakaescolapios.org\/es\/"},{"@type":"ListItem","position":2,"name":"CAF\u00c9 ENCUENTRO EN MADRID"}]},{"@type":"WebSite","@id":"https:\/\/www.itakaescolapios.org\/fr\/es\/#website","url":"https:\/\/www.itakaescolapios.org\/fr\/es\/","name":"Itaka-Escolapios","description":"Red de Itaka-Escolapios","publisher":{"@id":"https:\/\/www.itakaescolapios.org\/fr\/es\/#organization"},"potentialAction":[{"@type":"SearchAction","target":{"@type":"EntryPoint","urlTemplate":"https:\/\/www.itakaescolapios.org\/fr\/es\/?s={search_term_string}"},"query-input":{"@type":"PropertyValueSpecification","valueRequired":true,"valueName":"search_term_string"}}],"inLanguage":"fr-FR"},{"@type":"Organization","@id":"https:\/\/www.itakaescolapios.org\/fr\/es\/#organization","name":"Fundaci\u00f3 Itaka-Escolapios","url":"https:\/\/www.itakaescolapios.org\/fr\/es\/","logo":{"@type":"ImageObject","inLanguage":"fr-FR","@id":"https:\/\/www.itakaescolapios.org\/fr\/es\/#\/schema\/logo\/image\/","url":"https:\/\/www.itakaescolapios.org\/wp-content\/uploads\/2024\/04\/Logo-itakaescolapios-peque.png","contentUrl":"https:\/\/www.itakaescolapios.org\/wp-content\/uploads\/2024\/04\/Logo-itakaescolapios-peque.png","width":500,"height":199,"caption":"Fundaci\u00f3 Itaka-Escolapios"},"image":{"@id":"https:\/\/www.itakaescolapios.org\/fr\/es\/#\/schema\/logo\/image\/"}},{"@type":"Person","@id":"https:\/\/www.itakaescolapios.org\/es\/#\/schema\/person\/bcd60d18d9795d0e978153a567a2edcb","name":"madrid01","url":"https:\/\/www.itakaescolapios.org\/fr\/author\/madrid01\/"}]}},"_links":{"self":[{"href":"https:\/\/www.itakaescolapios.org\/fr\/wp-json\/wp\/v2\/posts\/30089","targetHints":{"allow":["GET"]}}],"collection":[{"href":"https:\/\/www.itakaescolapios.org\/fr\/wp-json\/wp\/v2\/posts"}],"about":[{"href":"https:\/\/www.itakaescolapios.org\/fr\/wp-json\/wp\/v2\/types\/post"}],"author":[{"embeddable":true,"href":"https:\/\/www.itakaescolapios.org\/fr\/wp-json\/wp\/v2\/users\/48"}],"replies":[{"embeddable":true,"href":"https:\/\/www.itakaescolapios.org\/fr\/wp-json\/wp\/v2\/comments?post=30089"}],"version-history":[{"count":5,"href":"https:\/\/www.itakaescolapios.org\/fr\/wp-json\/wp\/v2\/posts\/30089\/revisions"}],"predecessor-version":[{"id":45064,"href":"https:\/\/www.itakaescolapios.org\/fr\/wp-json\/wp\/v2\/posts\/30089\/revisions\/45064"}],"wp:featuredmedia":[{"embeddable":true,"href":"https:\/\/www.itakaescolapios.org\/fr\/wp-json\/wp\/v2\/media\/30094"}],"wp:attachment":[{"href":"https:\/\/www.itakaescolapios.org\/fr\/wp-json\/wp\/v2\/media?parent=30089"}],"wp:term":[{"taxonomy":"category","embeddable":true,"href":"https:\/\/www.itakaescolapios.org\/fr\/wp-json\/wp\/v2\/categories?post=30089"},{"taxonomy":"post_tag","embeddable":true,"href":"https:\/\/www.itakaescolapios.org\/fr\/wp-json\/wp\/v2\/tags?post=30089"}],"curies":[{"name":"wp","href":"https:\/\/api.w.org\/{rel}","templated":true}]}}