{"id":30237,"date":"2020-03-12T10:40:40","date_gmt":"2020-03-12T09:40:40","guid":{"rendered":"https:\/\/www.itakaescolapios.org\/?p=30237"},"modified":"2023-11-28T12:36:27","modified_gmt":"2023-11-28T11:36:27","slug":"journees-portes-ouvertes-au-college-polyvalent-calasanz-de-bandjoun","status":"publish","type":"post","link":"https:\/\/www.itakaescolapios.org\/fr\/2020\/03\/journees-portes-ouvertes-au-college-polyvalent-calasanz-de-bandjoun\/","title":{"rendered":"JOURNEES PORTES OUVERTES AU COLLEGE POLYVALENT CALASANZ DE BANDJOUN"},"content":{"rendered":"<p>En ce jour, les \u00e9l\u00e8ves du COPOCALASANZ montre leur savoir-faire au public. sur la photo nous avons un four moderne qui sert en m\u00eame temps \u00e0 faire des braises et de foyer. ce four est fabriqu\u00e9 par l&rsquo;atelier Fabrication m\u00e9tallique\/ chaudronnerie;<\/p>\n","protected":false},"excerpt":{"rendered":"<p>En ce jour, les \u00e9l\u00e8ves du COPOCALASANZ montre leur savoir-faire au public. sur la photo nous avons un four moderne qui sert en m\u00eame temps \u00e0 faire des braises et [&hellip;]<\/p>\n","protected":false},"author":15,"featured_media":30238,"comment_status":"closed","ping_status":"closed","sticky":false,"template":"","format":"standard","meta":{"_et_pb_use_builder":"","_et_pb_old_content":"","_et_gb_content_width":"","footnotes":""},"categories":[53],"tags":[],"class_list":["post-30237","post","type-post","status-publish","format-standard","has-post-thumbnail","hentry","category-africa-central"],"yoast_head":"<!-- This site is optimized with the Yoast SEO plugin v27.4 - https:\/\/yoast.com\/product\/yoast-seo-wordpress\/ -->\n<title>JOURNEES PORTES OUVERTES AU COLLEGE POLYVALENT CALASANZ DE BANDJOUN<\/title>\n<meta name=\"description\" content=\"En ce jour, les \u00e9l\u00e8ves du COPOCALASANZ montre leur savoir-faire au public. sur la photo nous avons un four moderne qui sert en m\u00eame temps \u00e0 faire des braises et de foyer. ce four est fabriqu\u00e9 par l&#039;atelier Fabrication m\u00e9tallique\/ chaudronnerie;\" \/>\n<meta name=\"robots\" content=\"index, follow, max-snippet:-1, max-image-preview:large, max-video-preview:-1\" \/>\n<link rel=\"canonical\" href=\"http:\/\/En%20ce%20jour,%20les%20\u00e9l\u00e8ves%20du%20COPOCALASANZ%20montre%20leur%20savoir-faire%20au%20public.%20sur%20la%20photo%20nous%20avons%20un%20four%20moderne%20qui%20sert%20en%20m\u00eame%20temps%20\u00e0%20faire%20des%20braises%20et%20de%20foyer.%20ce%20four%20est%20fabriqu\u00e9%20par%20l'atelier%20Fabrication%20m\u00e9tallique\/%20chaudronnerie;\" \/>\n<meta property=\"og:locale\" content=\"fr_FR\" \/>\n<meta property=\"og:type\" content=\"article\" \/>\n<meta property=\"og:title\" content=\"JOURNEES PORTES OUVERTES AU COLLEGE POLYVALENT CALASANZ DE BANDJOUN\" \/>\n<meta property=\"og:description\" content=\"En ce jour, les \u00e9l\u00e8ves du COPOCALASANZ montre leur savoir-faire au public. sur la photo nous avons un four moderne qui sert en m\u00eame temps \u00e0 faire des braises et de foyer. ce four est fabriqu\u00e9 par l&#039;atelier Fabrication m\u00e9tallique\/ chaudronnerie;\" \/>\n<meta property=\"og:url\" content=\"https:\/\/www.itakaescolapios.org\/fr\/2020\/03\/journees-portes-ouvertes-au-college-polyvalent-calasanz-de-bandjoun\/\" \/>\n<meta property=\"og:site_name\" content=\"Itaka-Escolapios\" \/>\n<meta property=\"article:published_time\" content=\"2020-03-12T09:40:40+00:00\" \/>\n<meta property=\"article:modified_time\" content=\"2023-11-28T11:36:27+00:00\" \/>\n<meta property=\"og:image\" content=\"https:\/\/www.itakaescolapios.org\/wp-content\/uploads\/2020\/03\/IMG_0048-e1584109056384.jpg\" \/>\n\t<meta property=\"og:image:width\" content=\"844\" \/>\n\t<meta property=\"og:image:height\" content=\"1500\" \/>\n\t<meta property=\"og:image:type\" content=\"image\/jpeg\" \/>\n<meta name=\"author\" content=\"cameroun01\" \/>\n<meta name=\"twitter:card\" content=\"summary_large_image\" \/>\n<meta name=\"twitter:label1\" content=\"\u00c9crit par\" \/>\n\t<meta name=\"twitter:data1\" content=\"cameroun01\" \/>\n<script type=\"application\/ld+json\" class=\"yoast-schema-graph\">{\"@context\":\"https:\\\/\\\/schema.org\",\"@graph\":[{\"@type\":\"Article\",\"@id\":\"https:\\\/\\\/www.itakaescolapios.org\\\/fr\\\/2020\\\/03\\\/journees-portes-ouvertes-au-college-polyvalent-calasanz-de-bandjoun\\\/#article\",\"isPartOf\":{\"@id\":\"https:\\\/\\\/www.itakaescolapios.org\\\/fr\\\/2020\\\/03\\\/journees-portes-ouvertes-au-college-polyvalent-calasanz-de-bandjoun\\\/\"},\"author\":{\"name\":\"cameroun01\",\"@id\":\"https:\\\/\\\/www.itakaescolapios.org\\\/es\\\/#\\\/schema\\\/person\\\/d2844383e29bfdfef69039672ce14eb1\"},\"headline\":\"JOURNEES PORTES OUVERTES AU COLLEGE POLYVALENT CALASANZ DE BANDJOUN\",\"datePublished\":\"2020-03-12T09:40:40+00:00\",\"dateModified\":\"2023-11-28T11:36:27+00:00\",\"mainEntityOfPage\":{\"@id\":\"https:\\\/\\\/www.itakaescolapios.org\\\/fr\\\/2020\\\/03\\\/journees-portes-ouvertes-au-college-polyvalent-calasanz-de-bandjoun\\\/\"},\"wordCount\":53,\"publisher\":{\"@id\":\"https:\\\/\\\/www.itakaescolapios.org\\\/es\\\/#organization\"},\"image\":{\"@id\":\"https:\\\/\\\/www.itakaescolapios.org\\\/fr\\\/2020\\\/03\\\/journees-portes-ouvertes-au-college-polyvalent-calasanz-de-bandjoun\\\/#primaryimage\"},\"thumbnailUrl\":\"https:\\\/\\\/www.itakaescolapios.org\\\/wp-content\\\/uploads\\\/2020\\\/03\\\/IMG_0048-e1584109056384.jpg\",\"articleSection\":[\"Afrique centrale\"],\"inLanguage\":\"fr-FR\"},{\"@type\":\"WebPage\",\"@id\":\"https:\\\/\\\/www.itakaescolapios.org\\\/fr\\\/2020\\\/03\\\/journees-portes-ouvertes-au-college-polyvalent-calasanz-de-bandjoun\\\/\",\"url\":\"https:\\\/\\\/www.itakaescolapios.org\\\/fr\\\/2020\\\/03\\\/journees-portes-ouvertes-au-college-polyvalent-calasanz-de-bandjoun\\\/\",\"name\":\"JOURNEES PORTES OUVERTES AU COLLEGE POLYVALENT CALASANZ DE BANDJOUN - Itaka-Escolapios\",\"isPartOf\":{\"@id\":\"https:\\\/\\\/www.itakaescolapios.org\\\/es\\\/#website\"},\"primaryImageOfPage\":{\"@id\":\"https:\\\/\\\/www.itakaescolapios.org\\\/fr\\\/2020\\\/03\\\/journees-portes-ouvertes-au-college-polyvalent-calasanz-de-bandjoun\\\/#primaryimage\"},\"image\":{\"@id\":\"https:\\\/\\\/www.itakaescolapios.org\\\/fr\\\/2020\\\/03\\\/journees-portes-ouvertes-au-college-polyvalent-calasanz-de-bandjoun\\\/#primaryimage\"},\"thumbnailUrl\":\"https:\\\/\\\/www.itakaescolapios.org\\\/wp-content\\\/uploads\\\/2020\\\/03\\\/IMG_0048-e1584109056384.jpg\",\"datePublished\":\"2020-03-12T09:40:40+00:00\",\"dateModified\":\"2023-11-28T11:36:27+00:00\",\"breadcrumb\":{\"@id\":\"https:\\\/\\\/www.itakaescolapios.org\\\/fr\\\/2020\\\/03\\\/journees-portes-ouvertes-au-college-polyvalent-calasanz-de-bandjoun\\\/#breadcrumb\"},\"inLanguage\":\"fr-FR\",\"potentialAction\":[{\"@type\":\"ReadAction\",\"target\":[\"https:\\\/\\\/www.itakaescolapios.org\\\/fr\\\/2020\\\/03\\\/journees-portes-ouvertes-au-college-polyvalent-calasanz-de-bandjoun\\\/\"]}]},{\"@type\":\"ImageObject\",\"inLanguage\":\"fr-FR\",\"@id\":\"https:\\\/\\\/www.itakaescolapios.org\\\/fr\\\/2020\\\/03\\\/journees-portes-ouvertes-au-college-polyvalent-calasanz-de-bandjoun\\\/#primaryimage\",\"url\":\"https:\\\/\\\/www.itakaescolapios.org\\\/wp-content\\\/uploads\\\/2020\\\/03\\\/IMG_0048-e1584109056384.jpg\",\"contentUrl\":\"https:\\\/\\\/www.itakaescolapios.org\\\/wp-content\\\/uploads\\\/2020\\\/03\\\/IMG_0048-e1584109056384.jpg\",\"width\":844,\"height\":1500},{\"@type\":\"BreadcrumbList\",\"@id\":\"https:\\\/\\\/www.itakaescolapios.org\\\/fr\\\/2020\\\/03\\\/journees-portes-ouvertes-au-college-polyvalent-calasanz-de-bandjoun\\\/#breadcrumb\",\"itemListElement\":[{\"@type\":\"ListItem\",\"position\":1,\"name\":\"Itaka-Escolapios\",\"item\":\"https:\\\/\\\/www.itakaescolapios.org\\\/es\\\/\"},{\"@type\":\"ListItem\",\"position\":2,\"name\":\"JOURNEES PORTES OUVERTES AU COLLEGE POLYVALENT CALASANZ DE BANDJOUN\"}]},{\"@type\":\"WebSite\",\"@id\":\"https:\\\/\\\/www.itakaescolapios.org\\\/fr\\\/es\\\/#website\",\"url\":\"https:\\\/\\\/www.itakaescolapios.org\\\/fr\\\/es\\\/\",\"name\":\"Itaka-Escolapios\",\"description\":\"Red de Itaka-Escolapios\",\"publisher\":{\"@id\":\"https:\\\/\\\/www.itakaescolapios.org\\\/fr\\\/es\\\/#organization\"},\"potentialAction\":[{\"@type\":\"SearchAction\",\"target\":{\"@type\":\"EntryPoint\",\"urlTemplate\":\"https:\\\/\\\/www.itakaescolapios.org\\\/fr\\\/es\\\/?s={search_term_string}\"},\"query-input\":{\"@type\":\"PropertyValueSpecification\",\"valueRequired\":true,\"valueName\":\"search_term_string\"}}],\"inLanguage\":\"fr-FR\"},{\"@type\":\"Organization\",\"@id\":\"https:\\\/\\\/www.itakaescolapios.org\\\/fr\\\/es\\\/#organization\",\"name\":\"Fundaci\u00f3 Itaka-Escolapios\",\"url\":\"https:\\\/\\\/www.itakaescolapios.org\\\/fr\\\/es\\\/\",\"logo\":{\"@type\":\"ImageObject\",\"inLanguage\":\"fr-FR\",\"@id\":\"https:\\\/\\\/www.itakaescolapios.org\\\/fr\\\/es\\\/#\\\/schema\\\/logo\\\/image\\\/\",\"url\":\"https:\\\/\\\/www.itakaescolapios.org\\\/wp-content\\\/uploads\\\/2024\\\/04\\\/Logo-itakaescolapios-peque.png\",\"contentUrl\":\"https:\\\/\\\/www.itakaescolapios.org\\\/wp-content\\\/uploads\\\/2024\\\/04\\\/Logo-itakaescolapios-peque.png\",\"width\":500,\"height\":199,\"caption\":\"Fundaci\u00f3 Itaka-Escolapios\"},\"image\":{\"@id\":\"https:\\\/\\\/www.itakaescolapios.org\\\/fr\\\/es\\\/#\\\/schema\\\/logo\\\/image\\\/\"}},{\"@type\":\"Person\",\"@id\":\"https:\\\/\\\/www.itakaescolapios.org\\\/es\\\/#\\\/schema\\\/person\\\/d2844383e29bfdfef69039672ce14eb1\",\"name\":\"cameroun01\",\"url\":\"https:\\\/\\\/www.itakaescolapios.org\\\/fr\\\/author\\\/cameroun01\\\/\"}]}<\/script>\n<!-- \/ Yoast SEO plugin. -->","yoast_head_json":{"title":"JOURNEES PORTES OUVERTES AU COLLEGE POLYVALENT CALASANZ DE BANDJOUN","description":"En ce jour, les \u00e9l\u00e8ves du COPOCALASANZ montre leur savoir-faire au public. sur la photo nous avons un four moderne qui sert en m\u00eame temps \u00e0 faire des braises et de foyer. ce four est fabriqu\u00e9 par l'atelier Fabrication m\u00e9tallique\/ chaudronnerie;","robots":{"index":"index","follow":"follow","max-snippet":"max-snippet:-1","max-image-preview":"max-image-preview:large","max-video-preview":"max-video-preview:-1"},"canonical":"En ce jour, les \u00e9l\u00e8ves du COPOCALASANZ montre leur savoir-faire au public. sur la photo nous avons un four moderne qui sert en m\u00eame temps \u00e0 faire des braises et de foyer. ce four est fabriqu\u00e9 par l'atelier Fabrication m\u00e9tallique\/ chaudronnerie;","og_locale":"fr_FR","og_type":"article","og_title":"JOURNEES PORTES OUVERTES AU COLLEGE POLYVALENT CALASANZ DE BANDJOUN","og_description":"En ce jour, les \u00e9l\u00e8ves du COPOCALASANZ montre leur savoir-faire au public. sur la photo nous avons un four moderne qui sert en m\u00eame temps \u00e0 faire des braises et de foyer. ce four est fabriqu\u00e9 par l'atelier Fabrication m\u00e9tallique\/ chaudronnerie;","og_url":"https:\/\/www.itakaescolapios.org\/fr\/2020\/03\/journees-portes-ouvertes-au-college-polyvalent-calasanz-de-bandjoun\/","og_site_name":"Itaka-Escolapios","article_published_time":"2020-03-12T09:40:40+00:00","article_modified_time":"2023-11-28T11:36:27+00:00","og_image":[{"width":844,"height":1500,"url":"https:\/\/www.itakaescolapios.org\/wp-content\/uploads\/2020\/03\/IMG_0048-e1584109056384.jpg","type":"image\/jpeg"}],"author":"cameroun01","twitter_card":"summary_large_image","twitter_misc":{"\u00c9crit par":"cameroun01"},"schema":{"@context":"https:\/\/schema.org","@graph":[{"@type":"Article","@id":"https:\/\/www.itakaescolapios.org\/fr\/2020\/03\/journees-portes-ouvertes-au-college-polyvalent-calasanz-de-bandjoun\/#article","isPartOf":{"@id":"https:\/\/www.itakaescolapios.org\/fr\/2020\/03\/journees-portes-ouvertes-au-college-polyvalent-calasanz-de-bandjoun\/"},"author":{"name":"cameroun01","@id":"https:\/\/www.itakaescolapios.org\/es\/#\/schema\/person\/d2844383e29bfdfef69039672ce14eb1"},"headline":"JOURNEES PORTES OUVERTES AU COLLEGE POLYVALENT CALASANZ DE BANDJOUN","datePublished":"2020-03-12T09:40:40+00:00","dateModified":"2023-11-28T11:36:27+00:00","mainEntityOfPage":{"@id":"https:\/\/www.itakaescolapios.org\/fr\/2020\/03\/journees-portes-ouvertes-au-college-polyvalent-calasanz-de-bandjoun\/"},"wordCount":53,"publisher":{"@id":"https:\/\/www.itakaescolapios.org\/es\/#organization"},"image":{"@id":"https:\/\/www.itakaescolapios.org\/fr\/2020\/03\/journees-portes-ouvertes-au-college-polyvalent-calasanz-de-bandjoun\/#primaryimage"},"thumbnailUrl":"https:\/\/www.itakaescolapios.org\/wp-content\/uploads\/2020\/03\/IMG_0048-e1584109056384.jpg","articleSection":["Afrique centrale"],"inLanguage":"fr-FR"},{"@type":"WebPage","@id":"https:\/\/www.itakaescolapios.org\/fr\/2020\/03\/journees-portes-ouvertes-au-college-polyvalent-calasanz-de-bandjoun\/","url":"https:\/\/www.itakaescolapios.org\/fr\/2020\/03\/journees-portes-ouvertes-au-college-polyvalent-calasanz-de-bandjoun\/","name":"JOURNEES PORTES OUVERTES AU COLLEGE POLYVALENT CALASANZ DE BANDJOUN - Itaka-Escolapios","isPartOf":{"@id":"https:\/\/www.itakaescolapios.org\/es\/#website"},"primaryImageOfPage":{"@id":"https:\/\/www.itakaescolapios.org\/fr\/2020\/03\/journees-portes-ouvertes-au-college-polyvalent-calasanz-de-bandjoun\/#primaryimage"},"image":{"@id":"https:\/\/www.itakaescolapios.org\/fr\/2020\/03\/journees-portes-ouvertes-au-college-polyvalent-calasanz-de-bandjoun\/#primaryimage"},"thumbnailUrl":"https:\/\/www.itakaescolapios.org\/wp-content\/uploads\/2020\/03\/IMG_0048-e1584109056384.jpg","datePublished":"2020-03-12T09:40:40+00:00","dateModified":"2023-11-28T11:36:27+00:00","breadcrumb":{"@id":"https:\/\/www.itakaescolapios.org\/fr\/2020\/03\/journees-portes-ouvertes-au-college-polyvalent-calasanz-de-bandjoun\/#breadcrumb"},"inLanguage":"fr-FR","potentialAction":[{"@type":"ReadAction","target":["https:\/\/www.itakaescolapios.org\/fr\/2020\/03\/journees-portes-ouvertes-au-college-polyvalent-calasanz-de-bandjoun\/"]}]},{"@type":"ImageObject","inLanguage":"fr-FR","@id":"https:\/\/www.itakaescolapios.org\/fr\/2020\/03\/journees-portes-ouvertes-au-college-polyvalent-calasanz-de-bandjoun\/#primaryimage","url":"https:\/\/www.itakaescolapios.org\/wp-content\/uploads\/2020\/03\/IMG_0048-e1584109056384.jpg","contentUrl":"https:\/\/www.itakaescolapios.org\/wp-content\/uploads\/2020\/03\/IMG_0048-e1584109056384.jpg","width":844,"height":1500},{"@type":"BreadcrumbList","@id":"https:\/\/www.itakaescolapios.org\/fr\/2020\/03\/journees-portes-ouvertes-au-college-polyvalent-calasanz-de-bandjoun\/#breadcrumb","itemListElement":[{"@type":"ListItem","position":1,"name":"Itaka-Escolapios","item":"https:\/\/www.itakaescolapios.org\/es\/"},{"@type":"ListItem","position":2,"name":"JOURNEES PORTES OUVERTES AU COLLEGE POLYVALENT CALASANZ DE BANDJOUN"}]},{"@type":"WebSite","@id":"https:\/\/www.itakaescolapios.org\/fr\/es\/#website","url":"https:\/\/www.itakaescolapios.org\/fr\/es\/","name":"Itaka-Escolapios","description":"Red de Itaka-Escolapios","publisher":{"@id":"https:\/\/www.itakaescolapios.org\/fr\/es\/#organization"},"potentialAction":[{"@type":"SearchAction","target":{"@type":"EntryPoint","urlTemplate":"https:\/\/www.itakaescolapios.org\/fr\/es\/?s={search_term_string}"},"query-input":{"@type":"PropertyValueSpecification","valueRequired":true,"valueName":"search_term_string"}}],"inLanguage":"fr-FR"},{"@type":"Organization","@id":"https:\/\/www.itakaescolapios.org\/fr\/es\/#organization","name":"Fundaci\u00f3 Itaka-Escolapios","url":"https:\/\/www.itakaescolapios.org\/fr\/es\/","logo":{"@type":"ImageObject","inLanguage":"fr-FR","@id":"https:\/\/www.itakaescolapios.org\/fr\/es\/#\/schema\/logo\/image\/","url":"https:\/\/www.itakaescolapios.org\/wp-content\/uploads\/2024\/04\/Logo-itakaescolapios-peque.png","contentUrl":"https:\/\/www.itakaescolapios.org\/wp-content\/uploads\/2024\/04\/Logo-itakaescolapios-peque.png","width":500,"height":199,"caption":"Fundaci\u00f3 Itaka-Escolapios"},"image":{"@id":"https:\/\/www.itakaescolapios.org\/fr\/es\/#\/schema\/logo\/image\/"}},{"@type":"Person","@id":"https:\/\/www.itakaescolapios.org\/es\/#\/schema\/person\/d2844383e29bfdfef69039672ce14eb1","name":"cameroun01","url":"https:\/\/www.itakaescolapios.org\/fr\/author\/cameroun01\/"}]}},"_links":{"self":[{"href":"https:\/\/www.itakaescolapios.org\/fr\/wp-json\/wp\/v2\/posts\/30237","targetHints":{"allow":["GET"]}}],"collection":[{"href":"https:\/\/www.itakaescolapios.org\/fr\/wp-json\/wp\/v2\/posts"}],"about":[{"href":"https:\/\/www.itakaescolapios.org\/fr\/wp-json\/wp\/v2\/types\/post"}],"author":[{"embeddable":true,"href":"https:\/\/www.itakaescolapios.org\/fr\/wp-json\/wp\/v2\/users\/15"}],"replies":[{"embeddable":true,"href":"https:\/\/www.itakaescolapios.org\/fr\/wp-json\/wp\/v2\/comments?post=30237"}],"version-history":[{"count":3,"href":"https:\/\/www.itakaescolapios.org\/fr\/wp-json\/wp\/v2\/posts\/30237\/revisions"}],"predecessor-version":[{"id":45010,"href":"https:\/\/www.itakaescolapios.org\/fr\/wp-json\/wp\/v2\/posts\/30237\/revisions\/45010"}],"wp:featuredmedia":[{"embeddable":true,"href":"https:\/\/www.itakaescolapios.org\/fr\/wp-json\/wp\/v2\/media\/30238"}],"wp:attachment":[{"href":"https:\/\/www.itakaescolapios.org\/fr\/wp-json\/wp\/v2\/media?parent=30237"}],"wp:term":[{"taxonomy":"category","embeddable":true,"href":"https:\/\/www.itakaescolapios.org\/fr\/wp-json\/wp\/v2\/categories?post=30237"},{"taxonomy":"post_tag","embeddable":true,"href":"https:\/\/www.itakaescolapios.org\/fr\/wp-json\/wp\/v2\/tags?post=30237"}],"curies":[{"name":"wp","href":"https:\/\/api.w.org\/{rel}","templated":true}]}}