{"id":3043,"date":"2012-09-10T15:34:06","date_gmt":"2012-09-10T14:34:06","guid":{"rendered":"https:\/\/www.itakaescolapios.org\/?p=3043"},"modified":"2023-11-28T12:39:38","modified_gmt":"2023-11-28T11:39:38","slug":"nueva-liberada-en-bafia-itaka-escolapios-camerun-sigue-creciendo","status":"publish","type":"post","link":"https:\/\/www.itakaescolapios.org\/fr\/2012\/09\/nueva-liberada-en-bafia-itaka-escolapios-camerun-sigue-creciendo\/","title":{"rendered":"Nouvelle employ\u00e9e \u00e0 Bafia. Le processus de croissance d\u2019Itaka-Escolapios Cameroun se poursuit."},"content":{"rendered":"<p>Afin d\u2019assurer un suivi efficace des nombreuses activit\u00e9s des \u0153uvres de la mission piariste au Cameroun, il est important que les ressources humaines s\u2019adaptent \u00e9galement \u00e0 cette \u00e9volution. Depuis le mois d\u2019ao\u00fbt dernier, Lucie MENYENGUE a \u00e9t\u00e9 recrut\u00e9e pour appuyer dans les domaines de l\u2019administration et de la gestion des \u0153uvres de Bafia. Elle s\u2019occupera particuli\u00e8rement de la gestion financi\u00e8re et administrative de l\u2019\u00e9cole de Bafia ainsi que du bureau d\u2019Itaka-Escolapios dans cette ville.<\/p>\n<p>Relevons qu\u2019en plus du bureau central de Yaound\u00e9, deux personnes-contact assurent d\u00e9j\u00e0 la pr\u00e9sence d\u2019Itaka-Escolapios \u00e0 Bamenda et Bamendjou. Certainement, des bureaux y seront ouverts dans le futur.<\/p>\n<p>&nbsp;<\/p>\n","protected":false},"excerpt":{"rendered":"<p>Afin d\u2019assurer un suivi efficace des nombreuses activit\u00e9s des \u0153uvres de la mission piariste au Cameroun, il est important que les ressources humaines s\u2019adaptent \u00e9galement \u00e0 cette \u00e9volution. Depuis le [&hellip;]<\/p>\n","protected":false},"author":3,"featured_media":3044,"comment_status":"closed","ping_status":"closed","sticky":false,"template":"","format":"standard","meta":{"_et_pb_use_builder":"","_et_pb_old_content":"","_et_gb_content_width":"","footnotes":""},"categories":[10],"tags":[],"class_list":["post-3043","post","type-post","status-publish","format-standard","has-post-thumbnail","hentry","category-camerun"],"yoast_head":"<!-- This site is optimized with the Yoast SEO plugin v27.4 - https:\/\/yoast.com\/product\/yoast-seo-wordpress\/ -->\n<title>Nouvelle employ\u00e9e \u00e0 Bafia. Le processus de croissance d\u2019Itaka-Escolapios Cameroun se poursuit.<\/title>\n<meta name=\"description\" content=\"Afin d\u2019assurer un suivi efficace des nombreuses activit\u00e9s des \u0153uvres de la mission piariste au Cameroun, il est important que les ressources humaines s\u2019adaptent \u00e9galement \u00e0 cette \u00e9volution. Depuis le mois d\u2019ao\u00fbt dernier, Lucie MENYENGUE a \u00e9t\u00e9 recrut\u00e9e pour appuyer dans les domaines de l\u2019administration et de la gestion des \u0153uvres de Bafia. Elle s\u2019occupera\u2026\" \/>\n<meta name=\"robots\" content=\"index, follow, max-snippet:-1, max-image-preview:large, max-video-preview:-1\" \/>\n<link rel=\"canonical\" href=\"http:\/\/Afin%20d\u2019assurer%20un%20suivi%20efficace%20des%20nombreuses%20activit\u00e9s%20des%20\u0153uvres%20de%20la%20mission%20piariste%20au%20Cameroun,%20il%20est%20important%20que%20les%20ressources%20humaines%20s\u2019adaptent%20\u00e9galement%20\u00e0%20cette%20\u00e9volution.%20Depuis%20le%20mois%20d\u2019ao\u00fbt%20dernier,%20Lucie%20MENYENGUE%20a%20\u00e9t\u00e9%20recrut\u00e9e%20pour%20appuyer%20dans%20les%20domaines%20de%20l\u2019administration%20et%20de%20la%20gestion%20des%20\u0153uvres%20de%20Bafia.%20Elle%20s\u2019occupera\u2026\" \/>\n<meta property=\"og:locale\" content=\"fr_FR\" \/>\n<meta property=\"og:type\" content=\"article\" \/>\n<meta property=\"og:title\" content=\"Nouvelle employ\u00e9e \u00e0 Bafia. Le processus de croissance d\u2019Itaka-Escolapios Cameroun se poursuit.\" \/>\n<meta property=\"og:description\" content=\"Afin d\u2019assurer un suivi efficace des nombreuses activit\u00e9s des \u0153uvres de la mission piariste au Cameroun, il est important que les ressources humaines s\u2019adaptent \u00e9galement \u00e0 cette \u00e9volution. Depuis le mois d\u2019ao\u00fbt dernier, Lucie MENYENGUE a \u00e9t\u00e9 recrut\u00e9e pour appuyer dans les domaines de l\u2019administration et de la gestion des \u0153uvres de Bafia. Elle s\u2019occupera\u2026\" \/>\n<meta property=\"og:url\" content=\"https:\/\/www.itakaescolapios.org\/fr\/2012\/09\/nueva-liberada-en-bafia-itaka-escolapios-camerun-sigue-creciendo\/\" \/>\n<meta property=\"og:site_name\" content=\"Itaka-Escolapios\" \/>\n<meta property=\"article:published_time\" content=\"2012-09-10T14:34:06+00:00\" \/>\n<meta property=\"article:modified_time\" content=\"2023-11-28T11:39:38+00:00\" \/>\n<meta property=\"og:image\" content=\"https:\/\/www.itakaescolapios.org\/wp-content\/uploads\/2012\/09\/NUEVA-LIBERADA.jpg\" \/>\n\t<meta property=\"og:image:width\" content=\"1024\" \/>\n\t<meta property=\"og:image:height\" content=\"768\" \/>\n\t<meta property=\"og:image:type\" content=\"image\/jpeg\" \/>\n<meta name=\"author\" content=\"Bilbao\" \/>\n<meta name=\"twitter:card\" content=\"summary_large_image\" \/>\n<meta name=\"twitter:label1\" content=\"\u00c9crit par\" \/>\n\t<meta name=\"twitter:data1\" content=\"Bilbao\" \/>\n\t<meta name=\"twitter:label2\" content=\"Dur\u00e9e de lecture estim\u00e9e\" \/>\n\t<meta name=\"twitter:data2\" content=\"1 minute\" \/>\n<script type=\"application\/ld+json\" class=\"yoast-schema-graph\">{\"@context\":\"https:\\\/\\\/schema.org\",\"@graph\":[{\"@type\":\"Article\",\"@id\":\"https:\\\/\\\/www.itakaescolapios.org\\\/fr\\\/2012\\\/09\\\/nueva-liberada-en-bafia-itaka-escolapios-camerun-sigue-creciendo\\\/#article\",\"isPartOf\":{\"@id\":\"https:\\\/\\\/www.itakaescolapios.org\\\/fr\\\/2012\\\/09\\\/nueva-liberada-en-bafia-itaka-escolapios-camerun-sigue-creciendo\\\/\"},\"author\":{\"name\":\"Bilbao\",\"@id\":\"https:\\\/\\\/www.itakaescolapios.org\\\/es\\\/#\\\/schema\\\/person\\\/d5b530ea20cbfbbd734611b2591f590c\"},\"headline\":\"Nouvelle employ\u00e9e \u00e0 Bafia. Le processus de croissance d\u2019Itaka-Escolapios Cameroun se poursuit.\",\"datePublished\":\"2012-09-10T14:34:06+00:00\",\"dateModified\":\"2023-11-28T11:39:38+00:00\",\"mainEntityOfPage\":{\"@id\":\"https:\\\/\\\/www.itakaescolapios.org\\\/fr\\\/2012\\\/09\\\/nueva-liberada-en-bafia-itaka-escolapios-camerun-sigue-creciendo\\\/\"},\"wordCount\":152,\"publisher\":{\"@id\":\"https:\\\/\\\/www.itakaescolapios.org\\\/es\\\/#organization\"},\"image\":{\"@id\":\"https:\\\/\\\/www.itakaescolapios.org\\\/fr\\\/2012\\\/09\\\/nueva-liberada-en-bafia-itaka-escolapios-camerun-sigue-creciendo\\\/#primaryimage\"},\"thumbnailUrl\":\"https:\\\/\\\/www.itakaescolapios.org\\\/wp-content\\\/uploads\\\/2012\\\/09\\\/NUEVA-LIBERADA.jpg\",\"articleSection\":[\"Cameroun\"],\"inLanguage\":\"fr-FR\"},{\"@type\":\"WebPage\",\"@id\":\"https:\\\/\\\/www.itakaescolapios.org\\\/fr\\\/2012\\\/09\\\/nueva-liberada-en-bafia-itaka-escolapios-camerun-sigue-creciendo\\\/\",\"url\":\"https:\\\/\\\/www.itakaescolapios.org\\\/fr\\\/2012\\\/09\\\/nueva-liberada-en-bafia-itaka-escolapios-camerun-sigue-creciendo\\\/\",\"name\":\"Nueva liberada en Bafia. Itaka-Escolapios Camer\u00fan sigue creciendo. - Itaka-Escolapios\",\"isPartOf\":{\"@id\":\"https:\\\/\\\/www.itakaescolapios.org\\\/es\\\/#website\"},\"primaryImageOfPage\":{\"@id\":\"https:\\\/\\\/www.itakaescolapios.org\\\/fr\\\/2012\\\/09\\\/nueva-liberada-en-bafia-itaka-escolapios-camerun-sigue-creciendo\\\/#primaryimage\"},\"image\":{\"@id\":\"https:\\\/\\\/www.itakaescolapios.org\\\/fr\\\/2012\\\/09\\\/nueva-liberada-en-bafia-itaka-escolapios-camerun-sigue-creciendo\\\/#primaryimage\"},\"thumbnailUrl\":\"https:\\\/\\\/www.itakaescolapios.org\\\/wp-content\\\/uploads\\\/2012\\\/09\\\/NUEVA-LIBERADA.jpg\",\"datePublished\":\"2012-09-10T14:34:06+00:00\",\"dateModified\":\"2023-11-28T11:39:38+00:00\",\"breadcrumb\":{\"@id\":\"https:\\\/\\\/www.itakaescolapios.org\\\/fr\\\/2012\\\/09\\\/nueva-liberada-en-bafia-itaka-escolapios-camerun-sigue-creciendo\\\/#breadcrumb\"},\"inLanguage\":\"fr-FR\",\"potentialAction\":[{\"@type\":\"ReadAction\",\"target\":[\"https:\\\/\\\/www.itakaescolapios.org\\\/fr\\\/2012\\\/09\\\/nueva-liberada-en-bafia-itaka-escolapios-camerun-sigue-creciendo\\\/\"]}]},{\"@type\":\"ImageObject\",\"inLanguage\":\"fr-FR\",\"@id\":\"https:\\\/\\\/www.itakaescolapios.org\\\/fr\\\/2012\\\/09\\\/nueva-liberada-en-bafia-itaka-escolapios-camerun-sigue-creciendo\\\/#primaryimage\",\"url\":\"https:\\\/\\\/www.itakaescolapios.org\\\/wp-content\\\/uploads\\\/2012\\\/09\\\/NUEVA-LIBERADA.jpg\",\"contentUrl\":\"https:\\\/\\\/www.itakaescolapios.org\\\/wp-content\\\/uploads\\\/2012\\\/09\\\/NUEVA-LIBERADA.jpg\",\"width\":\"1024\",\"height\":\"768\"},{\"@type\":\"BreadcrumbList\",\"@id\":\"https:\\\/\\\/www.itakaescolapios.org\\\/fr\\\/2012\\\/09\\\/nueva-liberada-en-bafia-itaka-escolapios-camerun-sigue-creciendo\\\/#breadcrumb\",\"itemListElement\":[{\"@type\":\"ListItem\",\"position\":1,\"name\":\"Itaka-Escolapios\",\"item\":\"https:\\\/\\\/www.itakaescolapios.org\\\/es\\\/\"},{\"@type\":\"ListItem\",\"position\":2,\"name\":\"Nouvelle employ\u00e9e \u00e0 Bafia. Le processus de croissance d\u2019Itaka-Escolapios Cameroun se poursuit.\"}]},{\"@type\":\"WebSite\",\"@id\":\"https:\\\/\\\/www.itakaescolapios.org\\\/fr\\\/es\\\/#website\",\"url\":\"https:\\\/\\\/www.itakaescolapios.org\\\/fr\\\/es\\\/\",\"name\":\"Itaka-Escolapios\",\"description\":\"Red de Itaka-Escolapios\",\"publisher\":{\"@id\":\"https:\\\/\\\/www.itakaescolapios.org\\\/fr\\\/es\\\/#organization\"},\"potentialAction\":[{\"@type\":\"SearchAction\",\"target\":{\"@type\":\"EntryPoint\",\"urlTemplate\":\"https:\\\/\\\/www.itakaescolapios.org\\\/fr\\\/es\\\/?s={search_term_string}\"},\"query-input\":{\"@type\":\"PropertyValueSpecification\",\"valueRequired\":true,\"valueName\":\"search_term_string\"}}],\"inLanguage\":\"fr-FR\"},{\"@type\":\"Organization\",\"@id\":\"https:\\\/\\\/www.itakaescolapios.org\\\/fr\\\/es\\\/#organization\",\"name\":\"Fundaci\u00f3 Itaka-Escolapios\",\"url\":\"https:\\\/\\\/www.itakaescolapios.org\\\/fr\\\/es\\\/\",\"logo\":{\"@type\":\"ImageObject\",\"inLanguage\":\"fr-FR\",\"@id\":\"https:\\\/\\\/www.itakaescolapios.org\\\/fr\\\/es\\\/#\\\/schema\\\/logo\\\/image\\\/\",\"url\":\"https:\\\/\\\/www.itakaescolapios.org\\\/wp-content\\\/uploads\\\/2024\\\/04\\\/Logo-itakaescolapios-peque.png\",\"contentUrl\":\"https:\\\/\\\/www.itakaescolapios.org\\\/wp-content\\\/uploads\\\/2024\\\/04\\\/Logo-itakaescolapios-peque.png\",\"width\":500,\"height\":199,\"caption\":\"Fundaci\u00f3 Itaka-Escolapios\"},\"image\":{\"@id\":\"https:\\\/\\\/www.itakaescolapios.org\\\/fr\\\/es\\\/#\\\/schema\\\/logo\\\/image\\\/\"}},{\"@type\":\"Person\",\"@id\":\"https:\\\/\\\/www.itakaescolapios.org\\\/es\\\/#\\\/schema\\\/person\\\/d5b530ea20cbfbbd734611b2591f590c\",\"name\":\"Bilbao\",\"url\":\"https:\\\/\\\/www.itakaescolapios.org\\\/fr\\\/author\\\/bilbao\\\/\"}]}<\/script>\n<!-- \/ Yoast SEO plugin. -->","yoast_head_json":{"title":"Nouvelle employ\u00e9e \u00e0 Bafia. Le processus de croissance d\u2019Itaka-Escolapios Cameroun se poursuit.","description":"Afin d\u2019assurer un suivi efficace des nombreuses activit\u00e9s des \u0153uvres de la mission piariste au Cameroun, il est important que les ressources humaines s\u2019adaptent \u00e9galement \u00e0 cette \u00e9volution. Depuis le mois d\u2019ao\u00fbt dernier, Lucie MENYENGUE a \u00e9t\u00e9 recrut\u00e9e pour appuyer dans les domaines de l\u2019administration et de la gestion des \u0153uvres de Bafia. Elle s\u2019occupera\u2026","robots":{"index":"index","follow":"follow","max-snippet":"max-snippet:-1","max-image-preview":"max-image-preview:large","max-video-preview":"max-video-preview:-1"},"canonical":"Afin d\u2019assurer un suivi efficace des nombreuses activit\u00e9s des \u0153uvres de la mission piariste au Cameroun, il est important que les ressources humaines s\u2019adaptent \u00e9galement \u00e0 cette \u00e9volution. Depuis le mois d\u2019ao\u00fbt dernier, Lucie MENYENGUE a \u00e9t\u00e9 recrut\u00e9e pour appuyer dans les domaines de l\u2019administration et de la gestion des \u0153uvres de Bafia. Elle s\u2019occupera\u2026","og_locale":"fr_FR","og_type":"article","og_title":"Nouvelle employ\u00e9e \u00e0 Bafia. Le processus de croissance d\u2019Itaka-Escolapios Cameroun se poursuit.","og_description":"Afin d\u2019assurer un suivi efficace des nombreuses activit\u00e9s des \u0153uvres de la mission piariste au Cameroun, il est important que les ressources humaines s\u2019adaptent \u00e9galement \u00e0 cette \u00e9volution. Depuis le mois d\u2019ao\u00fbt dernier, Lucie MENYENGUE a \u00e9t\u00e9 recrut\u00e9e pour appuyer dans les domaines de l\u2019administration et de la gestion des \u0153uvres de Bafia. Elle s\u2019occupera\u2026","og_url":"https:\/\/www.itakaescolapios.org\/fr\/2012\/09\/nueva-liberada-en-bafia-itaka-escolapios-camerun-sigue-creciendo\/","og_site_name":"Itaka-Escolapios","article_published_time":"2012-09-10T14:34:06+00:00","article_modified_time":"2023-11-28T11:39:38+00:00","og_image":[{"width":1024,"height":768,"url":"https:\/\/www.itakaescolapios.org\/wp-content\/uploads\/2012\/09\/NUEVA-LIBERADA.jpg","type":"image\/jpeg"}],"author":"Bilbao","twitter_card":"summary_large_image","twitter_misc":{"\u00c9crit par":"Bilbao","Dur\u00e9e de lecture estim\u00e9e":"1 minute"},"schema":{"@context":"https:\/\/schema.org","@graph":[{"@type":"Article","@id":"https:\/\/www.itakaescolapios.org\/fr\/2012\/09\/nueva-liberada-en-bafia-itaka-escolapios-camerun-sigue-creciendo\/#article","isPartOf":{"@id":"https:\/\/www.itakaescolapios.org\/fr\/2012\/09\/nueva-liberada-en-bafia-itaka-escolapios-camerun-sigue-creciendo\/"},"author":{"name":"Bilbao","@id":"https:\/\/www.itakaescolapios.org\/es\/#\/schema\/person\/d5b530ea20cbfbbd734611b2591f590c"},"headline":"Nouvelle employ\u00e9e \u00e0 Bafia. Le processus de croissance d\u2019Itaka-Escolapios Cameroun se poursuit.","datePublished":"2012-09-10T14:34:06+00:00","dateModified":"2023-11-28T11:39:38+00:00","mainEntityOfPage":{"@id":"https:\/\/www.itakaescolapios.org\/fr\/2012\/09\/nueva-liberada-en-bafia-itaka-escolapios-camerun-sigue-creciendo\/"},"wordCount":152,"publisher":{"@id":"https:\/\/www.itakaescolapios.org\/es\/#organization"},"image":{"@id":"https:\/\/www.itakaescolapios.org\/fr\/2012\/09\/nueva-liberada-en-bafia-itaka-escolapios-camerun-sigue-creciendo\/#primaryimage"},"thumbnailUrl":"https:\/\/www.itakaescolapios.org\/wp-content\/uploads\/2012\/09\/NUEVA-LIBERADA.jpg","articleSection":["Cameroun"],"inLanguage":"fr-FR"},{"@type":"WebPage","@id":"https:\/\/www.itakaescolapios.org\/fr\/2012\/09\/nueva-liberada-en-bafia-itaka-escolapios-camerun-sigue-creciendo\/","url":"https:\/\/www.itakaescolapios.org\/fr\/2012\/09\/nueva-liberada-en-bafia-itaka-escolapios-camerun-sigue-creciendo\/","name":"Nueva liberada en Bafia. Itaka-Escolapios Camer\u00fan sigue creciendo. - Itaka-Escolapios","isPartOf":{"@id":"https:\/\/www.itakaescolapios.org\/es\/#website"},"primaryImageOfPage":{"@id":"https:\/\/www.itakaescolapios.org\/fr\/2012\/09\/nueva-liberada-en-bafia-itaka-escolapios-camerun-sigue-creciendo\/#primaryimage"},"image":{"@id":"https:\/\/www.itakaescolapios.org\/fr\/2012\/09\/nueva-liberada-en-bafia-itaka-escolapios-camerun-sigue-creciendo\/#primaryimage"},"thumbnailUrl":"https:\/\/www.itakaescolapios.org\/wp-content\/uploads\/2012\/09\/NUEVA-LIBERADA.jpg","datePublished":"2012-09-10T14:34:06+00:00","dateModified":"2023-11-28T11:39:38+00:00","breadcrumb":{"@id":"https:\/\/www.itakaescolapios.org\/fr\/2012\/09\/nueva-liberada-en-bafia-itaka-escolapios-camerun-sigue-creciendo\/#breadcrumb"},"inLanguage":"fr-FR","potentialAction":[{"@type":"ReadAction","target":["https:\/\/www.itakaescolapios.org\/fr\/2012\/09\/nueva-liberada-en-bafia-itaka-escolapios-camerun-sigue-creciendo\/"]}]},{"@type":"ImageObject","inLanguage":"fr-FR","@id":"https:\/\/www.itakaescolapios.org\/fr\/2012\/09\/nueva-liberada-en-bafia-itaka-escolapios-camerun-sigue-creciendo\/#primaryimage","url":"https:\/\/www.itakaescolapios.org\/wp-content\/uploads\/2012\/09\/NUEVA-LIBERADA.jpg","contentUrl":"https:\/\/www.itakaescolapios.org\/wp-content\/uploads\/2012\/09\/NUEVA-LIBERADA.jpg","width":"1024","height":"768"},{"@type":"BreadcrumbList","@id":"https:\/\/www.itakaescolapios.org\/fr\/2012\/09\/nueva-liberada-en-bafia-itaka-escolapios-camerun-sigue-creciendo\/#breadcrumb","itemListElement":[{"@type":"ListItem","position":1,"name":"Itaka-Escolapios","item":"https:\/\/www.itakaescolapios.org\/es\/"},{"@type":"ListItem","position":2,"name":"Nouvelle employ\u00e9e \u00e0 Bafia. Le processus de croissance d\u2019Itaka-Escolapios Cameroun se poursuit."}]},{"@type":"WebSite","@id":"https:\/\/www.itakaescolapios.org\/fr\/es\/#website","url":"https:\/\/www.itakaescolapios.org\/fr\/es\/","name":"Itaka-Escolapios","description":"Red de Itaka-Escolapios","publisher":{"@id":"https:\/\/www.itakaescolapios.org\/fr\/es\/#organization"},"potentialAction":[{"@type":"SearchAction","target":{"@type":"EntryPoint","urlTemplate":"https:\/\/www.itakaescolapios.org\/fr\/es\/?s={search_term_string}"},"query-input":{"@type":"PropertyValueSpecification","valueRequired":true,"valueName":"search_term_string"}}],"inLanguage":"fr-FR"},{"@type":"Organization","@id":"https:\/\/www.itakaescolapios.org\/fr\/es\/#organization","name":"Fundaci\u00f3 Itaka-Escolapios","url":"https:\/\/www.itakaescolapios.org\/fr\/es\/","logo":{"@type":"ImageObject","inLanguage":"fr-FR","@id":"https:\/\/www.itakaescolapios.org\/fr\/es\/#\/schema\/logo\/image\/","url":"https:\/\/www.itakaescolapios.org\/wp-content\/uploads\/2024\/04\/Logo-itakaescolapios-peque.png","contentUrl":"https:\/\/www.itakaescolapios.org\/wp-content\/uploads\/2024\/04\/Logo-itakaescolapios-peque.png","width":500,"height":199,"caption":"Fundaci\u00f3 Itaka-Escolapios"},"image":{"@id":"https:\/\/www.itakaescolapios.org\/fr\/es\/#\/schema\/logo\/image\/"}},{"@type":"Person","@id":"https:\/\/www.itakaescolapios.org\/es\/#\/schema\/person\/d5b530ea20cbfbbd734611b2591f590c","name":"Bilbao","url":"https:\/\/www.itakaescolapios.org\/fr\/author\/bilbao\/"}]}},"_links":{"self":[{"href":"https:\/\/www.itakaescolapios.org\/fr\/wp-json\/wp\/v2\/posts\/3043","targetHints":{"allow":["GET"]}}],"collection":[{"href":"https:\/\/www.itakaescolapios.org\/fr\/wp-json\/wp\/v2\/posts"}],"about":[{"href":"https:\/\/www.itakaescolapios.org\/fr\/wp-json\/wp\/v2\/types\/post"}],"author":[{"embeddable":true,"href":"https:\/\/www.itakaescolapios.org\/fr\/wp-json\/wp\/v2\/users\/3"}],"replies":[{"embeddable":true,"href":"https:\/\/www.itakaescolapios.org\/fr\/wp-json\/wp\/v2\/comments?post=3043"}],"version-history":[{"count":4,"href":"https:\/\/www.itakaescolapios.org\/fr\/wp-json\/wp\/v2\/posts\/3043\/revisions"}],"predecessor-version":[{"id":50025,"href":"https:\/\/www.itakaescolapios.org\/fr\/wp-json\/wp\/v2\/posts\/3043\/revisions\/50025"}],"wp:featuredmedia":[{"embeddable":true,"href":"https:\/\/www.itakaescolapios.org\/fr\/wp-json\/wp\/v2\/media\/3044"}],"wp:attachment":[{"href":"https:\/\/www.itakaescolapios.org\/fr\/wp-json\/wp\/v2\/media?parent=3043"}],"wp:term":[{"taxonomy":"category","embeddable":true,"href":"https:\/\/www.itakaescolapios.org\/fr\/wp-json\/wp\/v2\/categories?post=3043"},{"taxonomy":"post_tag","embeddable":true,"href":"https:\/\/www.itakaescolapios.org\/fr\/wp-json\/wp\/v2\/tags?post=3043"}],"curies":[{"name":"wp","href":"https:\/\/api.w.org\/{rel}","templated":true}]}}