{"id":30445,"date":"2020-04-13T12:19:18","date_gmt":"2020-04-13T11:19:18","guid":{"rendered":"https:\/\/www.itakaescolapios.org\/?p=30445"},"modified":"2023-11-28T12:36:24","modified_gmt":"2023-11-28T11:36:24","slug":"estamos-en-campana-solidaria-cada-uno-desde-su-casa","status":"publish","type":"post","link":"https:\/\/www.itakaescolapios.org\/fr\/2020\/04\/estamos-en-campana-solidaria-cada-uno-desde-su-casa\/","title":{"rendered":"ESTAMOS EN CAMPA\u00d1A SOLIDARIA... CADA UNO DESDE SU CASA"},"content":{"rendered":"<p>La situaci\u00f3n actual de cuarentena, de aislamiento social, no impide que podamos continuar con la Campa\u00f1a de solidaridad internacional de este curso. Ser\u00e1 m\u00e1s dif\u00edcil juntarnos para llevar a cabo actividades de sensibilizaci\u00f3n, de conocer m\u00e1s la situaci\u00f3n, de recoger fondos para colaborar econ\u00f3micamente con este precioso proyecto de trabajar en favor de los proyectos de Itaka &#8211; Escolapios con la juventud de Am\u00e9rica.<\/p>\n<p>Pero s\u00ed podemos conocer m\u00e1s la Campa\u00f1a, las actividades que se proponen. Podemos ponernos en contacto con los centros concretos a los que se dirige esta campa\u00f1a. Podemos preguntar, investigar, acercarnos a estas realidades, poner en las manos de Dios todo ello. Podemos colaborar econ\u00f3micamente. S\u00ed podemos.<\/p>\n<p>Tienes mucha informaci\u00f3n y posibilidades en <a href=\"https:\/\/www.itakaescolapios.org\/campanas\/2019-2020-compartiendo-mucha-vida-juventuditakaescolapios\/\">https:\/\/www.itakaescolapios.org\/campanas\/2019-2020-compartiendo-mucha-vida-juventuditakaescolapios\/<\/a><\/p>\n","protected":false},"excerpt":{"rendered":"<p>La situaci\u00f3n actual de cuarentena, de aislamiento social, no impide que podamos continuar con la Campa\u00f1a de solidaridad internacional de este curso. Ser\u00e1 m\u00e1s dif\u00edcil juntarnos para llevar a cabo [&hellip;]<\/p>\n","protected":false},"author":4,"featured_media":30446,"comment_status":"closed","ping_status":"closed","sticky":false,"template":"","format":"standard","meta":{"_et_pb_use_builder":"","_et_pb_old_content":"","_et_gb_content_width":"","footnotes":""},"categories":[30],"tags":[],"class_list":["post-30445","post","type-post","status-publish","format-standard","has-post-thumbnail","hentry","category-itaka-escolapios"],"yoast_head":"<!-- This site is optimized with the Yoast SEO plugin v27.4 - https:\/\/yoast.com\/product\/yoast-seo-wordpress\/ -->\n<title>ESTAMOS EN CAMPA\u00d1A SOLIDARIA... CADA UNO DESDE SU CASA<\/title>\n<meta name=\"description\" content=\"La situaci\u00f3n actual de cuarentena, de aislamiento social, no impide que podamos continuar con la Campa\u00f1a de solidaridad internacional de este curso. Ser\u00e1 m\u00e1s dif\u00edcil juntarnos para llevar a cabo actividades de sensibilizaci\u00f3n, de conocer m\u00e1s la situaci\u00f3n, de recoger fondos para colaborar econ\u00f3micamente con este precioso proyecto de trabajar en favor de los proyectos\u2026\" \/>\n<meta name=\"robots\" content=\"index, follow, max-snippet:-1, max-image-preview:large, max-video-preview:-1\" \/>\n<link rel=\"canonical\" href=\"http:\/\/La%20situaci\u00f3n%20actual%20de%20cuarentena,%20de%20aislamiento%20social,%20no%20impide%20que%20podamos%20continuar%20con%20la%20Campa\u00f1a%20de%20solidaridad%20internacional%20de%20este%20curso.%20Ser\u00e1%20m\u00e1s%20dif\u00edcil%20juntarnos%20para%20llevar%20a%20cabo%20actividades%20de%20sensibilizaci\u00f3n,%20de%20conocer%20m\u00e1s%20la%20situaci\u00f3n,%20de%20recoger%20fondos%20para%20colaborar%20econ\u00f3micamente%20con%20este%20precioso%20proyecto%20de%20trabajar%20en%20favor%20de%20los%20proyectos\u2026\" \/>\n<meta property=\"og:locale\" content=\"fr_FR\" \/>\n<meta property=\"og:type\" content=\"article\" \/>\n<meta property=\"og:title\" content=\"ESTAMOS EN CAMPA\u00d1A SOLIDARIA... CADA UNO DESDE SU CASA\" \/>\n<meta property=\"og:description\" content=\"La situaci\u00f3n actual de cuarentena, de aislamiento social, no impide que podamos continuar con la Campa\u00f1a de solidaridad internacional de este curso. Ser\u00e1 m\u00e1s dif\u00edcil juntarnos para llevar a cabo actividades de sensibilizaci\u00f3n, de conocer m\u00e1s la situaci\u00f3n, de recoger fondos para colaborar econ\u00f3micamente con este precioso proyecto de trabajar en favor de los proyectos\u2026\" \/>\n<meta property=\"og:url\" content=\"https:\/\/www.itakaescolapios.org\/fr\/2020\/04\/estamos-en-campana-solidaria-cada-uno-desde-su-casa\/\" \/>\n<meta property=\"og:site_name\" content=\"Itaka-Escolapios\" \/>\n<meta property=\"article:published_time\" content=\"2020-04-13T11:19:18+00:00\" \/>\n<meta property=\"article:modified_time\" content=\"2023-11-28T11:36:24+00:00\" \/>\n<meta property=\"og:image\" content=\"https:\/\/www.itakaescolapios.org\/wp-content\/uploads\/2020\/04\/1campa\u00f1a.jpg\" \/>\n\t<meta property=\"og:image:width\" content=\"709\" \/>\n\t<meta property=\"og:image:height\" content=\"892\" \/>\n\t<meta property=\"og:image:type\" content=\"image\/jpeg\" \/>\n<meta name=\"author\" content=\"itaka\" \/>\n<meta name=\"twitter:card\" content=\"summary_large_image\" \/>\n<meta name=\"twitter:label1\" content=\"\u00c9crit par\" \/>\n\t<meta name=\"twitter:data1\" content=\"itaka\" \/>\n\t<meta name=\"twitter:label2\" content=\"Dur\u00e9e de lecture estim\u00e9e\" \/>\n\t<meta name=\"twitter:data2\" content=\"1 minute\" \/>\n<script type=\"application\/ld+json\" class=\"yoast-schema-graph\">{\"@context\":\"https:\\\/\\\/schema.org\",\"@graph\":[{\"@type\":\"Article\",\"@id\":\"https:\\\/\\\/www.itakaescolapios.org\\\/fr\\\/2020\\\/04\\\/estamos-en-campana-solidaria-cada-uno-desde-su-casa\\\/#article\",\"isPartOf\":{\"@id\":\"https:\\\/\\\/www.itakaescolapios.org\\\/fr\\\/2020\\\/04\\\/estamos-en-campana-solidaria-cada-uno-desde-su-casa\\\/\"},\"author\":{\"name\":\"itaka\",\"@id\":\"https:\\\/\\\/www.itakaescolapios.org\\\/es\\\/#\\\/schema\\\/person\\\/670123daeb1cc31cae1b106740036ccb\"},\"headline\":\"ESTAMOS EN CAMPA\u00d1A SOLIDARIA... CADA UNO DESDE SU CASA\",\"datePublished\":\"2020-04-13T11:19:18+00:00\",\"dateModified\":\"2023-11-28T11:36:24+00:00\",\"mainEntityOfPage\":{\"@id\":\"https:\\\/\\\/www.itakaescolapios.org\\\/fr\\\/2020\\\/04\\\/estamos-en-campana-solidaria-cada-uno-desde-su-casa\\\/\"},\"wordCount\":148,\"publisher\":{\"@id\":\"https:\\\/\\\/www.itakaescolapios.org\\\/es\\\/#organization\"},\"image\":{\"@id\":\"https:\\\/\\\/www.itakaescolapios.org\\\/fr\\\/2020\\\/04\\\/estamos-en-campana-solidaria-cada-uno-desde-su-casa\\\/#primaryimage\"},\"thumbnailUrl\":\"https:\\\/\\\/www.itakaescolapios.org\\\/wp-content\\\/uploads\\\/2020\\\/04\\\/1campa\u00f1a.jpg\",\"articleSection\":[\"Itaka Escolapios\"],\"inLanguage\":\"fr-FR\"},{\"@type\":\"WebPage\",\"@id\":\"https:\\\/\\\/www.itakaescolapios.org\\\/fr\\\/2020\\\/04\\\/estamos-en-campana-solidaria-cada-uno-desde-su-casa\\\/\",\"url\":\"https:\\\/\\\/www.itakaescolapios.org\\\/fr\\\/2020\\\/04\\\/estamos-en-campana-solidaria-cada-uno-desde-su-casa\\\/\",\"name\":\"ESTAMOS EN CAMPA\u00d1A SOLIDARIA... CADA UNO DESDE SU CASA - Itaka-Escolapios\",\"isPartOf\":{\"@id\":\"https:\\\/\\\/www.itakaescolapios.org\\\/es\\\/#website\"},\"primaryImageOfPage\":{\"@id\":\"https:\\\/\\\/www.itakaescolapios.org\\\/fr\\\/2020\\\/04\\\/estamos-en-campana-solidaria-cada-uno-desde-su-casa\\\/#primaryimage\"},\"image\":{\"@id\":\"https:\\\/\\\/www.itakaescolapios.org\\\/fr\\\/2020\\\/04\\\/estamos-en-campana-solidaria-cada-uno-desde-su-casa\\\/#primaryimage\"},\"thumbnailUrl\":\"https:\\\/\\\/www.itakaescolapios.org\\\/wp-content\\\/uploads\\\/2020\\\/04\\\/1campa\u00f1a.jpg\",\"datePublished\":\"2020-04-13T11:19:18+00:00\",\"dateModified\":\"2023-11-28T11:36:24+00:00\",\"breadcrumb\":{\"@id\":\"https:\\\/\\\/www.itakaescolapios.org\\\/fr\\\/2020\\\/04\\\/estamos-en-campana-solidaria-cada-uno-desde-su-casa\\\/#breadcrumb\"},\"inLanguage\":\"fr-FR\",\"potentialAction\":[{\"@type\":\"ReadAction\",\"target\":[\"https:\\\/\\\/www.itakaescolapios.org\\\/fr\\\/2020\\\/04\\\/estamos-en-campana-solidaria-cada-uno-desde-su-casa\\\/\"]}]},{\"@type\":\"ImageObject\",\"inLanguage\":\"fr-FR\",\"@id\":\"https:\\\/\\\/www.itakaescolapios.org\\\/fr\\\/2020\\\/04\\\/estamos-en-campana-solidaria-cada-uno-desde-su-casa\\\/#primaryimage\",\"url\":\"https:\\\/\\\/www.itakaescolapios.org\\\/wp-content\\\/uploads\\\/2020\\\/04\\\/1campa\u00f1a.jpg\",\"contentUrl\":\"https:\\\/\\\/www.itakaescolapios.org\\\/wp-content\\\/uploads\\\/2020\\\/04\\\/1campa\u00f1a.jpg\",\"width\":709,\"height\":892},{\"@type\":\"BreadcrumbList\",\"@id\":\"https:\\\/\\\/www.itakaescolapios.org\\\/fr\\\/2020\\\/04\\\/estamos-en-campana-solidaria-cada-uno-desde-su-casa\\\/#breadcrumb\",\"itemListElement\":[{\"@type\":\"ListItem\",\"position\":1,\"name\":\"Itaka-Escolapios\",\"item\":\"https:\\\/\\\/www.itakaescolapios.org\\\/es\\\/\"},{\"@type\":\"ListItem\",\"position\":2,\"name\":\"ESTAMOS EN CAMPA\u00d1A SOLIDARIA... CADA UNO DESDE SU CASA\"}]},{\"@type\":\"WebSite\",\"@id\":\"https:\\\/\\\/www.itakaescolapios.org\\\/fr\\\/es\\\/#website\",\"url\":\"https:\\\/\\\/www.itakaescolapios.org\\\/fr\\\/es\\\/\",\"name\":\"Itaka-Escolapios\",\"description\":\"Red de Itaka-Escolapios\",\"publisher\":{\"@id\":\"https:\\\/\\\/www.itakaescolapios.org\\\/fr\\\/es\\\/#organization\"},\"potentialAction\":[{\"@type\":\"SearchAction\",\"target\":{\"@type\":\"EntryPoint\",\"urlTemplate\":\"https:\\\/\\\/www.itakaescolapios.org\\\/fr\\\/es\\\/?s={search_term_string}\"},\"query-input\":{\"@type\":\"PropertyValueSpecification\",\"valueRequired\":true,\"valueName\":\"search_term_string\"}}],\"inLanguage\":\"fr-FR\"},{\"@type\":\"Organization\",\"@id\":\"https:\\\/\\\/www.itakaescolapios.org\\\/fr\\\/es\\\/#organization\",\"name\":\"Fundaci\u00f3 Itaka-Escolapios\",\"url\":\"https:\\\/\\\/www.itakaescolapios.org\\\/fr\\\/es\\\/\",\"logo\":{\"@type\":\"ImageObject\",\"inLanguage\":\"fr-FR\",\"@id\":\"https:\\\/\\\/www.itakaescolapios.org\\\/fr\\\/es\\\/#\\\/schema\\\/logo\\\/image\\\/\",\"url\":\"https:\\\/\\\/www.itakaescolapios.org\\\/wp-content\\\/uploads\\\/2024\\\/04\\\/Logo-itakaescolapios-peque.png\",\"contentUrl\":\"https:\\\/\\\/www.itakaescolapios.org\\\/wp-content\\\/uploads\\\/2024\\\/04\\\/Logo-itakaescolapios-peque.png\",\"width\":500,\"height\":199,\"caption\":\"Fundaci\u00f3 Itaka-Escolapios\"},\"image\":{\"@id\":\"https:\\\/\\\/www.itakaescolapios.org\\\/fr\\\/es\\\/#\\\/schema\\\/logo\\\/image\\\/\"}},{\"@type\":\"Person\",\"@id\":\"https:\\\/\\\/www.itakaescolapios.org\\\/es\\\/#\\\/schema\\\/person\\\/670123daeb1cc31cae1b106740036ccb\",\"name\":\"itaka\",\"url\":\"https:\\\/\\\/www.itakaescolapios.org\\\/fr\\\/author\\\/itaka\\\/\"}]}<\/script>\n<!-- \/ Yoast SEO plugin. -->","yoast_head_json":{"title":"ESTAMOS EN CAMPA\u00d1A SOLIDARIA... CADA UNO DESDE SU CASA","description":"La situaci\u00f3n actual de cuarentena, de aislamiento social, no impide que podamos continuar con la Campa\u00f1a de solidaridad internacional de este curso. Ser\u00e1 m\u00e1s dif\u00edcil juntarnos para llevar a cabo actividades de sensibilizaci\u00f3n, de conocer m\u00e1s la situaci\u00f3n, de recoger fondos para colaborar econ\u00f3micamente con este precioso proyecto de trabajar en favor de los proyectos\u2026","robots":{"index":"index","follow":"follow","max-snippet":"max-snippet:-1","max-image-preview":"max-image-preview:large","max-video-preview":"max-video-preview:-1"},"canonical":"La situaci\u00f3n actual de cuarentena, de aislamiento social, no impide que podamos continuar con la Campa\u00f1a de solidaridad internacional de este curso. Ser\u00e1 m\u00e1s dif\u00edcil juntarnos para llevar a cabo actividades de sensibilizaci\u00f3n, de conocer m\u00e1s la situaci\u00f3n, de recoger fondos para colaborar econ\u00f3micamente con este precioso proyecto de trabajar en favor de los proyectos\u2026","og_locale":"fr_FR","og_type":"article","og_title":"ESTAMOS EN CAMPA\u00d1A SOLIDARIA... CADA UNO DESDE SU CASA","og_description":"La situaci\u00f3n actual de cuarentena, de aislamiento social, no impide que podamos continuar con la Campa\u00f1a de solidaridad internacional de este curso. Ser\u00e1 m\u00e1s dif\u00edcil juntarnos para llevar a cabo actividades de sensibilizaci\u00f3n, de conocer m\u00e1s la situaci\u00f3n, de recoger fondos para colaborar econ\u00f3micamente con este precioso proyecto de trabajar en favor de los proyectos\u2026","og_url":"https:\/\/www.itakaescolapios.org\/fr\/2020\/04\/estamos-en-campana-solidaria-cada-uno-desde-su-casa\/","og_site_name":"Itaka-Escolapios","article_published_time":"2020-04-13T11:19:18+00:00","article_modified_time":"2023-11-28T11:36:24+00:00","og_image":[{"width":709,"height":892,"url":"https:\/\/www.itakaescolapios.org\/wp-content\/uploads\/2020\/04\/1campa\u00f1a.jpg","type":"image\/jpeg"}],"author":"itaka","twitter_card":"summary_large_image","twitter_misc":{"\u00c9crit par":"itaka","Dur\u00e9e de lecture estim\u00e9e":"1 minute"},"schema":{"@context":"https:\/\/schema.org","@graph":[{"@type":"Article","@id":"https:\/\/www.itakaescolapios.org\/fr\/2020\/04\/estamos-en-campana-solidaria-cada-uno-desde-su-casa\/#article","isPartOf":{"@id":"https:\/\/www.itakaescolapios.org\/fr\/2020\/04\/estamos-en-campana-solidaria-cada-uno-desde-su-casa\/"},"author":{"name":"itaka","@id":"https:\/\/www.itakaescolapios.org\/es\/#\/schema\/person\/670123daeb1cc31cae1b106740036ccb"},"headline":"ESTAMOS EN CAMPA\u00d1A SOLIDARIA... CADA UNO DESDE SU CASA","datePublished":"2020-04-13T11:19:18+00:00","dateModified":"2023-11-28T11:36:24+00:00","mainEntityOfPage":{"@id":"https:\/\/www.itakaescolapios.org\/fr\/2020\/04\/estamos-en-campana-solidaria-cada-uno-desde-su-casa\/"},"wordCount":148,"publisher":{"@id":"https:\/\/www.itakaescolapios.org\/es\/#organization"},"image":{"@id":"https:\/\/www.itakaescolapios.org\/fr\/2020\/04\/estamos-en-campana-solidaria-cada-uno-desde-su-casa\/#primaryimage"},"thumbnailUrl":"https:\/\/www.itakaescolapios.org\/wp-content\/uploads\/2020\/04\/1campa\u00f1a.jpg","articleSection":["Itaka Escolapios"],"inLanguage":"fr-FR"},{"@type":"WebPage","@id":"https:\/\/www.itakaescolapios.org\/fr\/2020\/04\/estamos-en-campana-solidaria-cada-uno-desde-su-casa\/","url":"https:\/\/www.itakaescolapios.org\/fr\/2020\/04\/estamos-en-campana-solidaria-cada-uno-desde-su-casa\/","name":"ESTAMOS EN CAMPA\u00d1A SOLIDARIA... CADA UNO DESDE SU CASA - Itaka-Escolapios","isPartOf":{"@id":"https:\/\/www.itakaescolapios.org\/es\/#website"},"primaryImageOfPage":{"@id":"https:\/\/www.itakaescolapios.org\/fr\/2020\/04\/estamos-en-campana-solidaria-cada-uno-desde-su-casa\/#primaryimage"},"image":{"@id":"https:\/\/www.itakaescolapios.org\/fr\/2020\/04\/estamos-en-campana-solidaria-cada-uno-desde-su-casa\/#primaryimage"},"thumbnailUrl":"https:\/\/www.itakaescolapios.org\/wp-content\/uploads\/2020\/04\/1campa\u00f1a.jpg","datePublished":"2020-04-13T11:19:18+00:00","dateModified":"2023-11-28T11:36:24+00:00","breadcrumb":{"@id":"https:\/\/www.itakaescolapios.org\/fr\/2020\/04\/estamos-en-campana-solidaria-cada-uno-desde-su-casa\/#breadcrumb"},"inLanguage":"fr-FR","potentialAction":[{"@type":"ReadAction","target":["https:\/\/www.itakaescolapios.org\/fr\/2020\/04\/estamos-en-campana-solidaria-cada-uno-desde-su-casa\/"]}]},{"@type":"ImageObject","inLanguage":"fr-FR","@id":"https:\/\/www.itakaescolapios.org\/fr\/2020\/04\/estamos-en-campana-solidaria-cada-uno-desde-su-casa\/#primaryimage","url":"https:\/\/www.itakaescolapios.org\/wp-content\/uploads\/2020\/04\/1campa\u00f1a.jpg","contentUrl":"https:\/\/www.itakaescolapios.org\/wp-content\/uploads\/2020\/04\/1campa\u00f1a.jpg","width":709,"height":892},{"@type":"BreadcrumbList","@id":"https:\/\/www.itakaescolapios.org\/fr\/2020\/04\/estamos-en-campana-solidaria-cada-uno-desde-su-casa\/#breadcrumb","itemListElement":[{"@type":"ListItem","position":1,"name":"Itaka-Escolapios","item":"https:\/\/www.itakaescolapios.org\/es\/"},{"@type":"ListItem","position":2,"name":"ESTAMOS EN CAMPA\u00d1A SOLIDARIA... CADA UNO DESDE SU CASA"}]},{"@type":"WebSite","@id":"https:\/\/www.itakaescolapios.org\/fr\/es\/#website","url":"https:\/\/www.itakaescolapios.org\/fr\/es\/","name":"Itaka-Escolapios","description":"Red de Itaka-Escolapios","publisher":{"@id":"https:\/\/www.itakaescolapios.org\/fr\/es\/#organization"},"potentialAction":[{"@type":"SearchAction","target":{"@type":"EntryPoint","urlTemplate":"https:\/\/www.itakaescolapios.org\/fr\/es\/?s={search_term_string}"},"query-input":{"@type":"PropertyValueSpecification","valueRequired":true,"valueName":"search_term_string"}}],"inLanguage":"fr-FR"},{"@type":"Organization","@id":"https:\/\/www.itakaescolapios.org\/fr\/es\/#organization","name":"Fundaci\u00f3 Itaka-Escolapios","url":"https:\/\/www.itakaescolapios.org\/fr\/es\/","logo":{"@type":"ImageObject","inLanguage":"fr-FR","@id":"https:\/\/www.itakaescolapios.org\/fr\/es\/#\/schema\/logo\/image\/","url":"https:\/\/www.itakaescolapios.org\/wp-content\/uploads\/2024\/04\/Logo-itakaescolapios-peque.png","contentUrl":"https:\/\/www.itakaescolapios.org\/wp-content\/uploads\/2024\/04\/Logo-itakaescolapios-peque.png","width":500,"height":199,"caption":"Fundaci\u00f3 Itaka-Escolapios"},"image":{"@id":"https:\/\/www.itakaescolapios.org\/fr\/es\/#\/schema\/logo\/image\/"}},{"@type":"Person","@id":"https:\/\/www.itakaescolapios.org\/es\/#\/schema\/person\/670123daeb1cc31cae1b106740036ccb","name":"itaka","url":"https:\/\/www.itakaescolapios.org\/fr\/author\/itaka\/"}]}},"_links":{"self":[{"href":"https:\/\/www.itakaescolapios.org\/fr\/wp-json\/wp\/v2\/posts\/30445","targetHints":{"allow":["GET"]}}],"collection":[{"href":"https:\/\/www.itakaescolapios.org\/fr\/wp-json\/wp\/v2\/posts"}],"about":[{"href":"https:\/\/www.itakaescolapios.org\/fr\/wp-json\/wp\/v2\/types\/post"}],"author":[{"embeddable":true,"href":"https:\/\/www.itakaescolapios.org\/fr\/wp-json\/wp\/v2\/users\/4"}],"replies":[{"embeddable":true,"href":"https:\/\/www.itakaescolapios.org\/fr\/wp-json\/wp\/v2\/comments?post=30445"}],"version-history":[{"count":3,"href":"https:\/\/www.itakaescolapios.org\/fr\/wp-json\/wp\/v2\/posts\/30445\/revisions"}],"predecessor-version":[{"id":44928,"href":"https:\/\/www.itakaescolapios.org\/fr\/wp-json\/wp\/v2\/posts\/30445\/revisions\/44928"}],"wp:featuredmedia":[{"embeddable":true,"href":"https:\/\/www.itakaescolapios.org\/fr\/wp-json\/wp\/v2\/media\/30446"}],"wp:attachment":[{"href":"https:\/\/www.itakaescolapios.org\/fr\/wp-json\/wp\/v2\/media?parent=30445"}],"wp:term":[{"taxonomy":"category","embeddable":true,"href":"https:\/\/www.itakaescolapios.org\/fr\/wp-json\/wp\/v2\/categories?post=30445"},{"taxonomy":"post_tag","embeddable":true,"href":"https:\/\/www.itakaescolapios.org\/fr\/wp-json\/wp\/v2\/tags?post=30445"}],"curies":[{"name":"wp","href":"https:\/\/api.w.org\/{rel}","templated":true}]}}