{"id":3046,"date":"2012-09-03T15:39:23","date_gmt":"2012-09-03T14:39:23","guid":{"rendered":"https:\/\/www.itakaescolapios.org\/?p=3046"},"modified":"2023-11-28T12:39:38","modified_gmt":"2023-11-28T11:39:38","slug":"bafia-comienzo-del-ano-escolar-2012-13-este-3-de-septiembre-de-2012-marca-el-principio-de-un-nuevo-curso-escolar-en-camerun","status":"publish","type":"post","link":"https:\/\/www.itakaescolapios.org\/fr\/2012\/09\/bafia-comienzo-del-ano-escolar-2012-13-este-3-de-septiembre-de-2012-marca-el-principio-de-un-nuevo-curso-escolar-en-camerun\/","title":{"rendered":"Bafia - Rentr\u00e9e scolaire 2012-13. Ce 3 septembre 2012 marque le d\u00e9but d\u2019une nouvelle ann\u00e9e scolaire au Cameroun."},"content":{"rendered":"<p>Notre \u00e9cole de Bafia, comme tous les autres centres scolaires du pays, a rouvert ses portes. En cette cinqui\u00e8me ann\u00e9e d\u2019existence le Complexe Scolaire Catholique Bilingue Int\u00e9gral Calasanz (COSCABIC) accueille d\u00e9j\u00e0 plus de 600 filles et gar\u00e7ons de cette localit\u00e9. Comme aspects majeurs \u00e0 relever, signalons que la barri\u00e8re a \u00e9t\u00e9 construite gr\u00e2ce \u00e0 l\u2019aide de certaines institutions notamment les Mairies de Jaca et de Barbastro ; le syst\u00e8me Bilinguisme Int\u00e9gral continue sa mise en place progressive d\u2019abord au cycle maternel. Pour terminer, le dernier niveau (CM2) a \u00e9t\u00e9 ouvert, ce qui signifie que notre \u00e9cole compte d\u00e9sormais les cycles maternel et primaire complets.<\/p>\n<p>Avec la demande qui continue d\u2019\u00eatre forte, l\u2019agrandissement de nos locaux est indispensable afin d\u2019offrir une \u00e9ducation \u00e0 tous ces enfants qui frappent \u00e0 nos portes.<\/p>\n","protected":false},"excerpt":{"rendered":"<p>Notre \u00e9cole de Bafia, comme tous les autres centres scolaires du pays, a rouvert ses portes. En cette cinqui\u00e8me ann\u00e9e d\u2019existence le Complexe Scolaire Catholique Bilingue Int\u00e9gral Calasanz (COSCABIC) accueille [&hellip;]<\/p>\n","protected":false},"author":3,"featured_media":3047,"comment_status":"closed","ping_status":"closed","sticky":false,"template":"","format":"standard","meta":{"_et_pb_use_builder":"","_et_pb_old_content":"","_et_gb_content_width":"","footnotes":""},"categories":[10],"tags":[],"class_list":["post-3046","post","type-post","status-publish","format-standard","has-post-thumbnail","hentry","category-camerun"],"yoast_head":"<!-- This site is optimized with the Yoast SEO plugin v27.4 - https:\/\/yoast.com\/product\/yoast-seo-wordpress\/ -->\n<title>Bafia - Rentr\u00e9e scolaire 2012-13. Ce 3 septembre 2012 marque le d\u00e9but d\u2019une nouvelle ann\u00e9e scolaire au Cameroun.<\/title>\n<meta name=\"description\" content=\"Notre \u00e9cole de Bafia, comme tous les autres centres scolaires du pays, a rouvert ses portes. En cette cinqui\u00e8me ann\u00e9e d\u2019existence le Complexe Scolaire Catholique Bilingue Int\u00e9gral Calasanz (COSCABIC) accueille d\u00e9j\u00e0 plus de 600 filles et gar\u00e7ons de cette localit\u00e9. Comme aspects majeurs \u00e0 relever, signalons que la barri\u00e8re a \u00e9t\u00e9 construite gr\u00e2ce \u00e0 l\u2019aide\u2026\" \/>\n<meta name=\"robots\" content=\"index, follow, max-snippet:-1, max-image-preview:large, max-video-preview:-1\" \/>\n<link rel=\"canonical\" href=\"http:\/\/Notre%20\u00e9cole%20de%20Bafia,%20comme%20tous%20les%20autres%20centres%20scolaires%20du%20pays,%20a%20rouvert%20ses%20portes.%20En%20cette%20cinqui\u00e8me%20ann\u00e9e%20d\u2019existence%20le%20Complexe%20Scolaire%20Catholique%20Bilingue%20Int\u00e9gral%20Calasanz%20(COSCABIC)%20accueille%20d\u00e9j\u00e0%20plus%20de%20600%20filles%20et%20gar\u00e7ons%20de%20cette%20localit\u00e9.%20Comme%20aspects%20majeurs%20\u00e0%20relever,%20signalons%20que%20la%20barri\u00e8re%20a%20\u00e9t\u00e9%20construite%20gr\u00e2ce%20\u00e0%20l\u2019aide\u2026\" \/>\n<meta property=\"og:locale\" content=\"fr_FR\" \/>\n<meta property=\"og:type\" content=\"article\" \/>\n<meta property=\"og:title\" content=\"Bafia - Rentr\u00e9e scolaire 2012-13. Ce 3 septembre 2012 marque le d\u00e9but d\u2019une nouvelle ann\u00e9e scolaire au Cameroun.\" \/>\n<meta property=\"og:description\" content=\"Notre \u00e9cole de Bafia, comme tous les autres centres scolaires du pays, a rouvert ses portes. En cette cinqui\u00e8me ann\u00e9e d\u2019existence le Complexe Scolaire Catholique Bilingue Int\u00e9gral Calasanz (COSCABIC) accueille d\u00e9j\u00e0 plus de 600 filles et gar\u00e7ons de cette localit\u00e9. Comme aspects majeurs \u00e0 relever, signalons que la barri\u00e8re a \u00e9t\u00e9 construite gr\u00e2ce \u00e0 l\u2019aide\u2026\" \/>\n<meta property=\"og:url\" content=\"https:\/\/www.itakaescolapios.org\/fr\/2012\/09\/bafia-comienzo-del-ano-escolar-2012-13-este-3-de-septiembre-de-2012-marca-el-principio-de-un-nuevo-curso-escolar-en-camerun\/\" \/>\n<meta property=\"og:site_name\" content=\"Itaka-Escolapios\" \/>\n<meta property=\"article:published_time\" content=\"2012-09-03T14:39:23+00:00\" \/>\n<meta property=\"article:modified_time\" content=\"2023-11-28T11:39:38+00:00\" \/>\n<meta property=\"og:image\" content=\"https:\/\/www.itakaescolapios.org\/wp-content\/uploads\/2012\/09\/NI\u00d1OS1.jpg\" \/>\n\t<meta property=\"og:image:width\" content=\"1299\" \/>\n\t<meta property=\"og:image:height\" content=\"975\" \/>\n\t<meta property=\"og:image:type\" content=\"image\/jpeg\" \/>\n<meta name=\"author\" content=\"Bilbao\" \/>\n<meta name=\"twitter:card\" content=\"summary_large_image\" \/>\n<meta name=\"twitter:label1\" content=\"\u00c9crit par\" \/>\n\t<meta name=\"twitter:data1\" content=\"Bilbao\" \/>\n\t<meta name=\"twitter:label2\" content=\"Dur\u00e9e de lecture estim\u00e9e\" \/>\n\t<meta name=\"twitter:data2\" content=\"1 minute\" \/>\n<script type=\"application\/ld+json\" class=\"yoast-schema-graph\">{\"@context\":\"https:\\\/\\\/schema.org\",\"@graph\":[{\"@type\":\"Article\",\"@id\":\"https:\\\/\\\/www.itakaescolapios.org\\\/fr\\\/2012\\\/09\\\/bafia-comienzo-del-ano-escolar-2012-13-este-3-de-septiembre-de-2012-marca-el-principio-de-un-nuevo-curso-escolar-en-camerun\\\/#article\",\"isPartOf\":{\"@id\":\"https:\\\/\\\/www.itakaescolapios.org\\\/fr\\\/2012\\\/09\\\/bafia-comienzo-del-ano-escolar-2012-13-este-3-de-septiembre-de-2012-marca-el-principio-de-un-nuevo-curso-escolar-en-camerun\\\/\"},\"author\":{\"name\":\"Bilbao\",\"@id\":\"https:\\\/\\\/www.itakaescolapios.org\\\/es\\\/#\\\/schema\\\/person\\\/d5b530ea20cbfbbd734611b2591f590c\"},\"headline\":\"Bafia - Rentr\u00e9e scolaire 2012-13. Ce 3 septembre 2012 marque le d\u00e9but d\u2019une nouvelle ann\u00e9e scolaire au Cameroun.\",\"datePublished\":\"2012-09-03T14:39:23+00:00\",\"dateModified\":\"2023-11-28T11:39:38+00:00\",\"mainEntityOfPage\":{\"@id\":\"https:\\\/\\\/www.itakaescolapios.org\\\/fr\\\/2012\\\/09\\\/bafia-comienzo-del-ano-escolar-2012-13-este-3-de-septiembre-de-2012-marca-el-principio-de-un-nuevo-curso-escolar-en-camerun\\\/\"},\"wordCount\":177,\"publisher\":{\"@id\":\"https:\\\/\\\/www.itakaescolapios.org\\\/es\\\/#organization\"},\"image\":{\"@id\":\"https:\\\/\\\/www.itakaescolapios.org\\\/fr\\\/2012\\\/09\\\/bafia-comienzo-del-ano-escolar-2012-13-este-3-de-septiembre-de-2012-marca-el-principio-de-un-nuevo-curso-escolar-en-camerun\\\/#primaryimage\"},\"thumbnailUrl\":\"https:\\\/\\\/www.itakaescolapios.org\\\/wp-content\\\/uploads\\\/2012\\\/09\\\/NI\u00d1OS1.jpg\",\"articleSection\":[\"Cameroun\"],\"inLanguage\":\"fr-FR\"},{\"@type\":\"WebPage\",\"@id\":\"https:\\\/\\\/www.itakaescolapios.org\\\/fr\\\/2012\\\/09\\\/bafia-comienzo-del-ano-escolar-2012-13-este-3-de-septiembre-de-2012-marca-el-principio-de-un-nuevo-curso-escolar-en-camerun\\\/\",\"url\":\"https:\\\/\\\/www.itakaescolapios.org\\\/fr\\\/2012\\\/09\\\/bafia-comienzo-del-ano-escolar-2012-13-este-3-de-septiembre-de-2012-marca-el-principio-de-un-nuevo-curso-escolar-en-camerun\\\/\",\"name\":\"Bafia - Comienzo del a\u00f1o escolar 2012-13. Este 3 de septiembre de 2012 marca el principio de un nuevo curso escolar en Camer\u00fan. - Itaka-Escolapios\",\"isPartOf\":{\"@id\":\"https:\\\/\\\/www.itakaescolapios.org\\\/es\\\/#website\"},\"primaryImageOfPage\":{\"@id\":\"https:\\\/\\\/www.itakaescolapios.org\\\/fr\\\/2012\\\/09\\\/bafia-comienzo-del-ano-escolar-2012-13-este-3-de-septiembre-de-2012-marca-el-principio-de-un-nuevo-curso-escolar-en-camerun\\\/#primaryimage\"},\"image\":{\"@id\":\"https:\\\/\\\/www.itakaescolapios.org\\\/fr\\\/2012\\\/09\\\/bafia-comienzo-del-ano-escolar-2012-13-este-3-de-septiembre-de-2012-marca-el-principio-de-un-nuevo-curso-escolar-en-camerun\\\/#primaryimage\"},\"thumbnailUrl\":\"https:\\\/\\\/www.itakaescolapios.org\\\/wp-content\\\/uploads\\\/2012\\\/09\\\/NI\u00d1OS1.jpg\",\"datePublished\":\"2012-09-03T14:39:23+00:00\",\"dateModified\":\"2023-11-28T11:39:38+00:00\",\"breadcrumb\":{\"@id\":\"https:\\\/\\\/www.itakaescolapios.org\\\/fr\\\/2012\\\/09\\\/bafia-comienzo-del-ano-escolar-2012-13-este-3-de-septiembre-de-2012-marca-el-principio-de-un-nuevo-curso-escolar-en-camerun\\\/#breadcrumb\"},\"inLanguage\":\"fr-FR\",\"potentialAction\":[{\"@type\":\"ReadAction\",\"target\":[\"https:\\\/\\\/www.itakaescolapios.org\\\/fr\\\/2012\\\/09\\\/bafia-comienzo-del-ano-escolar-2012-13-este-3-de-septiembre-de-2012-marca-el-principio-de-un-nuevo-curso-escolar-en-camerun\\\/\"]}]},{\"@type\":\"ImageObject\",\"inLanguage\":\"fr-FR\",\"@id\":\"https:\\\/\\\/www.itakaescolapios.org\\\/fr\\\/2012\\\/09\\\/bafia-comienzo-del-ano-escolar-2012-13-este-3-de-septiembre-de-2012-marca-el-principio-de-un-nuevo-curso-escolar-en-camerun\\\/#primaryimage\",\"url\":\"https:\\\/\\\/www.itakaescolapios.org\\\/wp-content\\\/uploads\\\/2012\\\/09\\\/NI\u00d1OS1.jpg\",\"contentUrl\":\"https:\\\/\\\/www.itakaescolapios.org\\\/wp-content\\\/uploads\\\/2012\\\/09\\\/NI\u00d1OS1.jpg\",\"width\":\"1299\",\"height\":\"975\"},{\"@type\":\"BreadcrumbList\",\"@id\":\"https:\\\/\\\/www.itakaescolapios.org\\\/fr\\\/2012\\\/09\\\/bafia-comienzo-del-ano-escolar-2012-13-este-3-de-septiembre-de-2012-marca-el-principio-de-un-nuevo-curso-escolar-en-camerun\\\/#breadcrumb\",\"itemListElement\":[{\"@type\":\"ListItem\",\"position\":1,\"name\":\"Itaka-Escolapios\",\"item\":\"https:\\\/\\\/www.itakaescolapios.org\\\/es\\\/\"},{\"@type\":\"ListItem\",\"position\":2,\"name\":\"Bafia - Rentr\u00e9e scolaire 2012-13. Ce 3 septembre 2012 marque le d\u00e9but d\u2019une nouvelle ann\u00e9e scolaire au Cameroun.\"}]},{\"@type\":\"WebSite\",\"@id\":\"https:\\\/\\\/www.itakaescolapios.org\\\/fr\\\/es\\\/#website\",\"url\":\"https:\\\/\\\/www.itakaescolapios.org\\\/fr\\\/es\\\/\",\"name\":\"Itaka-Escolapios\",\"description\":\"Red de Itaka-Escolapios\",\"publisher\":{\"@id\":\"https:\\\/\\\/www.itakaescolapios.org\\\/fr\\\/es\\\/#organization\"},\"potentialAction\":[{\"@type\":\"SearchAction\",\"target\":{\"@type\":\"EntryPoint\",\"urlTemplate\":\"https:\\\/\\\/www.itakaescolapios.org\\\/fr\\\/es\\\/?s={search_term_string}\"},\"query-input\":{\"@type\":\"PropertyValueSpecification\",\"valueRequired\":true,\"valueName\":\"search_term_string\"}}],\"inLanguage\":\"fr-FR\"},{\"@type\":\"Organization\",\"@id\":\"https:\\\/\\\/www.itakaescolapios.org\\\/fr\\\/es\\\/#organization\",\"name\":\"Fundaci\u00f3 Itaka-Escolapios\",\"url\":\"https:\\\/\\\/www.itakaescolapios.org\\\/fr\\\/es\\\/\",\"logo\":{\"@type\":\"ImageObject\",\"inLanguage\":\"fr-FR\",\"@id\":\"https:\\\/\\\/www.itakaescolapios.org\\\/fr\\\/es\\\/#\\\/schema\\\/logo\\\/image\\\/\",\"url\":\"https:\\\/\\\/www.itakaescolapios.org\\\/wp-content\\\/uploads\\\/2024\\\/04\\\/Logo-itakaescolapios-peque.png\",\"contentUrl\":\"https:\\\/\\\/www.itakaescolapios.org\\\/wp-content\\\/uploads\\\/2024\\\/04\\\/Logo-itakaescolapios-peque.png\",\"width\":500,\"height\":199,\"caption\":\"Fundaci\u00f3 Itaka-Escolapios\"},\"image\":{\"@id\":\"https:\\\/\\\/www.itakaescolapios.org\\\/fr\\\/es\\\/#\\\/schema\\\/logo\\\/image\\\/\"}},{\"@type\":\"Person\",\"@id\":\"https:\\\/\\\/www.itakaescolapios.org\\\/es\\\/#\\\/schema\\\/person\\\/d5b530ea20cbfbbd734611b2591f590c\",\"name\":\"Bilbao\",\"url\":\"https:\\\/\\\/www.itakaescolapios.org\\\/fr\\\/author\\\/bilbao\\\/\"}]}<\/script>\n<!-- \/ Yoast SEO plugin. -->","yoast_head_json":{"title":"Bafia - Rentr\u00e9e scolaire 2012-13. Ce 3 septembre 2012 marque le d\u00e9but d\u2019une nouvelle ann\u00e9e scolaire au Cameroun.","description":"Notre \u00e9cole de Bafia, comme tous les autres centres scolaires du pays, a rouvert ses portes. En cette cinqui\u00e8me ann\u00e9e d\u2019existence le Complexe Scolaire Catholique Bilingue Int\u00e9gral Calasanz (COSCABIC) accueille d\u00e9j\u00e0 plus de 600 filles et gar\u00e7ons de cette localit\u00e9. Comme aspects majeurs \u00e0 relever, signalons que la barri\u00e8re a \u00e9t\u00e9 construite gr\u00e2ce \u00e0 l\u2019aide\u2026","robots":{"index":"index","follow":"follow","max-snippet":"max-snippet:-1","max-image-preview":"max-image-preview:large","max-video-preview":"max-video-preview:-1"},"canonical":"Notre \u00e9cole de Bafia, comme tous les autres centres scolaires du pays, a rouvert ses portes. En cette cinqui\u00e8me ann\u00e9e d\u2019existence le Complexe Scolaire Catholique Bilingue Int\u00e9gral Calasanz (COSCABIC) accueille d\u00e9j\u00e0 plus de 600 filles et gar\u00e7ons de cette localit\u00e9. Comme aspects majeurs \u00e0 relever, signalons que la barri\u00e8re a \u00e9t\u00e9 construite gr\u00e2ce \u00e0 l\u2019aide\u2026","og_locale":"fr_FR","og_type":"article","og_title":"Bafia - Rentr\u00e9e scolaire 2012-13. Ce 3 septembre 2012 marque le d\u00e9but d\u2019une nouvelle ann\u00e9e scolaire au Cameroun.","og_description":"Notre \u00e9cole de Bafia, comme tous les autres centres scolaires du pays, a rouvert ses portes. En cette cinqui\u00e8me ann\u00e9e d\u2019existence le Complexe Scolaire Catholique Bilingue Int\u00e9gral Calasanz (COSCABIC) accueille d\u00e9j\u00e0 plus de 600 filles et gar\u00e7ons de cette localit\u00e9. Comme aspects majeurs \u00e0 relever, signalons que la barri\u00e8re a \u00e9t\u00e9 construite gr\u00e2ce \u00e0 l\u2019aide\u2026","og_url":"https:\/\/www.itakaescolapios.org\/fr\/2012\/09\/bafia-comienzo-del-ano-escolar-2012-13-este-3-de-septiembre-de-2012-marca-el-principio-de-un-nuevo-curso-escolar-en-camerun\/","og_site_name":"Itaka-Escolapios","article_published_time":"2012-09-03T14:39:23+00:00","article_modified_time":"2023-11-28T11:39:38+00:00","og_image":[{"width":1299,"height":975,"url":"https:\/\/www.itakaescolapios.org\/wp-content\/uploads\/2012\/09\/NI\u00d1OS1.jpg","type":"image\/jpeg"}],"author":"Bilbao","twitter_card":"summary_large_image","twitter_misc":{"\u00c9crit par":"Bilbao","Dur\u00e9e de lecture estim\u00e9e":"1 minute"},"schema":{"@context":"https:\/\/schema.org","@graph":[{"@type":"Article","@id":"https:\/\/www.itakaescolapios.org\/fr\/2012\/09\/bafia-comienzo-del-ano-escolar-2012-13-este-3-de-septiembre-de-2012-marca-el-principio-de-un-nuevo-curso-escolar-en-camerun\/#article","isPartOf":{"@id":"https:\/\/www.itakaescolapios.org\/fr\/2012\/09\/bafia-comienzo-del-ano-escolar-2012-13-este-3-de-septiembre-de-2012-marca-el-principio-de-un-nuevo-curso-escolar-en-camerun\/"},"author":{"name":"Bilbao","@id":"https:\/\/www.itakaescolapios.org\/es\/#\/schema\/person\/d5b530ea20cbfbbd734611b2591f590c"},"headline":"Bafia - Rentr\u00e9e scolaire 2012-13. Ce 3 septembre 2012 marque le d\u00e9but d\u2019une nouvelle ann\u00e9e scolaire au Cameroun.","datePublished":"2012-09-03T14:39:23+00:00","dateModified":"2023-11-28T11:39:38+00:00","mainEntityOfPage":{"@id":"https:\/\/www.itakaescolapios.org\/fr\/2012\/09\/bafia-comienzo-del-ano-escolar-2012-13-este-3-de-septiembre-de-2012-marca-el-principio-de-un-nuevo-curso-escolar-en-camerun\/"},"wordCount":177,"publisher":{"@id":"https:\/\/www.itakaescolapios.org\/es\/#organization"},"image":{"@id":"https:\/\/www.itakaescolapios.org\/fr\/2012\/09\/bafia-comienzo-del-ano-escolar-2012-13-este-3-de-septiembre-de-2012-marca-el-principio-de-un-nuevo-curso-escolar-en-camerun\/#primaryimage"},"thumbnailUrl":"https:\/\/www.itakaescolapios.org\/wp-content\/uploads\/2012\/09\/NI\u00d1OS1.jpg","articleSection":["Cameroun"],"inLanguage":"fr-FR"},{"@type":"WebPage","@id":"https:\/\/www.itakaescolapios.org\/fr\/2012\/09\/bafia-comienzo-del-ano-escolar-2012-13-este-3-de-septiembre-de-2012-marca-el-principio-de-un-nuevo-curso-escolar-en-camerun\/","url":"https:\/\/www.itakaescolapios.org\/fr\/2012\/09\/bafia-comienzo-del-ano-escolar-2012-13-este-3-de-septiembre-de-2012-marca-el-principio-de-un-nuevo-curso-escolar-en-camerun\/","name":"Bafia - Comienzo del a\u00f1o escolar 2012-13. Este 3 de septiembre de 2012 marca el principio de un nuevo curso escolar en Camer\u00fan. - Itaka-Escolapios","isPartOf":{"@id":"https:\/\/www.itakaescolapios.org\/es\/#website"},"primaryImageOfPage":{"@id":"https:\/\/www.itakaescolapios.org\/fr\/2012\/09\/bafia-comienzo-del-ano-escolar-2012-13-este-3-de-septiembre-de-2012-marca-el-principio-de-un-nuevo-curso-escolar-en-camerun\/#primaryimage"},"image":{"@id":"https:\/\/www.itakaescolapios.org\/fr\/2012\/09\/bafia-comienzo-del-ano-escolar-2012-13-este-3-de-septiembre-de-2012-marca-el-principio-de-un-nuevo-curso-escolar-en-camerun\/#primaryimage"},"thumbnailUrl":"https:\/\/www.itakaescolapios.org\/wp-content\/uploads\/2012\/09\/NI\u00d1OS1.jpg","datePublished":"2012-09-03T14:39:23+00:00","dateModified":"2023-11-28T11:39:38+00:00","breadcrumb":{"@id":"https:\/\/www.itakaescolapios.org\/fr\/2012\/09\/bafia-comienzo-del-ano-escolar-2012-13-este-3-de-septiembre-de-2012-marca-el-principio-de-un-nuevo-curso-escolar-en-camerun\/#breadcrumb"},"inLanguage":"fr-FR","potentialAction":[{"@type":"ReadAction","target":["https:\/\/www.itakaescolapios.org\/fr\/2012\/09\/bafia-comienzo-del-ano-escolar-2012-13-este-3-de-septiembre-de-2012-marca-el-principio-de-un-nuevo-curso-escolar-en-camerun\/"]}]},{"@type":"ImageObject","inLanguage":"fr-FR","@id":"https:\/\/www.itakaescolapios.org\/fr\/2012\/09\/bafia-comienzo-del-ano-escolar-2012-13-este-3-de-septiembre-de-2012-marca-el-principio-de-un-nuevo-curso-escolar-en-camerun\/#primaryimage","url":"https:\/\/www.itakaescolapios.org\/wp-content\/uploads\/2012\/09\/NI\u00d1OS1.jpg","contentUrl":"https:\/\/www.itakaescolapios.org\/wp-content\/uploads\/2012\/09\/NI\u00d1OS1.jpg","width":"1299","height":"975"},{"@type":"BreadcrumbList","@id":"https:\/\/www.itakaescolapios.org\/fr\/2012\/09\/bafia-comienzo-del-ano-escolar-2012-13-este-3-de-septiembre-de-2012-marca-el-principio-de-un-nuevo-curso-escolar-en-camerun\/#breadcrumb","itemListElement":[{"@type":"ListItem","position":1,"name":"Itaka-Escolapios","item":"https:\/\/www.itakaescolapios.org\/es\/"},{"@type":"ListItem","position":2,"name":"Bafia - Rentr\u00e9e scolaire 2012-13. Ce 3 septembre 2012 marque le d\u00e9but d\u2019une nouvelle ann\u00e9e scolaire au Cameroun."}]},{"@type":"WebSite","@id":"https:\/\/www.itakaescolapios.org\/fr\/es\/#website","url":"https:\/\/www.itakaescolapios.org\/fr\/es\/","name":"Itaka-Escolapios","description":"Red de Itaka-Escolapios","publisher":{"@id":"https:\/\/www.itakaescolapios.org\/fr\/es\/#organization"},"potentialAction":[{"@type":"SearchAction","target":{"@type":"EntryPoint","urlTemplate":"https:\/\/www.itakaescolapios.org\/fr\/es\/?s={search_term_string}"},"query-input":{"@type":"PropertyValueSpecification","valueRequired":true,"valueName":"search_term_string"}}],"inLanguage":"fr-FR"},{"@type":"Organization","@id":"https:\/\/www.itakaescolapios.org\/fr\/es\/#organization","name":"Fundaci\u00f3 Itaka-Escolapios","url":"https:\/\/www.itakaescolapios.org\/fr\/es\/","logo":{"@type":"ImageObject","inLanguage":"fr-FR","@id":"https:\/\/www.itakaescolapios.org\/fr\/es\/#\/schema\/logo\/image\/","url":"https:\/\/www.itakaescolapios.org\/wp-content\/uploads\/2024\/04\/Logo-itakaescolapios-peque.png","contentUrl":"https:\/\/www.itakaescolapios.org\/wp-content\/uploads\/2024\/04\/Logo-itakaescolapios-peque.png","width":500,"height":199,"caption":"Fundaci\u00f3 Itaka-Escolapios"},"image":{"@id":"https:\/\/www.itakaescolapios.org\/fr\/es\/#\/schema\/logo\/image\/"}},{"@type":"Person","@id":"https:\/\/www.itakaescolapios.org\/es\/#\/schema\/person\/d5b530ea20cbfbbd734611b2591f590c","name":"Bilbao","url":"https:\/\/www.itakaescolapios.org\/fr\/author\/bilbao\/"}]}},"_links":{"self":[{"href":"https:\/\/www.itakaescolapios.org\/fr\/wp-json\/wp\/v2\/posts\/3046","targetHints":{"allow":["GET"]}}],"collection":[{"href":"https:\/\/www.itakaescolapios.org\/fr\/wp-json\/wp\/v2\/posts"}],"about":[{"href":"https:\/\/www.itakaescolapios.org\/fr\/wp-json\/wp\/v2\/types\/post"}],"author":[{"embeddable":true,"href":"https:\/\/www.itakaescolapios.org\/fr\/wp-json\/wp\/v2\/users\/3"}],"replies":[{"embeddable":true,"href":"https:\/\/www.itakaescolapios.org\/fr\/wp-json\/wp\/v2\/comments?post=3046"}],"version-history":[{"count":4,"href":"https:\/\/www.itakaescolapios.org\/fr\/wp-json\/wp\/v2\/posts\/3046\/revisions"}],"predecessor-version":[{"id":50038,"href":"https:\/\/www.itakaescolapios.org\/fr\/wp-json\/wp\/v2\/posts\/3046\/revisions\/50038"}],"wp:featuredmedia":[{"embeddable":true,"href":"https:\/\/www.itakaescolapios.org\/fr\/wp-json\/wp\/v2\/media\/3047"}],"wp:attachment":[{"href":"https:\/\/www.itakaescolapios.org\/fr\/wp-json\/wp\/v2\/media?parent=3046"}],"wp:term":[{"taxonomy":"category","embeddable":true,"href":"https:\/\/www.itakaescolapios.org\/fr\/wp-json\/wp\/v2\/categories?post=3046"},{"taxonomy":"post_tag","embeddable":true,"href":"https:\/\/www.itakaescolapios.org\/fr\/wp-json\/wp\/v2\/tags?post=3046"}],"curies":[{"name":"wp","href":"https:\/\/api.w.org\/{rel}","templated":true}]}}