{"id":3049,"date":"2012-09-03T15:41:03","date_gmt":"2012-09-03T14:41:03","guid":{"rendered":"https:\/\/www.itakaescolapios.org\/?p=3049"},"modified":"2023-11-28T12:39:38","modified_gmt":"2023-11-28T11:39:38","slug":"bamendjou-inicio-del-curso-escolar-las-escuelas-escolapias-de-bamendjou-empezaron-un-nuevo-curso-escolar-este-3-de-septiembre-de-2012","status":"publish","type":"post","link":"https:\/\/www.itakaescolapios.org\/fr\/2012\/09\/bamendjou-inicio-del-curso-escolar-las-escuelas-escolapias-de-bamendjou-empezaron-un-nuevo-curso-escolar-este-3-de-septiembre-de-2012\/","title":{"rendered":"Bamendjou - Rentr\u00e9e scolaire. Les \u00e9coles piaristes de Bamendjou ont d\u00e9marr\u00e9 une nouvelle ann\u00e9e scolaire ce 3 septembre 2012."},"content":{"rendered":"<p>Le principal changement se situe au niveau de l\u2019\u00e9cole saint Fabien de Mboum\u00a0; en effet les travaux de reconstruction sont achev\u00e9s, ainsi \u00e9l\u00e8ves et enseignants travaillent d\u00e9sormais dans un cadre plus digne\u00a0; il ne reste que quelques petites finitions. Merci \u00e0 toutes les personnes et institutions qui ont rendu possible cette importante am\u00e9lioration.<\/p>\n<p>De mani\u00e8re g\u00e9n\u00e9rale, toutes les six \u00e9coles ont rouvert leurs portes sans soucis majeur, comme ont pu le constater les diff\u00e9rents services locaux du Minist\u00e8re de l\u2019\u00c9ducation de Base lors de leur passage.<\/p>\n","protected":false},"excerpt":{"rendered":"<p>Le principal changement se situe au niveau de l\u2019\u00e9cole saint Fabien de Mboum\u00a0; en effet les travaux de reconstruction sont achev\u00e9s, ainsi \u00e9l\u00e8ves et enseignants travaillent d\u00e9sormais dans un cadre [&hellip;]<\/p>\n","protected":false},"author":3,"featured_media":3050,"comment_status":"closed","ping_status":"closed","sticky":false,"template":"","format":"standard","meta":{"_et_pb_use_builder":"","_et_pb_old_content":"","_et_gb_content_width":"","footnotes":""},"categories":[10],"tags":[],"class_list":["post-3049","post","type-post","status-publish","format-standard","has-post-thumbnail","hentry","category-camerun"],"yoast_head":"<!-- This site is optimized with the Yoast SEO plugin v27.4 - https:\/\/yoast.com\/product\/yoast-seo-wordpress\/ -->\n<title>Bamendjou - Rentr\u00e9e scolaire. Les \u00e9coles piaristes de Bamendjou ont d\u00e9marr\u00e9 une nouvelle ann\u00e9e scolaire ce 3 septembre 2012.<\/title>\n<meta name=\"description\" content=\"Le principal changement se situe au niveau de l\u2019\u00e9cole saint Fabien de Mboum\u00a0; en effet les travaux de reconstruction sont achev\u00e9s, ainsi \u00e9l\u00e8ves et enseignants travaillent d\u00e9sormais dans un cadre plus digne\u00a0; il ne reste que quelques petites finitions. Merci \u00e0 toutes les personnes et institutions qui ont rendu possible cette importante am\u00e9lioration. De mani\u00e8re\u2026\" \/>\n<meta name=\"robots\" content=\"index, follow, max-snippet:-1, max-image-preview:large, max-video-preview:-1\" \/>\n<link rel=\"canonical\" href=\"http:\/\/Le%20principal%20changement%20se%20situe%20au%20niveau%20de%20l\u2019\u00e9cole%20saint%20Fabien%20de%20Mboum\u00a0;%20en%20effet%20les%20travaux%20de%20reconstruction%20sont%20achev\u00e9s,%20ainsi%20\u00e9l\u00e8ves%20et%20enseignants%20travaillent%20d\u00e9sormais%20dans%20un%20cadre%20plus%20digne\u00a0;%20il%20ne%20reste%20que%20quelques%20petites%20finitions.%20Merci%20\u00e0%20toutes%20les%20personnes%20et%20institutions%20qui%20ont%20rendu%20possible%20cette%20importante%20am\u00e9lioration.%20De%20mani\u00e8re\u2026\" \/>\n<meta property=\"og:locale\" content=\"fr_FR\" \/>\n<meta property=\"og:type\" content=\"article\" \/>\n<meta property=\"og:title\" content=\"Bamendjou - Rentr\u00e9e scolaire. Les \u00e9coles piaristes de Bamendjou ont d\u00e9marr\u00e9 une nouvelle ann\u00e9e scolaire ce 3 septembre 2012.\" \/>\n<meta property=\"og:description\" content=\"Le principal changement se situe au niveau de l\u2019\u00e9cole saint Fabien de Mboum\u00a0; en effet les travaux de reconstruction sont achev\u00e9s, ainsi \u00e9l\u00e8ves et enseignants travaillent d\u00e9sormais dans un cadre plus digne\u00a0; il ne reste que quelques petites finitions. Merci \u00e0 toutes les personnes et institutions qui ont rendu possible cette importante am\u00e9lioration. De mani\u00e8re\u2026\" \/>\n<meta property=\"og:url\" content=\"https:\/\/www.itakaescolapios.org\/fr\/2012\/09\/bamendjou-inicio-del-curso-escolar-las-escuelas-escolapias-de-bamendjou-empezaron-un-nuevo-curso-escolar-este-3-de-septiembre-de-2012\/\" \/>\n<meta property=\"og:site_name\" content=\"Itaka-Escolapios\" \/>\n<meta property=\"article:published_time\" content=\"2012-09-03T14:41:03+00:00\" \/>\n<meta property=\"article:modified_time\" content=\"2023-11-28T11:39:38+00:00\" \/>\n<meta property=\"og:image\" content=\"https:\/\/www.itakaescolapios.org\/wp-content\/uploads\/2012\/09\/BAMENDJOU.jpg\" \/>\n\t<meta property=\"og:image:width\" content=\"1024\" \/>\n\t<meta property=\"og:image:height\" content=\"768\" \/>\n\t<meta property=\"og:image:type\" content=\"image\/jpeg\" \/>\n<meta name=\"author\" content=\"Bilbao\" \/>\n<meta name=\"twitter:card\" content=\"summary_large_image\" \/>\n<meta name=\"twitter:label1\" content=\"\u00c9crit par\" \/>\n\t<meta name=\"twitter:data1\" content=\"Bilbao\" \/>\n<script type=\"application\/ld+json\" class=\"yoast-schema-graph\">{\"@context\":\"https:\\\/\\\/schema.org\",\"@graph\":[{\"@type\":\"Article\",\"@id\":\"https:\\\/\\\/www.itakaescolapios.org\\\/fr\\\/2012\\\/09\\\/bamendjou-inicio-del-curso-escolar-las-escuelas-escolapias-de-bamendjou-empezaron-un-nuevo-curso-escolar-este-3-de-septiembre-de-2012\\\/#article\",\"isPartOf\":{\"@id\":\"https:\\\/\\\/www.itakaescolapios.org\\\/fr\\\/2012\\\/09\\\/bamendjou-inicio-del-curso-escolar-las-escuelas-escolapias-de-bamendjou-empezaron-un-nuevo-curso-escolar-este-3-de-septiembre-de-2012\\\/\"},\"author\":{\"name\":\"Bilbao\",\"@id\":\"https:\\\/\\\/www.itakaescolapios.org\\\/es\\\/#\\\/schema\\\/person\\\/d5b530ea20cbfbbd734611b2591f590c\"},\"headline\":\"Bamendjou - Rentr\u00e9e scolaire. Les \u00e9coles piaristes de Bamendjou ont d\u00e9marr\u00e9 une nouvelle ann\u00e9e scolaire ce 3 septembre 2012.\",\"datePublished\":\"2012-09-03T14:41:03+00:00\",\"dateModified\":\"2023-11-28T11:39:38+00:00\",\"mainEntityOfPage\":{\"@id\":\"https:\\\/\\\/www.itakaescolapios.org\\\/fr\\\/2012\\\/09\\\/bamendjou-inicio-del-curso-escolar-las-escuelas-escolapias-de-bamendjou-empezaron-un-nuevo-curso-escolar-este-3-de-septiembre-de-2012\\\/\"},\"wordCount\":112,\"publisher\":{\"@id\":\"https:\\\/\\\/www.itakaescolapios.org\\\/es\\\/#organization\"},\"image\":{\"@id\":\"https:\\\/\\\/www.itakaescolapios.org\\\/fr\\\/2012\\\/09\\\/bamendjou-inicio-del-curso-escolar-las-escuelas-escolapias-de-bamendjou-empezaron-un-nuevo-curso-escolar-este-3-de-septiembre-de-2012\\\/#primaryimage\"},\"thumbnailUrl\":\"https:\\\/\\\/www.itakaescolapios.org\\\/wp-content\\\/uploads\\\/2012\\\/09\\\/BAMENDJOU.jpg\",\"articleSection\":[\"Cameroun\"],\"inLanguage\":\"fr-FR\"},{\"@type\":\"WebPage\",\"@id\":\"https:\\\/\\\/www.itakaescolapios.org\\\/fr\\\/2012\\\/09\\\/bamendjou-inicio-del-curso-escolar-las-escuelas-escolapias-de-bamendjou-empezaron-un-nuevo-curso-escolar-este-3-de-septiembre-de-2012\\\/\",\"url\":\"https:\\\/\\\/www.itakaescolapios.org\\\/fr\\\/2012\\\/09\\\/bamendjou-inicio-del-curso-escolar-las-escuelas-escolapias-de-bamendjou-empezaron-un-nuevo-curso-escolar-este-3-de-septiembre-de-2012\\\/\",\"name\":\"Bamendjou - Inicio del curso escolar. Las escuelas escolapias de Bamendjou empezaron un nuevo curso escolar este 3 de septiembre de 2012. - Itaka-Escolapios\",\"isPartOf\":{\"@id\":\"https:\\\/\\\/www.itakaescolapios.org\\\/es\\\/#website\"},\"primaryImageOfPage\":{\"@id\":\"https:\\\/\\\/www.itakaescolapios.org\\\/fr\\\/2012\\\/09\\\/bamendjou-inicio-del-curso-escolar-las-escuelas-escolapias-de-bamendjou-empezaron-un-nuevo-curso-escolar-este-3-de-septiembre-de-2012\\\/#primaryimage\"},\"image\":{\"@id\":\"https:\\\/\\\/www.itakaescolapios.org\\\/fr\\\/2012\\\/09\\\/bamendjou-inicio-del-curso-escolar-las-escuelas-escolapias-de-bamendjou-empezaron-un-nuevo-curso-escolar-este-3-de-septiembre-de-2012\\\/#primaryimage\"},\"thumbnailUrl\":\"https:\\\/\\\/www.itakaescolapios.org\\\/wp-content\\\/uploads\\\/2012\\\/09\\\/BAMENDJOU.jpg\",\"datePublished\":\"2012-09-03T14:41:03+00:00\",\"dateModified\":\"2023-11-28T11:39:38+00:00\",\"breadcrumb\":{\"@id\":\"https:\\\/\\\/www.itakaescolapios.org\\\/fr\\\/2012\\\/09\\\/bamendjou-inicio-del-curso-escolar-las-escuelas-escolapias-de-bamendjou-empezaron-un-nuevo-curso-escolar-este-3-de-septiembre-de-2012\\\/#breadcrumb\"},\"inLanguage\":\"fr-FR\",\"potentialAction\":[{\"@type\":\"ReadAction\",\"target\":[\"https:\\\/\\\/www.itakaescolapios.org\\\/fr\\\/2012\\\/09\\\/bamendjou-inicio-del-curso-escolar-las-escuelas-escolapias-de-bamendjou-empezaron-un-nuevo-curso-escolar-este-3-de-septiembre-de-2012\\\/\"]}]},{\"@type\":\"ImageObject\",\"inLanguage\":\"fr-FR\",\"@id\":\"https:\\\/\\\/www.itakaescolapios.org\\\/fr\\\/2012\\\/09\\\/bamendjou-inicio-del-curso-escolar-las-escuelas-escolapias-de-bamendjou-empezaron-un-nuevo-curso-escolar-este-3-de-septiembre-de-2012\\\/#primaryimage\",\"url\":\"https:\\\/\\\/www.itakaescolapios.org\\\/wp-content\\\/uploads\\\/2012\\\/09\\\/BAMENDJOU.jpg\",\"contentUrl\":\"https:\\\/\\\/www.itakaescolapios.org\\\/wp-content\\\/uploads\\\/2012\\\/09\\\/BAMENDJOU.jpg\",\"width\":\"1024\",\"height\":\"768\"},{\"@type\":\"BreadcrumbList\",\"@id\":\"https:\\\/\\\/www.itakaescolapios.org\\\/fr\\\/2012\\\/09\\\/bamendjou-inicio-del-curso-escolar-las-escuelas-escolapias-de-bamendjou-empezaron-un-nuevo-curso-escolar-este-3-de-septiembre-de-2012\\\/#breadcrumb\",\"itemListElement\":[{\"@type\":\"ListItem\",\"position\":1,\"name\":\"Itaka-Escolapios\",\"item\":\"https:\\\/\\\/www.itakaescolapios.org\\\/es\\\/\"},{\"@type\":\"ListItem\",\"position\":2,\"name\":\"Bamendjou - Rentr\u00e9e scolaire. Les \u00e9coles piaristes de Bamendjou ont d\u00e9marr\u00e9 une nouvelle ann\u00e9e scolaire ce 3 septembre 2012.\"}]},{\"@type\":\"WebSite\",\"@id\":\"https:\\\/\\\/www.itakaescolapios.org\\\/fr\\\/es\\\/#website\",\"url\":\"https:\\\/\\\/www.itakaescolapios.org\\\/fr\\\/es\\\/\",\"name\":\"Itaka-Escolapios\",\"description\":\"Red de Itaka-Escolapios\",\"publisher\":{\"@id\":\"https:\\\/\\\/www.itakaescolapios.org\\\/fr\\\/es\\\/#organization\"},\"potentialAction\":[{\"@type\":\"SearchAction\",\"target\":{\"@type\":\"EntryPoint\",\"urlTemplate\":\"https:\\\/\\\/www.itakaescolapios.org\\\/fr\\\/es\\\/?s={search_term_string}\"},\"query-input\":{\"@type\":\"PropertyValueSpecification\",\"valueRequired\":true,\"valueName\":\"search_term_string\"}}],\"inLanguage\":\"fr-FR\"},{\"@type\":\"Organization\",\"@id\":\"https:\\\/\\\/www.itakaescolapios.org\\\/fr\\\/es\\\/#organization\",\"name\":\"Fundaci\u00f3 Itaka-Escolapios\",\"url\":\"https:\\\/\\\/www.itakaescolapios.org\\\/fr\\\/es\\\/\",\"logo\":{\"@type\":\"ImageObject\",\"inLanguage\":\"fr-FR\",\"@id\":\"https:\\\/\\\/www.itakaescolapios.org\\\/fr\\\/es\\\/#\\\/schema\\\/logo\\\/image\\\/\",\"url\":\"https:\\\/\\\/www.itakaescolapios.org\\\/wp-content\\\/uploads\\\/2024\\\/04\\\/Logo-itakaescolapios-peque.png\",\"contentUrl\":\"https:\\\/\\\/www.itakaescolapios.org\\\/wp-content\\\/uploads\\\/2024\\\/04\\\/Logo-itakaescolapios-peque.png\",\"width\":500,\"height\":199,\"caption\":\"Fundaci\u00f3 Itaka-Escolapios\"},\"image\":{\"@id\":\"https:\\\/\\\/www.itakaescolapios.org\\\/fr\\\/es\\\/#\\\/schema\\\/logo\\\/image\\\/\"}},{\"@type\":\"Person\",\"@id\":\"https:\\\/\\\/www.itakaescolapios.org\\\/es\\\/#\\\/schema\\\/person\\\/d5b530ea20cbfbbd734611b2591f590c\",\"name\":\"Bilbao\",\"url\":\"https:\\\/\\\/www.itakaescolapios.org\\\/fr\\\/author\\\/bilbao\\\/\"}]}<\/script>\n<!-- \/ Yoast SEO plugin. -->","yoast_head_json":{"title":"Bamendjou - Rentr\u00e9e scolaire. Les \u00e9coles piaristes de Bamendjou ont d\u00e9marr\u00e9 une nouvelle ann\u00e9e scolaire ce 3 septembre 2012.","description":"Le principal changement se situe au niveau de l\u2019\u00e9cole saint Fabien de Mboum\u00a0; en effet les travaux de reconstruction sont achev\u00e9s, ainsi \u00e9l\u00e8ves et enseignants travaillent d\u00e9sormais dans un cadre plus digne\u00a0; il ne reste que quelques petites finitions. Merci \u00e0 toutes les personnes et institutions qui ont rendu possible cette importante am\u00e9lioration. De mani\u00e8re\u2026","robots":{"index":"index","follow":"follow","max-snippet":"max-snippet:-1","max-image-preview":"max-image-preview:large","max-video-preview":"max-video-preview:-1"},"canonical":"Le principal changement se situe au niveau de l\u2019\u00e9cole saint Fabien de Mboum\u00a0; en effet les travaux de reconstruction sont achev\u00e9s, ainsi \u00e9l\u00e8ves et enseignants travaillent d\u00e9sormais dans un cadre plus digne\u00a0; il ne reste que quelques petites finitions. Merci \u00e0 toutes les personnes et institutions qui ont rendu possible cette importante am\u00e9lioration. De mani\u00e8re\u2026","og_locale":"fr_FR","og_type":"article","og_title":"Bamendjou - Rentr\u00e9e scolaire. Les \u00e9coles piaristes de Bamendjou ont d\u00e9marr\u00e9 une nouvelle ann\u00e9e scolaire ce 3 septembre 2012.","og_description":"Le principal changement se situe au niveau de l\u2019\u00e9cole saint Fabien de Mboum\u00a0; en effet les travaux de reconstruction sont achev\u00e9s, ainsi \u00e9l\u00e8ves et enseignants travaillent d\u00e9sormais dans un cadre plus digne\u00a0; il ne reste que quelques petites finitions. Merci \u00e0 toutes les personnes et institutions qui ont rendu possible cette importante am\u00e9lioration. De mani\u00e8re\u2026","og_url":"https:\/\/www.itakaescolapios.org\/fr\/2012\/09\/bamendjou-inicio-del-curso-escolar-las-escuelas-escolapias-de-bamendjou-empezaron-un-nuevo-curso-escolar-este-3-de-septiembre-de-2012\/","og_site_name":"Itaka-Escolapios","article_published_time":"2012-09-03T14:41:03+00:00","article_modified_time":"2023-11-28T11:39:38+00:00","og_image":[{"width":1024,"height":768,"url":"https:\/\/www.itakaescolapios.org\/wp-content\/uploads\/2012\/09\/BAMENDJOU.jpg","type":"image\/jpeg"}],"author":"Bilbao","twitter_card":"summary_large_image","twitter_misc":{"\u00c9crit par":"Bilbao"},"schema":{"@context":"https:\/\/schema.org","@graph":[{"@type":"Article","@id":"https:\/\/www.itakaescolapios.org\/fr\/2012\/09\/bamendjou-inicio-del-curso-escolar-las-escuelas-escolapias-de-bamendjou-empezaron-un-nuevo-curso-escolar-este-3-de-septiembre-de-2012\/#article","isPartOf":{"@id":"https:\/\/www.itakaescolapios.org\/fr\/2012\/09\/bamendjou-inicio-del-curso-escolar-las-escuelas-escolapias-de-bamendjou-empezaron-un-nuevo-curso-escolar-este-3-de-septiembre-de-2012\/"},"author":{"name":"Bilbao","@id":"https:\/\/www.itakaescolapios.org\/es\/#\/schema\/person\/d5b530ea20cbfbbd734611b2591f590c"},"headline":"Bamendjou - Rentr\u00e9e scolaire. Les \u00e9coles piaristes de Bamendjou ont d\u00e9marr\u00e9 une nouvelle ann\u00e9e scolaire ce 3 septembre 2012.","datePublished":"2012-09-03T14:41:03+00:00","dateModified":"2023-11-28T11:39:38+00:00","mainEntityOfPage":{"@id":"https:\/\/www.itakaescolapios.org\/fr\/2012\/09\/bamendjou-inicio-del-curso-escolar-las-escuelas-escolapias-de-bamendjou-empezaron-un-nuevo-curso-escolar-este-3-de-septiembre-de-2012\/"},"wordCount":112,"publisher":{"@id":"https:\/\/www.itakaescolapios.org\/es\/#organization"},"image":{"@id":"https:\/\/www.itakaescolapios.org\/fr\/2012\/09\/bamendjou-inicio-del-curso-escolar-las-escuelas-escolapias-de-bamendjou-empezaron-un-nuevo-curso-escolar-este-3-de-septiembre-de-2012\/#primaryimage"},"thumbnailUrl":"https:\/\/www.itakaescolapios.org\/wp-content\/uploads\/2012\/09\/BAMENDJOU.jpg","articleSection":["Cameroun"],"inLanguage":"fr-FR"},{"@type":"WebPage","@id":"https:\/\/www.itakaescolapios.org\/fr\/2012\/09\/bamendjou-inicio-del-curso-escolar-las-escuelas-escolapias-de-bamendjou-empezaron-un-nuevo-curso-escolar-este-3-de-septiembre-de-2012\/","url":"https:\/\/www.itakaescolapios.org\/fr\/2012\/09\/bamendjou-inicio-del-curso-escolar-las-escuelas-escolapias-de-bamendjou-empezaron-un-nuevo-curso-escolar-este-3-de-septiembre-de-2012\/","name":"Bamendjou - Inicio del curso escolar. Las escuelas escolapias de Bamendjou empezaron un nuevo curso escolar este 3 de septiembre de 2012. - Itaka-Escolapios","isPartOf":{"@id":"https:\/\/www.itakaescolapios.org\/es\/#website"},"primaryImageOfPage":{"@id":"https:\/\/www.itakaescolapios.org\/fr\/2012\/09\/bamendjou-inicio-del-curso-escolar-las-escuelas-escolapias-de-bamendjou-empezaron-un-nuevo-curso-escolar-este-3-de-septiembre-de-2012\/#primaryimage"},"image":{"@id":"https:\/\/www.itakaescolapios.org\/fr\/2012\/09\/bamendjou-inicio-del-curso-escolar-las-escuelas-escolapias-de-bamendjou-empezaron-un-nuevo-curso-escolar-este-3-de-septiembre-de-2012\/#primaryimage"},"thumbnailUrl":"https:\/\/www.itakaescolapios.org\/wp-content\/uploads\/2012\/09\/BAMENDJOU.jpg","datePublished":"2012-09-03T14:41:03+00:00","dateModified":"2023-11-28T11:39:38+00:00","breadcrumb":{"@id":"https:\/\/www.itakaescolapios.org\/fr\/2012\/09\/bamendjou-inicio-del-curso-escolar-las-escuelas-escolapias-de-bamendjou-empezaron-un-nuevo-curso-escolar-este-3-de-septiembre-de-2012\/#breadcrumb"},"inLanguage":"fr-FR","potentialAction":[{"@type":"ReadAction","target":["https:\/\/www.itakaescolapios.org\/fr\/2012\/09\/bamendjou-inicio-del-curso-escolar-las-escuelas-escolapias-de-bamendjou-empezaron-un-nuevo-curso-escolar-este-3-de-septiembre-de-2012\/"]}]},{"@type":"ImageObject","inLanguage":"fr-FR","@id":"https:\/\/www.itakaescolapios.org\/fr\/2012\/09\/bamendjou-inicio-del-curso-escolar-las-escuelas-escolapias-de-bamendjou-empezaron-un-nuevo-curso-escolar-este-3-de-septiembre-de-2012\/#primaryimage","url":"https:\/\/www.itakaescolapios.org\/wp-content\/uploads\/2012\/09\/BAMENDJOU.jpg","contentUrl":"https:\/\/www.itakaescolapios.org\/wp-content\/uploads\/2012\/09\/BAMENDJOU.jpg","width":"1024","height":"768"},{"@type":"BreadcrumbList","@id":"https:\/\/www.itakaescolapios.org\/fr\/2012\/09\/bamendjou-inicio-del-curso-escolar-las-escuelas-escolapias-de-bamendjou-empezaron-un-nuevo-curso-escolar-este-3-de-septiembre-de-2012\/#breadcrumb","itemListElement":[{"@type":"ListItem","position":1,"name":"Itaka-Escolapios","item":"https:\/\/www.itakaescolapios.org\/es\/"},{"@type":"ListItem","position":2,"name":"Bamendjou - Rentr\u00e9e scolaire. Les \u00e9coles piaristes de Bamendjou ont d\u00e9marr\u00e9 une nouvelle ann\u00e9e scolaire ce 3 septembre 2012."}]},{"@type":"WebSite","@id":"https:\/\/www.itakaescolapios.org\/fr\/es\/#website","url":"https:\/\/www.itakaescolapios.org\/fr\/es\/","name":"Itaka-Escolapios","description":"Red de Itaka-Escolapios","publisher":{"@id":"https:\/\/www.itakaescolapios.org\/fr\/es\/#organization"},"potentialAction":[{"@type":"SearchAction","target":{"@type":"EntryPoint","urlTemplate":"https:\/\/www.itakaescolapios.org\/fr\/es\/?s={search_term_string}"},"query-input":{"@type":"PropertyValueSpecification","valueRequired":true,"valueName":"search_term_string"}}],"inLanguage":"fr-FR"},{"@type":"Organization","@id":"https:\/\/www.itakaescolapios.org\/fr\/es\/#organization","name":"Fundaci\u00f3 Itaka-Escolapios","url":"https:\/\/www.itakaescolapios.org\/fr\/es\/","logo":{"@type":"ImageObject","inLanguage":"fr-FR","@id":"https:\/\/www.itakaescolapios.org\/fr\/es\/#\/schema\/logo\/image\/","url":"https:\/\/www.itakaescolapios.org\/wp-content\/uploads\/2024\/04\/Logo-itakaescolapios-peque.png","contentUrl":"https:\/\/www.itakaescolapios.org\/wp-content\/uploads\/2024\/04\/Logo-itakaescolapios-peque.png","width":500,"height":199,"caption":"Fundaci\u00f3 Itaka-Escolapios"},"image":{"@id":"https:\/\/www.itakaescolapios.org\/fr\/es\/#\/schema\/logo\/image\/"}},{"@type":"Person","@id":"https:\/\/www.itakaescolapios.org\/es\/#\/schema\/person\/d5b530ea20cbfbbd734611b2591f590c","name":"Bilbao","url":"https:\/\/www.itakaescolapios.org\/fr\/author\/bilbao\/"}]}},"_links":{"self":[{"href":"https:\/\/www.itakaescolapios.org\/fr\/wp-json\/wp\/v2\/posts\/3049","targetHints":{"allow":["GET"]}}],"collection":[{"href":"https:\/\/www.itakaescolapios.org\/fr\/wp-json\/wp\/v2\/posts"}],"about":[{"href":"https:\/\/www.itakaescolapios.org\/fr\/wp-json\/wp\/v2\/types\/post"}],"author":[{"embeddable":true,"href":"https:\/\/www.itakaescolapios.org\/fr\/wp-json\/wp\/v2\/users\/3"}],"replies":[{"embeddable":true,"href":"https:\/\/www.itakaescolapios.org\/fr\/wp-json\/wp\/v2\/comments?post=3049"}],"version-history":[{"count":4,"href":"https:\/\/www.itakaescolapios.org\/fr\/wp-json\/wp\/v2\/posts\/3049\/revisions"}],"predecessor-version":[{"id":50036,"href":"https:\/\/www.itakaescolapios.org\/fr\/wp-json\/wp\/v2\/posts\/3049\/revisions\/50036"}],"wp:featuredmedia":[{"embeddable":true,"href":"https:\/\/www.itakaescolapios.org\/fr\/wp-json\/wp\/v2\/media\/3050"}],"wp:attachment":[{"href":"https:\/\/www.itakaescolapios.org\/fr\/wp-json\/wp\/v2\/media?parent=3049"}],"wp:term":[{"taxonomy":"category","embeddable":true,"href":"https:\/\/www.itakaescolapios.org\/fr\/wp-json\/wp\/v2\/categories?post=3049"},{"taxonomy":"post_tag","embeddable":true,"href":"https:\/\/www.itakaescolapios.org\/fr\/wp-json\/wp\/v2\/tags?post=3049"}],"curies":[{"name":"wp","href":"https:\/\/api.w.org\/{rel}","templated":true}]}}