{"id":31156,"date":"2020-06-29T11:52:25","date_gmt":"2020-06-29T10:52:25","guid":{"rendered":"https:\/\/www.itakaescolapios.org\/?p=31156"},"modified":"2023-11-28T12:36:16","modified_gmt":"2023-11-28T11:36:16","slug":"convocatoria-del-iv-consejo-asesor-de-la-red-itaka-escolapios","status":"publish","type":"post","link":"https:\/\/www.itakaescolapios.org\/fr\/2020\/06\/convocatoria-del-iv-consejo-asesor-de-la-red-itaka-escolapios\/","title":{"rendered":"IVe CONSEIL CONSULTATIF D\u00b4ITAKA - ESCOLAPIOS"},"content":{"rendered":"<p><strong>AUX RESPONSABLES D\u00c9MARCATIONNELS ET DES \u00c9QUIPES G\u00c9N\u00c9RALES DU R\u00c9SEAU ITAKA-ESCOLAPIOS<\/strong><\/p>\n<p>De la Commission Ex\u00e9cutive, nous communiquons aux responsables d\u00e9marcationnels et des \u00e9quipes g\u00e9n\u00e9rales du R\u00e9seau, qu\u2019en accord avec l&rsquo;Ordre et la Fraternit\u00e9 G\u00e9n\u00e9rale, <strong>le IVe Conseil Consultatif d&rsquo;Itaka-Escolapios se tiendra \u00e0 Oaxaca (Mexique) du 8 au 11 mars 2021<\/strong>.<\/p>\n<p>Compte tenu de l&rsquo;\u00e9troite collaboration entre la Fraternit\u00e9 et Itaka-Escolapios, et dans le but d&rsquo;optimiser les d\u00e9placements et de minimiser les co\u00fbts, nous avons convenu de tenir l&rsquo;Assembl\u00e9e de la Fraternit\u00e9 G\u00e9n\u00e9rale et le Conseil Consultatif d&rsquo;Itaka-Escolapios en un lieu commun et \u00e0 des dates cons\u00e9cutives. Pour ce qui est de l&rsquo;Assembl\u00e9e de la Fraternit\u00e9 G\u00e9n\u00e9rale, elle se d\u00e9roulera donc au m\u00eame endroit mais les jours pr\u00e9c\u00e9dents, c\u2019est-\u00e0-dire du 3 au 6 mars.<\/p>\n<p>Prochainement et selon les avanc\u00e9es concr\u00e8tes de la Commission Ex\u00e9cutive, suivant les directives du Patronat, nous vous donnerons plus de d\u00e9tails sur la proposition des participants au Conseil Consultatif et les modalit\u00e9s de participation \u00e0 la rencontre. L&rsquo;objectif est d&rsquo;assurer une large repr\u00e9sentativit\u00e9 au cours de cette r\u00e9union, ainsi que l&rsquo;efficacit\u00e9 des d\u00e9placements y aff\u00e9rents et donc n\u00e9cessaires. Aussi, nous pr\u00e9ciserons \u00a0progressivement les travaux pr\u00e9paratoires et les contributions en vue du Conseil Consultatif par les diff\u00e9rentes \u00e9quipes d\u00e9marcationnelles et du R\u00e9seau.<\/p>\n<p>Nous serons donc en communication constante.<\/p>\n<p>Merci pour votre travail, beaucoup de courage et salutations fraternelles en Calasanz.<\/p>\n<p>Cordialement, la Commission Ex\u00e9cutive d&rsquo;Itaka-Escolapios<\/p>\n","protected":false},"excerpt":{"rendered":"<p>AUX RESPONSABLES D\u00c9MARCATIONNELS ET DES \u00c9QUIPES G\u00c9N\u00c9RALES DU R\u00c9SEAU ITAKA-ESCOLAPIOS De la Commission Ex\u00e9cutive, nous communiquons aux responsables d\u00e9marcationnels et des \u00e9quipes g\u00e9n\u00e9rales du R\u00e9seau, qu\u2019en accord avec l&rsquo;Ordre et [&hellip;]<\/p>\n","protected":false},"author":4,"featured_media":31157,"comment_status":"closed","ping_status":"closed","sticky":false,"template":"","format":"standard","meta":{"_et_pb_use_builder":"","_et_pb_old_content":"","_et_gb_content_width":"","footnotes":""},"categories":[30],"tags":[],"class_list":["post-31156","post","type-post","status-publish","format-standard","has-post-thumbnail","hentry","category-itaka-escolapios"],"yoast_head":"<!-- This site is optimized with the Yoast SEO plugin v27.4 - https:\/\/yoast.com\/product\/yoast-seo-wordpress\/ -->\n<title>IVe CONSEIL CONSULTATIF D\u00b4ITAKA - ESCOLAPIOS<\/title>\n<meta name=\"description\" content=\"AUX RESPONSABLES D\u00c9MARCATIONNELS ET DES \u00c9QUIPES G\u00c9N\u00c9RALES DU R\u00c9SEAU ITAKA-ESCOLAPIOS De la Commission Ex\u00e9cutive, nous communiquons aux responsables d\u00e9marcationnels et des \u00e9quipes g\u00e9n\u00e9rales du R\u00e9seau, qu\u2019en accord avec l&#039;Ordre et la Fraternit\u00e9 G\u00e9n\u00e9rale, le IVe Conseil Consultatif d&#039;Itaka-Escolapios se tiendra \u00e0 Oaxaca (Mexique) du 8 au 11 mars 2021. Compte tenu de l&#039;\u00e9troite collaboration entre\u2026\" \/>\n<meta name=\"robots\" content=\"index, follow, max-snippet:-1, max-image-preview:large, max-video-preview:-1\" \/>\n<link rel=\"canonical\" href=\"http:\/\/AUX%20RESPONSABLES%20D\u00c9MARCATIONNELS%20ET%20DES%20\u00c9QUIPES%20G\u00c9N\u00c9RALES%20DU%20R\u00c9SEAU%20ITAKA-ESCOLAPIOS%20De%20la%20Commission%20Ex\u00e9cutive,%20nous%20communiquons%20aux%20responsables%20d\u00e9marcationnels%20et%20des%20\u00e9quipes%20g\u00e9n\u00e9rales%20du%20R\u00e9seau,%20qu\u2019en%20accord%20avec%20l'Ordre%20et%20la%20Fraternit\u00e9%20G\u00e9n\u00e9rale,%20le%20IVe%20Conseil%20Consultatif%20d'Itaka-Escolapios%20se%20tiendra%20\u00e0%20Oaxaca%20(Mexique)%20du%208%20au%2011%20mars%202021.%20Compte%20tenu%20de%20l'\u00e9troite%20collaboration%20entre\u2026\" \/>\n<meta property=\"og:locale\" content=\"fr_FR\" \/>\n<meta property=\"og:type\" content=\"article\" \/>\n<meta property=\"og:title\" content=\"IVe CONSEIL CONSULTATIF D\u00b4ITAKA - ESCOLAPIOS\" \/>\n<meta property=\"og:description\" content=\"AUX RESPONSABLES D\u00c9MARCATIONNELS ET DES \u00c9QUIPES G\u00c9N\u00c9RALES DU R\u00c9SEAU ITAKA-ESCOLAPIOS De la Commission Ex\u00e9cutive, nous communiquons aux responsables d\u00e9marcationnels et des \u00e9quipes g\u00e9n\u00e9rales du R\u00e9seau, qu\u2019en accord avec l&#039;Ordre et la Fraternit\u00e9 G\u00e9n\u00e9rale, le IVe Conseil Consultatif d&#039;Itaka-Escolapios se tiendra \u00e0 Oaxaca (Mexique) du 8 au 11 mars 2021. Compte tenu de l&#039;\u00e9troite collaboration entre\u2026\" \/>\n<meta property=\"og:url\" content=\"https:\/\/www.itakaescolapios.org\/fr\/2020\/06\/convocatoria-del-iv-consejo-asesor-de-la-red-itaka-escolapios\/\" \/>\n<meta property=\"og:site_name\" content=\"Itaka-Escolapios\" \/>\n<meta property=\"article:published_time\" content=\"2020-06-29T10:52:25+00:00\" \/>\n<meta property=\"article:modified_time\" content=\"2023-11-28T11:36:16+00:00\" \/>\n<meta property=\"og:image\" content=\"https:\/\/www.itakaescolapios.org\/wp-content\/uploads\/2020\/06\/red-itaka-logo-3.jpg\" \/>\n\t<meta property=\"og:image:width\" content=\"2000\" \/>\n\t<meta property=\"og:image:height\" content=\"867\" \/>\n\t<meta property=\"og:image:type\" content=\"image\/jpeg\" \/>\n<meta name=\"author\" content=\"itaka\" \/>\n<meta name=\"twitter:card\" content=\"summary_large_image\" \/>\n<meta name=\"twitter:label1\" content=\"\u00c9crit par\" \/>\n\t<meta name=\"twitter:data1\" content=\"itaka\" \/>\n\t<meta name=\"twitter:label2\" content=\"Dur\u00e9e de lecture estim\u00e9e\" \/>\n\t<meta name=\"twitter:data2\" content=\"1 minute\" \/>\n<script type=\"application\/ld+json\" class=\"yoast-schema-graph\">{\"@context\":\"https:\\\/\\\/schema.org\",\"@graph\":[{\"@type\":\"Article\",\"@id\":\"https:\\\/\\\/www.itakaescolapios.org\\\/fr\\\/2020\\\/06\\\/convocatoria-del-iv-consejo-asesor-de-la-red-itaka-escolapios\\\/#article\",\"isPartOf\":{\"@id\":\"https:\\\/\\\/www.itakaescolapios.org\\\/fr\\\/2020\\\/06\\\/convocatoria-del-iv-consejo-asesor-de-la-red-itaka-escolapios\\\/\"},\"author\":{\"name\":\"itaka\",\"@id\":\"https:\\\/\\\/www.itakaescolapios.org\\\/es\\\/#\\\/schema\\\/person\\\/670123daeb1cc31cae1b106740036ccb\"},\"headline\":\"IVe CONSEIL CONSULTATIF D\u00b4ITAKA - ESCOLAPIOS\",\"datePublished\":\"2020-06-29T10:52:25+00:00\",\"dateModified\":\"2023-11-28T11:36:16+00:00\",\"mainEntityOfPage\":{\"@id\":\"https:\\\/\\\/www.itakaescolapios.org\\\/fr\\\/2020\\\/06\\\/convocatoria-del-iv-consejo-asesor-de-la-red-itaka-escolapios\\\/\"},\"wordCount\":244,\"publisher\":{\"@id\":\"https:\\\/\\\/www.itakaescolapios.org\\\/es\\\/#organization\"},\"image\":{\"@id\":\"https:\\\/\\\/www.itakaescolapios.org\\\/fr\\\/2020\\\/06\\\/convocatoria-del-iv-consejo-asesor-de-la-red-itaka-escolapios\\\/#primaryimage\"},\"thumbnailUrl\":\"https:\\\/\\\/www.itakaescolapios.org\\\/wp-content\\\/uploads\\\/2020\\\/06\\\/red-itaka-logo-3.jpg\",\"articleSection\":[\"Itaka Escolapios\"],\"inLanguage\":\"fr-FR\"},{\"@type\":\"WebPage\",\"@id\":\"https:\\\/\\\/www.itakaescolapios.org\\\/fr\\\/2020\\\/06\\\/convocatoria-del-iv-consejo-asesor-de-la-red-itaka-escolapios\\\/\",\"url\":\"https:\\\/\\\/www.itakaescolapios.org\\\/fr\\\/2020\\\/06\\\/convocatoria-del-iv-consejo-asesor-de-la-red-itaka-escolapios\\\/\",\"name\":\"CONVOCATORIA DEL IV CONSEJO ASESOR DE LA RED ITAKA - ESCOLAPIOS - Itaka-Escolapios\",\"isPartOf\":{\"@id\":\"https:\\\/\\\/www.itakaescolapios.org\\\/es\\\/#website\"},\"primaryImageOfPage\":{\"@id\":\"https:\\\/\\\/www.itakaescolapios.org\\\/fr\\\/2020\\\/06\\\/convocatoria-del-iv-consejo-asesor-de-la-red-itaka-escolapios\\\/#primaryimage\"},\"image\":{\"@id\":\"https:\\\/\\\/www.itakaescolapios.org\\\/fr\\\/2020\\\/06\\\/convocatoria-del-iv-consejo-asesor-de-la-red-itaka-escolapios\\\/#primaryimage\"},\"thumbnailUrl\":\"https:\\\/\\\/www.itakaescolapios.org\\\/wp-content\\\/uploads\\\/2020\\\/06\\\/red-itaka-logo-3.jpg\",\"datePublished\":\"2020-06-29T10:52:25+00:00\",\"dateModified\":\"2023-11-28T11:36:16+00:00\",\"breadcrumb\":{\"@id\":\"https:\\\/\\\/www.itakaescolapios.org\\\/fr\\\/2020\\\/06\\\/convocatoria-del-iv-consejo-asesor-de-la-red-itaka-escolapios\\\/#breadcrumb\"},\"inLanguage\":\"fr-FR\",\"potentialAction\":[{\"@type\":\"ReadAction\",\"target\":[\"https:\\\/\\\/www.itakaescolapios.org\\\/fr\\\/2020\\\/06\\\/convocatoria-del-iv-consejo-asesor-de-la-red-itaka-escolapios\\\/\"]}]},{\"@type\":\"ImageObject\",\"inLanguage\":\"fr-FR\",\"@id\":\"https:\\\/\\\/www.itakaescolapios.org\\\/fr\\\/2020\\\/06\\\/convocatoria-del-iv-consejo-asesor-de-la-red-itaka-escolapios\\\/#primaryimage\",\"url\":\"https:\\\/\\\/www.itakaescolapios.org\\\/wp-content\\\/uploads\\\/2020\\\/06\\\/red-itaka-logo-3.jpg\",\"contentUrl\":\"https:\\\/\\\/www.itakaescolapios.org\\\/wp-content\\\/uploads\\\/2020\\\/06\\\/red-itaka-logo-3.jpg\",\"width\":2000,\"height\":867},{\"@type\":\"BreadcrumbList\",\"@id\":\"https:\\\/\\\/www.itakaescolapios.org\\\/fr\\\/2020\\\/06\\\/convocatoria-del-iv-consejo-asesor-de-la-red-itaka-escolapios\\\/#breadcrumb\",\"itemListElement\":[{\"@type\":\"ListItem\",\"position\":1,\"name\":\"Itaka-Escolapios\",\"item\":\"https:\\\/\\\/www.itakaescolapios.org\\\/es\\\/\"},{\"@type\":\"ListItem\",\"position\":2,\"name\":\"IVe CONSEIL CONSULTATIF D\u00b4ITAKA - ESCOLAPIOS\"}]},{\"@type\":\"WebSite\",\"@id\":\"https:\\\/\\\/www.itakaescolapios.org\\\/fr\\\/es\\\/#website\",\"url\":\"https:\\\/\\\/www.itakaescolapios.org\\\/fr\\\/es\\\/\",\"name\":\"Itaka-Escolapios\",\"description\":\"Red de Itaka-Escolapios\",\"publisher\":{\"@id\":\"https:\\\/\\\/www.itakaescolapios.org\\\/fr\\\/es\\\/#organization\"},\"potentialAction\":[{\"@type\":\"SearchAction\",\"target\":{\"@type\":\"EntryPoint\",\"urlTemplate\":\"https:\\\/\\\/www.itakaescolapios.org\\\/fr\\\/es\\\/?s={search_term_string}\"},\"query-input\":{\"@type\":\"PropertyValueSpecification\",\"valueRequired\":true,\"valueName\":\"search_term_string\"}}],\"inLanguage\":\"fr-FR\"},{\"@type\":\"Organization\",\"@id\":\"https:\\\/\\\/www.itakaescolapios.org\\\/fr\\\/es\\\/#organization\",\"name\":\"Fundaci\u00f3 Itaka-Escolapios\",\"url\":\"https:\\\/\\\/www.itakaescolapios.org\\\/fr\\\/es\\\/\",\"logo\":{\"@type\":\"ImageObject\",\"inLanguage\":\"fr-FR\",\"@id\":\"https:\\\/\\\/www.itakaescolapios.org\\\/fr\\\/es\\\/#\\\/schema\\\/logo\\\/image\\\/\",\"url\":\"https:\\\/\\\/www.itakaescolapios.org\\\/wp-content\\\/uploads\\\/2024\\\/04\\\/Logo-itakaescolapios-peque.png\",\"contentUrl\":\"https:\\\/\\\/www.itakaescolapios.org\\\/wp-content\\\/uploads\\\/2024\\\/04\\\/Logo-itakaescolapios-peque.png\",\"width\":500,\"height\":199,\"caption\":\"Fundaci\u00f3 Itaka-Escolapios\"},\"image\":{\"@id\":\"https:\\\/\\\/www.itakaescolapios.org\\\/fr\\\/es\\\/#\\\/schema\\\/logo\\\/image\\\/\"}},{\"@type\":\"Person\",\"@id\":\"https:\\\/\\\/www.itakaescolapios.org\\\/es\\\/#\\\/schema\\\/person\\\/670123daeb1cc31cae1b106740036ccb\",\"name\":\"itaka\",\"url\":\"https:\\\/\\\/www.itakaescolapios.org\\\/fr\\\/author\\\/itaka\\\/\"}]}<\/script>\n<!-- \/ Yoast SEO plugin. -->","yoast_head_json":{"title":"IVe CONSEIL CONSULTATIF D\u00b4ITAKA - ESCOLAPIOS","description":"AUX RESPONSABLES D\u00c9MARCATIONNELS ET DES \u00c9QUIPES G\u00c9N\u00c9RALES DU R\u00c9SEAU ITAKA-ESCOLAPIOS De la Commission Ex\u00e9cutive, nous communiquons aux responsables d\u00e9marcationnels et des \u00e9quipes g\u00e9n\u00e9rales du R\u00e9seau, qu\u2019en accord avec l'Ordre et la Fraternit\u00e9 G\u00e9n\u00e9rale, le IVe Conseil Consultatif d'Itaka-Escolapios se tiendra \u00e0 Oaxaca (Mexique) du 8 au 11 mars 2021. Compte tenu de l'\u00e9troite collaboration entre\u2026","robots":{"index":"index","follow":"follow","max-snippet":"max-snippet:-1","max-image-preview":"max-image-preview:large","max-video-preview":"max-video-preview:-1"},"canonical":"AUX RESPONSABLES D\u00c9MARCATIONNELS ET DES \u00c9QUIPES G\u00c9N\u00c9RALES DU R\u00c9SEAU ITAKA-ESCOLAPIOS De la Commission Ex\u00e9cutive, nous communiquons aux responsables d\u00e9marcationnels et des \u00e9quipes g\u00e9n\u00e9rales du R\u00e9seau, qu\u2019en accord avec l'Ordre et la Fraternit\u00e9 G\u00e9n\u00e9rale, le IVe Conseil Consultatif d'Itaka-Escolapios se tiendra \u00e0 Oaxaca (Mexique) du 8 au 11 mars 2021. Compte tenu de l'\u00e9troite collaboration entre\u2026","og_locale":"fr_FR","og_type":"article","og_title":"IVe CONSEIL CONSULTATIF D\u00b4ITAKA - ESCOLAPIOS","og_description":"AUX RESPONSABLES D\u00c9MARCATIONNELS ET DES \u00c9QUIPES G\u00c9N\u00c9RALES DU R\u00c9SEAU ITAKA-ESCOLAPIOS De la Commission Ex\u00e9cutive, nous communiquons aux responsables d\u00e9marcationnels et des \u00e9quipes g\u00e9n\u00e9rales du R\u00e9seau, qu\u2019en accord avec l'Ordre et la Fraternit\u00e9 G\u00e9n\u00e9rale, le IVe Conseil Consultatif d'Itaka-Escolapios se tiendra \u00e0 Oaxaca (Mexique) du 8 au 11 mars 2021. Compte tenu de l'\u00e9troite collaboration entre\u2026","og_url":"https:\/\/www.itakaescolapios.org\/fr\/2020\/06\/convocatoria-del-iv-consejo-asesor-de-la-red-itaka-escolapios\/","og_site_name":"Itaka-Escolapios","article_published_time":"2020-06-29T10:52:25+00:00","article_modified_time":"2023-11-28T11:36:16+00:00","og_image":[{"width":2000,"height":867,"url":"https:\/\/www.itakaescolapios.org\/wp-content\/uploads\/2020\/06\/red-itaka-logo-3.jpg","type":"image\/jpeg"}],"author":"itaka","twitter_card":"summary_large_image","twitter_misc":{"\u00c9crit par":"itaka","Dur\u00e9e de lecture estim\u00e9e":"1 minute"},"schema":{"@context":"https:\/\/schema.org","@graph":[{"@type":"Article","@id":"https:\/\/www.itakaescolapios.org\/fr\/2020\/06\/convocatoria-del-iv-consejo-asesor-de-la-red-itaka-escolapios\/#article","isPartOf":{"@id":"https:\/\/www.itakaescolapios.org\/fr\/2020\/06\/convocatoria-del-iv-consejo-asesor-de-la-red-itaka-escolapios\/"},"author":{"name":"itaka","@id":"https:\/\/www.itakaescolapios.org\/es\/#\/schema\/person\/670123daeb1cc31cae1b106740036ccb"},"headline":"IVe CONSEIL CONSULTATIF D\u00b4ITAKA - ESCOLAPIOS","datePublished":"2020-06-29T10:52:25+00:00","dateModified":"2023-11-28T11:36:16+00:00","mainEntityOfPage":{"@id":"https:\/\/www.itakaescolapios.org\/fr\/2020\/06\/convocatoria-del-iv-consejo-asesor-de-la-red-itaka-escolapios\/"},"wordCount":244,"publisher":{"@id":"https:\/\/www.itakaescolapios.org\/es\/#organization"},"image":{"@id":"https:\/\/www.itakaescolapios.org\/fr\/2020\/06\/convocatoria-del-iv-consejo-asesor-de-la-red-itaka-escolapios\/#primaryimage"},"thumbnailUrl":"https:\/\/www.itakaescolapios.org\/wp-content\/uploads\/2020\/06\/red-itaka-logo-3.jpg","articleSection":["Itaka Escolapios"],"inLanguage":"fr-FR"},{"@type":"WebPage","@id":"https:\/\/www.itakaescolapios.org\/fr\/2020\/06\/convocatoria-del-iv-consejo-asesor-de-la-red-itaka-escolapios\/","url":"https:\/\/www.itakaescolapios.org\/fr\/2020\/06\/convocatoria-del-iv-consejo-asesor-de-la-red-itaka-escolapios\/","name":"CONVOCATORIA DEL IV CONSEJO ASESOR DE LA RED ITAKA - ESCOLAPIOS - Itaka-Escolapios","isPartOf":{"@id":"https:\/\/www.itakaescolapios.org\/es\/#website"},"primaryImageOfPage":{"@id":"https:\/\/www.itakaescolapios.org\/fr\/2020\/06\/convocatoria-del-iv-consejo-asesor-de-la-red-itaka-escolapios\/#primaryimage"},"image":{"@id":"https:\/\/www.itakaescolapios.org\/fr\/2020\/06\/convocatoria-del-iv-consejo-asesor-de-la-red-itaka-escolapios\/#primaryimage"},"thumbnailUrl":"https:\/\/www.itakaescolapios.org\/wp-content\/uploads\/2020\/06\/red-itaka-logo-3.jpg","datePublished":"2020-06-29T10:52:25+00:00","dateModified":"2023-11-28T11:36:16+00:00","breadcrumb":{"@id":"https:\/\/www.itakaescolapios.org\/fr\/2020\/06\/convocatoria-del-iv-consejo-asesor-de-la-red-itaka-escolapios\/#breadcrumb"},"inLanguage":"fr-FR","potentialAction":[{"@type":"ReadAction","target":["https:\/\/www.itakaescolapios.org\/fr\/2020\/06\/convocatoria-del-iv-consejo-asesor-de-la-red-itaka-escolapios\/"]}]},{"@type":"ImageObject","inLanguage":"fr-FR","@id":"https:\/\/www.itakaescolapios.org\/fr\/2020\/06\/convocatoria-del-iv-consejo-asesor-de-la-red-itaka-escolapios\/#primaryimage","url":"https:\/\/www.itakaescolapios.org\/wp-content\/uploads\/2020\/06\/red-itaka-logo-3.jpg","contentUrl":"https:\/\/www.itakaescolapios.org\/wp-content\/uploads\/2020\/06\/red-itaka-logo-3.jpg","width":2000,"height":867},{"@type":"BreadcrumbList","@id":"https:\/\/www.itakaescolapios.org\/fr\/2020\/06\/convocatoria-del-iv-consejo-asesor-de-la-red-itaka-escolapios\/#breadcrumb","itemListElement":[{"@type":"ListItem","position":1,"name":"Itaka-Escolapios","item":"https:\/\/www.itakaescolapios.org\/es\/"},{"@type":"ListItem","position":2,"name":"IVe CONSEIL CONSULTATIF D\u00b4ITAKA - ESCOLAPIOS"}]},{"@type":"WebSite","@id":"https:\/\/www.itakaescolapios.org\/fr\/es\/#website","url":"https:\/\/www.itakaescolapios.org\/fr\/es\/","name":"Itaka-Escolapios","description":"Red de Itaka-Escolapios","publisher":{"@id":"https:\/\/www.itakaescolapios.org\/fr\/es\/#organization"},"potentialAction":[{"@type":"SearchAction","target":{"@type":"EntryPoint","urlTemplate":"https:\/\/www.itakaescolapios.org\/fr\/es\/?s={search_term_string}"},"query-input":{"@type":"PropertyValueSpecification","valueRequired":true,"valueName":"search_term_string"}}],"inLanguage":"fr-FR"},{"@type":"Organization","@id":"https:\/\/www.itakaescolapios.org\/fr\/es\/#organization","name":"Fundaci\u00f3 Itaka-Escolapios","url":"https:\/\/www.itakaescolapios.org\/fr\/es\/","logo":{"@type":"ImageObject","inLanguage":"fr-FR","@id":"https:\/\/www.itakaescolapios.org\/fr\/es\/#\/schema\/logo\/image\/","url":"https:\/\/www.itakaescolapios.org\/wp-content\/uploads\/2024\/04\/Logo-itakaescolapios-peque.png","contentUrl":"https:\/\/www.itakaescolapios.org\/wp-content\/uploads\/2024\/04\/Logo-itakaescolapios-peque.png","width":500,"height":199,"caption":"Fundaci\u00f3 Itaka-Escolapios"},"image":{"@id":"https:\/\/www.itakaescolapios.org\/fr\/es\/#\/schema\/logo\/image\/"}},{"@type":"Person","@id":"https:\/\/www.itakaescolapios.org\/es\/#\/schema\/person\/670123daeb1cc31cae1b106740036ccb","name":"itaka","url":"https:\/\/www.itakaescolapios.org\/fr\/author\/itaka\/"}]}},"_links":{"self":[{"href":"https:\/\/www.itakaescolapios.org\/fr\/wp-json\/wp\/v2\/posts\/31156","targetHints":{"allow":["GET"]}}],"collection":[{"href":"https:\/\/www.itakaescolapios.org\/fr\/wp-json\/wp\/v2\/posts"}],"about":[{"href":"https:\/\/www.itakaescolapios.org\/fr\/wp-json\/wp\/v2\/types\/post"}],"author":[{"embeddable":true,"href":"https:\/\/www.itakaescolapios.org\/fr\/wp-json\/wp\/v2\/users\/4"}],"replies":[{"embeddable":true,"href":"https:\/\/www.itakaescolapios.org\/fr\/wp-json\/wp\/v2\/comments?post=31156"}],"version-history":[{"count":3,"href":"https:\/\/www.itakaescolapios.org\/fr\/wp-json\/wp\/v2\/posts\/31156\/revisions"}],"predecessor-version":[{"id":44696,"href":"https:\/\/www.itakaescolapios.org\/fr\/wp-json\/wp\/v2\/posts\/31156\/revisions\/44696"}],"wp:featuredmedia":[{"embeddable":true,"href":"https:\/\/www.itakaescolapios.org\/fr\/wp-json\/wp\/v2\/media\/31157"}],"wp:attachment":[{"href":"https:\/\/www.itakaescolapios.org\/fr\/wp-json\/wp\/v2\/media?parent=31156"}],"wp:term":[{"taxonomy":"category","embeddable":true,"href":"https:\/\/www.itakaescolapios.org\/fr\/wp-json\/wp\/v2\/categories?post=31156"},{"taxonomy":"post_tag","embeddable":true,"href":"https:\/\/www.itakaescolapios.org\/fr\/wp-json\/wp\/v2\/tags?post=31156"}],"curies":[{"name":"wp","href":"https:\/\/api.w.org\/{rel}","templated":true}]}}