{"id":31339,"date":"2020-07-23T11:42:56","date_gmt":"2020-07-23T10:42:56","guid":{"rendered":"https:\/\/www.itakaescolapios.org\/?p=31339"},"modified":"2023-11-28T12:36:13","modified_gmt":"2023-11-28T11:36:13","slug":"movimiento-calasanz-e-itaka-escolapios-3","status":"publish","type":"post","link":"https:\/\/www.itakaescolapios.org\/fr\/2020\/07\/movimiento-calasanz-e-itaka-escolapios-3\/","title":{"rendered":"MOVIMIENTO CALASANZ E ITAKA - ESCOLAPIOS"},"content":{"rendered":"<p class=\"title\"><span style=\"font-size: 16px;\">Ayer, 22 de julio, se celebr\u00f3 una nueva reuni\u00f3n del Equipo de animaci\u00f3n del Movimiento Calasanz con la Comisi\u00f3n Ejecutiva de Itaka \u2013 Escolapios para seguir avanzando en la colaboraci\u00f3n mutua.<\/span><\/p>\n<div class=\"content clear\">\n<p>La sinton\u00eda de ambos permiti\u00f3 ir concretando algunos pasos que tenemos que ir desarrollando p\u00f3ximamente, especialmente en los \u00e1mbitos de la formaci\u00f3n, el voluntariado, la sensibilizaci\u00f3n y la propia organizaci\u00f3n coordinada.<\/p>\n<\/div>\n","protected":false},"excerpt":{"rendered":"<p>Ayer, 22 de julio, se celebr\u00f3 una nueva reuni\u00f3n del Equipo de animaci\u00f3n del Movimiento Calasanz con la Comisi\u00f3n Ejecutiva de Itaka \u2013 Escolapios para seguir avanzando en la colaboraci\u00f3n [&hellip;]<\/p>\n","protected":false},"author":4,"featured_media":31340,"comment_status":"closed","ping_status":"closed","sticky":false,"template":"","format":"standard","meta":{"_et_pb_use_builder":"","_et_pb_old_content":"","_et_gb_content_width":"","footnotes":""},"categories":[30],"tags":[],"class_list":["post-31339","post","type-post","status-publish","format-standard","has-post-thumbnail","hentry","category-itaka-escolapios"],"yoast_head":"<!-- This site is optimized with the Yoast SEO plugin v27.4 - https:\/\/yoast.com\/product\/yoast-seo-wordpress\/ -->\n<title>MOVIMIENTO CALASANZ E ITAKA - ESCOLAPIOS<\/title>\n<meta name=\"description\" content=\"Ayer, 22 de julio, se celebr\u00f3 una nueva reuni\u00f3n del Equipo de animaci\u00f3n del Movimiento Calasanz con la Comisi\u00f3n Ejecutiva de Itaka \u2013 Escolapios para seguir avanzando en la colaboraci\u00f3n mutua. La sinton\u00eda de ambos permiti\u00f3 ir concretando algunos pasos que tenemos que ir desarrollando p\u00f3ximamente, especialmente en los \u00e1mbitos de la formaci\u00f3n, el voluntariado,\u2026\" \/>\n<meta name=\"robots\" content=\"index, follow, max-snippet:-1, max-image-preview:large, max-video-preview:-1\" \/>\n<link rel=\"canonical\" href=\"http:\/\/Ayer,%2022%20de%20julio,%20se%20celebr\u00f3%20una%20nueva%20reuni\u00f3n%20del%20Equipo%20de%20animaci\u00f3n%20del%20Movimiento%20Calasanz%20con%20la%20Comisi\u00f3n%20Ejecutiva%20de%20Itaka%20\u2013%20Escolapios%20para%20seguir%20avanzando%20en%20la%20colaboraci\u00f3n%20mutua.%20La%20sinton\u00eda%20de%20ambos%20permiti\u00f3%20ir%20concretando%20algunos%20pasos%20que%20tenemos%20que%20ir%20desarrollando%20p\u00f3ximamente,%20especialmente%20en%20los%20\u00e1mbitos%20de%20la%20formaci\u00f3n,%20el%20voluntariado,\u2026\" \/>\n<meta property=\"og:locale\" content=\"fr_FR\" \/>\n<meta property=\"og:type\" content=\"article\" \/>\n<meta property=\"og:title\" content=\"MOVIMIENTO CALASANZ E ITAKA - ESCOLAPIOS\" \/>\n<meta property=\"og:description\" content=\"Ayer, 22 de julio, se celebr\u00f3 una nueva reuni\u00f3n del Equipo de animaci\u00f3n del Movimiento Calasanz con la Comisi\u00f3n Ejecutiva de Itaka \u2013 Escolapios para seguir avanzando en la colaboraci\u00f3n mutua. La sinton\u00eda de ambos permiti\u00f3 ir concretando algunos pasos que tenemos que ir desarrollando p\u00f3ximamente, especialmente en los \u00e1mbitos de la formaci\u00f3n, el voluntariado,\u2026\" \/>\n<meta property=\"og:url\" content=\"https:\/\/www.itakaescolapios.org\/fr\/2020\/07\/movimiento-calasanz-e-itaka-escolapios-3\/\" \/>\n<meta property=\"og:site_name\" content=\"Itaka-Escolapios\" \/>\n<meta property=\"article:published_time\" content=\"2020-07-23T10:42:56+00:00\" \/>\n<meta property=\"article:modified_time\" content=\"2023-11-28T11:36:13+00:00\" \/>\n<meta property=\"og:image\" content=\"https:\/\/www.itakaescolapios.org\/wp-content\/uploads\/2020\/07\/Captura-de-Tela-87.png\" \/>\n\t<meta property=\"og:image:width\" content=\"1920\" \/>\n\t<meta property=\"og:image:height\" content=\"1080\" \/>\n\t<meta property=\"og:image:type\" content=\"image\/png\" \/>\n<meta name=\"author\" content=\"itaka\" \/>\n<meta name=\"twitter:card\" content=\"summary_large_image\" \/>\n<meta name=\"twitter:label1\" content=\"\u00c9crit par\" \/>\n\t<meta name=\"twitter:data1\" content=\"itaka\" \/>\n<script type=\"application\/ld+json\" class=\"yoast-schema-graph\">{\"@context\":\"https:\\\/\\\/schema.org\",\"@graph\":[{\"@type\":\"Article\",\"@id\":\"https:\\\/\\\/www.itakaescolapios.org\\\/fr\\\/2020\\\/07\\\/movimiento-calasanz-e-itaka-escolapios-3\\\/#article\",\"isPartOf\":{\"@id\":\"https:\\\/\\\/www.itakaescolapios.org\\\/fr\\\/2020\\\/07\\\/movimiento-calasanz-e-itaka-escolapios-3\\\/\"},\"author\":{\"name\":\"itaka\",\"@id\":\"https:\\\/\\\/www.itakaescolapios.org\\\/es\\\/#\\\/schema\\\/person\\\/670123daeb1cc31cae1b106740036ccb\"},\"headline\":\"MOVIMIENTO CALASANZ E ITAKA - ESCOLAPIOS\",\"datePublished\":\"2020-07-23T10:42:56+00:00\",\"dateModified\":\"2023-11-28T11:36:13+00:00\",\"mainEntityOfPage\":{\"@id\":\"https:\\\/\\\/www.itakaescolapios.org\\\/fr\\\/2020\\\/07\\\/movimiento-calasanz-e-itaka-escolapios-3\\\/\"},\"wordCount\":75,\"publisher\":{\"@id\":\"https:\\\/\\\/www.itakaescolapios.org\\\/es\\\/#organization\"},\"image\":{\"@id\":\"https:\\\/\\\/www.itakaescolapios.org\\\/fr\\\/2020\\\/07\\\/movimiento-calasanz-e-itaka-escolapios-3\\\/#primaryimage\"},\"thumbnailUrl\":\"https:\\\/\\\/www.itakaescolapios.org\\\/wp-content\\\/uploads\\\/2020\\\/07\\\/Captura-de-Tela-87.png\",\"articleSection\":[\"Itaka Escolapios\"],\"inLanguage\":\"fr-FR\"},{\"@type\":\"WebPage\",\"@id\":\"https:\\\/\\\/www.itakaescolapios.org\\\/fr\\\/2020\\\/07\\\/movimiento-calasanz-e-itaka-escolapios-3\\\/\",\"url\":\"https:\\\/\\\/www.itakaescolapios.org\\\/fr\\\/2020\\\/07\\\/movimiento-calasanz-e-itaka-escolapios-3\\\/\",\"name\":\"MOVIMIENTO CALASANZ E ITAKA - ESCOLAPIOS - Itaka-Escolapios\",\"isPartOf\":{\"@id\":\"https:\\\/\\\/www.itakaescolapios.org\\\/es\\\/#website\"},\"primaryImageOfPage\":{\"@id\":\"https:\\\/\\\/www.itakaescolapios.org\\\/fr\\\/2020\\\/07\\\/movimiento-calasanz-e-itaka-escolapios-3\\\/#primaryimage\"},\"image\":{\"@id\":\"https:\\\/\\\/www.itakaescolapios.org\\\/fr\\\/2020\\\/07\\\/movimiento-calasanz-e-itaka-escolapios-3\\\/#primaryimage\"},\"thumbnailUrl\":\"https:\\\/\\\/www.itakaescolapios.org\\\/wp-content\\\/uploads\\\/2020\\\/07\\\/Captura-de-Tela-87.png\",\"datePublished\":\"2020-07-23T10:42:56+00:00\",\"dateModified\":\"2023-11-28T11:36:13+00:00\",\"breadcrumb\":{\"@id\":\"https:\\\/\\\/www.itakaescolapios.org\\\/fr\\\/2020\\\/07\\\/movimiento-calasanz-e-itaka-escolapios-3\\\/#breadcrumb\"},\"inLanguage\":\"fr-FR\",\"potentialAction\":[{\"@type\":\"ReadAction\",\"target\":[\"https:\\\/\\\/www.itakaescolapios.org\\\/fr\\\/2020\\\/07\\\/movimiento-calasanz-e-itaka-escolapios-3\\\/\"]}]},{\"@type\":\"ImageObject\",\"inLanguage\":\"fr-FR\",\"@id\":\"https:\\\/\\\/www.itakaescolapios.org\\\/fr\\\/2020\\\/07\\\/movimiento-calasanz-e-itaka-escolapios-3\\\/#primaryimage\",\"url\":\"https:\\\/\\\/www.itakaescolapios.org\\\/wp-content\\\/uploads\\\/2020\\\/07\\\/Captura-de-Tela-87.png\",\"contentUrl\":\"https:\\\/\\\/www.itakaescolapios.org\\\/wp-content\\\/uploads\\\/2020\\\/07\\\/Captura-de-Tela-87.png\",\"width\":1920,\"height\":1080},{\"@type\":\"BreadcrumbList\",\"@id\":\"https:\\\/\\\/www.itakaescolapios.org\\\/fr\\\/2020\\\/07\\\/movimiento-calasanz-e-itaka-escolapios-3\\\/#breadcrumb\",\"itemListElement\":[{\"@type\":\"ListItem\",\"position\":1,\"name\":\"Itaka-Escolapios\",\"item\":\"https:\\\/\\\/www.itakaescolapios.org\\\/es\\\/\"},{\"@type\":\"ListItem\",\"position\":2,\"name\":\"MOVIMIENTO CALASANZ E ITAKA - ESCOLAPIOS\"}]},{\"@type\":\"WebSite\",\"@id\":\"https:\\\/\\\/www.itakaescolapios.org\\\/fr\\\/es\\\/#website\",\"url\":\"https:\\\/\\\/www.itakaescolapios.org\\\/fr\\\/es\\\/\",\"name\":\"Itaka-Escolapios\",\"description\":\"Red de Itaka-Escolapios\",\"publisher\":{\"@id\":\"https:\\\/\\\/www.itakaescolapios.org\\\/fr\\\/es\\\/#organization\"},\"potentialAction\":[{\"@type\":\"SearchAction\",\"target\":{\"@type\":\"EntryPoint\",\"urlTemplate\":\"https:\\\/\\\/www.itakaescolapios.org\\\/fr\\\/es\\\/?s={search_term_string}\"},\"query-input\":{\"@type\":\"PropertyValueSpecification\",\"valueRequired\":true,\"valueName\":\"search_term_string\"}}],\"inLanguage\":\"fr-FR\"},{\"@type\":\"Organization\",\"@id\":\"https:\\\/\\\/www.itakaescolapios.org\\\/fr\\\/es\\\/#organization\",\"name\":\"Fundaci\u00f3 Itaka-Escolapios\",\"url\":\"https:\\\/\\\/www.itakaescolapios.org\\\/fr\\\/es\\\/\",\"logo\":{\"@type\":\"ImageObject\",\"inLanguage\":\"fr-FR\",\"@id\":\"https:\\\/\\\/www.itakaescolapios.org\\\/fr\\\/es\\\/#\\\/schema\\\/logo\\\/image\\\/\",\"url\":\"https:\\\/\\\/www.itakaescolapios.org\\\/wp-content\\\/uploads\\\/2024\\\/04\\\/Logo-itakaescolapios-peque.png\",\"contentUrl\":\"https:\\\/\\\/www.itakaescolapios.org\\\/wp-content\\\/uploads\\\/2024\\\/04\\\/Logo-itakaescolapios-peque.png\",\"width\":500,\"height\":199,\"caption\":\"Fundaci\u00f3 Itaka-Escolapios\"},\"image\":{\"@id\":\"https:\\\/\\\/www.itakaescolapios.org\\\/fr\\\/es\\\/#\\\/schema\\\/logo\\\/image\\\/\"}},{\"@type\":\"Person\",\"@id\":\"https:\\\/\\\/www.itakaescolapios.org\\\/es\\\/#\\\/schema\\\/person\\\/670123daeb1cc31cae1b106740036ccb\",\"name\":\"itaka\",\"url\":\"https:\\\/\\\/www.itakaescolapios.org\\\/fr\\\/author\\\/itaka\\\/\"}]}<\/script>\n<!-- \/ Yoast SEO plugin. -->","yoast_head_json":{"title":"MOVIMIENTO CALASANZ E ITAKA - ESCOLAPIOS","description":"Ayer, 22 de julio, se celebr\u00f3 una nueva reuni\u00f3n del Equipo de animaci\u00f3n del Movimiento Calasanz con la Comisi\u00f3n Ejecutiva de Itaka \u2013 Escolapios para seguir avanzando en la colaboraci\u00f3n mutua. La sinton\u00eda de ambos permiti\u00f3 ir concretando algunos pasos que tenemos que ir desarrollando p\u00f3ximamente, especialmente en los \u00e1mbitos de la formaci\u00f3n, el voluntariado,\u2026","robots":{"index":"index","follow":"follow","max-snippet":"max-snippet:-1","max-image-preview":"max-image-preview:large","max-video-preview":"max-video-preview:-1"},"canonical":"Ayer, 22 de julio, se celebr\u00f3 una nueva reuni\u00f3n del Equipo de animaci\u00f3n del Movimiento Calasanz con la Comisi\u00f3n Ejecutiva de Itaka \u2013 Escolapios para seguir avanzando en la colaboraci\u00f3n mutua. La sinton\u00eda de ambos permiti\u00f3 ir concretando algunos pasos que tenemos que ir desarrollando p\u00f3ximamente, especialmente en los \u00e1mbitos de la formaci\u00f3n, el voluntariado,\u2026","og_locale":"fr_FR","og_type":"article","og_title":"MOVIMIENTO CALASANZ E ITAKA - ESCOLAPIOS","og_description":"Ayer, 22 de julio, se celebr\u00f3 una nueva reuni\u00f3n del Equipo de animaci\u00f3n del Movimiento Calasanz con la Comisi\u00f3n Ejecutiva de Itaka \u2013 Escolapios para seguir avanzando en la colaboraci\u00f3n mutua. La sinton\u00eda de ambos permiti\u00f3 ir concretando algunos pasos que tenemos que ir desarrollando p\u00f3ximamente, especialmente en los \u00e1mbitos de la formaci\u00f3n, el voluntariado,\u2026","og_url":"https:\/\/www.itakaescolapios.org\/fr\/2020\/07\/movimiento-calasanz-e-itaka-escolapios-3\/","og_site_name":"Itaka-Escolapios","article_published_time":"2020-07-23T10:42:56+00:00","article_modified_time":"2023-11-28T11:36:13+00:00","og_image":[{"width":1920,"height":1080,"url":"https:\/\/www.itakaescolapios.org\/wp-content\/uploads\/2020\/07\/Captura-de-Tela-87.png","type":"image\/png"}],"author":"itaka","twitter_card":"summary_large_image","twitter_misc":{"\u00c9crit par":"itaka"},"schema":{"@context":"https:\/\/schema.org","@graph":[{"@type":"Article","@id":"https:\/\/www.itakaescolapios.org\/fr\/2020\/07\/movimiento-calasanz-e-itaka-escolapios-3\/#article","isPartOf":{"@id":"https:\/\/www.itakaescolapios.org\/fr\/2020\/07\/movimiento-calasanz-e-itaka-escolapios-3\/"},"author":{"name":"itaka","@id":"https:\/\/www.itakaescolapios.org\/es\/#\/schema\/person\/670123daeb1cc31cae1b106740036ccb"},"headline":"MOVIMIENTO CALASANZ E ITAKA - ESCOLAPIOS","datePublished":"2020-07-23T10:42:56+00:00","dateModified":"2023-11-28T11:36:13+00:00","mainEntityOfPage":{"@id":"https:\/\/www.itakaescolapios.org\/fr\/2020\/07\/movimiento-calasanz-e-itaka-escolapios-3\/"},"wordCount":75,"publisher":{"@id":"https:\/\/www.itakaescolapios.org\/es\/#organization"},"image":{"@id":"https:\/\/www.itakaescolapios.org\/fr\/2020\/07\/movimiento-calasanz-e-itaka-escolapios-3\/#primaryimage"},"thumbnailUrl":"https:\/\/www.itakaescolapios.org\/wp-content\/uploads\/2020\/07\/Captura-de-Tela-87.png","articleSection":["Itaka Escolapios"],"inLanguage":"fr-FR"},{"@type":"WebPage","@id":"https:\/\/www.itakaescolapios.org\/fr\/2020\/07\/movimiento-calasanz-e-itaka-escolapios-3\/","url":"https:\/\/www.itakaescolapios.org\/fr\/2020\/07\/movimiento-calasanz-e-itaka-escolapios-3\/","name":"MOVIMIENTO CALASANZ E ITAKA - ESCOLAPIOS - Itaka-Escolapios","isPartOf":{"@id":"https:\/\/www.itakaescolapios.org\/es\/#website"},"primaryImageOfPage":{"@id":"https:\/\/www.itakaescolapios.org\/fr\/2020\/07\/movimiento-calasanz-e-itaka-escolapios-3\/#primaryimage"},"image":{"@id":"https:\/\/www.itakaescolapios.org\/fr\/2020\/07\/movimiento-calasanz-e-itaka-escolapios-3\/#primaryimage"},"thumbnailUrl":"https:\/\/www.itakaescolapios.org\/wp-content\/uploads\/2020\/07\/Captura-de-Tela-87.png","datePublished":"2020-07-23T10:42:56+00:00","dateModified":"2023-11-28T11:36:13+00:00","breadcrumb":{"@id":"https:\/\/www.itakaescolapios.org\/fr\/2020\/07\/movimiento-calasanz-e-itaka-escolapios-3\/#breadcrumb"},"inLanguage":"fr-FR","potentialAction":[{"@type":"ReadAction","target":["https:\/\/www.itakaescolapios.org\/fr\/2020\/07\/movimiento-calasanz-e-itaka-escolapios-3\/"]}]},{"@type":"ImageObject","inLanguage":"fr-FR","@id":"https:\/\/www.itakaescolapios.org\/fr\/2020\/07\/movimiento-calasanz-e-itaka-escolapios-3\/#primaryimage","url":"https:\/\/www.itakaescolapios.org\/wp-content\/uploads\/2020\/07\/Captura-de-Tela-87.png","contentUrl":"https:\/\/www.itakaescolapios.org\/wp-content\/uploads\/2020\/07\/Captura-de-Tela-87.png","width":1920,"height":1080},{"@type":"BreadcrumbList","@id":"https:\/\/www.itakaescolapios.org\/fr\/2020\/07\/movimiento-calasanz-e-itaka-escolapios-3\/#breadcrumb","itemListElement":[{"@type":"ListItem","position":1,"name":"Itaka-Escolapios","item":"https:\/\/www.itakaescolapios.org\/es\/"},{"@type":"ListItem","position":2,"name":"MOVIMIENTO CALASANZ E ITAKA - ESCOLAPIOS"}]},{"@type":"WebSite","@id":"https:\/\/www.itakaescolapios.org\/fr\/es\/#website","url":"https:\/\/www.itakaescolapios.org\/fr\/es\/","name":"Itaka-Escolapios","description":"Red de Itaka-Escolapios","publisher":{"@id":"https:\/\/www.itakaescolapios.org\/fr\/es\/#organization"},"potentialAction":[{"@type":"SearchAction","target":{"@type":"EntryPoint","urlTemplate":"https:\/\/www.itakaescolapios.org\/fr\/es\/?s={search_term_string}"},"query-input":{"@type":"PropertyValueSpecification","valueRequired":true,"valueName":"search_term_string"}}],"inLanguage":"fr-FR"},{"@type":"Organization","@id":"https:\/\/www.itakaescolapios.org\/fr\/es\/#organization","name":"Fundaci\u00f3 Itaka-Escolapios","url":"https:\/\/www.itakaescolapios.org\/fr\/es\/","logo":{"@type":"ImageObject","inLanguage":"fr-FR","@id":"https:\/\/www.itakaescolapios.org\/fr\/es\/#\/schema\/logo\/image\/","url":"https:\/\/www.itakaescolapios.org\/wp-content\/uploads\/2024\/04\/Logo-itakaescolapios-peque.png","contentUrl":"https:\/\/www.itakaescolapios.org\/wp-content\/uploads\/2024\/04\/Logo-itakaescolapios-peque.png","width":500,"height":199,"caption":"Fundaci\u00f3 Itaka-Escolapios"},"image":{"@id":"https:\/\/www.itakaescolapios.org\/fr\/es\/#\/schema\/logo\/image\/"}},{"@type":"Person","@id":"https:\/\/www.itakaescolapios.org\/es\/#\/schema\/person\/670123daeb1cc31cae1b106740036ccb","name":"itaka","url":"https:\/\/www.itakaescolapios.org\/fr\/author\/itaka\/"}]}},"_links":{"self":[{"href":"https:\/\/www.itakaescolapios.org\/fr\/wp-json\/wp\/v2\/posts\/31339","targetHints":{"allow":["GET"]}}],"collection":[{"href":"https:\/\/www.itakaescolapios.org\/fr\/wp-json\/wp\/v2\/posts"}],"about":[{"href":"https:\/\/www.itakaescolapios.org\/fr\/wp-json\/wp\/v2\/types\/post"}],"author":[{"embeddable":true,"href":"https:\/\/www.itakaescolapios.org\/fr\/wp-json\/wp\/v2\/users\/4"}],"replies":[{"embeddable":true,"href":"https:\/\/www.itakaescolapios.org\/fr\/wp-json\/wp\/v2\/comments?post=31339"}],"version-history":[{"count":3,"href":"https:\/\/www.itakaescolapios.org\/fr\/wp-json\/wp\/v2\/posts\/31339\/revisions"}],"predecessor-version":[{"id":44648,"href":"https:\/\/www.itakaescolapios.org\/fr\/wp-json\/wp\/v2\/posts\/31339\/revisions\/44648"}],"wp:featuredmedia":[{"embeddable":true,"href":"https:\/\/www.itakaescolapios.org\/fr\/wp-json\/wp\/v2\/media\/31340"}],"wp:attachment":[{"href":"https:\/\/www.itakaescolapios.org\/fr\/wp-json\/wp\/v2\/media?parent=31339"}],"wp:term":[{"taxonomy":"category","embeddable":true,"href":"https:\/\/www.itakaescolapios.org\/fr\/wp-json\/wp\/v2\/categories?post=31339"},{"taxonomy":"post_tag","embeddable":true,"href":"https:\/\/www.itakaescolapios.org\/fr\/wp-json\/wp\/v2\/tags?post=31339"}],"curies":[{"name":"wp","href":"https:\/\/api.w.org\/{rel}","templated":true}]}}