{"id":3217,"date":"2012-09-27T12:53:44","date_gmt":"2012-09-27T11:53:44","guid":{"rendered":"https:\/\/www.itakaescolapios.org\/?p=3217"},"modified":"2023-11-28T12:39:37","modified_gmt":"2023-11-28T11:39:37","slug":"paso-de-los-grupos-de-tiempo-libre-en-vitoria","status":"publish","type":"post","link":"https:\/\/www.itakaescolapios.org\/fr\/2012\/09\/paso-de-los-grupos-de-tiempo-libre-en-vitoria\/","title":{"rendered":"PASO de los grupos de tiempo libre en Vitoria"},"content":{"rendered":"<p>El pasado fin de semana se celebr\u00f3 el Barria el PASO, actividad conjunta de todos los grupos desde 5\u00ba E.P. (Kaskondoak) hasta Bachillerato (Bidean)<\/p>\n<div>\n<p>El s\u00e1bado se celebraron las \u00ab\u00a0Olimpiadas\u00a0\u00bb en nuestro albergue de Barria, en las cuales se present\u00f3 a Barreki (mascota de las olimpiadas), asistimos a una gran ceremonia de inauguraci\u00f3n, y todos los equipos se esforzaron para superar las pruebas sin descuidar valores como la deportividad, la cooperaci\u00f3n, el respeto al diferente, etc.<\/p>\n<\/div>\n<div>\n<p>A la noche celebramos la eucarist\u00eda en la que se acogi\u00f3 al grupo que pasa a kaskondoak 1 haci\u00e9ndoles entrega de unas gorras, y se hizo el \u00ab\u00a0paso\u00a0\u00bb de camino entre Axpuru y Barria. En el camino, los grupos descubr\u00edan los nuevos monitores q,ue les acompa\u00f1ar\u00e1n durante este curso.<\/p>\n<p>A la ma\u00f1ana siguiente cada grupo tuvo su primer encuentro, el primero de una a\u00f1o que deseamos que est\u00e9 lleno de nuevas aventuras.<\/p>\n<\/div>\n","protected":false},"excerpt":{"rendered":"<p>El pasado fin de semana se celebr\u00f3 el Barria el PASO, actividad conjunta de todos los grupos desde 5\u00ba E.P. (Kaskondoak) hasta Bachillerato (Bidean) El s\u00e1bado se celebraron las \u00ab\u00a0Olimpiadas\u00a0\u00bb [&hellip;]<\/p>\n","protected":false},"author":3,"featured_media":3218,"comment_status":"closed","ping_status":"closed","sticky":false,"template":"","format":"standard","meta":{"_et_pb_use_builder":"","_et_pb_old_content":"","_et_gb_content_width":"","footnotes":""},"categories":[13],"tags":[],"class_list":["post-3217","post","type-post","status-publish","format-standard","has-post-thumbnail","hentry","category-vitoria"],"yoast_head":"<!-- This site is optimized with the Yoast SEO plugin v27.4 - https:\/\/yoast.com\/product\/yoast-seo-wordpress\/ -->\n<title>PASO de los grupos de tiempo libre en Vitoria<\/title>\n<meta name=\"description\" content=\"El pasado fin de semana se celebr\u00f3 el Barria el PASO, actividad conjunta de todos los grupos desde 5\u00ba E.P. (Kaskondoak) hasta Bachillerato (Bidean) El s\u00e1bado se celebraron las &quot;Olimpiadas&quot; en nuestro albergue de Barria, en las cuales se present\u00f3 a Barreki (mascota de las olimpiadas), asistimos a una gran ceremonia de inauguraci\u00f3n, y todos\u2026\" \/>\n<meta name=\"robots\" content=\"index, follow, max-snippet:-1, max-image-preview:large, max-video-preview:-1\" \/>\n<link rel=\"canonical\" href=\"http:\/\/El%20pasado%20fin%20de%20semana%20se%20celebr\u00f3%20el%20Barria%20el%20PASO,%20actividad%20conjunta%20de%20todos%20los%20grupos%20desde%205\u00ba%20E.P.%20(Kaskondoak)%20hasta%20Bachillerato%20(Bidean)%20El%20s\u00e1bado%20se%20celebraron%20las%20Olimpiadas%20en%20nuestro%20albergue%20de%20Barria,%20en%20las%20cuales%20se%20present\u00f3%20a%20Barreki%20(mascota%20de%20las%20olimpiadas),%20asistimos%20a%20una%20gran%20ceremonia%20de%20inauguraci\u00f3n,%20y%20todos\u2026\" \/>\n<meta property=\"og:locale\" content=\"fr_FR\" \/>\n<meta property=\"og:type\" content=\"article\" \/>\n<meta property=\"og:title\" content=\"PASO de los grupos de tiempo libre en Vitoria\" \/>\n<meta property=\"og:description\" content=\"El pasado fin de semana se celebr\u00f3 el Barria el PASO, actividad conjunta de todos los grupos desde 5\u00ba E.P. (Kaskondoak) hasta Bachillerato (Bidean) El s\u00e1bado se celebraron las &quot;Olimpiadas&quot; en nuestro albergue de Barria, en las cuales se present\u00f3 a Barreki (mascota de las olimpiadas), asistimos a una gran ceremonia de inauguraci\u00f3n, y todos\u2026\" \/>\n<meta property=\"og:url\" content=\"https:\/\/www.itakaescolapios.org\/fr\/2012\/09\/paso-de-los-grupos-de-tiempo-libre-en-vitoria\/\" \/>\n<meta property=\"og:site_name\" content=\"Itaka-Escolapios\" \/>\n<meta property=\"article:published_time\" content=\"2012-09-27T11:53:44+00:00\" \/>\n<meta property=\"article:modified_time\" content=\"2023-11-28T11:39:37+00:00\" \/>\n<meta property=\"og:image\" content=\"https:\/\/www.itakaescolapios.org\/wp-content\/uploads\/2012\/09\/Paso1.jpg\" \/>\n\t<meta property=\"og:image:width\" content=\"448\" \/>\n\t<meta property=\"og:image:height\" content=\"336\" \/>\n\t<meta property=\"og:image:type\" content=\"image\/jpeg\" \/>\n<meta name=\"author\" content=\"Bilbao\" \/>\n<meta name=\"twitter:card\" content=\"summary_large_image\" \/>\n<meta name=\"twitter:label1\" content=\"\u00c9crit par\" \/>\n\t<meta name=\"twitter:data1\" content=\"Bilbao\" \/>\n\t<meta name=\"twitter:label2\" content=\"Dur\u00e9e de lecture estim\u00e9e\" \/>\n\t<meta name=\"twitter:data2\" content=\"1 minute\" \/>\n<script type=\"application\/ld+json\" class=\"yoast-schema-graph\">{\"@context\":\"https:\\\/\\\/schema.org\",\"@graph\":[{\"@type\":\"Article\",\"@id\":\"https:\\\/\\\/www.itakaescolapios.org\\\/fr\\\/2012\\\/09\\\/paso-de-los-grupos-de-tiempo-libre-en-vitoria\\\/#article\",\"isPartOf\":{\"@id\":\"https:\\\/\\\/www.itakaescolapios.org\\\/fr\\\/2012\\\/09\\\/paso-de-los-grupos-de-tiempo-libre-en-vitoria\\\/\"},\"author\":{\"name\":\"Bilbao\",\"@id\":\"https:\\\/\\\/www.itakaescolapios.org\\\/es\\\/#\\\/schema\\\/person\\\/d5b530ea20cbfbbd734611b2591f590c\"},\"headline\":\"PASO de los grupos de tiempo libre en Vitoria\",\"datePublished\":\"2012-09-27T11:53:44+00:00\",\"dateModified\":\"2023-11-28T11:39:37+00:00\",\"mainEntityOfPage\":{\"@id\":\"https:\\\/\\\/www.itakaescolapios.org\\\/fr\\\/2012\\\/09\\\/paso-de-los-grupos-de-tiempo-libre-en-vitoria\\\/\"},\"wordCount\":167,\"publisher\":{\"@id\":\"https:\\\/\\\/www.itakaescolapios.org\\\/es\\\/#organization\"},\"image\":{\"@id\":\"https:\\\/\\\/www.itakaescolapios.org\\\/fr\\\/2012\\\/09\\\/paso-de-los-grupos-de-tiempo-libre-en-vitoria\\\/#primaryimage\"},\"thumbnailUrl\":\"https:\\\/\\\/www.itakaescolapios.org\\\/wp-content\\\/uploads\\\/2012\\\/09\\\/Paso1.jpg\",\"articleSection\":[\"Vitoria-Gasteiz\"],\"inLanguage\":\"fr-FR\"},{\"@type\":\"WebPage\",\"@id\":\"https:\\\/\\\/www.itakaescolapios.org\\\/fr\\\/2012\\\/09\\\/paso-de-los-grupos-de-tiempo-libre-en-vitoria\\\/\",\"url\":\"https:\\\/\\\/www.itakaescolapios.org\\\/fr\\\/2012\\\/09\\\/paso-de-los-grupos-de-tiempo-libre-en-vitoria\\\/\",\"name\":\"PASO de los grupos de tiempo libre en Vitoria - Itaka-Escolapios\",\"isPartOf\":{\"@id\":\"https:\\\/\\\/www.itakaescolapios.org\\\/es\\\/#website\"},\"primaryImageOfPage\":{\"@id\":\"https:\\\/\\\/www.itakaescolapios.org\\\/fr\\\/2012\\\/09\\\/paso-de-los-grupos-de-tiempo-libre-en-vitoria\\\/#primaryimage\"},\"image\":{\"@id\":\"https:\\\/\\\/www.itakaescolapios.org\\\/fr\\\/2012\\\/09\\\/paso-de-los-grupos-de-tiempo-libre-en-vitoria\\\/#primaryimage\"},\"thumbnailUrl\":\"https:\\\/\\\/www.itakaescolapios.org\\\/wp-content\\\/uploads\\\/2012\\\/09\\\/Paso1.jpg\",\"datePublished\":\"2012-09-27T11:53:44+00:00\",\"dateModified\":\"2023-11-28T11:39:37+00:00\",\"breadcrumb\":{\"@id\":\"https:\\\/\\\/www.itakaescolapios.org\\\/fr\\\/2012\\\/09\\\/paso-de-los-grupos-de-tiempo-libre-en-vitoria\\\/#breadcrumb\"},\"inLanguage\":\"fr-FR\",\"potentialAction\":[{\"@type\":\"ReadAction\",\"target\":[\"https:\\\/\\\/www.itakaescolapios.org\\\/fr\\\/2012\\\/09\\\/paso-de-los-grupos-de-tiempo-libre-en-vitoria\\\/\"]}]},{\"@type\":\"ImageObject\",\"inLanguage\":\"fr-FR\",\"@id\":\"https:\\\/\\\/www.itakaescolapios.org\\\/fr\\\/2012\\\/09\\\/paso-de-los-grupos-de-tiempo-libre-en-vitoria\\\/#primaryimage\",\"url\":\"https:\\\/\\\/www.itakaescolapios.org\\\/wp-content\\\/uploads\\\/2012\\\/09\\\/Paso1.jpg\",\"contentUrl\":\"https:\\\/\\\/www.itakaescolapios.org\\\/wp-content\\\/uploads\\\/2012\\\/09\\\/Paso1.jpg\",\"width\":\"448\",\"height\":\"336\"},{\"@type\":\"BreadcrumbList\",\"@id\":\"https:\\\/\\\/www.itakaescolapios.org\\\/fr\\\/2012\\\/09\\\/paso-de-los-grupos-de-tiempo-libre-en-vitoria\\\/#breadcrumb\",\"itemListElement\":[{\"@type\":\"ListItem\",\"position\":1,\"name\":\"Itaka-Escolapios\",\"item\":\"https:\\\/\\\/www.itakaescolapios.org\\\/es\\\/\"},{\"@type\":\"ListItem\",\"position\":2,\"name\":\"PASO de los grupos de tiempo libre en Vitoria\"}]},{\"@type\":\"WebSite\",\"@id\":\"https:\\\/\\\/www.itakaescolapios.org\\\/fr\\\/es\\\/#website\",\"url\":\"https:\\\/\\\/www.itakaescolapios.org\\\/fr\\\/es\\\/\",\"name\":\"Itaka-Escolapios\",\"description\":\"Red de Itaka-Escolapios\",\"publisher\":{\"@id\":\"https:\\\/\\\/www.itakaescolapios.org\\\/fr\\\/es\\\/#organization\"},\"potentialAction\":[{\"@type\":\"SearchAction\",\"target\":{\"@type\":\"EntryPoint\",\"urlTemplate\":\"https:\\\/\\\/www.itakaescolapios.org\\\/fr\\\/es\\\/?s={search_term_string}\"},\"query-input\":{\"@type\":\"PropertyValueSpecification\",\"valueRequired\":true,\"valueName\":\"search_term_string\"}}],\"inLanguage\":\"fr-FR\"},{\"@type\":\"Organization\",\"@id\":\"https:\\\/\\\/www.itakaescolapios.org\\\/fr\\\/es\\\/#organization\",\"name\":\"Fundaci\u00f3 Itaka-Escolapios\",\"url\":\"https:\\\/\\\/www.itakaescolapios.org\\\/fr\\\/es\\\/\",\"logo\":{\"@type\":\"ImageObject\",\"inLanguage\":\"fr-FR\",\"@id\":\"https:\\\/\\\/www.itakaescolapios.org\\\/fr\\\/es\\\/#\\\/schema\\\/logo\\\/image\\\/\",\"url\":\"https:\\\/\\\/www.itakaescolapios.org\\\/wp-content\\\/uploads\\\/2024\\\/04\\\/Logo-itakaescolapios-peque.png\",\"contentUrl\":\"https:\\\/\\\/www.itakaescolapios.org\\\/wp-content\\\/uploads\\\/2024\\\/04\\\/Logo-itakaescolapios-peque.png\",\"width\":500,\"height\":199,\"caption\":\"Fundaci\u00f3 Itaka-Escolapios\"},\"image\":{\"@id\":\"https:\\\/\\\/www.itakaescolapios.org\\\/fr\\\/es\\\/#\\\/schema\\\/logo\\\/image\\\/\"}},{\"@type\":\"Person\",\"@id\":\"https:\\\/\\\/www.itakaescolapios.org\\\/es\\\/#\\\/schema\\\/person\\\/d5b530ea20cbfbbd734611b2591f590c\",\"name\":\"Bilbao\",\"url\":\"https:\\\/\\\/www.itakaescolapios.org\\\/fr\\\/author\\\/bilbao\\\/\"}]}<\/script>\n<!-- \/ Yoast SEO plugin. -->","yoast_head_json":{"title":"PASO de los grupos de tiempo libre en Vitoria","description":"El pasado fin de semana se celebr\u00f3 el Barria el PASO, actividad conjunta de todos los grupos desde 5\u00ba E.P. (Kaskondoak) hasta Bachillerato (Bidean) El s\u00e1bado se celebraron las \"Olimpiadas\" en nuestro albergue de Barria, en las cuales se present\u00f3 a Barreki (mascota de las olimpiadas), asistimos a una gran ceremonia de inauguraci\u00f3n, y todos\u2026","robots":{"index":"index","follow":"follow","max-snippet":"max-snippet:-1","max-image-preview":"max-image-preview:large","max-video-preview":"max-video-preview:-1"},"canonical":"El pasado fin de semana se celebr\u00f3 el Barria el PASO, actividad conjunta de todos los grupos desde 5\u00ba E.P. (Kaskondoak) hasta Bachillerato (Bidean) El s\u00e1bado se celebraron las \"Olimpiadas\" en nuestro albergue de Barria, en las cuales se present\u00f3 a Barreki (mascota de las olimpiadas), asistimos a una gran ceremonia de inauguraci\u00f3n, y todos\u2026","og_locale":"fr_FR","og_type":"article","og_title":"PASO de los grupos de tiempo libre en Vitoria","og_description":"El pasado fin de semana se celebr\u00f3 el Barria el PASO, actividad conjunta de todos los grupos desde 5\u00ba E.P. (Kaskondoak) hasta Bachillerato (Bidean) El s\u00e1bado se celebraron las \"Olimpiadas\" en nuestro albergue de Barria, en las cuales se present\u00f3 a Barreki (mascota de las olimpiadas), asistimos a una gran ceremonia de inauguraci\u00f3n, y todos\u2026","og_url":"https:\/\/www.itakaescolapios.org\/fr\/2012\/09\/paso-de-los-grupos-de-tiempo-libre-en-vitoria\/","og_site_name":"Itaka-Escolapios","article_published_time":"2012-09-27T11:53:44+00:00","article_modified_time":"2023-11-28T11:39:37+00:00","og_image":[{"width":448,"height":336,"url":"https:\/\/www.itakaescolapios.org\/wp-content\/uploads\/2012\/09\/Paso1.jpg","type":"image\/jpeg"}],"author":"Bilbao","twitter_card":"summary_large_image","twitter_misc":{"\u00c9crit par":"Bilbao","Dur\u00e9e de lecture estim\u00e9e":"1 minute"},"schema":{"@context":"https:\/\/schema.org","@graph":[{"@type":"Article","@id":"https:\/\/www.itakaescolapios.org\/fr\/2012\/09\/paso-de-los-grupos-de-tiempo-libre-en-vitoria\/#article","isPartOf":{"@id":"https:\/\/www.itakaescolapios.org\/fr\/2012\/09\/paso-de-los-grupos-de-tiempo-libre-en-vitoria\/"},"author":{"name":"Bilbao","@id":"https:\/\/www.itakaescolapios.org\/es\/#\/schema\/person\/d5b530ea20cbfbbd734611b2591f590c"},"headline":"PASO de los grupos de tiempo libre en Vitoria","datePublished":"2012-09-27T11:53:44+00:00","dateModified":"2023-11-28T11:39:37+00:00","mainEntityOfPage":{"@id":"https:\/\/www.itakaescolapios.org\/fr\/2012\/09\/paso-de-los-grupos-de-tiempo-libre-en-vitoria\/"},"wordCount":167,"publisher":{"@id":"https:\/\/www.itakaescolapios.org\/es\/#organization"},"image":{"@id":"https:\/\/www.itakaescolapios.org\/fr\/2012\/09\/paso-de-los-grupos-de-tiempo-libre-en-vitoria\/#primaryimage"},"thumbnailUrl":"https:\/\/www.itakaescolapios.org\/wp-content\/uploads\/2012\/09\/Paso1.jpg","articleSection":["Vitoria-Gasteiz"],"inLanguage":"fr-FR"},{"@type":"WebPage","@id":"https:\/\/www.itakaescolapios.org\/fr\/2012\/09\/paso-de-los-grupos-de-tiempo-libre-en-vitoria\/","url":"https:\/\/www.itakaescolapios.org\/fr\/2012\/09\/paso-de-los-grupos-de-tiempo-libre-en-vitoria\/","name":"PASO de los grupos de tiempo libre en Vitoria - Itaka-Escolapios","isPartOf":{"@id":"https:\/\/www.itakaescolapios.org\/es\/#website"},"primaryImageOfPage":{"@id":"https:\/\/www.itakaescolapios.org\/fr\/2012\/09\/paso-de-los-grupos-de-tiempo-libre-en-vitoria\/#primaryimage"},"image":{"@id":"https:\/\/www.itakaescolapios.org\/fr\/2012\/09\/paso-de-los-grupos-de-tiempo-libre-en-vitoria\/#primaryimage"},"thumbnailUrl":"https:\/\/www.itakaescolapios.org\/wp-content\/uploads\/2012\/09\/Paso1.jpg","datePublished":"2012-09-27T11:53:44+00:00","dateModified":"2023-11-28T11:39:37+00:00","breadcrumb":{"@id":"https:\/\/www.itakaescolapios.org\/fr\/2012\/09\/paso-de-los-grupos-de-tiempo-libre-en-vitoria\/#breadcrumb"},"inLanguage":"fr-FR","potentialAction":[{"@type":"ReadAction","target":["https:\/\/www.itakaescolapios.org\/fr\/2012\/09\/paso-de-los-grupos-de-tiempo-libre-en-vitoria\/"]}]},{"@type":"ImageObject","inLanguage":"fr-FR","@id":"https:\/\/www.itakaescolapios.org\/fr\/2012\/09\/paso-de-los-grupos-de-tiempo-libre-en-vitoria\/#primaryimage","url":"https:\/\/www.itakaescolapios.org\/wp-content\/uploads\/2012\/09\/Paso1.jpg","contentUrl":"https:\/\/www.itakaescolapios.org\/wp-content\/uploads\/2012\/09\/Paso1.jpg","width":"448","height":"336"},{"@type":"BreadcrumbList","@id":"https:\/\/www.itakaescolapios.org\/fr\/2012\/09\/paso-de-los-grupos-de-tiempo-libre-en-vitoria\/#breadcrumb","itemListElement":[{"@type":"ListItem","position":1,"name":"Itaka-Escolapios","item":"https:\/\/www.itakaescolapios.org\/es\/"},{"@type":"ListItem","position":2,"name":"PASO de los grupos de tiempo libre en Vitoria"}]},{"@type":"WebSite","@id":"https:\/\/www.itakaescolapios.org\/fr\/es\/#website","url":"https:\/\/www.itakaescolapios.org\/fr\/es\/","name":"Itaka-Escolapios","description":"Red de Itaka-Escolapios","publisher":{"@id":"https:\/\/www.itakaescolapios.org\/fr\/es\/#organization"},"potentialAction":[{"@type":"SearchAction","target":{"@type":"EntryPoint","urlTemplate":"https:\/\/www.itakaescolapios.org\/fr\/es\/?s={search_term_string}"},"query-input":{"@type":"PropertyValueSpecification","valueRequired":true,"valueName":"search_term_string"}}],"inLanguage":"fr-FR"},{"@type":"Organization","@id":"https:\/\/www.itakaescolapios.org\/fr\/es\/#organization","name":"Fundaci\u00f3 Itaka-Escolapios","url":"https:\/\/www.itakaescolapios.org\/fr\/es\/","logo":{"@type":"ImageObject","inLanguage":"fr-FR","@id":"https:\/\/www.itakaescolapios.org\/fr\/es\/#\/schema\/logo\/image\/","url":"https:\/\/www.itakaescolapios.org\/wp-content\/uploads\/2024\/04\/Logo-itakaescolapios-peque.png","contentUrl":"https:\/\/www.itakaescolapios.org\/wp-content\/uploads\/2024\/04\/Logo-itakaescolapios-peque.png","width":500,"height":199,"caption":"Fundaci\u00f3 Itaka-Escolapios"},"image":{"@id":"https:\/\/www.itakaescolapios.org\/fr\/es\/#\/schema\/logo\/image\/"}},{"@type":"Person","@id":"https:\/\/www.itakaescolapios.org\/es\/#\/schema\/person\/d5b530ea20cbfbbd734611b2591f590c","name":"Bilbao","url":"https:\/\/www.itakaescolapios.org\/fr\/author\/bilbao\/"}]}},"_links":{"self":[{"href":"https:\/\/www.itakaescolapios.org\/fr\/wp-json\/wp\/v2\/posts\/3217","targetHints":{"allow":["GET"]}}],"collection":[{"href":"https:\/\/www.itakaescolapios.org\/fr\/wp-json\/wp\/v2\/posts"}],"about":[{"href":"https:\/\/www.itakaescolapios.org\/fr\/wp-json\/wp\/v2\/types\/post"}],"author":[{"embeddable":true,"href":"https:\/\/www.itakaescolapios.org\/fr\/wp-json\/wp\/v2\/users\/3"}],"replies":[{"embeddable":true,"href":"https:\/\/www.itakaescolapios.org\/fr\/wp-json\/wp\/v2\/comments?post=3217"}],"version-history":[{"count":5,"href":"https:\/\/www.itakaescolapios.org\/fr\/wp-json\/wp\/v2\/posts\/3217\/revisions"}],"predecessor-version":[{"id":50004,"href":"https:\/\/www.itakaescolapios.org\/fr\/wp-json\/wp\/v2\/posts\/3217\/revisions\/50004"}],"wp:featuredmedia":[{"embeddable":true,"href":"https:\/\/www.itakaescolapios.org\/fr\/wp-json\/wp\/v2\/media\/3218"}],"wp:attachment":[{"href":"https:\/\/www.itakaescolapios.org\/fr\/wp-json\/wp\/v2\/media?parent=3217"}],"wp:term":[{"taxonomy":"category","embeddable":true,"href":"https:\/\/www.itakaescolapios.org\/fr\/wp-json\/wp\/v2\/categories?post=3217"},{"taxonomy":"post_tag","embeddable":true,"href":"https:\/\/www.itakaescolapios.org\/fr\/wp-json\/wp\/v2\/tags?post=3217"}],"curies":[{"name":"wp","href":"https:\/\/api.w.org\/{rel}","templated":true}]}}