{"id":32274,"date":"2020-12-18T08:00:41","date_gmt":"2020-12-18T07:00:41","guid":{"rendered":"https:\/\/www.itakaescolapios.org\/?p=32274"},"modified":"2023-11-28T12:36:06","modified_gmt":"2023-11-28T11:36:06","slug":"18-de-diciembre-dia-internacional-de-las-personas-migrantes-2","status":"publish","type":"post","link":"https:\/\/www.itakaescolapios.org\/fr\/2020\/12\/18-de-diciembre-dia-internacional-de-las-personas-migrantes-2\/","title":{"rendered":"18 D\u00c9CEMBRE : JOURN\u00c9E INTERNATIONALE DES MIGRANTS"},"content":{"rendered":"<p><strong>Personne ne devrait \u00eatre oblig\u00e9 de quitter sa maison ou sa famille en raison d&rsquo;une guerre, d&rsquo;une famine, d&rsquo;une s\u00e9cheresse ou pour toute autre raison. En m\u00eame temps, tous les \u00eatres humains ont le droit de choisir l&rsquo;endroit o\u00f9 ils veulent vivre leur vie et, en tout \u00e9tat de cause, nous avons tous droit \u00e0 une protection \u00e9gale de tous nos droits, o\u00f9 que nous soyons.<\/strong><\/p>\n<p><strong>Chez Itaka-Escolapios, engag\u00e9s dans la d\u00e9fense de tous les droits de tous les peuples, nous consacrons une grande partie de nos efforts \u00e0 la coop\u00e9ration internationale et au soutien des communaut\u00e9s dans leurs lieux d&rsquo;origine. De m\u00eame, nous sommes convaincus que l&rsquo;accueil des personnes qui, pour quelque raison que ce soit, sont oblig\u00e9es d&rsquo;\u00e9migrer vers d&rsquo;autres pays, outre qu&rsquo;il est de stricte justice, est une condition de possibilit\u00e9 de r\u00e9aliser des projets \u00e9ducatifs et pastoraux \u00e0 partir de l&rsquo;Evangile de J\u00e9sus.<\/strong><\/p>\n<p><strong>Quand on entend de plus en plus d&rsquo;arguments contre les migrants, toujours contre les migrants pauvres, il est certainement plus n\u00e9cessaire que jamais de montrer le visage humain de nos soci\u00e9t\u00e9s et de tendre la main \u00e0 ceux qui ne demandent qu&rsquo;\u00e0 avoir la possibilit\u00e9 de recommencer leur vie et de pouvoir offrir le meilleur de leurs talents.<\/strong><\/p>\n<p><strong>Depuis Itaka-Escolapios, nous nous engageons \u00e0 continuer d&rsquo;approfondir nos programmes d&rsquo;accueil, d&rsquo;alphab\u00e9tisation, d&rsquo;accompagnement et de soutien des migrants, ainsi qu&rsquo;\u00e0 \u00eatre plus sensibles \u00e0 tout ce qu&rsquo;ils nous apportent et \u00e0 les sentir comme une partie importante de notre organisation.<\/strong><\/p>\n","protected":false},"excerpt":{"rendered":"<p>Personne ne devrait \u00eatre oblig\u00e9 de quitter sa maison ou sa famille en raison d&rsquo;une guerre, d&rsquo;une famine, d&rsquo;une s\u00e9cheresse ou pour toute autre raison. En m\u00eame temps, tous les [&hellip;]<\/p>\n","protected":false},"author":4,"featured_media":32275,"comment_status":"closed","ping_status":"closed","sticky":false,"template":"","format":"standard","meta":{"_et_pb_use_builder":"","_et_pb_old_content":"","_et_gb_content_width":"","footnotes":""},"categories":[30],"tags":[],"class_list":["post-32274","post","type-post","status-publish","format-standard","has-post-thumbnail","hentry","category-itaka-escolapios"],"yoast_head":"<!-- This site is optimized with the Yoast SEO plugin v27.4 - https:\/\/yoast.com\/product\/yoast-seo-wordpress\/ -->\n<title>18 D\u00c9CEMBRE : JOURN\u00c9E INTERNATIONALE DES MIGRANTS<\/title>\n<meta name=\"description\" content=\"Personne ne devrait \u00eatre oblig\u00e9 de quitter sa maison ou sa famille en raison d&#039;une guerre, d&#039;une famine, d&#039;une s\u00e9cheresse ou pour toute autre raison. En m\u00eame temps, tous les \u00eatres humains ont le droit de choisir l&#039;endroit o\u00f9 ils veulent vivre leur vie et, en tout \u00e9tat de cause, nous avons tous droit \u00e0\u2026\" \/>\n<meta name=\"robots\" content=\"index, follow, max-snippet:-1, max-image-preview:large, max-video-preview:-1\" \/>\n<link rel=\"canonical\" href=\"http:\/\/Personne%20ne%20devrait%20\u00eatre%20oblig\u00e9%20de%20quitter%20sa%20maison%20ou%20sa%20famille%20en%20raison%20d'une%20guerre,%20d'une%20famine,%20d'une%20s\u00e9cheresse%20ou%20pour%20toute%20autre%20raison.%20En%20m\u00eame%20temps,%20tous%20les%20\u00eatres%20humains%20ont%20le%20droit%20de%20choisir%20l'endroit%20o\u00f9%20ils%20veulent%20vivre%20leur%20vie%20et,%20en%20tout%20\u00e9tat%20de%20cause,%20nous%20avons%20tous%20droit%20\u00e0\u2026\" \/>\n<meta property=\"og:locale\" content=\"fr_FR\" \/>\n<meta property=\"og:type\" content=\"article\" \/>\n<meta property=\"og:title\" content=\"18 D\u00c9CEMBRE : JOURN\u00c9E INTERNATIONALE DES MIGRANTS\" \/>\n<meta property=\"og:description\" content=\"Personne ne devrait \u00eatre oblig\u00e9 de quitter sa maison ou sa famille en raison d&#039;une guerre, d&#039;une famine, d&#039;une s\u00e9cheresse ou pour toute autre raison. En m\u00eame temps, tous les \u00eatres humains ont le droit de choisir l&#039;endroit o\u00f9 ils veulent vivre leur vie et, en tout \u00e9tat de cause, nous avons tous droit \u00e0\u2026\" \/>\n<meta property=\"og:url\" content=\"https:\/\/www.itakaescolapios.org\/fr\/2020\/12\/18-de-diciembre-dia-internacional-de-las-personas-migrantes-2\/\" \/>\n<meta property=\"og:site_name\" content=\"Itaka-Escolapios\" \/>\n<meta property=\"article:published_time\" content=\"2020-12-18T07:00:41+00:00\" \/>\n<meta property=\"article:modified_time\" content=\"2023-11-28T11:36:06+00:00\" \/>\n<meta property=\"og:image\" content=\"https:\/\/www.itakaescolapios.org\/wp-content\/uploads\/2020\/12\/18D-DEF-RED.jpg\" \/>\n\t<meta property=\"og:image:width\" content=\"1504\" \/>\n\t<meta property=\"og:image:height\" content=\"1500\" \/>\n\t<meta property=\"og:image:type\" content=\"image\/jpeg\" \/>\n<meta name=\"author\" content=\"itaka\" \/>\n<meta name=\"twitter:card\" content=\"summary_large_image\" \/>\n<meta name=\"twitter:label1\" content=\"\u00c9crit par\" \/>\n\t<meta name=\"twitter:data1\" content=\"itaka\" \/>\n\t<meta name=\"twitter:label2\" content=\"Dur\u00e9e de lecture estim\u00e9e\" \/>\n\t<meta name=\"twitter:data2\" content=\"1 minute\" \/>\n<script type=\"application\/ld+json\" class=\"yoast-schema-graph\">{\"@context\":\"https:\\\/\\\/schema.org\",\"@graph\":[{\"@type\":\"Article\",\"@id\":\"https:\\\/\\\/www.itakaescolapios.org\\\/fr\\\/2020\\\/12\\\/18-de-diciembre-dia-internacional-de-las-personas-migrantes-2\\\/#article\",\"isPartOf\":{\"@id\":\"https:\\\/\\\/www.itakaescolapios.org\\\/fr\\\/2020\\\/12\\\/18-de-diciembre-dia-internacional-de-las-personas-migrantes-2\\\/\"},\"author\":{\"name\":\"itaka\",\"@id\":\"https:\\\/\\\/www.itakaescolapios.org\\\/es\\\/#\\\/schema\\\/person\\\/670123daeb1cc31cae1b106740036ccb\"},\"headline\":\"18 D\u00c9CEMBRE : JOURN\u00c9E INTERNATIONALE DES MIGRANTS\",\"datePublished\":\"2020-12-18T07:00:41+00:00\",\"dateModified\":\"2023-11-28T11:36:06+00:00\",\"mainEntityOfPage\":{\"@id\":\"https:\\\/\\\/www.itakaescolapios.org\\\/fr\\\/2020\\\/12\\\/18-de-diciembre-dia-internacional-de-las-personas-migrantes-2\\\/\"},\"wordCount\":268,\"publisher\":{\"@id\":\"https:\\\/\\\/www.itakaescolapios.org\\\/es\\\/#organization\"},\"image\":{\"@id\":\"https:\\\/\\\/www.itakaescolapios.org\\\/fr\\\/2020\\\/12\\\/18-de-diciembre-dia-internacional-de-las-personas-migrantes-2\\\/#primaryimage\"},\"thumbnailUrl\":\"https:\\\/\\\/www.itakaescolapios.org\\\/wp-content\\\/uploads\\\/2020\\\/12\\\/18D-DEF-RED.jpg\",\"articleSection\":[\"Itaka Escolapios\"],\"inLanguage\":\"fr-FR\"},{\"@type\":\"WebPage\",\"@id\":\"https:\\\/\\\/www.itakaescolapios.org\\\/fr\\\/2020\\\/12\\\/18-de-diciembre-dia-internacional-de-las-personas-migrantes-2\\\/\",\"url\":\"https:\\\/\\\/www.itakaescolapios.org\\\/fr\\\/2020\\\/12\\\/18-de-diciembre-dia-internacional-de-las-personas-migrantes-2\\\/\",\"name\":\"18 DE DICIEMBRE: D\u00cdA INTERNACIONAL DE LAS PERSONAS MIGRANTES - Itaka-Escolapios\",\"isPartOf\":{\"@id\":\"https:\\\/\\\/www.itakaescolapios.org\\\/es\\\/#website\"},\"primaryImageOfPage\":{\"@id\":\"https:\\\/\\\/www.itakaescolapios.org\\\/fr\\\/2020\\\/12\\\/18-de-diciembre-dia-internacional-de-las-personas-migrantes-2\\\/#primaryimage\"},\"image\":{\"@id\":\"https:\\\/\\\/www.itakaescolapios.org\\\/fr\\\/2020\\\/12\\\/18-de-diciembre-dia-internacional-de-las-personas-migrantes-2\\\/#primaryimage\"},\"thumbnailUrl\":\"https:\\\/\\\/www.itakaescolapios.org\\\/wp-content\\\/uploads\\\/2020\\\/12\\\/18D-DEF-RED.jpg\",\"datePublished\":\"2020-12-18T07:00:41+00:00\",\"dateModified\":\"2023-11-28T11:36:06+00:00\",\"breadcrumb\":{\"@id\":\"https:\\\/\\\/www.itakaescolapios.org\\\/fr\\\/2020\\\/12\\\/18-de-diciembre-dia-internacional-de-las-personas-migrantes-2\\\/#breadcrumb\"},\"inLanguage\":\"fr-FR\",\"potentialAction\":[{\"@type\":\"ReadAction\",\"target\":[\"https:\\\/\\\/www.itakaescolapios.org\\\/fr\\\/2020\\\/12\\\/18-de-diciembre-dia-internacional-de-las-personas-migrantes-2\\\/\"]}]},{\"@type\":\"ImageObject\",\"inLanguage\":\"fr-FR\",\"@id\":\"https:\\\/\\\/www.itakaescolapios.org\\\/fr\\\/2020\\\/12\\\/18-de-diciembre-dia-internacional-de-las-personas-migrantes-2\\\/#primaryimage\",\"url\":\"https:\\\/\\\/www.itakaescolapios.org\\\/wp-content\\\/uploads\\\/2020\\\/12\\\/18D-DEF-RED.jpg\",\"contentUrl\":\"https:\\\/\\\/www.itakaescolapios.org\\\/wp-content\\\/uploads\\\/2020\\\/12\\\/18D-DEF-RED.jpg\",\"width\":1504,\"height\":1500},{\"@type\":\"BreadcrumbList\",\"@id\":\"https:\\\/\\\/www.itakaescolapios.org\\\/fr\\\/2020\\\/12\\\/18-de-diciembre-dia-internacional-de-las-personas-migrantes-2\\\/#breadcrumb\",\"itemListElement\":[{\"@type\":\"ListItem\",\"position\":1,\"name\":\"Itaka-Escolapios\",\"item\":\"https:\\\/\\\/www.itakaescolapios.org\\\/es\\\/\"},{\"@type\":\"ListItem\",\"position\":2,\"name\":\"18 D\u00c9CEMBRE : JOURN\u00c9E INTERNATIONALE DES MIGRANTS\"}]},{\"@type\":\"WebSite\",\"@id\":\"https:\\\/\\\/www.itakaescolapios.org\\\/fr\\\/es\\\/#website\",\"url\":\"https:\\\/\\\/www.itakaescolapios.org\\\/fr\\\/es\\\/\",\"name\":\"Itaka-Escolapios\",\"description\":\"Red de Itaka-Escolapios\",\"publisher\":{\"@id\":\"https:\\\/\\\/www.itakaescolapios.org\\\/fr\\\/es\\\/#organization\"},\"potentialAction\":[{\"@type\":\"SearchAction\",\"target\":{\"@type\":\"EntryPoint\",\"urlTemplate\":\"https:\\\/\\\/www.itakaescolapios.org\\\/fr\\\/es\\\/?s={search_term_string}\"},\"query-input\":{\"@type\":\"PropertyValueSpecification\",\"valueRequired\":true,\"valueName\":\"search_term_string\"}}],\"inLanguage\":\"fr-FR\"},{\"@type\":\"Organization\",\"@id\":\"https:\\\/\\\/www.itakaescolapios.org\\\/fr\\\/es\\\/#organization\",\"name\":\"Fundaci\u00f3 Itaka-Escolapios\",\"url\":\"https:\\\/\\\/www.itakaescolapios.org\\\/fr\\\/es\\\/\",\"logo\":{\"@type\":\"ImageObject\",\"inLanguage\":\"fr-FR\",\"@id\":\"https:\\\/\\\/www.itakaescolapios.org\\\/fr\\\/es\\\/#\\\/schema\\\/logo\\\/image\\\/\",\"url\":\"https:\\\/\\\/www.itakaescolapios.org\\\/wp-content\\\/uploads\\\/2024\\\/04\\\/Logo-itakaescolapios-peque.png\",\"contentUrl\":\"https:\\\/\\\/www.itakaescolapios.org\\\/wp-content\\\/uploads\\\/2024\\\/04\\\/Logo-itakaescolapios-peque.png\",\"width\":500,\"height\":199,\"caption\":\"Fundaci\u00f3 Itaka-Escolapios\"},\"image\":{\"@id\":\"https:\\\/\\\/www.itakaescolapios.org\\\/fr\\\/es\\\/#\\\/schema\\\/logo\\\/image\\\/\"}},{\"@type\":\"Person\",\"@id\":\"https:\\\/\\\/www.itakaescolapios.org\\\/es\\\/#\\\/schema\\\/person\\\/670123daeb1cc31cae1b106740036ccb\",\"name\":\"itaka\",\"url\":\"https:\\\/\\\/www.itakaescolapios.org\\\/fr\\\/author\\\/itaka\\\/\"}]}<\/script>\n<!-- \/ Yoast SEO plugin. -->","yoast_head_json":{"title":"18 D\u00c9CEMBRE : JOURN\u00c9E INTERNATIONALE DES MIGRANTS","description":"Personne ne devrait \u00eatre oblig\u00e9 de quitter sa maison ou sa famille en raison d'une guerre, d'une famine, d'une s\u00e9cheresse ou pour toute autre raison. En m\u00eame temps, tous les \u00eatres humains ont le droit de choisir l'endroit o\u00f9 ils veulent vivre leur vie et, en tout \u00e9tat de cause, nous avons tous droit \u00e0\u2026","robots":{"index":"index","follow":"follow","max-snippet":"max-snippet:-1","max-image-preview":"max-image-preview:large","max-video-preview":"max-video-preview:-1"},"canonical":"Personne ne devrait \u00eatre oblig\u00e9 de quitter sa maison ou sa famille en raison d'une guerre, d'une famine, d'une s\u00e9cheresse ou pour toute autre raison. En m\u00eame temps, tous les \u00eatres humains ont le droit de choisir l'endroit o\u00f9 ils veulent vivre leur vie et, en tout \u00e9tat de cause, nous avons tous droit \u00e0\u2026","og_locale":"fr_FR","og_type":"article","og_title":"18 D\u00c9CEMBRE : JOURN\u00c9E INTERNATIONALE DES MIGRANTS","og_description":"Personne ne devrait \u00eatre oblig\u00e9 de quitter sa maison ou sa famille en raison d'une guerre, d'une famine, d'une s\u00e9cheresse ou pour toute autre raison. En m\u00eame temps, tous les \u00eatres humains ont le droit de choisir l'endroit o\u00f9 ils veulent vivre leur vie et, en tout \u00e9tat de cause, nous avons tous droit \u00e0\u2026","og_url":"https:\/\/www.itakaescolapios.org\/fr\/2020\/12\/18-de-diciembre-dia-internacional-de-las-personas-migrantes-2\/","og_site_name":"Itaka-Escolapios","article_published_time":"2020-12-18T07:00:41+00:00","article_modified_time":"2023-11-28T11:36:06+00:00","og_image":[{"width":1504,"height":1500,"url":"https:\/\/www.itakaescolapios.org\/wp-content\/uploads\/2020\/12\/18D-DEF-RED.jpg","type":"image\/jpeg"}],"author":"itaka","twitter_card":"summary_large_image","twitter_misc":{"\u00c9crit par":"itaka","Dur\u00e9e de lecture estim\u00e9e":"1 minute"},"schema":{"@context":"https:\/\/schema.org","@graph":[{"@type":"Article","@id":"https:\/\/www.itakaescolapios.org\/fr\/2020\/12\/18-de-diciembre-dia-internacional-de-las-personas-migrantes-2\/#article","isPartOf":{"@id":"https:\/\/www.itakaescolapios.org\/fr\/2020\/12\/18-de-diciembre-dia-internacional-de-las-personas-migrantes-2\/"},"author":{"name":"itaka","@id":"https:\/\/www.itakaescolapios.org\/es\/#\/schema\/person\/670123daeb1cc31cae1b106740036ccb"},"headline":"18 D\u00c9CEMBRE : JOURN\u00c9E INTERNATIONALE DES MIGRANTS","datePublished":"2020-12-18T07:00:41+00:00","dateModified":"2023-11-28T11:36:06+00:00","mainEntityOfPage":{"@id":"https:\/\/www.itakaescolapios.org\/fr\/2020\/12\/18-de-diciembre-dia-internacional-de-las-personas-migrantes-2\/"},"wordCount":268,"publisher":{"@id":"https:\/\/www.itakaescolapios.org\/es\/#organization"},"image":{"@id":"https:\/\/www.itakaescolapios.org\/fr\/2020\/12\/18-de-diciembre-dia-internacional-de-las-personas-migrantes-2\/#primaryimage"},"thumbnailUrl":"https:\/\/www.itakaescolapios.org\/wp-content\/uploads\/2020\/12\/18D-DEF-RED.jpg","articleSection":["Itaka Escolapios"],"inLanguage":"fr-FR"},{"@type":"WebPage","@id":"https:\/\/www.itakaescolapios.org\/fr\/2020\/12\/18-de-diciembre-dia-internacional-de-las-personas-migrantes-2\/","url":"https:\/\/www.itakaescolapios.org\/fr\/2020\/12\/18-de-diciembre-dia-internacional-de-las-personas-migrantes-2\/","name":"18 DE DICIEMBRE: D\u00cdA INTERNACIONAL DE LAS PERSONAS MIGRANTES - Itaka-Escolapios","isPartOf":{"@id":"https:\/\/www.itakaescolapios.org\/es\/#website"},"primaryImageOfPage":{"@id":"https:\/\/www.itakaescolapios.org\/fr\/2020\/12\/18-de-diciembre-dia-internacional-de-las-personas-migrantes-2\/#primaryimage"},"image":{"@id":"https:\/\/www.itakaescolapios.org\/fr\/2020\/12\/18-de-diciembre-dia-internacional-de-las-personas-migrantes-2\/#primaryimage"},"thumbnailUrl":"https:\/\/www.itakaescolapios.org\/wp-content\/uploads\/2020\/12\/18D-DEF-RED.jpg","datePublished":"2020-12-18T07:00:41+00:00","dateModified":"2023-11-28T11:36:06+00:00","breadcrumb":{"@id":"https:\/\/www.itakaescolapios.org\/fr\/2020\/12\/18-de-diciembre-dia-internacional-de-las-personas-migrantes-2\/#breadcrumb"},"inLanguage":"fr-FR","potentialAction":[{"@type":"ReadAction","target":["https:\/\/www.itakaescolapios.org\/fr\/2020\/12\/18-de-diciembre-dia-internacional-de-las-personas-migrantes-2\/"]}]},{"@type":"ImageObject","inLanguage":"fr-FR","@id":"https:\/\/www.itakaescolapios.org\/fr\/2020\/12\/18-de-diciembre-dia-internacional-de-las-personas-migrantes-2\/#primaryimage","url":"https:\/\/www.itakaescolapios.org\/wp-content\/uploads\/2020\/12\/18D-DEF-RED.jpg","contentUrl":"https:\/\/www.itakaescolapios.org\/wp-content\/uploads\/2020\/12\/18D-DEF-RED.jpg","width":1504,"height":1500},{"@type":"BreadcrumbList","@id":"https:\/\/www.itakaescolapios.org\/fr\/2020\/12\/18-de-diciembre-dia-internacional-de-las-personas-migrantes-2\/#breadcrumb","itemListElement":[{"@type":"ListItem","position":1,"name":"Itaka-Escolapios","item":"https:\/\/www.itakaescolapios.org\/es\/"},{"@type":"ListItem","position":2,"name":"18 D\u00c9CEMBRE : JOURN\u00c9E INTERNATIONALE DES MIGRANTS"}]},{"@type":"WebSite","@id":"https:\/\/www.itakaescolapios.org\/fr\/es\/#website","url":"https:\/\/www.itakaescolapios.org\/fr\/es\/","name":"Itaka-Escolapios","description":"Red de Itaka-Escolapios","publisher":{"@id":"https:\/\/www.itakaescolapios.org\/fr\/es\/#organization"},"potentialAction":[{"@type":"SearchAction","target":{"@type":"EntryPoint","urlTemplate":"https:\/\/www.itakaescolapios.org\/fr\/es\/?s={search_term_string}"},"query-input":{"@type":"PropertyValueSpecification","valueRequired":true,"valueName":"search_term_string"}}],"inLanguage":"fr-FR"},{"@type":"Organization","@id":"https:\/\/www.itakaescolapios.org\/fr\/es\/#organization","name":"Fundaci\u00f3 Itaka-Escolapios","url":"https:\/\/www.itakaescolapios.org\/fr\/es\/","logo":{"@type":"ImageObject","inLanguage":"fr-FR","@id":"https:\/\/www.itakaescolapios.org\/fr\/es\/#\/schema\/logo\/image\/","url":"https:\/\/www.itakaescolapios.org\/wp-content\/uploads\/2024\/04\/Logo-itakaescolapios-peque.png","contentUrl":"https:\/\/www.itakaescolapios.org\/wp-content\/uploads\/2024\/04\/Logo-itakaescolapios-peque.png","width":500,"height":199,"caption":"Fundaci\u00f3 Itaka-Escolapios"},"image":{"@id":"https:\/\/www.itakaescolapios.org\/fr\/es\/#\/schema\/logo\/image\/"}},{"@type":"Person","@id":"https:\/\/www.itakaescolapios.org\/es\/#\/schema\/person\/670123daeb1cc31cae1b106740036ccb","name":"itaka","url":"https:\/\/www.itakaescolapios.org\/fr\/author\/itaka\/"}]}},"_links":{"self":[{"href":"https:\/\/www.itakaescolapios.org\/fr\/wp-json\/wp\/v2\/posts\/32274","targetHints":{"allow":["GET"]}}],"collection":[{"href":"https:\/\/www.itakaescolapios.org\/fr\/wp-json\/wp\/v2\/posts"}],"about":[{"href":"https:\/\/www.itakaescolapios.org\/fr\/wp-json\/wp\/v2\/types\/post"}],"author":[{"embeddable":true,"href":"https:\/\/www.itakaescolapios.org\/fr\/wp-json\/wp\/v2\/users\/4"}],"replies":[{"embeddable":true,"href":"https:\/\/www.itakaescolapios.org\/fr\/wp-json\/wp\/v2\/comments?post=32274"}],"version-history":[{"count":6,"href":"https:\/\/www.itakaescolapios.org\/fr\/wp-json\/wp\/v2\/posts\/32274\/revisions"}],"predecessor-version":[{"id":44443,"href":"https:\/\/www.itakaescolapios.org\/fr\/wp-json\/wp\/v2\/posts\/32274\/revisions\/44443"}],"wp:featuredmedia":[{"embeddable":true,"href":"https:\/\/www.itakaescolapios.org\/fr\/wp-json\/wp\/v2\/media\/32275"}],"wp:attachment":[{"href":"https:\/\/www.itakaescolapios.org\/fr\/wp-json\/wp\/v2\/media?parent=32274"}],"wp:term":[{"taxonomy":"category","embeddable":true,"href":"https:\/\/www.itakaescolapios.org\/fr\/wp-json\/wp\/v2\/categories?post=32274"},{"taxonomy":"post_tag","embeddable":true,"href":"https:\/\/www.itakaescolapios.org\/fr\/wp-json\/wp\/v2\/tags?post=32274"}],"curies":[{"name":"wp","href":"https:\/\/api.w.org\/{rel}","templated":true}]}}