{"id":325203,"date":"2023-12-05T09:15:34","date_gmt":"2023-12-05T08:15:34","guid":{"rendered":"https:\/\/www.itakaescolapios.org\/?p=43540"},"modified":"2025-03-07T18:28:31","modified_gmt":"2025-03-07T17:28:31","slug":"5-de-diciembre-dia-internacional-del-voluntariado-9","status":"publish","type":"post","link":"https:\/\/www.itakaescolapios.org\/fr\/2023\/12\/5-de-diciembre-dia-internacional-del-voluntariado-9\/","title":{"rendered":"5 D\u00c9CEMBRE, JOURN\u00c9E INTERNATIONALE DES VOLONTAIRES"},"content":{"rendered":"<p>Nous c\u00e9l\u00e9brons aujourd&rsquo;hui la Journ\u00e9e internationale des volontaires.<\/p>\n<p>Une journ\u00e9e pour c\u00e9l\u00e9brer et surtout pour remercier ; mais aussi pour ressentir et r\u00e9fl\u00e9chir \u00e0 la fa\u00e7on dont le volontariat est ma place, et \u00e0 la fa\u00e7on dont nous nous transformons gr\u00e2ce \u00e0 lui en un monde meilleur.<\/p>\n<p>Merci \u00e0 toutes les personnes qui participent \u00e0 nos projets en donnant le meilleur d&rsquo;elles-m\u00eames.<\/p>\n","protected":false},"excerpt":{"rendered":"<p>Nous c\u00e9l\u00e9brons aujourd&rsquo;hui la Journ\u00e9e internationale des volontaires. Une journ\u00e9e pour c\u00e9l\u00e9brer et surtout pour remercier ; mais aussi pour ressentir et r\u00e9fl\u00e9chir \u00e0 la fa\u00e7on dont le volontariat est [&hellip;]<\/p>\n","protected":false},"author":1,"featured_media":325508,"comment_status":"closed","ping_status":"closed","sticky":false,"template":"","format":"standard","meta":{"_et_pb_use_builder":"","_et_pb_old_content":"","_et_gb_content_width":"","footnotes":""},"categories":[30],"tags":[],"class_list":["post-325203","post","type-post","status-publish","format-standard","has-post-thumbnail","hentry","category-itaka-escolapios"],"yoast_head":"<!-- This site is optimized with the Yoast SEO plugin v27.4 - https:\/\/yoast.com\/product\/yoast-seo-wordpress\/ -->\n<title>5 D\u00c9CEMBRE, JOURN\u00c9E INTERNATIONALE DES VOLONTAIRES<\/title>\n<meta name=\"description\" content=\"Nous c\u00e9l\u00e9brons aujourd&#039;hui la Journ\u00e9e internationale des volontaires. Une journ\u00e9e pour c\u00e9l\u00e9brer et surtout pour remercier ; mais aussi pour ressentir et r\u00e9fl\u00e9chir \u00e0 la fa\u00e7on dont le volontariat est ma place, et \u00e0 la fa\u00e7on dont nous nous transformons gr\u00e2ce \u00e0 lui en un monde meilleur. Merci \u00e0 toutes les personnes qui participent \u00e0\u2026\" \/>\n<meta name=\"robots\" content=\"index, follow, max-snippet:-1, max-image-preview:large, max-video-preview:-1\" \/>\n<link rel=\"canonical\" href=\"http:\/\/Nous%20c\u00e9l\u00e9brons%20aujourd'hui%20la%20Journ\u00e9e%20internationale%20des%20volontaires.%20Une%20journ\u00e9e%20pour%20c\u00e9l\u00e9brer%20et%20surtout%20pour%20remercier%20;%20mais%20aussi%20pour%20ressentir%20et%20r\u00e9fl\u00e9chir%20\u00e0%20la%20fa\u00e7on%20dont%20le%20volontariat%20est%20ma%20place,%20et%20\u00e0%20la%20fa\u00e7on%20dont%20nous%20nous%20transformons%20gr\u00e2ce%20\u00e0%20lui%20en%20un%20monde%20meilleur.%20Merci%20\u00e0%20toutes%20les%20personnes%20qui%20participent%20\u00e0\u2026\" \/>\n<meta property=\"og:locale\" content=\"fr_FR\" \/>\n<meta property=\"og:type\" content=\"article\" \/>\n<meta property=\"og:title\" content=\"5 D\u00c9CEMBRE, JOURN\u00c9E INTERNATIONALE DES VOLONTAIRES\" \/>\n<meta property=\"og:description\" content=\"Nous c\u00e9l\u00e9brons aujourd&#039;hui la Journ\u00e9e internationale des volontaires. Une journ\u00e9e pour c\u00e9l\u00e9brer et surtout pour remercier ; mais aussi pour ressentir et r\u00e9fl\u00e9chir \u00e0 la fa\u00e7on dont le volontariat est ma place, et \u00e0 la fa\u00e7on dont nous nous transformons gr\u00e2ce \u00e0 lui en un monde meilleur. Merci \u00e0 toutes les personnes qui participent \u00e0\u2026\" \/>\n<meta property=\"og:url\" content=\"https:\/\/www.itakaescolapios.org\/fr\/2023\/12\/5-de-diciembre-dia-internacional-del-voluntariado-9\/\" \/>\n<meta property=\"og:site_name\" content=\"Itaka-Escolapios\" \/>\n<meta property=\"article:published_time\" content=\"2023-12-05T08:15:34+00:00\" \/>\n<meta property=\"article:modified_time\" content=\"2025-03-07T17:28:31+00:00\" \/>\n<meta property=\"og:image\" content=\"https:\/\/www.itakaescolapios.org\/wp-content\/uploads\/2023\/12\/BANNER-INSTAGRAM-VOLUNTARIADO-2023-ESP-1.jpg\" \/>\n\t<meta property=\"og:image:width\" content=\"1435\" \/>\n\t<meta property=\"og:image:height\" content=\"1417\" \/>\n\t<meta property=\"og:image:type\" content=\"image\/jpeg\" \/>\n<meta name=\"author\" content=\"administrador\" \/>\n<meta name=\"twitter:card\" content=\"summary_large_image\" \/>\n<meta name=\"twitter:label1\" content=\"\u00c9crit par\" \/>\n\t<meta name=\"twitter:data1\" content=\"administrador\" \/>\n<script type=\"application\/ld+json\" class=\"yoast-schema-graph\">{\"@context\":\"https:\\\/\\\/schema.org\",\"@graph\":[{\"@type\":\"Article\",\"@id\":\"https:\\\/\\\/www.itakaescolapios.org\\\/fr\\\/2023\\\/12\\\/5-de-diciembre-dia-internacional-del-voluntariado-9\\\/#article\",\"isPartOf\":{\"@id\":\"https:\\\/\\\/www.itakaescolapios.org\\\/fr\\\/2023\\\/12\\\/5-de-diciembre-dia-internacional-del-voluntariado-9\\\/\"},\"author\":{\"name\":\"administrador\",\"@id\":\"https:\\\/\\\/www.itakaescolapios.org\\\/es\\\/#\\\/schema\\\/person\\\/aaa10333558991c1d6ad358b7721fe71\"},\"headline\":\"5 D\u00c9CEMBRE, JOURN\u00c9E INTERNATIONALE DES VOLONTAIRES\",\"datePublished\":\"2023-12-05T08:15:34+00:00\",\"dateModified\":\"2025-03-07T17:28:31+00:00\",\"mainEntityOfPage\":{\"@id\":\"https:\\\/\\\/www.itakaescolapios.org\\\/fr\\\/2023\\\/12\\\/5-de-diciembre-dia-internacional-del-voluntariado-9\\\/\"},\"wordCount\":75,\"publisher\":{\"@id\":\"https:\\\/\\\/www.itakaescolapios.org\\\/es\\\/#organization\"},\"image\":{\"@id\":\"https:\\\/\\\/www.itakaescolapios.org\\\/fr\\\/2023\\\/12\\\/5-de-diciembre-dia-internacional-del-voluntariado-9\\\/#primaryimage\"},\"thumbnailUrl\":\"https:\\\/\\\/www.itakaescolapios.org\\\/wp-content\\\/uploads\\\/2023\\\/12\\\/BANNER-INSTAGRAM-VOLUNTARIADO-2023-ESP-1.jpg\",\"articleSection\":[\"Itaka Escolapios\"],\"inLanguage\":\"fr-FR\"},{\"@type\":\"WebPage\",\"@id\":\"https:\\\/\\\/www.itakaescolapios.org\\\/fr\\\/2023\\\/12\\\/5-de-diciembre-dia-internacional-del-voluntariado-9\\\/\",\"url\":\"https:\\\/\\\/www.itakaescolapios.org\\\/fr\\\/2023\\\/12\\\/5-de-diciembre-dia-internacional-del-voluntariado-9\\\/\",\"name\":\"5 DE DICIEMBRE, D\u00cdA INTERNACIONAL DEL VOLUNTARIADO - Itaka-Escolapios\",\"isPartOf\":{\"@id\":\"https:\\\/\\\/www.itakaescolapios.org\\\/es\\\/#website\"},\"primaryImageOfPage\":{\"@id\":\"https:\\\/\\\/www.itakaescolapios.org\\\/fr\\\/2023\\\/12\\\/5-de-diciembre-dia-internacional-del-voluntariado-9\\\/#primaryimage\"},\"image\":{\"@id\":\"https:\\\/\\\/www.itakaescolapios.org\\\/fr\\\/2023\\\/12\\\/5-de-diciembre-dia-internacional-del-voluntariado-9\\\/#primaryimage\"},\"thumbnailUrl\":\"https:\\\/\\\/www.itakaescolapios.org\\\/wp-content\\\/uploads\\\/2023\\\/12\\\/BANNER-INSTAGRAM-VOLUNTARIADO-2023-ESP-1.jpg\",\"datePublished\":\"2023-12-05T08:15:34+00:00\",\"dateModified\":\"2025-03-07T17:28:31+00:00\",\"breadcrumb\":{\"@id\":\"https:\\\/\\\/www.itakaescolapios.org\\\/fr\\\/2023\\\/12\\\/5-de-diciembre-dia-internacional-del-voluntariado-9\\\/#breadcrumb\"},\"inLanguage\":\"fr-FR\",\"potentialAction\":[{\"@type\":\"ReadAction\",\"target\":[\"https:\\\/\\\/www.itakaescolapios.org\\\/fr\\\/2023\\\/12\\\/5-de-diciembre-dia-internacional-del-voluntariado-9\\\/\"]}]},{\"@type\":\"ImageObject\",\"inLanguage\":\"fr-FR\",\"@id\":\"https:\\\/\\\/www.itakaescolapios.org\\\/fr\\\/2023\\\/12\\\/5-de-diciembre-dia-internacional-del-voluntariado-9\\\/#primaryimage\",\"url\":\"https:\\\/\\\/www.itakaescolapios.org\\\/wp-content\\\/uploads\\\/2023\\\/12\\\/BANNER-INSTAGRAM-VOLUNTARIADO-2023-ESP-1.jpg\",\"contentUrl\":\"https:\\\/\\\/www.itakaescolapios.org\\\/wp-content\\\/uploads\\\/2023\\\/12\\\/BANNER-INSTAGRAM-VOLUNTARIADO-2023-ESP-1.jpg\",\"width\":1435,\"height\":1417},{\"@type\":\"BreadcrumbList\",\"@id\":\"https:\\\/\\\/www.itakaescolapios.org\\\/fr\\\/2023\\\/12\\\/5-de-diciembre-dia-internacional-del-voluntariado-9\\\/#breadcrumb\",\"itemListElement\":[{\"@type\":\"ListItem\",\"position\":1,\"name\":\"Itaka-Escolapios\",\"item\":\"https:\\\/\\\/www.itakaescolapios.org\\\/es\\\/\"},{\"@type\":\"ListItem\",\"position\":2,\"name\":\"5 D\u00c9CEMBRE, JOURN\u00c9E INTERNATIONALE DES VOLONTAIRES\"}]},{\"@type\":\"WebSite\",\"@id\":\"https:\\\/\\\/www.itakaescolapios.org\\\/fr\\\/es\\\/#website\",\"url\":\"https:\\\/\\\/www.itakaescolapios.org\\\/fr\\\/es\\\/\",\"name\":\"Itaka-Escolapios\",\"description\":\"Red de Itaka-Escolapios\",\"publisher\":{\"@id\":\"https:\\\/\\\/www.itakaescolapios.org\\\/fr\\\/es\\\/#organization\"},\"potentialAction\":[{\"@type\":\"SearchAction\",\"target\":{\"@type\":\"EntryPoint\",\"urlTemplate\":\"https:\\\/\\\/www.itakaescolapios.org\\\/fr\\\/es\\\/?s={search_term_string}\"},\"query-input\":{\"@type\":\"PropertyValueSpecification\",\"valueRequired\":true,\"valueName\":\"search_term_string\"}}],\"inLanguage\":\"fr-FR\"},{\"@type\":\"Organization\",\"@id\":\"https:\\\/\\\/www.itakaescolapios.org\\\/fr\\\/es\\\/#organization\",\"name\":\"Fundaci\u00f3 Itaka-Escolapios\",\"url\":\"https:\\\/\\\/www.itakaescolapios.org\\\/fr\\\/es\\\/\",\"logo\":{\"@type\":\"ImageObject\",\"inLanguage\":\"fr-FR\",\"@id\":\"https:\\\/\\\/www.itakaescolapios.org\\\/fr\\\/es\\\/#\\\/schema\\\/logo\\\/image\\\/\",\"url\":\"https:\\\/\\\/www.itakaescolapios.org\\\/wp-content\\\/uploads\\\/2024\\\/04\\\/Logo-itakaescolapios-peque.png\",\"contentUrl\":\"https:\\\/\\\/www.itakaescolapios.org\\\/wp-content\\\/uploads\\\/2024\\\/04\\\/Logo-itakaescolapios-peque.png\",\"width\":500,\"height\":199,\"caption\":\"Fundaci\u00f3 Itaka-Escolapios\"},\"image\":{\"@id\":\"https:\\\/\\\/www.itakaescolapios.org\\\/fr\\\/es\\\/#\\\/schema\\\/logo\\\/image\\\/\"}},{\"@type\":\"Person\",\"@id\":\"https:\\\/\\\/www.itakaescolapios.org\\\/es\\\/#\\\/schema\\\/person\\\/aaa10333558991c1d6ad358b7721fe71\",\"name\":\"administrador\",\"url\":\"https:\\\/\\\/www.itakaescolapios.org\\\/fr\\\/author\\\/administrador\\\/\"}]}<\/script>\n<!-- \/ Yoast SEO plugin. -->","yoast_head_json":{"title":"5 D\u00c9CEMBRE, JOURN\u00c9E INTERNATIONALE DES VOLONTAIRES","description":"Nous c\u00e9l\u00e9brons aujourd'hui la Journ\u00e9e internationale des volontaires. Une journ\u00e9e pour c\u00e9l\u00e9brer et surtout pour remercier ; mais aussi pour ressentir et r\u00e9fl\u00e9chir \u00e0 la fa\u00e7on dont le volontariat est ma place, et \u00e0 la fa\u00e7on dont nous nous transformons gr\u00e2ce \u00e0 lui en un monde meilleur. Merci \u00e0 toutes les personnes qui participent \u00e0\u2026","robots":{"index":"index","follow":"follow","max-snippet":"max-snippet:-1","max-image-preview":"max-image-preview:large","max-video-preview":"max-video-preview:-1"},"canonical":"Nous c\u00e9l\u00e9brons aujourd'hui la Journ\u00e9e internationale des volontaires. Une journ\u00e9e pour c\u00e9l\u00e9brer et surtout pour remercier ; mais aussi pour ressentir et r\u00e9fl\u00e9chir \u00e0 la fa\u00e7on dont le volontariat est ma place, et \u00e0 la fa\u00e7on dont nous nous transformons gr\u00e2ce \u00e0 lui en un monde meilleur. Merci \u00e0 toutes les personnes qui participent \u00e0\u2026","og_locale":"fr_FR","og_type":"article","og_title":"5 D\u00c9CEMBRE, JOURN\u00c9E INTERNATIONALE DES VOLONTAIRES","og_description":"Nous c\u00e9l\u00e9brons aujourd'hui la Journ\u00e9e internationale des volontaires. Une journ\u00e9e pour c\u00e9l\u00e9brer et surtout pour remercier ; mais aussi pour ressentir et r\u00e9fl\u00e9chir \u00e0 la fa\u00e7on dont le volontariat est ma place, et \u00e0 la fa\u00e7on dont nous nous transformons gr\u00e2ce \u00e0 lui en un monde meilleur. Merci \u00e0 toutes les personnes qui participent \u00e0\u2026","og_url":"https:\/\/www.itakaescolapios.org\/fr\/2023\/12\/5-de-diciembre-dia-internacional-del-voluntariado-9\/","og_site_name":"Itaka-Escolapios","article_published_time":"2023-12-05T08:15:34+00:00","article_modified_time":"2025-03-07T17:28:31+00:00","og_image":[{"width":1435,"height":1417,"url":"https:\/\/www.itakaescolapios.org\/wp-content\/uploads\/2023\/12\/BANNER-INSTAGRAM-VOLUNTARIADO-2023-ESP-1.jpg","type":"image\/jpeg"}],"author":"administrador","twitter_card":"summary_large_image","twitter_misc":{"\u00c9crit par":"administrador"},"schema":{"@context":"https:\/\/schema.org","@graph":[{"@type":"Article","@id":"https:\/\/www.itakaescolapios.org\/fr\/2023\/12\/5-de-diciembre-dia-internacional-del-voluntariado-9\/#article","isPartOf":{"@id":"https:\/\/www.itakaescolapios.org\/fr\/2023\/12\/5-de-diciembre-dia-internacional-del-voluntariado-9\/"},"author":{"name":"administrador","@id":"https:\/\/www.itakaescolapios.org\/es\/#\/schema\/person\/aaa10333558991c1d6ad358b7721fe71"},"headline":"5 D\u00c9CEMBRE, JOURN\u00c9E INTERNATIONALE DES VOLONTAIRES","datePublished":"2023-12-05T08:15:34+00:00","dateModified":"2025-03-07T17:28:31+00:00","mainEntityOfPage":{"@id":"https:\/\/www.itakaescolapios.org\/fr\/2023\/12\/5-de-diciembre-dia-internacional-del-voluntariado-9\/"},"wordCount":75,"publisher":{"@id":"https:\/\/www.itakaescolapios.org\/es\/#organization"},"image":{"@id":"https:\/\/www.itakaescolapios.org\/fr\/2023\/12\/5-de-diciembre-dia-internacional-del-voluntariado-9\/#primaryimage"},"thumbnailUrl":"https:\/\/www.itakaescolapios.org\/wp-content\/uploads\/2023\/12\/BANNER-INSTAGRAM-VOLUNTARIADO-2023-ESP-1.jpg","articleSection":["Itaka Escolapios"],"inLanguage":"fr-FR"},{"@type":"WebPage","@id":"https:\/\/www.itakaescolapios.org\/fr\/2023\/12\/5-de-diciembre-dia-internacional-del-voluntariado-9\/","url":"https:\/\/www.itakaescolapios.org\/fr\/2023\/12\/5-de-diciembre-dia-internacional-del-voluntariado-9\/","name":"5 DE DICIEMBRE, D\u00cdA INTERNACIONAL DEL VOLUNTARIADO - Itaka-Escolapios","isPartOf":{"@id":"https:\/\/www.itakaescolapios.org\/es\/#website"},"primaryImageOfPage":{"@id":"https:\/\/www.itakaescolapios.org\/fr\/2023\/12\/5-de-diciembre-dia-internacional-del-voluntariado-9\/#primaryimage"},"image":{"@id":"https:\/\/www.itakaescolapios.org\/fr\/2023\/12\/5-de-diciembre-dia-internacional-del-voluntariado-9\/#primaryimage"},"thumbnailUrl":"https:\/\/www.itakaescolapios.org\/wp-content\/uploads\/2023\/12\/BANNER-INSTAGRAM-VOLUNTARIADO-2023-ESP-1.jpg","datePublished":"2023-12-05T08:15:34+00:00","dateModified":"2025-03-07T17:28:31+00:00","breadcrumb":{"@id":"https:\/\/www.itakaescolapios.org\/fr\/2023\/12\/5-de-diciembre-dia-internacional-del-voluntariado-9\/#breadcrumb"},"inLanguage":"fr-FR","potentialAction":[{"@type":"ReadAction","target":["https:\/\/www.itakaescolapios.org\/fr\/2023\/12\/5-de-diciembre-dia-internacional-del-voluntariado-9\/"]}]},{"@type":"ImageObject","inLanguage":"fr-FR","@id":"https:\/\/www.itakaescolapios.org\/fr\/2023\/12\/5-de-diciembre-dia-internacional-del-voluntariado-9\/#primaryimage","url":"https:\/\/www.itakaescolapios.org\/wp-content\/uploads\/2023\/12\/BANNER-INSTAGRAM-VOLUNTARIADO-2023-ESP-1.jpg","contentUrl":"https:\/\/www.itakaescolapios.org\/wp-content\/uploads\/2023\/12\/BANNER-INSTAGRAM-VOLUNTARIADO-2023-ESP-1.jpg","width":1435,"height":1417},{"@type":"BreadcrumbList","@id":"https:\/\/www.itakaescolapios.org\/fr\/2023\/12\/5-de-diciembre-dia-internacional-del-voluntariado-9\/#breadcrumb","itemListElement":[{"@type":"ListItem","position":1,"name":"Itaka-Escolapios","item":"https:\/\/www.itakaescolapios.org\/es\/"},{"@type":"ListItem","position":2,"name":"5 D\u00c9CEMBRE, JOURN\u00c9E INTERNATIONALE DES VOLONTAIRES"}]},{"@type":"WebSite","@id":"https:\/\/www.itakaescolapios.org\/fr\/es\/#website","url":"https:\/\/www.itakaescolapios.org\/fr\/es\/","name":"Itaka-Escolapios","description":"Red de Itaka-Escolapios","publisher":{"@id":"https:\/\/www.itakaescolapios.org\/fr\/es\/#organization"},"potentialAction":[{"@type":"SearchAction","target":{"@type":"EntryPoint","urlTemplate":"https:\/\/www.itakaescolapios.org\/fr\/es\/?s={search_term_string}"},"query-input":{"@type":"PropertyValueSpecification","valueRequired":true,"valueName":"search_term_string"}}],"inLanguage":"fr-FR"},{"@type":"Organization","@id":"https:\/\/www.itakaescolapios.org\/fr\/es\/#organization","name":"Fundaci\u00f3 Itaka-Escolapios","url":"https:\/\/www.itakaescolapios.org\/fr\/es\/","logo":{"@type":"ImageObject","inLanguage":"fr-FR","@id":"https:\/\/www.itakaescolapios.org\/fr\/es\/#\/schema\/logo\/image\/","url":"https:\/\/www.itakaescolapios.org\/wp-content\/uploads\/2024\/04\/Logo-itakaescolapios-peque.png","contentUrl":"https:\/\/www.itakaescolapios.org\/wp-content\/uploads\/2024\/04\/Logo-itakaescolapios-peque.png","width":500,"height":199,"caption":"Fundaci\u00f3 Itaka-Escolapios"},"image":{"@id":"https:\/\/www.itakaescolapios.org\/fr\/es\/#\/schema\/logo\/image\/"}},{"@type":"Person","@id":"https:\/\/www.itakaescolapios.org\/es\/#\/schema\/person\/aaa10333558991c1d6ad358b7721fe71","name":"administrador","url":"https:\/\/www.itakaescolapios.org\/fr\/author\/administrador\/"}]}},"_links":{"self":[{"href":"https:\/\/www.itakaescolapios.org\/fr\/wp-json\/wp\/v2\/posts\/325203","targetHints":{"allow":["GET"]}}],"collection":[{"href":"https:\/\/www.itakaescolapios.org\/fr\/wp-json\/wp\/v2\/posts"}],"about":[{"href":"https:\/\/www.itakaescolapios.org\/fr\/wp-json\/wp\/v2\/types\/post"}],"author":[{"embeddable":true,"href":"https:\/\/www.itakaescolapios.org\/fr\/wp-json\/wp\/v2\/users\/1"}],"replies":[{"embeddable":true,"href":"https:\/\/www.itakaescolapios.org\/fr\/wp-json\/wp\/v2\/comments?post=325203"}],"version-history":[{"count":2,"href":"https:\/\/www.itakaescolapios.org\/fr\/wp-json\/wp\/v2\/posts\/325203\/revisions"}],"predecessor-version":[{"id":326416,"href":"https:\/\/www.itakaescolapios.org\/fr\/wp-json\/wp\/v2\/posts\/325203\/revisions\/326416"}],"wp:featuredmedia":[{"embeddable":true,"href":"https:\/\/www.itakaescolapios.org\/fr\/wp-json\/wp\/v2\/media\/325508"}],"wp:attachment":[{"href":"https:\/\/www.itakaescolapios.org\/fr\/wp-json\/wp\/v2\/media?parent=325203"}],"wp:term":[{"taxonomy":"category","embeddable":true,"href":"https:\/\/www.itakaescolapios.org\/fr\/wp-json\/wp\/v2\/categories?post=325203"},{"taxonomy":"post_tag","embeddable":true,"href":"https:\/\/www.itakaescolapios.org\/fr\/wp-json\/wp\/v2\/tags?post=325203"}],"curies":[{"name":"wp","href":"https:\/\/api.w.org\/{rel}","templated":true}]}}