{"id":325211,"date":"2023-12-20T19:32:17","date_gmt":"2023-12-20T18:32:17","guid":{"rendered":"https:\/\/www.itakaescolapios.org\/?p=43681"},"modified":"2025-03-07T18:28:30","modified_gmt":"2025-03-07T17:28:30","slug":"el-movimiento-calasanz-de-dakar-celebra-una-jornada-de-integracion-juvenil","status":"publish","type":"post","link":"https:\/\/www.itakaescolapios.org\/fr\/2023\/12\/el-movimiento-calasanz-de-dakar-celebra-una-jornada-de-integracion-juvenil\/","title":{"rendered":"Le Mouvement Calasanz \u00e0 Dakar c\u00e9l\u00e8bre une journ\u00e9e d'int\u00e9gration des jeunes"},"content":{"rendered":"<p>Ce dimanche 17 d\u00e9cembre 2023, eu lieu au scolasticat Notre Dame d&rsquo;Afrique de Dakar la journ\u00e9e d&rsquo;int\u00e9gration des jeunes organis\u00e9e par le Mouvement Calasanz. Au programme, une causerie, des \u00e9changes, un repas fraternel partag\u00e9 et une ambiance festive.<\/p>\n<p>&nbsp;<\/p>\n\n","protected":false},"excerpt":{"rendered":"<p>Ce dimanche 17 d\u00e9cembre 2023, eu lieu au scolasticat Notre Dame d&rsquo;Afrique de Dakar la journ\u00e9e d&rsquo;int\u00e9gration des jeunes organis\u00e9e par le Mouvement Calasanz. Au programme, une causerie, des \u00e9changes, [&hellip;]<\/p>\n","protected":false},"author":1,"featured_media":325509,"comment_status":"closed","ping_status":"closed","sticky":false,"template":"","format":"standard","meta":{"_et_pb_use_builder":"","_et_pb_old_content":"","_et_gb_content_width":"","footnotes":""},"categories":[446],"tags":[],"class_list":["post-325211","post","type-post","status-publish","format-standard","has-post-thumbnail","hentry","category-africa-del-oeste"],"yoast_head":"<!-- This site is optimized with the Yoast SEO plugin v27.4 - https:\/\/yoast.com\/product\/yoast-seo-wordpress\/ -->\n<title>Le Mouvement Calasanz \u00e0 Dakar c\u00e9l\u00e8bre une journ\u00e9e d&#039;int\u00e9gration des jeunes<\/title>\n<meta name=\"description\" content=\"Ce dimanche 17 d\u00e9cembre 2023, eu lieu au scolasticat Notre Dame d&#039;Afrique de Dakar la journ\u00e9e d&#039;int\u00e9gration des jeunes organis\u00e9e par le Mouvement Calasanz. Au programme, une causerie, des \u00e9changes, un repas fraternel partag\u00e9 et une ambiance festive. &nbsp; [gallery ids=&quot;43702,43701,43700,43699,43698,43697,43696,43695,43694,43693,43692,43691,43690,43689,43688,43687,43686,43684,43685,43683,43682&quot;]\" \/>\n<meta name=\"robots\" content=\"index, follow, max-snippet:-1, max-image-preview:large, max-video-preview:-1\" \/>\n<link rel=\"canonical\" href=\"http:\/\/Ce%20dimanche%2017%20d\u00e9cembre%202023,%20eu%20lieu%20au%20scolasticat%20Notre%20Dame%20d'Afrique%20de%20Dakar%20la%20journ\u00e9e%20d'int\u00e9gration%20des%20jeunes%20organis\u00e9e%20par%20le%20Mouvement%20Calasanz.%20Au%20programme,%20une%20causerie,%20des%20\u00e9changes,%20un%20repas%20fraternel%20partag\u00e9%20et%20une%20ambiance%20festive.%20&nbsp;%20[gallery%20ids=43702,43701,43700,43699,43698,43697,43696,43695,43694,43693,43692,43691,43690,43689,43688,43687,43686,43684,43685,43683,43682]\" \/>\n<meta property=\"og:locale\" content=\"fr_FR\" \/>\n<meta property=\"og:type\" content=\"article\" \/>\n<meta property=\"og:title\" content=\"Le Mouvement Calasanz \u00e0 Dakar c\u00e9l\u00e8bre une journ\u00e9e d&#039;int\u00e9gration des jeunes\" \/>\n<meta property=\"og:description\" content=\"Ce dimanche 17 d\u00e9cembre 2023, eu lieu au scolasticat Notre Dame d&#039;Afrique de Dakar la journ\u00e9e d&#039;int\u00e9gration des jeunes organis\u00e9e par le Mouvement Calasanz. Au programme, une causerie, des \u00e9changes, un repas fraternel partag\u00e9 et une ambiance festive. &nbsp; [gallery ids=&quot;43702,43701,43700,43699,43698,43697,43696,43695,43694,43693,43692,43691,43690,43689,43688,43687,43686,43684,43685,43683,43682&quot;]\" \/>\n<meta property=\"og:url\" content=\"https:\/\/www.itakaescolapios.org\/fr\/2023\/12\/el-movimiento-calasanz-de-dakar-celebra-una-jornada-de-integracion-juvenil\/\" \/>\n<meta property=\"og:site_name\" content=\"Itaka-Escolapios\" \/>\n<meta property=\"article:published_time\" content=\"2023-12-20T18:32:17+00:00\" \/>\n<meta property=\"article:modified_time\" content=\"2025-03-07T17:28:30+00:00\" \/>\n<meta property=\"og:image\" content=\"https:\/\/www.itakaescolapios.org\/wp-content\/uploads\/2023\/12\/4-1.jpeg\" \/>\n\t<meta property=\"og:image:width\" content=\"1000\" \/>\n\t<meta property=\"og:image:height\" content=\"667\" \/>\n\t<meta property=\"og:image:type\" content=\"image\/jpeg\" \/>\n<meta name=\"author\" content=\"administrador\" \/>\n<meta name=\"twitter:card\" content=\"summary_large_image\" \/>\n<meta name=\"twitter:label1\" content=\"\u00c9crit par\" \/>\n\t<meta name=\"twitter:data1\" content=\"administrador\" \/>\n<script type=\"application\/ld+json\" class=\"yoast-schema-graph\">{\"@context\":\"https:\\\/\\\/schema.org\",\"@graph\":[{\"@type\":\"Article\",\"@id\":\"https:\\\/\\\/www.itakaescolapios.org\\\/fr\\\/2023\\\/12\\\/el-movimiento-calasanz-de-dakar-celebra-una-jornada-de-integracion-juvenil\\\/#article\",\"isPartOf\":{\"@id\":\"https:\\\/\\\/www.itakaescolapios.org\\\/fr\\\/2023\\\/12\\\/el-movimiento-calasanz-de-dakar-celebra-una-jornada-de-integracion-juvenil\\\/\"},\"author\":{\"name\":\"administrador\",\"@id\":\"https:\\\/\\\/www.itakaescolapios.org\\\/es\\\/#\\\/schema\\\/person\\\/aaa10333558991c1d6ad358b7721fe71\"},\"headline\":\"Le Mouvement Calasanz \u00e0 Dakar c\u00e9l\u00e8bre une journ\u00e9e d'int\u00e9gration des jeunes\",\"datePublished\":\"2023-12-20T18:32:17+00:00\",\"dateModified\":\"2025-03-07T17:28:30+00:00\",\"mainEntityOfPage\":{\"@id\":\"https:\\\/\\\/www.itakaescolapios.org\\\/fr\\\/2023\\\/12\\\/el-movimiento-calasanz-de-dakar-celebra-una-jornada-de-integracion-juvenil\\\/\"},\"wordCount\":55,\"publisher\":{\"@id\":\"https:\\\/\\\/www.itakaescolapios.org\\\/es\\\/#organization\"},\"image\":{\"@id\":\"https:\\\/\\\/www.itakaescolapios.org\\\/fr\\\/2023\\\/12\\\/el-movimiento-calasanz-de-dakar-celebra-una-jornada-de-integracion-juvenil\\\/#primaryimage\"},\"thumbnailUrl\":\"https:\\\/\\\/www.itakaescolapios.org\\\/wp-content\\\/uploads\\\/2023\\\/12\\\/4-1.jpeg\",\"articleSection\":[\"Afrique de l'Ouest\"],\"inLanguage\":\"fr-FR\"},{\"@type\":\"WebPage\",\"@id\":\"https:\\\/\\\/www.itakaescolapios.org\\\/fr\\\/2023\\\/12\\\/el-movimiento-calasanz-de-dakar-celebra-una-jornada-de-integracion-juvenil\\\/\",\"url\":\"https:\\\/\\\/www.itakaescolapios.org\\\/fr\\\/2023\\\/12\\\/el-movimiento-calasanz-de-dakar-celebra-una-jornada-de-integracion-juvenil\\\/\",\"name\":\"El Movimiento Calasanz de Dakar celebra una jornada de integraci\u00f3n juvenil - Itaka-Escolapios\",\"isPartOf\":{\"@id\":\"https:\\\/\\\/www.itakaescolapios.org\\\/es\\\/#website\"},\"primaryImageOfPage\":{\"@id\":\"https:\\\/\\\/www.itakaescolapios.org\\\/fr\\\/2023\\\/12\\\/el-movimiento-calasanz-de-dakar-celebra-una-jornada-de-integracion-juvenil\\\/#primaryimage\"},\"image\":{\"@id\":\"https:\\\/\\\/www.itakaescolapios.org\\\/fr\\\/2023\\\/12\\\/el-movimiento-calasanz-de-dakar-celebra-una-jornada-de-integracion-juvenil\\\/#primaryimage\"},\"thumbnailUrl\":\"https:\\\/\\\/www.itakaescolapios.org\\\/wp-content\\\/uploads\\\/2023\\\/12\\\/4-1.jpeg\",\"datePublished\":\"2023-12-20T18:32:17+00:00\",\"dateModified\":\"2025-03-07T17:28:30+00:00\",\"breadcrumb\":{\"@id\":\"https:\\\/\\\/www.itakaescolapios.org\\\/fr\\\/2023\\\/12\\\/el-movimiento-calasanz-de-dakar-celebra-una-jornada-de-integracion-juvenil\\\/#breadcrumb\"},\"inLanguage\":\"fr-FR\",\"potentialAction\":[{\"@type\":\"ReadAction\",\"target\":[\"https:\\\/\\\/www.itakaescolapios.org\\\/fr\\\/2023\\\/12\\\/el-movimiento-calasanz-de-dakar-celebra-una-jornada-de-integracion-juvenil\\\/\"]}]},{\"@type\":\"ImageObject\",\"inLanguage\":\"fr-FR\",\"@id\":\"https:\\\/\\\/www.itakaescolapios.org\\\/fr\\\/2023\\\/12\\\/el-movimiento-calasanz-de-dakar-celebra-una-jornada-de-integracion-juvenil\\\/#primaryimage\",\"url\":\"https:\\\/\\\/www.itakaescolapios.org\\\/wp-content\\\/uploads\\\/2023\\\/12\\\/4-1.jpeg\",\"contentUrl\":\"https:\\\/\\\/www.itakaescolapios.org\\\/wp-content\\\/uploads\\\/2023\\\/12\\\/4-1.jpeg\",\"width\":1000,\"height\":667},{\"@type\":\"BreadcrumbList\",\"@id\":\"https:\\\/\\\/www.itakaescolapios.org\\\/fr\\\/2023\\\/12\\\/el-movimiento-calasanz-de-dakar-celebra-una-jornada-de-integracion-juvenil\\\/#breadcrumb\",\"itemListElement\":[{\"@type\":\"ListItem\",\"position\":1,\"name\":\"Itaka-Escolapios\",\"item\":\"https:\\\/\\\/www.itakaescolapios.org\\\/es\\\/\"},{\"@type\":\"ListItem\",\"position\":2,\"name\":\"Le Mouvement Calasanz \u00e0 Dakar c\u00e9l\u00e8bre une journ\u00e9e d'int\u00e9gration des jeunes\"}]},{\"@type\":\"WebSite\",\"@id\":\"https:\\\/\\\/www.itakaescolapios.org\\\/fr\\\/es\\\/#website\",\"url\":\"https:\\\/\\\/www.itakaescolapios.org\\\/fr\\\/es\\\/\",\"name\":\"Itaka-Escolapios\",\"description\":\"Red de Itaka-Escolapios\",\"publisher\":{\"@id\":\"https:\\\/\\\/www.itakaescolapios.org\\\/fr\\\/es\\\/#organization\"},\"potentialAction\":[{\"@type\":\"SearchAction\",\"target\":{\"@type\":\"EntryPoint\",\"urlTemplate\":\"https:\\\/\\\/www.itakaescolapios.org\\\/fr\\\/es\\\/?s={search_term_string}\"},\"query-input\":{\"@type\":\"PropertyValueSpecification\",\"valueRequired\":true,\"valueName\":\"search_term_string\"}}],\"inLanguage\":\"fr-FR\"},{\"@type\":\"Organization\",\"@id\":\"https:\\\/\\\/www.itakaescolapios.org\\\/fr\\\/es\\\/#organization\",\"name\":\"Fundaci\u00f3 Itaka-Escolapios\",\"url\":\"https:\\\/\\\/www.itakaescolapios.org\\\/fr\\\/es\\\/\",\"logo\":{\"@type\":\"ImageObject\",\"inLanguage\":\"fr-FR\",\"@id\":\"https:\\\/\\\/www.itakaescolapios.org\\\/fr\\\/es\\\/#\\\/schema\\\/logo\\\/image\\\/\",\"url\":\"https:\\\/\\\/www.itakaescolapios.org\\\/wp-content\\\/uploads\\\/2024\\\/04\\\/Logo-itakaescolapios-peque.png\",\"contentUrl\":\"https:\\\/\\\/www.itakaescolapios.org\\\/wp-content\\\/uploads\\\/2024\\\/04\\\/Logo-itakaescolapios-peque.png\",\"width\":500,\"height\":199,\"caption\":\"Fundaci\u00f3 Itaka-Escolapios\"},\"image\":{\"@id\":\"https:\\\/\\\/www.itakaescolapios.org\\\/fr\\\/es\\\/#\\\/schema\\\/logo\\\/image\\\/\"}},{\"@type\":\"Person\",\"@id\":\"https:\\\/\\\/www.itakaescolapios.org\\\/es\\\/#\\\/schema\\\/person\\\/aaa10333558991c1d6ad358b7721fe71\",\"name\":\"administrador\",\"url\":\"https:\\\/\\\/www.itakaescolapios.org\\\/fr\\\/author\\\/administrador\\\/\"}]}<\/script>\n<!-- \/ Yoast SEO plugin. -->","yoast_head_json":{"title":"Le Mouvement Calasanz \u00e0 Dakar c\u00e9l\u00e8bre une journ\u00e9e d'int\u00e9gration des jeunes","description":"Ce dimanche 17 d\u00e9cembre 2023, eu lieu au scolasticat Notre Dame d'Afrique de Dakar la journ\u00e9e d'int\u00e9gration des jeunes organis\u00e9e par le Mouvement Calasanz. Au programme, une causerie, des \u00e9changes, un repas fraternel partag\u00e9 et une ambiance festive. &nbsp; [gallery ids=\"43702,43701,43700,43699,43698,43697,43696,43695,43694,43693,43692,43691,43690,43689,43688,43687,43686,43684,43685,43683,43682\"]","robots":{"index":"index","follow":"follow","max-snippet":"max-snippet:-1","max-image-preview":"max-image-preview:large","max-video-preview":"max-video-preview:-1"},"canonical":"Ce dimanche 17 d\u00e9cembre 2023, eu lieu au scolasticat Notre Dame d'Afrique de Dakar la journ\u00e9e d'int\u00e9gration des jeunes organis\u00e9e par le Mouvement Calasanz. Au programme, une causerie, des \u00e9changes, un repas fraternel partag\u00e9 et une ambiance festive. &nbsp; [gallery ids=\"43702,43701,43700,43699,43698,43697,43696,43695,43694,43693,43692,43691,43690,43689,43688,43687,43686,43684,43685,43683,43682\"]","og_locale":"fr_FR","og_type":"article","og_title":"Le Mouvement Calasanz \u00e0 Dakar c\u00e9l\u00e8bre une journ\u00e9e d'int\u00e9gration des jeunes","og_description":"Ce dimanche 17 d\u00e9cembre 2023, eu lieu au scolasticat Notre Dame d'Afrique de Dakar la journ\u00e9e d'int\u00e9gration des jeunes organis\u00e9e par le Mouvement Calasanz. Au programme, une causerie, des \u00e9changes, un repas fraternel partag\u00e9 et une ambiance festive. &nbsp; [gallery ids=\"43702,43701,43700,43699,43698,43697,43696,43695,43694,43693,43692,43691,43690,43689,43688,43687,43686,43684,43685,43683,43682\"]","og_url":"https:\/\/www.itakaescolapios.org\/fr\/2023\/12\/el-movimiento-calasanz-de-dakar-celebra-una-jornada-de-integracion-juvenil\/","og_site_name":"Itaka-Escolapios","article_published_time":"2023-12-20T18:32:17+00:00","article_modified_time":"2025-03-07T17:28:30+00:00","og_image":[{"width":1000,"height":667,"url":"https:\/\/www.itakaescolapios.org\/wp-content\/uploads\/2023\/12\/4-1.jpeg","type":"image\/jpeg"}],"author":"administrador","twitter_card":"summary_large_image","twitter_misc":{"\u00c9crit par":"administrador"},"schema":{"@context":"https:\/\/schema.org","@graph":[{"@type":"Article","@id":"https:\/\/www.itakaescolapios.org\/fr\/2023\/12\/el-movimiento-calasanz-de-dakar-celebra-una-jornada-de-integracion-juvenil\/#article","isPartOf":{"@id":"https:\/\/www.itakaescolapios.org\/fr\/2023\/12\/el-movimiento-calasanz-de-dakar-celebra-una-jornada-de-integracion-juvenil\/"},"author":{"name":"administrador","@id":"https:\/\/www.itakaescolapios.org\/es\/#\/schema\/person\/aaa10333558991c1d6ad358b7721fe71"},"headline":"Le Mouvement Calasanz \u00e0 Dakar c\u00e9l\u00e8bre une journ\u00e9e d'int\u00e9gration des jeunes","datePublished":"2023-12-20T18:32:17+00:00","dateModified":"2025-03-07T17:28:30+00:00","mainEntityOfPage":{"@id":"https:\/\/www.itakaescolapios.org\/fr\/2023\/12\/el-movimiento-calasanz-de-dakar-celebra-una-jornada-de-integracion-juvenil\/"},"wordCount":55,"publisher":{"@id":"https:\/\/www.itakaescolapios.org\/es\/#organization"},"image":{"@id":"https:\/\/www.itakaescolapios.org\/fr\/2023\/12\/el-movimiento-calasanz-de-dakar-celebra-una-jornada-de-integracion-juvenil\/#primaryimage"},"thumbnailUrl":"https:\/\/www.itakaescolapios.org\/wp-content\/uploads\/2023\/12\/4-1.jpeg","articleSection":["Afrique de l'Ouest"],"inLanguage":"fr-FR"},{"@type":"WebPage","@id":"https:\/\/www.itakaescolapios.org\/fr\/2023\/12\/el-movimiento-calasanz-de-dakar-celebra-una-jornada-de-integracion-juvenil\/","url":"https:\/\/www.itakaescolapios.org\/fr\/2023\/12\/el-movimiento-calasanz-de-dakar-celebra-una-jornada-de-integracion-juvenil\/","name":"El Movimiento Calasanz de Dakar celebra una jornada de integraci\u00f3n juvenil - Itaka-Escolapios","isPartOf":{"@id":"https:\/\/www.itakaescolapios.org\/es\/#website"},"primaryImageOfPage":{"@id":"https:\/\/www.itakaescolapios.org\/fr\/2023\/12\/el-movimiento-calasanz-de-dakar-celebra-una-jornada-de-integracion-juvenil\/#primaryimage"},"image":{"@id":"https:\/\/www.itakaescolapios.org\/fr\/2023\/12\/el-movimiento-calasanz-de-dakar-celebra-una-jornada-de-integracion-juvenil\/#primaryimage"},"thumbnailUrl":"https:\/\/www.itakaescolapios.org\/wp-content\/uploads\/2023\/12\/4-1.jpeg","datePublished":"2023-12-20T18:32:17+00:00","dateModified":"2025-03-07T17:28:30+00:00","breadcrumb":{"@id":"https:\/\/www.itakaescolapios.org\/fr\/2023\/12\/el-movimiento-calasanz-de-dakar-celebra-una-jornada-de-integracion-juvenil\/#breadcrumb"},"inLanguage":"fr-FR","potentialAction":[{"@type":"ReadAction","target":["https:\/\/www.itakaescolapios.org\/fr\/2023\/12\/el-movimiento-calasanz-de-dakar-celebra-una-jornada-de-integracion-juvenil\/"]}]},{"@type":"ImageObject","inLanguage":"fr-FR","@id":"https:\/\/www.itakaescolapios.org\/fr\/2023\/12\/el-movimiento-calasanz-de-dakar-celebra-una-jornada-de-integracion-juvenil\/#primaryimage","url":"https:\/\/www.itakaescolapios.org\/wp-content\/uploads\/2023\/12\/4-1.jpeg","contentUrl":"https:\/\/www.itakaescolapios.org\/wp-content\/uploads\/2023\/12\/4-1.jpeg","width":1000,"height":667},{"@type":"BreadcrumbList","@id":"https:\/\/www.itakaescolapios.org\/fr\/2023\/12\/el-movimiento-calasanz-de-dakar-celebra-una-jornada-de-integracion-juvenil\/#breadcrumb","itemListElement":[{"@type":"ListItem","position":1,"name":"Itaka-Escolapios","item":"https:\/\/www.itakaescolapios.org\/es\/"},{"@type":"ListItem","position":2,"name":"Le Mouvement Calasanz \u00e0 Dakar c\u00e9l\u00e8bre une journ\u00e9e d'int\u00e9gration des jeunes"}]},{"@type":"WebSite","@id":"https:\/\/www.itakaescolapios.org\/fr\/es\/#website","url":"https:\/\/www.itakaescolapios.org\/fr\/es\/","name":"Itaka-Escolapios","description":"Red de Itaka-Escolapios","publisher":{"@id":"https:\/\/www.itakaescolapios.org\/fr\/es\/#organization"},"potentialAction":[{"@type":"SearchAction","target":{"@type":"EntryPoint","urlTemplate":"https:\/\/www.itakaescolapios.org\/fr\/es\/?s={search_term_string}"},"query-input":{"@type":"PropertyValueSpecification","valueRequired":true,"valueName":"search_term_string"}}],"inLanguage":"fr-FR"},{"@type":"Organization","@id":"https:\/\/www.itakaescolapios.org\/fr\/es\/#organization","name":"Fundaci\u00f3 Itaka-Escolapios","url":"https:\/\/www.itakaescolapios.org\/fr\/es\/","logo":{"@type":"ImageObject","inLanguage":"fr-FR","@id":"https:\/\/www.itakaescolapios.org\/fr\/es\/#\/schema\/logo\/image\/","url":"https:\/\/www.itakaescolapios.org\/wp-content\/uploads\/2024\/04\/Logo-itakaescolapios-peque.png","contentUrl":"https:\/\/www.itakaescolapios.org\/wp-content\/uploads\/2024\/04\/Logo-itakaescolapios-peque.png","width":500,"height":199,"caption":"Fundaci\u00f3 Itaka-Escolapios"},"image":{"@id":"https:\/\/www.itakaescolapios.org\/fr\/es\/#\/schema\/logo\/image\/"}},{"@type":"Person","@id":"https:\/\/www.itakaescolapios.org\/es\/#\/schema\/person\/aaa10333558991c1d6ad358b7721fe71","name":"administrador","url":"https:\/\/www.itakaescolapios.org\/fr\/author\/administrador\/"}]}},"_links":{"self":[{"href":"https:\/\/www.itakaescolapios.org\/fr\/wp-json\/wp\/v2\/posts\/325211","targetHints":{"allow":["GET"]}}],"collection":[{"href":"https:\/\/www.itakaescolapios.org\/fr\/wp-json\/wp\/v2\/posts"}],"about":[{"href":"https:\/\/www.itakaescolapios.org\/fr\/wp-json\/wp\/v2\/types\/post"}],"author":[{"embeddable":true,"href":"https:\/\/www.itakaescolapios.org\/fr\/wp-json\/wp\/v2\/users\/1"}],"replies":[{"embeddable":true,"href":"https:\/\/www.itakaescolapios.org\/fr\/wp-json\/wp\/v2\/comments?post=325211"}],"version-history":[{"count":2,"href":"https:\/\/www.itakaescolapios.org\/fr\/wp-json\/wp\/v2\/posts\/325211\/revisions"}],"predecessor-version":[{"id":326396,"href":"https:\/\/www.itakaescolapios.org\/fr\/wp-json\/wp\/v2\/posts\/325211\/revisions\/326396"}],"wp:featuredmedia":[{"embeddable":true,"href":"https:\/\/www.itakaescolapios.org\/fr\/wp-json\/wp\/v2\/media\/325509"}],"wp:attachment":[{"href":"https:\/\/www.itakaescolapios.org\/fr\/wp-json\/wp\/v2\/media?parent=325211"}],"wp:term":[{"taxonomy":"category","embeddable":true,"href":"https:\/\/www.itakaescolapios.org\/fr\/wp-json\/wp\/v2\/categories?post=325211"},{"taxonomy":"post_tag","embeddable":true,"href":"https:\/\/www.itakaescolapios.org\/fr\/wp-json\/wp\/v2\/tags?post=325211"}],"curies":[{"name":"wp","href":"https:\/\/api.w.org\/{rel}","templated":true}]}}