{"id":325226,"date":"2024-02-07T10:18:37","date_gmt":"2024-02-07T09:18:37","guid":{"rendered":"https:\/\/www.itakaescolapios.org\/?p=43828"},"modified":"2025-03-07T18:28:28","modified_gmt":"2025-03-07T17:28:28","slug":"english-bilingualism-day-celebrated-at-bandjoun-ctc","status":"publish","type":"post","link":"https:\/\/www.itakaescolapios.org\/fr\/2024\/02\/english-bilingualism-day-celebrated-at-bandjoun-ctc\/","title":{"rendered":"C\u00e9l\u00e9bration de la journ\u00e9e du bilinguisme au CTC de Bandjoun."},"content":{"rendered":"<p>Sur le th\u00e8me \u00ab Bilinguisme, vecteur de digitalisation des enseignements pour la promotion des valeurs civiques et morales dans un Cameroun pacifique et \u00e9mergent \u00bb, la 19eme journ\u00e9e du bilinguise a \u00e9t\u00e9 c\u00e9l\u00e9br\u00e9e hier 06 f\u00e9vrier au CTC (Coll\u00e8ge Technique Calasanz) Bandjoun. Au programme nous avons eu des danses, chants, r\u00e9cits, et autres pr\u00e9sentations en fran\u00e7ais et en anglais. C\u2019\u00e9tait non seulement une belle fa\u00e7on de promouvoir nos langues nationales, mais aussi une belle journ\u00e9e d\u2019\u00e9tudes et de divertissement.<\/p>\n<div style=\"width: 640px;\" class=\"wp-video\"><video class=\"wp-video-shortcode\" id=\"video-325226-1\" width=\"640\" height=\"368\" preload=\"metadata\" controls=\"controls\"><source type=\"video\/mp4\" src=\"https:\/\/www.itakaescolapios.org\/wp-content\/uploads\/2024\/02\/WhatsApp-Video-2024-02-07-at-10.04.20-1.mp4?_=1\" \/><a href=\"https:\/\/www.itakaescolapios.org\/wp-content\/uploads\/2024\/02\/WhatsApp-Video-2024-02-07-at-10.04.20-1.mp4\">https:\/\/www.itakaescolapios.org\/wp-content\/uploads\/2024\/02\/WhatsApp-Video-2024-02-07-at-10.04.20-1.mp4<\/a><\/video><\/div>\n","protected":false},"excerpt":{"rendered":"<p>Sur le th\u00e8me \u00ab Bilinguisme, vecteur de digitalisation des enseignements pour la promotion des valeurs civiques et morales dans un Cameroun pacifique et \u00e9mergent \u00bb, la 19eme journ\u00e9e du bilinguise [&hellip;]<\/p>\n","protected":false},"author":15,"featured_media":325586,"comment_status":"closed","ping_status":"closed","sticky":false,"template":"","format":"standard","meta":{"_et_pb_use_builder":"","_et_pb_old_content":"","_et_gb_content_width":"","footnotes":""},"categories":[53,10],"tags":[],"class_list":["post-325226","post","type-post","status-publish","format-standard","has-post-thumbnail","hentry","category-africa-central","category-camerun"],"yoast_head":"<!-- This site is optimized with the Yoast SEO plugin v27.4 - https:\/\/yoast.com\/product\/yoast-seo-wordpress\/ -->\n<title>C\u00e9l\u00e9bration de la journ\u00e9e du bilinguisme au CTC de Bandjoun.<\/title>\n<meta name=\"description\" content=\"Sur le th\u00e8me \u00ab Bilinguisme, vecteur de digitalisation des enseignements pour la promotion des valeurs civiques et morales dans un Cameroun pacifique et \u00e9mergent \u00bb, la 19eme journ\u00e9e du bilinguise a \u00e9t\u00e9 c\u00e9l\u00e9br\u00e9e hier 06 f\u00e9vrier au CTC (Coll\u00e8ge Technique Calasanz) Bandjoun. Au programme nous avons eu des danses, chants, r\u00e9cits, et autres pr\u00e9sentations en\u2026\" \/>\n<meta name=\"robots\" content=\"index, follow, max-snippet:-1, max-image-preview:large, max-video-preview:-1\" \/>\n<link rel=\"canonical\" href=\"http:\/\/Sur%20le%20th\u00e8me%20\u00ab%20Bilinguisme,%20vecteur%20de%20digitalisation%20des%20enseignements%20pour%20la%20promotion%20des%20valeurs%20civiques%20et%20morales%20dans%20un%20Cameroun%20pacifique%20et%20\u00e9mergent%20\u00bb,%20la%2019eme%20journ\u00e9e%20du%20bilinguise%20a%20\u00e9t\u00e9%20c\u00e9l\u00e9br\u00e9e%20hier%2006%20f\u00e9vrier%20au%20CTC%20(Coll\u00e8ge%20Technique%20Calasanz)%20Bandjoun.%20Au%20programme%20nous%20avons%20eu%20des%20danses,%20chants,%20r\u00e9cits,%20et%20autres%20pr\u00e9sentations%20en\u2026\" \/>\n<meta property=\"og:locale\" content=\"fr_FR\" \/>\n<meta property=\"og:type\" content=\"article\" \/>\n<meta property=\"og:title\" content=\"C\u00e9l\u00e9bration de la journ\u00e9e du bilinguisme au CTC de Bandjoun.\" \/>\n<meta property=\"og:description\" content=\"Sur le th\u00e8me \u00ab Bilinguisme, vecteur de digitalisation des enseignements pour la promotion des valeurs civiques et morales dans un Cameroun pacifique et \u00e9mergent \u00bb, la 19eme journ\u00e9e du bilinguise a \u00e9t\u00e9 c\u00e9l\u00e9br\u00e9e hier 06 f\u00e9vrier au CTC (Coll\u00e8ge Technique Calasanz) Bandjoun. Au programme nous avons eu des danses, chants, r\u00e9cits, et autres pr\u00e9sentations en\u2026\" \/>\n<meta property=\"og:url\" content=\"https:\/\/www.itakaescolapios.org\/fr\/2024\/02\/english-bilingualism-day-celebrated-at-bandjoun-ctc\/\" \/>\n<meta property=\"og:site_name\" content=\"Itaka-Escolapios\" \/>\n<meta property=\"article:published_time\" content=\"2024-02-07T09:18:37+00:00\" \/>\n<meta property=\"article:modified_time\" content=\"2025-03-07T17:28:28+00:00\" \/>\n<meta property=\"og:image\" content=\"https:\/\/www.itakaescolapios.org\/wp-content\/uploads\/2024\/02\/NOTICIA-1-1.jpg\" \/>\n\t<meta property=\"og:image:width\" content=\"547\" \/>\n\t<meta property=\"og:image:height\" content=\"287\" \/>\n\t<meta property=\"og:image:type\" content=\"image\/jpeg\" \/>\n<meta name=\"author\" content=\"cameroun01\" \/>\n<meta name=\"twitter:card\" content=\"summary_large_image\" \/>\n<meta name=\"twitter:label1\" content=\"\u00c9crit par\" \/>\n\t<meta name=\"twitter:data1\" content=\"cameroun01\" \/>\n<script type=\"application\/ld+json\" class=\"yoast-schema-graph\">{\"@context\":\"https:\\\/\\\/schema.org\",\"@graph\":[{\"@type\":\"Article\",\"@id\":\"https:\\\/\\\/www.itakaescolapios.org\\\/fr\\\/2024\\\/02\\\/english-bilingualism-day-celebrated-at-bandjoun-ctc\\\/#article\",\"isPartOf\":{\"@id\":\"https:\\\/\\\/www.itakaescolapios.org\\\/fr\\\/2024\\\/02\\\/english-bilingualism-day-celebrated-at-bandjoun-ctc\\\/\"},\"author\":{\"name\":\"cameroun01\",\"@id\":\"https:\\\/\\\/www.itakaescolapios.org\\\/es\\\/#\\\/schema\\\/person\\\/d2844383e29bfdfef69039672ce14eb1\"},\"headline\":\"C\u00e9l\u00e9bration de la journ\u00e9e du bilinguisme au CTC de Bandjoun.\",\"datePublished\":\"2024-02-07T09:18:37+00:00\",\"dateModified\":\"2025-03-07T17:28:28+00:00\",\"mainEntityOfPage\":{\"@id\":\"https:\\\/\\\/www.itakaescolapios.org\\\/fr\\\/2024\\\/02\\\/english-bilingualism-day-celebrated-at-bandjoun-ctc\\\/\"},\"wordCount\":100,\"publisher\":{\"@id\":\"https:\\\/\\\/www.itakaescolapios.org\\\/es\\\/#organization\"},\"image\":{\"@id\":\"https:\\\/\\\/www.itakaescolapios.org\\\/fr\\\/2024\\\/02\\\/english-bilingualism-day-celebrated-at-bandjoun-ctc\\\/#primaryimage\"},\"thumbnailUrl\":\"https:\\\/\\\/www.itakaescolapios.org\\\/wp-content\\\/uploads\\\/2024\\\/02\\\/NOTICIA-1-1.jpg\",\"articleSection\":[\"Afrique centrale\",\"Cameroun\"],\"inLanguage\":\"fr-FR\"},{\"@type\":\"WebPage\",\"@id\":\"https:\\\/\\\/www.itakaescolapios.org\\\/fr\\\/2024\\\/02\\\/english-bilingualism-day-celebrated-at-bandjoun-ctc\\\/\",\"url\":\"https:\\\/\\\/www.itakaescolapios.org\\\/fr\\\/2024\\\/02\\\/english-bilingualism-day-celebrated-at-bandjoun-ctc\\\/\",\"name\":\"Celebraci\u00f3n del D\u00eda del Biling\u00fcismo en el CTC de Bandjoun. - Itaka-Escolapios\",\"isPartOf\":{\"@id\":\"https:\\\/\\\/www.itakaescolapios.org\\\/es\\\/#website\"},\"primaryImageOfPage\":{\"@id\":\"https:\\\/\\\/www.itakaescolapios.org\\\/fr\\\/2024\\\/02\\\/english-bilingualism-day-celebrated-at-bandjoun-ctc\\\/#primaryimage\"},\"image\":{\"@id\":\"https:\\\/\\\/www.itakaescolapios.org\\\/fr\\\/2024\\\/02\\\/english-bilingualism-day-celebrated-at-bandjoun-ctc\\\/#primaryimage\"},\"thumbnailUrl\":\"https:\\\/\\\/www.itakaescolapios.org\\\/wp-content\\\/uploads\\\/2024\\\/02\\\/NOTICIA-1-1.jpg\",\"datePublished\":\"2024-02-07T09:18:37+00:00\",\"dateModified\":\"2025-03-07T17:28:28+00:00\",\"breadcrumb\":{\"@id\":\"https:\\\/\\\/www.itakaescolapios.org\\\/fr\\\/2024\\\/02\\\/english-bilingualism-day-celebrated-at-bandjoun-ctc\\\/#breadcrumb\"},\"inLanguage\":\"fr-FR\",\"potentialAction\":[{\"@type\":\"ReadAction\",\"target\":[\"https:\\\/\\\/www.itakaescolapios.org\\\/fr\\\/2024\\\/02\\\/english-bilingualism-day-celebrated-at-bandjoun-ctc\\\/\"]}]},{\"@type\":\"ImageObject\",\"inLanguage\":\"fr-FR\",\"@id\":\"https:\\\/\\\/www.itakaescolapios.org\\\/fr\\\/2024\\\/02\\\/english-bilingualism-day-celebrated-at-bandjoun-ctc\\\/#primaryimage\",\"url\":\"https:\\\/\\\/www.itakaescolapios.org\\\/wp-content\\\/uploads\\\/2024\\\/02\\\/NOTICIA-1-1.jpg\",\"contentUrl\":\"https:\\\/\\\/www.itakaescolapios.org\\\/wp-content\\\/uploads\\\/2024\\\/02\\\/NOTICIA-1-1.jpg\",\"width\":547,\"height\":287},{\"@type\":\"BreadcrumbList\",\"@id\":\"https:\\\/\\\/www.itakaescolapios.org\\\/fr\\\/2024\\\/02\\\/english-bilingualism-day-celebrated-at-bandjoun-ctc\\\/#breadcrumb\",\"itemListElement\":[{\"@type\":\"ListItem\",\"position\":1,\"name\":\"Itaka-Escolapios\",\"item\":\"https:\\\/\\\/www.itakaescolapios.org\\\/es\\\/\"},{\"@type\":\"ListItem\",\"position\":2,\"name\":\"C\u00e9l\u00e9bration de la journ\u00e9e du bilinguisme au CTC de Bandjoun.\"}]},{\"@type\":\"WebSite\",\"@id\":\"https:\\\/\\\/www.itakaescolapios.org\\\/fr\\\/es\\\/#website\",\"url\":\"https:\\\/\\\/www.itakaescolapios.org\\\/fr\\\/es\\\/\",\"name\":\"Itaka-Escolapios\",\"description\":\"Red de Itaka-Escolapios\",\"publisher\":{\"@id\":\"https:\\\/\\\/www.itakaescolapios.org\\\/fr\\\/es\\\/#organization\"},\"potentialAction\":[{\"@type\":\"SearchAction\",\"target\":{\"@type\":\"EntryPoint\",\"urlTemplate\":\"https:\\\/\\\/www.itakaescolapios.org\\\/fr\\\/es\\\/?s={search_term_string}\"},\"query-input\":{\"@type\":\"PropertyValueSpecification\",\"valueRequired\":true,\"valueName\":\"search_term_string\"}}],\"inLanguage\":\"fr-FR\"},{\"@type\":\"Organization\",\"@id\":\"https:\\\/\\\/www.itakaescolapios.org\\\/fr\\\/es\\\/#organization\",\"name\":\"Fundaci\u00f3 Itaka-Escolapios\",\"url\":\"https:\\\/\\\/www.itakaescolapios.org\\\/fr\\\/es\\\/\",\"logo\":{\"@type\":\"ImageObject\",\"inLanguage\":\"fr-FR\",\"@id\":\"https:\\\/\\\/www.itakaescolapios.org\\\/fr\\\/es\\\/#\\\/schema\\\/logo\\\/image\\\/\",\"url\":\"https:\\\/\\\/www.itakaescolapios.org\\\/wp-content\\\/uploads\\\/2024\\\/04\\\/Logo-itakaescolapios-peque.png\",\"contentUrl\":\"https:\\\/\\\/www.itakaescolapios.org\\\/wp-content\\\/uploads\\\/2024\\\/04\\\/Logo-itakaescolapios-peque.png\",\"width\":500,\"height\":199,\"caption\":\"Fundaci\u00f3 Itaka-Escolapios\"},\"image\":{\"@id\":\"https:\\\/\\\/www.itakaescolapios.org\\\/fr\\\/es\\\/#\\\/schema\\\/logo\\\/image\\\/\"}},{\"@type\":\"Person\",\"@id\":\"https:\\\/\\\/www.itakaescolapios.org\\\/es\\\/#\\\/schema\\\/person\\\/d2844383e29bfdfef69039672ce14eb1\",\"name\":\"cameroun01\",\"url\":\"https:\\\/\\\/www.itakaescolapios.org\\\/fr\\\/author\\\/cameroun01\\\/\"}]}<\/script>\n<!-- \/ Yoast SEO plugin. -->","yoast_head_json":{"title":"C\u00e9l\u00e9bration de la journ\u00e9e du bilinguisme au CTC de Bandjoun.","description":"Sur le th\u00e8me \u00ab Bilinguisme, vecteur de digitalisation des enseignements pour la promotion des valeurs civiques et morales dans un Cameroun pacifique et \u00e9mergent \u00bb, la 19eme journ\u00e9e du bilinguise a \u00e9t\u00e9 c\u00e9l\u00e9br\u00e9e hier 06 f\u00e9vrier au CTC (Coll\u00e8ge Technique Calasanz) Bandjoun. Au programme nous avons eu des danses, chants, r\u00e9cits, et autres pr\u00e9sentations en\u2026","robots":{"index":"index","follow":"follow","max-snippet":"max-snippet:-1","max-image-preview":"max-image-preview:large","max-video-preview":"max-video-preview:-1"},"canonical":"Sur le th\u00e8me \u00ab Bilinguisme, vecteur de digitalisation des enseignements pour la promotion des valeurs civiques et morales dans un Cameroun pacifique et \u00e9mergent \u00bb, la 19eme journ\u00e9e du bilinguise a \u00e9t\u00e9 c\u00e9l\u00e9br\u00e9e hier 06 f\u00e9vrier au CTC (Coll\u00e8ge Technique Calasanz) Bandjoun. Au programme nous avons eu des danses, chants, r\u00e9cits, et autres pr\u00e9sentations en\u2026","og_locale":"fr_FR","og_type":"article","og_title":"C\u00e9l\u00e9bration de la journ\u00e9e du bilinguisme au CTC de Bandjoun.","og_description":"Sur le th\u00e8me \u00ab Bilinguisme, vecteur de digitalisation des enseignements pour la promotion des valeurs civiques et morales dans un Cameroun pacifique et \u00e9mergent \u00bb, la 19eme journ\u00e9e du bilinguise a \u00e9t\u00e9 c\u00e9l\u00e9br\u00e9e hier 06 f\u00e9vrier au CTC (Coll\u00e8ge Technique Calasanz) Bandjoun. Au programme nous avons eu des danses, chants, r\u00e9cits, et autres pr\u00e9sentations en\u2026","og_url":"https:\/\/www.itakaescolapios.org\/fr\/2024\/02\/english-bilingualism-day-celebrated-at-bandjoun-ctc\/","og_site_name":"Itaka-Escolapios","article_published_time":"2024-02-07T09:18:37+00:00","article_modified_time":"2025-03-07T17:28:28+00:00","og_image":[{"width":547,"height":287,"url":"https:\/\/www.itakaescolapios.org\/wp-content\/uploads\/2024\/02\/NOTICIA-1-1.jpg","type":"image\/jpeg"}],"author":"cameroun01","twitter_card":"summary_large_image","twitter_misc":{"\u00c9crit par":"cameroun01"},"schema":{"@context":"https:\/\/schema.org","@graph":[{"@type":"Article","@id":"https:\/\/www.itakaescolapios.org\/fr\/2024\/02\/english-bilingualism-day-celebrated-at-bandjoun-ctc\/#article","isPartOf":{"@id":"https:\/\/www.itakaescolapios.org\/fr\/2024\/02\/english-bilingualism-day-celebrated-at-bandjoun-ctc\/"},"author":{"name":"cameroun01","@id":"https:\/\/www.itakaescolapios.org\/es\/#\/schema\/person\/d2844383e29bfdfef69039672ce14eb1"},"headline":"C\u00e9l\u00e9bration de la journ\u00e9e du bilinguisme au CTC de Bandjoun.","datePublished":"2024-02-07T09:18:37+00:00","dateModified":"2025-03-07T17:28:28+00:00","mainEntityOfPage":{"@id":"https:\/\/www.itakaescolapios.org\/fr\/2024\/02\/english-bilingualism-day-celebrated-at-bandjoun-ctc\/"},"wordCount":100,"publisher":{"@id":"https:\/\/www.itakaescolapios.org\/es\/#organization"},"image":{"@id":"https:\/\/www.itakaescolapios.org\/fr\/2024\/02\/english-bilingualism-day-celebrated-at-bandjoun-ctc\/#primaryimage"},"thumbnailUrl":"https:\/\/www.itakaescolapios.org\/wp-content\/uploads\/2024\/02\/NOTICIA-1-1.jpg","articleSection":["Afrique centrale","Cameroun"],"inLanguage":"fr-FR"},{"@type":"WebPage","@id":"https:\/\/www.itakaescolapios.org\/fr\/2024\/02\/english-bilingualism-day-celebrated-at-bandjoun-ctc\/","url":"https:\/\/www.itakaescolapios.org\/fr\/2024\/02\/english-bilingualism-day-celebrated-at-bandjoun-ctc\/","name":"Celebraci\u00f3n del D\u00eda del Biling\u00fcismo en el CTC de Bandjoun. - Itaka-Escolapios","isPartOf":{"@id":"https:\/\/www.itakaescolapios.org\/es\/#website"},"primaryImageOfPage":{"@id":"https:\/\/www.itakaescolapios.org\/fr\/2024\/02\/english-bilingualism-day-celebrated-at-bandjoun-ctc\/#primaryimage"},"image":{"@id":"https:\/\/www.itakaescolapios.org\/fr\/2024\/02\/english-bilingualism-day-celebrated-at-bandjoun-ctc\/#primaryimage"},"thumbnailUrl":"https:\/\/www.itakaescolapios.org\/wp-content\/uploads\/2024\/02\/NOTICIA-1-1.jpg","datePublished":"2024-02-07T09:18:37+00:00","dateModified":"2025-03-07T17:28:28+00:00","breadcrumb":{"@id":"https:\/\/www.itakaescolapios.org\/fr\/2024\/02\/english-bilingualism-day-celebrated-at-bandjoun-ctc\/#breadcrumb"},"inLanguage":"fr-FR","potentialAction":[{"@type":"ReadAction","target":["https:\/\/www.itakaescolapios.org\/fr\/2024\/02\/english-bilingualism-day-celebrated-at-bandjoun-ctc\/"]}]},{"@type":"ImageObject","inLanguage":"fr-FR","@id":"https:\/\/www.itakaescolapios.org\/fr\/2024\/02\/english-bilingualism-day-celebrated-at-bandjoun-ctc\/#primaryimage","url":"https:\/\/www.itakaescolapios.org\/wp-content\/uploads\/2024\/02\/NOTICIA-1-1.jpg","contentUrl":"https:\/\/www.itakaescolapios.org\/wp-content\/uploads\/2024\/02\/NOTICIA-1-1.jpg","width":547,"height":287},{"@type":"BreadcrumbList","@id":"https:\/\/www.itakaescolapios.org\/fr\/2024\/02\/english-bilingualism-day-celebrated-at-bandjoun-ctc\/#breadcrumb","itemListElement":[{"@type":"ListItem","position":1,"name":"Itaka-Escolapios","item":"https:\/\/www.itakaescolapios.org\/es\/"},{"@type":"ListItem","position":2,"name":"C\u00e9l\u00e9bration de la journ\u00e9e du bilinguisme au CTC de Bandjoun."}]},{"@type":"WebSite","@id":"https:\/\/www.itakaescolapios.org\/fr\/es\/#website","url":"https:\/\/www.itakaescolapios.org\/fr\/es\/","name":"Itaka-Escolapios","description":"Red de Itaka-Escolapios","publisher":{"@id":"https:\/\/www.itakaescolapios.org\/fr\/es\/#organization"},"potentialAction":[{"@type":"SearchAction","target":{"@type":"EntryPoint","urlTemplate":"https:\/\/www.itakaescolapios.org\/fr\/es\/?s={search_term_string}"},"query-input":{"@type":"PropertyValueSpecification","valueRequired":true,"valueName":"search_term_string"}}],"inLanguage":"fr-FR"},{"@type":"Organization","@id":"https:\/\/www.itakaescolapios.org\/fr\/es\/#organization","name":"Fundaci\u00f3 Itaka-Escolapios","url":"https:\/\/www.itakaescolapios.org\/fr\/es\/","logo":{"@type":"ImageObject","inLanguage":"fr-FR","@id":"https:\/\/www.itakaescolapios.org\/fr\/es\/#\/schema\/logo\/image\/","url":"https:\/\/www.itakaescolapios.org\/wp-content\/uploads\/2024\/04\/Logo-itakaescolapios-peque.png","contentUrl":"https:\/\/www.itakaescolapios.org\/wp-content\/uploads\/2024\/04\/Logo-itakaescolapios-peque.png","width":500,"height":199,"caption":"Fundaci\u00f3 Itaka-Escolapios"},"image":{"@id":"https:\/\/www.itakaescolapios.org\/fr\/es\/#\/schema\/logo\/image\/"}},{"@type":"Person","@id":"https:\/\/www.itakaescolapios.org\/es\/#\/schema\/person\/d2844383e29bfdfef69039672ce14eb1","name":"cameroun01","url":"https:\/\/www.itakaescolapios.org\/fr\/author\/cameroun01\/"}]}},"_links":{"self":[{"href":"https:\/\/www.itakaescolapios.org\/fr\/wp-json\/wp\/v2\/posts\/325226","targetHints":{"allow":["GET"]}}],"collection":[{"href":"https:\/\/www.itakaescolapios.org\/fr\/wp-json\/wp\/v2\/posts"}],"about":[{"href":"https:\/\/www.itakaescolapios.org\/fr\/wp-json\/wp\/v2\/types\/post"}],"author":[{"embeddable":true,"href":"https:\/\/www.itakaescolapios.org\/fr\/wp-json\/wp\/v2\/users\/15"}],"replies":[{"embeddable":true,"href":"https:\/\/www.itakaescolapios.org\/fr\/wp-json\/wp\/v2\/comments?post=325226"}],"version-history":[{"count":2,"href":"https:\/\/www.itakaescolapios.org\/fr\/wp-json\/wp\/v2\/posts\/325226\/revisions"}],"predecessor-version":[{"id":326369,"href":"https:\/\/www.itakaescolapios.org\/fr\/wp-json\/wp\/v2\/posts\/325226\/revisions\/326369"}],"wp:featuredmedia":[{"embeddable":true,"href":"https:\/\/www.itakaescolapios.org\/fr\/wp-json\/wp\/v2\/media\/325586"}],"wp:attachment":[{"href":"https:\/\/www.itakaescolapios.org\/fr\/wp-json\/wp\/v2\/media?parent=325226"}],"wp:term":[{"taxonomy":"category","embeddable":true,"href":"https:\/\/www.itakaescolapios.org\/fr\/wp-json\/wp\/v2\/categories?post=325226"},{"taxonomy":"post_tag","embeddable":true,"href":"https:\/\/www.itakaescolapios.org\/fr\/wp-json\/wp\/v2\/tags?post=325226"}],"curies":[{"name":"wp","href":"https:\/\/api.w.org\/{rel}","templated":true}]}}