{"id":325231,"date":"2024-02-14T12:05:51","date_gmt":"2024-02-14T11:05:51","guid":{"rendered":"https:\/\/www.itakaescolapios.org\/?p=43898"},"modified":"2025-03-07T18:28:27","modified_gmt":"2025-03-07T17:28:27","slug":"english-entering-lent-in-central-africa-ash-wednesday","status":"publish","type":"post","link":"https:\/\/www.itakaescolapios.org\/fr\/2024\/02\/english-entering-lent-in-central-africa-ash-wednesday\/","title":{"rendered":"Entr\u00e9e en Car\u00eame en Afrique Centrale\u00a0: le Mercredi des cendres"},"content":{"rendered":"<p>Ce mercredi 14 f\u00e9vrier 2024, marque la date de d\u00e9but de car\u00eame dans l\u2019Eglise Catholique. Encore appel\u00e9 mercredi des cendres, cette journ\u00e9e du 14 f\u00e9vrier marque l\u2019entr\u00e9e en Car\u00eame avec l\u2019imposition des cendres. Dans les \u00e9coles de la province d\u2019Afrique Centrale, les messes ont \u00e9t\u00e9 faites, invitant les uns et les autres \u00e0 la conversion, au changement de comportement, \u00e0 la Pri\u00e8re, le Partage, la P\u00e9nitence, le Pardon et surtout \u00e0 l\u2019amour du prochain. Dans les \u00e9coles pies de la Guin\u00e9e Equatoriale, du Cameroun et du Gabon, nous avons eu des c\u00e9l\u00e9brations eucharistiques, suivi de l\u2019imposition des cendres, rappelant ainsi la fragilit\u00e9 de l\u2019homme. Bon Car\u00eame \u00e0 tous\u2026<\/p>\n<p><img decoding=\"async\" class=\"size-full wp-image-43902 aligncenter\" src=\"https:\/\/www.itakaescolapios.org\/wp-content\/uploads\/2024\/02\/WhatsApp-Image-2024-02-14-at-09.02.33-2-1.jpeg\" alt=\"\" width=\"1080\" height=\"607\" \/><\/p>\n<div style=\"width: 640px;\" class=\"wp-video\"><video class=\"wp-video-shortcode\" id=\"video-325231-1\" width=\"640\" height=\"368\" preload=\"metadata\" controls=\"controls\"><source type=\"video\/mp4\" src=\"https:\/\/www.itakaescolapios.org\/wp-content\/uploads\/2024\/02\/WhatsApp-Video-2024-02-14-at-09.02.57-1.mp4?_=1\" \/><a href=\"https:\/\/www.itakaescolapios.org\/wp-content\/uploads\/2024\/02\/WhatsApp-Video-2024-02-14-at-09.02.57-1.mp4\">https:\/\/www.itakaescolapios.org\/wp-content\/uploads\/2024\/02\/WhatsApp-Video-2024-02-14-at-09.02.57-1.mp4<\/a><\/video><\/div>\n<div style=\"width: 640px;\" class=\"wp-video\"><video class=\"wp-video-shortcode\" id=\"video-325231-2\" width=\"640\" height=\"368\" preload=\"metadata\" controls=\"controls\"><source type=\"video\/mp4\" src=\"https:\/\/www.itakaescolapios.org\/wp-content\/uploads\/2024\/02\/WhatsApp-Video-2024-02-14-at-09.02.43-1.mp4?_=2\" \/><a href=\"https:\/\/www.itakaescolapios.org\/wp-content\/uploads\/2024\/02\/WhatsApp-Video-2024-02-14-at-09.02.43-1.mp4\">https:\/\/www.itakaescolapios.org\/wp-content\/uploads\/2024\/02\/WhatsApp-Video-2024-02-14-at-09.02.43-1.mp4<\/a><\/video><\/div>\n<p><img decoding=\"async\" class=\"size-full wp-image-43905 aligncenter\" src=\"https:\/\/www.itakaescolapios.org\/wp-content\/uploads\/2024\/02\/WhatsApp-Image-2024-02-14-at-08.43.03-1.jpeg\" alt=\"\" width=\"1080\" height=\"607\" \/><\/p>\n<div style=\"width: 640px;\" class=\"wp-video\"><video class=\"wp-video-shortcode\" id=\"video-325231-3\" width=\"640\" height=\"368\" preload=\"metadata\" controls=\"controls\"><source type=\"video\/mp4\" src=\"https:\/\/www.itakaescolapios.org\/wp-content\/uploads\/2024\/02\/WhatsApp-Video-2024-02-14-at-08.31.53-1.mp4?_=3\" \/><a href=\"https:\/\/www.itakaescolapios.org\/wp-content\/uploads\/2024\/02\/WhatsApp-Video-2024-02-14-at-08.31.53-1.mp4\">https:\/\/www.itakaescolapios.org\/wp-content\/uploads\/2024\/02\/WhatsApp-Video-2024-02-14-at-08.31.53-1.mp4<\/a><\/video><\/div>\n<p><img decoding=\"async\" class=\"size-full wp-image-43907 aligncenter\" src=\"https:\/\/www.itakaescolapios.org\/wp-content\/uploads\/2024\/02\/WhatsApp-Image-2024-02-14-at-08.29.27-1.jpeg\" alt=\"\" width=\"1080\" height=\"486\" \/><\/p>\n","protected":false},"excerpt":{"rendered":"<p>Ce mercredi 14 f\u00e9vrier 2024, marque la date de d\u00e9but de car\u00eame dans l\u2019Eglise Catholique. Encore appel\u00e9 mercredi des cendres, cette journ\u00e9e du 14 f\u00e9vrier marque l\u2019entr\u00e9e en Car\u00eame avec [&hellip;]<\/p>\n","protected":false},"author":15,"featured_media":325570,"comment_status":"closed","ping_status":"closed","sticky":false,"template":"","format":"standard","meta":{"_et_pb_use_builder":"","_et_pb_old_content":"","_et_gb_content_width":"","footnotes":""},"categories":[53],"tags":[],"class_list":["post-325231","post","type-post","status-publish","format-standard","has-post-thumbnail","hentry","category-africa-central"],"yoast_head":"<!-- This site is optimized with the Yoast SEO plugin v27.4 - https:\/\/yoast.com\/product\/yoast-seo-wordpress\/ -->\n<title>Entr\u00e9e en Car\u00eame en Afrique Centrale\u00a0: le Mercredi des cendres<\/title>\n<meta name=\"description\" content=\"Ce mercredi 14 f\u00e9vrier 2024, marque la date de d\u00e9but de car\u00eame dans l\u2019Eglise Catholique. Encore appel\u00e9 mercredi des cendres, cette journ\u00e9e du 14 f\u00e9vrier marque l\u2019entr\u00e9e en Car\u00eame avec l\u2019imposition des cendres. Dans les \u00e9coles de la province d\u2019Afrique Centrale, les messes ont \u00e9t\u00e9 faites, invitant les uns et les autres \u00e0 la conversion,\u2026\" \/>\n<meta name=\"robots\" content=\"index, follow, max-snippet:-1, max-image-preview:large, max-video-preview:-1\" \/>\n<link rel=\"canonical\" href=\"http:\/\/Ce%20mercredi%2014%20f\u00e9vrier%202024,%20marque%20la%20date%20de%20d\u00e9but%20de%20car\u00eame%20dans%20l\u2019Eglise%20Catholique.%20Encore%20appel\u00e9%20mercredi%20des%20cendres,%20cette%20journ\u00e9e%20du%2014%20f\u00e9vrier%20marque%20l\u2019entr\u00e9e%20en%20Car\u00eame%20avec%20l\u2019imposition%20des%20cendres.%20Dans%20les%20\u00e9coles%20de%20la%20province%20d\u2019Afrique%20Centrale,%20les%20messes%20ont%20\u00e9t\u00e9%20faites,%20invitant%20les%20uns%20et%20les%20autres%20\u00e0%20la%20conversion,\u2026\" \/>\n<meta property=\"og:locale\" content=\"fr_FR\" \/>\n<meta property=\"og:type\" content=\"article\" \/>\n<meta property=\"og:title\" content=\"Entr\u00e9e en Car\u00eame en Afrique Centrale\u00a0: le Mercredi des cendres\" \/>\n<meta property=\"og:description\" content=\"Ce mercredi 14 f\u00e9vrier 2024, marque la date de d\u00e9but de car\u00eame dans l\u2019Eglise Catholique. Encore appel\u00e9 mercredi des cendres, cette journ\u00e9e du 14 f\u00e9vrier marque l\u2019entr\u00e9e en Car\u00eame avec l\u2019imposition des cendres. Dans les \u00e9coles de la province d\u2019Afrique Centrale, les messes ont \u00e9t\u00e9 faites, invitant les uns et les autres \u00e0 la conversion,\u2026\" \/>\n<meta property=\"og:url\" content=\"https:\/\/www.itakaescolapios.org\/fr\/2024\/02\/english-entering-lent-in-central-africa-ash-wednesday\/\" \/>\n<meta property=\"og:site_name\" content=\"Itaka-Escolapios\" \/>\n<meta property=\"article:published_time\" content=\"2024-02-14T11:05:51+00:00\" \/>\n<meta property=\"article:modified_time\" content=\"2025-03-07T17:28:27+00:00\" \/>\n<meta property=\"og:image\" content=\"https:\/\/www.itakaescolapios.org\/wp-content\/uploads\/2024\/02\/WhatsApp-Image-2024-02-14-at-09.02.33-2-1.jpeg\" \/>\n\t<meta property=\"og:image:width\" content=\"1080\" \/>\n\t<meta property=\"og:image:height\" content=\"607\" \/>\n\t<meta property=\"og:image:type\" content=\"image\/jpeg\" \/>\n<meta name=\"author\" content=\"cameroun01\" \/>\n<meta name=\"twitter:card\" content=\"summary_large_image\" \/>\n<meta name=\"twitter:label1\" content=\"\u00c9crit par\" \/>\n\t<meta name=\"twitter:data1\" content=\"cameroun01\" \/>\n\t<meta name=\"twitter:label2\" content=\"Dur\u00e9e de lecture estim\u00e9e\" \/>\n\t<meta name=\"twitter:data2\" content=\"1 minute\" \/>\n<script type=\"application\/ld+json\" class=\"yoast-schema-graph\">{\"@context\":\"https:\\\/\\\/schema.org\",\"@graph\":[{\"@type\":\"Article\",\"@id\":\"https:\\\/\\\/www.itakaescolapios.org\\\/fr\\\/2024\\\/02\\\/english-entering-lent-in-central-africa-ash-wednesday\\\/#article\",\"isPartOf\":{\"@id\":\"https:\\\/\\\/www.itakaescolapios.org\\\/fr\\\/2024\\\/02\\\/english-entering-lent-in-central-africa-ash-wednesday\\\/\"},\"author\":{\"name\":\"cameroun01\",\"@id\":\"https:\\\/\\\/www.itakaescolapios.org\\\/es\\\/#\\\/schema\\\/person\\\/d2844383e29bfdfef69039672ce14eb1\"},\"headline\":\"Entr\u00e9e en Car\u00eame en Afrique Centrale\u00a0: le Mercredi des cendres\",\"datePublished\":\"2024-02-14T11:05:51+00:00\",\"dateModified\":\"2025-03-07T17:28:27+00:00\",\"mainEntityOfPage\":{\"@id\":\"https:\\\/\\\/www.itakaescolapios.org\\\/fr\\\/2024\\\/02\\\/english-entering-lent-in-central-africa-ash-wednesday\\\/\"},\"wordCount\":132,\"publisher\":{\"@id\":\"https:\\\/\\\/www.itakaescolapios.org\\\/es\\\/#organization\"},\"image\":{\"@id\":\"https:\\\/\\\/www.itakaescolapios.org\\\/fr\\\/2024\\\/02\\\/english-entering-lent-in-central-africa-ash-wednesday\\\/#primaryimage\"},\"thumbnailUrl\":\"https:\\\/\\\/www.itakaescolapios.org\\\/wp-content\\\/uploads\\\/2024\\\/02\\\/WhatsApp-Image-2024-02-14-at-09.02.33-2-1.jpeg\",\"articleSection\":[\"Afrique centrale\"],\"inLanguage\":\"fr-FR\"},{\"@type\":\"WebPage\",\"@id\":\"https:\\\/\\\/www.itakaescolapios.org\\\/fr\\\/2024\\\/02\\\/english-entering-lent-in-central-africa-ash-wednesday\\\/\",\"url\":\"https:\\\/\\\/www.itakaescolapios.org\\\/fr\\\/2024\\\/02\\\/english-entering-lent-in-central-africa-ash-wednesday\\\/\",\"name\":\"Entrando en la Cuaresma en \u00c1frica Central: Mi\u00e9rcoles de Ceniza - Itaka-Escolapios\",\"isPartOf\":{\"@id\":\"https:\\\/\\\/www.itakaescolapios.org\\\/es\\\/#website\"},\"primaryImageOfPage\":{\"@id\":\"https:\\\/\\\/www.itakaescolapios.org\\\/fr\\\/2024\\\/02\\\/english-entering-lent-in-central-africa-ash-wednesday\\\/#primaryimage\"},\"image\":{\"@id\":\"https:\\\/\\\/www.itakaescolapios.org\\\/fr\\\/2024\\\/02\\\/english-entering-lent-in-central-africa-ash-wednesday\\\/#primaryimage\"},\"thumbnailUrl\":\"https:\\\/\\\/www.itakaescolapios.org\\\/wp-content\\\/uploads\\\/2024\\\/02\\\/WhatsApp-Image-2024-02-14-at-09.02.33-2-1.jpeg\",\"datePublished\":\"2024-02-14T11:05:51+00:00\",\"dateModified\":\"2025-03-07T17:28:27+00:00\",\"breadcrumb\":{\"@id\":\"https:\\\/\\\/www.itakaescolapios.org\\\/fr\\\/2024\\\/02\\\/english-entering-lent-in-central-africa-ash-wednesday\\\/#breadcrumb\"},\"inLanguage\":\"fr-FR\",\"potentialAction\":[{\"@type\":\"ReadAction\",\"target\":[\"https:\\\/\\\/www.itakaescolapios.org\\\/fr\\\/2024\\\/02\\\/english-entering-lent-in-central-africa-ash-wednesday\\\/\"]}]},{\"@type\":\"ImageObject\",\"inLanguage\":\"fr-FR\",\"@id\":\"https:\\\/\\\/www.itakaescolapios.org\\\/fr\\\/2024\\\/02\\\/english-entering-lent-in-central-africa-ash-wednesday\\\/#primaryimage\",\"url\":\"https:\\\/\\\/www.itakaescolapios.org\\\/wp-content\\\/uploads\\\/2024\\\/02\\\/WhatsApp-Image-2024-02-14-at-09.02.33-2-1.jpeg\",\"contentUrl\":\"https:\\\/\\\/www.itakaescolapios.org\\\/wp-content\\\/uploads\\\/2024\\\/02\\\/WhatsApp-Image-2024-02-14-at-09.02.33-2-1.jpeg\",\"width\":1080,\"height\":607},{\"@type\":\"BreadcrumbList\",\"@id\":\"https:\\\/\\\/www.itakaescolapios.org\\\/fr\\\/2024\\\/02\\\/english-entering-lent-in-central-africa-ash-wednesday\\\/#breadcrumb\",\"itemListElement\":[{\"@type\":\"ListItem\",\"position\":1,\"name\":\"Itaka-Escolapios\",\"item\":\"https:\\\/\\\/www.itakaescolapios.org\\\/es\\\/\"},{\"@type\":\"ListItem\",\"position\":2,\"name\":\"Entr\u00e9e en Car\u00eame en Afrique Centrale\u00a0: le Mercredi des cendres\"}]},{\"@type\":\"WebSite\",\"@id\":\"https:\\\/\\\/www.itakaescolapios.org\\\/fr\\\/es\\\/#website\",\"url\":\"https:\\\/\\\/www.itakaescolapios.org\\\/fr\\\/es\\\/\",\"name\":\"Itaka-Escolapios\",\"description\":\"Red de Itaka-Escolapios\",\"publisher\":{\"@id\":\"https:\\\/\\\/www.itakaescolapios.org\\\/fr\\\/es\\\/#organization\"},\"potentialAction\":[{\"@type\":\"SearchAction\",\"target\":{\"@type\":\"EntryPoint\",\"urlTemplate\":\"https:\\\/\\\/www.itakaescolapios.org\\\/fr\\\/es\\\/?s={search_term_string}\"},\"query-input\":{\"@type\":\"PropertyValueSpecification\",\"valueRequired\":true,\"valueName\":\"search_term_string\"}}],\"inLanguage\":\"fr-FR\"},{\"@type\":\"Organization\",\"@id\":\"https:\\\/\\\/www.itakaescolapios.org\\\/fr\\\/es\\\/#organization\",\"name\":\"Fundaci\u00f3 Itaka-Escolapios\",\"url\":\"https:\\\/\\\/www.itakaescolapios.org\\\/fr\\\/es\\\/\",\"logo\":{\"@type\":\"ImageObject\",\"inLanguage\":\"fr-FR\",\"@id\":\"https:\\\/\\\/www.itakaescolapios.org\\\/fr\\\/es\\\/#\\\/schema\\\/logo\\\/image\\\/\",\"url\":\"https:\\\/\\\/www.itakaescolapios.org\\\/wp-content\\\/uploads\\\/2024\\\/04\\\/Logo-itakaescolapios-peque.png\",\"contentUrl\":\"https:\\\/\\\/www.itakaescolapios.org\\\/wp-content\\\/uploads\\\/2024\\\/04\\\/Logo-itakaescolapios-peque.png\",\"width\":500,\"height\":199,\"caption\":\"Fundaci\u00f3 Itaka-Escolapios\"},\"image\":{\"@id\":\"https:\\\/\\\/www.itakaescolapios.org\\\/fr\\\/es\\\/#\\\/schema\\\/logo\\\/image\\\/\"}},{\"@type\":\"Person\",\"@id\":\"https:\\\/\\\/www.itakaescolapios.org\\\/es\\\/#\\\/schema\\\/person\\\/d2844383e29bfdfef69039672ce14eb1\",\"name\":\"cameroun01\",\"url\":\"https:\\\/\\\/www.itakaescolapios.org\\\/fr\\\/author\\\/cameroun01\\\/\"}]}<\/script>\n<!-- \/ Yoast SEO plugin. -->","yoast_head_json":{"title":"Entr\u00e9e en Car\u00eame en Afrique Centrale\u00a0: le Mercredi des cendres","description":"Ce mercredi 14 f\u00e9vrier 2024, marque la date de d\u00e9but de car\u00eame dans l\u2019Eglise Catholique. Encore appel\u00e9 mercredi des cendres, cette journ\u00e9e du 14 f\u00e9vrier marque l\u2019entr\u00e9e en Car\u00eame avec l\u2019imposition des cendres. Dans les \u00e9coles de la province d\u2019Afrique Centrale, les messes ont \u00e9t\u00e9 faites, invitant les uns et les autres \u00e0 la conversion,\u2026","robots":{"index":"index","follow":"follow","max-snippet":"max-snippet:-1","max-image-preview":"max-image-preview:large","max-video-preview":"max-video-preview:-1"},"canonical":"Ce mercredi 14 f\u00e9vrier 2024, marque la date de d\u00e9but de car\u00eame dans l\u2019Eglise Catholique. Encore appel\u00e9 mercredi des cendres, cette journ\u00e9e du 14 f\u00e9vrier marque l\u2019entr\u00e9e en Car\u00eame avec l\u2019imposition des cendres. Dans les \u00e9coles de la province d\u2019Afrique Centrale, les messes ont \u00e9t\u00e9 faites, invitant les uns et les autres \u00e0 la conversion,\u2026","og_locale":"fr_FR","og_type":"article","og_title":"Entr\u00e9e en Car\u00eame en Afrique Centrale\u00a0: le Mercredi des cendres","og_description":"Ce mercredi 14 f\u00e9vrier 2024, marque la date de d\u00e9but de car\u00eame dans l\u2019Eglise Catholique. Encore appel\u00e9 mercredi des cendres, cette journ\u00e9e du 14 f\u00e9vrier marque l\u2019entr\u00e9e en Car\u00eame avec l\u2019imposition des cendres. Dans les \u00e9coles de la province d\u2019Afrique Centrale, les messes ont \u00e9t\u00e9 faites, invitant les uns et les autres \u00e0 la conversion,\u2026","og_url":"https:\/\/www.itakaescolapios.org\/fr\/2024\/02\/english-entering-lent-in-central-africa-ash-wednesday\/","og_site_name":"Itaka-Escolapios","article_published_time":"2024-02-14T11:05:51+00:00","article_modified_time":"2025-03-07T17:28:27+00:00","og_image":[{"width":1080,"height":607,"url":"https:\/\/www.itakaescolapios.org\/wp-content\/uploads\/2024\/02\/WhatsApp-Image-2024-02-14-at-09.02.33-2-1.jpeg","type":"image\/jpeg"}],"author":"cameroun01","twitter_card":"summary_large_image","twitter_misc":{"\u00c9crit par":"cameroun01","Dur\u00e9e de lecture estim\u00e9e":"1 minute"},"schema":{"@context":"https:\/\/schema.org","@graph":[{"@type":"Article","@id":"https:\/\/www.itakaescolapios.org\/fr\/2024\/02\/english-entering-lent-in-central-africa-ash-wednesday\/#article","isPartOf":{"@id":"https:\/\/www.itakaescolapios.org\/fr\/2024\/02\/english-entering-lent-in-central-africa-ash-wednesday\/"},"author":{"name":"cameroun01","@id":"https:\/\/www.itakaescolapios.org\/es\/#\/schema\/person\/d2844383e29bfdfef69039672ce14eb1"},"headline":"Entr\u00e9e en Car\u00eame en Afrique Centrale\u00a0: le Mercredi des cendres","datePublished":"2024-02-14T11:05:51+00:00","dateModified":"2025-03-07T17:28:27+00:00","mainEntityOfPage":{"@id":"https:\/\/www.itakaescolapios.org\/fr\/2024\/02\/english-entering-lent-in-central-africa-ash-wednesday\/"},"wordCount":132,"publisher":{"@id":"https:\/\/www.itakaescolapios.org\/es\/#organization"},"image":{"@id":"https:\/\/www.itakaescolapios.org\/fr\/2024\/02\/english-entering-lent-in-central-africa-ash-wednesday\/#primaryimage"},"thumbnailUrl":"https:\/\/www.itakaescolapios.org\/wp-content\/uploads\/2024\/02\/WhatsApp-Image-2024-02-14-at-09.02.33-2-1.jpeg","articleSection":["Afrique centrale"],"inLanguage":"fr-FR"},{"@type":"WebPage","@id":"https:\/\/www.itakaescolapios.org\/fr\/2024\/02\/english-entering-lent-in-central-africa-ash-wednesday\/","url":"https:\/\/www.itakaescolapios.org\/fr\/2024\/02\/english-entering-lent-in-central-africa-ash-wednesday\/","name":"Entrando en la Cuaresma en \u00c1frica Central: Mi\u00e9rcoles de Ceniza - Itaka-Escolapios","isPartOf":{"@id":"https:\/\/www.itakaescolapios.org\/es\/#website"},"primaryImageOfPage":{"@id":"https:\/\/www.itakaescolapios.org\/fr\/2024\/02\/english-entering-lent-in-central-africa-ash-wednesday\/#primaryimage"},"image":{"@id":"https:\/\/www.itakaescolapios.org\/fr\/2024\/02\/english-entering-lent-in-central-africa-ash-wednesday\/#primaryimage"},"thumbnailUrl":"https:\/\/www.itakaescolapios.org\/wp-content\/uploads\/2024\/02\/WhatsApp-Image-2024-02-14-at-09.02.33-2-1.jpeg","datePublished":"2024-02-14T11:05:51+00:00","dateModified":"2025-03-07T17:28:27+00:00","breadcrumb":{"@id":"https:\/\/www.itakaescolapios.org\/fr\/2024\/02\/english-entering-lent-in-central-africa-ash-wednesday\/#breadcrumb"},"inLanguage":"fr-FR","potentialAction":[{"@type":"ReadAction","target":["https:\/\/www.itakaescolapios.org\/fr\/2024\/02\/english-entering-lent-in-central-africa-ash-wednesday\/"]}]},{"@type":"ImageObject","inLanguage":"fr-FR","@id":"https:\/\/www.itakaescolapios.org\/fr\/2024\/02\/english-entering-lent-in-central-africa-ash-wednesday\/#primaryimage","url":"https:\/\/www.itakaescolapios.org\/wp-content\/uploads\/2024\/02\/WhatsApp-Image-2024-02-14-at-09.02.33-2-1.jpeg","contentUrl":"https:\/\/www.itakaescolapios.org\/wp-content\/uploads\/2024\/02\/WhatsApp-Image-2024-02-14-at-09.02.33-2-1.jpeg","width":1080,"height":607},{"@type":"BreadcrumbList","@id":"https:\/\/www.itakaescolapios.org\/fr\/2024\/02\/english-entering-lent-in-central-africa-ash-wednesday\/#breadcrumb","itemListElement":[{"@type":"ListItem","position":1,"name":"Itaka-Escolapios","item":"https:\/\/www.itakaescolapios.org\/es\/"},{"@type":"ListItem","position":2,"name":"Entr\u00e9e en Car\u00eame en Afrique Centrale\u00a0: le Mercredi des cendres"}]},{"@type":"WebSite","@id":"https:\/\/www.itakaescolapios.org\/fr\/es\/#website","url":"https:\/\/www.itakaescolapios.org\/fr\/es\/","name":"Itaka-Escolapios","description":"Red de Itaka-Escolapios","publisher":{"@id":"https:\/\/www.itakaescolapios.org\/fr\/es\/#organization"},"potentialAction":[{"@type":"SearchAction","target":{"@type":"EntryPoint","urlTemplate":"https:\/\/www.itakaescolapios.org\/fr\/es\/?s={search_term_string}"},"query-input":{"@type":"PropertyValueSpecification","valueRequired":true,"valueName":"search_term_string"}}],"inLanguage":"fr-FR"},{"@type":"Organization","@id":"https:\/\/www.itakaescolapios.org\/fr\/es\/#organization","name":"Fundaci\u00f3 Itaka-Escolapios","url":"https:\/\/www.itakaescolapios.org\/fr\/es\/","logo":{"@type":"ImageObject","inLanguage":"fr-FR","@id":"https:\/\/www.itakaescolapios.org\/fr\/es\/#\/schema\/logo\/image\/","url":"https:\/\/www.itakaescolapios.org\/wp-content\/uploads\/2024\/04\/Logo-itakaescolapios-peque.png","contentUrl":"https:\/\/www.itakaescolapios.org\/wp-content\/uploads\/2024\/04\/Logo-itakaescolapios-peque.png","width":500,"height":199,"caption":"Fundaci\u00f3 Itaka-Escolapios"},"image":{"@id":"https:\/\/www.itakaescolapios.org\/fr\/es\/#\/schema\/logo\/image\/"}},{"@type":"Person","@id":"https:\/\/www.itakaescolapios.org\/es\/#\/schema\/person\/d2844383e29bfdfef69039672ce14eb1","name":"cameroun01","url":"https:\/\/www.itakaescolapios.org\/fr\/author\/cameroun01\/"}]}},"_links":{"self":[{"href":"https:\/\/www.itakaescolapios.org\/fr\/wp-json\/wp\/v2\/posts\/325231","targetHints":{"allow":["GET"]}}],"collection":[{"href":"https:\/\/www.itakaescolapios.org\/fr\/wp-json\/wp\/v2\/posts"}],"about":[{"href":"https:\/\/www.itakaescolapios.org\/fr\/wp-json\/wp\/v2\/types\/post"}],"author":[{"embeddable":true,"href":"https:\/\/www.itakaescolapios.org\/fr\/wp-json\/wp\/v2\/users\/15"}],"replies":[{"embeddable":true,"href":"https:\/\/www.itakaescolapios.org\/fr\/wp-json\/wp\/v2\/comments?post=325231"}],"version-history":[{"count":2,"href":"https:\/\/www.itakaescolapios.org\/fr\/wp-json\/wp\/v2\/posts\/325231\/revisions"}],"predecessor-version":[{"id":326359,"href":"https:\/\/www.itakaescolapios.org\/fr\/wp-json\/wp\/v2\/posts\/325231\/revisions\/326359"}],"wp:featuredmedia":[{"embeddable":true,"href":"https:\/\/www.itakaescolapios.org\/fr\/wp-json\/wp\/v2\/media\/325570"}],"wp:attachment":[{"href":"https:\/\/www.itakaescolapios.org\/fr\/wp-json\/wp\/v2\/media?parent=325231"}],"wp:term":[{"taxonomy":"category","embeddable":true,"href":"https:\/\/www.itakaescolapios.org\/fr\/wp-json\/wp\/v2\/categories?post=325231"},{"taxonomy":"post_tag","embeddable":true,"href":"https:\/\/www.itakaescolapios.org\/fr\/wp-json\/wp\/v2\/tags?post=325231"}],"curies":[{"name":"wp","href":"https:\/\/api.w.org\/{rel}","templated":true}]}}