{"id":325240,"date":"2024-02-23T16:28:14","date_gmt":"2024-02-23T15:28:14","guid":{"rendered":"https:\/\/www.itakaescolapios.org\/?p=44067"},"modified":"2025-03-07T18:28:26","modified_gmt":"2025-03-07T17:28:26","slug":"9-de-marzo-dia-del-voluntariado-en-itaka-escolapios-6","status":"publish","type":"post","link":"https:\/\/www.itakaescolapios.org\/fr\/2024\/02\/9-de-marzo-dia-del-voluntariado-en-itaka-escolapios-6\/","title":{"rendered":"9 MARS JOURN\u00c9E DES VOLONTAIRES \u00c0 ITAKA ESCOLAPIOS"},"content":{"rendered":"<p>C&rsquo;est avec joie que nous partageons l&rsquo;invitation \u00e0 c\u00e9l\u00e9brer ce 9 mars celui que nous consid\u00e9rons comme le c\u0153ur d&rsquo;Itaka-Escolapios, le b\u00e9n\u00e9volat. Date choisie pour l&rsquo;anniversaire de la cr\u00e9ation en 2001 de la Fondation Itaka-Escolapios, un moment qui symbolise cette volont\u00e9 de partager le chemin et la mission au sein des \u00c9coles Pies qui sont \u00e0 la base de notre r\u00e9seau.<\/p>\n<p>Nous c\u00e9l\u00e9brerons avec une r\u00e9union de r\u00e9seau en ligne, appelant tous les volontaires des diff\u00e9rentes d\u00e9marcations, les responsables du volontariat et toutes ces personnes qui consacrent leur temps, leurs biens, leur affection, leurs connaissances, au bon d\u00e9roulement de la mission d\u2019Itaka \u2013 Piaristes dans le monde.<\/p>\n<p>Les heures de c\u00e9l\u00e9bration sont de 16h30 \u00e0 18h00, heure de Rome.<br \/>\nC&rsquo;est le lien de connexion (il est aussi sur l&rsquo;affiche).<br \/>\n<a href=\"http:\/\/tinyurl.com\/24wusxw7\">http:\/\/tinyurl.com\/24wusxw7<\/a><\/p>\n<p>Nous vous attendons pour c\u00e9l\u00e9brer cette journ\u00e9e en communion avec tout le r\u00e9seau Itaka-Escolapios et toutes les \u00c9coles Pies, avec gratitude pour notre travail b\u00e9n\u00e9vole et avec un regard plein d&rsquo;espoir et engag\u00e9 vers l&rsquo;avenir.<\/p>\n<p>&nbsp;<\/p>\n\n","protected":false},"excerpt":{"rendered":"<p>C&rsquo;est avec joie que nous partageons l&rsquo;invitation \u00e0 c\u00e9l\u00e9brer ce 9 mars celui que nous consid\u00e9rons comme le c\u0153ur d&rsquo;Itaka-Escolapios, le b\u00e9n\u00e9volat. Date choisie pour l&rsquo;anniversaire de la cr\u00e9ation en [&hellip;]<\/p>\n","protected":false},"author":1,"featured_media":325646,"comment_status":"closed","ping_status":"closed","sticky":false,"template":"","format":"standard","meta":{"_et_pb_use_builder":"","_et_pb_old_content":"","_et_gb_content_width":"","footnotes":""},"categories":[30],"tags":[],"class_list":["post-325240","post","type-post","status-publish","format-standard","has-post-thumbnail","hentry","category-itaka-escolapios"],"yoast_head":"<!-- This site is optimized with the Yoast SEO plugin v27.4 - https:\/\/yoast.com\/product\/yoast-seo-wordpress\/ -->\n<title>9 MARS JOURN\u00c9E DES VOLONTAIRES \u00c0 ITAKA ESCOLAPIOS<\/title>\n<meta name=\"description\" content=\"C&#039;est avec joie que nous partageons l&#039;invitation \u00e0 c\u00e9l\u00e9brer ce 9 mars celui que nous consid\u00e9rons comme le c\u0153ur d&#039;Itaka-Escolapios, le b\u00e9n\u00e9volat. Date choisie pour l&#039;anniversaire de la cr\u00e9ation en 2001 de la Fondation Itaka-Escolapios, un moment qui symbolise cette volont\u00e9 de partager le chemin et la mission au sein des \u00c9coles Pies qui sont\u2026\" \/>\n<meta name=\"robots\" content=\"index, follow, max-snippet:-1, max-image-preview:large, max-video-preview:-1\" \/>\n<link rel=\"canonical\" href=\"http:\/\/C'est%20avec%20joie%20que%20nous%20partageons%20l'invitation%20\u00e0%20c\u00e9l\u00e9brer%20ce%209%20mars%20celui%20que%20nous%20consid\u00e9rons%20comme%20le%20c\u0153ur%20d'Itaka-Escolapios,%20le%20b\u00e9n\u00e9volat.%20Date%20choisie%20pour%20l'anniversaire%20de%20la%20cr\u00e9ation%20en%202001%20de%20la%20Fondation%20Itaka-Escolapios,%20un%20moment%20qui%20symbolise%20cette%20volont\u00e9%20de%20partager%20le%20chemin%20et%20la%20mission%20au%20sein%20des%20\u00c9coles%20Pies%20qui%20sont\u2026\" \/>\n<meta property=\"og:locale\" content=\"fr_FR\" \/>\n<meta property=\"og:type\" content=\"article\" \/>\n<meta property=\"og:title\" content=\"9 MARS JOURN\u00c9E DES VOLONTAIRES \u00c0 ITAKA ESCOLAPIOS\" \/>\n<meta property=\"og:description\" content=\"C&#039;est avec joie que nous partageons l&#039;invitation \u00e0 c\u00e9l\u00e9brer ce 9 mars celui que nous consid\u00e9rons comme le c\u0153ur d&#039;Itaka-Escolapios, le b\u00e9n\u00e9volat. Date choisie pour l&#039;anniversaire de la cr\u00e9ation en 2001 de la Fondation Itaka-Escolapios, un moment qui symbolise cette volont\u00e9 de partager le chemin et la mission au sein des \u00c9coles Pies qui sont\u2026\" \/>\n<meta property=\"og:url\" content=\"https:\/\/www.itakaescolapios.org\/fr\/2024\/02\/9-de-marzo-dia-del-voluntariado-en-itaka-escolapios-6\/\" \/>\n<meta property=\"og:site_name\" content=\"Itaka-Escolapios\" \/>\n<meta property=\"article:published_time\" content=\"2024-02-23T15:28:14+00:00\" \/>\n<meta property=\"article:modified_time\" content=\"2025-03-07T17:28:26+00:00\" \/>\n<meta property=\"og:image\" content=\"https:\/\/www.itakaescolapios.org\/wp-content\/uploads\/2024\/02\/Cartel-9M-2024-ESP-scaled-1.jpg\" \/>\n\t<meta property=\"og:image:width\" content=\"1067\" \/>\n\t<meta property=\"og:image:height\" content=\"1500\" \/>\n\t<meta property=\"og:image:type\" content=\"image\/jpeg\" \/>\n<meta name=\"author\" content=\"administrador\" \/>\n<meta name=\"twitter:card\" content=\"summary_large_image\" \/>\n<meta name=\"twitter:label1\" content=\"\u00c9crit par\" \/>\n\t<meta name=\"twitter:data1\" content=\"administrador\" \/>\n\t<meta name=\"twitter:label2\" content=\"Dur\u00e9e de lecture estim\u00e9e\" \/>\n\t<meta name=\"twitter:data2\" content=\"1 minute\" \/>\n<script type=\"application\/ld+json\" class=\"yoast-schema-graph\">{\"@context\":\"https:\\\/\\\/schema.org\",\"@graph\":[{\"@type\":\"Article\",\"@id\":\"https:\\\/\\\/www.itakaescolapios.org\\\/fr\\\/2024\\\/02\\\/9-de-marzo-dia-del-voluntariado-en-itaka-escolapios-6\\\/#article\",\"isPartOf\":{\"@id\":\"https:\\\/\\\/www.itakaescolapios.org\\\/fr\\\/2024\\\/02\\\/9-de-marzo-dia-del-voluntariado-en-itaka-escolapios-6\\\/\"},\"author\":{\"name\":\"administrador\",\"@id\":\"https:\\\/\\\/www.itakaescolapios.org\\\/es\\\/#\\\/schema\\\/person\\\/aaa10333558991c1d6ad358b7721fe71\"},\"headline\":\"9 MARS JOURN\u00c9E DES VOLONTAIRES \u00c0 ITAKA ESCOLAPIOS\",\"datePublished\":\"2024-02-23T15:28:14+00:00\",\"dateModified\":\"2025-03-07T17:28:26+00:00\",\"mainEntityOfPage\":{\"@id\":\"https:\\\/\\\/www.itakaescolapios.org\\\/fr\\\/2024\\\/02\\\/9-de-marzo-dia-del-voluntariado-en-itaka-escolapios-6\\\/\"},\"wordCount\":191,\"publisher\":{\"@id\":\"https:\\\/\\\/www.itakaescolapios.org\\\/es\\\/#organization\"},\"image\":{\"@id\":\"https:\\\/\\\/www.itakaescolapios.org\\\/fr\\\/2024\\\/02\\\/9-de-marzo-dia-del-voluntariado-en-itaka-escolapios-6\\\/#primaryimage\"},\"thumbnailUrl\":\"https:\\\/\\\/www.itakaescolapios.org\\\/wp-content\\\/uploads\\\/2024\\\/02\\\/Cartel-9M-2024-ESP-scaled-1.jpg\",\"articleSection\":[\"Itaka Escolapios\"],\"inLanguage\":\"fr-FR\"},{\"@type\":\"WebPage\",\"@id\":\"https:\\\/\\\/www.itakaescolapios.org\\\/fr\\\/2024\\\/02\\\/9-de-marzo-dia-del-voluntariado-en-itaka-escolapios-6\\\/\",\"url\":\"https:\\\/\\\/www.itakaescolapios.org\\\/fr\\\/2024\\\/02\\\/9-de-marzo-dia-del-voluntariado-en-itaka-escolapios-6\\\/\",\"name\":\"9 DE MARZO D\u00cdA DEL VOLUNTARIADO EN ITAKA ESCOLAPIOS - Itaka-Escolapios\",\"isPartOf\":{\"@id\":\"https:\\\/\\\/www.itakaescolapios.org\\\/es\\\/#website\"},\"primaryImageOfPage\":{\"@id\":\"https:\\\/\\\/www.itakaescolapios.org\\\/fr\\\/2024\\\/02\\\/9-de-marzo-dia-del-voluntariado-en-itaka-escolapios-6\\\/#primaryimage\"},\"image\":{\"@id\":\"https:\\\/\\\/www.itakaescolapios.org\\\/fr\\\/2024\\\/02\\\/9-de-marzo-dia-del-voluntariado-en-itaka-escolapios-6\\\/#primaryimage\"},\"thumbnailUrl\":\"https:\\\/\\\/www.itakaescolapios.org\\\/wp-content\\\/uploads\\\/2024\\\/02\\\/Cartel-9M-2024-ESP-scaled-1.jpg\",\"datePublished\":\"2024-02-23T15:28:14+00:00\",\"dateModified\":\"2025-03-07T17:28:26+00:00\",\"breadcrumb\":{\"@id\":\"https:\\\/\\\/www.itakaescolapios.org\\\/fr\\\/2024\\\/02\\\/9-de-marzo-dia-del-voluntariado-en-itaka-escolapios-6\\\/#breadcrumb\"},\"inLanguage\":\"fr-FR\",\"potentialAction\":[{\"@type\":\"ReadAction\",\"target\":[\"https:\\\/\\\/www.itakaescolapios.org\\\/fr\\\/2024\\\/02\\\/9-de-marzo-dia-del-voluntariado-en-itaka-escolapios-6\\\/\"]}]},{\"@type\":\"ImageObject\",\"inLanguage\":\"fr-FR\",\"@id\":\"https:\\\/\\\/www.itakaescolapios.org\\\/fr\\\/2024\\\/02\\\/9-de-marzo-dia-del-voluntariado-en-itaka-escolapios-6\\\/#primaryimage\",\"url\":\"https:\\\/\\\/www.itakaescolapios.org\\\/wp-content\\\/uploads\\\/2024\\\/02\\\/Cartel-9M-2024-ESP-scaled-1.jpg\",\"contentUrl\":\"https:\\\/\\\/www.itakaescolapios.org\\\/wp-content\\\/uploads\\\/2024\\\/02\\\/Cartel-9M-2024-ESP-scaled-1.jpg\",\"width\":1067,\"height\":1500},{\"@type\":\"BreadcrumbList\",\"@id\":\"https:\\\/\\\/www.itakaescolapios.org\\\/fr\\\/2024\\\/02\\\/9-de-marzo-dia-del-voluntariado-en-itaka-escolapios-6\\\/#breadcrumb\",\"itemListElement\":[{\"@type\":\"ListItem\",\"position\":1,\"name\":\"Itaka-Escolapios\",\"item\":\"https:\\\/\\\/www.itakaescolapios.org\\\/es\\\/\"},{\"@type\":\"ListItem\",\"position\":2,\"name\":\"9 MARS JOURN\u00c9E DES VOLONTAIRES \u00c0 ITAKA ESCOLAPIOS\"}]},{\"@type\":\"WebSite\",\"@id\":\"https:\\\/\\\/www.itakaescolapios.org\\\/fr\\\/es\\\/#website\",\"url\":\"https:\\\/\\\/www.itakaescolapios.org\\\/fr\\\/es\\\/\",\"name\":\"Itaka-Escolapios\",\"description\":\"Red de Itaka-Escolapios\",\"publisher\":{\"@id\":\"https:\\\/\\\/www.itakaescolapios.org\\\/fr\\\/es\\\/#organization\"},\"potentialAction\":[{\"@type\":\"SearchAction\",\"target\":{\"@type\":\"EntryPoint\",\"urlTemplate\":\"https:\\\/\\\/www.itakaescolapios.org\\\/fr\\\/es\\\/?s={search_term_string}\"},\"query-input\":{\"@type\":\"PropertyValueSpecification\",\"valueRequired\":true,\"valueName\":\"search_term_string\"}}],\"inLanguage\":\"fr-FR\"},{\"@type\":\"Organization\",\"@id\":\"https:\\\/\\\/www.itakaescolapios.org\\\/fr\\\/es\\\/#organization\",\"name\":\"Fundaci\u00f3 Itaka-Escolapios\",\"url\":\"https:\\\/\\\/www.itakaescolapios.org\\\/fr\\\/es\\\/\",\"logo\":{\"@type\":\"ImageObject\",\"inLanguage\":\"fr-FR\",\"@id\":\"https:\\\/\\\/www.itakaescolapios.org\\\/fr\\\/es\\\/#\\\/schema\\\/logo\\\/image\\\/\",\"url\":\"https:\\\/\\\/www.itakaescolapios.org\\\/wp-content\\\/uploads\\\/2024\\\/04\\\/Logo-itakaescolapios-peque.png\",\"contentUrl\":\"https:\\\/\\\/www.itakaescolapios.org\\\/wp-content\\\/uploads\\\/2024\\\/04\\\/Logo-itakaescolapios-peque.png\",\"width\":500,\"height\":199,\"caption\":\"Fundaci\u00f3 Itaka-Escolapios\"},\"image\":{\"@id\":\"https:\\\/\\\/www.itakaescolapios.org\\\/fr\\\/es\\\/#\\\/schema\\\/logo\\\/image\\\/\"}},{\"@type\":\"Person\",\"@id\":\"https:\\\/\\\/www.itakaescolapios.org\\\/es\\\/#\\\/schema\\\/person\\\/aaa10333558991c1d6ad358b7721fe71\",\"name\":\"administrador\",\"url\":\"https:\\\/\\\/www.itakaescolapios.org\\\/fr\\\/author\\\/administrador\\\/\"}]}<\/script>\n<!-- \/ Yoast SEO plugin. -->","yoast_head_json":{"title":"9 MARS JOURN\u00c9E DES VOLONTAIRES \u00c0 ITAKA ESCOLAPIOS","description":"C'est avec joie que nous partageons l'invitation \u00e0 c\u00e9l\u00e9brer ce 9 mars celui que nous consid\u00e9rons comme le c\u0153ur d'Itaka-Escolapios, le b\u00e9n\u00e9volat. Date choisie pour l'anniversaire de la cr\u00e9ation en 2001 de la Fondation Itaka-Escolapios, un moment qui symbolise cette volont\u00e9 de partager le chemin et la mission au sein des \u00c9coles Pies qui sont\u2026","robots":{"index":"index","follow":"follow","max-snippet":"max-snippet:-1","max-image-preview":"max-image-preview:large","max-video-preview":"max-video-preview:-1"},"canonical":"C'est avec joie que nous partageons l'invitation \u00e0 c\u00e9l\u00e9brer ce 9 mars celui que nous consid\u00e9rons comme le c\u0153ur d'Itaka-Escolapios, le b\u00e9n\u00e9volat. Date choisie pour l'anniversaire de la cr\u00e9ation en 2001 de la Fondation Itaka-Escolapios, un moment qui symbolise cette volont\u00e9 de partager le chemin et la mission au sein des \u00c9coles Pies qui sont\u2026","og_locale":"fr_FR","og_type":"article","og_title":"9 MARS JOURN\u00c9E DES VOLONTAIRES \u00c0 ITAKA ESCOLAPIOS","og_description":"C'est avec joie que nous partageons l'invitation \u00e0 c\u00e9l\u00e9brer ce 9 mars celui que nous consid\u00e9rons comme le c\u0153ur d'Itaka-Escolapios, le b\u00e9n\u00e9volat. Date choisie pour l'anniversaire de la cr\u00e9ation en 2001 de la Fondation Itaka-Escolapios, un moment qui symbolise cette volont\u00e9 de partager le chemin et la mission au sein des \u00c9coles Pies qui sont\u2026","og_url":"https:\/\/www.itakaescolapios.org\/fr\/2024\/02\/9-de-marzo-dia-del-voluntariado-en-itaka-escolapios-6\/","og_site_name":"Itaka-Escolapios","article_published_time":"2024-02-23T15:28:14+00:00","article_modified_time":"2025-03-07T17:28:26+00:00","og_image":[{"width":1067,"height":1500,"url":"https:\/\/www.itakaescolapios.org\/wp-content\/uploads\/2024\/02\/Cartel-9M-2024-ESP-scaled-1.jpg","type":"image\/jpeg"}],"author":"administrador","twitter_card":"summary_large_image","twitter_misc":{"\u00c9crit par":"administrador","Dur\u00e9e de lecture estim\u00e9e":"1 minute"},"schema":{"@context":"https:\/\/schema.org","@graph":[{"@type":"Article","@id":"https:\/\/www.itakaescolapios.org\/fr\/2024\/02\/9-de-marzo-dia-del-voluntariado-en-itaka-escolapios-6\/#article","isPartOf":{"@id":"https:\/\/www.itakaescolapios.org\/fr\/2024\/02\/9-de-marzo-dia-del-voluntariado-en-itaka-escolapios-6\/"},"author":{"name":"administrador","@id":"https:\/\/www.itakaescolapios.org\/es\/#\/schema\/person\/aaa10333558991c1d6ad358b7721fe71"},"headline":"9 MARS JOURN\u00c9E DES VOLONTAIRES \u00c0 ITAKA ESCOLAPIOS","datePublished":"2024-02-23T15:28:14+00:00","dateModified":"2025-03-07T17:28:26+00:00","mainEntityOfPage":{"@id":"https:\/\/www.itakaescolapios.org\/fr\/2024\/02\/9-de-marzo-dia-del-voluntariado-en-itaka-escolapios-6\/"},"wordCount":191,"publisher":{"@id":"https:\/\/www.itakaescolapios.org\/es\/#organization"},"image":{"@id":"https:\/\/www.itakaescolapios.org\/fr\/2024\/02\/9-de-marzo-dia-del-voluntariado-en-itaka-escolapios-6\/#primaryimage"},"thumbnailUrl":"https:\/\/www.itakaescolapios.org\/wp-content\/uploads\/2024\/02\/Cartel-9M-2024-ESP-scaled-1.jpg","articleSection":["Itaka Escolapios"],"inLanguage":"fr-FR"},{"@type":"WebPage","@id":"https:\/\/www.itakaescolapios.org\/fr\/2024\/02\/9-de-marzo-dia-del-voluntariado-en-itaka-escolapios-6\/","url":"https:\/\/www.itakaescolapios.org\/fr\/2024\/02\/9-de-marzo-dia-del-voluntariado-en-itaka-escolapios-6\/","name":"9 DE MARZO D\u00cdA DEL VOLUNTARIADO EN ITAKA ESCOLAPIOS - Itaka-Escolapios","isPartOf":{"@id":"https:\/\/www.itakaescolapios.org\/es\/#website"},"primaryImageOfPage":{"@id":"https:\/\/www.itakaescolapios.org\/fr\/2024\/02\/9-de-marzo-dia-del-voluntariado-en-itaka-escolapios-6\/#primaryimage"},"image":{"@id":"https:\/\/www.itakaescolapios.org\/fr\/2024\/02\/9-de-marzo-dia-del-voluntariado-en-itaka-escolapios-6\/#primaryimage"},"thumbnailUrl":"https:\/\/www.itakaescolapios.org\/wp-content\/uploads\/2024\/02\/Cartel-9M-2024-ESP-scaled-1.jpg","datePublished":"2024-02-23T15:28:14+00:00","dateModified":"2025-03-07T17:28:26+00:00","breadcrumb":{"@id":"https:\/\/www.itakaescolapios.org\/fr\/2024\/02\/9-de-marzo-dia-del-voluntariado-en-itaka-escolapios-6\/#breadcrumb"},"inLanguage":"fr-FR","potentialAction":[{"@type":"ReadAction","target":["https:\/\/www.itakaescolapios.org\/fr\/2024\/02\/9-de-marzo-dia-del-voluntariado-en-itaka-escolapios-6\/"]}]},{"@type":"ImageObject","inLanguage":"fr-FR","@id":"https:\/\/www.itakaescolapios.org\/fr\/2024\/02\/9-de-marzo-dia-del-voluntariado-en-itaka-escolapios-6\/#primaryimage","url":"https:\/\/www.itakaescolapios.org\/wp-content\/uploads\/2024\/02\/Cartel-9M-2024-ESP-scaled-1.jpg","contentUrl":"https:\/\/www.itakaescolapios.org\/wp-content\/uploads\/2024\/02\/Cartel-9M-2024-ESP-scaled-1.jpg","width":1067,"height":1500},{"@type":"BreadcrumbList","@id":"https:\/\/www.itakaescolapios.org\/fr\/2024\/02\/9-de-marzo-dia-del-voluntariado-en-itaka-escolapios-6\/#breadcrumb","itemListElement":[{"@type":"ListItem","position":1,"name":"Itaka-Escolapios","item":"https:\/\/www.itakaescolapios.org\/es\/"},{"@type":"ListItem","position":2,"name":"9 MARS JOURN\u00c9E DES VOLONTAIRES \u00c0 ITAKA ESCOLAPIOS"}]},{"@type":"WebSite","@id":"https:\/\/www.itakaescolapios.org\/fr\/es\/#website","url":"https:\/\/www.itakaescolapios.org\/fr\/es\/","name":"Itaka-Escolapios","description":"Red de Itaka-Escolapios","publisher":{"@id":"https:\/\/www.itakaescolapios.org\/fr\/es\/#organization"},"potentialAction":[{"@type":"SearchAction","target":{"@type":"EntryPoint","urlTemplate":"https:\/\/www.itakaescolapios.org\/fr\/es\/?s={search_term_string}"},"query-input":{"@type":"PropertyValueSpecification","valueRequired":true,"valueName":"search_term_string"}}],"inLanguage":"fr-FR"},{"@type":"Organization","@id":"https:\/\/www.itakaescolapios.org\/fr\/es\/#organization","name":"Fundaci\u00f3 Itaka-Escolapios","url":"https:\/\/www.itakaescolapios.org\/fr\/es\/","logo":{"@type":"ImageObject","inLanguage":"fr-FR","@id":"https:\/\/www.itakaescolapios.org\/fr\/es\/#\/schema\/logo\/image\/","url":"https:\/\/www.itakaescolapios.org\/wp-content\/uploads\/2024\/04\/Logo-itakaescolapios-peque.png","contentUrl":"https:\/\/www.itakaescolapios.org\/wp-content\/uploads\/2024\/04\/Logo-itakaescolapios-peque.png","width":500,"height":199,"caption":"Fundaci\u00f3 Itaka-Escolapios"},"image":{"@id":"https:\/\/www.itakaescolapios.org\/fr\/es\/#\/schema\/logo\/image\/"}},{"@type":"Person","@id":"https:\/\/www.itakaescolapios.org\/es\/#\/schema\/person\/aaa10333558991c1d6ad358b7721fe71","name":"administrador","url":"https:\/\/www.itakaescolapios.org\/fr\/author\/administrador\/"}]}},"_links":{"self":[{"href":"https:\/\/www.itakaescolapios.org\/fr\/wp-json\/wp\/v2\/posts\/325240","targetHints":{"allow":["GET"]}}],"collection":[{"href":"https:\/\/www.itakaescolapios.org\/fr\/wp-json\/wp\/v2\/posts"}],"about":[{"href":"https:\/\/www.itakaescolapios.org\/fr\/wp-json\/wp\/v2\/types\/post"}],"author":[{"embeddable":true,"href":"https:\/\/www.itakaescolapios.org\/fr\/wp-json\/wp\/v2\/users\/1"}],"replies":[{"embeddable":true,"href":"https:\/\/www.itakaescolapios.org\/fr\/wp-json\/wp\/v2\/comments?post=325240"}],"version-history":[{"count":2,"href":"https:\/\/www.itakaescolapios.org\/fr\/wp-json\/wp\/v2\/posts\/325240\/revisions"}],"predecessor-version":[{"id":326344,"href":"https:\/\/www.itakaescolapios.org\/fr\/wp-json\/wp\/v2\/posts\/325240\/revisions\/326344"}],"wp:featuredmedia":[{"embeddable":true,"href":"https:\/\/www.itakaescolapios.org\/fr\/wp-json\/wp\/v2\/media\/325646"}],"wp:attachment":[{"href":"https:\/\/www.itakaescolapios.org\/fr\/wp-json\/wp\/v2\/media?parent=325240"}],"wp:term":[{"taxonomy":"category","embeddable":true,"href":"https:\/\/www.itakaescolapios.org\/fr\/wp-json\/wp\/v2\/categories?post=325240"},{"taxonomy":"post_tag","embeddable":true,"href":"https:\/\/www.itakaescolapios.org\/fr\/wp-json\/wp\/v2\/tags?post=325240"}],"curies":[{"name":"wp","href":"https:\/\/api.w.org\/{rel}","templated":true}]}}