{"id":325312,"date":"2024-10-17T08:44:27","date_gmt":"2024-10-17T07:44:27","guid":{"rendered":"https:\/\/www.itakaescolapios.org\/?p=45227"},"modified":"2025-03-07T18:28:17","modified_gmt":"2025-03-07T17:28:17","slug":"encuentro-con-la-fraternidad-de-estados-unidos-y-puerto-rico","status":"publish","type":"post","link":"https:\/\/www.itakaescolapios.org\/fr\/2024\/10\/encuentro-con-la-fraternidad-de-estados-unidos-y-puerto-rico\/","title":{"rendered":"R\u00e9union avec la Fraternit\u00e9 des \u00c9tats-Unis et de Porto Rico"},"content":{"rendered":"<p>Le 16 octobre, nous avons tenu une importante r\u00e9union en ligne avec la Fraternit\u00e9 piariste des \u00c9tats-Unis et de Porto Rico, r\u00e9cemment constitu\u00e9e. Il s&rsquo;agissait du premier contact officiel entre le r\u00e9seau Itaka-Escolapios et cette nouvelle Fraternit\u00e9, encore petite mais avec beaucoup d&rsquo;enthousiasme et de potentiel, comme nous avons pu le constater lors de la r\u00e9union. Les membres de la Fraternit\u00e9 du groupe de Hialeah (Miami) et d&rsquo;autres parties du pays, ainsi que le P\u00e8re Provincial Francisco Anaya et Kevin Owens, responsable du district d&rsquo;Itaka-Escolapios, ont particip\u00e9 \u00e0 la r\u00e9union.<\/p>\n<p>Apr\u00e8s les salutations et la pri\u00e8re, le R\u00e9seau (repr\u00e9sent\u00e9 par plusieurs membres du Comit\u00e9 ex\u00e9cutif) a pr\u00e9sent\u00e9 Itaka-Escolapios, puis un dialogue a permis d&rsquo;\u00e9claircir certains doutes, de percevoir l&rsquo;harmonie et d&rsquo;exprimer la volont\u00e9 de collaborer. Une rencontre passionnante qui ne manquera pas d&rsquo;avoir une continuit\u00e9.<\/p>\n<p>Pour notre R\u00e9seau, en raison de sa propre identit\u00e9, il est essentiel de cultiver la relation avec la Fraternit\u00e9 Piariste, son co-fondateur, en se proposant comme un canal pour partager la mission et en \u00e9tant toujours disponible pour soutenir la promotion de sa vie piariste.<\/p>\n<p>&nbsp;<\/p>\n","protected":false},"excerpt":{"rendered":"<p>Le 16 octobre, nous avons tenu une importante r\u00e9union en ligne avec la Fraternit\u00e9 piariste des \u00c9tats-Unis et de Porto Rico, r\u00e9cemment constitu\u00e9e. Il s&rsquo;agissait du premier contact officiel entre [&hellip;]<\/p>\n","protected":false},"author":46,"featured_media":326011,"comment_status":"closed","ping_status":"closed","sticky":false,"template":"","format":"standard","meta":{"_et_pb_use_builder":"","_et_pb_old_content":"","_et_gb_content_width":"","footnotes":""},"categories":[629],"tags":[],"class_list":["post-325312","post","type-post","status-publish","format-standard","has-post-thumbnail","hentry","category-estados-unidos"],"yoast_head":"<!-- This site is optimized with the Yoast SEO plugin v27.4 - https:\/\/yoast.com\/product\/yoast-seo-wordpress\/ -->\n<title>R\u00e9union avec la Fraternit\u00e9 des \u00c9tats-Unis et de Porto Rico<\/title>\n<meta name=\"description\" content=\"Le 16 octobre, nous avons tenu une importante r\u00e9union en ligne avec la Fraternit\u00e9 piariste des \u00c9tats-Unis et de Porto Rico, r\u00e9cemment constitu\u00e9e. Il s&#039;agissait du premier contact officiel entre le r\u00e9seau Itaka-Escolapios et cette nouvelle Fraternit\u00e9, encore petite mais avec beaucoup d&#039;enthousiasme et de potentiel, comme nous avons pu le constater lors de la\u2026\" \/>\n<meta name=\"robots\" content=\"index, follow, max-snippet:-1, max-image-preview:large, max-video-preview:-1\" \/>\n<link rel=\"canonical\" href=\"http:\/\/Le%2016%20octobre,%20nous%20avons%20tenu%20une%20importante%20r\u00e9union%20en%20ligne%20avec%20la%20Fraternit\u00e9%20piariste%20des%20\u00c9tats-Unis%20et%20de%20Porto%20Rico,%20r\u00e9cemment%20constitu\u00e9e.%20Il%20s'agissait%20du%20premier%20contact%20officiel%20entre%20le%20r\u00e9seau%20Itaka-Escolapios%20et%20cette%20nouvelle%20Fraternit\u00e9,%20encore%20petite%20mais%20avec%20beaucoup%20d'enthousiasme%20et%20de%20potentiel,%20comme%20nous%20avons%20pu%20le%20constater%20lors%20de%20la\u2026\" \/>\n<meta property=\"og:locale\" content=\"fr_FR\" \/>\n<meta property=\"og:type\" content=\"article\" \/>\n<meta property=\"og:title\" content=\"R\u00e9union avec la Fraternit\u00e9 des \u00c9tats-Unis et de Porto Rico\" \/>\n<meta property=\"og:description\" content=\"Le 16 octobre, nous avons tenu une importante r\u00e9union en ligne avec la Fraternit\u00e9 piariste des \u00c9tats-Unis et de Porto Rico, r\u00e9cemment constitu\u00e9e. Il s&#039;agissait du premier contact officiel entre le r\u00e9seau Itaka-Escolapios et cette nouvelle Fraternit\u00e9, encore petite mais avec beaucoup d&#039;enthousiasme et de potentiel, comme nous avons pu le constater lors de la\u2026\" \/>\n<meta property=\"og:url\" content=\"https:\/\/www.itakaescolapios.org\/fr\/2024\/10\/encuentro-con-la-fraternidad-de-estados-unidos-y-puerto-rico\/\" \/>\n<meta property=\"og:site_name\" content=\"Itaka-Escolapios\" \/>\n<meta property=\"article:published_time\" content=\"2024-10-17T07:44:27+00:00\" \/>\n<meta property=\"article:modified_time\" content=\"2025-03-07T17:28:17+00:00\" \/>\n<meta property=\"og:image\" content=\"https:\/\/www.itakaescolapios.org\/wp-content\/uploads\/2024\/10\/Imagen-de-WhatsApp-2024-10-17-a-las-00.14.42_d706e1b6-1.jpg\" \/>\n\t<meta property=\"og:image:width\" content=\"1600\" \/>\n\t<meta property=\"og:image:height\" content=\"1111\" \/>\n\t<meta property=\"og:image:type\" content=\"image\/jpeg\" \/>\n<meta name=\"author\" content=\"itakaescolapios\" \/>\n<meta name=\"twitter:card\" content=\"summary_large_image\" \/>\n<meta name=\"twitter:label1\" content=\"\u00c9crit par\" \/>\n\t<meta name=\"twitter:data1\" content=\"itakaescolapios\" \/>\n\t<meta name=\"twitter:label2\" content=\"Dur\u00e9e de lecture estim\u00e9e\" \/>\n\t<meta name=\"twitter:data2\" content=\"1 minute\" \/>\n<script type=\"application\/ld+json\" class=\"yoast-schema-graph\">{\"@context\":\"https:\\\/\\\/schema.org\",\"@graph\":[{\"@type\":\"Article\",\"@id\":\"https:\\\/\\\/www.itakaescolapios.org\\\/fr\\\/2024\\\/10\\\/encuentro-con-la-fraternidad-de-estados-unidos-y-puerto-rico\\\/#article\",\"isPartOf\":{\"@id\":\"https:\\\/\\\/www.itakaescolapios.org\\\/fr\\\/2024\\\/10\\\/encuentro-con-la-fraternidad-de-estados-unidos-y-puerto-rico\\\/\"},\"author\":{\"name\":\"itakaescolapios\",\"@id\":\"https:\\\/\\\/www.itakaescolapios.org\\\/es\\\/#\\\/schema\\\/person\\\/768ce0f19db5c2c2b6361e77e15db2db\"},\"headline\":\"R\u00e9union avec la Fraternit\u00e9 des \u00c9tats-Unis et de Porto Rico\",\"datePublished\":\"2024-10-17T07:44:27+00:00\",\"dateModified\":\"2025-03-07T17:28:17+00:00\",\"mainEntityOfPage\":{\"@id\":\"https:\\\/\\\/www.itakaescolapios.org\\\/fr\\\/2024\\\/10\\\/encuentro-con-la-fraternidad-de-estados-unidos-y-puerto-rico\\\/\"},\"wordCount\":204,\"publisher\":{\"@id\":\"https:\\\/\\\/www.itakaescolapios.org\\\/es\\\/#organization\"},\"image\":{\"@id\":\"https:\\\/\\\/www.itakaescolapios.org\\\/fr\\\/2024\\\/10\\\/encuentro-con-la-fraternidad-de-estados-unidos-y-puerto-rico\\\/#primaryimage\"},\"thumbnailUrl\":\"https:\\\/\\\/www.itakaescolapios.org\\\/wp-content\\\/uploads\\\/2024\\\/10\\\/Imagen-de-WhatsApp-2024-10-17-a-las-00.14.42_d706e1b6-1.jpg\",\"articleSection\":[\"Estados Unidos\"],\"inLanguage\":\"fr-FR\"},{\"@type\":\"WebPage\",\"@id\":\"https:\\\/\\\/www.itakaescolapios.org\\\/fr\\\/2024\\\/10\\\/encuentro-con-la-fraternidad-de-estados-unidos-y-puerto-rico\\\/\",\"url\":\"https:\\\/\\\/www.itakaescolapios.org\\\/fr\\\/2024\\\/10\\\/encuentro-con-la-fraternidad-de-estados-unidos-y-puerto-rico\\\/\",\"name\":\"Encuentro con la Fraternidad de Estados Unidos y Puerto Rico - Itaka-Escolapios\",\"isPartOf\":{\"@id\":\"https:\\\/\\\/www.itakaescolapios.org\\\/es\\\/#website\"},\"primaryImageOfPage\":{\"@id\":\"https:\\\/\\\/www.itakaescolapios.org\\\/fr\\\/2024\\\/10\\\/encuentro-con-la-fraternidad-de-estados-unidos-y-puerto-rico\\\/#primaryimage\"},\"image\":{\"@id\":\"https:\\\/\\\/www.itakaescolapios.org\\\/fr\\\/2024\\\/10\\\/encuentro-con-la-fraternidad-de-estados-unidos-y-puerto-rico\\\/#primaryimage\"},\"thumbnailUrl\":\"https:\\\/\\\/www.itakaescolapios.org\\\/wp-content\\\/uploads\\\/2024\\\/10\\\/Imagen-de-WhatsApp-2024-10-17-a-las-00.14.42_d706e1b6-1.jpg\",\"datePublished\":\"2024-10-17T07:44:27+00:00\",\"dateModified\":\"2025-03-07T17:28:17+00:00\",\"breadcrumb\":{\"@id\":\"https:\\\/\\\/www.itakaescolapios.org\\\/fr\\\/2024\\\/10\\\/encuentro-con-la-fraternidad-de-estados-unidos-y-puerto-rico\\\/#breadcrumb\"},\"inLanguage\":\"fr-FR\",\"potentialAction\":[{\"@type\":\"ReadAction\",\"target\":[\"https:\\\/\\\/www.itakaescolapios.org\\\/fr\\\/2024\\\/10\\\/encuentro-con-la-fraternidad-de-estados-unidos-y-puerto-rico\\\/\"]}]},{\"@type\":\"ImageObject\",\"inLanguage\":\"fr-FR\",\"@id\":\"https:\\\/\\\/www.itakaescolapios.org\\\/fr\\\/2024\\\/10\\\/encuentro-con-la-fraternidad-de-estados-unidos-y-puerto-rico\\\/#primaryimage\",\"url\":\"https:\\\/\\\/www.itakaescolapios.org\\\/wp-content\\\/uploads\\\/2024\\\/10\\\/Imagen-de-WhatsApp-2024-10-17-a-las-00.14.42_d706e1b6-1.jpg\",\"contentUrl\":\"https:\\\/\\\/www.itakaescolapios.org\\\/wp-content\\\/uploads\\\/2024\\\/10\\\/Imagen-de-WhatsApp-2024-10-17-a-las-00.14.42_d706e1b6-1.jpg\",\"width\":1600,\"height\":1111},{\"@type\":\"BreadcrumbList\",\"@id\":\"https:\\\/\\\/www.itakaescolapios.org\\\/fr\\\/2024\\\/10\\\/encuentro-con-la-fraternidad-de-estados-unidos-y-puerto-rico\\\/#breadcrumb\",\"itemListElement\":[{\"@type\":\"ListItem\",\"position\":1,\"name\":\"Itaka-Escolapios\",\"item\":\"https:\\\/\\\/www.itakaescolapios.org\\\/es\\\/\"},{\"@type\":\"ListItem\",\"position\":2,\"name\":\"R\u00e9union avec la Fraternit\u00e9 des \u00c9tats-Unis et de Porto Rico\"}]},{\"@type\":\"WebSite\",\"@id\":\"https:\\\/\\\/www.itakaescolapios.org\\\/fr\\\/es\\\/#website\",\"url\":\"https:\\\/\\\/www.itakaescolapios.org\\\/fr\\\/es\\\/\",\"name\":\"Itaka-Escolapios\",\"description\":\"Red de Itaka-Escolapios\",\"publisher\":{\"@id\":\"https:\\\/\\\/www.itakaescolapios.org\\\/fr\\\/es\\\/#organization\"},\"potentialAction\":[{\"@type\":\"SearchAction\",\"target\":{\"@type\":\"EntryPoint\",\"urlTemplate\":\"https:\\\/\\\/www.itakaescolapios.org\\\/fr\\\/es\\\/?s={search_term_string}\"},\"query-input\":{\"@type\":\"PropertyValueSpecification\",\"valueRequired\":true,\"valueName\":\"search_term_string\"}}],\"inLanguage\":\"fr-FR\"},{\"@type\":\"Organization\",\"@id\":\"https:\\\/\\\/www.itakaescolapios.org\\\/fr\\\/es\\\/#organization\",\"name\":\"Fundaci\u00f3 Itaka-Escolapios\",\"url\":\"https:\\\/\\\/www.itakaescolapios.org\\\/fr\\\/es\\\/\",\"logo\":{\"@type\":\"ImageObject\",\"inLanguage\":\"fr-FR\",\"@id\":\"https:\\\/\\\/www.itakaescolapios.org\\\/fr\\\/es\\\/#\\\/schema\\\/logo\\\/image\\\/\",\"url\":\"https:\\\/\\\/www.itakaescolapios.org\\\/wp-content\\\/uploads\\\/2024\\\/04\\\/Logo-itakaescolapios-peque.png\",\"contentUrl\":\"https:\\\/\\\/www.itakaescolapios.org\\\/wp-content\\\/uploads\\\/2024\\\/04\\\/Logo-itakaescolapios-peque.png\",\"width\":500,\"height\":199,\"caption\":\"Fundaci\u00f3 Itaka-Escolapios\"},\"image\":{\"@id\":\"https:\\\/\\\/www.itakaescolapios.org\\\/fr\\\/es\\\/#\\\/schema\\\/logo\\\/image\\\/\"}},{\"@type\":\"Person\",\"@id\":\"https:\\\/\\\/www.itakaescolapios.org\\\/es\\\/#\\\/schema\\\/person\\\/768ce0f19db5c2c2b6361e77e15db2db\",\"name\":\"itakaescolapios\",\"url\":\"https:\\\/\\\/www.itakaescolapios.org\\\/fr\\\/author\\\/itakaescolapios\\\/\"}]}<\/script>\n<!-- \/ Yoast SEO plugin. -->","yoast_head_json":{"title":"R\u00e9union avec la Fraternit\u00e9 des \u00c9tats-Unis et de Porto Rico","description":"Le 16 octobre, nous avons tenu une importante r\u00e9union en ligne avec la Fraternit\u00e9 piariste des \u00c9tats-Unis et de Porto Rico, r\u00e9cemment constitu\u00e9e. Il s'agissait du premier contact officiel entre le r\u00e9seau Itaka-Escolapios et cette nouvelle Fraternit\u00e9, encore petite mais avec beaucoup d'enthousiasme et de potentiel, comme nous avons pu le constater lors de la\u2026","robots":{"index":"index","follow":"follow","max-snippet":"max-snippet:-1","max-image-preview":"max-image-preview:large","max-video-preview":"max-video-preview:-1"},"canonical":"Le 16 octobre, nous avons tenu une importante r\u00e9union en ligne avec la Fraternit\u00e9 piariste des \u00c9tats-Unis et de Porto Rico, r\u00e9cemment constitu\u00e9e. Il s'agissait du premier contact officiel entre le r\u00e9seau Itaka-Escolapios et cette nouvelle Fraternit\u00e9, encore petite mais avec beaucoup d'enthousiasme et de potentiel, comme nous avons pu le constater lors de la\u2026","og_locale":"fr_FR","og_type":"article","og_title":"R\u00e9union avec la Fraternit\u00e9 des \u00c9tats-Unis et de Porto Rico","og_description":"Le 16 octobre, nous avons tenu une importante r\u00e9union en ligne avec la Fraternit\u00e9 piariste des \u00c9tats-Unis et de Porto Rico, r\u00e9cemment constitu\u00e9e. Il s'agissait du premier contact officiel entre le r\u00e9seau Itaka-Escolapios et cette nouvelle Fraternit\u00e9, encore petite mais avec beaucoup d'enthousiasme et de potentiel, comme nous avons pu le constater lors de la\u2026","og_url":"https:\/\/www.itakaescolapios.org\/fr\/2024\/10\/encuentro-con-la-fraternidad-de-estados-unidos-y-puerto-rico\/","og_site_name":"Itaka-Escolapios","article_published_time":"2024-10-17T07:44:27+00:00","article_modified_time":"2025-03-07T17:28:17+00:00","og_image":[{"width":1600,"height":1111,"url":"https:\/\/www.itakaescolapios.org\/wp-content\/uploads\/2024\/10\/Imagen-de-WhatsApp-2024-10-17-a-las-00.14.42_d706e1b6-1.jpg","type":"image\/jpeg"}],"author":"itakaescolapios","twitter_card":"summary_large_image","twitter_misc":{"\u00c9crit par":"itakaescolapios","Dur\u00e9e de lecture estim\u00e9e":"1 minute"},"schema":{"@context":"https:\/\/schema.org","@graph":[{"@type":"Article","@id":"https:\/\/www.itakaescolapios.org\/fr\/2024\/10\/encuentro-con-la-fraternidad-de-estados-unidos-y-puerto-rico\/#article","isPartOf":{"@id":"https:\/\/www.itakaescolapios.org\/fr\/2024\/10\/encuentro-con-la-fraternidad-de-estados-unidos-y-puerto-rico\/"},"author":{"name":"itakaescolapios","@id":"https:\/\/www.itakaescolapios.org\/es\/#\/schema\/person\/768ce0f19db5c2c2b6361e77e15db2db"},"headline":"R\u00e9union avec la Fraternit\u00e9 des \u00c9tats-Unis et de Porto Rico","datePublished":"2024-10-17T07:44:27+00:00","dateModified":"2025-03-07T17:28:17+00:00","mainEntityOfPage":{"@id":"https:\/\/www.itakaescolapios.org\/fr\/2024\/10\/encuentro-con-la-fraternidad-de-estados-unidos-y-puerto-rico\/"},"wordCount":204,"publisher":{"@id":"https:\/\/www.itakaescolapios.org\/es\/#organization"},"image":{"@id":"https:\/\/www.itakaescolapios.org\/fr\/2024\/10\/encuentro-con-la-fraternidad-de-estados-unidos-y-puerto-rico\/#primaryimage"},"thumbnailUrl":"https:\/\/www.itakaescolapios.org\/wp-content\/uploads\/2024\/10\/Imagen-de-WhatsApp-2024-10-17-a-las-00.14.42_d706e1b6-1.jpg","articleSection":["Estados Unidos"],"inLanguage":"fr-FR"},{"@type":"WebPage","@id":"https:\/\/www.itakaescolapios.org\/fr\/2024\/10\/encuentro-con-la-fraternidad-de-estados-unidos-y-puerto-rico\/","url":"https:\/\/www.itakaescolapios.org\/fr\/2024\/10\/encuentro-con-la-fraternidad-de-estados-unidos-y-puerto-rico\/","name":"Encuentro con la Fraternidad de Estados Unidos y Puerto Rico - Itaka-Escolapios","isPartOf":{"@id":"https:\/\/www.itakaescolapios.org\/es\/#website"},"primaryImageOfPage":{"@id":"https:\/\/www.itakaescolapios.org\/fr\/2024\/10\/encuentro-con-la-fraternidad-de-estados-unidos-y-puerto-rico\/#primaryimage"},"image":{"@id":"https:\/\/www.itakaescolapios.org\/fr\/2024\/10\/encuentro-con-la-fraternidad-de-estados-unidos-y-puerto-rico\/#primaryimage"},"thumbnailUrl":"https:\/\/www.itakaescolapios.org\/wp-content\/uploads\/2024\/10\/Imagen-de-WhatsApp-2024-10-17-a-las-00.14.42_d706e1b6-1.jpg","datePublished":"2024-10-17T07:44:27+00:00","dateModified":"2025-03-07T17:28:17+00:00","breadcrumb":{"@id":"https:\/\/www.itakaescolapios.org\/fr\/2024\/10\/encuentro-con-la-fraternidad-de-estados-unidos-y-puerto-rico\/#breadcrumb"},"inLanguage":"fr-FR","potentialAction":[{"@type":"ReadAction","target":["https:\/\/www.itakaescolapios.org\/fr\/2024\/10\/encuentro-con-la-fraternidad-de-estados-unidos-y-puerto-rico\/"]}]},{"@type":"ImageObject","inLanguage":"fr-FR","@id":"https:\/\/www.itakaescolapios.org\/fr\/2024\/10\/encuentro-con-la-fraternidad-de-estados-unidos-y-puerto-rico\/#primaryimage","url":"https:\/\/www.itakaescolapios.org\/wp-content\/uploads\/2024\/10\/Imagen-de-WhatsApp-2024-10-17-a-las-00.14.42_d706e1b6-1.jpg","contentUrl":"https:\/\/www.itakaescolapios.org\/wp-content\/uploads\/2024\/10\/Imagen-de-WhatsApp-2024-10-17-a-las-00.14.42_d706e1b6-1.jpg","width":1600,"height":1111},{"@type":"BreadcrumbList","@id":"https:\/\/www.itakaescolapios.org\/fr\/2024\/10\/encuentro-con-la-fraternidad-de-estados-unidos-y-puerto-rico\/#breadcrumb","itemListElement":[{"@type":"ListItem","position":1,"name":"Itaka-Escolapios","item":"https:\/\/www.itakaescolapios.org\/es\/"},{"@type":"ListItem","position":2,"name":"R\u00e9union avec la Fraternit\u00e9 des \u00c9tats-Unis et de Porto Rico"}]},{"@type":"WebSite","@id":"https:\/\/www.itakaescolapios.org\/fr\/es\/#website","url":"https:\/\/www.itakaescolapios.org\/fr\/es\/","name":"Itaka-Escolapios","description":"Red de Itaka-Escolapios","publisher":{"@id":"https:\/\/www.itakaescolapios.org\/fr\/es\/#organization"},"potentialAction":[{"@type":"SearchAction","target":{"@type":"EntryPoint","urlTemplate":"https:\/\/www.itakaescolapios.org\/fr\/es\/?s={search_term_string}"},"query-input":{"@type":"PropertyValueSpecification","valueRequired":true,"valueName":"search_term_string"}}],"inLanguage":"fr-FR"},{"@type":"Organization","@id":"https:\/\/www.itakaescolapios.org\/fr\/es\/#organization","name":"Fundaci\u00f3 Itaka-Escolapios","url":"https:\/\/www.itakaescolapios.org\/fr\/es\/","logo":{"@type":"ImageObject","inLanguage":"fr-FR","@id":"https:\/\/www.itakaescolapios.org\/fr\/es\/#\/schema\/logo\/image\/","url":"https:\/\/www.itakaescolapios.org\/wp-content\/uploads\/2024\/04\/Logo-itakaescolapios-peque.png","contentUrl":"https:\/\/www.itakaescolapios.org\/wp-content\/uploads\/2024\/04\/Logo-itakaescolapios-peque.png","width":500,"height":199,"caption":"Fundaci\u00f3 Itaka-Escolapios"},"image":{"@id":"https:\/\/www.itakaescolapios.org\/fr\/es\/#\/schema\/logo\/image\/"}},{"@type":"Person","@id":"https:\/\/www.itakaescolapios.org\/es\/#\/schema\/person\/768ce0f19db5c2c2b6361e77e15db2db","name":"itakaescolapios","url":"https:\/\/www.itakaescolapios.org\/fr\/author\/itakaescolapios\/"}]}},"_links":{"self":[{"href":"https:\/\/www.itakaescolapios.org\/fr\/wp-json\/wp\/v2\/posts\/325312","targetHints":{"allow":["GET"]}}],"collection":[{"href":"https:\/\/www.itakaescolapios.org\/fr\/wp-json\/wp\/v2\/posts"}],"about":[{"href":"https:\/\/www.itakaescolapios.org\/fr\/wp-json\/wp\/v2\/types\/post"}],"author":[{"embeddable":true,"href":"https:\/\/www.itakaescolapios.org\/fr\/wp-json\/wp\/v2\/users\/46"}],"replies":[{"embeddable":true,"href":"https:\/\/www.itakaescolapios.org\/fr\/wp-json\/wp\/v2\/comments?post=325312"}],"version-history":[{"count":2,"href":"https:\/\/www.itakaescolapios.org\/fr\/wp-json\/wp\/v2\/posts\/325312\/revisions"}],"predecessor-version":[{"id":326196,"href":"https:\/\/www.itakaescolapios.org\/fr\/wp-json\/wp\/v2\/posts\/325312\/revisions\/326196"}],"wp:featuredmedia":[{"embeddable":true,"href":"https:\/\/www.itakaescolapios.org\/fr\/wp-json\/wp\/v2\/media\/326011"}],"wp:attachment":[{"href":"https:\/\/www.itakaescolapios.org\/fr\/wp-json\/wp\/v2\/media?parent=325312"}],"wp:term":[{"taxonomy":"category","embeddable":true,"href":"https:\/\/www.itakaescolapios.org\/fr\/wp-json\/wp\/v2\/categories?post=325312"},{"taxonomy":"post_tag","embeddable":true,"href":"https:\/\/www.itakaescolapios.org\/fr\/wp-json\/wp\/v2\/tags?post=325312"}],"curies":[{"name":"wp","href":"https:\/\/api.w.org\/{rel}","templated":true}]}}