{"id":325335,"date":"2025-01-28T18:39:58","date_gmt":"2025-01-28T17:39:58","guid":{"rendered":"https:\/\/www.itakaescolapios.org\/?p=45606"},"modified":"2025-03-07T18:28:13","modified_gmt":"2025-03-07T17:28:13","slug":"inauguracion-del-colegio-saint-joseph-calasanz-de-kinshasa","status":"publish","type":"post","link":"https:\/\/www.itakaescolapios.org\/fr\/2025\/01\/inauguracion-del-colegio-saint-joseph-calasanz-de-kinshasa\/","title":{"rendered":"Inauguration de l'\u00e9cole Saint Joseph Calasanz \u00e0 Kinshasa"},"content":{"rendered":"<p>Vendredi 24 janvier, le \u00ab Complexe Scolaire Saint Joseph Calasanz \u00bb a \u00e9t\u00e9 officiellement inaugur\u00e9 \u00e0 Kinshasa, en RD Congo. Cette \u00e9cole, qui commence son parcours cette ann\u00e9e, est le r\u00e9sultat d&rsquo;un travail intense et fructueux entre les \u00c9coles Pies du Congo et Itaka-Escolapios, en alliance avec l&rsquo;\u00c9cole Escolapios Bilbao et Pe\u00f1ascal Kooperatiba. Comme on l\u2019exprime, c\u2019est bien plus qu\u2019un b\u00e2timent scolaire : c\u2019est un r\u00eave partag\u00e9, devenu r\u00e9alit\u00e9 gr\u00e2ce \u00e0 la mise en r\u00e9seau et \u00e0 l\u2019engagement dans un projet qui vise \u00e0 combiner \u00e9ducation et transformation sociale dans le style piariste.<\/p>\n<p>La c\u00e9r\u00e9monie d&rsquo;ouverture a \u00e9t\u00e9 pr\u00e9par\u00e9e avec beaucoup d&rsquo;amour et v\u00e9cue avec une immense joie par toute la communaut\u00e9 \u00e9ducative, tant par les \u00e9l\u00e8ves que par l&rsquo;\u00e9quipe p\u00e9dagogique et les familles. Apr\u00e8s le discours d&rsquo;ouverture, la b\u00e9n\u00e9diction de l&rsquo;\u00e9cole a \u00e9t\u00e9 donn\u00e9e par le Sup\u00e9rieur G\u00e9n\u00e9ral des \u00c9coles Pies, le P. Pedro Aguado, qui a reconnu et remerci\u00e9 l&rsquo;effort qui a permis de franchir cette \u00e9tape importante : lancer le premier centre \u00e9ducatif des \u00c9coles Pies. \u00c9coles de la capitale du pays.<\/p>\n<p>L&rsquo;inauguration s&rsquo;est \u00e9galement d\u00e9roul\u00e9e en pr\u00e9sence de participants aux Journ\u00e9es Piaristes d&rsquo;Afrique, venus de diverses parties du continent et du monde. Ces journ\u00e9es, organis\u00e9es les jours pr\u00e9c\u00e9dents \u00e9galement \u00e0 Kinshasa, ont \u00e9t\u00e9 un moment important de rencontre et de r\u00e9flexion commune sur les d\u00e9fis des \u00c9coles Pies\u00a0en\u00a0Afrique.<\/p>\n\n","protected":false},"excerpt":{"rendered":"<p>Vendredi 24 janvier, le \u00ab Complexe Scolaire Saint Joseph Calasanz \u00bb a \u00e9t\u00e9 officiellement inaugur\u00e9 \u00e0 Kinshasa, en RD Congo. Cette \u00e9cole, qui commence son parcours cette ann\u00e9e, est le [&hellip;]<\/p>\n","protected":false},"author":46,"featured_media":326085,"comment_status":"closed","ping_status":"closed","sticky":false,"template":"","format":"standard","meta":{"_et_pb_use_builder":"","_et_pb_old_content":"","_et_gb_content_width":"","footnotes":""},"categories":[337],"tags":[],"class_list":["post-325335","post","type-post","status-publish","format-standard","has-post-thumbnail","hentry","category-r-d-congo"],"yoast_head":"<!-- This site is optimized with the Yoast SEO plugin v27.4 - https:\/\/yoast.com\/product\/yoast-seo-wordpress\/ -->\n<title>Inauguration de l&#039;\u00e9cole Saint Joseph Calasanz \u00e0 Kinshasa<\/title>\n<meta name=\"description\" content=\"Vendredi 24 janvier, le \u00ab Complexe Scolaire Saint Joseph Calasanz \u00bb a \u00e9t\u00e9 officiellement inaugur\u00e9 \u00e0 Kinshasa, en RD Congo. Cette \u00e9cole, qui commence son parcours cette ann\u00e9e, est le r\u00e9sultat d&#039;un travail intense et fructueux entre les \u00c9coles Pies du Congo et Itaka-Escolapios, en alliance avec l&#039;\u00c9cole Escolapios Bilbao et Pe\u00f1ascal Kooperatiba. Comme on\u2026\" \/>\n<meta name=\"robots\" content=\"index, follow, max-snippet:-1, max-image-preview:large, max-video-preview:-1\" \/>\n<link rel=\"canonical\" href=\"http:\/\/Vendredi%2024%20janvier,%20le%20\u00ab%20Complexe%20Scolaire%20Saint%20Joseph%20Calasanz%20\u00bb%20a%20\u00e9t\u00e9%20officiellement%20inaugur\u00e9%20\u00e0%20Kinshasa,%20en%20RD%20Congo.%20Cette%20\u00e9cole,%20qui%20commence%20son%20parcours%20cette%20ann\u00e9e,%20est%20le%20r\u00e9sultat%20d'un%20travail%20intense%20et%20fructueux%20entre%20les%20\u00c9coles%20Pies%20du%20Congo%20et%20Itaka-Escolapios,%20en%20alliance%20avec%20l'\u00c9cole%20Escolapios%20Bilbao%20et%20Pe\u00f1ascal%20Kooperatiba.%20Comme%20on\u2026\" \/>\n<meta property=\"og:locale\" content=\"fr_FR\" \/>\n<meta property=\"og:type\" content=\"article\" \/>\n<meta property=\"og:title\" content=\"Inauguration de l&#039;\u00e9cole Saint Joseph Calasanz \u00e0 Kinshasa\" \/>\n<meta property=\"og:description\" content=\"Vendredi 24 janvier, le \u00ab Complexe Scolaire Saint Joseph Calasanz \u00bb a \u00e9t\u00e9 officiellement inaugur\u00e9 \u00e0 Kinshasa, en RD Congo. Cette \u00e9cole, qui commence son parcours cette ann\u00e9e, est le r\u00e9sultat d&#039;un travail intense et fructueux entre les \u00c9coles Pies du Congo et Itaka-Escolapios, en alliance avec l&#039;\u00c9cole Escolapios Bilbao et Pe\u00f1ascal Kooperatiba. Comme on\u2026\" \/>\n<meta property=\"og:url\" content=\"https:\/\/www.itakaescolapios.org\/fr\/2025\/01\/inauguracion-del-colegio-saint-joseph-calasanz-de-kinshasa\/\" \/>\n<meta property=\"og:site_name\" content=\"Itaka-Escolapios\" \/>\n<meta property=\"article:published_time\" content=\"2025-01-28T17:39:58+00:00\" \/>\n<meta property=\"article:modified_time\" content=\"2025-03-07T17:28:13+00:00\" \/>\n<meta property=\"og:image\" content=\"https:\/\/www.itakaescolapios.org\/wp-content\/uploads\/2025\/01\/IMG_8430-scaled-1.jpg\" \/>\n\t<meta property=\"og:image:width\" content=\"2000\" \/>\n\t<meta property=\"og:image:height\" content=\"1334\" \/>\n\t<meta property=\"og:image:type\" content=\"image\/jpeg\" \/>\n<meta name=\"author\" content=\"itakaescolapios\" \/>\n<meta name=\"twitter:card\" content=\"summary_large_image\" \/>\n<meta name=\"twitter:label1\" content=\"\u00c9crit par\" \/>\n\t<meta name=\"twitter:data1\" content=\"itakaescolapios\" \/>\n\t<meta name=\"twitter:label2\" content=\"Dur\u00e9e de lecture estim\u00e9e\" \/>\n\t<meta name=\"twitter:data2\" content=\"1 minute\" \/>\n<script type=\"application\/ld+json\" class=\"yoast-schema-graph\">{\"@context\":\"https:\\\/\\\/schema.org\",\"@graph\":[{\"@type\":\"Article\",\"@id\":\"https:\\\/\\\/www.itakaescolapios.org\\\/fr\\\/2025\\\/01\\\/inauguracion-del-colegio-saint-joseph-calasanz-de-kinshasa\\\/#article\",\"isPartOf\":{\"@id\":\"https:\\\/\\\/www.itakaescolapios.org\\\/fr\\\/2025\\\/01\\\/inauguracion-del-colegio-saint-joseph-calasanz-de-kinshasa\\\/\"},\"author\":{\"name\":\"itakaescolapios\",\"@id\":\"https:\\\/\\\/www.itakaescolapios.org\\\/es\\\/#\\\/schema\\\/person\\\/768ce0f19db5c2c2b6361e77e15db2db\"},\"headline\":\"Inauguration de l'\u00e9cole Saint Joseph Calasanz \u00e0 Kinshasa\",\"datePublished\":\"2025-01-28T17:39:58+00:00\",\"dateModified\":\"2025-03-07T17:28:13+00:00\",\"mainEntityOfPage\":{\"@id\":\"https:\\\/\\\/www.itakaescolapios.org\\\/fr\\\/2025\\\/01\\\/inauguracion-del-colegio-saint-joseph-calasanz-de-kinshasa\\\/\"},\"wordCount\":261,\"publisher\":{\"@id\":\"https:\\\/\\\/www.itakaescolapios.org\\\/es\\\/#organization\"},\"image\":{\"@id\":\"https:\\\/\\\/www.itakaescolapios.org\\\/fr\\\/2025\\\/01\\\/inauguracion-del-colegio-saint-joseph-calasanz-de-kinshasa\\\/#primaryimage\"},\"thumbnailUrl\":\"https:\\\/\\\/www.itakaescolapios.org\\\/wp-content\\\/uploads\\\/2025\\\/01\\\/IMG_8430-scaled-1.jpg\",\"articleSection\":[\"R.D. Congo\"],\"inLanguage\":\"fr-FR\"},{\"@type\":\"WebPage\",\"@id\":\"https:\\\/\\\/www.itakaescolapios.org\\\/fr\\\/2025\\\/01\\\/inauguracion-del-colegio-saint-joseph-calasanz-de-kinshasa\\\/\",\"url\":\"https:\\\/\\\/www.itakaescolapios.org\\\/fr\\\/2025\\\/01\\\/inauguracion-del-colegio-saint-joseph-calasanz-de-kinshasa\\\/\",\"name\":\"Inauguraci\u00f3n del colegio Saint Joseph Calasanz de Kinshasa - Itaka-Escolapios\",\"isPartOf\":{\"@id\":\"https:\\\/\\\/www.itakaescolapios.org\\\/es\\\/#website\"},\"primaryImageOfPage\":{\"@id\":\"https:\\\/\\\/www.itakaescolapios.org\\\/fr\\\/2025\\\/01\\\/inauguracion-del-colegio-saint-joseph-calasanz-de-kinshasa\\\/#primaryimage\"},\"image\":{\"@id\":\"https:\\\/\\\/www.itakaescolapios.org\\\/fr\\\/2025\\\/01\\\/inauguracion-del-colegio-saint-joseph-calasanz-de-kinshasa\\\/#primaryimage\"},\"thumbnailUrl\":\"https:\\\/\\\/www.itakaescolapios.org\\\/wp-content\\\/uploads\\\/2025\\\/01\\\/IMG_8430-scaled-1.jpg\",\"datePublished\":\"2025-01-28T17:39:58+00:00\",\"dateModified\":\"2025-03-07T17:28:13+00:00\",\"breadcrumb\":{\"@id\":\"https:\\\/\\\/www.itakaescolapios.org\\\/fr\\\/2025\\\/01\\\/inauguracion-del-colegio-saint-joseph-calasanz-de-kinshasa\\\/#breadcrumb\"},\"inLanguage\":\"fr-FR\",\"potentialAction\":[{\"@type\":\"ReadAction\",\"target\":[\"https:\\\/\\\/www.itakaescolapios.org\\\/fr\\\/2025\\\/01\\\/inauguracion-del-colegio-saint-joseph-calasanz-de-kinshasa\\\/\"]}]},{\"@type\":\"ImageObject\",\"inLanguage\":\"fr-FR\",\"@id\":\"https:\\\/\\\/www.itakaescolapios.org\\\/fr\\\/2025\\\/01\\\/inauguracion-del-colegio-saint-joseph-calasanz-de-kinshasa\\\/#primaryimage\",\"url\":\"https:\\\/\\\/www.itakaescolapios.org\\\/wp-content\\\/uploads\\\/2025\\\/01\\\/IMG_8430-scaled-1.jpg\",\"contentUrl\":\"https:\\\/\\\/www.itakaescolapios.org\\\/wp-content\\\/uploads\\\/2025\\\/01\\\/IMG_8430-scaled-1.jpg\",\"width\":2000,\"height\":1334},{\"@type\":\"BreadcrumbList\",\"@id\":\"https:\\\/\\\/www.itakaescolapios.org\\\/fr\\\/2025\\\/01\\\/inauguracion-del-colegio-saint-joseph-calasanz-de-kinshasa\\\/#breadcrumb\",\"itemListElement\":[{\"@type\":\"ListItem\",\"position\":1,\"name\":\"Itaka-Escolapios\",\"item\":\"https:\\\/\\\/www.itakaescolapios.org\\\/es\\\/\"},{\"@type\":\"ListItem\",\"position\":2,\"name\":\"Inauguration de l'\u00e9cole Saint Joseph Calasanz \u00e0 Kinshasa\"}]},{\"@type\":\"WebSite\",\"@id\":\"https:\\\/\\\/www.itakaescolapios.org\\\/fr\\\/es\\\/#website\",\"url\":\"https:\\\/\\\/www.itakaescolapios.org\\\/fr\\\/es\\\/\",\"name\":\"Itaka-Escolapios\",\"description\":\"Red de Itaka-Escolapios\",\"publisher\":{\"@id\":\"https:\\\/\\\/www.itakaescolapios.org\\\/fr\\\/es\\\/#organization\"},\"potentialAction\":[{\"@type\":\"SearchAction\",\"target\":{\"@type\":\"EntryPoint\",\"urlTemplate\":\"https:\\\/\\\/www.itakaescolapios.org\\\/fr\\\/es\\\/?s={search_term_string}\"},\"query-input\":{\"@type\":\"PropertyValueSpecification\",\"valueRequired\":true,\"valueName\":\"search_term_string\"}}],\"inLanguage\":\"fr-FR\"},{\"@type\":\"Organization\",\"@id\":\"https:\\\/\\\/www.itakaescolapios.org\\\/fr\\\/es\\\/#organization\",\"name\":\"Fundaci\u00f3 Itaka-Escolapios\",\"url\":\"https:\\\/\\\/www.itakaescolapios.org\\\/fr\\\/es\\\/\",\"logo\":{\"@type\":\"ImageObject\",\"inLanguage\":\"fr-FR\",\"@id\":\"https:\\\/\\\/www.itakaescolapios.org\\\/fr\\\/es\\\/#\\\/schema\\\/logo\\\/image\\\/\",\"url\":\"https:\\\/\\\/www.itakaescolapios.org\\\/wp-content\\\/uploads\\\/2024\\\/04\\\/Logo-itakaescolapios-peque.png\",\"contentUrl\":\"https:\\\/\\\/www.itakaescolapios.org\\\/wp-content\\\/uploads\\\/2024\\\/04\\\/Logo-itakaescolapios-peque.png\",\"width\":500,\"height\":199,\"caption\":\"Fundaci\u00f3 Itaka-Escolapios\"},\"image\":{\"@id\":\"https:\\\/\\\/www.itakaescolapios.org\\\/fr\\\/es\\\/#\\\/schema\\\/logo\\\/image\\\/\"}},{\"@type\":\"Person\",\"@id\":\"https:\\\/\\\/www.itakaescolapios.org\\\/es\\\/#\\\/schema\\\/person\\\/768ce0f19db5c2c2b6361e77e15db2db\",\"name\":\"itakaescolapios\",\"url\":\"https:\\\/\\\/www.itakaescolapios.org\\\/fr\\\/author\\\/itakaescolapios\\\/\"}]}<\/script>\n<!-- \/ Yoast SEO plugin. -->","yoast_head_json":{"title":"Inauguration de l'\u00e9cole Saint Joseph Calasanz \u00e0 Kinshasa","description":"Vendredi 24 janvier, le \u00ab Complexe Scolaire Saint Joseph Calasanz \u00bb a \u00e9t\u00e9 officiellement inaugur\u00e9 \u00e0 Kinshasa, en RD Congo. Cette \u00e9cole, qui commence son parcours cette ann\u00e9e, est le r\u00e9sultat d'un travail intense et fructueux entre les \u00c9coles Pies du Congo et Itaka-Escolapios, en alliance avec l'\u00c9cole Escolapios Bilbao et Pe\u00f1ascal Kooperatiba. Comme on\u2026","robots":{"index":"index","follow":"follow","max-snippet":"max-snippet:-1","max-image-preview":"max-image-preview:large","max-video-preview":"max-video-preview:-1"},"canonical":"Vendredi 24 janvier, le \u00ab Complexe Scolaire Saint Joseph Calasanz \u00bb a \u00e9t\u00e9 officiellement inaugur\u00e9 \u00e0 Kinshasa, en RD Congo. Cette \u00e9cole, qui commence son parcours cette ann\u00e9e, est le r\u00e9sultat d'un travail intense et fructueux entre les \u00c9coles Pies du Congo et Itaka-Escolapios, en alliance avec l'\u00c9cole Escolapios Bilbao et Pe\u00f1ascal Kooperatiba. Comme on\u2026","og_locale":"fr_FR","og_type":"article","og_title":"Inauguration de l'\u00e9cole Saint Joseph Calasanz \u00e0 Kinshasa","og_description":"Vendredi 24 janvier, le \u00ab Complexe Scolaire Saint Joseph Calasanz \u00bb a \u00e9t\u00e9 officiellement inaugur\u00e9 \u00e0 Kinshasa, en RD Congo. Cette \u00e9cole, qui commence son parcours cette ann\u00e9e, est le r\u00e9sultat d'un travail intense et fructueux entre les \u00c9coles Pies du Congo et Itaka-Escolapios, en alliance avec l'\u00c9cole Escolapios Bilbao et Pe\u00f1ascal Kooperatiba. Comme on\u2026","og_url":"https:\/\/www.itakaescolapios.org\/fr\/2025\/01\/inauguracion-del-colegio-saint-joseph-calasanz-de-kinshasa\/","og_site_name":"Itaka-Escolapios","article_published_time":"2025-01-28T17:39:58+00:00","article_modified_time":"2025-03-07T17:28:13+00:00","og_image":[{"width":2000,"height":1334,"url":"https:\/\/www.itakaescolapios.org\/wp-content\/uploads\/2025\/01\/IMG_8430-scaled-1.jpg","type":"image\/jpeg"}],"author":"itakaescolapios","twitter_card":"summary_large_image","twitter_misc":{"\u00c9crit par":"itakaescolapios","Dur\u00e9e de lecture estim\u00e9e":"1 minute"},"schema":{"@context":"https:\/\/schema.org","@graph":[{"@type":"Article","@id":"https:\/\/www.itakaescolapios.org\/fr\/2025\/01\/inauguracion-del-colegio-saint-joseph-calasanz-de-kinshasa\/#article","isPartOf":{"@id":"https:\/\/www.itakaescolapios.org\/fr\/2025\/01\/inauguracion-del-colegio-saint-joseph-calasanz-de-kinshasa\/"},"author":{"name":"itakaescolapios","@id":"https:\/\/www.itakaescolapios.org\/es\/#\/schema\/person\/768ce0f19db5c2c2b6361e77e15db2db"},"headline":"Inauguration de l'\u00e9cole Saint Joseph Calasanz \u00e0 Kinshasa","datePublished":"2025-01-28T17:39:58+00:00","dateModified":"2025-03-07T17:28:13+00:00","mainEntityOfPage":{"@id":"https:\/\/www.itakaescolapios.org\/fr\/2025\/01\/inauguracion-del-colegio-saint-joseph-calasanz-de-kinshasa\/"},"wordCount":261,"publisher":{"@id":"https:\/\/www.itakaescolapios.org\/es\/#organization"},"image":{"@id":"https:\/\/www.itakaescolapios.org\/fr\/2025\/01\/inauguracion-del-colegio-saint-joseph-calasanz-de-kinshasa\/#primaryimage"},"thumbnailUrl":"https:\/\/www.itakaescolapios.org\/wp-content\/uploads\/2025\/01\/IMG_8430-scaled-1.jpg","articleSection":["R.D. Congo"],"inLanguage":"fr-FR"},{"@type":"WebPage","@id":"https:\/\/www.itakaescolapios.org\/fr\/2025\/01\/inauguracion-del-colegio-saint-joseph-calasanz-de-kinshasa\/","url":"https:\/\/www.itakaescolapios.org\/fr\/2025\/01\/inauguracion-del-colegio-saint-joseph-calasanz-de-kinshasa\/","name":"Inauguraci\u00f3n del colegio Saint Joseph Calasanz de Kinshasa - Itaka-Escolapios","isPartOf":{"@id":"https:\/\/www.itakaescolapios.org\/es\/#website"},"primaryImageOfPage":{"@id":"https:\/\/www.itakaescolapios.org\/fr\/2025\/01\/inauguracion-del-colegio-saint-joseph-calasanz-de-kinshasa\/#primaryimage"},"image":{"@id":"https:\/\/www.itakaescolapios.org\/fr\/2025\/01\/inauguracion-del-colegio-saint-joseph-calasanz-de-kinshasa\/#primaryimage"},"thumbnailUrl":"https:\/\/www.itakaescolapios.org\/wp-content\/uploads\/2025\/01\/IMG_8430-scaled-1.jpg","datePublished":"2025-01-28T17:39:58+00:00","dateModified":"2025-03-07T17:28:13+00:00","breadcrumb":{"@id":"https:\/\/www.itakaescolapios.org\/fr\/2025\/01\/inauguracion-del-colegio-saint-joseph-calasanz-de-kinshasa\/#breadcrumb"},"inLanguage":"fr-FR","potentialAction":[{"@type":"ReadAction","target":["https:\/\/www.itakaescolapios.org\/fr\/2025\/01\/inauguracion-del-colegio-saint-joseph-calasanz-de-kinshasa\/"]}]},{"@type":"ImageObject","inLanguage":"fr-FR","@id":"https:\/\/www.itakaescolapios.org\/fr\/2025\/01\/inauguracion-del-colegio-saint-joseph-calasanz-de-kinshasa\/#primaryimage","url":"https:\/\/www.itakaescolapios.org\/wp-content\/uploads\/2025\/01\/IMG_8430-scaled-1.jpg","contentUrl":"https:\/\/www.itakaescolapios.org\/wp-content\/uploads\/2025\/01\/IMG_8430-scaled-1.jpg","width":2000,"height":1334},{"@type":"BreadcrumbList","@id":"https:\/\/www.itakaescolapios.org\/fr\/2025\/01\/inauguracion-del-colegio-saint-joseph-calasanz-de-kinshasa\/#breadcrumb","itemListElement":[{"@type":"ListItem","position":1,"name":"Itaka-Escolapios","item":"https:\/\/www.itakaescolapios.org\/es\/"},{"@type":"ListItem","position":2,"name":"Inauguration de l'\u00e9cole Saint Joseph Calasanz \u00e0 Kinshasa"}]},{"@type":"WebSite","@id":"https:\/\/www.itakaescolapios.org\/fr\/es\/#website","url":"https:\/\/www.itakaescolapios.org\/fr\/es\/","name":"Itaka-Escolapios","description":"Red de Itaka-Escolapios","publisher":{"@id":"https:\/\/www.itakaescolapios.org\/fr\/es\/#organization"},"potentialAction":[{"@type":"SearchAction","target":{"@type":"EntryPoint","urlTemplate":"https:\/\/www.itakaescolapios.org\/fr\/es\/?s={search_term_string}"},"query-input":{"@type":"PropertyValueSpecification","valueRequired":true,"valueName":"search_term_string"}}],"inLanguage":"fr-FR"},{"@type":"Organization","@id":"https:\/\/www.itakaescolapios.org\/fr\/es\/#organization","name":"Fundaci\u00f3 Itaka-Escolapios","url":"https:\/\/www.itakaescolapios.org\/fr\/es\/","logo":{"@type":"ImageObject","inLanguage":"fr-FR","@id":"https:\/\/www.itakaescolapios.org\/fr\/es\/#\/schema\/logo\/image\/","url":"https:\/\/www.itakaescolapios.org\/wp-content\/uploads\/2024\/04\/Logo-itakaescolapios-peque.png","contentUrl":"https:\/\/www.itakaescolapios.org\/wp-content\/uploads\/2024\/04\/Logo-itakaescolapios-peque.png","width":500,"height":199,"caption":"Fundaci\u00f3 Itaka-Escolapios"},"image":{"@id":"https:\/\/www.itakaescolapios.org\/fr\/es\/#\/schema\/logo\/image\/"}},{"@type":"Person","@id":"https:\/\/www.itakaescolapios.org\/es\/#\/schema\/person\/768ce0f19db5c2c2b6361e77e15db2db","name":"itakaescolapios","url":"https:\/\/www.itakaescolapios.org\/fr\/author\/itakaescolapios\/"}]}},"_links":{"self":[{"href":"https:\/\/www.itakaescolapios.org\/fr\/wp-json\/wp\/v2\/posts\/325335","targetHints":{"allow":["GET"]}}],"collection":[{"href":"https:\/\/www.itakaescolapios.org\/fr\/wp-json\/wp\/v2\/posts"}],"about":[{"href":"https:\/\/www.itakaescolapios.org\/fr\/wp-json\/wp\/v2\/types\/post"}],"author":[{"embeddable":true,"href":"https:\/\/www.itakaescolapios.org\/fr\/wp-json\/wp\/v2\/users\/46"}],"replies":[{"embeddable":true,"href":"https:\/\/www.itakaescolapios.org\/fr\/wp-json\/wp\/v2\/comments?post=325335"}],"version-history":[{"count":2,"href":"https:\/\/www.itakaescolapios.org\/fr\/wp-json\/wp\/v2\/posts\/325335\/revisions"}],"predecessor-version":[{"id":326150,"href":"https:\/\/www.itakaescolapios.org\/fr\/wp-json\/wp\/v2\/posts\/325335\/revisions\/326150"}],"wp:featuredmedia":[{"embeddable":true,"href":"https:\/\/www.itakaescolapios.org\/fr\/wp-json\/wp\/v2\/media\/326085"}],"wp:attachment":[{"href":"https:\/\/www.itakaescolapios.org\/fr\/wp-json\/wp\/v2\/media?parent=325335"}],"wp:term":[{"taxonomy":"category","embeddable":true,"href":"https:\/\/www.itakaescolapios.org\/fr\/wp-json\/wp\/v2\/categories?post=325335"},{"taxonomy":"post_tag","embeddable":true,"href":"https:\/\/www.itakaescolapios.org\/fr\/wp-json\/wp\/v2\/tags?post=325335"}],"curies":[{"name":"wp","href":"https:\/\/api.w.org\/{rel}","templated":true}]}}