{"id":325336,"date":"2025-02-05T16:34:18","date_gmt":"2025-02-05T15:34:18","guid":{"rendered":"https:\/\/www.itakaescolapios.org\/?p=45637"},"modified":"2025-03-07T18:28:13","modified_gmt":"2025-03-07T17:28:13","slug":"francais-la-celebration-de-la-journee-mondiale-de-la-paix-et-la-non-violence-au-complexe-scolaire-saint-joseph-calasanz-de-kinshasa","status":"publish","type":"post","link":"https:\/\/www.itakaescolapios.org\/fr\/2025\/02\/francais-la-celebration-de-la-journee-mondiale-de-la-paix-et-la-non-violence-au-complexe-scolaire-saint-joseph-calasanz-de-kinshasa\/","title":{"rendered":"LA CELEBRATION DE LA JOURNEE MONDIALE DE LA PAIX ET LA NON-VIOLENCE AU COMPLEXE SCOLAIRE SAINT JOSEPH CALASANZ DE KINSHASA"},"content":{"rendered":"<p>En date du 30 Janvier 2025, le Complexe Scolaire Saint Joseph Calasanz a observ\u00e9 une journ\u00e9e particuli\u00e8rement significative d\u00e9di\u00e9e \u00e0 la paix et \u00e0 la non-violence. Cet \u00e9v\u00e9nement a d\u00e9but\u00e9 par la cr\u00e9ation d\u2019un graphique symbolique repr\u00e9sentant la paix, illustrant ainsi l\u2019engagement de l\u2019\u00e9tablissement envers ces valeurs essentielles.<\/p>\n<p>En effet, au cours de cette journ\u00e9e, les \u00e9l\u00e8ves, les personnels et la communaut\u00e9 scolaire se sont rassembl\u00e9s pour participer \u00e0 une marche empreinte de recueillement. Arm\u00e9s de bougies allum\u00e9es, ils ont pri\u00e9 en m\u00e9moire des \u00e2mes de nos fr\u00e8res et s\u0153urs d\u00e9funts, notamment ceux de Goma, touch\u00e9s par la violence et les trag\u00e9dies de ces derni\u00e8res ann\u00e9es.<\/p>\n<p>Certes, cette marche a \u00e9t\u00e9 un moment fort, o\u00f9 chacun a pu exprimer ses pens\u00e9es et ses pri\u00e8res pour un avenir meilleur, loin des conflits et des souffrances. Les bougies illuminant le chemin, symbolisaient l\u2019espoir et la lumi\u00e8re dans l\u2019obscurit\u00e9, rappelant \u00e0 tous que la paix est possible si nous nous unissons dans cet objectif.<\/p>\n<p>En concluant cette journ\u00e9e, le Complexe Scolaire Saint Joseph Calasanz a r\u00e9affirm\u00e9 son r\u00f4le dans l\u2019\u00e9ducation \u00e0 la paix et la non- violence, sensibilisant les jeunes g\u00e9n\u00e9rations \u00e0 l\u2019importance de ces valeurs dans notre soci\u00e9t\u00e9. Ensemble, nous pouvons cr\u00e9er un monde o\u00f9 la paix r\u00e8gne et o\u00f9 chaque vie est pr\u00e9cieuse. Continuons \u00e0 prier pour la paix et \u00e0 \u0153uvrer pour un avenir empreint de non-violence.<\/p>\n<p><img decoding=\"async\" class=\"alignnone size-medium wp-image-45638\" src=\"https:\/\/www.itakaescolapios.org\/wp-content\/uploads\/2025\/02\/fad73c650fd34219a537338363e7f513-1-300x225.jpg\" alt=\"\" width=\"300\" height=\"225\" \/> <img decoding=\"async\" class=\"alignnone size-medium wp-image-45639\" src=\"https:\/\/www.itakaescolapios.org\/wp-content\/uploads\/2025\/02\/IMG-20250130-WA0014-1-1-300x135.jpg\" alt=\"\" width=\"300\" height=\"135\" \/> <img decoding=\"async\" class=\"alignnone size-medium wp-image-45640\" src=\"https:\/\/www.itakaescolapios.org\/wp-content\/uploads\/2025\/02\/IMG-20250130-WA0026-1-1-300x225.jpg\" alt=\"\" width=\"300\" height=\"225\" \/> <img decoding=\"async\" class=\"alignnone size-medium wp-image-45641\" src=\"https:\/\/www.itakaescolapios.org\/wp-content\/uploads\/2025\/02\/IMG-20250205-WA0016-1-225x300.jpg\" alt=\"\" width=\"225\" height=\"300\" \/> <img decoding=\"async\" class=\"alignnone size-medium wp-image-45642\" src=\"https:\/\/www.itakaescolapios.org\/wp-content\/uploads\/2025\/02\/IMG-20250205-WA0018-1-300x135.jpg\" alt=\"\" width=\"300\" height=\"135\" \/> <img decoding=\"async\" class=\"alignnone size-medium wp-image-45643\" src=\"https:\/\/www.itakaescolapios.org\/wp-content\/uploads\/2025\/02\/IMG-20250205-WA0024-1-300x225.jpg\" alt=\"\" width=\"300\" height=\"225\" \/> <img decoding=\"async\" class=\"alignnone size-medium wp-image-45644\" src=\"https:\/\/www.itakaescolapios.org\/wp-content\/uploads\/2025\/02\/IMG-20250205-WA0025-1-300x225.jpg\" alt=\"\" width=\"300\" height=\"225\" \/> <img decoding=\"async\" class=\"alignnone size-medium wp-image-45645\" src=\"https:\/\/www.itakaescolapios.org\/wp-content\/uploads\/2025\/02\/IMG-20250205-WA0026-1-300x225.jpg\" alt=\"\" width=\"300\" height=\"225\" \/> <img decoding=\"async\" class=\"alignnone size-medium wp-image-45646\" src=\"https:\/\/www.itakaescolapios.org\/wp-content\/uploads\/2025\/02\/IMG-20250205-WA0028-1-300x225.jpg\" alt=\"\" width=\"300\" height=\"225\" \/> <img decoding=\"async\" class=\"alignnone size-medium wp-image-45647\" src=\"https:\/\/www.itakaescolapios.org\/wp-content\/uploads\/2025\/02\/IMG-20250205-WA0031-1-225x300.jpg\" alt=\"\" width=\"225\" height=\"300\" \/> <img decoding=\"async\" class=\"alignnone size-medium wp-image-45648\" src=\"https:\/\/www.itakaescolapios.org\/wp-content\/uploads\/2025\/02\/IMG-20250205-WA0032-1-225x300.jpg\" alt=\"\" width=\"225\" height=\"300\" \/> <img decoding=\"async\" class=\"alignnone size-medium wp-image-45649\" src=\"https:\/\/www.itakaescolapios.org\/wp-content\/uploads\/2025\/02\/IMG-20250205-WA00250001-1-300x225.jpg\" alt=\"\" width=\"300\" height=\"225\" \/><\/p>\n","protected":false},"excerpt":{"rendered":"<p>En date du 30 Janvier 2025, le Complexe Scolaire Saint Joseph Calasanz a observ\u00e9 une journ\u00e9e particuli\u00e8rement significative d\u00e9di\u00e9e \u00e0 la paix et \u00e0 la non-violence. Cet \u00e9v\u00e9nement a d\u00e9but\u00e9 [&hellip;]<\/p>\n","protected":false},"author":64,"featured_media":326107,"comment_status":"closed","ping_status":"closed","sticky":false,"template":"","format":"standard","meta":{"_et_pb_use_builder":"","_et_pb_old_content":"","_et_gb_content_width":"","footnotes":""},"categories":[337],"tags":[],"class_list":["post-325336","post","type-post","status-publish","format-standard","has-post-thumbnail","hentry","category-r-d-congo"],"yoast_head":"<!-- This site is optimized with the Yoast SEO plugin v27.4 - https:\/\/yoast.com\/product\/yoast-seo-wordpress\/ -->\n<title>LA CELEBRATION DE LA JOURNEE MONDIALE DE LA PAIX ET LA NON-VIOLENCE AU COMPLEXE SCOLAIRE SAINT JOSEPH CALASANZ DE KINSHASA<\/title>\n<meta name=\"description\" content=\"En date du 30 Janvier 2025, le Complexe Scolaire Saint Joseph Calasanz a observ\u00e9 une journ\u00e9e particuli\u00e8rement significative d\u00e9di\u00e9e \u00e0 la paix et \u00e0 la non-violence. Cet \u00e9v\u00e9nement a d\u00e9but\u00e9 par la cr\u00e9ation d\u2019un graphique symbolique repr\u00e9sentant la paix, illustrant ainsi l\u2019engagement de l\u2019\u00e9tablissement envers ces valeurs essentielles. En effet, au cours de cette journ\u00e9e,\u2026\" \/>\n<meta name=\"robots\" content=\"index, follow, max-snippet:-1, max-image-preview:large, max-video-preview:-1\" \/>\n<link rel=\"canonical\" href=\"http:\/\/En%20date%20du%2030%20Janvier%202025,%20le%20Complexe%20Scolaire%20Saint%20Joseph%20Calasanz%20a%20observ\u00e9%20une%20journ\u00e9e%20particuli\u00e8rement%20significative%20d\u00e9di\u00e9e%20\u00e0%20la%20paix%20et%20\u00e0%20la%20non-violence.%20Cet%20\u00e9v\u00e9nement%20a%20d\u00e9but\u00e9%20par%20la%20cr\u00e9ation%20d\u2019un%20graphique%20symbolique%20repr\u00e9sentant%20la%20paix,%20illustrant%20ainsi%20l\u2019engagement%20de%20l\u2019\u00e9tablissement%20envers%20ces%20valeurs%20essentielles.%20En%20effet,%20au%20cours%20de%20cette%20journ\u00e9e,\u2026\" \/>\n<meta property=\"og:locale\" content=\"fr_FR\" \/>\n<meta property=\"og:type\" content=\"article\" \/>\n<meta property=\"og:title\" content=\"LA CELEBRATION DE LA JOURNEE MONDIALE DE LA PAIX ET LA NON-VIOLENCE AU COMPLEXE SCOLAIRE SAINT JOSEPH CALASANZ DE KINSHASA\" \/>\n<meta property=\"og:description\" content=\"En date du 30 Janvier 2025, le Complexe Scolaire Saint Joseph Calasanz a observ\u00e9 une journ\u00e9e particuli\u00e8rement significative d\u00e9di\u00e9e \u00e0 la paix et \u00e0 la non-violence. Cet \u00e9v\u00e9nement a d\u00e9but\u00e9 par la cr\u00e9ation d\u2019un graphique symbolique repr\u00e9sentant la paix, illustrant ainsi l\u2019engagement de l\u2019\u00e9tablissement envers ces valeurs essentielles. En effet, au cours de cette journ\u00e9e,\u2026\" \/>\n<meta property=\"og:url\" content=\"https:\/\/www.itakaescolapios.org\/fr\/2025\/02\/francais-la-celebration-de-la-journee-mondiale-de-la-paix-et-la-non-violence-au-complexe-scolaire-saint-joseph-calasanz-de-kinshasa\/\" \/>\n<meta property=\"og:site_name\" content=\"Itaka-Escolapios\" \/>\n<meta property=\"article:published_time\" content=\"2025-02-05T15:34:18+00:00\" \/>\n<meta property=\"article:modified_time\" content=\"2025-03-07T17:28:13+00:00\" \/>\n<meta property=\"og:image\" content=\"https:\/\/www.itakaescolapios.org\/wp-content\/uploads\/2025\/02\/IMG-20250205-WA0024-1.jpg\" \/>\n\t<meta property=\"og:image:width\" content=\"1020\" \/>\n\t<meta property=\"og:image:height\" content=\"765\" \/>\n\t<meta property=\"og:image:type\" content=\"image\/jpeg\" \/>\n<meta name=\"author\" content=\"guinea02\" \/>\n<meta name=\"twitter:card\" content=\"summary_large_image\" \/>\n<meta name=\"twitter:label1\" content=\"\u00c9crit par\" \/>\n\t<meta name=\"twitter:data1\" content=\"guinea02\" \/>\n\t<meta name=\"twitter:label2\" content=\"Dur\u00e9e de lecture estim\u00e9e\" \/>\n\t<meta name=\"twitter:data2\" content=\"1 minute\" \/>\n<script type=\"application\/ld+json\" class=\"yoast-schema-graph\">{\"@context\":\"https:\\\/\\\/schema.org\",\"@graph\":[{\"@type\":\"Article\",\"@id\":\"https:\\\/\\\/www.itakaescolapios.org\\\/fr\\\/2025\\\/02\\\/francais-la-celebration-de-la-journee-mondiale-de-la-paix-et-la-non-violence-au-complexe-scolaire-saint-joseph-calasanz-de-kinshasa\\\/#article\",\"isPartOf\":{\"@id\":\"https:\\\/\\\/www.itakaescolapios.org\\\/fr\\\/2025\\\/02\\\/francais-la-celebration-de-la-journee-mondiale-de-la-paix-et-la-non-violence-au-complexe-scolaire-saint-joseph-calasanz-de-kinshasa\\\/\"},\"author\":{\"name\":\"guinea02\",\"@id\":\"https:\\\/\\\/www.itakaescolapios.org\\\/es\\\/#\\\/schema\\\/person\\\/cebf12599ff6dda22baef2d4ae27aa6a\"},\"headline\":\"LA CELEBRATION DE LA JOURNEE MONDIALE DE LA PAIX ET LA NON-VIOLENCE AU COMPLEXE SCOLAIRE SAINT JOSEPH CALASANZ DE KINSHASA\",\"datePublished\":\"2025-02-05T15:34:18+00:00\",\"dateModified\":\"2025-03-07T17:28:13+00:00\",\"mainEntityOfPage\":{\"@id\":\"https:\\\/\\\/www.itakaescolapios.org\\\/fr\\\/2025\\\/02\\\/francais-la-celebration-de-la-journee-mondiale-de-la-paix-et-la-non-violence-au-complexe-scolaire-saint-joseph-calasanz-de-kinshasa\\\/\"},\"wordCount\":253,\"publisher\":{\"@id\":\"https:\\\/\\\/www.itakaescolapios.org\\\/es\\\/#organization\"},\"image\":{\"@id\":\"https:\\\/\\\/www.itakaescolapios.org\\\/fr\\\/2025\\\/02\\\/francais-la-celebration-de-la-journee-mondiale-de-la-paix-et-la-non-violence-au-complexe-scolaire-saint-joseph-calasanz-de-kinshasa\\\/#primaryimage\"},\"thumbnailUrl\":\"https:\\\/\\\/www.itakaescolapios.org\\\/wp-content\\\/uploads\\\/2025\\\/02\\\/IMG-20250205-WA0024-1.jpg\",\"articleSection\":[\"R.D. Congo\"],\"inLanguage\":\"fr-FR\"},{\"@type\":\"WebPage\",\"@id\":\"https:\\\/\\\/www.itakaescolapios.org\\\/fr\\\/2025\\\/02\\\/francais-la-celebration-de-la-journee-mondiale-de-la-paix-et-la-non-violence-au-complexe-scolaire-saint-joseph-calasanz-de-kinshasa\\\/\",\"url\":\"https:\\\/\\\/www.itakaescolapios.org\\\/fr\\\/2025\\\/02\\\/francais-la-celebration-de-la-journee-mondiale-de-la-paix-et-la-non-violence-au-complexe-scolaire-saint-joseph-calasanz-de-kinshasa\\\/\",\"name\":\"CELEBRACI\u00d3N DEL D\u00cdA MUNDIAL DE LA PAZ Y LA NO VIOLENCIA EN EL COMPLEJO ESCOLAR SAINT JOSEPH CALASANZ DE KINSHASA - Itaka-Escolapios\",\"isPartOf\":{\"@id\":\"https:\\\/\\\/www.itakaescolapios.org\\\/es\\\/#website\"},\"primaryImageOfPage\":{\"@id\":\"https:\\\/\\\/www.itakaescolapios.org\\\/fr\\\/2025\\\/02\\\/francais-la-celebration-de-la-journee-mondiale-de-la-paix-et-la-non-violence-au-complexe-scolaire-saint-joseph-calasanz-de-kinshasa\\\/#primaryimage\"},\"image\":{\"@id\":\"https:\\\/\\\/www.itakaescolapios.org\\\/fr\\\/2025\\\/02\\\/francais-la-celebration-de-la-journee-mondiale-de-la-paix-et-la-non-violence-au-complexe-scolaire-saint-joseph-calasanz-de-kinshasa\\\/#primaryimage\"},\"thumbnailUrl\":\"https:\\\/\\\/www.itakaescolapios.org\\\/wp-content\\\/uploads\\\/2025\\\/02\\\/IMG-20250205-WA0024-1.jpg\",\"datePublished\":\"2025-02-05T15:34:18+00:00\",\"dateModified\":\"2025-03-07T17:28:13+00:00\",\"breadcrumb\":{\"@id\":\"https:\\\/\\\/www.itakaescolapios.org\\\/fr\\\/2025\\\/02\\\/francais-la-celebration-de-la-journee-mondiale-de-la-paix-et-la-non-violence-au-complexe-scolaire-saint-joseph-calasanz-de-kinshasa\\\/#breadcrumb\"},\"inLanguage\":\"fr-FR\",\"potentialAction\":[{\"@type\":\"ReadAction\",\"target\":[\"https:\\\/\\\/www.itakaescolapios.org\\\/fr\\\/2025\\\/02\\\/francais-la-celebration-de-la-journee-mondiale-de-la-paix-et-la-non-violence-au-complexe-scolaire-saint-joseph-calasanz-de-kinshasa\\\/\"]}]},{\"@type\":\"ImageObject\",\"inLanguage\":\"fr-FR\",\"@id\":\"https:\\\/\\\/www.itakaescolapios.org\\\/fr\\\/2025\\\/02\\\/francais-la-celebration-de-la-journee-mondiale-de-la-paix-et-la-non-violence-au-complexe-scolaire-saint-joseph-calasanz-de-kinshasa\\\/#primaryimage\",\"url\":\"https:\\\/\\\/www.itakaescolapios.org\\\/wp-content\\\/uploads\\\/2025\\\/02\\\/IMG-20250205-WA0024-1.jpg\",\"contentUrl\":\"https:\\\/\\\/www.itakaescolapios.org\\\/wp-content\\\/uploads\\\/2025\\\/02\\\/IMG-20250205-WA0024-1.jpg\",\"width\":1020,\"height\":765},{\"@type\":\"BreadcrumbList\",\"@id\":\"https:\\\/\\\/www.itakaescolapios.org\\\/fr\\\/2025\\\/02\\\/francais-la-celebration-de-la-journee-mondiale-de-la-paix-et-la-non-violence-au-complexe-scolaire-saint-joseph-calasanz-de-kinshasa\\\/#breadcrumb\",\"itemListElement\":[{\"@type\":\"ListItem\",\"position\":1,\"name\":\"Itaka-Escolapios\",\"item\":\"https:\\\/\\\/www.itakaescolapios.org\\\/es\\\/\"},{\"@type\":\"ListItem\",\"position\":2,\"name\":\"LA CELEBRATION DE LA JOURNEE MONDIALE DE LA PAIX ET LA NON-VIOLENCE AU COMPLEXE SCOLAIRE SAINT JOSEPH CALASANZ DE KINSHASA\"}]},{\"@type\":\"WebSite\",\"@id\":\"https:\\\/\\\/www.itakaescolapios.org\\\/fr\\\/es\\\/#website\",\"url\":\"https:\\\/\\\/www.itakaescolapios.org\\\/fr\\\/es\\\/\",\"name\":\"Itaka-Escolapios\",\"description\":\"Red de Itaka-Escolapios\",\"publisher\":{\"@id\":\"https:\\\/\\\/www.itakaescolapios.org\\\/fr\\\/es\\\/#organization\"},\"potentialAction\":[{\"@type\":\"SearchAction\",\"target\":{\"@type\":\"EntryPoint\",\"urlTemplate\":\"https:\\\/\\\/www.itakaescolapios.org\\\/fr\\\/es\\\/?s={search_term_string}\"},\"query-input\":{\"@type\":\"PropertyValueSpecification\",\"valueRequired\":true,\"valueName\":\"search_term_string\"}}],\"inLanguage\":\"fr-FR\"},{\"@type\":\"Organization\",\"@id\":\"https:\\\/\\\/www.itakaescolapios.org\\\/fr\\\/es\\\/#organization\",\"name\":\"Fundaci\u00f3 Itaka-Escolapios\",\"url\":\"https:\\\/\\\/www.itakaescolapios.org\\\/fr\\\/es\\\/\",\"logo\":{\"@type\":\"ImageObject\",\"inLanguage\":\"fr-FR\",\"@id\":\"https:\\\/\\\/www.itakaescolapios.org\\\/fr\\\/es\\\/#\\\/schema\\\/logo\\\/image\\\/\",\"url\":\"https:\\\/\\\/www.itakaescolapios.org\\\/wp-content\\\/uploads\\\/2024\\\/04\\\/Logo-itakaescolapios-peque.png\",\"contentUrl\":\"https:\\\/\\\/www.itakaescolapios.org\\\/wp-content\\\/uploads\\\/2024\\\/04\\\/Logo-itakaescolapios-peque.png\",\"width\":500,\"height\":199,\"caption\":\"Fundaci\u00f3 Itaka-Escolapios\"},\"image\":{\"@id\":\"https:\\\/\\\/www.itakaescolapios.org\\\/fr\\\/es\\\/#\\\/schema\\\/logo\\\/image\\\/\"}},{\"@type\":\"Person\",\"@id\":\"https:\\\/\\\/www.itakaescolapios.org\\\/es\\\/#\\\/schema\\\/person\\\/cebf12599ff6dda22baef2d4ae27aa6a\",\"name\":\"guinea02\",\"url\":\"https:\\\/\\\/www.itakaescolapios.org\\\/fr\\\/author\\\/guinea02\\\/\"}]}<\/script>\n<!-- \/ Yoast SEO plugin. -->","yoast_head_json":{"title":"LA CELEBRATION DE LA JOURNEE MONDIALE DE LA PAIX ET LA NON-VIOLENCE AU COMPLEXE SCOLAIRE SAINT JOSEPH CALASANZ DE KINSHASA","description":"En date du 30 Janvier 2025, le Complexe Scolaire Saint Joseph Calasanz a observ\u00e9 une journ\u00e9e particuli\u00e8rement significative d\u00e9di\u00e9e \u00e0 la paix et \u00e0 la non-violence. Cet \u00e9v\u00e9nement a d\u00e9but\u00e9 par la cr\u00e9ation d\u2019un graphique symbolique repr\u00e9sentant la paix, illustrant ainsi l\u2019engagement de l\u2019\u00e9tablissement envers ces valeurs essentielles. En effet, au cours de cette journ\u00e9e,\u2026","robots":{"index":"index","follow":"follow","max-snippet":"max-snippet:-1","max-image-preview":"max-image-preview:large","max-video-preview":"max-video-preview:-1"},"canonical":"En date du 30 Janvier 2025, le Complexe Scolaire Saint Joseph Calasanz a observ\u00e9 une journ\u00e9e particuli\u00e8rement significative d\u00e9di\u00e9e \u00e0 la paix et \u00e0 la non-violence. Cet \u00e9v\u00e9nement a d\u00e9but\u00e9 par la cr\u00e9ation d\u2019un graphique symbolique repr\u00e9sentant la paix, illustrant ainsi l\u2019engagement de l\u2019\u00e9tablissement envers ces valeurs essentielles. En effet, au cours de cette journ\u00e9e,\u2026","og_locale":"fr_FR","og_type":"article","og_title":"LA CELEBRATION DE LA JOURNEE MONDIALE DE LA PAIX ET LA NON-VIOLENCE AU COMPLEXE SCOLAIRE SAINT JOSEPH CALASANZ DE KINSHASA","og_description":"En date du 30 Janvier 2025, le Complexe Scolaire Saint Joseph Calasanz a observ\u00e9 une journ\u00e9e particuli\u00e8rement significative d\u00e9di\u00e9e \u00e0 la paix et \u00e0 la non-violence. Cet \u00e9v\u00e9nement a d\u00e9but\u00e9 par la cr\u00e9ation d\u2019un graphique symbolique repr\u00e9sentant la paix, illustrant ainsi l\u2019engagement de l\u2019\u00e9tablissement envers ces valeurs essentielles. En effet, au cours de cette journ\u00e9e,\u2026","og_url":"https:\/\/www.itakaescolapios.org\/fr\/2025\/02\/francais-la-celebration-de-la-journee-mondiale-de-la-paix-et-la-non-violence-au-complexe-scolaire-saint-joseph-calasanz-de-kinshasa\/","og_site_name":"Itaka-Escolapios","article_published_time":"2025-02-05T15:34:18+00:00","article_modified_time":"2025-03-07T17:28:13+00:00","og_image":[{"width":1020,"height":765,"url":"https:\/\/www.itakaescolapios.org\/wp-content\/uploads\/2025\/02\/IMG-20250205-WA0024-1.jpg","type":"image\/jpeg"}],"author":"guinea02","twitter_card":"summary_large_image","twitter_misc":{"\u00c9crit par":"guinea02","Dur\u00e9e de lecture estim\u00e9e":"1 minute"},"schema":{"@context":"https:\/\/schema.org","@graph":[{"@type":"Article","@id":"https:\/\/www.itakaescolapios.org\/fr\/2025\/02\/francais-la-celebration-de-la-journee-mondiale-de-la-paix-et-la-non-violence-au-complexe-scolaire-saint-joseph-calasanz-de-kinshasa\/#article","isPartOf":{"@id":"https:\/\/www.itakaescolapios.org\/fr\/2025\/02\/francais-la-celebration-de-la-journee-mondiale-de-la-paix-et-la-non-violence-au-complexe-scolaire-saint-joseph-calasanz-de-kinshasa\/"},"author":{"name":"guinea02","@id":"https:\/\/www.itakaescolapios.org\/es\/#\/schema\/person\/cebf12599ff6dda22baef2d4ae27aa6a"},"headline":"LA CELEBRATION DE LA JOURNEE MONDIALE DE LA PAIX ET LA NON-VIOLENCE AU COMPLEXE SCOLAIRE SAINT JOSEPH CALASANZ DE KINSHASA","datePublished":"2025-02-05T15:34:18+00:00","dateModified":"2025-03-07T17:28:13+00:00","mainEntityOfPage":{"@id":"https:\/\/www.itakaescolapios.org\/fr\/2025\/02\/francais-la-celebration-de-la-journee-mondiale-de-la-paix-et-la-non-violence-au-complexe-scolaire-saint-joseph-calasanz-de-kinshasa\/"},"wordCount":253,"publisher":{"@id":"https:\/\/www.itakaescolapios.org\/es\/#organization"},"image":{"@id":"https:\/\/www.itakaescolapios.org\/fr\/2025\/02\/francais-la-celebration-de-la-journee-mondiale-de-la-paix-et-la-non-violence-au-complexe-scolaire-saint-joseph-calasanz-de-kinshasa\/#primaryimage"},"thumbnailUrl":"https:\/\/www.itakaescolapios.org\/wp-content\/uploads\/2025\/02\/IMG-20250205-WA0024-1.jpg","articleSection":["R.D. Congo"],"inLanguage":"fr-FR"},{"@type":"WebPage","@id":"https:\/\/www.itakaescolapios.org\/fr\/2025\/02\/francais-la-celebration-de-la-journee-mondiale-de-la-paix-et-la-non-violence-au-complexe-scolaire-saint-joseph-calasanz-de-kinshasa\/","url":"https:\/\/www.itakaescolapios.org\/fr\/2025\/02\/francais-la-celebration-de-la-journee-mondiale-de-la-paix-et-la-non-violence-au-complexe-scolaire-saint-joseph-calasanz-de-kinshasa\/","name":"CELEBRACI\u00d3N DEL D\u00cdA MUNDIAL DE LA PAZ Y LA NO VIOLENCIA EN EL COMPLEJO ESCOLAR SAINT JOSEPH CALASANZ DE KINSHASA - Itaka-Escolapios","isPartOf":{"@id":"https:\/\/www.itakaescolapios.org\/es\/#website"},"primaryImageOfPage":{"@id":"https:\/\/www.itakaescolapios.org\/fr\/2025\/02\/francais-la-celebration-de-la-journee-mondiale-de-la-paix-et-la-non-violence-au-complexe-scolaire-saint-joseph-calasanz-de-kinshasa\/#primaryimage"},"image":{"@id":"https:\/\/www.itakaescolapios.org\/fr\/2025\/02\/francais-la-celebration-de-la-journee-mondiale-de-la-paix-et-la-non-violence-au-complexe-scolaire-saint-joseph-calasanz-de-kinshasa\/#primaryimage"},"thumbnailUrl":"https:\/\/www.itakaescolapios.org\/wp-content\/uploads\/2025\/02\/IMG-20250205-WA0024-1.jpg","datePublished":"2025-02-05T15:34:18+00:00","dateModified":"2025-03-07T17:28:13+00:00","breadcrumb":{"@id":"https:\/\/www.itakaescolapios.org\/fr\/2025\/02\/francais-la-celebration-de-la-journee-mondiale-de-la-paix-et-la-non-violence-au-complexe-scolaire-saint-joseph-calasanz-de-kinshasa\/#breadcrumb"},"inLanguage":"fr-FR","potentialAction":[{"@type":"ReadAction","target":["https:\/\/www.itakaescolapios.org\/fr\/2025\/02\/francais-la-celebration-de-la-journee-mondiale-de-la-paix-et-la-non-violence-au-complexe-scolaire-saint-joseph-calasanz-de-kinshasa\/"]}]},{"@type":"ImageObject","inLanguage":"fr-FR","@id":"https:\/\/www.itakaescolapios.org\/fr\/2025\/02\/francais-la-celebration-de-la-journee-mondiale-de-la-paix-et-la-non-violence-au-complexe-scolaire-saint-joseph-calasanz-de-kinshasa\/#primaryimage","url":"https:\/\/www.itakaescolapios.org\/wp-content\/uploads\/2025\/02\/IMG-20250205-WA0024-1.jpg","contentUrl":"https:\/\/www.itakaescolapios.org\/wp-content\/uploads\/2025\/02\/IMG-20250205-WA0024-1.jpg","width":1020,"height":765},{"@type":"BreadcrumbList","@id":"https:\/\/www.itakaescolapios.org\/fr\/2025\/02\/francais-la-celebration-de-la-journee-mondiale-de-la-paix-et-la-non-violence-au-complexe-scolaire-saint-joseph-calasanz-de-kinshasa\/#breadcrumb","itemListElement":[{"@type":"ListItem","position":1,"name":"Itaka-Escolapios","item":"https:\/\/www.itakaescolapios.org\/es\/"},{"@type":"ListItem","position":2,"name":"LA CELEBRATION DE LA JOURNEE MONDIALE DE LA PAIX ET LA NON-VIOLENCE AU COMPLEXE SCOLAIRE SAINT JOSEPH CALASANZ DE KINSHASA"}]},{"@type":"WebSite","@id":"https:\/\/www.itakaescolapios.org\/fr\/es\/#website","url":"https:\/\/www.itakaescolapios.org\/fr\/es\/","name":"Itaka-Escolapios","description":"Red de Itaka-Escolapios","publisher":{"@id":"https:\/\/www.itakaescolapios.org\/fr\/es\/#organization"},"potentialAction":[{"@type":"SearchAction","target":{"@type":"EntryPoint","urlTemplate":"https:\/\/www.itakaescolapios.org\/fr\/es\/?s={search_term_string}"},"query-input":{"@type":"PropertyValueSpecification","valueRequired":true,"valueName":"search_term_string"}}],"inLanguage":"fr-FR"},{"@type":"Organization","@id":"https:\/\/www.itakaescolapios.org\/fr\/es\/#organization","name":"Fundaci\u00f3 Itaka-Escolapios","url":"https:\/\/www.itakaescolapios.org\/fr\/es\/","logo":{"@type":"ImageObject","inLanguage":"fr-FR","@id":"https:\/\/www.itakaescolapios.org\/fr\/es\/#\/schema\/logo\/image\/","url":"https:\/\/www.itakaescolapios.org\/wp-content\/uploads\/2024\/04\/Logo-itakaescolapios-peque.png","contentUrl":"https:\/\/www.itakaescolapios.org\/wp-content\/uploads\/2024\/04\/Logo-itakaescolapios-peque.png","width":500,"height":199,"caption":"Fundaci\u00f3 Itaka-Escolapios"},"image":{"@id":"https:\/\/www.itakaescolapios.org\/fr\/es\/#\/schema\/logo\/image\/"}},{"@type":"Person","@id":"https:\/\/www.itakaescolapios.org\/es\/#\/schema\/person\/cebf12599ff6dda22baef2d4ae27aa6a","name":"guinea02","url":"https:\/\/www.itakaescolapios.org\/fr\/author\/guinea02\/"}]}},"_links":{"self":[{"href":"https:\/\/www.itakaescolapios.org\/fr\/wp-json\/wp\/v2\/posts\/325336","targetHints":{"allow":["GET"]}}],"collection":[{"href":"https:\/\/www.itakaescolapios.org\/fr\/wp-json\/wp\/v2\/posts"}],"about":[{"href":"https:\/\/www.itakaescolapios.org\/fr\/wp-json\/wp\/v2\/types\/post"}],"author":[{"embeddable":true,"href":"https:\/\/www.itakaescolapios.org\/fr\/wp-json\/wp\/v2\/users\/64"}],"replies":[{"embeddable":true,"href":"https:\/\/www.itakaescolapios.org\/fr\/wp-json\/wp\/v2\/comments?post=325336"}],"version-history":[{"count":2,"href":"https:\/\/www.itakaescolapios.org\/fr\/wp-json\/wp\/v2\/posts\/325336\/revisions"}],"predecessor-version":[{"id":326148,"href":"https:\/\/www.itakaescolapios.org\/fr\/wp-json\/wp\/v2\/posts\/325336\/revisions\/326148"}],"wp:featuredmedia":[{"embeddable":true,"href":"https:\/\/www.itakaescolapios.org\/fr\/wp-json\/wp\/v2\/media\/326107"}],"wp:attachment":[{"href":"https:\/\/www.itakaescolapios.org\/fr\/wp-json\/wp\/v2\/media?parent=325336"}],"wp:term":[{"taxonomy":"category","embeddable":true,"href":"https:\/\/www.itakaescolapios.org\/fr\/wp-json\/wp\/v2\/categories?post=325336"},{"taxonomy":"post_tag","embeddable":true,"href":"https:\/\/www.itakaescolapios.org\/fr\/wp-json\/wp\/v2\/tags?post=325336"}],"curies":[{"name":"wp","href":"https:\/\/api.w.org\/{rel}","templated":true}]}}