{"id":327314,"date":"2025-04-03T13:23:57","date_gmt":"2025-04-03T12:23:57","guid":{"rendered":"https:\/\/www.itakaescolapios.org\/?p=327314"},"modified":"2025-04-14T15:23:00","modified_gmt":"2025-04-14T14:23:00","slug":"lanzamiento-oficial-de-la-campana-de-solidaridad-en-el-complejo-escolar-san-jose-de-calasanz-de-kinshasa","status":"publish","type":"post","link":"https:\/\/www.itakaescolapios.org\/fr\/2025\/04\/lanzamiento-oficial-de-la-campana-de-solidaridad-en-el-complejo-escolar-san-jose-de-calasanz-de-kinshasa\/","title":{"rendered":"Lancement officiel de la Campaigne de Solidarit\u00e9 aux Complexe Scolaire Saint Joseph Calasanz de Kinshasa"},"content":{"rendered":"<p>[et_pb_section fb_built=\u00a0\u00bb1&Prime; make_equal=\u00a0\u00bbon\u00a0\u00bb use_custom_gutter=\u00a0\u00bbon\u00a0\u00bb gutter_width=\u00a0\u00bb2&Prime; specialty=\u00a0\u00bbon\u00a0\u00bb _builder_version=\u00a0\u00bb4.24.3&Prime; _module_preset=\u00a0\u00bbdefault\u00a0\u00bb width=\u00a0\u00bb100%\u00a0\u00bb max_width=\u00a0\u00bb100%\u00a0\u00bb module_alignment=\u00a0\u00bbcenter\u00a0\u00bb inner_width=\u00a0\u00bb90%\u00a0\u00bb inner_max_width=\u00a0\u00bb2222px\u00a0\u00bb inner_module_alignment=\u00a0\u00bbcenter\u00a0\u00bb custom_margin=\u00a0\u00bb0px||||false|false\u00a0\u00bb custom_padding=\u00a0\u00bb0px||||false|false\u00a0\u00bb da_disable_devices=\u00a0\u00bboff|off|off\u00a0\u00bb global_colors_info=\u00a0\u00bb{}\u00a0\u00bb da_is_popup=\u00a0\u00bboff\u00a0\u00bb da_exit_intent=\u00a0\u00bboff\u00a0\u00bb da_has_close=\u00a0\u00bbon\u00a0\u00bb da_alt_close=\u00a0\u00bboff\u00a0\u00bb da_dark_close=\u00a0\u00bboff\u00a0\u00bb da_not_modal=\u00a0\u00bbon\u00a0\u00bb da_is_singular=\u00a0\u00bboff\u00a0\u00bb da_with_loader=\u00a0\u00bboff\u00a0\u00bb da_has_shadow=\u00a0\u00bbon\u00a0\u00bb][et_pb_column type=\u00a0\u00bb3_4&Prime; specialty_columns=\u00a0\u00bb3&Prime; _builder_version=\u00a0\u00bb4.16&Prime; custom_padding=\u00a0\u00bb|||\u00a0\u00bb global_colors_info=\u00a0\u00bb{}\u00a0\u00bb custom_padding__hover=\u00a0\u00bb|||\u00a0\u00bb][et_pb_row_inner custom_padding_last_edited=\u00a0\u00bbon|phone\u00a0\u00bb _builder_version=\u00a0\u00bb4.24.3&Prime; _module_preset=\u00a0\u00bbdefault\u00a0\u00bb module_alignment=\u00a0\u00bbcenter\u00a0\u00bb custom_padding=\u00a0\u00bb|50px|4px||false|false\u00a0\u00bb custom_padding_tablet=\u00a0\u00bb|50px|4px||false|false\u00a0\u00bb custom_padding_phone=\u00a0\u00bb|0px|||false|false\u00a0\u00bb border_color_all=\u00a0\u00bbgcid-b1ace166-c11d-4c70-a679-55884e9ca298&Prime; border_style_all=\u00a0\u00bbdotted\u00a0\u00bb border_width_right=\u00a0\u00bb3px\u00a0\u00bb border_color_right=\u00a0\u00bbgcid-b1ace166-c11d-4c70-a679-55884e9ca298&Prime; border_width_right_tablet=\u00a0\u00bb3px\u00a0\u00bb border_width_right_phone=\u00a0\u00bb0px\u00a0\u00bb border_width_right_last_edited=\u00a0\u00bbon|desktop\u00a0\u00bb collapsed=\u00a0\u00bboff\u00a0\u00bb global_colors_info=\u00a0\u00bb{%22gcid-b1ace166-c11d-4c70-a679-55884e9ca298%22:%91%22border_color_all%22,%22border_color_right%22%93}\u00a0\u00bb][et_pb_column_inner saved_specialty_column_type=\u00a0\u00bb3_4&Prime; _builder_version=\u00a0\u00bb4.24.3&Prime; _module_preset=\u00a0\u00bbdefault\u00a0\u00bb global_colors_info=\u00a0\u00bb{}\u00a0\u00bb][et_pb_text admin_label=\u00a0\u00bbT\u00cdTULO NOTICIA\u00a0\u00bb _builder_version=\u00a0\u00bb4.27.4&Prime; _module_preset=\u00a0\u00bbdefault\u00a0\u00bb header_font=\u00a0\u00bbTitulo Itaka-Escolapios|700|||||||\u00a0\u00bb header_text_align=\u00a0\u00bbcenter\u00a0\u00bb header_text_color=\u00a0\u00bbgcid-cca90ba6-297c-4d63-9e2c-8201011ef870&Prime; header_font_size=\u00a0\u00bb50px\u00a0\u00bb custom_margin=\u00a0\u00bb||20px||false|false\u00a0\u00bb custom_margin_tablet=\u00a0\u00bb||20px||false|false\u00a0\u00bb custom_margin_phone=\u00a0\u00bb||20px||false|false\u00a0\u00bb custom_margin_last_edited=\u00a0\u00bbon|desktop\u00a0\u00bb header_font_size_tablet=\u00a0\u00bb55px\u00a0\u00bb header_font_size_phone=\u00a0\u00bb35px\u00a0\u00bb header_font_size_last_edited=\u00a0\u00bbon|phone\u00a0\u00bb content_en_us=\u00a0\u00bb<\/p>\n<h1><strong>Official launch of the Solidarity Campaign at Complexe Scolaire Saint Joseph Calasanz in Kinshasa<\/strong><\/h1>\n<p>\u00a0\u00bb content_fr_fr=\u00a0\u00bb<\/p>\n<h1><strong>Lancement officiel de la Campaigne de Solidarit\u00e9 aux Complexe Scolaire Saint Joseph Calasanz de Kinshasa<\/strong><\/h1>\n<p>\u00a0\u00bb content_eu=\u00a0\u00bb<\/p>\n<h1><strong>Elkartasun kanpainaren hasiera ofiziala Complexe Scolaire Saint Joseph Calasanzen, Kinshasan<\/strong><\/h1>\n<p>\u00a0\u00bb content_ca=\u00a0\u00bb<\/p>\n<h1><strong>Llan\u00e7ament oficial de la Campanya de Solidaritat en el Complex Escolar San Jos\u00e9 de Calasanz de Kinshasa<\/strong><\/h1>\n<p>\u00a0\u00bb content_pt_br=\u00a0\u00bb<\/p>\n<h1><strong>Lan\u00e7amento oficial da Campanha de Solidariedade no Complexe Scolaire Saint Joseph Calasanz em Kinshasa<\/strong><\/h1>\n<p>\u00a0\u00bb global_colors_info=\u00a0\u00bb{%22gcid-cca90ba6-297c-4d63-9e2c-8201011ef870%22:%91%22header_text_color%22%93}\u00a0\u00bb]<\/p>\n<h1><strong>Lanzamiento de la campa\u00f1a oficial de la Campa\u00f1a de Solidaridad en el Complejo Escolar San Jos\u00e9 de Calasanz de Kinshasa<\/strong><\/h1>\n<p>[\/et_pb_text][\/et_pb_column_inner][\/et_pb_row_inner][et_pb_row_inner _builder_version=\u00a0\u00bb4.27.4&Prime; _module_preset=\u00a0\u00bbdefault\u00a0\u00bb border_width_right=\u00a0\u00bb3px\u00a0\u00bb border_color_right=\u00a0\u00bbgcid-b1ace166-c11d-4c70-a679-55884e9ca298&Prime; border_style_right=\u00a0\u00bbdotted\u00a0\u00bb collapsed=\u00a0\u00bboff\u00a0\u00bb global_colors_info=\u00a0\u00bb{%22gcid-b1ace166-c11d-4c70-a679-55884e9ca298%22:%91%22border_color_right%22%93}\u00a0\u00bb][et_pb_column_inner saved_specialty_column_type=\u00a0\u00bb3_4&Prime; _builder_version=\u00a0\u00bb4.27.4&Prime; _module_preset=\u00a0\u00bbdefault\u00a0\u00bb global_colors_info=\u00a0\u00bb{}\u00a0\u00bb][et_pb_text admin_label=\u00a0\u00bbCUERPO NOTICIA\u00a0\u00bb _builder_version=\u00a0\u00bb4.27.4&Prime; _module_preset=\u00a0\u00bbdefault\u00a0\u00bb text_font=\u00a0\u00bb&#8211;et_global_body_font||||||||\u00a0\u00bb text_font_size=\u00a0\u00bb16px\u00a0\u00bb width=\u00a0\u00bb100%\u00a0\u00bb module_alignment=\u00a0\u00bbcenter\u00a0\u00bb custom_padding=\u00a0\u00bb|60px|||false|false\u00a0\u00bb text_font_size_tablet=\u00a0\u00bb16px\u00a0\u00bb text_font_size_phone=\u00a0\u00bb16px\u00a0\u00bb text_font_size_last_edited=\u00a0\u00bbon|desktop\u00a0\u00bb content_en_us=\u00a0\u00bb<\/p>\n<p>On March 25, 2025, Reverend Father Adalbert Fouda, head of the Itaka-RDC foundation, raised awareness among all pupils at the Complexe Scolaire Saint Joseph Calasanz. Indeed, the aim of this sensitization was to pass on the message and explain to the pupils the meaning of this solidarity campaign in simpler and easier words, adapted to the children&rsquo;s understanding. Reverend Father Adalbert Fouda proceeded to put a series of questions and answers to the children, to see if they had fully understood the meaning of generosity and solidarity in their lives.<\/p>\n<p>\u00a0\u00bb content_fr_fr=\u00a0\u00bb<\/p>\n<p>Le 25 mars 2025, le R\u00e9v\u00e9rend P\u00e8re Adalbert Fouda, responsable de la fondation Itaka-RDC a sensibilis\u00e9 tous les \u00e9l\u00e8ves du Complexe Scolaire Saint Joseph Calasanz. En effet, l\u2019objectif de cette sensibilisation \u00e9tait de passer le message et expliquer aux \u00e9l\u00e8ves le sens de cette campagne de solidarit\u00e9 en des mots plus simples et faciles, adapt\u00e9s \u00e0 la compr\u00e9hension des enfants. Certes, le R\u00e9v\u00e9rend P\u00e8re Adalbert Fouda a poss\u00e9d\u00e9 par une s\u00e9rie des questions et r\u00e9ponses aux enfants pour voir si les \u00e9l\u00e8ves ont bien compris le sens de la g\u00e9n\u00e9rosit\u00e9 et de la solidarit\u00e9 dans leur vie.<\/p>\n<p>\u00a0\u00bb content_eu=\u00a0\u00bb<\/p>\n<p>2025eko martxoaren 25ean, Aita Adalbert Fouda agurgarriak, Itaka-RDC fundazioaren arduradunak, San Joseph Calasanz Eskola Guneko ikasle guztiak sentsibilizatu ditu. Izan ere, sentsibilizazio horren helburua zen mezua pasatzea eta ikasleei elkartasun kanpaina horren zentzua azaltzea, hitz sinpleago eta errazagoetan, haurren ulermenera egokituak. Egia da, Adalbert Fouda Aita Agurgarria haurren galderen eta erantzunen jabe izan da, ikasleek beren bizian eskuzabaltasunaren eta elkartasunaren zentzua ongi ulertu duten ikusteko.<\/p>\n<p>\u00a0\u00bb content_ca=\u00a0\u00bb<\/p>\n<p>El 25 de mar\u00e7 de 2025, el Reverend Pare Adalbert Fouda, responsable de la fundaci\u00f3 Itaka-RDC, va realitzar una sensibilitzaci\u00f3 entre tots els alumnes del complex escolar Saint Joseph Calasanz. L&rsquo;objectiu d&rsquo;aquesta sensibilitzaci\u00f3 era transmetre el missatge i explicar als alumnes el significat d&rsquo;aquesta campanya de solidaritat amb paraules m\u00e9s senzilles i f\u00e0cils, adaptades a la comprensi\u00f3 dels xiquets. El Reverend Pare Adalbert Fouda va plantejar als xiquets una s\u00e8rie de preguntes i respostes per a comprovar si els alumnes havien compr\u00e8s b\u00e9 el significat de la generositat i la solidaritat en les seues vides.<\/p>\n<p>\u00a0\u00bb content_pt_br=\u00a0\u00bb<\/p>\n<p>Em 25 de mar\u00e7o de 2025, o Reverendo Padre Adalbert Fouda, diretor da funda\u00e7\u00e3o Itaka-RDC, conscientizou todos os alunos do complexo escolar Saint Joseph Calasanz. O objetivo dessa sensibiliza\u00e7\u00e3o era transmitir a mensagem e explicar aos alunos o significado dessa campanha de solidariedade em palavras mais simples e f\u00e1ceis, adaptadas \u00e0 compreens\u00e3o das crian\u00e7as. O Reverendo Padre Adalberto Fouda fez uma s\u00e9rie de perguntas e respostas \u00e0s crian\u00e7as para verificar se elas haviam compreendido plenamente o significado da generosidade e da solidariedade em suas vidas.<\/p>\n<p>\u00a0\u00bb global_colors_info=\u00a0\u00bb{}\u00a0\u00bb]<\/p>\n<p>El 25 de marzo de 2025, el Reverendo Padre Adalbert Fouda, responsable de la fundaci\u00f3n Itaka-RDC, realiz\u00f3 una sensibilizaci\u00f3n entre todos los alumnos del complejo escolar Saint Joseph Calasanz. El objetivo de esta sensibilizaci\u00f3n era transmitir el mensaje y explicar a los alumnos el significado de esta campa\u00f1a de solidaridad con palabras m\u00e1s sencillas y f\u00e1ciles, adaptadas a la comprensi\u00f3n de los ni\u00f1os. El Reverendo Padre Adalbert Fouda plante\u00f3 a los ni\u00f1os una serie de preguntas y respuestas para comprobar si los alumnos hab\u00edan comprendido bien el significado de la generosidad y la solidaridad en sus vidas.<\/p>\n<p>[\/et_pb_text][\/et_pb_column_inner][\/et_pb_row_inner][et_pb_row_inner admin_label=\u00a0\u00bbIm\u00e1genes sede\u00a0\u00bb _builder_version=\u00a0\u00bb4.27.4&Prime; _module_preset=\u00a0\u00bbdefault\u00a0\u00bb custom_padding=\u00a0\u00bb20px||||false|false\u00a0\u00bb border_width_right=\u00a0\u00bb3px\u00a0\u00bb border_color_right=\u00a0\u00bbgcid-b1ace166-c11d-4c70-a679-55884e9ca298&Prime; border_style_right=\u00a0\u00bbdotted\u00a0\u00bb border_width_right_tablet=\u00a0\u00bb3px\u00a0\u00bb border_width_right_phone=\u00a0\u00bb0px\u00a0\u00bb border_width_right_last_edited=\u00a0\u00bbon|desktop\u00a0\u00bb collapsed=\u00a0\u00bboff\u00a0\u00bb global_colors_info=\u00a0\u00bb{%22gcid-b1ace166-c11d-4c70-a679-55884e9ca298%22:%91%22border_color_right%22%93}\u00a0\u00bb][et_pb_column_inner saved_specialty_column_type=\u00a0\u00bb3_4&Prime; _builder_version=\u00a0\u00bb4.27.4&Prime; _module_preset=\u00a0\u00bbdefault\u00a0\u00bb global_colors_info=\u00a0\u00bb{}\u00a0\u00bb][difl_imagecarousel item_desktop=\u00a0\u00bb2&Prime; item_tablet=\u00a0\u00bb1&Prime; loop=\u00a0\u00bbon\u00a0\u00bb dots=\u00a0\u00bbon\u00a0\u00bb use_lightbox=\u00a0\u00bbon\u00a0\u00bb arrow_color=\u00a0\u00bbgcid-b1ace166-c11d-4c70-a679-55884e9ca298&Prime; dots_color=\u00a0\u00bbgcid-cca90ba6-297c-4d63-9e2c-8201011ef870&Prime; active_dots_color=\u00a0\u00bbgcid-b1ace166-c11d-4c70-a679-55884e9ca298&Prime; _builder_version=\u00a0\u00bb4.27.4&Prime; _module_preset=\u00a0\u00bbdefault\u00a0\u00bb overflow-x=\u00a0\u00bbhidden\u00a0\u00bb overflow-y=\u00a0\u00bbhidden\u00a0\u00bb custom_margin=\u00a0\u00bb|60px|||false|false\u00a0\u00bb custom_margin_tablet=\u00a0\u00bb|60px|||false|false\u00a0\u00bb custom_margin_phone=\u00a0\u00bb|60px|||false|false\u00a0\u00bb custom_margin_last_edited=\u00a0\u00bbon|desktop\u00a0\u00bb custom_css_free_form=\u00a0\u00bbselector .df_ici_container {margin: 0 auto;}\u00a0\u00bb global_colors_info=\u00a0\u00bb{%22gcid-b1ace166-c11d-4c70-a679-55884e9ca298%22:%91%22arrow_color%22,%22active_dots_color%22%93,%22gcid-cca90ba6-297c-4d63-9e2c-8201011ef870%22:%91%22dots_color%22%93}\u00a0\u00bb][difl_imagecarouselitem image=\u00a0\u00bbhttps:\/\/www.itakaescolapios.org\/wp-content\/uploads\/2025\/03\/IMG_20250321_104146_888@1981161266.jpg\u00a0\u00bb ic_button_button_url_new_window=\u00a0\u00bb1&Prime; _builder_version=\u00a0\u00bb4.27.4&Prime; _module_preset=\u00a0\u00bbdefault\u00a0\u00bb global_colors_info=\u00a0\u00bb{}\u00a0\u00bb][\/difl_imagecarouselitem][difl_imagecarouselitem image=\u00a0\u00bbhttps:\/\/www.itakaescolapios.org\/wp-content\/uploads\/2025\/03\/IMG-20250319-WA0022.jpg\u00a0\u00bb ic_button_button_url_new_window=\u00a0\u00bb1&Prime; _builder_version=\u00a0\u00bb4.27.4&Prime; _module_preset=\u00a0\u00bbdefault\u00a0\u00bb global_colors_info=\u00a0\u00bb{}\u00a0\u00bb][\/difl_imagecarouselitem][difl_imagecarouselitem image=\u00a0\u00bbhttps:\/\/www.itakaescolapios.org\/wp-content\/uploads\/2025\/03\/IMG-20250327-WA0002.jpg\u00a0\u00bb ic_button_button_url_new_window=\u00a0\u00bb1&Prime; _builder_version=\u00a0\u00bb4.27.4&Prime; _module_preset=\u00a0\u00bbdefault\u00a0\u00bb global_colors_info=\u00a0\u00bb{}\u00a0\u00bb][\/difl_imagecarouselitem][difl_imagecarouselitem image=\u00a0\u00bbhttps:\/\/www.itakaescolapios.org\/wp-content\/uploads\/2025\/03\/IMG_20250326_174125_384@-571094388.jpg\u00a0\u00bb ic_button_button_url_new_window=\u00a0\u00bb1&Prime; _builder_version=\u00a0\u00bb4.27.4&Prime; _module_preset=\u00a0\u00bbdefault\u00a0\u00bb global_colors_info=\u00a0\u00bb{}\u00a0\u00bb][\/difl_imagecarouselitem][difl_imagecarouselitem image=\u00a0\u00bbhttps:\/\/www.itakaescolapios.org\/wp-content\/uploads\/2025\/03\/IMG_20250328_112019_740@-1894459090.jpg\u00a0\u00bb ic_button_button_url_new_window=\u00a0\u00bb1&Prime; _builder_version=\u00a0\u00bb4.27.4&Prime; _module_preset=\u00a0\u00bbdefault\u00a0\u00bb global_colors_info=\u00a0\u00bb{}\u00a0\u00bb][\/difl_imagecarouselitem][difl_imagecarouselitem image=\u00a0\u00bbhttps:\/\/www.itakaescolapios.org\/wp-content\/uploads\/2025\/03\/IMG-20250319-WA0014.jpg\u00a0\u00bb ic_button_button_url_new_window=\u00a0\u00bb1&Prime; _builder_version=\u00a0\u00bb4.27.4&Prime; _module_preset=\u00a0\u00bbdefault\u00a0\u00bb global_colors_info=\u00a0\u00bb{}\u00a0\u00bb][\/difl_imagecarouselitem][difl_imagecarouselitem image=\u00a0\u00bbhttps:\/\/www.itakaescolapios.org\/wp-content\/uploads\/2025\/03\/IMG_20250327_095251_9@-187386543.jpg\u00a0\u00bb ic_button_button_url_new_window=\u00a0\u00bb1&Prime; _builder_version=\u00a0\u00bb4.27.4&Prime; _module_preset=\u00a0\u00bbdefault\u00a0\u00bb global_colors_info=\u00a0\u00bb{}\u00a0\u00bb][\/difl_imagecarouselitem][difl_imagecarouselitem image=\u00a0\u00bbhttps:\/\/www.itakaescolapios.org\/wp-content\/uploads\/2025\/03\/IMG_20250327_100848_5@2128185910.jpg\u00a0\u00bb ic_button_button_url_new_window=\u00a0\u00bb1&Prime; _builder_version=\u00a0\u00bb4.27.4&Prime; _module_preset=\u00a0\u00bbdefault\u00a0\u00bb global_colors_info=\u00a0\u00bb{}\u00a0\u00bb][\/difl_imagecarouselitem][\/difl_imagecarousel][\/et_pb_column_inner][\/et_pb_row_inner][et_pb_row_inner _builder_version=\u00a0\u00bb4.24.3&Prime; _module_preset=\u00a0\u00bbdefault\u00a0\u00bb custom_padding=\u00a0\u00bb20px||||false|false\u00a0\u00bb border_width_right=\u00a0\u00bb3px\u00a0\u00bb border_color_right=\u00a0\u00bbgcid-b1ace166-c11d-4c70-a679-55884e9ca298&Prime; border_style_right=\u00a0\u00bbdotted\u00a0\u00bb border_width_right_tablet=\u00a0\u00bb3px\u00a0\u00bb border_width_right_phone=\u00a0\u00bb0px\u00a0\u00bb border_width_right_last_edited=\u00a0\u00bbon|desktop\u00a0\u00bb collapsed=\u00a0\u00bbon\u00a0\u00bb global_colors_info=\u00a0\u00bb{%22gcid-b1ace166-c11d-4c70-a679-55884e9ca298%22:%91%22border_color_right%22%93}\u00a0\u00bb][et_pb_column_inner saved_specialty_column_type=\u00a0\u00bb3_4&Prime; _builder_version=\u00a0\u00bb4.24.3&Prime; _module_preset=\u00a0\u00bbdefault\u00a0\u00bb global_colors_info=\u00a0\u00bb{}\u00a0\u00bb][et_pb_text admin_label=\u00a0\u00bbL\u00ednea divisoria\u00a0\u00bb _builder_version=\u00a0\u00bb4.27.4&Prime; _module_preset=\u00a0\u00bbdefault\u00a0\u00bb header_font=\u00a0\u00bbIBM Plex Sans|700|||||||\u00a0\u00bb header_text_color=\u00a0\u00bbgcid-cca90ba6-297c-4d63-9e2c-8201011ef870&Prime; header_font_size=\u00a0\u00bb40px\u00a0\u00bb custom_margin=\u00a0\u00bb|30px|||false|false\u00a0\u00bb header_font_size_tablet=\u00a0\u00bb55px\u00a0\u00bb header_font_size_phone=\u00a0\u00bb30px\u00a0\u00bb header_font_size_last_edited=\u00a0\u00bbon|phone\u00a0\u00bb border_width_bottom=\u00a0\u00bb3px\u00a0\u00bb border_color_bottom=\u00a0\u00bbgcid-b1ace166-c11d-4c70-a679-55884e9ca298&Prime; border_style_bottom=\u00a0\u00bbdotted\u00a0\u00bb global_colors_info=\u00a0\u00bb{%22gcid-cca90ba6-297c-4d63-9e2c-8201011ef870%22:%91%22header_text_color%22%93,%22gcid-b1ace166-c11d-4c70-a679-55884e9ca298%22:%91%22border_color_bottom%22%93}\u00a0\u00bb][\/et_pb_text][difl_imagecarousel item_desktop=\u00a0\u00bb3&Prime; admin_label=\u00a0\u00bbCampa\u00f1a, educa y voluntariado\u00a0\u00bb _builder_version=\u00a0\u00bb4.27.4&Prime; _module_preset=\u00a0\u00bbdefault\u00a0\u00bb width_tablet=\u00a0\u00bb\u00a0\u00bb width_phone=\u00a0\u00bb100%\u00a0\u00bb width_last_edited=\u00a0\u00bbon|desktop\u00a0\u00bb custom_margin=\u00a0\u00bb|62px|||false|false\u00a0\u00bb custom_margin_tablet=\u00a0\u00bb|62px|||false|false\u00a0\u00bb custom_margin_phone=\u00a0\u00bb|62px|||false|false\u00a0\u00bb custom_margin_last_edited=\u00a0\u00bbon|desktop\u00a0\u00bb global_module=\u00a0\u00bb316782&Prime; global_colors_info=\u00a0\u00bb{}\u00a0\u00bb custom_margin__hover_enabled=\u00a0\u00bboff|desktop\u00a0\u00bb custom_margin__hover=\u00a0\u00bb|30px|||false|false\u00a0\u00bb][difl_imagecarouselitem image=\u00a0\u00bbhttps:\/\/www.itakaescolapios.org\/wp-content\/uploads\/2025\/02\/BANNERS-CAMPANA-INFERIOR-500500.jpg\u00a0\u00bb ic_button_button_url_new_window=\u00a0\u00bb1&Prime; _builder_version=\u00a0\u00bb4.27.4&Prime; _module_preset=\u00a0\u00bbdefault\u00a0\u00bb link_option_url=\u00a0\u00bbhttps:\/\/www.educa.itakaescolapios.org\/campanas\/2024-2025-abriendo-caminos\u00a0\u00bb image_en_us=\u00a0\u00bbhttps:\/\/www.itakaescolapios.org\/wp-content\/uploads\/2025\/02\/BANNERS-CAMPANA-INFERIOR-5005002.jpg\u00a0\u00bb image_fr_fr=\u00a0\u00bbhttps:\/\/www.itakaescolapios.org\/wp-content\/uploads\/2025\/02\/BANNERS-CAMPANA-INFERIOR-5005003.jpg\u00a0\u00bb image_eu=\u00a0\u00bbhttps:\/\/www.itakaescolapios.org\/wp-content\/uploads\/2025\/02\/BANNERS-CAMPANA-INFERIOR-5005006.jpg\u00a0\u00bb image_ca=\u00a0\u00bbhttps:\/\/www.itakaescolapios.org\/wp-content\/uploads\/2025\/02\/BANNERS-CAMPANA-INFERIOR-5005005.jpg\u00a0\u00bb image_pt_br=\u00a0\u00bbhttps:\/\/www.itakaescolapios.org\/wp-content\/uploads\/2025\/02\/BANNERS-CAMPANA-INFERIOR-5005004.jpg\u00a0\u00bb global_colors_info=\u00a0\u00bb{}\u00a0\u00bb][\/difl_imagecarouselitem][difl_imagecarouselitem admin_label=\u00a0\u00bbVoluntariado\u00a0\u00bb image=\u00a0\u00bbhttps:\/\/www.itakaescolapios.org\/wp-content\/uploads\/2025\/02\/BANNERS-VOLUNTARIADO-INFERIOR-500500.jpg\u00a0\u00bb ic_button_button_url_new_window=\u00a0\u00bb1&Prime; _builder_version=\u00a0\u00bb4.27.4&Prime; _module_preset=\u00a0\u00bbdefault\u00a0\u00bb link_option_url=\u00a0\u00bbhttps:\/\/www.itakaescolapios.org\/es\/haz-voluntariado\/\u00a0\u00bb image_en_us=\u00a0\u00bbhttps:\/\/www.itakaescolapios.org\/wp-content\/uploads\/2025\/02\/BANNERS-VOLUNTARIADO-INFERIOR-5005002.jpg\u00a0\u00bb ic_button_button_url_en_us=\u00a0\u00bbhttps:\/\/www.itakaescolapios.org\/\u00a0\u00bb image_fr_fr=\u00a0\u00bbhttps:\/\/www.itakaescolapios.org\/wp-content\/uploads\/2025\/02\/BANNERS-VOLUNTARIADO-INFERIOR-5005003.jpg\u00a0\u00bb image_eu=\u00a0\u00bbhttps:\/\/www.itakaescolapios.org\/wp-content\/uploads\/2025\/02\/BANNERS-VOLUNTARIADO-INFERIOR-5005006.jpg\u00a0\u00bb image_ca=\u00a0\u00bbhttps:\/\/www.itakaescolapios.org\/wp-content\/uploads\/2025\/02\/BANNERS-VOLUNTARIADO-INFERIOR-5005004.jpg\u00a0\u00bb image_pt_br=\u00a0\u00bbhttps:\/\/www.itakaescolapios.org\/wp-content\/uploads\/2025\/02\/BANNERS-VOLUNTARIADO-INFERIOR-5005005.jpg\u00a0\u00bb global_colors_info=\u00a0\u00bb{}\u00a0\u00bb][\/difl_imagecarouselitem][difl_imagecarouselitem image=\u00a0\u00bbhttps:\/\/www.itakaescolapios.org\/wp-content\/uploads\/2025\/02\/BANNERS-EDUCA-INFERIOR-500500.jpg\u00a0\u00bb ic_button_button_url_new_window=\u00a0\u00bb1&Prime; _builder_version=\u00a0\u00bb4.27.4&Prime; _module_preset=\u00a0\u00bbdefault\u00a0\u00bb link_option_url=\u00a0\u00bbhttps:\/\/www.educa.itakaescolapios.org\/\u00a0\u00bb image_en_us=\u00a0\u00bbhttps:\/\/www.itakaescolapios.org\/wp-content\/uploads\/2025\/02\/BANNERS-EDUCA-INFERIOR-5005002.jpg\u00a0\u00bb image_fr_fr=\u00a0\u00bbhttps:\/\/www.itakaescolapios.org\/wp-content\/uploads\/2025\/02\/BANNERS-EDUCA-INFERIOR-5005003.jpg\u00a0\u00bb image_eu=\u00a0\u00bbhttps:\/\/www.itakaescolapios.org\/wp-content\/uploads\/2025\/02\/BANNERS-EDUCA-INFERIOR-5005006.jpg\u00a0\u00bb image_ca=\u00a0\u00bbhttps:\/\/www.itakaescolapios.org\/wp-content\/uploads\/2025\/02\/BANNERS-EDUCA-INFERIOR-5005005.jpg\u00a0\u00bb image_pt_br=\u00a0\u00bbhttps:\/\/www.itakaescolapios.org\/wp-content\/uploads\/2025\/02\/BANNERS-EDUCA-INFERIOR-5005004.jpg\u00a0\u00bb global_colors_info=\u00a0\u00bb{}\u00a0\u00bb][\/difl_imagecarouselitem][\/difl_imagecarousel][\/et_pb_column_inner][\/et_pb_row_inner][\/et_pb_column][et_pb_column type=\u00a0\u00bb1_4&Prime; _builder_version=\u00a0\u00bb4.16&Prime; custom_padding=\u00a0\u00bb|||\u00a0\u00bb global_colors_info=\u00a0\u00bb{}\u00a0\u00bb custom_padding__hover=\u00a0\u00bb|||\u00a0\u00bb][difl_imagecarousel item_desktop=\u00a0\u00bb1&Prime; item_tablet=\u00a0\u00bb1&Prime; loop=\u00a0\u00bbon\u00a0\u00bb autoplay=\u00a0\u00bbon\u00a0\u00bb autospeed=\u00a0\u00bb3500&Prime; dots=\u00a0\u00bbon\u00a0\u00bb dots_color=\u00a0\u00bbgcid-cca90ba6-297c-4d63-9e2c-8201011ef870&Prime; active_dots_color=\u00a0\u00bbgcid-b1ace166-c11d-4c70-a679-55884e9ca298&Prime; dots_gap=\u00a0\u00bb21px\u00a0\u00bb item_wrapper_padding=\u00a0\u00bb||15px||false|false\u00a0\u00bb admin_label=\u00a0\u00bbSer miembro y newsletter\u00a0\u00bb module_class=\u00a0\u00bbextiendeenlacedeboton\u00a0\u00bb _builder_version=\u00a0\u00bb4.27.4&Prime; _module_preset=\u00a0\u00bbdefault\u00a0\u00bb global_module=\u00a0\u00bb51656&Prime; saved_tabs=\u00a0\u00bball\u00a0\u00bb global_colors_info=\u00a0\u00bb{%22gcid-cca90ba6-297c-4d63-9e2c-8201011ef870%22:%91%22dots_color%22%93,%22gcid-b1ace166-c11d-4c70-a679-55884e9ca298%22:%91%22active_dots_color%22%93}\u00a0\u00bb][difl_imagecarouselitem image=\u00a0\u00bbhttps:\/\/www.itakaescolapios.org\/wp-content\/uploads\/2025\/02\/banners-500&#215;500-esp.jpg\u00a0\u00bb ic_button_button_text=\u00a0\u00bbbot\u00a0\u00bb ic_button_button_url=\u00a0\u00bb\/es\/colabora\u00a0\u00bb ic_button_button_url_new_window=\u00a0\u00bb1&Prime; _builder_version=\u00a0\u00bb4.27.4&Prime; _module_preset=\u00a0\u00bbdefault\u00a0\u00bb image_en_us=\u00a0\u00bbhttps:\/\/www.itakaescolapios.org\/wp-content\/uploads\/2025\/02\/banners-500&#215;500-eng.jpg\u00a0\u00bb ic_button_button_text_en_us=\u00a0\u00bbbot\u00a0\u00bb ic_button_button_url_en_us=\u00a0\u00bb\/en\/collaborate\/\u00a0\u00bb image_fr_fr=\u00a0\u00bbhttps:\/\/www.itakaescolapios.org\/wp-content\/uploads\/2025\/02\/banners-500&#215;500-fra.jpg\u00a0\u00bb ic_button_button_text_fr_fr=\u00a0\u00bbbot\u00a0\u00bb ic_button_button_url_fr_fr=\u00a0\u00bb\/fr\/collaborez\/\u00a0\u00bb image_eu=\u00a0\u00bbhttps:\/\/www.itakaescolapios.org\/wp-content\/uploads\/2025\/02\/banners-500&#215;500-eusk.jpg\u00a0\u00bb ic_button_button_text_eu=\u00a0\u00bbbot\u00a0\u00bb ic_button_button_url_eu=\u00a0\u00bb\/eu\/lagundu\/\u00a0\u00bb image_ca=\u00a0\u00bbhttps:\/\/www.itakaescolapios.org\/wp-content\/uploads\/2025\/02\/banners-500&#215;500-val.jpg\u00a0\u00bb ic_button_button_text_ca=\u00a0\u00bbbot\u00a0\u00bb ic_button_button_url_ca=\u00a0\u00bb\/ca\/collabora\/\u00a0\u00bb image_pt_br=\u00a0\u00bbhttps:\/\/www.itakaescolapios.org\/wp-content\/uploads\/2025\/02\/banners-500&#215;500-port.jpg\u00a0\u00bb ic_button_button_text_pt_br=\u00a0\u00bbbot\u00a0\u00bb ic_button_button_url_pt_br=\u00a0\u00bb\/pt\/colabore\/\u00a0\u00bb global_colors_info=\u00a0\u00bb{}\u00a0\u00bb][\/difl_imagecarouselitem][difl_imagecarouselitem image=\u00a0\u00bbhttps:\/\/www.itakaescolapios.org\/wp-content\/uploads\/2025\/02\/banners-500&#215;500-esp2.png\u00a0\u00bb ic_button_button_text=\u00a0\u00bbbot\u00a0\u00bb ic_button_button_url=\u00a0\u00bb\/es\/suscribete\/\u00a0\u00bb ic_button_button_url_new_window=\u00a0\u00bb1&Prime; _builder_version=\u00a0\u00bb4.27.4&Prime; _module_preset=\u00a0\u00bbdefault\u00a0\u00bb image_en_us=\u00a0\u00bbhttps:\/\/www.itakaescolapios.org\/wp-content\/uploads\/2025\/02\/banners-500&#215;500-eng2.jpg\u00a0\u00bb ic_button_button_text_en_us=\u00a0\u00bbbot\u00a0\u00bb ic_button_button_url_en_us=\u00a0\u00bb\/en\/subscribe\/\u00a0\u00bb image_fr_fr=\u00a0\u00bbhttps:\/\/www.itakaescolapios.org\/wp-content\/uploads\/2025\/02\/banners-500&#215;500-fra2.jpg\u00a0\u00bb ic_button_button_text_fr_fr=\u00a0\u00bbbot\u00a0\u00bb ic_button_button_url_fr_fr=\u00a0\u00bb\/fr\/abonnez-vous-maintenant\/\u00a0\u00bb image_eu=\u00a0\u00bbhttps:\/\/www.itakaescolapios.org\/wp-content\/uploads\/2025\/02\/banners-500&#215;500-eusk2.jpg\u00a0\u00bb ic_button_button_text_eu=\u00a0\u00bbbot\u00a0\u00bb ic_button_button_url_eu=\u00a0\u00bb\/eu\/harpidetu\/\u00a0\u00bb image_ca=\u00a0\u00bbhttps:\/\/www.itakaescolapios.org\/wp-content\/uploads\/2025\/02\/banners-500&#215;500-val2.jpg\u00a0\u00bb ic_button_button_text_ca=\u00a0\u00bbbot\u00a0\u00bb ic_button_button_url_ca=\u00a0\u00bb\/ca\/subscriu-te\/\u00a0\u00bb image_pt_br=\u00a0\u00bbhttps:\/\/www.itakaescolapios.org\/wp-content\/uploads\/2025\/02\/banners-500&#215;500-port2.jpg\u00a0\u00bb ic_button_button_text_pt_br=\u00a0\u00bbbot\u00a0\u00bb ic_button_button_url_pt_br=\u00a0\u00bb\/pt\/assine\/\u00a0\u00bb global_colors_info=\u00a0\u00bb{}\u00a0\u00bb][\/difl_imagecarouselitem][\/difl_imagecarousel][et_pb_text admin_label=\u00a0\u00bbTexto %22\u00daltimas noticias%22&Prime; _builder_version=\u00a0\u00bb4.25.0&Prime; _module_preset=\u00a0\u00bbdefault\u00a0\u00bb header_font=\u00a0\u00bbIBM Plex Sans|700|||||||\u00a0\u00bb header_text_color=\u00a0\u00bbgcid-cca90ba6-297c-4d63-9e2c-8201011ef870&Prime; header_font_size=\u00a0\u00bb40px\u00a0\u00bb custom_margin=\u00a0\u00bb||||false|false\u00a0\u00bb header_font_size_tablet=\u00a0\u00bb55px\u00a0\u00bb header_font_size_phone=\u00a0\u00bb30px\u00a0\u00bb header_font_size_last_edited=\u00a0\u00bbon|phone\u00a0\u00bb content_en_us=\u00a0\u00bb<\/p>\n<h1>Last news<\/h1>\n<p>\u00a0\u00bb content_fr_fr=\u00a0\u00bb<\/p>\n<h1>Derni\u00e8res nouvelles<\/h1>\n<p>\u00a0\u00bb content_eu=\u00a0\u00bb<\/p>\n<h1>Azken berriak<\/h1>\n<p>\u00a0\u00bb content_ca=\u00a0\u00bb<\/p>\n<h1>\u00daltimes not\u00edcies<\/h1>\n<p>\u00a0\u00bb content_pt_br=\u00a0\u00bb<\/p>\n<h1>\u00daltimas not\u00edcias<\/h1>\n<p>\u00a0\u00bb border_width_bottom=\u00a0\u00bb3px\u00a0\u00bb border_color_bottom=\u00a0\u00bbgcid-b1ace166-c11d-4c70-a679-55884e9ca298&Prime; border_style_bottom=\u00a0\u00bbdotted\u00a0\u00bb global_module=\u00a0\u00bb50904&Prime; saved_tabs=\u00a0\u00bball\u00a0\u00bb global_colors_info=\u00a0\u00bb{%22gcid-cca90ba6-297c-4d63-9e2c-8201011ef870%22:%91%22header_text_color%22,%22header_text_color%22%93,%22gcid-b1ace166-c11d-4c70-a679-55884e9ca298%22:%91%22border_color_bottom%22%93}\u00a0\u00bb]<\/p>\n<h1>\u00daltimas noticias<\/h1>\n<p>[\/et_pb_text][difl_blogcarousel posts_number=\u00a0\u00bb6&Prime; post_display=\u00a0\u00bbby_category\u00a0\u00bb include_categories=\u00a0\u00bb337&Prime; use_image_as_background=\u00a0\u00bbon\u00a0\u00bb item_desktop=\u00a0\u00bb1&Prime; item_tablet=\u00a0\u00bb1&Prime; loop=\u00a0\u00bbon\u00a0\u00bb dots=\u00a0\u00bbon\u00a0\u00bb equal_height=\u00a0\u00bbon\u00a0\u00bb item_background_bgcolor=\u00a0\u00bbrgba(175,196,16,0.9)\u00a0\u00bb arrow_color=\u00a0\u00bb#FFFFFF\u00a0\u00bb arrow_background=\u00a0\u00bbgcid-cca90ba6-297c-4d63-9e2c-8201011ef870&Prime; arrow_circle=\u00a0\u00bbon\u00a0\u00bb arrow_prev_icon_use_icon=\u00a0\u00bboff\u00a0\u00bb arrow_prev_margin=\u00a0\u00bb|||-70px|false|false\u00a0\u00bb arrow_prev_margin_tablet=\u00a0\u00bb\u00a0\u00bb arrow_prev_margin_phone=\u00a0\u00bb|||0px|false|false\u00a0\u00bb arrow_prev_margin_last_edited=\u00a0\u00bbon|phone\u00a0\u00bb arrow_next_margin=\u00a0\u00bb|-70px|||false|false\u00a0\u00bb arrow_next_margin_tablet=\u00a0\u00bb\u00a0\u00bb arrow_next_margin_phone=\u00a0\u00bb|0px|||false|false\u00a0\u00bb arrow_next_margin_last_edited=\u00a0\u00bbon|phone\u00a0\u00bb large_active_dot=\u00a0\u00bbon\u00a0\u00bb dots_color=\u00a0\u00bbgcid-cca90ba6-297c-4d63-9e2c-8201011ef870&Prime; active_dots_color=\u00a0\u00bbgcid-b1ace166-c11d-4c70-a679-55884e9ca298&Prime; wrapper_padding=\u00a0\u00bb||15px||false|false\u00a0\u00bb item_wrapper_padding=\u00a0\u00bb300px||||false|false\u00a0\u00bb item_padding=\u00a0\u00bb20px||||false|false\u00a0\u00bb admin_label=\u00a0\u00bbAQU\u00cd CAMBIA LA CATEGOR\u00cdA\u00a0\u00bb _builder_version=\u00a0\u00bb4.27.4&Prime; _module_preset=\u00a0\u00bbdefault\u00a0\u00bb border_radii_item_outer=\u00a0\u00bbon|8px|8px|8px|8px\u00a0\u00bb global_colors_info=\u00a0\u00bb{%22gcid-b1ace166-c11d-4c70-a679-55884e9ca298%22:%91%22item_background_bgcolor%22,%22active_dots_color%22%93}\u00a0\u00bb][difl_postitem type=\u00a0\u00bbtitle\u00a0\u00bb element_padding=\u00a0\u00bb10px|10px||10px|false|true\u00a0\u00bb _builder_version=\u00a0\u00bb4.27.4&Prime; _module_preset=\u00a0\u00bbdefault\u00a0\u00bb post_font_style_font=\u00a0\u00bbMerriweather|900|||||||\u00a0\u00bb post_font_style_text_color=\u00a0\u00bb#FFFFFF\u00a0\u00bb post_font_style_font_size=\u00a0\u00bb20px\u00a0\u00bb post_font_style_line_height=\u00a0\u00bb22px\u00a0\u00bb background_color=\u00a0\u00bbRGBA(255,255,255,0)\u00a0\u00bb background_enable_color=\u00a0\u00bbon\u00a0\u00bb text_orientation=\u00a0\u00bbcenter\u00a0\u00bb global_colors_info=\u00a0\u00bb{}\u00a0\u00bb][\/difl_postitem][difl_postitem type=\u00a0\u00bbdate\u00a0\u00bb date_format=\u00a0\u00bbj-F-Y\u00a0\u00bb meta_display=\u00a0\u00bbblock\u00a0\u00bb use_icon=\u00a0\u00bbon\u00a0\u00bb font_icon=\u00a0\u00bb&#xe023;||divi||400&Prime; icon_color=\u00a0\u00bb#FFFFFF\u00a0\u00bb element_padding=\u00a0\u00bb|10px||10px|false|true\u00a0\u00bb _builder_version=\u00a0\u00bb4.27.4&Prime; _module_preset=\u00a0\u00bbdefault\u00a0\u00bb post_font_style_font=\u00a0\u00bbIBM Plex Sans|700|||||||\u00a0\u00bb post_font_style_text_color=\u00a0\u00bb#FFFFFF\u00a0\u00bb post_font_style_font_size=\u00a0\u00bb12px\u00a0\u00bb background_color=\u00a0\u00bbRGBA(255,255,255,0)\u00a0\u00bb background_enable_color=\u00a0\u00bbon\u00a0\u00bb text_orientation=\u00a0\u00bbright\u00a0\u00bb global_colors_info=\u00a0\u00bb{}\u00a0\u00bb][\/difl_postitem][\/difl_blogcarousel][et_pb_text admin_label=\u00a0\u00bbTexto %22S\u00edguenos%22&Prime; _builder_version=\u00a0\u00bb4.27.4&Prime; _module_preset=\u00a0\u00bbdefault\u00a0\u00bb header_font=\u00a0\u00bbIBM Plex Sans|600|||||||\u00a0\u00bb header_text_color=\u00a0\u00bb#FFFFFF\u00a0\u00bb background_color=\u00a0\u00bbgcid-cca90ba6-297c-4d63-9e2c-8201011ef870&Prime; custom_margin=\u00a0\u00bb0px||0px||true|false\u00a0\u00bb custom_padding=\u00a0\u00bb20px||||false|false\u00a0\u00bb content_en_us=\u00a0\u00bb<\/p>\n<h1 style=%22text-align: center;%22>Follow us<\/h1>\n<p>\u00a0\u00bb content_fr_fr=\u00a0\u00bb<\/p>\n<h1 style=%22text-align: center;%22>Suivez-nous sur<\/h1>\n<p>\u00a0\u00bb content_eu=\u00a0\u00bb<\/p>\n<h1 style=%22text-align: center;%22>Jarraitu<\/h1>\n<p>\u00a0\u00bb content_ca=\u00a0\u00bb<\/p>\n<h1 style=%22text-align: center;%22>Segueix-nos<\/h1>\n<p>\u00a0\u00bb content_pt_br=\u00a0\u00bb<\/p>\n<h1 style=%22text-align: center;%22>Siga-nos em<\/h1>\n<p>\u00a0\u00bb border_radii=\u00a0\u00bboff||15px||\u00a0\u00bb global_colors_info=\u00a0\u00bb{%22gcid-cca90ba6-297c-4d63-9e2c-8201011ef870%22:%91%22background_color%22%93}\u00a0\u00bb]<\/p>\n<h1 style=\"text-align: center;\">S\u00edguenos<\/h1>\n<p>[\/et_pb_text][et_pb_social_media_follow admin_label=\u00a0\u00bbREDES SOCIALES SEDE\u00a0\u00bb module_class=\u00a0\u00bbredes-portada-sede\u00a0\u00bb _builder_version=\u00a0\u00bb4.25.1&Prime; _module_preset=\u00a0\u00bbdefault\u00a0\u00bb background_color=\u00a0\u00bbgcid-cca90ba6-297c-4d63-9e2c-8201011ef870&Prime; text_orientation=\u00a0\u00bbcenter\u00a0\u00bb custom_margin=\u00a0\u00bb0px||||false|false\u00a0\u00bb custom_padding=\u00a0\u00bb15px||15px||true|false\u00a0\u00bb custom_css_free_form=\u00a0\u00bb.redes-portada-sede.et_pb_module {border-bottom-left-radius: 15px !important;}\u00a0\u00bb border_radii=\u00a0\u00bboff|15px|15px|15px|15px\u00a0\u00bb global_colors_info=\u00a0\u00bb{%22gcid-cca90ba6-297c-4d63-9e2c-8201011ef870%22:%91%22background_color%22%93}\u00a0\u00bb][et_pb_social_media_follow_network social_network=\u00a0\u00bbfacebook\u00a0\u00bb icon_color=\u00a0\u00bbgcid-cca90ba6-297c-4d63-9e2c-8201011ef870&Prime; _builder_version=\u00a0\u00bb4.24.3&Prime; _module_preset=\u00a0\u00bbdefault\u00a0\u00bb background_color=\u00a0\u00bb#FFFFFF\u00a0\u00bb background_enable_color=\u00a0\u00bbon\u00a0\u00bb global_colors_info=\u00a0\u00bb{%22gcid-cca90ba6-297c-4d63-9e2c-8201011ef870%22:%91%22icon_color%22%93}\u00a0\u00bb follow_button=\u00a0\u00bboff\u00a0\u00bb url_new_window=\u00a0\u00bbon\u00a0\u00bb]facebook[\/et_pb_social_media_follow_network][et_pb_social_media_follow_network social_network=\u00a0\u00bbinstagram\u00a0\u00bb icon_color=\u00a0\u00bbgcid-cca90ba6-297c-4d63-9e2c-8201011ef870&Prime; _builder_version=\u00a0\u00bb4.24.3&Prime; _module_preset=\u00a0\u00bbdefault\u00a0\u00bb background_color=\u00a0\u00bb#FFFFFF\u00a0\u00bb background_enable_color=\u00a0\u00bbon\u00a0\u00bb global_colors_info=\u00a0\u00bb{%22gcid-cca90ba6-297c-4d63-9e2c-8201011ef870%22:%91%22icon_color%22%93}\u00a0\u00bb follow_button=\u00a0\u00bboff\u00a0\u00bb url_new_window=\u00a0\u00bbon\u00a0\u00bb]instagram[\/et_pb_social_media_follow_network][et_pb_social_media_follow_network social_network=\u00a0\u00bbyoutube\u00a0\u00bb icon_color=\u00a0\u00bbgcid-cca90ba6-297c-4d63-9e2c-8201011ef870&Prime; _builder_version=\u00a0\u00bb4.24.3&Prime; _module_preset=\u00a0\u00bbdefault\u00a0\u00bb background_color=\u00a0\u00bb#FFFFFF\u00a0\u00bb background_enable_color=\u00a0\u00bbon\u00a0\u00bb global_colors_info=\u00a0\u00bb{%22gcid-cca90ba6-297c-4d63-9e2c-8201011ef870%22:%91%22icon_color%22%93}\u00a0\u00bb follow_button=\u00a0\u00bboff\u00a0\u00bb url_new_window=\u00a0\u00bbon\u00a0\u00bb]youtube[\/et_pb_social_media_follow_network][\/et_pb_social_media_follow][difl_imagecarousel item_desktop=\u00a0\u00bb1&Prime; item_tablet=\u00a0\u00bb1&Prime; loop=\u00a0\u00bbon\u00a0\u00bb autoplay=\u00a0\u00bbon\u00a0\u00bb autospeed=\u00a0\u00bb3500&Prime; dots=\u00a0\u00bbon\u00a0\u00bb dots_color=\u00a0\u00bbgcid-cca90ba6-297c-4d63-9e2c-8201011ef870&Prime; active_dots_color=\u00a0\u00bbgcid-b1ace166-c11d-4c70-a679-55884e9ca298&Prime; item_wrapper_padding=\u00a0\u00bb||20px||false|false\u00a0\u00bb admin_label=\u00a0\u00bbFormaci\u00f3n, hemeroteca y formaci\u00f3n\u00a0\u00bb module_class=\u00a0\u00bbextiendeenlacedeboton\u00a0\u00bb _builder_version=\u00a0\u00bb4.27.4&Prime; _module_preset=\u00a0\u00bbdefault\u00a0\u00bb module_alignment=\u00a0\u00bbcenter\u00a0\u00bb custom_margin=\u00a0\u00bb||||false|false\u00a0\u00bb global_module=\u00a0\u00bb51721&Prime; saved_tabs=\u00a0\u00bball\u00a0\u00bb global_colors_info=\u00a0\u00bb{%22gcid-cca90ba6-297c-4d63-9e2c-8201011ef870%22:%91%22dots_color%22%93,%22gcid-b1ace166-c11d-4c70-a679-55884e9ca298%22:%91%22active_dots_color%22%93}\u00a0\u00bb custom_margin__hover_enabled=\u00a0\u00bbon|hover\u00a0\u00bb custom_margin__hover=\u00a0\u00bb||||false|false\u00a0\u00bb][difl_imagecarouselitem admin_label=\u00a0\u00bbFormaci\u00f3n\u00a0\u00bb image=\u00a0\u00bbhttps:\/\/www.itakaescolapios.org\/wp-content\/uploads\/2025\/02\/banners-500&#215;500-esp5.jpg\u00a0\u00bb ic_button_button_text=\u00a0\u00bbbot\u00a0\u00bb ic_button_button_url=\u00a0\u00bb\/es\/que-hacemos\/formacion\/\u00a0\u00bb ic_button_button_url_new_window=\u00a0\u00bb1&Prime; _builder_version=\u00a0\u00bb4.27.4&Prime; _module_preset=\u00a0\u00bbdefault\u00a0\u00bb image_en_us=\u00a0\u00bbhttps:\/\/www.itakaescolapios.org\/wp-content\/uploads\/2025\/02\/banners-500&#215;500-eng5.jpg\u00a0\u00bb ic_button_button_text_en_us=\u00a0\u00bbbot\u00a0\u00bb ic_button_button_url_en_us=\u00a0\u00bb\/en\/what-we-do\/training\/\u00a0\u00bb image_fr_fr=\u00a0\u00bbhttps:\/\/www.itakaescolapios.org\/wp-content\/uploads\/2025\/02\/banners-500&#215;500-fra5.jpg\u00a0\u00bb ic_button_button_text_fr_fr=\u00a0\u00bbbot\u00a0\u00bb ic_button_button_url_fr_fr=\u00a0\u00bb\/fr\/que-faisons-nous\/formation\/\u00a0\u00bb image_eu=\u00a0\u00bbhttps:\/\/www.itakaescolapios.org\/wp-content\/uploads\/2025\/02\/banners-500&#215;500-eusk5.jpg\u00a0\u00bb ic_button_button_text_eu=\u00a0\u00bbbot\u00a0\u00bb ic_button_button_url_eu=\u00a0\u00bb\/eu\/zer-egiten-dugu\/prestakuntza\/\u00a0\u00bb image_ca=\u00a0\u00bbhttps:\/\/www.itakaescolapios.org\/wp-content\/uploads\/2025\/02\/banners-500&#215;500-val5.jpg\u00a0\u00bb ic_button_button_text_ca=\u00a0\u00bbbot\u00a0\u00bb ic_button_button_url_ca=\u00a0\u00bb\/ca\/que-fem\/formacio\/\u00a0\u00bb image_pt_br=\u00a0\u00bbhttps:\/\/www.itakaescolapios.org\/wp-content\/uploads\/2025\/02\/banners-500&#215;500-port5.jpg\u00a0\u00bb ic_button_button_text_pt_br=\u00a0\u00bbbot\u00a0\u00bb ic_button_button_url_pt_br=\u00a0\u00bb\/pt\/o-que-fazemos\/formacao\/\u00a0\u00bb global_colors_info=\u00a0\u00bb{}\u00a0\u00bb][\/difl_imagecarouselitem][difl_imagecarouselitem admin_label=\u00a0\u00bbPublicaciones\u00a0\u00bb image=\u00a0\u00bbhttps:\/\/www.itakaescolapios.org\/wp-content\/uploads\/2025\/02\/banners-500&#215;500-esp3-1.jpg\u00a0\u00bb ic_button_button_text=\u00a0\u00bbbot\u00a0\u00bb ic_button_button_url=\u00a0\u00bb\/es\/publicaciones\u00a0\u00bb ic_button_button_url_new_window=\u00a0\u00bb1&Prime; _builder_version=\u00a0\u00bb4.27.4&Prime; _module_preset=\u00a0\u00bbdefault\u00a0\u00bb image_en_us=\u00a0\u00bbhttps:\/\/www.itakaescolapios.org\/wp-content\/uploads\/2025\/02\/banners-500&#215;500-eng3.jpg\u00a0\u00bb ic_button_button_text_en_us=\u00a0\u00bbbot\u00a0\u00bb ic_button_button_url_en_us=\u00a0\u00bb\/en\/publicaciones\u00a0\u00bb image_fr_fr=\u00a0\u00bbhttps:\/\/www.itakaescolapios.org\/wp-content\/uploads\/2025\/02\/banners-500&#215;500-fra3.jpg\u00a0\u00bb ic_button_button_text_fr_fr=\u00a0\u00bbbot\u00a0\u00bb ic_button_button_url_fr_fr=\u00a0\u00bb\/fr\/publicaciones\u00a0\u00bb image_eu=\u00a0\u00bbhttps:\/\/www.itakaescolapios.org\/wp-content\/uploads\/2025\/02\/banners-500&#215;500-eusk3.jpg\u00a0\u00bb ic_button_button_text_eu=\u00a0\u00bbbot\u00a0\u00bb ic_button_button_url_eu=\u00a0\u00bb\/eu\/publicaciones\u00a0\u00bb image_ca=\u00a0\u00bbhttps:\/\/www.itakaescolapios.org\/wp-content\/uploads\/2025\/02\/banners-500&#215;500-val3.jpg\u00a0\u00bb ic_button_button_text_ca=\u00a0\u00bbbot\u00a0\u00bb ic_button_button_url_ca=\u00a0\u00bb\/ca\/publicaciones\u00a0\u00bb image_pt_br=\u00a0\u00bbhttps:\/\/www.itakaescolapios.org\/wp-content\/uploads\/2025\/02\/banners-500&#215;500-port3.jpg\u00a0\u00bb ic_button_button_text_pt_br=\u00a0\u00bbbot\u00a0\u00bb ic_button_button_url_pt_br=\u00a0\u00bb\/pt\/publicaciones\u00a0\u00bb global_colors_info=\u00a0\u00bb{}\u00a0\u00bb][\/difl_imagecarouselitem][difl_imagecarouselitem admin_label=\u00a0\u00bbHemeroteca\u00a0\u00bb image=\u00a0\u00bbhttps:\/\/www.itakaescolapios.org\/wp-content\/uploads\/2025\/02\/banners-500&#215;500-esp4.jpg\u00a0\u00bb ic_button_button_text=\u00a0\u00bbbot\u00a0\u00bb ic_button_button_url=\u00a0\u00bb\/es\/noticias\/\u00a0\u00bb ic_button_button_url_new_window=\u00a0\u00bb1&Prime; _builder_version=\u00a0\u00bb4.27.4&Prime; _module_preset=\u00a0\u00bbdefault\u00a0\u00bb image_en_us=\u00a0\u00bbhttps:\/\/www.itakaescolapios.org\/wp-content\/uploads\/2025\/02\/banners-500&#215;500-eng4.jpg\u00a0\u00bb ic_button_button_text_en_us=\u00a0\u00bbbot\u00a0\u00bb ic_button_button_url_en_us=\u00a0\u00bb7en\/news\/\u00a0\u00bb image_fr_fr=\u00a0\u00bbhttps:\/\/www.itakaescolapios.org\/wp-content\/uploads\/2025\/02\/banners-500&#215;500-fra4.jpg\u00a0\u00bb ic_button_button_text_fr_fr=\u00a0\u00bbbot\u00a0\u00bb ic_button_button_url_fr_fr=\u00a0\u00bb\/fr\/actualites\/\u00a0\u00bb image_eu=\u00a0\u00bbhttps:\/\/www.itakaescolapios.org\/wp-content\/uploads\/2025\/02\/banners-500&#215;500-eusk4.jpg\u00a0\u00bb ic_button_button_text_eu=\u00a0\u00bbbot\u00a0\u00bb ic_button_button_url_eu=\u00a0\u00bb\/eu\/berriak\/\u00a0\u00bb image_ca=\u00a0\u00bbhttps:\/\/www.itakaescolapios.org\/wp-content\/uploads\/2025\/02\/banners-500&#215;500-val4.jpg\u00a0\u00bb ic_button_button_text_ca=\u00a0\u00bbbot\u00a0\u00bb ic_button_button_url_ca=\u00a0\u00bb\/ca\/noticies\/\u00a0\u00bb image_pt_br=\u00a0\u00bbhttps:\/\/www.itakaescolapios.org\/wp-content\/uploads\/2025\/02\/banners-500&#215;500-port4.jpg\u00a0\u00bb ic_button_button_text_pt_br=\u00a0\u00bbbot\u00a0\u00bb ic_button_button_url_pt_br=\u00a0\u00bb\/pt\/novidades\/\u00a0\u00bb global_colors_info=\u00a0\u00bb{}\u00a0\u00bb][\/difl_imagecarouselitem][\/difl_imagecarousel][\/et_pb_column][\/et_pb_section]<\/p>\n","protected":false},"excerpt":{"rendered":"<p>Le 25 mars 2025, le R\u00e9v\u00e9rend P\u00e8re Adalbert Fouda, responsable de la Fondation Itaka-RDC, a sensibilis\u00e9 tous les \u00e9l\u00e8ves du complexe scolaire Saint Joseph Calasanz. L&rsquo;objectif de cette sensibilisation \u00e9tait de faire passer le message et d&rsquo;expliquer aux \u00e9l\u00e8ves le sens de cette campagne de solidarit\u00e9 avec des mots simples et faciles, adapt\u00e9s \u00e0 la compr\u00e9hension des enfants.<\/p>\n","protected":false},"author":69,"featured_media":327261,"comment_status":"closed","ping_status":"closed","sticky":false,"template":"","format":"standard","meta":{"_et_pb_use_builder":"on","_et_pb_old_content":"","_et_gb_content_width":"","footnotes":""},"categories":[337],"tags":[],"class_list":["post-327314","post","type-post","status-publish","format-standard","has-post-thumbnail","hentry","category-r-d-congo"],"yoast_head":"<!-- This site is optimized with the Yoast SEO plugin v27.4 - https:\/\/yoast.com\/product\/yoast-seo-wordpress\/ -->\n<title>Lancement officiel de la Campaigne de Solidarit\u00e9 aux Complexe Scolaire Saint Joseph Calasanz de Kinshasa<\/title>\n<meta name=\"description\" content=\"Le 25 mars 2025, le R\u00e9v\u00e9rend P\u00e8re Adalbert Fouda, responsable de la Fondation Itaka-RDC, a sensibilis\u00e9 tous les \u00e9l\u00e8ves du complexe scolaire Saint Joseph Calasanz. L&#039;objectif de cette sensibilisation \u00e9tait de faire passer le message et d&#039;expliquer aux \u00e9l\u00e8ves le sens de cette campagne de solidarit\u00e9 avec des mots simples et faciles, adapt\u00e9s \u00e0 la compr\u00e9hension des enfants.\" \/>\n<meta name=\"robots\" content=\"index, follow, max-snippet:-1, max-image-preview:large, max-video-preview:-1\" \/>\n<link rel=\"canonical\" href=\"http:\/\/Le%2025%20mars%202025,%20le%20R\u00e9v\u00e9rend%20P\u00e8re%20Adalbert%20Fouda,%20responsable%20de%20la%20Fondation%20Itaka-RDC,%20a%20sensibilis\u00e9%20tous%20les%20\u00e9l\u00e8ves%20du%20complexe%20scolaire%20Saint%20Joseph%20Calasanz.%20L'objectif%20de%20cette%20sensibilisation%20\u00e9tait%20de%20faire%20passer%20le%20message%20et%20d'expliquer%20aux%20\u00e9l\u00e8ves%20le%20sens%20de%20cette%20campagne%20de%20solidarit\u00e9%20avec%20des%20mots%20simples%20et%20faciles,%20adapt\u00e9s%20\u00e0%20la%20compr\u00e9hension%20des%20enfants.\" \/>\n<meta property=\"og:locale\" content=\"fr_FR\" \/>\n<meta property=\"og:type\" content=\"article\" \/>\n<meta property=\"og:title\" content=\"Lancement officiel de la Campaigne de Solidarit\u00e9 aux Complexe Scolaire Saint Joseph Calasanz de Kinshasa\" \/>\n<meta property=\"og:description\" content=\"Le 25 mars 2025, le R\u00e9v\u00e9rend P\u00e8re Adalbert Fouda, responsable de la Fondation Itaka-RDC, a sensibilis\u00e9 tous les \u00e9l\u00e8ves du complexe scolaire Saint Joseph Calasanz. L&#039;objectif de cette sensibilisation \u00e9tait de faire passer le message et d&#039;expliquer aux \u00e9l\u00e8ves le sens de cette campagne de solidarit\u00e9 avec des mots simples et faciles, adapt\u00e9s \u00e0 la compr\u00e9hension des enfants.\" \/>\n<meta property=\"og:url\" content=\"https:\/\/www.itakaescolapios.org\/fr\/2025\/04\/lanzamiento-oficial-de-la-campana-de-solidaridad-en-el-complejo-escolar-san-jose-de-calasanz-de-kinshasa\/\" \/>\n<meta property=\"og:site_name\" content=\"Itaka-Escolapios\" \/>\n<meta property=\"article:published_time\" content=\"2025-04-03T12:23:57+00:00\" \/>\n<meta property=\"article:modified_time\" content=\"2025-04-14T14:23:00+00:00\" \/>\n<meta property=\"og:image\" content=\"https:\/\/www.itakaescolapios.org\/wp-content\/uploads\/2025\/03\/IMG_20250328_112019_740@-1894459090-1.jpg\" \/>\n\t<meta property=\"og:image:width\" content=\"2000\" \/>\n\t<meta property=\"og:image:height\" content=\"1500\" \/>\n\t<meta property=\"og:image:type\" content=\"image\/jpeg\" \/>\n<meta name=\"author\" content=\"Paz Su\u00f1er\" \/>\n<meta name=\"twitter:card\" content=\"summary_large_image\" \/>\n<meta name=\"twitter:label1\" content=\"\u00c9crit par\" \/>\n\t<meta name=\"twitter:data1\" content=\"Paz Su\u00f1er\" \/>\n\t<meta name=\"twitter:label2\" content=\"Dur\u00e9e de lecture estim\u00e9e\" \/>\n\t<meta name=\"twitter:data2\" content=\"5 minutes\" \/>\n<script type=\"application\/ld+json\" class=\"yoast-schema-graph\">{\"@context\":\"https:\\\/\\\/schema.org\",\"@graph\":[{\"@type\":\"Article\",\"@id\":\"https:\\\/\\\/www.itakaescolapios.org\\\/fr\\\/2025\\\/04\\\/lanzamiento-oficial-de-la-campana-de-solidaridad-en-el-complejo-escolar-san-jose-de-calasanz-de-kinshasa\\\/#article\",\"isPartOf\":{\"@id\":\"https:\\\/\\\/www.itakaescolapios.org\\\/fr\\\/2025\\\/04\\\/lanzamiento-oficial-de-la-campana-de-solidaridad-en-el-complejo-escolar-san-jose-de-calasanz-de-kinshasa\\\/\"},\"author\":{\"name\":\"Paz Su\u00f1er\",\"@id\":\"https:\\\/\\\/www.itakaescolapios.org\\\/es\\\/#\\\/schema\\\/person\\\/b4aee0bb1423368fa9a5439a0985739e\"},\"headline\":\"Lancement officiel de la Campaigne de Solidarit\u00e9 aux Complexe Scolaire Saint Joseph Calasanz de Kinshasa\",\"datePublished\":\"2025-04-03T12:23:57+00:00\",\"dateModified\":\"2025-04-14T14:23:00+00:00\",\"mainEntityOfPage\":{\"@id\":\"https:\\\/\\\/www.itakaescolapios.org\\\/fr\\\/2025\\\/04\\\/lanzamiento-oficial-de-la-campana-de-solidaridad-en-el-complejo-escolar-san-jose-de-calasanz-de-kinshasa\\\/\"},\"wordCount\":4045,\"publisher\":{\"@id\":\"https:\\\/\\\/www.itakaescolapios.org\\\/es\\\/#organization\"},\"image\":{\"@id\":\"https:\\\/\\\/www.itakaescolapios.org\\\/fr\\\/2025\\\/04\\\/lanzamiento-oficial-de-la-campana-de-solidaridad-en-el-complejo-escolar-san-jose-de-calasanz-de-kinshasa\\\/#primaryimage\"},\"thumbnailUrl\":\"https:\\\/\\\/www.itakaescolapios.org\\\/wp-content\\\/uploads\\\/2025\\\/03\\\/IMG_20250328_112019_740@-1894459090-1.jpg\",\"articleSection\":[\"R.D. Congo\"],\"inLanguage\":\"fr-FR\"},{\"@type\":\"WebPage\",\"@id\":\"https:\\\/\\\/www.itakaescolapios.org\\\/fr\\\/2025\\\/04\\\/lanzamiento-oficial-de-la-campana-de-solidaridad-en-el-complejo-escolar-san-jose-de-calasanz-de-kinshasa\\\/\",\"url\":\"https:\\\/\\\/www.itakaescolapios.org\\\/fr\\\/2025\\\/04\\\/lanzamiento-oficial-de-la-campana-de-solidaridad-en-el-complejo-escolar-san-jose-de-calasanz-de-kinshasa\\\/\",\"name\":\"LANZAMIENTO OFICIAL DE LA CAMPA\u00d1A DE SOLIDARIDAD EN EL COMPLEJO ESCOLAR SAN JOS\u00c9 DE CALASANZ DE KINSHASA - Itaka-Escolapios\",\"isPartOf\":{\"@id\":\"https:\\\/\\\/www.itakaescolapios.org\\\/es\\\/#website\"},\"primaryImageOfPage\":{\"@id\":\"https:\\\/\\\/www.itakaescolapios.org\\\/fr\\\/2025\\\/04\\\/lanzamiento-oficial-de-la-campana-de-solidaridad-en-el-complejo-escolar-san-jose-de-calasanz-de-kinshasa\\\/#primaryimage\"},\"image\":{\"@id\":\"https:\\\/\\\/www.itakaescolapios.org\\\/fr\\\/2025\\\/04\\\/lanzamiento-oficial-de-la-campana-de-solidaridad-en-el-complejo-escolar-san-jose-de-calasanz-de-kinshasa\\\/#primaryimage\"},\"thumbnailUrl\":\"https:\\\/\\\/www.itakaescolapios.org\\\/wp-content\\\/uploads\\\/2025\\\/03\\\/IMG_20250328_112019_740@-1894459090-1.jpg\",\"datePublished\":\"2025-04-03T12:23:57+00:00\",\"dateModified\":\"2025-04-14T14:23:00+00:00\",\"breadcrumb\":{\"@id\":\"https:\\\/\\\/www.itakaescolapios.org\\\/fr\\\/2025\\\/04\\\/lanzamiento-oficial-de-la-campana-de-solidaridad-en-el-complejo-escolar-san-jose-de-calasanz-de-kinshasa\\\/#breadcrumb\"},\"inLanguage\":\"fr-FR\",\"potentialAction\":[{\"@type\":\"ReadAction\",\"target\":[\"https:\\\/\\\/www.itakaescolapios.org\\\/fr\\\/2025\\\/04\\\/lanzamiento-oficial-de-la-campana-de-solidaridad-en-el-complejo-escolar-san-jose-de-calasanz-de-kinshasa\\\/\"]}]},{\"@type\":\"ImageObject\",\"inLanguage\":\"fr-FR\",\"@id\":\"https:\\\/\\\/www.itakaescolapios.org\\\/fr\\\/2025\\\/04\\\/lanzamiento-oficial-de-la-campana-de-solidaridad-en-el-complejo-escolar-san-jose-de-calasanz-de-kinshasa\\\/#primaryimage\",\"url\":\"https:\\\/\\\/www.itakaescolapios.org\\\/wp-content\\\/uploads\\\/2025\\\/03\\\/IMG_20250328_112019_740@-1894459090-1.jpg\",\"contentUrl\":\"https:\\\/\\\/www.itakaescolapios.org\\\/wp-content\\\/uploads\\\/2025\\\/03\\\/IMG_20250328_112019_740@-1894459090-1.jpg\",\"width\":2000,\"height\":1500},{\"@type\":\"BreadcrumbList\",\"@id\":\"https:\\\/\\\/www.itakaescolapios.org\\\/fr\\\/2025\\\/04\\\/lanzamiento-oficial-de-la-campana-de-solidaridad-en-el-complejo-escolar-san-jose-de-calasanz-de-kinshasa\\\/#breadcrumb\",\"itemListElement\":[{\"@type\":\"ListItem\",\"position\":1,\"name\":\"Itaka-Escolapios\",\"item\":\"https:\\\/\\\/www.itakaescolapios.org\\\/es\\\/\"},{\"@type\":\"ListItem\",\"position\":2,\"name\":\"Lancement officiel de la Campaigne de Solidarit\u00e9 aux Complexe Scolaire Saint Joseph Calasanz de Kinshasa\"}]},{\"@type\":\"WebSite\",\"@id\":\"https:\\\/\\\/www.itakaescolapios.org\\\/fr\\\/es\\\/#website\",\"url\":\"https:\\\/\\\/www.itakaescolapios.org\\\/fr\\\/es\\\/\",\"name\":\"Itaka-Escolapios\",\"description\":\"Red de Itaka-Escolapios\",\"publisher\":{\"@id\":\"https:\\\/\\\/www.itakaescolapios.org\\\/fr\\\/es\\\/#organization\"},\"potentialAction\":[{\"@type\":\"SearchAction\",\"target\":{\"@type\":\"EntryPoint\",\"urlTemplate\":\"https:\\\/\\\/www.itakaescolapios.org\\\/fr\\\/es\\\/?s={search_term_string}\"},\"query-input\":{\"@type\":\"PropertyValueSpecification\",\"valueRequired\":true,\"valueName\":\"search_term_string\"}}],\"inLanguage\":\"fr-FR\"},{\"@type\":\"Organization\",\"@id\":\"https:\\\/\\\/www.itakaescolapios.org\\\/fr\\\/es\\\/#organization\",\"name\":\"Fundaci\u00f3 Itaka-Escolapios\",\"url\":\"https:\\\/\\\/www.itakaescolapios.org\\\/fr\\\/es\\\/\",\"logo\":{\"@type\":\"ImageObject\",\"inLanguage\":\"fr-FR\",\"@id\":\"https:\\\/\\\/www.itakaescolapios.org\\\/fr\\\/es\\\/#\\\/schema\\\/logo\\\/image\\\/\",\"url\":\"https:\\\/\\\/www.itakaescolapios.org\\\/wp-content\\\/uploads\\\/2024\\\/04\\\/Logo-itakaescolapios-peque.png\",\"contentUrl\":\"https:\\\/\\\/www.itakaescolapios.org\\\/wp-content\\\/uploads\\\/2024\\\/04\\\/Logo-itakaescolapios-peque.png\",\"width\":500,\"height\":199,\"caption\":\"Fundaci\u00f3 Itaka-Escolapios\"},\"image\":{\"@id\":\"https:\\\/\\\/www.itakaescolapios.org\\\/fr\\\/es\\\/#\\\/schema\\\/logo\\\/image\\\/\"}},{\"@type\":\"Person\",\"@id\":\"https:\\\/\\\/www.itakaescolapios.org\\\/es\\\/#\\\/schema\\\/person\\\/b4aee0bb1423368fa9a5439a0985739e\",\"name\":\"Paz Su\u00f1er\",\"url\":\"https:\\\/\\\/www.itakaescolapios.org\\\/fr\\\/author\\\/pazsuner\\\/\"}]}<\/script>\n<!-- \/ Yoast SEO plugin. -->","yoast_head_json":{"title":"Lancement officiel de la Campaigne de Solidarit\u00e9 aux Complexe Scolaire Saint Joseph Calasanz de Kinshasa","description":"Le 25 mars 2025, le R\u00e9v\u00e9rend P\u00e8re Adalbert Fouda, responsable de la Fondation Itaka-RDC, a sensibilis\u00e9 tous les \u00e9l\u00e8ves du complexe scolaire Saint Joseph Calasanz. L'objectif de cette sensibilisation \u00e9tait de faire passer le message et d'expliquer aux \u00e9l\u00e8ves le sens de cette campagne de solidarit\u00e9 avec des mots simples et faciles, adapt\u00e9s \u00e0 la compr\u00e9hension des enfants.","robots":{"index":"index","follow":"follow","max-snippet":"max-snippet:-1","max-image-preview":"max-image-preview:large","max-video-preview":"max-video-preview:-1"},"canonical":"Le 25 mars 2025, le R\u00e9v\u00e9rend P\u00e8re Adalbert Fouda, responsable de la Fondation Itaka-RDC, a sensibilis\u00e9 tous les \u00e9l\u00e8ves du complexe scolaire Saint Joseph Calasanz. L'objectif de cette sensibilisation \u00e9tait de faire passer le message et d'expliquer aux \u00e9l\u00e8ves le sens de cette campagne de solidarit\u00e9 avec des mots simples et faciles, adapt\u00e9s \u00e0 la compr\u00e9hension des enfants.","og_locale":"fr_FR","og_type":"article","og_title":"Lancement officiel de la Campaigne de Solidarit\u00e9 aux Complexe Scolaire Saint Joseph Calasanz de Kinshasa","og_description":"Le 25 mars 2025, le R\u00e9v\u00e9rend P\u00e8re Adalbert Fouda, responsable de la Fondation Itaka-RDC, a sensibilis\u00e9 tous les \u00e9l\u00e8ves du complexe scolaire Saint Joseph Calasanz. L'objectif de cette sensibilisation \u00e9tait de faire passer le message et d'expliquer aux \u00e9l\u00e8ves le sens de cette campagne de solidarit\u00e9 avec des mots simples et faciles, adapt\u00e9s \u00e0 la compr\u00e9hension des enfants.","og_url":"https:\/\/www.itakaescolapios.org\/fr\/2025\/04\/lanzamiento-oficial-de-la-campana-de-solidaridad-en-el-complejo-escolar-san-jose-de-calasanz-de-kinshasa\/","og_site_name":"Itaka-Escolapios","article_published_time":"2025-04-03T12:23:57+00:00","article_modified_time":"2025-04-14T14:23:00+00:00","og_image":[{"width":2000,"height":1500,"url":"https:\/\/www.itakaescolapios.org\/wp-content\/uploads\/2025\/03\/IMG_20250328_112019_740@-1894459090-1.jpg","type":"image\/jpeg"}],"author":"Paz Su\u00f1er","twitter_card":"summary_large_image","twitter_misc":{"\u00c9crit par":"Paz Su\u00f1er","Dur\u00e9e de lecture estim\u00e9e":"5 minutes"},"schema":{"@context":"https:\/\/schema.org","@graph":[{"@type":"Article","@id":"https:\/\/www.itakaescolapios.org\/fr\/2025\/04\/lanzamiento-oficial-de-la-campana-de-solidaridad-en-el-complejo-escolar-san-jose-de-calasanz-de-kinshasa\/#article","isPartOf":{"@id":"https:\/\/www.itakaescolapios.org\/fr\/2025\/04\/lanzamiento-oficial-de-la-campana-de-solidaridad-en-el-complejo-escolar-san-jose-de-calasanz-de-kinshasa\/"},"author":{"name":"Paz Su\u00f1er","@id":"https:\/\/www.itakaescolapios.org\/es\/#\/schema\/person\/b4aee0bb1423368fa9a5439a0985739e"},"headline":"Lancement officiel de la Campaigne de Solidarit\u00e9 aux Complexe Scolaire Saint Joseph Calasanz de Kinshasa","datePublished":"2025-04-03T12:23:57+00:00","dateModified":"2025-04-14T14:23:00+00:00","mainEntityOfPage":{"@id":"https:\/\/www.itakaescolapios.org\/fr\/2025\/04\/lanzamiento-oficial-de-la-campana-de-solidaridad-en-el-complejo-escolar-san-jose-de-calasanz-de-kinshasa\/"},"wordCount":4045,"publisher":{"@id":"https:\/\/www.itakaescolapios.org\/es\/#organization"},"image":{"@id":"https:\/\/www.itakaescolapios.org\/fr\/2025\/04\/lanzamiento-oficial-de-la-campana-de-solidaridad-en-el-complejo-escolar-san-jose-de-calasanz-de-kinshasa\/#primaryimage"},"thumbnailUrl":"https:\/\/www.itakaescolapios.org\/wp-content\/uploads\/2025\/03\/IMG_20250328_112019_740@-1894459090-1.jpg","articleSection":["R.D. Congo"],"inLanguage":"fr-FR"},{"@type":"WebPage","@id":"https:\/\/www.itakaescolapios.org\/fr\/2025\/04\/lanzamiento-oficial-de-la-campana-de-solidaridad-en-el-complejo-escolar-san-jose-de-calasanz-de-kinshasa\/","url":"https:\/\/www.itakaescolapios.org\/fr\/2025\/04\/lanzamiento-oficial-de-la-campana-de-solidaridad-en-el-complejo-escolar-san-jose-de-calasanz-de-kinshasa\/","name":"LANZAMIENTO OFICIAL DE LA CAMPA\u00d1A DE SOLIDARIDAD EN EL COMPLEJO ESCOLAR SAN JOS\u00c9 DE CALASANZ DE KINSHASA - Itaka-Escolapios","isPartOf":{"@id":"https:\/\/www.itakaescolapios.org\/es\/#website"},"primaryImageOfPage":{"@id":"https:\/\/www.itakaescolapios.org\/fr\/2025\/04\/lanzamiento-oficial-de-la-campana-de-solidaridad-en-el-complejo-escolar-san-jose-de-calasanz-de-kinshasa\/#primaryimage"},"image":{"@id":"https:\/\/www.itakaescolapios.org\/fr\/2025\/04\/lanzamiento-oficial-de-la-campana-de-solidaridad-en-el-complejo-escolar-san-jose-de-calasanz-de-kinshasa\/#primaryimage"},"thumbnailUrl":"https:\/\/www.itakaescolapios.org\/wp-content\/uploads\/2025\/03\/IMG_20250328_112019_740@-1894459090-1.jpg","datePublished":"2025-04-03T12:23:57+00:00","dateModified":"2025-04-14T14:23:00+00:00","breadcrumb":{"@id":"https:\/\/www.itakaescolapios.org\/fr\/2025\/04\/lanzamiento-oficial-de-la-campana-de-solidaridad-en-el-complejo-escolar-san-jose-de-calasanz-de-kinshasa\/#breadcrumb"},"inLanguage":"fr-FR","potentialAction":[{"@type":"ReadAction","target":["https:\/\/www.itakaescolapios.org\/fr\/2025\/04\/lanzamiento-oficial-de-la-campana-de-solidaridad-en-el-complejo-escolar-san-jose-de-calasanz-de-kinshasa\/"]}]},{"@type":"ImageObject","inLanguage":"fr-FR","@id":"https:\/\/www.itakaescolapios.org\/fr\/2025\/04\/lanzamiento-oficial-de-la-campana-de-solidaridad-en-el-complejo-escolar-san-jose-de-calasanz-de-kinshasa\/#primaryimage","url":"https:\/\/www.itakaescolapios.org\/wp-content\/uploads\/2025\/03\/IMG_20250328_112019_740@-1894459090-1.jpg","contentUrl":"https:\/\/www.itakaescolapios.org\/wp-content\/uploads\/2025\/03\/IMG_20250328_112019_740@-1894459090-1.jpg","width":2000,"height":1500},{"@type":"BreadcrumbList","@id":"https:\/\/www.itakaescolapios.org\/fr\/2025\/04\/lanzamiento-oficial-de-la-campana-de-solidaridad-en-el-complejo-escolar-san-jose-de-calasanz-de-kinshasa\/#breadcrumb","itemListElement":[{"@type":"ListItem","position":1,"name":"Itaka-Escolapios","item":"https:\/\/www.itakaescolapios.org\/es\/"},{"@type":"ListItem","position":2,"name":"Lancement officiel de la Campaigne de Solidarit\u00e9 aux Complexe Scolaire Saint Joseph Calasanz de Kinshasa"}]},{"@type":"WebSite","@id":"https:\/\/www.itakaescolapios.org\/fr\/es\/#website","url":"https:\/\/www.itakaescolapios.org\/fr\/es\/","name":"Itaka-Escolapios","description":"Red de Itaka-Escolapios","publisher":{"@id":"https:\/\/www.itakaescolapios.org\/fr\/es\/#organization"},"potentialAction":[{"@type":"SearchAction","target":{"@type":"EntryPoint","urlTemplate":"https:\/\/www.itakaescolapios.org\/fr\/es\/?s={search_term_string}"},"query-input":{"@type":"PropertyValueSpecification","valueRequired":true,"valueName":"search_term_string"}}],"inLanguage":"fr-FR"},{"@type":"Organization","@id":"https:\/\/www.itakaescolapios.org\/fr\/es\/#organization","name":"Fundaci\u00f3 Itaka-Escolapios","url":"https:\/\/www.itakaescolapios.org\/fr\/es\/","logo":{"@type":"ImageObject","inLanguage":"fr-FR","@id":"https:\/\/www.itakaescolapios.org\/fr\/es\/#\/schema\/logo\/image\/","url":"https:\/\/www.itakaescolapios.org\/wp-content\/uploads\/2024\/04\/Logo-itakaescolapios-peque.png","contentUrl":"https:\/\/www.itakaescolapios.org\/wp-content\/uploads\/2024\/04\/Logo-itakaescolapios-peque.png","width":500,"height":199,"caption":"Fundaci\u00f3 Itaka-Escolapios"},"image":{"@id":"https:\/\/www.itakaescolapios.org\/fr\/es\/#\/schema\/logo\/image\/"}},{"@type":"Person","@id":"https:\/\/www.itakaescolapios.org\/es\/#\/schema\/person\/b4aee0bb1423368fa9a5439a0985739e","name":"Paz Su\u00f1er","url":"https:\/\/www.itakaescolapios.org\/fr\/author\/pazsuner\/"}]}},"_links":{"self":[{"href":"https:\/\/www.itakaescolapios.org\/fr\/wp-json\/wp\/v2\/posts\/327314","targetHints":{"allow":["GET"]}}],"collection":[{"href":"https:\/\/www.itakaescolapios.org\/fr\/wp-json\/wp\/v2\/posts"}],"about":[{"href":"https:\/\/www.itakaescolapios.org\/fr\/wp-json\/wp\/v2\/types\/post"}],"author":[{"embeddable":true,"href":"https:\/\/www.itakaescolapios.org\/fr\/wp-json\/wp\/v2\/users\/69"}],"replies":[{"embeddable":true,"href":"https:\/\/www.itakaescolapios.org\/fr\/wp-json\/wp\/v2\/comments?post=327314"}],"version-history":[{"count":7,"href":"https:\/\/www.itakaescolapios.org\/fr\/wp-json\/wp\/v2\/posts\/327314\/revisions"}],"predecessor-version":[{"id":327599,"href":"https:\/\/www.itakaescolapios.org\/fr\/wp-json\/wp\/v2\/posts\/327314\/revisions\/327599"}],"wp:featuredmedia":[{"embeddable":true,"href":"https:\/\/www.itakaescolapios.org\/fr\/wp-json\/wp\/v2\/media\/327261"}],"wp:attachment":[{"href":"https:\/\/www.itakaescolapios.org\/fr\/wp-json\/wp\/v2\/media?parent=327314"}],"wp:term":[{"taxonomy":"category","embeddable":true,"href":"https:\/\/www.itakaescolapios.org\/fr\/wp-json\/wp\/v2\/categories?post=327314"},{"taxonomy":"post_tag","embeddable":true,"href":"https:\/\/www.itakaescolapios.org\/fr\/wp-json\/wp\/v2\/tags?post=327314"}],"curies":[{"name":"wp","href":"https:\/\/api.w.org\/{rel}","templated":true}]}}