{"id":32832,"date":"2021-04-23T08:27:36","date_gmt":"2021-04-23T07:27:36","guid":{"rendered":"https:\/\/www.itakaescolapios.org\/?p=32832"},"modified":"2023-11-28T12:36:02","modified_gmt":"2023-11-28T11:36:02","slug":"africa-central-celebra-el-dia-de-la-tierra-y-continua-con-sus-actividades-de-la-campana-de-solidaridad-escolapia","status":"publish","type":"post","link":"https:\/\/www.itakaescolapios.org\/fr\/2021\/04\/africa-central-celebra-el-dia-de-la-tierra-y-continua-con-sus-actividades-de-la-campana-de-solidaridad-escolapia\/","title":{"rendered":"L'Afrique centrale c\u00e9l\u00e8bre la Journ\u00e9e de la Terre et poursuit les activit\u00e9s de sa campagne de solidarit\u00e9 piariste."},"content":{"rendered":"<p>Le r\u00e9seau international ITAKA Escolapios s&rsquo;est joint au reste du monde pour c\u00e9l\u00e9brer en ce jour, la journ\u00e9e internationale de protection de la Terre. Au niveau de la Province Piariste d&rsquo;Afrique Centrale, nous avons initi\u00e9 une s\u00e9rie d&rsquo;activit\u00e9s notamment une sensibilisation pour le respect et la protection de la plan\u00e8te, ensuite une dynamique de pr\u00e9sentation faite par les \u00e9l\u00e8ves en guise de r\u00e9ception du message du jour et enfin nettoyage, jardinage, d\u00e9sherbage etc.<br \/>\nUne activit\u00e9 \u00e0 encourager pour bien entendu aider nos enfants, futurs leaders de demain \u00e0 avoir une conscience \u00e9cologique.<\/p>\n\n\t\t<style type=\"text\/css\">\n\t\t\t#gallery-1 {\n\t\t\t\tmargin: auto;\n\t\t\t}\n\t\t\t#gallery-1 .gallery-item {\n\t\t\t\tfloat: left;\n\t\t\t\tmargin-top: 10px;\n\t\t\t\ttext-align: center;\n\t\t\t\twidth: 33%;\n\t\t\t}\n\t\t\t#gallery-1 img {\n\t\t\t\tborder: 2px solid #cfcfcf;\n\t\t\t}\n\t\t\t#gallery-1 .gallery-caption {\n\t\t\t\tmargin-left: 0;\n\t\t\t}\n\t\t\t\/* see gallery_shortcode() in wp-includes\/media.php *\/\n\t\t<\/style>\n\t\t<div id='gallery-1' class='gallery galleryid-32832 gallery-columns-3 gallery-size-thumbnail'><dl class='gallery-item'>\n\t\t\t<dt class='gallery-icon landscape'>\n\t\t\t\t<a href='https:\/\/www.itakaescolapios.org\/fr\/whatsapp-image-2021-04-22-at-23-52-09\/'><img decoding=\"async\" width=\"90\" height=\"90\" src=\"https:\/\/www.itakaescolapios.org\/wp-content\/uploads\/2021\/04\/WhatsApp-Image-2021-04-22-at-23.52.09-90x90.jpeg\" class=\"attachment-thumbnail size-thumbnail\" alt=\"\" \/><\/a>\n\t\t\t<\/dt><\/dl><dl class='gallery-item'>\n\t\t\t<dt class='gallery-icon landscape'>\n\t\t\t\t<a href='https:\/\/www.itakaescolapios.org\/fr\/whatsapp-image-2021-04-22-at-23-52-09-5\/'><img decoding=\"async\" width=\"90\" height=\"90\" src=\"https:\/\/www.itakaescolapios.org\/wp-content\/uploads\/2021\/04\/WhatsApp-Image-2021-04-22-at-23.52.09-5-90x90.jpeg\" class=\"attachment-thumbnail size-thumbnail\" alt=\"\" \/><\/a>\n\t\t\t<\/dt><\/dl><dl class='gallery-item'>\n\t\t\t<dt class='gallery-icon portrait'>\n\t\t\t\t<a href='https:\/\/www.itakaescolapios.org\/fr\/whatsapp-image-2021-04-22-at-23-52-09-4\/'><img decoding=\"async\" width=\"90\" height=\"90\" src=\"https:\/\/www.itakaescolapios.org\/wp-content\/uploads\/2021\/04\/WhatsApp-Image-2021-04-22-at-23.52.09-4-90x90.jpeg\" class=\"attachment-thumbnail size-thumbnail\" alt=\"\" \/><\/a>\n\t\t\t<\/dt><\/dl><br style=\"clear: both\" \/><dl class='gallery-item'>\n\t\t\t<dt class='gallery-icon portrait'>\n\t\t\t\t<a href='https:\/\/www.itakaescolapios.org\/fr\/whatsapp-image-2021-04-22-at-23-52-09-3\/'><img decoding=\"async\" width=\"90\" height=\"90\" src=\"https:\/\/www.itakaescolapios.org\/wp-content\/uploads\/2021\/04\/WhatsApp-Image-2021-04-22-at-23.52.09-3-90x90.jpeg\" class=\"attachment-thumbnail size-thumbnail\" alt=\"\" \/><\/a>\n\t\t\t<\/dt><\/dl><dl class='gallery-item'>\n\t\t\t<dt class='gallery-icon landscape'>\n\t\t\t\t<a href='https:\/\/www.itakaescolapios.org\/fr\/whatsapp-image-2021-04-22-at-23-52-09-1\/'><img decoding=\"async\" width=\"90\" height=\"90\" src=\"https:\/\/www.itakaescolapios.org\/wp-content\/uploads\/2021\/04\/WhatsApp-Image-2021-04-22-at-23.52.09-1-90x90.jpeg\" class=\"attachment-thumbnail size-thumbnail\" alt=\"\" \/><\/a>\n\t\t\t<\/dt><\/dl><dl class='gallery-item'>\n\t\t\t<dt class='gallery-icon landscape'>\n\t\t\t\t<a href='https:\/\/www.itakaescolapios.org\/fr\/whatsapp-image-2021-04-22-at-23-52-09-2\/'><img decoding=\"async\" width=\"90\" height=\"90\" src=\"https:\/\/www.itakaescolapios.org\/wp-content\/uploads\/2021\/04\/WhatsApp-Image-2021-04-22-at-23.52.09-2-90x90.jpeg\" class=\"attachment-thumbnail size-thumbnail\" alt=\"\" \/><\/a>\n\t\t\t<\/dt><\/dl><br style=\"clear: both\" \/><dl class='gallery-item'>\n\t\t\t<dt class='gallery-icon landscape'>\n\t\t\t\t<a href='https:\/\/www.itakaescolapios.org\/fr\/whatsapp-image-2021-04-22-at-23-52-08\/'><img decoding=\"async\" width=\"90\" height=\"90\" src=\"https:\/\/www.itakaescolapios.org\/wp-content\/uploads\/2021\/04\/WhatsApp-Image-2021-04-22-at-23.52.08-90x90.jpeg\" class=\"attachment-thumbnail size-thumbnail\" alt=\"\" \/><\/a>\n\t\t\t<\/dt><\/dl><dl class='gallery-item'>\n\t\t\t<dt class='gallery-icon landscape'>\n\t\t\t\t<a href='https:\/\/www.itakaescolapios.org\/fr\/whatsapp-image-2021-04-22-at-23-52-08-5\/'><img decoding=\"async\" width=\"90\" height=\"90\" src=\"https:\/\/www.itakaescolapios.org\/wp-content\/uploads\/2021\/04\/WhatsApp-Image-2021-04-22-at-23.52.08-5-90x90.jpeg\" class=\"attachment-thumbnail size-thumbnail\" alt=\"\" \/><\/a>\n\t\t\t<\/dt><\/dl><dl class='gallery-item'>\n\t\t\t<dt class='gallery-icon landscape'>\n\t\t\t\t<a href='https:\/\/www.itakaescolapios.org\/fr\/whatsapp-image-2021-04-22-at-23-52-07-2\/'><img decoding=\"async\" width=\"90\" height=\"90\" src=\"https:\/\/www.itakaescolapios.org\/wp-content\/uploads\/2021\/04\/WhatsApp-Image-2021-04-22-at-23.52.07-2-90x90.jpeg\" class=\"attachment-thumbnail size-thumbnail\" alt=\"\" \/><\/a>\n\t\t\t<\/dt><\/dl><br style=\"clear: both\" \/><dl class='gallery-item'>\n\t\t\t<dt class='gallery-icon landscape'>\n\t\t\t\t<a href='https:\/\/www.itakaescolapios.org\/fr\/whatsapp-image-2021-04-22-at-23-52-07-5\/'><img decoding=\"async\" width=\"90\" height=\"90\" src=\"https:\/\/www.itakaescolapios.org\/wp-content\/uploads\/2021\/04\/WhatsApp-Image-2021-04-22-at-23.52.07-5-90x90.jpeg\" class=\"attachment-thumbnail size-thumbnail\" alt=\"\" \/><\/a>\n\t\t\t<\/dt><\/dl><dl class='gallery-item'>\n\t\t\t<dt class='gallery-icon landscape'>\n\t\t\t\t<a href='https:\/\/www.itakaescolapios.org\/fr\/whatsapp-image-2021-04-22-at-23-52-07-4\/'><img decoding=\"async\" width=\"90\" height=\"90\" src=\"https:\/\/www.itakaescolapios.org\/wp-content\/uploads\/2021\/04\/WhatsApp-Image-2021-04-22-at-23.52.07-4-90x90.jpeg\" class=\"attachment-thumbnail size-thumbnail\" alt=\"\" \/><\/a>\n\t\t\t<\/dt><\/dl><dl class='gallery-item'>\n\t\t\t<dt class='gallery-icon landscape'>\n\t\t\t\t<a href='https:\/\/www.itakaescolapios.org\/fr\/whatsapp-image-2021-04-22-at-23-52-07\/'><img decoding=\"async\" width=\"90\" height=\"90\" src=\"https:\/\/www.itakaescolapios.org\/wp-content\/uploads\/2021\/04\/WhatsApp-Image-2021-04-22-at-23.52.07-90x90.jpeg\" class=\"attachment-thumbnail size-thumbnail\" alt=\"\" \/><\/a>\n\t\t\t<\/dt><\/dl><br style=\"clear: both\" \/><dl class='gallery-item'>\n\t\t\t<dt class='gallery-icon landscape'>\n\t\t\t\t<a href='https:\/\/www.itakaescolapios.org\/fr\/whatsapp-image-2021-04-22-at-23-52-08-2\/'><img decoding=\"async\" width=\"90\" height=\"90\" src=\"https:\/\/www.itakaescolapios.org\/wp-content\/uploads\/2021\/04\/WhatsApp-Image-2021-04-22-at-23.52.08-2-90x90.jpeg\" class=\"attachment-thumbnail size-thumbnail\" alt=\"\" \/><\/a>\n\t\t\t<\/dt><\/dl><dl class='gallery-item'>\n\t\t\t<dt class='gallery-icon landscape'>\n\t\t\t\t<a href='https:\/\/www.itakaescolapios.org\/fr\/whatsapp-image-2021-04-22-at-23-52-08-1\/'><img decoding=\"async\" width=\"90\" height=\"90\" src=\"https:\/\/www.itakaescolapios.org\/wp-content\/uploads\/2021\/04\/WhatsApp-Image-2021-04-22-at-23.52.08-1-90x90.jpeg\" class=\"attachment-thumbnail size-thumbnail\" alt=\"\" \/><\/a>\n\t\t\t<\/dt><\/dl><dl class='gallery-item'>\n\t\t\t<dt class='gallery-icon portrait'>\n\t\t\t\t<a href='https:\/\/www.itakaescolapios.org\/fr\/whatsapp-image-2021-04-22-at-23-52-08-4\/'><img decoding=\"async\" width=\"90\" height=\"90\" src=\"https:\/\/www.itakaescolapios.org\/wp-content\/uploads\/2021\/04\/WhatsApp-Image-2021-04-22-at-23.52.08-4-90x90.jpeg\" class=\"attachment-thumbnail size-thumbnail\" alt=\"\" \/><\/a>\n\t\t\t<\/dt><\/dl><br style=\"clear: both\" \/><dl class='gallery-item'>\n\t\t\t<dt class='gallery-icon landscape'>\n\t\t\t\t<a href='https:\/\/www.itakaescolapios.org\/fr\/whatsapp-image-2021-04-22-at-23-52-08-3\/'><img decoding=\"async\" width=\"90\" height=\"90\" src=\"https:\/\/www.itakaescolapios.org\/wp-content\/uploads\/2021\/04\/WhatsApp-Image-2021-04-22-at-23.52.08-3-90x90.jpeg\" class=\"attachment-thumbnail size-thumbnail\" alt=\"\" \/><\/a>\n\t\t\t<\/dt><\/dl><dl class='gallery-item'>\n\t\t\t<dt class='gallery-icon portrait'>\n\t\t\t\t<a href='https:\/\/www.itakaescolapios.org\/fr\/whatsapp-image-2021-04-22-at-23-52-07-3\/'><img decoding=\"async\" width=\"90\" height=\"90\" src=\"https:\/\/www.itakaescolapios.org\/wp-content\/uploads\/2021\/04\/WhatsApp-Image-2021-04-22-at-23.52.07-3-90x90.jpeg\" class=\"attachment-thumbnail size-thumbnail\" alt=\"\" \/><\/a>\n\t\t\t<\/dt><\/dl><dl class='gallery-item'>\n\t\t\t<dt class='gallery-icon landscape'>\n\t\t\t\t<a href='https:\/\/www.itakaescolapios.org\/fr\/whatsapp-image-2021-04-22-at-23-52-07-1\/'><img decoding=\"async\" width=\"90\" height=\"90\" src=\"https:\/\/www.itakaescolapios.org\/wp-content\/uploads\/2021\/04\/WhatsApp-Image-2021-04-22-at-23.52.07-1-90x90.jpeg\" class=\"attachment-thumbnail size-thumbnail\" alt=\"\" \/><\/a>\n\t\t\t<\/dt><\/dl><br style=\"clear: both\" \/><dl class='gallery-item'>\n\t\t\t<dt class='gallery-icon portrait'>\n\t\t\t\t<a href='https:\/\/www.itakaescolapios.org\/fr\/whatsapp-image-2021-04-22-at-23-52-06\/'><img decoding=\"async\" width=\"90\" height=\"90\" src=\"https:\/\/www.itakaescolapios.org\/wp-content\/uploads\/2021\/04\/WhatsApp-Image-2021-04-22-at-23.52.06-90x90.jpeg\" class=\"attachment-thumbnail size-thumbnail\" alt=\"\" \/><\/a>\n\t\t\t<\/dt><\/dl><dl class='gallery-item'>\n\t\t\t<dt class='gallery-icon landscape'>\n\t\t\t\t<a href='https:\/\/www.itakaescolapios.org\/fr\/whatsapp-image-2021-04-22-at-23-52-06-1\/'><img decoding=\"async\" width=\"90\" height=\"90\" src=\"https:\/\/www.itakaescolapios.org\/wp-content\/uploads\/2021\/04\/WhatsApp-Image-2021-04-22-at-23.52.06-1-90x90.jpeg\" class=\"attachment-thumbnail size-thumbnail\" alt=\"\" \/><\/a>\n\t\t\t<\/dt><\/dl>\n\t\t\t<br style='clear: both' \/>\n\t\t<\/div>\n\n","protected":false},"excerpt":{"rendered":"<p>Le r\u00e9seau international ITAKA Escolapios s&rsquo;est joint au reste du monde pour c\u00e9l\u00e9brer en ce jour, la journ\u00e9e internationale de protection de la Terre. Au niveau de la Province Piariste [&hellip;]<\/p>\n","protected":false},"author":4,"featured_media":32849,"comment_status":"closed","ping_status":"closed","sticky":false,"template":"","format":"standard","meta":{"_et_pb_use_builder":"","_et_pb_old_content":"","_et_gb_content_width":"","footnotes":""},"categories":[53],"tags":[],"class_list":["post-32832","post","type-post","status-publish","format-standard","has-post-thumbnail","hentry","category-africa-central"],"yoast_head":"<!-- This site is optimized with the Yoast SEO plugin v27.4 - https:\/\/yoast.com\/product\/yoast-seo-wordpress\/ -->\n<title>L&#039;Afrique centrale c\u00e9l\u00e8bre la Journ\u00e9e de la Terre et poursuit les activit\u00e9s de sa campagne de solidarit\u00e9 piariste.<\/title>\n<meta name=\"description\" content=\"Le r\u00e9seau international ITAKA Escolapios s&#039;est joint au reste du monde pour c\u00e9l\u00e9brer en ce jour, la journ\u00e9e internationale de protection de la Terre. Au niveau de la Province Piariste d&#039;Afrique Centrale, nous avons initi\u00e9 une s\u00e9rie d&#039;activit\u00e9s notamment une sensibilisation pour le respect et la protection de la plan\u00e8te, ensuite une dynamique de pr\u00e9sentation\u2026\" \/>\n<meta name=\"robots\" content=\"index, follow, max-snippet:-1, max-image-preview:large, max-video-preview:-1\" \/>\n<link rel=\"canonical\" href=\"http:\/\/Le%20r\u00e9seau%20international%20ITAKA%20Escolapios%20s'est%20joint%20au%20reste%20du%20monde%20pour%20c\u00e9l\u00e9brer%20en%20ce%20jour,%20la%20journ\u00e9e%20internationale%20de%20protection%20de%20la%20Terre.%20Au%20niveau%20de%20la%20Province%20Piariste%20d'Afrique%20Centrale,%20nous%20avons%20initi\u00e9%20une%20s\u00e9rie%20d'activit\u00e9s%20notamment%20une%20sensibilisation%20pour%20le%20respect%20et%20la%20protection%20de%20la%20plan\u00e8te,%20ensuite%20une%20dynamique%20de%20pr\u00e9sentation\u2026\" \/>\n<meta property=\"og:locale\" content=\"fr_FR\" \/>\n<meta property=\"og:type\" content=\"article\" \/>\n<meta property=\"og:title\" content=\"L&#039;Afrique centrale c\u00e9l\u00e8bre la Journ\u00e9e de la Terre et poursuit les activit\u00e9s de sa campagne de solidarit\u00e9 piariste.\" \/>\n<meta property=\"og:description\" content=\"Le r\u00e9seau international ITAKA Escolapios s&#039;est joint au reste du monde pour c\u00e9l\u00e9brer en ce jour, la journ\u00e9e internationale de protection de la Terre. Au niveau de la Province Piariste d&#039;Afrique Centrale, nous avons initi\u00e9 une s\u00e9rie d&#039;activit\u00e9s notamment une sensibilisation pour le respect et la protection de la plan\u00e8te, ensuite une dynamique de pr\u00e9sentation\u2026\" \/>\n<meta property=\"og:url\" content=\"https:\/\/www.itakaescolapios.org\/fr\/2021\/04\/africa-central-celebra-el-dia-de-la-tierra-y-continua-con-sus-actividades-de-la-campana-de-solidaridad-escolapia\/\" \/>\n<meta property=\"og:site_name\" content=\"Itaka-Escolapios\" \/>\n<meta property=\"article:published_time\" content=\"2021-04-23T07:27:36+00:00\" \/>\n<meta property=\"article:modified_time\" content=\"2023-11-28T11:36:02+00:00\" \/>\n<meta property=\"og:image\" content=\"https:\/\/www.itakaescolapios.org\/wp-content\/uploads\/2021\/04\/WhatsApp-Image-2021-04-22-at-23.52.09-2.jpeg\" \/>\n\t<meta property=\"og:image:width\" content=\"1080\" \/>\n\t<meta property=\"og:image:height\" content=\"498\" \/>\n\t<meta property=\"og:image:type\" content=\"image\/jpeg\" \/>\n<meta name=\"author\" content=\"itaka\" \/>\n<meta name=\"twitter:card\" content=\"summary_large_image\" \/>\n<meta name=\"twitter:label1\" content=\"\u00c9crit par\" \/>\n\t<meta name=\"twitter:data1\" content=\"itaka\" \/>\n\t<meta name=\"twitter:label2\" content=\"Dur\u00e9e de lecture estim\u00e9e\" \/>\n\t<meta name=\"twitter:data2\" content=\"1 minute\" \/>\n<script type=\"application\/ld+json\" class=\"yoast-schema-graph\">{\"@context\":\"https:\\\/\\\/schema.org\",\"@graph\":[{\"@type\":\"Article\",\"@id\":\"https:\\\/\\\/www.itakaescolapios.org\\\/fr\\\/2021\\\/04\\\/africa-central-celebra-el-dia-de-la-tierra-y-continua-con-sus-actividades-de-la-campana-de-solidaridad-escolapia\\\/#article\",\"isPartOf\":{\"@id\":\"https:\\\/\\\/www.itakaescolapios.org\\\/fr\\\/2021\\\/04\\\/africa-central-celebra-el-dia-de-la-tierra-y-continua-con-sus-actividades-de-la-campana-de-solidaridad-escolapia\\\/\"},\"author\":{\"name\":\"itaka\",\"@id\":\"https:\\\/\\\/www.itakaescolapios.org\\\/es\\\/#\\\/schema\\\/person\\\/670123daeb1cc31cae1b106740036ccb\"},\"headline\":\"L'Afrique centrale c\u00e9l\u00e8bre la Journ\u00e9e de la Terre et poursuit les activit\u00e9s de sa campagne de solidarit\u00e9 piariste.\",\"datePublished\":\"2021-04-23T07:27:36+00:00\",\"dateModified\":\"2023-11-28T11:36:02+00:00\",\"mainEntityOfPage\":{\"@id\":\"https:\\\/\\\/www.itakaescolapios.org\\\/fr\\\/2021\\\/04\\\/africa-central-celebra-el-dia-de-la-tierra-y-continua-con-sus-actividades-de-la-campana-de-solidaridad-escolapia\\\/\"},\"wordCount\":127,\"publisher\":{\"@id\":\"https:\\\/\\\/www.itakaescolapios.org\\\/es\\\/#organization\"},\"image\":{\"@id\":\"https:\\\/\\\/www.itakaescolapios.org\\\/fr\\\/2021\\\/04\\\/africa-central-celebra-el-dia-de-la-tierra-y-continua-con-sus-actividades-de-la-campana-de-solidaridad-escolapia\\\/#primaryimage\"},\"thumbnailUrl\":\"https:\\\/\\\/www.itakaescolapios.org\\\/wp-content\\\/uploads\\\/2021\\\/04\\\/WhatsApp-Image-2021-04-22-at-23.52.09-2.jpeg\",\"articleSection\":[\"Afrique centrale\"],\"inLanguage\":\"fr-FR\"},{\"@type\":\"WebPage\",\"@id\":\"https:\\\/\\\/www.itakaescolapios.org\\\/fr\\\/2021\\\/04\\\/africa-central-celebra-el-dia-de-la-tierra-y-continua-con-sus-actividades-de-la-campana-de-solidaridad-escolapia\\\/\",\"url\":\"https:\\\/\\\/www.itakaescolapios.org\\\/fr\\\/2021\\\/04\\\/africa-central-celebra-el-dia-de-la-tierra-y-continua-con-sus-actividades-de-la-campana-de-solidaridad-escolapia\\\/\",\"name\":\"\u00c1frica central celebra el d\u00eda de la tierra y continua con sus actividades de la campa\u00f1a de solidaridad escolapia. - Itaka-Escolapios\",\"isPartOf\":{\"@id\":\"https:\\\/\\\/www.itakaescolapios.org\\\/es\\\/#website\"},\"primaryImageOfPage\":{\"@id\":\"https:\\\/\\\/www.itakaescolapios.org\\\/fr\\\/2021\\\/04\\\/africa-central-celebra-el-dia-de-la-tierra-y-continua-con-sus-actividades-de-la-campana-de-solidaridad-escolapia\\\/#primaryimage\"},\"image\":{\"@id\":\"https:\\\/\\\/www.itakaescolapios.org\\\/fr\\\/2021\\\/04\\\/africa-central-celebra-el-dia-de-la-tierra-y-continua-con-sus-actividades-de-la-campana-de-solidaridad-escolapia\\\/#primaryimage\"},\"thumbnailUrl\":\"https:\\\/\\\/www.itakaescolapios.org\\\/wp-content\\\/uploads\\\/2021\\\/04\\\/WhatsApp-Image-2021-04-22-at-23.52.09-2.jpeg\",\"datePublished\":\"2021-04-23T07:27:36+00:00\",\"dateModified\":\"2023-11-28T11:36:02+00:00\",\"breadcrumb\":{\"@id\":\"https:\\\/\\\/www.itakaescolapios.org\\\/fr\\\/2021\\\/04\\\/africa-central-celebra-el-dia-de-la-tierra-y-continua-con-sus-actividades-de-la-campana-de-solidaridad-escolapia\\\/#breadcrumb\"},\"inLanguage\":\"fr-FR\",\"potentialAction\":[{\"@type\":\"ReadAction\",\"target\":[\"https:\\\/\\\/www.itakaescolapios.org\\\/fr\\\/2021\\\/04\\\/africa-central-celebra-el-dia-de-la-tierra-y-continua-con-sus-actividades-de-la-campana-de-solidaridad-escolapia\\\/\"]}]},{\"@type\":\"ImageObject\",\"inLanguage\":\"fr-FR\",\"@id\":\"https:\\\/\\\/www.itakaescolapios.org\\\/fr\\\/2021\\\/04\\\/africa-central-celebra-el-dia-de-la-tierra-y-continua-con-sus-actividades-de-la-campana-de-solidaridad-escolapia\\\/#primaryimage\",\"url\":\"https:\\\/\\\/www.itakaescolapios.org\\\/wp-content\\\/uploads\\\/2021\\\/04\\\/WhatsApp-Image-2021-04-22-at-23.52.09-2.jpeg\",\"contentUrl\":\"https:\\\/\\\/www.itakaescolapios.org\\\/wp-content\\\/uploads\\\/2021\\\/04\\\/WhatsApp-Image-2021-04-22-at-23.52.09-2.jpeg\",\"width\":1080,\"height\":498},{\"@type\":\"BreadcrumbList\",\"@id\":\"https:\\\/\\\/www.itakaescolapios.org\\\/fr\\\/2021\\\/04\\\/africa-central-celebra-el-dia-de-la-tierra-y-continua-con-sus-actividades-de-la-campana-de-solidaridad-escolapia\\\/#breadcrumb\",\"itemListElement\":[{\"@type\":\"ListItem\",\"position\":1,\"name\":\"Itaka-Escolapios\",\"item\":\"https:\\\/\\\/www.itakaescolapios.org\\\/es\\\/\"},{\"@type\":\"ListItem\",\"position\":2,\"name\":\"L'Afrique centrale c\u00e9l\u00e8bre la Journ\u00e9e de la Terre et poursuit les activit\u00e9s de sa campagne de solidarit\u00e9 piariste.\"}]},{\"@type\":\"WebSite\",\"@id\":\"https:\\\/\\\/www.itakaescolapios.org\\\/fr\\\/es\\\/#website\",\"url\":\"https:\\\/\\\/www.itakaescolapios.org\\\/fr\\\/es\\\/\",\"name\":\"Itaka-Escolapios\",\"description\":\"Red de Itaka-Escolapios\",\"publisher\":{\"@id\":\"https:\\\/\\\/www.itakaescolapios.org\\\/fr\\\/es\\\/#organization\"},\"potentialAction\":[{\"@type\":\"SearchAction\",\"target\":{\"@type\":\"EntryPoint\",\"urlTemplate\":\"https:\\\/\\\/www.itakaescolapios.org\\\/fr\\\/es\\\/?s={search_term_string}\"},\"query-input\":{\"@type\":\"PropertyValueSpecification\",\"valueRequired\":true,\"valueName\":\"search_term_string\"}}],\"inLanguage\":\"fr-FR\"},{\"@type\":\"Organization\",\"@id\":\"https:\\\/\\\/www.itakaescolapios.org\\\/fr\\\/es\\\/#organization\",\"name\":\"Fundaci\u00f3 Itaka-Escolapios\",\"url\":\"https:\\\/\\\/www.itakaescolapios.org\\\/fr\\\/es\\\/\",\"logo\":{\"@type\":\"ImageObject\",\"inLanguage\":\"fr-FR\",\"@id\":\"https:\\\/\\\/www.itakaescolapios.org\\\/fr\\\/es\\\/#\\\/schema\\\/logo\\\/image\\\/\",\"url\":\"https:\\\/\\\/www.itakaescolapios.org\\\/wp-content\\\/uploads\\\/2024\\\/04\\\/Logo-itakaescolapios-peque.png\",\"contentUrl\":\"https:\\\/\\\/www.itakaescolapios.org\\\/wp-content\\\/uploads\\\/2024\\\/04\\\/Logo-itakaescolapios-peque.png\",\"width\":500,\"height\":199,\"caption\":\"Fundaci\u00f3 Itaka-Escolapios\"},\"image\":{\"@id\":\"https:\\\/\\\/www.itakaescolapios.org\\\/fr\\\/es\\\/#\\\/schema\\\/logo\\\/image\\\/\"}},{\"@type\":\"Person\",\"@id\":\"https:\\\/\\\/www.itakaescolapios.org\\\/es\\\/#\\\/schema\\\/person\\\/670123daeb1cc31cae1b106740036ccb\",\"name\":\"itaka\",\"url\":\"https:\\\/\\\/www.itakaescolapios.org\\\/fr\\\/author\\\/itaka\\\/\"}]}<\/script>\n<!-- \/ Yoast SEO plugin. -->","yoast_head_json":{"title":"L'Afrique centrale c\u00e9l\u00e8bre la Journ\u00e9e de la Terre et poursuit les activit\u00e9s de sa campagne de solidarit\u00e9 piariste.","description":"Le r\u00e9seau international ITAKA Escolapios s'est joint au reste du monde pour c\u00e9l\u00e9brer en ce jour, la journ\u00e9e internationale de protection de la Terre. Au niveau de la Province Piariste d'Afrique Centrale, nous avons initi\u00e9 une s\u00e9rie d'activit\u00e9s notamment une sensibilisation pour le respect et la protection de la plan\u00e8te, ensuite une dynamique de pr\u00e9sentation\u2026","robots":{"index":"index","follow":"follow","max-snippet":"max-snippet:-1","max-image-preview":"max-image-preview:large","max-video-preview":"max-video-preview:-1"},"canonical":"Le r\u00e9seau international ITAKA Escolapios s'est joint au reste du monde pour c\u00e9l\u00e9brer en ce jour, la journ\u00e9e internationale de protection de la Terre. Au niveau de la Province Piariste d'Afrique Centrale, nous avons initi\u00e9 une s\u00e9rie d'activit\u00e9s notamment une sensibilisation pour le respect et la protection de la plan\u00e8te, ensuite une dynamique de pr\u00e9sentation\u2026","og_locale":"fr_FR","og_type":"article","og_title":"L'Afrique centrale c\u00e9l\u00e8bre la Journ\u00e9e de la Terre et poursuit les activit\u00e9s de sa campagne de solidarit\u00e9 piariste.","og_description":"Le r\u00e9seau international ITAKA Escolapios s'est joint au reste du monde pour c\u00e9l\u00e9brer en ce jour, la journ\u00e9e internationale de protection de la Terre. Au niveau de la Province Piariste d'Afrique Centrale, nous avons initi\u00e9 une s\u00e9rie d'activit\u00e9s notamment une sensibilisation pour le respect et la protection de la plan\u00e8te, ensuite une dynamique de pr\u00e9sentation\u2026","og_url":"https:\/\/www.itakaescolapios.org\/fr\/2021\/04\/africa-central-celebra-el-dia-de-la-tierra-y-continua-con-sus-actividades-de-la-campana-de-solidaridad-escolapia\/","og_site_name":"Itaka-Escolapios","article_published_time":"2021-04-23T07:27:36+00:00","article_modified_time":"2023-11-28T11:36:02+00:00","og_image":[{"width":1080,"height":498,"url":"https:\/\/www.itakaescolapios.org\/wp-content\/uploads\/2021\/04\/WhatsApp-Image-2021-04-22-at-23.52.09-2.jpeg","type":"image\/jpeg"}],"author":"itaka","twitter_card":"summary_large_image","twitter_misc":{"\u00c9crit par":"itaka","Dur\u00e9e de lecture estim\u00e9e":"1 minute"},"schema":{"@context":"https:\/\/schema.org","@graph":[{"@type":"Article","@id":"https:\/\/www.itakaescolapios.org\/fr\/2021\/04\/africa-central-celebra-el-dia-de-la-tierra-y-continua-con-sus-actividades-de-la-campana-de-solidaridad-escolapia\/#article","isPartOf":{"@id":"https:\/\/www.itakaescolapios.org\/fr\/2021\/04\/africa-central-celebra-el-dia-de-la-tierra-y-continua-con-sus-actividades-de-la-campana-de-solidaridad-escolapia\/"},"author":{"name":"itaka","@id":"https:\/\/www.itakaescolapios.org\/es\/#\/schema\/person\/670123daeb1cc31cae1b106740036ccb"},"headline":"L'Afrique centrale c\u00e9l\u00e8bre la Journ\u00e9e de la Terre et poursuit les activit\u00e9s de sa campagne de solidarit\u00e9 piariste.","datePublished":"2021-04-23T07:27:36+00:00","dateModified":"2023-11-28T11:36:02+00:00","mainEntityOfPage":{"@id":"https:\/\/www.itakaescolapios.org\/fr\/2021\/04\/africa-central-celebra-el-dia-de-la-tierra-y-continua-con-sus-actividades-de-la-campana-de-solidaridad-escolapia\/"},"wordCount":127,"publisher":{"@id":"https:\/\/www.itakaescolapios.org\/es\/#organization"},"image":{"@id":"https:\/\/www.itakaescolapios.org\/fr\/2021\/04\/africa-central-celebra-el-dia-de-la-tierra-y-continua-con-sus-actividades-de-la-campana-de-solidaridad-escolapia\/#primaryimage"},"thumbnailUrl":"https:\/\/www.itakaescolapios.org\/wp-content\/uploads\/2021\/04\/WhatsApp-Image-2021-04-22-at-23.52.09-2.jpeg","articleSection":["Afrique centrale"],"inLanguage":"fr-FR"},{"@type":"WebPage","@id":"https:\/\/www.itakaescolapios.org\/fr\/2021\/04\/africa-central-celebra-el-dia-de-la-tierra-y-continua-con-sus-actividades-de-la-campana-de-solidaridad-escolapia\/","url":"https:\/\/www.itakaescolapios.org\/fr\/2021\/04\/africa-central-celebra-el-dia-de-la-tierra-y-continua-con-sus-actividades-de-la-campana-de-solidaridad-escolapia\/","name":"\u00c1frica central celebra el d\u00eda de la tierra y continua con sus actividades de la campa\u00f1a de solidaridad escolapia. - Itaka-Escolapios","isPartOf":{"@id":"https:\/\/www.itakaescolapios.org\/es\/#website"},"primaryImageOfPage":{"@id":"https:\/\/www.itakaescolapios.org\/fr\/2021\/04\/africa-central-celebra-el-dia-de-la-tierra-y-continua-con-sus-actividades-de-la-campana-de-solidaridad-escolapia\/#primaryimage"},"image":{"@id":"https:\/\/www.itakaescolapios.org\/fr\/2021\/04\/africa-central-celebra-el-dia-de-la-tierra-y-continua-con-sus-actividades-de-la-campana-de-solidaridad-escolapia\/#primaryimage"},"thumbnailUrl":"https:\/\/www.itakaescolapios.org\/wp-content\/uploads\/2021\/04\/WhatsApp-Image-2021-04-22-at-23.52.09-2.jpeg","datePublished":"2021-04-23T07:27:36+00:00","dateModified":"2023-11-28T11:36:02+00:00","breadcrumb":{"@id":"https:\/\/www.itakaescolapios.org\/fr\/2021\/04\/africa-central-celebra-el-dia-de-la-tierra-y-continua-con-sus-actividades-de-la-campana-de-solidaridad-escolapia\/#breadcrumb"},"inLanguage":"fr-FR","potentialAction":[{"@type":"ReadAction","target":["https:\/\/www.itakaescolapios.org\/fr\/2021\/04\/africa-central-celebra-el-dia-de-la-tierra-y-continua-con-sus-actividades-de-la-campana-de-solidaridad-escolapia\/"]}]},{"@type":"ImageObject","inLanguage":"fr-FR","@id":"https:\/\/www.itakaescolapios.org\/fr\/2021\/04\/africa-central-celebra-el-dia-de-la-tierra-y-continua-con-sus-actividades-de-la-campana-de-solidaridad-escolapia\/#primaryimage","url":"https:\/\/www.itakaescolapios.org\/wp-content\/uploads\/2021\/04\/WhatsApp-Image-2021-04-22-at-23.52.09-2.jpeg","contentUrl":"https:\/\/www.itakaescolapios.org\/wp-content\/uploads\/2021\/04\/WhatsApp-Image-2021-04-22-at-23.52.09-2.jpeg","width":1080,"height":498},{"@type":"BreadcrumbList","@id":"https:\/\/www.itakaescolapios.org\/fr\/2021\/04\/africa-central-celebra-el-dia-de-la-tierra-y-continua-con-sus-actividades-de-la-campana-de-solidaridad-escolapia\/#breadcrumb","itemListElement":[{"@type":"ListItem","position":1,"name":"Itaka-Escolapios","item":"https:\/\/www.itakaescolapios.org\/es\/"},{"@type":"ListItem","position":2,"name":"L'Afrique centrale c\u00e9l\u00e8bre la Journ\u00e9e de la Terre et poursuit les activit\u00e9s de sa campagne de solidarit\u00e9 piariste."}]},{"@type":"WebSite","@id":"https:\/\/www.itakaescolapios.org\/fr\/es\/#website","url":"https:\/\/www.itakaescolapios.org\/fr\/es\/","name":"Itaka-Escolapios","description":"Red de Itaka-Escolapios","publisher":{"@id":"https:\/\/www.itakaescolapios.org\/fr\/es\/#organization"},"potentialAction":[{"@type":"SearchAction","target":{"@type":"EntryPoint","urlTemplate":"https:\/\/www.itakaescolapios.org\/fr\/es\/?s={search_term_string}"},"query-input":{"@type":"PropertyValueSpecification","valueRequired":true,"valueName":"search_term_string"}}],"inLanguage":"fr-FR"},{"@type":"Organization","@id":"https:\/\/www.itakaescolapios.org\/fr\/es\/#organization","name":"Fundaci\u00f3 Itaka-Escolapios","url":"https:\/\/www.itakaescolapios.org\/fr\/es\/","logo":{"@type":"ImageObject","inLanguage":"fr-FR","@id":"https:\/\/www.itakaescolapios.org\/fr\/es\/#\/schema\/logo\/image\/","url":"https:\/\/www.itakaescolapios.org\/wp-content\/uploads\/2024\/04\/Logo-itakaescolapios-peque.png","contentUrl":"https:\/\/www.itakaescolapios.org\/wp-content\/uploads\/2024\/04\/Logo-itakaescolapios-peque.png","width":500,"height":199,"caption":"Fundaci\u00f3 Itaka-Escolapios"},"image":{"@id":"https:\/\/www.itakaescolapios.org\/fr\/es\/#\/schema\/logo\/image\/"}},{"@type":"Person","@id":"https:\/\/www.itakaescolapios.org\/es\/#\/schema\/person\/670123daeb1cc31cae1b106740036ccb","name":"itaka","url":"https:\/\/www.itakaescolapios.org\/fr\/author\/itaka\/"}]}},"_links":{"self":[{"href":"https:\/\/www.itakaescolapios.org\/fr\/wp-json\/wp\/v2\/posts\/32832","targetHints":{"allow":["GET"]}}],"collection":[{"href":"https:\/\/www.itakaescolapios.org\/fr\/wp-json\/wp\/v2\/posts"}],"about":[{"href":"https:\/\/www.itakaescolapios.org\/fr\/wp-json\/wp\/v2\/types\/post"}],"author":[{"embeddable":true,"href":"https:\/\/www.itakaescolapios.org\/fr\/wp-json\/wp\/v2\/users\/4"}],"replies":[{"embeddable":true,"href":"https:\/\/www.itakaescolapios.org\/fr\/wp-json\/wp\/v2\/comments?post=32832"}],"version-history":[{"count":5,"href":"https:\/\/www.itakaescolapios.org\/fr\/wp-json\/wp\/v2\/posts\/32832\/revisions"}],"predecessor-version":[{"id":44320,"href":"https:\/\/www.itakaescolapios.org\/fr\/wp-json\/wp\/v2\/posts\/32832\/revisions\/44320"}],"wp:featuredmedia":[{"embeddable":true,"href":"https:\/\/www.itakaescolapios.org\/fr\/wp-json\/wp\/v2\/media\/32849"}],"wp:attachment":[{"href":"https:\/\/www.itakaescolapios.org\/fr\/wp-json\/wp\/v2\/media?parent=32832"}],"wp:term":[{"taxonomy":"category","embeddable":true,"href":"https:\/\/www.itakaescolapios.org\/fr\/wp-json\/wp\/v2\/categories?post=32832"},{"taxonomy":"post_tag","embeddable":true,"href":"https:\/\/www.itakaescolapios.org\/fr\/wp-json\/wp\/v2\/tags?post=32832"}],"curies":[{"name":"wp","href":"https:\/\/api.w.org\/{rel}","templated":true}]}}