{"id":328745,"date":"2025-09-26T09:49:25","date_gmt":"2025-09-26T08:49:25","guid":{"rendered":"https:\/\/www.itakaescolapios.org\/?p=328745"},"modified":"2025-09-26T09:49:33","modified_gmt":"2025-09-26T08:49:33","slug":"visita-de-la-red-a-estados-unidos-y-cuba","status":"publish","type":"post","link":"https:\/\/www.itakaescolapios.org\/fr\/2025\/09\/visita-de-la-red-a-estados-unidos-y-cuba\/","title":{"rendered":"Visite du R\u00e9seau aux \u00c9tats-Unis et \u00e0 Cuba"},"content":{"rendered":"<p>[et_pb_section fb_built=\u00a0\u00bb1&Prime; make_equal=\u00a0\u00bbon\u00a0\u00bb use_custom_gutter=\u00a0\u00bbon\u00a0\u00bb gutter_width=\u00a0\u00bb2&Prime; specialty=\u00a0\u00bbon\u00a0\u00bb _builder_version=\u00a0\u00bb4.24.3&Prime; _module_preset=\u00a0\u00bbdefault\u00a0\u00bb width=\u00a0\u00bb100%\u00a0\u00bb max_width=\u00a0\u00bb100%\u00a0\u00bb module_alignment=\u00a0\u00bbcenter\u00a0\u00bb inner_width=\u00a0\u00bb90%\u00a0\u00bb inner_max_width=\u00a0\u00bb2222px\u00a0\u00bb inner_module_alignment=\u00a0\u00bbcenter\u00a0\u00bb custom_margin=\u00a0\u00bb0px||||false|false\u00a0\u00bb custom_padding=\u00a0\u00bb0px||||false|false\u00a0\u00bb da_disable_devices=\u00a0\u00bboff|off|off\u00a0\u00bb global_colors_info=\u00a0\u00bb{}\u00a0\u00bb theme_builder_area=\u00a0\u00bbpost_content\u00a0\u00bb da_is_popup=\u00a0\u00bboff\u00a0\u00bb da_exit_intent=\u00a0\u00bboff\u00a0\u00bb da_has_close=\u00a0\u00bbon\u00a0\u00bb da_alt_close=\u00a0\u00bboff\u00a0\u00bb da_dark_close=\u00a0\u00bboff\u00a0\u00bb da_not_modal=\u00a0\u00bbon\u00a0\u00bb da_is_singular=\u00a0\u00bboff\u00a0\u00bb da_with_loader=\u00a0\u00bboff\u00a0\u00bb da_has_shadow=\u00a0\u00bbon\u00a0\u00bb][et_pb_column type=\u00a0\u00bb3_4&Prime; specialty_columns=\u00a0\u00bb3&Prime; _builder_version=\u00a0\u00bb4.16&Prime; custom_padding=\u00a0\u00bb|||\u00a0\u00bb global_colors_info=\u00a0\u00bb{}\u00a0\u00bb custom_padding__hover=\u00a0\u00bb|||\u00a0\u00bb theme_builder_area=\u00a0\u00bbpost_content\u00a0\u00bb][et_pb_row_inner custom_padding_last_edited=\u00a0\u00bbon|phone\u00a0\u00bb _builder_version=\u00a0\u00bb4.24.3&Prime; _module_preset=\u00a0\u00bbdefault\u00a0\u00bb module_alignment=\u00a0\u00bbcenter\u00a0\u00bb custom_padding=\u00a0\u00bb|50px|4px||false|false\u00a0\u00bb custom_padding_tablet=\u00a0\u00bb|50px|4px||false|false\u00a0\u00bb custom_padding_phone=\u00a0\u00bb|0px|||false|false\u00a0\u00bb border_color_all=\u00a0\u00bbgcid-b1ace166-c11d-4c70-a679-55884e9ca298&Prime; border_style_all=\u00a0\u00bbdotted\u00a0\u00bb border_width_right=\u00a0\u00bb3px\u00a0\u00bb border_color_right=\u00a0\u00bbgcid-b1ace166-c11d-4c70-a679-55884e9ca298&Prime; border_width_right_tablet=\u00a0\u00bb3px\u00a0\u00bb border_width_right_phone=\u00a0\u00bb0px\u00a0\u00bb border_width_right_last_edited=\u00a0\u00bbon|desktop\u00a0\u00bb collapsed=\u00a0\u00bboff\u00a0\u00bb global_colors_info=\u00a0\u00bb{%22gcid-b1ace166-c11d-4c70-a679-55884e9ca298%22:%91%22border_color_all%22,%22border_color_right%22%93}\u00a0\u00bb theme_builder_area=\u00a0\u00bbpost_content\u00a0\u00bb][et_pb_column_inner saved_specialty_column_type=\u00a0\u00bb3_4&Prime; _builder_version=\u00a0\u00bb4.24.3&Prime; _module_preset=\u00a0\u00bbdefault\u00a0\u00bb global_colors_info=\u00a0\u00bb{}\u00a0\u00bb theme_builder_area=\u00a0\u00bbpost_content\u00a0\u00bb][et_pb_text admin_label=\u00a0\u00bbT\u00cdTULO NOTICIA\u00a0\u00bb _builder_version=\u00a0\u00bb4.27.4&Prime; _module_preset=\u00a0\u00bbdefault\u00a0\u00bb header_font=\u00a0\u00bbTitulo Itaka-Escolapios|700|||||||\u00a0\u00bb header_text_align=\u00a0\u00bbcenter\u00a0\u00bb header_text_color=\u00a0\u00bbgcid-cca90ba6-297c-4d63-9e2c-8201011ef870&Prime; header_font_size=\u00a0\u00bb50px\u00a0\u00bb custom_margin=\u00a0\u00bb||20px||false|false\u00a0\u00bb custom_margin_tablet=\u00a0\u00bb||20px||false|false\u00a0\u00bb custom_margin_phone=\u00a0\u00bb||20px||false|false\u00a0\u00bb custom_margin_last_edited=\u00a0\u00bbon|desktop\u00a0\u00bb hover_enabled=\u00a0\u00bb0&Prime; header_font_size_tablet=\u00a0\u00bb55px\u00a0\u00bb header_font_size_phone=\u00a0\u00bb35px\u00a0\u00bb header_font_size_last_edited=\u00a0\u00bbon|phone\u00a0\u00bb content_en_us=\u00a0\u00bb<\/p>\n<h1><strong>Network visit to the United States and Cuba<\/strong><\/h1>\n<p>\u00a0\u00bb content_fr_fr=\u00a0\u00bb<\/p>\n<h1><strong>Visite du R\u00e9seau aux \u00c9tats-Unis et \u00e0 Cuba<\/strong><\/h1>\n<p>\u00a0\u00bb content_eu=\u00a0\u00bb<\/p>\n<h1><strong>Sarearen bisita Estatu Batuetara eta Kubara<\/strong><\/p>\n<\/h1>\n<p>\u00a0\u00bb content_ca=\u00a0\u00bb<\/p>\n<h1><strong>Visita de la Xarxa als Estats Units i Cuba<\/strong><\/p>\n<\/h1>\n<p>\u00a0\u00bb content_pt_br=\u00a0\u00bb<\/p>\n<h1><strong>Visita da Rede aos Estados Unidos e Cuba<\/strong><\/h1>\n<p>\u00a0\u00bb global_colors_info=\u00a0\u00bb{%22gcid-cca90ba6-297c-4d63-9e2c-8201011ef870%22:%91%22header_text_color%22%93}\u00a0\u00bb theme_builder_area=\u00a0\u00bbpost_content\u00a0\u00bb sticky_enabled=\u00a0\u00bb0&Prime;]<\/p>\n<h1><strong>Visita de la Red a Estados Unidos y Cuba<\/strong><\/h1>\n<p>[\/et_pb_text][et_pb_text admin_label=\u00a0\u00bbFecha noticia no tocar\u00a0\u00bb _builder_version=\u00a0\u00bb4.27.4&Prime; _dynamic_attributes=\u00a0\u00bbcontent\u00a0\u00bb _module_preset=\u00a0\u00bbdefault\u00a0\u00bb text_font=\u00a0\u00bbTitulo Itaka-Escolapios|700|||||||\u00a0\u00bb text_text_color=\u00a0\u00bbgcid-cca90ba6-297c-4d63-9e2c-8201011ef870&Prime; text_font_size=\u00a0\u00bb16px\u00a0\u00bb text_orientation=\u00a0\u00bbright\u00a0\u00bb global_colors_info=\u00a0\u00bb{%22gcid-cca90ba6-297c-4d63-9e2c-8201011ef870%22:%91%22text_text_color%22%93}\u00a0\u00bb theme_builder_area=\u00a0\u00bbpost_content\u00a0\u00bb]@ET-DC@eyJkeW5hbWljIjp0cnVlLCJjb250ZW50IjoicG9zdF9kYXRlIiwic2V0dGluZ3MiOnsiYmVmb3JlIjoiIiwiYWZ0ZXIiOiIiLCJkYXRlX2Zvcm1hdCI6ImRlZmF1bHQiLCJjdXN0b21fZGF0ZV9mb3JtYXQiOiIifX0=@[\/et_pb_text][\/et_pb_column_inner][\/et_pb_row_inner][et_pb_row_inner _builder_version=\u00a0\u00bb4.27.4&Prime; _module_preset=\u00a0\u00bbdefault\u00a0\u00bb border_width_right=\u00a0\u00bb3px\u00a0\u00bb border_color_right=\u00a0\u00bbgcid-b1ace166-c11d-4c70-a679-55884e9ca298&Prime; border_style_right=\u00a0\u00bbdotted\u00a0\u00bb collapsed=\u00a0\u00bboff\u00a0\u00bb global_colors_info=\u00a0\u00bb{%22gcid-b1ace166-c11d-4c70-a679-55884e9ca298%22:%91%22border_color_right%22%93}\u00a0\u00bb theme_builder_area=\u00a0\u00bbpost_content\u00a0\u00bb][et_pb_column_inner saved_specialty_column_type=\u00a0\u00bb3_4&Prime; _builder_version=\u00a0\u00bb4.27.4&Prime; _module_preset=\u00a0\u00bbdefault\u00a0\u00bb global_colors_info=\u00a0\u00bb{}\u00a0\u00bb theme_builder_area=\u00a0\u00bbpost_content\u00a0\u00bb][et_pb_text admin_label=\u00a0\u00bbCUERPO NOTICIA\u00a0\u00bb _builder_version=\u00a0\u00bb4.27.4&Prime; _module_preset=\u00a0\u00bbdefault\u00a0\u00bb text_font=\u00a0\u00bb&#8211;et_global_body_font||||||||\u00a0\u00bb text_font_size=\u00a0\u00bb16px\u00a0\u00bb width=\u00a0\u00bb100%\u00a0\u00bb module_alignment=\u00a0\u00bbcenter\u00a0\u00bb custom_padding=\u00a0\u00bb|60px|||false|false\u00a0\u00bb hover_enabled=\u00a0\u00bb0&Prime; text_font_size_tablet=\u00a0\u00bb16px\u00a0\u00bb text_font_size_phone=\u00a0\u00bb16px\u00a0\u00bb text_font_size_last_edited=\u00a0\u00bbon|desktop\u00a0\u00bb content_en_us=\u00a0\u00bb<\/p>\n<p>Since September 18, a delegation from the Network&rsquo;s Executive Committee has been visiting Piarist presences in the United States and Cuba. The aim is to deepen the shared journey begun a few years ago by the Province of USA-PR and the Itaka-Escolapios Network, growing in mutual understanding and collaboration between the two. The Provincial Superior and those responsible for the development office are also participating in this program.<\/p>\n<p>The first part of the itinerary has taken place in the northernmost presences: Annunciation Parish (Harlem, New York), Devon Preparatory School (Devon, Pennsylvania), and St. Helena Parish and School (Bronx, New York). In these places, there have been various meetings to learn about the realities of the mission and to present Itaka-Escolapios. The tour will then continue to the Piarist works in Kentucky and Florida, concluding in Cuba.<\/p>\n<p>Without a doubt, this is a great opportunity to continue building our network and take new steps in the mission we share.<\/p>\n<p>&nbsp;<\/p>\n<p>\u00a0\u00bb content_fr_fr=\u00a0\u00bb<\/p>\n<p>Depuis le 18 septembre, une d\u00e9l\u00e9gation de la Commission ex\u00e9cutive du R\u00e9seau est en visite dans les pr\u00e9sences piaristes des \u00c9tats-Unis et de Cuba. L&rsquo;objectif est d&rsquo;approfondir le cheminement commun entam\u00e9 il y a quelques ann\u00e9es par la Province USA-PR et le R\u00e9seau Itaka-Escolapios, en renfor\u00e7ant la connaissance mutuelle et la collaboration entre les deux entit\u00e9s. Le Sup\u00e9rieur provincial et les responsables du bureau de d\u00e9veloppement participent \u00e9galement \u00e0 ce programme.<\/p>\n<p>La premi\u00e8re partie de l&rsquo;itin\u00e9raire s&rsquo;est d\u00e9roul\u00e9e dans les pr\u00e9sences les plus au nord : la paroisse de l&rsquo;Annonciation (Harlem, New York), la Devon Preparatory School (Devon, Pennsylvanie) et la paroisse et l&rsquo;\u00e9cole de Sainte-H\u00e9l\u00e8ne (Bronx, New York). Dans ces lieux, plusieurs rencontres ont \u00e9t\u00e9 organis\u00e9es afin de d\u00e9couvrir les r\u00e9alit\u00e9s de la mission et de pr\u00e9senter Itaka-Escolapios. Le parcours se poursuivra ensuite par les \u0153uvres piaristes du Kentucky et de Floride, pour se terminer \u00e0 Cuba.<\/p>\n<p>Il s&rsquo;agit sans aucun doute d&rsquo;une excellente occasion de continuer \u00e0 construire notre r\u00e9seau et de franchir de nouvelles \u00e9tapes dans la mission que nous partageons.<\/p>\n<p>\u00a0\u00bb content_eu=\u00a0\u00bb<\/p>\n<p>Irailaren 18tik, Sarearen Batzorde Betearazlearen ordezkaritza bat Estatu Batuetako eta Kubako eskolapiak bisitatzen ari da. USA-PR Probintziak eta Itaka-Eskolapioen Sareak duela urte batzuk hasitako bide partekatuan sakontzea da helburua, bien arteko ezagutzan eta lankidetzan haziz. Probintziako goi-mailakoak eta garapen-bulegoko arduradunek ere parte hartzen dute programa honetan.<\/p>\n<p>Ibilbidearen lehen zatia iparralderago dauden presentzietatik igaro da: Annunciation parrokia (Harlem, New York), Devon Preparatory School (Devon, Pennsylvania) eta St. Helena (Bronx, New York). Leku hauetan hainbat topaketa izan dira misioko errealitateak ezagutzeko eta Itaka-Eskolapioak aurkezteko. Ondoren, Kentuckyko eta Floridako eskolapioetan barrena jarraituko du ibilbideak, eta Kuban amaituko da.<\/p>\n<p>Zalantzarik gabe, aukera paregabea gure sarea eraikitzen jarraitzeko eta partekatzen dugun misioan urrats berriak emateko.<\/p>\n<p>\u00a0\u00bb content_ca=\u00a0\u00bb<\/p>\n<p>Des del 18 de setembre, una representaci\u00f3 de la Comissi\u00f3 Executiva de la Xarxa es troba de visita per les pres\u00e8ncies escol\u00e0pies dels Estats Units i Cuba. L&rsquo;objectiu \u00e9s aprofundir en el cam\u00ed compartit iniciat fa uns anys per la Prov\u00edncia d&rsquo;USA-PR i la Xarxa Itaka-Escolapis, creixent en coneixement mutu i en col\u00b7laboraci\u00f3 entre ambdues. El Superior provincial i els responsables de l&rsquo;oficina de desenvolupament participen tamb\u00e9 en aquest programa.<\/p>\n<p>La primera part de l&rsquo;itinerari ha transcorregut per les pres\u00e8ncies m\u00e9s al nord: la parr\u00f2quia d&rsquo;Annunciation (Harlem, Nova York), Devon Preparatory School (Devon, Pensilv\u00e0nia) i la parr\u00f2quia i escola de St. Helena (Bronx, Nova York). En aquests llocs hi ha hagut diverses trobades per a con\u00e8ixer les realitats de missi\u00f3 i presentar Itaka-Escolapis. Despr\u00e9s el recorregut continuar\u00e0 per les obres escol\u00e0pies a Kentucky i Florida, per a concloure a Cuba.<\/p>\n<p>Sens dubte, una gran oportunitat per a continuar construint la nostra xarxa i fer nous passos en la missi\u00f3 que compartim.<\/p>\n<p>\u00a0\u00bb content_pt_br=\u00a0\u00bb<\/p>\n<p>Desde 18 de setembro, uma representa\u00e7\u00e3o da Comiss\u00e3o Executiva da Rede est\u00e1 visitando as presen\u00e7as escol\u00e1picas dos Estados Unidos e Cuba. O objetivo \u00e9 aprofundar o caminho compartilhado iniciado h\u00e1 alguns anos pela Prov\u00edncia dos EUA-PR e pela Rede Itaka-Escolapios, crescendo no conhecimento m\u00fatuo e na colabora\u00e7\u00e3o entre ambas. O Superior provincial e os respons\u00e1veis pelo escrit\u00f3rio de desenvolvimento tamb\u00e9m participam deste programa.<\/p>\n<p>A primeira parte do itiner\u00e1rio passou pelas presen\u00e7as mais ao norte: a par\u00f3quia da Anuncia\u00e7\u00e3o (Harlem, Nova York), a Devon Preparatory School (Devon, Pensilv\u00e2nia) e a par\u00f3quia e escola de Santa Helena (Bronx, Nova York). Nesses locais, houve v\u00e1rios encontros para conhecer as realidades da miss\u00e3o e apresentar a Itaka-Escolapios. Em seguida, a viagem continuar\u00e1 pelas obras escol\u00e1picas em Kentucky e Fl\u00f3rida, para terminar em Cuba.<\/p>\n<p>Sem d\u00favida, uma grande oportunidade para continuar construindo nossa rede e dar novos passos na miss\u00e3o que compartilhamos.<\/p>\n<p>\u00a0\u00bb global_colors_info=\u00a0\u00bb{}\u00a0\u00bb theme_builder_area=\u00a0\u00bbpost_content\u00a0\u00bb sticky_enabled=\u00a0\u00bb0&Prime;]<\/p>\n<p>Desde el 18 de septiembre, una representaci\u00f3n de la Comisi\u00f3n Ejecutiva de la Red se encuentra de visita por las presencias escolapias de los Estados Unidos y Cuba.\u00a0 El objetivo es profundizar en el camino compartido iniciado hace unos a\u00f1os por la Provincia de USA-PR y la Red Itaka-Escolapios, creciendo en conocimiento mutuo y en colaboraci\u00f3n entre ambas. El Superior provincial y los responsables de la oficina de desarrollo participan tambi\u00e9n en este programa.<\/p>\n<p>La primera parte del itinerario ha transcurrido por las presencias m\u00e1s al norte: la parroquia de Annunciation (Harlem, Nueva York), Devon Preparatory School (Devon, Pensilvania) y la parroquia y escuela de St. Helena (Bronx, Nueva York). En estos lugares ha habido diversos encuentros para conocer las realidades de misi\u00f3n y presentar Itaka-Escolapios. Despu\u00e9s el recorrido continuar\u00e1 por las obras escolapias en Kentucky y Florida, para concluir en Cuba.<\/p>\n<p>Sin duda, una gran oportunidad para seguir construyendo nuestra red y dar nuevos pasos en la misi\u00f3n que compartimos.<\/p>\n<p>[\/et_pb_text][\/et_pb_column_inner][\/et_pb_row_inner][et_pb_row_inner admin_label=\u00a0\u00bbIm\u00e1genes sede\u00a0\u00bb _builder_version=\u00a0\u00bb4.27.4&Prime; _module_preset=\u00a0\u00bbdefault\u00a0\u00bb custom_padding=\u00a0\u00bb20px||||false|false\u00a0\u00bb border_width_right=\u00a0\u00bb3px\u00a0\u00bb border_color_right=\u00a0\u00bbgcid-b1ace166-c11d-4c70-a679-55884e9ca298&Prime; border_style_right=\u00a0\u00bbdotted\u00a0\u00bb border_width_right_tablet=\u00a0\u00bb3px\u00a0\u00bb border_width_right_phone=\u00a0\u00bb0px\u00a0\u00bb border_width_right_last_edited=\u00a0\u00bbon|desktop\u00a0\u00bb collapsed=\u00a0\u00bboff\u00a0\u00bb global_colors_info=\u00a0\u00bb{%22gcid-b1ace166-c11d-4c70-a679-55884e9ca298%22:%91%22border_color_right%22%93}\u00a0\u00bb theme_builder_area=\u00a0\u00bbpost_content\u00a0\u00bb][et_pb_column_inner saved_specialty_column_type=\u00a0\u00bb3_4&Prime; _builder_version=\u00a0\u00bb4.27.4&Prime; _module_preset=\u00a0\u00bbdefault\u00a0\u00bb global_colors_info=\u00a0\u00bb{}\u00a0\u00bb theme_builder_area=\u00a0\u00bbpost_content\u00a0\u00bb][difl_imagecarousel item_desktop=\u00a0\u00bb2&Prime; item_tablet=\u00a0\u00bb1&Prime; loop=\u00a0\u00bbon\u00a0\u00bb dots=\u00a0\u00bbon\u00a0\u00bb use_lightbox=\u00a0\u00bbon\u00a0\u00bb arrow_color=\u00a0\u00bbgcid-b1ace166-c11d-4c70-a679-55884e9ca298&Prime; dots_color=\u00a0\u00bbgcid-cca90ba6-297c-4d63-9e2c-8201011ef870&Prime; active_dots_color=\u00a0\u00bbgcid-b1ace166-c11d-4c70-a679-55884e9ca298&Prime; _builder_version=\u00a0\u00bb4.27.4&Prime; _module_preset=\u00a0\u00bbdefault\u00a0\u00bb overflow-x=\u00a0\u00bbhidden\u00a0\u00bb overflow-y=\u00a0\u00bbhidden\u00a0\u00bb custom_margin=\u00a0\u00bb|60px|||false|false\u00a0\u00bb custom_margin_tablet=\u00a0\u00bb|60px|||false|false\u00a0\u00bb custom_margin_phone=\u00a0\u00bb|60px|||false|false\u00a0\u00bb custom_margin_last_edited=\u00a0\u00bbon|desktop\u00a0\u00bb hover_enabled=\u00a0\u00bb0&Prime; custom_css_free_form=\u00a0\u00bbselector .df_ici_container {margin: 0 auto;}\u00a0\u00bb global_colors_info=\u00a0\u00bb{%22gcid-b1ace166-c11d-4c70-a679-55884e9ca298%22:%91%22arrow_color%22,%22active_dots_color%22%93,%22gcid-cca90ba6-297c-4d63-9e2c-8201011ef870%22:%91%22dots_color%22%93}\u00a0\u00bb theme_builder_area=\u00a0\u00bbpost_content\u00a0\u00bb sticky_enabled=\u00a0\u00bb0&Prime;][difl_imagecarouselitem _builder_version=\u00a0\u00bb4.27.4&Prime; _module_preset=\u00a0\u00bbdefault\u00a0\u00bb theme_builder_area=\u00a0\u00bbpost_content\u00a0\u00bb title_text=\u00a0\u00bbWhatsApp Image 2025-09-26 at 10.38.00&Prime; image=\u00a0\u00bbhttps:\/\/www.itakaescolapios.org\/wp-content\/uploads\/2025\/09\/WhatsApp-Image-2025-09-26-at-10.38.00.jpeg\u00a0\u00bb hover_enabled=\u00a0\u00bb0&Prime; sticky_enabled=\u00a0\u00bb0&Prime;][\/difl_imagecarouselitem][difl_imagecarouselitem _builder_version=\u00a0\u00bb4.27.4&Prime; _module_preset=\u00a0\u00bbdefault\u00a0\u00bb theme_builder_area=\u00a0\u00bbpost_content\u00a0\u00bb title_text=\u00a0\u00bbWhatsApp Image 2025-09-26 at 10.38.01&Prime; image=\u00a0\u00bbhttps:\/\/www.itakaescolapios.org\/wp-content\/uploads\/2025\/09\/WhatsApp-Image-2025-09-26-at-10.38.01-e1758876506358.jpeg\u00a0\u00bb hover_enabled=\u00a0\u00bb0&Prime; sticky_enabled=\u00a0\u00bb0&Prime;][\/difl_imagecarouselitem][difl_imagecarouselitem _builder_version=\u00a0\u00bb4.27.4&Prime; _module_preset=\u00a0\u00bbdefault\u00a0\u00bb theme_builder_area=\u00a0\u00bbpost_content\u00a0\u00bb title_text=\u00a0\u00bbWhatsApp Image 2025-09-26 at 10.37.59&Prime; image=\u00a0\u00bbhttps:\/\/www.itakaescolapios.org\/wp-content\/uploads\/2025\/09\/WhatsApp-Image-2025-09-26-at-10.37.59.jpeg\u00a0\u00bb hover_enabled=\u00a0\u00bb0&Prime; sticky_enabled=\u00a0\u00bb0&Prime;][\/difl_imagecarouselitem][difl_imagecarouselitem _builder_version=\u00a0\u00bb4.27.4&Prime; _module_preset=\u00a0\u00bbdefault\u00a0\u00bb theme_builder_area=\u00a0\u00bbpost_content\u00a0\u00bb title_text=\u00a0\u00bbWhatsApp Image 2025-09-26 at 10.38.00 (2)\u00a0\u00bb image=\u00a0\u00bbhttps:\/\/www.itakaescolapios.org\/wp-content\/uploads\/2025\/09\/WhatsApp-Image-2025-09-26-at-10.38.00-2-e1758876447386.jpeg\u00a0\u00bb hover_enabled=\u00a0\u00bb0&Prime; sticky_enabled=\u00a0\u00bb0&Prime;][\/difl_imagecarouselitem][difl_imagecarouselitem _builder_version=\u00a0\u00bb4.27.4&Prime; _module_preset=\u00a0\u00bbdefault\u00a0\u00bb theme_builder_area=\u00a0\u00bbpost_content\u00a0\u00bb title_text=\u00a0\u00bbWhatsApp Image 2025-09-26 at 10.37.58 (1)\u00a0\u00bb image=\u00a0\u00bbhttps:\/\/www.itakaescolapios.org\/wp-content\/uploads\/2025\/09\/WhatsApp-Image-2025-09-26-at-10.37.58-1.jpeg\u00a0\u00bb hover_enabled=\u00a0\u00bb0&Prime; sticky_enabled=\u00a0\u00bb0&Prime;][\/difl_imagecarouselitem][difl_imagecarouselitem _builder_version=\u00a0\u00bb4.27.4&Prime; _module_preset=\u00a0\u00bbdefault\u00a0\u00bb theme_builder_area=\u00a0\u00bbpost_content\u00a0\u00bb title_text=\u00a0\u00bbWhatsApp Image 2025-09-26 at 10.37.59 (1)\u00a0\u00bb image=\u00a0\u00bbhttps:\/\/www.itakaescolapios.org\/wp-content\/uploads\/2025\/09\/WhatsApp-Image-2025-09-26-at-10.37.59-1.jpeg\u00a0\u00bb hover_enabled=\u00a0\u00bb0&Prime; sticky_enabled=\u00a0\u00bb0&Prime;][\/difl_imagecarouselitem][difl_imagecarouselitem _builder_version=\u00a0\u00bb4.27.4&Prime; _module_preset=\u00a0\u00bbdefault\u00a0\u00bb theme_builder_area=\u00a0\u00bbpost_content\u00a0\u00bb title_text=\u00a0\u00bbWhatsApp Image 2025-09-26 at 10.37.59 (2)\u00a0\u00bb image=\u00a0\u00bbhttps:\/\/www.itakaescolapios.org\/wp-content\/uploads\/2025\/09\/WhatsApp-Image-2025-09-26-at-10.37.59-2.jpeg\u00a0\u00bb hover_enabled=\u00a0\u00bb0&Prime; sticky_enabled=\u00a0\u00bb0&Prime;][\/difl_imagecarouselitem][\/difl_imagecarousel][\/et_pb_column_inner][\/et_pb_row_inner][et_pb_row_inner _builder_version=\u00a0\u00bb4.24.3&Prime; _module_preset=\u00a0\u00bbdefault\u00a0\u00bb custom_padding=\u00a0\u00bb20px||||false|false\u00a0\u00bb border_width_right=\u00a0\u00bb3px\u00a0\u00bb border_color_right=\u00a0\u00bbgcid-b1ace166-c11d-4c70-a679-55884e9ca298&Prime; border_style_right=\u00a0\u00bbdotted\u00a0\u00bb border_width_right_tablet=\u00a0\u00bb3px\u00a0\u00bb border_width_right_phone=\u00a0\u00bb0px\u00a0\u00bb border_width_right_last_edited=\u00a0\u00bbon|desktop\u00a0\u00bb collapsed=\u00a0\u00bbon\u00a0\u00bb global_colors_info=\u00a0\u00bb{%22gcid-b1ace166-c11d-4c70-a679-55884e9ca298%22:%91%22border_color_right%22%93}\u00a0\u00bb theme_builder_area=\u00a0\u00bbpost_content\u00a0\u00bb][et_pb_column_inner saved_specialty_column_type=\u00a0\u00bb3_4&Prime; _builder_version=\u00a0\u00bb4.24.3&Prime; _module_preset=\u00a0\u00bbdefault\u00a0\u00bb global_colors_info=\u00a0\u00bb{}\u00a0\u00bb theme_builder_area=\u00a0\u00bbpost_content\u00a0\u00bb][et_pb_text admin_label=\u00a0\u00bbL\u00ednea divisoria\u00a0\u00bb _builder_version=\u00a0\u00bb4.27.4&Prime; _module_preset=\u00a0\u00bbdefault\u00a0\u00bb header_font=\u00a0\u00bbIBM Plex Sans|700|||||||\u00a0\u00bb header_text_color=\u00a0\u00bbgcid-cca90ba6-297c-4d63-9e2c-8201011ef870&Prime; header_font_size=\u00a0\u00bb40px\u00a0\u00bb custom_margin=\u00a0\u00bb|30px|||false|false\u00a0\u00bb header_font_size_tablet=\u00a0\u00bb55px\u00a0\u00bb header_font_size_phone=\u00a0\u00bb30px\u00a0\u00bb header_font_size_last_edited=\u00a0\u00bbon|phone\u00a0\u00bb border_width_bottom=\u00a0\u00bb3px\u00a0\u00bb border_color_bottom=\u00a0\u00bbgcid-b1ace166-c11d-4c70-a679-55884e9ca298&Prime; border_style_bottom=\u00a0\u00bbdotted\u00a0\u00bb global_colors_info=\u00a0\u00bb{%22gcid-cca90ba6-297c-4d63-9e2c-8201011ef870%22:%91%22header_text_color%22%93,%22gcid-b1ace166-c11d-4c70-a679-55884e9ca298%22:%91%22border_color_bottom%22%93}\u00a0\u00bb theme_builder_area=\u00a0\u00bbpost_content\u00a0\u00bb][\/et_pb_text][difl_imagecarousel item_desktop=\u00a0\u00bb3&Prime; admin_label=\u00a0\u00bbCampa\u00f1a, educa y voluntariado\u00a0\u00bb _builder_version=\u00a0\u00bb4.27.4&Prime; _module_preset=\u00a0\u00bbdefault\u00a0\u00bb width_tablet=\u00a0\u00bb\u00a0\u00bb width_phone=\u00a0\u00bb100%\u00a0\u00bb width_last_edited=\u00a0\u00bbon|desktop\u00a0\u00bb custom_margin=\u00a0\u00bb|62px|||false|false\u00a0\u00bb custom_margin_tablet=\u00a0\u00bb|62px|||false|false\u00a0\u00bb custom_margin_phone=\u00a0\u00bb|62px|||false|false\u00a0\u00bb custom_margin_last_edited=\u00a0\u00bbon|desktop\u00a0\u00bb global_module=\u00a0\u00bb316782&Prime; global_colors_info=\u00a0\u00bb{}\u00a0\u00bb custom_margin__hover_enabled=\u00a0\u00bboff|desktop\u00a0\u00bb custom_margin__hover=\u00a0\u00bb|30px|||false|false\u00a0\u00bb theme_builder_area=\u00a0\u00bbpost_content\u00a0\u00bb][difl_imagecarouselitem image=\u00a0\u00bbhttps:\/\/www.itakaescolapios.org\/wp-content\/uploads\/2025\/02\/BANNERS-CAMPANA-INFERIOR-500500.jpg\u00a0\u00bb ic_button_button_url_new_window=\u00a0\u00bb1&Prime; _builder_version=\u00a0\u00bb4.27.4&Prime; _module_preset=\u00a0\u00bbdefault\u00a0\u00bb link_option_url=\u00a0\u00bbhttps:\/\/www.educa.itakaescolapios.org\/campanas\/2024-2025-abriendo-caminos\u00a0\u00bb image_en_us=\u00a0\u00bbhttps:\/\/www.itakaescolapios.org\/wp-content\/uploads\/2025\/02\/BANNERS-CAMPANA-INFERIOR-5005002.jpg\u00a0\u00bb image_fr_fr=\u00a0\u00bbhttps:\/\/www.itakaescolapios.org\/wp-content\/uploads\/2025\/02\/BANNERS-CAMPANA-INFERIOR-5005003.jpg\u00a0\u00bb image_eu=\u00a0\u00bbhttps:\/\/www.itakaescolapios.org\/wp-content\/uploads\/2025\/02\/BANNERS-CAMPANA-INFERIOR-5005006.jpg\u00a0\u00bb image_ca=\u00a0\u00bbhttps:\/\/www.itakaescolapios.org\/wp-content\/uploads\/2025\/02\/BANNERS-CAMPANA-INFERIOR-5005005.jpg\u00a0\u00bb image_pt_br=\u00a0\u00bbhttps:\/\/www.itakaescolapios.org\/wp-content\/uploads\/2025\/02\/BANNERS-CAMPANA-INFERIOR-5005004.jpg\u00a0\u00bb global_colors_info=\u00a0\u00bb{}\u00a0\u00bb theme_builder_area=\u00a0\u00bbpost_content\u00a0\u00bb][\/difl_imagecarouselitem][difl_imagecarouselitem admin_label=\u00a0\u00bbVoluntariado\u00a0\u00bb image=\u00a0\u00bbhttps:\/\/www.itakaescolapios.org\/wp-content\/uploads\/2025\/02\/BANNERS-VOLUNTARIADO-INFERIOR-500500.jpg\u00a0\u00bb ic_button_button_url_new_window=\u00a0\u00bb1&Prime; _builder_version=\u00a0\u00bb4.27.4&Prime; _module_preset=\u00a0\u00bbdefault\u00a0\u00bb link_option_url=\u00a0\u00bbhttps:\/\/www.itakaescolapios.org\/es\/haz-voluntariado\/\u00a0\u00bb image_en_us=\u00a0\u00bbhttps:\/\/www.itakaescolapios.org\/wp-content\/uploads\/2025\/02\/BANNERS-VOLUNTARIADO-INFERIOR-5005002.jpg\u00a0\u00bb image_fr_fr=\u00a0\u00bbhttps:\/\/www.itakaescolapios.org\/wp-content\/uploads\/2025\/02\/BANNERS-VOLUNTARIADO-INFERIOR-5005003.jpg\u00a0\u00bb image_eu=\u00a0\u00bbhttps:\/\/www.itakaescolapios.org\/wp-content\/uploads\/2025\/02\/BANNERS-VOLUNTARIADO-INFERIOR-5005006.jpg\u00a0\u00bb image_ca=\u00a0\u00bbhttps:\/\/www.itakaescolapios.org\/wp-content\/uploads\/2025\/02\/BANNERS-VOLUNTARIADO-INFERIOR-5005004.jpg\u00a0\u00bb image_pt_br=\u00a0\u00bbhttps:\/\/www.itakaescolapios.org\/wp-content\/uploads\/2025\/02\/BANNERS-VOLUNTARIADO-INFERIOR-5005005.jpg\u00a0\u00bb global_colors_info=\u00a0\u00bb{}\u00a0\u00bb theme_builder_area=\u00a0\u00bbpost_content\u00a0\u00bb][\/difl_imagecarouselitem][difl_imagecarouselitem image=\u00a0\u00bbhttps:\/\/www.itakaescolapios.org\/wp-content\/uploads\/2025\/02\/BANNERS-EDUCA-INFERIOR-500500.jpg\u00a0\u00bb ic_button_button_url_new_window=\u00a0\u00bb1&Prime; _builder_version=\u00a0\u00bb4.27.4&Prime; _module_preset=\u00a0\u00bbdefault\u00a0\u00bb link_option_url=\u00a0\u00bbhttps:\/\/www.educa.itakaescolapios.org\/\u00a0\u00bb image_en_us=\u00a0\u00bbhttps:\/\/www.itakaescolapios.org\/wp-content\/uploads\/2025\/02\/BANNERS-EDUCA-INFERIOR-5005002.jpg\u00a0\u00bb image_fr_fr=\u00a0\u00bbhttps:\/\/www.itakaescolapios.org\/wp-content\/uploads\/2025\/02\/BANNERS-EDUCA-INFERIOR-5005003.jpg\u00a0\u00bb image_eu=\u00a0\u00bbhttps:\/\/www.itakaescolapios.org\/wp-content\/uploads\/2025\/02\/BANNERS-EDUCA-INFERIOR-5005006.jpg\u00a0\u00bb image_ca=\u00a0\u00bbhttps:\/\/www.itakaescolapios.org\/wp-content\/uploads\/2025\/02\/BANNERS-EDUCA-INFERIOR-5005005.jpg\u00a0\u00bb image_pt_br=\u00a0\u00bbhttps:\/\/www.itakaescolapios.org\/wp-content\/uploads\/2025\/02\/BANNERS-EDUCA-INFERIOR-5005004.jpg\u00a0\u00bb global_colors_info=\u00a0\u00bb{}\u00a0\u00bb theme_builder_area=\u00a0\u00bbpost_content\u00a0\u00bb][\/difl_imagecarouselitem][\/difl_imagecarousel][\/et_pb_column_inner][\/et_pb_row_inner][\/et_pb_column][et_pb_column type=\u00a0\u00bb1_4&Prime; _builder_version=\u00a0\u00bb4.16&Prime; custom_padding=\u00a0\u00bb|||\u00a0\u00bb global_colors_info=\u00a0\u00bb{}\u00a0\u00bb custom_padding__hover=\u00a0\u00bb|||\u00a0\u00bb theme_builder_area=\u00a0\u00bbpost_content\u00a0\u00bb][difl_imagecarousel item_desktop=\u00a0\u00bb1&Prime; item_tablet=\u00a0\u00bb1&Prime; loop=\u00a0\u00bbon\u00a0\u00bb autoplay=\u00a0\u00bbon\u00a0\u00bb autospeed=\u00a0\u00bb3500&Prime; dots=\u00a0\u00bbon\u00a0\u00bb dots_color=\u00a0\u00bbgcid-cca90ba6-297c-4d63-9e2c-8201011ef870&Prime; active_dots_color=\u00a0\u00bbgcid-b1ace166-c11d-4c70-a679-55884e9ca298&Prime; dots_gap=\u00a0\u00bb21px\u00a0\u00bb item_wrapper_padding=\u00a0\u00bb||15px||false|false\u00a0\u00bb admin_label=\u00a0\u00bbSer miembro y newsletter\u00a0\u00bb module_class=\u00a0\u00bbextiendeenlacedeboton\u00a0\u00bb _builder_version=\u00a0\u00bb4.27.4&Prime; _module_preset=\u00a0\u00bbdefault\u00a0\u00bb global_module=\u00a0\u00bb51656&Prime; saved_tabs=\u00a0\u00bball\u00a0\u00bb global_colors_info=\u00a0\u00bb{%22gcid-cca90ba6-297c-4d63-9e2c-8201011ef870%22:%91%22dots_color%22%93,%22gcid-b1ace166-c11d-4c70-a679-55884e9ca298%22:%91%22active_dots_color%22%93}\u00a0\u00bb theme_builder_area=\u00a0\u00bbpost_content\u00a0\u00bb][difl_imagecarouselitem image=\u00a0\u00bbhttps:\/\/www.itakaescolapios.org\/wp-content\/uploads\/2025\/02\/banners-500&#215;500-esp.jpg\u00a0\u00bb ic_button_button_text=\u00a0\u00bbbot\u00a0\u00bb ic_button_button_url=\u00a0\u00bb\/es\/colabora\u00a0\u00bb ic_button_button_url_new_window=\u00a0\u00bb1&Prime; _builder_version=\u00a0\u00bb4.27.4&Prime; _module_preset=\u00a0\u00bbdefault\u00a0\u00bb image_en_us=\u00a0\u00bbhttps:\/\/www.itakaescolapios.org\/wp-content\/uploads\/2025\/02\/banners-500&#215;500-eng.jpg\u00a0\u00bb ic_button_button_text_en_us=\u00a0\u00bbbot\u00a0\u00bb image_fr_fr=\u00a0\u00bbhttps:\/\/www.itakaescolapios.org\/wp-content\/uploads\/2025\/02\/banners-500&#215;500-fra.jpg\u00a0\u00bb ic_button_button_text_fr_fr=\u00a0\u00bbbot\u00a0\u00bb image_eu=\u00a0\u00bbhttps:\/\/www.itakaescolapios.org\/wp-content\/uploads\/2025\/02\/banners-500&#215;500-eusk.jpg\u00a0\u00bb ic_button_button_text_eu=\u00a0\u00bbbot\u00a0\u00bb image_ca=\u00a0\u00bbhttps:\/\/www.itakaescolapios.org\/wp-content\/uploads\/2025\/02\/banners-500&#215;500-val.jpg\u00a0\u00bb ic_button_button_text_ca=\u00a0\u00bbbot\u00a0\u00bb image_pt_br=\u00a0\u00bbhttps:\/\/www.itakaescolapios.org\/wp-content\/uploads\/2025\/02\/banners-500&#215;500-port.jpg\u00a0\u00bb ic_button_button_text_pt_br=\u00a0\u00bbbot\u00a0\u00bb global_colors_info=\u00a0\u00bb{}\u00a0\u00bb theme_builder_area=\u00a0\u00bbpost_content\u00a0\u00bb][\/difl_imagecarouselitem][difl_imagecarouselitem image=\u00a0\u00bbhttps:\/\/www.itakaescolapios.org\/wp-content\/uploads\/2025\/02\/banners-500&#215;500-esp2.png\u00a0\u00bb ic_button_button_text=\u00a0\u00bbbot\u00a0\u00bb ic_button_button_url=\u00a0\u00bb\/es\/suscribete\/\u00a0\u00bb ic_button_button_url_new_window=\u00a0\u00bb1&Prime; _builder_version=\u00a0\u00bb4.27.4&Prime; _module_preset=\u00a0\u00bbdefault\u00a0\u00bb image_en_us=\u00a0\u00bbhttps:\/\/www.itakaescolapios.org\/wp-content\/uploads\/2025\/02\/banners-500&#215;500-eng2.jpg\u00a0\u00bb ic_button_button_text_en_us=\u00a0\u00bbbot\u00a0\u00bb image_fr_fr=\u00a0\u00bbhttps:\/\/www.itakaescolapios.org\/wp-content\/uploads\/2025\/02\/banners-500&#215;500-fra2.jpg\u00a0\u00bb ic_button_button_text_fr_fr=\u00a0\u00bbbot\u00a0\u00bb image_eu=\u00a0\u00bbhttps:\/\/www.itakaescolapios.org\/wp-content\/uploads\/2025\/02\/banners-500&#215;500-eusk2.jpg\u00a0\u00bb ic_button_button_text_eu=\u00a0\u00bbbot\u00a0\u00bb image_ca=\u00a0\u00bbhttps:\/\/www.itakaescolapios.org\/wp-content\/uploads\/2025\/02\/banners-500&#215;500-val2.jpg\u00a0\u00bb ic_button_button_text_ca=\u00a0\u00bbbot\u00a0\u00bb image_pt_br=\u00a0\u00bbhttps:\/\/www.itakaescolapios.org\/wp-content\/uploads\/2025\/02\/banners-500&#215;500-port2.jpg\u00a0\u00bb ic_button_button_text_pt_br=\u00a0\u00bbbot\u00a0\u00bb global_colors_info=\u00a0\u00bb{}\u00a0\u00bb theme_builder_area=\u00a0\u00bbpost_content\u00a0\u00bb][\/difl_imagecarouselitem][\/difl_imagecarousel][et_pb_text admin_label=\u00a0\u00bbTexto %22\u00daltimas noticias%22&Prime; _builder_version=\u00a0\u00bb4.25.0&Prime; _module_preset=\u00a0\u00bbdefault\u00a0\u00bb header_font=\u00a0\u00bbIBM Plex Sans|700|||||||\u00a0\u00bb header_text_color=\u00a0\u00bbgcid-cca90ba6-297c-4d63-9e2c-8201011ef870&Prime; header_font_size=\u00a0\u00bb40px\u00a0\u00bb custom_margin=\u00a0\u00bb||||false|false\u00a0\u00bb header_font_size_tablet=\u00a0\u00bb55px\u00a0\u00bb header_font_size_phone=\u00a0\u00bb30px\u00a0\u00bb header_font_size_last_edited=\u00a0\u00bbon|phone\u00a0\u00bb content_en_us=\u00a0\u00bb<\/p>\n<h1>Last news<\/h1>\n<p>\u00a0\u00bb content_fr_fr=\u00a0\u00bb<\/p>\n<h1>Derni\u00e8res nouvelles<\/h1>\n<p>\u00a0\u00bb content_eu=\u00a0\u00bb<\/p>\n<h1>Azken berriak<\/h1>\n<p>\u00a0\u00bb content_ca=\u00a0\u00bb<\/p>\n<h1>\u00daltimes not\u00edcies<\/h1>\n<p>\u00a0\u00bb content_pt_br=\u00a0\u00bb<\/p>\n<h1>\u00daltimas not\u00edcias<\/h1>\n<p>\u00a0\u00bb border_width_bottom=\u00a0\u00bb3px\u00a0\u00bb border_color_bottom=\u00a0\u00bbgcid-b1ace166-c11d-4c70-a679-55884e9ca298&Prime; border_style_bottom=\u00a0\u00bbdotted\u00a0\u00bb global_module=\u00a0\u00bb50904&Prime; saved_tabs=\u00a0\u00bball\u00a0\u00bb global_colors_info=\u00a0\u00bb{%22gcid-cca90ba6-297c-4d63-9e2c-8201011ef870%22:%91%22header_text_color%22,%22header_text_color%22%93,%22gcid-b1ace166-c11d-4c70-a679-55884e9ca298%22:%91%22border_color_bottom%22%93}\u00a0\u00bb theme_builder_area=\u00a0\u00bbpost_content\u00a0\u00bb]<\/p>\n<h1>\u00daltimas noticias<\/h1>\n<p>[\/et_pb_text][difl_blogcarousel posts_number=\u00a0\u00bb6&Prime; post_display=\u00a0\u00bbby_category\u00a0\u00bb use_image_as_background=\u00a0\u00bbon\u00a0\u00bb item_desktop=\u00a0\u00bb1&Prime; item_tablet=\u00a0\u00bb1&Prime; loop=\u00a0\u00bbon\u00a0\u00bb dots=\u00a0\u00bbon\u00a0\u00bb equal_height=\u00a0\u00bbon\u00a0\u00bb item_background_bgcolor=\u00a0\u00bbrgba(175,196,16,0.9)\u00a0\u00bb arrow_color=\u00a0\u00bb#FFFFFF\u00a0\u00bb arrow_background=\u00a0\u00bbgcid-cca90ba6-297c-4d63-9e2c-8201011ef870&Prime; arrow_circle=\u00a0\u00bbon\u00a0\u00bb arrow_prev_icon_use_icon=\u00a0\u00bboff\u00a0\u00bb arrow_prev_margin=\u00a0\u00bb|||-70px|false|false\u00a0\u00bb arrow_prev_margin_tablet=\u00a0\u00bb\u00a0\u00bb arrow_prev_margin_phone=\u00a0\u00bb|||0px|false|false\u00a0\u00bb arrow_prev_margin_last_edited=\u00a0\u00bbon|phone\u00a0\u00bb arrow_next_margin=\u00a0\u00bb|-70px|||false|false\u00a0\u00bb arrow_next_margin_tablet=\u00a0\u00bb\u00a0\u00bb arrow_next_margin_phone=\u00a0\u00bb|0px|||false|false\u00a0\u00bb arrow_next_margin_last_edited=\u00a0\u00bbon|phone\u00a0\u00bb large_active_dot=\u00a0\u00bbon\u00a0\u00bb dots_color=\u00a0\u00bbgcid-cca90ba6-297c-4d63-9e2c-8201011ef870&Prime; active_dots_color=\u00a0\u00bbgcid-b1ace166-c11d-4c70-a679-55884e9ca298&Prime; wrapper_padding=\u00a0\u00bb||15px||false|false\u00a0\u00bb item_wrapper_padding=\u00a0\u00bb300px||||false|false\u00a0\u00bb item_padding=\u00a0\u00bb20px||||false|false\u00a0\u00bb admin_label=\u00a0\u00bbAQU\u00cd CAMBIA LA CATEGOR\u00cdA\u00a0\u00bb _builder_version=\u00a0\u00bb4.27.4&Prime; _module_preset=\u00a0\u00bbdefault\u00a0\u00bb hover_enabled=\u00a0\u00bb0&Prime; border_radii_item_outer=\u00a0\u00bbon|8px|8px|8px|8px\u00a0\u00bb global_colors_info=\u00a0\u00bb{%22gcid-b1ace166-c11d-4c70-a679-55884e9ca298%22:%91%22item_background_bgcolor%22,%22active_dots_color%22%93}\u00a0\u00bb theme_builder_area=\u00a0\u00bbpost_content\u00a0\u00bb include_categories=\u00a0\u00bb30&Prime; sticky_enabled=\u00a0\u00bb0&Prime;][difl_postitem type=\u00a0\u00bbtitle\u00a0\u00bb element_padding=\u00a0\u00bb10px|10px||10px|false|true\u00a0\u00bb _builder_version=\u00a0\u00bb4.27.4&Prime; _module_preset=\u00a0\u00bbdefault\u00a0\u00bb post_font_style_font=\u00a0\u00bbMerriweather|900|||||||\u00a0\u00bb post_font_style_text_color=\u00a0\u00bb#FFFFFF\u00a0\u00bb post_font_style_font_size=\u00a0\u00bb20px\u00a0\u00bb post_font_style_line_height=\u00a0\u00bb22px\u00a0\u00bb background_color=\u00a0\u00bbRGBA(255,255,255,0)\u00a0\u00bb background_enable_color=\u00a0\u00bbon\u00a0\u00bb text_orientation=\u00a0\u00bbcenter\u00a0\u00bb global_colors_info=\u00a0\u00bb{}\u00a0\u00bb theme_builder_area=\u00a0\u00bbpost_content\u00a0\u00bb][\/difl_postitem][difl_postitem type=\u00a0\u00bbdate\u00a0\u00bb date_format=\u00a0\u00bbj-F-Y\u00a0\u00bb meta_display=\u00a0\u00bbblock\u00a0\u00bb use_icon=\u00a0\u00bbon\u00a0\u00bb font_icon=\u00a0\u00bb&#xe023;||divi||400&Prime; icon_color=\u00a0\u00bb#FFFFFF\u00a0\u00bb element_padding=\u00a0\u00bb|10px||10px|false|true\u00a0\u00bb _builder_version=\u00a0\u00bb4.27.4&Prime; _module_preset=\u00a0\u00bbdefault\u00a0\u00bb post_font_style_font=\u00a0\u00bbIBM Plex Sans|700|||||||\u00a0\u00bb post_font_style_text_color=\u00a0\u00bb#FFFFFF\u00a0\u00bb post_font_style_font_size=\u00a0\u00bb12px\u00a0\u00bb background_color=\u00a0\u00bbRGBA(255,255,255,0)\u00a0\u00bb background_enable_color=\u00a0\u00bbon\u00a0\u00bb text_orientation=\u00a0\u00bbright\u00a0\u00bb global_colors_info=\u00a0\u00bb{}\u00a0\u00bb theme_builder_area=\u00a0\u00bbpost_content\u00a0\u00bb][\/difl_postitem][\/difl_blogcarousel][et_pb_text admin_label=\u00a0\u00bbTexto %22S\u00edguenos%22&Prime; _builder_version=\u00a0\u00bb4.27.4&Prime; _module_preset=\u00a0\u00bbdefault\u00a0\u00bb header_font=\u00a0\u00bbIBM Plex Sans|600|||||||\u00a0\u00bb header_text_color=\u00a0\u00bb#FFFFFF\u00a0\u00bb background_color=\u00a0\u00bbgcid-cca90ba6-297c-4d63-9e2c-8201011ef870&Prime; custom_margin=\u00a0\u00bb0px||0px||true|false\u00a0\u00bb custom_padding=\u00a0\u00bb20px||||false|false\u00a0\u00bb content_en_us=\u00a0\u00bb<\/p>\n<h1 style=%22text-align: center;%22>Follow us<\/h1>\n<p>\u00a0\u00bb content_fr_fr=\u00a0\u00bb<\/p>\n<h1 style=%22text-align: center;%22>Suivez-nous sur<\/h1>\n<p>\u00a0\u00bb content_eu=\u00a0\u00bb<\/p>\n<h1 style=%22text-align: center;%22>Jarraitu<\/h1>\n<p>\u00a0\u00bb content_ca=\u00a0\u00bb<\/p>\n<h1 style=%22text-align: center;%22>Segueix-nos<\/h1>\n<p>\u00a0\u00bb content_pt_br=\u00a0\u00bb<\/p>\n<h1 style=%22text-align: center;%22>Siga-nos em<\/h1>\n<p>\u00a0\u00bb border_radii=\u00a0\u00bboff||15px||\u00a0\u00bb global_colors_info=\u00a0\u00bb{%22gcid-cca90ba6-297c-4d63-9e2c-8201011ef870%22:%91%22background_color%22%93}\u00a0\u00bb theme_builder_area=\u00a0\u00bbpost_content\u00a0\u00bb]<\/p>\n<h1 style=\"text-align: center;\">S\u00edguenos<\/h1>\n<p>[\/et_pb_text][et_pb_social_media_follow admin_label=\u00a0\u00bbREDES SOCIALES SEDE\u00a0\u00bb module_class=\u00a0\u00bbredes-portada-sede\u00a0\u00bb _builder_version=\u00a0\u00bb4.25.1&Prime; _module_preset=\u00a0\u00bbdefault\u00a0\u00bb background_color=\u00a0\u00bbgcid-cca90ba6-297c-4d63-9e2c-8201011ef870&Prime; text_orientation=\u00a0\u00bbcenter\u00a0\u00bb custom_margin=\u00a0\u00bb0px||||false|false\u00a0\u00bb custom_padding=\u00a0\u00bb15px||15px||true|false\u00a0\u00bb custom_css_free_form=\u00a0\u00bb.redes-portada-sede.et_pb_module {border-bottom-left-radius: 15px !important;}\u00a0\u00bb border_radii=\u00a0\u00bboff|15px|15px|15px|15px\u00a0\u00bb global_colors_info=\u00a0\u00bb{%22gcid-cca90ba6-297c-4d63-9e2c-8201011ef870%22:%91%22background_color%22%93}\u00a0\u00bb theme_builder_area=\u00a0\u00bbpost_content\u00a0\u00bb][et_pb_social_media_follow_network social_network=\u00a0\u00bbfacebook\u00a0\u00bb icon_color=\u00a0\u00bbgcid-cca90ba6-297c-4d63-9e2c-8201011ef870&Prime; _builder_version=\u00a0\u00bb4.24.3&Prime; _module_preset=\u00a0\u00bbdefault\u00a0\u00bb background_color=\u00a0\u00bb#FFFFFF\u00a0\u00bb background_enable_color=\u00a0\u00bbon\u00a0\u00bb global_colors_info=\u00a0\u00bb{%22gcid-cca90ba6-297c-4d63-9e2c-8201011ef870%22:%91%22icon_color%22%93}\u00a0\u00bb theme_builder_area=\u00a0\u00bbpost_content\u00a0\u00bb follow_button=\u00a0\u00bboff\u00a0\u00bb url_new_window=\u00a0\u00bbon\u00a0\u00bb]facebook[\/et_pb_social_media_follow_network][et_pb_social_media_follow_network social_network=\u00a0\u00bbinstagram\u00a0\u00bb icon_color=\u00a0\u00bbgcid-cca90ba6-297c-4d63-9e2c-8201011ef870&Prime; _builder_version=\u00a0\u00bb4.24.3&Prime; _module_preset=\u00a0\u00bbdefault\u00a0\u00bb background_color=\u00a0\u00bb#FFFFFF\u00a0\u00bb background_enable_color=\u00a0\u00bbon\u00a0\u00bb global_colors_info=\u00a0\u00bb{%22gcid-cca90ba6-297c-4d63-9e2c-8201011ef870%22:%91%22icon_color%22%93}\u00a0\u00bb theme_builder_area=\u00a0\u00bbpost_content\u00a0\u00bb follow_button=\u00a0\u00bboff\u00a0\u00bb url_new_window=\u00a0\u00bbon\u00a0\u00bb]instagram[\/et_pb_social_media_follow_network][et_pb_social_media_follow_network social_network=\u00a0\u00bbyoutube\u00a0\u00bb icon_color=\u00a0\u00bbgcid-cca90ba6-297c-4d63-9e2c-8201011ef870&Prime; _builder_version=\u00a0\u00bb4.24.3&Prime; _module_preset=\u00a0\u00bbdefault\u00a0\u00bb background_color=\u00a0\u00bb#FFFFFF\u00a0\u00bb background_enable_color=\u00a0\u00bbon\u00a0\u00bb global_colors_info=\u00a0\u00bb{%22gcid-cca90ba6-297c-4d63-9e2c-8201011ef870%22:%91%22icon_color%22%93}\u00a0\u00bb theme_builder_area=\u00a0\u00bbpost_content\u00a0\u00bb follow_button=\u00a0\u00bboff\u00a0\u00bb url_new_window=\u00a0\u00bbon\u00a0\u00bb]youtube[\/et_pb_social_media_follow_network][\/et_pb_social_media_follow][difl_imagecarousel item_desktop=\u00a0\u00bb1&Prime; item_tablet=\u00a0\u00bb1&Prime; loop=\u00a0\u00bbon\u00a0\u00bb autoplay=\u00a0\u00bbon\u00a0\u00bb autospeed=\u00a0\u00bb3500&Prime; dots=\u00a0\u00bbon\u00a0\u00bb dots_color=\u00a0\u00bbgcid-cca90ba6-297c-4d63-9e2c-8201011ef870&Prime; active_dots_color=\u00a0\u00bbgcid-b1ace166-c11d-4c70-a679-55884e9ca298&Prime; item_wrapper_padding=\u00a0\u00bb||20px||false|false\u00a0\u00bb admin_label=\u00a0\u00bbFormaci\u00f3n, hemeroteca y formaci\u00f3n\u00a0\u00bb module_class=\u00a0\u00bbextiendeenlacedeboton\u00a0\u00bb _builder_version=\u00a0\u00bb4.27.4&Prime; _module_preset=\u00a0\u00bbdefault\u00a0\u00bb module_alignment=\u00a0\u00bbcenter\u00a0\u00bb custom_margin=\u00a0\u00bb||||false|false\u00a0\u00bb global_module=\u00a0\u00bb51721&Prime; saved_tabs=\u00a0\u00bball\u00a0\u00bb global_colors_info=\u00a0\u00bb{%22gcid-cca90ba6-297c-4d63-9e2c-8201011ef870%22:%91%22dots_color%22%93,%22gcid-b1ace166-c11d-4c70-a679-55884e9ca298%22:%91%22active_dots_color%22%93}\u00a0\u00bb custom_margin__hover_enabled=\u00a0\u00bbon|hover\u00a0\u00bb custom_margin__hover=\u00a0\u00bb||||false|false\u00a0\u00bb theme_builder_area=\u00a0\u00bbpost_content\u00a0\u00bb][difl_imagecarouselitem admin_label=\u00a0\u00bbFormaci\u00f3n\u00a0\u00bb image=\u00a0\u00bbhttps:\/\/www.itakaescolapios.org\/wp-content\/uploads\/2025\/02\/banners-500&#215;500-esp5.jpg\u00a0\u00bb ic_button_button_text=\u00a0\u00bbbot\u00a0\u00bb ic_button_button_url=\u00a0\u00bb\/es\/que-hacemos\/formacion\/\u00a0\u00bb ic_button_button_url_new_window=\u00a0\u00bb1&Prime; _builder_version=\u00a0\u00bb4.27.4&Prime; _module_preset=\u00a0\u00bbdefault\u00a0\u00bb image_en_us=\u00a0\u00bbhttps:\/\/www.itakaescolapios.org\/wp-content\/uploads\/2025\/02\/banners-500&#215;500-eng5.jpg\u00a0\u00bb ic_button_button_text_en_us=\u00a0\u00bbbot\u00a0\u00bb image_fr_fr=\u00a0\u00bbhttps:\/\/www.itakaescolapios.org\/wp-content\/uploads\/2025\/02\/banners-500&#215;500-fra5.jpg\u00a0\u00bb ic_button_button_text_fr_fr=\u00a0\u00bbbot\u00a0\u00bb image_eu=\u00a0\u00bbhttps:\/\/www.itakaescolapios.org\/wp-content\/uploads\/2025\/02\/banners-500&#215;500-eusk5.jpg\u00a0\u00bb ic_button_button_text_eu=\u00a0\u00bbbot\u00a0\u00bb image_ca=\u00a0\u00bbhttps:\/\/www.itakaescolapios.org\/wp-content\/uploads\/2025\/02\/banners-500&#215;500-val5.jpg\u00a0\u00bb ic_button_button_text_ca=\u00a0\u00bbbot\u00a0\u00bb image_pt_br=\u00a0\u00bbhttps:\/\/www.itakaescolapios.org\/wp-content\/uploads\/2025\/02\/banners-500&#215;500-port5.jpg\u00a0\u00bb ic_button_button_text_pt_br=\u00a0\u00bbbot\u00a0\u00bb global_colors_info=\u00a0\u00bb{}\u00a0\u00bb theme_builder_area=\u00a0\u00bbpost_content\u00a0\u00bb][\/difl_imagecarouselitem][difl_imagecarouselitem admin_label=\u00a0\u00bbPublicaciones\u00a0\u00bb image=\u00a0\u00bbhttps:\/\/www.itakaescolapios.org\/wp-content\/uploads\/2025\/02\/banners-500&#215;500-esp3-1.jpg\u00a0\u00bb ic_button_button_text=\u00a0\u00bbbot\u00a0\u00bb ic_button_button_url=\u00a0\u00bb\/es\/publicaciones\u00a0\u00bb ic_button_button_url_new_window=\u00a0\u00bb1&Prime; _builder_version=\u00a0\u00bb4.27.4&Prime; _module_preset=\u00a0\u00bbdefault\u00a0\u00bb image_en_us=\u00a0\u00bbhttps:\/\/www.itakaescolapios.org\/wp-content\/uploads\/2025\/02\/banners-500&#215;500-eng3.jpg\u00a0\u00bb ic_button_button_text_en_us=\u00a0\u00bbbot\u00a0\u00bb image_fr_fr=\u00a0\u00bbhttps:\/\/www.itakaescolapios.org\/wp-content\/uploads\/2025\/02\/banners-500&#215;500-fra3.jpg\u00a0\u00bb ic_button_button_text_fr_fr=\u00a0\u00bbbot\u00a0\u00bb image_eu=\u00a0\u00bbhttps:\/\/www.itakaescolapios.org\/wp-content\/uploads\/2025\/02\/banners-500&#215;500-eusk3.jpg\u00a0\u00bb ic_button_button_text_eu=\u00a0\u00bbbot\u00a0\u00bb image_ca=\u00a0\u00bbhttps:\/\/www.itakaescolapios.org\/wp-content\/uploads\/2025\/02\/banners-500&#215;500-val3.jpg\u00a0\u00bb ic_button_button_text_ca=\u00a0\u00bbbot\u00a0\u00bb image_pt_br=\u00a0\u00bbhttps:\/\/www.itakaescolapios.org\/wp-content\/uploads\/2025\/02\/banners-500&#215;500-port3.jpg\u00a0\u00bb ic_button_button_text_pt_br=\u00a0\u00bbbot\u00a0\u00bb global_colors_info=\u00a0\u00bb{}\u00a0\u00bb theme_builder_area=\u00a0\u00bbpost_content\u00a0\u00bb][\/difl_imagecarouselitem][difl_imagecarouselitem admin_label=\u00a0\u00bbHemeroteca\u00a0\u00bb image=\u00a0\u00bbhttps:\/\/www.itakaescolapios.org\/wp-content\/uploads\/2025\/02\/banners-500&#215;500-esp4.jpg\u00a0\u00bb ic_button_button_text=\u00a0\u00bbbot\u00a0\u00bb ic_button_button_url=\u00a0\u00bb\/es\/noticias\/\u00a0\u00bb ic_button_button_url_new_window=\u00a0\u00bb1&Prime; _builder_version=\u00a0\u00bb4.27.4&Prime; _module_preset=\u00a0\u00bbdefault\u00a0\u00bb image_en_us=\u00a0\u00bbhttps:\/\/www.itakaescolapios.org\/wp-content\/uploads\/2025\/02\/banners-500&#215;500-eng4.jpg\u00a0\u00bb ic_button_button_text_en_us=\u00a0\u00bbbot\u00a0\u00bb image_fr_fr=\u00a0\u00bbhttps:\/\/www.itakaescolapios.org\/wp-content\/uploads\/2025\/02\/banners-500&#215;500-fra4.jpg\u00a0\u00bb ic_button_button_text_fr_fr=\u00a0\u00bbbot\u00a0\u00bb image_eu=\u00a0\u00bbhttps:\/\/www.itakaescolapios.org\/wp-content\/uploads\/2025\/02\/banners-500&#215;500-eusk4.jpg\u00a0\u00bb ic_button_button_text_eu=\u00a0\u00bbbot\u00a0\u00bb image_ca=\u00a0\u00bbhttps:\/\/www.itakaescolapios.org\/wp-content\/uploads\/2025\/02\/banners-500&#215;500-val4.jpg\u00a0\u00bb ic_button_button_text_ca=\u00a0\u00bbbot\u00a0\u00bb image_pt_br=\u00a0\u00bbhttps:\/\/www.itakaescolapios.org\/wp-content\/uploads\/2025\/02\/banners-500&#215;500-port4.jpg\u00a0\u00bb ic_button_button_text_pt_br=\u00a0\u00bbbot\u00a0\u00bb global_colors_info=\u00a0\u00bb{}\u00a0\u00bb theme_builder_area=\u00a0\u00bbpost_content\u00a0\u00bb][\/difl_imagecarouselitem][\/difl_imagecarousel][\/et_pb_column][\/et_pb_section]<\/p>\n","protected":false},"excerpt":{"rendered":"<p>Depuis le 18 septembre, une d\u00e9l\u00e9gation de la Commission ex\u00e9cutive du R\u00e9seau est en visite dans les pr\u00e9sences piaristes des \u00c9tats-Unis et de Cuba. L&rsquo;objectif est d&rsquo;approfondir le cheminement commun entam\u00e9 il y a quelques ann\u00e9es par la Province USA-PR et le R\u00e9seau Itaka-Escolapios, en renfor\u00e7ant la connaissance mutuelle et la collaboration entre les deux entit\u00e9s. Le Sup\u00e9rieur provincial et les responsables du bureau de d\u00e9veloppement participent \u00e9galement \u00e0 ce programme.<\/p>\n","protected":false},"author":69,"featured_media":328751,"comment_status":"closed","ping_status":"closed","sticky":false,"template":"","format":"standard","meta":{"_et_pb_use_builder":"on","_et_pb_old_content":"","_et_gb_content_width":"","footnotes":""},"categories":[30],"tags":[],"class_list":["post-328745","post","type-post","status-publish","format-standard","has-post-thumbnail","hentry","category-itaka-escolapios"],"yoast_head":"<!-- This site is optimized with the Yoast SEO plugin v27.4 - https:\/\/yoast.com\/product\/yoast-seo-wordpress\/ -->\n<title>Visite du R\u00e9seau aux \u00c9tats-Unis et \u00e0 Cuba<\/title>\n<meta name=\"description\" content=\"Depuis le 18 septembre, une d\u00e9l\u00e9gation de la Commission ex\u00e9cutive du R\u00e9seau est en visite dans les pr\u00e9sences piaristes des \u00c9tats-Unis et de Cuba. L&#039;objectif est d&#039;approfondir le cheminement commun entam\u00e9 il y a quelques ann\u00e9es par la Province USA-PR et le R\u00e9seau Itaka-Escolapios, en renfor\u00e7ant la connaissance mutuelle et la collaboration entre les deux entit\u00e9s. Le Sup\u00e9rieur provincial et les responsables du bureau de d\u00e9veloppement participent \u00e9galement \u00e0 ce programme.\" \/>\n<meta name=\"robots\" content=\"index, follow, max-snippet:-1, max-image-preview:large, max-video-preview:-1\" \/>\n<link rel=\"canonical\" href=\"http:\/\/Depuis%20le%2018%20septembre,%20une%20d\u00e9l\u00e9gation%20de%20la%20Commission%20ex\u00e9cutive%20du%20R\u00e9seau%20est%20en%20visite%20dans%20les%20pr\u00e9sences%20piaristes%20des%20\u00c9tats-Unis%20et%20de%20Cuba.%20L'objectif%20est%20d'approfondir%20le%20cheminement%20commun%20entam\u00e9%20il%20y%20a%20quelques%20ann\u00e9es%20par%20la%20Province%20USA-PR%20et%20le%20R\u00e9seau%20Itaka-Escolapios,%20en%20renfor\u00e7ant%20la%20connaissance%20mutuelle%20et%20la%20collaboration%20entre%20les%20deux%20entit\u00e9s.%20Le%20Sup\u00e9rieur%20provincial%20et%20les%20responsables%20du%20bureau%20de%20d\u00e9veloppement%20participent%20\u00e9galement%20\u00e0%20ce%20programme.\" \/>\n<meta property=\"og:locale\" content=\"fr_FR\" \/>\n<meta property=\"og:type\" content=\"article\" \/>\n<meta property=\"og:title\" content=\"Visite du R\u00e9seau aux \u00c9tats-Unis et \u00e0 Cuba\" \/>\n<meta property=\"og:description\" content=\"Depuis le 18 septembre, une d\u00e9l\u00e9gation de la Commission ex\u00e9cutive du R\u00e9seau est en visite dans les pr\u00e9sences piaristes des \u00c9tats-Unis et de Cuba. L&#039;objectif est d&#039;approfondir le cheminement commun entam\u00e9 il y a quelques ann\u00e9es par la Province USA-PR et le R\u00e9seau Itaka-Escolapios, en renfor\u00e7ant la connaissance mutuelle et la collaboration entre les deux entit\u00e9s. Le Sup\u00e9rieur provincial et les responsables du bureau de d\u00e9veloppement participent \u00e9galement \u00e0 ce programme.\" \/>\n<meta property=\"og:url\" content=\"https:\/\/www.itakaescolapios.org\/fr\/2025\/09\/visita-de-la-red-a-estados-unidos-y-cuba\/\" \/>\n<meta property=\"og:site_name\" content=\"Itaka-Escolapios\" \/>\n<meta property=\"article:published_time\" content=\"2025-09-26T08:49:25+00:00\" \/>\n<meta property=\"article:modified_time\" content=\"2025-09-26T08:49:33+00:00\" \/>\n<meta property=\"og:image\" content=\"https:\/\/www.itakaescolapios.org\/wp-content\/uploads\/2025\/09\/WhatsApp-Image-2025-09-26-at-10.38.00.jpeg\" \/>\n\t<meta property=\"og:image:width\" content=\"1050\" \/>\n\t<meta property=\"og:image:height\" content=\"573\" \/>\n\t<meta property=\"og:image:type\" content=\"image\/jpeg\" \/>\n<meta name=\"author\" content=\"Paz Su\u00f1er\" \/>\n<meta name=\"twitter:card\" content=\"summary_large_image\" \/>\n<meta name=\"twitter:label1\" content=\"\u00c9crit par\" \/>\n\t<meta name=\"twitter:data1\" content=\"Paz Su\u00f1er\" \/>\n\t<meta name=\"twitter:label2\" content=\"Dur\u00e9e de lecture estim\u00e9e\" \/>\n\t<meta name=\"twitter:data2\" content=\"5 minutes\" \/>\n<script type=\"application\/ld+json\" class=\"yoast-schema-graph\">{\"@context\":\"https:\\\/\\\/schema.org\",\"@graph\":[{\"@type\":\"Article\",\"@id\":\"https:\\\/\\\/www.itakaescolapios.org\\\/fr\\\/2025\\\/09\\\/visita-de-la-red-a-estados-unidos-y-cuba\\\/#article\",\"isPartOf\":{\"@id\":\"https:\\\/\\\/www.itakaescolapios.org\\\/fr\\\/2025\\\/09\\\/visita-de-la-red-a-estados-unidos-y-cuba\\\/\"},\"author\":{\"name\":\"Paz Su\u00f1er\",\"@id\":\"https:\\\/\\\/www.itakaescolapios.org\\\/es\\\/#\\\/schema\\\/person\\\/b4aee0bb1423368fa9a5439a0985739e\"},\"headline\":\"Visite du R\u00e9seau aux \u00c9tats-Unis et \u00e0 Cuba\",\"datePublished\":\"2025-09-26T08:49:25+00:00\",\"dateModified\":\"2025-09-26T08:49:33+00:00\",\"mainEntityOfPage\":{\"@id\":\"https:\\\/\\\/www.itakaescolapios.org\\\/fr\\\/2025\\\/09\\\/visita-de-la-red-a-estados-unidos-y-cuba\\\/\"},\"wordCount\":4527,\"publisher\":{\"@id\":\"https:\\\/\\\/www.itakaescolapios.org\\\/es\\\/#organization\"},\"image\":{\"@id\":\"https:\\\/\\\/www.itakaescolapios.org\\\/fr\\\/2025\\\/09\\\/visita-de-la-red-a-estados-unidos-y-cuba\\\/#primaryimage\"},\"thumbnailUrl\":\"https:\\\/\\\/www.itakaescolapios.org\\\/wp-content\\\/uploads\\\/2025\\\/09\\\/WhatsApp-Image-2025-09-26-at-10.38.00.jpeg\",\"articleSection\":[\"Itaka Escolapios\"],\"inLanguage\":\"fr-FR\"},{\"@type\":\"WebPage\",\"@id\":\"https:\\\/\\\/www.itakaescolapios.org\\\/fr\\\/2025\\\/09\\\/visita-de-la-red-a-estados-unidos-y-cuba\\\/\",\"url\":\"https:\\\/\\\/www.itakaescolapios.org\\\/fr\\\/2025\\\/09\\\/visita-de-la-red-a-estados-unidos-y-cuba\\\/\",\"name\":\"Visita de la Red a Estados Unidos y Cuba - Itaka-Escolapios\",\"isPartOf\":{\"@id\":\"https:\\\/\\\/www.itakaescolapios.org\\\/es\\\/#website\"},\"primaryImageOfPage\":{\"@id\":\"https:\\\/\\\/www.itakaescolapios.org\\\/fr\\\/2025\\\/09\\\/visita-de-la-red-a-estados-unidos-y-cuba\\\/#primaryimage\"},\"image\":{\"@id\":\"https:\\\/\\\/www.itakaescolapios.org\\\/fr\\\/2025\\\/09\\\/visita-de-la-red-a-estados-unidos-y-cuba\\\/#primaryimage\"},\"thumbnailUrl\":\"https:\\\/\\\/www.itakaescolapios.org\\\/wp-content\\\/uploads\\\/2025\\\/09\\\/WhatsApp-Image-2025-09-26-at-10.38.00.jpeg\",\"datePublished\":\"2025-09-26T08:49:25+00:00\",\"dateModified\":\"2025-09-26T08:49:33+00:00\",\"breadcrumb\":{\"@id\":\"https:\\\/\\\/www.itakaescolapios.org\\\/fr\\\/2025\\\/09\\\/visita-de-la-red-a-estados-unidos-y-cuba\\\/#breadcrumb\"},\"inLanguage\":\"fr-FR\",\"potentialAction\":[{\"@type\":\"ReadAction\",\"target\":[\"https:\\\/\\\/www.itakaescolapios.org\\\/fr\\\/2025\\\/09\\\/visita-de-la-red-a-estados-unidos-y-cuba\\\/\"]}]},{\"@type\":\"ImageObject\",\"inLanguage\":\"fr-FR\",\"@id\":\"https:\\\/\\\/www.itakaescolapios.org\\\/fr\\\/2025\\\/09\\\/visita-de-la-red-a-estados-unidos-y-cuba\\\/#primaryimage\",\"url\":\"https:\\\/\\\/www.itakaescolapios.org\\\/wp-content\\\/uploads\\\/2025\\\/09\\\/WhatsApp-Image-2025-09-26-at-10.38.00.jpeg\",\"contentUrl\":\"https:\\\/\\\/www.itakaescolapios.org\\\/wp-content\\\/uploads\\\/2025\\\/09\\\/WhatsApp-Image-2025-09-26-at-10.38.00.jpeg\",\"width\":1050,\"height\":573},{\"@type\":\"BreadcrumbList\",\"@id\":\"https:\\\/\\\/www.itakaescolapios.org\\\/fr\\\/2025\\\/09\\\/visita-de-la-red-a-estados-unidos-y-cuba\\\/#breadcrumb\",\"itemListElement\":[{\"@type\":\"ListItem\",\"position\":1,\"name\":\"Itaka-Escolapios\",\"item\":\"https:\\\/\\\/www.itakaescolapios.org\\\/es\\\/\"},{\"@type\":\"ListItem\",\"position\":2,\"name\":\"Visite du R\u00e9seau aux \u00c9tats-Unis et \u00e0 Cuba\"}]},{\"@type\":\"WebSite\",\"@id\":\"https:\\\/\\\/www.itakaescolapios.org\\\/fr\\\/es\\\/#website\",\"url\":\"https:\\\/\\\/www.itakaescolapios.org\\\/fr\\\/es\\\/\",\"name\":\"Itaka-Escolapios\",\"description\":\"Red de Itaka-Escolapios\",\"publisher\":{\"@id\":\"https:\\\/\\\/www.itakaescolapios.org\\\/fr\\\/es\\\/#organization\"},\"potentialAction\":[{\"@type\":\"SearchAction\",\"target\":{\"@type\":\"EntryPoint\",\"urlTemplate\":\"https:\\\/\\\/www.itakaescolapios.org\\\/fr\\\/es\\\/?s={search_term_string}\"},\"query-input\":{\"@type\":\"PropertyValueSpecification\",\"valueRequired\":true,\"valueName\":\"search_term_string\"}}],\"inLanguage\":\"fr-FR\"},{\"@type\":\"Organization\",\"@id\":\"https:\\\/\\\/www.itakaescolapios.org\\\/fr\\\/es\\\/#organization\",\"name\":\"Fundaci\u00f3 Itaka-Escolapios\",\"url\":\"https:\\\/\\\/www.itakaescolapios.org\\\/fr\\\/es\\\/\",\"logo\":{\"@type\":\"ImageObject\",\"inLanguage\":\"fr-FR\",\"@id\":\"https:\\\/\\\/www.itakaescolapios.org\\\/fr\\\/es\\\/#\\\/schema\\\/logo\\\/image\\\/\",\"url\":\"https:\\\/\\\/www.itakaescolapios.org\\\/wp-content\\\/uploads\\\/2024\\\/04\\\/Logo-itakaescolapios-peque.png\",\"contentUrl\":\"https:\\\/\\\/www.itakaescolapios.org\\\/wp-content\\\/uploads\\\/2024\\\/04\\\/Logo-itakaescolapios-peque.png\",\"width\":500,\"height\":199,\"caption\":\"Fundaci\u00f3 Itaka-Escolapios\"},\"image\":{\"@id\":\"https:\\\/\\\/www.itakaescolapios.org\\\/fr\\\/es\\\/#\\\/schema\\\/logo\\\/image\\\/\"}},{\"@type\":\"Person\",\"@id\":\"https:\\\/\\\/www.itakaescolapios.org\\\/es\\\/#\\\/schema\\\/person\\\/b4aee0bb1423368fa9a5439a0985739e\",\"name\":\"Paz Su\u00f1er\",\"url\":\"https:\\\/\\\/www.itakaescolapios.org\\\/fr\\\/author\\\/pazsuner\\\/\"}]}<\/script>\n<!-- \/ Yoast SEO plugin. -->","yoast_head_json":{"title":"Visite du R\u00e9seau aux \u00c9tats-Unis et \u00e0 Cuba","description":"Depuis le 18 septembre, une d\u00e9l\u00e9gation de la Commission ex\u00e9cutive du R\u00e9seau est en visite dans les pr\u00e9sences piaristes des \u00c9tats-Unis et de Cuba. L'objectif est d'approfondir le cheminement commun entam\u00e9 il y a quelques ann\u00e9es par la Province USA-PR et le R\u00e9seau Itaka-Escolapios, en renfor\u00e7ant la connaissance mutuelle et la collaboration entre les deux entit\u00e9s. Le Sup\u00e9rieur provincial et les responsables du bureau de d\u00e9veloppement participent \u00e9galement \u00e0 ce programme.","robots":{"index":"index","follow":"follow","max-snippet":"max-snippet:-1","max-image-preview":"max-image-preview:large","max-video-preview":"max-video-preview:-1"},"canonical":"Depuis le 18 septembre, une d\u00e9l\u00e9gation de la Commission ex\u00e9cutive du R\u00e9seau est en visite dans les pr\u00e9sences piaristes des \u00c9tats-Unis et de Cuba. L'objectif est d'approfondir le cheminement commun entam\u00e9 il y a quelques ann\u00e9es par la Province USA-PR et le R\u00e9seau Itaka-Escolapios, en renfor\u00e7ant la connaissance mutuelle et la collaboration entre les deux entit\u00e9s. Le Sup\u00e9rieur provincial et les responsables du bureau de d\u00e9veloppement participent \u00e9galement \u00e0 ce programme.","og_locale":"fr_FR","og_type":"article","og_title":"Visite du R\u00e9seau aux \u00c9tats-Unis et \u00e0 Cuba","og_description":"Depuis le 18 septembre, une d\u00e9l\u00e9gation de la Commission ex\u00e9cutive du R\u00e9seau est en visite dans les pr\u00e9sences piaristes des \u00c9tats-Unis et de Cuba. L'objectif est d'approfondir le cheminement commun entam\u00e9 il y a quelques ann\u00e9es par la Province USA-PR et le R\u00e9seau Itaka-Escolapios, en renfor\u00e7ant la connaissance mutuelle et la collaboration entre les deux entit\u00e9s. Le Sup\u00e9rieur provincial et les responsables du bureau de d\u00e9veloppement participent \u00e9galement \u00e0 ce programme.","og_url":"https:\/\/www.itakaescolapios.org\/fr\/2025\/09\/visita-de-la-red-a-estados-unidos-y-cuba\/","og_site_name":"Itaka-Escolapios","article_published_time":"2025-09-26T08:49:25+00:00","article_modified_time":"2025-09-26T08:49:33+00:00","og_image":[{"width":1050,"height":573,"url":"https:\/\/www.itakaescolapios.org\/wp-content\/uploads\/2025\/09\/WhatsApp-Image-2025-09-26-at-10.38.00.jpeg","type":"image\/jpeg"}],"author":"Paz Su\u00f1er","twitter_card":"summary_large_image","twitter_misc":{"\u00c9crit par":"Paz Su\u00f1er","Dur\u00e9e de lecture estim\u00e9e":"5 minutes"},"schema":{"@context":"https:\/\/schema.org","@graph":[{"@type":"Article","@id":"https:\/\/www.itakaescolapios.org\/fr\/2025\/09\/visita-de-la-red-a-estados-unidos-y-cuba\/#article","isPartOf":{"@id":"https:\/\/www.itakaescolapios.org\/fr\/2025\/09\/visita-de-la-red-a-estados-unidos-y-cuba\/"},"author":{"name":"Paz Su\u00f1er","@id":"https:\/\/www.itakaescolapios.org\/es\/#\/schema\/person\/b4aee0bb1423368fa9a5439a0985739e"},"headline":"Visite du R\u00e9seau aux \u00c9tats-Unis et \u00e0 Cuba","datePublished":"2025-09-26T08:49:25+00:00","dateModified":"2025-09-26T08:49:33+00:00","mainEntityOfPage":{"@id":"https:\/\/www.itakaescolapios.org\/fr\/2025\/09\/visita-de-la-red-a-estados-unidos-y-cuba\/"},"wordCount":4527,"publisher":{"@id":"https:\/\/www.itakaescolapios.org\/es\/#organization"},"image":{"@id":"https:\/\/www.itakaescolapios.org\/fr\/2025\/09\/visita-de-la-red-a-estados-unidos-y-cuba\/#primaryimage"},"thumbnailUrl":"https:\/\/www.itakaescolapios.org\/wp-content\/uploads\/2025\/09\/WhatsApp-Image-2025-09-26-at-10.38.00.jpeg","articleSection":["Itaka Escolapios"],"inLanguage":"fr-FR"},{"@type":"WebPage","@id":"https:\/\/www.itakaescolapios.org\/fr\/2025\/09\/visita-de-la-red-a-estados-unidos-y-cuba\/","url":"https:\/\/www.itakaescolapios.org\/fr\/2025\/09\/visita-de-la-red-a-estados-unidos-y-cuba\/","name":"Visita de la Red a Estados Unidos y Cuba - Itaka-Escolapios","isPartOf":{"@id":"https:\/\/www.itakaescolapios.org\/es\/#website"},"primaryImageOfPage":{"@id":"https:\/\/www.itakaescolapios.org\/fr\/2025\/09\/visita-de-la-red-a-estados-unidos-y-cuba\/#primaryimage"},"image":{"@id":"https:\/\/www.itakaescolapios.org\/fr\/2025\/09\/visita-de-la-red-a-estados-unidos-y-cuba\/#primaryimage"},"thumbnailUrl":"https:\/\/www.itakaescolapios.org\/wp-content\/uploads\/2025\/09\/WhatsApp-Image-2025-09-26-at-10.38.00.jpeg","datePublished":"2025-09-26T08:49:25+00:00","dateModified":"2025-09-26T08:49:33+00:00","breadcrumb":{"@id":"https:\/\/www.itakaescolapios.org\/fr\/2025\/09\/visita-de-la-red-a-estados-unidos-y-cuba\/#breadcrumb"},"inLanguage":"fr-FR","potentialAction":[{"@type":"ReadAction","target":["https:\/\/www.itakaescolapios.org\/fr\/2025\/09\/visita-de-la-red-a-estados-unidos-y-cuba\/"]}]},{"@type":"ImageObject","inLanguage":"fr-FR","@id":"https:\/\/www.itakaescolapios.org\/fr\/2025\/09\/visita-de-la-red-a-estados-unidos-y-cuba\/#primaryimage","url":"https:\/\/www.itakaescolapios.org\/wp-content\/uploads\/2025\/09\/WhatsApp-Image-2025-09-26-at-10.38.00.jpeg","contentUrl":"https:\/\/www.itakaescolapios.org\/wp-content\/uploads\/2025\/09\/WhatsApp-Image-2025-09-26-at-10.38.00.jpeg","width":1050,"height":573},{"@type":"BreadcrumbList","@id":"https:\/\/www.itakaescolapios.org\/fr\/2025\/09\/visita-de-la-red-a-estados-unidos-y-cuba\/#breadcrumb","itemListElement":[{"@type":"ListItem","position":1,"name":"Itaka-Escolapios","item":"https:\/\/www.itakaescolapios.org\/es\/"},{"@type":"ListItem","position":2,"name":"Visite du R\u00e9seau aux \u00c9tats-Unis et \u00e0 Cuba"}]},{"@type":"WebSite","@id":"https:\/\/www.itakaescolapios.org\/fr\/es\/#website","url":"https:\/\/www.itakaescolapios.org\/fr\/es\/","name":"Itaka-Escolapios","description":"Red de Itaka-Escolapios","publisher":{"@id":"https:\/\/www.itakaescolapios.org\/fr\/es\/#organization"},"potentialAction":[{"@type":"SearchAction","target":{"@type":"EntryPoint","urlTemplate":"https:\/\/www.itakaescolapios.org\/fr\/es\/?s={search_term_string}"},"query-input":{"@type":"PropertyValueSpecification","valueRequired":true,"valueName":"search_term_string"}}],"inLanguage":"fr-FR"},{"@type":"Organization","@id":"https:\/\/www.itakaescolapios.org\/fr\/es\/#organization","name":"Fundaci\u00f3 Itaka-Escolapios","url":"https:\/\/www.itakaescolapios.org\/fr\/es\/","logo":{"@type":"ImageObject","inLanguage":"fr-FR","@id":"https:\/\/www.itakaescolapios.org\/fr\/es\/#\/schema\/logo\/image\/","url":"https:\/\/www.itakaescolapios.org\/wp-content\/uploads\/2024\/04\/Logo-itakaescolapios-peque.png","contentUrl":"https:\/\/www.itakaescolapios.org\/wp-content\/uploads\/2024\/04\/Logo-itakaescolapios-peque.png","width":500,"height":199,"caption":"Fundaci\u00f3 Itaka-Escolapios"},"image":{"@id":"https:\/\/www.itakaescolapios.org\/fr\/es\/#\/schema\/logo\/image\/"}},{"@type":"Person","@id":"https:\/\/www.itakaescolapios.org\/es\/#\/schema\/person\/b4aee0bb1423368fa9a5439a0985739e","name":"Paz Su\u00f1er","url":"https:\/\/www.itakaescolapios.org\/fr\/author\/pazsuner\/"}]}},"_links":{"self":[{"href":"https:\/\/www.itakaescolapios.org\/fr\/wp-json\/wp\/v2\/posts\/328745","targetHints":{"allow":["GET"]}}],"collection":[{"href":"https:\/\/www.itakaescolapios.org\/fr\/wp-json\/wp\/v2\/posts"}],"about":[{"href":"https:\/\/www.itakaescolapios.org\/fr\/wp-json\/wp\/v2\/types\/post"}],"author":[{"embeddable":true,"href":"https:\/\/www.itakaescolapios.org\/fr\/wp-json\/wp\/v2\/users\/69"}],"replies":[{"embeddable":true,"href":"https:\/\/www.itakaescolapios.org\/fr\/wp-json\/wp\/v2\/comments?post=328745"}],"version-history":[{"count":5,"href":"https:\/\/www.itakaescolapios.org\/fr\/wp-json\/wp\/v2\/posts\/328745\/revisions"}],"predecessor-version":[{"id":328761,"href":"https:\/\/www.itakaescolapios.org\/fr\/wp-json\/wp\/v2\/posts\/328745\/revisions\/328761"}],"wp:featuredmedia":[{"embeddable":true,"href":"https:\/\/www.itakaescolapios.org\/fr\/wp-json\/wp\/v2\/media\/328751"}],"wp:attachment":[{"href":"https:\/\/www.itakaescolapios.org\/fr\/wp-json\/wp\/v2\/media?parent=328745"}],"wp:term":[{"taxonomy":"category","embeddable":true,"href":"https:\/\/www.itakaescolapios.org\/fr\/wp-json\/wp\/v2\/categories?post=328745"},{"taxonomy":"post_tag","embeddable":true,"href":"https:\/\/www.itakaescolapios.org\/fr\/wp-json\/wp\/v2\/tags?post=328745"}],"curies":[{"name":"wp","href":"https:\/\/api.w.org\/{rel}","templated":true}]}}