{"id":329291,"date":"2025-11-06T13:36:30","date_gmt":"2025-11-06T12:36:30","guid":{"rendered":"https:\/\/www.itakaescolapios.org\/?p=329291"},"modified":"2025-11-03T13:48:18","modified_gmt":"2025-11-03T12:48:18","slug":"nuevo-convenio-con-la-caixa-madrid-para-el-proyecto-akar","status":"publish","type":"post","link":"https:\/\/www.itakaescolapios.org\/fr\/2025\/11\/nuevo-convenio-con-la-caixa-madrid-para-el-proyecto-akar\/","title":{"rendered":"Nouvel accord avec La Caixa Madrid pour le projet Akar"},"content":{"rendered":"<p>[et_pb_section fb_built=\u00a0\u00bb1&Prime; make_equal=\u00a0\u00bbon\u00a0\u00bb use_custom_gutter=\u00a0\u00bbon\u00a0\u00bb gutter_width=\u00a0\u00bb2&Prime; specialty=\u00a0\u00bbon\u00a0\u00bb _builder_version=\u00a0\u00bb4.24.3&Prime; _module_preset=\u00a0\u00bbdefault\u00a0\u00bb width=\u00a0\u00bb100%\u00a0\u00bb max_width=\u00a0\u00bb100%\u00a0\u00bb module_alignment=\u00a0\u00bbcenter\u00a0\u00bb inner_width=\u00a0\u00bb90%\u00a0\u00bb inner_max_width=\u00a0\u00bb2222px\u00a0\u00bb inner_module_alignment=\u00a0\u00bbcenter\u00a0\u00bb custom_margin=\u00a0\u00bb0px||||false|false\u00a0\u00bb custom_padding=\u00a0\u00bb0px||||false|false\u00a0\u00bb da_disable_devices=\u00a0\u00bboff|off|off\u00a0\u00bb global_colors_info=\u00a0\u00bb{}\u00a0\u00bb theme_builder_area=\u00a0\u00bbpost_content\u00a0\u00bb da_is_popup=\u00a0\u00bboff\u00a0\u00bb da_exit_intent=\u00a0\u00bboff\u00a0\u00bb da_has_close=\u00a0\u00bbon\u00a0\u00bb da_alt_close=\u00a0\u00bboff\u00a0\u00bb da_dark_close=\u00a0\u00bboff\u00a0\u00bb da_not_modal=\u00a0\u00bbon\u00a0\u00bb da_is_singular=\u00a0\u00bboff\u00a0\u00bb da_with_loader=\u00a0\u00bboff\u00a0\u00bb da_has_shadow=\u00a0\u00bbon\u00a0\u00bb][et_pb_column type=\u00a0\u00bb3_4&Prime; specialty_columns=\u00a0\u00bb3&Prime; _builder_version=\u00a0\u00bb4.16&Prime; custom_padding=\u00a0\u00bb|||\u00a0\u00bb global_colors_info=\u00a0\u00bb{}\u00a0\u00bb custom_padding__hover=\u00a0\u00bb|||\u00a0\u00bb theme_builder_area=\u00a0\u00bbpost_content\u00a0\u00bb][et_pb_row_inner custom_padding_last_edited=\u00a0\u00bbon|phone\u00a0\u00bb _builder_version=\u00a0\u00bb4.24.3&Prime; _module_preset=\u00a0\u00bbdefault\u00a0\u00bb module_alignment=\u00a0\u00bbcenter\u00a0\u00bb custom_padding=\u00a0\u00bb|50px|4px||false|false\u00a0\u00bb custom_padding_tablet=\u00a0\u00bb|50px|4px||false|false\u00a0\u00bb custom_padding_phone=\u00a0\u00bb|0px|||false|false\u00a0\u00bb border_color_all=\u00a0\u00bbgcid-b1ace166-c11d-4c70-a679-55884e9ca298&Prime; border_style_all=\u00a0\u00bbdotted\u00a0\u00bb border_width_right=\u00a0\u00bb3px\u00a0\u00bb border_color_right=\u00a0\u00bbgcid-b1ace166-c11d-4c70-a679-55884e9ca298&Prime; border_width_right_tablet=\u00a0\u00bb3px\u00a0\u00bb border_width_right_phone=\u00a0\u00bb0px\u00a0\u00bb border_width_right_last_edited=\u00a0\u00bbon|desktop\u00a0\u00bb collapsed=\u00a0\u00bboff\u00a0\u00bb global_colors_info=\u00a0\u00bb{%22gcid-b1ace166-c11d-4c70-a679-55884e9ca298%22:%91%22border_color_all%22,%22border_color_right%22%93}\u00a0\u00bb theme_builder_area=\u00a0\u00bbpost_content\u00a0\u00bb][et_pb_column_inner saved_specialty_column_type=\u00a0\u00bb3_4&Prime; _builder_version=\u00a0\u00bb4.24.3&Prime; _module_preset=\u00a0\u00bbdefault\u00a0\u00bb global_colors_info=\u00a0\u00bb{}\u00a0\u00bb theme_builder_area=\u00a0\u00bbpost_content\u00a0\u00bb][et_pb_text admin_label=\u00a0\u00bbT\u00cdTULO NOTICIA\u00a0\u00bb _builder_version=\u00a0\u00bb4.27.4&Prime; _module_preset=\u00a0\u00bbdefault\u00a0\u00bb header_font=\u00a0\u00bbTitulo Itaka-Escolapios|700|||||||\u00a0\u00bb header_text_align=\u00a0\u00bbcenter\u00a0\u00bb header_text_color=\u00a0\u00bbgcid-cca90ba6-297c-4d63-9e2c-8201011ef870&Prime; header_font_size=\u00a0\u00bb50px\u00a0\u00bb custom_margin=\u00a0\u00bb||20px||false|false\u00a0\u00bb custom_margin_tablet=\u00a0\u00bb||20px||false|false\u00a0\u00bb custom_margin_phone=\u00a0\u00bb||20px||false|false\u00a0\u00bb custom_margin_last_edited=\u00a0\u00bbon|desktop\u00a0\u00bb hover_enabled=\u00a0\u00bb0&Prime; header_font_size_tablet=\u00a0\u00bb55px\u00a0\u00bb header_font_size_phone=\u00a0\u00bb35px\u00a0\u00bb header_font_size_last_edited=\u00a0\u00bbon|phone\u00a0\u00bb content_en_us=\u00a0\u00bb<\/p>\n<h1><strong>New agreement with La Caixa Madrid for the Akar project<\/strong><\/h1>\n<p>\u00a0\u00bb content_fr_fr=\u00a0\u00bb<\/p>\n<h1><strong>Nouvel accord avec La Caixa Madrid pour le projet Akar<\/strong><\/h1>\n<p>\u00a0\u00bb content_eu=\u00a0\u00bb<\/p>\n<h1><strong>Akar proiekturako hitzarmen berria La Caixa Madridekin<\/strong><\/p>\n<\/h1>\n<p>\u00a0\u00bb content_ca=\u00a0\u00bb<\/p>\n<h1><strong>Nou conveni amb la Caixa Madrid per al projecte Akar<\/strong><\/p>\n<\/h1>\n<p>\u00a0\u00bb content_pt_br=\u00a0\u00bb<\/p>\n<h1><strong>Novo acordo com a La Caixa Madrid para o projeto Akar<\/strong><\/h1>\n<h1>\n<\/h1>\n<p>\u00a0\u00bb global_colors_info=\u00a0\u00bb{%22gcid-cca90ba6-297c-4d63-9e2c-8201011ef870%22:%91%22header_text_color%22%93}\u00a0\u00bb theme_builder_area=\u00a0\u00bbpost_content\u00a0\u00bb sticky_enabled=\u00a0\u00bb0&Prime;]<\/p>\n<h1><strong>Nuevo convenio con La Caixa Madrid para el proyecto Akar<\/strong><\/h1>\n<p>[\/et_pb_text][et_pb_text admin_label=\u00a0\u00bbFecha noticia no tocar\u00a0\u00bb _builder_version=\u00a0\u00bb4.27.4&Prime; _dynamic_attributes=\u00a0\u00bbcontent\u00a0\u00bb _module_preset=\u00a0\u00bbdefault\u00a0\u00bb text_font=\u00a0\u00bbTitulo Itaka-Escolapios|700|||||||\u00a0\u00bb text_text_color=\u00a0\u00bbgcid-cca90ba6-297c-4d63-9e2c-8201011ef870&Prime; text_font_size=\u00a0\u00bb16px\u00a0\u00bb text_orientation=\u00a0\u00bbright\u00a0\u00bb global_colors_info=\u00a0\u00bb{%22gcid-cca90ba6-297c-4d63-9e2c-8201011ef870%22:%91%22text_text_color%22%93}\u00a0\u00bb theme_builder_area=\u00a0\u00bbpost_content\u00a0\u00bb]@ET-DC@eyJkeW5hbWljIjp0cnVlLCJjb250ZW50IjoicG9zdF9kYXRlIiwic2V0dGluZ3MiOnsiYmVmb3JlIjoiIiwiYWZ0ZXIiOiIiLCJkYXRlX2Zvcm1hdCI6ImRlZmF1bHQiLCJjdXN0b21fZGF0ZV9mb3JtYXQiOiIifX0=@[\/et_pb_text][\/et_pb_column_inner][\/et_pb_row_inner][et_pb_row_inner _builder_version=\u00a0\u00bb4.27.4&Prime; _module_preset=\u00a0\u00bbdefault\u00a0\u00bb border_width_right=\u00a0\u00bb3px\u00a0\u00bb border_color_right=\u00a0\u00bbgcid-b1ace166-c11d-4c70-a679-55884e9ca298&Prime; border_style_right=\u00a0\u00bbdotted\u00a0\u00bb collapsed=\u00a0\u00bboff\u00a0\u00bb global_colors_info=\u00a0\u00bb{%22gcid-b1ace166-c11d-4c70-a679-55884e9ca298%22:%91%22border_color_right%22%93}\u00a0\u00bb theme_builder_area=\u00a0\u00bbpost_content\u00a0\u00bb][et_pb_column_inner saved_specialty_column_type=\u00a0\u00bb3_4&Prime; _builder_version=\u00a0\u00bb4.27.4&Prime; _module_preset=\u00a0\u00bbdefault\u00a0\u00bb global_colors_info=\u00a0\u00bb{}\u00a0\u00bb theme_builder_area=\u00a0\u00bbpost_content\u00a0\u00bb][et_pb_text admin_label=\u00a0\u00bbCUERPO NOTICIA\u00a0\u00bb _builder_version=\u00a0\u00bb4.27.4&Prime; _module_preset=\u00a0\u00bbdefault\u00a0\u00bb text_font=\u00a0\u00bb&#8211;et_global_body_font||||||||\u00a0\u00bb text_font_size=\u00a0\u00bb16px\u00a0\u00bb width=\u00a0\u00bb100%\u00a0\u00bb module_alignment=\u00a0\u00bbcenter\u00a0\u00bb custom_padding=\u00a0\u00bb|60px|||false|false\u00a0\u00bb hover_enabled=\u00a0\u00bb0&Prime; text_font_size_tablet=\u00a0\u00bb16px\u00a0\u00bb text_font_size_phone=\u00a0\u00bb16px\u00a0\u00bb text_font_size_last_edited=\u00a0\u00bbon|desktop\u00a0\u00bb content_en_us=\u00a0\u00bb<\/p>\n<p>The project \u201cPrevention and socio-educational intervention for children and adolescents. AKAR (root)\u201d has received funding from the La Caixa Foundation, thanks to the Community of Madrid 2025 Call for Social Projects.<\/p>\n<p>With this support, we will continue working to provide the best possible service to our children and adolescents at the Akar Socio-Educational Center, with the ultimate goal of moving towards the construction of a more just, inclusive, equitable, and supportive society and promoting social cohesion.<\/p>\n<p>The call promotes initiatives aimed especially at people who are in a vulnerable situation for their social inclusion, the promotion of equal opportunities, and the improvement of quality of life.<\/p>\n<p>At Itaka-Escolapios, we appreciate the trust that the La Caixa Foundation has placed in our project and its commitment to a positive and lasting impact on society.<\/p>\n<p>\u00a0\u00bb content_fr_fr=\u00a0\u00bb<\/p>\n<p>Le projet \u00ab Pr\u00e9vention et intervention socio-\u00e9ducative aupr\u00e8s des enfants et des adolescents. AKAR (racine) \u00bb a re\u00e7u le financement de la Fondation La Caixa, gr\u00e2ce \u00e0 l&rsquo;appel \u00e0 projets sociaux de la Communaut\u00e9 de Madrid 2025<\/p>\n<p>Gr\u00e2ce \u00e0 cette aide, nous continuerons \u00e0 travailler pour offrir le meilleur service possible \u00e0 nos enfants et adolescents au Centre socio-\u00e9ducatif Akar, dans le but ultime de progresser vers la construction d&rsquo;une soci\u00e9t\u00e9 plus juste, inclusive, \u00e9quitable et solidaire, et de favoriser la coh\u00e9sion sociale.<\/p>\n<p>L&rsquo;appel \u00e0 projets encourage les initiatives destin\u00e9es en particulier aux personnes en situation de vuln\u00e9rabilit\u00e9 afin de favoriser leur inclusion sociale, la promotion de l&rsquo;\u00e9galit\u00e9 des chances et l&rsquo;am\u00e9lioration de la qualit\u00e9 de vie.<\/p>\n<p>Itaka-Escolapios remercie la Fondation La Caixa pour la confiance qu&rsquo;elle accorde \u00e0 notre projet et pour son engagement en faveur d&rsquo;un impact positif et durable sur la soci\u00e9t\u00e9.<\/p>\n<p>\u00a0\u00bb content_eu=\u00a0\u00bb<\/p>\n<p>%22Haurtzaroko eta nerabezaroko prebentzioa eta esku-hartze sozioedukatiboa. AKARek (sustraia) %22La Caixa Fundazioaren finantziazioa jaso du, Madrilgo Erkidegoa 2025 Proiektu Sozialen Deialdiari esker.<\/p>\n<p>Laguntza honekin lanean jarraituko dugu gure haur eta nerabeei ahalik eta zerbitzurik onena emateko Akar Gizarte eta Hezkuntza Zentroan, gizarte bidezkoagoa, inklusiboagoa, bidezkoagoa eta solidarioagoa eraikitzeko eta gizarte-kohesioa sustatzeko azken helburuarekin.<\/p>\n<p>Deialdiak bereziki egoera ahulean dauden pertsonei zuzendutako ekimenak bultzatzen ditu, gizarteratzeko, aukera-berdintasuna sustatzeko eta bizi-kalitatea hobetzeko.<\/p>\n<p>Itaka-Escolapiosetik, La Caixa Fundazioak gure proiektuan duen konfiantza eskertzen dugu, baita gizartean eragin positiboa eta iraunkorra izateko hartu duen konpromisoa ere.<\/p>\n<p>\u00a0\u00bb content_ca=\u00a0\u00bb<\/p>\n<p>El projecte \u201cPrevenci\u00f3 i intervenci\u00f3 socioeducativa inf\u00e0ncia i adolesc\u00e8ncia. AKAR (arrel)\u201d ha rebut el finan\u00e7ament de Fundaci\u00f3 la Caixa, gr\u00e0cies a la Convocat\u00f2ria de Projectes Socials Comunitat de Madrid 2025.<\/p>\n<p>Amb aquesta ajuda continuarem treballant per a donar el millor servei possible als nostres xiquets, xiquetes i adolescents en el Centre Socioeducatiu Akar, amb l&rsquo;objectiu \u00faltim d&rsquo;avan\u00e7ar cap a la construcci\u00f3 d&rsquo;una societat m\u00e9s justa, inclusiva, equitativa i solid\u00e0ria i fomentar la cohesi\u00f3 social.<\/p>\n<p>La convocat\u00f2ria impulsa iniciatives dirigides especialment a persones que es troben en situaci\u00f3 de vulnerabilitat per a la seua inclusi\u00f3 social, la promoci\u00f3 de la igualtat d&rsquo;oportunitats i la millora de la qualitat de vida.<\/p>\n<p>Des d&rsquo;Itaka-Escolapis, agra\u00efm la confian\u00e7a de la Fundaci\u00f3 la Caixa en el nostre projecte, i el seu comprom\u00eds per a un impacte positiu i durador en la societat.<\/p>\n<p>&nbsp;<\/p>\n<p>\u00a0\u00bb content_pt_br=\u00a0\u00bb<\/p>\n<p>O projeto \u201cPreven\u00e7\u00e3o e interven\u00e7\u00e3o socioeducativa na inf\u00e2ncia e adolesc\u00eancia. AKAR (raiz)\u201d recebeu financiamento da Funda\u00e7\u00e3o La Caixa, gra\u00e7as ao Concurso de Projetos Sociais da Comunidade de Madrid 2025.<\/p>\n<p>Com esta ajuda, continuaremos trabalhando para oferecer o melhor servi\u00e7o poss\u00edvel \u00e0s nossas crian\u00e7as e adolescentes no Centro Socioeducativo Akar, com o objetivo final de avan\u00e7ar na constru\u00e7\u00e3o de uma sociedade mais justa, inclusiva, equitativa e solid\u00e1ria, e promover a coes\u00e3o social.<\/p>\n<p>A convocat\u00f3ria impulsiona iniciativas dirigidas especialmente a pessoas que se encontram em situa\u00e7\u00e3o de vulnerabilidade para sua inclus\u00e3o social, a promo\u00e7\u00e3o da igualdade de oportunidades e a melhoria da qualidade de vida.<\/p>\n<p>Da Itaka-Escolapios, agradecemos a confian\u00e7a da Funda\u00e7\u00e3o La Caixa em nosso projeto e seu compromisso com um impacto positivo e duradouro na sociedade.<\/p>\n<p>\u00a0\u00bb global_colors_info=\u00a0\u00bb{}\u00a0\u00bb theme_builder_area=\u00a0\u00bbpost_content\u00a0\u00bb sticky_enabled=\u00a0\u00bb0&Prime;]<\/p>\n<p>El proyecto \u201cPrevenci\u00f3n e intervenci\u00f3n socioeducativa infancia y adolescencia. AKAR (ra\u00edz)\u201d ha recibido la financiaci\u00f3n de Fundaci\u00f3n La Caixa, gracias a la Convocatoria de Proyectos Sociales Comunidad de Madrid 2025.<\/p>\n<p>Con esta ayuda seguiremos trabajando para dar el mejor servicio posible a nuestros ni\u00f1os, ni\u00f1as y adolescentes en el Centro Socioeducativo Akar, con el objetivo \u00faltimo de avanzar hacia la construcci\u00f3n de una sociedad m\u00e1s justa, inclusiva, equitativa y solidaria y fomentar la cohesi\u00f3n social.<\/p>\n<p>La convocatoria impulsa iniciativas dirigidas especialmente a personas que se encuentran en situaci\u00f3n de vulnerabilidad para su inclusi\u00f3n social, la promoci\u00f3n de la igualdad de oportunidades y la mejora de la calidad de vida.<\/p>\n<p>Desde Itaka-Escolapios, agradecemos la confianza de la Fundaci\u00f3n La Caixa en nuestro proyecto, y su compromiso para un impacto positivo y duradero en la sociedad.<\/p>\n<p>[\/et_pb_text][\/et_pb_column_inner][\/et_pb_row_inner][et_pb_row_inner admin_label=\u00a0\u00bbIm\u00e1genes sede\u00a0\u00bb _builder_version=\u00a0\u00bb4.27.4&Prime; _module_preset=\u00a0\u00bbdefault\u00a0\u00bb custom_padding=\u00a0\u00bb20px||||false|false\u00a0\u00bb border_width_right=\u00a0\u00bb3px\u00a0\u00bb border_color_right=\u00a0\u00bbgcid-b1ace166-c11d-4c70-a679-55884e9ca298&Prime; border_style_right=\u00a0\u00bbdotted\u00a0\u00bb border_width_right_tablet=\u00a0\u00bb3px\u00a0\u00bb border_width_right_phone=\u00a0\u00bb0px\u00a0\u00bb border_width_right_last_edited=\u00a0\u00bbon|desktop\u00a0\u00bb collapsed=\u00a0\u00bboff\u00a0\u00bb global_colors_info=\u00a0\u00bb{%22gcid-b1ace166-c11d-4c70-a679-55884e9ca298%22:%91%22border_color_right%22%93}\u00a0\u00bb theme_builder_area=\u00a0\u00bbpost_content\u00a0\u00bb][et_pb_column_inner saved_specialty_column_type=\u00a0\u00bb3_4&Prime; _builder_version=\u00a0\u00bb4.27.4&Prime; _module_preset=\u00a0\u00bbdefault\u00a0\u00bb global_colors_info=\u00a0\u00bb{}\u00a0\u00bb theme_builder_area=\u00a0\u00bbpost_content\u00a0\u00bb][difl_imagecarousel item_desktop=\u00a0\u00bb2&Prime; item_tablet=\u00a0\u00bb1&Prime; loop=\u00a0\u00bbon\u00a0\u00bb dots=\u00a0\u00bbon\u00a0\u00bb use_lightbox=\u00a0\u00bbon\u00a0\u00bb arrow_color=\u00a0\u00bbgcid-b1ace166-c11d-4c70-a679-55884e9ca298&Prime; dots_color=\u00a0\u00bbgcid-cca90ba6-297c-4d63-9e2c-8201011ef870&Prime; active_dots_color=\u00a0\u00bbgcid-b1ace166-c11d-4c70-a679-55884e9ca298&Prime; _builder_version=\u00a0\u00bb4.27.4&Prime; _module_preset=\u00a0\u00bbdefault\u00a0\u00bb overflow-x=\u00a0\u00bbhidden\u00a0\u00bb overflow-y=\u00a0\u00bbhidden\u00a0\u00bb custom_margin=\u00a0\u00bb|60px|||false|false\u00a0\u00bb custom_margin_tablet=\u00a0\u00bb|60px|||false|false\u00a0\u00bb custom_margin_phone=\u00a0\u00bb|60px|||false|false\u00a0\u00bb custom_margin_last_edited=\u00a0\u00bbon|desktop\u00a0\u00bb hover_enabled=\u00a0\u00bb0&Prime; custom_css_free_form=\u00a0\u00bbselector .df_ici_container {margin: 0 auto;}\u00a0\u00bb global_colors_info=\u00a0\u00bb{%22gcid-b1ace166-c11d-4c70-a679-55884e9ca298%22:%91%22arrow_color%22,%22active_dots_color%22%93,%22gcid-cca90ba6-297c-4d63-9e2c-8201011ef870%22:%91%22dots_color%22%93}\u00a0\u00bb theme_builder_area=\u00a0\u00bbpost_content\u00a0\u00bb sticky_enabled=\u00a0\u00bb0&Prime;][difl_imagecarouselitem image=\u00a0\u00bbhttps:\/\/www.itakaescolapios.org\/wp-content\/uploads\/2025\/11\/akar.jpg\u00a0\u00bb ic_button_button_url_new_window=\u00a0\u00bb1&Prime; _builder_version=\u00a0\u00bb4.27.4&Prime; _module_preset=\u00a0\u00bbdefault\u00a0\u00bb hover_enabled=\u00a0\u00bb0&Prime; global_colors_info=\u00a0\u00bb{}\u00a0\u00bb theme_builder_area=\u00a0\u00bbpost_content\u00a0\u00bb title_text=\u00a0\u00bbakar\u00a0\u00bb sticky_enabled=\u00a0\u00bb0&Prime;][\/difl_imagecarouselitem][difl_imagecarouselitem _builder_version=\u00a0\u00bb4.27.4&Prime; _module_preset=\u00a0\u00bbdefault\u00a0\u00bb theme_builder_area=\u00a0\u00bbpost_content\u00a0\u00bb title_text=\u00a0\u00bbfundacionlacaixa\u00a0\u00bb image=\u00a0\u00bbhttps:\/\/www.itakaescolapios.org\/wp-content\/uploads\/2025\/10\/fundacionlacaixa.jpeg\u00a0\u00bb hover_enabled=\u00a0\u00bb0&Prime; sticky_enabled=\u00a0\u00bb0&Prime;][\/difl_imagecarouselitem][\/difl_imagecarousel][\/et_pb_column_inner][\/et_pb_row_inner][et_pb_row_inner _builder_version=\u00a0\u00bb4.24.3&Prime; _module_preset=\u00a0\u00bbdefault\u00a0\u00bb custom_padding=\u00a0\u00bb20px||||false|false\u00a0\u00bb border_width_right=\u00a0\u00bb3px\u00a0\u00bb border_color_right=\u00a0\u00bbgcid-b1ace166-c11d-4c70-a679-55884e9ca298&Prime; border_style_right=\u00a0\u00bbdotted\u00a0\u00bb border_width_right_tablet=\u00a0\u00bb3px\u00a0\u00bb border_width_right_phone=\u00a0\u00bb0px\u00a0\u00bb border_width_right_last_edited=\u00a0\u00bbon|desktop\u00a0\u00bb collapsed=\u00a0\u00bbon\u00a0\u00bb global_colors_info=\u00a0\u00bb{%22gcid-b1ace166-c11d-4c70-a679-55884e9ca298%22:%91%22border_color_right%22%93}\u00a0\u00bb theme_builder_area=\u00a0\u00bbpost_content\u00a0\u00bb][et_pb_column_inner saved_specialty_column_type=\u00a0\u00bb3_4&Prime; _builder_version=\u00a0\u00bb4.24.3&Prime; _module_preset=\u00a0\u00bbdefault\u00a0\u00bb global_colors_info=\u00a0\u00bb{}\u00a0\u00bb theme_builder_area=\u00a0\u00bbpost_content\u00a0\u00bb][et_pb_text admin_label=\u00a0\u00bbL\u00ednea divisoria\u00a0\u00bb _builder_version=\u00a0\u00bb4.27.4&Prime; _module_preset=\u00a0\u00bbdefault\u00a0\u00bb header_font=\u00a0\u00bbIBM Plex Sans|700|||||||\u00a0\u00bb header_text_color=\u00a0\u00bbgcid-cca90ba6-297c-4d63-9e2c-8201011ef870&Prime; header_font_size=\u00a0\u00bb40px\u00a0\u00bb custom_margin=\u00a0\u00bb|30px|||false|false\u00a0\u00bb header_font_size_tablet=\u00a0\u00bb55px\u00a0\u00bb header_font_size_phone=\u00a0\u00bb30px\u00a0\u00bb header_font_size_last_edited=\u00a0\u00bbon|phone\u00a0\u00bb border_width_bottom=\u00a0\u00bb3px\u00a0\u00bb border_color_bottom=\u00a0\u00bbgcid-b1ace166-c11d-4c70-a679-55884e9ca298&Prime; border_style_bottom=\u00a0\u00bbdotted\u00a0\u00bb global_colors_info=\u00a0\u00bb{%22gcid-cca90ba6-297c-4d63-9e2c-8201011ef870%22:%91%22header_text_color%22%93,%22gcid-b1ace166-c11d-4c70-a679-55884e9ca298%22:%91%22border_color_bottom%22%93}\u00a0\u00bb theme_builder_area=\u00a0\u00bbpost_content\u00a0\u00bb][\/et_pb_text][difl_imagecarousel item_desktop=\u00a0\u00bb3&Prime; admin_label=\u00a0\u00bbCampa\u00f1a, educa y voluntariado\u00a0\u00bb _builder_version=\u00a0\u00bb4.27.4&Prime; _module_preset=\u00a0\u00bbdefault\u00a0\u00bb width_tablet=\u00a0\u00bb\u00a0\u00bb width_phone=\u00a0\u00bb100%\u00a0\u00bb width_last_edited=\u00a0\u00bbon|desktop\u00a0\u00bb custom_margin=\u00a0\u00bb|62px|||false|false\u00a0\u00bb custom_margin_tablet=\u00a0\u00bb|62px|||false|false\u00a0\u00bb custom_margin_phone=\u00a0\u00bb|62px|||false|false\u00a0\u00bb custom_margin_last_edited=\u00a0\u00bbon|desktop\u00a0\u00bb global_module=\u00a0\u00bb316782&Prime; global_colors_info=\u00a0\u00bb{}\u00a0\u00bb custom_margin__hover_enabled=\u00a0\u00bboff|desktop\u00a0\u00bb custom_margin__hover=\u00a0\u00bb|30px|||false|false\u00a0\u00bb theme_builder_area=\u00a0\u00bbpost_content\u00a0\u00bb][difl_imagecarouselitem image=\u00a0\u00bbhttps:\/\/www.itakaescolapios.org\/wp-content\/uploads\/2025\/02\/BANNERS-CAMPANA-INFERIOR-500500.jpg\u00a0\u00bb ic_button_button_url_new_window=\u00a0\u00bb1&Prime; _builder_version=\u00a0\u00bb4.27.4&Prime; _module_preset=\u00a0\u00bbdefault\u00a0\u00bb link_option_url=\u00a0\u00bbhttps:\/\/www.educa.itakaescolapios.org\/campanas\/2024-2025-abriendo-caminos\u00a0\u00bb image_en_us=\u00a0\u00bbhttps:\/\/www.itakaescolapios.org\/wp-content\/uploads\/2025\/02\/BANNERS-CAMPANA-INFERIOR-5005002.jpg\u00a0\u00bb image_fr_fr=\u00a0\u00bbhttps:\/\/www.itakaescolapios.org\/wp-content\/uploads\/2025\/02\/BANNERS-CAMPANA-INFERIOR-5005003.jpg\u00a0\u00bb image_eu=\u00a0\u00bbhttps:\/\/www.itakaescolapios.org\/wp-content\/uploads\/2025\/02\/BANNERS-CAMPANA-INFERIOR-5005006.jpg\u00a0\u00bb image_ca=\u00a0\u00bbhttps:\/\/www.itakaescolapios.org\/wp-content\/uploads\/2025\/02\/BANNERS-CAMPANA-INFERIOR-5005005.jpg\u00a0\u00bb image_pt_br=\u00a0\u00bbhttps:\/\/www.itakaescolapios.org\/wp-content\/uploads\/2025\/02\/BANNERS-CAMPANA-INFERIOR-5005004.jpg\u00a0\u00bb global_colors_info=\u00a0\u00bb{}\u00a0\u00bb theme_builder_area=\u00a0\u00bbpost_content\u00a0\u00bb][\/difl_imagecarouselitem][difl_imagecarouselitem admin_label=\u00a0\u00bbVoluntariado\u00a0\u00bb image=\u00a0\u00bbhttps:\/\/www.itakaescolapios.org\/wp-content\/uploads\/2025\/02\/BANNERS-VOLUNTARIADO-INFERIOR-500500.jpg\u00a0\u00bb ic_button_button_url_new_window=\u00a0\u00bb1&Prime; _builder_version=\u00a0\u00bb4.27.4&Prime; _module_preset=\u00a0\u00bbdefault\u00a0\u00bb link_option_url=\u00a0\u00bbhttps:\/\/www.itakaescolapios.org\/es\/haz-voluntariado\/\u00a0\u00bb image_en_us=\u00a0\u00bbhttps:\/\/www.itakaescolapios.org\/wp-content\/uploads\/2025\/02\/BANNERS-VOLUNTARIADO-INFERIOR-5005002.jpg\u00a0\u00bb image_fr_fr=\u00a0\u00bbhttps:\/\/www.itakaescolapios.org\/wp-content\/uploads\/2025\/02\/BANNERS-VOLUNTARIADO-INFERIOR-5005003.jpg\u00a0\u00bb image_eu=\u00a0\u00bbhttps:\/\/www.itakaescolapios.org\/wp-content\/uploads\/2025\/02\/BANNERS-VOLUNTARIADO-INFERIOR-5005006.jpg\u00a0\u00bb image_ca=\u00a0\u00bbhttps:\/\/www.itakaescolapios.org\/wp-content\/uploads\/2025\/02\/BANNERS-VOLUNTARIADO-INFERIOR-5005004.jpg\u00a0\u00bb image_pt_br=\u00a0\u00bbhttps:\/\/www.itakaescolapios.org\/wp-content\/uploads\/2025\/02\/BANNERS-VOLUNTARIADO-INFERIOR-5005005.jpg\u00a0\u00bb global_colors_info=\u00a0\u00bb{}\u00a0\u00bb theme_builder_area=\u00a0\u00bbpost_content\u00a0\u00bb][\/difl_imagecarouselitem][difl_imagecarouselitem image=\u00a0\u00bbhttps:\/\/www.itakaescolapios.org\/wp-content\/uploads\/2025\/02\/BANNERS-EDUCA-INFERIOR-500500.jpg\u00a0\u00bb ic_button_button_url_new_window=\u00a0\u00bb1&Prime; _builder_version=\u00a0\u00bb4.27.4&Prime; _module_preset=\u00a0\u00bbdefault\u00a0\u00bb link_option_url=\u00a0\u00bbhttps:\/\/www.educa.itakaescolapios.org\/\u00a0\u00bb image_en_us=\u00a0\u00bbhttps:\/\/www.itakaescolapios.org\/wp-content\/uploads\/2025\/02\/BANNERS-EDUCA-INFERIOR-5005002.jpg\u00a0\u00bb image_fr_fr=\u00a0\u00bbhttps:\/\/www.itakaescolapios.org\/wp-content\/uploads\/2025\/02\/BANNERS-EDUCA-INFERIOR-5005003.jpg\u00a0\u00bb image_eu=\u00a0\u00bbhttps:\/\/www.itakaescolapios.org\/wp-content\/uploads\/2025\/02\/BANNERS-EDUCA-INFERIOR-5005006.jpg\u00a0\u00bb image_ca=\u00a0\u00bbhttps:\/\/www.itakaescolapios.org\/wp-content\/uploads\/2025\/02\/BANNERS-EDUCA-INFERIOR-5005005.jpg\u00a0\u00bb image_pt_br=\u00a0\u00bbhttps:\/\/www.itakaescolapios.org\/wp-content\/uploads\/2025\/02\/BANNERS-EDUCA-INFERIOR-5005004.jpg\u00a0\u00bb global_colors_info=\u00a0\u00bb{}\u00a0\u00bb theme_builder_area=\u00a0\u00bbpost_content\u00a0\u00bb][\/difl_imagecarouselitem][\/difl_imagecarousel][\/et_pb_column_inner][\/et_pb_row_inner][\/et_pb_column][et_pb_column type=\u00a0\u00bb1_4&Prime; _builder_version=\u00a0\u00bb4.16&Prime; custom_padding=\u00a0\u00bb|||\u00a0\u00bb global_colors_info=\u00a0\u00bb{}\u00a0\u00bb custom_padding__hover=\u00a0\u00bb|||\u00a0\u00bb theme_builder_area=\u00a0\u00bbpost_content\u00a0\u00bb][difl_imagecarousel item_desktop=\u00a0\u00bb1&Prime; item_tablet=\u00a0\u00bb1&Prime; loop=\u00a0\u00bbon\u00a0\u00bb autoplay=\u00a0\u00bbon\u00a0\u00bb autospeed=\u00a0\u00bb3500&Prime; dots=\u00a0\u00bbon\u00a0\u00bb dots_color=\u00a0\u00bbgcid-cca90ba6-297c-4d63-9e2c-8201011ef870&Prime; active_dots_color=\u00a0\u00bbgcid-b1ace166-c11d-4c70-a679-55884e9ca298&Prime; dots_gap=\u00a0\u00bb21px\u00a0\u00bb item_wrapper_padding=\u00a0\u00bb||15px||false|false\u00a0\u00bb admin_label=\u00a0\u00bbSer miembro y newsletter\u00a0\u00bb module_class=\u00a0\u00bbextiendeenlacedeboton\u00a0\u00bb _builder_version=\u00a0\u00bb4.27.4&Prime; _module_preset=\u00a0\u00bbdefault\u00a0\u00bb global_module=\u00a0\u00bb51656&Prime; saved_tabs=\u00a0\u00bball\u00a0\u00bb locked=\u00a0\u00bboff\u00a0\u00bb global_colors_info=\u00a0\u00bb{%22gcid-cca90ba6-297c-4d63-9e2c-8201011ef870%22:%91%22dots_color%22%93,%22gcid-b1ace166-c11d-4c70-a679-55884e9ca298%22:%91%22active_dots_color%22%93}\u00a0\u00bb theme_builder_area=\u00a0\u00bbpost_content\u00a0\u00bb][difl_imagecarouselitem image=\u00a0\u00bbhttps:\/\/www.itakaescolapios.org\/wp-content\/uploads\/2025\/02\/banners-500&#215;500-esp.jpg\u00a0\u00bb ic_button_button_text=\u00a0\u00bbbot\u00a0\u00bb ic_button_button_url=\u00a0\u00bb\/es\/colabora\u00a0\u00bb ic_button_button_url_new_window=\u00a0\u00bb1&Prime; _builder_version=\u00a0\u00bb4.27.4&Prime; _module_preset=\u00a0\u00bbdefault\u00a0\u00bb image_en_us=\u00a0\u00bbhttps:\/\/www.itakaescolapios.org\/wp-content\/uploads\/2025\/02\/banners-500&#215;500-eng.jpg\u00a0\u00bb ic_button_button_text_en_us=\u00a0\u00bbbot\u00a0\u00bb image_fr_fr=\u00a0\u00bbhttps:\/\/www.itakaescolapios.org\/wp-content\/uploads\/2025\/02\/banners-500&#215;500-fra.jpg\u00a0\u00bb ic_button_button_text_fr_fr=\u00a0\u00bbbot\u00a0\u00bb image_eu=\u00a0\u00bbhttps:\/\/www.itakaescolapios.org\/wp-content\/uploads\/2025\/02\/banners-500&#215;500-eusk.jpg\u00a0\u00bb ic_button_button_text_eu=\u00a0\u00bbbot\u00a0\u00bb image_ca=\u00a0\u00bbhttps:\/\/www.itakaescolapios.org\/wp-content\/uploads\/2025\/02\/banners-500&#215;500-val.jpg\u00a0\u00bb ic_button_button_text_ca=\u00a0\u00bbbot\u00a0\u00bb image_pt_br=\u00a0\u00bbhttps:\/\/www.itakaescolapios.org\/wp-content\/uploads\/2025\/02\/banners-500&#215;500-port.jpg\u00a0\u00bb ic_button_button_text_pt_br=\u00a0\u00bbbot\u00a0\u00bb global_colors_info=\u00a0\u00bb{}\u00a0\u00bb theme_builder_area=\u00a0\u00bbpost_content\u00a0\u00bb][\/difl_imagecarouselitem][difl_imagecarouselitem image=\u00a0\u00bbhttps:\/\/www.itakaescolapios.org\/wp-content\/uploads\/2025\/02\/banners-500&#215;500-esp2.png\u00a0\u00bb ic_button_button_text=\u00a0\u00bbbot\u00a0\u00bb ic_button_button_url=\u00a0\u00bb\/es\/suscribete\/\u00a0\u00bb ic_button_button_url_new_window=\u00a0\u00bb1&Prime; _builder_version=\u00a0\u00bb4.27.4&Prime; _module_preset=\u00a0\u00bbdefault\u00a0\u00bb image_en_us=\u00a0\u00bbhttps:\/\/www.itakaescolapios.org\/wp-content\/uploads\/2025\/02\/banners-500&#215;500-eng2.jpg\u00a0\u00bb ic_button_button_text_en_us=\u00a0\u00bbbot\u00a0\u00bb image_fr_fr=\u00a0\u00bbhttps:\/\/www.itakaescolapios.org\/wp-content\/uploads\/2025\/02\/banners-500&#215;500-fra2.jpg\u00a0\u00bb ic_button_button_text_fr_fr=\u00a0\u00bbbot\u00a0\u00bb image_eu=\u00a0\u00bbhttps:\/\/www.itakaescolapios.org\/wp-content\/uploads\/2025\/02\/banners-500&#215;500-eusk2.jpg\u00a0\u00bb ic_button_button_text_eu=\u00a0\u00bbbot\u00a0\u00bb image_ca=\u00a0\u00bbhttps:\/\/www.itakaescolapios.org\/wp-content\/uploads\/2025\/02\/banners-500&#215;500-val2.jpg\u00a0\u00bb ic_button_button_text_ca=\u00a0\u00bbbot\u00a0\u00bb image_pt_br=\u00a0\u00bbhttps:\/\/www.itakaescolapios.org\/wp-content\/uploads\/2025\/02\/banners-500&#215;500-port2.jpg\u00a0\u00bb ic_button_button_text_pt_br=\u00a0\u00bbbot\u00a0\u00bb global_colors_info=\u00a0\u00bb{}\u00a0\u00bb theme_builder_area=\u00a0\u00bbpost_content\u00a0\u00bb][\/difl_imagecarouselitem][\/difl_imagecarousel][et_pb_text admin_label=\u00a0\u00bbTexto %22\u00daltimas noticias%22&Prime; _builder_version=\u00a0\u00bb4.25.0&Prime; _module_preset=\u00a0\u00bbdefault\u00a0\u00bb header_font=\u00a0\u00bbIBM Plex Sans|700|||||||\u00a0\u00bb header_text_color=\u00a0\u00bbgcid-cca90ba6-297c-4d63-9e2c-8201011ef870&Prime; header_font_size=\u00a0\u00bb40px\u00a0\u00bb custom_margin=\u00a0\u00bb||||false|false\u00a0\u00bb header_font_size_tablet=\u00a0\u00bb55px\u00a0\u00bb header_font_size_phone=\u00a0\u00bb30px\u00a0\u00bb header_font_size_last_edited=\u00a0\u00bbon|phone\u00a0\u00bb content_en_us=\u00a0\u00bb<\/p>\n<h1>Last news<\/h1>\n<p>\u00a0\u00bb content_fr_fr=\u00a0\u00bb<\/p>\n<h1>Derni\u00e8res nouvelles<\/h1>\n<p>\u00a0\u00bb content_eu=\u00a0\u00bb<\/p>\n<h1>Azken berriak<\/h1>\n<p>\u00a0\u00bb content_ca=\u00a0\u00bb<\/p>\n<h1>\u00daltimes not\u00edcies<\/h1>\n<p>\u00a0\u00bb content_pt_br=\u00a0\u00bb<\/p>\n<h1>\u00daltimas not\u00edcias<\/h1>\n<p>\u00a0\u00bb border_width_bottom=\u00a0\u00bb3px\u00a0\u00bb border_color_bottom=\u00a0\u00bbgcid-b1ace166-c11d-4c70-a679-55884e9ca298&Prime; border_style_bottom=\u00a0\u00bbdotted\u00a0\u00bb global_module=\u00a0\u00bb50904&Prime; saved_tabs=\u00a0\u00bball\u00a0\u00bb global_colors_info=\u00a0\u00bb{%22gcid-cca90ba6-297c-4d63-9e2c-8201011ef870%22:%91%22header_text_color%22,%22header_text_color%22%93,%22gcid-b1ace166-c11d-4c70-a679-55884e9ca298%22:%91%22border_color_bottom%22%93}\u00a0\u00bb theme_builder_area=\u00a0\u00bbpost_content\u00a0\u00bb]<\/p>\n<h1>\u00daltimas noticias<\/h1>\n<p>[\/et_pb_text][difl_blogcarousel posts_number=\u00a0\u00bb6&Prime; post_display=\u00a0\u00bbby_category\u00a0\u00bb use_image_as_background=\u00a0\u00bbon\u00a0\u00bb item_desktop=\u00a0\u00bb1&Prime; item_tablet=\u00a0\u00bb1&Prime; loop=\u00a0\u00bbon\u00a0\u00bb dots=\u00a0\u00bbon\u00a0\u00bb equal_height=\u00a0\u00bbon\u00a0\u00bb item_background_bgcolor=\u00a0\u00bbrgba(175,196,16,0.9)\u00a0\u00bb arrow_color=\u00a0\u00bb#FFFFFF\u00a0\u00bb arrow_background=\u00a0\u00bbgcid-cca90ba6-297c-4d63-9e2c-8201011ef870&Prime; arrow_circle=\u00a0\u00bbon\u00a0\u00bb arrow_prev_icon_use_icon=\u00a0\u00bboff\u00a0\u00bb arrow_prev_margin=\u00a0\u00bb|||-70px|false|false\u00a0\u00bb arrow_prev_margin_tablet=\u00a0\u00bb\u00a0\u00bb arrow_prev_margin_phone=\u00a0\u00bb|||0px|false|false\u00a0\u00bb arrow_prev_margin_last_edited=\u00a0\u00bbon|phone\u00a0\u00bb arrow_next_margin=\u00a0\u00bb|-70px|||false|false\u00a0\u00bb arrow_next_margin_tablet=\u00a0\u00bb\u00a0\u00bb arrow_next_margin_phone=\u00a0\u00bb|0px|||false|false\u00a0\u00bb arrow_next_margin_last_edited=\u00a0\u00bbon|phone\u00a0\u00bb large_active_dot=\u00a0\u00bbon\u00a0\u00bb dots_color=\u00a0\u00bbgcid-cca90ba6-297c-4d63-9e2c-8201011ef870&Prime; active_dots_color=\u00a0\u00bbgcid-b1ace166-c11d-4c70-a679-55884e9ca298&Prime; wrapper_padding=\u00a0\u00bb||15px||false|false\u00a0\u00bb item_wrapper_padding=\u00a0\u00bb300px||||false|false\u00a0\u00bb item_padding=\u00a0\u00bb20px||||false|false\u00a0\u00bb admin_label=\u00a0\u00bbAQU\u00cd CAMBIA LA CATEGOR\u00cdA\u00a0\u00bb _builder_version=\u00a0\u00bb4.27.4&Prime; _module_preset=\u00a0\u00bbdefault\u00a0\u00bb hover_enabled=\u00a0\u00bb0&Prime; border_radii_item_outer=\u00a0\u00bbon|8px|8px|8px|8px\u00a0\u00bb global_colors_info=\u00a0\u00bb{%22gcid-b1ace166-c11d-4c70-a679-55884e9ca298%22:%91%22item_background_bgcolor%22,%22active_dots_color%22%93}\u00a0\u00bb theme_builder_area=\u00a0\u00bbpost_content\u00a0\u00bb include_categories=\u00a0\u00bb146&Prime; sticky_enabled=\u00a0\u00bb0&Prime;][difl_postitem type=\u00a0\u00bbtitle\u00a0\u00bb element_padding=\u00a0\u00bb10px|10px||10px|false|true\u00a0\u00bb _builder_version=\u00a0\u00bb4.27.4&Prime; _module_preset=\u00a0\u00bbdefault\u00a0\u00bb post_font_style_font=\u00a0\u00bbMerriweather|900|||||||\u00a0\u00bb post_font_style_text_color=\u00a0\u00bb#FFFFFF\u00a0\u00bb post_font_style_font_size=\u00a0\u00bb20px\u00a0\u00bb post_font_style_line_height=\u00a0\u00bb22px\u00a0\u00bb background_color=\u00a0\u00bbRGBA(255,255,255,0)\u00a0\u00bb background_enable_color=\u00a0\u00bbon\u00a0\u00bb text_orientation=\u00a0\u00bbcenter\u00a0\u00bb global_colors_info=\u00a0\u00bb{}\u00a0\u00bb theme_builder_area=\u00a0\u00bbpost_content\u00a0\u00bb][\/difl_postitem][difl_postitem type=\u00a0\u00bbdate\u00a0\u00bb date_format=\u00a0\u00bbj-F-Y\u00a0\u00bb meta_display=\u00a0\u00bbblock\u00a0\u00bb use_icon=\u00a0\u00bbon\u00a0\u00bb font_icon=\u00a0\u00bb&#xe023;||divi||400&Prime; icon_color=\u00a0\u00bb#FFFFFF\u00a0\u00bb element_padding=\u00a0\u00bb|10px||10px|false|true\u00a0\u00bb _builder_version=\u00a0\u00bb4.27.4&Prime; _module_preset=\u00a0\u00bbdefault\u00a0\u00bb post_font_style_font=\u00a0\u00bbIBM Plex Sans|700|||||||\u00a0\u00bb post_font_style_text_color=\u00a0\u00bb#FFFFFF\u00a0\u00bb post_font_style_font_size=\u00a0\u00bb12px\u00a0\u00bb background_color=\u00a0\u00bbRGBA(255,255,255,0)\u00a0\u00bb background_enable_color=\u00a0\u00bbon\u00a0\u00bb text_orientation=\u00a0\u00bbright\u00a0\u00bb global_colors_info=\u00a0\u00bb{}\u00a0\u00bb theme_builder_area=\u00a0\u00bbpost_content\u00a0\u00bb][\/difl_postitem][\/difl_blogcarousel][et_pb_text admin_label=\u00a0\u00bbTexto %22S\u00edguenos%22&Prime; _builder_version=\u00a0\u00bb4.27.4&Prime; _module_preset=\u00a0\u00bbdefault\u00a0\u00bb header_font=\u00a0\u00bbIBM Plex Sans|600|||||||\u00a0\u00bb header_text_color=\u00a0\u00bb#FFFFFF\u00a0\u00bb background_color=\u00a0\u00bbgcid-cca90ba6-297c-4d63-9e2c-8201011ef870&Prime; custom_margin=\u00a0\u00bb0px||0px||true|false\u00a0\u00bb custom_padding=\u00a0\u00bb20px||||false|false\u00a0\u00bb content_en_us=\u00a0\u00bb<\/p>\n<h1 style=%22text-align: center;%22>Follow us<\/h1>\n<p>\u00a0\u00bb content_fr_fr=\u00a0\u00bb<\/p>\n<h1 style=%22text-align: center;%22>Suivez-nous sur<\/h1>\n<p>\u00a0\u00bb content_eu=\u00a0\u00bb<\/p>\n<h1 style=%22text-align: center;%22>Jarraitu<\/h1>\n<p>\u00a0\u00bb content_ca=\u00a0\u00bb<\/p>\n<h1 style=%22text-align: center;%22>Segueix-nos<\/h1>\n<p>\u00a0\u00bb content_pt_br=\u00a0\u00bb<\/p>\n<h1 style=%22text-align: center;%22>Siga-nos em<\/h1>\n<p>\u00a0\u00bb border_radii=\u00a0\u00bboff||15px||\u00a0\u00bb global_colors_info=\u00a0\u00bb{%22gcid-cca90ba6-297c-4d63-9e2c-8201011ef870%22:%91%22background_color%22%93}\u00a0\u00bb theme_builder_area=\u00a0\u00bbpost_content\u00a0\u00bb]<\/p>\n<h1 style=\"text-align: center;\">S\u00edguenos<\/h1>\n<p>[\/et_pb_text][et_pb_social_media_follow admin_label=\u00a0\u00bbREDES SOCIALES SEDE\u00a0\u00bb module_class=\u00a0\u00bbredes-portada-sede\u00a0\u00bb _builder_version=\u00a0\u00bb4.25.1&Prime; _module_preset=\u00a0\u00bbdefault\u00a0\u00bb background_color=\u00a0\u00bbgcid-cca90ba6-297c-4d63-9e2c-8201011ef870&Prime; text_orientation=\u00a0\u00bbcenter\u00a0\u00bb custom_margin=\u00a0\u00bb0px||||false|false\u00a0\u00bb custom_padding=\u00a0\u00bb15px||15px||true|false\u00a0\u00bb hover_enabled=\u00a0\u00bb0&Prime; custom_css_free_form=\u00a0\u00bb.redes-portada-sede.et_pb_module {border-bottom-left-radius: 15px !important;}\u00a0\u00bb border_radii=\u00a0\u00bboff|15px|15px|15px|15px\u00a0\u00bb global_colors_info=\u00a0\u00bb{%22gcid-cca90ba6-297c-4d63-9e2c-8201011ef870%22:%91%22background_color%22%93}\u00a0\u00bb theme_builder_area=\u00a0\u00bbpost_content\u00a0\u00bb sticky_enabled=\u00a0\u00bb0&Prime;][et_pb_social_media_follow_network social_network=\u00a0\u00bbfacebook\u00a0\u00bb icon_color=\u00a0\u00bbgcid-cca90ba6-297c-4d63-9e2c-8201011ef870&Prime; _builder_version=\u00a0\u00bb4.24.3&Prime; _module_preset=\u00a0\u00bbdefault\u00a0\u00bb background_color=\u00a0\u00bb#FFFFFF\u00a0\u00bb background_enable_color=\u00a0\u00bbon\u00a0\u00bb global_colors_info=\u00a0\u00bb{%22gcid-cca90ba6-297c-4d63-9e2c-8201011ef870%22:%91%22icon_color%22%93}\u00a0\u00bb theme_builder_area=\u00a0\u00bbpost_content\u00a0\u00bb follow_button=\u00a0\u00bboff\u00a0\u00bb url_new_window=\u00a0\u00bbon\u00a0\u00bb]facebook[\/et_pb_social_media_follow_network][et_pb_social_media_follow_network social_network=\u00a0\u00bbinstagram\u00a0\u00bb icon_color=\u00a0\u00bbgcid-cca90ba6-297c-4d63-9e2c-8201011ef870&Prime; _builder_version=\u00a0\u00bb4.24.3&Prime; _module_preset=\u00a0\u00bbdefault\u00a0\u00bb background_color=\u00a0\u00bb#FFFFFF\u00a0\u00bb background_enable_color=\u00a0\u00bbon\u00a0\u00bb global_colors_info=\u00a0\u00bb{%22gcid-cca90ba6-297c-4d63-9e2c-8201011ef870%22:%91%22icon_color%22%93}\u00a0\u00bb theme_builder_area=\u00a0\u00bbpost_content\u00a0\u00bb follow_button=\u00a0\u00bboff\u00a0\u00bb url_new_window=\u00a0\u00bbon\u00a0\u00bb]instagram[\/et_pb_social_media_follow_network][et_pb_social_media_follow_network social_network=\u00a0\u00bbyoutube\u00a0\u00bb icon_color=\u00a0\u00bbgcid-cca90ba6-297c-4d63-9e2c-8201011ef870&Prime; _builder_version=\u00a0\u00bb4.24.3&Prime; _module_preset=\u00a0\u00bbdefault\u00a0\u00bb background_color=\u00a0\u00bb#FFFFFF\u00a0\u00bb background_enable_color=\u00a0\u00bbon\u00a0\u00bb global_colors_info=\u00a0\u00bb{%22gcid-cca90ba6-297c-4d63-9e2c-8201011ef870%22:%91%22icon_color%22%93}\u00a0\u00bb theme_builder_area=\u00a0\u00bbpost_content\u00a0\u00bb follow_button=\u00a0\u00bboff\u00a0\u00bb url_new_window=\u00a0\u00bbon\u00a0\u00bb]youtube[\/et_pb_social_media_follow_network][\/et_pb_social_media_follow][difl_imagecarousel item_desktop=\u00a0\u00bb1&Prime; item_tablet=\u00a0\u00bb1&Prime; loop=\u00a0\u00bbon\u00a0\u00bb autoplay=\u00a0\u00bbon\u00a0\u00bb autospeed=\u00a0\u00bb3500&Prime; dots=\u00a0\u00bbon\u00a0\u00bb dots_color=\u00a0\u00bbgcid-cca90ba6-297c-4d63-9e2c-8201011ef870&Prime; active_dots_color=\u00a0\u00bbgcid-b1ace166-c11d-4c70-a679-55884e9ca298&Prime; item_wrapper_padding=\u00a0\u00bb||20px||false|false\u00a0\u00bb admin_label=\u00a0\u00bbFormaci\u00f3n, hemeroteca y formaci\u00f3n\u00a0\u00bb module_class=\u00a0\u00bbextiendeenlacedeboton\u00a0\u00bb _builder_version=\u00a0\u00bb4.27.4&Prime; _module_preset=\u00a0\u00bbdefault\u00a0\u00bb module_alignment=\u00a0\u00bbcenter\u00a0\u00bb custom_margin=\u00a0\u00bb||||false|false\u00a0\u00bb global_module=\u00a0\u00bb51721&Prime; saved_tabs=\u00a0\u00bball\u00a0\u00bb global_colors_info=\u00a0\u00bb{%22gcid-cca90ba6-297c-4d63-9e2c-8201011ef870%22:%91%22dots_color%22%93,%22gcid-b1ace166-c11d-4c70-a679-55884e9ca298%22:%91%22active_dots_color%22%93}\u00a0\u00bb custom_margin__hover_enabled=\u00a0\u00bbon|hover\u00a0\u00bb custom_margin__hover=\u00a0\u00bb||||false|false\u00a0\u00bb theme_builder_area=\u00a0\u00bbpost_content\u00a0\u00bb][difl_imagecarouselitem admin_label=\u00a0\u00bbFormaci\u00f3n\u00a0\u00bb image=\u00a0\u00bbhttps:\/\/www.itakaescolapios.org\/wp-content\/uploads\/2025\/02\/banners-500&#215;500-esp5.jpg\u00a0\u00bb ic_button_button_text=\u00a0\u00bbbot\u00a0\u00bb ic_button_button_url=\u00a0\u00bb\/es\/que-hacemos\/formacion\/\u00a0\u00bb ic_button_button_url_new_window=\u00a0\u00bb1&Prime; _builder_version=\u00a0\u00bb4.27.4&Prime; _module_preset=\u00a0\u00bbdefault\u00a0\u00bb image_en_us=\u00a0\u00bbhttps:\/\/www.itakaescolapios.org\/wp-content\/uploads\/2025\/02\/banners-500&#215;500-eng5.jpg\u00a0\u00bb ic_button_button_text_en_us=\u00a0\u00bbbot\u00a0\u00bb image_fr_fr=\u00a0\u00bbhttps:\/\/www.itakaescolapios.org\/wp-content\/uploads\/2025\/02\/banners-500&#215;500-fra5.jpg\u00a0\u00bb ic_button_button_text_fr_fr=\u00a0\u00bbbot\u00a0\u00bb image_eu=\u00a0\u00bbhttps:\/\/www.itakaescolapios.org\/wp-content\/uploads\/2025\/02\/banners-500&#215;500-eusk5.jpg\u00a0\u00bb ic_button_button_text_eu=\u00a0\u00bbbot\u00a0\u00bb image_ca=\u00a0\u00bbhttps:\/\/www.itakaescolapios.org\/wp-content\/uploads\/2025\/02\/banners-500&#215;500-val5.jpg\u00a0\u00bb ic_button_button_text_ca=\u00a0\u00bbbot\u00a0\u00bb image_pt_br=\u00a0\u00bbhttps:\/\/www.itakaescolapios.org\/wp-content\/uploads\/2025\/02\/banners-500&#215;500-port5.jpg\u00a0\u00bb ic_button_button_text_pt_br=\u00a0\u00bbbot\u00a0\u00bb global_colors_info=\u00a0\u00bb{}\u00a0\u00bb theme_builder_area=\u00a0\u00bbpost_content\u00a0\u00bb][\/difl_imagecarouselitem][difl_imagecarouselitem admin_label=\u00a0\u00bbPublicaciones\u00a0\u00bb image=\u00a0\u00bbhttps:\/\/www.itakaescolapios.org\/wp-content\/uploads\/2025\/02\/banners-500&#215;500-esp3-1.jpg\u00a0\u00bb ic_button_button_text=\u00a0\u00bbbot\u00a0\u00bb ic_button_button_url=\u00a0\u00bb\/es\/publicaciones\u00a0\u00bb ic_button_button_url_new_window=\u00a0\u00bb1&Prime; _builder_version=\u00a0\u00bb4.27.4&Prime; _module_preset=\u00a0\u00bbdefault\u00a0\u00bb image_en_us=\u00a0\u00bbhttps:\/\/www.itakaescolapios.org\/wp-content\/uploads\/2025\/02\/banners-500&#215;500-eng3.jpg\u00a0\u00bb ic_button_button_text_en_us=\u00a0\u00bbbot\u00a0\u00bb image_fr_fr=\u00a0\u00bbhttps:\/\/www.itakaescolapios.org\/wp-content\/uploads\/2025\/02\/banners-500&#215;500-fra3.jpg\u00a0\u00bb ic_button_button_text_fr_fr=\u00a0\u00bbbot\u00a0\u00bb image_eu=\u00a0\u00bbhttps:\/\/www.itakaescolapios.org\/wp-content\/uploads\/2025\/02\/banners-500&#215;500-eusk3.jpg\u00a0\u00bb ic_button_button_text_eu=\u00a0\u00bbbot\u00a0\u00bb image_ca=\u00a0\u00bbhttps:\/\/www.itakaescolapios.org\/wp-content\/uploads\/2025\/02\/banners-500&#215;500-val3.jpg\u00a0\u00bb ic_button_button_text_ca=\u00a0\u00bbbot\u00a0\u00bb image_pt_br=\u00a0\u00bbhttps:\/\/www.itakaescolapios.org\/wp-content\/uploads\/2025\/02\/banners-500&#215;500-port3.jpg\u00a0\u00bb ic_button_button_text_pt_br=\u00a0\u00bbbot\u00a0\u00bb global_colors_info=\u00a0\u00bb{}\u00a0\u00bb theme_builder_area=\u00a0\u00bbpost_content\u00a0\u00bb][\/difl_imagecarouselitem][difl_imagecarouselitem admin_label=\u00a0\u00bbHemeroteca\u00a0\u00bb image=\u00a0\u00bbhttps:\/\/www.itakaescolapios.org\/wp-content\/uploads\/2025\/02\/banners-500&#215;500-esp4.jpg\u00a0\u00bb ic_button_button_text=\u00a0\u00bbbot\u00a0\u00bb ic_button_button_url=\u00a0\u00bb\/es\/noticias\/\u00a0\u00bb ic_button_button_url_new_window=\u00a0\u00bb1&Prime; _builder_version=\u00a0\u00bb4.27.4&Prime; _module_preset=\u00a0\u00bbdefault\u00a0\u00bb image_en_us=\u00a0\u00bbhttps:\/\/www.itakaescolapios.org\/wp-content\/uploads\/2025\/02\/banners-500&#215;500-eng4.jpg\u00a0\u00bb ic_button_button_text_en_us=\u00a0\u00bbbot\u00a0\u00bb image_fr_fr=\u00a0\u00bbhttps:\/\/www.itakaescolapios.org\/wp-content\/uploads\/2025\/02\/banners-500&#215;500-fra4.jpg\u00a0\u00bb ic_button_button_text_fr_fr=\u00a0\u00bbbot\u00a0\u00bb image_eu=\u00a0\u00bbhttps:\/\/www.itakaescolapios.org\/wp-content\/uploads\/2025\/02\/banners-500&#215;500-eusk4.jpg\u00a0\u00bb ic_button_button_text_eu=\u00a0\u00bbbot\u00a0\u00bb image_ca=\u00a0\u00bbhttps:\/\/www.itakaescolapios.org\/wp-content\/uploads\/2025\/02\/banners-500&#215;500-val4.jpg\u00a0\u00bb ic_button_button_text_ca=\u00a0\u00bbbot\u00a0\u00bb image_pt_br=\u00a0\u00bbhttps:\/\/www.itakaescolapios.org\/wp-content\/uploads\/2025\/02\/banners-500&#215;500-port4.jpg\u00a0\u00bb ic_button_button_text_pt_br=\u00a0\u00bbbot\u00a0\u00bb global_colors_info=\u00a0\u00bb{}\u00a0\u00bb theme_builder_area=\u00a0\u00bbpost_content\u00a0\u00bb][\/difl_imagecarouselitem][\/difl_imagecarousel][\/et_pb_column][\/et_pb_section]<\/p>\n","protected":false},"excerpt":{"rendered":"<p>Le projet \u00ab Pr\u00e9vention et intervention socio-\u00e9ducative aupr\u00e8s des enfants et des adolescents. AKAR (racine) \u00bb a re\u00e7u le financement de la Fondation La Caixa, gr\u00e2ce \u00e0 l&rsquo;appel \u00e0 projets sociaux de la Communaut\u00e9 de Madrid 2025.<\/p>\n","protected":false},"author":69,"featured_media":329294,"comment_status":"closed","ping_status":"closed","sticky":false,"template":"","format":"standard","meta":{"_et_pb_use_builder":"on","_et_pb_old_content":"","_et_gb_content_width":"","footnotes":""},"categories":[146],"tags":[641,634,523,688,449,575],"class_list":["post-329291","post","type-post","status-publish","format-standard","has-post-thumbnail","hentry","category-madrid","tag-akar","tag-centro-socioeducativo","tag-fundacion-la-caixa","tag-infantcia","tag-juventud-itaka-escolapios","tag-subvencion"],"yoast_head":"<!-- This site is optimized with the Yoast SEO plugin v27.4 - https:\/\/yoast.com\/product\/yoast-seo-wordpress\/ -->\n<title>Nouvel accord avec La Caixa Madrid pour le projet Akar<\/title>\n<meta name=\"description\" content=\"Le projet \u00ab Pr\u00e9vention et intervention socio-\u00e9ducative aupr\u00e8s des enfants et des adolescents. AKAR (racine) \u00bb a re\u00e7u le financement de la Fondation La Caixa, gr\u00e2ce \u00e0 l&#039;appel \u00e0 projets sociaux de la Communaut\u00e9 de Madrid 2025.\" \/>\n<meta name=\"robots\" content=\"index, follow, max-snippet:-1, max-image-preview:large, max-video-preview:-1\" \/>\n<link rel=\"canonical\" href=\"http:\/\/Le%20projet%20\u00ab%20Pr\u00e9vention%20et%20intervention%20socio-\u00e9ducative%20aupr\u00e8s%20des%20enfants%20et%20des%20adolescents.%20AKAR%20(racine)%20\u00bb%20a%20re\u00e7u%20le%20financement%20de%20la%20Fondation%20La%20Caixa,%20gr\u00e2ce%20\u00e0%20l'appel%20\u00e0%20projets%20sociaux%20de%20la%20Communaut\u00e9%20de%20Madrid%202025.\" \/>\n<meta property=\"og:locale\" content=\"fr_FR\" \/>\n<meta property=\"og:type\" content=\"article\" \/>\n<meta property=\"og:title\" content=\"Nouvel accord avec La Caixa Madrid pour le projet Akar\" \/>\n<meta property=\"og:description\" content=\"Le projet \u00ab Pr\u00e9vention et intervention socio-\u00e9ducative aupr\u00e8s des enfants et des adolescents. AKAR (racine) \u00bb a re\u00e7u le financement de la Fondation La Caixa, gr\u00e2ce \u00e0 l&#039;appel \u00e0 projets sociaux de la Communaut\u00e9 de Madrid 2025.\" \/>\n<meta property=\"og:url\" content=\"https:\/\/www.itakaescolapios.org\/fr\/2025\/11\/nuevo-convenio-con-la-caixa-madrid-para-el-proyecto-akar\/\" \/>\n<meta property=\"og:site_name\" content=\"Itaka-Escolapios\" \/>\n<meta property=\"article:published_time\" content=\"2025-11-06T12:36:30+00:00\" \/>\n<meta property=\"og:image\" content=\"https:\/\/www.itakaescolapios.org\/wp-content\/uploads\/2025\/11\/akar.jpg\" \/>\n\t<meta property=\"og:image:width\" content=\"1600\" \/>\n\t<meta property=\"og:image:height\" content=\"1200\" \/>\n\t<meta property=\"og:image:type\" content=\"image\/jpeg\" \/>\n<meta name=\"author\" content=\"Paz Su\u00f1er\" \/>\n<meta name=\"twitter:card\" content=\"summary_large_image\" \/>\n<meta name=\"twitter:label1\" content=\"\u00c9crit par\" \/>\n\t<meta name=\"twitter:data1\" content=\"Paz Su\u00f1er\" \/>\n\t<meta name=\"twitter:label2\" content=\"Dur\u00e9e de lecture estim\u00e9e\" \/>\n\t<meta name=\"twitter:data2\" content=\"4 minutes\" \/>\n<script type=\"application\/ld+json\" class=\"yoast-schema-graph\">{\"@context\":\"https:\\\/\\\/schema.org\",\"@graph\":[{\"@type\":\"Article\",\"@id\":\"https:\\\/\\\/www.itakaescolapios.org\\\/fr\\\/2025\\\/11\\\/nuevo-convenio-con-la-caixa-madrid-para-el-proyecto-akar\\\/#article\",\"isPartOf\":{\"@id\":\"https:\\\/\\\/www.itakaescolapios.org\\\/fr\\\/2025\\\/11\\\/nuevo-convenio-con-la-caixa-madrid-para-el-proyecto-akar\\\/\"},\"author\":{\"name\":\"Paz Su\u00f1er\",\"@id\":\"https:\\\/\\\/www.itakaescolapios.org\\\/es\\\/#\\\/schema\\\/person\\\/b4aee0bb1423368fa9a5439a0985739e\"},\"headline\":\"Nouvel accord avec La Caixa Madrid pour le projet Akar\",\"datePublished\":\"2025-11-06T12:36:30+00:00\",\"mainEntityOfPage\":{\"@id\":\"https:\\\/\\\/www.itakaescolapios.org\\\/fr\\\/2025\\\/11\\\/nuevo-convenio-con-la-caixa-madrid-para-el-proyecto-akar\\\/\"},\"wordCount\":4186,\"publisher\":{\"@id\":\"https:\\\/\\\/www.itakaescolapios.org\\\/es\\\/#organization\"},\"image\":{\"@id\":\"https:\\\/\\\/www.itakaescolapios.org\\\/fr\\\/2025\\\/11\\\/nuevo-convenio-con-la-caixa-madrid-para-el-proyecto-akar\\\/#primaryimage\"},\"thumbnailUrl\":\"https:\\\/\\\/www.itakaescolapios.org\\\/wp-content\\\/uploads\\\/2025\\\/11\\\/akar.jpg\",\"keywords\":[\"Akar\",\"Centro Socioeducativo\",\"Fundaci\u00f3n La Caixa\",\"Infantcia\",\"Juventud Itaka Escolapios\",\"subvenci\u00f3n\"],\"articleSection\":[\"Madrid\"],\"inLanguage\":\"fr-FR\"},{\"@type\":\"WebPage\",\"@id\":\"https:\\\/\\\/www.itakaescolapios.org\\\/fr\\\/2025\\\/11\\\/nuevo-convenio-con-la-caixa-madrid-para-el-proyecto-akar\\\/\",\"url\":\"https:\\\/\\\/www.itakaescolapios.org\\\/fr\\\/2025\\\/11\\\/nuevo-convenio-con-la-caixa-madrid-para-el-proyecto-akar\\\/\",\"name\":\"Nuevo convenio con La Caixa Madrid para el proyecto Akar - Itaka-Escolapios\",\"isPartOf\":{\"@id\":\"https:\\\/\\\/www.itakaescolapios.org\\\/es\\\/#website\"},\"primaryImageOfPage\":{\"@id\":\"https:\\\/\\\/www.itakaescolapios.org\\\/fr\\\/2025\\\/11\\\/nuevo-convenio-con-la-caixa-madrid-para-el-proyecto-akar\\\/#primaryimage\"},\"image\":{\"@id\":\"https:\\\/\\\/www.itakaescolapios.org\\\/fr\\\/2025\\\/11\\\/nuevo-convenio-con-la-caixa-madrid-para-el-proyecto-akar\\\/#primaryimage\"},\"thumbnailUrl\":\"https:\\\/\\\/www.itakaescolapios.org\\\/wp-content\\\/uploads\\\/2025\\\/11\\\/akar.jpg\",\"datePublished\":\"2025-11-06T12:36:30+00:00\",\"breadcrumb\":{\"@id\":\"https:\\\/\\\/www.itakaescolapios.org\\\/fr\\\/2025\\\/11\\\/nuevo-convenio-con-la-caixa-madrid-para-el-proyecto-akar\\\/#breadcrumb\"},\"inLanguage\":\"fr-FR\",\"potentialAction\":[{\"@type\":\"ReadAction\",\"target\":[\"https:\\\/\\\/www.itakaescolapios.org\\\/fr\\\/2025\\\/11\\\/nuevo-convenio-con-la-caixa-madrid-para-el-proyecto-akar\\\/\"]}]},{\"@type\":\"ImageObject\",\"inLanguage\":\"fr-FR\",\"@id\":\"https:\\\/\\\/www.itakaescolapios.org\\\/fr\\\/2025\\\/11\\\/nuevo-convenio-con-la-caixa-madrid-para-el-proyecto-akar\\\/#primaryimage\",\"url\":\"https:\\\/\\\/www.itakaescolapios.org\\\/wp-content\\\/uploads\\\/2025\\\/11\\\/akar.jpg\",\"contentUrl\":\"https:\\\/\\\/www.itakaescolapios.org\\\/wp-content\\\/uploads\\\/2025\\\/11\\\/akar.jpg\",\"width\":1600,\"height\":1200},{\"@type\":\"BreadcrumbList\",\"@id\":\"https:\\\/\\\/www.itakaescolapios.org\\\/fr\\\/2025\\\/11\\\/nuevo-convenio-con-la-caixa-madrid-para-el-proyecto-akar\\\/#breadcrumb\",\"itemListElement\":[{\"@type\":\"ListItem\",\"position\":1,\"name\":\"Itaka-Escolapios\",\"item\":\"https:\\\/\\\/www.itakaescolapios.org\\\/es\\\/\"},{\"@type\":\"ListItem\",\"position\":2,\"name\":\"Nouvel accord avec La Caixa Madrid pour le projet Akar\"}]},{\"@type\":\"WebSite\",\"@id\":\"https:\\\/\\\/www.itakaescolapios.org\\\/fr\\\/es\\\/#website\",\"url\":\"https:\\\/\\\/www.itakaescolapios.org\\\/fr\\\/es\\\/\",\"name\":\"Itaka-Escolapios\",\"description\":\"Red de Itaka-Escolapios\",\"publisher\":{\"@id\":\"https:\\\/\\\/www.itakaescolapios.org\\\/fr\\\/es\\\/#organization\"},\"potentialAction\":[{\"@type\":\"SearchAction\",\"target\":{\"@type\":\"EntryPoint\",\"urlTemplate\":\"https:\\\/\\\/www.itakaescolapios.org\\\/fr\\\/es\\\/?s={search_term_string}\"},\"query-input\":{\"@type\":\"PropertyValueSpecification\",\"valueRequired\":true,\"valueName\":\"search_term_string\"}}],\"inLanguage\":\"fr-FR\"},{\"@type\":\"Organization\",\"@id\":\"https:\\\/\\\/www.itakaescolapios.org\\\/fr\\\/es\\\/#organization\",\"name\":\"Fundaci\u00f3 Itaka-Escolapios\",\"url\":\"https:\\\/\\\/www.itakaescolapios.org\\\/fr\\\/es\\\/\",\"logo\":{\"@type\":\"ImageObject\",\"inLanguage\":\"fr-FR\",\"@id\":\"https:\\\/\\\/www.itakaescolapios.org\\\/fr\\\/es\\\/#\\\/schema\\\/logo\\\/image\\\/\",\"url\":\"https:\\\/\\\/www.itakaescolapios.org\\\/wp-content\\\/uploads\\\/2024\\\/04\\\/Logo-itakaescolapios-peque.png\",\"contentUrl\":\"https:\\\/\\\/www.itakaescolapios.org\\\/wp-content\\\/uploads\\\/2024\\\/04\\\/Logo-itakaescolapios-peque.png\",\"width\":500,\"height\":199,\"caption\":\"Fundaci\u00f3 Itaka-Escolapios\"},\"image\":{\"@id\":\"https:\\\/\\\/www.itakaescolapios.org\\\/fr\\\/es\\\/#\\\/schema\\\/logo\\\/image\\\/\"}},{\"@type\":\"Person\",\"@id\":\"https:\\\/\\\/www.itakaescolapios.org\\\/es\\\/#\\\/schema\\\/person\\\/b4aee0bb1423368fa9a5439a0985739e\",\"name\":\"Paz Su\u00f1er\",\"url\":\"https:\\\/\\\/www.itakaescolapios.org\\\/fr\\\/author\\\/pazsuner\\\/\"}]}<\/script>\n<!-- \/ Yoast SEO plugin. -->","yoast_head_json":{"title":"Nouvel accord avec La Caixa Madrid pour le projet Akar","description":"Le projet \u00ab Pr\u00e9vention et intervention socio-\u00e9ducative aupr\u00e8s des enfants et des adolescents. AKAR (racine) \u00bb a re\u00e7u le financement de la Fondation La Caixa, gr\u00e2ce \u00e0 l'appel \u00e0 projets sociaux de la Communaut\u00e9 de Madrid 2025.","robots":{"index":"index","follow":"follow","max-snippet":"max-snippet:-1","max-image-preview":"max-image-preview:large","max-video-preview":"max-video-preview:-1"},"canonical":"Le projet \u00ab Pr\u00e9vention et intervention socio-\u00e9ducative aupr\u00e8s des enfants et des adolescents. AKAR (racine) \u00bb a re\u00e7u le financement de la Fondation La Caixa, gr\u00e2ce \u00e0 l'appel \u00e0 projets sociaux de la Communaut\u00e9 de Madrid 2025.","og_locale":"fr_FR","og_type":"article","og_title":"Nouvel accord avec La Caixa Madrid pour le projet Akar","og_description":"Le projet \u00ab Pr\u00e9vention et intervention socio-\u00e9ducative aupr\u00e8s des enfants et des adolescents. AKAR (racine) \u00bb a re\u00e7u le financement de la Fondation La Caixa, gr\u00e2ce \u00e0 l'appel \u00e0 projets sociaux de la Communaut\u00e9 de Madrid 2025.","og_url":"https:\/\/www.itakaescolapios.org\/fr\/2025\/11\/nuevo-convenio-con-la-caixa-madrid-para-el-proyecto-akar\/","og_site_name":"Itaka-Escolapios","article_published_time":"2025-11-06T12:36:30+00:00","og_image":[{"width":1600,"height":1200,"url":"https:\/\/www.itakaescolapios.org\/wp-content\/uploads\/2025\/11\/akar.jpg","type":"image\/jpeg"}],"author":"Paz Su\u00f1er","twitter_card":"summary_large_image","twitter_misc":{"\u00c9crit par":"Paz Su\u00f1er","Dur\u00e9e de lecture estim\u00e9e":"4 minutes"},"schema":{"@context":"https:\/\/schema.org","@graph":[{"@type":"Article","@id":"https:\/\/www.itakaescolapios.org\/fr\/2025\/11\/nuevo-convenio-con-la-caixa-madrid-para-el-proyecto-akar\/#article","isPartOf":{"@id":"https:\/\/www.itakaescolapios.org\/fr\/2025\/11\/nuevo-convenio-con-la-caixa-madrid-para-el-proyecto-akar\/"},"author":{"name":"Paz Su\u00f1er","@id":"https:\/\/www.itakaescolapios.org\/es\/#\/schema\/person\/b4aee0bb1423368fa9a5439a0985739e"},"headline":"Nouvel accord avec La Caixa Madrid pour le projet Akar","datePublished":"2025-11-06T12:36:30+00:00","mainEntityOfPage":{"@id":"https:\/\/www.itakaescolapios.org\/fr\/2025\/11\/nuevo-convenio-con-la-caixa-madrid-para-el-proyecto-akar\/"},"wordCount":4186,"publisher":{"@id":"https:\/\/www.itakaescolapios.org\/es\/#organization"},"image":{"@id":"https:\/\/www.itakaescolapios.org\/fr\/2025\/11\/nuevo-convenio-con-la-caixa-madrid-para-el-proyecto-akar\/#primaryimage"},"thumbnailUrl":"https:\/\/www.itakaescolapios.org\/wp-content\/uploads\/2025\/11\/akar.jpg","keywords":["Akar","Centro Socioeducativo","Fundaci\u00f3n La Caixa","Infantcia","Juventud Itaka Escolapios","subvenci\u00f3n"],"articleSection":["Madrid"],"inLanguage":"fr-FR"},{"@type":"WebPage","@id":"https:\/\/www.itakaescolapios.org\/fr\/2025\/11\/nuevo-convenio-con-la-caixa-madrid-para-el-proyecto-akar\/","url":"https:\/\/www.itakaescolapios.org\/fr\/2025\/11\/nuevo-convenio-con-la-caixa-madrid-para-el-proyecto-akar\/","name":"Nuevo convenio con La Caixa Madrid para el proyecto Akar - Itaka-Escolapios","isPartOf":{"@id":"https:\/\/www.itakaescolapios.org\/es\/#website"},"primaryImageOfPage":{"@id":"https:\/\/www.itakaescolapios.org\/fr\/2025\/11\/nuevo-convenio-con-la-caixa-madrid-para-el-proyecto-akar\/#primaryimage"},"image":{"@id":"https:\/\/www.itakaescolapios.org\/fr\/2025\/11\/nuevo-convenio-con-la-caixa-madrid-para-el-proyecto-akar\/#primaryimage"},"thumbnailUrl":"https:\/\/www.itakaescolapios.org\/wp-content\/uploads\/2025\/11\/akar.jpg","datePublished":"2025-11-06T12:36:30+00:00","breadcrumb":{"@id":"https:\/\/www.itakaescolapios.org\/fr\/2025\/11\/nuevo-convenio-con-la-caixa-madrid-para-el-proyecto-akar\/#breadcrumb"},"inLanguage":"fr-FR","potentialAction":[{"@type":"ReadAction","target":["https:\/\/www.itakaescolapios.org\/fr\/2025\/11\/nuevo-convenio-con-la-caixa-madrid-para-el-proyecto-akar\/"]}]},{"@type":"ImageObject","inLanguage":"fr-FR","@id":"https:\/\/www.itakaescolapios.org\/fr\/2025\/11\/nuevo-convenio-con-la-caixa-madrid-para-el-proyecto-akar\/#primaryimage","url":"https:\/\/www.itakaescolapios.org\/wp-content\/uploads\/2025\/11\/akar.jpg","contentUrl":"https:\/\/www.itakaescolapios.org\/wp-content\/uploads\/2025\/11\/akar.jpg","width":1600,"height":1200},{"@type":"BreadcrumbList","@id":"https:\/\/www.itakaescolapios.org\/fr\/2025\/11\/nuevo-convenio-con-la-caixa-madrid-para-el-proyecto-akar\/#breadcrumb","itemListElement":[{"@type":"ListItem","position":1,"name":"Itaka-Escolapios","item":"https:\/\/www.itakaescolapios.org\/es\/"},{"@type":"ListItem","position":2,"name":"Nouvel accord avec La Caixa Madrid pour le projet Akar"}]},{"@type":"WebSite","@id":"https:\/\/www.itakaescolapios.org\/fr\/es\/#website","url":"https:\/\/www.itakaescolapios.org\/fr\/es\/","name":"Itaka-Escolapios","description":"Red de Itaka-Escolapios","publisher":{"@id":"https:\/\/www.itakaescolapios.org\/fr\/es\/#organization"},"potentialAction":[{"@type":"SearchAction","target":{"@type":"EntryPoint","urlTemplate":"https:\/\/www.itakaescolapios.org\/fr\/es\/?s={search_term_string}"},"query-input":{"@type":"PropertyValueSpecification","valueRequired":true,"valueName":"search_term_string"}}],"inLanguage":"fr-FR"},{"@type":"Organization","@id":"https:\/\/www.itakaescolapios.org\/fr\/es\/#organization","name":"Fundaci\u00f3 Itaka-Escolapios","url":"https:\/\/www.itakaescolapios.org\/fr\/es\/","logo":{"@type":"ImageObject","inLanguage":"fr-FR","@id":"https:\/\/www.itakaescolapios.org\/fr\/es\/#\/schema\/logo\/image\/","url":"https:\/\/www.itakaescolapios.org\/wp-content\/uploads\/2024\/04\/Logo-itakaescolapios-peque.png","contentUrl":"https:\/\/www.itakaescolapios.org\/wp-content\/uploads\/2024\/04\/Logo-itakaescolapios-peque.png","width":500,"height":199,"caption":"Fundaci\u00f3 Itaka-Escolapios"},"image":{"@id":"https:\/\/www.itakaescolapios.org\/fr\/es\/#\/schema\/logo\/image\/"}},{"@type":"Person","@id":"https:\/\/www.itakaescolapios.org\/es\/#\/schema\/person\/b4aee0bb1423368fa9a5439a0985739e","name":"Paz Su\u00f1er","url":"https:\/\/www.itakaescolapios.org\/fr\/author\/pazsuner\/"}]}},"_links":{"self":[{"href":"https:\/\/www.itakaescolapios.org\/fr\/wp-json\/wp\/v2\/posts\/329291","targetHints":{"allow":["GET"]}}],"collection":[{"href":"https:\/\/www.itakaescolapios.org\/fr\/wp-json\/wp\/v2\/posts"}],"about":[{"href":"https:\/\/www.itakaescolapios.org\/fr\/wp-json\/wp\/v2\/types\/post"}],"author":[{"embeddable":true,"href":"https:\/\/www.itakaescolapios.org\/fr\/wp-json\/wp\/v2\/users\/69"}],"replies":[{"embeddable":true,"href":"https:\/\/www.itakaescolapios.org\/fr\/wp-json\/wp\/v2\/comments?post=329291"}],"version-history":[{"count":5,"href":"https:\/\/www.itakaescolapios.org\/fr\/wp-json\/wp\/v2\/posts\/329291\/revisions"}],"predecessor-version":[{"id":329298,"href":"https:\/\/www.itakaescolapios.org\/fr\/wp-json\/wp\/v2\/posts\/329291\/revisions\/329298"}],"wp:featuredmedia":[{"embeddable":true,"href":"https:\/\/www.itakaescolapios.org\/fr\/wp-json\/wp\/v2\/media\/329294"}],"wp:attachment":[{"href":"https:\/\/www.itakaescolapios.org\/fr\/wp-json\/wp\/v2\/media?parent=329291"}],"wp:term":[{"taxonomy":"category","embeddable":true,"href":"https:\/\/www.itakaescolapios.org\/fr\/wp-json\/wp\/v2\/categories?post=329291"},{"taxonomy":"post_tag","embeddable":true,"href":"https:\/\/www.itakaescolapios.org\/fr\/wp-json\/wp\/v2\/tags?post=329291"}],"curies":[{"name":"wp","href":"https:\/\/api.w.org\/{rel}","templated":true}]}}