{"id":329365,"date":"2025-11-20T20:48:15","date_gmt":"2025-11-20T19:48:15","guid":{"rendered":"https:\/\/www.itakaescolapios.org\/?p=329365"},"modified":"2025-11-21T09:29:55","modified_gmt":"2025-11-21T08:29:55","slug":"itaka-escolapios-y-la-red-de-accion-social-de-la-iglesia-unidos-para-construir-paz-y-esperanza","status":"publish","type":"post","link":"https:\/\/www.itakaescolapios.org\/fr\/2025\/11\/itaka-escolapios-y-la-red-de-accion-social-de-la-iglesia-unidos-para-construir-paz-y-esperanza\/","title":{"rendered":"Itaka Escolapios y la Red de Acci\u00f3n Social de la Iglesia: Unidos para Construir Paz y Esperanza"},"content":{"rendered":"<p>[et_pb_section fb_built=\u00a0\u00bb1&Prime; make_equal=\u00a0\u00bbon\u00a0\u00bb use_custom_gutter=\u00a0\u00bbon\u00a0\u00bb gutter_width=\u00a0\u00bb2&Prime; specialty=\u00a0\u00bbon\u00a0\u00bb _builder_version=\u00a0\u00bb4.24.3&Prime; _module_preset=\u00a0\u00bbdefault\u00a0\u00bb width=\u00a0\u00bb100%\u00a0\u00bb max_width=\u00a0\u00bb100%\u00a0\u00bb module_alignment=\u00a0\u00bbcenter\u00a0\u00bb inner_width=\u00a0\u00bb90%\u00a0\u00bb inner_max_width=\u00a0\u00bb2222px\u00a0\u00bb inner_module_alignment=\u00a0\u00bbcenter\u00a0\u00bb custom_margin=\u00a0\u00bb0px||||false|false\u00a0\u00bb custom_padding=\u00a0\u00bb0px||||false|false\u00a0\u00bb da_disable_devices=\u00a0\u00bboff|off|off\u00a0\u00bb global_colors_info=\u00a0\u00bb{}\u00a0\u00bb da_is_popup=\u00a0\u00bboff\u00a0\u00bb da_exit_intent=\u00a0\u00bboff\u00a0\u00bb da_has_close=\u00a0\u00bbon\u00a0\u00bb da_alt_close=\u00a0\u00bboff\u00a0\u00bb da_dark_close=\u00a0\u00bboff\u00a0\u00bb da_not_modal=\u00a0\u00bbon\u00a0\u00bb da_is_singular=\u00a0\u00bboff\u00a0\u00bb da_with_loader=\u00a0\u00bboff\u00a0\u00bb da_has_shadow=\u00a0\u00bbon\u00a0\u00bb][et_pb_column type=\u00a0\u00bb3_4&Prime; specialty_columns=\u00a0\u00bb3&Prime; _builder_version=\u00a0\u00bb4.16&Prime; custom_padding=\u00a0\u00bb|||\u00a0\u00bb global_colors_info=\u00a0\u00bb{}\u00a0\u00bb custom_padding__hover=\u00a0\u00bb|||\u00a0\u00bb][et_pb_row_inner custom_padding_last_edited=\u00a0\u00bbon|phone\u00a0\u00bb _builder_version=\u00a0\u00bb4.24.3&Prime; _module_preset=\u00a0\u00bbdefault\u00a0\u00bb module_alignment=\u00a0\u00bbcenter\u00a0\u00bb custom_padding=\u00a0\u00bb|50px|4px||false|false\u00a0\u00bb custom_padding_tablet=\u00a0\u00bb|50px|4px||false|false\u00a0\u00bb custom_padding_phone=\u00a0\u00bb|0px|||false|false\u00a0\u00bb border_color_all=\u00a0\u00bbgcid-b1ace166-c11d-4c70-a679-55884e9ca298&Prime; border_style_all=\u00a0\u00bbdotted\u00a0\u00bb border_width_right=\u00a0\u00bb3px\u00a0\u00bb border_color_right=\u00a0\u00bbgcid-b1ace166-c11d-4c70-a679-55884e9ca298&Prime; border_width_right_tablet=\u00a0\u00bb3px\u00a0\u00bb border_width_right_phone=\u00a0\u00bb0px\u00a0\u00bb border_width_right_last_edited=\u00a0\u00bbon|desktop\u00a0\u00bb collapsed=\u00a0\u00bboff\u00a0\u00bb global_colors_info=\u00a0\u00bb{%22gcid-b1ace166-c11d-4c70-a679-55884e9ca298%22:%91%22border_color_all%22,%22border_color_right%22%93}\u00a0\u00bb][et_pb_column_inner saved_specialty_column_type=\u00a0\u00bb3_4&Prime; _builder_version=\u00a0\u00bb4.24.3&Prime; _module_preset=\u00a0\u00bbdefault\u00a0\u00bb global_colors_info=\u00a0\u00bb{}\u00a0\u00bb][et_pb_text admin_label=\u00a0\u00bbT\u00cdTULO NOTICIA\u00a0\u00bb _builder_version=\u00a0\u00bb4.27.4&Prime; _module_preset=\u00a0\u00bbdefault\u00a0\u00bb header_font=\u00a0\u00bbTitulo Itaka-Escolapios|700|||||||\u00a0\u00bb header_text_align=\u00a0\u00bbcenter\u00a0\u00bb header_text_color=\u00a0\u00bbgcid-cca90ba6-297c-4d63-9e2c-8201011ef870&Prime; header_font_size=\u00a0\u00bb50px\u00a0\u00bb custom_margin=\u00a0\u00bb||20px||false|false\u00a0\u00bb custom_margin_tablet=\u00a0\u00bb||20px||false|false\u00a0\u00bb custom_margin_phone=\u00a0\u00bb||20px||false|false\u00a0\u00bb custom_margin_last_edited=\u00a0\u00bbon|desktop\u00a0\u00bb header_font_size_tablet=\u00a0\u00bb55px\u00a0\u00bb header_font_size_phone=\u00a0\u00bb35px\u00a0\u00bb header_font_size_last_edited=\u00a0\u00bbon|phone\u00a0\u00bb content_en_us=\u00a0\u00bb<\/p>\n<h1><b><span>Itaka Escolapios and the Church&rsquo;s Social Action Network: United to Build Peace and Hope<\/span><\/b><\/h1>\n<p>\u00a0\u00bb content_fr_fr=\u00a0\u00bb<\/p>\n<h1><strong>Itaka Escolapios et le R\u00e9seau d&rsquo;Action Sociale de l&rsquo;\u00c9glise : Unis pour Construire la Paix et l&rsquo;Espoir<\/strong><\/h1>\n<p>\u00a0\u00bb content_eu=\u00a0\u00bb<\/p>\n<h1><b><span>Itaka Escolapios eta Elizaren Gizarte Ekintzako Sarea: Bakea eta Itxaropena Eraikitzeko Batuak<\/span><\/b><\/h1>\n<p>\u00a0\u00bb content_ca=\u00a0\u00bb<\/p>\n<h1><strong>Itaka Escolapios i la Xarxa d&rsquo;Acci\u00f3 Social de l&rsquo;Esgl\u00e9sia: Units per a Construir Pau i Esperan\u00e7a<\/strong><\/h1>\n<p>\u00a0\u00bb content_pt_br=\u00a0\u00bb<\/p>\n<h1><b><span>Itaka Escolapios e a Rede de A\u00e7\u00e3o Social da Igreja: Unidos para Construir Paz e Esperan\u00e7a<\/span><\/b><\/h1>\n<p>\u00a0\u00bb global_colors_info=\u00a0\u00bb{%22gcid-cca90ba6-297c-4d63-9e2c-8201011ef870%22:%91%22header_text_color%22%93}\u00a0\u00bb]<\/p>\n<h1><strong>Itaka Escolapios y la Red de Acci\u00f3n Social de la Iglesia: Unidos para Construir Paz y Esperanza<\/strong><\/h1>\n<p>[\/et_pb_text][et_pb_text admin_label=\u00a0\u00bbFecha noticia no tocar\u00a0\u00bb _builder_version=\u00a0\u00bb4.27.4&Prime; _dynamic_attributes=\u00a0\u00bbcontent\u00a0\u00bb _module_preset=\u00a0\u00bbdefault\u00a0\u00bb text_font=\u00a0\u00bbTitulo Itaka-Escolapios|700|||||||\u00a0\u00bb text_text_color=\u00a0\u00bbgcid-cca90ba6-297c-4d63-9e2c-8201011ef870&Prime; text_font_size=\u00a0\u00bb16px\u00a0\u00bb text_orientation=\u00a0\u00bbright\u00a0\u00bb global_colors_info=\u00a0\u00bb{%22gcid-cca90ba6-297c-4d63-9e2c-8201011ef870%22:%91%22text_text_color%22%93}\u00a0\u00bb]@ET-DC@eyJkeW5hbWljIjp0cnVlLCJjb250ZW50IjoicG9zdF9kYXRlIiwic2V0dGluZ3MiOnsiYmVmb3JlIjoiIiwiYWZ0ZXIiOiIiLCJkYXRlX2Zvcm1hdCI6ImRlZmF1bHQiLCJjdXN0b21fZGF0ZV9mb3JtYXQiOiIiLCJlbmFibGVfaHRtbCI6Im9mZiJ9fQ==@[\/et_pb_text][\/et_pb_column_inner][\/et_pb_row_inner][et_pb_row_inner _builder_version=\u00a0\u00bb4.27.4&Prime; _module_preset=\u00a0\u00bbdefault\u00a0\u00bb border_width_right=\u00a0\u00bb3px\u00a0\u00bb border_color_right=\u00a0\u00bbgcid-b1ace166-c11d-4c70-a679-55884e9ca298&Prime; border_style_right=\u00a0\u00bbdotted\u00a0\u00bb collapsed=\u00a0\u00bboff\u00a0\u00bb global_colors_info=\u00a0\u00bb{%22gcid-b1ace166-c11d-4c70-a679-55884e9ca298%22:%91%22border_color_right%22%93}\u00a0\u00bb][et_pb_column_inner saved_specialty_column_type=\u00a0\u00bb3_4&Prime; _builder_version=\u00a0\u00bb4.27.4&Prime; _module_preset=\u00a0\u00bbdefault\u00a0\u00bb global_colors_info=\u00a0\u00bb{}\u00a0\u00bb][et_pb_text admin_label=\u00a0\u00bbCUERPO NOTICIA\u00a0\u00bb _builder_version=\u00a0\u00bb4.27.4&Prime; _module_preset=\u00a0\u00bbdefault\u00a0\u00bb text_font=\u00a0\u00bb&#8211;et_global_body_font||||||||\u00a0\u00bb text_font_size=\u00a0\u00bb16px\u00a0\u00bb width=\u00a0\u00bb100%\u00a0\u00bb module_alignment=\u00a0\u00bbcenter\u00a0\u00bb custom_padding=\u00a0\u00bb|60px|||false|false\u00a0\u00bb text_font_size_tablet=\u00a0\u00bb16px\u00a0\u00bb text_font_size_phone=\u00a0\u00bb16px\u00a0\u00bb text_font_size_last_edited=\u00a0\u00bbon|desktop\u00a0\u00bb content_en_us=\u00a0\u00bb<\/p>\n<p>Since 2021, the Itaka Escolapios Foundation has been an active member of the Red de Acci\u00f3n Social de la Iglesia venezolana (RASI)\u2014the Venezuelan Church&rsquo;s Social Action Network\u2014a vital platform that brings together various Catholic organizations to highlight the social and humanitarian work carried out by the Church in the country. Our participation in this network is key to strengthening synergies and amplifying the impact of our mission in Venezuela.<\/p>\n<p>Last weekend, November 14 and 15, 2025, Itaka Escolapios was present at two important national gatherings promoted by RASI, focusing on building peace and restoring hope, inspired by the exemplary lives of Saint Jos\u00e9 Gregorio Hern\u00e1ndez and Saint Carmen Rendiles.<\/p>\n<p>Both gatherings centered on the fundamental pillars of our mission: Life, Health, and Education, as essential tools for the recovery of hope in the current context.<\/p>\n<p>Friday, November 14 \u2013 Barquisimeto: We participated in the regional meeting %22Constructors of Peace%22 (<em>Constructores de Paz<\/em>). A space for dialogue and training to articulate strategies that promote coexistence and local development.<\/p>\n<p>Saturday, November 15 \u2013 Caracas: We were present at the %22Jubilee of Hope%22 (<em>Jubileo de la Esperanza<\/em>). A day of national gathering that reaffirms the commitment of the Church and its organizations to the future of Venezuela.<\/p>\n<p>Together with other RASI organizations, we continue to cultivate hope, build peace, and work tirelessly for the well-being of Venezuelan communities.<\/p>\n<p>\u00a0\u00bb content_fr_fr=\u00a0\u00bb<\/p>\n<p>Depuis 2021, la Fondation Itaka Escolapios est membre actif du Red de Acci\u00f3n Social de la Iglesia venezolana (RASI)\u2014le R\u00e9seau d&rsquo;Action Sociale de l&rsquo;\u00c9glise v\u00e9n\u00e9zu\u00e9lienne\u2014une plateforme vitale qui regroupe diverses organisations catholiques afin de rendre visible le travail social et humanitaire r\u00e9alis\u00e9 par l&rsquo;\u00c9glise dans le pays. Notre participation \u00e0 ce r\u00e9seau est essentielle pour renforcer les synergies et amplifier l&rsquo;impact de notre mission au Venezuela.<\/p>\n<p>Le week-end dernier, les 14 et 15 novembre 2025, Itaka Escolapios \u00e9tait pr\u00e9sent \u00e0 deux importantes rencontres nationales promues par le RASI, ax\u00e9es sur la construction de la paix et la restauration de l&rsquo;espoir, inspir\u00e9es par la vie exemplaire de Saint Jos\u00e9 Gregorio Hern\u00e1ndez et de Sainte Carmen Rendiles.<\/p>\n<p>Les deux rencontres se sont concentr\u00e9es sur les piliers fondamentaux de notre mission : Vie, Sant\u00e9 et \u00c9ducation, en tant qu&rsquo;outils essentiels pour le recouvrement de l&rsquo;espoir dans le contexte actuel.<\/p>\n<p>Vendredi 14 novembre \u2013 Barquisimeto : Nous avons particip\u00e9 \u00e0 la rencontre r\u00e9gionale \u00ab B\u00e2tisseurs de Paix \u00bb (<em>Constructores de Paz<\/em>). Un espace de dialogue et de formation pour articuler des strat\u00e9gies qui promeuvent la coexistence et le d\u00e9veloppement local.<\/p>\n<p>Samedi 15 novembre \u2013 Caracas : Nous \u00e9tions pr\u00e9sents au \u00ab Jubil\u00e9 de l&rsquo;Espoir \u00bb (<em>Jubileo de la Esperanza<\/em>). Une journ\u00e9e de rencontre nationale qui r\u00e9affirme l&rsquo;engagement de l&rsquo;\u00c9glise et de ses organisations envers l&rsquo;avenir du Venezuela.<\/p>\n<p>En collaboration avec d&rsquo;autres organisations du RASI, nous continuons \u00e0 cultiver l&rsquo;espoir, \u00e0 construire la paix et \u00e0 travailler sans rel\u00e2che pour le bien-\u00eatre des communaut\u00e9s v\u00e9n\u00e9zu\u00e9liennes.<\/p>\n<p>\u00a0\u00bb content_eu=\u00a0\u00bb<\/p>\n<p>2021az geroztik, Itaka Escolapios Fundazioa Venezuelako Elizaren Gizarte Ekintzako Sarea (RASI) izenekoaren kide aktiboa da. Plataforma horrek hainbat erakunde katoliko biltzen ditu, Elizak herrialdean egiten duen gizarte eta laguntza lana ikusarazteko. Sare horretan parte hartzea funtsezkoa da sinergiak indartzeko eta Venezuelan dugun misioaren eragina zabaltzeko.<\/p>\n<p>Joan den asteburuan, 2025eko azaroaren 14an eta 15ean, Itaka Escolapios RASIk sustatutako bi topaketa nazional garrantzitsutan izan zen, bakearen eraikuntzan eta itxaropenaren berreskurapenean zentratuak, San Jos\u00e9 Gregorio Hern\u00e1ndez eta Santa Carmen Rendiles santuen bizitza eredugarrian inspiratuta.<\/p>\n<p>Bi topaketek gure misioaren oinarrizko zutabeak izan zituzten ardatz: Bizitza, Osasuna eta Hezkuntza, egungo testuinguruan itxaropena berreskuratzeko funtsezko tresna gisa.<\/p>\n<p>Azaroak 14, ostirala \u2013 Barquisimeto: Eskualdeko \u00abBakearen Eraikitzaileak\u00bb (<em>Constructores de Paz<\/em>) topaketan parte hartu genuen. Elkarbizitza eta tokiko garapena sustatzeko estrategiak artikulatzeko elkarrizketa eta prestakuntza gunea.<\/p>\n<p>Azaroak 15, larunbata \u2013 Caracas: \u00abItxaropenaren Jubileua\u00bb (<em>Jubileo de la Esperanza<\/em>) izenekoan izan ginen. Egun osoko topaketa nazionala, Elizak eta bere erakundeek Venezuelako etorkizunarekin duten konpromisoa berresten duena.<\/p>\n<p>RASIko beste erakunde batzuekin batera, itxaropena lantzen, bakea eraikitzen eta Venezuelako komunitateen ongizatearen alde etengabe lanean jarraitzen dugu.<\/p>\n<p>\u00a0\u00bb content_ca=\u00a0\u00bb<\/p>\n<p>Des de l&rsquo;any 2021, la Fundaci\u00f3 Itaka Escolapios \u00e9s membre actiu de la Xarxa d&rsquo;Acci\u00f3 Social de l&rsquo;Esgl\u00e9sia vene\u00e7olana (RASI), una plataforma vital que agrupa diverses organitzacions cat\u00f2liques per a visibilitzar el treball social i humanitari que realitza l&rsquo;Esgl\u00e9sia al pa\u00eds. La nostra participaci\u00f3 en aquesta xarxa \u00e9s clau per a enfortir sinergies i amplificar l&rsquo;impacte de la nostra missi\u00f3 a Vene\u00e7uela.<\/p>\n<p>El passat cap de setmana, 14 i 15 de novembre del 2025, Itaka Escolapios va dir present en dos importants encontres nacionals impulsats per la RASI, centrats en la construcci\u00f3 de la pau i la restauraci\u00f3 de l&rsquo;esperan\u00e7a, inspirats per la vida exemplar de Sant Jos\u00e9 Gregorio Hern\u00e1ndez i Santa Carmen Rendiles.<\/p>\n<p>Ambd\u00f3s encontres es van enfocar en els pilars fonamentals de la nostra missi\u00f3: Vida, Salut i Educaci\u00f3, com a ferramentes essencials per a la recuperaci\u00f3 de l&rsquo;esperan\u00e7a en el context actual.<\/p>\n<p>Divendres 14 de novembre \u2013 Barquisimeto: Vam participar en l&rsquo;encontre regional \u00abConstructors de Pau\u00bb (<em>Constructores de Paz<\/em>). Un espai de di\u00e0leg i formaci\u00f3 per a articular estrat\u00e8gies que promoguen la conviv\u00e8ncia i el desenvolupament local.<\/p>\n<p>Dissabte 15 de novembre \u2013 Caracas: Vam estar presents en el \u00abJubileu de l&rsquo;Esperan\u00e7a\u00bb (<em>Jubileo de la Esperanza<\/em>). Una jornada d&rsquo;encontre nacional que reafirma el comprom\u00eds de l&rsquo;Esgl\u00e9sia i les seues organitzacions amb el futur de Vene\u00e7uela.<\/p>\n<p>Juntament amb altres organitzacions de la RASI, continuem cultivant esperan\u00e7a, construint la pau i treballant incansablement pel benestar de les comunitats vene\u00e7olanes.<\/p>\n<p>\u00a0\u00bb content_pt_br=\u00a0\u00bb<\/p>\n<p>Desde o ano de 2021, a Funda\u00e7\u00e3o Itaka Escolapios \u00e9 membro ativo da Rede de A\u00e7\u00e3o Social da Igreja venezuelana (RASI), uma plataforma vital que agrupa diversas organiza\u00e7\u00f5es cat\u00f3licas para dar visibilidade ao trabalho social e humanit\u00e1rio realizado pela Igreja no pa\u00eds. Nossa participa\u00e7\u00e3o nesta rede \u00e9 fundamental para fortalecer sinergias e ampliar o impacto de nossa miss\u00e3o na Venezuela.<\/p>\n<p>No \u00faltimo fim de semana, 14 e 15 de novembro de 2025, a Itaka Escolapios marcou presen\u00e7a em dois importantes encontros nacionais promovidos pela RASI, focados na constru\u00e7\u00e3o da paz e na restaura\u00e7\u00e3o da esperan\u00e7a, inspirados pela vida exemplar de S\u00e3o Jos\u00e9 Gregorio Hern\u00e1ndez e Santa Carmen Rendiles.<\/p>\n<p>Ambos os encontros se concentraram nos pilares fundamentais de nossa miss\u00e3o: Vida, Sa\u00fade e Educa\u00e7\u00e3o, como ferramentas essenciais para a recupera\u00e7\u00e3o da esperan\u00e7a no contexto atual.<\/p>\n<p>Sexta-feira, 14 de novembro \u2013 Barquisimeto: Participamos do encontro regional %22Construtores da Paz%22 (<em>Constructores de Paz<\/em>). Um espa\u00e7o de di\u00e1logo e forma\u00e7\u00e3o para articular estrat\u00e9gias que promovam a conviv\u00eancia e o desenvolvimento local.<\/p>\n<p>S\u00e1bado, 15 de novembro \u2013 Caracas: Estivemos presentes no %22Jubileu da Esperan\u00e7a%22 (<em>Jubileo de la Esperanza<\/em>). Uma jornada de encontro nacional que reafirma o compromisso da Igreja e de suas organiza\u00e7\u00f5es com o futuro da Venezuela.<\/p>\n<p>Junto a outras organiza\u00e7\u00f5es da RASI, continuamos cultivando esperan\u00e7a, construindo a paz e trabalhando incansavelmente pelo bem-estar das comunidades venezuelanas.<\/p>\n<p>\u00a0\u00bb global_colors_info=\u00a0\u00bb{}\u00a0\u00bb]<\/p>\n<p>Desde el a\u00f1o 2021, la Fundaci\u00f3n Itaka Escolapios es miembro activo de la Red de Acci\u00f3n Social de la Iglesia venezolana (RASI), una plataforma vital que agrupa a diversas organizaciones cat\u00f3licas para visibilizar el trabajo social y humanitario que realiza la Iglesia en el pa\u00eds.<\/p>\n<p>Nuestra participaci\u00f3n en esta red es clave para fortalecer sinergias y amplificar el impacto de nuestra misi\u00f3n en Venezuela.<\/p>\n<p>El pasado fin de semana, 14 y 15 de noviembre 2025, Itaka Escolapios dijo presente en dos importantes encuentros nacionales impulsados por la RASI, centrados en la construcci\u00f3n de la paz y la restauraci\u00f3n de la esperanza, inspirados por la vida ejemplar de San Jos\u00e9 Gregorio Hern\u00e1ndez y Santa Carmen Rendiles.<\/p>\n<p>Ambos encuentros se enfocaron en los pilares fundamentales de nuestra misi\u00f3n: Vida, Salud y Educaci\u00f3n, como herramientas esenciales para la recuperaci\u00f3n de la esperanza en el contexto actual.<\/p>\n<p>Viernes 14 de noviembre \u2013 Barquisimeto: Participamos en el encuentro regional \u00ab\u00a0Constructores de Paz\u00a0\u00bb. Un espacio de di\u00e1logo y formaci\u00f3n para articular estrategias que promuevan la convivencia y el desarrollo local.<\/p>\n<p>S\u00e1bado 15 de noviembre \u2013 Caracas: Estuvimos presentes en el \u00ab\u00a0Jubileo de la Esperanza\u00a0\u00bb. Una jornada de encuentro nacional que reafirma el compromiso de la Iglesia y sus organizaciones con el futuro de Venezuela.<\/p>\n<p>Junto a otras organizaciones de la RASI, seguimos cultivando esperanza, construyendo la paz y trabajando incansablemente por el bienestar de las comunidades venezolanas.<\/p>\n<p>[\/et_pb_text][\/et_pb_column_inner][\/et_pb_row_inner][et_pb_row_inner admin_label=\u00a0\u00bbIm\u00e1genes sede\u00a0\u00bb _builder_version=\u00a0\u00bb4.27.4&Prime; _module_preset=\u00a0\u00bbdefault\u00a0\u00bb custom_padding=\u00a0\u00bb20px||||false|false\u00a0\u00bb border_width_right=\u00a0\u00bb3px\u00a0\u00bb border_color_right=\u00a0\u00bbgcid-b1ace166-c11d-4c70-a679-55884e9ca298&Prime; border_style_right=\u00a0\u00bbdotted\u00a0\u00bb border_width_right_tablet=\u00a0\u00bb3px\u00a0\u00bb border_width_right_phone=\u00a0\u00bb0px\u00a0\u00bb border_width_right_last_edited=\u00a0\u00bbon|desktop\u00a0\u00bb collapsed=\u00a0\u00bboff\u00a0\u00bb global_colors_info=\u00a0\u00bb{%22gcid-b1ace166-c11d-4c70-a679-55884e9ca298%22:%91%22border_color_right%22%93}\u00a0\u00bb][et_pb_column_inner saved_specialty_column_type=\u00a0\u00bb3_4&Prime; _builder_version=\u00a0\u00bb4.27.4&Prime; _module_preset=\u00a0\u00bbdefault\u00a0\u00bb global_colors_info=\u00a0\u00bb{}\u00a0\u00bb][difl_imagecarousel item_desktop=\u00a0\u00bb2&Prime; item_tablet=\u00a0\u00bb1&Prime; loop=\u00a0\u00bbon\u00a0\u00bb dots=\u00a0\u00bbon\u00a0\u00bb use_lightbox=\u00a0\u00bbon\u00a0\u00bb arrow_color=\u00a0\u00bbgcid-b1ace166-c11d-4c70-a679-55884e9ca298&Prime; dots_color=\u00a0\u00bbgcid-cca90ba6-297c-4d63-9e2c-8201011ef870&Prime; active_dots_color=\u00a0\u00bbgcid-b1ace166-c11d-4c70-a679-55884e9ca298&Prime; _builder_version=\u00a0\u00bb4.27.4&Prime; _module_preset=\u00a0\u00bbdefault\u00a0\u00bb overflow-x=\u00a0\u00bbhidden\u00a0\u00bb overflow-y=\u00a0\u00bbhidden\u00a0\u00bb custom_margin=\u00a0\u00bb|60px|||false|false\u00a0\u00bb custom_margin_tablet=\u00a0\u00bb|60px|||false|false\u00a0\u00bb custom_margin_phone=\u00a0\u00bb|60px|||false|false\u00a0\u00bb custom_margin_last_edited=\u00a0\u00bbon|desktop\u00a0\u00bb custom_css_free_form=\u00a0\u00bbselector .df_ici_container {margin: 0 auto;}\u00a0\u00bb global_colors_info=\u00a0\u00bb{%22gcid-b1ace166-c11d-4c70-a679-55884e9ca298%22:%91%22arrow_color%22,%22active_dots_color%22%93,%22gcid-cca90ba6-297c-4d63-9e2c-8201011ef870%22:%91%22dots_color%22%93}\u00a0\u00bb][difl_imagecarouselitem image=\u00a0\u00bbhttps:\/\/www.itakaescolapios.org\/wp-content\/uploads\/2025\/11\/4956487475173985080-e1763713421139.jpg\u00a0\u00bb ic_button_button_url_new_window=\u00a0\u00bb1&Prime; _builder_version=\u00a0\u00bb4.27.4&Prime; _module_preset=\u00a0\u00bbdefault\u00a0\u00bb global_colors_info=\u00a0\u00bb{}\u00a0\u00bb][\/difl_imagecarouselitem][difl_imagecarouselitem image=\u00a0\u00bbhttps:\/\/www.itakaescolapios.org\/wp-content\/uploads\/2025\/11\/4956487475173985081-e1763713532271.jpg\u00a0\u00bb ic_button_button_url_new_window=\u00a0\u00bb1&Prime; _builder_version=\u00a0\u00bb4.27.4&Prime; _module_preset=\u00a0\u00bbdefault\u00a0\u00bb global_colors_info=\u00a0\u00bb{}\u00a0\u00bb][\/difl_imagecarouselitem][difl_imagecarouselitem image=\u00a0\u00bbhttps:\/\/www.itakaescolapios.org\/wp-content\/uploads\/2025\/11\/4956487475173985083-e1763664593530.jpg\u00a0\u00bb ic_button_button_url_new_window=\u00a0\u00bb1&Prime; _builder_version=\u00a0\u00bb4.27.4&Prime; _module_preset=\u00a0\u00bbdefault\u00a0\u00bb global_colors_info=\u00a0\u00bb{}\u00a0\u00bb][\/difl_imagecarouselitem][difl_imagecarouselitem image=\u00a0\u00bbhttps:\/\/www.itakaescolapios.org\/wp-content\/uploads\/2025\/11\/Voluntarios-participacion-Rasi-Bqto.jpg\u00a0\u00bb ic_button_button_url_new_window=\u00a0\u00bb1&Prime; _builder_version=\u00a0\u00bb4.27.4&Prime; _module_preset=\u00a0\u00bbdefault\u00a0\u00bb global_colors_info=\u00a0\u00bb{}\u00a0\u00bb][\/difl_imagecarouselitem][difl_imagecarouselitem image=\u00a0\u00bbhttps:\/\/www.itakaescolapios.org\/wp-content\/uploads\/2025\/11\/Encuentro-Constructores-de-Paz-Bqto.jpg\u00a0\u00bb ic_button_button_url_new_window=\u00a0\u00bb1&Prime; _builder_version=\u00a0\u00bb4.27.4&Prime; _module_preset=\u00a0\u00bbdefault\u00a0\u00bb global_colors_info=\u00a0\u00bb{}\u00a0\u00bb][\/difl_imagecarouselitem][\/difl_imagecarousel][\/et_pb_column_inner][\/et_pb_row_inner][et_pb_row_inner _builder_version=\u00a0\u00bb4.24.3&Prime; _module_preset=\u00a0\u00bbdefault\u00a0\u00bb custom_padding=\u00a0\u00bb20px||||false|false\u00a0\u00bb border_width_right=\u00a0\u00bb3px\u00a0\u00bb border_color_right=\u00a0\u00bbgcid-b1ace166-c11d-4c70-a679-55884e9ca298&Prime; border_style_right=\u00a0\u00bbdotted\u00a0\u00bb border_width_right_tablet=\u00a0\u00bb3px\u00a0\u00bb border_width_right_phone=\u00a0\u00bb0px\u00a0\u00bb border_width_right_last_edited=\u00a0\u00bbon|desktop\u00a0\u00bb collapsed=\u00a0\u00bbon\u00a0\u00bb global_colors_info=\u00a0\u00bb{%22gcid-b1ace166-c11d-4c70-a679-55884e9ca298%22:%91%22border_color_right%22%93}\u00a0\u00bb][et_pb_column_inner saved_specialty_column_type=\u00a0\u00bb3_4&Prime; _builder_version=\u00a0\u00bb4.24.3&Prime; _module_preset=\u00a0\u00bbdefault\u00a0\u00bb global_colors_info=\u00a0\u00bb{}\u00a0\u00bb][et_pb_text admin_label=\u00a0\u00bbL\u00ednea divisoria\u00a0\u00bb _builder_version=\u00a0\u00bb4.27.4&Prime; _module_preset=\u00a0\u00bbdefault\u00a0\u00bb header_font=\u00a0\u00bbIBM Plex Sans|700|||||||\u00a0\u00bb header_text_color=\u00a0\u00bbgcid-cca90ba6-297c-4d63-9e2c-8201011ef870&Prime; header_font_size=\u00a0\u00bb40px\u00a0\u00bb custom_margin=\u00a0\u00bb|30px|||false|false\u00a0\u00bb header_font_size_tablet=\u00a0\u00bb55px\u00a0\u00bb header_font_size_phone=\u00a0\u00bb30px\u00a0\u00bb header_font_size_last_edited=\u00a0\u00bbon|phone\u00a0\u00bb border_width_bottom=\u00a0\u00bb3px\u00a0\u00bb border_color_bottom=\u00a0\u00bbgcid-b1ace166-c11d-4c70-a679-55884e9ca298&Prime; border_style_bottom=\u00a0\u00bbdotted\u00a0\u00bb global_colors_info=\u00a0\u00bb{%22gcid-cca90ba6-297c-4d63-9e2c-8201011ef870%22:%91%22header_text_color%22%93,%22gcid-b1ace166-c11d-4c70-a679-55884e9ca298%22:%91%22border_color_bottom%22%93}\u00a0\u00bb][\/et_pb_text][difl_imagecarousel item_desktop=\u00a0\u00bb3&Prime; admin_label=\u00a0\u00bbCampa\u00f1a, educa y voluntariado\u00a0\u00bb _builder_version=\u00a0\u00bb4.27.4&Prime; _module_preset=\u00a0\u00bbdefault\u00a0\u00bb width_tablet=\u00a0\u00bb\u00a0\u00bb width_phone=\u00a0\u00bb100%\u00a0\u00bb width_last_edited=\u00a0\u00bbon|desktop\u00a0\u00bb custom_margin=\u00a0\u00bb|62px|||false|false\u00a0\u00bb custom_margin_tablet=\u00a0\u00bb|62px|||false|false\u00a0\u00bb custom_margin_phone=\u00a0\u00bb|62px|||false|false\u00a0\u00bb custom_margin_last_edited=\u00a0\u00bbon|desktop\u00a0\u00bb global_module=\u00a0\u00bb316782&Prime; global_colors_info=\u00a0\u00bb{}\u00a0\u00bb custom_margin__hover_enabled=\u00a0\u00bboff|desktop\u00a0\u00bb custom_margin__hover=\u00a0\u00bb|30px|||false|false\u00a0\u00bb][difl_imagecarouselitem image=\u00a0\u00bbhttps:\/\/www.itakaescolapios.org\/wp-content\/uploads\/2025\/02\/BANNERS-CAMPANA-INFERIOR-500500.jpg\u00a0\u00bb ic_button_button_url_new_window=\u00a0\u00bb1&Prime; _builder_version=\u00a0\u00bb4.27.4&Prime; _module_preset=\u00a0\u00bbdefault\u00a0\u00bb link_option_url=\u00a0\u00bbhttps:\/\/www.educa.itakaescolapios.org\/campanas\/2024-2025-abriendo-caminos\u00a0\u00bb image_en_us=\u00a0\u00bbhttps:\/\/www.itakaescolapios.org\/wp-content\/uploads\/2025\/02\/BANNERS-CAMPANA-INFERIOR-5005002.jpg\u00a0\u00bb image_fr_fr=\u00a0\u00bbhttps:\/\/www.itakaescolapios.org\/wp-content\/uploads\/2025\/02\/BANNERS-CAMPANA-INFERIOR-5005003.jpg\u00a0\u00bb image_eu=\u00a0\u00bbhttps:\/\/www.itakaescolapios.org\/wp-content\/uploads\/2025\/02\/BANNERS-CAMPANA-INFERIOR-5005006.jpg\u00a0\u00bb image_ca=\u00a0\u00bbhttps:\/\/www.itakaescolapios.org\/wp-content\/uploads\/2025\/02\/BANNERS-CAMPANA-INFERIOR-5005005.jpg\u00a0\u00bb image_pt_br=\u00a0\u00bbhttps:\/\/www.itakaescolapios.org\/wp-content\/uploads\/2025\/02\/BANNERS-CAMPANA-INFERIOR-5005004.jpg\u00a0\u00bb global_colors_info=\u00a0\u00bb{}\u00a0\u00bb][\/difl_imagecarouselitem][difl_imagecarouselitem admin_label=\u00a0\u00bbVoluntariado\u00a0\u00bb image=\u00a0\u00bbhttps:\/\/www.itakaescolapios.org\/wp-content\/uploads\/2025\/02\/BANNERS-VOLUNTARIADO-INFERIOR-500500.jpg\u00a0\u00bb ic_button_button_url_new_window=\u00a0\u00bb1&Prime; _builder_version=\u00a0\u00bb4.27.4&Prime; _module_preset=\u00a0\u00bbdefault\u00a0\u00bb link_option_url=\u00a0\u00bbhttps:\/\/www.itakaescolapios.org\/es\/haz-voluntariado\/\u00a0\u00bb image_en_us=\u00a0\u00bbhttps:\/\/www.itakaescolapios.org\/wp-content\/uploads\/2025\/02\/BANNERS-VOLUNTARIADO-INFERIOR-5005002.jpg\u00a0\u00bb image_fr_fr=\u00a0\u00bbhttps:\/\/www.itakaescolapios.org\/wp-content\/uploads\/2025\/02\/BANNERS-VOLUNTARIADO-INFERIOR-5005003.jpg\u00a0\u00bb image_eu=\u00a0\u00bbhttps:\/\/www.itakaescolapios.org\/wp-content\/uploads\/2025\/02\/BANNERS-VOLUNTARIADO-INFERIOR-5005006.jpg\u00a0\u00bb image_ca=\u00a0\u00bbhttps:\/\/www.itakaescolapios.org\/wp-content\/uploads\/2025\/02\/BANNERS-VOLUNTARIADO-INFERIOR-5005004.jpg\u00a0\u00bb image_pt_br=\u00a0\u00bbhttps:\/\/www.itakaescolapios.org\/wp-content\/uploads\/2025\/02\/BANNERS-VOLUNTARIADO-INFERIOR-5005005.jpg\u00a0\u00bb global_colors_info=\u00a0\u00bb{}\u00a0\u00bb][\/difl_imagecarouselitem][difl_imagecarouselitem image=\u00a0\u00bbhttps:\/\/www.itakaescolapios.org\/wp-content\/uploads\/2025\/02\/BANNERS-EDUCA-INFERIOR-500500.jpg\u00a0\u00bb ic_button_button_url_new_window=\u00a0\u00bb1&Prime; _builder_version=\u00a0\u00bb4.27.4&Prime; _module_preset=\u00a0\u00bbdefault\u00a0\u00bb link_option_url=\u00a0\u00bbhttps:\/\/www.educa.itakaescolapios.org\/\u00a0\u00bb image_en_us=\u00a0\u00bbhttps:\/\/www.itakaescolapios.org\/wp-content\/uploads\/2025\/02\/BANNERS-EDUCA-INFERIOR-5005002.jpg\u00a0\u00bb image_fr_fr=\u00a0\u00bbhttps:\/\/www.itakaescolapios.org\/wp-content\/uploads\/2025\/02\/BANNERS-EDUCA-INFERIOR-5005003.jpg\u00a0\u00bb image_eu=\u00a0\u00bbhttps:\/\/www.itakaescolapios.org\/wp-content\/uploads\/2025\/02\/BANNERS-EDUCA-INFERIOR-5005006.jpg\u00a0\u00bb image_ca=\u00a0\u00bbhttps:\/\/www.itakaescolapios.org\/wp-content\/uploads\/2025\/02\/BANNERS-EDUCA-INFERIOR-5005005.jpg\u00a0\u00bb image_pt_br=\u00a0\u00bbhttps:\/\/www.itakaescolapios.org\/wp-content\/uploads\/2025\/02\/BANNERS-EDUCA-INFERIOR-5005004.jpg\u00a0\u00bb global_colors_info=\u00a0\u00bb{}\u00a0\u00bb][\/difl_imagecarouselitem][\/difl_imagecarousel][\/et_pb_column_inner][\/et_pb_row_inner][\/et_pb_column][et_pb_column type=\u00a0\u00bb1_4&Prime; _builder_version=\u00a0\u00bb4.16&Prime; custom_padding=\u00a0\u00bb|||\u00a0\u00bb global_colors_info=\u00a0\u00bb{}\u00a0\u00bb custom_padding__hover=\u00a0\u00bb|||\u00a0\u00bb][difl_imagecarousel item_desktop=\u00a0\u00bb1&Prime; item_tablet=\u00a0\u00bb1&Prime; loop=\u00a0\u00bbon\u00a0\u00bb autoplay=\u00a0\u00bbon\u00a0\u00bb autospeed=\u00a0\u00bb3500&Prime; dots=\u00a0\u00bbon\u00a0\u00bb dots_color=\u00a0\u00bbgcid-cca90ba6-297c-4d63-9e2c-8201011ef870&Prime; active_dots_color=\u00a0\u00bbgcid-b1ace166-c11d-4c70-a679-55884e9ca298&Prime; dots_gap=\u00a0\u00bb21px\u00a0\u00bb item_wrapper_padding=\u00a0\u00bb||15px||false|false\u00a0\u00bb admin_label=\u00a0\u00bbSer miembro y newsletter\u00a0\u00bb module_class=\u00a0\u00bbextiendeenlacedeboton\u00a0\u00bb _builder_version=\u00a0\u00bb4.27.4&Prime; _module_preset=\u00a0\u00bbdefault\u00a0\u00bb global_module=\u00a0\u00bb51656&Prime; saved_tabs=\u00a0\u00bball\u00a0\u00bb locked=\u00a0\u00bboff\u00a0\u00bb global_colors_info=\u00a0\u00bb{%22gcid-cca90ba6-297c-4d63-9e2c-8201011ef870%22:%91%22dots_color%22%93,%22gcid-b1ace166-c11d-4c70-a679-55884e9ca298%22:%91%22active_dots_color%22%93}\u00a0\u00bb][difl_imagecarouselitem image=\u00a0\u00bbhttps:\/\/www.itakaescolapios.org\/wp-content\/uploads\/2025\/02\/banners-500&#215;500-esp.jpg\u00a0\u00bb ic_button_button_text=\u00a0\u00bbbot\u00a0\u00bb ic_button_button_url=\u00a0\u00bb\/es\/colabora\u00a0\u00bb ic_button_button_url_new_window=\u00a0\u00bb1&Prime; _builder_version=\u00a0\u00bb4.27.4&Prime; _module_preset=\u00a0\u00bbdefault\u00a0\u00bb image_en_us=\u00a0\u00bbhttps:\/\/www.itakaescolapios.org\/wp-content\/uploads\/2025\/02\/banners-500&#215;500-eng.jpg\u00a0\u00bb ic_button_button_text_en_us=\u00a0\u00bbbot\u00a0\u00bb image_fr_fr=\u00a0\u00bbhttps:\/\/www.itakaescolapios.org\/wp-content\/uploads\/2025\/02\/banners-500&#215;500-fra.jpg\u00a0\u00bb ic_button_button_text_fr_fr=\u00a0\u00bbbot\u00a0\u00bb image_eu=\u00a0\u00bbhttps:\/\/www.itakaescolapios.org\/wp-content\/uploads\/2025\/02\/banners-500&#215;500-eusk.jpg\u00a0\u00bb ic_button_button_text_eu=\u00a0\u00bbbot\u00a0\u00bb image_ca=\u00a0\u00bbhttps:\/\/www.itakaescolapios.org\/wp-content\/uploads\/2025\/02\/banners-500&#215;500-val.jpg\u00a0\u00bb ic_button_button_text_ca=\u00a0\u00bbbot\u00a0\u00bb image_pt_br=\u00a0\u00bbhttps:\/\/www.itakaescolapios.org\/wp-content\/uploads\/2025\/02\/banners-500&#215;500-port.jpg\u00a0\u00bb ic_button_button_text_pt_br=\u00a0\u00bbbot\u00a0\u00bb global_colors_info=\u00a0\u00bb{}\u00a0\u00bb][\/difl_imagecarouselitem][difl_imagecarouselitem image=\u00a0\u00bbhttps:\/\/www.itakaescolapios.org\/wp-content\/uploads\/2025\/02\/banners-500&#215;500-esp2.png\u00a0\u00bb ic_button_button_text=\u00a0\u00bbbot\u00a0\u00bb ic_button_button_url=\u00a0\u00bb\/es\/suscribete\/\u00a0\u00bb ic_button_button_url_new_window=\u00a0\u00bb1&Prime; _builder_version=\u00a0\u00bb4.27.4&Prime; _module_preset=\u00a0\u00bbdefault\u00a0\u00bb image_en_us=\u00a0\u00bbhttps:\/\/www.itakaescolapios.org\/wp-content\/uploads\/2025\/02\/banners-500&#215;500-eng2.jpg\u00a0\u00bb ic_button_button_text_en_us=\u00a0\u00bbbot\u00a0\u00bb image_fr_fr=\u00a0\u00bbhttps:\/\/www.itakaescolapios.org\/wp-content\/uploads\/2025\/02\/banners-500&#215;500-fra2.jpg\u00a0\u00bb ic_button_button_text_fr_fr=\u00a0\u00bbbot\u00a0\u00bb image_eu=\u00a0\u00bbhttps:\/\/www.itakaescolapios.org\/wp-content\/uploads\/2025\/02\/banners-500&#215;500-eusk2.jpg\u00a0\u00bb ic_button_button_text_eu=\u00a0\u00bbbot\u00a0\u00bb image_ca=\u00a0\u00bbhttps:\/\/www.itakaescolapios.org\/wp-content\/uploads\/2025\/02\/banners-500&#215;500-val2.jpg\u00a0\u00bb ic_button_button_text_ca=\u00a0\u00bbbot\u00a0\u00bb image_pt_br=\u00a0\u00bbhttps:\/\/www.itakaescolapios.org\/wp-content\/uploads\/2025\/02\/banners-500&#215;500-port2.jpg\u00a0\u00bb ic_button_button_text_pt_br=\u00a0\u00bbbot\u00a0\u00bb global_colors_info=\u00a0\u00bb{}\u00a0\u00bb][\/difl_imagecarouselitem][\/difl_imagecarousel][et_pb_text admin_label=\u00a0\u00bbTexto %22\u00daltimas noticias%22&Prime; _builder_version=\u00a0\u00bb4.25.0&Prime; _module_preset=\u00a0\u00bbdefault\u00a0\u00bb header_font=\u00a0\u00bbIBM Plex Sans|700|||||||\u00a0\u00bb header_text_color=\u00a0\u00bbgcid-cca90ba6-297c-4d63-9e2c-8201011ef870&Prime; header_font_size=\u00a0\u00bb40px\u00a0\u00bb custom_margin=\u00a0\u00bb||||false|false\u00a0\u00bb header_font_size_tablet=\u00a0\u00bb55px\u00a0\u00bb header_font_size_phone=\u00a0\u00bb30px\u00a0\u00bb header_font_size_last_edited=\u00a0\u00bbon|phone\u00a0\u00bb content_en_us=\u00a0\u00bb<\/p>\n<h1>Last news<\/h1>\n<p>\u00a0\u00bb content_fr_fr=\u00a0\u00bb<\/p>\n<h1>Derni\u00e8res nouvelles<\/h1>\n<p>\u00a0\u00bb content_eu=\u00a0\u00bb<\/p>\n<h1>Azken berriak<\/h1>\n<p>\u00a0\u00bb content_ca=\u00a0\u00bb<\/p>\n<h1>\u00daltimes not\u00edcies<\/h1>\n<p>\u00a0\u00bb content_pt_br=\u00a0\u00bb<\/p>\n<h1>\u00daltimas not\u00edcias<\/h1>\n<p>\u00a0\u00bb border_width_bottom=\u00a0\u00bb3px\u00a0\u00bb border_color_bottom=\u00a0\u00bbgcid-b1ace166-c11d-4c70-a679-55884e9ca298&Prime; border_style_bottom=\u00a0\u00bbdotted\u00a0\u00bb global_module=\u00a0\u00bb50904&Prime; saved_tabs=\u00a0\u00bball\u00a0\u00bb global_colors_info=\u00a0\u00bb{%22gcid-cca90ba6-297c-4d63-9e2c-8201011ef870%22:%91%22header_text_color%22,%22header_text_color%22%93,%22gcid-b1ace166-c11d-4c70-a679-55884e9ca298%22:%91%22border_color_bottom%22%93}\u00a0\u00bb]<\/p>\n<h1>\u00daltimas noticias<\/h1>\n<p>[\/et_pb_text][difl_blogcarousel posts_number=\u00a0\u00bb6&Prime; post_display=\u00a0\u00bbby_category\u00a0\u00bb use_image_as_background=\u00a0\u00bbon\u00a0\u00bb item_desktop=\u00a0\u00bb1&Prime; item_tablet=\u00a0\u00bb1&Prime; loop=\u00a0\u00bbon\u00a0\u00bb dots=\u00a0\u00bbon\u00a0\u00bb equal_height=\u00a0\u00bbon\u00a0\u00bb item_background_bgcolor=\u00a0\u00bbrgba(175,196,16,0.9)\u00a0\u00bb arrow_color=\u00a0\u00bb#FFFFFF\u00a0\u00bb arrow_background=\u00a0\u00bbgcid-cca90ba6-297c-4d63-9e2c-8201011ef870&Prime; arrow_circle=\u00a0\u00bbon\u00a0\u00bb arrow_prev_icon_use_icon=\u00a0\u00bboff\u00a0\u00bb arrow_prev_margin=\u00a0\u00bb|||-70px|false|false\u00a0\u00bb arrow_prev_margin_tablet=\u00a0\u00bb\u00a0\u00bb arrow_prev_margin_phone=\u00a0\u00bb|||0px|false|false\u00a0\u00bb arrow_prev_margin_last_edited=\u00a0\u00bbon|phone\u00a0\u00bb arrow_next_margin=\u00a0\u00bb|-70px|||false|false\u00a0\u00bb arrow_next_margin_tablet=\u00a0\u00bb\u00a0\u00bb arrow_next_margin_phone=\u00a0\u00bb|0px|||false|false\u00a0\u00bb arrow_next_margin_last_edited=\u00a0\u00bbon|phone\u00a0\u00bb large_active_dot=\u00a0\u00bbon\u00a0\u00bb dots_color=\u00a0\u00bbgcid-cca90ba6-297c-4d63-9e2c-8201011ef870&Prime; active_dots_color=\u00a0\u00bbgcid-b1ace166-c11d-4c70-a679-55884e9ca298&Prime; wrapper_padding=\u00a0\u00bb||15px||false|false\u00a0\u00bb item_wrapper_padding=\u00a0\u00bb300px||||false|false\u00a0\u00bb item_padding=\u00a0\u00bb20px||||false|false\u00a0\u00bb admin_label=\u00a0\u00bbAQU\u00cd CAMBIA LA CATEGOR\u00cdA\u00a0\u00bb _builder_version=\u00a0\u00bb4.27.4&Prime; _module_preset=\u00a0\u00bbdefault\u00a0\u00bb border_radii_item_outer=\u00a0\u00bbon|8px|8px|8px|8px\u00a0\u00bb global_colors_info=\u00a0\u00bb{%22gcid-b1ace166-c11d-4c70-a679-55884e9ca298%22:%91%22item_background_bgcolor%22,%22active_dots_color%22%93}\u00a0\u00bb][difl_postitem type=\u00a0\u00bbtitle\u00a0\u00bb element_padding=\u00a0\u00bb10px|10px||10px|false|true\u00a0\u00bb _builder_version=\u00a0\u00bb4.27.4&Prime; _module_preset=\u00a0\u00bbdefault\u00a0\u00bb post_font_style_font=\u00a0\u00bbMerriweather|900|||||||\u00a0\u00bb post_font_style_text_color=\u00a0\u00bb#FFFFFF\u00a0\u00bb post_font_style_font_size=\u00a0\u00bb20px\u00a0\u00bb post_font_style_line_height=\u00a0\u00bb22px\u00a0\u00bb background_color=\u00a0\u00bbRGBA(255,255,255,0)\u00a0\u00bb background_enable_color=\u00a0\u00bbon\u00a0\u00bb text_orientation=\u00a0\u00bbcenter\u00a0\u00bb global_colors_info=\u00a0\u00bb{}\u00a0\u00bb][\/difl_postitem][difl_postitem type=\u00a0\u00bbdate\u00a0\u00bb date_format=\u00a0\u00bbj-F-Y\u00a0\u00bb meta_display=\u00a0\u00bbblock\u00a0\u00bb use_icon=\u00a0\u00bbon\u00a0\u00bb font_icon=\u00a0\u00bb&#xe023;||divi||400&Prime; icon_color=\u00a0\u00bb#FFFFFF\u00a0\u00bb element_padding=\u00a0\u00bb|10px||10px|false|true\u00a0\u00bb _builder_version=\u00a0\u00bb4.27.4&Prime; _module_preset=\u00a0\u00bbdefault\u00a0\u00bb post_font_style_font=\u00a0\u00bbIBM Plex Sans|700|||||||\u00a0\u00bb post_font_style_text_color=\u00a0\u00bb#FFFFFF\u00a0\u00bb post_font_style_font_size=\u00a0\u00bb12px\u00a0\u00bb background_color=\u00a0\u00bbRGBA(255,255,255,0)\u00a0\u00bb background_enable_color=\u00a0\u00bbon\u00a0\u00bb text_orientation=\u00a0\u00bbright\u00a0\u00bb global_colors_info=\u00a0\u00bb{}\u00a0\u00bb][\/difl_postitem][\/difl_blogcarousel][et_pb_text admin_label=\u00a0\u00bbTexto %22S\u00edguenos%22&Prime; _builder_version=\u00a0\u00bb4.27.4&Prime; _module_preset=\u00a0\u00bbdefault\u00a0\u00bb header_font=\u00a0\u00bbIBM Plex Sans|600|||||||\u00a0\u00bb header_text_color=\u00a0\u00bb#FFFFFF\u00a0\u00bb background_color=\u00a0\u00bbgcid-cca90ba6-297c-4d63-9e2c-8201011ef870&Prime; custom_margin=\u00a0\u00bb0px||0px||true|false\u00a0\u00bb custom_padding=\u00a0\u00bb20px||||false|false\u00a0\u00bb content_en_us=\u00a0\u00bb<\/p>\n<h1>Follow us<\/h1>\n<p>\u00a0\u00bb content_fr_fr=\u00a0\u00bb<\/p>\n<h1>Suivez-nous sur<\/h1>\n<p>\u00a0\u00bb content_eu=\u00a0\u00bb<\/p>\n<h1>Jarraitu<\/h1>\n<p>\u00a0\u00bb content_ca=\u00a0\u00bb<\/p>\n<h1>Segueix-nos<\/h1>\n<p>\u00a0\u00bb content_pt_br=\u00a0\u00bb<\/p>\n<h1>Siga-nos em<\/h1>\n<p>\u00a0\u00bb border_radii=\u00a0\u00bboff||15px||\u00a0\u00bb global_colors_info=\u00a0\u00bb{%22gcid-cca90ba6-297c-4d63-9e2c-8201011ef870%22:%91%22background_color%22%93}\u00a0\u00bb]<\/p>\n<h1 style=\"text-align: center\">S\u00edguenos<\/h1>\n<p>[\/et_pb_text][et_pb_social_media_follow admin_label=\u00a0\u00bbREDES SOCIALES SEDE\u00a0\u00bb module_class=\u00a0\u00bbredes-portada-sede\u00a0\u00bb _builder_version=\u00a0\u00bb4.27.4&Prime; _module_preset=\u00a0\u00bbdefault\u00a0\u00bb background_color=\u00a0\u00bbgcid-cca90ba6-297c-4d63-9e2c-8201011ef870&Prime; text_orientation=\u00a0\u00bbcenter\u00a0\u00bb custom_margin=\u00a0\u00bb0px||||false|false\u00a0\u00bb custom_padding=\u00a0\u00bb15px||15px||true|false\u00a0\u00bb custom_css_free_form=\u00a0\u00bb.redes-portada-sede.et_pb_module {border-bottom-left-radius: 15px !important;}\u00a0\u00bb border_radii=\u00a0\u00bboff|15px|15px|15px|15px\u00a0\u00bb global_colors_info=\u00a0\u00bb{%22gcid-cca90ba6-297c-4d63-9e2c-8201011ef870%22:%91%22background_color%22%93}\u00a0\u00bb][et_pb_social_media_follow_network social_network=\u00a0\u00bbfacebook\u00a0\u00bb icon_color=\u00a0\u00bbgcid-cca90ba6-297c-4d63-9e2c-8201011ef870&Prime; _builder_version=\u00a0\u00bb4.27.4&Prime; _module_preset=\u00a0\u00bbdefault\u00a0\u00bb background_color=\u00a0\u00bb#FFFFFF\u00a0\u00bb background_enable_color=\u00a0\u00bbon\u00a0\u00bb global_colors_info=\u00a0\u00bb{%22gcid-cca90ba6-297c-4d63-9e2c-8201011ef870%22:%91%22icon_color%22%93}\u00a0\u00bb follow_button=\u00a0\u00bboff\u00a0\u00bb url_new_window=\u00a0\u00bbon\u00a0\u00bb]facebook[\/et_pb_social_media_follow_network][et_pb_social_media_follow_network social_network=\u00a0\u00bbinstagram\u00a0\u00bb icon_color=\u00a0\u00bbgcid-cca90ba6-297c-4d63-9e2c-8201011ef870&Prime; _builder_version=\u00a0\u00bb4.24.3&Prime; _module_preset=\u00a0\u00bbdefault\u00a0\u00bb background_color=\u00a0\u00bb#FFFFFF\u00a0\u00bb background_enable_color=\u00a0\u00bbon\u00a0\u00bb global_colors_info=\u00a0\u00bb{%22gcid-cca90ba6-297c-4d63-9e2c-8201011ef870%22:%91%22icon_color%22%93}\u00a0\u00bb follow_button=\u00a0\u00bboff\u00a0\u00bb url_new_window=\u00a0\u00bbon\u00a0\u00bb]instagram[\/et_pb_social_media_follow_network][et_pb_social_media_follow_network social_network=\u00a0\u00bbyoutube\u00a0\u00bb icon_color=\u00a0\u00bbgcid-cca90ba6-297c-4d63-9e2c-8201011ef870&Prime; _builder_version=\u00a0\u00bb4.27.4&Prime; _module_preset=\u00a0\u00bbdefault\u00a0\u00bb background_color=\u00a0\u00bb#FFFFFF\u00a0\u00bb background_enable_color=\u00a0\u00bbon\u00a0\u00bb global_colors_info=\u00a0\u00bb{%22gcid-cca90ba6-297c-4d63-9e2c-8201011ef870%22:%91%22icon_color%22%93}\u00a0\u00bb follow_button=\u00a0\u00bboff\u00a0\u00bb url_new_window=\u00a0\u00bbon\u00a0\u00bb]youtube[\/et_pb_social_media_follow_network][\/et_pb_social_media_follow][difl_imagecarousel item_desktop=\u00a0\u00bb1&Prime; item_tablet=\u00a0\u00bb1&Prime; loop=\u00a0\u00bbon\u00a0\u00bb autoplay=\u00a0\u00bbon\u00a0\u00bb autospeed=\u00a0\u00bb3500&Prime; dots=\u00a0\u00bbon\u00a0\u00bb dots_color=\u00a0\u00bbgcid-cca90ba6-297c-4d63-9e2c-8201011ef870&Prime; active_dots_color=\u00a0\u00bbgcid-b1ace166-c11d-4c70-a679-55884e9ca298&Prime; item_wrapper_padding=\u00a0\u00bb||20px||false|false\u00a0\u00bb admin_label=\u00a0\u00bbFormaci\u00f3n, hemeroteca y formaci\u00f3n\u00a0\u00bb module_class=\u00a0\u00bbextiendeenlacedeboton\u00a0\u00bb _builder_version=\u00a0\u00bb4.27.4&Prime; _module_preset=\u00a0\u00bbdefault\u00a0\u00bb module_alignment=\u00a0\u00bbcenter\u00a0\u00bb custom_margin=\u00a0\u00bb||||false|false\u00a0\u00bb global_module=\u00a0\u00bb51721&Prime; saved_tabs=\u00a0\u00bball\u00a0\u00bb global_colors_info=\u00a0\u00bb{%22gcid-cca90ba6-297c-4d63-9e2c-8201011ef870%22:%91%22dots_color%22%93,%22gcid-b1ace166-c11d-4c70-a679-55884e9ca298%22:%91%22active_dots_color%22%93}\u00a0\u00bb custom_margin__hover_enabled=\u00a0\u00bbon|hover\u00a0\u00bb custom_margin__hover=\u00a0\u00bb||||false|false\u00a0\u00bb][difl_imagecarouselitem admin_label=\u00a0\u00bbFormaci\u00f3n\u00a0\u00bb image=\u00a0\u00bbhttps:\/\/www.itakaescolapios.org\/wp-content\/uploads\/2025\/02\/banners-500&#215;500-esp5.jpg\u00a0\u00bb ic_button_button_text=\u00a0\u00bbbot\u00a0\u00bb ic_button_button_url=\u00a0\u00bb\/es\/que-hacemos\/formacion\/\u00a0\u00bb ic_button_button_url_new_window=\u00a0\u00bb1&Prime; _builder_version=\u00a0\u00bb4.27.4&Prime; _module_preset=\u00a0\u00bbdefault\u00a0\u00bb image_en_us=\u00a0\u00bbhttps:\/\/www.itakaescolapios.org\/wp-content\/uploads\/2025\/02\/banners-500&#215;500-eng5.jpg\u00a0\u00bb ic_button_button_text_en_us=\u00a0\u00bbbot\u00a0\u00bb image_fr_fr=\u00a0\u00bbhttps:\/\/www.itakaescolapios.org\/wp-content\/uploads\/2025\/02\/banners-500&#215;500-fra5.jpg\u00a0\u00bb ic_button_button_text_fr_fr=\u00a0\u00bbbot\u00a0\u00bb image_eu=\u00a0\u00bbhttps:\/\/www.itakaescolapios.org\/wp-content\/uploads\/2025\/02\/banners-500&#215;500-eusk5.jpg\u00a0\u00bb ic_button_button_text_eu=\u00a0\u00bbbot\u00a0\u00bb image_ca=\u00a0\u00bbhttps:\/\/www.itakaescolapios.org\/wp-content\/uploads\/2025\/02\/banners-500&#215;500-val5.jpg\u00a0\u00bb ic_button_button_text_ca=\u00a0\u00bbbot\u00a0\u00bb image_pt_br=\u00a0\u00bbhttps:\/\/www.itakaescolapios.org\/wp-content\/uploads\/2025\/02\/banners-500&#215;500-port5.jpg\u00a0\u00bb ic_button_button_text_pt_br=\u00a0\u00bbbot\u00a0\u00bb global_colors_info=\u00a0\u00bb{}\u00a0\u00bb][\/difl_imagecarouselitem][difl_imagecarouselitem admin_label=\u00a0\u00bbPublicaciones\u00a0\u00bb image=\u00a0\u00bbhttps:\/\/www.itakaescolapios.org\/wp-content\/uploads\/2025\/02\/banners-500&#215;500-esp3-1.jpg\u00a0\u00bb ic_button_button_text=\u00a0\u00bbbot\u00a0\u00bb ic_button_button_url=\u00a0\u00bb\/es\/publicaciones\u00a0\u00bb ic_button_button_url_new_window=\u00a0\u00bb1&Prime; _builder_version=\u00a0\u00bb4.27.4&Prime; _module_preset=\u00a0\u00bbdefault\u00a0\u00bb image_en_us=\u00a0\u00bbhttps:\/\/www.itakaescolapios.org\/wp-content\/uploads\/2025\/02\/banners-500&#215;500-eng3.jpg\u00a0\u00bb ic_button_button_text_en_us=\u00a0\u00bbbot\u00a0\u00bb image_fr_fr=\u00a0\u00bbhttps:\/\/www.itakaescolapios.org\/wp-content\/uploads\/2025\/02\/banners-500&#215;500-fra3.jpg\u00a0\u00bb ic_button_button_text_fr_fr=\u00a0\u00bbbot\u00a0\u00bb image_eu=\u00a0\u00bbhttps:\/\/www.itakaescolapios.org\/wp-content\/uploads\/2025\/02\/banners-500&#215;500-eusk3.jpg\u00a0\u00bb ic_button_button_text_eu=\u00a0\u00bbbot\u00a0\u00bb image_ca=\u00a0\u00bbhttps:\/\/www.itakaescolapios.org\/wp-content\/uploads\/2025\/02\/banners-500&#215;500-val3.jpg\u00a0\u00bb ic_button_button_text_ca=\u00a0\u00bbbot\u00a0\u00bb image_pt_br=\u00a0\u00bbhttps:\/\/www.itakaescolapios.org\/wp-content\/uploads\/2025\/02\/banners-500&#215;500-port3.jpg\u00a0\u00bb ic_button_button_text_pt_br=\u00a0\u00bbbot\u00a0\u00bb global_colors_info=\u00a0\u00bb{}\u00a0\u00bb][\/difl_imagecarouselitem][difl_imagecarouselitem admin_label=\u00a0\u00bbHemeroteca\u00a0\u00bb image=\u00a0\u00bbhttps:\/\/www.itakaescolapios.org\/wp-content\/uploads\/2025\/02\/banners-500&#215;500-esp4.jpg\u00a0\u00bb ic_button_button_text=\u00a0\u00bbbot\u00a0\u00bb ic_button_button_url=\u00a0\u00bb\/es\/noticias\/\u00a0\u00bb ic_button_button_url_new_window=\u00a0\u00bb1&Prime; _builder_version=\u00a0\u00bb4.27.4&Prime; _module_preset=\u00a0\u00bbdefault\u00a0\u00bb image_en_us=\u00a0\u00bbhttps:\/\/www.itakaescolapios.org\/wp-content\/uploads\/2025\/02\/banners-500&#215;500-eng4.jpg\u00a0\u00bb ic_button_button_text_en_us=\u00a0\u00bbbot\u00a0\u00bb image_fr_fr=\u00a0\u00bbhttps:\/\/www.itakaescolapios.org\/wp-content\/uploads\/2025\/02\/banners-500&#215;500-fra4.jpg\u00a0\u00bb ic_button_button_text_fr_fr=\u00a0\u00bbbot\u00a0\u00bb image_eu=\u00a0\u00bbhttps:\/\/www.itakaescolapios.org\/wp-content\/uploads\/2025\/02\/banners-500&#215;500-eusk4.jpg\u00a0\u00bb ic_button_button_text_eu=\u00a0\u00bbbot\u00a0\u00bb image_ca=\u00a0\u00bbhttps:\/\/www.itakaescolapios.org\/wp-content\/uploads\/2025\/02\/banners-500&#215;500-val4.jpg\u00a0\u00bb ic_button_button_text_ca=\u00a0\u00bbbot\u00a0\u00bb image_pt_br=\u00a0\u00bbhttps:\/\/www.itakaescolapios.org\/wp-content\/uploads\/2025\/02\/banners-500&#215;500-port4.jpg\u00a0\u00bb ic_button_button_text_pt_br=\u00a0\u00bbbot\u00a0\u00bb global_colors_info=\u00a0\u00bb{}\u00a0\u00bb][\/difl_imagecarouselitem][\/difl_imagecarousel][\/et_pb_column][\/et_pb_section]<\/p>\n","protected":false},"excerpt":{"rendered":"<p>Desde el a\u00f1o 2021, la Fundaci\u00f3n Itaka Escolapios es miembro activo de la Red de Acci\u00f3n Social de la Iglesia venezolana (RASI), una plataforma vital que agrupa a diversas organizaciones cat\u00f3licas para visibilizar el trabajo social y humanitario que realiza la Iglesia en el pa\u00eds.<\/p>\n","protected":false},"author":19,"featured_media":329386,"comment_status":"closed","ping_status":"closed","sticky":false,"template":"","format":"standard","meta":{"_et_pb_use_builder":"on","_et_pb_old_content":"","_et_gb_content_width":"","footnotes":""},"categories":[27,349,224],"tags":[695,214],"class_list":["post-329365","post","type-post","status-publish","format-standard","has-post-thumbnail","hentry","category-barquisimeto","category-caracas","category-venezuela","tag-alianzas","tag-sensibilizacion"],"yoast_head":"<!-- This site is optimized with the Yoast SEO plugin v27.4 - https:\/\/yoast.com\/product\/yoast-seo-wordpress\/ -->\n<title>Itaka Escolapios y la Red de Acci\u00f3n Social de la Iglesia: Unidos para Construir Paz y Esperanza<\/title>\n<meta name=\"description\" content=\"Desde el a\u00f1o 2021, la Fundaci\u00f3n Itaka Escolapios es miembro activo de la Red de Acci\u00f3n Social de la Iglesia venezolana (RASI), una plataforma vital que agrupa a diversas organizaciones cat\u00f3licas para visibilizar el trabajo social y humanitario que realiza la Iglesia en el pa\u00eds.\" \/>\n<meta name=\"robots\" content=\"index, follow, max-snippet:-1, max-image-preview:large, max-video-preview:-1\" \/>\n<link rel=\"canonical\" href=\"http:\/\/Desde%20el%20a\u00f1o%202021,%20la%20Fundaci\u00f3n%20Itaka%20Escolapios%20es%20miembro%20activo%20de%20la%20Red%20de%20Acci\u00f3n%20Social%20de%20la%20Iglesia%20venezolana%20(RASI),%20una%20plataforma%20vital%20que%20agrupa%20a%20diversas%20organizaciones%20cat\u00f3licas%20para%20visibilizar%20el%20trabajo%20social%20y%20humanitario%20que%20realiza%20la%20Iglesia%20en%20el%20pa\u00eds.\" \/>\n<meta property=\"og:locale\" content=\"fr_FR\" \/>\n<meta property=\"og:type\" content=\"article\" \/>\n<meta property=\"og:title\" content=\"Itaka Escolapios y la Red de Acci\u00f3n Social de la Iglesia: Unidos para Construir Paz y Esperanza\" \/>\n<meta property=\"og:description\" content=\"Desde el a\u00f1o 2021, la Fundaci\u00f3n Itaka Escolapios es miembro activo de la Red de Acci\u00f3n Social de la Iglesia venezolana (RASI), una plataforma vital que agrupa a diversas organizaciones cat\u00f3licas para visibilizar el trabajo social y humanitario que realiza la Iglesia en el pa\u00eds.\" \/>\n<meta property=\"og:url\" content=\"https:\/\/www.itakaescolapios.org\/fr\/2025\/11\/itaka-escolapios-y-la-red-de-accion-social-de-la-iglesia-unidos-para-construir-paz-y-esperanza\/\" \/>\n<meta property=\"og:site_name\" content=\"Itaka-Escolapios\" \/>\n<meta property=\"article:published_time\" content=\"2025-11-20T19:48:15+00:00\" \/>\n<meta property=\"article:modified_time\" content=\"2025-11-21T08:29:55+00:00\" \/>\n<meta property=\"og:image\" content=\"https:\/\/www.itakaescolapios.org\/wp-content\/uploads\/2025\/11\/4956487475173985080-e1763713421139.jpg\" \/>\n\t<meta property=\"og:image:width\" content=\"720\" \/>\n\t<meta property=\"og:image:height\" content=\"672\" \/>\n\t<meta property=\"og:image:type\" content=\"image\/jpeg\" \/>\n<meta name=\"author\" content=\"venezuela01\" \/>\n<meta name=\"twitter:card\" content=\"summary_large_image\" \/>\n<meta name=\"twitter:label1\" content=\"\u00c9crit par\" \/>\n\t<meta name=\"twitter:data1\" content=\"venezuela01\" \/>\n\t<meta name=\"twitter:label2\" content=\"Dur\u00e9e de lecture estim\u00e9e\" \/>\n\t<meta name=\"twitter:data2\" content=\"5 minutes\" \/>\n<script type=\"application\/ld+json\" class=\"yoast-schema-graph\">{\"@context\":\"https:\\\/\\\/schema.org\",\"@graph\":[{\"@type\":\"Article\",\"@id\":\"https:\\\/\\\/www.itakaescolapios.org\\\/fr\\\/2025\\\/11\\\/itaka-escolapios-y-la-red-de-accion-social-de-la-iglesia-unidos-para-construir-paz-y-esperanza\\\/#article\",\"isPartOf\":{\"@id\":\"https:\\\/\\\/www.itakaescolapios.org\\\/fr\\\/2025\\\/11\\\/itaka-escolapios-y-la-red-de-accion-social-de-la-iglesia-unidos-para-construir-paz-y-esperanza\\\/\"},\"author\":{\"name\":\"venezuela01\",\"@id\":\"https:\\\/\\\/www.itakaescolapios.org\\\/es\\\/#\\\/schema\\\/person\\\/192f10fbeab836416deaf01ea8aad84d\"},\"headline\":\"Itaka Escolapios y la Red de Acci\u00f3n Social de la Iglesia: Unidos para Construir Paz y Esperanza\",\"datePublished\":\"2025-11-20T19:48:15+00:00\",\"dateModified\":\"2025-11-21T08:29:55+00:00\",\"mainEntityOfPage\":{\"@id\":\"https:\\\/\\\/www.itakaescolapios.org\\\/fr\\\/2025\\\/11\\\/itaka-escolapios-y-la-red-de-accion-social-de-la-iglesia-unidos-para-construir-paz-y-esperanza\\\/\"},\"wordCount\":4688,\"publisher\":{\"@id\":\"https:\\\/\\\/www.itakaescolapios.org\\\/es\\\/#organization\"},\"image\":{\"@id\":\"https:\\\/\\\/www.itakaescolapios.org\\\/fr\\\/2025\\\/11\\\/itaka-escolapios-y-la-red-de-accion-social-de-la-iglesia-unidos-para-construir-paz-y-esperanza\\\/#primaryimage\"},\"thumbnailUrl\":\"https:\\\/\\\/www.itakaescolapios.org\\\/wp-content\\\/uploads\\\/2025\\\/11\\\/4956487475173985080-e1763713421139.jpg\",\"keywords\":[\"Alianzas\",\"Sensibilizaci\u00f3n\"],\"articleSection\":[\"Barquisimeto\",\"Caracas\",\"Venezuela\"],\"inLanguage\":\"fr-FR\"},{\"@type\":\"WebPage\",\"@id\":\"https:\\\/\\\/www.itakaescolapios.org\\\/fr\\\/2025\\\/11\\\/itaka-escolapios-y-la-red-de-accion-social-de-la-iglesia-unidos-para-construir-paz-y-esperanza\\\/\",\"url\":\"https:\\\/\\\/www.itakaescolapios.org\\\/fr\\\/2025\\\/11\\\/itaka-escolapios-y-la-red-de-accion-social-de-la-iglesia-unidos-para-construir-paz-y-esperanza\\\/\",\"name\":\"Itaka Escolapios y la Red de Acci\u00f3n Social de la Iglesia: Unidos para Construir Paz y Esperanza - Itaka-Escolapios\",\"isPartOf\":{\"@id\":\"https:\\\/\\\/www.itakaescolapios.org\\\/es\\\/#website\"},\"primaryImageOfPage\":{\"@id\":\"https:\\\/\\\/www.itakaescolapios.org\\\/fr\\\/2025\\\/11\\\/itaka-escolapios-y-la-red-de-accion-social-de-la-iglesia-unidos-para-construir-paz-y-esperanza\\\/#primaryimage\"},\"image\":{\"@id\":\"https:\\\/\\\/www.itakaescolapios.org\\\/fr\\\/2025\\\/11\\\/itaka-escolapios-y-la-red-de-accion-social-de-la-iglesia-unidos-para-construir-paz-y-esperanza\\\/#primaryimage\"},\"thumbnailUrl\":\"https:\\\/\\\/www.itakaescolapios.org\\\/wp-content\\\/uploads\\\/2025\\\/11\\\/4956487475173985080-e1763713421139.jpg\",\"datePublished\":\"2025-11-20T19:48:15+00:00\",\"dateModified\":\"2025-11-21T08:29:55+00:00\",\"breadcrumb\":{\"@id\":\"https:\\\/\\\/www.itakaescolapios.org\\\/fr\\\/2025\\\/11\\\/itaka-escolapios-y-la-red-de-accion-social-de-la-iglesia-unidos-para-construir-paz-y-esperanza\\\/#breadcrumb\"},\"inLanguage\":\"fr-FR\",\"potentialAction\":[{\"@type\":\"ReadAction\",\"target\":[\"https:\\\/\\\/www.itakaescolapios.org\\\/fr\\\/2025\\\/11\\\/itaka-escolapios-y-la-red-de-accion-social-de-la-iglesia-unidos-para-construir-paz-y-esperanza\\\/\"]}]},{\"@type\":\"ImageObject\",\"inLanguage\":\"fr-FR\",\"@id\":\"https:\\\/\\\/www.itakaescolapios.org\\\/fr\\\/2025\\\/11\\\/itaka-escolapios-y-la-red-de-accion-social-de-la-iglesia-unidos-para-construir-paz-y-esperanza\\\/#primaryimage\",\"url\":\"https:\\\/\\\/www.itakaescolapios.org\\\/wp-content\\\/uploads\\\/2025\\\/11\\\/4956487475173985080-e1763713421139.jpg\",\"contentUrl\":\"https:\\\/\\\/www.itakaescolapios.org\\\/wp-content\\\/uploads\\\/2025\\\/11\\\/4956487475173985080-e1763713421139.jpg\",\"width\":720,\"height\":672},{\"@type\":\"BreadcrumbList\",\"@id\":\"https:\\\/\\\/www.itakaescolapios.org\\\/fr\\\/2025\\\/11\\\/itaka-escolapios-y-la-red-de-accion-social-de-la-iglesia-unidos-para-construir-paz-y-esperanza\\\/#breadcrumb\",\"itemListElement\":[{\"@type\":\"ListItem\",\"position\":1,\"name\":\"Itaka-Escolapios\",\"item\":\"https:\\\/\\\/www.itakaescolapios.org\\\/es\\\/\"},{\"@type\":\"ListItem\",\"position\":2,\"name\":\"Itaka Escolapios y la Red de Acci\u00f3n Social de la Iglesia: Unidos para Construir Paz y Esperanza\"}]},{\"@type\":\"WebSite\",\"@id\":\"https:\\\/\\\/www.itakaescolapios.org\\\/fr\\\/es\\\/#website\",\"url\":\"https:\\\/\\\/www.itakaescolapios.org\\\/fr\\\/es\\\/\",\"name\":\"Itaka-Escolapios\",\"description\":\"Red de Itaka-Escolapios\",\"publisher\":{\"@id\":\"https:\\\/\\\/www.itakaescolapios.org\\\/fr\\\/es\\\/#organization\"},\"potentialAction\":[{\"@type\":\"SearchAction\",\"target\":{\"@type\":\"EntryPoint\",\"urlTemplate\":\"https:\\\/\\\/www.itakaescolapios.org\\\/fr\\\/es\\\/?s={search_term_string}\"},\"query-input\":{\"@type\":\"PropertyValueSpecification\",\"valueRequired\":true,\"valueName\":\"search_term_string\"}}],\"inLanguage\":\"fr-FR\"},{\"@type\":\"Organization\",\"@id\":\"https:\\\/\\\/www.itakaescolapios.org\\\/fr\\\/es\\\/#organization\",\"name\":\"Fundaci\u00f3 Itaka-Escolapios\",\"url\":\"https:\\\/\\\/www.itakaescolapios.org\\\/fr\\\/es\\\/\",\"logo\":{\"@type\":\"ImageObject\",\"inLanguage\":\"fr-FR\",\"@id\":\"https:\\\/\\\/www.itakaescolapios.org\\\/fr\\\/es\\\/#\\\/schema\\\/logo\\\/image\\\/\",\"url\":\"https:\\\/\\\/www.itakaescolapios.org\\\/wp-content\\\/uploads\\\/2024\\\/04\\\/Logo-itakaescolapios-peque.png\",\"contentUrl\":\"https:\\\/\\\/www.itakaescolapios.org\\\/wp-content\\\/uploads\\\/2024\\\/04\\\/Logo-itakaescolapios-peque.png\",\"width\":500,\"height\":199,\"caption\":\"Fundaci\u00f3 Itaka-Escolapios\"},\"image\":{\"@id\":\"https:\\\/\\\/www.itakaescolapios.org\\\/fr\\\/es\\\/#\\\/schema\\\/logo\\\/image\\\/\"}},{\"@type\":\"Person\",\"@id\":\"https:\\\/\\\/www.itakaescolapios.org\\\/es\\\/#\\\/schema\\\/person\\\/192f10fbeab836416deaf01ea8aad84d\",\"name\":\"venezuela01\",\"url\":\"https:\\\/\\\/www.itakaescolapios.org\\\/fr\\\/author\\\/venezuela01\\\/\"}]}<\/script>\n<!-- \/ Yoast SEO plugin. -->","yoast_head_json":{"title":"Itaka Escolapios y la Red de Acci\u00f3n Social de la Iglesia: Unidos para Construir Paz y Esperanza","description":"Desde el a\u00f1o 2021, la Fundaci\u00f3n Itaka Escolapios es miembro activo de la Red de Acci\u00f3n Social de la Iglesia venezolana (RASI), una plataforma vital que agrupa a diversas organizaciones cat\u00f3licas para visibilizar el trabajo social y humanitario que realiza la Iglesia en el pa\u00eds.","robots":{"index":"index","follow":"follow","max-snippet":"max-snippet:-1","max-image-preview":"max-image-preview:large","max-video-preview":"max-video-preview:-1"},"canonical":"Desde el a\u00f1o 2021, la Fundaci\u00f3n Itaka Escolapios es miembro activo de la Red de Acci\u00f3n Social de la Iglesia venezolana (RASI), una plataforma vital que agrupa a diversas organizaciones cat\u00f3licas para visibilizar el trabajo social y humanitario que realiza la Iglesia en el pa\u00eds.","og_locale":"fr_FR","og_type":"article","og_title":"Itaka Escolapios y la Red de Acci\u00f3n Social de la Iglesia: Unidos para Construir Paz y Esperanza","og_description":"Desde el a\u00f1o 2021, la Fundaci\u00f3n Itaka Escolapios es miembro activo de la Red de Acci\u00f3n Social de la Iglesia venezolana (RASI), una plataforma vital que agrupa a diversas organizaciones cat\u00f3licas para visibilizar el trabajo social y humanitario que realiza la Iglesia en el pa\u00eds.","og_url":"https:\/\/www.itakaescolapios.org\/fr\/2025\/11\/itaka-escolapios-y-la-red-de-accion-social-de-la-iglesia-unidos-para-construir-paz-y-esperanza\/","og_site_name":"Itaka-Escolapios","article_published_time":"2025-11-20T19:48:15+00:00","article_modified_time":"2025-11-21T08:29:55+00:00","og_image":[{"width":720,"height":672,"url":"https:\/\/www.itakaescolapios.org\/wp-content\/uploads\/2025\/11\/4956487475173985080-e1763713421139.jpg","type":"image\/jpeg"}],"author":"venezuela01","twitter_card":"summary_large_image","twitter_misc":{"\u00c9crit par":"venezuela01","Dur\u00e9e de lecture estim\u00e9e":"5 minutes"},"schema":{"@context":"https:\/\/schema.org","@graph":[{"@type":"Article","@id":"https:\/\/www.itakaescolapios.org\/fr\/2025\/11\/itaka-escolapios-y-la-red-de-accion-social-de-la-iglesia-unidos-para-construir-paz-y-esperanza\/#article","isPartOf":{"@id":"https:\/\/www.itakaescolapios.org\/fr\/2025\/11\/itaka-escolapios-y-la-red-de-accion-social-de-la-iglesia-unidos-para-construir-paz-y-esperanza\/"},"author":{"name":"venezuela01","@id":"https:\/\/www.itakaescolapios.org\/es\/#\/schema\/person\/192f10fbeab836416deaf01ea8aad84d"},"headline":"Itaka Escolapios y la Red de Acci\u00f3n Social de la Iglesia: Unidos para Construir Paz y Esperanza","datePublished":"2025-11-20T19:48:15+00:00","dateModified":"2025-11-21T08:29:55+00:00","mainEntityOfPage":{"@id":"https:\/\/www.itakaescolapios.org\/fr\/2025\/11\/itaka-escolapios-y-la-red-de-accion-social-de-la-iglesia-unidos-para-construir-paz-y-esperanza\/"},"wordCount":4688,"publisher":{"@id":"https:\/\/www.itakaescolapios.org\/es\/#organization"},"image":{"@id":"https:\/\/www.itakaescolapios.org\/fr\/2025\/11\/itaka-escolapios-y-la-red-de-accion-social-de-la-iglesia-unidos-para-construir-paz-y-esperanza\/#primaryimage"},"thumbnailUrl":"https:\/\/www.itakaescolapios.org\/wp-content\/uploads\/2025\/11\/4956487475173985080-e1763713421139.jpg","keywords":["Alianzas","Sensibilizaci\u00f3n"],"articleSection":["Barquisimeto","Caracas","Venezuela"],"inLanguage":"fr-FR"},{"@type":"WebPage","@id":"https:\/\/www.itakaescolapios.org\/fr\/2025\/11\/itaka-escolapios-y-la-red-de-accion-social-de-la-iglesia-unidos-para-construir-paz-y-esperanza\/","url":"https:\/\/www.itakaescolapios.org\/fr\/2025\/11\/itaka-escolapios-y-la-red-de-accion-social-de-la-iglesia-unidos-para-construir-paz-y-esperanza\/","name":"Itaka Escolapios y la Red de Acci\u00f3n Social de la Iglesia: Unidos para Construir Paz y Esperanza - Itaka-Escolapios","isPartOf":{"@id":"https:\/\/www.itakaescolapios.org\/es\/#website"},"primaryImageOfPage":{"@id":"https:\/\/www.itakaescolapios.org\/fr\/2025\/11\/itaka-escolapios-y-la-red-de-accion-social-de-la-iglesia-unidos-para-construir-paz-y-esperanza\/#primaryimage"},"image":{"@id":"https:\/\/www.itakaescolapios.org\/fr\/2025\/11\/itaka-escolapios-y-la-red-de-accion-social-de-la-iglesia-unidos-para-construir-paz-y-esperanza\/#primaryimage"},"thumbnailUrl":"https:\/\/www.itakaescolapios.org\/wp-content\/uploads\/2025\/11\/4956487475173985080-e1763713421139.jpg","datePublished":"2025-11-20T19:48:15+00:00","dateModified":"2025-11-21T08:29:55+00:00","breadcrumb":{"@id":"https:\/\/www.itakaescolapios.org\/fr\/2025\/11\/itaka-escolapios-y-la-red-de-accion-social-de-la-iglesia-unidos-para-construir-paz-y-esperanza\/#breadcrumb"},"inLanguage":"fr-FR","potentialAction":[{"@type":"ReadAction","target":["https:\/\/www.itakaescolapios.org\/fr\/2025\/11\/itaka-escolapios-y-la-red-de-accion-social-de-la-iglesia-unidos-para-construir-paz-y-esperanza\/"]}]},{"@type":"ImageObject","inLanguage":"fr-FR","@id":"https:\/\/www.itakaescolapios.org\/fr\/2025\/11\/itaka-escolapios-y-la-red-de-accion-social-de-la-iglesia-unidos-para-construir-paz-y-esperanza\/#primaryimage","url":"https:\/\/www.itakaescolapios.org\/wp-content\/uploads\/2025\/11\/4956487475173985080-e1763713421139.jpg","contentUrl":"https:\/\/www.itakaescolapios.org\/wp-content\/uploads\/2025\/11\/4956487475173985080-e1763713421139.jpg","width":720,"height":672},{"@type":"BreadcrumbList","@id":"https:\/\/www.itakaescolapios.org\/fr\/2025\/11\/itaka-escolapios-y-la-red-de-accion-social-de-la-iglesia-unidos-para-construir-paz-y-esperanza\/#breadcrumb","itemListElement":[{"@type":"ListItem","position":1,"name":"Itaka-Escolapios","item":"https:\/\/www.itakaescolapios.org\/es\/"},{"@type":"ListItem","position":2,"name":"Itaka Escolapios y la Red de Acci\u00f3n Social de la Iglesia: Unidos para Construir Paz y Esperanza"}]},{"@type":"WebSite","@id":"https:\/\/www.itakaescolapios.org\/fr\/es\/#website","url":"https:\/\/www.itakaescolapios.org\/fr\/es\/","name":"Itaka-Escolapios","description":"Red de Itaka-Escolapios","publisher":{"@id":"https:\/\/www.itakaescolapios.org\/fr\/es\/#organization"},"potentialAction":[{"@type":"SearchAction","target":{"@type":"EntryPoint","urlTemplate":"https:\/\/www.itakaescolapios.org\/fr\/es\/?s={search_term_string}"},"query-input":{"@type":"PropertyValueSpecification","valueRequired":true,"valueName":"search_term_string"}}],"inLanguage":"fr-FR"},{"@type":"Organization","@id":"https:\/\/www.itakaescolapios.org\/fr\/es\/#organization","name":"Fundaci\u00f3 Itaka-Escolapios","url":"https:\/\/www.itakaescolapios.org\/fr\/es\/","logo":{"@type":"ImageObject","inLanguage":"fr-FR","@id":"https:\/\/www.itakaescolapios.org\/fr\/es\/#\/schema\/logo\/image\/","url":"https:\/\/www.itakaescolapios.org\/wp-content\/uploads\/2024\/04\/Logo-itakaescolapios-peque.png","contentUrl":"https:\/\/www.itakaescolapios.org\/wp-content\/uploads\/2024\/04\/Logo-itakaescolapios-peque.png","width":500,"height":199,"caption":"Fundaci\u00f3 Itaka-Escolapios"},"image":{"@id":"https:\/\/www.itakaescolapios.org\/fr\/es\/#\/schema\/logo\/image\/"}},{"@type":"Person","@id":"https:\/\/www.itakaescolapios.org\/es\/#\/schema\/person\/192f10fbeab836416deaf01ea8aad84d","name":"venezuela01","url":"https:\/\/www.itakaescolapios.org\/fr\/author\/venezuela01\/"}]}},"_links":{"self":[{"href":"https:\/\/www.itakaescolapios.org\/fr\/wp-json\/wp\/v2\/posts\/329365","targetHints":{"allow":["GET"]}}],"collection":[{"href":"https:\/\/www.itakaescolapios.org\/fr\/wp-json\/wp\/v2\/posts"}],"about":[{"href":"https:\/\/www.itakaescolapios.org\/fr\/wp-json\/wp\/v2\/types\/post"}],"author":[{"embeddable":true,"href":"https:\/\/www.itakaescolapios.org\/fr\/wp-json\/wp\/v2\/users\/19"}],"replies":[{"embeddable":true,"href":"https:\/\/www.itakaescolapios.org\/fr\/wp-json\/wp\/v2\/comments?post=329365"}],"version-history":[{"count":7,"href":"https:\/\/www.itakaescolapios.org\/fr\/wp-json\/wp\/v2\/posts\/329365\/revisions"}],"predecessor-version":[{"id":329409,"href":"https:\/\/www.itakaescolapios.org\/fr\/wp-json\/wp\/v2\/posts\/329365\/revisions\/329409"}],"wp:featuredmedia":[{"embeddable":true,"href":"https:\/\/www.itakaescolapios.org\/fr\/wp-json\/wp\/v2\/media\/329386"}],"wp:attachment":[{"href":"https:\/\/www.itakaescolapios.org\/fr\/wp-json\/wp\/v2\/media?parent=329365"}],"wp:term":[{"taxonomy":"category","embeddable":true,"href":"https:\/\/www.itakaescolapios.org\/fr\/wp-json\/wp\/v2\/categories?post=329365"},{"taxonomy":"post_tag","embeddable":true,"href":"https:\/\/www.itakaescolapios.org\/fr\/wp-json\/wp\/v2\/tags?post=329365"}],"curies":[{"name":"wp","href":"https:\/\/api.w.org\/{rel}","templated":true}]}}