{"id":330627,"date":"2026-02-26T15:30:03","date_gmt":"2026-02-26T14:30:03","guid":{"rendered":"https:\/\/www.itakaescolapios.org\/?p=330627"},"modified":"2026-02-26T15:30:44","modified_gmt":"2026-02-26T14:30:44","slug":"presentacion-de-la-campana-de-solidaridad-2025-2026","status":"publish","type":"post","link":"https:\/\/www.itakaescolapios.org\/fr\/2026\/02\/presentacion-de-la-campana-de-solidaridad-2025-2026\/","title":{"rendered":"Presentaci\u00f3n de la Campa\u00f1a de Solidaridad 2025-2026"},"content":{"rendered":"<p>[et_pb_section fb_built=\u00a0\u00bb1&Prime; make_equal=\u00a0\u00bbon\u00a0\u00bb use_custom_gutter=\u00a0\u00bbon\u00a0\u00bb gutter_width=\u00a0\u00bb2&Prime; specialty=\u00a0\u00bbon\u00a0\u00bb _builder_version=\u00a0\u00bb4.24.3&Prime; _module_preset=\u00a0\u00bbdefault\u00a0\u00bb width=\u00a0\u00bb100%\u00a0\u00bb max_width=\u00a0\u00bb100%\u00a0\u00bb module_alignment=\u00a0\u00bbcenter\u00a0\u00bb inner_width=\u00a0\u00bb90%\u00a0\u00bb inner_max_width=\u00a0\u00bb2222px\u00a0\u00bb inner_module_alignment=\u00a0\u00bbcenter\u00a0\u00bb custom_margin=\u00a0\u00bb0px||||false|false\u00a0\u00bb custom_padding=\u00a0\u00bb0px||||false|false\u00a0\u00bb da_disable_devices=\u00a0\u00bboff|off|off\u00a0\u00bb global_colors_info=\u00a0\u00bb{}\u00a0\u00bb da_is_popup=\u00a0\u00bboff\u00a0\u00bb da_exit_intent=\u00a0\u00bboff\u00a0\u00bb da_has_close=\u00a0\u00bbon\u00a0\u00bb da_alt_close=\u00a0\u00bboff\u00a0\u00bb da_dark_close=\u00a0\u00bboff\u00a0\u00bb da_not_modal=\u00a0\u00bbon\u00a0\u00bb da_is_singular=\u00a0\u00bboff\u00a0\u00bb da_with_loader=\u00a0\u00bboff\u00a0\u00bb da_has_shadow=\u00a0\u00bbon\u00a0\u00bb][et_pb_column type=\u00a0\u00bb3_4&Prime; specialty_columns=\u00a0\u00bb3&Prime; _builder_version=\u00a0\u00bb4.16&Prime; custom_padding=\u00a0\u00bb|||\u00a0\u00bb global_colors_info=\u00a0\u00bb{}\u00a0\u00bb custom_padding__hover=\u00a0\u00bb|||\u00a0\u00bb][et_pb_row_inner custom_padding_last_edited=\u00a0\u00bbon|phone\u00a0\u00bb _builder_version=\u00a0\u00bb4.24.3&Prime; _module_preset=\u00a0\u00bbdefault\u00a0\u00bb module_alignment=\u00a0\u00bbcenter\u00a0\u00bb custom_padding=\u00a0\u00bb|50px|4px||false|false\u00a0\u00bb custom_padding_tablet=\u00a0\u00bb|50px|4px||false|false\u00a0\u00bb custom_padding_phone=\u00a0\u00bb|0px|||false|false\u00a0\u00bb border_color_all=\u00a0\u00bbgcid-b1ace166-c11d-4c70-a679-55884e9ca298&Prime; border_style_all=\u00a0\u00bbdotted\u00a0\u00bb border_width_right=\u00a0\u00bb3px\u00a0\u00bb border_color_right=\u00a0\u00bbgcid-b1ace166-c11d-4c70-a679-55884e9ca298&Prime; border_width_right_tablet=\u00a0\u00bb3px\u00a0\u00bb border_width_right_phone=\u00a0\u00bb0px\u00a0\u00bb border_width_right_last_edited=\u00a0\u00bbon|desktop\u00a0\u00bb collapsed=\u00a0\u00bboff\u00a0\u00bb global_colors_info=\u00a0\u00bb{%22gcid-b1ace166-c11d-4c70-a679-55884e9ca298%22:%91%22border_color_all%22,%22border_color_right%22%93}\u00a0\u00bb][et_pb_column_inner saved_specialty_column_type=\u00a0\u00bb3_4&Prime; _builder_version=\u00a0\u00bb4.24.3&Prime; _module_preset=\u00a0\u00bbdefault\u00a0\u00bb global_colors_info=\u00a0\u00bb{}\u00a0\u00bb][et_pb_text admin_label=\u00a0\u00bbT\u00cdTULO NOTICIA\u00a0\u00bb _builder_version=\u00a0\u00bb4.27.4&Prime; _module_preset=\u00a0\u00bbdefault\u00a0\u00bb header_font=\u00a0\u00bbTitulo Itaka-Escolapios|700|||||||\u00a0\u00bb header_text_align=\u00a0\u00bbcenter\u00a0\u00bb header_text_color=\u00a0\u00bbgcid-cca90ba6-297c-4d63-9e2c-8201011ef870&Prime; header_font_size=\u00a0\u00bb50px\u00a0\u00bb custom_margin=\u00a0\u00bb||20px||false|false\u00a0\u00bb custom_margin_tablet=\u00a0\u00bb||20px||false|false\u00a0\u00bb custom_margin_phone=\u00a0\u00bb||20px||false|false\u00a0\u00bb custom_margin_last_edited=\u00a0\u00bbon|desktop\u00a0\u00bb header_font_size_tablet=\u00a0\u00bb55px\u00a0\u00bb header_font_size_phone=\u00a0\u00bb35px\u00a0\u00bb header_font_size_last_edited=\u00a0\u00bbon|phone\u00a0\u00bb content_en_us=\u00a0\u00bb<\/p>\n<h1><strong>Presentation of the 2025-2026 Solidarity Campaign<\/strong><\/h1>\n<p>\u00a0\u00bb content_fr_fr=\u00a0\u00bb<\/p>\n<h1><strong>Pr\u00e9sentation de la campagne de solidarit\u00e9 2025-2026<\/strong><\/h1>\n<p>\u00a0\u00bb content_eu=\u00a0\u00bb<\/p>\n<h1><strong>2025-2026 Elkartasun Kanpainaren aurkezpena<\/strong><\/h1>\n<\/p>\n<p>\u00a0\u00bb content_ca=\u00a0\u00bb<\/p>\n<h1><strong>Presentaci\u00f3 de la Campanya de Solidaritat 2025-2026<\/strong><\/h1>\n<\/p>\n<p>\u00a0\u00bb content_pt_br=\u00a0\u00bb<\/p>\n<h1><strong>Apresenta\u00e7\u00e3o da Campanha de Solidariedade 2025-2026<\/strong><\/h1>\n<p>\u00a0\u00bb global_colors_info=\u00a0\u00bb{%22gcid-cca90ba6-297c-4d63-9e2c-8201011ef870%22:%91%22header_text_color%22%93}\u00a0\u00bb]<\/p>\n<h1><strong>Presentaci\u00f3n de la Campa\u00f1a de Solidaridad 2025-2026<\/strong><\/h1>\n<p>[\/et_pb_text][et_pb_text admin_label=\u00a0\u00bbFecha noticia no tocar\u00a0\u00bb _builder_version=\u00a0\u00bb4.27.4&Prime; _dynamic_attributes=\u00a0\u00bbcontent\u00a0\u00bb _module_preset=\u00a0\u00bbdefault\u00a0\u00bb text_font=\u00a0\u00bbTitulo Itaka-Escolapios|700|||||||\u00a0\u00bb text_text_color=\u00a0\u00bbgcid-cca90ba6-297c-4d63-9e2c-8201011ef870&Prime; text_font_size=\u00a0\u00bb16px\u00a0\u00bb text_orientation=\u00a0\u00bbright\u00a0\u00bb global_colors_info=\u00a0\u00bb{%22gcid-cca90ba6-297c-4d63-9e2c-8201011ef870%22:%91%22text_text_color%22%93}\u00a0\u00bb]@ET-DC@eyJkeW5hbWljIjp0cnVlLCJjb250ZW50IjoicG9zdF9kYXRlIiwic2V0dGluZ3MiOnsiYmVmb3JlIjoiIiwiYWZ0ZXIiOiIiLCJkYXRlX2Zvcm1hdCI6ImRlZmF1bHQiLCJjdXN0b21fZGF0ZV9mb3JtYXQiOiIifX0=@[\/et_pb_text][\/et_pb_column_inner][\/et_pb_row_inner][et_pb_row_inner _builder_version=\u00a0\u00bb4.27.4&Prime; _module_preset=\u00a0\u00bbdefault\u00a0\u00bb border_width_right=\u00a0\u00bb3px\u00a0\u00bb border_color_right=\u00a0\u00bbgcid-b1ace166-c11d-4c70-a679-55884e9ca298&Prime; border_style_right=\u00a0\u00bbdotted\u00a0\u00bb collapsed=\u00a0\u00bboff\u00a0\u00bb global_colors_info=\u00a0\u00bb{%22gcid-b1ace166-c11d-4c70-a679-55884e9ca298%22:%91%22border_color_right%22%93}\u00a0\u00bb][et_pb_column_inner saved_specialty_column_type=\u00a0\u00bb3_4&Prime; _builder_version=\u00a0\u00bb4.27.4&Prime; _module_preset=\u00a0\u00bbdefault\u00a0\u00bb global_colors_info=\u00a0\u00bb{}\u00a0\u00bb][et_pb_text admin_label=\u00a0\u00bbCUERPO NOTICIA\u00a0\u00bb _builder_version=\u00a0\u00bb4.27.4&Prime; _module_preset=\u00a0\u00bbdefault\u00a0\u00bb text_font=\u00a0\u00bb&#8211;et_global_body_font||||||||\u00a0\u00bb text_font_size=\u00a0\u00bb16px\u00a0\u00bb width=\u00a0\u00bb100%\u00a0\u00bb module_alignment=\u00a0\u00bbcenter\u00a0\u00bb custom_padding=\u00a0\u00bb|60px|||false|false\u00a0\u00bb text_font_size_tablet=\u00a0\u00bb16px\u00a0\u00bb text_font_size_phone=\u00a0\u00bb16px\u00a0\u00bb text_font_size_last_edited=\u00a0\u00bbon|desktop\u00a0\u00bb content_en_us=\u00a0\u00bb<\/p>\n<p>It was with great joy that the virtual meeting was held to present the new Solidarity Campaign, \u201c25 years spreading roots,\u201d promoted by Itaka-Escolapios.<\/p>\n<p>This space allowed us to share the profound meaning of the campaign: to celebrate 25 years of commitment to education as a tool for social transformation, strengthening an international network that is committed to solidarity, inclusion, and the creation of opportunities for those who need them most.<\/p>\n<p>\u201cSpreading roots\u201d means consolidating what has been sown during these years and continuing to grow with hope, generating educational processes that transform lives and communities. The campaign invites our works and presences to actively join in, linking training, awareness, and solidarity action.<\/p>\n<p>Thank you all for continuing to extend roots that bear fruit in favor of a more just and fraternal society.<\/p>\n<p>We continue to walk together, sowing today the future we dream of.<\/p>\n<p>\u00a0\u00bb content_fr_fr=\u00a0\u00bb<\/p>\n<p>C&rsquo;est avec beaucoup de joie que s&rsquo;est d\u00e9roul\u00e9e la rencontre virtuelle au cours de laquelle a \u00e9t\u00e9 pr\u00e9sent\u00e9e la nouvelle campagne de solidarit\u00e9 \u00ab 25 ans \u00e0 \u00e9tendre nos racines \u00bb, lanc\u00e9e par Itaka-Escolapios.<\/p>\n<p>Cet espace nous a permis de partager le sens profond de la campagne : c\u00e9l\u00e9brer 25 ans d&rsquo;engagement en faveur de l&rsquo;\u00e9ducation comme outil de transformation sociale, en renfor\u00e7ant un r\u00e9seau international qui mise sur la solidarit\u00e9, l&rsquo;inclusion et la cr\u00e9ation d&rsquo;opportunit\u00e9s pour ceux qui en ont le plus besoin.<\/p>\n<p>\u00ab \u00c9tendre ses racines \u00bb signifie consolider ce qui a \u00e9t\u00e9 sem\u00e9 au cours de ces ann\u00e9es et continuer \u00e0 grandir avec espoir, en g\u00e9n\u00e9rant des processus \u00e9ducatifs qui transforment des vies et des communaut\u00e9s. La campagne invite nos \u0153uvres et nos pr\u00e9sences \u00e0 s&rsquo;y associer activement, en associant formation, sensibilisation et action solidaire.<\/p>\n<p>Merci \u00e0 tous et \u00e0 toutes de continuer \u00e0 \u00e9tendre les racines qui portent leurs fruits en faveur d&rsquo;une soci\u00e9t\u00e9 plus juste et plus fraternelle.<\/p>\n<p>Nous continuons \u00e0 marcher ensemble, en semant aujourd&rsquo;hui l&rsquo;avenir dont nous r\u00eavons.<\/p>\n<p>\u00a0\u00bb content_eu=\u00a0\u00bb<\/p>\n<p>Poz handiz egin zen Itaka-Escolapiosek bultzatutako %2225 urte sustraiak zabaltzen%22 Elkartasun Kanpaina berria aurkezteko topaketa birtuala.<\/p>\n<p>Gune horrek kanpainaren zentzu sakona partekatzeko aukera eman zigun: 25 urteko konpromisoa ospatzea hezkuntzarekin, gizartea eraldatzeko tresna gisa, elkartasunaren, inklusioaren eta gehien behar dutenentzako aukeren eraikuntzaren aldeko apustua egiten duen nazioarteko sarea indartuz.<\/p>\n<p>%22Sustraiak zabaltzeak%22 esan nahi du urte hauetan ereindakoa finkatzea eta itxaropenez hazten jarraitzea, bizitzak eta komunitateak eraldatzen dituzten hezkuntza-prozesuak sortuz. Kanpainak aktiboki bat egitera gonbidatzen ditu gure obrak eta presentziak, prestakuntza, sentsibilizazioa eta ekintza solidarioa lotuz.<\/p>\n<p>Eskerrik asko guztioi gizarte justuago eta anaiago baten alde fruitua ematen duten sustraiak zabaltzen jarraitzeagatik.<\/p>\n<p>Elkarrekin ibiltzen jarraitzen dugu, amesten dugun etorkizuna ereiten.<\/p>\n<p>\u00a0\u00bb content_ca=\u00a0\u00bb<\/p>\n<p>Amb molta alegria es va dur a terme la trobada virtual on es va presentar la nova Campanya de Solidaritat \u201c25 anys estenent arrels\u201d, impulsada per Itaka-Escolapis.<\/p>\n<p>Aquest espai ens va permetre compartir el sentit profund de la campanya: celebrar 25 anys de comprom\u00eds amb l&rsquo;educaci\u00f3 com a eina de transformaci\u00f3 social, enfortint una xarxa internacional que aposta per la solidaritat, la inclusi\u00f3 i la construcci\u00f3 d&rsquo;oportunitats per als qui m\u00e9s ho necessiten.<\/p>\n<p>\u201cEstendre arrels\u201d significa afermar el sembrat durant aquests anys i continuar creixent amb esperan\u00e7a, generant processos educatius que transformen vides i comunitats. La campanya convida a les nostres obres i pres\u00e8ncies a sumar-se activament, vinculant formaci\u00f3, sensibilitzaci\u00f3 i acci\u00f3 solid\u00e0ria.<\/p>\n<p>Gr\u00e0cies a tots i totes per continuar estenent arrels que donen fruit en favor d&rsquo;una societat m\u00e9s justa i fraterna.<\/p>\n<p>Continuem caminant junts, sembrant avui el futur que somiem.<\/p>\n<p>\u00a0\u00bb content_pt_br=\u00a0\u00bb<\/p>\n<p>Com muita alegria, foi realizado o encontro virtual onde foi apresentada a nova Campanha de Solidariedade \u201c25 anos estendendo ra\u00edzes\u201d, promovida pela Itaka-Escolapios.<\/p>\n<p>Este espa\u00e7o nos permitiu compartilhar o profundo significado da campanha: celebrar 25 anos de compromisso com a educa\u00e7\u00e3o como ferramenta de transforma\u00e7\u00e3o social, fortalecendo uma rede internacional que aposta na solidariedade, na inclus\u00e3o e na constru\u00e7\u00e3o de oportunidades para aqueles que mais precisam.<\/p>\n<p>\u201cEstender ra\u00edzes\u201d significa consolidar o que foi semeado durante esses anos e continuar crescendo com esperan\u00e7a, gerando processos educacionais que transformam vidas e comunidades. A campanha convida nossas obras e presen\u00e7as a se unirem ativamente, vinculando forma\u00e7\u00e3o, sensibiliza\u00e7\u00e3o e a\u00e7\u00e3o solid\u00e1ria.<\/p>\n<p>Obrigado a todos por continuarem estendendo ra\u00edzes que d\u00e3o frutos em favor de uma sociedade mais justa e fraterna.<\/p>\n<p>Continuamos caminhando juntos, semeando hoje o futuro que sonhamos.<\/p>\n<p>\u00a0\u00bb global_colors_info=\u00a0\u00bb{}\u00a0\u00bb]<\/p>\n<p>Con mucha alegr\u00eda se llev\u00f3 a cabo el encuentro virtual donde se present\u00f3 la nueva Campa\u00f1a de Solidaridad \u201c25 a\u00f1os extendiendo ra\u00edces\u201d, impulsada por Itaka-Escolapios.<\/p>\n<p>Este espacio nos permiti\u00f3 compartir el sentido profundo de la campa\u00f1a: celebrar 25 a\u00f1os de compromiso con la educaci\u00f3n como herramienta de transformaci\u00f3n social, fortaleciendo una red internacional que apuesta por la solidaridad, la inclusi\u00f3n y la construcci\u00f3n de oportunidades para quienes m\u00e1s lo necesitan.<\/p>\n<p>\u201cExtender ra\u00edces\u201d significa afianzar lo sembrado durante estos a\u00f1os y seguir creciendo con esperanza, generando procesos educativos que transforman vidas y comunidades. La campa\u00f1a invita a nuestras obras y presencias a sumarse activamente, vinculando formaci\u00f3n, sensibilizaci\u00f3n y acci\u00f3n solidaria.<\/p>\n<p>Gracias a todos y todas por seguir extendiendo ra\u00edces que dan fruto en favor de una sociedad m\u00e1s justa y fraterna.<\/p>\n<p>Seguimos caminando juntos, sembrando hoy el futuro que so\u00f1amos.<\/p>\n<p>[\/et_pb_text][\/et_pb_column_inner][\/et_pb_row_inner][et_pb_row_inner admin_label=\u00a0\u00bbIm\u00e1genes sede\u00a0\u00bb _builder_version=\u00a0\u00bb4.27.4&Prime; _module_preset=\u00a0\u00bbdefault\u00a0\u00bb custom_padding=\u00a0\u00bb20px||||false|false\u00a0\u00bb border_width_right=\u00a0\u00bb3px\u00a0\u00bb border_color_right=\u00a0\u00bbgcid-b1ace166-c11d-4c70-a679-55884e9ca298&Prime; border_style_right=\u00a0\u00bbdotted\u00a0\u00bb border_width_right_tablet=\u00a0\u00bb3px\u00a0\u00bb border_width_right_phone=\u00a0\u00bb0px\u00a0\u00bb border_width_right_last_edited=\u00a0\u00bbon|desktop\u00a0\u00bb collapsed=\u00a0\u00bboff\u00a0\u00bb global_colors_info=\u00a0\u00bb{%22gcid-b1ace166-c11d-4c70-a679-55884e9ca298%22:%91%22border_color_right%22%93}\u00a0\u00bb][et_pb_column_inner saved_specialty_column_type=\u00a0\u00bb3_4&Prime; _builder_version=\u00a0\u00bb4.27.4&Prime; _module_preset=\u00a0\u00bbdefault\u00a0\u00bb global_colors_info=\u00a0\u00bb{}\u00a0\u00bb][difl_imagecarousel item_desktop=\u00a0\u00bb2&Prime; item_tablet=\u00a0\u00bb1&Prime; loop=\u00a0\u00bbon\u00a0\u00bb dots=\u00a0\u00bbon\u00a0\u00bb use_lightbox=\u00a0\u00bbon\u00a0\u00bb arrow_color=\u00a0\u00bbgcid-b1ace166-c11d-4c70-a679-55884e9ca298&Prime; dots_color=\u00a0\u00bbgcid-cca90ba6-297c-4d63-9e2c-8201011ef870&Prime; active_dots_color=\u00a0\u00bbgcid-b1ace166-c11d-4c70-a679-55884e9ca298&Prime; _builder_version=\u00a0\u00bb4.27.4&Prime; _module_preset=\u00a0\u00bbdefault\u00a0\u00bb overflow-x=\u00a0\u00bbhidden\u00a0\u00bb overflow-y=\u00a0\u00bbhidden\u00a0\u00bb custom_margin=\u00a0\u00bb|60px|||false|false\u00a0\u00bb custom_margin_tablet=\u00a0\u00bb|60px|||false|false\u00a0\u00bb custom_margin_phone=\u00a0\u00bb|60px|||false|false\u00a0\u00bb custom_margin_last_edited=\u00a0\u00bbon|desktop\u00a0\u00bb custom_css_free_form=\u00a0\u00bbselector .df_ici_container {margin: 0 auto;}\u00a0\u00bb global_colors_info=\u00a0\u00bb{%22gcid-b1ace166-c11d-4c70-a679-55884e9ca298%22:%91%22arrow_color%22,%22active_dots_color%22%93,%22gcid-cca90ba6-297c-4d63-9e2c-8201011ef870%22:%91%22dots_color%22%93}\u00a0\u00bb][difl_imagecarouselitem image=\u00a0\u00bbhttps:\/\/www.itakaescolapios.org\/wp-content\/uploads\/2026\/02\/WhatsApp-Image-2026-02-26-at-12.04.37-1.jpeg\u00a0\u00bb ic_button_button_url_new_window=\u00a0\u00bb1&Prime; _builder_version=\u00a0\u00bb4.27.4&Prime; _module_preset=\u00a0\u00bbdefault\u00a0\u00bb global_colors_info=\u00a0\u00bb{}\u00a0\u00bb][\/difl_imagecarouselitem][\/difl_imagecarousel][\/et_pb_column_inner][\/et_pb_row_inner][et_pb_row_inner _builder_version=\u00a0\u00bb4.24.3&Prime; _module_preset=\u00a0\u00bbdefault\u00a0\u00bb custom_padding=\u00a0\u00bb20px||||false|false\u00a0\u00bb border_width_right=\u00a0\u00bb3px\u00a0\u00bb border_color_right=\u00a0\u00bbgcid-b1ace166-c11d-4c70-a679-55884e9ca298&Prime; border_style_right=\u00a0\u00bbdotted\u00a0\u00bb border_width_right_tablet=\u00a0\u00bb3px\u00a0\u00bb border_width_right_phone=\u00a0\u00bb0px\u00a0\u00bb border_width_right_last_edited=\u00a0\u00bbon|desktop\u00a0\u00bb collapsed=\u00a0\u00bbon\u00a0\u00bb global_colors_info=\u00a0\u00bb{%22gcid-b1ace166-c11d-4c70-a679-55884e9ca298%22:%91%22border_color_right%22%93}\u00a0\u00bb][et_pb_column_inner saved_specialty_column_type=\u00a0\u00bb3_4&Prime; _builder_version=\u00a0\u00bb4.24.3&Prime; _module_preset=\u00a0\u00bbdefault\u00a0\u00bb global_colors_info=\u00a0\u00bb{}\u00a0\u00bb][et_pb_text admin_label=\u00a0\u00bbL\u00ednea divisoria\u00a0\u00bb _builder_version=\u00a0\u00bb4.27.4&Prime; _module_preset=\u00a0\u00bbdefault\u00a0\u00bb header_font=\u00a0\u00bbIBM Plex Sans|700|||||||\u00a0\u00bb header_text_color=\u00a0\u00bbgcid-cca90ba6-297c-4d63-9e2c-8201011ef870&Prime; header_font_size=\u00a0\u00bb40px\u00a0\u00bb custom_margin=\u00a0\u00bb|30px|||false|false\u00a0\u00bb header_font_size_tablet=\u00a0\u00bb55px\u00a0\u00bb header_font_size_phone=\u00a0\u00bb30px\u00a0\u00bb header_font_size_last_edited=\u00a0\u00bbon|phone\u00a0\u00bb border_width_bottom=\u00a0\u00bb3px\u00a0\u00bb border_color_bottom=\u00a0\u00bbgcid-b1ace166-c11d-4c70-a679-55884e9ca298&Prime; border_style_bottom=\u00a0\u00bbdotted\u00a0\u00bb global_colors_info=\u00a0\u00bb{%22gcid-cca90ba6-297c-4d63-9e2c-8201011ef870%22:%91%22header_text_color%22%93,%22gcid-b1ace166-c11d-4c70-a679-55884e9ca298%22:%91%22border_color_bottom%22%93}\u00a0\u00bb][\/et_pb_text][difl_imagecarousel item_desktop=\u00a0\u00bb3&Prime; admin_label=\u00a0\u00bbCampa\u00f1a, educa y voluntariado\u00a0\u00bb _builder_version=\u00a0\u00bb4.27.4&Prime; _module_preset=\u00a0\u00bbdefault\u00a0\u00bb width_tablet=\u00a0\u00bb\u00a0\u00bb width_phone=\u00a0\u00bb100%\u00a0\u00bb width_last_edited=\u00a0\u00bbon|desktop\u00a0\u00bb custom_margin=\u00a0\u00bb|62px|||false|false\u00a0\u00bb custom_margin_tablet=\u00a0\u00bb|62px|||false|false\u00a0\u00bb custom_margin_phone=\u00a0\u00bb|62px|||false|false\u00a0\u00bb custom_margin_last_edited=\u00a0\u00bbon|desktop\u00a0\u00bb global_module=\u00a0\u00bb316782&Prime; global_colors_info=\u00a0\u00bb{}\u00a0\u00bb custom_margin__hover_enabled=\u00a0\u00bboff|desktop\u00a0\u00bb custom_margin__hover=\u00a0\u00bb|30px|||false|false\u00a0\u00bb][difl_imagecarouselitem image=\u00a0\u00bbhttps:\/\/www.itakaescolapios.org\/wp-content\/uploads\/2025\/02\/campana-2526.jpg\u00a0\u00bb ic_button_button_url_new_window=\u00a0\u00bb1&Prime; _builder_version=\u00a0\u00bb4.27.4&Prime; _module_preset=\u00a0\u00bbdefault\u00a0\u00bb link_option_url=\u00a0\u00bbhttps:\/\/www.educa.itakaescolapios.org\/campanas\/2025-2026-25-anos-extendiendo-raices\u00a0\u00bb image_en_us=\u00a0\u00bbhttps:\/\/www.itakaescolapios.org\/wp-content\/uploads\/2025\/02\/BANNERS-CAMPANA-INFERIOR-5005002.jpg\u00a0\u00bb image_fr_fr=\u00a0\u00bbhttps:\/\/www.itakaescolapios.org\/wp-content\/uploads\/2025\/02\/BANNERS-CAMPANA-INFERIOR-5005003.jpg\u00a0\u00bb image_eu=\u00a0\u00bbhttps:\/\/www.itakaescolapios.org\/wp-content\/uploads\/2025\/02\/BANNERS-CAMPANA-INFERIOR-5005006.jpg\u00a0\u00bb image_ca=\u00a0\u00bbhttps:\/\/www.itakaescolapios.org\/wp-content\/uploads\/2025\/02\/BANNERS-CAMPANA-INFERIOR-5005005.jpg\u00a0\u00bb image_pt_br=\u00a0\u00bbhttps:\/\/www.itakaescolapios.org\/wp-content\/uploads\/2025\/02\/BANNERS-CAMPANA-INFERIOR-5005004.jpg\u00a0\u00bb global_colors_info=\u00a0\u00bb{}\u00a0\u00bb][\/difl_imagecarouselitem][difl_imagecarouselitem admin_label=\u00a0\u00bbVoluntariado\u00a0\u00bb image=\u00a0\u00bbhttps:\/\/www.itakaescolapios.org\/wp-content\/uploads\/2025\/02\/BANNERS-VOLUNTARIADO-INFERIOR-500500.jpg\u00a0\u00bb ic_button_button_url_new_window=\u00a0\u00bb1&Prime; _builder_version=\u00a0\u00bb4.27.4&Prime; _module_preset=\u00a0\u00bbdefault\u00a0\u00bb link_option_url=\u00a0\u00bbhttps:\/\/www.itakaescolapios.org\/es\/haz-voluntariado\/\u00a0\u00bb image_en_us=\u00a0\u00bbhttps:\/\/www.itakaescolapios.org\/wp-content\/uploads\/2025\/02\/BANNERS-VOLUNTARIADO-INFERIOR-5005002.jpg\u00a0\u00bb image_fr_fr=\u00a0\u00bbhttps:\/\/www.itakaescolapios.org\/wp-content\/uploads\/2025\/02\/BANNERS-VOLUNTARIADO-INFERIOR-5005003.jpg\u00a0\u00bb image_eu=\u00a0\u00bbhttps:\/\/www.itakaescolapios.org\/wp-content\/uploads\/2025\/02\/BANNERS-VOLUNTARIADO-INFERIOR-5005006.jpg\u00a0\u00bb image_ca=\u00a0\u00bbhttps:\/\/www.itakaescolapios.org\/wp-content\/uploads\/2025\/02\/BANNERS-VOLUNTARIADO-INFERIOR-5005004.jpg\u00a0\u00bb image_pt_br=\u00a0\u00bbhttps:\/\/www.itakaescolapios.org\/wp-content\/uploads\/2025\/02\/BANNERS-VOLUNTARIADO-INFERIOR-5005005.jpg\u00a0\u00bb global_colors_info=\u00a0\u00bb{}\u00a0\u00bb][\/difl_imagecarouselitem][difl_imagecarouselitem image=\u00a0\u00bbhttps:\/\/www.itakaescolapios.org\/wp-content\/uploads\/2025\/02\/BANNERS-EDUCA-INFERIOR-500500.jpg\u00a0\u00bb ic_button_button_url_new_window=\u00a0\u00bb1&Prime; _builder_version=\u00a0\u00bb4.27.4&Prime; _module_preset=\u00a0\u00bbdefault\u00a0\u00bb link_option_url=\u00a0\u00bbhttps:\/\/www.educa.itakaescolapios.org\/\u00a0\u00bb image_en_us=\u00a0\u00bbhttps:\/\/www.itakaescolapios.org\/wp-content\/uploads\/2025\/02\/BANNERS-EDUCA-INFERIOR-5005002.jpg\u00a0\u00bb image_fr_fr=\u00a0\u00bbhttps:\/\/www.itakaescolapios.org\/wp-content\/uploads\/2025\/02\/BANNERS-EDUCA-INFERIOR-5005003.jpg\u00a0\u00bb image_eu=\u00a0\u00bbhttps:\/\/www.itakaescolapios.org\/wp-content\/uploads\/2025\/02\/BANNERS-EDUCA-INFERIOR-5005006.jpg\u00a0\u00bb image_ca=\u00a0\u00bbhttps:\/\/www.itakaescolapios.org\/wp-content\/uploads\/2025\/02\/BANNERS-EDUCA-INFERIOR-5005005.jpg\u00a0\u00bb image_pt_br=\u00a0\u00bbhttps:\/\/www.itakaescolapios.org\/wp-content\/uploads\/2025\/02\/BANNERS-EDUCA-INFERIOR-5005004.jpg\u00a0\u00bb global_colors_info=\u00a0\u00bb{}\u00a0\u00bb][\/difl_imagecarouselitem][\/difl_imagecarousel][\/et_pb_column_inner][\/et_pb_row_inner][\/et_pb_column][et_pb_column type=\u00a0\u00bb1_4&Prime; _builder_version=\u00a0\u00bb4.16&Prime; custom_padding=\u00a0\u00bb|||\u00a0\u00bb global_colors_info=\u00a0\u00bb{}\u00a0\u00bb custom_padding__hover=\u00a0\u00bb|||\u00a0\u00bb][difl_imagecarousel item_desktop=\u00a0\u00bb1&Prime; item_tablet=\u00a0\u00bb1&Prime; loop=\u00a0\u00bbon\u00a0\u00bb autoplay=\u00a0\u00bbon\u00a0\u00bb autospeed=\u00a0\u00bb3500&Prime; dots=\u00a0\u00bbon\u00a0\u00bb dots_color=\u00a0\u00bbgcid-cca90ba6-297c-4d63-9e2c-8201011ef870&Prime; active_dots_color=\u00a0\u00bbgcid-b1ace166-c11d-4c70-a679-55884e9ca298&Prime; dots_gap=\u00a0\u00bb21px\u00a0\u00bb item_wrapper_padding=\u00a0\u00bb||15px||false|false\u00a0\u00bb admin_label=\u00a0\u00bbSer miembro y newsletter\u00a0\u00bb module_class=\u00a0\u00bbextiendeenlacedeboton\u00a0\u00bb _builder_version=\u00a0\u00bb4.27.4&Prime; _module_preset=\u00a0\u00bbdefault\u00a0\u00bb global_module=\u00a0\u00bb51656&Prime; saved_tabs=\u00a0\u00bball\u00a0\u00bb locked=\u00a0\u00bboff\u00a0\u00bb global_colors_info=\u00a0\u00bb{%22gcid-cca90ba6-297c-4d63-9e2c-8201011ef870%22:%91%22dots_color%22%93,%22gcid-b1ace166-c11d-4c70-a679-55884e9ca298%22:%91%22active_dots_color%22%93}\u00a0\u00bb][difl_imagecarouselitem image=\u00a0\u00bbhttps:\/\/www.itakaescolapios.org\/wp-content\/uploads\/2025\/02\/banners-500&#215;500-esp.jpg\u00a0\u00bb ic_button_button_text=\u00a0\u00bbbot\u00a0\u00bb ic_button_button_url=\u00a0\u00bb\/es\/colabora\u00a0\u00bb ic_button_button_url_new_window=\u00a0\u00bb1&Prime; _builder_version=\u00a0\u00bb4.27.4&Prime; _module_preset=\u00a0\u00bbdefault\u00a0\u00bb image_en_us=\u00a0\u00bbhttps:\/\/www.itakaescolapios.org\/wp-content\/uploads\/2025\/02\/banners-500&#215;500-eng.jpg\u00a0\u00bb ic_button_button_text_en_us=\u00a0\u00bbbot\u00a0\u00bb image_fr_fr=\u00a0\u00bbhttps:\/\/www.itakaescolapios.org\/wp-content\/uploads\/2025\/02\/banners-500&#215;500-fra.jpg\u00a0\u00bb ic_button_button_text_fr_fr=\u00a0\u00bbbot\u00a0\u00bb image_eu=\u00a0\u00bbhttps:\/\/www.itakaescolapios.org\/wp-content\/uploads\/2025\/02\/banners-500&#215;500-eusk.jpg\u00a0\u00bb ic_button_button_text_eu=\u00a0\u00bbbot\u00a0\u00bb image_ca=\u00a0\u00bbhttps:\/\/www.itakaescolapios.org\/wp-content\/uploads\/2025\/02\/banners-500&#215;500-val.jpg\u00a0\u00bb ic_button_button_text_ca=\u00a0\u00bbbot\u00a0\u00bb image_pt_br=\u00a0\u00bbhttps:\/\/www.itakaescolapios.org\/wp-content\/uploads\/2025\/02\/banners-500&#215;500-port.jpg\u00a0\u00bb ic_button_button_text_pt_br=\u00a0\u00bbbot\u00a0\u00bb global_colors_info=\u00a0\u00bb{}\u00a0\u00bb][\/difl_imagecarouselitem][difl_imagecarouselitem image=\u00a0\u00bbhttps:\/\/www.itakaescolapios.org\/wp-content\/uploads\/2025\/02\/banners-500&#215;500-esp2.png\u00a0\u00bb ic_button_button_text=\u00a0\u00bbbot\u00a0\u00bb ic_button_button_url=\u00a0\u00bb\/es\/suscribete\/\u00a0\u00bb ic_button_button_url_new_window=\u00a0\u00bb1&Prime; _builder_version=\u00a0\u00bb4.27.4&Prime; _module_preset=\u00a0\u00bbdefault\u00a0\u00bb image_en_us=\u00a0\u00bbhttps:\/\/www.itakaescolapios.org\/wp-content\/uploads\/2025\/02\/banners-500&#215;500-eng2.jpg\u00a0\u00bb ic_button_button_text_en_us=\u00a0\u00bbbot\u00a0\u00bb image_fr_fr=\u00a0\u00bbhttps:\/\/www.itakaescolapios.org\/wp-content\/uploads\/2025\/02\/banners-500&#215;500-fra2.jpg\u00a0\u00bb ic_button_button_text_fr_fr=\u00a0\u00bbbot\u00a0\u00bb image_eu=\u00a0\u00bbhttps:\/\/www.itakaescolapios.org\/wp-content\/uploads\/2025\/02\/banners-500&#215;500-eusk2.jpg\u00a0\u00bb ic_button_button_text_eu=\u00a0\u00bbbot\u00a0\u00bb image_ca=\u00a0\u00bbhttps:\/\/www.itakaescolapios.org\/wp-content\/uploads\/2025\/02\/banners-500&#215;500-val2.jpg\u00a0\u00bb ic_button_button_text_ca=\u00a0\u00bbbot\u00a0\u00bb image_pt_br=\u00a0\u00bbhttps:\/\/www.itakaescolapios.org\/wp-content\/uploads\/2025\/02\/banners-500&#215;500-port2.jpg\u00a0\u00bb ic_button_button_text_pt_br=\u00a0\u00bbbot\u00a0\u00bb global_colors_info=\u00a0\u00bb{}\u00a0\u00bb][\/difl_imagecarouselitem][\/difl_imagecarousel][et_pb_text admin_label=\u00a0\u00bbTexto %22\u00daltimas noticias%22&Prime; _builder_version=\u00a0\u00bb4.25.0&Prime; _module_preset=\u00a0\u00bbdefault\u00a0\u00bb header_font=\u00a0\u00bbIBM Plex Sans|700|||||||\u00a0\u00bb header_text_color=\u00a0\u00bbgcid-cca90ba6-297c-4d63-9e2c-8201011ef870&Prime; header_font_size=\u00a0\u00bb40px\u00a0\u00bb custom_margin=\u00a0\u00bb||||false|false\u00a0\u00bb header_font_size_tablet=\u00a0\u00bb55px\u00a0\u00bb header_font_size_phone=\u00a0\u00bb30px\u00a0\u00bb header_font_size_last_edited=\u00a0\u00bbon|phone\u00a0\u00bb content_en_us=\u00a0\u00bb<\/p>\n<h1>Last news<\/h1>\n<p>\u00a0\u00bb content_fr_fr=\u00a0\u00bb<\/p>\n<h1>Derni\u00e8res nouvelles<\/h1>\n<p>\u00a0\u00bb content_eu=\u00a0\u00bb<\/p>\n<h1>Azken berriak<\/h1>\n<p>\u00a0\u00bb content_ca=\u00a0\u00bb<\/p>\n<h1>\u00daltimes not\u00edcies<\/h1>\n<p>\u00a0\u00bb content_pt_br=\u00a0\u00bb<\/p>\n<h1>\u00daltimas not\u00edcias<\/h1>\n<p>\u00a0\u00bb border_width_bottom=\u00a0\u00bb3px\u00a0\u00bb border_color_bottom=\u00a0\u00bbgcid-b1ace166-c11d-4c70-a679-55884e9ca298&Prime; border_style_bottom=\u00a0\u00bbdotted\u00a0\u00bb global_module=\u00a0\u00bb50904&Prime; saved_tabs=\u00a0\u00bball\u00a0\u00bb global_colors_info=\u00a0\u00bb{%22gcid-cca90ba6-297c-4d63-9e2c-8201011ef870%22:%91%22header_text_color%22,%22header_text_color%22%93,%22gcid-b1ace166-c11d-4c70-a679-55884e9ca298%22:%91%22border_color_bottom%22%93}\u00a0\u00bb]<\/p>\n<h1>\u00daltimas noticias<\/h1>\n<p>[\/et_pb_text][difl_blogcarousel posts_number=\u00a0\u00bb6&Prime; post_display=\u00a0\u00bbby_category\u00a0\u00bb include_categories=\u00a0\u00bb30&Prime; use_image_as_background=\u00a0\u00bbon\u00a0\u00bb item_desktop=\u00a0\u00bb1&Prime; item_tablet=\u00a0\u00bb1&Prime; loop=\u00a0\u00bbon\u00a0\u00bb dots=\u00a0\u00bbon\u00a0\u00bb equal_height=\u00a0\u00bbon\u00a0\u00bb item_background_bgcolor=\u00a0\u00bbrgba(175,196,16,0.9)\u00a0\u00bb arrow_color=\u00a0\u00bb#FFFFFF\u00a0\u00bb arrow_background=\u00a0\u00bbgcid-cca90ba6-297c-4d63-9e2c-8201011ef870&Prime; arrow_circle=\u00a0\u00bbon\u00a0\u00bb arrow_prev_icon_use_icon=\u00a0\u00bboff\u00a0\u00bb arrow_prev_margin=\u00a0\u00bb|||-70px|false|false\u00a0\u00bb arrow_prev_margin_tablet=\u00a0\u00bb\u00a0\u00bb arrow_prev_margin_phone=\u00a0\u00bb|||0px|false|false\u00a0\u00bb arrow_prev_margin_last_edited=\u00a0\u00bbon|phone\u00a0\u00bb arrow_next_margin=\u00a0\u00bb|-70px|||false|false\u00a0\u00bb arrow_next_margin_tablet=\u00a0\u00bb\u00a0\u00bb arrow_next_margin_phone=\u00a0\u00bb|0px|||false|false\u00a0\u00bb arrow_next_margin_last_edited=\u00a0\u00bbon|phone\u00a0\u00bb large_active_dot=\u00a0\u00bbon\u00a0\u00bb dots_color=\u00a0\u00bbgcid-cca90ba6-297c-4d63-9e2c-8201011ef870&Prime; active_dots_color=\u00a0\u00bbgcid-b1ace166-c11d-4c70-a679-55884e9ca298&Prime; wrapper_padding=\u00a0\u00bb||15px||false|false\u00a0\u00bb item_wrapper_padding=\u00a0\u00bb300px||||false|false\u00a0\u00bb item_padding=\u00a0\u00bb20px||||false|false\u00a0\u00bb admin_label=\u00a0\u00bbAQU\u00cd CAMBIA LA CATEGOR\u00cdA\u00a0\u00bb _builder_version=\u00a0\u00bb4.27.4&Prime; _module_preset=\u00a0\u00bbdefault\u00a0\u00bb border_radii_item_outer=\u00a0\u00bbon|8px|8px|8px|8px\u00a0\u00bb global_colors_info=\u00a0\u00bb{%22gcid-b1ace166-c11d-4c70-a679-55884e9ca298%22:%91%22item_background_bgcolor%22,%22active_dots_color%22%93}\u00a0\u00bb][difl_postitem type=\u00a0\u00bbtitle\u00a0\u00bb element_padding=\u00a0\u00bb10px|10px||10px|false|true\u00a0\u00bb _builder_version=\u00a0\u00bb4.27.4&Prime; _module_preset=\u00a0\u00bbdefault\u00a0\u00bb post_font_style_font=\u00a0\u00bbMerriweather|900|||||||\u00a0\u00bb post_font_style_text_color=\u00a0\u00bb#FFFFFF\u00a0\u00bb post_font_style_font_size=\u00a0\u00bb20px\u00a0\u00bb post_font_style_line_height=\u00a0\u00bb22px\u00a0\u00bb background_color=\u00a0\u00bbRGBA(255,255,255,0)\u00a0\u00bb background_enable_color=\u00a0\u00bbon\u00a0\u00bb text_orientation=\u00a0\u00bbcenter\u00a0\u00bb global_colors_info=\u00a0\u00bb{}\u00a0\u00bb][\/difl_postitem][difl_postitem type=\u00a0\u00bbdate\u00a0\u00bb date_format=\u00a0\u00bbj-F-Y\u00a0\u00bb meta_display=\u00a0\u00bbblock\u00a0\u00bb use_icon=\u00a0\u00bbon\u00a0\u00bb font_icon=\u00a0\u00bb&#xe023;||divi||400&Prime; icon_color=\u00a0\u00bb#FFFFFF\u00a0\u00bb element_padding=\u00a0\u00bb|10px||10px|false|true\u00a0\u00bb _builder_version=\u00a0\u00bb4.27.4&Prime; _module_preset=\u00a0\u00bbdefault\u00a0\u00bb post_font_style_font=\u00a0\u00bbIBM Plex Sans|700|||||||\u00a0\u00bb post_font_style_text_color=\u00a0\u00bb#FFFFFF\u00a0\u00bb post_font_style_font_size=\u00a0\u00bb12px\u00a0\u00bb background_color=\u00a0\u00bbRGBA(255,255,255,0)\u00a0\u00bb background_enable_color=\u00a0\u00bbon\u00a0\u00bb text_orientation=\u00a0\u00bbright\u00a0\u00bb global_colors_info=\u00a0\u00bb{}\u00a0\u00bb][\/difl_postitem][\/difl_blogcarousel][et_pb_text admin_label=\u00a0\u00bbTexto %22S\u00edguenos%22&Prime; _builder_version=\u00a0\u00bb4.27.4&Prime; _module_preset=\u00a0\u00bbdefault\u00a0\u00bb header_font=\u00a0\u00bbIBM Plex Sans|600|||||||\u00a0\u00bb header_text_color=\u00a0\u00bb#FFFFFF\u00a0\u00bb background_color=\u00a0\u00bbgcid-cca90ba6-297c-4d63-9e2c-8201011ef870&Prime; custom_margin=\u00a0\u00bb0px||0px||true|false\u00a0\u00bb custom_padding=\u00a0\u00bb20px||||false|false\u00a0\u00bb content_en_us=\u00a0\u00bb<\/p>\n<h1 style=%22text-align: center;%22>Follow us<\/h1>\n<p>\u00a0\u00bb content_fr_fr=\u00a0\u00bb<\/p>\n<h1 style=%22text-align: center;%22>Suivez-nous sur<\/h1>\n<p>\u00a0\u00bb content_eu=\u00a0\u00bb<\/p>\n<h1 style=%22text-align: center;%22>Jarraitu<\/h1>\n<p>\u00a0\u00bb content_ca=\u00a0\u00bb<\/p>\n<h1 style=%22text-align: center;%22>Segueix-nos<\/h1>\n<p>\u00a0\u00bb content_pt_br=\u00a0\u00bb<\/p>\n<h1 style=%22text-align: center;%22>Siga-nos em<\/h1>\n<p>\u00a0\u00bb border_radii=\u00a0\u00bboff||15px||\u00a0\u00bb global_colors_info=\u00a0\u00bb{%22gcid-cca90ba6-297c-4d63-9e2c-8201011ef870%22:%91%22background_color%22%93}\u00a0\u00bb]<\/p>\n<h1 style=\"text-align: center;\">S\u00edguenos<\/h1>\n<p>[\/et_pb_text][et_pb_social_media_follow admin_label=\u00a0\u00bbREDES SOCIALES SEDE\u00a0\u00bb module_class=\u00a0\u00bbredes-portada-sede\u00a0\u00bb _builder_version=\u00a0\u00bb4.25.1&Prime; _module_preset=\u00a0\u00bbdefault\u00a0\u00bb background_color=\u00a0\u00bbgcid-cca90ba6-297c-4d63-9e2c-8201011ef870&Prime; text_orientation=\u00a0\u00bbcenter\u00a0\u00bb custom_margin=\u00a0\u00bb0px||||false|false\u00a0\u00bb custom_padding=\u00a0\u00bb15px||15px||true|false\u00a0\u00bb custom_css_free_form=\u00a0\u00bb.redes-portada-sede.et_pb_module {border-bottom-left-radius: 15px !important;}\u00a0\u00bb border_radii=\u00a0\u00bboff|15px|15px|15px|15px\u00a0\u00bb global_colors_info=\u00a0\u00bb{%22gcid-cca90ba6-297c-4d63-9e2c-8201011ef870%22:%91%22background_color%22%93}\u00a0\u00bb][et_pb_social_media_follow_network social_network=\u00a0\u00bbfacebook\u00a0\u00bb icon_color=\u00a0\u00bbgcid-cca90ba6-297c-4d63-9e2c-8201011ef870&Prime; _builder_version=\u00a0\u00bb4.24.3&Prime; _module_preset=\u00a0\u00bbdefault\u00a0\u00bb background_color=\u00a0\u00bb#FFFFFF\u00a0\u00bb background_enable_color=\u00a0\u00bbon\u00a0\u00bb global_colors_info=\u00a0\u00bb{%22gcid-cca90ba6-297c-4d63-9e2c-8201011ef870%22:%91%22icon_color%22%93}\u00a0\u00bb follow_button=\u00a0\u00bboff\u00a0\u00bb url_new_window=\u00a0\u00bbon\u00a0\u00bb]facebook[\/et_pb_social_media_follow_network][et_pb_social_media_follow_network social_network=\u00a0\u00bbinstagram\u00a0\u00bb icon_color=\u00a0\u00bbgcid-cca90ba6-297c-4d63-9e2c-8201011ef870&Prime; _builder_version=\u00a0\u00bb4.24.3&Prime; _module_preset=\u00a0\u00bbdefault\u00a0\u00bb background_color=\u00a0\u00bb#FFFFFF\u00a0\u00bb background_enable_color=\u00a0\u00bbon\u00a0\u00bb global_colors_info=\u00a0\u00bb{%22gcid-cca90ba6-297c-4d63-9e2c-8201011ef870%22:%91%22icon_color%22%93}\u00a0\u00bb follow_button=\u00a0\u00bboff\u00a0\u00bb url_new_window=\u00a0\u00bbon\u00a0\u00bb]instagram[\/et_pb_social_media_follow_network][et_pb_social_media_follow_network social_network=\u00a0\u00bbyoutube\u00a0\u00bb icon_color=\u00a0\u00bbgcid-cca90ba6-297c-4d63-9e2c-8201011ef870&Prime; _builder_version=\u00a0\u00bb4.24.3&Prime; _module_preset=\u00a0\u00bbdefault\u00a0\u00bb background_color=\u00a0\u00bb#FFFFFF\u00a0\u00bb background_enable_color=\u00a0\u00bbon\u00a0\u00bb global_colors_info=\u00a0\u00bb{%22gcid-cca90ba6-297c-4d63-9e2c-8201011ef870%22:%91%22icon_color%22%93}\u00a0\u00bb follow_button=\u00a0\u00bboff\u00a0\u00bb url_new_window=\u00a0\u00bbon\u00a0\u00bb]youtube[\/et_pb_social_media_follow_network][\/et_pb_social_media_follow][difl_imagecarousel item_desktop=\u00a0\u00bb1&Prime; item_tablet=\u00a0\u00bb1&Prime; loop=\u00a0\u00bbon\u00a0\u00bb autoplay=\u00a0\u00bbon\u00a0\u00bb autospeed=\u00a0\u00bb3500&Prime; dots=\u00a0\u00bbon\u00a0\u00bb dots_color=\u00a0\u00bbgcid-cca90ba6-297c-4d63-9e2c-8201011ef870&Prime; active_dots_color=\u00a0\u00bbgcid-b1ace166-c11d-4c70-a679-55884e9ca298&Prime; item_wrapper_padding=\u00a0\u00bb||20px||false|false\u00a0\u00bb admin_label=\u00a0\u00bbFormaci\u00f3n, hemeroteca y formaci\u00f3n\u00a0\u00bb module_class=\u00a0\u00bbextiendeenlacedeboton\u00a0\u00bb _builder_version=\u00a0\u00bb4.27.4&Prime; _module_preset=\u00a0\u00bbdefault\u00a0\u00bb module_alignment=\u00a0\u00bbcenter\u00a0\u00bb custom_margin=\u00a0\u00bb||||false|false\u00a0\u00bb global_module=\u00a0\u00bb51721&Prime; saved_tabs=\u00a0\u00bball\u00a0\u00bb global_colors_info=\u00a0\u00bb{%22gcid-cca90ba6-297c-4d63-9e2c-8201011ef870%22:%91%22dots_color%22%93,%22gcid-b1ace166-c11d-4c70-a679-55884e9ca298%22:%91%22active_dots_color%22%93}\u00a0\u00bb custom_margin__hover_enabled=\u00a0\u00bbon|hover\u00a0\u00bb custom_margin__hover=\u00a0\u00bb||||false|false\u00a0\u00bb][difl_imagecarouselitem admin_label=\u00a0\u00bbFormaci\u00f3n\u00a0\u00bb image=\u00a0\u00bbhttps:\/\/www.itakaescolapios.org\/wp-content\/uploads\/2025\/02\/banners-500&#215;500-esp5.jpg\u00a0\u00bb ic_button_button_text=\u00a0\u00bbbot\u00a0\u00bb ic_button_button_url=\u00a0\u00bb\/es\/que-hacemos\/formacion\/\u00a0\u00bb ic_button_button_url_new_window=\u00a0\u00bb1&Prime; _builder_version=\u00a0\u00bb4.27.4&Prime; _module_preset=\u00a0\u00bbdefault\u00a0\u00bb image_en_us=\u00a0\u00bbhttps:\/\/www.itakaescolapios.org\/wp-content\/uploads\/2025\/02\/banners-500&#215;500-eng5.jpg\u00a0\u00bb ic_button_button_text_en_us=\u00a0\u00bbbot\u00a0\u00bb image_fr_fr=\u00a0\u00bbhttps:\/\/www.itakaescolapios.org\/wp-content\/uploads\/2025\/02\/banners-500&#215;500-fra5.jpg\u00a0\u00bb ic_button_button_text_fr_fr=\u00a0\u00bbbot\u00a0\u00bb image_eu=\u00a0\u00bbhttps:\/\/www.itakaescolapios.org\/wp-content\/uploads\/2025\/02\/banners-500&#215;500-eusk5.jpg\u00a0\u00bb ic_button_button_text_eu=\u00a0\u00bbbot\u00a0\u00bb image_ca=\u00a0\u00bbhttps:\/\/www.itakaescolapios.org\/wp-content\/uploads\/2025\/02\/banners-500&#215;500-val5.jpg\u00a0\u00bb ic_button_button_text_ca=\u00a0\u00bbbot\u00a0\u00bb image_pt_br=\u00a0\u00bbhttps:\/\/www.itakaescolapios.org\/wp-content\/uploads\/2025\/02\/banners-500&#215;500-port5.jpg\u00a0\u00bb ic_button_button_text_pt_br=\u00a0\u00bbbot\u00a0\u00bb global_colors_info=\u00a0\u00bb{}\u00a0\u00bb][\/difl_imagecarouselitem][difl_imagecarouselitem admin_label=\u00a0\u00bbPublicaciones\u00a0\u00bb image=\u00a0\u00bbhttps:\/\/www.itakaescolapios.org\/wp-content\/uploads\/2025\/02\/banners-500&#215;500-esp3-1.jpg\u00a0\u00bb ic_button_button_text=\u00a0\u00bbbot\u00a0\u00bb ic_button_button_url=\u00a0\u00bb\/es\/publicaciones\u00a0\u00bb ic_button_button_url_new_window=\u00a0\u00bb1&Prime; _builder_version=\u00a0\u00bb4.27.4&Prime; _module_preset=\u00a0\u00bbdefault\u00a0\u00bb image_en_us=\u00a0\u00bbhttps:\/\/www.itakaescolapios.org\/wp-content\/uploads\/2025\/02\/banners-500&#215;500-eng3.jpg\u00a0\u00bb ic_button_button_text_en_us=\u00a0\u00bbbot\u00a0\u00bb image_fr_fr=\u00a0\u00bbhttps:\/\/www.itakaescolapios.org\/wp-content\/uploads\/2025\/02\/banners-500&#215;500-fra3.jpg\u00a0\u00bb ic_button_button_text_fr_fr=\u00a0\u00bbbot\u00a0\u00bb image_eu=\u00a0\u00bbhttps:\/\/www.itakaescolapios.org\/wp-content\/uploads\/2025\/02\/banners-500&#215;500-eusk3.jpg\u00a0\u00bb ic_button_button_text_eu=\u00a0\u00bbbot\u00a0\u00bb image_ca=\u00a0\u00bbhttps:\/\/www.itakaescolapios.org\/wp-content\/uploads\/2025\/02\/banners-500&#215;500-val3.jpg\u00a0\u00bb ic_button_button_text_ca=\u00a0\u00bbbot\u00a0\u00bb image_pt_br=\u00a0\u00bbhttps:\/\/www.itakaescolapios.org\/wp-content\/uploads\/2025\/02\/banners-500&#215;500-port3.jpg\u00a0\u00bb ic_button_button_text_pt_br=\u00a0\u00bbbot\u00a0\u00bb global_colors_info=\u00a0\u00bb{}\u00a0\u00bb][\/difl_imagecarouselitem][difl_imagecarouselitem admin_label=\u00a0\u00bbHemeroteca\u00a0\u00bb image=\u00a0\u00bbhttps:\/\/www.itakaescolapios.org\/wp-content\/uploads\/2025\/02\/banners-500&#215;500-esp4.jpg\u00a0\u00bb ic_button_button_text=\u00a0\u00bbbot\u00a0\u00bb ic_button_button_url=\u00a0\u00bb\/es\/noticias\/\u00a0\u00bb ic_button_button_url_new_window=\u00a0\u00bb1&Prime; _builder_version=\u00a0\u00bb4.27.4&Prime; _module_preset=\u00a0\u00bbdefault\u00a0\u00bb image_en_us=\u00a0\u00bbhttps:\/\/www.itakaescolapios.org\/wp-content\/uploads\/2025\/02\/banners-500&#215;500-eng4.jpg\u00a0\u00bb ic_button_button_text_en_us=\u00a0\u00bbbot\u00a0\u00bb image_fr_fr=\u00a0\u00bbhttps:\/\/www.itakaescolapios.org\/wp-content\/uploads\/2025\/02\/banners-500&#215;500-fra4.jpg\u00a0\u00bb ic_button_button_text_fr_fr=\u00a0\u00bbbot\u00a0\u00bb image_eu=\u00a0\u00bbhttps:\/\/www.itakaescolapios.org\/wp-content\/uploads\/2025\/02\/banners-500&#215;500-eusk4.jpg\u00a0\u00bb ic_button_button_text_eu=\u00a0\u00bbbot\u00a0\u00bb image_ca=\u00a0\u00bbhttps:\/\/www.itakaescolapios.org\/wp-content\/uploads\/2025\/02\/banners-500&#215;500-val4.jpg\u00a0\u00bb ic_button_button_text_ca=\u00a0\u00bbbot\u00a0\u00bb image_pt_br=\u00a0\u00bbhttps:\/\/www.itakaescolapios.org\/wp-content\/uploads\/2025\/02\/banners-500&#215;500-port4.jpg\u00a0\u00bb ic_button_button_text_pt_br=\u00a0\u00bbbot\u00a0\u00bb global_colors_info=\u00a0\u00bb{}\u00a0\u00bb][\/difl_imagecarouselitem][\/difl_imagecarousel][\/et_pb_column][\/et_pb_section]<\/p>\n","protected":false},"excerpt":{"rendered":"<p>Presentaci\u00f3n de la Campa\u00f1a de Solidaridad 2025-2026Con mucha alegr\u00eda se llev\u00f3 a cabo el encuentro virtual donde se present\u00f3 la nueva Campa\u00f1a de Solidaridad \u201c25 a\u00f1os extendiendo ra\u00edces\u201d, impulsada por [&hellip;]<\/p>\n","protected":false},"author":62,"featured_media":330629,"comment_status":"closed","ping_status":"closed","sticky":false,"template":"","format":"standard","meta":{"_et_pb_use_builder":"on","_et_pb_old_content":"","_et_gb_content_width":"","footnotes":""},"categories":[1],"tags":[],"class_list":["post-330627","post","type-post","status-publish","format-standard","has-post-thumbnail","hentry","category-none"],"yoast_head":"<!-- This site is optimized with the Yoast SEO plugin v27.4 - https:\/\/yoast.com\/product\/yoast-seo-wordpress\/ -->\n<title>Presentaci\u00f3n de la Campa\u00f1a de Solidaridad 2025-2026<\/title>\n<meta name=\"description\" content=\"[et_pb_section fb_built=&quot;1&quot; make_equal=&quot;on&quot; use_custom_gutter=&quot;on&quot; gutter_width=&quot;2&quot; specialty=&quot;on&quot; _builder_version=&quot;4.24.3&quot; _module_preset=&quot;default&quot; width=&quot;100%&quot; max_width=&quot;100%&quot; module_alignment=&quot;center&quot; inner_width=&quot;90%&quot; inner_max_width=&quot;2222px&quot; inner_module_alignment=&quot;center&quot; custom_margin=&quot;0px||||false|false&quot; custom_padding=&quot;0px||||false|false&quot; da_disable_devices=&quot;off|off|off&quot; global_colors_info=&quot;{}&quot; da_is_popup=&quot;off&quot; da_exit_intent=&quot;off&quot; da_has_close=&quot;on&quot; da_alt_close=&quot;off&quot; da_dark_close=&quot;off&quot; da_not_modal=&quot;on&quot; da_is_singular=&quot;off&quot; da_with_loader=&quot;off&quot; da_has_shadow=&quot;on&quot;][et_pb_column type=&quot;3_4&quot; specialty_columns=&quot;3&quot; _builder_version=&quot;4.16&quot; custom_padding=&quot;|||&quot; global_colors_info=&quot;{}&quot; custom_padding__hover=&quot;|||&quot;][et_pb_row_inner custom_padding_last_edited=&quot;on|phone&quot; _builder_version=&quot;4.24.3&quot; _module_preset=&quot;default&quot; module_alignment=&quot;center&quot; custom_padding=&quot;|50px|4px||false|false&quot; custom_padding_tablet=&quot;|50px|4px||false|false&quot; custom_padding_phone=&quot;|0px|||false|false&quot; border_color_all=&quot;gcid-b1ace166-c11d-4c70-a679-55884e9ca298&quot; border_style_all=&quot;dotted&quot; border_width_right=&quot;3px&quot; border_color_right=&quot;gcid-b1ace166-c11d-4c70-a679-55884e9ca298&quot; border_width_right_tablet=&quot;3px&quot; border_width_right_phone=&quot;0px&quot; border_width_right_last_edited=&quot;on|desktop&quot; collapsed=&quot;off&quot; global_colors_info=&quot;{%22gcid-b1ace166-c11d-4c70-a679-55884e9ca298%22:%91%22border_color_all%22,%22border_color_right%22%93}&quot;][et_pb_column_inner saved_specialty_column_type=&quot;3_4&quot; _builder_version=&quot;4.24.3&quot; _module_preset=&quot;default&quot; global_colors_info=&quot;{}&quot;][et_pb_text admin_label=&quot;T\u00cdTULO NOTICIA&quot;\u2026\" \/>\n<meta name=\"robots\" content=\"index, follow, max-snippet:-1, max-image-preview:large, max-video-preview:-1\" \/>\n<link rel=\"canonical\" href=\"\" \/>\n<meta property=\"og:locale\" content=\"fr_FR\" \/>\n<meta property=\"og:type\" content=\"article\" \/>\n<meta property=\"og:title\" content=\"Presentaci\u00f3n de la Campa\u00f1a de Solidaridad 2025-2026\" \/>\n<meta property=\"og:description\" content=\"[et_pb_section fb_built=&quot;1&quot; make_equal=&quot;on&quot; use_custom_gutter=&quot;on&quot; gutter_width=&quot;2&quot; specialty=&quot;on&quot; _builder_version=&quot;4.24.3&quot; _module_preset=&quot;default&quot; width=&quot;100%&quot; max_width=&quot;100%&quot; module_alignment=&quot;center&quot; inner_width=&quot;90%&quot; inner_max_width=&quot;2222px&quot; inner_module_alignment=&quot;center&quot; custom_margin=&quot;0px||||false|false&quot; custom_padding=&quot;0px||||false|false&quot; da_disable_devices=&quot;off|off|off&quot; global_colors_info=&quot;{}&quot; da_is_popup=&quot;off&quot; da_exit_intent=&quot;off&quot; da_has_close=&quot;on&quot; da_alt_close=&quot;off&quot; da_dark_close=&quot;off&quot; da_not_modal=&quot;on&quot; da_is_singular=&quot;off&quot; da_with_loader=&quot;off&quot; da_has_shadow=&quot;on&quot;][et_pb_column type=&quot;3_4&quot; specialty_columns=&quot;3&quot; _builder_version=&quot;4.16&quot; custom_padding=&quot;|||&quot; global_colors_info=&quot;{}&quot; custom_padding__hover=&quot;|||&quot;][et_pb_row_inner custom_padding_last_edited=&quot;on|phone&quot; _builder_version=&quot;4.24.3&quot; _module_preset=&quot;default&quot; module_alignment=&quot;center&quot; custom_padding=&quot;|50px|4px||false|false&quot; custom_padding_tablet=&quot;|50px|4px||false|false&quot; custom_padding_phone=&quot;|0px|||false|false&quot; border_color_all=&quot;gcid-b1ace166-c11d-4c70-a679-55884e9ca298&quot; border_style_all=&quot;dotted&quot; border_width_right=&quot;3px&quot; border_color_right=&quot;gcid-b1ace166-c11d-4c70-a679-55884e9ca298&quot; border_width_right_tablet=&quot;3px&quot; border_width_right_phone=&quot;0px&quot; border_width_right_last_edited=&quot;on|desktop&quot; collapsed=&quot;off&quot; global_colors_info=&quot;{%22gcid-b1ace166-c11d-4c70-a679-55884e9ca298%22:%91%22border_color_all%22,%22border_color_right%22%93}&quot;][et_pb_column_inner saved_specialty_column_type=&quot;3_4&quot; _builder_version=&quot;4.24.3&quot; _module_preset=&quot;default&quot; global_colors_info=&quot;{}&quot;][et_pb_text admin_label=&quot;T\u00cdTULO NOTICIA&quot;\u2026\" \/>\n<meta property=\"og:url\" content=\"https:\/\/www.itakaescolapios.org\/fr\/2026\/02\/presentacion-de-la-campana-de-solidaridad-2025-2026\/\" \/>\n<meta property=\"og:site_name\" content=\"Itaka-Escolapios\" \/>\n<meta property=\"article:published_time\" content=\"2026-02-26T14:30:03+00:00\" \/>\n<meta property=\"article:modified_time\" content=\"2026-02-26T14:30:44+00:00\" \/>\n<meta property=\"og:image\" content=\"https:\/\/www.itakaescolapios.org\/wp-content\/uploads\/2026\/02\/WhatsApp-Image-2026-02-26-at-12.04.37-1.jpeg\" \/>\n\t<meta property=\"og:image:width\" content=\"1080\" \/>\n\t<meta property=\"og:image:height\" content=\"1080\" \/>\n\t<meta property=\"og:image:type\" content=\"image\/jpeg\" \/>\n<meta name=\"author\" content=\"Equipo TIC Ema\u00fas\" \/>\n<meta name=\"twitter:card\" content=\"summary_large_image\" \/>\n<meta name=\"twitter:label1\" content=\"\u00c9crit par\" \/>\n\t<meta name=\"twitter:data1\" content=\"Equipo TIC Ema\u00fas\" \/>\n\t<meta name=\"twitter:label2\" content=\"Dur\u00e9e de lecture estim\u00e9e\" \/>\n\t<meta name=\"twitter:data2\" content=\"7 minutes\" \/>\n<script type=\"application\/ld+json\" class=\"yoast-schema-graph\">{\"@context\":\"https:\\\/\\\/schema.org\",\"@graph\":[{\"@type\":\"Article\",\"@id\":\"https:\\\/\\\/www.itakaescolapios.org\\\/fr\\\/2026\\\/02\\\/presentacion-de-la-campana-de-solidaridad-2025-2026\\\/#article\",\"isPartOf\":{\"@id\":\"https:\\\/\\\/www.itakaescolapios.org\\\/fr\\\/2026\\\/02\\\/presentacion-de-la-campana-de-solidaridad-2025-2026\\\/\"},\"author\":{\"name\":\"Equipo TIC Ema\u00fas\",\"@id\":\"https:\\\/\\\/www.itakaescolapios.org\\\/es\\\/#\\\/schema\\\/person\\\/200262de1d464b07c45f3c70eb4cf614\"},\"headline\":\"Presentaci\u00f3n de la Campa\u00f1a de Solidaridad 2025-2026\",\"datePublished\":\"2026-02-26T14:30:03+00:00\",\"dateModified\":\"2026-02-26T14:30:44+00:00\",\"mainEntityOfPage\":{\"@id\":\"https:\\\/\\\/www.itakaescolapios.org\\\/fr\\\/2026\\\/02\\\/presentacion-de-la-campana-de-solidaridad-2025-2026\\\/\"},\"wordCount\":4003,\"publisher\":{\"@id\":\"https:\\\/\\\/www.itakaescolapios.org\\\/es\\\/#organization\"},\"image\":{\"@id\":\"https:\\\/\\\/www.itakaescolapios.org\\\/fr\\\/2026\\\/02\\\/presentacion-de-la-campana-de-solidaridad-2025-2026\\\/#primaryimage\"},\"thumbnailUrl\":\"https:\\\/\\\/www.itakaescolapios.org\\\/wp-content\\\/uploads\\\/2026\\\/02\\\/WhatsApp-Image-2026-02-26-at-12.04.37-1.jpeg\",\"articleSection\":[\"Ninguna\"],\"inLanguage\":\"fr-FR\"},{\"@type\":\"WebPage\",\"@id\":\"https:\\\/\\\/www.itakaescolapios.org\\\/fr\\\/2026\\\/02\\\/presentacion-de-la-campana-de-solidaridad-2025-2026\\\/\",\"url\":\"https:\\\/\\\/www.itakaescolapios.org\\\/fr\\\/2026\\\/02\\\/presentacion-de-la-campana-de-solidaridad-2025-2026\\\/\",\"name\":\"Presentaci\u00f3n de la Campa\u00f1a de Solidaridad 2025-2026 - Itaka-Escolapios\",\"isPartOf\":{\"@id\":\"https:\\\/\\\/www.itakaescolapios.org\\\/es\\\/#website\"},\"primaryImageOfPage\":{\"@id\":\"https:\\\/\\\/www.itakaescolapios.org\\\/fr\\\/2026\\\/02\\\/presentacion-de-la-campana-de-solidaridad-2025-2026\\\/#primaryimage\"},\"image\":{\"@id\":\"https:\\\/\\\/www.itakaescolapios.org\\\/fr\\\/2026\\\/02\\\/presentacion-de-la-campana-de-solidaridad-2025-2026\\\/#primaryimage\"},\"thumbnailUrl\":\"https:\\\/\\\/www.itakaescolapios.org\\\/wp-content\\\/uploads\\\/2026\\\/02\\\/WhatsApp-Image-2026-02-26-at-12.04.37-1.jpeg\",\"datePublished\":\"2026-02-26T14:30:03+00:00\",\"dateModified\":\"2026-02-26T14:30:44+00:00\",\"breadcrumb\":{\"@id\":\"https:\\\/\\\/www.itakaescolapios.org\\\/fr\\\/2026\\\/02\\\/presentacion-de-la-campana-de-solidaridad-2025-2026\\\/#breadcrumb\"},\"inLanguage\":\"fr-FR\",\"potentialAction\":[{\"@type\":\"ReadAction\",\"target\":[\"https:\\\/\\\/www.itakaescolapios.org\\\/fr\\\/2026\\\/02\\\/presentacion-de-la-campana-de-solidaridad-2025-2026\\\/\"]}]},{\"@type\":\"ImageObject\",\"inLanguage\":\"fr-FR\",\"@id\":\"https:\\\/\\\/www.itakaescolapios.org\\\/fr\\\/2026\\\/02\\\/presentacion-de-la-campana-de-solidaridad-2025-2026\\\/#primaryimage\",\"url\":\"https:\\\/\\\/www.itakaescolapios.org\\\/wp-content\\\/uploads\\\/2026\\\/02\\\/WhatsApp-Image-2026-02-26-at-12.04.37-1.jpeg\",\"contentUrl\":\"https:\\\/\\\/www.itakaescolapios.org\\\/wp-content\\\/uploads\\\/2026\\\/02\\\/WhatsApp-Image-2026-02-26-at-12.04.37-1.jpeg\",\"width\":1080,\"height\":1080},{\"@type\":\"BreadcrumbList\",\"@id\":\"https:\\\/\\\/www.itakaescolapios.org\\\/fr\\\/2026\\\/02\\\/presentacion-de-la-campana-de-solidaridad-2025-2026\\\/#breadcrumb\",\"itemListElement\":[{\"@type\":\"ListItem\",\"position\":1,\"name\":\"Itaka-Escolapios\",\"item\":\"https:\\\/\\\/www.itakaescolapios.org\\\/es\\\/\"},{\"@type\":\"ListItem\",\"position\":2,\"name\":\"Presentaci\u00f3n de la Campa\u00f1a de Solidaridad 2025-2026\"}]},{\"@type\":\"WebSite\",\"@id\":\"https:\\\/\\\/www.itakaescolapios.org\\\/fr\\\/es\\\/#website\",\"url\":\"https:\\\/\\\/www.itakaescolapios.org\\\/fr\\\/es\\\/\",\"name\":\"Itaka-Escolapios\",\"description\":\"Red de Itaka-Escolapios\",\"publisher\":{\"@id\":\"https:\\\/\\\/www.itakaescolapios.org\\\/fr\\\/es\\\/#organization\"},\"potentialAction\":[{\"@type\":\"SearchAction\",\"target\":{\"@type\":\"EntryPoint\",\"urlTemplate\":\"https:\\\/\\\/www.itakaescolapios.org\\\/fr\\\/es\\\/?s={search_term_string}\"},\"query-input\":{\"@type\":\"PropertyValueSpecification\",\"valueRequired\":true,\"valueName\":\"search_term_string\"}}],\"inLanguage\":\"fr-FR\"},{\"@type\":\"Organization\",\"@id\":\"https:\\\/\\\/www.itakaescolapios.org\\\/fr\\\/es\\\/#organization\",\"name\":\"Fundaci\u00f3 Itaka-Escolapios\",\"url\":\"https:\\\/\\\/www.itakaescolapios.org\\\/fr\\\/es\\\/\",\"logo\":{\"@type\":\"ImageObject\",\"inLanguage\":\"fr-FR\",\"@id\":\"https:\\\/\\\/www.itakaescolapios.org\\\/fr\\\/es\\\/#\\\/schema\\\/logo\\\/image\\\/\",\"url\":\"https:\\\/\\\/www.itakaescolapios.org\\\/wp-content\\\/uploads\\\/2024\\\/04\\\/Logo-itakaescolapios-peque.png\",\"contentUrl\":\"https:\\\/\\\/www.itakaescolapios.org\\\/wp-content\\\/uploads\\\/2024\\\/04\\\/Logo-itakaescolapios-peque.png\",\"width\":500,\"height\":199,\"caption\":\"Fundaci\u00f3 Itaka-Escolapios\"},\"image\":{\"@id\":\"https:\\\/\\\/www.itakaescolapios.org\\\/fr\\\/es\\\/#\\\/schema\\\/logo\\\/image\\\/\"}},{\"@type\":\"Person\",\"@id\":\"https:\\\/\\\/www.itakaescolapios.org\\\/es\\\/#\\\/schema\\\/person\\\/200262de1d464b07c45f3c70eb4cf614\",\"name\":\"Equipo TIC Ema\u00fas\",\"url\":\"https:\\\/\\\/www.itakaescolapios.org\\\/fr\\\/author\\\/ntic\\\/\"}]}<\/script>\n<!-- \/ Yoast SEO plugin. -->","yoast_head_json":{"title":"Presentaci\u00f3n de la Campa\u00f1a de Solidaridad 2025-2026","description":"[et_pb_section fb_built=\"1\" make_equal=\"on\" use_custom_gutter=\"on\" gutter_width=\"2\" specialty=\"on\" _builder_version=\"4.24.3\" _module_preset=\"default\" width=\"100%\" max_width=\"100%\" module_alignment=\"center\" inner_width=\"90%\" inner_max_width=\"2222px\" inner_module_alignment=\"center\" custom_margin=\"0px||||false|false\" custom_padding=\"0px||||false|false\" da_disable_devices=\"off|off|off\" global_colors_info=\"{}\" da_is_popup=\"off\" da_exit_intent=\"off\" da_has_close=\"on\" da_alt_close=\"off\" da_dark_close=\"off\" da_not_modal=\"on\" da_is_singular=\"off\" da_with_loader=\"off\" da_has_shadow=\"on\"][et_pb_column type=\"3_4\" specialty_columns=\"3\" _builder_version=\"4.16\" custom_padding=\"|||\" global_colors_info=\"{}\" custom_padding__hover=\"|||\"][et_pb_row_inner custom_padding_last_edited=\"on|phone\" _builder_version=\"4.24.3\" _module_preset=\"default\" module_alignment=\"center\" custom_padding=\"|50px|4px||false|false\" custom_padding_tablet=\"|50px|4px||false|false\" custom_padding_phone=\"|0px|||false|false\" border_color_all=\"gcid-b1ace166-c11d-4c70-a679-55884e9ca298\" border_style_all=\"dotted\" border_width_right=\"3px\" border_color_right=\"gcid-b1ace166-c11d-4c70-a679-55884e9ca298\" border_width_right_tablet=\"3px\" border_width_right_phone=\"0px\" border_width_right_last_edited=\"on|desktop\" collapsed=\"off\" global_colors_info=\"{%22gcid-b1ace166-c11d-4c70-a679-55884e9ca298%22:%91%22border_color_all%22,%22border_color_right%22%93}\"][et_pb_column_inner saved_specialty_column_type=\"3_4\" _builder_version=\"4.24.3\" _module_preset=\"default\" global_colors_info=\"{}\"][et_pb_text admin_label=\"T\u00cdTULO NOTICIA\"\u2026","robots":{"index":"index","follow":"follow","max-snippet":"max-snippet:-1","max-image-preview":"max-image-preview:large","max-video-preview":"max-video-preview:-1"},"canonical":"[et_pb_section fb_built=\"1\" make_equal=\"on\" use_custom_gutter=\"on\" gutter_width=\"2\" specialty=\"on\" _builder_version=\"4.24.3\" _module_preset=\"default\" width=\"100%\" max_width=\"100%\" module_alignment=\"center\" inner_width=\"90%\" inner_max_width=\"2222px\" inner_module_alignment=\"center\" custom_margin=\"0px||||false|false\" custom_padding=\"0px||||false|false\" da_disable_devices=\"off|off|off\" global_colors_info=\"{}\" da_is_popup=\"off\" da_exit_intent=\"off\" da_has_close=\"on\" da_alt_close=\"off\" da_dark_close=\"off\" da_not_modal=\"on\" da_is_singular=\"off\" da_with_loader=\"off\" da_has_shadow=\"on\"][et_pb_column type=\"3_4\" specialty_columns=\"3\" _builder_version=\"4.16\" custom_padding=\"|||\" global_colors_info=\"{}\" custom_padding__hover=\"|||\"][et_pb_row_inner custom_padding_last_edited=\"on|phone\" _builder_version=\"4.24.3\" _module_preset=\"default\" module_alignment=\"center\" custom_padding=\"|50px|4px||false|false\" custom_padding_tablet=\"|50px|4px||false|false\" custom_padding_phone=\"|0px|||false|false\" border_color_all=\"gcid-b1ace166-c11d-4c70-a679-55884e9ca298\" border_style_all=\"dotted\" border_width_right=\"3px\" border_color_right=\"gcid-b1ace166-c11d-4c70-a679-55884e9ca298\" border_width_right_tablet=\"3px\" border_width_right_phone=\"0px\" border_width_right_last_edited=\"on|desktop\" collapsed=\"off\" global_colors_info=\"{\"gcid-b1ace166-c11d-4c70-a679-55884e9ca298\":?\"border_color_all\",\"border_color_right\"?}\"][et_pb_column_inner saved_specialty_column_type=\"3_4\" _builder_version=\"4.24.3\" _module_preset=\"default\" global_colors_info=\"{}\"][et_pb_text admin_label=\"T\u00cdTULO NOTICIA\"\u2026","og_locale":"fr_FR","og_type":"article","og_title":"Presentaci\u00f3n de la Campa\u00f1a de Solidaridad 2025-2026","og_description":"[et_pb_section fb_built=\"1\" make_equal=\"on\" use_custom_gutter=\"on\" gutter_width=\"2\" specialty=\"on\" _builder_version=\"4.24.3\" _module_preset=\"default\" width=\"100%\" max_width=\"100%\" module_alignment=\"center\" inner_width=\"90%\" inner_max_width=\"2222px\" inner_module_alignment=\"center\" custom_margin=\"0px||||false|false\" custom_padding=\"0px||||false|false\" da_disable_devices=\"off|off|off\" global_colors_info=\"{}\" da_is_popup=\"off\" da_exit_intent=\"off\" da_has_close=\"on\" da_alt_close=\"off\" da_dark_close=\"off\" da_not_modal=\"on\" da_is_singular=\"off\" da_with_loader=\"off\" da_has_shadow=\"on\"][et_pb_column type=\"3_4\" specialty_columns=\"3\" _builder_version=\"4.16\" custom_padding=\"|||\" global_colors_info=\"{}\" custom_padding__hover=\"|||\"][et_pb_row_inner custom_padding_last_edited=\"on|phone\" _builder_version=\"4.24.3\" _module_preset=\"default\" module_alignment=\"center\" custom_padding=\"|50px|4px||false|false\" custom_padding_tablet=\"|50px|4px||false|false\" custom_padding_phone=\"|0px|||false|false\" border_color_all=\"gcid-b1ace166-c11d-4c70-a679-55884e9ca298\" border_style_all=\"dotted\" border_width_right=\"3px\" border_color_right=\"gcid-b1ace166-c11d-4c70-a679-55884e9ca298\" border_width_right_tablet=\"3px\" border_width_right_phone=\"0px\" border_width_right_last_edited=\"on|desktop\" collapsed=\"off\" global_colors_info=\"{%22gcid-b1ace166-c11d-4c70-a679-55884e9ca298%22:%91%22border_color_all%22,%22border_color_right%22%93}\"][et_pb_column_inner saved_specialty_column_type=\"3_4\" _builder_version=\"4.24.3\" _module_preset=\"default\" global_colors_info=\"{}\"][et_pb_text admin_label=\"T\u00cdTULO NOTICIA\"\u2026","og_url":"https:\/\/www.itakaescolapios.org\/fr\/2026\/02\/presentacion-de-la-campana-de-solidaridad-2025-2026\/","og_site_name":"Itaka-Escolapios","article_published_time":"2026-02-26T14:30:03+00:00","article_modified_time":"2026-02-26T14:30:44+00:00","og_image":[{"width":1080,"height":1080,"url":"https:\/\/www.itakaescolapios.org\/wp-content\/uploads\/2026\/02\/WhatsApp-Image-2026-02-26-at-12.04.37-1.jpeg","type":"image\/jpeg"}],"author":"Equipo TIC Ema\u00fas","twitter_card":"summary_large_image","twitter_misc":{"\u00c9crit par":"Equipo TIC Ema\u00fas","Dur\u00e9e de lecture estim\u00e9e":"7 minutes"},"schema":{"@context":"https:\/\/schema.org","@graph":[{"@type":"Article","@id":"https:\/\/www.itakaescolapios.org\/fr\/2026\/02\/presentacion-de-la-campana-de-solidaridad-2025-2026\/#article","isPartOf":{"@id":"https:\/\/www.itakaescolapios.org\/fr\/2026\/02\/presentacion-de-la-campana-de-solidaridad-2025-2026\/"},"author":{"name":"Equipo TIC Ema\u00fas","@id":"https:\/\/www.itakaescolapios.org\/es\/#\/schema\/person\/200262de1d464b07c45f3c70eb4cf614"},"headline":"Presentaci\u00f3n de la Campa\u00f1a de Solidaridad 2025-2026","datePublished":"2026-02-26T14:30:03+00:00","dateModified":"2026-02-26T14:30:44+00:00","mainEntityOfPage":{"@id":"https:\/\/www.itakaescolapios.org\/fr\/2026\/02\/presentacion-de-la-campana-de-solidaridad-2025-2026\/"},"wordCount":4003,"publisher":{"@id":"https:\/\/www.itakaescolapios.org\/es\/#organization"},"image":{"@id":"https:\/\/www.itakaescolapios.org\/fr\/2026\/02\/presentacion-de-la-campana-de-solidaridad-2025-2026\/#primaryimage"},"thumbnailUrl":"https:\/\/www.itakaescolapios.org\/wp-content\/uploads\/2026\/02\/WhatsApp-Image-2026-02-26-at-12.04.37-1.jpeg","articleSection":["Ninguna"],"inLanguage":"fr-FR"},{"@type":"WebPage","@id":"https:\/\/www.itakaescolapios.org\/fr\/2026\/02\/presentacion-de-la-campana-de-solidaridad-2025-2026\/","url":"https:\/\/www.itakaescolapios.org\/fr\/2026\/02\/presentacion-de-la-campana-de-solidaridad-2025-2026\/","name":"Presentaci\u00f3n de la Campa\u00f1a de Solidaridad 2025-2026 - Itaka-Escolapios","isPartOf":{"@id":"https:\/\/www.itakaescolapios.org\/es\/#website"},"primaryImageOfPage":{"@id":"https:\/\/www.itakaescolapios.org\/fr\/2026\/02\/presentacion-de-la-campana-de-solidaridad-2025-2026\/#primaryimage"},"image":{"@id":"https:\/\/www.itakaescolapios.org\/fr\/2026\/02\/presentacion-de-la-campana-de-solidaridad-2025-2026\/#primaryimage"},"thumbnailUrl":"https:\/\/www.itakaescolapios.org\/wp-content\/uploads\/2026\/02\/WhatsApp-Image-2026-02-26-at-12.04.37-1.jpeg","datePublished":"2026-02-26T14:30:03+00:00","dateModified":"2026-02-26T14:30:44+00:00","breadcrumb":{"@id":"https:\/\/www.itakaescolapios.org\/fr\/2026\/02\/presentacion-de-la-campana-de-solidaridad-2025-2026\/#breadcrumb"},"inLanguage":"fr-FR","potentialAction":[{"@type":"ReadAction","target":["https:\/\/www.itakaescolapios.org\/fr\/2026\/02\/presentacion-de-la-campana-de-solidaridad-2025-2026\/"]}]},{"@type":"ImageObject","inLanguage":"fr-FR","@id":"https:\/\/www.itakaescolapios.org\/fr\/2026\/02\/presentacion-de-la-campana-de-solidaridad-2025-2026\/#primaryimage","url":"https:\/\/www.itakaescolapios.org\/wp-content\/uploads\/2026\/02\/WhatsApp-Image-2026-02-26-at-12.04.37-1.jpeg","contentUrl":"https:\/\/www.itakaescolapios.org\/wp-content\/uploads\/2026\/02\/WhatsApp-Image-2026-02-26-at-12.04.37-1.jpeg","width":1080,"height":1080},{"@type":"BreadcrumbList","@id":"https:\/\/www.itakaescolapios.org\/fr\/2026\/02\/presentacion-de-la-campana-de-solidaridad-2025-2026\/#breadcrumb","itemListElement":[{"@type":"ListItem","position":1,"name":"Itaka-Escolapios","item":"https:\/\/www.itakaescolapios.org\/es\/"},{"@type":"ListItem","position":2,"name":"Presentaci\u00f3n de la Campa\u00f1a de Solidaridad 2025-2026"}]},{"@type":"WebSite","@id":"https:\/\/www.itakaescolapios.org\/fr\/es\/#website","url":"https:\/\/www.itakaescolapios.org\/fr\/es\/","name":"Itaka-Escolapios","description":"Red de Itaka-Escolapios","publisher":{"@id":"https:\/\/www.itakaescolapios.org\/fr\/es\/#organization"},"potentialAction":[{"@type":"SearchAction","target":{"@type":"EntryPoint","urlTemplate":"https:\/\/www.itakaescolapios.org\/fr\/es\/?s={search_term_string}"},"query-input":{"@type":"PropertyValueSpecification","valueRequired":true,"valueName":"search_term_string"}}],"inLanguage":"fr-FR"},{"@type":"Organization","@id":"https:\/\/www.itakaescolapios.org\/fr\/es\/#organization","name":"Fundaci\u00f3 Itaka-Escolapios","url":"https:\/\/www.itakaescolapios.org\/fr\/es\/","logo":{"@type":"ImageObject","inLanguage":"fr-FR","@id":"https:\/\/www.itakaescolapios.org\/fr\/es\/#\/schema\/logo\/image\/","url":"https:\/\/www.itakaescolapios.org\/wp-content\/uploads\/2024\/04\/Logo-itakaescolapios-peque.png","contentUrl":"https:\/\/www.itakaescolapios.org\/wp-content\/uploads\/2024\/04\/Logo-itakaescolapios-peque.png","width":500,"height":199,"caption":"Fundaci\u00f3 Itaka-Escolapios"},"image":{"@id":"https:\/\/www.itakaescolapios.org\/fr\/es\/#\/schema\/logo\/image\/"}},{"@type":"Person","@id":"https:\/\/www.itakaescolapios.org\/es\/#\/schema\/person\/200262de1d464b07c45f3c70eb4cf614","name":"Equipo TIC Ema\u00fas","url":"https:\/\/www.itakaescolapios.org\/fr\/author\/ntic\/"}]}},"_links":{"self":[{"href":"https:\/\/www.itakaescolapios.org\/fr\/wp-json\/wp\/v2\/posts\/330627","targetHints":{"allow":["GET"]}}],"collection":[{"href":"https:\/\/www.itakaescolapios.org\/fr\/wp-json\/wp\/v2\/posts"}],"about":[{"href":"https:\/\/www.itakaescolapios.org\/fr\/wp-json\/wp\/v2\/types\/post"}],"author":[{"embeddable":true,"href":"https:\/\/www.itakaescolapios.org\/fr\/wp-json\/wp\/v2\/users\/62"}],"replies":[{"embeddable":true,"href":"https:\/\/www.itakaescolapios.org\/fr\/wp-json\/wp\/v2\/comments?post=330627"}],"version-history":[{"count":4,"href":"https:\/\/www.itakaescolapios.org\/fr\/wp-json\/wp\/v2\/posts\/330627\/revisions"}],"predecessor-version":[{"id":330700,"href":"https:\/\/www.itakaescolapios.org\/fr\/wp-json\/wp\/v2\/posts\/330627\/revisions\/330700"}],"wp:featuredmedia":[{"embeddable":true,"href":"https:\/\/www.itakaescolapios.org\/fr\/wp-json\/wp\/v2\/media\/330629"}],"wp:attachment":[{"href":"https:\/\/www.itakaescolapios.org\/fr\/wp-json\/wp\/v2\/media?parent=330627"}],"wp:term":[{"taxonomy":"category","embeddable":true,"href":"https:\/\/www.itakaescolapios.org\/fr\/wp-json\/wp\/v2\/categories?post=330627"},{"taxonomy":"post_tag","embeddable":true,"href":"https:\/\/www.itakaescolapios.org\/fr\/wp-json\/wp\/v2\/tags?post=330627"}],"curies":[{"name":"wp","href":"https:\/\/api.w.org\/{rel}","templated":true}]}}