{"id":33497,"date":"2021-05-07T14:31:38","date_gmt":"2021-05-07T13:31:38","guid":{"rendered":"https:\/\/www.itakaescolapios.org\/?p=33497"},"modified":"2023-11-28T12:36:01","modified_gmt":"2023-11-28T11:36:01","slug":"la-provincia-de-africa-central-en-honor-a-nuestra-senora-de-las-escuelas-pias","status":"publish","type":"post","link":"https:\/\/www.itakaescolapios.org\/fr\/2021\/05\/la-provincia-de-africa-central-en-honor-a-nuestra-senora-de-las-escuelas-pias\/","title":{"rendered":"La province d'Afrique Centrale en l'honneur de notre Dame des \u00e9coles Pies"},"content":{"rendered":"<p>Recommencer, courrir, avec la Vierge des \u00e9coles Pies.<br \/>\nC\u2019est avec joie et dans la joie que l\u2019\u00e9cole Calasanz de Bafia a c\u00e9l\u00e9br\u00e9 ce jour, avec ses \u00e9l\u00e8ves et un jour d\u2019anticipation la F\u00caTE DE LA BIENHEUREUSE VIERGE MARIE, VIERGE DES ECOLES PIES.<br \/>\nA cet effet c\u2019est par une messe d\u2019action de gr\u00e2ce qu\u2019un grand merci a \u00e9t\u00e9 dit au Seigneur pour sa m\u00e8re et \u00e0 Marie pour ce qu\u2019Elle est et repr\u00e9sente pour les ECOLES PIES du monde et pour TOUTES LES FAMILLES &lt;&lt; La m\u00e8re&gt;&gt;.<\/p>\n","protected":false},"excerpt":{"rendered":"<p>Recommencer, courrir, avec la Vierge des \u00e9coles Pies. C\u2019est avec joie et dans la joie que l\u2019\u00e9cole Calasanz de Bafia a c\u00e9l\u00e9br\u00e9 ce jour, avec ses \u00e9l\u00e8ves et un jour [&hellip;]<\/p>\n","protected":false},"author":15,"featured_media":33492,"comment_status":"closed","ping_status":"closed","sticky":false,"template":"","format":"standard","meta":{"_et_pb_use_builder":"","_et_pb_old_content":"","_et_gb_content_width":"","footnotes":""},"categories":[53],"tags":[],"class_list":["post-33497","post","type-post","status-publish","format-standard","has-post-thumbnail","hentry","category-africa-central"],"yoast_head":"<!-- This site is optimized with the Yoast SEO plugin v27.4 - https:\/\/yoast.com\/product\/yoast-seo-wordpress\/ -->\n<title>La province d&#039;Afrique Centrale en l&#039;honneur de notre Dame des \u00e9coles Pies<\/title>\n<meta name=\"description\" content=\"Recommencer, courrir, avec la Vierge des \u00e9coles Pies. C\u2019est avec joie et dans la joie que l\u2019\u00e9cole Calasanz de Bafia a c\u00e9l\u00e9br\u00e9 ce jour, avec ses \u00e9l\u00e8ves et un jour d\u2019anticipation la F\u00caTE DE LA BIENHEUREUSE VIERGE MARIE, VIERGE DES ECOLES PIES. A cet effet c\u2019est par une messe d\u2019action de gr\u00e2ce qu\u2019un grand merci\u2026\" \/>\n<meta name=\"robots\" content=\"index, follow, max-snippet:-1, max-image-preview:large, max-video-preview:-1\" \/>\n<link rel=\"canonical\" href=\"http:\/\/Recommencer,%20courrir,%20avec%20la%20Vierge%20des%20\u00e9coles%20Pies.%20C\u2019est%20avec%20joie%20et%20dans%20la%20joie%20que%20l\u2019\u00e9cole%20Calasanz%20de%20Bafia%20a%20c\u00e9l\u00e9br\u00e9%20ce%20jour,%20avec%20ses%20\u00e9l\u00e8ves%20et%20un%20jour%20d\u2019anticipation%20la%20F\u00caTE%20DE%20LA%20BIENHEUREUSE%20VIERGE%20MARIE,%20VIERGE%20DES%20ECOLES%20PIES.%20A%20cet%20effet%20c\u2019est%20par%20une%20messe%20d\u2019action%20de%20gr\u00e2ce%20qu\u2019un%20grand%20merci\u2026\" \/>\n<meta property=\"og:locale\" content=\"fr_FR\" \/>\n<meta property=\"og:type\" content=\"article\" \/>\n<meta property=\"og:title\" content=\"La province d&#039;Afrique Centrale en l&#039;honneur de notre Dame des \u00e9coles Pies\" \/>\n<meta property=\"og:description\" content=\"Recommencer, courrir, avec la Vierge des \u00e9coles Pies. C\u2019est avec joie et dans la joie que l\u2019\u00e9cole Calasanz de Bafia a c\u00e9l\u00e9br\u00e9 ce jour, avec ses \u00e9l\u00e8ves et un jour d\u2019anticipation la F\u00caTE DE LA BIENHEUREUSE VIERGE MARIE, VIERGE DES ECOLES PIES. A cet effet c\u2019est par une messe d\u2019action de gr\u00e2ce qu\u2019un grand merci\u2026\" \/>\n<meta property=\"og:url\" content=\"https:\/\/www.itakaescolapios.org\/fr\/2021\/05\/la-provincia-de-africa-central-en-honor-a-nuestra-senora-de-las-escuelas-pias\/\" \/>\n<meta property=\"og:site_name\" content=\"Itaka-Escolapios\" \/>\n<meta property=\"article:published_time\" content=\"2021-05-07T13:31:38+00:00\" \/>\n<meta property=\"article:modified_time\" content=\"2023-11-28T11:36:01+00:00\" \/>\n<meta property=\"og:image\" content=\"https:\/\/www.itakaescolapios.org\/wp-content\/uploads\/2021\/05\/IMG_0624-scaled.jpg\" \/>\n\t<meta property=\"og:image:width\" content=\"1125\" \/>\n\t<meta property=\"og:image:height\" content=\"1500\" \/>\n\t<meta property=\"og:image:type\" content=\"image\/jpeg\" \/>\n<meta name=\"author\" content=\"cameroun01\" \/>\n<meta name=\"twitter:card\" content=\"summary_large_image\" \/>\n<meta name=\"twitter:label1\" content=\"\u00c9crit par\" \/>\n\t<meta name=\"twitter:data1\" content=\"cameroun01\" \/>\n\t<meta name=\"twitter:label2\" content=\"Dur\u00e9e de lecture estim\u00e9e\" \/>\n\t<meta name=\"twitter:data2\" content=\"1 minute\" \/>\n<script type=\"application\/ld+json\" class=\"yoast-schema-graph\">{\"@context\":\"https:\\\/\\\/schema.org\",\"@graph\":[{\"@type\":\"Article\",\"@id\":\"https:\\\/\\\/www.itakaescolapios.org\\\/fr\\\/2021\\\/05\\\/la-provincia-de-africa-central-en-honor-a-nuestra-senora-de-las-escuelas-pias\\\/#article\",\"isPartOf\":{\"@id\":\"https:\\\/\\\/www.itakaescolapios.org\\\/fr\\\/2021\\\/05\\\/la-provincia-de-africa-central-en-honor-a-nuestra-senora-de-las-escuelas-pias\\\/\"},\"author\":{\"name\":\"cameroun01\",\"@id\":\"https:\\\/\\\/www.itakaescolapios.org\\\/es\\\/#\\\/schema\\\/person\\\/d2844383e29bfdfef69039672ce14eb1\"},\"headline\":\"La province d'Afrique Centrale en l'honneur de notre Dame des \u00e9coles Pies\",\"datePublished\":\"2021-05-07T13:31:38+00:00\",\"dateModified\":\"2023-11-28T11:36:01+00:00\",\"mainEntityOfPage\":{\"@id\":\"https:\\\/\\\/www.itakaescolapios.org\\\/fr\\\/2021\\\/05\\\/la-provincia-de-africa-central-en-honor-a-nuestra-senora-de-las-escuelas-pias\\\/\"},\"wordCount\":117,\"publisher\":{\"@id\":\"https:\\\/\\\/www.itakaescolapios.org\\\/es\\\/#organization\"},\"image\":{\"@id\":\"https:\\\/\\\/www.itakaescolapios.org\\\/fr\\\/2021\\\/05\\\/la-provincia-de-africa-central-en-honor-a-nuestra-senora-de-las-escuelas-pias\\\/#primaryimage\"},\"thumbnailUrl\":\"https:\\\/\\\/www.itakaescolapios.org\\\/wp-content\\\/uploads\\\/2021\\\/05\\\/IMG_0624-scaled.jpg\",\"articleSection\":[\"Afrique centrale\"],\"inLanguage\":\"fr-FR\"},{\"@type\":\"WebPage\",\"@id\":\"https:\\\/\\\/www.itakaescolapios.org\\\/fr\\\/2021\\\/05\\\/la-provincia-de-africa-central-en-honor-a-nuestra-senora-de-las-escuelas-pias\\\/\",\"url\":\"https:\\\/\\\/www.itakaescolapios.org\\\/fr\\\/2021\\\/05\\\/la-provincia-de-africa-central-en-honor-a-nuestra-senora-de-las-escuelas-pias\\\/\",\"name\":\"La provincia de \u00c1frica Central en honor a Nuestra Se\u00f1ora de las Escuelas P\u00edas - Itaka-Escolapios\",\"isPartOf\":{\"@id\":\"https:\\\/\\\/www.itakaescolapios.org\\\/es\\\/#website\"},\"primaryImageOfPage\":{\"@id\":\"https:\\\/\\\/www.itakaescolapios.org\\\/fr\\\/2021\\\/05\\\/la-provincia-de-africa-central-en-honor-a-nuestra-senora-de-las-escuelas-pias\\\/#primaryimage\"},\"image\":{\"@id\":\"https:\\\/\\\/www.itakaescolapios.org\\\/fr\\\/2021\\\/05\\\/la-provincia-de-africa-central-en-honor-a-nuestra-senora-de-las-escuelas-pias\\\/#primaryimage\"},\"thumbnailUrl\":\"https:\\\/\\\/www.itakaescolapios.org\\\/wp-content\\\/uploads\\\/2021\\\/05\\\/IMG_0624-scaled.jpg\",\"datePublished\":\"2021-05-07T13:31:38+00:00\",\"dateModified\":\"2023-11-28T11:36:01+00:00\",\"breadcrumb\":{\"@id\":\"https:\\\/\\\/www.itakaescolapios.org\\\/fr\\\/2021\\\/05\\\/la-provincia-de-africa-central-en-honor-a-nuestra-senora-de-las-escuelas-pias\\\/#breadcrumb\"},\"inLanguage\":\"fr-FR\",\"potentialAction\":[{\"@type\":\"ReadAction\",\"target\":[\"https:\\\/\\\/www.itakaescolapios.org\\\/fr\\\/2021\\\/05\\\/la-provincia-de-africa-central-en-honor-a-nuestra-senora-de-las-escuelas-pias\\\/\"]}]},{\"@type\":\"ImageObject\",\"inLanguage\":\"fr-FR\",\"@id\":\"https:\\\/\\\/www.itakaescolapios.org\\\/fr\\\/2021\\\/05\\\/la-provincia-de-africa-central-en-honor-a-nuestra-senora-de-las-escuelas-pias\\\/#primaryimage\",\"url\":\"https:\\\/\\\/www.itakaescolapios.org\\\/wp-content\\\/uploads\\\/2021\\\/05\\\/IMG_0624-scaled.jpg\",\"contentUrl\":\"https:\\\/\\\/www.itakaescolapios.org\\\/wp-content\\\/uploads\\\/2021\\\/05\\\/IMG_0624-scaled.jpg\",\"width\":1125,\"height\":1500},{\"@type\":\"BreadcrumbList\",\"@id\":\"https:\\\/\\\/www.itakaescolapios.org\\\/fr\\\/2021\\\/05\\\/la-provincia-de-africa-central-en-honor-a-nuestra-senora-de-las-escuelas-pias\\\/#breadcrumb\",\"itemListElement\":[{\"@type\":\"ListItem\",\"position\":1,\"name\":\"Itaka-Escolapios\",\"item\":\"https:\\\/\\\/www.itakaescolapios.org\\\/es\\\/\"},{\"@type\":\"ListItem\",\"position\":2,\"name\":\"La province d'Afrique Centrale en l'honneur de notre Dame des \u00e9coles Pies\"}]},{\"@type\":\"WebSite\",\"@id\":\"https:\\\/\\\/www.itakaescolapios.org\\\/fr\\\/es\\\/#website\",\"url\":\"https:\\\/\\\/www.itakaescolapios.org\\\/fr\\\/es\\\/\",\"name\":\"Itaka-Escolapios\",\"description\":\"Red de Itaka-Escolapios\",\"publisher\":{\"@id\":\"https:\\\/\\\/www.itakaescolapios.org\\\/fr\\\/es\\\/#organization\"},\"potentialAction\":[{\"@type\":\"SearchAction\",\"target\":{\"@type\":\"EntryPoint\",\"urlTemplate\":\"https:\\\/\\\/www.itakaescolapios.org\\\/fr\\\/es\\\/?s={search_term_string}\"},\"query-input\":{\"@type\":\"PropertyValueSpecification\",\"valueRequired\":true,\"valueName\":\"search_term_string\"}}],\"inLanguage\":\"fr-FR\"},{\"@type\":\"Organization\",\"@id\":\"https:\\\/\\\/www.itakaescolapios.org\\\/fr\\\/es\\\/#organization\",\"name\":\"Fundaci\u00f3 Itaka-Escolapios\",\"url\":\"https:\\\/\\\/www.itakaescolapios.org\\\/fr\\\/es\\\/\",\"logo\":{\"@type\":\"ImageObject\",\"inLanguage\":\"fr-FR\",\"@id\":\"https:\\\/\\\/www.itakaescolapios.org\\\/fr\\\/es\\\/#\\\/schema\\\/logo\\\/image\\\/\",\"url\":\"https:\\\/\\\/www.itakaescolapios.org\\\/wp-content\\\/uploads\\\/2024\\\/04\\\/Logo-itakaescolapios-peque.png\",\"contentUrl\":\"https:\\\/\\\/www.itakaescolapios.org\\\/wp-content\\\/uploads\\\/2024\\\/04\\\/Logo-itakaescolapios-peque.png\",\"width\":500,\"height\":199,\"caption\":\"Fundaci\u00f3 Itaka-Escolapios\"},\"image\":{\"@id\":\"https:\\\/\\\/www.itakaescolapios.org\\\/fr\\\/es\\\/#\\\/schema\\\/logo\\\/image\\\/\"}},{\"@type\":\"Person\",\"@id\":\"https:\\\/\\\/www.itakaescolapios.org\\\/es\\\/#\\\/schema\\\/person\\\/d2844383e29bfdfef69039672ce14eb1\",\"name\":\"cameroun01\",\"url\":\"https:\\\/\\\/www.itakaescolapios.org\\\/fr\\\/author\\\/cameroun01\\\/\"}]}<\/script>\n<!-- \/ Yoast SEO plugin. -->","yoast_head_json":{"title":"La province d'Afrique Centrale en l'honneur de notre Dame des \u00e9coles Pies","description":"Recommencer, courrir, avec la Vierge des \u00e9coles Pies. C\u2019est avec joie et dans la joie que l\u2019\u00e9cole Calasanz de Bafia a c\u00e9l\u00e9br\u00e9 ce jour, avec ses \u00e9l\u00e8ves et un jour d\u2019anticipation la F\u00caTE DE LA BIENHEUREUSE VIERGE MARIE, VIERGE DES ECOLES PIES. A cet effet c\u2019est par une messe d\u2019action de gr\u00e2ce qu\u2019un grand merci\u2026","robots":{"index":"index","follow":"follow","max-snippet":"max-snippet:-1","max-image-preview":"max-image-preview:large","max-video-preview":"max-video-preview:-1"},"canonical":"Recommencer, courrir, avec la Vierge des \u00e9coles Pies. C\u2019est avec joie et dans la joie que l\u2019\u00e9cole Calasanz de Bafia a c\u00e9l\u00e9br\u00e9 ce jour, avec ses \u00e9l\u00e8ves et un jour d\u2019anticipation la F\u00caTE DE LA BIENHEUREUSE VIERGE MARIE, VIERGE DES ECOLES PIES. A cet effet c\u2019est par une messe d\u2019action de gr\u00e2ce qu\u2019un grand merci\u2026","og_locale":"fr_FR","og_type":"article","og_title":"La province d'Afrique Centrale en l'honneur de notre Dame des \u00e9coles Pies","og_description":"Recommencer, courrir, avec la Vierge des \u00e9coles Pies. C\u2019est avec joie et dans la joie que l\u2019\u00e9cole Calasanz de Bafia a c\u00e9l\u00e9br\u00e9 ce jour, avec ses \u00e9l\u00e8ves et un jour d\u2019anticipation la F\u00caTE DE LA BIENHEUREUSE VIERGE MARIE, VIERGE DES ECOLES PIES. A cet effet c\u2019est par une messe d\u2019action de gr\u00e2ce qu\u2019un grand merci\u2026","og_url":"https:\/\/www.itakaescolapios.org\/fr\/2021\/05\/la-provincia-de-africa-central-en-honor-a-nuestra-senora-de-las-escuelas-pias\/","og_site_name":"Itaka-Escolapios","article_published_time":"2021-05-07T13:31:38+00:00","article_modified_time":"2023-11-28T11:36:01+00:00","og_image":[{"width":1125,"height":1500,"url":"https:\/\/www.itakaescolapios.org\/wp-content\/uploads\/2021\/05\/IMG_0624-scaled.jpg","type":"image\/jpeg"}],"author":"cameroun01","twitter_card":"summary_large_image","twitter_misc":{"\u00c9crit par":"cameroun01","Dur\u00e9e de lecture estim\u00e9e":"1 minute"},"schema":{"@context":"https:\/\/schema.org","@graph":[{"@type":"Article","@id":"https:\/\/www.itakaescolapios.org\/fr\/2021\/05\/la-provincia-de-africa-central-en-honor-a-nuestra-senora-de-las-escuelas-pias\/#article","isPartOf":{"@id":"https:\/\/www.itakaescolapios.org\/fr\/2021\/05\/la-provincia-de-africa-central-en-honor-a-nuestra-senora-de-las-escuelas-pias\/"},"author":{"name":"cameroun01","@id":"https:\/\/www.itakaescolapios.org\/es\/#\/schema\/person\/d2844383e29bfdfef69039672ce14eb1"},"headline":"La province d'Afrique Centrale en l'honneur de notre Dame des \u00e9coles Pies","datePublished":"2021-05-07T13:31:38+00:00","dateModified":"2023-11-28T11:36:01+00:00","mainEntityOfPage":{"@id":"https:\/\/www.itakaescolapios.org\/fr\/2021\/05\/la-provincia-de-africa-central-en-honor-a-nuestra-senora-de-las-escuelas-pias\/"},"wordCount":117,"publisher":{"@id":"https:\/\/www.itakaescolapios.org\/es\/#organization"},"image":{"@id":"https:\/\/www.itakaescolapios.org\/fr\/2021\/05\/la-provincia-de-africa-central-en-honor-a-nuestra-senora-de-las-escuelas-pias\/#primaryimage"},"thumbnailUrl":"https:\/\/www.itakaescolapios.org\/wp-content\/uploads\/2021\/05\/IMG_0624-scaled.jpg","articleSection":["Afrique centrale"],"inLanguage":"fr-FR"},{"@type":"WebPage","@id":"https:\/\/www.itakaescolapios.org\/fr\/2021\/05\/la-provincia-de-africa-central-en-honor-a-nuestra-senora-de-las-escuelas-pias\/","url":"https:\/\/www.itakaescolapios.org\/fr\/2021\/05\/la-provincia-de-africa-central-en-honor-a-nuestra-senora-de-las-escuelas-pias\/","name":"La provincia de \u00c1frica Central en honor a Nuestra Se\u00f1ora de las Escuelas P\u00edas - Itaka-Escolapios","isPartOf":{"@id":"https:\/\/www.itakaescolapios.org\/es\/#website"},"primaryImageOfPage":{"@id":"https:\/\/www.itakaescolapios.org\/fr\/2021\/05\/la-provincia-de-africa-central-en-honor-a-nuestra-senora-de-las-escuelas-pias\/#primaryimage"},"image":{"@id":"https:\/\/www.itakaescolapios.org\/fr\/2021\/05\/la-provincia-de-africa-central-en-honor-a-nuestra-senora-de-las-escuelas-pias\/#primaryimage"},"thumbnailUrl":"https:\/\/www.itakaescolapios.org\/wp-content\/uploads\/2021\/05\/IMG_0624-scaled.jpg","datePublished":"2021-05-07T13:31:38+00:00","dateModified":"2023-11-28T11:36:01+00:00","breadcrumb":{"@id":"https:\/\/www.itakaescolapios.org\/fr\/2021\/05\/la-provincia-de-africa-central-en-honor-a-nuestra-senora-de-las-escuelas-pias\/#breadcrumb"},"inLanguage":"fr-FR","potentialAction":[{"@type":"ReadAction","target":["https:\/\/www.itakaescolapios.org\/fr\/2021\/05\/la-provincia-de-africa-central-en-honor-a-nuestra-senora-de-las-escuelas-pias\/"]}]},{"@type":"ImageObject","inLanguage":"fr-FR","@id":"https:\/\/www.itakaescolapios.org\/fr\/2021\/05\/la-provincia-de-africa-central-en-honor-a-nuestra-senora-de-las-escuelas-pias\/#primaryimage","url":"https:\/\/www.itakaescolapios.org\/wp-content\/uploads\/2021\/05\/IMG_0624-scaled.jpg","contentUrl":"https:\/\/www.itakaescolapios.org\/wp-content\/uploads\/2021\/05\/IMG_0624-scaled.jpg","width":1125,"height":1500},{"@type":"BreadcrumbList","@id":"https:\/\/www.itakaescolapios.org\/fr\/2021\/05\/la-provincia-de-africa-central-en-honor-a-nuestra-senora-de-las-escuelas-pias\/#breadcrumb","itemListElement":[{"@type":"ListItem","position":1,"name":"Itaka-Escolapios","item":"https:\/\/www.itakaescolapios.org\/es\/"},{"@type":"ListItem","position":2,"name":"La province d'Afrique Centrale en l'honneur de notre Dame des \u00e9coles Pies"}]},{"@type":"WebSite","@id":"https:\/\/www.itakaescolapios.org\/fr\/es\/#website","url":"https:\/\/www.itakaescolapios.org\/fr\/es\/","name":"Itaka-Escolapios","description":"Red de Itaka-Escolapios","publisher":{"@id":"https:\/\/www.itakaescolapios.org\/fr\/es\/#organization"},"potentialAction":[{"@type":"SearchAction","target":{"@type":"EntryPoint","urlTemplate":"https:\/\/www.itakaescolapios.org\/fr\/es\/?s={search_term_string}"},"query-input":{"@type":"PropertyValueSpecification","valueRequired":true,"valueName":"search_term_string"}}],"inLanguage":"fr-FR"},{"@type":"Organization","@id":"https:\/\/www.itakaescolapios.org\/fr\/es\/#organization","name":"Fundaci\u00f3 Itaka-Escolapios","url":"https:\/\/www.itakaescolapios.org\/fr\/es\/","logo":{"@type":"ImageObject","inLanguage":"fr-FR","@id":"https:\/\/www.itakaescolapios.org\/fr\/es\/#\/schema\/logo\/image\/","url":"https:\/\/www.itakaescolapios.org\/wp-content\/uploads\/2024\/04\/Logo-itakaescolapios-peque.png","contentUrl":"https:\/\/www.itakaescolapios.org\/wp-content\/uploads\/2024\/04\/Logo-itakaescolapios-peque.png","width":500,"height":199,"caption":"Fundaci\u00f3 Itaka-Escolapios"},"image":{"@id":"https:\/\/www.itakaescolapios.org\/fr\/es\/#\/schema\/logo\/image\/"}},{"@type":"Person","@id":"https:\/\/www.itakaescolapios.org\/es\/#\/schema\/person\/d2844383e29bfdfef69039672ce14eb1","name":"cameroun01","url":"https:\/\/www.itakaescolapios.org\/fr\/author\/cameroun01\/"}]}},"_links":{"self":[{"href":"https:\/\/www.itakaescolapios.org\/fr\/wp-json\/wp\/v2\/posts\/33497","targetHints":{"allow":["GET"]}}],"collection":[{"href":"https:\/\/www.itakaescolapios.org\/fr\/wp-json\/wp\/v2\/posts"}],"about":[{"href":"https:\/\/www.itakaescolapios.org\/fr\/wp-json\/wp\/v2\/types\/post"}],"author":[{"embeddable":true,"href":"https:\/\/www.itakaescolapios.org\/fr\/wp-json\/wp\/v2\/users\/15"}],"replies":[{"embeddable":true,"href":"https:\/\/www.itakaescolapios.org\/fr\/wp-json\/wp\/v2\/comments?post=33497"}],"version-history":[{"count":3,"href":"https:\/\/www.itakaescolapios.org\/fr\/wp-json\/wp\/v2\/posts\/33497\/revisions"}],"predecessor-version":[{"id":44302,"href":"https:\/\/www.itakaescolapios.org\/fr\/wp-json\/wp\/v2\/posts\/33497\/revisions\/44302"}],"wp:featuredmedia":[{"embeddable":true,"href":"https:\/\/www.itakaescolapios.org\/fr\/wp-json\/wp\/v2\/media\/33492"}],"wp:attachment":[{"href":"https:\/\/www.itakaescolapios.org\/fr\/wp-json\/wp\/v2\/media?parent=33497"}],"wp:term":[{"taxonomy":"category","embeddable":true,"href":"https:\/\/www.itakaescolapios.org\/fr\/wp-json\/wp\/v2\/categories?post=33497"},{"taxonomy":"post_tag","embeddable":true,"href":"https:\/\/www.itakaescolapios.org\/fr\/wp-json\/wp\/v2\/tags?post=33497"}],"curies":[{"name":"wp","href":"https:\/\/api.w.org\/{rel}","templated":true}]}}