{"id":3388,"date":"2012-10-03T10:59:40","date_gmt":"2012-10-03T09:59:40","guid":{"rendered":"https:\/\/www.itakaescolapios.org\/?p=3388"},"modified":"2023-11-28T12:39:37","modified_gmt":"2023-11-28T11:39:37","slug":"el-viernes-21-de-septiembre-se-inauguro-de-manera-oficial-el-nuevo-internado-escolar-en-la-comunidad-de-morocomarca-de-uncia-dpto-potosi-bolivia","status":"publish","type":"post","link":"https:\/\/www.itakaescolapios.org\/fr\/2012\/10\/el-viernes-21-de-septiembre-se-inauguro-de-manera-oficial-el-nuevo-internado-escolar-en-la-comunidad-de-morocomarca-de-uncia-dpto-potosi-bolivia\/","title":{"rendered":"El viernes 21 de septiembre se inaugur\u00f3 de manera oficial el nuevo internado escolar en la Comunidad de Morocomarca de Unc\u00eda (Dpto. Potos\u00ed \u2013 Bolivia)."},"content":{"rendered":"<p>Esta Obra de Itaka Escolapios permitir\u00e1 atender permanentemente a 160 j\u00f3venes. Es la \u00fanica oportunidad de estudio para quienes viven demasiado lejos de la escuela.<\/p>\n<p>Se trata de una iniciativa educativa largamente demandada por la comunidad de Morocomarca y el municipio de Unc\u00eda. Ya en el a\u00f1o 2001 el alcalde acompa\u00f1ado de otras autoridades solicit\u00f3 la apertura de un internado que atendiera a los chicos\u00a0 y chicas m\u00e1s j\u00f3venes. En la petici\u00f3n se intu\u00eda con claridad una visi\u00f3n compartida: la educaci\u00f3n es la mejor forma de sacar a la gente de la pobreza, la marginaci\u00f3n y el olvido.<\/p>\n<p>En la zona, a la pobreza se suma otro grave problema: la violencia. Desde hace siglos los Ayllus de las diferentes comunidades han estado en guerra por los l\u00edmites territoriales, dejando tras de s\u00ed m\u00e1s de 10.000 muertos \u00a0y otras tantas familias destrozadas.<\/p>\n<p>La educaci\u00f3n en valores y en la resoluci\u00f3n pacifica de los conflictos tendr\u00e1 que ser pilar fundamental del proyecto educativo del internado.<\/p>\n<p>Han sido necesarios m\u00e1s de 10 a\u00f1os y mucho trabajo para poder celebrar la puesta en marcha de un internado llamado a ser un referente en la zona.<\/p>\n<p>Tal y como manten\u00eda el \u201cSegunda Mayor\u201d (autoridad tradicional principal \u00a0de lso Ayllus de la zona) durante la inauguraci\u00f3n: \u201chagamos que nuestros hijos sean bachilleres y profesionales para que dejemos de ser olvidos y marginados\u201d.<\/p>\n<p>El internado contar\u00e1 desde el primer momento con aportes de la alcald\u00eda y la gobernaci\u00f3n de Potos\u00ed para contribuir en el mantenimiento. En su construcci\u00f3n han sido claves los apoyos del ayuntamiento de Unc\u00eda, el de Bilbao, \u00a0el de Sevilla y la Diputaci\u00f3n Provincial de Zaragoza , que se han sumado a los fondos propios de Itaka Escolapios para hacer realidad este sue\u00f1o.<\/p>\n","protected":false},"excerpt":{"rendered":"<p>Esta Obra de Itaka Escolapios permitir\u00e1 atender permanentemente a 160 j\u00f3venes. Es la \u00fanica oportunidad de estudio para quienes viven demasiado lejos de la escuela. Se trata de una iniciativa [&hellip;]<\/p>\n","protected":false},"author":3,"featured_media":3389,"comment_status":"closed","ping_status":"closed","sticky":false,"template":"","format":"standard","meta":{"_et_pb_use_builder":"","_et_pb_old_content":"","_et_gb_content_width":"","footnotes":""},"categories":[15],"tags":[],"class_list":["post-3388","post","type-post","status-publish","format-standard","has-post-thumbnail","hentry","category-bolivia"],"yoast_head":"<!-- This site is optimized with the Yoast SEO plugin v27.4 - https:\/\/yoast.com\/product\/yoast-seo-wordpress\/ -->\n<title>El viernes 21 de septiembre se inaugur\u00f3 de manera oficial el nuevo internado escolar en la Comunidad de Morocomarca de Unc\u00eda (Dpto. Potos\u00ed \u2013 Bolivia).<\/title>\n<meta name=\"description\" content=\"Esta Obra de Itaka Escolapios permitir\u00e1 atender permanentemente a 160 j\u00f3venes. Es la \u00fanica oportunidad de estudio para quienes viven demasiado lejos de la escuela. Se trata de una iniciativa educativa largamente demandada por la comunidad de Morocomarca y el municipio de Unc\u00eda. Ya en el a\u00f1o 2001 el alcalde acompa\u00f1ado de otras autoridades solicit\u00f3\u2026\" \/>\n<meta name=\"robots\" content=\"index, follow, max-snippet:-1, max-image-preview:large, max-video-preview:-1\" \/>\n<link rel=\"canonical\" href=\"http:\/\/Esta%20Obra%20de%20Itaka%20Escolapios%20permitir\u00e1%20atender%20permanentemente%20a%20160%20j\u00f3venes.%20Es%20la%20\u00fanica%20oportunidad%20de%20estudio%20para%20quienes%20viven%20demasiado%20lejos%20de%20la%20escuela.%20Se%20trata%20de%20una%20iniciativa%20educativa%20largamente%20demandada%20por%20la%20comunidad%20de%20Morocomarca%20y%20el%20municipio%20de%20Unc\u00eda.%20Ya%20en%20el%20a\u00f1o%202001%20el%20alcalde%20acompa\u00f1ado%20de%20otras%20autoridades%20solicit\u00f3\u2026\" \/>\n<meta property=\"og:locale\" content=\"fr_FR\" \/>\n<meta property=\"og:type\" content=\"article\" \/>\n<meta property=\"og:title\" content=\"El viernes 21 de septiembre se inaugur\u00f3 de manera oficial el nuevo internado escolar en la Comunidad de Morocomarca de Unc\u00eda (Dpto. Potos\u00ed \u2013 Bolivia).\" \/>\n<meta property=\"og:description\" content=\"Esta Obra de Itaka Escolapios permitir\u00e1 atender permanentemente a 160 j\u00f3venes. Es la \u00fanica oportunidad de estudio para quienes viven demasiado lejos de la escuela. Se trata de una iniciativa educativa largamente demandada por la comunidad de Morocomarca y el municipio de Unc\u00eda. Ya en el a\u00f1o 2001 el alcalde acompa\u00f1ado de otras autoridades solicit\u00f3\u2026\" \/>\n<meta property=\"og:url\" content=\"https:\/\/www.itakaescolapios.org\/fr\/2012\/10\/el-viernes-21-de-septiembre-se-inauguro-de-manera-oficial-el-nuevo-internado-escolar-en-la-comunidad-de-morocomarca-de-uncia-dpto-potosi-bolivia\/\" \/>\n<meta property=\"og:site_name\" content=\"Itaka-Escolapios\" \/>\n<meta property=\"article:published_time\" content=\"2012-10-03T09:59:40+00:00\" \/>\n<meta property=\"article:modified_time\" content=\"2023-11-28T11:39:37+00:00\" \/>\n<meta property=\"og:image\" content=\"https:\/\/www.itakaescolapios.org\/wp-content\/uploads\/2012\/10\/Inauguraci\u00f3n.jpg\" \/>\n\t<meta property=\"og:image:width\" content=\"2000\" \/>\n\t<meta property=\"og:image:height\" content=\"1500\" \/>\n\t<meta property=\"og:image:type\" content=\"image\/jpeg\" \/>\n<meta name=\"author\" content=\"Bilbao\" \/>\n<meta name=\"twitter:card\" content=\"summary_large_image\" \/>\n<meta name=\"twitter:label1\" content=\"\u00c9crit par\" \/>\n\t<meta name=\"twitter:data1\" content=\"Bilbao\" \/>\n\t<meta name=\"twitter:label2\" content=\"Dur\u00e9e de lecture estim\u00e9e\" \/>\n\t<meta name=\"twitter:data2\" content=\"2 minutes\" \/>\n<script type=\"application\/ld+json\" class=\"yoast-schema-graph\">{\"@context\":\"https:\\\/\\\/schema.org\",\"@graph\":[{\"@type\":\"Article\",\"@id\":\"https:\\\/\\\/www.itakaescolapios.org\\\/fr\\\/2012\\\/10\\\/el-viernes-21-de-septiembre-se-inauguro-de-manera-oficial-el-nuevo-internado-escolar-en-la-comunidad-de-morocomarca-de-uncia-dpto-potosi-bolivia\\\/#article\",\"isPartOf\":{\"@id\":\"https:\\\/\\\/www.itakaescolapios.org\\\/fr\\\/2012\\\/10\\\/el-viernes-21-de-septiembre-se-inauguro-de-manera-oficial-el-nuevo-internado-escolar-en-la-comunidad-de-morocomarca-de-uncia-dpto-potosi-bolivia\\\/\"},\"author\":{\"name\":\"Bilbao\",\"@id\":\"https:\\\/\\\/www.itakaescolapios.org\\\/es\\\/#\\\/schema\\\/person\\\/d5b530ea20cbfbbd734611b2591f590c\"},\"headline\":\"El viernes 21 de septiembre se inaugur\u00f3 de manera oficial el nuevo internado escolar en la Comunidad de Morocomarca de Unc\u00eda (Dpto. Potos\u00ed \u2013 Bolivia).\",\"datePublished\":\"2012-10-03T09:59:40+00:00\",\"dateModified\":\"2023-11-28T11:39:37+00:00\",\"mainEntityOfPage\":{\"@id\":\"https:\\\/\\\/www.itakaescolapios.org\\\/fr\\\/2012\\\/10\\\/el-viernes-21-de-septiembre-se-inauguro-de-manera-oficial-el-nuevo-internado-escolar-en-la-comunidad-de-morocomarca-de-uncia-dpto-potosi-bolivia\\\/\"},\"wordCount\":333,\"publisher\":{\"@id\":\"https:\\\/\\\/www.itakaescolapios.org\\\/es\\\/#organization\"},\"image\":{\"@id\":\"https:\\\/\\\/www.itakaescolapios.org\\\/fr\\\/2012\\\/10\\\/el-viernes-21-de-septiembre-se-inauguro-de-manera-oficial-el-nuevo-internado-escolar-en-la-comunidad-de-morocomarca-de-uncia-dpto-potosi-bolivia\\\/#primaryimage\"},\"thumbnailUrl\":\"https:\\\/\\\/www.itakaescolapios.org\\\/wp-content\\\/uploads\\\/2012\\\/10\\\/Inauguraci\u00f3n.jpg\",\"articleSection\":[\"Bolivia\"],\"inLanguage\":\"fr-FR\"},{\"@type\":\"WebPage\",\"@id\":\"https:\\\/\\\/www.itakaescolapios.org\\\/fr\\\/2012\\\/10\\\/el-viernes-21-de-septiembre-se-inauguro-de-manera-oficial-el-nuevo-internado-escolar-en-la-comunidad-de-morocomarca-de-uncia-dpto-potosi-bolivia\\\/\",\"url\":\"https:\\\/\\\/www.itakaescolapios.org\\\/fr\\\/2012\\\/10\\\/el-viernes-21-de-septiembre-se-inauguro-de-manera-oficial-el-nuevo-internado-escolar-en-la-comunidad-de-morocomarca-de-uncia-dpto-potosi-bolivia\\\/\",\"name\":\"El viernes 21 de septiembre se inaugur\u00f3 de manera oficial el nuevo internado escolar en la Comunidad de Morocomarca de Unc\u00eda (Dpto. Potos\u00ed \u2013 Bolivia). - Itaka-Escolapios\",\"isPartOf\":{\"@id\":\"https:\\\/\\\/www.itakaescolapios.org\\\/es\\\/#website\"},\"primaryImageOfPage\":{\"@id\":\"https:\\\/\\\/www.itakaescolapios.org\\\/fr\\\/2012\\\/10\\\/el-viernes-21-de-septiembre-se-inauguro-de-manera-oficial-el-nuevo-internado-escolar-en-la-comunidad-de-morocomarca-de-uncia-dpto-potosi-bolivia\\\/#primaryimage\"},\"image\":{\"@id\":\"https:\\\/\\\/www.itakaescolapios.org\\\/fr\\\/2012\\\/10\\\/el-viernes-21-de-septiembre-se-inauguro-de-manera-oficial-el-nuevo-internado-escolar-en-la-comunidad-de-morocomarca-de-uncia-dpto-potosi-bolivia\\\/#primaryimage\"},\"thumbnailUrl\":\"https:\\\/\\\/www.itakaescolapios.org\\\/wp-content\\\/uploads\\\/2012\\\/10\\\/Inauguraci\u00f3n.jpg\",\"datePublished\":\"2012-10-03T09:59:40+00:00\",\"dateModified\":\"2023-11-28T11:39:37+00:00\",\"breadcrumb\":{\"@id\":\"https:\\\/\\\/www.itakaescolapios.org\\\/fr\\\/2012\\\/10\\\/el-viernes-21-de-septiembre-se-inauguro-de-manera-oficial-el-nuevo-internado-escolar-en-la-comunidad-de-morocomarca-de-uncia-dpto-potosi-bolivia\\\/#breadcrumb\"},\"inLanguage\":\"fr-FR\",\"potentialAction\":[{\"@type\":\"ReadAction\",\"target\":[\"https:\\\/\\\/www.itakaescolapios.org\\\/fr\\\/2012\\\/10\\\/el-viernes-21-de-septiembre-se-inauguro-de-manera-oficial-el-nuevo-internado-escolar-en-la-comunidad-de-morocomarca-de-uncia-dpto-potosi-bolivia\\\/\"]}]},{\"@type\":\"ImageObject\",\"inLanguage\":\"fr-FR\",\"@id\":\"https:\\\/\\\/www.itakaescolapios.org\\\/fr\\\/2012\\\/10\\\/el-viernes-21-de-septiembre-se-inauguro-de-manera-oficial-el-nuevo-internado-escolar-en-la-comunidad-de-morocomarca-de-uncia-dpto-potosi-bolivia\\\/#primaryimage\",\"url\":\"https:\\\/\\\/www.itakaescolapios.org\\\/wp-content\\\/uploads\\\/2012\\\/10\\\/Inauguraci\u00f3n.jpg\",\"contentUrl\":\"https:\\\/\\\/www.itakaescolapios.org\\\/wp-content\\\/uploads\\\/2012\\\/10\\\/Inauguraci\u00f3n.jpg\",\"width\":2000,\"height\":1500},{\"@type\":\"BreadcrumbList\",\"@id\":\"https:\\\/\\\/www.itakaescolapios.org\\\/fr\\\/2012\\\/10\\\/el-viernes-21-de-septiembre-se-inauguro-de-manera-oficial-el-nuevo-internado-escolar-en-la-comunidad-de-morocomarca-de-uncia-dpto-potosi-bolivia\\\/#breadcrumb\",\"itemListElement\":[{\"@type\":\"ListItem\",\"position\":1,\"name\":\"Itaka-Escolapios\",\"item\":\"https:\\\/\\\/www.itakaescolapios.org\\\/es\\\/\"},{\"@type\":\"ListItem\",\"position\":2,\"name\":\"El viernes 21 de septiembre se inaugur\u00f3 de manera oficial el nuevo internado escolar en la Comunidad de Morocomarca de Unc\u00eda (Dpto. Potos\u00ed \u2013 Bolivia).\"}]},{\"@type\":\"WebSite\",\"@id\":\"https:\\\/\\\/www.itakaescolapios.org\\\/fr\\\/es\\\/#website\",\"url\":\"https:\\\/\\\/www.itakaescolapios.org\\\/fr\\\/es\\\/\",\"name\":\"Itaka-Escolapios\",\"description\":\"Red de Itaka-Escolapios\",\"publisher\":{\"@id\":\"https:\\\/\\\/www.itakaescolapios.org\\\/fr\\\/es\\\/#organization\"},\"potentialAction\":[{\"@type\":\"SearchAction\",\"target\":{\"@type\":\"EntryPoint\",\"urlTemplate\":\"https:\\\/\\\/www.itakaescolapios.org\\\/fr\\\/es\\\/?s={search_term_string}\"},\"query-input\":{\"@type\":\"PropertyValueSpecification\",\"valueRequired\":true,\"valueName\":\"search_term_string\"}}],\"inLanguage\":\"fr-FR\"},{\"@type\":\"Organization\",\"@id\":\"https:\\\/\\\/www.itakaescolapios.org\\\/fr\\\/es\\\/#organization\",\"name\":\"Fundaci\u00f3 Itaka-Escolapios\",\"url\":\"https:\\\/\\\/www.itakaescolapios.org\\\/fr\\\/es\\\/\",\"logo\":{\"@type\":\"ImageObject\",\"inLanguage\":\"fr-FR\",\"@id\":\"https:\\\/\\\/www.itakaescolapios.org\\\/fr\\\/es\\\/#\\\/schema\\\/logo\\\/image\\\/\",\"url\":\"https:\\\/\\\/www.itakaescolapios.org\\\/wp-content\\\/uploads\\\/2024\\\/04\\\/Logo-itakaescolapios-peque.png\",\"contentUrl\":\"https:\\\/\\\/www.itakaescolapios.org\\\/wp-content\\\/uploads\\\/2024\\\/04\\\/Logo-itakaescolapios-peque.png\",\"width\":500,\"height\":199,\"caption\":\"Fundaci\u00f3 Itaka-Escolapios\"},\"image\":{\"@id\":\"https:\\\/\\\/www.itakaescolapios.org\\\/fr\\\/es\\\/#\\\/schema\\\/logo\\\/image\\\/\"}},{\"@type\":\"Person\",\"@id\":\"https:\\\/\\\/www.itakaescolapios.org\\\/es\\\/#\\\/schema\\\/person\\\/d5b530ea20cbfbbd734611b2591f590c\",\"name\":\"Bilbao\",\"url\":\"https:\\\/\\\/www.itakaescolapios.org\\\/fr\\\/author\\\/bilbao\\\/\"}]}<\/script>\n<!-- \/ Yoast SEO plugin. -->","yoast_head_json":{"title":"El viernes 21 de septiembre se inaugur\u00f3 de manera oficial el nuevo internado escolar en la Comunidad de Morocomarca de Unc\u00eda (Dpto. Potos\u00ed \u2013 Bolivia).","description":"Esta Obra de Itaka Escolapios permitir\u00e1 atender permanentemente a 160 j\u00f3venes. Es la \u00fanica oportunidad de estudio para quienes viven demasiado lejos de la escuela. Se trata de una iniciativa educativa largamente demandada por la comunidad de Morocomarca y el municipio de Unc\u00eda. Ya en el a\u00f1o 2001 el alcalde acompa\u00f1ado de otras autoridades solicit\u00f3\u2026","robots":{"index":"index","follow":"follow","max-snippet":"max-snippet:-1","max-image-preview":"max-image-preview:large","max-video-preview":"max-video-preview:-1"},"canonical":"Esta Obra de Itaka Escolapios permitir\u00e1 atender permanentemente a 160 j\u00f3venes. Es la \u00fanica oportunidad de estudio para quienes viven demasiado lejos de la escuela. Se trata de una iniciativa educativa largamente demandada por la comunidad de Morocomarca y el municipio de Unc\u00eda. Ya en el a\u00f1o 2001 el alcalde acompa\u00f1ado de otras autoridades solicit\u00f3\u2026","og_locale":"fr_FR","og_type":"article","og_title":"El viernes 21 de septiembre se inaugur\u00f3 de manera oficial el nuevo internado escolar en la Comunidad de Morocomarca de Unc\u00eda (Dpto. Potos\u00ed \u2013 Bolivia).","og_description":"Esta Obra de Itaka Escolapios permitir\u00e1 atender permanentemente a 160 j\u00f3venes. Es la \u00fanica oportunidad de estudio para quienes viven demasiado lejos de la escuela. Se trata de una iniciativa educativa largamente demandada por la comunidad de Morocomarca y el municipio de Unc\u00eda. Ya en el a\u00f1o 2001 el alcalde acompa\u00f1ado de otras autoridades solicit\u00f3\u2026","og_url":"https:\/\/www.itakaescolapios.org\/fr\/2012\/10\/el-viernes-21-de-septiembre-se-inauguro-de-manera-oficial-el-nuevo-internado-escolar-en-la-comunidad-de-morocomarca-de-uncia-dpto-potosi-bolivia\/","og_site_name":"Itaka-Escolapios","article_published_time":"2012-10-03T09:59:40+00:00","article_modified_time":"2023-11-28T11:39:37+00:00","og_image":[{"width":2000,"height":1500,"url":"https:\/\/www.itakaescolapios.org\/wp-content\/uploads\/2012\/10\/Inauguraci\u00f3n.jpg","type":"image\/jpeg"}],"author":"Bilbao","twitter_card":"summary_large_image","twitter_misc":{"\u00c9crit par":"Bilbao","Dur\u00e9e de lecture estim\u00e9e":"2 minutes"},"schema":{"@context":"https:\/\/schema.org","@graph":[{"@type":"Article","@id":"https:\/\/www.itakaescolapios.org\/fr\/2012\/10\/el-viernes-21-de-septiembre-se-inauguro-de-manera-oficial-el-nuevo-internado-escolar-en-la-comunidad-de-morocomarca-de-uncia-dpto-potosi-bolivia\/#article","isPartOf":{"@id":"https:\/\/www.itakaescolapios.org\/fr\/2012\/10\/el-viernes-21-de-septiembre-se-inauguro-de-manera-oficial-el-nuevo-internado-escolar-en-la-comunidad-de-morocomarca-de-uncia-dpto-potosi-bolivia\/"},"author":{"name":"Bilbao","@id":"https:\/\/www.itakaescolapios.org\/es\/#\/schema\/person\/d5b530ea20cbfbbd734611b2591f590c"},"headline":"El viernes 21 de septiembre se inaugur\u00f3 de manera oficial el nuevo internado escolar en la Comunidad de Morocomarca de Unc\u00eda (Dpto. Potos\u00ed \u2013 Bolivia).","datePublished":"2012-10-03T09:59:40+00:00","dateModified":"2023-11-28T11:39:37+00:00","mainEntityOfPage":{"@id":"https:\/\/www.itakaescolapios.org\/fr\/2012\/10\/el-viernes-21-de-septiembre-se-inauguro-de-manera-oficial-el-nuevo-internado-escolar-en-la-comunidad-de-morocomarca-de-uncia-dpto-potosi-bolivia\/"},"wordCount":333,"publisher":{"@id":"https:\/\/www.itakaescolapios.org\/es\/#organization"},"image":{"@id":"https:\/\/www.itakaescolapios.org\/fr\/2012\/10\/el-viernes-21-de-septiembre-se-inauguro-de-manera-oficial-el-nuevo-internado-escolar-en-la-comunidad-de-morocomarca-de-uncia-dpto-potosi-bolivia\/#primaryimage"},"thumbnailUrl":"https:\/\/www.itakaescolapios.org\/wp-content\/uploads\/2012\/10\/Inauguraci\u00f3n.jpg","articleSection":["Bolivia"],"inLanguage":"fr-FR"},{"@type":"WebPage","@id":"https:\/\/www.itakaescolapios.org\/fr\/2012\/10\/el-viernes-21-de-septiembre-se-inauguro-de-manera-oficial-el-nuevo-internado-escolar-en-la-comunidad-de-morocomarca-de-uncia-dpto-potosi-bolivia\/","url":"https:\/\/www.itakaescolapios.org\/fr\/2012\/10\/el-viernes-21-de-septiembre-se-inauguro-de-manera-oficial-el-nuevo-internado-escolar-en-la-comunidad-de-morocomarca-de-uncia-dpto-potosi-bolivia\/","name":"El viernes 21 de septiembre se inaugur\u00f3 de manera oficial el nuevo internado escolar en la Comunidad de Morocomarca de Unc\u00eda (Dpto. Potos\u00ed \u2013 Bolivia). - Itaka-Escolapios","isPartOf":{"@id":"https:\/\/www.itakaescolapios.org\/es\/#website"},"primaryImageOfPage":{"@id":"https:\/\/www.itakaescolapios.org\/fr\/2012\/10\/el-viernes-21-de-septiembre-se-inauguro-de-manera-oficial-el-nuevo-internado-escolar-en-la-comunidad-de-morocomarca-de-uncia-dpto-potosi-bolivia\/#primaryimage"},"image":{"@id":"https:\/\/www.itakaescolapios.org\/fr\/2012\/10\/el-viernes-21-de-septiembre-se-inauguro-de-manera-oficial-el-nuevo-internado-escolar-en-la-comunidad-de-morocomarca-de-uncia-dpto-potosi-bolivia\/#primaryimage"},"thumbnailUrl":"https:\/\/www.itakaescolapios.org\/wp-content\/uploads\/2012\/10\/Inauguraci\u00f3n.jpg","datePublished":"2012-10-03T09:59:40+00:00","dateModified":"2023-11-28T11:39:37+00:00","breadcrumb":{"@id":"https:\/\/www.itakaescolapios.org\/fr\/2012\/10\/el-viernes-21-de-septiembre-se-inauguro-de-manera-oficial-el-nuevo-internado-escolar-en-la-comunidad-de-morocomarca-de-uncia-dpto-potosi-bolivia\/#breadcrumb"},"inLanguage":"fr-FR","potentialAction":[{"@type":"ReadAction","target":["https:\/\/www.itakaescolapios.org\/fr\/2012\/10\/el-viernes-21-de-septiembre-se-inauguro-de-manera-oficial-el-nuevo-internado-escolar-en-la-comunidad-de-morocomarca-de-uncia-dpto-potosi-bolivia\/"]}]},{"@type":"ImageObject","inLanguage":"fr-FR","@id":"https:\/\/www.itakaescolapios.org\/fr\/2012\/10\/el-viernes-21-de-septiembre-se-inauguro-de-manera-oficial-el-nuevo-internado-escolar-en-la-comunidad-de-morocomarca-de-uncia-dpto-potosi-bolivia\/#primaryimage","url":"https:\/\/www.itakaescolapios.org\/wp-content\/uploads\/2012\/10\/Inauguraci\u00f3n.jpg","contentUrl":"https:\/\/www.itakaescolapios.org\/wp-content\/uploads\/2012\/10\/Inauguraci\u00f3n.jpg","width":2000,"height":1500},{"@type":"BreadcrumbList","@id":"https:\/\/www.itakaescolapios.org\/fr\/2012\/10\/el-viernes-21-de-septiembre-se-inauguro-de-manera-oficial-el-nuevo-internado-escolar-en-la-comunidad-de-morocomarca-de-uncia-dpto-potosi-bolivia\/#breadcrumb","itemListElement":[{"@type":"ListItem","position":1,"name":"Itaka-Escolapios","item":"https:\/\/www.itakaescolapios.org\/es\/"},{"@type":"ListItem","position":2,"name":"El viernes 21 de septiembre se inaugur\u00f3 de manera oficial el nuevo internado escolar en la Comunidad de Morocomarca de Unc\u00eda (Dpto. Potos\u00ed \u2013 Bolivia)."}]},{"@type":"WebSite","@id":"https:\/\/www.itakaescolapios.org\/fr\/es\/#website","url":"https:\/\/www.itakaescolapios.org\/fr\/es\/","name":"Itaka-Escolapios","description":"Red de Itaka-Escolapios","publisher":{"@id":"https:\/\/www.itakaescolapios.org\/fr\/es\/#organization"},"potentialAction":[{"@type":"SearchAction","target":{"@type":"EntryPoint","urlTemplate":"https:\/\/www.itakaescolapios.org\/fr\/es\/?s={search_term_string}"},"query-input":{"@type":"PropertyValueSpecification","valueRequired":true,"valueName":"search_term_string"}}],"inLanguage":"fr-FR"},{"@type":"Organization","@id":"https:\/\/www.itakaescolapios.org\/fr\/es\/#organization","name":"Fundaci\u00f3 Itaka-Escolapios","url":"https:\/\/www.itakaescolapios.org\/fr\/es\/","logo":{"@type":"ImageObject","inLanguage":"fr-FR","@id":"https:\/\/www.itakaescolapios.org\/fr\/es\/#\/schema\/logo\/image\/","url":"https:\/\/www.itakaescolapios.org\/wp-content\/uploads\/2024\/04\/Logo-itakaescolapios-peque.png","contentUrl":"https:\/\/www.itakaescolapios.org\/wp-content\/uploads\/2024\/04\/Logo-itakaescolapios-peque.png","width":500,"height":199,"caption":"Fundaci\u00f3 Itaka-Escolapios"},"image":{"@id":"https:\/\/www.itakaescolapios.org\/fr\/es\/#\/schema\/logo\/image\/"}},{"@type":"Person","@id":"https:\/\/www.itakaescolapios.org\/es\/#\/schema\/person\/d5b530ea20cbfbbd734611b2591f590c","name":"Bilbao","url":"https:\/\/www.itakaescolapios.org\/fr\/author\/bilbao\/"}]}},"_links":{"self":[{"href":"https:\/\/www.itakaescolapios.org\/fr\/wp-json\/wp\/v2\/posts\/3388","targetHints":{"allow":["GET"]}}],"collection":[{"href":"https:\/\/www.itakaescolapios.org\/fr\/wp-json\/wp\/v2\/posts"}],"about":[{"href":"https:\/\/www.itakaescolapios.org\/fr\/wp-json\/wp\/v2\/types\/post"}],"author":[{"embeddable":true,"href":"https:\/\/www.itakaescolapios.org\/fr\/wp-json\/wp\/v2\/users\/3"}],"replies":[{"embeddable":true,"href":"https:\/\/www.itakaescolapios.org\/fr\/wp-json\/wp\/v2\/comments?post=3388"}],"version-history":[{"count":5,"href":"https:\/\/www.itakaescolapios.org\/fr\/wp-json\/wp\/v2\/posts\/3388\/revisions"}],"predecessor-version":[{"id":49990,"href":"https:\/\/www.itakaescolapios.org\/fr\/wp-json\/wp\/v2\/posts\/3388\/revisions\/49990"}],"wp:featuredmedia":[{"embeddable":true,"href":"https:\/\/www.itakaescolapios.org\/fr\/wp-json\/wp\/v2\/media\/3389"}],"wp:attachment":[{"href":"https:\/\/www.itakaescolapios.org\/fr\/wp-json\/wp\/v2\/media?parent=3388"}],"wp:term":[{"taxonomy":"category","embeddable":true,"href":"https:\/\/www.itakaescolapios.org\/fr\/wp-json\/wp\/v2\/categories?post=3388"},{"taxonomy":"post_tag","embeddable":true,"href":"https:\/\/www.itakaescolapios.org\/fr\/wp-json\/wp\/v2\/tags?post=3388"}],"curies":[{"name":"wp","href":"https:\/\/api.w.org\/{rel}","templated":true}]}}