{"id":34542,"date":"2021-06-29T08:54:29","date_gmt":"2021-06-29T07:54:29","guid":{"rendered":"https:\/\/www.itakaescolapios.org\/?p=34542"},"modified":"2023-11-28T12:35:59","modified_gmt":"2023-11-28T11:35:59","slug":"intervencion-humanitaria-en-bamenda-financiada-por-la-agencia-vasca-de-cooperacion","status":"publish","type":"post","link":"https:\/\/www.itakaescolapios.org\/fr\/2021\/06\/intervencion-humanitaria-en-bamenda-financiada-por-la-agencia-vasca-de-cooperacion\/","title":{"rendered":"INTERVENTION HUMANITAIRE A BAMENDA FINANCEE PAR L'AGENCE BASQUE DE COOPERATION"},"content":{"rendered":"<p>L&rsquo;Agence Basque de Coop\u00e9ration a accord\u00e9 \u00e0 Itaka Escolapios une intervention humanitaire \u00e0 Bamenda-Cameroun. Cette intervention a pour but de contenir les effets des crises humanitaires et naturelles successives subies par les populations de la zone, d&rsquo;am\u00e9liorer la r\u00e9silience des personnes face aux crises et d&rsquo;assurer la s\u00e9curit\u00e9 alimentaire de 1212 familles, tant d\u00e9plac\u00e9es que de la population h\u00f4te qui font partie de la communaut\u00e9 \u00e9ducative des 3 \u00e9coles pieuses de la zone.<\/p>\n<p>&nbsp;<\/p>\n","protected":false},"excerpt":{"rendered":"<p>L&rsquo;Agence Basque de Coop\u00e9ration a accord\u00e9 \u00e0 Itaka Escolapios une intervention humanitaire \u00e0 Bamenda-Cameroun. Cette intervention a pour but de contenir les effets des crises humanitaires et naturelles successives subies [&hellip;]<\/p>\n","protected":false},"author":46,"featured_media":34543,"comment_status":"closed","ping_status":"closed","sticky":false,"template":"","format":"standard","meta":{"_et_pb_use_builder":"","_et_pb_old_content":"","_et_gb_content_width":"","footnotes":""},"categories":[53],"tags":[],"class_list":["post-34542","post","type-post","status-publish","format-standard","has-post-thumbnail","hentry","category-africa-central"],"yoast_head":"<!-- This site is optimized with the Yoast SEO plugin v27.4 - https:\/\/yoast.com\/product\/yoast-seo-wordpress\/ -->\n<title>INTERVENTION HUMANITAIRE A BAMENDA FINANCEE PAR L&#039;AGENCE BASQUE DE COOPERATION<\/title>\n<meta name=\"description\" content=\"L&#039;Agence Basque de Coop\u00e9ration a accord\u00e9 \u00e0 Itaka Escolapios une intervention humanitaire \u00e0 Bamenda-Cameroun. Cette intervention a pour but de contenir les effets des crises humanitaires et naturelles successives subies par les populations de la zone, d&#039;am\u00e9liorer la r\u00e9silience des personnes face aux crises et d&#039;assurer la s\u00e9curit\u00e9 alimentaire de 1212 familles, tant d\u00e9plac\u00e9es que\u2026\" \/>\n<meta name=\"robots\" content=\"index, follow, max-snippet:-1, max-image-preview:large, max-video-preview:-1\" \/>\n<link rel=\"canonical\" href=\"http:\/\/L'Agence%20Basque%20de%20Coop\u00e9ration%20a%20accord\u00e9%20\u00e0%20Itaka%20Escolapios%20une%20intervention%20humanitaire%20\u00e0%20Bamenda-Cameroun.%20Cette%20intervention%20a%20pour%20but%20de%20contenir%20les%20effets%20des%20crises%20humanitaires%20et%20naturelles%20successives%20subies%20par%20les%20populations%20de%20la%20zone,%20d'am\u00e9liorer%20la%20r\u00e9silience%20des%20personnes%20face%20aux%20crises%20et%20d'assurer%20la%20s\u00e9curit\u00e9%20alimentaire%20de%201212%20familles,%20tant%20d\u00e9plac\u00e9es%20que\u2026\" \/>\n<meta property=\"og:locale\" content=\"fr_FR\" \/>\n<meta property=\"og:type\" content=\"article\" \/>\n<meta property=\"og:title\" content=\"INTERVENTION HUMANITAIRE A BAMENDA FINANCEE PAR L&#039;AGENCE BASQUE DE COOPERATION\" \/>\n<meta property=\"og:description\" content=\"L&#039;Agence Basque de Coop\u00e9ration a accord\u00e9 \u00e0 Itaka Escolapios une intervention humanitaire \u00e0 Bamenda-Cameroun. Cette intervention a pour but de contenir les effets des crises humanitaires et naturelles successives subies par les populations de la zone, d&#039;am\u00e9liorer la r\u00e9silience des personnes face aux crises et d&#039;assurer la s\u00e9curit\u00e9 alimentaire de 1212 familles, tant d\u00e9plac\u00e9es que\u2026\" \/>\n<meta property=\"og:url\" content=\"https:\/\/www.itakaescolapios.org\/fr\/2021\/06\/intervencion-humanitaria-en-bamenda-financiada-por-la-agencia-vasca-de-cooperacion\/\" \/>\n<meta property=\"og:site_name\" content=\"Itaka-Escolapios\" \/>\n<meta property=\"article:published_time\" content=\"2021-06-29T07:54:29+00:00\" \/>\n<meta property=\"article:modified_time\" content=\"2023-11-28T11:35:59+00:00\" \/>\n<meta property=\"og:image\" content=\"https:\/\/www.itakaescolapios.org\/wp-content\/uploads\/2021\/06\/BAMENDA.jpg\" \/>\n\t<meta property=\"og:image:width\" content=\"355\" \/>\n\t<meta property=\"og:image:height\" content=\"177\" \/>\n\t<meta property=\"og:image:type\" content=\"image\/jpeg\" \/>\n<meta name=\"author\" content=\"itakaescolapios\" \/>\n<meta name=\"twitter:card\" content=\"summary_large_image\" \/>\n<meta name=\"twitter:label1\" content=\"\u00c9crit par\" \/>\n\t<meta name=\"twitter:data1\" content=\"itakaescolapios\" \/>\n<script type=\"application\/ld+json\" class=\"yoast-schema-graph\">{\"@context\":\"https:\\\/\\\/schema.org\",\"@graph\":[{\"@type\":\"Article\",\"@id\":\"https:\\\/\\\/www.itakaescolapios.org\\\/fr\\\/2021\\\/06\\\/intervencion-humanitaria-en-bamenda-financiada-por-la-agencia-vasca-de-cooperacion\\\/#article\",\"isPartOf\":{\"@id\":\"https:\\\/\\\/www.itakaescolapios.org\\\/fr\\\/2021\\\/06\\\/intervencion-humanitaria-en-bamenda-financiada-por-la-agencia-vasca-de-cooperacion\\\/\"},\"author\":{\"name\":\"itakaescolapios\",\"@id\":\"https:\\\/\\\/www.itakaescolapios.org\\\/es\\\/#\\\/schema\\\/person\\\/768ce0f19db5c2c2b6361e77e15db2db\"},\"headline\":\"INTERVENTION HUMANITAIRE A BAMENDA FINANCEE PAR L'AGENCE BASQUE DE COOPERATION\",\"datePublished\":\"2021-06-29T07:54:29+00:00\",\"dateModified\":\"2023-11-28T11:35:59+00:00\",\"mainEntityOfPage\":{\"@id\":\"https:\\\/\\\/www.itakaescolapios.org\\\/fr\\\/2021\\\/06\\\/intervencion-humanitaria-en-bamenda-financiada-por-la-agencia-vasca-de-cooperacion\\\/\"},\"wordCount\":92,\"publisher\":{\"@id\":\"https:\\\/\\\/www.itakaescolapios.org\\\/es\\\/#organization\"},\"image\":{\"@id\":\"https:\\\/\\\/www.itakaescolapios.org\\\/fr\\\/2021\\\/06\\\/intervencion-humanitaria-en-bamenda-financiada-por-la-agencia-vasca-de-cooperacion\\\/#primaryimage\"},\"thumbnailUrl\":\"https:\\\/\\\/www.itakaescolapios.org\\\/wp-content\\\/uploads\\\/2021\\\/06\\\/BAMENDA.jpg\",\"articleSection\":[\"Afrique centrale\"],\"inLanguage\":\"fr-FR\"},{\"@type\":\"WebPage\",\"@id\":\"https:\\\/\\\/www.itakaescolapios.org\\\/fr\\\/2021\\\/06\\\/intervencion-humanitaria-en-bamenda-financiada-por-la-agencia-vasca-de-cooperacion\\\/\",\"url\":\"https:\\\/\\\/www.itakaescolapios.org\\\/fr\\\/2021\\\/06\\\/intervencion-humanitaria-en-bamenda-financiada-por-la-agencia-vasca-de-cooperacion\\\/\",\"name\":\"INTERVENCI\u00d3N HUMANITARIA EN BAMENDA FINANCIADA POR LA AGENCIA VASCA DE COOPERACI\u00d3N - Itaka-Escolapios\",\"isPartOf\":{\"@id\":\"https:\\\/\\\/www.itakaescolapios.org\\\/es\\\/#website\"},\"primaryImageOfPage\":{\"@id\":\"https:\\\/\\\/www.itakaescolapios.org\\\/fr\\\/2021\\\/06\\\/intervencion-humanitaria-en-bamenda-financiada-por-la-agencia-vasca-de-cooperacion\\\/#primaryimage\"},\"image\":{\"@id\":\"https:\\\/\\\/www.itakaescolapios.org\\\/fr\\\/2021\\\/06\\\/intervencion-humanitaria-en-bamenda-financiada-por-la-agencia-vasca-de-cooperacion\\\/#primaryimage\"},\"thumbnailUrl\":\"https:\\\/\\\/www.itakaescolapios.org\\\/wp-content\\\/uploads\\\/2021\\\/06\\\/BAMENDA.jpg\",\"datePublished\":\"2021-06-29T07:54:29+00:00\",\"dateModified\":\"2023-11-28T11:35:59+00:00\",\"breadcrumb\":{\"@id\":\"https:\\\/\\\/www.itakaescolapios.org\\\/fr\\\/2021\\\/06\\\/intervencion-humanitaria-en-bamenda-financiada-por-la-agencia-vasca-de-cooperacion\\\/#breadcrumb\"},\"inLanguage\":\"fr-FR\",\"potentialAction\":[{\"@type\":\"ReadAction\",\"target\":[\"https:\\\/\\\/www.itakaescolapios.org\\\/fr\\\/2021\\\/06\\\/intervencion-humanitaria-en-bamenda-financiada-por-la-agencia-vasca-de-cooperacion\\\/\"]}]},{\"@type\":\"ImageObject\",\"inLanguage\":\"fr-FR\",\"@id\":\"https:\\\/\\\/www.itakaescolapios.org\\\/fr\\\/2021\\\/06\\\/intervencion-humanitaria-en-bamenda-financiada-por-la-agencia-vasca-de-cooperacion\\\/#primaryimage\",\"url\":\"https:\\\/\\\/www.itakaescolapios.org\\\/wp-content\\\/uploads\\\/2021\\\/06\\\/BAMENDA.jpg\",\"contentUrl\":\"https:\\\/\\\/www.itakaescolapios.org\\\/wp-content\\\/uploads\\\/2021\\\/06\\\/BAMENDA.jpg\",\"width\":355,\"height\":177},{\"@type\":\"BreadcrumbList\",\"@id\":\"https:\\\/\\\/www.itakaescolapios.org\\\/fr\\\/2021\\\/06\\\/intervencion-humanitaria-en-bamenda-financiada-por-la-agencia-vasca-de-cooperacion\\\/#breadcrumb\",\"itemListElement\":[{\"@type\":\"ListItem\",\"position\":1,\"name\":\"Itaka-Escolapios\",\"item\":\"https:\\\/\\\/www.itakaescolapios.org\\\/es\\\/\"},{\"@type\":\"ListItem\",\"position\":2,\"name\":\"INTERVENTION HUMANITAIRE A BAMENDA FINANCEE PAR L'AGENCE BASQUE DE COOPERATION\"}]},{\"@type\":\"WebSite\",\"@id\":\"https:\\\/\\\/www.itakaescolapios.org\\\/fr\\\/es\\\/#website\",\"url\":\"https:\\\/\\\/www.itakaescolapios.org\\\/fr\\\/es\\\/\",\"name\":\"Itaka-Escolapios\",\"description\":\"Red de Itaka-Escolapios\",\"publisher\":{\"@id\":\"https:\\\/\\\/www.itakaescolapios.org\\\/fr\\\/es\\\/#organization\"},\"potentialAction\":[{\"@type\":\"SearchAction\",\"target\":{\"@type\":\"EntryPoint\",\"urlTemplate\":\"https:\\\/\\\/www.itakaescolapios.org\\\/fr\\\/es\\\/?s={search_term_string}\"},\"query-input\":{\"@type\":\"PropertyValueSpecification\",\"valueRequired\":true,\"valueName\":\"search_term_string\"}}],\"inLanguage\":\"fr-FR\"},{\"@type\":\"Organization\",\"@id\":\"https:\\\/\\\/www.itakaescolapios.org\\\/fr\\\/es\\\/#organization\",\"name\":\"Fundaci\u00f3 Itaka-Escolapios\",\"url\":\"https:\\\/\\\/www.itakaescolapios.org\\\/fr\\\/es\\\/\",\"logo\":{\"@type\":\"ImageObject\",\"inLanguage\":\"fr-FR\",\"@id\":\"https:\\\/\\\/www.itakaescolapios.org\\\/fr\\\/es\\\/#\\\/schema\\\/logo\\\/image\\\/\",\"url\":\"https:\\\/\\\/www.itakaescolapios.org\\\/wp-content\\\/uploads\\\/2024\\\/04\\\/Logo-itakaescolapios-peque.png\",\"contentUrl\":\"https:\\\/\\\/www.itakaescolapios.org\\\/wp-content\\\/uploads\\\/2024\\\/04\\\/Logo-itakaescolapios-peque.png\",\"width\":500,\"height\":199,\"caption\":\"Fundaci\u00f3 Itaka-Escolapios\"},\"image\":{\"@id\":\"https:\\\/\\\/www.itakaescolapios.org\\\/fr\\\/es\\\/#\\\/schema\\\/logo\\\/image\\\/\"}},{\"@type\":\"Person\",\"@id\":\"https:\\\/\\\/www.itakaescolapios.org\\\/es\\\/#\\\/schema\\\/person\\\/768ce0f19db5c2c2b6361e77e15db2db\",\"name\":\"itakaescolapios\",\"url\":\"https:\\\/\\\/www.itakaescolapios.org\\\/fr\\\/author\\\/itakaescolapios\\\/\"}]}<\/script>\n<!-- \/ Yoast SEO plugin. -->","yoast_head_json":{"title":"INTERVENTION HUMANITAIRE A BAMENDA FINANCEE PAR L'AGENCE BASQUE DE COOPERATION","description":"L'Agence Basque de Coop\u00e9ration a accord\u00e9 \u00e0 Itaka Escolapios une intervention humanitaire \u00e0 Bamenda-Cameroun. Cette intervention a pour but de contenir les effets des crises humanitaires et naturelles successives subies par les populations de la zone, d'am\u00e9liorer la r\u00e9silience des personnes face aux crises et d'assurer la s\u00e9curit\u00e9 alimentaire de 1212 familles, tant d\u00e9plac\u00e9es que\u2026","robots":{"index":"index","follow":"follow","max-snippet":"max-snippet:-1","max-image-preview":"max-image-preview:large","max-video-preview":"max-video-preview:-1"},"canonical":"L'Agence Basque de Coop\u00e9ration a accord\u00e9 \u00e0 Itaka Escolapios une intervention humanitaire \u00e0 Bamenda-Cameroun. Cette intervention a pour but de contenir les effets des crises humanitaires et naturelles successives subies par les populations de la zone, d'am\u00e9liorer la r\u00e9silience des personnes face aux crises et d'assurer la s\u00e9curit\u00e9 alimentaire de 1212 familles, tant d\u00e9plac\u00e9es que\u2026","og_locale":"fr_FR","og_type":"article","og_title":"INTERVENTION HUMANITAIRE A BAMENDA FINANCEE PAR L'AGENCE BASQUE DE COOPERATION","og_description":"L'Agence Basque de Coop\u00e9ration a accord\u00e9 \u00e0 Itaka Escolapios une intervention humanitaire \u00e0 Bamenda-Cameroun. Cette intervention a pour but de contenir les effets des crises humanitaires et naturelles successives subies par les populations de la zone, d'am\u00e9liorer la r\u00e9silience des personnes face aux crises et d'assurer la s\u00e9curit\u00e9 alimentaire de 1212 familles, tant d\u00e9plac\u00e9es que\u2026","og_url":"https:\/\/www.itakaescolapios.org\/fr\/2021\/06\/intervencion-humanitaria-en-bamenda-financiada-por-la-agencia-vasca-de-cooperacion\/","og_site_name":"Itaka-Escolapios","article_published_time":"2021-06-29T07:54:29+00:00","article_modified_time":"2023-11-28T11:35:59+00:00","og_image":[{"width":355,"height":177,"url":"https:\/\/www.itakaescolapios.org\/wp-content\/uploads\/2021\/06\/BAMENDA.jpg","type":"image\/jpeg"}],"author":"itakaescolapios","twitter_card":"summary_large_image","twitter_misc":{"\u00c9crit par":"itakaescolapios"},"schema":{"@context":"https:\/\/schema.org","@graph":[{"@type":"Article","@id":"https:\/\/www.itakaescolapios.org\/fr\/2021\/06\/intervencion-humanitaria-en-bamenda-financiada-por-la-agencia-vasca-de-cooperacion\/#article","isPartOf":{"@id":"https:\/\/www.itakaescolapios.org\/fr\/2021\/06\/intervencion-humanitaria-en-bamenda-financiada-por-la-agencia-vasca-de-cooperacion\/"},"author":{"name":"itakaescolapios","@id":"https:\/\/www.itakaescolapios.org\/es\/#\/schema\/person\/768ce0f19db5c2c2b6361e77e15db2db"},"headline":"INTERVENTION HUMANITAIRE A BAMENDA FINANCEE PAR L'AGENCE BASQUE DE COOPERATION","datePublished":"2021-06-29T07:54:29+00:00","dateModified":"2023-11-28T11:35:59+00:00","mainEntityOfPage":{"@id":"https:\/\/www.itakaescolapios.org\/fr\/2021\/06\/intervencion-humanitaria-en-bamenda-financiada-por-la-agencia-vasca-de-cooperacion\/"},"wordCount":92,"publisher":{"@id":"https:\/\/www.itakaescolapios.org\/es\/#organization"},"image":{"@id":"https:\/\/www.itakaescolapios.org\/fr\/2021\/06\/intervencion-humanitaria-en-bamenda-financiada-por-la-agencia-vasca-de-cooperacion\/#primaryimage"},"thumbnailUrl":"https:\/\/www.itakaescolapios.org\/wp-content\/uploads\/2021\/06\/BAMENDA.jpg","articleSection":["Afrique centrale"],"inLanguage":"fr-FR"},{"@type":"WebPage","@id":"https:\/\/www.itakaescolapios.org\/fr\/2021\/06\/intervencion-humanitaria-en-bamenda-financiada-por-la-agencia-vasca-de-cooperacion\/","url":"https:\/\/www.itakaescolapios.org\/fr\/2021\/06\/intervencion-humanitaria-en-bamenda-financiada-por-la-agencia-vasca-de-cooperacion\/","name":"INTERVENCI\u00d3N HUMANITARIA EN BAMENDA FINANCIADA POR LA AGENCIA VASCA DE COOPERACI\u00d3N - Itaka-Escolapios","isPartOf":{"@id":"https:\/\/www.itakaescolapios.org\/es\/#website"},"primaryImageOfPage":{"@id":"https:\/\/www.itakaescolapios.org\/fr\/2021\/06\/intervencion-humanitaria-en-bamenda-financiada-por-la-agencia-vasca-de-cooperacion\/#primaryimage"},"image":{"@id":"https:\/\/www.itakaescolapios.org\/fr\/2021\/06\/intervencion-humanitaria-en-bamenda-financiada-por-la-agencia-vasca-de-cooperacion\/#primaryimage"},"thumbnailUrl":"https:\/\/www.itakaescolapios.org\/wp-content\/uploads\/2021\/06\/BAMENDA.jpg","datePublished":"2021-06-29T07:54:29+00:00","dateModified":"2023-11-28T11:35:59+00:00","breadcrumb":{"@id":"https:\/\/www.itakaescolapios.org\/fr\/2021\/06\/intervencion-humanitaria-en-bamenda-financiada-por-la-agencia-vasca-de-cooperacion\/#breadcrumb"},"inLanguage":"fr-FR","potentialAction":[{"@type":"ReadAction","target":["https:\/\/www.itakaescolapios.org\/fr\/2021\/06\/intervencion-humanitaria-en-bamenda-financiada-por-la-agencia-vasca-de-cooperacion\/"]}]},{"@type":"ImageObject","inLanguage":"fr-FR","@id":"https:\/\/www.itakaescolapios.org\/fr\/2021\/06\/intervencion-humanitaria-en-bamenda-financiada-por-la-agencia-vasca-de-cooperacion\/#primaryimage","url":"https:\/\/www.itakaescolapios.org\/wp-content\/uploads\/2021\/06\/BAMENDA.jpg","contentUrl":"https:\/\/www.itakaescolapios.org\/wp-content\/uploads\/2021\/06\/BAMENDA.jpg","width":355,"height":177},{"@type":"BreadcrumbList","@id":"https:\/\/www.itakaescolapios.org\/fr\/2021\/06\/intervencion-humanitaria-en-bamenda-financiada-por-la-agencia-vasca-de-cooperacion\/#breadcrumb","itemListElement":[{"@type":"ListItem","position":1,"name":"Itaka-Escolapios","item":"https:\/\/www.itakaescolapios.org\/es\/"},{"@type":"ListItem","position":2,"name":"INTERVENTION HUMANITAIRE A BAMENDA FINANCEE PAR L'AGENCE BASQUE DE COOPERATION"}]},{"@type":"WebSite","@id":"https:\/\/www.itakaescolapios.org\/fr\/es\/#website","url":"https:\/\/www.itakaescolapios.org\/fr\/es\/","name":"Itaka-Escolapios","description":"Red de Itaka-Escolapios","publisher":{"@id":"https:\/\/www.itakaescolapios.org\/fr\/es\/#organization"},"potentialAction":[{"@type":"SearchAction","target":{"@type":"EntryPoint","urlTemplate":"https:\/\/www.itakaescolapios.org\/fr\/es\/?s={search_term_string}"},"query-input":{"@type":"PropertyValueSpecification","valueRequired":true,"valueName":"search_term_string"}}],"inLanguage":"fr-FR"},{"@type":"Organization","@id":"https:\/\/www.itakaescolapios.org\/fr\/es\/#organization","name":"Fundaci\u00f3 Itaka-Escolapios","url":"https:\/\/www.itakaescolapios.org\/fr\/es\/","logo":{"@type":"ImageObject","inLanguage":"fr-FR","@id":"https:\/\/www.itakaescolapios.org\/fr\/es\/#\/schema\/logo\/image\/","url":"https:\/\/www.itakaescolapios.org\/wp-content\/uploads\/2024\/04\/Logo-itakaescolapios-peque.png","contentUrl":"https:\/\/www.itakaescolapios.org\/wp-content\/uploads\/2024\/04\/Logo-itakaescolapios-peque.png","width":500,"height":199,"caption":"Fundaci\u00f3 Itaka-Escolapios"},"image":{"@id":"https:\/\/www.itakaescolapios.org\/fr\/es\/#\/schema\/logo\/image\/"}},{"@type":"Person","@id":"https:\/\/www.itakaescolapios.org\/es\/#\/schema\/person\/768ce0f19db5c2c2b6361e77e15db2db","name":"itakaescolapios","url":"https:\/\/www.itakaescolapios.org\/fr\/author\/itakaescolapios\/"}]}},"_links":{"self":[{"href":"https:\/\/www.itakaescolapios.org\/fr\/wp-json\/wp\/v2\/posts\/34542","targetHints":{"allow":["GET"]}}],"collection":[{"href":"https:\/\/www.itakaescolapios.org\/fr\/wp-json\/wp\/v2\/posts"}],"about":[{"href":"https:\/\/www.itakaescolapios.org\/fr\/wp-json\/wp\/v2\/types\/post"}],"author":[{"embeddable":true,"href":"https:\/\/www.itakaescolapios.org\/fr\/wp-json\/wp\/v2\/users\/46"}],"replies":[{"embeddable":true,"href":"https:\/\/www.itakaescolapios.org\/fr\/wp-json\/wp\/v2\/comments?post=34542"}],"version-history":[{"count":3,"href":"https:\/\/www.itakaescolapios.org\/fr\/wp-json\/wp\/v2\/posts\/34542\/revisions"}],"predecessor-version":[{"id":44251,"href":"https:\/\/www.itakaescolapios.org\/fr\/wp-json\/wp\/v2\/posts\/34542\/revisions\/44251"}],"wp:featuredmedia":[{"embeddable":true,"href":"https:\/\/www.itakaescolapios.org\/fr\/wp-json\/wp\/v2\/media\/34543"}],"wp:attachment":[{"href":"https:\/\/www.itakaescolapios.org\/fr\/wp-json\/wp\/v2\/media?parent=34542"}],"wp:term":[{"taxonomy":"category","embeddable":true,"href":"https:\/\/www.itakaescolapios.org\/fr\/wp-json\/wp\/v2\/categories?post=34542"},{"taxonomy":"post_tag","embeddable":true,"href":"https:\/\/www.itakaescolapios.org\/fr\/wp-json\/wp\/v2\/tags?post=34542"}],"curies":[{"name":"wp","href":"https:\/\/api.w.org\/{rel}","templated":true}]}}