{"id":34553,"date":"2020-03-03T15:00:51","date_gmt":"2020-03-03T14:00:51","guid":{"rendered":"https:\/\/www.itakaescolapios.org\/?p=34553"},"modified":"2023-11-28T12:36:27","modified_gmt":"2023-11-28T11:36:27","slug":"apoyo-socioeducativo-a-menores-y-jovenes-en-riesgo-o-situacion-de-exclusion-social-centro-socioeducativo-calasanz-aluche","status":"publish","type":"post","link":"https:\/\/www.itakaescolapios.org\/fr\/2020\/03\/apoyo-socioeducativo-a-menores-y-jovenes-en-riesgo-o-situacion-de-exclusion-social-centro-socioeducativo-calasanz-aluche\/","title":{"rendered":"APOYO SOCIOEDUCATIVO A MENORES Y J\u00d3VENES EN RIESGO O SITUACI\u00d3N DE EXCLUSI\u00d3N SOCIAL. CENTRO SOCIOEDUCATIVO CALASANZ ALUCHE"},"content":{"rendered":"<p>El proyecto \u00ab\u00a0Apoyo Socioeducativo a menores y j\u00f3venes en riesgo o situaci\u00f3n de exclusi\u00f3n social. CSE Calasanz Aluche\u00a0\u00bb contar\u00e1 en 2020 con un importante empuje ya que, dentro de la convocatoria de subvenciones para la realizaci\u00f3n de programas de inter\u00e9s general para atender fines de inter\u00e9s social de la Comunidad de Madrid, hemos recibido 2.651,33\u20ac que contribuir\u00e1 a nuestros objetivos de favorecer el acceso igualitario a los derechos fundamentales de todos los ni\u00f1os y ni\u00f1as en situaci\u00f3n de desventaja social, a fin de prevenir situaciones de exclusi\u00f3n social de menores a trav\u00e9s de actividades socioeducativas.<\/p>\n<p>&nbsp;<\/p>\n","protected":false},"excerpt":{"rendered":"<p>El proyecto \u00ab\u00a0Apoyo Socioeducativo a menores y j\u00f3venes en riesgo o situaci\u00f3n de exclusi\u00f3n social. CSE Calasanz Aluche\u00a0\u00bb contar\u00e1 en 2020 con un importante empuje ya que, dentro de la [&hellip;]<\/p>\n","protected":false},"author":48,"featured_media":30350,"comment_status":"closed","ping_status":"closed","sticky":false,"template":"","format":"standard","meta":{"_et_pb_use_builder":"","_et_pb_old_content":"","_et_gb_content_width":"","footnotes":""},"categories":[146],"tags":[],"class_list":["post-34553","post","type-post","status-publish","format-standard","has-post-thumbnail","hentry","category-madrid"],"yoast_head":"<!-- This site is optimized with the Yoast SEO plugin v27.4 - https:\/\/yoast.com\/product\/yoast-seo-wordpress\/ -->\n<title>APOYO SOCIOEDUCATIVO A MENORES Y J\u00d3VENES EN RIESGO O SITUACI\u00d3N DE EXCLUSI\u00d3N SOCIAL. CENTRO SOCIOEDUCATIVO CALASANZ ALUCHE<\/title>\n<meta name=\"description\" content=\"El proyecto &quot;Apoyo Socioeducativo a menores y j\u00f3venes en riesgo o situaci\u00f3n de exclusi\u00f3n social. CSE Calasanz Aluche&quot; contar\u00e1 en 2020 con un importante empuje ya que, dentro de la convocatoria de subvenciones para la realizaci\u00f3n de programas de inter\u00e9s general para atender fines de inter\u00e9s social de la Comunidad de Madrid, hemos recibido 2.651,33\u20ac\u2026\" \/>\n<meta name=\"robots\" content=\"index, follow, max-snippet:-1, max-image-preview:large, max-video-preview:-1\" \/>\n<link rel=\"canonical\" href=\"http:\/\/El%20proyecto%20Apoyo%20Socioeducativo%20a%20menores%20y%20j\u00f3venes%20en%20riesgo%20o%20situaci\u00f3n%20de%20exclusi\u00f3n%20social.%20CSE%20Calasanz%20Aluche%20contar\u00e1%20en%202020%20con%20un%20importante%20empuje%20ya%20que,%20dentro%20de%20la%20convocatoria%20de%20subvenciones%20para%20la%20realizaci\u00f3n%20de%20programas%20de%20inter\u00e9s%20general%20para%20atender%20fines%20de%20inter\u00e9s%20social%20de%20la%20Comunidad%20de%20Madrid,%20hemos%20recibido%202.651,33\u20ac\u2026\" \/>\n<meta property=\"og:locale\" content=\"fr_FR\" \/>\n<meta property=\"og:type\" content=\"article\" \/>\n<meta property=\"og:title\" content=\"APOYO SOCIOEDUCATIVO A MENORES Y J\u00d3VENES EN RIESGO O SITUACI\u00d3N DE EXCLUSI\u00d3N SOCIAL. CENTRO SOCIOEDUCATIVO CALASANZ ALUCHE\" \/>\n<meta property=\"og:description\" content=\"El proyecto &quot;Apoyo Socioeducativo a menores y j\u00f3venes en riesgo o situaci\u00f3n de exclusi\u00f3n social. CSE Calasanz Aluche&quot; contar\u00e1 en 2020 con un importante empuje ya que, dentro de la convocatoria de subvenciones para la realizaci\u00f3n de programas de inter\u00e9s general para atender fines de inter\u00e9s social de la Comunidad de Madrid, hemos recibido 2.651,33\u20ac\u2026\" \/>\n<meta property=\"og:url\" content=\"https:\/\/www.itakaescolapios.org\/fr\/2020\/03\/apoyo-socioeducativo-a-menores-y-jovenes-en-riesgo-o-situacion-de-exclusion-social-centro-socioeducativo-calasanz-aluche\/\" \/>\n<meta property=\"og:site_name\" content=\"Itaka-Escolapios\" \/>\n<meta property=\"article:published_time\" content=\"2020-03-03T14:00:51+00:00\" \/>\n<meta property=\"article:modified_time\" content=\"2023-11-28T11:36:27+00:00\" \/>\n<meta property=\"og:image\" content=\"https:\/\/www.itakaescolapios.org\/wp-content\/uploads\/2020\/03\/Logo_Comunidad_Madrid-13-11-2019_page-0001.jpg\" \/>\n\t<meta property=\"og:image:width\" content=\"1061\" \/>\n\t<meta property=\"og:image:height\" content=\"1500\" \/>\n\t<meta property=\"og:image:type\" content=\"image\/jpeg\" \/>\n<meta name=\"author\" content=\"madrid01\" \/>\n<meta name=\"twitter:card\" content=\"summary_large_image\" \/>\n<meta name=\"twitter:label1\" content=\"\u00c9crit par\" \/>\n\t<meta name=\"twitter:data1\" content=\"madrid01\" \/>\n\t<meta name=\"twitter:label2\" content=\"Dur\u00e9e de lecture estim\u00e9e\" \/>\n\t<meta name=\"twitter:data2\" content=\"1 minute\" \/>\n<script type=\"application\/ld+json\" class=\"yoast-schema-graph\">{\"@context\":\"https:\\\/\\\/schema.org\",\"@graph\":[{\"@type\":\"Article\",\"@id\":\"https:\\\/\\\/www.itakaescolapios.org\\\/fr\\\/2020\\\/03\\\/apoyo-socioeducativo-a-menores-y-jovenes-en-riesgo-o-situacion-de-exclusion-social-centro-socioeducativo-calasanz-aluche\\\/#article\",\"isPartOf\":{\"@id\":\"https:\\\/\\\/www.itakaescolapios.org\\\/fr\\\/2020\\\/03\\\/apoyo-socioeducativo-a-menores-y-jovenes-en-riesgo-o-situacion-de-exclusion-social-centro-socioeducativo-calasanz-aluche\\\/\"},\"author\":{\"name\":\"madrid01\",\"@id\":\"https:\\\/\\\/www.itakaescolapios.org\\\/es\\\/#\\\/schema\\\/person\\\/bcd60d18d9795d0e978153a567a2edcb\"},\"headline\":\"APOYO SOCIOEDUCATIVO A MENORES Y J\u00d3VENES EN RIESGO O SITUACI\u00d3N DE EXCLUSI\u00d3N SOCIAL. CENTRO SOCIOEDUCATIVO CALASANZ ALUCHE\",\"datePublished\":\"2020-03-03T14:00:51+00:00\",\"dateModified\":\"2023-11-28T11:36:27+00:00\",\"mainEntityOfPage\":{\"@id\":\"https:\\\/\\\/www.itakaescolapios.org\\\/fr\\\/2020\\\/03\\\/apoyo-socioeducativo-a-menores-y-jovenes-en-riesgo-o-situacion-de-exclusion-social-centro-socioeducativo-calasanz-aluche\\\/\"},\"wordCount\":125,\"publisher\":{\"@id\":\"https:\\\/\\\/www.itakaescolapios.org\\\/es\\\/#organization\"},\"image\":{\"@id\":\"https:\\\/\\\/www.itakaescolapios.org\\\/fr\\\/2020\\\/03\\\/apoyo-socioeducativo-a-menores-y-jovenes-en-riesgo-o-situacion-de-exclusion-social-centro-socioeducativo-calasanz-aluche\\\/#primaryimage\"},\"thumbnailUrl\":\"https:\\\/\\\/www.itakaescolapios.org\\\/wp-content\\\/uploads\\\/2020\\\/03\\\/Logo_Comunidad_Madrid-13-11-2019_page-0001.jpg\",\"articleSection\":[\"Madrid\"],\"inLanguage\":\"fr-FR\"},{\"@type\":\"WebPage\",\"@id\":\"https:\\\/\\\/www.itakaescolapios.org\\\/fr\\\/2020\\\/03\\\/apoyo-socioeducativo-a-menores-y-jovenes-en-riesgo-o-situacion-de-exclusion-social-centro-socioeducativo-calasanz-aluche\\\/\",\"url\":\"https:\\\/\\\/www.itakaescolapios.org\\\/fr\\\/2020\\\/03\\\/apoyo-socioeducativo-a-menores-y-jovenes-en-riesgo-o-situacion-de-exclusion-social-centro-socioeducativo-calasanz-aluche\\\/\",\"name\":\"APOYO SOCIOEDUCATIVO A MENORES Y J\u00d3VENES EN RIESGO O SITUACI\u00d3N DE EXCLUSI\u00d3N SOCIAL. CENTRO SOCIOEDUCATIVO CALASANZ ALUCHE - Itaka-Escolapios\",\"isPartOf\":{\"@id\":\"https:\\\/\\\/www.itakaescolapios.org\\\/es\\\/#website\"},\"primaryImageOfPage\":{\"@id\":\"https:\\\/\\\/www.itakaescolapios.org\\\/fr\\\/2020\\\/03\\\/apoyo-socioeducativo-a-menores-y-jovenes-en-riesgo-o-situacion-de-exclusion-social-centro-socioeducativo-calasanz-aluche\\\/#primaryimage\"},\"image\":{\"@id\":\"https:\\\/\\\/www.itakaescolapios.org\\\/fr\\\/2020\\\/03\\\/apoyo-socioeducativo-a-menores-y-jovenes-en-riesgo-o-situacion-de-exclusion-social-centro-socioeducativo-calasanz-aluche\\\/#primaryimage\"},\"thumbnailUrl\":\"https:\\\/\\\/www.itakaescolapios.org\\\/wp-content\\\/uploads\\\/2020\\\/03\\\/Logo_Comunidad_Madrid-13-11-2019_page-0001.jpg\",\"datePublished\":\"2020-03-03T14:00:51+00:00\",\"dateModified\":\"2023-11-28T11:36:27+00:00\",\"breadcrumb\":{\"@id\":\"https:\\\/\\\/www.itakaescolapios.org\\\/fr\\\/2020\\\/03\\\/apoyo-socioeducativo-a-menores-y-jovenes-en-riesgo-o-situacion-de-exclusion-social-centro-socioeducativo-calasanz-aluche\\\/#breadcrumb\"},\"inLanguage\":\"fr-FR\",\"potentialAction\":[{\"@type\":\"ReadAction\",\"target\":[\"https:\\\/\\\/www.itakaescolapios.org\\\/fr\\\/2020\\\/03\\\/apoyo-socioeducativo-a-menores-y-jovenes-en-riesgo-o-situacion-de-exclusion-social-centro-socioeducativo-calasanz-aluche\\\/\"]}]},{\"@type\":\"ImageObject\",\"inLanguage\":\"fr-FR\",\"@id\":\"https:\\\/\\\/www.itakaescolapios.org\\\/fr\\\/2020\\\/03\\\/apoyo-socioeducativo-a-menores-y-jovenes-en-riesgo-o-situacion-de-exclusion-social-centro-socioeducativo-calasanz-aluche\\\/#primaryimage\",\"url\":\"https:\\\/\\\/www.itakaescolapios.org\\\/wp-content\\\/uploads\\\/2020\\\/03\\\/Logo_Comunidad_Madrid-13-11-2019_page-0001.jpg\",\"contentUrl\":\"https:\\\/\\\/www.itakaescolapios.org\\\/wp-content\\\/uploads\\\/2020\\\/03\\\/Logo_Comunidad_Madrid-13-11-2019_page-0001.jpg\",\"width\":1061,\"height\":1500},{\"@type\":\"BreadcrumbList\",\"@id\":\"https:\\\/\\\/www.itakaescolapios.org\\\/fr\\\/2020\\\/03\\\/apoyo-socioeducativo-a-menores-y-jovenes-en-riesgo-o-situacion-de-exclusion-social-centro-socioeducativo-calasanz-aluche\\\/#breadcrumb\",\"itemListElement\":[{\"@type\":\"ListItem\",\"position\":1,\"name\":\"Itaka-Escolapios\",\"item\":\"https:\\\/\\\/www.itakaescolapios.org\\\/es\\\/\"},{\"@type\":\"ListItem\",\"position\":2,\"name\":\"APOYO SOCIOEDUCATIVO A MENORES Y J\u00d3VENES EN RIESGO O SITUACI\u00d3N DE EXCLUSI\u00d3N SOCIAL. CENTRO SOCIOEDUCATIVO CALASANZ ALUCHE\"}]},{\"@type\":\"WebSite\",\"@id\":\"https:\\\/\\\/www.itakaescolapios.org\\\/fr\\\/es\\\/#website\",\"url\":\"https:\\\/\\\/www.itakaescolapios.org\\\/fr\\\/es\\\/\",\"name\":\"Itaka-Escolapios\",\"description\":\"Red de Itaka-Escolapios\",\"publisher\":{\"@id\":\"https:\\\/\\\/www.itakaescolapios.org\\\/fr\\\/es\\\/#organization\"},\"potentialAction\":[{\"@type\":\"SearchAction\",\"target\":{\"@type\":\"EntryPoint\",\"urlTemplate\":\"https:\\\/\\\/www.itakaescolapios.org\\\/fr\\\/es\\\/?s={search_term_string}\"},\"query-input\":{\"@type\":\"PropertyValueSpecification\",\"valueRequired\":true,\"valueName\":\"search_term_string\"}}],\"inLanguage\":\"fr-FR\"},{\"@type\":\"Organization\",\"@id\":\"https:\\\/\\\/www.itakaescolapios.org\\\/fr\\\/es\\\/#organization\",\"name\":\"Fundaci\u00f3 Itaka-Escolapios\",\"url\":\"https:\\\/\\\/www.itakaescolapios.org\\\/fr\\\/es\\\/\",\"logo\":{\"@type\":\"ImageObject\",\"inLanguage\":\"fr-FR\",\"@id\":\"https:\\\/\\\/www.itakaescolapios.org\\\/fr\\\/es\\\/#\\\/schema\\\/logo\\\/image\\\/\",\"url\":\"https:\\\/\\\/www.itakaescolapios.org\\\/wp-content\\\/uploads\\\/2024\\\/04\\\/Logo-itakaescolapios-peque.png\",\"contentUrl\":\"https:\\\/\\\/www.itakaescolapios.org\\\/wp-content\\\/uploads\\\/2024\\\/04\\\/Logo-itakaescolapios-peque.png\",\"width\":500,\"height\":199,\"caption\":\"Fundaci\u00f3 Itaka-Escolapios\"},\"image\":{\"@id\":\"https:\\\/\\\/www.itakaescolapios.org\\\/fr\\\/es\\\/#\\\/schema\\\/logo\\\/image\\\/\"}},{\"@type\":\"Person\",\"@id\":\"https:\\\/\\\/www.itakaescolapios.org\\\/es\\\/#\\\/schema\\\/person\\\/bcd60d18d9795d0e978153a567a2edcb\",\"name\":\"madrid01\",\"url\":\"https:\\\/\\\/www.itakaescolapios.org\\\/fr\\\/author\\\/madrid01\\\/\"}]}<\/script>\n<!-- \/ Yoast SEO plugin. -->","yoast_head_json":{"title":"APOYO SOCIOEDUCATIVO A MENORES Y J\u00d3VENES EN RIESGO O SITUACI\u00d3N DE EXCLUSI\u00d3N SOCIAL. CENTRO SOCIOEDUCATIVO CALASANZ ALUCHE","description":"El proyecto \"Apoyo Socioeducativo a menores y j\u00f3venes en riesgo o situaci\u00f3n de exclusi\u00f3n social. CSE Calasanz Aluche\" contar\u00e1 en 2020 con un importante empuje ya que, dentro de la convocatoria de subvenciones para la realizaci\u00f3n de programas de inter\u00e9s general para atender fines de inter\u00e9s social de la Comunidad de Madrid, hemos recibido 2.651,33\u20ac\u2026","robots":{"index":"index","follow":"follow","max-snippet":"max-snippet:-1","max-image-preview":"max-image-preview:large","max-video-preview":"max-video-preview:-1"},"canonical":"El proyecto \"Apoyo Socioeducativo a menores y j\u00f3venes en riesgo o situaci\u00f3n de exclusi\u00f3n social. CSE Calasanz Aluche\" contar\u00e1 en 2020 con un importante empuje ya que, dentro de la convocatoria de subvenciones para la realizaci\u00f3n de programas de inter\u00e9s general para atender fines de inter\u00e9s social de la Comunidad de Madrid, hemos recibido 2.651,33\u20ac\u2026","og_locale":"fr_FR","og_type":"article","og_title":"APOYO SOCIOEDUCATIVO A MENORES Y J\u00d3VENES EN RIESGO O SITUACI\u00d3N DE EXCLUSI\u00d3N SOCIAL. CENTRO SOCIOEDUCATIVO CALASANZ ALUCHE","og_description":"El proyecto \"Apoyo Socioeducativo a menores y j\u00f3venes en riesgo o situaci\u00f3n de exclusi\u00f3n social. CSE Calasanz Aluche\" contar\u00e1 en 2020 con un importante empuje ya que, dentro de la convocatoria de subvenciones para la realizaci\u00f3n de programas de inter\u00e9s general para atender fines de inter\u00e9s social de la Comunidad de Madrid, hemos recibido 2.651,33\u20ac\u2026","og_url":"https:\/\/www.itakaescolapios.org\/fr\/2020\/03\/apoyo-socioeducativo-a-menores-y-jovenes-en-riesgo-o-situacion-de-exclusion-social-centro-socioeducativo-calasanz-aluche\/","og_site_name":"Itaka-Escolapios","article_published_time":"2020-03-03T14:00:51+00:00","article_modified_time":"2023-11-28T11:36:27+00:00","og_image":[{"width":1061,"height":1500,"url":"https:\/\/www.itakaescolapios.org\/wp-content\/uploads\/2020\/03\/Logo_Comunidad_Madrid-13-11-2019_page-0001.jpg","type":"image\/jpeg"}],"author":"madrid01","twitter_card":"summary_large_image","twitter_misc":{"\u00c9crit par":"madrid01","Dur\u00e9e de lecture estim\u00e9e":"1 minute"},"schema":{"@context":"https:\/\/schema.org","@graph":[{"@type":"Article","@id":"https:\/\/www.itakaescolapios.org\/fr\/2020\/03\/apoyo-socioeducativo-a-menores-y-jovenes-en-riesgo-o-situacion-de-exclusion-social-centro-socioeducativo-calasanz-aluche\/#article","isPartOf":{"@id":"https:\/\/www.itakaescolapios.org\/fr\/2020\/03\/apoyo-socioeducativo-a-menores-y-jovenes-en-riesgo-o-situacion-de-exclusion-social-centro-socioeducativo-calasanz-aluche\/"},"author":{"name":"madrid01","@id":"https:\/\/www.itakaescolapios.org\/es\/#\/schema\/person\/bcd60d18d9795d0e978153a567a2edcb"},"headline":"APOYO SOCIOEDUCATIVO A MENORES Y J\u00d3VENES EN RIESGO O SITUACI\u00d3N DE EXCLUSI\u00d3N SOCIAL. CENTRO SOCIOEDUCATIVO CALASANZ ALUCHE","datePublished":"2020-03-03T14:00:51+00:00","dateModified":"2023-11-28T11:36:27+00:00","mainEntityOfPage":{"@id":"https:\/\/www.itakaescolapios.org\/fr\/2020\/03\/apoyo-socioeducativo-a-menores-y-jovenes-en-riesgo-o-situacion-de-exclusion-social-centro-socioeducativo-calasanz-aluche\/"},"wordCount":125,"publisher":{"@id":"https:\/\/www.itakaescolapios.org\/es\/#organization"},"image":{"@id":"https:\/\/www.itakaescolapios.org\/fr\/2020\/03\/apoyo-socioeducativo-a-menores-y-jovenes-en-riesgo-o-situacion-de-exclusion-social-centro-socioeducativo-calasanz-aluche\/#primaryimage"},"thumbnailUrl":"https:\/\/www.itakaescolapios.org\/wp-content\/uploads\/2020\/03\/Logo_Comunidad_Madrid-13-11-2019_page-0001.jpg","articleSection":["Madrid"],"inLanguage":"fr-FR"},{"@type":"WebPage","@id":"https:\/\/www.itakaescolapios.org\/fr\/2020\/03\/apoyo-socioeducativo-a-menores-y-jovenes-en-riesgo-o-situacion-de-exclusion-social-centro-socioeducativo-calasanz-aluche\/","url":"https:\/\/www.itakaescolapios.org\/fr\/2020\/03\/apoyo-socioeducativo-a-menores-y-jovenes-en-riesgo-o-situacion-de-exclusion-social-centro-socioeducativo-calasanz-aluche\/","name":"APOYO SOCIOEDUCATIVO A MENORES Y J\u00d3VENES EN RIESGO O SITUACI\u00d3N DE EXCLUSI\u00d3N SOCIAL. CENTRO SOCIOEDUCATIVO CALASANZ ALUCHE - Itaka-Escolapios","isPartOf":{"@id":"https:\/\/www.itakaescolapios.org\/es\/#website"},"primaryImageOfPage":{"@id":"https:\/\/www.itakaescolapios.org\/fr\/2020\/03\/apoyo-socioeducativo-a-menores-y-jovenes-en-riesgo-o-situacion-de-exclusion-social-centro-socioeducativo-calasanz-aluche\/#primaryimage"},"image":{"@id":"https:\/\/www.itakaescolapios.org\/fr\/2020\/03\/apoyo-socioeducativo-a-menores-y-jovenes-en-riesgo-o-situacion-de-exclusion-social-centro-socioeducativo-calasanz-aluche\/#primaryimage"},"thumbnailUrl":"https:\/\/www.itakaescolapios.org\/wp-content\/uploads\/2020\/03\/Logo_Comunidad_Madrid-13-11-2019_page-0001.jpg","datePublished":"2020-03-03T14:00:51+00:00","dateModified":"2023-11-28T11:36:27+00:00","breadcrumb":{"@id":"https:\/\/www.itakaescolapios.org\/fr\/2020\/03\/apoyo-socioeducativo-a-menores-y-jovenes-en-riesgo-o-situacion-de-exclusion-social-centro-socioeducativo-calasanz-aluche\/#breadcrumb"},"inLanguage":"fr-FR","potentialAction":[{"@type":"ReadAction","target":["https:\/\/www.itakaescolapios.org\/fr\/2020\/03\/apoyo-socioeducativo-a-menores-y-jovenes-en-riesgo-o-situacion-de-exclusion-social-centro-socioeducativo-calasanz-aluche\/"]}]},{"@type":"ImageObject","inLanguage":"fr-FR","@id":"https:\/\/www.itakaescolapios.org\/fr\/2020\/03\/apoyo-socioeducativo-a-menores-y-jovenes-en-riesgo-o-situacion-de-exclusion-social-centro-socioeducativo-calasanz-aluche\/#primaryimage","url":"https:\/\/www.itakaescolapios.org\/wp-content\/uploads\/2020\/03\/Logo_Comunidad_Madrid-13-11-2019_page-0001.jpg","contentUrl":"https:\/\/www.itakaescolapios.org\/wp-content\/uploads\/2020\/03\/Logo_Comunidad_Madrid-13-11-2019_page-0001.jpg","width":1061,"height":1500},{"@type":"BreadcrumbList","@id":"https:\/\/www.itakaescolapios.org\/fr\/2020\/03\/apoyo-socioeducativo-a-menores-y-jovenes-en-riesgo-o-situacion-de-exclusion-social-centro-socioeducativo-calasanz-aluche\/#breadcrumb","itemListElement":[{"@type":"ListItem","position":1,"name":"Itaka-Escolapios","item":"https:\/\/www.itakaescolapios.org\/es\/"},{"@type":"ListItem","position":2,"name":"APOYO SOCIOEDUCATIVO A MENORES Y J\u00d3VENES EN RIESGO O SITUACI\u00d3N DE EXCLUSI\u00d3N SOCIAL. CENTRO SOCIOEDUCATIVO CALASANZ ALUCHE"}]},{"@type":"WebSite","@id":"https:\/\/www.itakaescolapios.org\/fr\/es\/#website","url":"https:\/\/www.itakaescolapios.org\/fr\/es\/","name":"Itaka-Escolapios","description":"Red de Itaka-Escolapios","publisher":{"@id":"https:\/\/www.itakaescolapios.org\/fr\/es\/#organization"},"potentialAction":[{"@type":"SearchAction","target":{"@type":"EntryPoint","urlTemplate":"https:\/\/www.itakaescolapios.org\/fr\/es\/?s={search_term_string}"},"query-input":{"@type":"PropertyValueSpecification","valueRequired":true,"valueName":"search_term_string"}}],"inLanguage":"fr-FR"},{"@type":"Organization","@id":"https:\/\/www.itakaescolapios.org\/fr\/es\/#organization","name":"Fundaci\u00f3 Itaka-Escolapios","url":"https:\/\/www.itakaescolapios.org\/fr\/es\/","logo":{"@type":"ImageObject","inLanguage":"fr-FR","@id":"https:\/\/www.itakaescolapios.org\/fr\/es\/#\/schema\/logo\/image\/","url":"https:\/\/www.itakaescolapios.org\/wp-content\/uploads\/2024\/04\/Logo-itakaescolapios-peque.png","contentUrl":"https:\/\/www.itakaescolapios.org\/wp-content\/uploads\/2024\/04\/Logo-itakaescolapios-peque.png","width":500,"height":199,"caption":"Fundaci\u00f3 Itaka-Escolapios"},"image":{"@id":"https:\/\/www.itakaescolapios.org\/fr\/es\/#\/schema\/logo\/image\/"}},{"@type":"Person","@id":"https:\/\/www.itakaescolapios.org\/es\/#\/schema\/person\/bcd60d18d9795d0e978153a567a2edcb","name":"madrid01","url":"https:\/\/www.itakaescolapios.org\/fr\/author\/madrid01\/"}]}},"_links":{"self":[{"href":"https:\/\/www.itakaescolapios.org\/fr\/wp-json\/wp\/v2\/posts\/34553","targetHints":{"allow":["GET"]}}],"collection":[{"href":"https:\/\/www.itakaescolapios.org\/fr\/wp-json\/wp\/v2\/posts"}],"about":[{"href":"https:\/\/www.itakaescolapios.org\/fr\/wp-json\/wp\/v2\/types\/post"}],"author":[{"embeddable":true,"href":"https:\/\/www.itakaescolapios.org\/fr\/wp-json\/wp\/v2\/users\/48"}],"replies":[{"embeddable":true,"href":"https:\/\/www.itakaescolapios.org\/fr\/wp-json\/wp\/v2\/comments?post=34553"}],"version-history":[{"count":4,"href":"https:\/\/www.itakaescolapios.org\/fr\/wp-json\/wp\/v2\/posts\/34553\/revisions"}],"predecessor-version":[{"id":45042,"href":"https:\/\/www.itakaescolapios.org\/fr\/wp-json\/wp\/v2\/posts\/34553\/revisions\/45042"}],"wp:featuredmedia":[{"embeddable":true,"href":"https:\/\/www.itakaescolapios.org\/fr\/wp-json\/wp\/v2\/media\/30350"}],"wp:attachment":[{"href":"https:\/\/www.itakaescolapios.org\/fr\/wp-json\/wp\/v2\/media?parent=34553"}],"wp:term":[{"taxonomy":"category","embeddable":true,"href":"https:\/\/www.itakaescolapios.org\/fr\/wp-json\/wp\/v2\/categories?post=34553"},{"taxonomy":"post_tag","embeddable":true,"href":"https:\/\/www.itakaescolapios.org\/fr\/wp-json\/wp\/v2\/tags?post=34553"}],"curies":[{"name":"wp","href":"https:\/\/api.w.org\/{rel}","templated":true}]}}