{"id":34692,"date":"2021-09-13T17:13:08","date_gmt":"2021-09-13T16:13:08","guid":{"rendered":"https:\/\/www.itakaescolapios.org\/?p=34692"},"modified":"2023-11-28T12:35:58","modified_gmt":"2023-11-28T11:35:58","slug":"reunion-del-equipo-general-de-gestion-2","status":"publish","type":"post","link":"https:\/\/www.itakaescolapios.org\/fr\/2021\/09\/reunion-del-equipo-general-de-gestion-2\/","title":{"rendered":"Reuni\u00f3n del equipo general de gesti\u00f3n"},"content":{"rendered":"<p>El equipo general de gesti\u00f3n de Itaka-Escolapios ha tenido hoy su primera reuni\u00f3n del curso 2021-2022. La reuni\u00f3n ha servido para repasar los cambios que ha habido en el \u00e1rea de gesti\u00f3n de la red Itaka-Escolapios y planificar el trabajo el curso para tratar de dar respuesta a los retos del momento y trabajar con las personas responsables de la econom\u00eda de Itaka-Escolapios en cada lugar. Como retos de fondo est\u00e1n avanzar en la generaci\u00f3n de informaci\u00f3n econ\u00f3mica de la red, la reorganizaci\u00f3n de las \u00e1reas de gesti\u00f3n y captaci\u00f3n de recursos y, con todo ello, contribuir a la consecuci\u00f3n de los objetivos del nuevo Plan Estrat\u00e9gico de Itaka-Escolapios.<\/p>\n<p>Este curso el equipo general de gesti\u00f3n queda conformado por Arilson de Oliveira desde Brasil-Bolivia, Bea Casta\u00f1er desde Betania, Berna Arrabal desde Ema\u00fas, Igor Irigoyen y Ander Mijangos desde la red, y pronto tambi\u00e9n Moses Kongmi desde \u00c1frica Central.<\/p>\n<p>Agradecer desde estas l\u00edneas la dedicaci\u00f3n de Pilar Ruiz a este equipo que ahora deja para seguir colaborando en otros equipos de Itaka-Escolapios. \u00a1Muchas gracias por tu tiempo y dedicaci\u00f3n!<\/p>\n","protected":false},"excerpt":{"rendered":"<p>El equipo general de gesti\u00f3n de Itaka-Escolapios ha tenido hoy su primera reuni\u00f3n del curso 2021-2022. La reuni\u00f3n ha servido para repasar los cambios que ha habido en el \u00e1rea [&hellip;]<\/p>\n","protected":false},"author":46,"featured_media":34694,"comment_status":"closed","ping_status":"closed","sticky":false,"template":"","format":"standard","meta":{"_et_pb_use_builder":"","_et_pb_old_content":"","_et_gb_content_width":"","footnotes":""},"categories":[30],"tags":[464,532],"class_list":["post-34692","post","type-post","status-publish","format-standard","has-post-thumbnail","hentry","category-itaka-escolapios","tag-equipo-general-de-gestion","tag-gestion"],"yoast_head":"<!-- This site is optimized with the Yoast SEO plugin v27.4 - https:\/\/yoast.com\/product\/yoast-seo-wordpress\/ -->\n<title>Reuni\u00f3n del equipo general de gesti\u00f3n<\/title>\n<meta name=\"description\" content=\"El equipo general de gesti\u00f3n de Itaka-Escolapios ha tenido hoy su primera reuni\u00f3n del curso 2021-2022. La reuni\u00f3n ha servido para repasar los cambios que ha habido en el \u00e1rea de gesti\u00f3n de la red Itaka-Escolapios y planificar el trabajo el curso para tratar de dar respuesta a los retos del momento y trabajar con\u2026\" \/>\n<meta name=\"robots\" content=\"index, follow, max-snippet:-1, max-image-preview:large, max-video-preview:-1\" \/>\n<link rel=\"canonical\" href=\"http:\/\/El%20equipo%20general%20de%20gesti\u00f3n%20de%20Itaka-Escolapios%20ha%20tenido%20hoy%20su%20primera%20reuni\u00f3n%20del%20curso%202021-2022.%20La%20reuni\u00f3n%20ha%20servido%20para%20repasar%20los%20cambios%20que%20ha%20habido%20en%20el%20\u00e1rea%20de%20gesti\u00f3n%20de%20la%20red%20Itaka-Escolapios%20y%20planificar%20el%20trabajo%20el%20curso%20para%20tratar%20de%20dar%20respuesta%20a%20los%20retos%20del%20momento%20y%20trabajar%20con\u2026\" \/>\n<meta property=\"og:locale\" content=\"fr_FR\" \/>\n<meta property=\"og:type\" content=\"article\" \/>\n<meta property=\"og:title\" content=\"Reuni\u00f3n del equipo general de gesti\u00f3n\" \/>\n<meta property=\"og:description\" content=\"El equipo general de gesti\u00f3n de Itaka-Escolapios ha tenido hoy su primera reuni\u00f3n del curso 2021-2022. La reuni\u00f3n ha servido para repasar los cambios que ha habido en el \u00e1rea de gesti\u00f3n de la red Itaka-Escolapios y planificar el trabajo el curso para tratar de dar respuesta a los retos del momento y trabajar con\u2026\" \/>\n<meta property=\"og:url\" content=\"https:\/\/www.itakaescolapios.org\/fr\/2021\/09\/reunion-del-equipo-general-de-gestion-2\/\" \/>\n<meta property=\"og:site_name\" content=\"Itaka-Escolapios\" \/>\n<meta property=\"article:published_time\" content=\"2021-09-13T16:13:08+00:00\" \/>\n<meta property=\"article:modified_time\" content=\"2023-11-28T11:35:58+00:00\" \/>\n<meta property=\"og:image\" content=\"https:\/\/www.itakaescolapios.org\/wp-content\/uploads\/2021\/09\/MicrosoftTeams-image-2.png\" \/>\n\t<meta property=\"og:image:width\" content=\"1920\" \/>\n\t<meta property=\"og:image:height\" content=\"1080\" \/>\n\t<meta property=\"og:image:type\" content=\"image\/png\" \/>\n<meta name=\"author\" content=\"itakaescolapios\" \/>\n<meta name=\"twitter:card\" content=\"summary_large_image\" \/>\n<meta name=\"twitter:label1\" content=\"\u00c9crit par\" \/>\n\t<meta name=\"twitter:data1\" content=\"itakaescolapios\" \/>\n\t<meta name=\"twitter:label2\" content=\"Dur\u00e9e de lecture estim\u00e9e\" \/>\n\t<meta name=\"twitter:data2\" content=\"1 minute\" \/>\n<script type=\"application\/ld+json\" class=\"yoast-schema-graph\">{\"@context\":\"https:\\\/\\\/schema.org\",\"@graph\":[{\"@type\":\"Article\",\"@id\":\"https:\\\/\\\/www.itakaescolapios.org\\\/fr\\\/2021\\\/09\\\/reunion-del-equipo-general-de-gestion-2\\\/#article\",\"isPartOf\":{\"@id\":\"https:\\\/\\\/www.itakaescolapios.org\\\/fr\\\/2021\\\/09\\\/reunion-del-equipo-general-de-gestion-2\\\/\"},\"author\":{\"name\":\"itakaescolapios\",\"@id\":\"https:\\\/\\\/www.itakaescolapios.org\\\/es\\\/#\\\/schema\\\/person\\\/768ce0f19db5c2c2b6361e77e15db2db\"},\"headline\":\"Reuni\u00f3n del equipo general de gesti\u00f3n\",\"datePublished\":\"2021-09-13T16:13:08+00:00\",\"dateModified\":\"2023-11-28T11:35:58+00:00\",\"mainEntityOfPage\":{\"@id\":\"https:\\\/\\\/www.itakaescolapios.org\\\/fr\\\/2021\\\/09\\\/reunion-del-equipo-general-de-gestion-2\\\/\"},\"wordCount\":207,\"publisher\":{\"@id\":\"https:\\\/\\\/www.itakaescolapios.org\\\/es\\\/#organization\"},\"image\":{\"@id\":\"https:\\\/\\\/www.itakaescolapios.org\\\/fr\\\/2021\\\/09\\\/reunion-del-equipo-general-de-gestion-2\\\/#primaryimage\"},\"thumbnailUrl\":\"https:\\\/\\\/www.itakaescolapios.org\\\/wp-content\\\/uploads\\\/2021\\\/09\\\/MicrosoftTeams-image-2.png\",\"keywords\":[\"Equipo General de Gesti\u00f3n\",\"gesti\u00f3n\"],\"articleSection\":[\"Itaka Escolapios\"],\"inLanguage\":\"fr-FR\"},{\"@type\":\"WebPage\",\"@id\":\"https:\\\/\\\/www.itakaescolapios.org\\\/fr\\\/2021\\\/09\\\/reunion-del-equipo-general-de-gestion-2\\\/\",\"url\":\"https:\\\/\\\/www.itakaescolapios.org\\\/fr\\\/2021\\\/09\\\/reunion-del-equipo-general-de-gestion-2\\\/\",\"name\":\"Reuni\u00f3n del equipo general de gesti\u00f3n - Itaka-Escolapios\",\"isPartOf\":{\"@id\":\"https:\\\/\\\/www.itakaescolapios.org\\\/es\\\/#website\"},\"primaryImageOfPage\":{\"@id\":\"https:\\\/\\\/www.itakaescolapios.org\\\/fr\\\/2021\\\/09\\\/reunion-del-equipo-general-de-gestion-2\\\/#primaryimage\"},\"image\":{\"@id\":\"https:\\\/\\\/www.itakaescolapios.org\\\/fr\\\/2021\\\/09\\\/reunion-del-equipo-general-de-gestion-2\\\/#primaryimage\"},\"thumbnailUrl\":\"https:\\\/\\\/www.itakaescolapios.org\\\/wp-content\\\/uploads\\\/2021\\\/09\\\/MicrosoftTeams-image-2.png\",\"datePublished\":\"2021-09-13T16:13:08+00:00\",\"dateModified\":\"2023-11-28T11:35:58+00:00\",\"breadcrumb\":{\"@id\":\"https:\\\/\\\/www.itakaescolapios.org\\\/fr\\\/2021\\\/09\\\/reunion-del-equipo-general-de-gestion-2\\\/#breadcrumb\"},\"inLanguage\":\"fr-FR\",\"potentialAction\":[{\"@type\":\"ReadAction\",\"target\":[\"https:\\\/\\\/www.itakaescolapios.org\\\/fr\\\/2021\\\/09\\\/reunion-del-equipo-general-de-gestion-2\\\/\"]}]},{\"@type\":\"ImageObject\",\"inLanguage\":\"fr-FR\",\"@id\":\"https:\\\/\\\/www.itakaescolapios.org\\\/fr\\\/2021\\\/09\\\/reunion-del-equipo-general-de-gestion-2\\\/#primaryimage\",\"url\":\"https:\\\/\\\/www.itakaescolapios.org\\\/wp-content\\\/uploads\\\/2021\\\/09\\\/MicrosoftTeams-image-2.png\",\"contentUrl\":\"https:\\\/\\\/www.itakaescolapios.org\\\/wp-content\\\/uploads\\\/2021\\\/09\\\/MicrosoftTeams-image-2.png\",\"width\":1920,\"height\":1080},{\"@type\":\"BreadcrumbList\",\"@id\":\"https:\\\/\\\/www.itakaescolapios.org\\\/fr\\\/2021\\\/09\\\/reunion-del-equipo-general-de-gestion-2\\\/#breadcrumb\",\"itemListElement\":[{\"@type\":\"ListItem\",\"position\":1,\"name\":\"Itaka-Escolapios\",\"item\":\"https:\\\/\\\/www.itakaescolapios.org\\\/es\\\/\"},{\"@type\":\"ListItem\",\"position\":2,\"name\":\"Reuni\u00f3n del equipo general de gesti\u00f3n\"}]},{\"@type\":\"WebSite\",\"@id\":\"https:\\\/\\\/www.itakaescolapios.org\\\/fr\\\/es\\\/#website\",\"url\":\"https:\\\/\\\/www.itakaescolapios.org\\\/fr\\\/es\\\/\",\"name\":\"Itaka-Escolapios\",\"description\":\"Red de Itaka-Escolapios\",\"publisher\":{\"@id\":\"https:\\\/\\\/www.itakaescolapios.org\\\/fr\\\/es\\\/#organization\"},\"potentialAction\":[{\"@type\":\"SearchAction\",\"target\":{\"@type\":\"EntryPoint\",\"urlTemplate\":\"https:\\\/\\\/www.itakaescolapios.org\\\/fr\\\/es\\\/?s={search_term_string}\"},\"query-input\":{\"@type\":\"PropertyValueSpecification\",\"valueRequired\":true,\"valueName\":\"search_term_string\"}}],\"inLanguage\":\"fr-FR\"},{\"@type\":\"Organization\",\"@id\":\"https:\\\/\\\/www.itakaescolapios.org\\\/fr\\\/es\\\/#organization\",\"name\":\"Fundaci\u00f3 Itaka-Escolapios\",\"url\":\"https:\\\/\\\/www.itakaescolapios.org\\\/fr\\\/es\\\/\",\"logo\":{\"@type\":\"ImageObject\",\"inLanguage\":\"fr-FR\",\"@id\":\"https:\\\/\\\/www.itakaescolapios.org\\\/fr\\\/es\\\/#\\\/schema\\\/logo\\\/image\\\/\",\"url\":\"https:\\\/\\\/www.itakaescolapios.org\\\/wp-content\\\/uploads\\\/2024\\\/04\\\/Logo-itakaescolapios-peque.png\",\"contentUrl\":\"https:\\\/\\\/www.itakaescolapios.org\\\/wp-content\\\/uploads\\\/2024\\\/04\\\/Logo-itakaescolapios-peque.png\",\"width\":500,\"height\":199,\"caption\":\"Fundaci\u00f3 Itaka-Escolapios\"},\"image\":{\"@id\":\"https:\\\/\\\/www.itakaescolapios.org\\\/fr\\\/es\\\/#\\\/schema\\\/logo\\\/image\\\/\"}},{\"@type\":\"Person\",\"@id\":\"https:\\\/\\\/www.itakaescolapios.org\\\/es\\\/#\\\/schema\\\/person\\\/768ce0f19db5c2c2b6361e77e15db2db\",\"name\":\"itakaescolapios\",\"url\":\"https:\\\/\\\/www.itakaescolapios.org\\\/fr\\\/author\\\/itakaescolapios\\\/\"}]}<\/script>\n<!-- \/ Yoast SEO plugin. -->","yoast_head_json":{"title":"Reuni\u00f3n del equipo general de gesti\u00f3n","description":"El equipo general de gesti\u00f3n de Itaka-Escolapios ha tenido hoy su primera reuni\u00f3n del curso 2021-2022. La reuni\u00f3n ha servido para repasar los cambios que ha habido en el \u00e1rea de gesti\u00f3n de la red Itaka-Escolapios y planificar el trabajo el curso para tratar de dar respuesta a los retos del momento y trabajar con\u2026","robots":{"index":"index","follow":"follow","max-snippet":"max-snippet:-1","max-image-preview":"max-image-preview:large","max-video-preview":"max-video-preview:-1"},"canonical":"El equipo general de gesti\u00f3n de Itaka-Escolapios ha tenido hoy su primera reuni\u00f3n del curso 2021-2022. La reuni\u00f3n ha servido para repasar los cambios que ha habido en el \u00e1rea de gesti\u00f3n de la red Itaka-Escolapios y planificar el trabajo el curso para tratar de dar respuesta a los retos del momento y trabajar con\u2026","og_locale":"fr_FR","og_type":"article","og_title":"Reuni\u00f3n del equipo general de gesti\u00f3n","og_description":"El equipo general de gesti\u00f3n de Itaka-Escolapios ha tenido hoy su primera reuni\u00f3n del curso 2021-2022. La reuni\u00f3n ha servido para repasar los cambios que ha habido en el \u00e1rea de gesti\u00f3n de la red Itaka-Escolapios y planificar el trabajo el curso para tratar de dar respuesta a los retos del momento y trabajar con\u2026","og_url":"https:\/\/www.itakaescolapios.org\/fr\/2021\/09\/reunion-del-equipo-general-de-gestion-2\/","og_site_name":"Itaka-Escolapios","article_published_time":"2021-09-13T16:13:08+00:00","article_modified_time":"2023-11-28T11:35:58+00:00","og_image":[{"width":1920,"height":1080,"url":"https:\/\/www.itakaescolapios.org\/wp-content\/uploads\/2021\/09\/MicrosoftTeams-image-2.png","type":"image\/png"}],"author":"itakaescolapios","twitter_card":"summary_large_image","twitter_misc":{"\u00c9crit par":"itakaescolapios","Dur\u00e9e de lecture estim\u00e9e":"1 minute"},"schema":{"@context":"https:\/\/schema.org","@graph":[{"@type":"Article","@id":"https:\/\/www.itakaescolapios.org\/fr\/2021\/09\/reunion-del-equipo-general-de-gestion-2\/#article","isPartOf":{"@id":"https:\/\/www.itakaescolapios.org\/fr\/2021\/09\/reunion-del-equipo-general-de-gestion-2\/"},"author":{"name":"itakaescolapios","@id":"https:\/\/www.itakaescolapios.org\/es\/#\/schema\/person\/768ce0f19db5c2c2b6361e77e15db2db"},"headline":"Reuni\u00f3n del equipo general de gesti\u00f3n","datePublished":"2021-09-13T16:13:08+00:00","dateModified":"2023-11-28T11:35:58+00:00","mainEntityOfPage":{"@id":"https:\/\/www.itakaescolapios.org\/fr\/2021\/09\/reunion-del-equipo-general-de-gestion-2\/"},"wordCount":207,"publisher":{"@id":"https:\/\/www.itakaescolapios.org\/es\/#organization"},"image":{"@id":"https:\/\/www.itakaescolapios.org\/fr\/2021\/09\/reunion-del-equipo-general-de-gestion-2\/#primaryimage"},"thumbnailUrl":"https:\/\/www.itakaescolapios.org\/wp-content\/uploads\/2021\/09\/MicrosoftTeams-image-2.png","keywords":["Equipo General de Gesti\u00f3n","gesti\u00f3n"],"articleSection":["Itaka Escolapios"],"inLanguage":"fr-FR"},{"@type":"WebPage","@id":"https:\/\/www.itakaescolapios.org\/fr\/2021\/09\/reunion-del-equipo-general-de-gestion-2\/","url":"https:\/\/www.itakaescolapios.org\/fr\/2021\/09\/reunion-del-equipo-general-de-gestion-2\/","name":"Reuni\u00f3n del equipo general de gesti\u00f3n - Itaka-Escolapios","isPartOf":{"@id":"https:\/\/www.itakaescolapios.org\/es\/#website"},"primaryImageOfPage":{"@id":"https:\/\/www.itakaescolapios.org\/fr\/2021\/09\/reunion-del-equipo-general-de-gestion-2\/#primaryimage"},"image":{"@id":"https:\/\/www.itakaescolapios.org\/fr\/2021\/09\/reunion-del-equipo-general-de-gestion-2\/#primaryimage"},"thumbnailUrl":"https:\/\/www.itakaescolapios.org\/wp-content\/uploads\/2021\/09\/MicrosoftTeams-image-2.png","datePublished":"2021-09-13T16:13:08+00:00","dateModified":"2023-11-28T11:35:58+00:00","breadcrumb":{"@id":"https:\/\/www.itakaescolapios.org\/fr\/2021\/09\/reunion-del-equipo-general-de-gestion-2\/#breadcrumb"},"inLanguage":"fr-FR","potentialAction":[{"@type":"ReadAction","target":["https:\/\/www.itakaescolapios.org\/fr\/2021\/09\/reunion-del-equipo-general-de-gestion-2\/"]}]},{"@type":"ImageObject","inLanguage":"fr-FR","@id":"https:\/\/www.itakaescolapios.org\/fr\/2021\/09\/reunion-del-equipo-general-de-gestion-2\/#primaryimage","url":"https:\/\/www.itakaescolapios.org\/wp-content\/uploads\/2021\/09\/MicrosoftTeams-image-2.png","contentUrl":"https:\/\/www.itakaescolapios.org\/wp-content\/uploads\/2021\/09\/MicrosoftTeams-image-2.png","width":1920,"height":1080},{"@type":"BreadcrumbList","@id":"https:\/\/www.itakaescolapios.org\/fr\/2021\/09\/reunion-del-equipo-general-de-gestion-2\/#breadcrumb","itemListElement":[{"@type":"ListItem","position":1,"name":"Itaka-Escolapios","item":"https:\/\/www.itakaescolapios.org\/es\/"},{"@type":"ListItem","position":2,"name":"Reuni\u00f3n del equipo general de gesti\u00f3n"}]},{"@type":"WebSite","@id":"https:\/\/www.itakaescolapios.org\/fr\/es\/#website","url":"https:\/\/www.itakaescolapios.org\/fr\/es\/","name":"Itaka-Escolapios","description":"Red de Itaka-Escolapios","publisher":{"@id":"https:\/\/www.itakaescolapios.org\/fr\/es\/#organization"},"potentialAction":[{"@type":"SearchAction","target":{"@type":"EntryPoint","urlTemplate":"https:\/\/www.itakaescolapios.org\/fr\/es\/?s={search_term_string}"},"query-input":{"@type":"PropertyValueSpecification","valueRequired":true,"valueName":"search_term_string"}}],"inLanguage":"fr-FR"},{"@type":"Organization","@id":"https:\/\/www.itakaescolapios.org\/fr\/es\/#organization","name":"Fundaci\u00f3 Itaka-Escolapios","url":"https:\/\/www.itakaescolapios.org\/fr\/es\/","logo":{"@type":"ImageObject","inLanguage":"fr-FR","@id":"https:\/\/www.itakaescolapios.org\/fr\/es\/#\/schema\/logo\/image\/","url":"https:\/\/www.itakaescolapios.org\/wp-content\/uploads\/2024\/04\/Logo-itakaescolapios-peque.png","contentUrl":"https:\/\/www.itakaescolapios.org\/wp-content\/uploads\/2024\/04\/Logo-itakaescolapios-peque.png","width":500,"height":199,"caption":"Fundaci\u00f3 Itaka-Escolapios"},"image":{"@id":"https:\/\/www.itakaescolapios.org\/fr\/es\/#\/schema\/logo\/image\/"}},{"@type":"Person","@id":"https:\/\/www.itakaescolapios.org\/es\/#\/schema\/person\/768ce0f19db5c2c2b6361e77e15db2db","name":"itakaescolapios","url":"https:\/\/www.itakaescolapios.org\/fr\/author\/itakaescolapios\/"}]}},"_links":{"self":[{"href":"https:\/\/www.itakaescolapios.org\/fr\/wp-json\/wp\/v2\/posts\/34692","targetHints":{"allow":["GET"]}}],"collection":[{"href":"https:\/\/www.itakaescolapios.org\/fr\/wp-json\/wp\/v2\/posts"}],"about":[{"href":"https:\/\/www.itakaescolapios.org\/fr\/wp-json\/wp\/v2\/types\/post"}],"author":[{"embeddable":true,"href":"https:\/\/www.itakaescolapios.org\/fr\/wp-json\/wp\/v2\/users\/46"}],"replies":[{"embeddable":true,"href":"https:\/\/www.itakaescolapios.org\/fr\/wp-json\/wp\/v2\/comments?post=34692"}],"version-history":[{"count":5,"href":"https:\/\/www.itakaescolapios.org\/fr\/wp-json\/wp\/v2\/posts\/34692\/revisions"}],"predecessor-version":[{"id":44219,"href":"https:\/\/www.itakaescolapios.org\/fr\/wp-json\/wp\/v2\/posts\/34692\/revisions\/44219"}],"wp:featuredmedia":[{"embeddable":true,"href":"https:\/\/www.itakaescolapios.org\/fr\/wp-json\/wp\/v2\/media\/34694"}],"wp:attachment":[{"href":"https:\/\/www.itakaescolapios.org\/fr\/wp-json\/wp\/v2\/media?parent=34692"}],"wp:term":[{"taxonomy":"category","embeddable":true,"href":"https:\/\/www.itakaescolapios.org\/fr\/wp-json\/wp\/v2\/categories?post=34692"},{"taxonomy":"post_tag","embeddable":true,"href":"https:\/\/www.itakaescolapios.org\/fr\/wp-json\/wp\/v2\/tags?post=34692"}],"curies":[{"name":"wp","href":"https:\/\/api.w.org\/{rel}","templated":true}]}}