{"id":35013,"date":"2021-11-24T10:01:02","date_gmt":"2021-11-24T09:01:02","guid":{"rendered":"https:\/\/www.itakaescolapios.org\/?p=35013"},"modified":"2023-11-28T12:35:56","modified_gmt":"2023-11-28T11:35:56","slug":"nueva-reunion-del-equipo-de-voluntariado-de-la-red","status":"publish","type":"post","link":"https:\/\/www.itakaescolapios.org\/fr\/2021\/11\/nueva-reunion-del-equipo-de-voluntariado-de-la-red\/","title":{"rendered":"NOUVELLE REUNION DE L\u2019EQUIPE DU VOLONTARIAT DU RESEAU"},"content":{"rendered":"<p>Le 23 novembre, nous avons tenu une nouvelle r\u00e9union en ligne de l\u2019\u00c9quipe G\u00e9n\u00e9rale du Volontaires du R\u00e9seau, avec des repr\u00e9sentations du Mexique, de la RD Congo, du Cameroun et de l\u2019Espagne (B\u00e9thanie et Emma\u00fcs).<\/p>\n<p>Ce fut une r\u00e9union tr\u00e8s int\u00e9ressante pour continuer \u00e0 progresser en tant qu\u2019\u00e9quipe, au cours de laquelle le plan g\u00e9n\u00e9ral du volontariat d\u2019Itaka-Escolapios a continu\u00e9 d\u2019\u00eatre examin\u00e9 et mis \u00e0 jour. De plus, nous avons commenc\u00e9 \u00e0 concevoir la proposition pour la c\u00e9l\u00e9bration de la Journ\u00e9e du Volontariat Itaka-Escolapios, qui se d\u00e9roulera le 9 mars 2022. Nous continuons donc \u00e0 faire avancer l\u2019impulsion partag\u00e9e d\u2019une r\u00e9alit\u00e9 aussi importante pour notre r\u00e9seau que le volontariat.<\/p>\n","protected":false},"excerpt":{"rendered":"<p>Le 23 novembre, nous avons tenu une nouvelle r\u00e9union en ligne de l\u2019\u00c9quipe G\u00e9n\u00e9rale du Volontaires du R\u00e9seau, avec des repr\u00e9sentations du Mexique, de la RD Congo, du Cameroun et [&hellip;]<\/p>\n","protected":false},"author":46,"featured_media":35014,"comment_status":"closed","ping_status":"closed","sticky":false,"template":"","format":"standard","meta":{"_et_pb_use_builder":"","_et_pb_old_content":"","_et_gb_content_width":"","footnotes":""},"categories":[30],"tags":[],"class_list":["post-35013","post","type-post","status-publish","format-standard","has-post-thumbnail","hentry","category-itaka-escolapios"],"yoast_head":"<!-- This site is optimized with the Yoast SEO plugin v27.4 - https:\/\/yoast.com\/product\/yoast-seo-wordpress\/ -->\n<title>NOUVELLE REUNION DE L\u2019EQUIPE DU VOLONTARIAT DU RESEAU<\/title>\n<meta name=\"description\" content=\"Le 23 novembre, nous avons tenu une nouvelle r\u00e9union en ligne de l\u2019\u00c9quipe G\u00e9n\u00e9rale du Volontaires du R\u00e9seau, avec des repr\u00e9sentations du Mexique, de la RD Congo, du Cameroun et de l\u2019Espagne (B\u00e9thanie et Emma\u00fcs). Ce fut une r\u00e9union tr\u00e8s int\u00e9ressante pour continuer \u00e0 progresser en tant qu\u2019\u00e9quipe, au cours de laquelle le plan g\u00e9n\u00e9ral\u2026\" \/>\n<meta name=\"robots\" content=\"index, follow, max-snippet:-1, max-image-preview:large, max-video-preview:-1\" \/>\n<link rel=\"canonical\" href=\"http:\/\/Le%2023%20novembre,%20nous%20avons%20tenu%20une%20nouvelle%20r\u00e9union%20en%20ligne%20de%20l\u2019\u00c9quipe%20G\u00e9n\u00e9rale%20du%20Volontaires%20du%20R\u00e9seau,%20avec%20des%20repr\u00e9sentations%20du%20Mexique,%20de%20la%20RD%20Congo,%20du%20Cameroun%20et%20de%20l\u2019Espagne%20(B\u00e9thanie%20et%20Emma\u00fcs).%20Ce%20fut%20une%20r\u00e9union%20tr\u00e8s%20int\u00e9ressante%20pour%20continuer%20\u00e0%20progresser%20en%20tant%20qu\u2019\u00e9quipe,%20au%20cours%20de%20laquelle%20le%20plan%20g\u00e9n\u00e9ral\u2026\" \/>\n<meta property=\"og:locale\" content=\"fr_FR\" \/>\n<meta property=\"og:type\" content=\"article\" \/>\n<meta property=\"og:title\" content=\"NOUVELLE REUNION DE L\u2019EQUIPE DU VOLONTARIAT DU RESEAU\" \/>\n<meta property=\"og:description\" content=\"Le 23 novembre, nous avons tenu une nouvelle r\u00e9union en ligne de l\u2019\u00c9quipe G\u00e9n\u00e9rale du Volontaires du R\u00e9seau, avec des repr\u00e9sentations du Mexique, de la RD Congo, du Cameroun et de l\u2019Espagne (B\u00e9thanie et Emma\u00fcs). Ce fut une r\u00e9union tr\u00e8s int\u00e9ressante pour continuer \u00e0 progresser en tant qu\u2019\u00e9quipe, au cours de laquelle le plan g\u00e9n\u00e9ral\u2026\" \/>\n<meta property=\"og:url\" content=\"https:\/\/www.itakaescolapios.org\/fr\/2021\/11\/nueva-reunion-del-equipo-de-voluntariado-de-la-red\/\" \/>\n<meta property=\"og:site_name\" content=\"Itaka-Escolapios\" \/>\n<meta property=\"article:published_time\" content=\"2021-11-24T09:01:02+00:00\" \/>\n<meta property=\"article:modified_time\" content=\"2023-11-28T11:35:56+00:00\" \/>\n<meta property=\"og:image\" content=\"https:\/\/www.itakaescolapios.org\/wp-content\/uploads\/2021\/11\/WhatsApp-Image-2021-11-23-at-16.36.19.jpeg\" \/>\n\t<meta property=\"og:image:width\" content=\"1180\" \/>\n\t<meta property=\"og:image:height\" content=\"717\" \/>\n\t<meta property=\"og:image:type\" content=\"image\/jpeg\" \/>\n<meta name=\"author\" content=\"itakaescolapios\" \/>\n<meta name=\"twitter:card\" content=\"summary_large_image\" \/>\n<meta name=\"twitter:label1\" content=\"\u00c9crit par\" \/>\n\t<meta name=\"twitter:data1\" content=\"itakaescolapios\" \/>\n\t<meta name=\"twitter:label2\" content=\"Dur\u00e9e de lecture estim\u00e9e\" \/>\n\t<meta name=\"twitter:data2\" content=\"1 minute\" \/>\n<script type=\"application\/ld+json\" class=\"yoast-schema-graph\">{\"@context\":\"https:\\\/\\\/schema.org\",\"@graph\":[{\"@type\":\"Article\",\"@id\":\"https:\\\/\\\/www.itakaescolapios.org\\\/fr\\\/2021\\\/11\\\/nueva-reunion-del-equipo-de-voluntariado-de-la-red\\\/#article\",\"isPartOf\":{\"@id\":\"https:\\\/\\\/www.itakaescolapios.org\\\/fr\\\/2021\\\/11\\\/nueva-reunion-del-equipo-de-voluntariado-de-la-red\\\/\"},\"author\":{\"name\":\"itakaescolapios\",\"@id\":\"https:\\\/\\\/www.itakaescolapios.org\\\/es\\\/#\\\/schema\\\/person\\\/768ce0f19db5c2c2b6361e77e15db2db\"},\"headline\":\"NOUVELLE REUNION DE L\u2019EQUIPE DU VOLONTARIAT DU RESEAU\",\"datePublished\":\"2021-11-24T09:01:02+00:00\",\"dateModified\":\"2023-11-28T11:35:56+00:00\",\"mainEntityOfPage\":{\"@id\":\"https:\\\/\\\/www.itakaescolapios.org\\\/fr\\\/2021\\\/11\\\/nueva-reunion-del-equipo-de-voluntariado-de-la-red\\\/\"},\"wordCount\":113,\"publisher\":{\"@id\":\"https:\\\/\\\/www.itakaescolapios.org\\\/es\\\/#organization\"},\"image\":{\"@id\":\"https:\\\/\\\/www.itakaescolapios.org\\\/fr\\\/2021\\\/11\\\/nueva-reunion-del-equipo-de-voluntariado-de-la-red\\\/#primaryimage\"},\"thumbnailUrl\":\"https:\\\/\\\/www.itakaescolapios.org\\\/wp-content\\\/uploads\\\/2021\\\/11\\\/WhatsApp-Image-2021-11-23-at-16.36.19.jpeg\",\"articleSection\":[\"Itaka Escolapios\"],\"inLanguage\":\"fr-FR\"},{\"@type\":\"WebPage\",\"@id\":\"https:\\\/\\\/www.itakaescolapios.org\\\/fr\\\/2021\\\/11\\\/nueva-reunion-del-equipo-de-voluntariado-de-la-red\\\/\",\"url\":\"https:\\\/\\\/www.itakaescolapios.org\\\/fr\\\/2021\\\/11\\\/nueva-reunion-del-equipo-de-voluntariado-de-la-red\\\/\",\"name\":\"Nueva reuni\u00f3n del equipo de Voluntariado de la red - Itaka-Escolapios\",\"isPartOf\":{\"@id\":\"https:\\\/\\\/www.itakaescolapios.org\\\/es\\\/#website\"},\"primaryImageOfPage\":{\"@id\":\"https:\\\/\\\/www.itakaescolapios.org\\\/fr\\\/2021\\\/11\\\/nueva-reunion-del-equipo-de-voluntariado-de-la-red\\\/#primaryimage\"},\"image\":{\"@id\":\"https:\\\/\\\/www.itakaescolapios.org\\\/fr\\\/2021\\\/11\\\/nueva-reunion-del-equipo-de-voluntariado-de-la-red\\\/#primaryimage\"},\"thumbnailUrl\":\"https:\\\/\\\/www.itakaescolapios.org\\\/wp-content\\\/uploads\\\/2021\\\/11\\\/WhatsApp-Image-2021-11-23-at-16.36.19.jpeg\",\"datePublished\":\"2021-11-24T09:01:02+00:00\",\"dateModified\":\"2023-11-28T11:35:56+00:00\",\"breadcrumb\":{\"@id\":\"https:\\\/\\\/www.itakaescolapios.org\\\/fr\\\/2021\\\/11\\\/nueva-reunion-del-equipo-de-voluntariado-de-la-red\\\/#breadcrumb\"},\"inLanguage\":\"fr-FR\",\"potentialAction\":[{\"@type\":\"ReadAction\",\"target\":[\"https:\\\/\\\/www.itakaescolapios.org\\\/fr\\\/2021\\\/11\\\/nueva-reunion-del-equipo-de-voluntariado-de-la-red\\\/\"]}]},{\"@type\":\"ImageObject\",\"inLanguage\":\"fr-FR\",\"@id\":\"https:\\\/\\\/www.itakaescolapios.org\\\/fr\\\/2021\\\/11\\\/nueva-reunion-del-equipo-de-voluntariado-de-la-red\\\/#primaryimage\",\"url\":\"https:\\\/\\\/www.itakaescolapios.org\\\/wp-content\\\/uploads\\\/2021\\\/11\\\/WhatsApp-Image-2021-11-23-at-16.36.19.jpeg\",\"contentUrl\":\"https:\\\/\\\/www.itakaescolapios.org\\\/wp-content\\\/uploads\\\/2021\\\/11\\\/WhatsApp-Image-2021-11-23-at-16.36.19.jpeg\",\"width\":1180,\"height\":717},{\"@type\":\"BreadcrumbList\",\"@id\":\"https:\\\/\\\/www.itakaescolapios.org\\\/fr\\\/2021\\\/11\\\/nueva-reunion-del-equipo-de-voluntariado-de-la-red\\\/#breadcrumb\",\"itemListElement\":[{\"@type\":\"ListItem\",\"position\":1,\"name\":\"Itaka-Escolapios\",\"item\":\"https:\\\/\\\/www.itakaescolapios.org\\\/es\\\/\"},{\"@type\":\"ListItem\",\"position\":2,\"name\":\"NOUVELLE REUNION DE L\u2019EQUIPE DU VOLONTARIAT DU RESEAU\"}]},{\"@type\":\"WebSite\",\"@id\":\"https:\\\/\\\/www.itakaescolapios.org\\\/fr\\\/es\\\/#website\",\"url\":\"https:\\\/\\\/www.itakaescolapios.org\\\/fr\\\/es\\\/\",\"name\":\"Itaka-Escolapios\",\"description\":\"Red de Itaka-Escolapios\",\"publisher\":{\"@id\":\"https:\\\/\\\/www.itakaescolapios.org\\\/fr\\\/es\\\/#organization\"},\"potentialAction\":[{\"@type\":\"SearchAction\",\"target\":{\"@type\":\"EntryPoint\",\"urlTemplate\":\"https:\\\/\\\/www.itakaescolapios.org\\\/fr\\\/es\\\/?s={search_term_string}\"},\"query-input\":{\"@type\":\"PropertyValueSpecification\",\"valueRequired\":true,\"valueName\":\"search_term_string\"}}],\"inLanguage\":\"fr-FR\"},{\"@type\":\"Organization\",\"@id\":\"https:\\\/\\\/www.itakaescolapios.org\\\/fr\\\/es\\\/#organization\",\"name\":\"Fundaci\u00f3 Itaka-Escolapios\",\"url\":\"https:\\\/\\\/www.itakaescolapios.org\\\/fr\\\/es\\\/\",\"logo\":{\"@type\":\"ImageObject\",\"inLanguage\":\"fr-FR\",\"@id\":\"https:\\\/\\\/www.itakaescolapios.org\\\/fr\\\/es\\\/#\\\/schema\\\/logo\\\/image\\\/\",\"url\":\"https:\\\/\\\/www.itakaescolapios.org\\\/wp-content\\\/uploads\\\/2024\\\/04\\\/Logo-itakaescolapios-peque.png\",\"contentUrl\":\"https:\\\/\\\/www.itakaescolapios.org\\\/wp-content\\\/uploads\\\/2024\\\/04\\\/Logo-itakaescolapios-peque.png\",\"width\":500,\"height\":199,\"caption\":\"Fundaci\u00f3 Itaka-Escolapios\"},\"image\":{\"@id\":\"https:\\\/\\\/www.itakaescolapios.org\\\/fr\\\/es\\\/#\\\/schema\\\/logo\\\/image\\\/\"}},{\"@type\":\"Person\",\"@id\":\"https:\\\/\\\/www.itakaescolapios.org\\\/es\\\/#\\\/schema\\\/person\\\/768ce0f19db5c2c2b6361e77e15db2db\",\"name\":\"itakaescolapios\",\"url\":\"https:\\\/\\\/www.itakaescolapios.org\\\/fr\\\/author\\\/itakaescolapios\\\/\"}]}<\/script>\n<!-- \/ Yoast SEO plugin. -->","yoast_head_json":{"title":"NOUVELLE REUNION DE L\u2019EQUIPE DU VOLONTARIAT DU RESEAU","description":"Le 23 novembre, nous avons tenu une nouvelle r\u00e9union en ligne de l\u2019\u00c9quipe G\u00e9n\u00e9rale du Volontaires du R\u00e9seau, avec des repr\u00e9sentations du Mexique, de la RD Congo, du Cameroun et de l\u2019Espagne (B\u00e9thanie et Emma\u00fcs). Ce fut une r\u00e9union tr\u00e8s int\u00e9ressante pour continuer \u00e0 progresser en tant qu\u2019\u00e9quipe, au cours de laquelle le plan g\u00e9n\u00e9ral\u2026","robots":{"index":"index","follow":"follow","max-snippet":"max-snippet:-1","max-image-preview":"max-image-preview:large","max-video-preview":"max-video-preview:-1"},"canonical":"Le 23 novembre, nous avons tenu une nouvelle r\u00e9union en ligne de l\u2019\u00c9quipe G\u00e9n\u00e9rale du Volontaires du R\u00e9seau, avec des repr\u00e9sentations du Mexique, de la RD Congo, du Cameroun et de l\u2019Espagne (B\u00e9thanie et Emma\u00fcs). Ce fut une r\u00e9union tr\u00e8s int\u00e9ressante pour continuer \u00e0 progresser en tant qu\u2019\u00e9quipe, au cours de laquelle le plan g\u00e9n\u00e9ral\u2026","og_locale":"fr_FR","og_type":"article","og_title":"NOUVELLE REUNION DE L\u2019EQUIPE DU VOLONTARIAT DU RESEAU","og_description":"Le 23 novembre, nous avons tenu une nouvelle r\u00e9union en ligne de l\u2019\u00c9quipe G\u00e9n\u00e9rale du Volontaires du R\u00e9seau, avec des repr\u00e9sentations du Mexique, de la RD Congo, du Cameroun et de l\u2019Espagne (B\u00e9thanie et Emma\u00fcs). Ce fut une r\u00e9union tr\u00e8s int\u00e9ressante pour continuer \u00e0 progresser en tant qu\u2019\u00e9quipe, au cours de laquelle le plan g\u00e9n\u00e9ral\u2026","og_url":"https:\/\/www.itakaescolapios.org\/fr\/2021\/11\/nueva-reunion-del-equipo-de-voluntariado-de-la-red\/","og_site_name":"Itaka-Escolapios","article_published_time":"2021-11-24T09:01:02+00:00","article_modified_time":"2023-11-28T11:35:56+00:00","og_image":[{"width":1180,"height":717,"url":"https:\/\/www.itakaescolapios.org\/wp-content\/uploads\/2021\/11\/WhatsApp-Image-2021-11-23-at-16.36.19.jpeg","type":"image\/jpeg"}],"author":"itakaescolapios","twitter_card":"summary_large_image","twitter_misc":{"\u00c9crit par":"itakaescolapios","Dur\u00e9e de lecture estim\u00e9e":"1 minute"},"schema":{"@context":"https:\/\/schema.org","@graph":[{"@type":"Article","@id":"https:\/\/www.itakaescolapios.org\/fr\/2021\/11\/nueva-reunion-del-equipo-de-voluntariado-de-la-red\/#article","isPartOf":{"@id":"https:\/\/www.itakaescolapios.org\/fr\/2021\/11\/nueva-reunion-del-equipo-de-voluntariado-de-la-red\/"},"author":{"name":"itakaescolapios","@id":"https:\/\/www.itakaescolapios.org\/es\/#\/schema\/person\/768ce0f19db5c2c2b6361e77e15db2db"},"headline":"NOUVELLE REUNION DE L\u2019EQUIPE DU VOLONTARIAT DU RESEAU","datePublished":"2021-11-24T09:01:02+00:00","dateModified":"2023-11-28T11:35:56+00:00","mainEntityOfPage":{"@id":"https:\/\/www.itakaescolapios.org\/fr\/2021\/11\/nueva-reunion-del-equipo-de-voluntariado-de-la-red\/"},"wordCount":113,"publisher":{"@id":"https:\/\/www.itakaescolapios.org\/es\/#organization"},"image":{"@id":"https:\/\/www.itakaescolapios.org\/fr\/2021\/11\/nueva-reunion-del-equipo-de-voluntariado-de-la-red\/#primaryimage"},"thumbnailUrl":"https:\/\/www.itakaescolapios.org\/wp-content\/uploads\/2021\/11\/WhatsApp-Image-2021-11-23-at-16.36.19.jpeg","articleSection":["Itaka Escolapios"],"inLanguage":"fr-FR"},{"@type":"WebPage","@id":"https:\/\/www.itakaescolapios.org\/fr\/2021\/11\/nueva-reunion-del-equipo-de-voluntariado-de-la-red\/","url":"https:\/\/www.itakaescolapios.org\/fr\/2021\/11\/nueva-reunion-del-equipo-de-voluntariado-de-la-red\/","name":"Nueva reuni\u00f3n del equipo de Voluntariado de la red - Itaka-Escolapios","isPartOf":{"@id":"https:\/\/www.itakaescolapios.org\/es\/#website"},"primaryImageOfPage":{"@id":"https:\/\/www.itakaescolapios.org\/fr\/2021\/11\/nueva-reunion-del-equipo-de-voluntariado-de-la-red\/#primaryimage"},"image":{"@id":"https:\/\/www.itakaescolapios.org\/fr\/2021\/11\/nueva-reunion-del-equipo-de-voluntariado-de-la-red\/#primaryimage"},"thumbnailUrl":"https:\/\/www.itakaescolapios.org\/wp-content\/uploads\/2021\/11\/WhatsApp-Image-2021-11-23-at-16.36.19.jpeg","datePublished":"2021-11-24T09:01:02+00:00","dateModified":"2023-11-28T11:35:56+00:00","breadcrumb":{"@id":"https:\/\/www.itakaescolapios.org\/fr\/2021\/11\/nueva-reunion-del-equipo-de-voluntariado-de-la-red\/#breadcrumb"},"inLanguage":"fr-FR","potentialAction":[{"@type":"ReadAction","target":["https:\/\/www.itakaescolapios.org\/fr\/2021\/11\/nueva-reunion-del-equipo-de-voluntariado-de-la-red\/"]}]},{"@type":"ImageObject","inLanguage":"fr-FR","@id":"https:\/\/www.itakaescolapios.org\/fr\/2021\/11\/nueva-reunion-del-equipo-de-voluntariado-de-la-red\/#primaryimage","url":"https:\/\/www.itakaescolapios.org\/wp-content\/uploads\/2021\/11\/WhatsApp-Image-2021-11-23-at-16.36.19.jpeg","contentUrl":"https:\/\/www.itakaescolapios.org\/wp-content\/uploads\/2021\/11\/WhatsApp-Image-2021-11-23-at-16.36.19.jpeg","width":1180,"height":717},{"@type":"BreadcrumbList","@id":"https:\/\/www.itakaescolapios.org\/fr\/2021\/11\/nueva-reunion-del-equipo-de-voluntariado-de-la-red\/#breadcrumb","itemListElement":[{"@type":"ListItem","position":1,"name":"Itaka-Escolapios","item":"https:\/\/www.itakaescolapios.org\/es\/"},{"@type":"ListItem","position":2,"name":"NOUVELLE REUNION DE L\u2019EQUIPE DU VOLONTARIAT DU RESEAU"}]},{"@type":"WebSite","@id":"https:\/\/www.itakaescolapios.org\/fr\/es\/#website","url":"https:\/\/www.itakaescolapios.org\/fr\/es\/","name":"Itaka-Escolapios","description":"Red de Itaka-Escolapios","publisher":{"@id":"https:\/\/www.itakaescolapios.org\/fr\/es\/#organization"},"potentialAction":[{"@type":"SearchAction","target":{"@type":"EntryPoint","urlTemplate":"https:\/\/www.itakaescolapios.org\/fr\/es\/?s={search_term_string}"},"query-input":{"@type":"PropertyValueSpecification","valueRequired":true,"valueName":"search_term_string"}}],"inLanguage":"fr-FR"},{"@type":"Organization","@id":"https:\/\/www.itakaescolapios.org\/fr\/es\/#organization","name":"Fundaci\u00f3 Itaka-Escolapios","url":"https:\/\/www.itakaescolapios.org\/fr\/es\/","logo":{"@type":"ImageObject","inLanguage":"fr-FR","@id":"https:\/\/www.itakaescolapios.org\/fr\/es\/#\/schema\/logo\/image\/","url":"https:\/\/www.itakaescolapios.org\/wp-content\/uploads\/2024\/04\/Logo-itakaescolapios-peque.png","contentUrl":"https:\/\/www.itakaescolapios.org\/wp-content\/uploads\/2024\/04\/Logo-itakaescolapios-peque.png","width":500,"height":199,"caption":"Fundaci\u00f3 Itaka-Escolapios"},"image":{"@id":"https:\/\/www.itakaescolapios.org\/fr\/es\/#\/schema\/logo\/image\/"}},{"@type":"Person","@id":"https:\/\/www.itakaescolapios.org\/es\/#\/schema\/person\/768ce0f19db5c2c2b6361e77e15db2db","name":"itakaescolapios","url":"https:\/\/www.itakaescolapios.org\/fr\/author\/itakaescolapios\/"}]}},"_links":{"self":[{"href":"https:\/\/www.itakaescolapios.org\/fr\/wp-json\/wp\/v2\/posts\/35013","targetHints":{"allow":["GET"]}}],"collection":[{"href":"https:\/\/www.itakaescolapios.org\/fr\/wp-json\/wp\/v2\/posts"}],"about":[{"href":"https:\/\/www.itakaescolapios.org\/fr\/wp-json\/wp\/v2\/types\/post"}],"author":[{"embeddable":true,"href":"https:\/\/www.itakaescolapios.org\/fr\/wp-json\/wp\/v2\/users\/46"}],"replies":[{"embeddable":true,"href":"https:\/\/www.itakaescolapios.org\/fr\/wp-json\/wp\/v2\/comments?post=35013"}],"version-history":[{"count":7,"href":"https:\/\/www.itakaescolapios.org\/fr\/wp-json\/wp\/v2\/posts\/35013\/revisions"}],"predecessor-version":[{"id":44170,"href":"https:\/\/www.itakaescolapios.org\/fr\/wp-json\/wp\/v2\/posts\/35013\/revisions\/44170"}],"wp:featuredmedia":[{"embeddable":true,"href":"https:\/\/www.itakaescolapios.org\/fr\/wp-json\/wp\/v2\/media\/35014"}],"wp:attachment":[{"href":"https:\/\/www.itakaescolapios.org\/fr\/wp-json\/wp\/v2\/media?parent=35013"}],"wp:term":[{"taxonomy":"category","embeddable":true,"href":"https:\/\/www.itakaescolapios.org\/fr\/wp-json\/wp\/v2\/categories?post=35013"},{"taxonomy":"post_tag","embeddable":true,"href":"https:\/\/www.itakaescolapios.org\/fr\/wp-json\/wp\/v2\/tags?post=35013"}],"curies":[{"name":"wp","href":"https:\/\/api.w.org\/{rel}","templated":true}]}}