{"id":35120,"date":"2021-12-05T09:00:32","date_gmt":"2021-12-05T08:00:32","guid":{"rendered":"https:\/\/www.itakaescolapios.org\/?p=35120"},"modified":"2023-11-28T12:35:55","modified_gmt":"2023-11-28T11:35:55","slug":"5-de-diciembre-dia-internacional-del-voluntariado-7","status":"publish","type":"post","link":"https:\/\/www.itakaescolapios.org\/fr\/2021\/12\/5-de-diciembre-dia-internacional-del-voluntariado-7\/","title":{"rendered":"5 D\u00c9CEMBRE, JOURN\u00c9E INTERNATIONALE DES VOLONTAIRES."},"content":{"rendered":"<div class=\"\" data-block=\"true\" data-editor=\"8mlrr\" data-offset-key=\"b7m5c-0-0\">\n<div class=\"_1mf _1mj\" data-offset-key=\"b7m5c-0-0\">Aujourd&rsquo;hui, 5 d\u00e9cembre, nous c\u00e9l\u00e9brons la Journ\u00e9e internationale des volontaires.<\/div>\n<\/div>\n<div class=\"\" data-block=\"true\" data-editor=\"8mlrr\" data-offset-key=\"16o17-0-0\">\n<div class=\"_1mf _1mj\" data-offset-key=\"16o17-0-0\"><span data-offset-key=\"16o17-0-0\">Une journ\u00e9e pour C\u00c9L\u00c9BRER et reconna\u00eetre toutes les personnes qui VIVENT comme une IDENTIT\u00c9 leur engagement \u00e0 TRANSFORMER vers un monde meilleur. <\/span><\/div>\n<\/div>\n<div class=\"\" data-block=\"true\" data-editor=\"8mlrr\" data-offset-key=\"8nbv2-0-0\">\n<div class=\"_1mf _1mj\" data-offset-key=\"8nbv2-0-0\"><span data-offset-key=\"8nbv2-0-0\">Une journ\u00e9e pour REMERCIER toutes les personnes qui, par leur d\u00e9vouement volontaire, soutiennent nos projets et font grandir la mission.<\/span><\/div>\n<\/div>\n<div class=\"\" data-block=\"true\" data-editor=\"8mlrr\" data-offset-key=\"51n01-0-0\">\n<div class=\"_1mf _1mj\" data-offset-key=\"51n01-0-0\"><span data-offset-key=\"51n01-0-0\">\u00a0<\/span><\/div>\n<\/div>\n<div class=\"\" data-block=\"true\" data-editor=\"8mlrr\" data-offset-key=\"ilgb-0-0\">\n\n\t\t<style type=\"text\/css\">\n\t\t\t#gallery-1 {\n\t\t\t\tmargin: auto;\n\t\t\t}\n\t\t\t#gallery-1 .gallery-item {\n\t\t\t\tfloat: left;\n\t\t\t\tmargin-top: 10px;\n\t\t\t\ttext-align: center;\n\t\t\t\twidth: 33%;\n\t\t\t}\n\t\t\t#gallery-1 img {\n\t\t\t\tborder: 2px solid #cfcfcf;\n\t\t\t}\n\t\t\t#gallery-1 .gallery-caption {\n\t\t\t\tmargin-left: 0;\n\t\t\t}\n\t\t\t\/* see gallery_shortcode() in wp-includes\/media.php *\/\n\t\t<\/style>\n\t\t<div id='gallery-1' class='gallery galleryid-35120 gallery-columns-3 gallery-size-thumbnail'><dl class='gallery-item'>\n\t\t\t<dt class='gallery-icon landscape'>\n\t\t\t\t<a href='https:\/\/www.itakaescolapios.org\/fr\/dia-del-voluntariado-esp\/'><img decoding=\"async\" width=\"90\" height=\"90\" src=\"https:\/\/www.itakaescolapios.org\/wp-content\/uploads\/2021\/12\/Dia-del-voluntariado-ESP-90x90.jpeg\" class=\"attachment-thumbnail size-thumbnail\" alt=\"\" \/><\/a>\n\t\t\t<\/dt><\/dl><dl class='gallery-item'>\n\t\t\t<dt class='gallery-icon landscape'>\n\t\t\t\t<a href='https:\/\/www.itakaescolapios.org\/fr\/dia-del-voluntariado-port\/'><img decoding=\"async\" width=\"90\" height=\"90\" src=\"https:\/\/www.itakaescolapios.org\/wp-content\/uploads\/2021\/12\/Dia-del-voluntariado-PORT-90x90.jpeg\" class=\"attachment-thumbnail size-thumbnail\" alt=\"\" \/><\/a>\n\t\t\t<\/dt><\/dl><dl class='gallery-item'>\n\t\t\t<dt class='gallery-icon landscape'>\n\t\t\t\t<a href='https:\/\/www.itakaescolapios.org\/fr\/dia-del-voluntariado-ingl\/'><img decoding=\"async\" width=\"90\" height=\"90\" src=\"https:\/\/www.itakaescolapios.org\/wp-content\/uploads\/2021\/12\/Dia-del-voluntariado-INGL-90x90.jpeg\" class=\"attachment-thumbnail size-thumbnail\" alt=\"\" \/><\/a>\n\t\t\t<\/dt><\/dl><br style=\"clear: both\" \/><dl class='gallery-item'>\n\t\t\t<dt class='gallery-icon landscape'>\n\t\t\t\t<a href='https:\/\/www.itakaescolapios.org\/fr\/dia-del-voluntariado-fran\/'><img decoding=\"async\" width=\"90\" height=\"90\" src=\"https:\/\/www.itakaescolapios.org\/wp-content\/uploads\/2021\/12\/Dia-del-voluntariado-FRAN-90x90.jpeg\" class=\"attachment-thumbnail size-thumbnail\" alt=\"\" \/><\/a>\n\t\t\t<\/dt><\/dl><dl class='gallery-item'>\n\t\t\t<dt class='gallery-icon landscape'>\n\t\t\t\t<a href='https:\/\/www.itakaescolapios.org\/fr\/dia-del-voluntariado-eusk\/'><img decoding=\"async\" width=\"90\" height=\"90\" src=\"https:\/\/www.itakaescolapios.org\/wp-content\/uploads\/2021\/12\/Dia-del-voluntariado-EUSK-90x90.jpeg\" class=\"attachment-thumbnail size-thumbnail\" alt=\"\" \/><\/a>\n\t\t\t<\/dt><\/dl>\n\t\t\t<br style='clear: both' \/>\n\t\t<\/div>\n\n<\/div>\n<div class=\"\" data-block=\"true\" data-editor=\"8mlrr\" data-offset-key=\"9qqp4-0-0\">\n<div class=\"_1mf _1mj\" data-offset-key=\"9qqp4-0-0\">\n<div class=\"\" data-block=\"true\" data-editor=\"8mlrr\" data-offset-key=\"ilgb-0-0\"><\/div>\n<\/div>\n<\/div>\n<div class=\"\" data-block=\"true\" data-editor=\"8mlrr\" data-offset-key=\"6apah-0-0\">\n<div class=\"_1mf _1mj\" data-offset-key=\"6apah-0-0\"><\/div>\n<\/div>\n","protected":false},"excerpt":{"rendered":"<p>Aujourd&rsquo;hui, 5 d\u00e9cembre, nous c\u00e9l\u00e9brons la Journ\u00e9e internationale des volontaires. Une journ\u00e9e pour C\u00c9L\u00c9BRER et reconna\u00eetre toutes les personnes qui VIVENT comme une IDENTIT\u00c9 leur engagement \u00e0 TRANSFORMER vers un [&hellip;]<\/p>\n","protected":false},"author":4,"featured_media":35119,"comment_status":"closed","ping_status":"closed","sticky":false,"template":"","format":"standard","meta":{"_et_pb_use_builder":"","_et_pb_old_content":"","_et_gb_content_width":"","footnotes":""},"categories":[30],"tags":[],"class_list":["post-35120","post","type-post","status-publish","format-standard","has-post-thumbnail","hentry","category-itaka-escolapios"],"yoast_head":"<!-- This site is optimized with the Yoast SEO plugin v27.4 - https:\/\/yoast.com\/product\/yoast-seo-wordpress\/ -->\n<title>5 D\u00c9CEMBRE, JOURN\u00c9E INTERNATIONALE DES VOLONTAIRES.<\/title>\n<meta name=\"description\" content=\"Aujourd&#039;hui, 5 d\u00e9cembre, nous c\u00e9l\u00e9brons la Journ\u00e9e internationale des volontaires. Une journ\u00e9e pour C\u00c9L\u00c9BRER et reconna\u00eetre toutes les personnes qui VIVENT comme une IDENTIT\u00c9 leur engagement \u00e0 TRANSFORMER vers un monde meilleur. Une journ\u00e9e pour REMERCIER toutes les personnes qui, par leur d\u00e9vouement volontaire, soutiennent nos projets et font grandir la mission. \u00a0 [gallery ids=&quot;35119,35118,35117,35116,35115&quot;]\" \/>\n<meta name=\"robots\" content=\"index, follow, max-snippet:-1, max-image-preview:large, max-video-preview:-1\" \/>\n<link rel=\"canonical\" href=\"http:\/\/Aujourd'hui,%205%20d\u00e9cembre,%20nous%20c\u00e9l\u00e9brons%20la%20Journ\u00e9e%20internationale%20des%20volontaires.%20Une%20journ\u00e9e%20pour%20C\u00c9L\u00c9BRER%20et%20reconna\u00eetre%20toutes%20les%20personnes%20qui%20VIVENT%20comme%20une%20IDENTIT\u00c9%20leur%20engagement%20\u00e0%20TRANSFORMER%20vers%20un%20monde%20meilleur.%20Une%20journ\u00e9e%20pour%20REMERCIER%20toutes%20les%20personnes%20qui,%20par%20leur%20d\u00e9vouement%20volontaire,%20soutiennent%20nos%20projets%20et%20font%20grandir%20la%20mission.%20\u00a0%20[gallery%20ids=35119,35118,35117,35116,35115]\" \/>\n<meta property=\"og:locale\" content=\"fr_FR\" \/>\n<meta property=\"og:type\" content=\"article\" \/>\n<meta property=\"og:title\" content=\"5 D\u00c9CEMBRE, JOURN\u00c9E INTERNATIONALE DES VOLONTAIRES.\" \/>\n<meta property=\"og:description\" content=\"Aujourd&#039;hui, 5 d\u00e9cembre, nous c\u00e9l\u00e9brons la Journ\u00e9e internationale des volontaires. Une journ\u00e9e pour C\u00c9L\u00c9BRER et reconna\u00eetre toutes les personnes qui VIVENT comme une IDENTIT\u00c9 leur engagement \u00e0 TRANSFORMER vers un monde meilleur. Une journ\u00e9e pour REMERCIER toutes les personnes qui, par leur d\u00e9vouement volontaire, soutiennent nos projets et font grandir la mission. \u00a0 [gallery ids=&quot;35119,35118,35117,35116,35115&quot;]\" \/>\n<meta property=\"og:url\" content=\"https:\/\/www.itakaescolapios.org\/fr\/2021\/12\/5-de-diciembre-dia-internacional-del-voluntariado-7\/\" \/>\n<meta property=\"og:site_name\" content=\"Itaka-Escolapios\" \/>\n<meta property=\"article:published_time\" content=\"2021-12-05T08:00:32+00:00\" \/>\n<meta property=\"article:modified_time\" content=\"2023-11-28T11:35:55+00:00\" \/>\n<meta property=\"og:image\" content=\"https:\/\/www.itakaescolapios.org\/wp-content\/uploads\/2021\/12\/Dia-del-voluntariado-ESP.jpeg\" \/>\n\t<meta property=\"og:image:width\" content=\"1600\" \/>\n\t<meta property=\"og:image:height\" content=\"592\" \/>\n\t<meta property=\"og:image:type\" content=\"image\/jpeg\" \/>\n<meta name=\"author\" content=\"itaka\" \/>\n<meta name=\"twitter:card\" content=\"summary_large_image\" \/>\n<meta name=\"twitter:label1\" content=\"\u00c9crit par\" \/>\n\t<meta name=\"twitter:data1\" content=\"itaka\" \/>\n<script type=\"application\/ld+json\" class=\"yoast-schema-graph\">{\"@context\":\"https:\\\/\\\/schema.org\",\"@graph\":[{\"@type\":\"Article\",\"@id\":\"https:\\\/\\\/www.itakaescolapios.org\\\/fr\\\/2021\\\/12\\\/5-de-diciembre-dia-internacional-del-voluntariado-7\\\/#article\",\"isPartOf\":{\"@id\":\"https:\\\/\\\/www.itakaescolapios.org\\\/fr\\\/2021\\\/12\\\/5-de-diciembre-dia-internacional-del-voluntariado-7\\\/\"},\"author\":{\"name\":\"itaka\",\"@id\":\"https:\\\/\\\/www.itakaescolapios.org\\\/es\\\/#\\\/schema\\\/person\\\/670123daeb1cc31cae1b106740036ccb\"},\"headline\":\"5 D\u00c9CEMBRE, JOURN\u00c9E INTERNATIONALE DES VOLONTAIRES.\",\"datePublished\":\"2021-12-05T08:00:32+00:00\",\"dateModified\":\"2023-11-28T11:35:55+00:00\",\"mainEntityOfPage\":{\"@id\":\"https:\\\/\\\/www.itakaescolapios.org\\\/fr\\\/2021\\\/12\\\/5-de-diciembre-dia-internacional-del-voluntariado-7\\\/\"},\"wordCount\":73,\"publisher\":{\"@id\":\"https:\\\/\\\/www.itakaescolapios.org\\\/es\\\/#organization\"},\"image\":{\"@id\":\"https:\\\/\\\/www.itakaescolapios.org\\\/fr\\\/2021\\\/12\\\/5-de-diciembre-dia-internacional-del-voluntariado-7\\\/#primaryimage\"},\"thumbnailUrl\":\"https:\\\/\\\/www.itakaescolapios.org\\\/wp-content\\\/uploads\\\/2021\\\/12\\\/Dia-del-voluntariado-ESP.jpeg\",\"articleSection\":[\"Itaka Escolapios\"],\"inLanguage\":\"fr-FR\"},{\"@type\":\"WebPage\",\"@id\":\"https:\\\/\\\/www.itakaescolapios.org\\\/fr\\\/2021\\\/12\\\/5-de-diciembre-dia-internacional-del-voluntariado-7\\\/\",\"url\":\"https:\\\/\\\/www.itakaescolapios.org\\\/fr\\\/2021\\\/12\\\/5-de-diciembre-dia-internacional-del-voluntariado-7\\\/\",\"name\":\"5 DE DICIEMBRE, D\u00cdA INTERNACIONAL DEL VOLUNTARIADO. - Itaka-Escolapios\",\"isPartOf\":{\"@id\":\"https:\\\/\\\/www.itakaescolapios.org\\\/es\\\/#website\"},\"primaryImageOfPage\":{\"@id\":\"https:\\\/\\\/www.itakaescolapios.org\\\/fr\\\/2021\\\/12\\\/5-de-diciembre-dia-internacional-del-voluntariado-7\\\/#primaryimage\"},\"image\":{\"@id\":\"https:\\\/\\\/www.itakaescolapios.org\\\/fr\\\/2021\\\/12\\\/5-de-diciembre-dia-internacional-del-voluntariado-7\\\/#primaryimage\"},\"thumbnailUrl\":\"https:\\\/\\\/www.itakaescolapios.org\\\/wp-content\\\/uploads\\\/2021\\\/12\\\/Dia-del-voluntariado-ESP.jpeg\",\"datePublished\":\"2021-12-05T08:00:32+00:00\",\"dateModified\":\"2023-11-28T11:35:55+00:00\",\"breadcrumb\":{\"@id\":\"https:\\\/\\\/www.itakaescolapios.org\\\/fr\\\/2021\\\/12\\\/5-de-diciembre-dia-internacional-del-voluntariado-7\\\/#breadcrumb\"},\"inLanguage\":\"fr-FR\",\"potentialAction\":[{\"@type\":\"ReadAction\",\"target\":[\"https:\\\/\\\/www.itakaescolapios.org\\\/fr\\\/2021\\\/12\\\/5-de-diciembre-dia-internacional-del-voluntariado-7\\\/\"]}]},{\"@type\":\"ImageObject\",\"inLanguage\":\"fr-FR\",\"@id\":\"https:\\\/\\\/www.itakaescolapios.org\\\/fr\\\/2021\\\/12\\\/5-de-diciembre-dia-internacional-del-voluntariado-7\\\/#primaryimage\",\"url\":\"https:\\\/\\\/www.itakaescolapios.org\\\/wp-content\\\/uploads\\\/2021\\\/12\\\/Dia-del-voluntariado-ESP.jpeg\",\"contentUrl\":\"https:\\\/\\\/www.itakaescolapios.org\\\/wp-content\\\/uploads\\\/2021\\\/12\\\/Dia-del-voluntariado-ESP.jpeg\",\"width\":1600,\"height\":592},{\"@type\":\"BreadcrumbList\",\"@id\":\"https:\\\/\\\/www.itakaescolapios.org\\\/fr\\\/2021\\\/12\\\/5-de-diciembre-dia-internacional-del-voluntariado-7\\\/#breadcrumb\",\"itemListElement\":[{\"@type\":\"ListItem\",\"position\":1,\"name\":\"Itaka-Escolapios\",\"item\":\"https:\\\/\\\/www.itakaescolapios.org\\\/es\\\/\"},{\"@type\":\"ListItem\",\"position\":2,\"name\":\"5 D\u00c9CEMBRE, JOURN\u00c9E INTERNATIONALE DES VOLONTAIRES.\"}]},{\"@type\":\"WebSite\",\"@id\":\"https:\\\/\\\/www.itakaescolapios.org\\\/fr\\\/es\\\/#website\",\"url\":\"https:\\\/\\\/www.itakaescolapios.org\\\/fr\\\/es\\\/\",\"name\":\"Itaka-Escolapios\",\"description\":\"Red de Itaka-Escolapios\",\"publisher\":{\"@id\":\"https:\\\/\\\/www.itakaescolapios.org\\\/fr\\\/es\\\/#organization\"},\"potentialAction\":[{\"@type\":\"SearchAction\",\"target\":{\"@type\":\"EntryPoint\",\"urlTemplate\":\"https:\\\/\\\/www.itakaescolapios.org\\\/fr\\\/es\\\/?s={search_term_string}\"},\"query-input\":{\"@type\":\"PropertyValueSpecification\",\"valueRequired\":true,\"valueName\":\"search_term_string\"}}],\"inLanguage\":\"fr-FR\"},{\"@type\":\"Organization\",\"@id\":\"https:\\\/\\\/www.itakaescolapios.org\\\/fr\\\/es\\\/#organization\",\"name\":\"Fundaci\u00f3 Itaka-Escolapios\",\"url\":\"https:\\\/\\\/www.itakaescolapios.org\\\/fr\\\/es\\\/\",\"logo\":{\"@type\":\"ImageObject\",\"inLanguage\":\"fr-FR\",\"@id\":\"https:\\\/\\\/www.itakaescolapios.org\\\/fr\\\/es\\\/#\\\/schema\\\/logo\\\/image\\\/\",\"url\":\"https:\\\/\\\/www.itakaescolapios.org\\\/wp-content\\\/uploads\\\/2024\\\/04\\\/Logo-itakaescolapios-peque.png\",\"contentUrl\":\"https:\\\/\\\/www.itakaescolapios.org\\\/wp-content\\\/uploads\\\/2024\\\/04\\\/Logo-itakaescolapios-peque.png\",\"width\":500,\"height\":199,\"caption\":\"Fundaci\u00f3 Itaka-Escolapios\"},\"image\":{\"@id\":\"https:\\\/\\\/www.itakaescolapios.org\\\/fr\\\/es\\\/#\\\/schema\\\/logo\\\/image\\\/\"}},{\"@type\":\"Person\",\"@id\":\"https:\\\/\\\/www.itakaescolapios.org\\\/es\\\/#\\\/schema\\\/person\\\/670123daeb1cc31cae1b106740036ccb\",\"name\":\"itaka\",\"url\":\"https:\\\/\\\/www.itakaescolapios.org\\\/fr\\\/author\\\/itaka\\\/\"}]}<\/script>\n<!-- \/ Yoast SEO plugin. -->","yoast_head_json":{"title":"5 D\u00c9CEMBRE, JOURN\u00c9E INTERNATIONALE DES VOLONTAIRES.","description":"Aujourd'hui, 5 d\u00e9cembre, nous c\u00e9l\u00e9brons la Journ\u00e9e internationale des volontaires. Une journ\u00e9e pour C\u00c9L\u00c9BRER et reconna\u00eetre toutes les personnes qui VIVENT comme une IDENTIT\u00c9 leur engagement \u00e0 TRANSFORMER vers un monde meilleur. Une journ\u00e9e pour REMERCIER toutes les personnes qui, par leur d\u00e9vouement volontaire, soutiennent nos projets et font grandir la mission. \u00a0 [gallery ids=\"35119,35118,35117,35116,35115\"]","robots":{"index":"index","follow":"follow","max-snippet":"max-snippet:-1","max-image-preview":"max-image-preview:large","max-video-preview":"max-video-preview:-1"},"canonical":"Aujourd'hui, 5 d\u00e9cembre, nous c\u00e9l\u00e9brons la Journ\u00e9e internationale des volontaires. Une journ\u00e9e pour C\u00c9L\u00c9BRER et reconna\u00eetre toutes les personnes qui VIVENT comme une IDENTIT\u00c9 leur engagement \u00e0 TRANSFORMER vers un monde meilleur. Une journ\u00e9e pour REMERCIER toutes les personnes qui, par leur d\u00e9vouement volontaire, soutiennent nos projets et font grandir la mission. \u00a0 [gallery ids=\"35119,35118,35117,35116,35115\"]","og_locale":"fr_FR","og_type":"article","og_title":"5 D\u00c9CEMBRE, JOURN\u00c9E INTERNATIONALE DES VOLONTAIRES.","og_description":"Aujourd'hui, 5 d\u00e9cembre, nous c\u00e9l\u00e9brons la Journ\u00e9e internationale des volontaires. Une journ\u00e9e pour C\u00c9L\u00c9BRER et reconna\u00eetre toutes les personnes qui VIVENT comme une IDENTIT\u00c9 leur engagement \u00e0 TRANSFORMER vers un monde meilleur. Une journ\u00e9e pour REMERCIER toutes les personnes qui, par leur d\u00e9vouement volontaire, soutiennent nos projets et font grandir la mission. \u00a0 [gallery ids=\"35119,35118,35117,35116,35115\"]","og_url":"https:\/\/www.itakaescolapios.org\/fr\/2021\/12\/5-de-diciembre-dia-internacional-del-voluntariado-7\/","og_site_name":"Itaka-Escolapios","article_published_time":"2021-12-05T08:00:32+00:00","article_modified_time":"2023-11-28T11:35:55+00:00","og_image":[{"width":1600,"height":592,"url":"https:\/\/www.itakaescolapios.org\/wp-content\/uploads\/2021\/12\/Dia-del-voluntariado-ESP.jpeg","type":"image\/jpeg"}],"author":"itaka","twitter_card":"summary_large_image","twitter_misc":{"\u00c9crit par":"itaka"},"schema":{"@context":"https:\/\/schema.org","@graph":[{"@type":"Article","@id":"https:\/\/www.itakaescolapios.org\/fr\/2021\/12\/5-de-diciembre-dia-internacional-del-voluntariado-7\/#article","isPartOf":{"@id":"https:\/\/www.itakaescolapios.org\/fr\/2021\/12\/5-de-diciembre-dia-internacional-del-voluntariado-7\/"},"author":{"name":"itaka","@id":"https:\/\/www.itakaescolapios.org\/es\/#\/schema\/person\/670123daeb1cc31cae1b106740036ccb"},"headline":"5 D\u00c9CEMBRE, JOURN\u00c9E INTERNATIONALE DES VOLONTAIRES.","datePublished":"2021-12-05T08:00:32+00:00","dateModified":"2023-11-28T11:35:55+00:00","mainEntityOfPage":{"@id":"https:\/\/www.itakaescolapios.org\/fr\/2021\/12\/5-de-diciembre-dia-internacional-del-voluntariado-7\/"},"wordCount":73,"publisher":{"@id":"https:\/\/www.itakaescolapios.org\/es\/#organization"},"image":{"@id":"https:\/\/www.itakaescolapios.org\/fr\/2021\/12\/5-de-diciembre-dia-internacional-del-voluntariado-7\/#primaryimage"},"thumbnailUrl":"https:\/\/www.itakaescolapios.org\/wp-content\/uploads\/2021\/12\/Dia-del-voluntariado-ESP.jpeg","articleSection":["Itaka Escolapios"],"inLanguage":"fr-FR"},{"@type":"WebPage","@id":"https:\/\/www.itakaescolapios.org\/fr\/2021\/12\/5-de-diciembre-dia-internacional-del-voluntariado-7\/","url":"https:\/\/www.itakaescolapios.org\/fr\/2021\/12\/5-de-diciembre-dia-internacional-del-voluntariado-7\/","name":"5 DE DICIEMBRE, D\u00cdA INTERNACIONAL DEL VOLUNTARIADO. - Itaka-Escolapios","isPartOf":{"@id":"https:\/\/www.itakaescolapios.org\/es\/#website"},"primaryImageOfPage":{"@id":"https:\/\/www.itakaescolapios.org\/fr\/2021\/12\/5-de-diciembre-dia-internacional-del-voluntariado-7\/#primaryimage"},"image":{"@id":"https:\/\/www.itakaescolapios.org\/fr\/2021\/12\/5-de-diciembre-dia-internacional-del-voluntariado-7\/#primaryimage"},"thumbnailUrl":"https:\/\/www.itakaescolapios.org\/wp-content\/uploads\/2021\/12\/Dia-del-voluntariado-ESP.jpeg","datePublished":"2021-12-05T08:00:32+00:00","dateModified":"2023-11-28T11:35:55+00:00","breadcrumb":{"@id":"https:\/\/www.itakaescolapios.org\/fr\/2021\/12\/5-de-diciembre-dia-internacional-del-voluntariado-7\/#breadcrumb"},"inLanguage":"fr-FR","potentialAction":[{"@type":"ReadAction","target":["https:\/\/www.itakaescolapios.org\/fr\/2021\/12\/5-de-diciembre-dia-internacional-del-voluntariado-7\/"]}]},{"@type":"ImageObject","inLanguage":"fr-FR","@id":"https:\/\/www.itakaescolapios.org\/fr\/2021\/12\/5-de-diciembre-dia-internacional-del-voluntariado-7\/#primaryimage","url":"https:\/\/www.itakaescolapios.org\/wp-content\/uploads\/2021\/12\/Dia-del-voluntariado-ESP.jpeg","contentUrl":"https:\/\/www.itakaescolapios.org\/wp-content\/uploads\/2021\/12\/Dia-del-voluntariado-ESP.jpeg","width":1600,"height":592},{"@type":"BreadcrumbList","@id":"https:\/\/www.itakaescolapios.org\/fr\/2021\/12\/5-de-diciembre-dia-internacional-del-voluntariado-7\/#breadcrumb","itemListElement":[{"@type":"ListItem","position":1,"name":"Itaka-Escolapios","item":"https:\/\/www.itakaescolapios.org\/es\/"},{"@type":"ListItem","position":2,"name":"5 D\u00c9CEMBRE, JOURN\u00c9E INTERNATIONALE DES VOLONTAIRES."}]},{"@type":"WebSite","@id":"https:\/\/www.itakaescolapios.org\/fr\/es\/#website","url":"https:\/\/www.itakaescolapios.org\/fr\/es\/","name":"Itaka-Escolapios","description":"Red de Itaka-Escolapios","publisher":{"@id":"https:\/\/www.itakaescolapios.org\/fr\/es\/#organization"},"potentialAction":[{"@type":"SearchAction","target":{"@type":"EntryPoint","urlTemplate":"https:\/\/www.itakaescolapios.org\/fr\/es\/?s={search_term_string}"},"query-input":{"@type":"PropertyValueSpecification","valueRequired":true,"valueName":"search_term_string"}}],"inLanguage":"fr-FR"},{"@type":"Organization","@id":"https:\/\/www.itakaescolapios.org\/fr\/es\/#organization","name":"Fundaci\u00f3 Itaka-Escolapios","url":"https:\/\/www.itakaescolapios.org\/fr\/es\/","logo":{"@type":"ImageObject","inLanguage":"fr-FR","@id":"https:\/\/www.itakaescolapios.org\/fr\/es\/#\/schema\/logo\/image\/","url":"https:\/\/www.itakaescolapios.org\/wp-content\/uploads\/2024\/04\/Logo-itakaescolapios-peque.png","contentUrl":"https:\/\/www.itakaescolapios.org\/wp-content\/uploads\/2024\/04\/Logo-itakaescolapios-peque.png","width":500,"height":199,"caption":"Fundaci\u00f3 Itaka-Escolapios"},"image":{"@id":"https:\/\/www.itakaescolapios.org\/fr\/es\/#\/schema\/logo\/image\/"}},{"@type":"Person","@id":"https:\/\/www.itakaescolapios.org\/es\/#\/schema\/person\/670123daeb1cc31cae1b106740036ccb","name":"itaka","url":"https:\/\/www.itakaescolapios.org\/fr\/author\/itaka\/"}]}},"_links":{"self":[{"href":"https:\/\/www.itakaescolapios.org\/fr\/wp-json\/wp\/v2\/posts\/35120","targetHints":{"allow":["GET"]}}],"collection":[{"href":"https:\/\/www.itakaescolapios.org\/fr\/wp-json\/wp\/v2\/posts"}],"about":[{"href":"https:\/\/www.itakaescolapios.org\/fr\/wp-json\/wp\/v2\/types\/post"}],"author":[{"embeddable":true,"href":"https:\/\/www.itakaescolapios.org\/fr\/wp-json\/wp\/v2\/users\/4"}],"replies":[{"embeddable":true,"href":"https:\/\/www.itakaescolapios.org\/fr\/wp-json\/wp\/v2\/comments?post=35120"}],"version-history":[{"count":3,"href":"https:\/\/www.itakaescolapios.org\/fr\/wp-json\/wp\/v2\/posts\/35120\/revisions"}],"predecessor-version":[{"id":44150,"href":"https:\/\/www.itakaescolapios.org\/fr\/wp-json\/wp\/v2\/posts\/35120\/revisions\/44150"}],"wp:featuredmedia":[{"embeddable":true,"href":"https:\/\/www.itakaescolapios.org\/fr\/wp-json\/wp\/v2\/media\/35119"}],"wp:attachment":[{"href":"https:\/\/www.itakaescolapios.org\/fr\/wp-json\/wp\/v2\/media?parent=35120"}],"wp:term":[{"taxonomy":"category","embeddable":true,"href":"https:\/\/www.itakaescolapios.org\/fr\/wp-json\/wp\/v2\/categories?post=35120"},{"taxonomy":"post_tag","embeddable":true,"href":"https:\/\/www.itakaescolapios.org\/fr\/wp-json\/wp\/v2\/tags?post=35120"}],"curies":[{"name":"wp","href":"https:\/\/api.w.org\/{rel}","templated":true}]}}