{"id":35449,"date":"2021-12-13T22:57:42","date_gmt":"2021-12-13T21:57:42","guid":{"rendered":"https:\/\/www.itakaescolapios.org\/?p=35449"},"modified":"2023-11-28T12:35:54","modified_gmt":"2023-11-28T11:35:54","slug":"celebracion-del-arbol-de-navidad-en-gabon-visita-al-colegio-saint-joseph-calasanz-en-libre-ville","status":"publish","type":"post","link":"https:\/\/www.itakaescolapios.org\/fr\/2021\/12\/celebracion-del-arbol-de-navidad-en-gabon-visita-al-colegio-saint-joseph-calasanz-en-libre-ville\/","title":{"rendered":"CELEBRATION DE L'ARBRE DE NOEL AU GABON: Visite au coll\u00e8ge  Saint Joseph Calasanz de Libre Ville"},"content":{"rendered":"<p>Au Gabon, la f\u00eate de no\u00ebl n\u2019a pas \u00e9t\u00e9 juste pour les enfants du primaire. Le coll\u00e8ge Saint \u00a0Joseph Calasanz de Libre ville a re\u00e7u la visite de l\u2019\u00e9quipe provinciale des p\u00e8res piaristes d\u2019Afrique centrale. Au programme, prise de contact avec les \u00e9l\u00e8ves et les enseignants, puis \u00e9changes. Nous nous sommes separes dans la paix et la joie, fier d\u2019avoir partag\u00e9s le moment ensemble.<\/p>\n<p>&nbsp;<\/p>\n<p>&nbsp;<\/p>\n<p><img decoding=\"async\" class=\"size-full wp-image-35425 aligncenter\" src=\"https:\/\/www.itakaescolapios.org\/wp-content\/uploads\/2021\/12\/IMG-20211213-WA0169.jpg\" alt=\"\" width=\"1040\" height=\"780\" srcset=\"https:\/\/www.itakaescolapios.org\/wp-content\/uploads\/2021\/12\/IMG-20211213-WA0169.jpg 1040w, https:\/\/www.itakaescolapios.org\/wp-content\/uploads\/2021\/12\/IMG-20211213-WA0169-300x225.jpg 300w, https:\/\/www.itakaescolapios.org\/wp-content\/uploads\/2021\/12\/IMG-20211213-WA0169-1024x768.jpg 1024w, https:\/\/www.itakaescolapios.org\/wp-content\/uploads\/2021\/12\/IMG-20211213-WA0169-768x576.jpg 768w, https:\/\/www.itakaescolapios.org\/wp-content\/uploads\/2021\/12\/IMG-20211213-WA0169-250x188.jpg 250w, https:\/\/www.itakaescolapios.org\/wp-content\/uploads\/2021\/12\/IMG-20211213-WA0169-510x382.jpg 510w\" sizes=\"(max-width: 1040px) 100vw, 1040px\" \/><\/p>\n<p>&nbsp;<\/p>\n<p><img decoding=\"async\" class=\"size-full wp-image-35431 aligncenter\" src=\"https:\/\/www.itakaescolapios.org\/wp-content\/uploads\/2021\/12\/IMG-20211213-WA0175.jpg\" alt=\"\" width=\"1040\" height=\"780\" srcset=\"https:\/\/www.itakaescolapios.org\/wp-content\/uploads\/2021\/12\/IMG-20211213-WA0175.jpg 1040w, https:\/\/www.itakaescolapios.org\/wp-content\/uploads\/2021\/12\/IMG-20211213-WA0175-300x225.jpg 300w, https:\/\/www.itakaescolapios.org\/wp-content\/uploads\/2021\/12\/IMG-20211213-WA0175-1024x768.jpg 1024w, https:\/\/www.itakaescolapios.org\/wp-content\/uploads\/2021\/12\/IMG-20211213-WA0175-768x576.jpg 768w, https:\/\/www.itakaescolapios.org\/wp-content\/uploads\/2021\/12\/IMG-20211213-WA0175-250x188.jpg 250w, https:\/\/www.itakaescolapios.org\/wp-content\/uploads\/2021\/12\/IMG-20211213-WA0175-510x382.jpg 510w\" sizes=\"(max-width: 1040px) 100vw, 1040px\" \/><\/p>\n","protected":false},"excerpt":{"rendered":"<p>Au Gabon, la f\u00eate de no\u00ebl n\u2019a pas \u00e9t\u00e9 juste pour les enfants du primaire. Le coll\u00e8ge Saint \u00a0Joseph Calasanz de Libre ville a re\u00e7u la visite de l\u2019\u00e9quipe provinciale [&hellip;]<\/p>\n","protected":false},"author":15,"featured_media":35443,"comment_status":"closed","ping_status":"closed","sticky":false,"template":"","format":"standard","meta":{"_et_pb_use_builder":"","_et_pb_old_content":"","_et_gb_content_width":"","footnotes":""},"categories":[53,285],"tags":[],"class_list":["post-35449","post","type-post","status-publish","format-standard","has-post-thumbnail","hentry","category-africa-central","category-gabon"],"yoast_head":"<!-- This site is optimized with the Yoast SEO plugin v27.4 - https:\/\/yoast.com\/product\/yoast-seo-wordpress\/ -->\n<title>CELEBRATION DE L&#039;ARBRE DE NOEL AU GABON: Visite au coll\u00e8ge  Saint Joseph Calasanz de Libre Ville<\/title>\n<meta name=\"description\" content=\"Au Gabon, la f\u00eate de no\u00ebl n\u2019a pas \u00e9t\u00e9 juste pour les enfants du primaire. Le coll\u00e8ge Saint \u00a0Joseph Calasanz de Libre ville a re\u00e7u la visite de l\u2019\u00e9quipe provinciale des p\u00e8res piaristes d\u2019Afrique centrale. Au programme, prise de contact avec les \u00e9l\u00e8ves et les enseignants, puis \u00e9changes. Nous nous sommes separes dans la paix\u2026\" \/>\n<meta name=\"robots\" content=\"index, follow, max-snippet:-1, max-image-preview:large, max-video-preview:-1\" \/>\n<link rel=\"canonical\" href=\"http:\/\/Au%20Gabon,%20la%20f\u00eate%20de%20no\u00ebl%20n\u2019a%20pas%20\u00e9t\u00e9%20juste%20pour%20les%20enfants%20du%20primaire.%20Le%20coll\u00e8ge%20Saint%20\u00a0Joseph%20Calasanz%20de%20Libre%20ville%20a%20re\u00e7u%20la%20visite%20de%20l\u2019\u00e9quipe%20provinciale%20des%20p\u00e8res%20piaristes%20d\u2019Afrique%20centrale.%20Au%20programme,%20prise%20de%20contact%20avec%20les%20\u00e9l\u00e8ves%20et%20les%20enseignants,%20puis%20\u00e9changes.%20Nous%20nous%20sommes%20separes%20dans%20la%20paix\u2026\" \/>\n<meta property=\"og:locale\" content=\"fr_FR\" \/>\n<meta property=\"og:type\" content=\"article\" \/>\n<meta property=\"og:title\" content=\"CELEBRATION DE L&#039;ARBRE DE NOEL AU GABON: Visite au coll\u00e8ge  Saint Joseph Calasanz de Libre Ville\" \/>\n<meta property=\"og:description\" content=\"Au Gabon, la f\u00eate de no\u00ebl n\u2019a pas \u00e9t\u00e9 juste pour les enfants du primaire. Le coll\u00e8ge Saint \u00a0Joseph Calasanz de Libre ville a re\u00e7u la visite de l\u2019\u00e9quipe provinciale des p\u00e8res piaristes d\u2019Afrique centrale. Au programme, prise de contact avec les \u00e9l\u00e8ves et les enseignants, puis \u00e9changes. Nous nous sommes separes dans la paix\u2026\" \/>\n<meta property=\"og:url\" content=\"https:\/\/www.itakaescolapios.org\/fr\/2021\/12\/celebracion-del-arbol-de-navidad-en-gabon-visita-al-colegio-saint-joseph-calasanz-en-libre-ville\/\" \/>\n<meta property=\"og:site_name\" content=\"Itaka-Escolapios\" \/>\n<meta property=\"article:published_time\" content=\"2021-12-13T21:57:42+00:00\" \/>\n<meta property=\"article:modified_time\" content=\"2023-11-28T11:35:54+00:00\" \/>\n<meta property=\"og:image\" content=\"https:\/\/www.itakaescolapios.org\/wp-content\/uploads\/2021\/12\/IMG-20211213-WA0187.jpg\" \/>\n\t<meta property=\"og:image:width\" content=\"1040\" \/>\n\t<meta property=\"og:image:height\" content=\"780\" \/>\n\t<meta property=\"og:image:type\" content=\"image\/jpeg\" \/>\n<meta name=\"author\" content=\"cameroun01\" \/>\n<meta name=\"twitter:card\" content=\"summary_large_image\" \/>\n<meta name=\"twitter:label1\" content=\"\u00c9crit par\" \/>\n\t<meta name=\"twitter:data1\" content=\"cameroun01\" \/>\n<script type=\"application\/ld+json\" class=\"yoast-schema-graph\">{\"@context\":\"https:\\\/\\\/schema.org\",\"@graph\":[{\"@type\":\"Article\",\"@id\":\"https:\\\/\\\/www.itakaescolapios.org\\\/fr\\\/2021\\\/12\\\/celebracion-del-arbol-de-navidad-en-gabon-visita-al-colegio-saint-joseph-calasanz-en-libre-ville\\\/#article\",\"isPartOf\":{\"@id\":\"https:\\\/\\\/www.itakaescolapios.org\\\/fr\\\/2021\\\/12\\\/celebracion-del-arbol-de-navidad-en-gabon-visita-al-colegio-saint-joseph-calasanz-en-libre-ville\\\/\"},\"author\":{\"name\":\"cameroun01\",\"@id\":\"https:\\\/\\\/www.itakaescolapios.org\\\/es\\\/#\\\/schema\\\/person\\\/d2844383e29bfdfef69039672ce14eb1\"},\"headline\":\"CELEBRATION DE L'ARBRE DE NOEL AU GABON: Visite au coll\u00e8ge Saint Joseph Calasanz de Libre Ville\",\"datePublished\":\"2021-12-13T21:57:42+00:00\",\"dateModified\":\"2023-11-28T11:35:54+00:00\",\"mainEntityOfPage\":{\"@id\":\"https:\\\/\\\/www.itakaescolapios.org\\\/fr\\\/2021\\\/12\\\/celebracion-del-arbol-de-navidad-en-gabon-visita-al-colegio-saint-joseph-calasanz-en-libre-ville\\\/\"},\"wordCount\":81,\"publisher\":{\"@id\":\"https:\\\/\\\/www.itakaescolapios.org\\\/es\\\/#organization\"},\"image\":{\"@id\":\"https:\\\/\\\/www.itakaescolapios.org\\\/fr\\\/2021\\\/12\\\/celebracion-del-arbol-de-navidad-en-gabon-visita-al-colegio-saint-joseph-calasanz-en-libre-ville\\\/#primaryimage\"},\"thumbnailUrl\":\"https:\\\/\\\/www.itakaescolapios.org\\\/wp-content\\\/uploads\\\/2021\\\/12\\\/IMG-20211213-WA0187.jpg\",\"articleSection\":[\"Afrique centrale\",\"Gab\u00f3n\"],\"inLanguage\":\"fr-FR\"},{\"@type\":\"WebPage\",\"@id\":\"https:\\\/\\\/www.itakaescolapios.org\\\/fr\\\/2021\\\/12\\\/celebracion-del-arbol-de-navidad-en-gabon-visita-al-colegio-saint-joseph-calasanz-en-libre-ville\\\/\",\"url\":\"https:\\\/\\\/www.itakaescolapios.org\\\/fr\\\/2021\\\/12\\\/celebracion-del-arbol-de-navidad-en-gabon-visita-al-colegio-saint-joseph-calasanz-en-libre-ville\\\/\",\"name\":\"CELEBRACI\u00d3N DEL \u00c1RBOL DE NAVIDAD EN GAB\u00d3N: Visita al Colegio Saint Joseph Calasanz en Libre Ville - Itaka-Escolapios\",\"isPartOf\":{\"@id\":\"https:\\\/\\\/www.itakaescolapios.org\\\/es\\\/#website\"},\"primaryImageOfPage\":{\"@id\":\"https:\\\/\\\/www.itakaescolapios.org\\\/fr\\\/2021\\\/12\\\/celebracion-del-arbol-de-navidad-en-gabon-visita-al-colegio-saint-joseph-calasanz-en-libre-ville\\\/#primaryimage\"},\"image\":{\"@id\":\"https:\\\/\\\/www.itakaescolapios.org\\\/fr\\\/2021\\\/12\\\/celebracion-del-arbol-de-navidad-en-gabon-visita-al-colegio-saint-joseph-calasanz-en-libre-ville\\\/#primaryimage\"},\"thumbnailUrl\":\"https:\\\/\\\/www.itakaescolapios.org\\\/wp-content\\\/uploads\\\/2021\\\/12\\\/IMG-20211213-WA0187.jpg\",\"datePublished\":\"2021-12-13T21:57:42+00:00\",\"dateModified\":\"2023-11-28T11:35:54+00:00\",\"breadcrumb\":{\"@id\":\"https:\\\/\\\/www.itakaescolapios.org\\\/fr\\\/2021\\\/12\\\/celebracion-del-arbol-de-navidad-en-gabon-visita-al-colegio-saint-joseph-calasanz-en-libre-ville\\\/#breadcrumb\"},\"inLanguage\":\"fr-FR\",\"potentialAction\":[{\"@type\":\"ReadAction\",\"target\":[\"https:\\\/\\\/www.itakaescolapios.org\\\/fr\\\/2021\\\/12\\\/celebracion-del-arbol-de-navidad-en-gabon-visita-al-colegio-saint-joseph-calasanz-en-libre-ville\\\/\"]}]},{\"@type\":\"ImageObject\",\"inLanguage\":\"fr-FR\",\"@id\":\"https:\\\/\\\/www.itakaescolapios.org\\\/fr\\\/2021\\\/12\\\/celebracion-del-arbol-de-navidad-en-gabon-visita-al-colegio-saint-joseph-calasanz-en-libre-ville\\\/#primaryimage\",\"url\":\"https:\\\/\\\/www.itakaescolapios.org\\\/wp-content\\\/uploads\\\/2021\\\/12\\\/IMG-20211213-WA0187.jpg\",\"contentUrl\":\"https:\\\/\\\/www.itakaescolapios.org\\\/wp-content\\\/uploads\\\/2021\\\/12\\\/IMG-20211213-WA0187.jpg\",\"width\":1040,\"height\":780},{\"@type\":\"BreadcrumbList\",\"@id\":\"https:\\\/\\\/www.itakaescolapios.org\\\/fr\\\/2021\\\/12\\\/celebracion-del-arbol-de-navidad-en-gabon-visita-al-colegio-saint-joseph-calasanz-en-libre-ville\\\/#breadcrumb\",\"itemListElement\":[{\"@type\":\"ListItem\",\"position\":1,\"name\":\"Itaka-Escolapios\",\"item\":\"https:\\\/\\\/www.itakaescolapios.org\\\/es\\\/\"},{\"@type\":\"ListItem\",\"position\":2,\"name\":\"CELEBRATION DE L'ARBRE DE NOEL AU GABON: Visite au coll\u00e8ge Saint Joseph Calasanz de Libre Ville\"}]},{\"@type\":\"WebSite\",\"@id\":\"https:\\\/\\\/www.itakaescolapios.org\\\/fr\\\/es\\\/#website\",\"url\":\"https:\\\/\\\/www.itakaescolapios.org\\\/fr\\\/es\\\/\",\"name\":\"Itaka-Escolapios\",\"description\":\"Red de Itaka-Escolapios\",\"publisher\":{\"@id\":\"https:\\\/\\\/www.itakaescolapios.org\\\/fr\\\/es\\\/#organization\"},\"potentialAction\":[{\"@type\":\"SearchAction\",\"target\":{\"@type\":\"EntryPoint\",\"urlTemplate\":\"https:\\\/\\\/www.itakaescolapios.org\\\/fr\\\/es\\\/?s={search_term_string}\"},\"query-input\":{\"@type\":\"PropertyValueSpecification\",\"valueRequired\":true,\"valueName\":\"search_term_string\"}}],\"inLanguage\":\"fr-FR\"},{\"@type\":\"Organization\",\"@id\":\"https:\\\/\\\/www.itakaescolapios.org\\\/fr\\\/es\\\/#organization\",\"name\":\"Fundaci\u00f3 Itaka-Escolapios\",\"url\":\"https:\\\/\\\/www.itakaescolapios.org\\\/fr\\\/es\\\/\",\"logo\":{\"@type\":\"ImageObject\",\"inLanguage\":\"fr-FR\",\"@id\":\"https:\\\/\\\/www.itakaescolapios.org\\\/fr\\\/es\\\/#\\\/schema\\\/logo\\\/image\\\/\",\"url\":\"https:\\\/\\\/www.itakaescolapios.org\\\/wp-content\\\/uploads\\\/2024\\\/04\\\/Logo-itakaescolapios-peque.png\",\"contentUrl\":\"https:\\\/\\\/www.itakaescolapios.org\\\/wp-content\\\/uploads\\\/2024\\\/04\\\/Logo-itakaescolapios-peque.png\",\"width\":500,\"height\":199,\"caption\":\"Fundaci\u00f3 Itaka-Escolapios\"},\"image\":{\"@id\":\"https:\\\/\\\/www.itakaescolapios.org\\\/fr\\\/es\\\/#\\\/schema\\\/logo\\\/image\\\/\"}},{\"@type\":\"Person\",\"@id\":\"https:\\\/\\\/www.itakaescolapios.org\\\/es\\\/#\\\/schema\\\/person\\\/d2844383e29bfdfef69039672ce14eb1\",\"name\":\"cameroun01\",\"url\":\"https:\\\/\\\/www.itakaescolapios.org\\\/fr\\\/author\\\/cameroun01\\\/\"}]}<\/script>\n<!-- \/ Yoast SEO plugin. -->","yoast_head_json":{"title":"CELEBRATION DE L'ARBRE DE NOEL AU GABON: Visite au coll\u00e8ge  Saint Joseph Calasanz de Libre Ville","description":"Au Gabon, la f\u00eate de no\u00ebl n\u2019a pas \u00e9t\u00e9 juste pour les enfants du primaire. Le coll\u00e8ge Saint \u00a0Joseph Calasanz de Libre ville a re\u00e7u la visite de l\u2019\u00e9quipe provinciale des p\u00e8res piaristes d\u2019Afrique centrale. Au programme, prise de contact avec les \u00e9l\u00e8ves et les enseignants, puis \u00e9changes. Nous nous sommes separes dans la paix\u2026","robots":{"index":"index","follow":"follow","max-snippet":"max-snippet:-1","max-image-preview":"max-image-preview:large","max-video-preview":"max-video-preview:-1"},"canonical":"Au Gabon, la f\u00eate de no\u00ebl n\u2019a pas \u00e9t\u00e9 juste pour les enfants du primaire. Le coll\u00e8ge Saint \u00a0Joseph Calasanz de Libre ville a re\u00e7u la visite de l\u2019\u00e9quipe provinciale des p\u00e8res piaristes d\u2019Afrique centrale. Au programme, prise de contact avec les \u00e9l\u00e8ves et les enseignants, puis \u00e9changes. Nous nous sommes separes dans la paix\u2026","og_locale":"fr_FR","og_type":"article","og_title":"CELEBRATION DE L'ARBRE DE NOEL AU GABON: Visite au coll\u00e8ge  Saint Joseph Calasanz de Libre Ville","og_description":"Au Gabon, la f\u00eate de no\u00ebl n\u2019a pas \u00e9t\u00e9 juste pour les enfants du primaire. Le coll\u00e8ge Saint \u00a0Joseph Calasanz de Libre ville a re\u00e7u la visite de l\u2019\u00e9quipe provinciale des p\u00e8res piaristes d\u2019Afrique centrale. Au programme, prise de contact avec les \u00e9l\u00e8ves et les enseignants, puis \u00e9changes. Nous nous sommes separes dans la paix\u2026","og_url":"https:\/\/www.itakaescolapios.org\/fr\/2021\/12\/celebracion-del-arbol-de-navidad-en-gabon-visita-al-colegio-saint-joseph-calasanz-en-libre-ville\/","og_site_name":"Itaka-Escolapios","article_published_time":"2021-12-13T21:57:42+00:00","article_modified_time":"2023-11-28T11:35:54+00:00","og_image":[{"width":1040,"height":780,"url":"https:\/\/www.itakaescolapios.org\/wp-content\/uploads\/2021\/12\/IMG-20211213-WA0187.jpg","type":"image\/jpeg"}],"author":"cameroun01","twitter_card":"summary_large_image","twitter_misc":{"\u00c9crit par":"cameroun01"},"schema":{"@context":"https:\/\/schema.org","@graph":[{"@type":"Article","@id":"https:\/\/www.itakaescolapios.org\/fr\/2021\/12\/celebracion-del-arbol-de-navidad-en-gabon-visita-al-colegio-saint-joseph-calasanz-en-libre-ville\/#article","isPartOf":{"@id":"https:\/\/www.itakaescolapios.org\/fr\/2021\/12\/celebracion-del-arbol-de-navidad-en-gabon-visita-al-colegio-saint-joseph-calasanz-en-libre-ville\/"},"author":{"name":"cameroun01","@id":"https:\/\/www.itakaescolapios.org\/es\/#\/schema\/person\/d2844383e29bfdfef69039672ce14eb1"},"headline":"CELEBRATION DE L'ARBRE DE NOEL AU GABON: Visite au coll\u00e8ge Saint Joseph Calasanz de Libre Ville","datePublished":"2021-12-13T21:57:42+00:00","dateModified":"2023-11-28T11:35:54+00:00","mainEntityOfPage":{"@id":"https:\/\/www.itakaescolapios.org\/fr\/2021\/12\/celebracion-del-arbol-de-navidad-en-gabon-visita-al-colegio-saint-joseph-calasanz-en-libre-ville\/"},"wordCount":81,"publisher":{"@id":"https:\/\/www.itakaescolapios.org\/es\/#organization"},"image":{"@id":"https:\/\/www.itakaescolapios.org\/fr\/2021\/12\/celebracion-del-arbol-de-navidad-en-gabon-visita-al-colegio-saint-joseph-calasanz-en-libre-ville\/#primaryimage"},"thumbnailUrl":"https:\/\/www.itakaescolapios.org\/wp-content\/uploads\/2021\/12\/IMG-20211213-WA0187.jpg","articleSection":["Afrique centrale","Gab\u00f3n"],"inLanguage":"fr-FR"},{"@type":"WebPage","@id":"https:\/\/www.itakaescolapios.org\/fr\/2021\/12\/celebracion-del-arbol-de-navidad-en-gabon-visita-al-colegio-saint-joseph-calasanz-en-libre-ville\/","url":"https:\/\/www.itakaescolapios.org\/fr\/2021\/12\/celebracion-del-arbol-de-navidad-en-gabon-visita-al-colegio-saint-joseph-calasanz-en-libre-ville\/","name":"CELEBRACI\u00d3N DEL \u00c1RBOL DE NAVIDAD EN GAB\u00d3N: Visita al Colegio Saint Joseph Calasanz en Libre Ville - Itaka-Escolapios","isPartOf":{"@id":"https:\/\/www.itakaescolapios.org\/es\/#website"},"primaryImageOfPage":{"@id":"https:\/\/www.itakaescolapios.org\/fr\/2021\/12\/celebracion-del-arbol-de-navidad-en-gabon-visita-al-colegio-saint-joseph-calasanz-en-libre-ville\/#primaryimage"},"image":{"@id":"https:\/\/www.itakaescolapios.org\/fr\/2021\/12\/celebracion-del-arbol-de-navidad-en-gabon-visita-al-colegio-saint-joseph-calasanz-en-libre-ville\/#primaryimage"},"thumbnailUrl":"https:\/\/www.itakaescolapios.org\/wp-content\/uploads\/2021\/12\/IMG-20211213-WA0187.jpg","datePublished":"2021-12-13T21:57:42+00:00","dateModified":"2023-11-28T11:35:54+00:00","breadcrumb":{"@id":"https:\/\/www.itakaescolapios.org\/fr\/2021\/12\/celebracion-del-arbol-de-navidad-en-gabon-visita-al-colegio-saint-joseph-calasanz-en-libre-ville\/#breadcrumb"},"inLanguage":"fr-FR","potentialAction":[{"@type":"ReadAction","target":["https:\/\/www.itakaescolapios.org\/fr\/2021\/12\/celebracion-del-arbol-de-navidad-en-gabon-visita-al-colegio-saint-joseph-calasanz-en-libre-ville\/"]}]},{"@type":"ImageObject","inLanguage":"fr-FR","@id":"https:\/\/www.itakaescolapios.org\/fr\/2021\/12\/celebracion-del-arbol-de-navidad-en-gabon-visita-al-colegio-saint-joseph-calasanz-en-libre-ville\/#primaryimage","url":"https:\/\/www.itakaescolapios.org\/wp-content\/uploads\/2021\/12\/IMG-20211213-WA0187.jpg","contentUrl":"https:\/\/www.itakaescolapios.org\/wp-content\/uploads\/2021\/12\/IMG-20211213-WA0187.jpg","width":1040,"height":780},{"@type":"BreadcrumbList","@id":"https:\/\/www.itakaescolapios.org\/fr\/2021\/12\/celebracion-del-arbol-de-navidad-en-gabon-visita-al-colegio-saint-joseph-calasanz-en-libre-ville\/#breadcrumb","itemListElement":[{"@type":"ListItem","position":1,"name":"Itaka-Escolapios","item":"https:\/\/www.itakaescolapios.org\/es\/"},{"@type":"ListItem","position":2,"name":"CELEBRATION DE L'ARBRE DE NOEL AU GABON: Visite au coll\u00e8ge Saint Joseph Calasanz de Libre Ville"}]},{"@type":"WebSite","@id":"https:\/\/www.itakaescolapios.org\/fr\/es\/#website","url":"https:\/\/www.itakaescolapios.org\/fr\/es\/","name":"Itaka-Escolapios","description":"Red de Itaka-Escolapios","publisher":{"@id":"https:\/\/www.itakaescolapios.org\/fr\/es\/#organization"},"potentialAction":[{"@type":"SearchAction","target":{"@type":"EntryPoint","urlTemplate":"https:\/\/www.itakaescolapios.org\/fr\/es\/?s={search_term_string}"},"query-input":{"@type":"PropertyValueSpecification","valueRequired":true,"valueName":"search_term_string"}}],"inLanguage":"fr-FR"},{"@type":"Organization","@id":"https:\/\/www.itakaescolapios.org\/fr\/es\/#organization","name":"Fundaci\u00f3 Itaka-Escolapios","url":"https:\/\/www.itakaescolapios.org\/fr\/es\/","logo":{"@type":"ImageObject","inLanguage":"fr-FR","@id":"https:\/\/www.itakaescolapios.org\/fr\/es\/#\/schema\/logo\/image\/","url":"https:\/\/www.itakaescolapios.org\/wp-content\/uploads\/2024\/04\/Logo-itakaescolapios-peque.png","contentUrl":"https:\/\/www.itakaescolapios.org\/wp-content\/uploads\/2024\/04\/Logo-itakaescolapios-peque.png","width":500,"height":199,"caption":"Fundaci\u00f3 Itaka-Escolapios"},"image":{"@id":"https:\/\/www.itakaescolapios.org\/fr\/es\/#\/schema\/logo\/image\/"}},{"@type":"Person","@id":"https:\/\/www.itakaescolapios.org\/es\/#\/schema\/person\/d2844383e29bfdfef69039672ce14eb1","name":"cameroun01","url":"https:\/\/www.itakaescolapios.org\/fr\/author\/cameroun01\/"}]}},"_links":{"self":[{"href":"https:\/\/www.itakaescolapios.org\/fr\/wp-json\/wp\/v2\/posts\/35449","targetHints":{"allow":["GET"]}}],"collection":[{"href":"https:\/\/www.itakaescolapios.org\/fr\/wp-json\/wp\/v2\/posts"}],"about":[{"href":"https:\/\/www.itakaescolapios.org\/fr\/wp-json\/wp\/v2\/types\/post"}],"author":[{"embeddable":true,"href":"https:\/\/www.itakaescolapios.org\/fr\/wp-json\/wp\/v2\/users\/15"}],"replies":[{"embeddable":true,"href":"https:\/\/www.itakaescolapios.org\/fr\/wp-json\/wp\/v2\/comments?post=35449"}],"version-history":[{"count":10,"href":"https:\/\/www.itakaescolapios.org\/fr\/wp-json\/wp\/v2\/posts\/35449\/revisions"}],"predecessor-version":[{"id":44136,"href":"https:\/\/www.itakaescolapios.org\/fr\/wp-json\/wp\/v2\/posts\/35449\/revisions\/44136"}],"wp:featuredmedia":[{"embeddable":true,"href":"https:\/\/www.itakaescolapios.org\/fr\/wp-json\/wp\/v2\/media\/35443"}],"wp:attachment":[{"href":"https:\/\/www.itakaescolapios.org\/fr\/wp-json\/wp\/v2\/media?parent=35449"}],"wp:term":[{"taxonomy":"category","embeddable":true,"href":"https:\/\/www.itakaescolapios.org\/fr\/wp-json\/wp\/v2\/categories?post=35449"},{"taxonomy":"post_tag","embeddable":true,"href":"https:\/\/www.itakaescolapios.org\/fr\/wp-json\/wp\/v2\/tags?post=35449"}],"curies":[{"name":"wp","href":"https:\/\/api.w.org\/{rel}","templated":true}]}}