{"id":35977,"date":"2022-02-08T12:47:13","date_gmt":"2022-02-08T11:47:13","guid":{"rendered":"https:\/\/www.itakaescolapios.org\/?p=35977"},"modified":"2023-11-28T12:35:52","modified_gmt":"2023-11-28T11:35:52","slug":"nuevo-equipo-de-sensibilizacion-de-la-red-itaka-escolapios","status":"publish","type":"post","link":"https:\/\/www.itakaescolapios.org\/fr\/2022\/02\/nuevo-equipo-de-sensibilizacion-de-la-red-itaka-escolapios\/","title":{"rendered":"NUEVO EQUIPO DE SENSIBILIZACI\u00d3N DE LA RED ITAKA ESCOLAPIOS"},"content":{"rendered":"<p>El viernes 4 de febrero se celebr\u00f3 la primera reuni\u00f3n del nuevo equipo de sensibilizaci\u00f3n de la red. Este nuevo equipo est\u00e1 formado por\u00a0Natxo Torrijos (Ema\u00fas), Serge Akoumou (AFC), Juan Gonz\u00e1lez (M\u00e9xico), Florennys Torres (Venezuela),\u00a0Constanza de las Marinas (Betania),\u00a0Nelyimar P\u00e9rez (Venezuela) y Ordan Pinoy (Asia- Pac\u00edfico). Aunque estos dos \u00faltimos no pudieron asistir al encuentro.<\/p>\n<p>El encuentro supuso una primera toma de contacto de las personas que forman el equipo y, junto a las presentaciones, se pudieron compartir las tareas que cada una de las demarcaciones presentes lleva adelante en el \u00e1mbito de la sensibilizaci\u00f3n. Adem\u00e1s se pudo iniciar una interesante\u00a0reflexi\u00f3n sobre c\u00f3mo avanzar en clave de red.<\/p>\n<p>El equipo se reunir\u00e1 mensualmente para seguir avanzando y acompa\u00f1ando la tarea educativa en nuestras presencias.<\/p>\n","protected":false},"excerpt":{"rendered":"<p>El viernes 4 de febrero se celebr\u00f3 la primera reuni\u00f3n del nuevo equipo de sensibilizaci\u00f3n de la red. Este nuevo equipo est\u00e1 formado por\u00a0Natxo Torrijos (Ema\u00fas), Serge Akoumou (AFC), Juan [&hellip;]<\/p>\n","protected":false},"author":4,"featured_media":35978,"comment_status":"closed","ping_status":"closed","sticky":false,"template":"","format":"standard","meta":{"_et_pb_use_builder":"","_et_pb_old_content":"","_et_gb_content_width":"","footnotes":""},"categories":[30],"tags":[],"class_list":["post-35977","post","type-post","status-publish","format-standard","has-post-thumbnail","hentry","category-itaka-escolapios"],"yoast_head":"<!-- This site is optimized with the Yoast SEO plugin v27.4 - https:\/\/yoast.com\/product\/yoast-seo-wordpress\/ -->\n<title>NUEVO EQUIPO DE SENSIBILIZACI\u00d3N DE LA RED ITAKA ESCOLAPIOS<\/title>\n<meta name=\"description\" content=\"El viernes 4 de febrero se celebr\u00f3 la primera reuni\u00f3n del nuevo equipo de sensibilizaci\u00f3n de la red. Este nuevo equipo est\u00e1 formado por\u00a0Natxo Torrijos (Ema\u00fas), Serge Akoumou (AFC), Juan Gonz\u00e1lez (M\u00e9xico), Florennys Torres (Venezuela),\u00a0Constanza de las Marinas (Betania),\u00a0Nelyimar P\u00e9rez (Venezuela) y Ordan Pinoy (Asia- Pac\u00edfico). Aunque estos dos \u00faltimos no pudieron asistir al encuentro.\u2026\" \/>\n<meta name=\"robots\" content=\"index, follow, max-snippet:-1, max-image-preview:large, max-video-preview:-1\" \/>\n<link rel=\"canonical\" href=\"http:\/\/El%20viernes%204%20de%20febrero%20se%20celebr\u00f3%20la%20primera%20reuni\u00f3n%20del%20nuevo%20equipo%20de%20sensibilizaci\u00f3n%20de%20la%20red.%20Este%20nuevo%20equipo%20est\u00e1%20formado%20por\u00a0Natxo%20Torrijos%20(Ema\u00fas),%20Serge%20Akoumou%20(AFC),%20Juan%20Gonz\u00e1lez%20(M\u00e9xico),%20Florennys%20Torres%20(Venezuela),\u00a0Constanza%20de%20las%20Marinas%20(Betania),\u00a0Nelyimar%20P\u00e9rez%20(Venezuela)%20y%20Ordan%20Pinoy%20(Asia-%20Pac\u00edfico).%20Aunque%20estos%20dos%20\u00faltimos%20no%20pudieron%20asistir%20al%20encuentro.\u2026\" \/>\n<meta property=\"og:locale\" content=\"fr_FR\" \/>\n<meta property=\"og:type\" content=\"article\" \/>\n<meta property=\"og:title\" content=\"NUEVO EQUIPO DE SENSIBILIZACI\u00d3N DE LA RED ITAKA ESCOLAPIOS\" \/>\n<meta property=\"og:description\" content=\"El viernes 4 de febrero se celebr\u00f3 la primera reuni\u00f3n del nuevo equipo de sensibilizaci\u00f3n de la red. Este nuevo equipo est\u00e1 formado por\u00a0Natxo Torrijos (Ema\u00fas), Serge Akoumou (AFC), Juan Gonz\u00e1lez (M\u00e9xico), Florennys Torres (Venezuela),\u00a0Constanza de las Marinas (Betania),\u00a0Nelyimar P\u00e9rez (Venezuela) y Ordan Pinoy (Asia- Pac\u00edfico). Aunque estos dos \u00faltimos no pudieron asistir al encuentro.\u2026\" \/>\n<meta property=\"og:url\" content=\"https:\/\/www.itakaescolapios.org\/fr\/2022\/02\/nuevo-equipo-de-sensibilizacion-de-la-red-itaka-escolapios\/\" \/>\n<meta property=\"og:site_name\" content=\"Itaka-Escolapios\" \/>\n<meta property=\"article:published_time\" content=\"2022-02-08T11:47:13+00:00\" \/>\n<meta property=\"article:modified_time\" content=\"2023-11-28T11:35:52+00:00\" \/>\n<meta property=\"og:image\" content=\"https:\/\/www.itakaescolapios.org\/wp-content\/uploads\/2022\/02\/MicrosoftTeams-image-10.png\" \/>\n\t<meta property=\"og:image:width\" content=\"2000\" \/>\n\t<meta property=\"og:image:height\" content=\"1250\" \/>\n\t<meta property=\"og:image:type\" content=\"image\/png\" \/>\n<meta name=\"author\" content=\"itaka\" \/>\n<meta name=\"twitter:card\" content=\"summary_large_image\" \/>\n<meta name=\"twitter:label1\" content=\"\u00c9crit par\" \/>\n\t<meta name=\"twitter:data1\" content=\"itaka\" \/>\n\t<meta name=\"twitter:label2\" content=\"Dur\u00e9e de lecture estim\u00e9e\" \/>\n\t<meta name=\"twitter:data2\" content=\"1 minute\" \/>\n<script type=\"application\/ld+json\" class=\"yoast-schema-graph\">{\"@context\":\"https:\\\/\\\/schema.org\",\"@graph\":[{\"@type\":\"Article\",\"@id\":\"https:\\\/\\\/www.itakaescolapios.org\\\/fr\\\/2022\\\/02\\\/nuevo-equipo-de-sensibilizacion-de-la-red-itaka-escolapios\\\/#article\",\"isPartOf\":{\"@id\":\"https:\\\/\\\/www.itakaescolapios.org\\\/fr\\\/2022\\\/02\\\/nuevo-equipo-de-sensibilizacion-de-la-red-itaka-escolapios\\\/\"},\"author\":{\"name\":\"itaka\",\"@id\":\"https:\\\/\\\/www.itakaescolapios.org\\\/es\\\/#\\\/schema\\\/person\\\/670123daeb1cc31cae1b106740036ccb\"},\"headline\":\"NUEVO EQUIPO DE SENSIBILIZACI\u00d3N DE LA RED ITAKA ESCOLAPIOS\",\"datePublished\":\"2022-02-08T11:47:13+00:00\",\"dateModified\":\"2023-11-28T11:35:52+00:00\",\"mainEntityOfPage\":{\"@id\":\"https:\\\/\\\/www.itakaescolapios.org\\\/fr\\\/2022\\\/02\\\/nuevo-equipo-de-sensibilizacion-de-la-red-itaka-escolapios\\\/\"},\"wordCount\":149,\"publisher\":{\"@id\":\"https:\\\/\\\/www.itakaescolapios.org\\\/es\\\/#organization\"},\"image\":{\"@id\":\"https:\\\/\\\/www.itakaescolapios.org\\\/fr\\\/2022\\\/02\\\/nuevo-equipo-de-sensibilizacion-de-la-red-itaka-escolapios\\\/#primaryimage\"},\"thumbnailUrl\":\"https:\\\/\\\/www.itakaescolapios.org\\\/wp-content\\\/uploads\\\/2022\\\/02\\\/MicrosoftTeams-image-10.png\",\"articleSection\":[\"Itaka Escolapios\"],\"inLanguage\":\"fr-FR\"},{\"@type\":\"WebPage\",\"@id\":\"https:\\\/\\\/www.itakaescolapios.org\\\/fr\\\/2022\\\/02\\\/nuevo-equipo-de-sensibilizacion-de-la-red-itaka-escolapios\\\/\",\"url\":\"https:\\\/\\\/www.itakaescolapios.org\\\/fr\\\/2022\\\/02\\\/nuevo-equipo-de-sensibilizacion-de-la-red-itaka-escolapios\\\/\",\"name\":\"NUEVO EQUIPO DE SENSIBILIZACI\u00d3N DE LA RED ITAKA ESCOLAPIOS - Itaka-Escolapios\",\"isPartOf\":{\"@id\":\"https:\\\/\\\/www.itakaescolapios.org\\\/es\\\/#website\"},\"primaryImageOfPage\":{\"@id\":\"https:\\\/\\\/www.itakaescolapios.org\\\/fr\\\/2022\\\/02\\\/nuevo-equipo-de-sensibilizacion-de-la-red-itaka-escolapios\\\/#primaryimage\"},\"image\":{\"@id\":\"https:\\\/\\\/www.itakaescolapios.org\\\/fr\\\/2022\\\/02\\\/nuevo-equipo-de-sensibilizacion-de-la-red-itaka-escolapios\\\/#primaryimage\"},\"thumbnailUrl\":\"https:\\\/\\\/www.itakaescolapios.org\\\/wp-content\\\/uploads\\\/2022\\\/02\\\/MicrosoftTeams-image-10.png\",\"datePublished\":\"2022-02-08T11:47:13+00:00\",\"dateModified\":\"2023-11-28T11:35:52+00:00\",\"breadcrumb\":{\"@id\":\"https:\\\/\\\/www.itakaescolapios.org\\\/fr\\\/2022\\\/02\\\/nuevo-equipo-de-sensibilizacion-de-la-red-itaka-escolapios\\\/#breadcrumb\"},\"inLanguage\":\"fr-FR\",\"potentialAction\":[{\"@type\":\"ReadAction\",\"target\":[\"https:\\\/\\\/www.itakaescolapios.org\\\/fr\\\/2022\\\/02\\\/nuevo-equipo-de-sensibilizacion-de-la-red-itaka-escolapios\\\/\"]}]},{\"@type\":\"ImageObject\",\"inLanguage\":\"fr-FR\",\"@id\":\"https:\\\/\\\/www.itakaescolapios.org\\\/fr\\\/2022\\\/02\\\/nuevo-equipo-de-sensibilizacion-de-la-red-itaka-escolapios\\\/#primaryimage\",\"url\":\"https:\\\/\\\/www.itakaescolapios.org\\\/wp-content\\\/uploads\\\/2022\\\/02\\\/MicrosoftTeams-image-10.png\",\"contentUrl\":\"https:\\\/\\\/www.itakaescolapios.org\\\/wp-content\\\/uploads\\\/2022\\\/02\\\/MicrosoftTeams-image-10.png\",\"width\":2000,\"height\":1250},{\"@type\":\"BreadcrumbList\",\"@id\":\"https:\\\/\\\/www.itakaescolapios.org\\\/fr\\\/2022\\\/02\\\/nuevo-equipo-de-sensibilizacion-de-la-red-itaka-escolapios\\\/#breadcrumb\",\"itemListElement\":[{\"@type\":\"ListItem\",\"position\":1,\"name\":\"Itaka-Escolapios\",\"item\":\"https:\\\/\\\/www.itakaescolapios.org\\\/es\\\/\"},{\"@type\":\"ListItem\",\"position\":2,\"name\":\"NUEVO EQUIPO DE SENSIBILIZACI\u00d3N DE LA RED ITAKA ESCOLAPIOS\"}]},{\"@type\":\"WebSite\",\"@id\":\"https:\\\/\\\/www.itakaescolapios.org\\\/fr\\\/es\\\/#website\",\"url\":\"https:\\\/\\\/www.itakaescolapios.org\\\/fr\\\/es\\\/\",\"name\":\"Itaka-Escolapios\",\"description\":\"Red de Itaka-Escolapios\",\"publisher\":{\"@id\":\"https:\\\/\\\/www.itakaescolapios.org\\\/fr\\\/es\\\/#organization\"},\"potentialAction\":[{\"@type\":\"SearchAction\",\"target\":{\"@type\":\"EntryPoint\",\"urlTemplate\":\"https:\\\/\\\/www.itakaescolapios.org\\\/fr\\\/es\\\/?s={search_term_string}\"},\"query-input\":{\"@type\":\"PropertyValueSpecification\",\"valueRequired\":true,\"valueName\":\"search_term_string\"}}],\"inLanguage\":\"fr-FR\"},{\"@type\":\"Organization\",\"@id\":\"https:\\\/\\\/www.itakaescolapios.org\\\/fr\\\/es\\\/#organization\",\"name\":\"Fundaci\u00f3 Itaka-Escolapios\",\"url\":\"https:\\\/\\\/www.itakaescolapios.org\\\/fr\\\/es\\\/\",\"logo\":{\"@type\":\"ImageObject\",\"inLanguage\":\"fr-FR\",\"@id\":\"https:\\\/\\\/www.itakaescolapios.org\\\/fr\\\/es\\\/#\\\/schema\\\/logo\\\/image\\\/\",\"url\":\"https:\\\/\\\/www.itakaescolapios.org\\\/wp-content\\\/uploads\\\/2024\\\/04\\\/Logo-itakaescolapios-peque.png\",\"contentUrl\":\"https:\\\/\\\/www.itakaescolapios.org\\\/wp-content\\\/uploads\\\/2024\\\/04\\\/Logo-itakaescolapios-peque.png\",\"width\":500,\"height\":199,\"caption\":\"Fundaci\u00f3 Itaka-Escolapios\"},\"image\":{\"@id\":\"https:\\\/\\\/www.itakaescolapios.org\\\/fr\\\/es\\\/#\\\/schema\\\/logo\\\/image\\\/\"}},{\"@type\":\"Person\",\"@id\":\"https:\\\/\\\/www.itakaescolapios.org\\\/es\\\/#\\\/schema\\\/person\\\/670123daeb1cc31cae1b106740036ccb\",\"name\":\"itaka\",\"url\":\"https:\\\/\\\/www.itakaescolapios.org\\\/fr\\\/author\\\/itaka\\\/\"}]}<\/script>\n<!-- \/ Yoast SEO plugin. -->","yoast_head_json":{"title":"NUEVO EQUIPO DE SENSIBILIZACI\u00d3N DE LA RED ITAKA ESCOLAPIOS","description":"El viernes 4 de febrero se celebr\u00f3 la primera reuni\u00f3n del nuevo equipo de sensibilizaci\u00f3n de la red. Este nuevo equipo est\u00e1 formado por\u00a0Natxo Torrijos (Ema\u00fas), Serge Akoumou (AFC), Juan Gonz\u00e1lez (M\u00e9xico), Florennys Torres (Venezuela),\u00a0Constanza de las Marinas (Betania),\u00a0Nelyimar P\u00e9rez (Venezuela) y Ordan Pinoy (Asia- Pac\u00edfico). Aunque estos dos \u00faltimos no pudieron asistir al encuentro.\u2026","robots":{"index":"index","follow":"follow","max-snippet":"max-snippet:-1","max-image-preview":"max-image-preview:large","max-video-preview":"max-video-preview:-1"},"canonical":"El viernes 4 de febrero se celebr\u00f3 la primera reuni\u00f3n del nuevo equipo de sensibilizaci\u00f3n de la red. Este nuevo equipo est\u00e1 formado por\u00a0Natxo Torrijos (Ema\u00fas), Serge Akoumou (AFC), Juan Gonz\u00e1lez (M\u00e9xico), Florennys Torres (Venezuela),\u00a0Constanza de las Marinas (Betania),\u00a0Nelyimar P\u00e9rez (Venezuela) y Ordan Pinoy (Asia- Pac\u00edfico). Aunque estos dos \u00faltimos no pudieron asistir al encuentro.\u2026","og_locale":"fr_FR","og_type":"article","og_title":"NUEVO EQUIPO DE SENSIBILIZACI\u00d3N DE LA RED ITAKA ESCOLAPIOS","og_description":"El viernes 4 de febrero se celebr\u00f3 la primera reuni\u00f3n del nuevo equipo de sensibilizaci\u00f3n de la red. Este nuevo equipo est\u00e1 formado por\u00a0Natxo Torrijos (Ema\u00fas), Serge Akoumou (AFC), Juan Gonz\u00e1lez (M\u00e9xico), Florennys Torres (Venezuela),\u00a0Constanza de las Marinas (Betania),\u00a0Nelyimar P\u00e9rez (Venezuela) y Ordan Pinoy (Asia- Pac\u00edfico). Aunque estos dos \u00faltimos no pudieron asistir al encuentro.\u2026","og_url":"https:\/\/www.itakaescolapios.org\/fr\/2022\/02\/nuevo-equipo-de-sensibilizacion-de-la-red-itaka-escolapios\/","og_site_name":"Itaka-Escolapios","article_published_time":"2022-02-08T11:47:13+00:00","article_modified_time":"2023-11-28T11:35:52+00:00","og_image":[{"width":2000,"height":1250,"url":"https:\/\/www.itakaescolapios.org\/wp-content\/uploads\/2022\/02\/MicrosoftTeams-image-10.png","type":"image\/png"}],"author":"itaka","twitter_card":"summary_large_image","twitter_misc":{"\u00c9crit par":"itaka","Dur\u00e9e de lecture estim\u00e9e":"1 minute"},"schema":{"@context":"https:\/\/schema.org","@graph":[{"@type":"Article","@id":"https:\/\/www.itakaescolapios.org\/fr\/2022\/02\/nuevo-equipo-de-sensibilizacion-de-la-red-itaka-escolapios\/#article","isPartOf":{"@id":"https:\/\/www.itakaescolapios.org\/fr\/2022\/02\/nuevo-equipo-de-sensibilizacion-de-la-red-itaka-escolapios\/"},"author":{"name":"itaka","@id":"https:\/\/www.itakaescolapios.org\/es\/#\/schema\/person\/670123daeb1cc31cae1b106740036ccb"},"headline":"NUEVO EQUIPO DE SENSIBILIZACI\u00d3N DE LA RED ITAKA ESCOLAPIOS","datePublished":"2022-02-08T11:47:13+00:00","dateModified":"2023-11-28T11:35:52+00:00","mainEntityOfPage":{"@id":"https:\/\/www.itakaescolapios.org\/fr\/2022\/02\/nuevo-equipo-de-sensibilizacion-de-la-red-itaka-escolapios\/"},"wordCount":149,"publisher":{"@id":"https:\/\/www.itakaescolapios.org\/es\/#organization"},"image":{"@id":"https:\/\/www.itakaescolapios.org\/fr\/2022\/02\/nuevo-equipo-de-sensibilizacion-de-la-red-itaka-escolapios\/#primaryimage"},"thumbnailUrl":"https:\/\/www.itakaescolapios.org\/wp-content\/uploads\/2022\/02\/MicrosoftTeams-image-10.png","articleSection":["Itaka Escolapios"],"inLanguage":"fr-FR"},{"@type":"WebPage","@id":"https:\/\/www.itakaescolapios.org\/fr\/2022\/02\/nuevo-equipo-de-sensibilizacion-de-la-red-itaka-escolapios\/","url":"https:\/\/www.itakaescolapios.org\/fr\/2022\/02\/nuevo-equipo-de-sensibilizacion-de-la-red-itaka-escolapios\/","name":"NUEVO EQUIPO DE SENSIBILIZACI\u00d3N DE LA RED ITAKA ESCOLAPIOS - Itaka-Escolapios","isPartOf":{"@id":"https:\/\/www.itakaescolapios.org\/es\/#website"},"primaryImageOfPage":{"@id":"https:\/\/www.itakaescolapios.org\/fr\/2022\/02\/nuevo-equipo-de-sensibilizacion-de-la-red-itaka-escolapios\/#primaryimage"},"image":{"@id":"https:\/\/www.itakaescolapios.org\/fr\/2022\/02\/nuevo-equipo-de-sensibilizacion-de-la-red-itaka-escolapios\/#primaryimage"},"thumbnailUrl":"https:\/\/www.itakaescolapios.org\/wp-content\/uploads\/2022\/02\/MicrosoftTeams-image-10.png","datePublished":"2022-02-08T11:47:13+00:00","dateModified":"2023-11-28T11:35:52+00:00","breadcrumb":{"@id":"https:\/\/www.itakaescolapios.org\/fr\/2022\/02\/nuevo-equipo-de-sensibilizacion-de-la-red-itaka-escolapios\/#breadcrumb"},"inLanguage":"fr-FR","potentialAction":[{"@type":"ReadAction","target":["https:\/\/www.itakaescolapios.org\/fr\/2022\/02\/nuevo-equipo-de-sensibilizacion-de-la-red-itaka-escolapios\/"]}]},{"@type":"ImageObject","inLanguage":"fr-FR","@id":"https:\/\/www.itakaescolapios.org\/fr\/2022\/02\/nuevo-equipo-de-sensibilizacion-de-la-red-itaka-escolapios\/#primaryimage","url":"https:\/\/www.itakaescolapios.org\/wp-content\/uploads\/2022\/02\/MicrosoftTeams-image-10.png","contentUrl":"https:\/\/www.itakaescolapios.org\/wp-content\/uploads\/2022\/02\/MicrosoftTeams-image-10.png","width":2000,"height":1250},{"@type":"BreadcrumbList","@id":"https:\/\/www.itakaescolapios.org\/fr\/2022\/02\/nuevo-equipo-de-sensibilizacion-de-la-red-itaka-escolapios\/#breadcrumb","itemListElement":[{"@type":"ListItem","position":1,"name":"Itaka-Escolapios","item":"https:\/\/www.itakaescolapios.org\/es\/"},{"@type":"ListItem","position":2,"name":"NUEVO EQUIPO DE SENSIBILIZACI\u00d3N DE LA RED ITAKA ESCOLAPIOS"}]},{"@type":"WebSite","@id":"https:\/\/www.itakaescolapios.org\/fr\/es\/#website","url":"https:\/\/www.itakaescolapios.org\/fr\/es\/","name":"Itaka-Escolapios","description":"Red de Itaka-Escolapios","publisher":{"@id":"https:\/\/www.itakaescolapios.org\/fr\/es\/#organization"},"potentialAction":[{"@type":"SearchAction","target":{"@type":"EntryPoint","urlTemplate":"https:\/\/www.itakaescolapios.org\/fr\/es\/?s={search_term_string}"},"query-input":{"@type":"PropertyValueSpecification","valueRequired":true,"valueName":"search_term_string"}}],"inLanguage":"fr-FR"},{"@type":"Organization","@id":"https:\/\/www.itakaescolapios.org\/fr\/es\/#organization","name":"Fundaci\u00f3 Itaka-Escolapios","url":"https:\/\/www.itakaescolapios.org\/fr\/es\/","logo":{"@type":"ImageObject","inLanguage":"fr-FR","@id":"https:\/\/www.itakaescolapios.org\/fr\/es\/#\/schema\/logo\/image\/","url":"https:\/\/www.itakaescolapios.org\/wp-content\/uploads\/2024\/04\/Logo-itakaescolapios-peque.png","contentUrl":"https:\/\/www.itakaescolapios.org\/wp-content\/uploads\/2024\/04\/Logo-itakaescolapios-peque.png","width":500,"height":199,"caption":"Fundaci\u00f3 Itaka-Escolapios"},"image":{"@id":"https:\/\/www.itakaescolapios.org\/fr\/es\/#\/schema\/logo\/image\/"}},{"@type":"Person","@id":"https:\/\/www.itakaescolapios.org\/es\/#\/schema\/person\/670123daeb1cc31cae1b106740036ccb","name":"itaka","url":"https:\/\/www.itakaescolapios.org\/fr\/author\/itaka\/"}]}},"_links":{"self":[{"href":"https:\/\/www.itakaescolapios.org\/fr\/wp-json\/wp\/v2\/posts\/35977","targetHints":{"allow":["GET"]}}],"collection":[{"href":"https:\/\/www.itakaescolapios.org\/fr\/wp-json\/wp\/v2\/posts"}],"about":[{"href":"https:\/\/www.itakaescolapios.org\/fr\/wp-json\/wp\/v2\/types\/post"}],"author":[{"embeddable":true,"href":"https:\/\/www.itakaescolapios.org\/fr\/wp-json\/wp\/v2\/users\/4"}],"replies":[{"embeddable":true,"href":"https:\/\/www.itakaescolapios.org\/fr\/wp-json\/wp\/v2\/comments?post=35977"}],"version-history":[{"count":3,"href":"https:\/\/www.itakaescolapios.org\/fr\/wp-json\/wp\/v2\/posts\/35977\/revisions"}],"predecessor-version":[{"id":44064,"href":"https:\/\/www.itakaescolapios.org\/fr\/wp-json\/wp\/v2\/posts\/35977\/revisions\/44064"}],"wp:featuredmedia":[{"embeddable":true,"href":"https:\/\/www.itakaescolapios.org\/fr\/wp-json\/wp\/v2\/media\/35978"}],"wp:attachment":[{"href":"https:\/\/www.itakaescolapios.org\/fr\/wp-json\/wp\/v2\/media?parent=35977"}],"wp:term":[{"taxonomy":"category","embeddable":true,"href":"https:\/\/www.itakaescolapios.org\/fr\/wp-json\/wp\/v2\/categories?post=35977"},{"taxonomy":"post_tag","embeddable":true,"href":"https:\/\/www.itakaescolapios.org\/fr\/wp-json\/wp\/v2\/tags?post=35977"}],"curies":[{"name":"wp","href":"https:\/\/api.w.org\/{rel}","templated":true}]}}