{"id":36119,"date":"2022-02-21T13:04:34","date_gmt":"2022-02-21T12:04:34","guid":{"rendered":"https:\/\/www.itakaescolapios.org\/?p=36119"},"modified":"2023-11-28T12:35:51","modified_gmt":"2023-11-28T11:35:51","slug":"celebracion-de-la-lengua-materna-en-el-complejo-escolar-bilingue-san-jose-calasanz-en-bafia","status":"publish","type":"post","link":"https:\/\/www.itakaescolapios.org\/fr\/2022\/02\/celebracion-de-la-lengua-materna-en-el-complejo-escolar-bilingue-san-jose-calasanz-en-bafia\/","title":{"rendered":"C\u00c9L\u00c9BRATION DE LA LANGUE MATERNELLE AU COMPLEXE SCOLAIRE BILINGUE SAINT JOSEPH CALASANZ DE BAFIA"},"content":{"rendered":"<p>Nous ouvrons cette semaine du 21 janvier, avec la c\u00e9l\u00e9bration de la langue maternelle avec les \u00e9l\u00e8ves du complexe scolaire bilingue Saint Joseph Calasanz de Bafia. Au programme d&rsquo;ex\u00e9cution de l&rsquo;hymne nationale en langue Bafia, danses traditionnelles, r\u00e9cits en langues maternelles, chants et danses en langue, repas traditionnels ainsi que le d\u00e9fil\u00e9 en tenues traditionnelles. Les mets des diff\u00e9rentes r\u00e9gions ont \u00e9t\u00e9 pr\u00e9sent\u00e9s \u00e0 l&rsquo;instar du taro \u00e0 l&rsquo;ouest, l&rsquo;okok au centre et bien d&rsquo;autres. Camerounais, fier de l&rsquo;\u00eatre et fier de leurs cultures les enfants ont partag\u00e9 avec nous leurs langues, mets, danses et plusieurs autres activit\u00e9s en vue de manifester leur joie.<\/p>\n<p><img decoding=\"async\" class=\"size-full wp-image-36122 aligncenter\" src=\"https:\/\/www.itakaescolapios.org\/wp-content\/uploads\/2022\/02\/IMG-20220221-WA0053.jpg\" alt=\"\" width=\"1080\" height=\"486\" srcset=\"https:\/\/www.itakaescolapios.org\/wp-content\/uploads\/2022\/02\/IMG-20220221-WA0053.jpg 1080w, https:\/\/www.itakaescolapios.org\/wp-content\/uploads\/2022\/02\/IMG-20220221-WA0053-300x135.jpg 300w, https:\/\/www.itakaescolapios.org\/wp-content\/uploads\/2022\/02\/IMG-20220221-WA0053-1024x461.jpg 1024w, https:\/\/www.itakaescolapios.org\/wp-content\/uploads\/2022\/02\/IMG-20220221-WA0053-768x346.jpg 768w, https:\/\/www.itakaescolapios.org\/wp-content\/uploads\/2022\/02\/IMG-20220221-WA0053-250x113.jpg 250w\" sizes=\"(max-width: 1080px) 100vw, 1080px\" \/><\/p>\n<div style=\"width: 1080px;\" class=\"wp-video\"><video class=\"wp-video-shortcode\" id=\"video-36119-1\" width=\"1080\" height=\"608\" preload=\"metadata\" controls=\"controls\"><source type=\"video\/mp4\" src=\"https:\/\/www.itakaescolapios.org\/wp-content\/uploads\/2022\/02\/VID-20220221-WA0056-1.mp4?_=1\" \/><a href=\"https:\/\/www.itakaescolapios.org\/wp-content\/uploads\/2022\/02\/VID-20220221-WA0056-1.mp4\">https:\/\/www.itakaescolapios.org\/wp-content\/uploads\/2022\/02\/VID-20220221-WA0056-1.mp4<\/a><\/video><\/div>\n<p>&nbsp;<\/p>\n<div style=\"width: 640px;\" class=\"wp-video\"><video class=\"wp-video-shortcode\" id=\"video-36119-2\" width=\"640\" height=\"352\" preload=\"metadata\" controls=\"controls\"><source type=\"video\/mp4\" src=\"https:\/\/www.itakaescolapios.org\/wp-content\/uploads\/2022\/02\/VID-20220221-WA0062.mp4?_=2\" \/><a href=\"https:\/\/www.itakaescolapios.org\/wp-content\/uploads\/2022\/02\/VID-20220221-WA0062.mp4\">https:\/\/www.itakaescolapios.org\/wp-content\/uploads\/2022\/02\/VID-20220221-WA0062.mp4<\/a><\/video><\/div>\n<p>&nbsp;<\/p>\n<div style=\"width: 640px;\" class=\"wp-video\"><video class=\"wp-video-shortcode\" id=\"video-36119-3\" width=\"640\" height=\"352\" preload=\"metadata\" controls=\"controls\"><source type=\"video\/mp4\" src=\"https:\/\/www.itakaescolapios.org\/wp-content\/uploads\/2022\/02\/VID-20220221-WA0095.mp4?_=3\" \/><a href=\"https:\/\/www.itakaescolapios.org\/wp-content\/uploads\/2022\/02\/VID-20220221-WA0095.mp4\">https:\/\/www.itakaescolapios.org\/wp-content\/uploads\/2022\/02\/VID-20220221-WA0095.mp4<\/a><\/video><\/div>\n","protected":false},"excerpt":{"rendered":"<p>Nous ouvrons cette semaine du 21 janvier, avec la c\u00e9l\u00e9bration de la langue maternelle avec les \u00e9l\u00e8ves du complexe scolaire bilingue Saint Joseph Calasanz de Bafia. Au programme d&rsquo;ex\u00e9cution de [&hellip;]<\/p>\n","protected":false},"author":15,"featured_media":36120,"comment_status":"closed","ping_status":"closed","sticky":false,"template":"","format":"standard","meta":{"_et_pb_use_builder":"","_et_pb_old_content":"","_et_gb_content_width":"","footnotes":""},"categories":[53,10],"tags":[],"class_list":["post-36119","post","type-post","status-publish","format-standard","has-post-thumbnail","hentry","category-africa-central","category-camerun"],"yoast_head":"<!-- This site is optimized with the Yoast SEO plugin v27.4 - https:\/\/yoast.com\/product\/yoast-seo-wordpress\/ -->\n<title>C\u00c9L\u00c9BRATION DE LA LANGUE MATERNELLE AU COMPLEXE SCOLAIRE BILINGUE SAINT JOSEPH CALASANZ DE BAFIA<\/title>\n<meta name=\"description\" content=\"Nous ouvrons cette semaine du 21 janvier, avec la c\u00e9l\u00e9bration de la langue maternelle avec les \u00e9l\u00e8ves du complexe scolaire bilingue Saint Joseph Calasanz de Bafia. Au programme d&#039;ex\u00e9cution de l&#039;hymne nationale en langue Bafia, danses traditionnelles, r\u00e9cits en langues maternelles, chants et danses en langue, repas traditionnels ainsi que le d\u00e9fil\u00e9 en tenues traditionnelles.\u2026\" \/>\n<meta name=\"robots\" content=\"index, follow, max-snippet:-1, max-image-preview:large, max-video-preview:-1\" \/>\n<link rel=\"canonical\" href=\"http:\/\/Nous%20ouvrons%20cette%20semaine%20du%2021%20janvier,%20avec%20la%20c\u00e9l\u00e9bration%20de%20la%20langue%20maternelle%20avec%20les%20\u00e9l\u00e8ves%20du%20complexe%20scolaire%20bilingue%20Saint%20Joseph%20Calasanz%20de%20Bafia.%20Au%20programme%20d'ex\u00e9cution%20de%20l'hymne%20nationale%20en%20langue%20Bafia,%20danses%20traditionnelles,%20r\u00e9cits%20en%20langues%20maternelles,%20chants%20et%20danses%20en%20langue,%20repas%20traditionnels%20ainsi%20que%20le%20d\u00e9fil\u00e9%20en%20tenues%20traditionnelles.\u2026\" \/>\n<meta property=\"og:locale\" content=\"fr_FR\" \/>\n<meta property=\"og:type\" content=\"article\" \/>\n<meta property=\"og:title\" content=\"C\u00c9L\u00c9BRATION DE LA LANGUE MATERNELLE AU COMPLEXE SCOLAIRE BILINGUE SAINT JOSEPH CALASANZ DE BAFIA\" \/>\n<meta property=\"og:description\" content=\"Nous ouvrons cette semaine du 21 janvier, avec la c\u00e9l\u00e9bration de la langue maternelle avec les \u00e9l\u00e8ves du complexe scolaire bilingue Saint Joseph Calasanz de Bafia. Au programme d&#039;ex\u00e9cution de l&#039;hymne nationale en langue Bafia, danses traditionnelles, r\u00e9cits en langues maternelles, chants et danses en langue, repas traditionnels ainsi que le d\u00e9fil\u00e9 en tenues traditionnelles.\u2026\" \/>\n<meta property=\"og:url\" content=\"https:\/\/www.itakaescolapios.org\/fr\/2022\/02\/celebracion-de-la-lengua-materna-en-el-complejo-escolar-bilingue-san-jose-calasanz-en-bafia\/\" \/>\n<meta property=\"og:site_name\" content=\"Itaka-Escolapios\" \/>\n<meta property=\"article:published_time\" content=\"2022-02-21T12:04:34+00:00\" \/>\n<meta property=\"article:modified_time\" content=\"2023-11-28T11:35:51+00:00\" \/>\n<meta property=\"og:image\" content=\"https:\/\/www.itakaescolapios.org\/wp-content\/uploads\/2022\/02\/IMG-20220221-WA0063.jpg\" \/>\n\t<meta property=\"og:image:width\" content=\"1024\" \/>\n\t<meta property=\"og:image:height\" content=\"576\" \/>\n\t<meta property=\"og:image:type\" content=\"image\/jpeg\" \/>\n<meta name=\"author\" content=\"cameroun01\" \/>\n<meta name=\"twitter:card\" content=\"summary_large_image\" \/>\n<meta name=\"twitter:label1\" content=\"\u00c9crit par\" \/>\n\t<meta name=\"twitter:data1\" content=\"cameroun01\" \/>\n\t<meta name=\"twitter:label2\" content=\"Dur\u00e9e de lecture estim\u00e9e\" \/>\n\t<meta name=\"twitter:data2\" content=\"1 minute\" \/>\n<script type=\"application\/ld+json\" class=\"yoast-schema-graph\">{\"@context\":\"https:\\\/\\\/schema.org\",\"@graph\":[{\"@type\":\"Article\",\"@id\":\"https:\\\/\\\/www.itakaescolapios.org\\\/fr\\\/2022\\\/02\\\/celebracion-de-la-lengua-materna-en-el-complejo-escolar-bilingue-san-jose-calasanz-en-bafia\\\/#article\",\"isPartOf\":{\"@id\":\"https:\\\/\\\/www.itakaescolapios.org\\\/fr\\\/2022\\\/02\\\/celebracion-de-la-lengua-materna-en-el-complejo-escolar-bilingue-san-jose-calasanz-en-bafia\\\/\"},\"author\":{\"name\":\"cameroun01\",\"@id\":\"https:\\\/\\\/www.itakaescolapios.org\\\/es\\\/#\\\/schema\\\/person\\\/d2844383e29bfdfef69039672ce14eb1\"},\"headline\":\"C\u00c9L\u00c9BRATION DE LA LANGUE MATERNELLE AU COMPLEXE SCOLAIRE BILINGUE SAINT JOSEPH CALASANZ DE BAFIA\",\"datePublished\":\"2022-02-21T12:04:34+00:00\",\"dateModified\":\"2023-11-28T11:35:51+00:00\",\"mainEntityOfPage\":{\"@id\":\"https:\\\/\\\/www.itakaescolapios.org\\\/fr\\\/2022\\\/02\\\/celebracion-de-la-lengua-materna-en-el-complejo-escolar-bilingue-san-jose-calasanz-en-bafia\\\/\"},\"wordCount\":169,\"publisher\":{\"@id\":\"https:\\\/\\\/www.itakaescolapios.org\\\/es\\\/#organization\"},\"image\":{\"@id\":\"https:\\\/\\\/www.itakaescolapios.org\\\/fr\\\/2022\\\/02\\\/celebracion-de-la-lengua-materna-en-el-complejo-escolar-bilingue-san-jose-calasanz-en-bafia\\\/#primaryimage\"},\"thumbnailUrl\":\"https:\\\/\\\/www.itakaescolapios.org\\\/wp-content\\\/uploads\\\/2022\\\/02\\\/IMG-20220221-WA0063.jpg\",\"articleSection\":[\"Afrique centrale\",\"Cameroun\"],\"inLanguage\":\"fr-FR\"},{\"@type\":\"WebPage\",\"@id\":\"https:\\\/\\\/www.itakaescolapios.org\\\/fr\\\/2022\\\/02\\\/celebracion-de-la-lengua-materna-en-el-complejo-escolar-bilingue-san-jose-calasanz-en-bafia\\\/\",\"url\":\"https:\\\/\\\/www.itakaescolapios.org\\\/fr\\\/2022\\\/02\\\/celebracion-de-la-lengua-materna-en-el-complejo-escolar-bilingue-san-jose-calasanz-en-bafia\\\/\",\"name\":\"CELEBRACI\u00d3N DE LA LENGUA MATERNA EN EL COMPLEJO ESCOLAR BILING\u00dcE SAN JOS\u00c9 CALASANZ EN BAFIA - Itaka-Escolapios\",\"isPartOf\":{\"@id\":\"https:\\\/\\\/www.itakaescolapios.org\\\/es\\\/#website\"},\"primaryImageOfPage\":{\"@id\":\"https:\\\/\\\/www.itakaescolapios.org\\\/fr\\\/2022\\\/02\\\/celebracion-de-la-lengua-materna-en-el-complejo-escolar-bilingue-san-jose-calasanz-en-bafia\\\/#primaryimage\"},\"image\":{\"@id\":\"https:\\\/\\\/www.itakaescolapios.org\\\/fr\\\/2022\\\/02\\\/celebracion-de-la-lengua-materna-en-el-complejo-escolar-bilingue-san-jose-calasanz-en-bafia\\\/#primaryimage\"},\"thumbnailUrl\":\"https:\\\/\\\/www.itakaescolapios.org\\\/wp-content\\\/uploads\\\/2022\\\/02\\\/IMG-20220221-WA0063.jpg\",\"datePublished\":\"2022-02-21T12:04:34+00:00\",\"dateModified\":\"2023-11-28T11:35:51+00:00\",\"breadcrumb\":{\"@id\":\"https:\\\/\\\/www.itakaescolapios.org\\\/fr\\\/2022\\\/02\\\/celebracion-de-la-lengua-materna-en-el-complejo-escolar-bilingue-san-jose-calasanz-en-bafia\\\/#breadcrumb\"},\"inLanguage\":\"fr-FR\",\"potentialAction\":[{\"@type\":\"ReadAction\",\"target\":[\"https:\\\/\\\/www.itakaescolapios.org\\\/fr\\\/2022\\\/02\\\/celebracion-de-la-lengua-materna-en-el-complejo-escolar-bilingue-san-jose-calasanz-en-bafia\\\/\"]}]},{\"@type\":\"ImageObject\",\"inLanguage\":\"fr-FR\",\"@id\":\"https:\\\/\\\/www.itakaescolapios.org\\\/fr\\\/2022\\\/02\\\/celebracion-de-la-lengua-materna-en-el-complejo-escolar-bilingue-san-jose-calasanz-en-bafia\\\/#primaryimage\",\"url\":\"https:\\\/\\\/www.itakaescolapios.org\\\/wp-content\\\/uploads\\\/2022\\\/02\\\/IMG-20220221-WA0063.jpg\",\"contentUrl\":\"https:\\\/\\\/www.itakaescolapios.org\\\/wp-content\\\/uploads\\\/2022\\\/02\\\/IMG-20220221-WA0063.jpg\",\"width\":1024,\"height\":576},{\"@type\":\"BreadcrumbList\",\"@id\":\"https:\\\/\\\/www.itakaescolapios.org\\\/fr\\\/2022\\\/02\\\/celebracion-de-la-lengua-materna-en-el-complejo-escolar-bilingue-san-jose-calasanz-en-bafia\\\/#breadcrumb\",\"itemListElement\":[{\"@type\":\"ListItem\",\"position\":1,\"name\":\"Itaka-Escolapios\",\"item\":\"https:\\\/\\\/www.itakaescolapios.org\\\/es\\\/\"},{\"@type\":\"ListItem\",\"position\":2,\"name\":\"C\u00c9L\u00c9BRATION DE LA LANGUE MATERNELLE AU COMPLEXE SCOLAIRE BILINGUE SAINT JOSEPH CALASANZ DE BAFIA\"}]},{\"@type\":\"WebSite\",\"@id\":\"https:\\\/\\\/www.itakaescolapios.org\\\/fr\\\/es\\\/#website\",\"url\":\"https:\\\/\\\/www.itakaescolapios.org\\\/fr\\\/es\\\/\",\"name\":\"Itaka-Escolapios\",\"description\":\"Red de Itaka-Escolapios\",\"publisher\":{\"@id\":\"https:\\\/\\\/www.itakaescolapios.org\\\/fr\\\/es\\\/#organization\"},\"potentialAction\":[{\"@type\":\"SearchAction\",\"target\":{\"@type\":\"EntryPoint\",\"urlTemplate\":\"https:\\\/\\\/www.itakaescolapios.org\\\/fr\\\/es\\\/?s={search_term_string}\"},\"query-input\":{\"@type\":\"PropertyValueSpecification\",\"valueRequired\":true,\"valueName\":\"search_term_string\"}}],\"inLanguage\":\"fr-FR\"},{\"@type\":\"Organization\",\"@id\":\"https:\\\/\\\/www.itakaescolapios.org\\\/fr\\\/es\\\/#organization\",\"name\":\"Fundaci\u00f3 Itaka-Escolapios\",\"url\":\"https:\\\/\\\/www.itakaescolapios.org\\\/fr\\\/es\\\/\",\"logo\":{\"@type\":\"ImageObject\",\"inLanguage\":\"fr-FR\",\"@id\":\"https:\\\/\\\/www.itakaescolapios.org\\\/fr\\\/es\\\/#\\\/schema\\\/logo\\\/image\\\/\",\"url\":\"https:\\\/\\\/www.itakaescolapios.org\\\/wp-content\\\/uploads\\\/2024\\\/04\\\/Logo-itakaescolapios-peque.png\",\"contentUrl\":\"https:\\\/\\\/www.itakaescolapios.org\\\/wp-content\\\/uploads\\\/2024\\\/04\\\/Logo-itakaescolapios-peque.png\",\"width\":500,\"height\":199,\"caption\":\"Fundaci\u00f3 Itaka-Escolapios\"},\"image\":{\"@id\":\"https:\\\/\\\/www.itakaescolapios.org\\\/fr\\\/es\\\/#\\\/schema\\\/logo\\\/image\\\/\"}},{\"@type\":\"Person\",\"@id\":\"https:\\\/\\\/www.itakaescolapios.org\\\/es\\\/#\\\/schema\\\/person\\\/d2844383e29bfdfef69039672ce14eb1\",\"name\":\"cameroun01\",\"url\":\"https:\\\/\\\/www.itakaescolapios.org\\\/fr\\\/author\\\/cameroun01\\\/\"}]}<\/script>\n<!-- \/ Yoast SEO plugin. -->","yoast_head_json":{"title":"C\u00c9L\u00c9BRATION DE LA LANGUE MATERNELLE AU COMPLEXE SCOLAIRE BILINGUE SAINT JOSEPH CALASANZ DE BAFIA","description":"Nous ouvrons cette semaine du 21 janvier, avec la c\u00e9l\u00e9bration de la langue maternelle avec les \u00e9l\u00e8ves du complexe scolaire bilingue Saint Joseph Calasanz de Bafia. Au programme d'ex\u00e9cution de l'hymne nationale en langue Bafia, danses traditionnelles, r\u00e9cits en langues maternelles, chants et danses en langue, repas traditionnels ainsi que le d\u00e9fil\u00e9 en tenues traditionnelles.\u2026","robots":{"index":"index","follow":"follow","max-snippet":"max-snippet:-1","max-image-preview":"max-image-preview:large","max-video-preview":"max-video-preview:-1"},"canonical":"Nous ouvrons cette semaine du 21 janvier, avec la c\u00e9l\u00e9bration de la langue maternelle avec les \u00e9l\u00e8ves du complexe scolaire bilingue Saint Joseph Calasanz de Bafia. Au programme d'ex\u00e9cution de l'hymne nationale en langue Bafia, danses traditionnelles, r\u00e9cits en langues maternelles, chants et danses en langue, repas traditionnels ainsi que le d\u00e9fil\u00e9 en tenues traditionnelles.\u2026","og_locale":"fr_FR","og_type":"article","og_title":"C\u00c9L\u00c9BRATION DE LA LANGUE MATERNELLE AU COMPLEXE SCOLAIRE BILINGUE SAINT JOSEPH CALASANZ DE BAFIA","og_description":"Nous ouvrons cette semaine du 21 janvier, avec la c\u00e9l\u00e9bration de la langue maternelle avec les \u00e9l\u00e8ves du complexe scolaire bilingue Saint Joseph Calasanz de Bafia. Au programme d'ex\u00e9cution de l'hymne nationale en langue Bafia, danses traditionnelles, r\u00e9cits en langues maternelles, chants et danses en langue, repas traditionnels ainsi que le d\u00e9fil\u00e9 en tenues traditionnelles.\u2026","og_url":"https:\/\/www.itakaescolapios.org\/fr\/2022\/02\/celebracion-de-la-lengua-materna-en-el-complejo-escolar-bilingue-san-jose-calasanz-en-bafia\/","og_site_name":"Itaka-Escolapios","article_published_time":"2022-02-21T12:04:34+00:00","article_modified_time":"2023-11-28T11:35:51+00:00","og_image":[{"width":1024,"height":576,"url":"https:\/\/www.itakaescolapios.org\/wp-content\/uploads\/2022\/02\/IMG-20220221-WA0063.jpg","type":"image\/jpeg"}],"author":"cameroun01","twitter_card":"summary_large_image","twitter_misc":{"\u00c9crit par":"cameroun01","Dur\u00e9e de lecture estim\u00e9e":"1 minute"},"schema":{"@context":"https:\/\/schema.org","@graph":[{"@type":"Article","@id":"https:\/\/www.itakaescolapios.org\/fr\/2022\/02\/celebracion-de-la-lengua-materna-en-el-complejo-escolar-bilingue-san-jose-calasanz-en-bafia\/#article","isPartOf":{"@id":"https:\/\/www.itakaescolapios.org\/fr\/2022\/02\/celebracion-de-la-lengua-materna-en-el-complejo-escolar-bilingue-san-jose-calasanz-en-bafia\/"},"author":{"name":"cameroun01","@id":"https:\/\/www.itakaescolapios.org\/es\/#\/schema\/person\/d2844383e29bfdfef69039672ce14eb1"},"headline":"C\u00c9L\u00c9BRATION DE LA LANGUE MATERNELLE AU COMPLEXE SCOLAIRE BILINGUE SAINT JOSEPH CALASANZ DE BAFIA","datePublished":"2022-02-21T12:04:34+00:00","dateModified":"2023-11-28T11:35:51+00:00","mainEntityOfPage":{"@id":"https:\/\/www.itakaescolapios.org\/fr\/2022\/02\/celebracion-de-la-lengua-materna-en-el-complejo-escolar-bilingue-san-jose-calasanz-en-bafia\/"},"wordCount":169,"publisher":{"@id":"https:\/\/www.itakaescolapios.org\/es\/#organization"},"image":{"@id":"https:\/\/www.itakaescolapios.org\/fr\/2022\/02\/celebracion-de-la-lengua-materna-en-el-complejo-escolar-bilingue-san-jose-calasanz-en-bafia\/#primaryimage"},"thumbnailUrl":"https:\/\/www.itakaescolapios.org\/wp-content\/uploads\/2022\/02\/IMG-20220221-WA0063.jpg","articleSection":["Afrique centrale","Cameroun"],"inLanguage":"fr-FR"},{"@type":"WebPage","@id":"https:\/\/www.itakaescolapios.org\/fr\/2022\/02\/celebracion-de-la-lengua-materna-en-el-complejo-escolar-bilingue-san-jose-calasanz-en-bafia\/","url":"https:\/\/www.itakaescolapios.org\/fr\/2022\/02\/celebracion-de-la-lengua-materna-en-el-complejo-escolar-bilingue-san-jose-calasanz-en-bafia\/","name":"CELEBRACI\u00d3N DE LA LENGUA MATERNA EN EL COMPLEJO ESCOLAR BILING\u00dcE SAN JOS\u00c9 CALASANZ EN BAFIA - Itaka-Escolapios","isPartOf":{"@id":"https:\/\/www.itakaescolapios.org\/es\/#website"},"primaryImageOfPage":{"@id":"https:\/\/www.itakaescolapios.org\/fr\/2022\/02\/celebracion-de-la-lengua-materna-en-el-complejo-escolar-bilingue-san-jose-calasanz-en-bafia\/#primaryimage"},"image":{"@id":"https:\/\/www.itakaescolapios.org\/fr\/2022\/02\/celebracion-de-la-lengua-materna-en-el-complejo-escolar-bilingue-san-jose-calasanz-en-bafia\/#primaryimage"},"thumbnailUrl":"https:\/\/www.itakaescolapios.org\/wp-content\/uploads\/2022\/02\/IMG-20220221-WA0063.jpg","datePublished":"2022-02-21T12:04:34+00:00","dateModified":"2023-11-28T11:35:51+00:00","breadcrumb":{"@id":"https:\/\/www.itakaescolapios.org\/fr\/2022\/02\/celebracion-de-la-lengua-materna-en-el-complejo-escolar-bilingue-san-jose-calasanz-en-bafia\/#breadcrumb"},"inLanguage":"fr-FR","potentialAction":[{"@type":"ReadAction","target":["https:\/\/www.itakaescolapios.org\/fr\/2022\/02\/celebracion-de-la-lengua-materna-en-el-complejo-escolar-bilingue-san-jose-calasanz-en-bafia\/"]}]},{"@type":"ImageObject","inLanguage":"fr-FR","@id":"https:\/\/www.itakaescolapios.org\/fr\/2022\/02\/celebracion-de-la-lengua-materna-en-el-complejo-escolar-bilingue-san-jose-calasanz-en-bafia\/#primaryimage","url":"https:\/\/www.itakaescolapios.org\/wp-content\/uploads\/2022\/02\/IMG-20220221-WA0063.jpg","contentUrl":"https:\/\/www.itakaescolapios.org\/wp-content\/uploads\/2022\/02\/IMG-20220221-WA0063.jpg","width":1024,"height":576},{"@type":"BreadcrumbList","@id":"https:\/\/www.itakaescolapios.org\/fr\/2022\/02\/celebracion-de-la-lengua-materna-en-el-complejo-escolar-bilingue-san-jose-calasanz-en-bafia\/#breadcrumb","itemListElement":[{"@type":"ListItem","position":1,"name":"Itaka-Escolapios","item":"https:\/\/www.itakaescolapios.org\/es\/"},{"@type":"ListItem","position":2,"name":"C\u00c9L\u00c9BRATION DE LA LANGUE MATERNELLE AU COMPLEXE SCOLAIRE BILINGUE SAINT JOSEPH CALASANZ DE BAFIA"}]},{"@type":"WebSite","@id":"https:\/\/www.itakaescolapios.org\/fr\/es\/#website","url":"https:\/\/www.itakaescolapios.org\/fr\/es\/","name":"Itaka-Escolapios","description":"Red de Itaka-Escolapios","publisher":{"@id":"https:\/\/www.itakaescolapios.org\/fr\/es\/#organization"},"potentialAction":[{"@type":"SearchAction","target":{"@type":"EntryPoint","urlTemplate":"https:\/\/www.itakaescolapios.org\/fr\/es\/?s={search_term_string}"},"query-input":{"@type":"PropertyValueSpecification","valueRequired":true,"valueName":"search_term_string"}}],"inLanguage":"fr-FR"},{"@type":"Organization","@id":"https:\/\/www.itakaescolapios.org\/fr\/es\/#organization","name":"Fundaci\u00f3 Itaka-Escolapios","url":"https:\/\/www.itakaescolapios.org\/fr\/es\/","logo":{"@type":"ImageObject","inLanguage":"fr-FR","@id":"https:\/\/www.itakaescolapios.org\/fr\/es\/#\/schema\/logo\/image\/","url":"https:\/\/www.itakaescolapios.org\/wp-content\/uploads\/2024\/04\/Logo-itakaescolapios-peque.png","contentUrl":"https:\/\/www.itakaescolapios.org\/wp-content\/uploads\/2024\/04\/Logo-itakaescolapios-peque.png","width":500,"height":199,"caption":"Fundaci\u00f3 Itaka-Escolapios"},"image":{"@id":"https:\/\/www.itakaescolapios.org\/fr\/es\/#\/schema\/logo\/image\/"}},{"@type":"Person","@id":"https:\/\/www.itakaescolapios.org\/es\/#\/schema\/person\/d2844383e29bfdfef69039672ce14eb1","name":"cameroun01","url":"https:\/\/www.itakaescolapios.org\/fr\/author\/cameroun01\/"}]}},"_links":{"self":[{"href":"https:\/\/www.itakaescolapios.org\/fr\/wp-json\/wp\/v2\/posts\/36119","targetHints":{"allow":["GET"]}}],"collection":[{"href":"https:\/\/www.itakaescolapios.org\/fr\/wp-json\/wp\/v2\/posts"}],"about":[{"href":"https:\/\/www.itakaescolapios.org\/fr\/wp-json\/wp\/v2\/types\/post"}],"author":[{"embeddable":true,"href":"https:\/\/www.itakaescolapios.org\/fr\/wp-json\/wp\/v2\/users\/15"}],"replies":[{"embeddable":true,"href":"https:\/\/www.itakaescolapios.org\/fr\/wp-json\/wp\/v2\/comments?post=36119"}],"version-history":[{"count":3,"href":"https:\/\/www.itakaescolapios.org\/fr\/wp-json\/wp\/v2\/posts\/36119\/revisions"}],"predecessor-version":[{"id":44051,"href":"https:\/\/www.itakaescolapios.org\/fr\/wp-json\/wp\/v2\/posts\/36119\/revisions\/44051"}],"wp:featuredmedia":[{"embeddable":true,"href":"https:\/\/www.itakaescolapios.org\/fr\/wp-json\/wp\/v2\/media\/36120"}],"wp:attachment":[{"href":"https:\/\/www.itakaescolapios.org\/fr\/wp-json\/wp\/v2\/media?parent=36119"}],"wp:term":[{"taxonomy":"category","embeddable":true,"href":"https:\/\/www.itakaescolapios.org\/fr\/wp-json\/wp\/v2\/categories?post=36119"},{"taxonomy":"post_tag","embeddable":true,"href":"https:\/\/www.itakaescolapios.org\/fr\/wp-json\/wp\/v2\/tags?post=36119"}],"curies":[{"name":"wp","href":"https:\/\/api.w.org\/{rel}","templated":true}]}}