{"id":36137,"date":"2022-02-23T13:55:32","date_gmt":"2022-02-23T12:55:32","guid":{"rendered":"https:\/\/www.itakaescolapios.org\/?p=36137"},"modified":"2023-11-28T12:35:51","modified_gmt":"2023-11-28T11:35:51","slug":"preparacion-de-la-jornada-de-puertas-abiertas-en-el-colegio-tecnico-san-jose-calasanz-en-bandjoun","status":"publish","type":"post","link":"https:\/\/www.itakaescolapios.org\/fr\/2022\/02\/preparacion-de-la-jornada-de-puertas-abiertas-en-el-colegio-tecnico-san-jose-calasanz-en-bandjoun\/","title":{"rendered":"PREPARATION DE LA JOURNEE PORTES OUVERTES AU COLLEGE TECHNIQUE SAINT JOSEPH CALASANZ DE BANDJOUN"},"content":{"rendered":"<p>Ce 23 f\u00e9vrier 2022, nous avons fait un tour au coll\u00e8ge saint Joseph Calasanz de Bandjoun afin de voir les pr\u00e9paratifs pour les JPO car pendant cette journ\u00e9e, les \u00e9l\u00e8ves pr\u00e9sentent leurs fabrications, leurs projets et bien d&rsquo;autres.<\/p>\n<p>Dans les diff\u00e9rents ateliers, les pr\u00e9paratifs sont en cours. Chacun y met du sien afin d&rsquo;\u00eatre pr\u00eat le jour dit. Les ann\u00e9es d&rsquo;avant, ces jeunes nous ont surpris avec de nombreuses r\u00e9alisation et nous comptons avoir plus cette ann\u00e9e car ils s&rsquo;appliquent r\u00e9element.<\/p>\n<p>Electriciens, Electroniciens, M\u00e9caniciens, H\u00f4teliers et les \u00e9l\u00e8ves de toutes les autres fili\u00e8res sont sociabilis\u00e9s et pr\u00e9parent \u00e0 font cette journ\u00e9e \u00e0 venir.<\/p>\n<p>&nbsp;<\/p>\n<p>&nbsp;<\/p>\n<p dir=\"ltr\" data-placeholder=\"Traduction\"><img decoding=\"async\" class=\"size-full wp-image-36143 aligncenter\" src=\"https:\/\/www.itakaescolapios.org\/wp-content\/uploads\/2022\/02\/IMG-20220223-WA0041.jpg\" alt=\"\" width=\"810\" height=\"1080\" srcset=\"https:\/\/www.itakaescolapios.org\/wp-content\/uploads\/2022\/02\/IMG-20220223-WA0041.jpg 810w, https:\/\/www.itakaescolapios.org\/wp-content\/uploads\/2022\/02\/IMG-20220223-WA0041-225x300.jpg 225w, https:\/\/www.itakaescolapios.org\/wp-content\/uploads\/2022\/02\/IMG-20220223-WA0041-768x1024.jpg 768w, https:\/\/www.itakaescolapios.org\/wp-content\/uploads\/2022\/02\/IMG-20220223-WA0041-250x333.jpg 250w\" sizes=\"(max-width: 810px) 100vw, 810px\" \/><\/p>\n<p dir=\"ltr\" data-placeholder=\"Traduction\"><img decoding=\"async\" class=\"size-full wp-image-36140 aligncenter\" src=\"https:\/\/www.itakaescolapios.org\/wp-content\/uploads\/2022\/02\/IMG-20220223-WA0039.jpg\" alt=\"\" width=\"810\" height=\"1080\" srcset=\"https:\/\/www.itakaescolapios.org\/wp-content\/uploads\/2022\/02\/IMG-20220223-WA0039.jpg 810w, https:\/\/www.itakaescolapios.org\/wp-content\/uploads\/2022\/02\/IMG-20220223-WA0039-225x300.jpg 225w, https:\/\/www.itakaescolapios.org\/wp-content\/uploads\/2022\/02\/IMG-20220223-WA0039-768x1024.jpg 768w, https:\/\/www.itakaescolapios.org\/wp-content\/uploads\/2022\/02\/IMG-20220223-WA0039-250x333.jpg 250w\" sizes=\"(max-width: 810px) 100vw, 810px\" \/><\/p>\n<p dir=\"ltr\" data-placeholder=\"Traduction\"><img decoding=\"async\" class=\"size-full wp-image-36142 aligncenter\" src=\"https:\/\/www.itakaescolapios.org\/wp-content\/uploads\/2022\/02\/IMG-20220223-WA0044.jpg\" alt=\"\" width=\"810\" height=\"1080\" srcset=\"https:\/\/www.itakaescolapios.org\/wp-content\/uploads\/2022\/02\/IMG-20220223-WA0044.jpg 810w, https:\/\/www.itakaescolapios.org\/wp-content\/uploads\/2022\/02\/IMG-20220223-WA0044-225x300.jpg 225w, https:\/\/www.itakaescolapios.org\/wp-content\/uploads\/2022\/02\/IMG-20220223-WA0044-768x1024.jpg 768w, https:\/\/www.itakaescolapios.org\/wp-content\/uploads\/2022\/02\/IMG-20220223-WA0044-250x333.jpg 250w\" sizes=\"(max-width: 810px) 100vw, 810px\" \/><\/p>\n","protected":false},"excerpt":{"rendered":"<p>Ce 23 f\u00e9vrier 2022, nous avons fait un tour au coll\u00e8ge saint Joseph Calasanz de Bandjoun afin de voir les pr\u00e9paratifs pour les JPO car pendant cette journ\u00e9e, les \u00e9l\u00e8ves [&hellip;]<\/p>\n","protected":false},"author":15,"featured_media":36140,"comment_status":"closed","ping_status":"closed","sticky":false,"template":"","format":"standard","meta":{"_et_pb_use_builder":"","_et_pb_old_content":"","_et_gb_content_width":"","footnotes":""},"categories":[53,10],"tags":[],"class_list":["post-36137","post","type-post","status-publish","format-standard","has-post-thumbnail","hentry","category-africa-central","category-camerun"],"yoast_head":"<!-- This site is optimized with the Yoast SEO plugin v27.4 - https:\/\/yoast.com\/product\/yoast-seo-wordpress\/ -->\n<title>PREPARATION DE LA JOURNEE PORTES OUVERTES AU COLLEGE TECHNIQUE SAINT JOSEPH CALASANZ DE BANDJOUN<\/title>\n<meta name=\"description\" content=\"Ce 23 f\u00e9vrier 2022, nous avons fait un tour au coll\u00e8ge saint Joseph Calasanz de Bandjoun afin de voir les pr\u00e9paratifs pour les JPO car pendant cette journ\u00e9e, les \u00e9l\u00e8ves pr\u00e9sentent leurs fabrications, leurs projets et bien d&#039;autres. Dans les diff\u00e9rents ateliers, les pr\u00e9paratifs sont en cours. Chacun y met du sien afin d&#039;\u00eatre pr\u00eat\u2026\" \/>\n<meta name=\"robots\" content=\"index, follow, max-snippet:-1, max-image-preview:large, max-video-preview:-1\" \/>\n<link rel=\"canonical\" href=\"http:\/\/Ce%2023%20f\u00e9vrier%202022,%20nous%20avons%20fait%20un%20tour%20au%20coll\u00e8ge%20saint%20Joseph%20Calasanz%20de%20Bandjoun%20afin%20de%20voir%20les%20pr\u00e9paratifs%20pour%20les%20JPO%20car%20pendant%20cette%20journ\u00e9e,%20les%20\u00e9l\u00e8ves%20pr\u00e9sentent%20leurs%20fabrications,%20leurs%20projets%20et%20bien%20d'autres.%20Dans%20les%20diff\u00e9rents%20ateliers,%20les%20pr\u00e9paratifs%20sont%20en%20cours.%20Chacun%20y%20met%20du%20sien%20afin%20d'\u00eatre%20pr\u00eat\u2026\" \/>\n<meta property=\"og:locale\" content=\"fr_FR\" \/>\n<meta property=\"og:type\" content=\"article\" \/>\n<meta property=\"og:title\" content=\"PREPARATION DE LA JOURNEE PORTES OUVERTES AU COLLEGE TECHNIQUE SAINT JOSEPH CALASANZ DE BANDJOUN\" \/>\n<meta property=\"og:description\" content=\"Ce 23 f\u00e9vrier 2022, nous avons fait un tour au coll\u00e8ge saint Joseph Calasanz de Bandjoun afin de voir les pr\u00e9paratifs pour les JPO car pendant cette journ\u00e9e, les \u00e9l\u00e8ves pr\u00e9sentent leurs fabrications, leurs projets et bien d&#039;autres. Dans les diff\u00e9rents ateliers, les pr\u00e9paratifs sont en cours. Chacun y met du sien afin d&#039;\u00eatre pr\u00eat\u2026\" \/>\n<meta property=\"og:url\" content=\"https:\/\/www.itakaescolapios.org\/fr\/2022\/02\/preparacion-de-la-jornada-de-puertas-abiertas-en-el-colegio-tecnico-san-jose-calasanz-en-bandjoun\/\" \/>\n<meta property=\"og:site_name\" content=\"Itaka-Escolapios\" \/>\n<meta property=\"article:published_time\" content=\"2022-02-23T12:55:32+00:00\" \/>\n<meta property=\"article:modified_time\" content=\"2023-11-28T11:35:51+00:00\" \/>\n<meta property=\"og:image\" content=\"https:\/\/www.itakaescolapios.org\/wp-content\/uploads\/2022\/02\/IMG-20220223-WA0039.jpg\" \/>\n\t<meta property=\"og:image:width\" content=\"810\" \/>\n\t<meta property=\"og:image:height\" content=\"1080\" \/>\n\t<meta property=\"og:image:type\" content=\"image\/jpeg\" \/>\n<meta name=\"author\" content=\"cameroun01\" \/>\n<meta name=\"twitter:card\" content=\"summary_large_image\" \/>\n<meta name=\"twitter:label1\" content=\"\u00c9crit par\" \/>\n\t<meta name=\"twitter:data1\" content=\"cameroun01\" \/>\n\t<meta name=\"twitter:label2\" content=\"Dur\u00e9e de lecture estim\u00e9e\" \/>\n\t<meta name=\"twitter:data2\" content=\"1 minute\" \/>\n<script type=\"application\/ld+json\" class=\"yoast-schema-graph\">{\"@context\":\"https:\\\/\\\/schema.org\",\"@graph\":[{\"@type\":\"Article\",\"@id\":\"https:\\\/\\\/www.itakaescolapios.org\\\/fr\\\/2022\\\/02\\\/preparacion-de-la-jornada-de-puertas-abiertas-en-el-colegio-tecnico-san-jose-calasanz-en-bandjoun\\\/#article\",\"isPartOf\":{\"@id\":\"https:\\\/\\\/www.itakaescolapios.org\\\/fr\\\/2022\\\/02\\\/preparacion-de-la-jornada-de-puertas-abiertas-en-el-colegio-tecnico-san-jose-calasanz-en-bandjoun\\\/\"},\"author\":{\"name\":\"cameroun01\",\"@id\":\"https:\\\/\\\/www.itakaescolapios.org\\\/es\\\/#\\\/schema\\\/person\\\/d2844383e29bfdfef69039672ce14eb1\"},\"headline\":\"PREPARATION DE LA JOURNEE PORTES OUVERTES AU COLLEGE TECHNIQUE SAINT JOSEPH CALASANZ DE BANDJOUN\",\"datePublished\":\"2022-02-23T12:55:32+00:00\",\"dateModified\":\"2023-11-28T11:35:51+00:00\",\"mainEntityOfPage\":{\"@id\":\"https:\\\/\\\/www.itakaescolapios.org\\\/fr\\\/2022\\\/02\\\/preparacion-de-la-jornada-de-puertas-abiertas-en-el-colegio-tecnico-san-jose-calasanz-en-bandjoun\\\/\"},\"wordCount\":125,\"publisher\":{\"@id\":\"https:\\\/\\\/www.itakaescolapios.org\\\/es\\\/#organization\"},\"image\":{\"@id\":\"https:\\\/\\\/www.itakaescolapios.org\\\/fr\\\/2022\\\/02\\\/preparacion-de-la-jornada-de-puertas-abiertas-en-el-colegio-tecnico-san-jose-calasanz-en-bandjoun\\\/#primaryimage\"},\"thumbnailUrl\":\"https:\\\/\\\/www.itakaescolapios.org\\\/wp-content\\\/uploads\\\/2022\\\/02\\\/IMG-20220223-WA0039.jpg\",\"articleSection\":[\"Afrique centrale\",\"Cameroun\"],\"inLanguage\":\"fr-FR\"},{\"@type\":\"WebPage\",\"@id\":\"https:\\\/\\\/www.itakaescolapios.org\\\/fr\\\/2022\\\/02\\\/preparacion-de-la-jornada-de-puertas-abiertas-en-el-colegio-tecnico-san-jose-calasanz-en-bandjoun\\\/\",\"url\":\"https:\\\/\\\/www.itakaescolapios.org\\\/fr\\\/2022\\\/02\\\/preparacion-de-la-jornada-de-puertas-abiertas-en-el-colegio-tecnico-san-jose-calasanz-en-bandjoun\\\/\",\"name\":\"PREPARACI\u00d3N DE LA JORNADA DE PUERTAS ABIERTAS EN EL COLEGIO T\u00c9CNICO SAN JOS\u00c9 CALASANZ EN BANDJOUN - Itaka-Escolapios\",\"isPartOf\":{\"@id\":\"https:\\\/\\\/www.itakaescolapios.org\\\/es\\\/#website\"},\"primaryImageOfPage\":{\"@id\":\"https:\\\/\\\/www.itakaescolapios.org\\\/fr\\\/2022\\\/02\\\/preparacion-de-la-jornada-de-puertas-abiertas-en-el-colegio-tecnico-san-jose-calasanz-en-bandjoun\\\/#primaryimage\"},\"image\":{\"@id\":\"https:\\\/\\\/www.itakaescolapios.org\\\/fr\\\/2022\\\/02\\\/preparacion-de-la-jornada-de-puertas-abiertas-en-el-colegio-tecnico-san-jose-calasanz-en-bandjoun\\\/#primaryimage\"},\"thumbnailUrl\":\"https:\\\/\\\/www.itakaescolapios.org\\\/wp-content\\\/uploads\\\/2022\\\/02\\\/IMG-20220223-WA0039.jpg\",\"datePublished\":\"2022-02-23T12:55:32+00:00\",\"dateModified\":\"2023-11-28T11:35:51+00:00\",\"breadcrumb\":{\"@id\":\"https:\\\/\\\/www.itakaescolapios.org\\\/fr\\\/2022\\\/02\\\/preparacion-de-la-jornada-de-puertas-abiertas-en-el-colegio-tecnico-san-jose-calasanz-en-bandjoun\\\/#breadcrumb\"},\"inLanguage\":\"fr-FR\",\"potentialAction\":[{\"@type\":\"ReadAction\",\"target\":[\"https:\\\/\\\/www.itakaescolapios.org\\\/fr\\\/2022\\\/02\\\/preparacion-de-la-jornada-de-puertas-abiertas-en-el-colegio-tecnico-san-jose-calasanz-en-bandjoun\\\/\"]}]},{\"@type\":\"ImageObject\",\"inLanguage\":\"fr-FR\",\"@id\":\"https:\\\/\\\/www.itakaescolapios.org\\\/fr\\\/2022\\\/02\\\/preparacion-de-la-jornada-de-puertas-abiertas-en-el-colegio-tecnico-san-jose-calasanz-en-bandjoun\\\/#primaryimage\",\"url\":\"https:\\\/\\\/www.itakaescolapios.org\\\/wp-content\\\/uploads\\\/2022\\\/02\\\/IMG-20220223-WA0039.jpg\",\"contentUrl\":\"https:\\\/\\\/www.itakaescolapios.org\\\/wp-content\\\/uploads\\\/2022\\\/02\\\/IMG-20220223-WA0039.jpg\",\"width\":810,\"height\":1080},{\"@type\":\"BreadcrumbList\",\"@id\":\"https:\\\/\\\/www.itakaescolapios.org\\\/fr\\\/2022\\\/02\\\/preparacion-de-la-jornada-de-puertas-abiertas-en-el-colegio-tecnico-san-jose-calasanz-en-bandjoun\\\/#breadcrumb\",\"itemListElement\":[{\"@type\":\"ListItem\",\"position\":1,\"name\":\"Itaka-Escolapios\",\"item\":\"https:\\\/\\\/www.itakaescolapios.org\\\/es\\\/\"},{\"@type\":\"ListItem\",\"position\":2,\"name\":\"PREPARATION DE LA JOURNEE PORTES OUVERTES AU COLLEGE TECHNIQUE SAINT JOSEPH CALASANZ DE BANDJOUN\"}]},{\"@type\":\"WebSite\",\"@id\":\"https:\\\/\\\/www.itakaescolapios.org\\\/fr\\\/es\\\/#website\",\"url\":\"https:\\\/\\\/www.itakaescolapios.org\\\/fr\\\/es\\\/\",\"name\":\"Itaka-Escolapios\",\"description\":\"Red de Itaka-Escolapios\",\"publisher\":{\"@id\":\"https:\\\/\\\/www.itakaescolapios.org\\\/fr\\\/es\\\/#organization\"},\"potentialAction\":[{\"@type\":\"SearchAction\",\"target\":{\"@type\":\"EntryPoint\",\"urlTemplate\":\"https:\\\/\\\/www.itakaescolapios.org\\\/fr\\\/es\\\/?s={search_term_string}\"},\"query-input\":{\"@type\":\"PropertyValueSpecification\",\"valueRequired\":true,\"valueName\":\"search_term_string\"}}],\"inLanguage\":\"fr-FR\"},{\"@type\":\"Organization\",\"@id\":\"https:\\\/\\\/www.itakaescolapios.org\\\/fr\\\/es\\\/#organization\",\"name\":\"Fundaci\u00f3 Itaka-Escolapios\",\"url\":\"https:\\\/\\\/www.itakaescolapios.org\\\/fr\\\/es\\\/\",\"logo\":{\"@type\":\"ImageObject\",\"inLanguage\":\"fr-FR\",\"@id\":\"https:\\\/\\\/www.itakaescolapios.org\\\/fr\\\/es\\\/#\\\/schema\\\/logo\\\/image\\\/\",\"url\":\"https:\\\/\\\/www.itakaescolapios.org\\\/wp-content\\\/uploads\\\/2024\\\/04\\\/Logo-itakaescolapios-peque.png\",\"contentUrl\":\"https:\\\/\\\/www.itakaescolapios.org\\\/wp-content\\\/uploads\\\/2024\\\/04\\\/Logo-itakaescolapios-peque.png\",\"width\":500,\"height\":199,\"caption\":\"Fundaci\u00f3 Itaka-Escolapios\"},\"image\":{\"@id\":\"https:\\\/\\\/www.itakaescolapios.org\\\/fr\\\/es\\\/#\\\/schema\\\/logo\\\/image\\\/\"}},{\"@type\":\"Person\",\"@id\":\"https:\\\/\\\/www.itakaescolapios.org\\\/es\\\/#\\\/schema\\\/person\\\/d2844383e29bfdfef69039672ce14eb1\",\"name\":\"cameroun01\",\"url\":\"https:\\\/\\\/www.itakaescolapios.org\\\/fr\\\/author\\\/cameroun01\\\/\"}]}<\/script>\n<!-- \/ Yoast SEO plugin. -->","yoast_head_json":{"title":"PREPARATION DE LA JOURNEE PORTES OUVERTES AU COLLEGE TECHNIQUE SAINT JOSEPH CALASANZ DE BANDJOUN","description":"Ce 23 f\u00e9vrier 2022, nous avons fait un tour au coll\u00e8ge saint Joseph Calasanz de Bandjoun afin de voir les pr\u00e9paratifs pour les JPO car pendant cette journ\u00e9e, les \u00e9l\u00e8ves pr\u00e9sentent leurs fabrications, leurs projets et bien d'autres. Dans les diff\u00e9rents ateliers, les pr\u00e9paratifs sont en cours. Chacun y met du sien afin d'\u00eatre pr\u00eat\u2026","robots":{"index":"index","follow":"follow","max-snippet":"max-snippet:-1","max-image-preview":"max-image-preview:large","max-video-preview":"max-video-preview:-1"},"canonical":"Ce 23 f\u00e9vrier 2022, nous avons fait un tour au coll\u00e8ge saint Joseph Calasanz de Bandjoun afin de voir les pr\u00e9paratifs pour les JPO car pendant cette journ\u00e9e, les \u00e9l\u00e8ves pr\u00e9sentent leurs fabrications, leurs projets et bien d'autres. Dans les diff\u00e9rents ateliers, les pr\u00e9paratifs sont en cours. Chacun y met du sien afin d'\u00eatre pr\u00eat\u2026","og_locale":"fr_FR","og_type":"article","og_title":"PREPARATION DE LA JOURNEE PORTES OUVERTES AU COLLEGE TECHNIQUE SAINT JOSEPH CALASANZ DE BANDJOUN","og_description":"Ce 23 f\u00e9vrier 2022, nous avons fait un tour au coll\u00e8ge saint Joseph Calasanz de Bandjoun afin de voir les pr\u00e9paratifs pour les JPO car pendant cette journ\u00e9e, les \u00e9l\u00e8ves pr\u00e9sentent leurs fabrications, leurs projets et bien d'autres. Dans les diff\u00e9rents ateliers, les pr\u00e9paratifs sont en cours. Chacun y met du sien afin d'\u00eatre pr\u00eat\u2026","og_url":"https:\/\/www.itakaescolapios.org\/fr\/2022\/02\/preparacion-de-la-jornada-de-puertas-abiertas-en-el-colegio-tecnico-san-jose-calasanz-en-bandjoun\/","og_site_name":"Itaka-Escolapios","article_published_time":"2022-02-23T12:55:32+00:00","article_modified_time":"2023-11-28T11:35:51+00:00","og_image":[{"width":810,"height":1080,"url":"https:\/\/www.itakaescolapios.org\/wp-content\/uploads\/2022\/02\/IMG-20220223-WA0039.jpg","type":"image\/jpeg"}],"author":"cameroun01","twitter_card":"summary_large_image","twitter_misc":{"\u00c9crit par":"cameroun01","Dur\u00e9e de lecture estim\u00e9e":"1 minute"},"schema":{"@context":"https:\/\/schema.org","@graph":[{"@type":"Article","@id":"https:\/\/www.itakaescolapios.org\/fr\/2022\/02\/preparacion-de-la-jornada-de-puertas-abiertas-en-el-colegio-tecnico-san-jose-calasanz-en-bandjoun\/#article","isPartOf":{"@id":"https:\/\/www.itakaescolapios.org\/fr\/2022\/02\/preparacion-de-la-jornada-de-puertas-abiertas-en-el-colegio-tecnico-san-jose-calasanz-en-bandjoun\/"},"author":{"name":"cameroun01","@id":"https:\/\/www.itakaescolapios.org\/es\/#\/schema\/person\/d2844383e29bfdfef69039672ce14eb1"},"headline":"PREPARATION DE LA JOURNEE PORTES OUVERTES AU COLLEGE TECHNIQUE SAINT JOSEPH CALASANZ DE BANDJOUN","datePublished":"2022-02-23T12:55:32+00:00","dateModified":"2023-11-28T11:35:51+00:00","mainEntityOfPage":{"@id":"https:\/\/www.itakaescolapios.org\/fr\/2022\/02\/preparacion-de-la-jornada-de-puertas-abiertas-en-el-colegio-tecnico-san-jose-calasanz-en-bandjoun\/"},"wordCount":125,"publisher":{"@id":"https:\/\/www.itakaescolapios.org\/es\/#organization"},"image":{"@id":"https:\/\/www.itakaescolapios.org\/fr\/2022\/02\/preparacion-de-la-jornada-de-puertas-abiertas-en-el-colegio-tecnico-san-jose-calasanz-en-bandjoun\/#primaryimage"},"thumbnailUrl":"https:\/\/www.itakaescolapios.org\/wp-content\/uploads\/2022\/02\/IMG-20220223-WA0039.jpg","articleSection":["Afrique centrale","Cameroun"],"inLanguage":"fr-FR"},{"@type":"WebPage","@id":"https:\/\/www.itakaescolapios.org\/fr\/2022\/02\/preparacion-de-la-jornada-de-puertas-abiertas-en-el-colegio-tecnico-san-jose-calasanz-en-bandjoun\/","url":"https:\/\/www.itakaescolapios.org\/fr\/2022\/02\/preparacion-de-la-jornada-de-puertas-abiertas-en-el-colegio-tecnico-san-jose-calasanz-en-bandjoun\/","name":"PREPARACI\u00d3N DE LA JORNADA DE PUERTAS ABIERTAS EN EL COLEGIO T\u00c9CNICO SAN JOS\u00c9 CALASANZ EN BANDJOUN - Itaka-Escolapios","isPartOf":{"@id":"https:\/\/www.itakaescolapios.org\/es\/#website"},"primaryImageOfPage":{"@id":"https:\/\/www.itakaescolapios.org\/fr\/2022\/02\/preparacion-de-la-jornada-de-puertas-abiertas-en-el-colegio-tecnico-san-jose-calasanz-en-bandjoun\/#primaryimage"},"image":{"@id":"https:\/\/www.itakaescolapios.org\/fr\/2022\/02\/preparacion-de-la-jornada-de-puertas-abiertas-en-el-colegio-tecnico-san-jose-calasanz-en-bandjoun\/#primaryimage"},"thumbnailUrl":"https:\/\/www.itakaescolapios.org\/wp-content\/uploads\/2022\/02\/IMG-20220223-WA0039.jpg","datePublished":"2022-02-23T12:55:32+00:00","dateModified":"2023-11-28T11:35:51+00:00","breadcrumb":{"@id":"https:\/\/www.itakaescolapios.org\/fr\/2022\/02\/preparacion-de-la-jornada-de-puertas-abiertas-en-el-colegio-tecnico-san-jose-calasanz-en-bandjoun\/#breadcrumb"},"inLanguage":"fr-FR","potentialAction":[{"@type":"ReadAction","target":["https:\/\/www.itakaescolapios.org\/fr\/2022\/02\/preparacion-de-la-jornada-de-puertas-abiertas-en-el-colegio-tecnico-san-jose-calasanz-en-bandjoun\/"]}]},{"@type":"ImageObject","inLanguage":"fr-FR","@id":"https:\/\/www.itakaescolapios.org\/fr\/2022\/02\/preparacion-de-la-jornada-de-puertas-abiertas-en-el-colegio-tecnico-san-jose-calasanz-en-bandjoun\/#primaryimage","url":"https:\/\/www.itakaescolapios.org\/wp-content\/uploads\/2022\/02\/IMG-20220223-WA0039.jpg","contentUrl":"https:\/\/www.itakaescolapios.org\/wp-content\/uploads\/2022\/02\/IMG-20220223-WA0039.jpg","width":810,"height":1080},{"@type":"BreadcrumbList","@id":"https:\/\/www.itakaescolapios.org\/fr\/2022\/02\/preparacion-de-la-jornada-de-puertas-abiertas-en-el-colegio-tecnico-san-jose-calasanz-en-bandjoun\/#breadcrumb","itemListElement":[{"@type":"ListItem","position":1,"name":"Itaka-Escolapios","item":"https:\/\/www.itakaescolapios.org\/es\/"},{"@type":"ListItem","position":2,"name":"PREPARATION DE LA JOURNEE PORTES OUVERTES AU COLLEGE TECHNIQUE SAINT JOSEPH CALASANZ DE BANDJOUN"}]},{"@type":"WebSite","@id":"https:\/\/www.itakaescolapios.org\/fr\/es\/#website","url":"https:\/\/www.itakaescolapios.org\/fr\/es\/","name":"Itaka-Escolapios","description":"Red de Itaka-Escolapios","publisher":{"@id":"https:\/\/www.itakaescolapios.org\/fr\/es\/#organization"},"potentialAction":[{"@type":"SearchAction","target":{"@type":"EntryPoint","urlTemplate":"https:\/\/www.itakaescolapios.org\/fr\/es\/?s={search_term_string}"},"query-input":{"@type":"PropertyValueSpecification","valueRequired":true,"valueName":"search_term_string"}}],"inLanguage":"fr-FR"},{"@type":"Organization","@id":"https:\/\/www.itakaescolapios.org\/fr\/es\/#organization","name":"Fundaci\u00f3 Itaka-Escolapios","url":"https:\/\/www.itakaescolapios.org\/fr\/es\/","logo":{"@type":"ImageObject","inLanguage":"fr-FR","@id":"https:\/\/www.itakaescolapios.org\/fr\/es\/#\/schema\/logo\/image\/","url":"https:\/\/www.itakaescolapios.org\/wp-content\/uploads\/2024\/04\/Logo-itakaescolapios-peque.png","contentUrl":"https:\/\/www.itakaescolapios.org\/wp-content\/uploads\/2024\/04\/Logo-itakaescolapios-peque.png","width":500,"height":199,"caption":"Fundaci\u00f3 Itaka-Escolapios"},"image":{"@id":"https:\/\/www.itakaescolapios.org\/fr\/es\/#\/schema\/logo\/image\/"}},{"@type":"Person","@id":"https:\/\/www.itakaescolapios.org\/es\/#\/schema\/person\/d2844383e29bfdfef69039672ce14eb1","name":"cameroun01","url":"https:\/\/www.itakaescolapios.org\/fr\/author\/cameroun01\/"}]}},"_links":{"self":[{"href":"https:\/\/www.itakaescolapios.org\/fr\/wp-json\/wp\/v2\/posts\/36137","targetHints":{"allow":["GET"]}}],"collection":[{"href":"https:\/\/www.itakaescolapios.org\/fr\/wp-json\/wp\/v2\/posts"}],"about":[{"href":"https:\/\/www.itakaescolapios.org\/fr\/wp-json\/wp\/v2\/types\/post"}],"author":[{"embeddable":true,"href":"https:\/\/www.itakaescolapios.org\/fr\/wp-json\/wp\/v2\/users\/15"}],"replies":[{"embeddable":true,"href":"https:\/\/www.itakaescolapios.org\/fr\/wp-json\/wp\/v2\/comments?post=36137"}],"version-history":[{"count":9,"href":"https:\/\/www.itakaescolapios.org\/fr\/wp-json\/wp\/v2\/posts\/36137\/revisions"}],"predecessor-version":[{"id":44049,"href":"https:\/\/www.itakaescolapios.org\/fr\/wp-json\/wp\/v2\/posts\/36137\/revisions\/44049"}],"wp:featuredmedia":[{"embeddable":true,"href":"https:\/\/www.itakaescolapios.org\/fr\/wp-json\/wp\/v2\/media\/36140"}],"wp:attachment":[{"href":"https:\/\/www.itakaescolapios.org\/fr\/wp-json\/wp\/v2\/media?parent=36137"}],"wp:term":[{"taxonomy":"category","embeddable":true,"href":"https:\/\/www.itakaescolapios.org\/fr\/wp-json\/wp\/v2\/categories?post=36137"},{"taxonomy":"post_tag","embeddable":true,"href":"https:\/\/www.itakaescolapios.org\/fr\/wp-json\/wp\/v2\/tags?post=36137"}],"curies":[{"name":"wp","href":"https:\/\/api.w.org\/{rel}","templated":true}]}}