{"id":36213,"date":"2022-03-02T15:30:49","date_gmt":"2022-03-02T14:30:49","guid":{"rendered":"https:\/\/www.itakaescolapios.org\/?p=36213"},"modified":"2023-11-28T12:35:50","modified_gmt":"2023-11-28T11:35:50","slug":"misa-de-miercoles-de-ceniza-en-el-colegio-san-jose-calasanz-de-malibe","status":"publish","type":"post","link":"https:\/\/www.itakaescolapios.org\/fr\/2022\/03\/misa-de-miercoles-de-ceniza-en-el-colegio-san-jose-calasanz-de-malibe\/","title":{"rendered":"MESSE DU MERCREDI DES CENDRES AU COLLEGE SAINT JOSEPH CALASANZ DE Malib\u00e9"},"content":{"rendered":"<p>Ce mercredi 02 mars 2022 a eu lieu \u00e0 la paroisse Saint Louis Marie Grignon de Montfort (Gabon), la messe du mercredi de cendre dirig\u00e9 par le p\u00e8re Cyril, le p\u00e8re Justin et le fr\u00e8re Aur\u00e9lien. Afin de d\u00e9marrer efficacement la p\u00e9riode de car\u00eame les \u00e9l\u00e8ves de l&rsquo;institut catholique Calasanz de Libreville ont re\u00e7u la cendre sur leur front et une invitation au partage, \u00e0 la pri\u00e8re et au jeun les a \u00e9t\u00e9 donn\u00e9e durant la pr\u00e9dication du jour.<\/p>\n<p dir=\"ltr\" data-placeholder=\"Traduction\"><img decoding=\"async\" class=\"size-full wp-image-36214 aligncenter\" src=\"https:\/\/www.itakaescolapios.org\/wp-content\/uploads\/2022\/03\/IMG-20220302-WA0059.jpg\" alt=\"\" width=\"1080\" height=\"486\" srcset=\"https:\/\/www.itakaescolapios.org\/wp-content\/uploads\/2022\/03\/IMG-20220302-WA0059.jpg 1080w, https:\/\/www.itakaescolapios.org\/wp-content\/uploads\/2022\/03\/IMG-20220302-WA0059-300x135.jpg 300w, https:\/\/www.itakaescolapios.org\/wp-content\/uploads\/2022\/03\/IMG-20220302-WA0059-1024x461.jpg 1024w, https:\/\/www.itakaescolapios.org\/wp-content\/uploads\/2022\/03\/IMG-20220302-WA0059-768x346.jpg 768w, https:\/\/www.itakaescolapios.org\/wp-content\/uploads\/2022\/03\/IMG-20220302-WA0059-250x113.jpg 250w\" sizes=\"(max-width: 1080px) 100vw, 1080px\" \/><\/p>\n<p dir=\"ltr\" data-placeholder=\"Traduction\"><img decoding=\"async\" class=\"size-full wp-image-36216 aligncenter\" src=\"https:\/\/www.itakaescolapios.org\/wp-content\/uploads\/2022\/03\/IMG-20220302-WA0057.jpg\" alt=\"\" width=\"1080\" height=\"486\" srcset=\"https:\/\/www.itakaescolapios.org\/wp-content\/uploads\/2022\/03\/IMG-20220302-WA0057.jpg 1080w, https:\/\/www.itakaescolapios.org\/wp-content\/uploads\/2022\/03\/IMG-20220302-WA0057-300x135.jpg 300w, https:\/\/www.itakaescolapios.org\/wp-content\/uploads\/2022\/03\/IMG-20220302-WA0057-1024x461.jpg 1024w, https:\/\/www.itakaescolapios.org\/wp-content\/uploads\/2022\/03\/IMG-20220302-WA0057-768x346.jpg 768w, https:\/\/www.itakaescolapios.org\/wp-content\/uploads\/2022\/03\/IMG-20220302-WA0057-250x113.jpg 250w\" sizes=\"(max-width: 1080px) 100vw, 1080px\" \/><\/p>\n<p dir=\"ltr\" data-placeholder=\"Traduction\"><img decoding=\"async\" class=\"size-full wp-image-36217 aligncenter\" src=\"https:\/\/www.itakaescolapios.org\/wp-content\/uploads\/2022\/03\/IMG-20220302-WA0049.jpg\" alt=\"\" width=\"960\" height=\"540\" srcset=\"https:\/\/www.itakaescolapios.org\/wp-content\/uploads\/2022\/03\/IMG-20220302-WA0049.jpg 960w, https:\/\/www.itakaescolapios.org\/wp-content\/uploads\/2022\/03\/IMG-20220302-WA0049-300x169.jpg 300w, https:\/\/www.itakaescolapios.org\/wp-content\/uploads\/2022\/03\/IMG-20220302-WA0049-768x432.jpg 768w, https:\/\/www.itakaescolapios.org\/wp-content\/uploads\/2022\/03\/IMG-20220302-WA0049-250x141.jpg 250w\" sizes=\"(max-width: 960px) 100vw, 960px\" \/><\/p>\n","protected":false},"excerpt":{"rendered":"<p>Ce mercredi 02 mars 2022 a eu lieu \u00e0 la paroisse Saint Louis Marie Grignon de Montfort (Gabon), la messe du mercredi de cendre dirig\u00e9 par le p\u00e8re Cyril, le [&hellip;]<\/p>\n","protected":false},"author":15,"featured_media":36215,"comment_status":"closed","ping_status":"closed","sticky":false,"template":"","format":"standard","meta":{"_et_pb_use_builder":"","_et_pb_old_content":"","_et_gb_content_width":"","footnotes":""},"categories":[53,10],"tags":[],"class_list":["post-36213","post","type-post","status-publish","format-standard","has-post-thumbnail","hentry","category-africa-central","category-camerun"],"yoast_head":"<!-- This site is optimized with the Yoast SEO plugin v27.4 - https:\/\/yoast.com\/product\/yoast-seo-wordpress\/ -->\n<title>MESSE DU MERCREDI DES CENDRES AU COLLEGE SAINT JOSEPH CALASANZ DE Malib\u00e9<\/title>\n<meta name=\"description\" content=\"Ce mercredi 02 mars 2022 a eu lieu \u00e0 la paroisse Saint Louis Marie Grignon de Montfort (Gabon), la messe du mercredi de cendre dirig\u00e9 par le p\u00e8re Cyril, le p\u00e8re Justin et le fr\u00e8re Aur\u00e9lien. Afin de d\u00e9marrer efficacement la p\u00e9riode de car\u00eame les \u00e9l\u00e8ves de l&#039;institut catholique Calasanz de Libreville ont re\u00e7u la\u2026\" \/>\n<meta name=\"robots\" content=\"index, follow, max-snippet:-1, max-image-preview:large, max-video-preview:-1\" \/>\n<link rel=\"canonical\" href=\"http:\/\/Ce%20mercredi%2002%20mars%202022%20a%20eu%20lieu%20\u00e0%20la%20paroisse%20Saint%20Louis%20Marie%20Grignon%20de%20Montfort%20(Gabon),%20la%20messe%20du%20mercredi%20de%20cendre%20dirig\u00e9%20par%20le%20p\u00e8re%20Cyril,%20le%20p\u00e8re%20Justin%20et%20le%20fr\u00e8re%20Aur\u00e9lien.%20Afin%20de%20d\u00e9marrer%20efficacement%20la%20p\u00e9riode%20de%20car\u00eame%20les%20\u00e9l\u00e8ves%20de%20l'institut%20catholique%20Calasanz%20de%20Libreville%20ont%20re\u00e7u%20la\u2026\" \/>\n<meta property=\"og:locale\" content=\"fr_FR\" \/>\n<meta property=\"og:type\" content=\"article\" \/>\n<meta property=\"og:title\" content=\"MESSE DU MERCREDI DES CENDRES AU COLLEGE SAINT JOSEPH CALASANZ DE Malib\u00e9\" \/>\n<meta property=\"og:description\" content=\"Ce mercredi 02 mars 2022 a eu lieu \u00e0 la paroisse Saint Louis Marie Grignon de Montfort (Gabon), la messe du mercredi de cendre dirig\u00e9 par le p\u00e8re Cyril, le p\u00e8re Justin et le fr\u00e8re Aur\u00e9lien. Afin de d\u00e9marrer efficacement la p\u00e9riode de car\u00eame les \u00e9l\u00e8ves de l&#039;institut catholique Calasanz de Libreville ont re\u00e7u la\u2026\" \/>\n<meta property=\"og:url\" content=\"https:\/\/www.itakaescolapios.org\/fr\/2022\/03\/misa-de-miercoles-de-ceniza-en-el-colegio-san-jose-calasanz-de-malibe\/\" \/>\n<meta property=\"og:site_name\" content=\"Itaka-Escolapios\" \/>\n<meta property=\"article:published_time\" content=\"2022-03-02T14:30:49+00:00\" \/>\n<meta property=\"article:modified_time\" content=\"2023-11-28T11:35:50+00:00\" \/>\n<meta property=\"og:image\" content=\"https:\/\/www.itakaescolapios.org\/wp-content\/uploads\/2022\/03\/IMG-20220302-WA0056.jpg\" \/>\n\t<meta property=\"og:image:width\" content=\"1080\" \/>\n\t<meta property=\"og:image:height\" content=\"486\" \/>\n\t<meta property=\"og:image:type\" content=\"image\/jpeg\" \/>\n<meta name=\"author\" content=\"cameroun01\" \/>\n<meta name=\"twitter:card\" content=\"summary_large_image\" \/>\n<meta name=\"twitter:label1\" content=\"\u00c9crit par\" \/>\n\t<meta name=\"twitter:data1\" content=\"cameroun01\" \/>\n<script type=\"application\/ld+json\" class=\"yoast-schema-graph\">{\"@context\":\"https:\\\/\\\/schema.org\",\"@graph\":[{\"@type\":\"Article\",\"@id\":\"https:\\\/\\\/www.itakaescolapios.org\\\/fr\\\/2022\\\/03\\\/misa-de-miercoles-de-ceniza-en-el-colegio-san-jose-calasanz-de-malibe\\\/#article\",\"isPartOf\":{\"@id\":\"https:\\\/\\\/www.itakaescolapios.org\\\/fr\\\/2022\\\/03\\\/misa-de-miercoles-de-ceniza-en-el-colegio-san-jose-calasanz-de-malibe\\\/\"},\"author\":{\"name\":\"cameroun01\",\"@id\":\"https:\\\/\\\/www.itakaescolapios.org\\\/es\\\/#\\\/schema\\\/person\\\/d2844383e29bfdfef69039672ce14eb1\"},\"headline\":\"MESSE DU MERCREDI DES CENDRES AU COLLEGE SAINT JOSEPH CALASANZ DE Malib\u00e9\",\"datePublished\":\"2022-03-02T14:30:49+00:00\",\"dateModified\":\"2023-11-28T11:35:50+00:00\",\"mainEntityOfPage\":{\"@id\":\"https:\\\/\\\/www.itakaescolapios.org\\\/fr\\\/2022\\\/03\\\/misa-de-miercoles-de-ceniza-en-el-colegio-san-jose-calasanz-de-malibe\\\/\"},\"wordCount\":100,\"publisher\":{\"@id\":\"https:\\\/\\\/www.itakaescolapios.org\\\/es\\\/#organization\"},\"image\":{\"@id\":\"https:\\\/\\\/www.itakaescolapios.org\\\/fr\\\/2022\\\/03\\\/misa-de-miercoles-de-ceniza-en-el-colegio-san-jose-calasanz-de-malibe\\\/#primaryimage\"},\"thumbnailUrl\":\"https:\\\/\\\/www.itakaescolapios.org\\\/wp-content\\\/uploads\\\/2022\\\/03\\\/IMG-20220302-WA0056.jpg\",\"articleSection\":[\"Afrique centrale\",\"Cameroun\"],\"inLanguage\":\"fr-FR\"},{\"@type\":\"WebPage\",\"@id\":\"https:\\\/\\\/www.itakaescolapios.org\\\/fr\\\/2022\\\/03\\\/misa-de-miercoles-de-ceniza-en-el-colegio-san-jose-calasanz-de-malibe\\\/\",\"url\":\"https:\\\/\\\/www.itakaescolapios.org\\\/fr\\\/2022\\\/03\\\/misa-de-miercoles-de-ceniza-en-el-colegio-san-jose-calasanz-de-malibe\\\/\",\"name\":\"MISA DE MI\u00c9RCOLES DE CENIZA EN EL COLEGIO SAN JOS\u00c9 CALASANZ DE Malib\u00e9 - Itaka-Escolapios\",\"isPartOf\":{\"@id\":\"https:\\\/\\\/www.itakaescolapios.org\\\/es\\\/#website\"},\"primaryImageOfPage\":{\"@id\":\"https:\\\/\\\/www.itakaescolapios.org\\\/fr\\\/2022\\\/03\\\/misa-de-miercoles-de-ceniza-en-el-colegio-san-jose-calasanz-de-malibe\\\/#primaryimage\"},\"image\":{\"@id\":\"https:\\\/\\\/www.itakaescolapios.org\\\/fr\\\/2022\\\/03\\\/misa-de-miercoles-de-ceniza-en-el-colegio-san-jose-calasanz-de-malibe\\\/#primaryimage\"},\"thumbnailUrl\":\"https:\\\/\\\/www.itakaescolapios.org\\\/wp-content\\\/uploads\\\/2022\\\/03\\\/IMG-20220302-WA0056.jpg\",\"datePublished\":\"2022-03-02T14:30:49+00:00\",\"dateModified\":\"2023-11-28T11:35:50+00:00\",\"breadcrumb\":{\"@id\":\"https:\\\/\\\/www.itakaescolapios.org\\\/fr\\\/2022\\\/03\\\/misa-de-miercoles-de-ceniza-en-el-colegio-san-jose-calasanz-de-malibe\\\/#breadcrumb\"},\"inLanguage\":\"fr-FR\",\"potentialAction\":[{\"@type\":\"ReadAction\",\"target\":[\"https:\\\/\\\/www.itakaescolapios.org\\\/fr\\\/2022\\\/03\\\/misa-de-miercoles-de-ceniza-en-el-colegio-san-jose-calasanz-de-malibe\\\/\"]}]},{\"@type\":\"ImageObject\",\"inLanguage\":\"fr-FR\",\"@id\":\"https:\\\/\\\/www.itakaescolapios.org\\\/fr\\\/2022\\\/03\\\/misa-de-miercoles-de-ceniza-en-el-colegio-san-jose-calasanz-de-malibe\\\/#primaryimage\",\"url\":\"https:\\\/\\\/www.itakaescolapios.org\\\/wp-content\\\/uploads\\\/2022\\\/03\\\/IMG-20220302-WA0056.jpg\",\"contentUrl\":\"https:\\\/\\\/www.itakaescolapios.org\\\/wp-content\\\/uploads\\\/2022\\\/03\\\/IMG-20220302-WA0056.jpg\",\"width\":1080,\"height\":486},{\"@type\":\"BreadcrumbList\",\"@id\":\"https:\\\/\\\/www.itakaescolapios.org\\\/fr\\\/2022\\\/03\\\/misa-de-miercoles-de-ceniza-en-el-colegio-san-jose-calasanz-de-malibe\\\/#breadcrumb\",\"itemListElement\":[{\"@type\":\"ListItem\",\"position\":1,\"name\":\"Itaka-Escolapios\",\"item\":\"https:\\\/\\\/www.itakaescolapios.org\\\/es\\\/\"},{\"@type\":\"ListItem\",\"position\":2,\"name\":\"MESSE DU MERCREDI DES CENDRES AU COLLEGE SAINT JOSEPH CALASANZ DE Malib\u00e9\"}]},{\"@type\":\"WebSite\",\"@id\":\"https:\\\/\\\/www.itakaescolapios.org\\\/fr\\\/es\\\/#website\",\"url\":\"https:\\\/\\\/www.itakaescolapios.org\\\/fr\\\/es\\\/\",\"name\":\"Itaka-Escolapios\",\"description\":\"Red de Itaka-Escolapios\",\"publisher\":{\"@id\":\"https:\\\/\\\/www.itakaescolapios.org\\\/fr\\\/es\\\/#organization\"},\"potentialAction\":[{\"@type\":\"SearchAction\",\"target\":{\"@type\":\"EntryPoint\",\"urlTemplate\":\"https:\\\/\\\/www.itakaescolapios.org\\\/fr\\\/es\\\/?s={search_term_string}\"},\"query-input\":{\"@type\":\"PropertyValueSpecification\",\"valueRequired\":true,\"valueName\":\"search_term_string\"}}],\"inLanguage\":\"fr-FR\"},{\"@type\":\"Organization\",\"@id\":\"https:\\\/\\\/www.itakaescolapios.org\\\/fr\\\/es\\\/#organization\",\"name\":\"Fundaci\u00f3 Itaka-Escolapios\",\"url\":\"https:\\\/\\\/www.itakaescolapios.org\\\/fr\\\/es\\\/\",\"logo\":{\"@type\":\"ImageObject\",\"inLanguage\":\"fr-FR\",\"@id\":\"https:\\\/\\\/www.itakaescolapios.org\\\/fr\\\/es\\\/#\\\/schema\\\/logo\\\/image\\\/\",\"url\":\"https:\\\/\\\/www.itakaescolapios.org\\\/wp-content\\\/uploads\\\/2024\\\/04\\\/Logo-itakaescolapios-peque.png\",\"contentUrl\":\"https:\\\/\\\/www.itakaescolapios.org\\\/wp-content\\\/uploads\\\/2024\\\/04\\\/Logo-itakaescolapios-peque.png\",\"width\":500,\"height\":199,\"caption\":\"Fundaci\u00f3 Itaka-Escolapios\"},\"image\":{\"@id\":\"https:\\\/\\\/www.itakaescolapios.org\\\/fr\\\/es\\\/#\\\/schema\\\/logo\\\/image\\\/\"}},{\"@type\":\"Person\",\"@id\":\"https:\\\/\\\/www.itakaescolapios.org\\\/es\\\/#\\\/schema\\\/person\\\/d2844383e29bfdfef69039672ce14eb1\",\"name\":\"cameroun01\",\"url\":\"https:\\\/\\\/www.itakaescolapios.org\\\/fr\\\/author\\\/cameroun01\\\/\"}]}<\/script>\n<!-- \/ Yoast SEO plugin. -->","yoast_head_json":{"title":"MESSE DU MERCREDI DES CENDRES AU COLLEGE SAINT JOSEPH CALASANZ DE Malib\u00e9","description":"Ce mercredi 02 mars 2022 a eu lieu \u00e0 la paroisse Saint Louis Marie Grignon de Montfort (Gabon), la messe du mercredi de cendre dirig\u00e9 par le p\u00e8re Cyril, le p\u00e8re Justin et le fr\u00e8re Aur\u00e9lien. Afin de d\u00e9marrer efficacement la p\u00e9riode de car\u00eame les \u00e9l\u00e8ves de l'institut catholique Calasanz de Libreville ont re\u00e7u la\u2026","robots":{"index":"index","follow":"follow","max-snippet":"max-snippet:-1","max-image-preview":"max-image-preview:large","max-video-preview":"max-video-preview:-1"},"canonical":"Ce mercredi 02 mars 2022 a eu lieu \u00e0 la paroisse Saint Louis Marie Grignon de Montfort (Gabon), la messe du mercredi de cendre dirig\u00e9 par le p\u00e8re Cyril, le p\u00e8re Justin et le fr\u00e8re Aur\u00e9lien. Afin de d\u00e9marrer efficacement la p\u00e9riode de car\u00eame les \u00e9l\u00e8ves de l'institut catholique Calasanz de Libreville ont re\u00e7u la\u2026","og_locale":"fr_FR","og_type":"article","og_title":"MESSE DU MERCREDI DES CENDRES AU COLLEGE SAINT JOSEPH CALASANZ DE Malib\u00e9","og_description":"Ce mercredi 02 mars 2022 a eu lieu \u00e0 la paroisse Saint Louis Marie Grignon de Montfort (Gabon), la messe du mercredi de cendre dirig\u00e9 par le p\u00e8re Cyril, le p\u00e8re Justin et le fr\u00e8re Aur\u00e9lien. Afin de d\u00e9marrer efficacement la p\u00e9riode de car\u00eame les \u00e9l\u00e8ves de l'institut catholique Calasanz de Libreville ont re\u00e7u la\u2026","og_url":"https:\/\/www.itakaescolapios.org\/fr\/2022\/03\/misa-de-miercoles-de-ceniza-en-el-colegio-san-jose-calasanz-de-malibe\/","og_site_name":"Itaka-Escolapios","article_published_time":"2022-03-02T14:30:49+00:00","article_modified_time":"2023-11-28T11:35:50+00:00","og_image":[{"width":1080,"height":486,"url":"https:\/\/www.itakaescolapios.org\/wp-content\/uploads\/2022\/03\/IMG-20220302-WA0056.jpg","type":"image\/jpeg"}],"author":"cameroun01","twitter_card":"summary_large_image","twitter_misc":{"\u00c9crit par":"cameroun01"},"schema":{"@context":"https:\/\/schema.org","@graph":[{"@type":"Article","@id":"https:\/\/www.itakaescolapios.org\/fr\/2022\/03\/misa-de-miercoles-de-ceniza-en-el-colegio-san-jose-calasanz-de-malibe\/#article","isPartOf":{"@id":"https:\/\/www.itakaescolapios.org\/fr\/2022\/03\/misa-de-miercoles-de-ceniza-en-el-colegio-san-jose-calasanz-de-malibe\/"},"author":{"name":"cameroun01","@id":"https:\/\/www.itakaescolapios.org\/es\/#\/schema\/person\/d2844383e29bfdfef69039672ce14eb1"},"headline":"MESSE DU MERCREDI DES CENDRES AU COLLEGE SAINT JOSEPH CALASANZ DE Malib\u00e9","datePublished":"2022-03-02T14:30:49+00:00","dateModified":"2023-11-28T11:35:50+00:00","mainEntityOfPage":{"@id":"https:\/\/www.itakaescolapios.org\/fr\/2022\/03\/misa-de-miercoles-de-ceniza-en-el-colegio-san-jose-calasanz-de-malibe\/"},"wordCount":100,"publisher":{"@id":"https:\/\/www.itakaescolapios.org\/es\/#organization"},"image":{"@id":"https:\/\/www.itakaescolapios.org\/fr\/2022\/03\/misa-de-miercoles-de-ceniza-en-el-colegio-san-jose-calasanz-de-malibe\/#primaryimage"},"thumbnailUrl":"https:\/\/www.itakaescolapios.org\/wp-content\/uploads\/2022\/03\/IMG-20220302-WA0056.jpg","articleSection":["Afrique centrale","Cameroun"],"inLanguage":"fr-FR"},{"@type":"WebPage","@id":"https:\/\/www.itakaescolapios.org\/fr\/2022\/03\/misa-de-miercoles-de-ceniza-en-el-colegio-san-jose-calasanz-de-malibe\/","url":"https:\/\/www.itakaescolapios.org\/fr\/2022\/03\/misa-de-miercoles-de-ceniza-en-el-colegio-san-jose-calasanz-de-malibe\/","name":"MISA DE MI\u00c9RCOLES DE CENIZA EN EL COLEGIO SAN JOS\u00c9 CALASANZ DE Malib\u00e9 - Itaka-Escolapios","isPartOf":{"@id":"https:\/\/www.itakaescolapios.org\/es\/#website"},"primaryImageOfPage":{"@id":"https:\/\/www.itakaescolapios.org\/fr\/2022\/03\/misa-de-miercoles-de-ceniza-en-el-colegio-san-jose-calasanz-de-malibe\/#primaryimage"},"image":{"@id":"https:\/\/www.itakaescolapios.org\/fr\/2022\/03\/misa-de-miercoles-de-ceniza-en-el-colegio-san-jose-calasanz-de-malibe\/#primaryimage"},"thumbnailUrl":"https:\/\/www.itakaescolapios.org\/wp-content\/uploads\/2022\/03\/IMG-20220302-WA0056.jpg","datePublished":"2022-03-02T14:30:49+00:00","dateModified":"2023-11-28T11:35:50+00:00","breadcrumb":{"@id":"https:\/\/www.itakaescolapios.org\/fr\/2022\/03\/misa-de-miercoles-de-ceniza-en-el-colegio-san-jose-calasanz-de-malibe\/#breadcrumb"},"inLanguage":"fr-FR","potentialAction":[{"@type":"ReadAction","target":["https:\/\/www.itakaescolapios.org\/fr\/2022\/03\/misa-de-miercoles-de-ceniza-en-el-colegio-san-jose-calasanz-de-malibe\/"]}]},{"@type":"ImageObject","inLanguage":"fr-FR","@id":"https:\/\/www.itakaescolapios.org\/fr\/2022\/03\/misa-de-miercoles-de-ceniza-en-el-colegio-san-jose-calasanz-de-malibe\/#primaryimage","url":"https:\/\/www.itakaescolapios.org\/wp-content\/uploads\/2022\/03\/IMG-20220302-WA0056.jpg","contentUrl":"https:\/\/www.itakaescolapios.org\/wp-content\/uploads\/2022\/03\/IMG-20220302-WA0056.jpg","width":1080,"height":486},{"@type":"BreadcrumbList","@id":"https:\/\/www.itakaescolapios.org\/fr\/2022\/03\/misa-de-miercoles-de-ceniza-en-el-colegio-san-jose-calasanz-de-malibe\/#breadcrumb","itemListElement":[{"@type":"ListItem","position":1,"name":"Itaka-Escolapios","item":"https:\/\/www.itakaescolapios.org\/es\/"},{"@type":"ListItem","position":2,"name":"MESSE DU MERCREDI DES CENDRES AU COLLEGE SAINT JOSEPH CALASANZ DE Malib\u00e9"}]},{"@type":"WebSite","@id":"https:\/\/www.itakaescolapios.org\/fr\/es\/#website","url":"https:\/\/www.itakaescolapios.org\/fr\/es\/","name":"Itaka-Escolapios","description":"Red de Itaka-Escolapios","publisher":{"@id":"https:\/\/www.itakaescolapios.org\/fr\/es\/#organization"},"potentialAction":[{"@type":"SearchAction","target":{"@type":"EntryPoint","urlTemplate":"https:\/\/www.itakaescolapios.org\/fr\/es\/?s={search_term_string}"},"query-input":{"@type":"PropertyValueSpecification","valueRequired":true,"valueName":"search_term_string"}}],"inLanguage":"fr-FR"},{"@type":"Organization","@id":"https:\/\/www.itakaescolapios.org\/fr\/es\/#organization","name":"Fundaci\u00f3 Itaka-Escolapios","url":"https:\/\/www.itakaescolapios.org\/fr\/es\/","logo":{"@type":"ImageObject","inLanguage":"fr-FR","@id":"https:\/\/www.itakaescolapios.org\/fr\/es\/#\/schema\/logo\/image\/","url":"https:\/\/www.itakaescolapios.org\/wp-content\/uploads\/2024\/04\/Logo-itakaescolapios-peque.png","contentUrl":"https:\/\/www.itakaescolapios.org\/wp-content\/uploads\/2024\/04\/Logo-itakaescolapios-peque.png","width":500,"height":199,"caption":"Fundaci\u00f3 Itaka-Escolapios"},"image":{"@id":"https:\/\/www.itakaescolapios.org\/fr\/es\/#\/schema\/logo\/image\/"}},{"@type":"Person","@id":"https:\/\/www.itakaescolapios.org\/es\/#\/schema\/person\/d2844383e29bfdfef69039672ce14eb1","name":"cameroun01","url":"https:\/\/www.itakaescolapios.org\/fr\/author\/cameroun01\/"}]}},"_links":{"self":[{"href":"https:\/\/www.itakaescolapios.org\/fr\/wp-json\/wp\/v2\/posts\/36213","targetHints":{"allow":["GET"]}}],"collection":[{"href":"https:\/\/www.itakaescolapios.org\/fr\/wp-json\/wp\/v2\/posts"}],"about":[{"href":"https:\/\/www.itakaescolapios.org\/fr\/wp-json\/wp\/v2\/types\/post"}],"author":[{"embeddable":true,"href":"https:\/\/www.itakaescolapios.org\/fr\/wp-json\/wp\/v2\/users\/15"}],"replies":[{"embeddable":true,"href":"https:\/\/www.itakaescolapios.org\/fr\/wp-json\/wp\/v2\/comments?post=36213"}],"version-history":[{"count":5,"href":"https:\/\/www.itakaescolapios.org\/fr\/wp-json\/wp\/v2\/posts\/36213\/revisions"}],"predecessor-version":[{"id":44031,"href":"https:\/\/www.itakaescolapios.org\/fr\/wp-json\/wp\/v2\/posts\/36213\/revisions\/44031"}],"wp:featuredmedia":[{"embeddable":true,"href":"https:\/\/www.itakaescolapios.org\/fr\/wp-json\/wp\/v2\/media\/36215"}],"wp:attachment":[{"href":"https:\/\/www.itakaescolapios.org\/fr\/wp-json\/wp\/v2\/media?parent=36213"}],"wp:term":[{"taxonomy":"category","embeddable":true,"href":"https:\/\/www.itakaescolapios.org\/fr\/wp-json\/wp\/v2\/categories?post=36213"},{"taxonomy":"post_tag","embeddable":true,"href":"https:\/\/www.itakaescolapios.org\/fr\/wp-json\/wp\/v2\/tags?post=36213"}],"curies":[{"name":"wp","href":"https:\/\/api.w.org\/{rel}","templated":true}]}}