{"id":36222,"date":"2022-03-04T14:41:58","date_gmt":"2022-03-04T13:41:58","guid":{"rendered":"https:\/\/www.itakaescolapios.org\/?p=36222"},"modified":"2023-11-28T12:35:50","modified_gmt":"2023-11-28T11:35:50","slug":"preparacion-para-el-dia-internacional-de-la-mujer-en-el-complejo-escolar-bilingue-san-jose-calasanz-en-bafia","status":"publish","type":"post","link":"https:\/\/www.itakaescolapios.org\/fr\/2022\/03\/preparacion-para-el-dia-internacional-de-la-mujer-en-el-complejo-escolar-bilingue-san-jose-calasanz-en-bafia\/","title":{"rendered":"PREPARATION DE LA JOURNEE INTERNATIONALE DE LA FEMME AU COMPLEXE SCOLAIRE BILINGUE SAINT JOSEPH CALASANZ DE BAFIA"},"content":{"rendered":"<p>Ce vendredi 4 mars 2022, \u00e0 quelques jours de la journ\u00e9e internationale de la femme ( 8 mars ), les membres du corps administratif et profesoral f\u00e9minin de l&rsquo;\u00e9cole catholique saint joseph calasanz de bafia ( Cameroun) ont commenc\u00e9 les pr\u00e9paratifs. Tr\u00e8s tot le matin \u00e0 partir de 6H00, a d\u00e9but\u00e9 la journ\u00e9e avec la marche sportive puis vers 8H investissement au sein de l&rsquo;\u00e9cole en vue de mettre \u00e0 profit cette celebration de la journ\u00e9e internationale de la femme 2022. Les festivit\u00e9s se poursuivront lundi prochain avec d&rsquo;autres activit\u00e9s.<\/p>\n<div style=\"width: 640px;\" class=\"wp-video\"><video class=\"wp-video-shortcode\" id=\"video-36222-1\" width=\"640\" height=\"352\" preload=\"metadata\" controls=\"controls\"><source type=\"video\/mp4\" src=\"https:\/\/www.itakaescolapios.org\/wp-content\/uploads\/2022\/03\/VID-20220304-WA0014.mp4?_=1\" \/><a href=\"https:\/\/www.itakaescolapios.org\/wp-content\/uploads\/2022\/03\/VID-20220304-WA0014.mp4\">https:\/\/www.itakaescolapios.org\/wp-content\/uploads\/2022\/03\/VID-20220304-WA0014.mp4<\/a><\/video><\/div>\n","protected":false},"excerpt":{"rendered":"<p>Ce vendredi 4 mars 2022, \u00e0 quelques jours de la journ\u00e9e internationale de la femme ( 8 mars ), les membres du corps administratif et profesoral f\u00e9minin de l&rsquo;\u00e9cole catholique [&hellip;]<\/p>\n","protected":false},"author":15,"featured_media":36225,"comment_status":"closed","ping_status":"closed","sticky":false,"template":"","format":"standard","meta":{"_et_pb_use_builder":"","_et_pb_old_content":"","_et_gb_content_width":"","footnotes":""},"categories":[53,10],"tags":[],"class_list":["post-36222","post","type-post","status-publish","format-standard","has-post-thumbnail","hentry","category-africa-central","category-camerun"],"yoast_head":"<!-- This site is optimized with the Yoast SEO plugin v27.4 - https:\/\/yoast.com\/product\/yoast-seo-wordpress\/ -->\n<title>PREPARATION DE LA JOURNEE INTERNATIONALE DE LA FEMME AU COMPLEXE SCOLAIRE BILINGUE SAINT JOSEPH CALASANZ DE BAFIA<\/title>\n<meta name=\"description\" content=\"Ce vendredi 4 mars 2022, \u00e0 quelques jours de la journ\u00e9e internationale de la femme ( 8 mars ), les membres du corps administratif et profesoral f\u00e9minin de l&#039;\u00e9cole catholique saint joseph calasanz de bafia ( Cameroun) ont commenc\u00e9 les pr\u00e9paratifs. Tr\u00e8s tot le matin \u00e0 partir de 6H00, a d\u00e9but\u00e9 la journ\u00e9e avec la\u2026\" \/>\n<meta name=\"robots\" content=\"index, follow, max-snippet:-1, max-image-preview:large, max-video-preview:-1\" \/>\n<link rel=\"canonical\" href=\"http:\/\/Ce%20vendredi%204%20mars%202022,%20\u00e0%20quelques%20jours%20de%20la%20journ\u00e9e%20internationale%20de%20la%20femme%20(%208%20mars%20),%20les%20membres%20du%20corps%20administratif%20et%20profesoral%20f\u00e9minin%20de%20l'\u00e9cole%20catholique%20saint%20joseph%20calasanz%20de%20bafia%20(%20Cameroun)%20ont%20commenc\u00e9%20les%20pr\u00e9paratifs.%20Tr\u00e8s%20tot%20le%20matin%20\u00e0%20partir%20de%206H00,%20a%20d\u00e9but\u00e9%20la%20journ\u00e9e%20avec%20la\u2026\" \/>\n<meta property=\"og:locale\" content=\"fr_FR\" \/>\n<meta property=\"og:type\" content=\"article\" \/>\n<meta property=\"og:title\" content=\"PREPARATION DE LA JOURNEE INTERNATIONALE DE LA FEMME AU COMPLEXE SCOLAIRE BILINGUE SAINT JOSEPH CALASANZ DE BAFIA\" \/>\n<meta property=\"og:description\" content=\"Ce vendredi 4 mars 2022, \u00e0 quelques jours de la journ\u00e9e internationale de la femme ( 8 mars ), les membres du corps administratif et profesoral f\u00e9minin de l&#039;\u00e9cole catholique saint joseph calasanz de bafia ( Cameroun) ont commenc\u00e9 les pr\u00e9paratifs. Tr\u00e8s tot le matin \u00e0 partir de 6H00, a d\u00e9but\u00e9 la journ\u00e9e avec la\u2026\" \/>\n<meta property=\"og:url\" content=\"https:\/\/www.itakaescolapios.org\/fr\/2022\/03\/preparacion-para-el-dia-internacional-de-la-mujer-en-el-complejo-escolar-bilingue-san-jose-calasanz-en-bafia\/\" \/>\n<meta property=\"og:site_name\" content=\"Itaka-Escolapios\" \/>\n<meta property=\"article:published_time\" content=\"2022-03-04T13:41:58+00:00\" \/>\n<meta property=\"article:modified_time\" content=\"2023-11-28T11:35:50+00:00\" \/>\n<meta property=\"og:image\" content=\"https:\/\/www.itakaescolapios.org\/wp-content\/uploads\/2022\/03\/IMG-20220304-WA0018.jpg\" \/>\n\t<meta property=\"og:image:width\" content=\"1080\" \/>\n\t<meta property=\"og:image:height\" content=\"486\" \/>\n\t<meta property=\"og:image:type\" content=\"image\/jpeg\" \/>\n<meta name=\"author\" content=\"cameroun01\" \/>\n<meta name=\"twitter:card\" content=\"summary_large_image\" \/>\n<meta name=\"twitter:label1\" content=\"\u00c9crit par\" \/>\n\t<meta name=\"twitter:data1\" content=\"cameroun01\" \/>\n\t<meta name=\"twitter:label2\" content=\"Dur\u00e9e de lecture estim\u00e9e\" \/>\n\t<meta name=\"twitter:data2\" content=\"1 minute\" \/>\n<script type=\"application\/ld+json\" class=\"yoast-schema-graph\">{\"@context\":\"https:\\\/\\\/schema.org\",\"@graph\":[{\"@type\":\"Article\",\"@id\":\"https:\\\/\\\/www.itakaescolapios.org\\\/fr\\\/2022\\\/03\\\/preparacion-para-el-dia-internacional-de-la-mujer-en-el-complejo-escolar-bilingue-san-jose-calasanz-en-bafia\\\/#article\",\"isPartOf\":{\"@id\":\"https:\\\/\\\/www.itakaescolapios.org\\\/fr\\\/2022\\\/03\\\/preparacion-para-el-dia-internacional-de-la-mujer-en-el-complejo-escolar-bilingue-san-jose-calasanz-en-bafia\\\/\"},\"author\":{\"name\":\"cameroun01\",\"@id\":\"https:\\\/\\\/www.itakaescolapios.org\\\/es\\\/#\\\/schema\\\/person\\\/d2844383e29bfdfef69039672ce14eb1\"},\"headline\":\"PREPARATION DE LA JOURNEE INTERNATIONALE DE LA FEMME AU COMPLEXE SCOLAIRE BILINGUE SAINT JOSEPH CALASANZ DE BAFIA\",\"datePublished\":\"2022-03-04T13:41:58+00:00\",\"dateModified\":\"2023-11-28T11:35:50+00:00\",\"mainEntityOfPage\":{\"@id\":\"https:\\\/\\\/www.itakaescolapios.org\\\/fr\\\/2022\\\/03\\\/preparacion-para-el-dia-internacional-de-la-mujer-en-el-complejo-escolar-bilingue-san-jose-calasanz-en-bafia\\\/\"},\"wordCount\":123,\"publisher\":{\"@id\":\"https:\\\/\\\/www.itakaescolapios.org\\\/es\\\/#organization\"},\"image\":{\"@id\":\"https:\\\/\\\/www.itakaescolapios.org\\\/fr\\\/2022\\\/03\\\/preparacion-para-el-dia-internacional-de-la-mujer-en-el-complejo-escolar-bilingue-san-jose-calasanz-en-bafia\\\/#primaryimage\"},\"thumbnailUrl\":\"https:\\\/\\\/www.itakaescolapios.org\\\/wp-content\\\/uploads\\\/2022\\\/03\\\/IMG-20220304-WA0018.jpg\",\"articleSection\":[\"Afrique centrale\",\"Cameroun\"],\"inLanguage\":\"fr-FR\"},{\"@type\":\"WebPage\",\"@id\":\"https:\\\/\\\/www.itakaescolapios.org\\\/fr\\\/2022\\\/03\\\/preparacion-para-el-dia-internacional-de-la-mujer-en-el-complejo-escolar-bilingue-san-jose-calasanz-en-bafia\\\/\",\"url\":\"https:\\\/\\\/www.itakaescolapios.org\\\/fr\\\/2022\\\/03\\\/preparacion-para-el-dia-internacional-de-la-mujer-en-el-complejo-escolar-bilingue-san-jose-calasanz-en-bafia\\\/\",\"name\":\"PREPARACI\u00d3N PARA EL D\u00cdA INTERNACIONAL DE LA MUJER EN EL COMPLEJO ESCOLAR BILING\u00dcE SAN JOS\u00c9 CALASANZ EN BAFIA - Itaka-Escolapios\",\"isPartOf\":{\"@id\":\"https:\\\/\\\/www.itakaescolapios.org\\\/es\\\/#website\"},\"primaryImageOfPage\":{\"@id\":\"https:\\\/\\\/www.itakaescolapios.org\\\/fr\\\/2022\\\/03\\\/preparacion-para-el-dia-internacional-de-la-mujer-en-el-complejo-escolar-bilingue-san-jose-calasanz-en-bafia\\\/#primaryimage\"},\"image\":{\"@id\":\"https:\\\/\\\/www.itakaescolapios.org\\\/fr\\\/2022\\\/03\\\/preparacion-para-el-dia-internacional-de-la-mujer-en-el-complejo-escolar-bilingue-san-jose-calasanz-en-bafia\\\/#primaryimage\"},\"thumbnailUrl\":\"https:\\\/\\\/www.itakaescolapios.org\\\/wp-content\\\/uploads\\\/2022\\\/03\\\/IMG-20220304-WA0018.jpg\",\"datePublished\":\"2022-03-04T13:41:58+00:00\",\"dateModified\":\"2023-11-28T11:35:50+00:00\",\"breadcrumb\":{\"@id\":\"https:\\\/\\\/www.itakaescolapios.org\\\/fr\\\/2022\\\/03\\\/preparacion-para-el-dia-internacional-de-la-mujer-en-el-complejo-escolar-bilingue-san-jose-calasanz-en-bafia\\\/#breadcrumb\"},\"inLanguage\":\"fr-FR\",\"potentialAction\":[{\"@type\":\"ReadAction\",\"target\":[\"https:\\\/\\\/www.itakaescolapios.org\\\/fr\\\/2022\\\/03\\\/preparacion-para-el-dia-internacional-de-la-mujer-en-el-complejo-escolar-bilingue-san-jose-calasanz-en-bafia\\\/\"]}]},{\"@type\":\"ImageObject\",\"inLanguage\":\"fr-FR\",\"@id\":\"https:\\\/\\\/www.itakaescolapios.org\\\/fr\\\/2022\\\/03\\\/preparacion-para-el-dia-internacional-de-la-mujer-en-el-complejo-escolar-bilingue-san-jose-calasanz-en-bafia\\\/#primaryimage\",\"url\":\"https:\\\/\\\/www.itakaescolapios.org\\\/wp-content\\\/uploads\\\/2022\\\/03\\\/IMG-20220304-WA0018.jpg\",\"contentUrl\":\"https:\\\/\\\/www.itakaescolapios.org\\\/wp-content\\\/uploads\\\/2022\\\/03\\\/IMG-20220304-WA0018.jpg\",\"width\":1080,\"height\":486},{\"@type\":\"BreadcrumbList\",\"@id\":\"https:\\\/\\\/www.itakaescolapios.org\\\/fr\\\/2022\\\/03\\\/preparacion-para-el-dia-internacional-de-la-mujer-en-el-complejo-escolar-bilingue-san-jose-calasanz-en-bafia\\\/#breadcrumb\",\"itemListElement\":[{\"@type\":\"ListItem\",\"position\":1,\"name\":\"Itaka-Escolapios\",\"item\":\"https:\\\/\\\/www.itakaescolapios.org\\\/es\\\/\"},{\"@type\":\"ListItem\",\"position\":2,\"name\":\"PREPARATION DE LA JOURNEE INTERNATIONALE DE LA FEMME AU COMPLEXE SCOLAIRE BILINGUE SAINT JOSEPH CALASANZ DE BAFIA\"}]},{\"@type\":\"WebSite\",\"@id\":\"https:\\\/\\\/www.itakaescolapios.org\\\/fr\\\/es\\\/#website\",\"url\":\"https:\\\/\\\/www.itakaescolapios.org\\\/fr\\\/es\\\/\",\"name\":\"Itaka-Escolapios\",\"description\":\"Red de Itaka-Escolapios\",\"publisher\":{\"@id\":\"https:\\\/\\\/www.itakaescolapios.org\\\/fr\\\/es\\\/#organization\"},\"potentialAction\":[{\"@type\":\"SearchAction\",\"target\":{\"@type\":\"EntryPoint\",\"urlTemplate\":\"https:\\\/\\\/www.itakaescolapios.org\\\/fr\\\/es\\\/?s={search_term_string}\"},\"query-input\":{\"@type\":\"PropertyValueSpecification\",\"valueRequired\":true,\"valueName\":\"search_term_string\"}}],\"inLanguage\":\"fr-FR\"},{\"@type\":\"Organization\",\"@id\":\"https:\\\/\\\/www.itakaescolapios.org\\\/fr\\\/es\\\/#organization\",\"name\":\"Fundaci\u00f3 Itaka-Escolapios\",\"url\":\"https:\\\/\\\/www.itakaescolapios.org\\\/fr\\\/es\\\/\",\"logo\":{\"@type\":\"ImageObject\",\"inLanguage\":\"fr-FR\",\"@id\":\"https:\\\/\\\/www.itakaescolapios.org\\\/fr\\\/es\\\/#\\\/schema\\\/logo\\\/image\\\/\",\"url\":\"https:\\\/\\\/www.itakaescolapios.org\\\/wp-content\\\/uploads\\\/2024\\\/04\\\/Logo-itakaescolapios-peque.png\",\"contentUrl\":\"https:\\\/\\\/www.itakaescolapios.org\\\/wp-content\\\/uploads\\\/2024\\\/04\\\/Logo-itakaescolapios-peque.png\",\"width\":500,\"height\":199,\"caption\":\"Fundaci\u00f3 Itaka-Escolapios\"},\"image\":{\"@id\":\"https:\\\/\\\/www.itakaescolapios.org\\\/fr\\\/es\\\/#\\\/schema\\\/logo\\\/image\\\/\"}},{\"@type\":\"Person\",\"@id\":\"https:\\\/\\\/www.itakaescolapios.org\\\/es\\\/#\\\/schema\\\/person\\\/d2844383e29bfdfef69039672ce14eb1\",\"name\":\"cameroun01\",\"url\":\"https:\\\/\\\/www.itakaescolapios.org\\\/fr\\\/author\\\/cameroun01\\\/\"}]}<\/script>\n<!-- \/ Yoast SEO plugin. -->","yoast_head_json":{"title":"PREPARATION DE LA JOURNEE INTERNATIONALE DE LA FEMME AU COMPLEXE SCOLAIRE BILINGUE SAINT JOSEPH CALASANZ DE BAFIA","description":"Ce vendredi 4 mars 2022, \u00e0 quelques jours de la journ\u00e9e internationale de la femme ( 8 mars ), les membres du corps administratif et profesoral f\u00e9minin de l'\u00e9cole catholique saint joseph calasanz de bafia ( Cameroun) ont commenc\u00e9 les pr\u00e9paratifs. Tr\u00e8s tot le matin \u00e0 partir de 6H00, a d\u00e9but\u00e9 la journ\u00e9e avec la\u2026","robots":{"index":"index","follow":"follow","max-snippet":"max-snippet:-1","max-image-preview":"max-image-preview:large","max-video-preview":"max-video-preview:-1"},"canonical":"Ce vendredi 4 mars 2022, \u00e0 quelques jours de la journ\u00e9e internationale de la femme ( 8 mars ), les membres du corps administratif et profesoral f\u00e9minin de l'\u00e9cole catholique saint joseph calasanz de bafia ( Cameroun) ont commenc\u00e9 les pr\u00e9paratifs. Tr\u00e8s tot le matin \u00e0 partir de 6H00, a d\u00e9but\u00e9 la journ\u00e9e avec la\u2026","og_locale":"fr_FR","og_type":"article","og_title":"PREPARATION DE LA JOURNEE INTERNATIONALE DE LA FEMME AU COMPLEXE SCOLAIRE BILINGUE SAINT JOSEPH CALASANZ DE BAFIA","og_description":"Ce vendredi 4 mars 2022, \u00e0 quelques jours de la journ\u00e9e internationale de la femme ( 8 mars ), les membres du corps administratif et profesoral f\u00e9minin de l'\u00e9cole catholique saint joseph calasanz de bafia ( Cameroun) ont commenc\u00e9 les pr\u00e9paratifs. Tr\u00e8s tot le matin \u00e0 partir de 6H00, a d\u00e9but\u00e9 la journ\u00e9e avec la\u2026","og_url":"https:\/\/www.itakaescolapios.org\/fr\/2022\/03\/preparacion-para-el-dia-internacional-de-la-mujer-en-el-complejo-escolar-bilingue-san-jose-calasanz-en-bafia\/","og_site_name":"Itaka-Escolapios","article_published_time":"2022-03-04T13:41:58+00:00","article_modified_time":"2023-11-28T11:35:50+00:00","og_image":[{"width":1080,"height":486,"url":"https:\/\/www.itakaescolapios.org\/wp-content\/uploads\/2022\/03\/IMG-20220304-WA0018.jpg","type":"image\/jpeg"}],"author":"cameroun01","twitter_card":"summary_large_image","twitter_misc":{"\u00c9crit par":"cameroun01","Dur\u00e9e de lecture estim\u00e9e":"1 minute"},"schema":{"@context":"https:\/\/schema.org","@graph":[{"@type":"Article","@id":"https:\/\/www.itakaescolapios.org\/fr\/2022\/03\/preparacion-para-el-dia-internacional-de-la-mujer-en-el-complejo-escolar-bilingue-san-jose-calasanz-en-bafia\/#article","isPartOf":{"@id":"https:\/\/www.itakaescolapios.org\/fr\/2022\/03\/preparacion-para-el-dia-internacional-de-la-mujer-en-el-complejo-escolar-bilingue-san-jose-calasanz-en-bafia\/"},"author":{"name":"cameroun01","@id":"https:\/\/www.itakaescolapios.org\/es\/#\/schema\/person\/d2844383e29bfdfef69039672ce14eb1"},"headline":"PREPARATION DE LA JOURNEE INTERNATIONALE DE LA FEMME AU COMPLEXE SCOLAIRE BILINGUE SAINT JOSEPH CALASANZ DE BAFIA","datePublished":"2022-03-04T13:41:58+00:00","dateModified":"2023-11-28T11:35:50+00:00","mainEntityOfPage":{"@id":"https:\/\/www.itakaescolapios.org\/fr\/2022\/03\/preparacion-para-el-dia-internacional-de-la-mujer-en-el-complejo-escolar-bilingue-san-jose-calasanz-en-bafia\/"},"wordCount":123,"publisher":{"@id":"https:\/\/www.itakaescolapios.org\/es\/#organization"},"image":{"@id":"https:\/\/www.itakaescolapios.org\/fr\/2022\/03\/preparacion-para-el-dia-internacional-de-la-mujer-en-el-complejo-escolar-bilingue-san-jose-calasanz-en-bafia\/#primaryimage"},"thumbnailUrl":"https:\/\/www.itakaescolapios.org\/wp-content\/uploads\/2022\/03\/IMG-20220304-WA0018.jpg","articleSection":["Afrique centrale","Cameroun"],"inLanguage":"fr-FR"},{"@type":"WebPage","@id":"https:\/\/www.itakaescolapios.org\/fr\/2022\/03\/preparacion-para-el-dia-internacional-de-la-mujer-en-el-complejo-escolar-bilingue-san-jose-calasanz-en-bafia\/","url":"https:\/\/www.itakaescolapios.org\/fr\/2022\/03\/preparacion-para-el-dia-internacional-de-la-mujer-en-el-complejo-escolar-bilingue-san-jose-calasanz-en-bafia\/","name":"PREPARACI\u00d3N PARA EL D\u00cdA INTERNACIONAL DE LA MUJER EN EL COMPLEJO ESCOLAR BILING\u00dcE SAN JOS\u00c9 CALASANZ EN BAFIA - Itaka-Escolapios","isPartOf":{"@id":"https:\/\/www.itakaescolapios.org\/es\/#website"},"primaryImageOfPage":{"@id":"https:\/\/www.itakaescolapios.org\/fr\/2022\/03\/preparacion-para-el-dia-internacional-de-la-mujer-en-el-complejo-escolar-bilingue-san-jose-calasanz-en-bafia\/#primaryimage"},"image":{"@id":"https:\/\/www.itakaescolapios.org\/fr\/2022\/03\/preparacion-para-el-dia-internacional-de-la-mujer-en-el-complejo-escolar-bilingue-san-jose-calasanz-en-bafia\/#primaryimage"},"thumbnailUrl":"https:\/\/www.itakaescolapios.org\/wp-content\/uploads\/2022\/03\/IMG-20220304-WA0018.jpg","datePublished":"2022-03-04T13:41:58+00:00","dateModified":"2023-11-28T11:35:50+00:00","breadcrumb":{"@id":"https:\/\/www.itakaescolapios.org\/fr\/2022\/03\/preparacion-para-el-dia-internacional-de-la-mujer-en-el-complejo-escolar-bilingue-san-jose-calasanz-en-bafia\/#breadcrumb"},"inLanguage":"fr-FR","potentialAction":[{"@type":"ReadAction","target":["https:\/\/www.itakaescolapios.org\/fr\/2022\/03\/preparacion-para-el-dia-internacional-de-la-mujer-en-el-complejo-escolar-bilingue-san-jose-calasanz-en-bafia\/"]}]},{"@type":"ImageObject","inLanguage":"fr-FR","@id":"https:\/\/www.itakaescolapios.org\/fr\/2022\/03\/preparacion-para-el-dia-internacional-de-la-mujer-en-el-complejo-escolar-bilingue-san-jose-calasanz-en-bafia\/#primaryimage","url":"https:\/\/www.itakaescolapios.org\/wp-content\/uploads\/2022\/03\/IMG-20220304-WA0018.jpg","contentUrl":"https:\/\/www.itakaescolapios.org\/wp-content\/uploads\/2022\/03\/IMG-20220304-WA0018.jpg","width":1080,"height":486},{"@type":"BreadcrumbList","@id":"https:\/\/www.itakaescolapios.org\/fr\/2022\/03\/preparacion-para-el-dia-internacional-de-la-mujer-en-el-complejo-escolar-bilingue-san-jose-calasanz-en-bafia\/#breadcrumb","itemListElement":[{"@type":"ListItem","position":1,"name":"Itaka-Escolapios","item":"https:\/\/www.itakaescolapios.org\/es\/"},{"@type":"ListItem","position":2,"name":"PREPARATION DE LA JOURNEE INTERNATIONALE DE LA FEMME AU COMPLEXE SCOLAIRE BILINGUE SAINT JOSEPH CALASANZ DE BAFIA"}]},{"@type":"WebSite","@id":"https:\/\/www.itakaescolapios.org\/fr\/es\/#website","url":"https:\/\/www.itakaescolapios.org\/fr\/es\/","name":"Itaka-Escolapios","description":"Red de Itaka-Escolapios","publisher":{"@id":"https:\/\/www.itakaescolapios.org\/fr\/es\/#organization"},"potentialAction":[{"@type":"SearchAction","target":{"@type":"EntryPoint","urlTemplate":"https:\/\/www.itakaescolapios.org\/fr\/es\/?s={search_term_string}"},"query-input":{"@type":"PropertyValueSpecification","valueRequired":true,"valueName":"search_term_string"}}],"inLanguage":"fr-FR"},{"@type":"Organization","@id":"https:\/\/www.itakaescolapios.org\/fr\/es\/#organization","name":"Fundaci\u00f3 Itaka-Escolapios","url":"https:\/\/www.itakaescolapios.org\/fr\/es\/","logo":{"@type":"ImageObject","inLanguage":"fr-FR","@id":"https:\/\/www.itakaescolapios.org\/fr\/es\/#\/schema\/logo\/image\/","url":"https:\/\/www.itakaescolapios.org\/wp-content\/uploads\/2024\/04\/Logo-itakaescolapios-peque.png","contentUrl":"https:\/\/www.itakaescolapios.org\/wp-content\/uploads\/2024\/04\/Logo-itakaescolapios-peque.png","width":500,"height":199,"caption":"Fundaci\u00f3 Itaka-Escolapios"},"image":{"@id":"https:\/\/www.itakaescolapios.org\/fr\/es\/#\/schema\/logo\/image\/"}},{"@type":"Person","@id":"https:\/\/www.itakaescolapios.org\/es\/#\/schema\/person\/d2844383e29bfdfef69039672ce14eb1","name":"cameroun01","url":"https:\/\/www.itakaescolapios.org\/fr\/author\/cameroun01\/"}]}},"_links":{"self":[{"href":"https:\/\/www.itakaescolapios.org\/fr\/wp-json\/wp\/v2\/posts\/36222","targetHints":{"allow":["GET"]}}],"collection":[{"href":"https:\/\/www.itakaescolapios.org\/fr\/wp-json\/wp\/v2\/posts"}],"about":[{"href":"https:\/\/www.itakaescolapios.org\/fr\/wp-json\/wp\/v2\/types\/post"}],"author":[{"embeddable":true,"href":"https:\/\/www.itakaescolapios.org\/fr\/wp-json\/wp\/v2\/users\/15"}],"replies":[{"embeddable":true,"href":"https:\/\/www.itakaescolapios.org\/fr\/wp-json\/wp\/v2\/comments?post=36222"}],"version-history":[{"count":3,"href":"https:\/\/www.itakaescolapios.org\/fr\/wp-json\/wp\/v2\/posts\/36222\/revisions"}],"predecessor-version":[{"id":44029,"href":"https:\/\/www.itakaescolapios.org\/fr\/wp-json\/wp\/v2\/posts\/36222\/revisions\/44029"}],"wp:featuredmedia":[{"embeddable":true,"href":"https:\/\/www.itakaescolapios.org\/fr\/wp-json\/wp\/v2\/media\/36225"}],"wp:attachment":[{"href":"https:\/\/www.itakaescolapios.org\/fr\/wp-json\/wp\/v2\/media?parent=36222"}],"wp:term":[{"taxonomy":"category","embeddable":true,"href":"https:\/\/www.itakaescolapios.org\/fr\/wp-json\/wp\/v2\/categories?post=36222"},{"taxonomy":"post_tag","embeddable":true,"href":"https:\/\/www.itakaescolapios.org\/fr\/wp-json\/wp\/v2\/tags?post=36222"}],"curies":[{"name":"wp","href":"https:\/\/api.w.org\/{rel}","templated":true}]}}