{"id":36262,"date":"2022-03-07T15:45:59","date_gmt":"2022-03-07T14:45:59","guid":{"rendered":"https:\/\/www.itakaescolapios.org\/?p=36262"},"modified":"2023-11-28T12:35:49","modified_gmt":"2023-11-28T11:35:49","slug":"visita-del-superior-provincial-a-la-delegacion-de-guinea-ecuatorial","status":"publish","type":"post","link":"https:\/\/www.itakaescolapios.org\/fr\/2022\/03\/visita-del-superior-provincial-a-la-delegacion-de-guinea-ecuatorial\/","title":{"rendered":"VISITE DU SUP\u00c9RIEUR PROVINCIAL \u00c0 LA D\u00c9L\u00c9GATION DE GUIN\u00c9E \u00c9QUATORIALE"},"content":{"rendered":"<p>Dans le but d&rsquo;encourager les fr\u00e8res et nos collaborateurs dans les diff\u00e9rentes missions d&rsquo;Ebibeyin, Bata, Akurenam et Akonibe ( Guin\u00e9e \u00c9quatoriale), une visite a \u00e9t\u00e9 faite par le superieur provincial dans ces differentes communaut\u00e9s. C&rsquo;\u00e9tait aussi un moment pour mettre \u00e0 jour les fr\u00e8res dans l&rsquo;esprit du Chapitre g\u00e9n\u00e9ral qui vient de se terminer et leur permettre d&rsquo;entrer dans la nouvelle vision de l&rsquo;Ordre qui est bien d\u00e9finie dans les documents capitulaires : La centralit\u00e9 de J\u00e9sus-Christ dans notre vie ; Le piariste dont nous avons besoin; Un minist\u00e8re irrempla\u00e7able et la construction des \u00c9coles Pies. La visite \u00e9tait belle avec une communaut\u00e9 accueillante, nous avons \u00e9chang\u00e9s avec les fr\u00e8res et les autres membres des communaut\u00e9s pr\u00e9sentes.<\/p>\n<p><img decoding=\"async\" class=\"size-full wp-image-36264 aligncenter\" src=\"https:\/\/www.itakaescolapios.org\/wp-content\/uploads\/2022\/03\/IMG-20220305-WA0044.jpg\" alt=\"\" width=\"1000\" height=\"450\" srcset=\"https:\/\/www.itakaescolapios.org\/wp-content\/uploads\/2022\/03\/IMG-20220305-WA0044.jpg 1000w, https:\/\/www.itakaescolapios.org\/wp-content\/uploads\/2022\/03\/IMG-20220305-WA0044-300x135.jpg 300w, https:\/\/www.itakaescolapios.org\/wp-content\/uploads\/2022\/03\/IMG-20220305-WA0044-768x346.jpg 768w, https:\/\/www.itakaescolapios.org\/wp-content\/uploads\/2022\/03\/IMG-20220305-WA0044-250x113.jpg 250w\" sizes=\"(max-width: 1000px) 100vw, 1000px\" \/><\/p>\n<p><img decoding=\"async\" class=\"size-full wp-image-36266 aligncenter\" src=\"https:\/\/www.itakaescolapios.org\/wp-content\/uploads\/2022\/03\/IMG-20220305-WA0043.jpg\" alt=\"\" width=\"994\" height=\"768\" srcset=\"https:\/\/www.itakaescolapios.org\/wp-content\/uploads\/2022\/03\/IMG-20220305-WA0043.jpg 994w, https:\/\/www.itakaescolapios.org\/wp-content\/uploads\/2022\/03\/IMG-20220305-WA0043-300x232.jpg 300w, https:\/\/www.itakaescolapios.org\/wp-content\/uploads\/2022\/03\/IMG-20220305-WA0043-768x593.jpg 768w, https:\/\/www.itakaescolapios.org\/wp-content\/uploads\/2022\/03\/IMG-20220305-WA0043-250x193.jpg 250w\" sizes=\"(max-width: 994px) 100vw, 994px\" \/><\/p>\n<p><img decoding=\"async\" class=\"size-full wp-image-36269 aligncenter\" src=\"https:\/\/www.itakaescolapios.org\/wp-content\/uploads\/2022\/03\/IMG-20220306-WA0017.jpg\" alt=\"\" width=\"1000\" height=\"450\" srcset=\"https:\/\/www.itakaescolapios.org\/wp-content\/uploads\/2022\/03\/IMG-20220306-WA0017.jpg 1000w, https:\/\/www.itakaescolapios.org\/wp-content\/uploads\/2022\/03\/IMG-20220306-WA0017-300x135.jpg 300w, https:\/\/www.itakaescolapios.org\/wp-content\/uploads\/2022\/03\/IMG-20220306-WA0017-768x346.jpg 768w, https:\/\/www.itakaescolapios.org\/wp-content\/uploads\/2022\/03\/IMG-20220306-WA0017-250x113.jpg 250w\" sizes=\"(max-width: 1000px) 100vw, 1000px\" \/><\/p>\n<p><img decoding=\"async\" class=\"size-full wp-image-36267 aligncenter\" src=\"https:\/\/www.itakaescolapios.org\/wp-content\/uploads\/2022\/03\/IMG-20220305-WA0046.jpg\" alt=\"\" width=\"1000\" height=\"450\" srcset=\"https:\/\/www.itakaescolapios.org\/wp-content\/uploads\/2022\/03\/IMG-20220305-WA0046.jpg 1000w, https:\/\/www.itakaescolapios.org\/wp-content\/uploads\/2022\/03\/IMG-20220305-WA0046-300x135.jpg 300w, https:\/\/www.itakaescolapios.org\/wp-content\/uploads\/2022\/03\/IMG-20220305-WA0046-768x346.jpg 768w, https:\/\/www.itakaescolapios.org\/wp-content\/uploads\/2022\/03\/IMG-20220305-WA0046-250x113.jpg 250w\" sizes=\"(max-width: 1000px) 100vw, 1000px\" \/><\/p>\n","protected":false},"excerpt":{"rendered":"<p>Dans le but d&rsquo;encourager les fr\u00e8res et nos collaborateurs dans les diff\u00e9rentes missions d&rsquo;Ebibeyin, Bata, Akurenam et Akonibe ( Guin\u00e9e \u00c9quatoriale), une visite a \u00e9t\u00e9 faite par le superieur provincial [&hellip;]<\/p>\n","protected":false},"author":15,"featured_media":36265,"comment_status":"closed","ping_status":"closed","sticky":false,"template":"","format":"standard","meta":{"_et_pb_use_builder":"","_et_pb_old_content":"","_et_gb_content_width":"","footnotes":""},"categories":[53,533],"tags":[],"class_list":["post-36262","post","type-post","status-publish","format-standard","has-post-thumbnail","hentry","category-africa-central","category-guinea"],"yoast_head":"<!-- This site is optimized with the Yoast SEO plugin v27.4 - https:\/\/yoast.com\/product\/yoast-seo-wordpress\/ -->\n<title>VISITE DU SUP\u00c9RIEUR PROVINCIAL \u00c0 LA D\u00c9L\u00c9GATION DE GUIN\u00c9E \u00c9QUATORIALE<\/title>\n<meta name=\"description\" content=\"Dans le but d&#039;encourager les fr\u00e8res et nos collaborateurs dans les diff\u00e9rentes missions d&#039;Ebibeyin, Bata, Akurenam et Akonibe ( Guin\u00e9e \u00c9quatoriale), une visite a \u00e9t\u00e9 faite par le superieur provincial dans ces differentes communaut\u00e9s. C&#039;\u00e9tait aussi un moment pour mettre \u00e0 jour les fr\u00e8res dans l&#039;esprit du Chapitre g\u00e9n\u00e9ral qui vient de se terminer et\u2026\" \/>\n<meta name=\"robots\" content=\"index, follow, max-snippet:-1, max-image-preview:large, max-video-preview:-1\" \/>\n<link rel=\"canonical\" href=\"http:\/\/Dans%20le%20but%20d'encourager%20les%20fr\u00e8res%20et%20nos%20collaborateurs%20dans%20les%20diff\u00e9rentes%20missions%20d'Ebibeyin,%20Bata,%20Akurenam%20et%20Akonibe%20(%20Guin\u00e9e%20\u00c9quatoriale),%20une%20visite%20a%20\u00e9t\u00e9%20faite%20par%20le%20superieur%20provincial%20dans%20ces%20differentes%20communaut\u00e9s.%20C'\u00e9tait%20aussi%20un%20moment%20pour%20mettre%20\u00e0%20jour%20les%20fr\u00e8res%20dans%20l'esprit%20du%20Chapitre%20g\u00e9n\u00e9ral%20qui%20vient%20de%20se%20terminer%20et\u2026\" \/>\n<meta property=\"og:locale\" content=\"fr_FR\" \/>\n<meta property=\"og:type\" content=\"article\" \/>\n<meta property=\"og:title\" content=\"VISITE DU SUP\u00c9RIEUR PROVINCIAL \u00c0 LA D\u00c9L\u00c9GATION DE GUIN\u00c9E \u00c9QUATORIALE\" \/>\n<meta property=\"og:description\" content=\"Dans le but d&#039;encourager les fr\u00e8res et nos collaborateurs dans les diff\u00e9rentes missions d&#039;Ebibeyin, Bata, Akurenam et Akonibe ( Guin\u00e9e \u00c9quatoriale), une visite a \u00e9t\u00e9 faite par le superieur provincial dans ces differentes communaut\u00e9s. C&#039;\u00e9tait aussi un moment pour mettre \u00e0 jour les fr\u00e8res dans l&#039;esprit du Chapitre g\u00e9n\u00e9ral qui vient de se terminer et\u2026\" \/>\n<meta property=\"og:url\" content=\"https:\/\/www.itakaescolapios.org\/fr\/2022\/03\/visita-del-superior-provincial-a-la-delegacion-de-guinea-ecuatorial\/\" \/>\n<meta property=\"og:site_name\" content=\"Itaka-Escolapios\" \/>\n<meta property=\"article:published_time\" content=\"2022-03-07T14:45:59+00:00\" \/>\n<meta property=\"article:modified_time\" content=\"2023-11-28T11:35:49+00:00\" \/>\n<meta property=\"og:image\" content=\"https:\/\/www.itakaescolapios.org\/wp-content\/uploads\/2022\/03\/IMG-20220306-WA0020.jpg\" \/>\n\t<meta property=\"og:image:width\" content=\"1000\" \/>\n\t<meta property=\"og:image:height\" content=\"450\" \/>\n\t<meta property=\"og:image:type\" content=\"image\/jpeg\" \/>\n<meta name=\"author\" content=\"cameroun01\" \/>\n<meta name=\"twitter:card\" content=\"summary_large_image\" \/>\n<meta name=\"twitter:label1\" content=\"\u00c9crit par\" \/>\n\t<meta name=\"twitter:data1\" content=\"cameroun01\" \/>\n\t<meta name=\"twitter:label2\" content=\"Dur\u00e9e de lecture estim\u00e9e\" \/>\n\t<meta name=\"twitter:data2\" content=\"1 minute\" \/>\n<script type=\"application\/ld+json\" class=\"yoast-schema-graph\">{\"@context\":\"https:\\\/\\\/schema.org\",\"@graph\":[{\"@type\":\"Article\",\"@id\":\"https:\\\/\\\/www.itakaescolapios.org\\\/fr\\\/2022\\\/03\\\/visita-del-superior-provincial-a-la-delegacion-de-guinea-ecuatorial\\\/#article\",\"isPartOf\":{\"@id\":\"https:\\\/\\\/www.itakaescolapios.org\\\/fr\\\/2022\\\/03\\\/visita-del-superior-provincial-a-la-delegacion-de-guinea-ecuatorial\\\/\"},\"author\":{\"name\":\"cameroun01\",\"@id\":\"https:\\\/\\\/www.itakaescolapios.org\\\/es\\\/#\\\/schema\\\/person\\\/d2844383e29bfdfef69039672ce14eb1\"},\"headline\":\"VISITE DU SUP\u00c9RIEUR PROVINCIAL \u00c0 LA D\u00c9L\u00c9GATION DE GUIN\u00c9E \u00c9QUATORIALE\",\"datePublished\":\"2022-03-07T14:45:59+00:00\",\"dateModified\":\"2023-11-28T11:35:49+00:00\",\"mainEntityOfPage\":{\"@id\":\"https:\\\/\\\/www.itakaescolapios.org\\\/fr\\\/2022\\\/03\\\/visita-del-superior-provincial-a-la-delegacion-de-guinea-ecuatorial\\\/\"},\"wordCount\":128,\"publisher\":{\"@id\":\"https:\\\/\\\/www.itakaescolapios.org\\\/es\\\/#organization\"},\"image\":{\"@id\":\"https:\\\/\\\/www.itakaescolapios.org\\\/fr\\\/2022\\\/03\\\/visita-del-superior-provincial-a-la-delegacion-de-guinea-ecuatorial\\\/#primaryimage\"},\"thumbnailUrl\":\"https:\\\/\\\/www.itakaescolapios.org\\\/wp-content\\\/uploads\\\/2022\\\/03\\\/IMG-20220306-WA0020.jpg\",\"articleSection\":[\"Afrique centrale\",\"Guinea\"],\"inLanguage\":\"fr-FR\"},{\"@type\":\"WebPage\",\"@id\":\"https:\\\/\\\/www.itakaescolapios.org\\\/fr\\\/2022\\\/03\\\/visita-del-superior-provincial-a-la-delegacion-de-guinea-ecuatorial\\\/\",\"url\":\"https:\\\/\\\/www.itakaescolapios.org\\\/fr\\\/2022\\\/03\\\/visita-del-superior-provincial-a-la-delegacion-de-guinea-ecuatorial\\\/\",\"name\":\"VISITA DEL SUPERIOR PROVINCIAL A LA DELEGACI\u00d3N DE GUINEA ECUATORIAL. - Itaka-Escolapios\",\"isPartOf\":{\"@id\":\"https:\\\/\\\/www.itakaescolapios.org\\\/es\\\/#website\"},\"primaryImageOfPage\":{\"@id\":\"https:\\\/\\\/www.itakaescolapios.org\\\/fr\\\/2022\\\/03\\\/visita-del-superior-provincial-a-la-delegacion-de-guinea-ecuatorial\\\/#primaryimage\"},\"image\":{\"@id\":\"https:\\\/\\\/www.itakaescolapios.org\\\/fr\\\/2022\\\/03\\\/visita-del-superior-provincial-a-la-delegacion-de-guinea-ecuatorial\\\/#primaryimage\"},\"thumbnailUrl\":\"https:\\\/\\\/www.itakaescolapios.org\\\/wp-content\\\/uploads\\\/2022\\\/03\\\/IMG-20220306-WA0020.jpg\",\"datePublished\":\"2022-03-07T14:45:59+00:00\",\"dateModified\":\"2023-11-28T11:35:49+00:00\",\"breadcrumb\":{\"@id\":\"https:\\\/\\\/www.itakaescolapios.org\\\/fr\\\/2022\\\/03\\\/visita-del-superior-provincial-a-la-delegacion-de-guinea-ecuatorial\\\/#breadcrumb\"},\"inLanguage\":\"fr-FR\",\"potentialAction\":[{\"@type\":\"ReadAction\",\"target\":[\"https:\\\/\\\/www.itakaescolapios.org\\\/fr\\\/2022\\\/03\\\/visita-del-superior-provincial-a-la-delegacion-de-guinea-ecuatorial\\\/\"]}]},{\"@type\":\"ImageObject\",\"inLanguage\":\"fr-FR\",\"@id\":\"https:\\\/\\\/www.itakaescolapios.org\\\/fr\\\/2022\\\/03\\\/visita-del-superior-provincial-a-la-delegacion-de-guinea-ecuatorial\\\/#primaryimage\",\"url\":\"https:\\\/\\\/www.itakaescolapios.org\\\/wp-content\\\/uploads\\\/2022\\\/03\\\/IMG-20220306-WA0020.jpg\",\"contentUrl\":\"https:\\\/\\\/www.itakaescolapios.org\\\/wp-content\\\/uploads\\\/2022\\\/03\\\/IMG-20220306-WA0020.jpg\",\"width\":1000,\"height\":450},{\"@type\":\"BreadcrumbList\",\"@id\":\"https:\\\/\\\/www.itakaescolapios.org\\\/fr\\\/2022\\\/03\\\/visita-del-superior-provincial-a-la-delegacion-de-guinea-ecuatorial\\\/#breadcrumb\",\"itemListElement\":[{\"@type\":\"ListItem\",\"position\":1,\"name\":\"Itaka-Escolapios\",\"item\":\"https:\\\/\\\/www.itakaescolapios.org\\\/es\\\/\"},{\"@type\":\"ListItem\",\"position\":2,\"name\":\"VISITE DU SUP\u00c9RIEUR PROVINCIAL \u00c0 LA D\u00c9L\u00c9GATION DE GUIN\u00c9E \u00c9QUATORIALE\"}]},{\"@type\":\"WebSite\",\"@id\":\"https:\\\/\\\/www.itakaescolapios.org\\\/fr\\\/es\\\/#website\",\"url\":\"https:\\\/\\\/www.itakaescolapios.org\\\/fr\\\/es\\\/\",\"name\":\"Itaka-Escolapios\",\"description\":\"Red de Itaka-Escolapios\",\"publisher\":{\"@id\":\"https:\\\/\\\/www.itakaescolapios.org\\\/fr\\\/es\\\/#organization\"},\"potentialAction\":[{\"@type\":\"SearchAction\",\"target\":{\"@type\":\"EntryPoint\",\"urlTemplate\":\"https:\\\/\\\/www.itakaescolapios.org\\\/fr\\\/es\\\/?s={search_term_string}\"},\"query-input\":{\"@type\":\"PropertyValueSpecification\",\"valueRequired\":true,\"valueName\":\"search_term_string\"}}],\"inLanguage\":\"fr-FR\"},{\"@type\":\"Organization\",\"@id\":\"https:\\\/\\\/www.itakaescolapios.org\\\/fr\\\/es\\\/#organization\",\"name\":\"Fundaci\u00f3 Itaka-Escolapios\",\"url\":\"https:\\\/\\\/www.itakaescolapios.org\\\/fr\\\/es\\\/\",\"logo\":{\"@type\":\"ImageObject\",\"inLanguage\":\"fr-FR\",\"@id\":\"https:\\\/\\\/www.itakaescolapios.org\\\/fr\\\/es\\\/#\\\/schema\\\/logo\\\/image\\\/\",\"url\":\"https:\\\/\\\/www.itakaescolapios.org\\\/wp-content\\\/uploads\\\/2024\\\/04\\\/Logo-itakaescolapios-peque.png\",\"contentUrl\":\"https:\\\/\\\/www.itakaescolapios.org\\\/wp-content\\\/uploads\\\/2024\\\/04\\\/Logo-itakaescolapios-peque.png\",\"width\":500,\"height\":199,\"caption\":\"Fundaci\u00f3 Itaka-Escolapios\"},\"image\":{\"@id\":\"https:\\\/\\\/www.itakaescolapios.org\\\/fr\\\/es\\\/#\\\/schema\\\/logo\\\/image\\\/\"}},{\"@type\":\"Person\",\"@id\":\"https:\\\/\\\/www.itakaescolapios.org\\\/es\\\/#\\\/schema\\\/person\\\/d2844383e29bfdfef69039672ce14eb1\",\"name\":\"cameroun01\",\"url\":\"https:\\\/\\\/www.itakaescolapios.org\\\/fr\\\/author\\\/cameroun01\\\/\"}]}<\/script>\n<!-- \/ Yoast SEO plugin. -->","yoast_head_json":{"title":"VISITE DU SUP\u00c9RIEUR PROVINCIAL \u00c0 LA D\u00c9L\u00c9GATION DE GUIN\u00c9E \u00c9QUATORIALE","description":"Dans le but d'encourager les fr\u00e8res et nos collaborateurs dans les diff\u00e9rentes missions d'Ebibeyin, Bata, Akurenam et Akonibe ( Guin\u00e9e \u00c9quatoriale), une visite a \u00e9t\u00e9 faite par le superieur provincial dans ces differentes communaut\u00e9s. C'\u00e9tait aussi un moment pour mettre \u00e0 jour les fr\u00e8res dans l'esprit du Chapitre g\u00e9n\u00e9ral qui vient de se terminer et\u2026","robots":{"index":"index","follow":"follow","max-snippet":"max-snippet:-1","max-image-preview":"max-image-preview:large","max-video-preview":"max-video-preview:-1"},"canonical":"Dans le but d'encourager les fr\u00e8res et nos collaborateurs dans les diff\u00e9rentes missions d'Ebibeyin, Bata, Akurenam et Akonibe ( Guin\u00e9e \u00c9quatoriale), une visite a \u00e9t\u00e9 faite par le superieur provincial dans ces differentes communaut\u00e9s. C'\u00e9tait aussi un moment pour mettre \u00e0 jour les fr\u00e8res dans l'esprit du Chapitre g\u00e9n\u00e9ral qui vient de se terminer et\u2026","og_locale":"fr_FR","og_type":"article","og_title":"VISITE DU SUP\u00c9RIEUR PROVINCIAL \u00c0 LA D\u00c9L\u00c9GATION DE GUIN\u00c9E \u00c9QUATORIALE","og_description":"Dans le but d'encourager les fr\u00e8res et nos collaborateurs dans les diff\u00e9rentes missions d'Ebibeyin, Bata, Akurenam et Akonibe ( Guin\u00e9e \u00c9quatoriale), une visite a \u00e9t\u00e9 faite par le superieur provincial dans ces differentes communaut\u00e9s. C'\u00e9tait aussi un moment pour mettre \u00e0 jour les fr\u00e8res dans l'esprit du Chapitre g\u00e9n\u00e9ral qui vient de se terminer et\u2026","og_url":"https:\/\/www.itakaescolapios.org\/fr\/2022\/03\/visita-del-superior-provincial-a-la-delegacion-de-guinea-ecuatorial\/","og_site_name":"Itaka-Escolapios","article_published_time":"2022-03-07T14:45:59+00:00","article_modified_time":"2023-11-28T11:35:49+00:00","og_image":[{"width":1000,"height":450,"url":"https:\/\/www.itakaescolapios.org\/wp-content\/uploads\/2022\/03\/IMG-20220306-WA0020.jpg","type":"image\/jpeg"}],"author":"cameroun01","twitter_card":"summary_large_image","twitter_misc":{"\u00c9crit par":"cameroun01","Dur\u00e9e de lecture estim\u00e9e":"1 minute"},"schema":{"@context":"https:\/\/schema.org","@graph":[{"@type":"Article","@id":"https:\/\/www.itakaescolapios.org\/fr\/2022\/03\/visita-del-superior-provincial-a-la-delegacion-de-guinea-ecuatorial\/#article","isPartOf":{"@id":"https:\/\/www.itakaescolapios.org\/fr\/2022\/03\/visita-del-superior-provincial-a-la-delegacion-de-guinea-ecuatorial\/"},"author":{"name":"cameroun01","@id":"https:\/\/www.itakaescolapios.org\/es\/#\/schema\/person\/d2844383e29bfdfef69039672ce14eb1"},"headline":"VISITE DU SUP\u00c9RIEUR PROVINCIAL \u00c0 LA D\u00c9L\u00c9GATION DE GUIN\u00c9E \u00c9QUATORIALE","datePublished":"2022-03-07T14:45:59+00:00","dateModified":"2023-11-28T11:35:49+00:00","mainEntityOfPage":{"@id":"https:\/\/www.itakaescolapios.org\/fr\/2022\/03\/visita-del-superior-provincial-a-la-delegacion-de-guinea-ecuatorial\/"},"wordCount":128,"publisher":{"@id":"https:\/\/www.itakaescolapios.org\/es\/#organization"},"image":{"@id":"https:\/\/www.itakaescolapios.org\/fr\/2022\/03\/visita-del-superior-provincial-a-la-delegacion-de-guinea-ecuatorial\/#primaryimage"},"thumbnailUrl":"https:\/\/www.itakaescolapios.org\/wp-content\/uploads\/2022\/03\/IMG-20220306-WA0020.jpg","articleSection":["Afrique centrale","Guinea"],"inLanguage":"fr-FR"},{"@type":"WebPage","@id":"https:\/\/www.itakaescolapios.org\/fr\/2022\/03\/visita-del-superior-provincial-a-la-delegacion-de-guinea-ecuatorial\/","url":"https:\/\/www.itakaescolapios.org\/fr\/2022\/03\/visita-del-superior-provincial-a-la-delegacion-de-guinea-ecuatorial\/","name":"VISITA DEL SUPERIOR PROVINCIAL A LA DELEGACI\u00d3N DE GUINEA ECUATORIAL. - Itaka-Escolapios","isPartOf":{"@id":"https:\/\/www.itakaescolapios.org\/es\/#website"},"primaryImageOfPage":{"@id":"https:\/\/www.itakaescolapios.org\/fr\/2022\/03\/visita-del-superior-provincial-a-la-delegacion-de-guinea-ecuatorial\/#primaryimage"},"image":{"@id":"https:\/\/www.itakaescolapios.org\/fr\/2022\/03\/visita-del-superior-provincial-a-la-delegacion-de-guinea-ecuatorial\/#primaryimage"},"thumbnailUrl":"https:\/\/www.itakaescolapios.org\/wp-content\/uploads\/2022\/03\/IMG-20220306-WA0020.jpg","datePublished":"2022-03-07T14:45:59+00:00","dateModified":"2023-11-28T11:35:49+00:00","breadcrumb":{"@id":"https:\/\/www.itakaescolapios.org\/fr\/2022\/03\/visita-del-superior-provincial-a-la-delegacion-de-guinea-ecuatorial\/#breadcrumb"},"inLanguage":"fr-FR","potentialAction":[{"@type":"ReadAction","target":["https:\/\/www.itakaescolapios.org\/fr\/2022\/03\/visita-del-superior-provincial-a-la-delegacion-de-guinea-ecuatorial\/"]}]},{"@type":"ImageObject","inLanguage":"fr-FR","@id":"https:\/\/www.itakaescolapios.org\/fr\/2022\/03\/visita-del-superior-provincial-a-la-delegacion-de-guinea-ecuatorial\/#primaryimage","url":"https:\/\/www.itakaescolapios.org\/wp-content\/uploads\/2022\/03\/IMG-20220306-WA0020.jpg","contentUrl":"https:\/\/www.itakaescolapios.org\/wp-content\/uploads\/2022\/03\/IMG-20220306-WA0020.jpg","width":1000,"height":450},{"@type":"BreadcrumbList","@id":"https:\/\/www.itakaescolapios.org\/fr\/2022\/03\/visita-del-superior-provincial-a-la-delegacion-de-guinea-ecuatorial\/#breadcrumb","itemListElement":[{"@type":"ListItem","position":1,"name":"Itaka-Escolapios","item":"https:\/\/www.itakaescolapios.org\/es\/"},{"@type":"ListItem","position":2,"name":"VISITE DU SUP\u00c9RIEUR PROVINCIAL \u00c0 LA D\u00c9L\u00c9GATION DE GUIN\u00c9E \u00c9QUATORIALE"}]},{"@type":"WebSite","@id":"https:\/\/www.itakaescolapios.org\/fr\/es\/#website","url":"https:\/\/www.itakaescolapios.org\/fr\/es\/","name":"Itaka-Escolapios","description":"Red de Itaka-Escolapios","publisher":{"@id":"https:\/\/www.itakaescolapios.org\/fr\/es\/#organization"},"potentialAction":[{"@type":"SearchAction","target":{"@type":"EntryPoint","urlTemplate":"https:\/\/www.itakaescolapios.org\/fr\/es\/?s={search_term_string}"},"query-input":{"@type":"PropertyValueSpecification","valueRequired":true,"valueName":"search_term_string"}}],"inLanguage":"fr-FR"},{"@type":"Organization","@id":"https:\/\/www.itakaescolapios.org\/fr\/es\/#organization","name":"Fundaci\u00f3 Itaka-Escolapios","url":"https:\/\/www.itakaescolapios.org\/fr\/es\/","logo":{"@type":"ImageObject","inLanguage":"fr-FR","@id":"https:\/\/www.itakaescolapios.org\/fr\/es\/#\/schema\/logo\/image\/","url":"https:\/\/www.itakaescolapios.org\/wp-content\/uploads\/2024\/04\/Logo-itakaescolapios-peque.png","contentUrl":"https:\/\/www.itakaescolapios.org\/wp-content\/uploads\/2024\/04\/Logo-itakaescolapios-peque.png","width":500,"height":199,"caption":"Fundaci\u00f3 Itaka-Escolapios"},"image":{"@id":"https:\/\/www.itakaescolapios.org\/fr\/es\/#\/schema\/logo\/image\/"}},{"@type":"Person","@id":"https:\/\/www.itakaescolapios.org\/es\/#\/schema\/person\/d2844383e29bfdfef69039672ce14eb1","name":"cameroun01","url":"https:\/\/www.itakaescolapios.org\/fr\/author\/cameroun01\/"}]}},"_links":{"self":[{"href":"https:\/\/www.itakaescolapios.org\/fr\/wp-json\/wp\/v2\/posts\/36262","targetHints":{"allow":["GET"]}}],"collection":[{"href":"https:\/\/www.itakaescolapios.org\/fr\/wp-json\/wp\/v2\/posts"}],"about":[{"href":"https:\/\/www.itakaescolapios.org\/fr\/wp-json\/wp\/v2\/types\/post"}],"author":[{"embeddable":true,"href":"https:\/\/www.itakaescolapios.org\/fr\/wp-json\/wp\/v2\/users\/15"}],"replies":[{"embeddable":true,"href":"https:\/\/www.itakaescolapios.org\/fr\/wp-json\/wp\/v2\/comments?post=36262"}],"version-history":[{"count":6,"href":"https:\/\/www.itakaescolapios.org\/fr\/wp-json\/wp\/v2\/posts\/36262\/revisions"}],"predecessor-version":[{"id":44021,"href":"https:\/\/www.itakaescolapios.org\/fr\/wp-json\/wp\/v2\/posts\/36262\/revisions\/44021"}],"wp:featuredmedia":[{"embeddable":true,"href":"https:\/\/www.itakaescolapios.org\/fr\/wp-json\/wp\/v2\/media\/36265"}],"wp:attachment":[{"href":"https:\/\/www.itakaescolapios.org\/fr\/wp-json\/wp\/v2\/media?parent=36262"}],"wp:term":[{"taxonomy":"category","embeddable":true,"href":"https:\/\/www.itakaescolapios.org\/fr\/wp-json\/wp\/v2\/categories?post=36262"},{"taxonomy":"post_tag","embeddable":true,"href":"https:\/\/www.itakaescolapios.org\/fr\/wp-json\/wp\/v2\/tags?post=36262"}],"curies":[{"name":"wp","href":"https:\/\/api.w.org\/{rel}","templated":true}]}}