{"id":36309,"date":"2022-03-09T10:01:06","date_gmt":"2022-03-09T09:01:06","guid":{"rendered":"https:\/\/www.itakaescolapios.org\/?p=36309"},"modified":"2023-11-28T12:35:49","modified_gmt":"2023-11-28T11:35:49","slug":"9m-aniversario-y-dia-del-voluntariado-en-itaka-escolapios-2","status":"publish","type":"post","link":"https:\/\/www.itakaescolapios.org\/fr\/2022\/03\/9m-aniversario-y-dia-del-voluntariado-en-itaka-escolapios-2\/","title":{"rendered":"9M ANIVERSARIO Y D\u00cdA DEL VOLUNTARIADO EN ITAKA-ESCOLAPIOS"},"content":{"rendered":"<p>Chaque 9 mars, nous c\u00e9l\u00e9brons l&rsquo;anniversaire d&rsquo;Itaka -Escolapios, et cette date a \u00e9galement \u00e9t\u00e9 choisie pour remercier et c\u00e9l\u00e9brer avec les volontaires.<\/p>\n<p>Ils sont le c\u0153ur de notre entit\u00e9, ils partagent leur temps, leur enthousiasme et leur affection en promouvant chaque jour les projets d&rsquo;Itaka Escolapios, mettant tout leur d\u00e9vouement pour transformer la soci\u00e9t\u00e9. C&rsquo;est pourquoi nous voulons aujourd&rsquo;hui proclamer un grand et affectueux MERCI !<\/p>\n\n\t\t<style type=\"text\/css\">\n\t\t\t#gallery-1 {\n\t\t\t\tmargin: auto;\n\t\t\t}\n\t\t\t#gallery-1 .gallery-item {\n\t\t\t\tfloat: left;\n\t\t\t\tmargin-top: 10px;\n\t\t\t\ttext-align: center;\n\t\t\t\twidth: 33%;\n\t\t\t}\n\t\t\t#gallery-1 img {\n\t\t\t\tborder: 2px solid #cfcfcf;\n\t\t\t}\n\t\t\t#gallery-1 .gallery-caption {\n\t\t\t\tmargin-left: 0;\n\t\t\t}\n\t\t\t\/* see gallery_shortcode() in wp-includes\/media.php *\/\n\t\t<\/style>\n\t\t<div id='gallery-1' class='gallery galleryid-36309 gallery-columns-3 gallery-size-thumbnail'><dl class='gallery-item'>\n\t\t\t<dt class='gallery-icon landscape'>\n\t\t\t\t<a href='https:\/\/www.itakaescolapios.org\/fr\/2022\/03\/9m-aniversario-y-dia-del-voluntariado-en-itaka-escolapios-2\/div-itaka-2022-banner-esp\/'><img decoding=\"async\" width=\"90\" height=\"90\" src=\"https:\/\/www.itakaescolapios.org\/wp-content\/uploads\/2022\/03\/div-ITAKA-2022-banner-esp-90x90.jpg\" class=\"attachment-thumbnail size-thumbnail\" alt=\"\" \/><\/a>\n\t\t\t<\/dt><\/dl><dl class='gallery-item'>\n\t\t\t<dt class='gallery-icon landscape'>\n\t\t\t\t<a href='https:\/\/www.itakaescolapios.org\/fr\/2022\/03\/9m-aniversario-y-dia-del-voluntariado-en-itaka-escolapios-2\/div-itaka-2022-banner-port\/'><img decoding=\"async\" width=\"90\" height=\"90\" src=\"https:\/\/www.itakaescolapios.org\/wp-content\/uploads\/2022\/03\/div-ITAKA-2022-banner-port-90x90.jpg\" class=\"attachment-thumbnail size-thumbnail\" alt=\"\" \/><\/a>\n\t\t\t<\/dt><\/dl><dl class='gallery-item'>\n\t\t\t<dt class='gallery-icon landscape'>\n\t\t\t\t<a href='https:\/\/www.itakaescolapios.org\/fr\/2022\/03\/9m-aniversario-y-dia-del-voluntariado-en-itaka-escolapios-2\/div-itaka-2022-banner-ing\/'><img decoding=\"async\" width=\"90\" height=\"90\" src=\"https:\/\/www.itakaescolapios.org\/wp-content\/uploads\/2022\/03\/div-ITAKA-2022-banner-ing-90x90.jpg\" class=\"attachment-thumbnail size-thumbnail\" alt=\"\" \/><\/a>\n\t\t\t<\/dt><\/dl><br style=\"clear: both\" \/><dl class='gallery-item'>\n\t\t\t<dt class='gallery-icon landscape'>\n\t\t\t\t<a href='https:\/\/www.itakaescolapios.org\/fr\/2022\/03\/9m-aniversario-y-dia-del-voluntariado-en-itaka-escolapios-2\/div-itaka-2022-banner-fra\/'><img decoding=\"async\" width=\"90\" height=\"90\" src=\"https:\/\/www.itakaescolapios.org\/wp-content\/uploads\/2022\/03\/div-ITAKA-2022-banner-fra-90x90.jpg\" class=\"attachment-thumbnail size-thumbnail\" alt=\"\" \/><\/a>\n\t\t\t<\/dt><\/dl>\n\t\t\t<br style='clear: both' \/>\n\t\t<\/div>\n\n","protected":false},"excerpt":{"rendered":"<p>Chaque 9 mars, nous c\u00e9l\u00e9brons l&rsquo;anniversaire d&rsquo;Itaka -Escolapios, et cette date a \u00e9galement \u00e9t\u00e9 choisie pour remercier et c\u00e9l\u00e9brer avec les volontaires. Ils sont le c\u0153ur de notre entit\u00e9, ils [&hellip;]<\/p>\n","protected":false},"author":4,"featured_media":36313,"comment_status":"closed","ping_status":"closed","sticky":false,"template":"","format":"standard","meta":{"_et_pb_use_builder":"","_et_pb_old_content":"","_et_gb_content_width":"","footnotes":""},"categories":[30],"tags":[],"class_list":["post-36309","post","type-post","status-publish","format-standard","has-post-thumbnail","hentry","category-itaka-escolapios"],"yoast_head":"<!-- This site is optimized with the Yoast SEO plugin v27.4 - https:\/\/yoast.com\/product\/yoast-seo-wordpress\/ -->\n<title>9M ANIVERSARIO Y D\u00cdA DEL VOLUNTARIADO EN ITAKA-ESCOLAPIOS<\/title>\n<meta name=\"description\" content=\"Chaque 9 mars, nous c\u00e9l\u00e9brons l&#039;anniversaire d&#039;Itaka -Escolapios, et cette date a \u00e9galement \u00e9t\u00e9 choisie pour remercier et c\u00e9l\u00e9brer avec les volontaires. Ils sont le c\u0153ur de notre entit\u00e9, ils partagent leur temps, leur enthousiasme et leur affection en promouvant chaque jour les projets d&#039;Itaka Escolapios, mettant tout leur d\u00e9vouement pour transformer la soci\u00e9t\u00e9. C&#039;est\u2026\" \/>\n<meta name=\"robots\" content=\"index, follow, max-snippet:-1, max-image-preview:large, max-video-preview:-1\" \/>\n<link rel=\"canonical\" href=\"http:\/\/Chaque%209%20mars,%20nous%20c\u00e9l\u00e9brons%20l'anniversaire%20d'Itaka%20-Escolapios,%20et%20cette%20date%20a%20\u00e9galement%20\u00e9t\u00e9%20choisie%20pour%20remercier%20et%20c\u00e9l\u00e9brer%20avec%20les%20volontaires.%20Ils%20sont%20le%20c\u0153ur%20de%20notre%20entit\u00e9,%20ils%20partagent%20leur%20temps,%20leur%20enthousiasme%20et%20leur%20affection%20en%20promouvant%20chaque%20jour%20les%20projets%20d'Itaka%20Escolapios,%20mettant%20tout%20leur%20d\u00e9vouement%20pour%20transformer%20la%20soci\u00e9t\u00e9.%20C'est\u2026\" \/>\n<meta property=\"og:locale\" content=\"fr_FR\" \/>\n<meta property=\"og:type\" content=\"article\" \/>\n<meta property=\"og:title\" content=\"9M ANIVERSARIO Y D\u00cdA DEL VOLUNTARIADO EN ITAKA-ESCOLAPIOS\" \/>\n<meta property=\"og:description\" content=\"Chaque 9 mars, nous c\u00e9l\u00e9brons l&#039;anniversaire d&#039;Itaka -Escolapios, et cette date a \u00e9galement \u00e9t\u00e9 choisie pour remercier et c\u00e9l\u00e9brer avec les volontaires. Ils sont le c\u0153ur de notre entit\u00e9, ils partagent leur temps, leur enthousiasme et leur affection en promouvant chaque jour les projets d&#039;Itaka Escolapios, mettant tout leur d\u00e9vouement pour transformer la soci\u00e9t\u00e9. C&#039;est\u2026\" \/>\n<meta property=\"og:url\" content=\"https:\/\/www.itakaescolapios.org\/fr\/2022\/03\/9m-aniversario-y-dia-del-voluntariado-en-itaka-escolapios-2\/\" \/>\n<meta property=\"og:site_name\" content=\"Itaka-Escolapios\" \/>\n<meta property=\"article:published_time\" content=\"2022-03-09T09:01:06+00:00\" \/>\n<meta property=\"article:modified_time\" content=\"2023-11-28T11:35:49+00:00\" \/>\n<meta property=\"og:image\" content=\"https:\/\/www.itakaescolapios.org\/wp-content\/uploads\/2022\/03\/div-ITAKA-2022-banner-esp-scaled.jpg\" \/>\n\t<meta property=\"og:image:width\" content=\"2000\" \/>\n\t<meta property=\"og:image:height\" content=\"741\" \/>\n\t<meta property=\"og:image:type\" content=\"image\/jpeg\" \/>\n<meta name=\"author\" content=\"itaka\" \/>\n<meta name=\"twitter:card\" content=\"summary_large_image\" \/>\n<meta name=\"twitter:label1\" content=\"\u00c9crit par\" \/>\n\t<meta name=\"twitter:data1\" content=\"itaka\" \/>\n<script type=\"application\/ld+json\" class=\"yoast-schema-graph\">{\"@context\":\"https:\\\/\\\/schema.org\",\"@graph\":[{\"@type\":\"Article\",\"@id\":\"https:\\\/\\\/www.itakaescolapios.org\\\/fr\\\/2022\\\/03\\\/9m-aniversario-y-dia-del-voluntariado-en-itaka-escolapios-2\\\/#article\",\"isPartOf\":{\"@id\":\"https:\\\/\\\/www.itakaescolapios.org\\\/fr\\\/2022\\\/03\\\/9m-aniversario-y-dia-del-voluntariado-en-itaka-escolapios-2\\\/\"},\"author\":{\"name\":\"itaka\",\"@id\":\"https:\\\/\\\/www.itakaescolapios.org\\\/es\\\/#\\\/schema\\\/person\\\/670123daeb1cc31cae1b106740036ccb\"},\"headline\":\"9M ANIVERSARIO Y D\u00cdA DEL VOLUNTARIADO EN ITAKA-ESCOLAPIOS\",\"datePublished\":\"2022-03-09T09:01:06+00:00\",\"dateModified\":\"2023-11-28T11:35:49+00:00\",\"mainEntityOfPage\":{\"@id\":\"https:\\\/\\\/www.itakaescolapios.org\\\/fr\\\/2022\\\/03\\\/9m-aniversario-y-dia-del-voluntariado-en-itaka-escolapios-2\\\/\"},\"wordCount\":86,\"publisher\":{\"@id\":\"https:\\\/\\\/www.itakaescolapios.org\\\/es\\\/#organization\"},\"image\":{\"@id\":\"https:\\\/\\\/www.itakaescolapios.org\\\/fr\\\/2022\\\/03\\\/9m-aniversario-y-dia-del-voluntariado-en-itaka-escolapios-2\\\/#primaryimage\"},\"thumbnailUrl\":\"https:\\\/\\\/www.itakaescolapios.org\\\/wp-content\\\/uploads\\\/2022\\\/03\\\/div-ITAKA-2022-banner-esp-scaled.jpg\",\"articleSection\":[\"Itaka Escolapios\"],\"inLanguage\":\"fr-FR\"},{\"@type\":\"WebPage\",\"@id\":\"https:\\\/\\\/www.itakaescolapios.org\\\/fr\\\/2022\\\/03\\\/9m-aniversario-y-dia-del-voluntariado-en-itaka-escolapios-2\\\/\",\"url\":\"https:\\\/\\\/www.itakaescolapios.org\\\/fr\\\/2022\\\/03\\\/9m-aniversario-y-dia-del-voluntariado-en-itaka-escolapios-2\\\/\",\"name\":\"9M ANIVERSARIO Y D\u00cdA DEL VOLUNTARIADO EN ITAKA-ESCOLAPIOS - Itaka-Escolapios\",\"isPartOf\":{\"@id\":\"https:\\\/\\\/www.itakaescolapios.org\\\/es\\\/#website\"},\"primaryImageOfPage\":{\"@id\":\"https:\\\/\\\/www.itakaescolapios.org\\\/fr\\\/2022\\\/03\\\/9m-aniversario-y-dia-del-voluntariado-en-itaka-escolapios-2\\\/#primaryimage\"},\"image\":{\"@id\":\"https:\\\/\\\/www.itakaescolapios.org\\\/fr\\\/2022\\\/03\\\/9m-aniversario-y-dia-del-voluntariado-en-itaka-escolapios-2\\\/#primaryimage\"},\"thumbnailUrl\":\"https:\\\/\\\/www.itakaescolapios.org\\\/wp-content\\\/uploads\\\/2022\\\/03\\\/div-ITAKA-2022-banner-esp-scaled.jpg\",\"datePublished\":\"2022-03-09T09:01:06+00:00\",\"dateModified\":\"2023-11-28T11:35:49+00:00\",\"breadcrumb\":{\"@id\":\"https:\\\/\\\/www.itakaescolapios.org\\\/fr\\\/2022\\\/03\\\/9m-aniversario-y-dia-del-voluntariado-en-itaka-escolapios-2\\\/#breadcrumb\"},\"inLanguage\":\"fr-FR\",\"potentialAction\":[{\"@type\":\"ReadAction\",\"target\":[\"https:\\\/\\\/www.itakaescolapios.org\\\/fr\\\/2022\\\/03\\\/9m-aniversario-y-dia-del-voluntariado-en-itaka-escolapios-2\\\/\"]}]},{\"@type\":\"ImageObject\",\"inLanguage\":\"fr-FR\",\"@id\":\"https:\\\/\\\/www.itakaescolapios.org\\\/fr\\\/2022\\\/03\\\/9m-aniversario-y-dia-del-voluntariado-en-itaka-escolapios-2\\\/#primaryimage\",\"url\":\"https:\\\/\\\/www.itakaescolapios.org\\\/wp-content\\\/uploads\\\/2022\\\/03\\\/div-ITAKA-2022-banner-esp-scaled.jpg\",\"contentUrl\":\"https:\\\/\\\/www.itakaescolapios.org\\\/wp-content\\\/uploads\\\/2022\\\/03\\\/div-ITAKA-2022-banner-esp-scaled.jpg\",\"width\":2000,\"height\":741},{\"@type\":\"BreadcrumbList\",\"@id\":\"https:\\\/\\\/www.itakaescolapios.org\\\/fr\\\/2022\\\/03\\\/9m-aniversario-y-dia-del-voluntariado-en-itaka-escolapios-2\\\/#breadcrumb\",\"itemListElement\":[{\"@type\":\"ListItem\",\"position\":1,\"name\":\"Itaka-Escolapios\",\"item\":\"https:\\\/\\\/www.itakaescolapios.org\\\/es\\\/\"},{\"@type\":\"ListItem\",\"position\":2,\"name\":\"9M ANIVERSARIO Y D\u00cdA DEL VOLUNTARIADO EN ITAKA-ESCOLAPIOS\"}]},{\"@type\":\"WebSite\",\"@id\":\"https:\\\/\\\/www.itakaescolapios.org\\\/fr\\\/es\\\/#website\",\"url\":\"https:\\\/\\\/www.itakaescolapios.org\\\/fr\\\/es\\\/\",\"name\":\"Itaka-Escolapios\",\"description\":\"Red de Itaka-Escolapios\",\"publisher\":{\"@id\":\"https:\\\/\\\/www.itakaescolapios.org\\\/fr\\\/es\\\/#organization\"},\"potentialAction\":[{\"@type\":\"SearchAction\",\"target\":{\"@type\":\"EntryPoint\",\"urlTemplate\":\"https:\\\/\\\/www.itakaescolapios.org\\\/fr\\\/es\\\/?s={search_term_string}\"},\"query-input\":{\"@type\":\"PropertyValueSpecification\",\"valueRequired\":true,\"valueName\":\"search_term_string\"}}],\"inLanguage\":\"fr-FR\"},{\"@type\":\"Organization\",\"@id\":\"https:\\\/\\\/www.itakaescolapios.org\\\/fr\\\/es\\\/#organization\",\"name\":\"Fundaci\u00f3 Itaka-Escolapios\",\"url\":\"https:\\\/\\\/www.itakaescolapios.org\\\/fr\\\/es\\\/\",\"logo\":{\"@type\":\"ImageObject\",\"inLanguage\":\"fr-FR\",\"@id\":\"https:\\\/\\\/www.itakaescolapios.org\\\/fr\\\/es\\\/#\\\/schema\\\/logo\\\/image\\\/\",\"url\":\"https:\\\/\\\/www.itakaescolapios.org\\\/wp-content\\\/uploads\\\/2024\\\/04\\\/Logo-itakaescolapios-peque.png\",\"contentUrl\":\"https:\\\/\\\/www.itakaescolapios.org\\\/wp-content\\\/uploads\\\/2024\\\/04\\\/Logo-itakaescolapios-peque.png\",\"width\":500,\"height\":199,\"caption\":\"Fundaci\u00f3 Itaka-Escolapios\"},\"image\":{\"@id\":\"https:\\\/\\\/www.itakaescolapios.org\\\/fr\\\/es\\\/#\\\/schema\\\/logo\\\/image\\\/\"}},{\"@type\":\"Person\",\"@id\":\"https:\\\/\\\/www.itakaescolapios.org\\\/es\\\/#\\\/schema\\\/person\\\/670123daeb1cc31cae1b106740036ccb\",\"name\":\"itaka\",\"url\":\"https:\\\/\\\/www.itakaescolapios.org\\\/fr\\\/author\\\/itaka\\\/\"}]}<\/script>\n<!-- \/ Yoast SEO plugin. -->","yoast_head_json":{"title":"9M ANIVERSARIO Y D\u00cdA DEL VOLUNTARIADO EN ITAKA-ESCOLAPIOS","description":"Chaque 9 mars, nous c\u00e9l\u00e9brons l'anniversaire d'Itaka -Escolapios, et cette date a \u00e9galement \u00e9t\u00e9 choisie pour remercier et c\u00e9l\u00e9brer avec les volontaires. Ils sont le c\u0153ur de notre entit\u00e9, ils partagent leur temps, leur enthousiasme et leur affection en promouvant chaque jour les projets d'Itaka Escolapios, mettant tout leur d\u00e9vouement pour transformer la soci\u00e9t\u00e9. C'est\u2026","robots":{"index":"index","follow":"follow","max-snippet":"max-snippet:-1","max-image-preview":"max-image-preview:large","max-video-preview":"max-video-preview:-1"},"canonical":"Chaque 9 mars, nous c\u00e9l\u00e9brons l'anniversaire d'Itaka -Escolapios, et cette date a \u00e9galement \u00e9t\u00e9 choisie pour remercier et c\u00e9l\u00e9brer avec les volontaires. Ils sont le c\u0153ur de notre entit\u00e9, ils partagent leur temps, leur enthousiasme et leur affection en promouvant chaque jour les projets d'Itaka Escolapios, mettant tout leur d\u00e9vouement pour transformer la soci\u00e9t\u00e9. C'est\u2026","og_locale":"fr_FR","og_type":"article","og_title":"9M ANIVERSARIO Y D\u00cdA DEL VOLUNTARIADO EN ITAKA-ESCOLAPIOS","og_description":"Chaque 9 mars, nous c\u00e9l\u00e9brons l'anniversaire d'Itaka -Escolapios, et cette date a \u00e9galement \u00e9t\u00e9 choisie pour remercier et c\u00e9l\u00e9brer avec les volontaires. Ils sont le c\u0153ur de notre entit\u00e9, ils partagent leur temps, leur enthousiasme et leur affection en promouvant chaque jour les projets d'Itaka Escolapios, mettant tout leur d\u00e9vouement pour transformer la soci\u00e9t\u00e9. C'est\u2026","og_url":"https:\/\/www.itakaescolapios.org\/fr\/2022\/03\/9m-aniversario-y-dia-del-voluntariado-en-itaka-escolapios-2\/","og_site_name":"Itaka-Escolapios","article_published_time":"2022-03-09T09:01:06+00:00","article_modified_time":"2023-11-28T11:35:49+00:00","og_image":[{"width":2000,"height":741,"url":"https:\/\/www.itakaescolapios.org\/wp-content\/uploads\/2022\/03\/div-ITAKA-2022-banner-esp-scaled.jpg","type":"image\/jpeg"}],"author":"itaka","twitter_card":"summary_large_image","twitter_misc":{"\u00c9crit par":"itaka"},"schema":{"@context":"https:\/\/schema.org","@graph":[{"@type":"Article","@id":"https:\/\/www.itakaescolapios.org\/fr\/2022\/03\/9m-aniversario-y-dia-del-voluntariado-en-itaka-escolapios-2\/#article","isPartOf":{"@id":"https:\/\/www.itakaescolapios.org\/fr\/2022\/03\/9m-aniversario-y-dia-del-voluntariado-en-itaka-escolapios-2\/"},"author":{"name":"itaka","@id":"https:\/\/www.itakaescolapios.org\/es\/#\/schema\/person\/670123daeb1cc31cae1b106740036ccb"},"headline":"9M ANIVERSARIO Y D\u00cdA DEL VOLUNTARIADO EN ITAKA-ESCOLAPIOS","datePublished":"2022-03-09T09:01:06+00:00","dateModified":"2023-11-28T11:35:49+00:00","mainEntityOfPage":{"@id":"https:\/\/www.itakaescolapios.org\/fr\/2022\/03\/9m-aniversario-y-dia-del-voluntariado-en-itaka-escolapios-2\/"},"wordCount":86,"publisher":{"@id":"https:\/\/www.itakaescolapios.org\/es\/#organization"},"image":{"@id":"https:\/\/www.itakaescolapios.org\/fr\/2022\/03\/9m-aniversario-y-dia-del-voluntariado-en-itaka-escolapios-2\/#primaryimage"},"thumbnailUrl":"https:\/\/www.itakaescolapios.org\/wp-content\/uploads\/2022\/03\/div-ITAKA-2022-banner-esp-scaled.jpg","articleSection":["Itaka Escolapios"],"inLanguage":"fr-FR"},{"@type":"WebPage","@id":"https:\/\/www.itakaescolapios.org\/fr\/2022\/03\/9m-aniversario-y-dia-del-voluntariado-en-itaka-escolapios-2\/","url":"https:\/\/www.itakaescolapios.org\/fr\/2022\/03\/9m-aniversario-y-dia-del-voluntariado-en-itaka-escolapios-2\/","name":"9M ANIVERSARIO Y D\u00cdA DEL VOLUNTARIADO EN ITAKA-ESCOLAPIOS - Itaka-Escolapios","isPartOf":{"@id":"https:\/\/www.itakaescolapios.org\/es\/#website"},"primaryImageOfPage":{"@id":"https:\/\/www.itakaescolapios.org\/fr\/2022\/03\/9m-aniversario-y-dia-del-voluntariado-en-itaka-escolapios-2\/#primaryimage"},"image":{"@id":"https:\/\/www.itakaescolapios.org\/fr\/2022\/03\/9m-aniversario-y-dia-del-voluntariado-en-itaka-escolapios-2\/#primaryimage"},"thumbnailUrl":"https:\/\/www.itakaescolapios.org\/wp-content\/uploads\/2022\/03\/div-ITAKA-2022-banner-esp-scaled.jpg","datePublished":"2022-03-09T09:01:06+00:00","dateModified":"2023-11-28T11:35:49+00:00","breadcrumb":{"@id":"https:\/\/www.itakaescolapios.org\/fr\/2022\/03\/9m-aniversario-y-dia-del-voluntariado-en-itaka-escolapios-2\/#breadcrumb"},"inLanguage":"fr-FR","potentialAction":[{"@type":"ReadAction","target":["https:\/\/www.itakaescolapios.org\/fr\/2022\/03\/9m-aniversario-y-dia-del-voluntariado-en-itaka-escolapios-2\/"]}]},{"@type":"ImageObject","inLanguage":"fr-FR","@id":"https:\/\/www.itakaescolapios.org\/fr\/2022\/03\/9m-aniversario-y-dia-del-voluntariado-en-itaka-escolapios-2\/#primaryimage","url":"https:\/\/www.itakaescolapios.org\/wp-content\/uploads\/2022\/03\/div-ITAKA-2022-banner-esp-scaled.jpg","contentUrl":"https:\/\/www.itakaescolapios.org\/wp-content\/uploads\/2022\/03\/div-ITAKA-2022-banner-esp-scaled.jpg","width":2000,"height":741},{"@type":"BreadcrumbList","@id":"https:\/\/www.itakaescolapios.org\/fr\/2022\/03\/9m-aniversario-y-dia-del-voluntariado-en-itaka-escolapios-2\/#breadcrumb","itemListElement":[{"@type":"ListItem","position":1,"name":"Itaka-Escolapios","item":"https:\/\/www.itakaescolapios.org\/es\/"},{"@type":"ListItem","position":2,"name":"9M ANIVERSARIO Y D\u00cdA DEL VOLUNTARIADO EN ITAKA-ESCOLAPIOS"}]},{"@type":"WebSite","@id":"https:\/\/www.itakaescolapios.org\/fr\/es\/#website","url":"https:\/\/www.itakaescolapios.org\/fr\/es\/","name":"Itaka-Escolapios","description":"Red de Itaka-Escolapios","publisher":{"@id":"https:\/\/www.itakaescolapios.org\/fr\/es\/#organization"},"potentialAction":[{"@type":"SearchAction","target":{"@type":"EntryPoint","urlTemplate":"https:\/\/www.itakaescolapios.org\/fr\/es\/?s={search_term_string}"},"query-input":{"@type":"PropertyValueSpecification","valueRequired":true,"valueName":"search_term_string"}}],"inLanguage":"fr-FR"},{"@type":"Organization","@id":"https:\/\/www.itakaescolapios.org\/fr\/es\/#organization","name":"Fundaci\u00f3 Itaka-Escolapios","url":"https:\/\/www.itakaescolapios.org\/fr\/es\/","logo":{"@type":"ImageObject","inLanguage":"fr-FR","@id":"https:\/\/www.itakaescolapios.org\/fr\/es\/#\/schema\/logo\/image\/","url":"https:\/\/www.itakaescolapios.org\/wp-content\/uploads\/2024\/04\/Logo-itakaescolapios-peque.png","contentUrl":"https:\/\/www.itakaescolapios.org\/wp-content\/uploads\/2024\/04\/Logo-itakaescolapios-peque.png","width":500,"height":199,"caption":"Fundaci\u00f3 Itaka-Escolapios"},"image":{"@id":"https:\/\/www.itakaescolapios.org\/fr\/es\/#\/schema\/logo\/image\/"}},{"@type":"Person","@id":"https:\/\/www.itakaescolapios.org\/es\/#\/schema\/person\/670123daeb1cc31cae1b106740036ccb","name":"itaka","url":"https:\/\/www.itakaescolapios.org\/fr\/author\/itaka\/"}]}},"_links":{"self":[{"href":"https:\/\/www.itakaescolapios.org\/fr\/wp-json\/wp\/v2\/posts\/36309","targetHints":{"allow":["GET"]}}],"collection":[{"href":"https:\/\/www.itakaescolapios.org\/fr\/wp-json\/wp\/v2\/posts"}],"about":[{"href":"https:\/\/www.itakaescolapios.org\/fr\/wp-json\/wp\/v2\/types\/post"}],"author":[{"embeddable":true,"href":"https:\/\/www.itakaescolapios.org\/fr\/wp-json\/wp\/v2\/users\/4"}],"replies":[{"embeddable":true,"href":"https:\/\/www.itakaescolapios.org\/fr\/wp-json\/wp\/v2\/comments?post=36309"}],"version-history":[{"count":3,"href":"https:\/\/www.itakaescolapios.org\/fr\/wp-json\/wp\/v2\/posts\/36309\/revisions"}],"predecessor-version":[{"id":44014,"href":"https:\/\/www.itakaescolapios.org\/fr\/wp-json\/wp\/v2\/posts\/36309\/revisions\/44014"}],"wp:featuredmedia":[{"embeddable":true,"href":"https:\/\/www.itakaescolapios.org\/fr\/wp-json\/wp\/v2\/media\/36313"}],"wp:attachment":[{"href":"https:\/\/www.itakaescolapios.org\/fr\/wp-json\/wp\/v2\/media?parent=36309"}],"wp:term":[{"taxonomy":"category","embeddable":true,"href":"https:\/\/www.itakaescolapios.org\/fr\/wp-json\/wp\/v2\/categories?post=36309"},{"taxonomy":"post_tag","embeddable":true,"href":"https:\/\/www.itakaescolapios.org\/fr\/wp-json\/wp\/v2\/tags?post=36309"}],"curies":[{"name":"wp","href":"https:\/\/api.w.org\/{rel}","templated":true}]}}